{"id":326609,"date":"2025-02-19T20:18:24","date_gmt":"2025-02-19T16:18:24","guid":{"rendered":"https:\/\/www.meydan.tv\/?p=326609"},"modified":"2025-02-19T20:18:26","modified_gmt":"2025-02-19T16:18:26","slug":"t%c9%99rt%c9%99r-isi-az%c9%99rbaycan-xalqinin-qeyr%c9%99t-m%c9%99s%c9%99l%c9%99sidir","status":"publish","type":"post","link":"https:\/\/www.meydan.tv\/az\/article\/t%c9%99rt%c9%99r-isi-az%c9%99rbaycan-xalqinin-qeyr%c9%99t-m%c9%99s%c9%99l%c9%99sidir\/","title":{"rendered":"\u201cT\u0259rt\u0259r i\u015fi Az\u0259rbaycan xalq\u0131n\u0131n qeyr\u0259t m\u0259s\u0259l\u0259sidir\u201d"},"content":{"rendered":"\n<figure class=\"wp-block-embed is-type-video is-provider-youtube wp-block-embed-youtube wp-embed-aspect-16-9 wp-has-aspect-ratio\"><div class=\"wp-block-embed__wrapper\">\n<iframe title=\"\u201cT\u0259rt\u0259r i\u015fi Az\u0259rbaycan xalq\u0131n\u0131n qeyr\u0259t m\u0259s\u0259l\u0259sidir\u201d\" width=\"1200\" height=\"675\" data-src=\"https:\/\/www.youtube.com\/embed\/YKWyPUgmcpE?feature=oembed\" frameborder=\"0\" allow=\"accelerometer; autoplay; clipboard-write; encrypted-media; gyroscope; picture-in-picture; web-share\" referrerpolicy=\"strict-origin-when-cross-origin\" allowfullscreen src=\"data:image\/svg+xml;base64,PHN2ZyB3aWR0aD0iMSIgaGVpZ2h0PSIxIiB4bWxucz0iaHR0cDovL3d3dy53My5vcmcvMjAwMC9zdmciPjwvc3ZnPg==\" class=\"lazyload\" data-load-mode=\"1\"><\/iframe>\n<\/div><\/figure>\n\n\n\n<p>&#8220;T\u0259rt\u0259r i\u015fi&#8221; \u00fczr\u0259 z\u0259r\u0259r\u00e7\u0259k\u0259nl\u0259r m\u0259hk\u0259m\u0259nin gedi\u015find\u0259n naraz\u0131d\u0131rlar. Onlar deyirl\u0259r ki, m\u0259hk\u0259m\u0259 sanki i\u015fi \u00f6rt-basd\u0131r etm\u0259y\u0259 \u00e7al\u0131\u015f\u0131r, i\u015fg\u0259nc\u0259l\u0259rin \u0259sas t\u0259\u015fkilat\u00e7\u0131lar\u0131n\u0131 proses\u0259 c\u0259lb etmir. Z\u0259r\u0259r\u00e7\u0259k\u0259nl\u0259r Ba\u015f Prokurorluqdan da naraz\u0131l\u0131q edirl\u0259r.<\/p>\n\n\n\n<p>&#8220;T\u0259rt\u0259r i\u015fi&#8221; z\u0259r\u0259r\u00e7\u0259k\u0259nl\u0259ri h\u0259min g\u00fcnl\u0259ri xat\u0131rlamaqda \u00e7\u0259tinlik \u00e7\u0259kirl\u0259r. \u0130ndi onlar h\u00fcquqi yollarla haqlar\u0131n\u0131n b\u0259rpas\u0131na nail ola bilmirl\u0259r, deyirl\u0259r ki, t\u0259l\u0259bl\u0259ri bug\u00fcn\u0259d\u0259k qar\u015f\u0131lanm\u0131r. \u0130\u015fg\u0259nc\u0259l\u0259r n\u0259tic\u0259sind\u0259 12 n\u0259f\u0259rin h\u0259yat\u0131n\u0131 itirdiyi bildirilir. Amma hadis\u0259d\u0259n art\u0131q 7 ild\u0259n \u00e7ox vaxt ke\u00e7s\u0259 d\u0259, h\u0259l\u0259 d\u0259 prosesd\u0259 ad\u0131 hallanan y\u00fcks\u0259k r\u00fctb\u0259li h\u0259rbi\u00e7il\u0259r m\u0259suliyy\u0259t\u0259 c\u0259lb olunmur.<\/p>\n","protected":false},"excerpt":{"rendered":"<p>&#8220;T\u0259rt\u0259r i\u015fi&#8221; \u00fczr\u0259 z\u0259r\u0259r\u00e7\u0259k\u0259nl\u0259r m\u0259hk\u0259m\u0259nin gedi\u015find\u0259n naraz\u0131d\u0131rlar. Onlar deyirl\u0259r ki, &#8230; <\/p>\n<p class=\"read-more-container\"><a title=\"\u201cT\u0259rt\u0259r i\u015fi Az\u0259rbaycan xalq\u0131n\u0131n qeyr\u0259t m\u0259s\u0259l\u0259sidir\u201d\" class=\"read-more button\" href=\"https:\/\/www.meydan.tv\/az\/article\/t%c9%99rt%c9%99r-isi-az%c9%99rbaycan-xalqinin-qeyr%c9%99t-m%c9%99s%c9%99l%c9%99sidir\/#more-326609\" aria-label=\"Read more about \u201cT\u0259rt\u0259r i\u015fi Az\u0259rbaycan xalq\u0131n\u0131n qeyr\u0259t m\u0259s\u0259l\u0259sidir\u201d\">Davam\u0131<\/a><\/p>\n","protected":false},"author":12,"featured_media":326632,"comment_status":"closed","ping_status":"closed","sticky":false,"template":"","format":"standard","meta":{"_acf_changed":false,"_sitemap_exclude":false,"_sitemap_priority":"","_sitemap_frequency":"","footnotes":""},"categories":[79,63,56],"tags":[],"class_list":["post-326609","post","type-post","status-publish","format-standard","has-post-thumbnail","hentry","category-featured","category-video-2","category-xeberler","infinite-scroll-item","generate-columns","tablet-grid-50","mobile-grid-100","grid-parent","grid-33","no-featured-image-padding"],"acf":[],"yoast_head":"<!-- This site is optimized with the Yoast SEO plugin v27.4 - https:\/\/yoast.com\/product\/yoast-seo-wordpress\/ -->\n<title>\u201cT\u0259rt\u0259r i\u015fi Az\u0259rbaycan xalq\u0131n\u0131n qeyr\u0259t m\u0259s\u0259l\u0259sidir\u201d - MEYDAN.TV<\/title>\n<meta name=\"robots\" content=\"index, follow, max-snippet:-1, max-image-preview:large, max-video-preview:-1\" \/>\n<link rel=\"canonical\" href=\"https:\/\/www.meydan.tv\/az\/article\/t%c9%99rt%c9%99r-isi-az%c9%99rbaycan-xalqinin-qeyr%c9%99t-m%c9%99s%c9%99l%c9%99sidir\/\" \/>\n<meta property=\"og:locale\" content=\"az_AZ\" \/>\n<meta property=\"og:type\" content=\"article\" \/>\n<meta property=\"og:title\" content=\"\u201cT\u0259rt\u0259r i\u015fi Az\u0259rbaycan xalq\u0131n\u0131n qeyr\u0259t m\u0259s\u0259l\u0259sidir\u201d - MEYDAN.TV\" \/>\n<meta property=\"og:description\" content=\"&#8220;T\u0259rt\u0259r i\u015fi&#8221; \u00fczr\u0259 z\u0259r\u0259r\u00e7\u0259k\u0259nl\u0259r m\u0259hk\u0259m\u0259nin gedi\u015find\u0259n naraz\u0131d\u0131rlar. Onlar deyirl\u0259r ki, ... Davam\u0131\" \/>\n<meta property=\"og:url\" content=\"https:\/\/www.meydan.tv\/az\/article\/t%c9%99rt%c9%99r-isi-az%c9%99rbaycan-xalqinin-qeyr%c9%99t-m%c9%99s%c9%99l%c9%99sidir\/\" \/>\n<meta property=\"og:site_name\" content=\"MEYDAN.TV\" \/>\n<meta property=\"article:published_time\" content=\"2025-02-19T16:18:24+00:00\" \/>\n<meta property=\"article:modified_time\" content=\"2025-02-19T16:18:26+00:00\" \/>\n<meta property=\"og:image\" content=\"https:\/\/www.meydan.tv\/wp-content\/uploads\/09890-1.png\" \/>\n\t<meta property=\"og:image:width\" content=\"1179\" \/>\n\t<meta property=\"og:image:height\" content=\"576\" \/>\n\t<meta property=\"og:image:type\" content=\"image\/png\" \/>\n<meta name=\"author\" content=\"aleks\" \/>\n<meta name=\"twitter:card\" content=\"summary_large_image\" \/>\n<script type=\"application\/ld+json\" class=\"yoast-schema-graph\">{\"@context\":\"https:\\\/\\\/schema.org\",\"@graph\":[{\"@type\":\"Article\",\"@id\":\"https:\\\/\\\/www.meydan.tv\\\/az\\\/article\\\/t%c9%99rt%c9%99r-isi-az%c9%99rbaycan-xalqinin-qeyr%c9%99t-m%c9%99s%c9%99l%c9%99sidir\\\/#article\",\"isPartOf\":{\"@id\":\"https:\\\/\\\/www.meydan.tv\\\/az\\\/article\\\/t%c9%99rt%c9%99r-isi-az%c9%99rbaycan-xalqinin-qeyr%c9%99t-m%c9%99s%c9%99l%c9%99sidir\\\/\"},\"author\":{\"name\":\"aleks\",\"@id\":\"https:\\\/\\\/www.meydan.tv\\\/az\\\/#\\\/schema\\\/person\\\/476e9360e593fa131d5d71d51866f8da\"},\"headline\":\"\u201cT\u0259rt\u0259r i\u015fi Az\u0259rbaycan xalq\u0131n\u0131n qeyr\u0259t m\u0259s\u0259l\u0259sidir\u201d\",\"datePublished\":\"2025-02-19T16:18:24+00:00\",\"dateModified\":\"2025-02-19T16:18:26+00:00\",\"mainEntityOfPage\":{\"@id\":\"https:\\\/\\\/www.meydan.tv\\\/az\\\/article\\\/t%c9%99rt%c9%99r-isi-az%c9%99rbaycan-xalqinin-qeyr%c9%99t-m%c9%99s%c9%99l%c9%99sidir\\\/\"},\"wordCount\":186,\"publisher\":{\"@id\":\"https:\\\/\\\/www.meydan.tv\\\/az\\\/#organization\"},\"image\":{\"@id\":\"https:\\\/\\\/www.meydan.tv\\\/az\\\/article\\\/t%c9%99rt%c9%99r-isi-az%c9%99rbaycan-xalqinin-qeyr%c9%99t-m%c9%99s%c9%99l%c9%99sidir\\\/#primaryimage\"},\"thumbnailUrl\":\"https:\\\/\\\/www.meydan.tv\\\/wp-content\\\/uploads\\\/09890-1.png\",\"articleSection\":[\"T\u00f6vsiy\u0259\",\"Video\",\"X\u0259b\u0259rl\u0259r\"],\"inLanguage\":\"az\"},{\"@type\":\"WebPage\",\"@id\":\"https:\\\/\\\/www.meydan.tv\\\/az\\\/article\\\/t%c9%99rt%c9%99r-isi-az%c9%99rbaycan-xalqinin-qeyr%c9%99t-m%c9%99s%c9%99l%c9%99sidir\\\/\",\"url\":\"https:\\\/\\\/www.meydan.tv\\\/az\\\/article\\\/t%c9%99rt%c9%99r-isi-az%c9%99rbaycan-xalqinin-qeyr%c9%99t-m%c9%99s%c9%99l%c9%99sidir\\\/\",\"name\":\"\u201cT\u0259rt\u0259r i\u015fi Az\u0259rbaycan xalq\u0131n\u0131n qeyr\u0259t m\u0259s\u0259l\u0259sidir\u201d - MEYDAN.TV\",\"isPartOf\":{\"@id\":\"https:\\\/\\\/www.meydan.tv\\\/az\\\/#website\"},\"primaryImageOfPage\":{\"@id\":\"https:\\\/\\\/www.meydan.tv\\\/az\\\/article\\\/t%c9%99rt%c9%99r-isi-az%c9%99rbaycan-xalqinin-qeyr%c9%99t-m%c9%99s%c9%99l%c9%99sidir\\\/#primaryimage\"},\"image\":{\"@id\":\"https:\\\/\\\/www.meydan.tv\\\/az\\\/article\\\/t%c9%99rt%c9%99r-isi-az%c9%99rbaycan-xalqinin-qeyr%c9%99t-m%c9%99s%c9%99l%c9%99sidir\\\/#primaryimage\"},\"thumbnailUrl\":\"https:\\\/\\\/www.meydan.tv\\\/wp-content\\\/uploads\\\/09890-1.png\",\"datePublished\":\"2025-02-19T16:18:24+00:00\",\"dateModified\":\"2025-02-19T16:18:26+00:00\",\"breadcrumb\":{\"@id\":\"https:\\\/\\\/www.meydan.tv\\\/az\\\/article\\\/t%c9%99rt%c9%99r-isi-az%c9%99rbaycan-xalqinin-qeyr%c9%99t-m%c9%99s%c9%99l%c9%99sidir\\\/#breadcrumb\"},\"inLanguage\":\"az\",\"potentialAction\":[{\"@type\":\"ReadAction\",\"target\":[\"https:\\\/\\\/www.meydan.tv\\\/az\\\/article\\\/t%c9%99rt%c9%99r-isi-az%c9%99rbaycan-xalqinin-qeyr%c9%99t-m%c9%99s%c9%99l%c9%99sidir\\\/\"]}]},{\"@type\":\"ImageObject\",\"inLanguage\":\"az\",\"@id\":\"https:\\\/\\\/www.meydan.tv\\\/az\\\/article\\\/t%c9%99rt%c9%99r-isi-az%c9%99rbaycan-xalqinin-qeyr%c9%99t-m%c9%99s%c9%99l%c9%99sidir\\\/#primaryimage\",\"url\":\"https:\\\/\\\/www.meydan.tv\\\/wp-content\\\/uploads\\\/09890-1.png\",\"contentUrl\":\"https:\\\/\\\/www.meydan.tv\\\/wp-content\\\/uploads\\\/09890-1.png\",\"width\":1179,\"height\":576,\"caption\":\"\\\"T\u0259rt\u0259r i\u015fi\\\". Foto: Meydan TV\"},{\"@type\":\"BreadcrumbList\",\"@id\":\"https:\\\/\\\/www.meydan.tv\\\/az\\\/article\\\/t%c9%99rt%c9%99r-isi-az%c9%99rbaycan-xalqinin-qeyr%c9%99t-m%c9%99s%c9%99l%c9%99sidir\\\/#breadcrumb\",\"itemListElement\":[{\"@type\":\"ListItem\",\"position\":1,\"name\":\"Ana s\u0259hif\u0259\",\"item\":\"https:\\\/\\\/www.meydan.tv\\\/az\\\/\"},{\"@type\":\"ListItem\",\"position\":2,\"name\":\"X\u0259b\u0259rl\u0259r\",\"item\":\"https:\\\/\\\/www.meydan.tv\\\/az\\\/section\\\/xeberler\\\/\"},{\"@type\":\"ListItem\",\"position\":3,\"name\":\"\u201cT\u0259rt\u0259r i\u015fi Az\u0259rbaycan xalq\u0131n\u0131n qeyr\u0259t m\u0259s\u0259l\u0259sidir\u201d\"}]},{\"@type\":\"WebSite\",\"@id\":\"https:\\\/\\\/www.meydan.tv\\\/az\\\/#website\",\"url\":\"https:\\\/\\\/www.meydan.tv\\\/az\\\/\",\"name\":\"MEYDAN.TV\",\"description\":\"Meydan TV Az\u0259rbaycan\u0131n media m\u0259kan\u0131ndak\u0131 alternativ s\u0259sidir\",\"publisher\":{\"@id\":\"https:\\\/\\\/www.meydan.tv\\\/az\\\/#organization\"},\"potentialAction\":[{\"@type\":\"SearchAction\",\"target\":{\"@type\":\"EntryPoint\",\"urlTemplate\":\"https:\\\/\\\/www.meydan.tv\\\/az\\\/?s={search_term_string}\"},\"query-input\":{\"@type\":\"PropertyValueSpecification\",\"valueRequired\":true,\"valueName\":\"search_term_string\"}}],\"inLanguage\":\"az\"},{\"@type\":\"Organization\",\"@id\":\"https:\\\/\\\/www.meydan.tv\\\/az\\\/#organization\",\"name\":\"Meydan TV\",\"url\":\"https:\\\/\\\/www.meydan.tv\\\/az\\\/\",\"logo\":{\"@type\":\"ImageObject\",\"inLanguage\":\"az\",\"@id\":\"https:\\\/\\\/www.meydan.tv\\\/az\\\/#\\\/schema\\\/logo\\\/image\\\/\",\"url\":\"https:\\\/\\\/www.meydan.tv\\\/wp-content\\\/uploads\\\/2021\\\/07\\\/meydan-logo.svg\",\"contentUrl\":\"https:\\\/\\\/www.meydan.tv\\\/wp-content\\\/uploads\\\/2021\\\/07\\\/meydan-logo.svg\",\"width\":195,\"height\":46,\"caption\":\"Meydan TV\"},\"image\":{\"@id\":\"https:\\\/\\\/www.meydan.tv\\\/az\\\/#\\\/schema\\\/logo\\\/image\\\/\"}},{\"@type\":\"Person\",\"@id\":\"https:\\\/\\\/www.meydan.tv\\\/az\\\/#\\\/schema\\\/person\\\/476e9360e593fa131d5d71d51866f8da\",\"name\":\"aleks\"}]}<\/script>\n<!-- \/ Yoast SEO plugin. -->","yoast_head_json":{"title":"\u201cT\u0259rt\u0259r i\u015fi Az\u0259rbaycan xalq\u0131n\u0131n qeyr\u0259t m\u0259s\u0259l\u0259sidir\u201d - MEYDAN.TV","robots":{"index":"index","follow":"follow","max-snippet":"max-snippet:-1","max-image-preview":"max-image-preview:large","max-video-preview":"max-video-preview:-1"},"canonical":"https:\/\/www.meydan.tv\/az\/article\/t%c9%99rt%c9%99r-isi-az%c9%99rbaycan-xalqinin-qeyr%c9%99t-m%c9%99s%c9%99l%c9%99sidir\/","og_locale":"az_AZ","og_type":"article","og_title":"\u201cT\u0259rt\u0259r i\u015fi Az\u0259rbaycan xalq\u0131n\u0131n qeyr\u0259t m\u0259s\u0259l\u0259sidir\u201d - MEYDAN.TV","og_description":"&#8220;T\u0259rt\u0259r i\u015fi&#8221; \u00fczr\u0259 z\u0259r\u0259r\u00e7\u0259k\u0259nl\u0259r m\u0259hk\u0259m\u0259nin gedi\u015find\u0259n naraz\u0131d\u0131rlar. Onlar deyirl\u0259r ki, ... Davam\u0131","og_url":"https:\/\/www.meydan.tv\/az\/article\/t%c9%99rt%c9%99r-isi-az%c9%99rbaycan-xalqinin-qeyr%c9%99t-m%c9%99s%c9%99l%c9%99sidir\/","og_site_name":"MEYDAN.TV","article_published_time":"2025-02-19T16:18:24+00:00","article_modified_time":"2025-02-19T16:18:26+00:00","og_image":[{"width":1179,"height":576,"url":"https:\/\/www.meydan.tv\/wp-content\/uploads\/09890-1.png","type":"image\/png"}],"author":"aleks","twitter_card":"summary_large_image","schema":{"@context":"https:\/\/schema.org","@graph":[{"@type":"Article","@id":"https:\/\/www.meydan.tv\/az\/article\/t%c9%99rt%c9%99r-isi-az%c9%99rbaycan-xalqinin-qeyr%c9%99t-m%c9%99s%c9%99l%c9%99sidir\/#article","isPartOf":{"@id":"https:\/\/www.meydan.tv\/az\/article\/t%c9%99rt%c9%99r-isi-az%c9%99rbaycan-xalqinin-qeyr%c9%99t-m%c9%99s%c9%99l%c9%99sidir\/"},"author":{"name":"aleks","@id":"https:\/\/www.meydan.tv\/az\/#\/schema\/person\/476e9360e593fa131d5d71d51866f8da"},"headline":"\u201cT\u0259rt\u0259r i\u015fi Az\u0259rbaycan xalq\u0131n\u0131n qeyr\u0259t m\u0259s\u0259l\u0259sidir\u201d","datePublished":"2025-02-19T16:18:24+00:00","dateModified":"2025-02-19T16:18:26+00:00","mainEntityOfPage":{"@id":"https:\/\/www.meydan.tv\/az\/article\/t%c9%99rt%c9%99r-isi-az%c9%99rbaycan-xalqinin-qeyr%c9%99t-m%c9%99s%c9%99l%c9%99sidir\/"},"wordCount":186,"publisher":{"@id":"https:\/\/www.meydan.tv\/az\/#organization"},"image":{"@id":"https:\/\/www.meydan.tv\/az\/article\/t%c9%99rt%c9%99r-isi-az%c9%99rbaycan-xalqinin-qeyr%c9%99t-m%c9%99s%c9%99l%c9%99sidir\/#primaryimage"},"thumbnailUrl":"https:\/\/www.meydan.tv\/wp-content\/uploads\/09890-1.png","articleSection":["T\u00f6vsiy\u0259","Video","X\u0259b\u0259rl\u0259r"],"inLanguage":"az"},{"@type":"WebPage","@id":"https:\/\/www.meydan.tv\/az\/article\/t%c9%99rt%c9%99r-isi-az%c9%99rbaycan-xalqinin-qeyr%c9%99t-m%c9%99s%c9%99l%c9%99sidir\/","url":"https:\/\/www.meydan.tv\/az\/article\/t%c9%99rt%c9%99r-isi-az%c9%99rbaycan-xalqinin-qeyr%c9%99t-m%c9%99s%c9%99l%c9%99sidir\/","name":"\u201cT\u0259rt\u0259r i\u015fi Az\u0259rbaycan xalq\u0131n\u0131n qeyr\u0259t m\u0259s\u0259l\u0259sidir\u201d - MEYDAN.TV","isPartOf":{"@id":"https:\/\/www.meydan.tv\/az\/#website"},"primaryImageOfPage":{"@id":"https:\/\/www.meydan.tv\/az\/article\/t%c9%99rt%c9%99r-isi-az%c9%99rbaycan-xalqinin-qeyr%c9%99t-m%c9%99s%c9%99l%c9%99sidir\/#primaryimage"},"image":{"@id":"https:\/\/www.meydan.tv\/az\/article\/t%c9%99rt%c9%99r-isi-az%c9%99rbaycan-xalqinin-qeyr%c9%99t-m%c9%99s%c9%99l%c9%99sidir\/#primaryimage"},"thumbnailUrl":"https:\/\/www.meydan.tv\/wp-content\/uploads\/09890-1.png","datePublished":"2025-02-19T16:18:24+00:00","dateModified":"2025-02-19T16:18:26+00:00","breadcrumb":{"@id":"https:\/\/www.meydan.tv\/az\/article\/t%c9%99rt%c9%99r-isi-az%c9%99rbaycan-xalqinin-qeyr%c9%99t-m%c9%99s%c9%99l%c9%99sidir\/#breadcrumb"},"inLanguage":"az","potentialAction":[{"@type":"ReadAction","target":["https:\/\/www.meydan.tv\/az\/article\/t%c9%99rt%c9%99r-isi-az%c9%99rbaycan-xalqinin-qeyr%c9%99t-m%c9%99s%c9%99l%c9%99sidir\/"]}]},{"@type":"ImageObject","inLanguage":"az","@id":"https:\/\/www.meydan.tv\/az\/article\/t%c9%99rt%c9%99r-isi-az%c9%99rbaycan-xalqinin-qeyr%c9%99t-m%c9%99s%c9%99l%c9%99sidir\/#primaryimage","url":"https:\/\/www.meydan.tv\/wp-content\/uploads\/09890-1.png","contentUrl":"https:\/\/www.meydan.tv\/wp-content\/uploads\/09890-1.png","width":1179,"height":576,"caption":"\"T\u0259rt\u0259r i\u015fi\". Foto: Meydan TV"},{"@type":"BreadcrumbList","@id":"https:\/\/www.meydan.tv\/az\/article\/t%c9%99rt%c9%99r-isi-az%c9%99rbaycan-xalqinin-qeyr%c9%99t-m%c9%99s%c9%99l%c9%99sidir\/#breadcrumb","itemListElement":[{"@type":"ListItem","position":1,"name":"Ana s\u0259hif\u0259","item":"https:\/\/www.meydan.tv\/az\/"},{"@type":"ListItem","position":2,"name":"X\u0259b\u0259rl\u0259r","item":"https:\/\/www.meydan.tv\/az\/section\/xeberler\/"},{"@type":"ListItem","position":3,"name":"\u201cT\u0259rt\u0259r i\u015fi Az\u0259rbaycan xalq\u0131n\u0131n qeyr\u0259t m\u0259s\u0259l\u0259sidir\u201d"}]},{"@type":"WebSite","@id":"https:\/\/www.meydan.tv\/az\/#website","url":"https:\/\/www.meydan.tv\/az\/","name":"MEYDAN.TV","description":"Meydan TV Az\u0259rbaycan\u0131n media m\u0259kan\u0131ndak\u0131 alternativ s\u0259sidir","publisher":{"@id":"https:\/\/www.meydan.tv\/az\/#organization"},"potentialAction":[{"@type":"SearchAction","target":{"@type":"EntryPoint","urlTemplate":"https:\/\/www.meydan.tv\/az\/?s={search_term_string}"},"query-input":{"@type":"PropertyValueSpecification","valueRequired":true,"valueName":"search_term_string"}}],"inLanguage":"az"},{"@type":"Organization","@id":"https:\/\/www.meydan.tv\/az\/#organization","name":"Meydan TV","url":"https:\/\/www.meydan.tv\/az\/","logo":{"@type":"ImageObject","inLanguage":"az","@id":"https:\/\/www.meydan.tv\/az\/#\/schema\/logo\/image\/","url":"https:\/\/www.meydan.tv\/wp-content\/uploads\/2021\/07\/meydan-logo.svg","contentUrl":"https:\/\/www.meydan.tv\/wp-content\/uploads\/2021\/07\/meydan-logo.svg","width":195,"height":46,"caption":"Meydan TV"},"image":{"@id":"https:\/\/www.meydan.tv\/az\/#\/schema\/logo\/image\/"}},{"@type":"Person","@id":"https:\/\/www.meydan.tv\/az\/#\/schema\/person\/476e9360e593fa131d5d71d51866f8da","name":"aleks"}]}},"_links":{"self":[{"href":"https:\/\/www.meydan.tv\/az\/wp-json\/wp\/v2\/posts\/326609","targetHints":{"allow":["GET"]}}],"collection":[{"href":"https:\/\/www.meydan.tv\/az\/wp-json\/wp\/v2\/posts"}],"about":[{"href":"https:\/\/www.meydan.tv\/az\/wp-json\/wp\/v2\/types\/post"}],"author":[{"embeddable":true,"href":"https:\/\/www.meydan.tv\/az\/wp-json\/wp\/v2\/users\/12"}],"replies":[{"embeddable":true,"href":"https:\/\/www.meydan.tv\/az\/wp-json\/wp\/v2\/comments?post=326609"}],"version-history":[{"count":3,"href":"https:\/\/www.meydan.tv\/az\/wp-json\/wp\/v2\/posts\/326609\/revisions"}],"predecessor-version":[{"id":326635,"href":"https:\/\/www.meydan.tv\/az\/wp-json\/wp\/v2\/posts\/326609\/revisions\/326635"}],"wp:featuredmedia":[{"embeddable":true,"href":"https:\/\/www.meydan.tv\/az\/wp-json\/wp\/v2\/media\/326632"}],"wp:attachment":[{"href":"https:\/\/www.meydan.tv\/az\/wp-json\/wp\/v2\/media?parent=326609"}],"wp:term":[{"taxonomy":"category","embeddable":true,"href":"https:\/\/www.meydan.tv\/az\/wp-json\/wp\/v2\/categories?post=326609"},{"taxonomy":"post_tag","embeddable":true,"href":"https:\/\/www.meydan.tv\/az\/wp-json\/wp\/v2\/tags?post=326609"}],"curies":[{"name":"wp","href":"https:\/\/api.w.org\/{rel}","templated":true}]}}