{"id":326555,"date":"2025-02-19T13:10:46","date_gmt":"2025-02-19T09:10:46","guid":{"rendered":"https:\/\/www.meydan.tv\/?p=326555"},"modified":"2025-02-19T13:10:49","modified_gmt":"2025-02-19T09:10:49","slug":"el%c9%99sg%c9%99r-m%c9%99mm%c9%99dli-m%c9%99hk%c9%99m%c9%99d%c9%99-%c9%99dal%c9%99t-olacagi-t%c9%99qdird%c9%99-butun-ittihamlari-puc-ed%c9%99c%c9%99yin%c9%99-inanir","status":"publish","type":"post","link":"https:\/\/www.meydan.tv\/az\/article\/el%c9%99sg%c9%99r-m%c9%99mm%c9%99dli-m%c9%99hk%c9%99m%c9%99d%c9%99-%c9%99dal%c9%99t-olacagi-t%c9%99qdird%c9%99-butun-ittihamlari-puc-ed%c9%99c%c9%99yin%c9%99-inanir\/","title":{"rendered":"\u018fl\u0259sg\u0259r M\u0259mm\u0259dli m\u0259hk\u0259m\u0259d\u0259 \u0259dal\u0259t olaca\u011f\u0131 t\u0259qdird\u0259 b\u00fct\u00fcn ittihamlar\u0131 pu\u00e7 ed\u0259c\u0259yin\u0259 inan\u0131r"},"content":{"rendered":"\n<p><\/p>\n\n\n\n<p><strong><em>11 aydan \u00e7oxdur davam ed\u0259n istintaq zaman\u0131 \u018fl\u0259sg\u0259r M\u0259mm\u0259dli h\u0259bsinin qanunsuz olmas\u0131na etiraz olaraq ifad\u0259 verm\u0259yib<\/em><\/strong><\/p>\n\n\n\n<p>H\u0259bsd\u0259 olan h\u00fcquq\u015f\u00fcnas, media h\u00fcququ \u00fczr\u0259 ekspert \u018fl\u0259sg\u0259r M\u0259mm\u0259dli t\u0259sis\u00e7isi oldu\u011fu &#8220;Toplum TV&#8221; il\u0259 ba\u011fl\u0131 a\u00e7\u0131lm\u0131\u015f cinay\u0259t i\u015finin istintaq materiallar\u0131 il\u0259 tan\u0131\u015f olub v\u0259 &#8220;m\u0259hk\u0259m\u0259d\u0259 azac\u0131q \u0259dal\u0259t olaca\u011f\u0131 t\u0259qdird\u0259 b\u00fct\u00fcn ittihamlar\u0131 pu\u00e7 ed\u0259c\u0259yin\u0259 inan\u0131r&#8221;.<\/p>\n\n\n\n<p>Bunu fevral\u0131n 18-d\u0259 \u018fl\u0259sg\u0259r M\u0259mm\u0259dli il\u0259 telefonda dan\u0131\u015fd\u0131\u011f\u0131n\u0131 dey\u0259n qarda\u015f\u0131 N\u0259simi M\u0259mm\u0259dli \u00f6z\u00fcn\u00fcn \u201cFacebook\u201d hesab\u0131nda <a href=\"https:\/\/www.facebook.com\/share\/p\/14zQAYP96t\/\" target=\"_blank\" rel=\"noreferrer noopener\">yaz\u0131b<\/a>:<\/p>\n\n\n\n<p><em>&nbsp;&#8220;\u018fl\u0259sg\u0259r b\u0259y bildirdi ki, 11 aydan \u00e7oxdur davam ed\u0259n istintaq yekunla\u015f\u0131b. H\u0259bsinin qanunsuz olmas\u0131na etiraz \u0259lam\u0259ti olaraq bu m\u00fcdd\u0259t \u0259rzind\u0259 he\u00e7 bir ifad\u0259 verm\u0259yib&#8221;.<\/em><\/p>\n\n\n\n<p>Qarda\u015f\u0131n\u0131n s\u00f6zl\u0259rin\u0259 g\u00f6r\u0259, h\u0259r biri 300 v\u0259r\u0259qd\u0259n ibar\u0259t olmaqla 23 cild qovluq, \u0259lav\u0259 qeydl\u0259r v\u0259 ifad\u0259l\u0259rl\u0259 birlikd\u0259 \u00fcmumilikd\u0259 10 min s\u0259hif\u0259d\u0259n \u00e7ox istintaq materiallar\u0131 il\u0259 tan\u0131\u015f olmaq \u00fc\u00e7\u00fcn be\u015f g\u00fcn s\u0259rf edib.<\/p>\n\n\n\n<p>&#8220;<em>Dem\u0259sin\u0259 g\u00f6r\u0259, 50 n\u0259f\u0259rd\u0259n \u00e7ox \u015f\u0259xs istintaqa \u00e7a\u011f<\/em><em>\u0131r\u0131l\u0131b v\u0259 dindirilib. B\u00fct\u00fcn ifad\u0259l\u0259rl\u0259 tan\u0131\u015fd\u0131r. \u0130stintaq materiallar\u0131n\u0131n \u00f6z\u00fc il\u0259 ba\u011fl\u0131 hiss\u0259l\u0259rind\u0259n v\u0259 prosessual pozuntulardan ibar\u0259t 21 qeyd g\u00f6t\u00fcr\u00fcb. H\u0259r biri il\u0259 ba\u011fl\u0131 \u0259minlikl\u0259 bildirdi ki, onun h\u0259bsd\u0259 saxlanmas\u0131 tamamil\u0259 qanunsuzdur&#8221;<\/em>, &#8211; N\u0259simi M\u0259mm\u0259dli yaz\u0131b.<\/p>\n\n\n\n<p>2023-c\u00fc il mart\u0131n 6-da \u201cToplum\u201d internet televiziyas\u0131n\u0131n redaksiyas\u0131nda v\u0259 Demokratik T\u0259\u015f\u0259bb\u00fcsl\u0259r \u0130nstitutunun ofisind\u0259 polisin axtar\u0131\u015f\u0131 olub v\u0259 qap\u0131s\u0131 m\u00f6h\u00fcrl\u0259nib.<\/p>\n\n\n\n<p>Bu cinay\u0259t i\u015fi \u00fczr\u0259 \u00fcmumilikd\u0259 9 n\u0259f\u0259r cinay\u0259t m\u0259suliyy\u0259tin\u0259 c\u0259lb olunub.<\/p>\n\n\n\n<p>Onlardan 7 n\u0259f\u0259r haqq\u0131nda h\u0259bs q\u0259timkan t\u0259dbiri se\u00e7ilib, ikisinin is\u0259 (F\u0259rid \u0130smay\u0131lov v\u0259 Elmir Abbasov)&nbsp; istintaq d\u00f6vr\u00fcnd\u0259 azadl\u0131qda qalmas\u0131na q\u0259rar verilib.<\/p>\n\n\n\n<p>H\u0259bs olunanlar \u201cToplum TV\u201d-nin t\u0259sis\u00e7isi, media h\u00fcququ \u00fczr\u0259 ekspert \u018fl\u0259sg\u0259r M\u0259mm\u0259dli, Demokratik T\u0259\u015f\u0259bb\u00fcsl\u0259r \u0130nstitutunun r\u0259hb\u0259ri v\u0259 III Respublika Platformas\u0131n\u0131n spikeri Akif Qurbanov, Qurucu Hey\u0259t \u00fczv\u00fc Ruslan \u0130zz\u0259tli, \u201cToplum TV\u201d-nin video redaktoru M\u00fc\u015ffiq Cabbar, Demokratik T\u0259\u015f\u0259bb\u00fcsl\u0259r \u0130nstitutunun \u0259m\u0259kda\u015flar\u0131 \u018fli Zeynal, Ramil Babayev v\u0259 \u0130lkin \u018fmrahovdur.<\/p>\n\n\n\n<p>Onlara qar\u015f\u0131 Cinay\u0259t M\u0259c\u0259ll\u0259sinin 206.3.2 (qa\u00e7aqmal\u00e7\u0131l\u0131q \u2013 qabaqcadan \u0259lbir olan bir qrup \u015f\u0259xs t\u0259r\u0259find\u0259n t\u00f6r\u0259dildikd\u0259) madd\u0259sil\u0259 ittiham ir\u0259li s\u00fcr\u00fcl\u00fcb.<\/p>\n\n\n\n<p>\u0130ddia olunur ki, axtar\u0131\u015f zaman\u0131 ofisd\u0259n v\u0259 t\u0259qsirl\u0259ndiril\u0259n \u015f\u0259xsl\u0259rin evl\u0259rind\u0259n k\u00fclli miqdarda xarici valyuta tap\u0131l\u0131b. Lakin t\u0259qsirl\u0259ndiril\u0259n \u015f\u0259xsl\u0259r bu ittiham\u0131n saxta oldu\u011funu, pullar\u0131n da axtar\u0131\u015f apar\u0131lan m\u0259kanlara polisl\u0259rin \u00f6zl\u0259ri t\u0259r\u0259find\u0259n qoyuldu\u011funu, daha sonra g\u00f6t\u00fcr\u00fcld\u00fcy\u00fcn\u00fc bildirirl\u0259r.<\/p>\n\n\n\n<p>Onlar hesab edir ki, siyasi sifari\u015fl\u0259 h\u0259bs olunublar, m\u0259qs\u0259d d\u0259 \u00f6lk\u0259d\u0259 m\u00fcst\u0259qil median\u0131, azad s\u0259sl\u0259ri susdurmaqd\u0131r.<\/p>\n\n\n\n<p>2025-ci il yanvar\u0131n 17-d\u0259&nbsp; \u201cToplum TV i\u015fi\u201d \u00fczr\u0259 istintaq yekunla\u015f\u0131b.<\/p>\n\n\n\n<p>Bu i\u015f \u00fczr\u0259 ittiham a\u011f\u0131rla\u015fd\u0131r\u0131l\u0131b, t\u0259qsirl\u0259ndiril\u0259n \u015f\u0259xsl\u0259r\u0259 qar\u015f\u0131 Cinay\u0259t M\u0259c\u0259ll\u0259sinin 162-1.1 (\u018fm\u0259k m\u00fcqavil\u0259si olmadan i\u015f\u0259 c\u0259lb etm\u0259), 192.3.2 (Qanunsuz sahibkarl\u0131q, x\u00fcsusil\u0259 k\u00fclli miqdarda g\u0259lir \u0259ld\u0259 etm\u0259kl\u0259 t\u00f6r\u0259dildikd\u0259), 193-1.3.1 (Cinay\u0259t yolu il\u0259 \u0259ld\u0259 edilmi\u015f pul v\u0259saitini leqalla\u015fd\u0131rma, m\u00fct\u0259\u015f\u0259kkil d\u0259st\u0259 v\u0259 ya cinay\u0259tkar birlik (cinay\u0259tkar t\u0259\u015fkilat) t\u0259r\u0259find\u0259n t\u00f6r\u0259dildikd\u0259), 193-1.3.2 (Eyni \u0259m\u0259ll\u0259r, xeyli miqdarda t\u00f6r\u0259dildikd\u0259), 206.4 (Qa\u00e7aqmal\u00e7\u0131l\u0131q, m\u00fct\u0259\u015f\u0259kkil qrup t\u0259r\u0259find\u0259n t\u00f6r\u0259dildikd\u0259), 213.2.1 (Vergil\u0259ri \u00f6d\u0259m\u0259kd\u0259n yay\u0131nma, m\u00fct\u0259\u015f\u0259kkil qrup t\u0259r\u0259find\u0259n t\u00f6r\u0259dildikd\u0259) madd\u0259l\u0259ri il\u0259 yeni ittihamlar ir\u0259li s\u00fcr\u00fcl\u00fcb.<\/p>\n\n\n\n<p>\u201cToplum TV i\u015fi\u201d il\u0259 ba\u011fl\u0131 m\u0259hk\u0259m\u0259nin q\u0259rar\u0131 il\u0259 polis n\u0259zar\u0259tin\u0259 verilmi\u015f jurnalist F\u0259rid \u0130smay\u0131lov yanvar\u0131n 17-d\u0259 h\u0259bs edilib.<\/p>\n\n\n\n<p>2025-ci il fevral\u0131n 5-d\u0259 jurnalist \u015eahnaz B\u0259yl\u0259rq\u0131z\u0131 (H\u00fcseynova) \u201cToplum TV i\u015fi\u201dnd\u0259ki ittihamlar \u00fczr\u0259 \u015f\u00fcbh\u0259li \u015f\u0259xs qismind\u0259 saxlan\u0131l\u0131b. Fevral\u0131n 6-da X\u0259tai Rayon M\u0259hk\u0259m\u0259sinin q\u0259rar\u0131 il\u0259 jurnalist bar\u0259sind\u0259 3 ay 15 g\u00fcn m\u00fcdd\u0259tin\u0259 h\u0259bs q\u0259timkan t\u0259dbiri se\u00e7ilib.&nbsp; O, \u201cToplum TV\u201d i\u015find\u0259n ayr\u0131ca icraata ayr\u0131lm\u0131\u015f yeni i\u015f \u00fczr\u0259 h\u0259bs edilib.<\/p>\n\n\n\n<p>2023-c\u00fc ilin noyabr\u0131ndan bu yana \u00f6lk\u0259d\u0259 30-dan art\u0131q jurnalist v\u0259 bloger h\u0259bs olunub.<\/p>\n\n\n\n<p>Onlar\u0131n \u0259ks\u0259riyy\u0259tin\u0259 qar\u015f\u0131 qa\u00e7aqmal\u00e7\u0131l\u0131q ittiham\u0131 ir\u0259li s\u00fcr\u00fcl\u00fcb.<\/p>\n\n\n\n<p>H\u0259bs olunanlar\u0131n \u0259ks\u0259riyy\u0259ti \u201cMeydan TV\u201d, \u201cAbzasMedia\u201d, \u201cToplum TV\u201d, &#8220;Kanal13&#8221;, &#8220;meclis.info&#8221; \u0259m\u0259kda\u015flar\u0131d\u0131r.<\/p>\n\n\n\n<p>Jurnalistl\u0259r \u00f6zl\u0259rini t\u0259qsirli bilmir, d\u00f6vl\u0259t ba\u015f\u00e7\u0131s\u0131 v\u0259 dig\u0259r m\u0259murlar\u0131n korrupsiya \u0259m\u0259ll\u0259ri, dig\u0259r qanunsuzluqlar haqda ara\u015fd\u0131rmalar\u0131na g\u00f6r\u0259 c\u0259zaland\u0131r\u0131ld\u0131qlar\u0131n\u0131 bildirirl\u0259r.<\/p>\n","protected":false},"excerpt":{"rendered":"<p>11 aydan \u00e7oxdur davam ed\u0259n istintaq zaman\u0131 \u018fl\u0259sg\u0259r M\u0259mm\u0259dli h\u0259bsinin &#8230; <\/p>\n<p class=\"read-more-container\"><a title=\"\u018fl\u0259sg\u0259r M\u0259mm\u0259dli m\u0259hk\u0259m\u0259d\u0259 \u0259dal\u0259t olaca\u011f\u0131 t\u0259qdird\u0259 b\u00fct\u00fcn ittihamlar\u0131 pu\u00e7 ed\u0259c\u0259yin\u0259 inan\u0131r\" class=\"read-more button\" href=\"https:\/\/www.meydan.tv\/az\/article\/el%c9%99sg%c9%99r-m%c9%99mm%c9%99dli-m%c9%99hk%c9%99m%c9%99d%c9%99-%c9%99dal%c9%99t-olacagi-t%c9%99qdird%c9%99-butun-ittihamlari-puc-ed%c9%99c%c9%99yin%c9%99-inanir\/#more-326555\" aria-label=\"Read more about \u018fl\u0259sg\u0259r M\u0259mm\u0259dli m\u0259hk\u0259m\u0259d\u0259 \u0259dal\u0259t olaca\u011f\u0131 t\u0259qdird\u0259 b\u00fct\u00fcn ittihamlar\u0131 pu\u00e7 ed\u0259c\u0259yin\u0259 inan\u0131r\">Davam\u0131<\/a><\/p>\n","protected":false},"author":21,"featured_media":305639,"comment_status":"closed","ping_status":"closed","sticky":false,"template":"","format":"standard","meta":{"_acf_changed":false,"_sitemap_exclude":false,"_sitemap_priority":"","_sitemap_frequency":"","footnotes":""},"categories":[59,79,56],"tags":[],"class_list":["post-326555","post","type-post","status-publish","format-standard","has-post-thumbnail","hentry","category-siyaset","category-featured","category-xeberler","infinite-scroll-item","generate-columns","tablet-grid-50","mobile-grid-100","grid-parent","grid-33","no-featured-image-padding"],"acf":[],"yoast_head":"<!-- This site is optimized with the Yoast SEO plugin v27.5 - https:\/\/yoast.com\/product\/yoast-seo-wordpress\/ -->\n<title>\u018fl\u0259sg\u0259r M\u0259mm\u0259dli m\u0259hk\u0259m\u0259d\u0259 \u0259dal\u0259t olaca\u011f\u0131 t\u0259qdird\u0259 b\u00fct\u00fcn ittihamlar\u0131 pu\u00e7 ed\u0259c\u0259yin\u0259 inan\u0131r - MEYDAN.TV<\/title>\n<meta name=\"robots\" content=\"index, follow, max-snippet:-1, max-image-preview:large, max-video-preview:-1\" \/>\n<link rel=\"canonical\" href=\"https:\/\/www.meydan.tv\/az\/article\/el%c9%99sg%c9%99r-m%c9%99mm%c9%99dli-m%c9%99hk%c9%99m%c9%99d%c9%99-%c9%99dal%c9%99t-olacagi-t%c9%99qdird%c9%99-butun-ittihamlari-puc-ed%c9%99c%c9%99yin%c9%99-inanir\/\" \/>\n<meta property=\"og:locale\" content=\"az_AZ\" \/>\n<meta property=\"og:type\" content=\"article\" \/>\n<meta property=\"og:title\" content=\"\u018fl\u0259sg\u0259r M\u0259mm\u0259dli m\u0259hk\u0259m\u0259d\u0259 \u0259dal\u0259t olaca\u011f\u0131 t\u0259qdird\u0259 b\u00fct\u00fcn ittihamlar\u0131 pu\u00e7 ed\u0259c\u0259yin\u0259 inan\u0131r - MEYDAN.TV\" \/>\n<meta property=\"og:description\" content=\"11 aydan \u00e7oxdur davam ed\u0259n istintaq zaman\u0131 \u018fl\u0259sg\u0259r M\u0259mm\u0259dli h\u0259bsinin ... Davam\u0131\" \/>\n<meta property=\"og:url\" content=\"https:\/\/www.meydan.tv\/az\/article\/el%c9%99sg%c9%99r-m%c9%99mm%c9%99dli-m%c9%99hk%c9%99m%c9%99d%c9%99-%c9%99dal%c9%99t-olacagi-t%c9%99qdird%c9%99-butun-ittihamlari-puc-ed%c9%99c%c9%99yin%c9%99-inanir\/\" \/>\n<meta property=\"og:site_name\" content=\"MEYDAN.TV\" \/>\n<meta property=\"article:published_time\" content=\"2025-02-19T09:10:46+00:00\" \/>\n<meta property=\"article:modified_time\" content=\"2025-02-19T09:10:49+00:00\" \/>\n<meta property=\"og:image\" content=\"https:\/\/www.meydan.tv\/wp-content\/uploads\/img_2503-1-e1719843578629.jpg\" \/>\n\t<meta property=\"og:image:width\" content=\"1200\" \/>\n\t<meta property=\"og:image:height\" content=\"564\" \/>\n\t<meta property=\"og:image:type\" content=\"image\/jpeg\" \/>\n<meta name=\"author\" content=\"mahmud\" \/>\n<meta name=\"twitter:card\" content=\"summary_large_image\" \/>\n<script type=\"application\/ld+json\" class=\"yoast-schema-graph\">{\"@context\":\"https:\\\/\\\/schema.org\",\"@graph\":[{\"@type\":\"Article\",\"@id\":\"https:\\\/\\\/www.meydan.tv\\\/az\\\/article\\\/el%c9%99sg%c9%99r-m%c9%99mm%c9%99dli-m%c9%99hk%c9%99m%c9%99d%c9%99-%c9%99dal%c9%99t-olacagi-t%c9%99qdird%c9%99-butun-ittihamlari-puc-ed%c9%99c%c9%99yin%c9%99-inanir\\\/#article\",\"isPartOf\":{\"@id\":\"https:\\\/\\\/www.meydan.tv\\\/az\\\/article\\\/el%c9%99sg%c9%99r-m%c9%99mm%c9%99dli-m%c9%99hk%c9%99m%c9%99d%c9%99-%c9%99dal%c9%99t-olacagi-t%c9%99qdird%c9%99-butun-ittihamlari-puc-ed%c9%99c%c9%99yin%c9%99-inanir\\\/\"},\"author\":{\"name\":\"mahmud\",\"@id\":\"https:\\\/\\\/www.meydan.tv\\\/az\\\/#\\\/schema\\\/person\\\/09863e516102a829e72bedcf3f84c6b0\"},\"headline\":\"\u018fl\u0259sg\u0259r M\u0259mm\u0259dli m\u0259hk\u0259m\u0259d\u0259 \u0259dal\u0259t olaca\u011f\u0131 t\u0259qdird\u0259 b\u00fct\u00fcn ittihamlar\u0131 pu\u00e7 ed\u0259c\u0259yin\u0259 inan\u0131r\",\"datePublished\":\"2025-02-19T09:10:46+00:00\",\"dateModified\":\"2025-02-19T09:10:49+00:00\",\"mainEntityOfPage\":{\"@id\":\"https:\\\/\\\/www.meydan.tv\\\/az\\\/article\\\/el%c9%99sg%c9%99r-m%c9%99mm%c9%99dli-m%c9%99hk%c9%99m%c9%99d%c9%99-%c9%99dal%c9%99t-olacagi-t%c9%99qdird%c9%99-butun-ittihamlari-puc-ed%c9%99c%c9%99yin%c9%99-inanir\\\/\"},\"wordCount\":924,\"publisher\":{\"@id\":\"https:\\\/\\\/www.meydan.tv\\\/az\\\/#organization\"},\"image\":{\"@id\":\"https:\\\/\\\/www.meydan.tv\\\/az\\\/article\\\/el%c9%99sg%c9%99r-m%c9%99mm%c9%99dli-m%c9%99hk%c9%99m%c9%99d%c9%99-%c9%99dal%c9%99t-olacagi-t%c9%99qdird%c9%99-butun-ittihamlari-puc-ed%c9%99c%c9%99yin%c9%99-inanir\\\/#primaryimage\"},\"thumbnailUrl\":\"https:\\\/\\\/www.meydan.tv\\\/wp-content\\\/uploads\\\/img_2503-1-e1719843578629.jpg\",\"articleSection\":[\"Siyas\u0259t\",\"T\u00f6vsiy\u0259\",\"X\u0259b\u0259rl\u0259r\"],\"inLanguage\":\"az\"},{\"@type\":\"WebPage\",\"@id\":\"https:\\\/\\\/www.meydan.tv\\\/az\\\/article\\\/el%c9%99sg%c9%99r-m%c9%99mm%c9%99dli-m%c9%99hk%c9%99m%c9%99d%c9%99-%c9%99dal%c9%99t-olacagi-t%c9%99qdird%c9%99-butun-ittihamlari-puc-ed%c9%99c%c9%99yin%c9%99-inanir\\\/\",\"url\":\"https:\\\/\\\/www.meydan.tv\\\/az\\\/article\\\/el%c9%99sg%c9%99r-m%c9%99mm%c9%99dli-m%c9%99hk%c9%99m%c9%99d%c9%99-%c9%99dal%c9%99t-olacagi-t%c9%99qdird%c9%99-butun-ittihamlari-puc-ed%c9%99c%c9%99yin%c9%99-inanir\\\/\",\"name\":\"\u018fl\u0259sg\u0259r M\u0259mm\u0259dli m\u0259hk\u0259m\u0259d\u0259 \u0259dal\u0259t olaca\u011f\u0131 t\u0259qdird\u0259 b\u00fct\u00fcn ittihamlar\u0131 pu\u00e7 ed\u0259c\u0259yin\u0259 inan\u0131r - MEYDAN.TV\",\"isPartOf\":{\"@id\":\"https:\\\/\\\/www.meydan.tv\\\/az\\\/#website\"},\"primaryImageOfPage\":{\"@id\":\"https:\\\/\\\/www.meydan.tv\\\/az\\\/article\\\/el%c9%99sg%c9%99r-m%c9%99mm%c9%99dli-m%c9%99hk%c9%99m%c9%99d%c9%99-%c9%99dal%c9%99t-olacagi-t%c9%99qdird%c9%99-butun-ittihamlari-puc-ed%c9%99c%c9%99yin%c9%99-inanir\\\/#primaryimage\"},\"image\":{\"@id\":\"https:\\\/\\\/www.meydan.tv\\\/az\\\/article\\\/el%c9%99sg%c9%99r-m%c9%99mm%c9%99dli-m%c9%99hk%c9%99m%c9%99d%c9%99-%c9%99dal%c9%99t-olacagi-t%c9%99qdird%c9%99-butun-ittihamlari-puc-ed%c9%99c%c9%99yin%c9%99-inanir\\\/#primaryimage\"},\"thumbnailUrl\":\"https:\\\/\\\/www.meydan.tv\\\/wp-content\\\/uploads\\\/img_2503-1-e1719843578629.jpg\",\"datePublished\":\"2025-02-19T09:10:46+00:00\",\"dateModified\":\"2025-02-19T09:10:49+00:00\",\"breadcrumb\":{\"@id\":\"https:\\\/\\\/www.meydan.tv\\\/az\\\/article\\\/el%c9%99sg%c9%99r-m%c9%99mm%c9%99dli-m%c9%99hk%c9%99m%c9%99d%c9%99-%c9%99dal%c9%99t-olacagi-t%c9%99qdird%c9%99-butun-ittihamlari-puc-ed%c9%99c%c9%99yin%c9%99-inanir\\\/#breadcrumb\"},\"inLanguage\":\"az\",\"potentialAction\":[{\"@type\":\"ReadAction\",\"target\":[\"https:\\\/\\\/www.meydan.tv\\\/az\\\/article\\\/el%c9%99sg%c9%99r-m%c9%99mm%c9%99dli-m%c9%99hk%c9%99m%c9%99d%c9%99-%c9%99dal%c9%99t-olacagi-t%c9%99qdird%c9%99-butun-ittihamlari-puc-ed%c9%99c%c9%99yin%c9%99-inanir\\\/\"]}]},{\"@type\":\"ImageObject\",\"inLanguage\":\"az\",\"@id\":\"https:\\\/\\\/www.meydan.tv\\\/az\\\/article\\\/el%c9%99sg%c9%99r-m%c9%99mm%c9%99dli-m%c9%99hk%c9%99m%c9%99d%c9%99-%c9%99dal%c9%99t-olacagi-t%c9%99qdird%c9%99-butun-ittihamlari-puc-ed%c9%99c%c9%99yin%c9%99-inanir\\\/#primaryimage\",\"url\":\"https:\\\/\\\/www.meydan.tv\\\/wp-content\\\/uploads\\\/img_2503-1-e1719843578629.jpg\",\"contentUrl\":\"https:\\\/\\\/www.meydan.tv\\\/wp-content\\\/uploads\\\/img_2503-1-e1719843578629.jpg\",\"width\":1200,\"height\":564,\"caption\":\"\u018fl\u0259sg\u0259r M\u0259mm\u0259dli. Foto: Meydan TV\"},{\"@type\":\"BreadcrumbList\",\"@id\":\"https:\\\/\\\/www.meydan.tv\\\/az\\\/article\\\/el%c9%99sg%c9%99r-m%c9%99mm%c9%99dli-m%c9%99hk%c9%99m%c9%99d%c9%99-%c9%99dal%c9%99t-olacagi-t%c9%99qdird%c9%99-butun-ittihamlari-puc-ed%c9%99c%c9%99yin%c9%99-inanir\\\/#breadcrumb\",\"itemListElement\":[{\"@type\":\"ListItem\",\"position\":1,\"name\":\"Ana s\u0259hif\u0259\",\"item\":\"https:\\\/\\\/www.meydan.tv\\\/az\\\/\"},{\"@type\":\"ListItem\",\"position\":2,\"name\":\"Siyas\u0259t\",\"item\":\"https:\\\/\\\/www.meydan.tv\\\/az\\\/section\\\/siyaset\\\/\"},{\"@type\":\"ListItem\",\"position\":3,\"name\":\"\u018fl\u0259sg\u0259r M\u0259mm\u0259dli m\u0259hk\u0259m\u0259d\u0259 \u0259dal\u0259t olaca\u011f\u0131 t\u0259qdird\u0259 b\u00fct\u00fcn ittihamlar\u0131 pu\u00e7 ed\u0259c\u0259yin\u0259 inan\u0131r\"}]},{\"@type\":\"WebSite\",\"@id\":\"https:\\\/\\\/www.meydan.tv\\\/az\\\/#website\",\"url\":\"https:\\\/\\\/www.meydan.tv\\\/az\\\/\",\"name\":\"MEYDAN.TV\",\"description\":\"Meydan TV Az\u0259rbaycan\u0131n media m\u0259kan\u0131ndak\u0131 alternativ s\u0259sidir\",\"publisher\":{\"@id\":\"https:\\\/\\\/www.meydan.tv\\\/az\\\/#organization\"},\"potentialAction\":[{\"@type\":\"SearchAction\",\"target\":{\"@type\":\"EntryPoint\",\"urlTemplate\":\"https:\\\/\\\/www.meydan.tv\\\/az\\\/?s={search_term_string}\"},\"query-input\":{\"@type\":\"PropertyValueSpecification\",\"valueRequired\":true,\"valueName\":\"search_term_string\"}}],\"inLanguage\":\"az\"},{\"@type\":\"Organization\",\"@id\":\"https:\\\/\\\/www.meydan.tv\\\/az\\\/#organization\",\"name\":\"Meydan TV\",\"url\":\"https:\\\/\\\/www.meydan.tv\\\/az\\\/\",\"logo\":{\"@type\":\"ImageObject\",\"inLanguage\":\"az\",\"@id\":\"https:\\\/\\\/www.meydan.tv\\\/az\\\/#\\\/schema\\\/logo\\\/image\\\/\",\"url\":\"https:\\\/\\\/www.meydan.tv\\\/wp-content\\\/uploads\\\/2021\\\/07\\\/meydan-logo.svg\",\"contentUrl\":\"https:\\\/\\\/www.meydan.tv\\\/wp-content\\\/uploads\\\/2021\\\/07\\\/meydan-logo.svg\",\"width\":195,\"height\":46,\"caption\":\"Meydan TV\"},\"image\":{\"@id\":\"https:\\\/\\\/www.meydan.tv\\\/az\\\/#\\\/schema\\\/logo\\\/image\\\/\"}},{\"@type\":\"Person\",\"@id\":\"https:\\\/\\\/www.meydan.tv\\\/az\\\/#\\\/schema\\\/person\\\/09863e516102a829e72bedcf3f84c6b0\",\"name\":\"mahmud\"}]}<\/script>\n<!-- \/ Yoast SEO plugin. -->","yoast_head_json":{"title":"\u018fl\u0259sg\u0259r M\u0259mm\u0259dli m\u0259hk\u0259m\u0259d\u0259 \u0259dal\u0259t olaca\u011f\u0131 t\u0259qdird\u0259 b\u00fct\u00fcn ittihamlar\u0131 pu\u00e7 ed\u0259c\u0259yin\u0259 inan\u0131r - MEYDAN.TV","robots":{"index":"index","follow":"follow","max-snippet":"max-snippet:-1","max-image-preview":"max-image-preview:large","max-video-preview":"max-video-preview:-1"},"canonical":"https:\/\/www.meydan.tv\/az\/article\/el%c9%99sg%c9%99r-m%c9%99mm%c9%99dli-m%c9%99hk%c9%99m%c9%99d%c9%99-%c9%99dal%c9%99t-olacagi-t%c9%99qdird%c9%99-butun-ittihamlari-puc-ed%c9%99c%c9%99yin%c9%99-inanir\/","og_locale":"az_AZ","og_type":"article","og_title":"\u018fl\u0259sg\u0259r M\u0259mm\u0259dli m\u0259hk\u0259m\u0259d\u0259 \u0259dal\u0259t olaca\u011f\u0131 t\u0259qdird\u0259 b\u00fct\u00fcn ittihamlar\u0131 pu\u00e7 ed\u0259c\u0259yin\u0259 inan\u0131r - MEYDAN.TV","og_description":"11 aydan \u00e7oxdur davam ed\u0259n istintaq zaman\u0131 \u018fl\u0259sg\u0259r M\u0259mm\u0259dli h\u0259bsinin ... Davam\u0131","og_url":"https:\/\/www.meydan.tv\/az\/article\/el%c9%99sg%c9%99r-m%c9%99mm%c9%99dli-m%c9%99hk%c9%99m%c9%99d%c9%99-%c9%99dal%c9%99t-olacagi-t%c9%99qdird%c9%99-butun-ittihamlari-puc-ed%c9%99c%c9%99yin%c9%99-inanir\/","og_site_name":"MEYDAN.TV","article_published_time":"2025-02-19T09:10:46+00:00","article_modified_time":"2025-02-19T09:10:49+00:00","og_image":[{"width":1200,"height":564,"url":"https:\/\/www.meydan.tv\/wp-content\/uploads\/img_2503-1-e1719843578629.jpg","type":"image\/jpeg"}],"author":"mahmud","twitter_card":"summary_large_image","schema":{"@context":"https:\/\/schema.org","@graph":[{"@type":"Article","@id":"https:\/\/www.meydan.tv\/az\/article\/el%c9%99sg%c9%99r-m%c9%99mm%c9%99dli-m%c9%99hk%c9%99m%c9%99d%c9%99-%c9%99dal%c9%99t-olacagi-t%c9%99qdird%c9%99-butun-ittihamlari-puc-ed%c9%99c%c9%99yin%c9%99-inanir\/#article","isPartOf":{"@id":"https:\/\/www.meydan.tv\/az\/article\/el%c9%99sg%c9%99r-m%c9%99mm%c9%99dli-m%c9%99hk%c9%99m%c9%99d%c9%99-%c9%99dal%c9%99t-olacagi-t%c9%99qdird%c9%99-butun-ittihamlari-puc-ed%c9%99c%c9%99yin%c9%99-inanir\/"},"author":{"name":"mahmud","@id":"https:\/\/www.meydan.tv\/az\/#\/schema\/person\/09863e516102a829e72bedcf3f84c6b0"},"headline":"\u018fl\u0259sg\u0259r M\u0259mm\u0259dli m\u0259hk\u0259m\u0259d\u0259 \u0259dal\u0259t olaca\u011f\u0131 t\u0259qdird\u0259 b\u00fct\u00fcn ittihamlar\u0131 pu\u00e7 ed\u0259c\u0259yin\u0259 inan\u0131r","datePublished":"2025-02-19T09:10:46+00:00","dateModified":"2025-02-19T09:10:49+00:00","mainEntityOfPage":{"@id":"https:\/\/www.meydan.tv\/az\/article\/el%c9%99sg%c9%99r-m%c9%99mm%c9%99dli-m%c9%99hk%c9%99m%c9%99d%c9%99-%c9%99dal%c9%99t-olacagi-t%c9%99qdird%c9%99-butun-ittihamlari-puc-ed%c9%99c%c9%99yin%c9%99-inanir\/"},"wordCount":924,"publisher":{"@id":"https:\/\/www.meydan.tv\/az\/#organization"},"image":{"@id":"https:\/\/www.meydan.tv\/az\/article\/el%c9%99sg%c9%99r-m%c9%99mm%c9%99dli-m%c9%99hk%c9%99m%c9%99d%c9%99-%c9%99dal%c9%99t-olacagi-t%c9%99qdird%c9%99-butun-ittihamlari-puc-ed%c9%99c%c9%99yin%c9%99-inanir\/#primaryimage"},"thumbnailUrl":"https:\/\/www.meydan.tv\/wp-content\/uploads\/img_2503-1-e1719843578629.jpg","articleSection":["Siyas\u0259t","T\u00f6vsiy\u0259","X\u0259b\u0259rl\u0259r"],"inLanguage":"az"},{"@type":"WebPage","@id":"https:\/\/www.meydan.tv\/az\/article\/el%c9%99sg%c9%99r-m%c9%99mm%c9%99dli-m%c9%99hk%c9%99m%c9%99d%c9%99-%c9%99dal%c9%99t-olacagi-t%c9%99qdird%c9%99-butun-ittihamlari-puc-ed%c9%99c%c9%99yin%c9%99-inanir\/","url":"https:\/\/www.meydan.tv\/az\/article\/el%c9%99sg%c9%99r-m%c9%99mm%c9%99dli-m%c9%99hk%c9%99m%c9%99d%c9%99-%c9%99dal%c9%99t-olacagi-t%c9%99qdird%c9%99-butun-ittihamlari-puc-ed%c9%99c%c9%99yin%c9%99-inanir\/","name":"\u018fl\u0259sg\u0259r M\u0259mm\u0259dli m\u0259hk\u0259m\u0259d\u0259 \u0259dal\u0259t olaca\u011f\u0131 t\u0259qdird\u0259 b\u00fct\u00fcn ittihamlar\u0131 pu\u00e7 ed\u0259c\u0259yin\u0259 inan\u0131r - MEYDAN.TV","isPartOf":{"@id":"https:\/\/www.meydan.tv\/az\/#website"},"primaryImageOfPage":{"@id":"https:\/\/www.meydan.tv\/az\/article\/el%c9%99sg%c9%99r-m%c9%99mm%c9%99dli-m%c9%99hk%c9%99m%c9%99d%c9%99-%c9%99dal%c9%99t-olacagi-t%c9%99qdird%c9%99-butun-ittihamlari-puc-ed%c9%99c%c9%99yin%c9%99-inanir\/#primaryimage"},"image":{"@id":"https:\/\/www.meydan.tv\/az\/article\/el%c9%99sg%c9%99r-m%c9%99mm%c9%99dli-m%c9%99hk%c9%99m%c9%99d%c9%99-%c9%99dal%c9%99t-olacagi-t%c9%99qdird%c9%99-butun-ittihamlari-puc-ed%c9%99c%c9%99yin%c9%99-inanir\/#primaryimage"},"thumbnailUrl":"https:\/\/www.meydan.tv\/wp-content\/uploads\/img_2503-1-e1719843578629.jpg","datePublished":"2025-02-19T09:10:46+00:00","dateModified":"2025-02-19T09:10:49+00:00","breadcrumb":{"@id":"https:\/\/www.meydan.tv\/az\/article\/el%c9%99sg%c9%99r-m%c9%99mm%c9%99dli-m%c9%99hk%c9%99m%c9%99d%c9%99-%c9%99dal%c9%99t-olacagi-t%c9%99qdird%c9%99-butun-ittihamlari-puc-ed%c9%99c%c9%99yin%c9%99-inanir\/#breadcrumb"},"inLanguage":"az","potentialAction":[{"@type":"ReadAction","target":["https:\/\/www.meydan.tv\/az\/article\/el%c9%99sg%c9%99r-m%c9%99mm%c9%99dli-m%c9%99hk%c9%99m%c9%99d%c9%99-%c9%99dal%c9%99t-olacagi-t%c9%99qdird%c9%99-butun-ittihamlari-puc-ed%c9%99c%c9%99yin%c9%99-inanir\/"]}]},{"@type":"ImageObject","inLanguage":"az","@id":"https:\/\/www.meydan.tv\/az\/article\/el%c9%99sg%c9%99r-m%c9%99mm%c9%99dli-m%c9%99hk%c9%99m%c9%99d%c9%99-%c9%99dal%c9%99t-olacagi-t%c9%99qdird%c9%99-butun-ittihamlari-puc-ed%c9%99c%c9%99yin%c9%99-inanir\/#primaryimage","url":"https:\/\/www.meydan.tv\/wp-content\/uploads\/img_2503-1-e1719843578629.jpg","contentUrl":"https:\/\/www.meydan.tv\/wp-content\/uploads\/img_2503-1-e1719843578629.jpg","width":1200,"height":564,"caption":"\u018fl\u0259sg\u0259r M\u0259mm\u0259dli. Foto: Meydan TV"},{"@type":"BreadcrumbList","@id":"https:\/\/www.meydan.tv\/az\/article\/el%c9%99sg%c9%99r-m%c9%99mm%c9%99dli-m%c9%99hk%c9%99m%c9%99d%c9%99-%c9%99dal%c9%99t-olacagi-t%c9%99qdird%c9%99-butun-ittihamlari-puc-ed%c9%99c%c9%99yin%c9%99-inanir\/#breadcrumb","itemListElement":[{"@type":"ListItem","position":1,"name":"Ana s\u0259hif\u0259","item":"https:\/\/www.meydan.tv\/az\/"},{"@type":"ListItem","position":2,"name":"Siyas\u0259t","item":"https:\/\/www.meydan.tv\/az\/section\/siyaset\/"},{"@type":"ListItem","position":3,"name":"\u018fl\u0259sg\u0259r M\u0259mm\u0259dli m\u0259hk\u0259m\u0259d\u0259 \u0259dal\u0259t olaca\u011f\u0131 t\u0259qdird\u0259 b\u00fct\u00fcn ittihamlar\u0131 pu\u00e7 ed\u0259c\u0259yin\u0259 inan\u0131r"}]},{"@type":"WebSite","@id":"https:\/\/www.meydan.tv\/az\/#website","url":"https:\/\/www.meydan.tv\/az\/","name":"MEYDAN.TV","description":"Meydan TV Az\u0259rbaycan\u0131n media m\u0259kan\u0131ndak\u0131 alternativ s\u0259sidir","publisher":{"@id":"https:\/\/www.meydan.tv\/az\/#organization"},"potentialAction":[{"@type":"SearchAction","target":{"@type":"EntryPoint","urlTemplate":"https:\/\/www.meydan.tv\/az\/?s={search_term_string}"},"query-input":{"@type":"PropertyValueSpecification","valueRequired":true,"valueName":"search_term_string"}}],"inLanguage":"az"},{"@type":"Organization","@id":"https:\/\/www.meydan.tv\/az\/#organization","name":"Meydan TV","url":"https:\/\/www.meydan.tv\/az\/","logo":{"@type":"ImageObject","inLanguage":"az","@id":"https:\/\/www.meydan.tv\/az\/#\/schema\/logo\/image\/","url":"https:\/\/www.meydan.tv\/wp-content\/uploads\/2021\/07\/meydan-logo.svg","contentUrl":"https:\/\/www.meydan.tv\/wp-content\/uploads\/2021\/07\/meydan-logo.svg","width":195,"height":46,"caption":"Meydan TV"},"image":{"@id":"https:\/\/www.meydan.tv\/az\/#\/schema\/logo\/image\/"}},{"@type":"Person","@id":"https:\/\/www.meydan.tv\/az\/#\/schema\/person\/09863e516102a829e72bedcf3f84c6b0","name":"mahmud"}]}},"_links":{"self":[{"href":"https:\/\/www.meydan.tv\/az\/wp-json\/wp\/v2\/posts\/326555","targetHints":{"allow":["GET"]}}],"collection":[{"href":"https:\/\/www.meydan.tv\/az\/wp-json\/wp\/v2\/posts"}],"about":[{"href":"https:\/\/www.meydan.tv\/az\/wp-json\/wp\/v2\/types\/post"}],"author":[{"embeddable":true,"href":"https:\/\/www.meydan.tv\/az\/wp-json\/wp\/v2\/users\/21"}],"replies":[{"embeddable":true,"href":"https:\/\/www.meydan.tv\/az\/wp-json\/wp\/v2\/comments?post=326555"}],"version-history":[{"count":1,"href":"https:\/\/www.meydan.tv\/az\/wp-json\/wp\/v2\/posts\/326555\/revisions"}],"predecessor-version":[{"id":326556,"href":"https:\/\/www.meydan.tv\/az\/wp-json\/wp\/v2\/posts\/326555\/revisions\/326556"}],"wp:featuredmedia":[{"embeddable":true,"href":"https:\/\/www.meydan.tv\/az\/wp-json\/wp\/v2\/media\/305639"}],"wp:attachment":[{"href":"https:\/\/www.meydan.tv\/az\/wp-json\/wp\/v2\/media?parent=326555"}],"wp:term":[{"taxonomy":"category","embeddable":true,"href":"https:\/\/www.meydan.tv\/az\/wp-json\/wp\/v2\/categories?post=326555"},{"taxonomy":"post_tag","embeddable":true,"href":"https:\/\/www.meydan.tv\/az\/wp-json\/wp\/v2\/tags?post=326555"}],"curies":[{"name":"wp","href":"https:\/\/api.w.org\/{rel}","templated":true}]}}