{"id":326546,"date":"2025-02-18T22:10:12","date_gmt":"2025-02-18T18:10:12","guid":{"rendered":"https:\/\/www.meydan.tv\/?p=326546"},"modified":"2025-02-19T02:22:05","modified_gmt":"2025-02-18T22:22:05","slug":"abzascilar-etiraz-olaraq-m%c9%99hk%c9%99m%c9%99l%c9%99rind%c9%99-istirakdan-imtina-etm%c9%99y%c9%99-davam-edirl%c9%99r","status":"publish","type":"post","link":"https:\/\/www.meydan.tv\/az\/article\/abzascilar-etiraz-olaraq-m%c9%99hk%c9%99m%c9%99l%c9%99rind%c9%99-istirakdan-imtina-etm%c9%99y%c9%99-davam-edirl%c9%99r\/","title":{"rendered":"\u201cAbzas\u201d\u00e7\u0131lar etiraz olaraq m\u0259hk\u0259m\u0259l\u0259rind\u0259 i\u015ftirakdan imtinaya davam edirl\u0259r"},"content":{"rendered":"\n<p><\/p>\n\n\n\n<p><strong><em>Hakim Rasim Sad\u0131xov jurnalistl\u0259ri naraz\u0131 salan m\u0259s\u0259l\u0259l\u0259rl\u0259 ba\u011fl\u0131 \u015f\u0259xs\u0259n ara\u015fd\u0131rma apard\u0131\u011f\u0131n\u0131 deyib<\/em><\/strong><\/p>\n\n\n\n<p>\u201cAbzasMedia\u201d n\u0259\u015fri il\u0259 ba\u011fl\u0131 cinay\u0259t i\u015fi \u00fczr\u0259 h\u0259bsd\u0259 olan jurnalistl\u0259r onlara qar\u015f\u0131 pis r\u0259ftara etiraz olaraq, yen\u0259 d\u0259 \u00f6z m\u0259hk\u0259m\u0259l\u0259rind\u0259 i\u015ftirakdan imtina edibl\u0259r. Fevral\u0131n 18-d\u0259 Bak\u0131 A\u011f\u0131r Cinay\u0259tl\u0259r M\u0259hk\u0259m\u0259sind\u0259 onlar\u0131n i\u015fi \u00fczr\u0259 m\u0259hk\u0259m\u0259 iclas\u0131 t\u0259yin olunsa da, bu i\u015f \u00fczr\u0259 7 n\u0259f\u0259r jurnalistd\u0259n \u00fc\u00e7\u00fc \u2013 Hafiz Babal\u0131, F\u0259rid Mehral\u0131zad\u0259 v\u0259 M\u0259h\u0259mm\u0259d Kekalov i\u015ftirak edib. Qalan 4 n\u0259f\u0259r n\u0259f\u0259r \u2013 \u201cAbzasMedia\u201d n\u0259\u015frinin t\u0259sis\u00e7isi v\u0259 direktoru \u00dclvi H\u0259s\u0259nli, ba\u015f redaktoru Sevinc Vaqifq\u0131z\u0131, jurnalistl\u0259r N\u0259rgiz Absalamova v\u0259 Elnar\u0259 Qas\u0131mova is\u0259 m\u0259hk\u0259m\u0259y\u0259 g\u0259lm\u0259kd\u0259n imtina edib.<\/p>\n\n\n\n<p>V\u0259kill\u0259rin Meydan TV-y\u0259 bildirdiyin\u0259 g\u00f6r\u0259, m\u0259hk\u0259m\u0259 prosesin\u0259 s\u0259drlik ed\u0259n hakim Rasim Sad\u0131xov jurnalistl\u0259ri naraz\u0131 salan m\u0259s\u0259l\u0259l\u0259rl\u0259 ba\u011fl\u0131 \u015f\u0259xs\u0259n ara\u015fd\u0131rma apard\u0131\u011f\u0131n\u0131 deyib:<\/p>\n\n\n\n<p>\u201cJurnalistl\u0259rin naraz\u0131 oldu\u011fu m\u0259s\u0259l\u0259l\u0259rd\u0259n biri bu idi ki, onlar\u0131 Bak\u0131 A\u011f\u0131r Cinay\u0259tl\u0259r M\u0259hk\u0259m\u0259sin\u0259 g\u0259tir\u0259nd\u0259n sonra zirz\u0259mid\u0259 soyuq, nat\u0259miz \u015f\u0259raitd\u0259 saxlay\u0131rlar. Hakim bildirdi ki, \u00f6t\u0259n m\u0259hk\u0259m\u0259 iclas\u0131ndan sonra \u015f\u0259xs\u0259n \u00f6z\u00fc zirz\u0259miy\u0259 d\u00fc\u015f\u00fcb, \u015f\u0259raitl\u0259 maraqlan\u0131b. Jurnalistl\u0259ri narahat ed\u0259n m\u0259s\u0259l\u0259l\u0259rd\u0259n biri d\u0259 onlara qar\u015f\u0131 ayr\u0131-se\u00e7kilik, m\u0259hk\u0259m\u0259y\u0259 g\u0259tiril\u0259nd\u0259, h\u0259tta proses ba\u015flayana q\u0259d\u0259r bel\u0259, ayr\u0131-ayr\u0131l\u0131qda saxlanmalar\u0131, bir-birind\u0259n gizl\u0259dilm\u0259l\u0259ridir. Hakim dedi ki, problemin h\u0259lli \u00fc\u00e7\u00fcn konsensus laz\u0131md\u0131r\u201d.<\/p>\n\n\n\n<p>Jurnalistl\u0259r i\u015ftirak etm\u0259diyin\u0259 g\u00f6r\u0259 m\u0259hk\u0259m\u0259 prosesi mart\u0131n 4-n\u0259 q\u0259d\u0259r t\u0259xir\u0259 sal\u0131n\u0131b.<\/p>\n\n\n\n<p>Fevral\u0131n 11-d\u0259 ke\u00e7iril\u0259n m\u0259hk\u0259m\u0259 iclas\u0131nda F\u0259rid Mehral\u0131zad\u0259 bildirmi\u015fdi ki, onlara qar\u015f\u0131 ayr\u0131-se\u00e7kiliy\u0259 son qoyulmas\u0131n\u0131 t\u0259l\u0259b edirl\u0259r. Jurnalistin s\u00f6zl\u0259rin\u0259 g\u00f6r\u0259, \u201cAbzasMedia\u201d i\u015fi \u00fczr\u0259 t\u0259qsirl\u0259ndiril\u0259n \u015f\u0259xsl\u0259ri n\u0259inki bir-birind\u0259n, h\u0259tta h\u0259bsd\u0259 olan dig\u0259r jurnalistl\u0259rd\u0259n \u2013 \u201cMeydan TV\u201d v\u0259 \u201cToplum TV\u201d \u0259m\u0259kda\u015flar\u0131ndan da gizl\u0259dirl\u0259r. Penitensiar Xidm\u0259tin i\u015f\u00e7il\u0259ri \u00e7al\u0131\u015f\u0131r ki, onlar bir-biri il\u0259 qar\u015f\u0131la\u015fmas\u0131n.<\/p>\n\n\n\n<p>F\u0259rid Mehral\u0131zad\u0259 m\u0259hk\u0259m\u0259d\u0259 dan\u0131\u015f\u0131b ki, \u0259g\u0259r onu v\u0259kill\u0259 v\u0259 ya ail\u0259 \u00fczvl\u0259ril\u0259 g\u00f6r\u00fc\u015f\u0259 apar\u0131rlarsa, h\u0259min vaxt d\u0259hlizd\u0259 h\u0259bsd\u0259ki jurnalistl\u0259rd\u0259n kimis\u0259 g\u0259tirirl\u0259rs\u0259, m\u00fctl\u0259q onu gizl\u0259dirl\u0259r ki, qar\u015f\u0131la\u015fmas\u0131nlar. Bundan ba\u015fqa, istintaq ba\u015fa \u00e7atmas\u0131na baxmayaraq, Bak\u0131 A\u011f\u0131r Cinay\u0259tl\u0259r M\u0259hk\u0259m\u0259sin\u0259 onlar\u0131 bir-birind\u0259n ayr\u0131 g\u0259tirirl\u0259r. Orada bir-birind\u0259n ayr\u0131 saxlay\u0131rlar.<\/p>\n\n\n\n<p>\u201cAbzasMedia\u201d i\u015fi \u00fczr\u0259 h\u0259bsl\u0259r 2023-c\u00fc il noyabr\u0131n 20-d\u0259n ba\u015flay\u0131b. \u018fvv\u0259l n\u0259\u015frin t\u0259sis\u00e7isi v\u0259 direktoru \u00dclvi H\u0259s\u0259nli v\u0259 koordinatoru M\u0259h\u0259mm\u0259d Kekalov, daha sonra ba\u015f redaktoru Sevinc Vaqifq\u0131z\u0131 h\u0259bs edilib.<\/p>\n\n\n\n<p>Daha sonra h\u0259bsl\u0259r ara\u015fd\u0131rma\u00e7\u0131 jurnalist Hafiz Babal\u0131, N\u0259rgiz Absalamova, Elnar\u0259 Qas\u0131mova, F\u0259rid Mehral\u0131zad\u0259 il\u0259 davam edib. Onlara qar\u015f\u0131 Cinay\u0259t M\u0259c\u0259ll\u0259sinin 206.3.2-ci (bir qrup \u015f\u0259xs t\u0259r\u0259find\u0259n qa\u00e7aqmal\u00e7\u0131l\u0131q) madd\u0259sil\u0259 ittiham ir\u0259li s\u00fcr\u00fcl\u00fcb. \u0130stintaq\u0131n sonunda ittiham a\u011f\u0131rla\u015fd\u0131r\u0131l\u0131b. Jurnalistl\u0259r\u0259 qanunsuz sahibkarl\u0131q, cinay\u0259t yolu il\u0259 \u0259ld\u0259 olunan v\u0259saitl\u0259rin leqalla\u015fd\u0131r\u0131lmas\u0131, vergid\u0259n yay\u0131nma v\u0259 s. il\u0259 ba\u011fl\u0131 \u0259lav\u0259 ittihamlar verilib. Jurnalistl\u0259r\u0259 ittiham veril\u0259n madd\u0259l\u0259rin sanksiyas\u0131nda 12 il\u0259 q\u0259d\u0259r azadl\u0131qdan m\u0259hrumetm\u0259 c\u0259zas\u0131 n\u0259z\u0259rd\u0259 tutulub.<\/p>\n\n\n\n<p>2023-c\u00fc il noyabr\u0131n 20-d\u0259 \u00dclvi H\u0259s\u0259nli saxland\u0131qdan sonra \u201cAbzasMedia\u201dn\u0131n ofisind\u0259 axtar\u0131\u015f apar\u0131l\u0131b. Sayt\u0131n ofisind\u0259n 40 min avro pul tap\u0131ld\u0131\u011f\u0131 iddia olunub.<\/p>\n\n\n\n<p>\u00dclvi H\u0259s\u0259nli is\u0259 orada pul olmad\u0131\u011f\u0131n\u0131, 40 min avronun ofis\u0259 onu tapd\u0131\u011f\u0131n\u0131 iddia ed\u0259nl\u0259rin \u00f6zl\u0259ri t\u0259r\u0259find\u0259n qoyuldu\u011funu bildirib.<\/p>\n\n\n\n<p>Adlar\u0131 \u00e7\u0259kil\u0259n jurnalistl\u0259rin he\u00e7 biri \u00f6z\u00fcn\u00fc t\u0259qsirli bilmir, \u201cAbzasMedia\u201dda Prezidentin ail\u0259 \u00fczvl\u0259ri d\u0259 daxil olmaqla, bir s\u0131ra v\u0259zif\u0259li \u015f\u0259xsl\u0259rin biznesi, korrupsiya il\u0259 ba\u011fl\u0131 ara\u015fd\u0131rmalara g\u00f6r\u0259 c\u0259zaland\u0131r\u0131ld\u0131qlar\u0131n\u0131 bildiribl\u0259r.<\/p>\n\n\n\n<p>H\u00f6kum\u0259t t\u0259msil\u00e7il\u0259ri is\u0259 h\u0259bs olunanlar\u0131n konkret faktlar \u0259sas\u0131nda c\u0259zaland\u0131r\u0131ld\u0131qlar\u0131n\u0131 bildirirl\u0259r.<\/p>\n\n\n\n<p><\/p>\n","protected":false},"excerpt":{"rendered":"<p>Hakim Rasim Sad\u0131xov jurnalistl\u0259ri naraz\u0131 salan m\u0259s\u0259l\u0259l\u0259rl\u0259 ba\u011fl\u0131 \u015f\u0259xs\u0259n ara\u015fd\u0131rma &#8230; <\/p>\n<p class=\"read-more-container\"><a title=\"\u201cAbzas\u201d\u00e7\u0131lar etiraz olaraq m\u0259hk\u0259m\u0259l\u0259rind\u0259 i\u015ftirakdan imtinaya davam edirl\u0259r\" class=\"read-more button\" href=\"https:\/\/www.meydan.tv\/az\/article\/abzascilar-etiraz-olaraq-m%c9%99hk%c9%99m%c9%99l%c9%99rind%c9%99-istirakdan-imtina-etm%c9%99y%c9%99-davam-edirl%c9%99r\/#more-326546\" aria-label=\"Read more about \u201cAbzas\u201d\u00e7\u0131lar etiraz olaraq m\u0259hk\u0259m\u0259l\u0259rind\u0259 i\u015ftirakdan imtinaya davam edirl\u0259r\">Davam\u0131<\/a><\/p>\n","protected":false},"author":21,"featured_media":326549,"comment_status":"closed","ping_status":"closed","sticky":false,"template":"","format":"standard","meta":{"_acf_changed":false,"_sitemap_exclude":false,"_sitemap_priority":"","_sitemap_frequency":"","footnotes":""},"categories":[59,79,56],"tags":[],"class_list":["post-326546","post","type-post","status-publish","format-standard","has-post-thumbnail","hentry","category-siyaset","category-featured","category-xeberler","infinite-scroll-item","generate-columns","tablet-grid-50","mobile-grid-100","grid-parent","grid-33","no-featured-image-padding"],"acf":[],"yoast_head":"<!-- This site is optimized with the Yoast SEO plugin v27.5 - https:\/\/yoast.com\/product\/yoast-seo-wordpress\/ -->\n<title>\u201cAbzas\u201d\u00e7\u0131lar etiraz olaraq m\u0259hk\u0259m\u0259l\u0259rind\u0259 i\u015ftirakdan imtinaya davam edirl\u0259r - MEYDAN.TV<\/title>\n<meta name=\"robots\" content=\"index, follow, max-snippet:-1, max-image-preview:large, max-video-preview:-1\" \/>\n<link rel=\"canonical\" href=\"https:\/\/www.meydan.tv\/az\/article\/abzascilar-etiraz-olaraq-m%c9%99hk%c9%99m%c9%99l%c9%99rind%c9%99-istirakdan-imtina-etm%c9%99y%c9%99-davam-edirl%c9%99r\/\" \/>\n<meta property=\"og:locale\" content=\"az_AZ\" \/>\n<meta property=\"og:type\" content=\"article\" \/>\n<meta property=\"og:title\" content=\"\u201cAbzas\u201d\u00e7\u0131lar etiraz olaraq m\u0259hk\u0259m\u0259l\u0259rind\u0259 i\u015ftirakdan imtinaya davam edirl\u0259r - MEYDAN.TV\" \/>\n<meta property=\"og:description\" content=\"Hakim Rasim Sad\u0131xov jurnalistl\u0259ri naraz\u0131 salan m\u0259s\u0259l\u0259l\u0259rl\u0259 ba\u011fl\u0131 \u015f\u0259xs\u0259n ara\u015fd\u0131rma ... Davam\u0131\" \/>\n<meta property=\"og:url\" content=\"https:\/\/www.meydan.tv\/az\/article\/abzascilar-etiraz-olaraq-m%c9%99hk%c9%99m%c9%99l%c9%99rind%c9%99-istirakdan-imtina-etm%c9%99y%c9%99-davam-edirl%c9%99r\/\" \/>\n<meta property=\"og:site_name\" content=\"MEYDAN.TV\" \/>\n<meta property=\"article:published_time\" content=\"2025-02-18T18:10:12+00:00\" \/>\n<meta property=\"article:modified_time\" content=\"2025-02-18T22:22:05+00:00\" \/>\n<meta property=\"og:image\" content=\"https:\/\/www.meydan.tv\/wp-content\/uploads\/67434.png\" \/>\n\t<meta property=\"og:image:width\" content=\"1179\" \/>\n\t<meta property=\"og:image:height\" content=\"576\" \/>\n\t<meta property=\"og:image:type\" content=\"image\/png\" \/>\n<meta name=\"author\" content=\"mahmud\" \/>\n<meta name=\"twitter:card\" content=\"summary_large_image\" \/>\n<script type=\"application\/ld+json\" class=\"yoast-schema-graph\">{\"@context\":\"https:\\\/\\\/schema.org\",\"@graph\":[{\"@type\":\"Article\",\"@id\":\"https:\\\/\\\/www.meydan.tv\\\/az\\\/article\\\/abzascilar-etiraz-olaraq-m%c9%99hk%c9%99m%c9%99l%c9%99rind%c9%99-istirakdan-imtina-etm%c9%99y%c9%99-davam-edirl%c9%99r\\\/#article\",\"isPartOf\":{\"@id\":\"https:\\\/\\\/www.meydan.tv\\\/az\\\/article\\\/abzascilar-etiraz-olaraq-m%c9%99hk%c9%99m%c9%99l%c9%99rind%c9%99-istirakdan-imtina-etm%c9%99y%c9%99-davam-edirl%c9%99r\\\/\"},\"author\":{\"name\":\"mahmud\",\"@id\":\"https:\\\/\\\/www.meydan.tv\\\/az\\\/#\\\/schema\\\/person\\\/09863e516102a829e72bedcf3f84c6b0\"},\"headline\":\"\u201cAbzas\u201d\u00e7\u0131lar etiraz olaraq m\u0259hk\u0259m\u0259l\u0259rind\u0259 i\u015ftirakdan imtinaya davam edirl\u0259r\",\"datePublished\":\"2025-02-18T18:10:12+00:00\",\"dateModified\":\"2025-02-18T22:22:05+00:00\",\"mainEntityOfPage\":{\"@id\":\"https:\\\/\\\/www.meydan.tv\\\/az\\\/article\\\/abzascilar-etiraz-olaraq-m%c9%99hk%c9%99m%c9%99l%c9%99rind%c9%99-istirakdan-imtina-etm%c9%99y%c9%99-davam-edirl%c9%99r\\\/\"},\"wordCount\":812,\"publisher\":{\"@id\":\"https:\\\/\\\/www.meydan.tv\\\/az\\\/#organization\"},\"image\":{\"@id\":\"https:\\\/\\\/www.meydan.tv\\\/az\\\/article\\\/abzascilar-etiraz-olaraq-m%c9%99hk%c9%99m%c9%99l%c9%99rind%c9%99-istirakdan-imtina-etm%c9%99y%c9%99-davam-edirl%c9%99r\\\/#primaryimage\"},\"thumbnailUrl\":\"https:\\\/\\\/www.meydan.tv\\\/wp-content\\\/uploads\\\/67434.png\",\"articleSection\":[\"Siyas\u0259t\",\"T\u00f6vsiy\u0259\",\"X\u0259b\u0259rl\u0259r\"],\"inLanguage\":\"az\"},{\"@type\":\"WebPage\",\"@id\":\"https:\\\/\\\/www.meydan.tv\\\/az\\\/article\\\/abzascilar-etiraz-olaraq-m%c9%99hk%c9%99m%c9%99l%c9%99rind%c9%99-istirakdan-imtina-etm%c9%99y%c9%99-davam-edirl%c9%99r\\\/\",\"url\":\"https:\\\/\\\/www.meydan.tv\\\/az\\\/article\\\/abzascilar-etiraz-olaraq-m%c9%99hk%c9%99m%c9%99l%c9%99rind%c9%99-istirakdan-imtina-etm%c9%99y%c9%99-davam-edirl%c9%99r\\\/\",\"name\":\"\u201cAbzas\u201d\u00e7\u0131lar etiraz olaraq m\u0259hk\u0259m\u0259l\u0259rind\u0259 i\u015ftirakdan imtinaya davam edirl\u0259r - MEYDAN.TV\",\"isPartOf\":{\"@id\":\"https:\\\/\\\/www.meydan.tv\\\/az\\\/#website\"},\"primaryImageOfPage\":{\"@id\":\"https:\\\/\\\/www.meydan.tv\\\/az\\\/article\\\/abzascilar-etiraz-olaraq-m%c9%99hk%c9%99m%c9%99l%c9%99rind%c9%99-istirakdan-imtina-etm%c9%99y%c9%99-davam-edirl%c9%99r\\\/#primaryimage\"},\"image\":{\"@id\":\"https:\\\/\\\/www.meydan.tv\\\/az\\\/article\\\/abzascilar-etiraz-olaraq-m%c9%99hk%c9%99m%c9%99l%c9%99rind%c9%99-istirakdan-imtina-etm%c9%99y%c9%99-davam-edirl%c9%99r\\\/#primaryimage\"},\"thumbnailUrl\":\"https:\\\/\\\/www.meydan.tv\\\/wp-content\\\/uploads\\\/67434.png\",\"datePublished\":\"2025-02-18T18:10:12+00:00\",\"dateModified\":\"2025-02-18T22:22:05+00:00\",\"breadcrumb\":{\"@id\":\"https:\\\/\\\/www.meydan.tv\\\/az\\\/article\\\/abzascilar-etiraz-olaraq-m%c9%99hk%c9%99m%c9%99l%c9%99rind%c9%99-istirakdan-imtina-etm%c9%99y%c9%99-davam-edirl%c9%99r\\\/#breadcrumb\"},\"inLanguage\":\"az\",\"potentialAction\":[{\"@type\":\"ReadAction\",\"target\":[\"https:\\\/\\\/www.meydan.tv\\\/az\\\/article\\\/abzascilar-etiraz-olaraq-m%c9%99hk%c9%99m%c9%99l%c9%99rind%c9%99-istirakdan-imtina-etm%c9%99y%c9%99-davam-edirl%c9%99r\\\/\"]}]},{\"@type\":\"ImageObject\",\"inLanguage\":\"az\",\"@id\":\"https:\\\/\\\/www.meydan.tv\\\/az\\\/article\\\/abzascilar-etiraz-olaraq-m%c9%99hk%c9%99m%c9%99l%c9%99rind%c9%99-istirakdan-imtina-etm%c9%99y%c9%99-davam-edirl%c9%99r\\\/#primaryimage\",\"url\":\"https:\\\/\\\/www.meydan.tv\\\/wp-content\\\/uploads\\\/67434.png\",\"contentUrl\":\"https:\\\/\\\/www.meydan.tv\\\/wp-content\\\/uploads\\\/67434.png\",\"width\":1179,\"height\":576,\"caption\":\"AbzasMedia. Fotokollaj: Meydan TV\"},{\"@type\":\"BreadcrumbList\",\"@id\":\"https:\\\/\\\/www.meydan.tv\\\/az\\\/article\\\/abzascilar-etiraz-olaraq-m%c9%99hk%c9%99m%c9%99l%c9%99rind%c9%99-istirakdan-imtina-etm%c9%99y%c9%99-davam-edirl%c9%99r\\\/#breadcrumb\",\"itemListElement\":[{\"@type\":\"ListItem\",\"position\":1,\"name\":\"Ana s\u0259hif\u0259\",\"item\":\"https:\\\/\\\/www.meydan.tv\\\/az\\\/\"},{\"@type\":\"ListItem\",\"position\":2,\"name\":\"Siyas\u0259t\",\"item\":\"https:\\\/\\\/www.meydan.tv\\\/az\\\/section\\\/siyaset\\\/\"},{\"@type\":\"ListItem\",\"position\":3,\"name\":\"\u201cAbzas\u201d\u00e7\u0131lar etiraz olaraq m\u0259hk\u0259m\u0259l\u0259rind\u0259 i\u015ftirakdan imtinaya davam edirl\u0259r\"}]},{\"@type\":\"WebSite\",\"@id\":\"https:\\\/\\\/www.meydan.tv\\\/az\\\/#website\",\"url\":\"https:\\\/\\\/www.meydan.tv\\\/az\\\/\",\"name\":\"MEYDAN.TV\",\"description\":\"Meydan TV Az\u0259rbaycan\u0131n media m\u0259kan\u0131ndak\u0131 alternativ s\u0259sidir\",\"publisher\":{\"@id\":\"https:\\\/\\\/www.meydan.tv\\\/az\\\/#organization\"},\"potentialAction\":[{\"@type\":\"SearchAction\",\"target\":{\"@type\":\"EntryPoint\",\"urlTemplate\":\"https:\\\/\\\/www.meydan.tv\\\/az\\\/?s={search_term_string}\"},\"query-input\":{\"@type\":\"PropertyValueSpecification\",\"valueRequired\":true,\"valueName\":\"search_term_string\"}}],\"inLanguage\":\"az\"},{\"@type\":\"Organization\",\"@id\":\"https:\\\/\\\/www.meydan.tv\\\/az\\\/#organization\",\"name\":\"Meydan TV\",\"url\":\"https:\\\/\\\/www.meydan.tv\\\/az\\\/\",\"logo\":{\"@type\":\"ImageObject\",\"inLanguage\":\"az\",\"@id\":\"https:\\\/\\\/www.meydan.tv\\\/az\\\/#\\\/schema\\\/logo\\\/image\\\/\",\"url\":\"https:\\\/\\\/www.meydan.tv\\\/wp-content\\\/uploads\\\/2021\\\/07\\\/meydan-logo.svg\",\"contentUrl\":\"https:\\\/\\\/www.meydan.tv\\\/wp-content\\\/uploads\\\/2021\\\/07\\\/meydan-logo.svg\",\"width\":195,\"height\":46,\"caption\":\"Meydan TV\"},\"image\":{\"@id\":\"https:\\\/\\\/www.meydan.tv\\\/az\\\/#\\\/schema\\\/logo\\\/image\\\/\"}},{\"@type\":\"Person\",\"@id\":\"https:\\\/\\\/www.meydan.tv\\\/az\\\/#\\\/schema\\\/person\\\/09863e516102a829e72bedcf3f84c6b0\",\"name\":\"mahmud\"}]}<\/script>\n<!-- \/ Yoast SEO plugin. -->","yoast_head_json":{"title":"\u201cAbzas\u201d\u00e7\u0131lar etiraz olaraq m\u0259hk\u0259m\u0259l\u0259rind\u0259 i\u015ftirakdan imtinaya davam edirl\u0259r - MEYDAN.TV","robots":{"index":"index","follow":"follow","max-snippet":"max-snippet:-1","max-image-preview":"max-image-preview:large","max-video-preview":"max-video-preview:-1"},"canonical":"https:\/\/www.meydan.tv\/az\/article\/abzascilar-etiraz-olaraq-m%c9%99hk%c9%99m%c9%99l%c9%99rind%c9%99-istirakdan-imtina-etm%c9%99y%c9%99-davam-edirl%c9%99r\/","og_locale":"az_AZ","og_type":"article","og_title":"\u201cAbzas\u201d\u00e7\u0131lar etiraz olaraq m\u0259hk\u0259m\u0259l\u0259rind\u0259 i\u015ftirakdan imtinaya davam edirl\u0259r - MEYDAN.TV","og_description":"Hakim Rasim Sad\u0131xov jurnalistl\u0259ri naraz\u0131 salan m\u0259s\u0259l\u0259l\u0259rl\u0259 ba\u011fl\u0131 \u015f\u0259xs\u0259n ara\u015fd\u0131rma ... Davam\u0131","og_url":"https:\/\/www.meydan.tv\/az\/article\/abzascilar-etiraz-olaraq-m%c9%99hk%c9%99m%c9%99l%c9%99rind%c9%99-istirakdan-imtina-etm%c9%99y%c9%99-davam-edirl%c9%99r\/","og_site_name":"MEYDAN.TV","article_published_time":"2025-02-18T18:10:12+00:00","article_modified_time":"2025-02-18T22:22:05+00:00","og_image":[{"width":1179,"height":576,"url":"https:\/\/www.meydan.tv\/wp-content\/uploads\/67434.png","type":"image\/png"}],"author":"mahmud","twitter_card":"summary_large_image","schema":{"@context":"https:\/\/schema.org","@graph":[{"@type":"Article","@id":"https:\/\/www.meydan.tv\/az\/article\/abzascilar-etiraz-olaraq-m%c9%99hk%c9%99m%c9%99l%c9%99rind%c9%99-istirakdan-imtina-etm%c9%99y%c9%99-davam-edirl%c9%99r\/#article","isPartOf":{"@id":"https:\/\/www.meydan.tv\/az\/article\/abzascilar-etiraz-olaraq-m%c9%99hk%c9%99m%c9%99l%c9%99rind%c9%99-istirakdan-imtina-etm%c9%99y%c9%99-davam-edirl%c9%99r\/"},"author":{"name":"mahmud","@id":"https:\/\/www.meydan.tv\/az\/#\/schema\/person\/09863e516102a829e72bedcf3f84c6b0"},"headline":"\u201cAbzas\u201d\u00e7\u0131lar etiraz olaraq m\u0259hk\u0259m\u0259l\u0259rind\u0259 i\u015ftirakdan imtinaya davam edirl\u0259r","datePublished":"2025-02-18T18:10:12+00:00","dateModified":"2025-02-18T22:22:05+00:00","mainEntityOfPage":{"@id":"https:\/\/www.meydan.tv\/az\/article\/abzascilar-etiraz-olaraq-m%c9%99hk%c9%99m%c9%99l%c9%99rind%c9%99-istirakdan-imtina-etm%c9%99y%c9%99-davam-edirl%c9%99r\/"},"wordCount":812,"publisher":{"@id":"https:\/\/www.meydan.tv\/az\/#organization"},"image":{"@id":"https:\/\/www.meydan.tv\/az\/article\/abzascilar-etiraz-olaraq-m%c9%99hk%c9%99m%c9%99l%c9%99rind%c9%99-istirakdan-imtina-etm%c9%99y%c9%99-davam-edirl%c9%99r\/#primaryimage"},"thumbnailUrl":"https:\/\/www.meydan.tv\/wp-content\/uploads\/67434.png","articleSection":["Siyas\u0259t","T\u00f6vsiy\u0259","X\u0259b\u0259rl\u0259r"],"inLanguage":"az"},{"@type":"WebPage","@id":"https:\/\/www.meydan.tv\/az\/article\/abzascilar-etiraz-olaraq-m%c9%99hk%c9%99m%c9%99l%c9%99rind%c9%99-istirakdan-imtina-etm%c9%99y%c9%99-davam-edirl%c9%99r\/","url":"https:\/\/www.meydan.tv\/az\/article\/abzascilar-etiraz-olaraq-m%c9%99hk%c9%99m%c9%99l%c9%99rind%c9%99-istirakdan-imtina-etm%c9%99y%c9%99-davam-edirl%c9%99r\/","name":"\u201cAbzas\u201d\u00e7\u0131lar etiraz olaraq m\u0259hk\u0259m\u0259l\u0259rind\u0259 i\u015ftirakdan imtinaya davam edirl\u0259r - MEYDAN.TV","isPartOf":{"@id":"https:\/\/www.meydan.tv\/az\/#website"},"primaryImageOfPage":{"@id":"https:\/\/www.meydan.tv\/az\/article\/abzascilar-etiraz-olaraq-m%c9%99hk%c9%99m%c9%99l%c9%99rind%c9%99-istirakdan-imtina-etm%c9%99y%c9%99-davam-edirl%c9%99r\/#primaryimage"},"image":{"@id":"https:\/\/www.meydan.tv\/az\/article\/abzascilar-etiraz-olaraq-m%c9%99hk%c9%99m%c9%99l%c9%99rind%c9%99-istirakdan-imtina-etm%c9%99y%c9%99-davam-edirl%c9%99r\/#primaryimage"},"thumbnailUrl":"https:\/\/www.meydan.tv\/wp-content\/uploads\/67434.png","datePublished":"2025-02-18T18:10:12+00:00","dateModified":"2025-02-18T22:22:05+00:00","breadcrumb":{"@id":"https:\/\/www.meydan.tv\/az\/article\/abzascilar-etiraz-olaraq-m%c9%99hk%c9%99m%c9%99l%c9%99rind%c9%99-istirakdan-imtina-etm%c9%99y%c9%99-davam-edirl%c9%99r\/#breadcrumb"},"inLanguage":"az","potentialAction":[{"@type":"ReadAction","target":["https:\/\/www.meydan.tv\/az\/article\/abzascilar-etiraz-olaraq-m%c9%99hk%c9%99m%c9%99l%c9%99rind%c9%99-istirakdan-imtina-etm%c9%99y%c9%99-davam-edirl%c9%99r\/"]}]},{"@type":"ImageObject","inLanguage":"az","@id":"https:\/\/www.meydan.tv\/az\/article\/abzascilar-etiraz-olaraq-m%c9%99hk%c9%99m%c9%99l%c9%99rind%c9%99-istirakdan-imtina-etm%c9%99y%c9%99-davam-edirl%c9%99r\/#primaryimage","url":"https:\/\/www.meydan.tv\/wp-content\/uploads\/67434.png","contentUrl":"https:\/\/www.meydan.tv\/wp-content\/uploads\/67434.png","width":1179,"height":576,"caption":"AbzasMedia. Fotokollaj: Meydan TV"},{"@type":"BreadcrumbList","@id":"https:\/\/www.meydan.tv\/az\/article\/abzascilar-etiraz-olaraq-m%c9%99hk%c9%99m%c9%99l%c9%99rind%c9%99-istirakdan-imtina-etm%c9%99y%c9%99-davam-edirl%c9%99r\/#breadcrumb","itemListElement":[{"@type":"ListItem","position":1,"name":"Ana s\u0259hif\u0259","item":"https:\/\/www.meydan.tv\/az\/"},{"@type":"ListItem","position":2,"name":"Siyas\u0259t","item":"https:\/\/www.meydan.tv\/az\/section\/siyaset\/"},{"@type":"ListItem","position":3,"name":"\u201cAbzas\u201d\u00e7\u0131lar etiraz olaraq m\u0259hk\u0259m\u0259l\u0259rind\u0259 i\u015ftirakdan imtinaya davam edirl\u0259r"}]},{"@type":"WebSite","@id":"https:\/\/www.meydan.tv\/az\/#website","url":"https:\/\/www.meydan.tv\/az\/","name":"MEYDAN.TV","description":"Meydan TV Az\u0259rbaycan\u0131n media m\u0259kan\u0131ndak\u0131 alternativ s\u0259sidir","publisher":{"@id":"https:\/\/www.meydan.tv\/az\/#organization"},"potentialAction":[{"@type":"SearchAction","target":{"@type":"EntryPoint","urlTemplate":"https:\/\/www.meydan.tv\/az\/?s={search_term_string}"},"query-input":{"@type":"PropertyValueSpecification","valueRequired":true,"valueName":"search_term_string"}}],"inLanguage":"az"},{"@type":"Organization","@id":"https:\/\/www.meydan.tv\/az\/#organization","name":"Meydan TV","url":"https:\/\/www.meydan.tv\/az\/","logo":{"@type":"ImageObject","inLanguage":"az","@id":"https:\/\/www.meydan.tv\/az\/#\/schema\/logo\/image\/","url":"https:\/\/www.meydan.tv\/wp-content\/uploads\/2021\/07\/meydan-logo.svg","contentUrl":"https:\/\/www.meydan.tv\/wp-content\/uploads\/2021\/07\/meydan-logo.svg","width":195,"height":46,"caption":"Meydan TV"},"image":{"@id":"https:\/\/www.meydan.tv\/az\/#\/schema\/logo\/image\/"}},{"@type":"Person","@id":"https:\/\/www.meydan.tv\/az\/#\/schema\/person\/09863e516102a829e72bedcf3f84c6b0","name":"mahmud"}]}},"_links":{"self":[{"href":"https:\/\/www.meydan.tv\/az\/wp-json\/wp\/v2\/posts\/326546","targetHints":{"allow":["GET"]}}],"collection":[{"href":"https:\/\/www.meydan.tv\/az\/wp-json\/wp\/v2\/posts"}],"about":[{"href":"https:\/\/www.meydan.tv\/az\/wp-json\/wp\/v2\/types\/post"}],"author":[{"embeddable":true,"href":"https:\/\/www.meydan.tv\/az\/wp-json\/wp\/v2\/users\/21"}],"replies":[{"embeddable":true,"href":"https:\/\/www.meydan.tv\/az\/wp-json\/wp\/v2\/comments?post=326546"}],"version-history":[{"count":2,"href":"https:\/\/www.meydan.tv\/az\/wp-json\/wp\/v2\/posts\/326546\/revisions"}],"predecessor-version":[{"id":326548,"href":"https:\/\/www.meydan.tv\/az\/wp-json\/wp\/v2\/posts\/326546\/revisions\/326548"}],"wp:featuredmedia":[{"embeddable":true,"href":"https:\/\/www.meydan.tv\/az\/wp-json\/wp\/v2\/media\/326549"}],"wp:attachment":[{"href":"https:\/\/www.meydan.tv\/az\/wp-json\/wp\/v2\/media?parent=326546"}],"wp:term":[{"taxonomy":"category","embeddable":true,"href":"https:\/\/www.meydan.tv\/az\/wp-json\/wp\/v2\/categories?post=326546"},{"taxonomy":"post_tag","embeddable":true,"href":"https:\/\/www.meydan.tv\/az\/wp-json\/wp\/v2\/tags?post=326546"}],"curies":[{"name":"wp","href":"https:\/\/api.w.org\/{rel}","templated":true}]}}