{"id":326541,"date":"2025-02-18T21:17:55","date_gmt":"2025-02-18T17:17:55","guid":{"rendered":"https:\/\/www.meydan.tv\/?p=326541"},"modified":"2025-02-19T15:30:53","modified_gmt":"2025-02-19T11:30:53","slug":"iscil%c9%99rin-huquqlarinin-pozulmasina-etiraz-ed%c9%99n-f%c9%99ala-7-il-h%c9%99bs-ist%c9%99nildi","status":"publish","type":"post","link":"https:\/\/www.meydan.tv\/az\/article\/iscil%c9%99rin-huquqlarinin-pozulmasina-etiraz-ed%c9%99n-f%c9%99ala-7-il-h%c9%99bs-ist%c9%99nildi\/","title":{"rendered":"\u0130\u015f\u00e7il\u0259rin h\u00fcquqlar\u0131n\u0131n pozulmas\u0131na etiraz ed\u0259n f\u0259ala 7 il h\u0259bs ist\u0259nildi"},"content":{"rendered":"\n<p><\/p>\n\n\n\n<p><strong><em>N\u00f6vb\u0259ti m\u0259hk\u0259m\u0259 prosesind\u0259 M\u00f6hy\u0259ddin Orucovun v\u0259kili m\u00fcdafi\u0259 nitqil\u0259 \u00e7\u0131x\u0131\u015f ed\u0259c\u0259k<\/em><\/strong><\/p>\n\n\n\n<p>H\u0259bsd\u0259 olan ictimai f\u0259allardan daha biri &#8211; \u201c\u0130\u015f\u00e7i Masas\u0131\u201d H\u0259mkarlar \u0130ttifaqlar\u0131 Konfederasiyas\u0131n\u0131n \u00fczv\u00fc M\u00f6hy\u0259ddin Orucovun i\u015fi \u00fczr\u0259 m\u0259hk\u0259m\u0259 istintaq\u0131 yekunla\u015f\u0131b. Bak\u0131 A\u011f\u0131r Cinay\u0259tl\u0259r M\u0259hk\u0259m\u0259sind\u0259 hakim Rasim Sad\u0131xovun s\u0259drliyil\u0259 fevral\u0131n 18-d\u0259 ke\u00e7iril\u0259n prosesd\u0259 prokuror \u00e7\u0131x\u0131\u015f ed\u0259r\u0259k, M\u00f6hy\u0259ddin Orucovun 7 il azadl\u0131qdan m\u0259hrum edilm\u0259sini ist\u0259yib.<\/p>\n\n\n\n<p>D\u00f6vl\u0259t ittiham\u00e7\u0131s\u0131 Rauf Mal\u0131\u015fov bildirib ki, M\u00f6hy\u0259ddin Orucova qar\u015f\u0131 ir\u0259li s\u00fcr\u00fclm\u00fc\u015f narkotik ittiham\u0131 m\u0259hk\u0259m\u0259 istintaq\u0131 zaman\u0131 \u015fahid ifad\u0259l\u0259ri, ekspertiza r\u0259yl\u0259ri v\u0259 ba\u015fqa s\u00fcbutlarla t\u0259sdiqini tap\u0131b.<\/p>\n\n\n\n<p>M\u00f6hy\u0259ddin Orucov Cinay\u0259t M\u0259c\u0259ll\u0259sinin 234.4.3-c\u00fc (k\u00fclli miqdarda narkotik saxlama, da\u015f\u0131ma \u2013 sat\u0131\u015f m\u0259qs\u0259dil\u0259 t\u00f6r\u0259dildikd\u0259) madd\u0259sil\u0259 ittiham olunur. \u0130ttihama \u0259sas\u0259n, o, 2023-c\u00fc il dekabr\u0131n 13-d\u0259 saxlan\u0131lark\u0259n cibind\u0259n 3.2 qram narkotik tap\u0131l\u0131b.<\/p>\n\n\n\n<p>M\u00f6hy\u0259ddin Orucov is\u0259 i\u015fl\u0259diyi Transformator zavodunda i\u015f\u00e7il\u0259rin \u0259m\u0259k h\u00fcquqlar\u0131n\u0131n pozulmas\u0131 il\u0259 \u0259laq\u0259dar d\u00f6vl\u0259t qurumlar\u0131na etdiyi m\u00fcraci\u0259tl\u0259r\u0259 g\u00f6r\u0259 r\u0259hb\u0259rliyin sifari\u015fi il\u0259 polis t\u0259r\u0259find\u0259n \u015f\u0259rl\u0259ndiyini bildirib.<\/p>\n\n\n\n<p>Fevral\u0131n 25-d\u0259 ke\u00e7iril\u0259c\u0259k n\u00f6vb\u0259ti m\u0259hk\u0259m\u0259 prosesind\u0259 M\u00f6hy\u0259ddin Orucovun v\u0259kili Nazim Musayev m\u00fcdafi\u0259 nitqil\u0259 \u00e7\u0131x\u0131\u015f ed\u0259c\u0259k. Daha sonra ictimai f\u0259al \u00f6z\u00fc son s\u00f6z\u00fcn\u00fc dey\u0259c\u0259k v\u0259 h\u00f6km oxunacaq.<\/p>\n\n\n\n<p>\u0130\u015f\u00e7i Masas\u0131 H\u0259mkarlar \u0130ttifaq\u0131n\u0131n \u00fcmumilikd\u0259 4 \u00fczv\u00fc h\u0259bsd\u0259dir. Onlardan Afi\u0259ddin M\u0259mm\u0259dov 8 il, Ayxan \u0130srafilov v\u0259 Elvin Mustafayevin h\u0259r biri 3 il azadl\u0131qdan m\u0259hrum edilib. M\u00f6hy\u0259ddin Orucovun m\u0259hk\u0259m\u0259si is\u0259 davam edir.<\/p>\n\n\n\n<p>G\u0259nc f\u0259allar\u0131n he\u00e7 biri \u00f6z\u00fcn\u00fc t\u0259qsirli bilmir, onlar i\u015f\u00e7il\u0259rin h\u00fcquqlar\u0131n\u0131 m\u00fcdafi\u0259 etdikl\u0259rin\u0259 g\u00f6r\u0259 c\u0259zaland\u0131r\u0131ld\u0131qlar\u0131n\u0131 deyirl\u0259r.<\/p>\n","protected":false},"excerpt":{"rendered":"<p>N\u00f6vb\u0259ti m\u0259hk\u0259m\u0259 prosesind\u0259 M\u00f6hy\u0259ddin Orucovun v\u0259kili m\u00fcdafi\u0259 nitqil\u0259 \u00e7\u0131x\u0131\u015f ed\u0259c\u0259k &#8230; <\/p>\n<p class=\"read-more-container\"><a title=\"\u0130\u015f\u00e7il\u0259rin h\u00fcquqlar\u0131n\u0131n pozulmas\u0131na etiraz ed\u0259n f\u0259ala 7 il h\u0259bs ist\u0259nildi\" class=\"read-more button\" href=\"https:\/\/www.meydan.tv\/az\/article\/iscil%c9%99rin-huquqlarinin-pozulmasina-etiraz-ed%c9%99n-f%c9%99ala-7-il-h%c9%99bs-ist%c9%99nildi\/#more-326541\" aria-label=\"Read more about \u0130\u015f\u00e7il\u0259rin h\u00fcquqlar\u0131n\u0131n pozulmas\u0131na etiraz ed\u0259n f\u0259ala 7 il h\u0259bs ist\u0259nildi\">Davam\u0131<\/a><\/p>\n","protected":false},"author":21,"featured_media":326566,"comment_status":"closed","ping_status":"closed","sticky":false,"template":"","format":"standard","meta":{"_acf_changed":false,"_sitemap_exclude":false,"_sitemap_priority":"","_sitemap_frequency":"","footnotes":""},"categories":[59,79,56],"tags":[],"class_list":["post-326541","post","type-post","status-publish","format-standard","has-post-thumbnail","hentry","category-siyaset","category-featured","category-xeberler","infinite-scroll-item","generate-columns","tablet-grid-50","mobile-grid-100","grid-parent","grid-33","no-featured-image-padding"],"acf":[],"yoast_head":"<!-- This site is optimized with the Yoast SEO plugin v27.5 - https:\/\/yoast.com\/product\/yoast-seo-wordpress\/ -->\n<title>\u0130\u015f\u00e7il\u0259rin h\u00fcquqlar\u0131n\u0131n pozulmas\u0131na etiraz ed\u0259n f\u0259ala 7 il h\u0259bs ist\u0259nildi - MEYDAN.TV<\/title>\n<meta name=\"robots\" content=\"index, follow, max-snippet:-1, max-image-preview:large, max-video-preview:-1\" \/>\n<link rel=\"canonical\" href=\"https:\/\/www.meydan.tv\/az\/article\/iscil%c9%99rin-huquqlarinin-pozulmasina-etiraz-ed%c9%99n-f%c9%99ala-7-il-h%c9%99bs-ist%c9%99nildi\/\" \/>\n<meta property=\"og:locale\" content=\"az_AZ\" \/>\n<meta property=\"og:type\" content=\"article\" \/>\n<meta property=\"og:title\" content=\"\u0130\u015f\u00e7il\u0259rin h\u00fcquqlar\u0131n\u0131n pozulmas\u0131na etiraz ed\u0259n f\u0259ala 7 il h\u0259bs ist\u0259nildi - MEYDAN.TV\" \/>\n<meta property=\"og:description\" content=\"N\u00f6vb\u0259ti m\u0259hk\u0259m\u0259 prosesind\u0259 M\u00f6hy\u0259ddin Orucovun v\u0259kili m\u00fcdafi\u0259 nitqil\u0259 \u00e7\u0131x\u0131\u015f ed\u0259c\u0259k ... Davam\u0131\" \/>\n<meta property=\"og:url\" content=\"https:\/\/www.meydan.tv\/az\/article\/iscil%c9%99rin-huquqlarinin-pozulmasina-etiraz-ed%c9%99n-f%c9%99ala-7-il-h%c9%99bs-ist%c9%99nildi\/\" \/>\n<meta property=\"og:site_name\" content=\"MEYDAN.TV\" \/>\n<meta property=\"article:published_time\" content=\"2025-02-18T17:17:55+00:00\" \/>\n<meta property=\"article:modified_time\" content=\"2025-02-19T11:30:53+00:00\" \/>\n<meta property=\"og:image\" content=\"https:\/\/www.meydan.tv\/wp-content\/uploads\/00009.png\" \/>\n\t<meta property=\"og:image:width\" content=\"1179\" \/>\n\t<meta property=\"og:image:height\" content=\"576\" \/>\n\t<meta property=\"og:image:type\" content=\"image\/png\" \/>\n<meta name=\"author\" content=\"mahmud\" \/>\n<meta name=\"twitter:card\" content=\"summary_large_image\" \/>\n<script type=\"application\/ld+json\" class=\"yoast-schema-graph\">{\"@context\":\"https:\\\/\\\/schema.org\",\"@graph\":[{\"@type\":\"Article\",\"@id\":\"https:\\\/\\\/www.meydan.tv\\\/az\\\/article\\\/iscil%c9%99rin-huquqlarinin-pozulmasina-etiraz-ed%c9%99n-f%c9%99ala-7-il-h%c9%99bs-ist%c9%99nildi\\\/#article\",\"isPartOf\":{\"@id\":\"https:\\\/\\\/www.meydan.tv\\\/az\\\/article\\\/iscil%c9%99rin-huquqlarinin-pozulmasina-etiraz-ed%c9%99n-f%c9%99ala-7-il-h%c9%99bs-ist%c9%99nildi\\\/\"},\"author\":{\"name\":\"mahmud\",\"@id\":\"https:\\\/\\\/www.meydan.tv\\\/az\\\/#\\\/schema\\\/person\\\/09863e516102a829e72bedcf3f84c6b0\"},\"headline\":\"\u0130\u015f\u00e7il\u0259rin h\u00fcquqlar\u0131n\u0131n pozulmas\u0131na etiraz ed\u0259n f\u0259ala 7 il h\u0259bs ist\u0259nildi\",\"datePublished\":\"2025-02-18T17:17:55+00:00\",\"dateModified\":\"2025-02-19T11:30:53+00:00\",\"mainEntityOfPage\":{\"@id\":\"https:\\\/\\\/www.meydan.tv\\\/az\\\/article\\\/iscil%c9%99rin-huquqlarinin-pozulmasina-etiraz-ed%c9%99n-f%c9%99ala-7-il-h%c9%99bs-ist%c9%99nildi\\\/\"},\"wordCount\":374,\"publisher\":{\"@id\":\"https:\\\/\\\/www.meydan.tv\\\/az\\\/#organization\"},\"image\":{\"@id\":\"https:\\\/\\\/www.meydan.tv\\\/az\\\/article\\\/iscil%c9%99rin-huquqlarinin-pozulmasina-etiraz-ed%c9%99n-f%c9%99ala-7-il-h%c9%99bs-ist%c9%99nildi\\\/#primaryimage\"},\"thumbnailUrl\":\"https:\\\/\\\/www.meydan.tv\\\/wp-content\\\/uploads\\\/00009.png\",\"articleSection\":[\"Siyas\u0259t\",\"T\u00f6vsiy\u0259\",\"X\u0259b\u0259rl\u0259r\"],\"inLanguage\":\"az\"},{\"@type\":\"WebPage\",\"@id\":\"https:\\\/\\\/www.meydan.tv\\\/az\\\/article\\\/iscil%c9%99rin-huquqlarinin-pozulmasina-etiraz-ed%c9%99n-f%c9%99ala-7-il-h%c9%99bs-ist%c9%99nildi\\\/\",\"url\":\"https:\\\/\\\/www.meydan.tv\\\/az\\\/article\\\/iscil%c9%99rin-huquqlarinin-pozulmasina-etiraz-ed%c9%99n-f%c9%99ala-7-il-h%c9%99bs-ist%c9%99nildi\\\/\",\"name\":\"\u0130\u015f\u00e7il\u0259rin h\u00fcquqlar\u0131n\u0131n pozulmas\u0131na etiraz ed\u0259n f\u0259ala 7 il h\u0259bs ist\u0259nildi - MEYDAN.TV\",\"isPartOf\":{\"@id\":\"https:\\\/\\\/www.meydan.tv\\\/az\\\/#website\"},\"primaryImageOfPage\":{\"@id\":\"https:\\\/\\\/www.meydan.tv\\\/az\\\/article\\\/iscil%c9%99rin-huquqlarinin-pozulmasina-etiraz-ed%c9%99n-f%c9%99ala-7-il-h%c9%99bs-ist%c9%99nildi\\\/#primaryimage\"},\"image\":{\"@id\":\"https:\\\/\\\/www.meydan.tv\\\/az\\\/article\\\/iscil%c9%99rin-huquqlarinin-pozulmasina-etiraz-ed%c9%99n-f%c9%99ala-7-il-h%c9%99bs-ist%c9%99nildi\\\/#primaryimage\"},\"thumbnailUrl\":\"https:\\\/\\\/www.meydan.tv\\\/wp-content\\\/uploads\\\/00009.png\",\"datePublished\":\"2025-02-18T17:17:55+00:00\",\"dateModified\":\"2025-02-19T11:30:53+00:00\",\"breadcrumb\":{\"@id\":\"https:\\\/\\\/www.meydan.tv\\\/az\\\/article\\\/iscil%c9%99rin-huquqlarinin-pozulmasina-etiraz-ed%c9%99n-f%c9%99ala-7-il-h%c9%99bs-ist%c9%99nildi\\\/#breadcrumb\"},\"inLanguage\":\"az\",\"potentialAction\":[{\"@type\":\"ReadAction\",\"target\":[\"https:\\\/\\\/www.meydan.tv\\\/az\\\/article\\\/iscil%c9%99rin-huquqlarinin-pozulmasina-etiraz-ed%c9%99n-f%c9%99ala-7-il-h%c9%99bs-ist%c9%99nildi\\\/\"]}]},{\"@type\":\"ImageObject\",\"inLanguage\":\"az\",\"@id\":\"https:\\\/\\\/www.meydan.tv\\\/az\\\/article\\\/iscil%c9%99rin-huquqlarinin-pozulmasina-etiraz-ed%c9%99n-f%c9%99ala-7-il-h%c9%99bs-ist%c9%99nildi\\\/#primaryimage\",\"url\":\"https:\\\/\\\/www.meydan.tv\\\/wp-content\\\/uploads\\\/00009.png\",\"contentUrl\":\"https:\\\/\\\/www.meydan.tv\\\/wp-content\\\/uploads\\\/00009.png\",\"width\":1179,\"height\":576,\"caption\":\"Foto-kollaj: Meydan TV\"},{\"@type\":\"BreadcrumbList\",\"@id\":\"https:\\\/\\\/www.meydan.tv\\\/az\\\/article\\\/iscil%c9%99rin-huquqlarinin-pozulmasina-etiraz-ed%c9%99n-f%c9%99ala-7-il-h%c9%99bs-ist%c9%99nildi\\\/#breadcrumb\",\"itemListElement\":[{\"@type\":\"ListItem\",\"position\":1,\"name\":\"Ana s\u0259hif\u0259\",\"item\":\"https:\\\/\\\/www.meydan.tv\\\/az\\\/\"},{\"@type\":\"ListItem\",\"position\":2,\"name\":\"Siyas\u0259t\",\"item\":\"https:\\\/\\\/www.meydan.tv\\\/az\\\/section\\\/siyaset\\\/\"},{\"@type\":\"ListItem\",\"position\":3,\"name\":\"\u0130\u015f\u00e7il\u0259rin h\u00fcquqlar\u0131n\u0131n pozulmas\u0131na etiraz ed\u0259n f\u0259ala 7 il h\u0259bs ist\u0259nildi\"}]},{\"@type\":\"WebSite\",\"@id\":\"https:\\\/\\\/www.meydan.tv\\\/az\\\/#website\",\"url\":\"https:\\\/\\\/www.meydan.tv\\\/az\\\/\",\"name\":\"MEYDAN.TV\",\"description\":\"Meydan TV Az\u0259rbaycan\u0131n media m\u0259kan\u0131ndak\u0131 alternativ s\u0259sidir\",\"publisher\":{\"@id\":\"https:\\\/\\\/www.meydan.tv\\\/az\\\/#organization\"},\"potentialAction\":[{\"@type\":\"SearchAction\",\"target\":{\"@type\":\"EntryPoint\",\"urlTemplate\":\"https:\\\/\\\/www.meydan.tv\\\/az\\\/?s={search_term_string}\"},\"query-input\":{\"@type\":\"PropertyValueSpecification\",\"valueRequired\":true,\"valueName\":\"search_term_string\"}}],\"inLanguage\":\"az\"},{\"@type\":\"Organization\",\"@id\":\"https:\\\/\\\/www.meydan.tv\\\/az\\\/#organization\",\"name\":\"Meydan TV\",\"url\":\"https:\\\/\\\/www.meydan.tv\\\/az\\\/\",\"logo\":{\"@type\":\"ImageObject\",\"inLanguage\":\"az\",\"@id\":\"https:\\\/\\\/www.meydan.tv\\\/az\\\/#\\\/schema\\\/logo\\\/image\\\/\",\"url\":\"https:\\\/\\\/www.meydan.tv\\\/wp-content\\\/uploads\\\/2021\\\/07\\\/meydan-logo.svg\",\"contentUrl\":\"https:\\\/\\\/www.meydan.tv\\\/wp-content\\\/uploads\\\/2021\\\/07\\\/meydan-logo.svg\",\"width\":195,\"height\":46,\"caption\":\"Meydan TV\"},\"image\":{\"@id\":\"https:\\\/\\\/www.meydan.tv\\\/az\\\/#\\\/schema\\\/logo\\\/image\\\/\"}},{\"@type\":\"Person\",\"@id\":\"https:\\\/\\\/www.meydan.tv\\\/az\\\/#\\\/schema\\\/person\\\/09863e516102a829e72bedcf3f84c6b0\",\"name\":\"mahmud\"}]}<\/script>\n<!-- \/ Yoast SEO plugin. -->","yoast_head_json":{"title":"\u0130\u015f\u00e7il\u0259rin h\u00fcquqlar\u0131n\u0131n pozulmas\u0131na etiraz ed\u0259n f\u0259ala 7 il h\u0259bs ist\u0259nildi - MEYDAN.TV","robots":{"index":"index","follow":"follow","max-snippet":"max-snippet:-1","max-image-preview":"max-image-preview:large","max-video-preview":"max-video-preview:-1"},"canonical":"https:\/\/www.meydan.tv\/az\/article\/iscil%c9%99rin-huquqlarinin-pozulmasina-etiraz-ed%c9%99n-f%c9%99ala-7-il-h%c9%99bs-ist%c9%99nildi\/","og_locale":"az_AZ","og_type":"article","og_title":"\u0130\u015f\u00e7il\u0259rin h\u00fcquqlar\u0131n\u0131n pozulmas\u0131na etiraz ed\u0259n f\u0259ala 7 il h\u0259bs ist\u0259nildi - MEYDAN.TV","og_description":"N\u00f6vb\u0259ti m\u0259hk\u0259m\u0259 prosesind\u0259 M\u00f6hy\u0259ddin Orucovun v\u0259kili m\u00fcdafi\u0259 nitqil\u0259 \u00e7\u0131x\u0131\u015f ed\u0259c\u0259k ... Davam\u0131","og_url":"https:\/\/www.meydan.tv\/az\/article\/iscil%c9%99rin-huquqlarinin-pozulmasina-etiraz-ed%c9%99n-f%c9%99ala-7-il-h%c9%99bs-ist%c9%99nildi\/","og_site_name":"MEYDAN.TV","article_published_time":"2025-02-18T17:17:55+00:00","article_modified_time":"2025-02-19T11:30:53+00:00","og_image":[{"width":1179,"height":576,"url":"https:\/\/www.meydan.tv\/wp-content\/uploads\/00009.png","type":"image\/png"}],"author":"mahmud","twitter_card":"summary_large_image","schema":{"@context":"https:\/\/schema.org","@graph":[{"@type":"Article","@id":"https:\/\/www.meydan.tv\/az\/article\/iscil%c9%99rin-huquqlarinin-pozulmasina-etiraz-ed%c9%99n-f%c9%99ala-7-il-h%c9%99bs-ist%c9%99nildi\/#article","isPartOf":{"@id":"https:\/\/www.meydan.tv\/az\/article\/iscil%c9%99rin-huquqlarinin-pozulmasina-etiraz-ed%c9%99n-f%c9%99ala-7-il-h%c9%99bs-ist%c9%99nildi\/"},"author":{"name":"mahmud","@id":"https:\/\/www.meydan.tv\/az\/#\/schema\/person\/09863e516102a829e72bedcf3f84c6b0"},"headline":"\u0130\u015f\u00e7il\u0259rin h\u00fcquqlar\u0131n\u0131n pozulmas\u0131na etiraz ed\u0259n f\u0259ala 7 il h\u0259bs ist\u0259nildi","datePublished":"2025-02-18T17:17:55+00:00","dateModified":"2025-02-19T11:30:53+00:00","mainEntityOfPage":{"@id":"https:\/\/www.meydan.tv\/az\/article\/iscil%c9%99rin-huquqlarinin-pozulmasina-etiraz-ed%c9%99n-f%c9%99ala-7-il-h%c9%99bs-ist%c9%99nildi\/"},"wordCount":374,"publisher":{"@id":"https:\/\/www.meydan.tv\/az\/#organization"},"image":{"@id":"https:\/\/www.meydan.tv\/az\/article\/iscil%c9%99rin-huquqlarinin-pozulmasina-etiraz-ed%c9%99n-f%c9%99ala-7-il-h%c9%99bs-ist%c9%99nildi\/#primaryimage"},"thumbnailUrl":"https:\/\/www.meydan.tv\/wp-content\/uploads\/00009.png","articleSection":["Siyas\u0259t","T\u00f6vsiy\u0259","X\u0259b\u0259rl\u0259r"],"inLanguage":"az"},{"@type":"WebPage","@id":"https:\/\/www.meydan.tv\/az\/article\/iscil%c9%99rin-huquqlarinin-pozulmasina-etiraz-ed%c9%99n-f%c9%99ala-7-il-h%c9%99bs-ist%c9%99nildi\/","url":"https:\/\/www.meydan.tv\/az\/article\/iscil%c9%99rin-huquqlarinin-pozulmasina-etiraz-ed%c9%99n-f%c9%99ala-7-il-h%c9%99bs-ist%c9%99nildi\/","name":"\u0130\u015f\u00e7il\u0259rin h\u00fcquqlar\u0131n\u0131n pozulmas\u0131na etiraz ed\u0259n f\u0259ala 7 il h\u0259bs ist\u0259nildi - MEYDAN.TV","isPartOf":{"@id":"https:\/\/www.meydan.tv\/az\/#website"},"primaryImageOfPage":{"@id":"https:\/\/www.meydan.tv\/az\/article\/iscil%c9%99rin-huquqlarinin-pozulmasina-etiraz-ed%c9%99n-f%c9%99ala-7-il-h%c9%99bs-ist%c9%99nildi\/#primaryimage"},"image":{"@id":"https:\/\/www.meydan.tv\/az\/article\/iscil%c9%99rin-huquqlarinin-pozulmasina-etiraz-ed%c9%99n-f%c9%99ala-7-il-h%c9%99bs-ist%c9%99nildi\/#primaryimage"},"thumbnailUrl":"https:\/\/www.meydan.tv\/wp-content\/uploads\/00009.png","datePublished":"2025-02-18T17:17:55+00:00","dateModified":"2025-02-19T11:30:53+00:00","breadcrumb":{"@id":"https:\/\/www.meydan.tv\/az\/article\/iscil%c9%99rin-huquqlarinin-pozulmasina-etiraz-ed%c9%99n-f%c9%99ala-7-il-h%c9%99bs-ist%c9%99nildi\/#breadcrumb"},"inLanguage":"az","potentialAction":[{"@type":"ReadAction","target":["https:\/\/www.meydan.tv\/az\/article\/iscil%c9%99rin-huquqlarinin-pozulmasina-etiraz-ed%c9%99n-f%c9%99ala-7-il-h%c9%99bs-ist%c9%99nildi\/"]}]},{"@type":"ImageObject","inLanguage":"az","@id":"https:\/\/www.meydan.tv\/az\/article\/iscil%c9%99rin-huquqlarinin-pozulmasina-etiraz-ed%c9%99n-f%c9%99ala-7-il-h%c9%99bs-ist%c9%99nildi\/#primaryimage","url":"https:\/\/www.meydan.tv\/wp-content\/uploads\/00009.png","contentUrl":"https:\/\/www.meydan.tv\/wp-content\/uploads\/00009.png","width":1179,"height":576,"caption":"Foto-kollaj: Meydan TV"},{"@type":"BreadcrumbList","@id":"https:\/\/www.meydan.tv\/az\/article\/iscil%c9%99rin-huquqlarinin-pozulmasina-etiraz-ed%c9%99n-f%c9%99ala-7-il-h%c9%99bs-ist%c9%99nildi\/#breadcrumb","itemListElement":[{"@type":"ListItem","position":1,"name":"Ana s\u0259hif\u0259","item":"https:\/\/www.meydan.tv\/az\/"},{"@type":"ListItem","position":2,"name":"Siyas\u0259t","item":"https:\/\/www.meydan.tv\/az\/section\/siyaset\/"},{"@type":"ListItem","position":3,"name":"\u0130\u015f\u00e7il\u0259rin h\u00fcquqlar\u0131n\u0131n pozulmas\u0131na etiraz ed\u0259n f\u0259ala 7 il h\u0259bs ist\u0259nildi"}]},{"@type":"WebSite","@id":"https:\/\/www.meydan.tv\/az\/#website","url":"https:\/\/www.meydan.tv\/az\/","name":"MEYDAN.TV","description":"Meydan TV Az\u0259rbaycan\u0131n media m\u0259kan\u0131ndak\u0131 alternativ s\u0259sidir","publisher":{"@id":"https:\/\/www.meydan.tv\/az\/#organization"},"potentialAction":[{"@type":"SearchAction","target":{"@type":"EntryPoint","urlTemplate":"https:\/\/www.meydan.tv\/az\/?s={search_term_string}"},"query-input":{"@type":"PropertyValueSpecification","valueRequired":true,"valueName":"search_term_string"}}],"inLanguage":"az"},{"@type":"Organization","@id":"https:\/\/www.meydan.tv\/az\/#organization","name":"Meydan TV","url":"https:\/\/www.meydan.tv\/az\/","logo":{"@type":"ImageObject","inLanguage":"az","@id":"https:\/\/www.meydan.tv\/az\/#\/schema\/logo\/image\/","url":"https:\/\/www.meydan.tv\/wp-content\/uploads\/2021\/07\/meydan-logo.svg","contentUrl":"https:\/\/www.meydan.tv\/wp-content\/uploads\/2021\/07\/meydan-logo.svg","width":195,"height":46,"caption":"Meydan TV"},"image":{"@id":"https:\/\/www.meydan.tv\/az\/#\/schema\/logo\/image\/"}},{"@type":"Person","@id":"https:\/\/www.meydan.tv\/az\/#\/schema\/person\/09863e516102a829e72bedcf3f84c6b0","name":"mahmud"}]}},"_links":{"self":[{"href":"https:\/\/www.meydan.tv\/az\/wp-json\/wp\/v2\/posts\/326541","targetHints":{"allow":["GET"]}}],"collection":[{"href":"https:\/\/www.meydan.tv\/az\/wp-json\/wp\/v2\/posts"}],"about":[{"href":"https:\/\/www.meydan.tv\/az\/wp-json\/wp\/v2\/types\/post"}],"author":[{"embeddable":true,"href":"https:\/\/www.meydan.tv\/az\/wp-json\/wp\/v2\/users\/21"}],"replies":[{"embeddable":true,"href":"https:\/\/www.meydan.tv\/az\/wp-json\/wp\/v2\/comments?post=326541"}],"version-history":[{"count":2,"href":"https:\/\/www.meydan.tv\/az\/wp-json\/wp\/v2\/posts\/326541\/revisions"}],"predecessor-version":[{"id":326562,"href":"https:\/\/www.meydan.tv\/az\/wp-json\/wp\/v2\/posts\/326541\/revisions\/326562"}],"wp:featuredmedia":[{"embeddable":true,"href":"https:\/\/www.meydan.tv\/az\/wp-json\/wp\/v2\/media\/326566"}],"wp:attachment":[{"href":"https:\/\/www.meydan.tv\/az\/wp-json\/wp\/v2\/media?parent=326541"}],"wp:term":[{"taxonomy":"category","embeddable":true,"href":"https:\/\/www.meydan.tv\/az\/wp-json\/wp\/v2\/categories?post=326541"},{"taxonomy":"post_tag","embeddable":true,"href":"https:\/\/www.meydan.tv\/az\/wp-json\/wp\/v2\/tags?post=326541"}],"curies":[{"name":"wp","href":"https:\/\/api.w.org\/{rel}","templated":true}]}}