{"id":326534,"date":"2025-02-18T18:54:03","date_gmt":"2025-02-18T14:54:03","guid":{"rendered":"https:\/\/www.meydan.tv\/?p=326534"},"modified":"2025-02-18T18:54:06","modified_gmt":"2025-02-18T14:54:06","slug":"avropa-m%c9%99hk%c9%99m%c9%99si-hokum%c9%99ti-yen%c9%99-d%c9%99-c%c9%99rim%c9%99l%c9%99di","status":"publish","type":"post","link":"https:\/\/www.meydan.tv\/az\/article\/avropa-m%c9%99hk%c9%99m%c9%99si-hokum%c9%99ti-yen%c9%99-d%c9%99-c%c9%99rim%c9%99l%c9%99di\/","title":{"rendered":"Avropa M\u0259hk\u0259m\u0259si h\u00f6kum\u0259ti yen\u0259 d\u0259 c\u0259rim\u0259l\u0259di"},"content":{"rendered":"\n<p><\/p>\n\n\n\n<p><strong><em>H\u00f6kum\u0259t MTR\u015e-ya g\u00f6r\u0259 Mehman \u018fliyev v\u0259 Emin H\u00fcseynova kompensasiya \u00f6d\u0259m\u0259li olacaq<\/em><\/strong><\/p>\n\n\n\n<p>Avropa \u0130nsan H\u00fcquqlar\u0131 M\u0259hk\u0259m\u0259si (A\u0130HM) ke\u00e7mi\u015f Milli Televiziya v\u0259 Radio \u015euras\u0131n\u0131n 2010-cu ild\u0259 \u201cObyektiv Radio\u201dya yay\u0131m h\u00fcququ verm\u0259kd\u0259n imtina ed\u0259rk\u0259n ifad\u0259 azadl\u0131\u011f\u0131n\u0131n pozmas\u0131 il\u0259 ba\u011fl\u0131 <a href=\"https:\/\/hudoc.echr.coe.int\/#{%22itemid%22:[%22001-241829%22]}\" target=\"_blank\" rel=\"noreferrer noopener\">q\u0259rar\u0131n\u0131 <\/a>elan edib.<\/p>\n\n\n\n<p>\u201cObyektiv Televiziya v\u0259 Radio Yay\u0131m \u015eirk\u0259ti v\u0259 ba\u015fqalar\u0131 Az\u0259rbaycana qar\u015f\u0131\u201d i\u015fin\u0259 g\u00f6r\u0259, \u0259riz\u0259\u00e7il\u0259r \u2013 \u201cObyektiv Radio\u201d v\u0259 onun t\u0259sis\u00e7il\u0259ri Mehman \u018fliyev v\u0259 Emin H\u00fcseynov, habel\u0259 \u201cAlternativ Radio\u201dnun t\u0259sis\u00e7isi R\u0259sul C\u0259f\u0259rov 2010-cu ild\u0259 103.3 FM radio tezliyi \u00fczr\u0259 yay\u0131m lisenziyas\u0131 \u00fc\u00e7\u00fcn tender\u0259 qat\u0131l\u0131blar.<\/p>\n\n\n\n<p>Ke\u00e7mi\u015f Milli Televiziya v\u0259 Radio \u015euras\u0131n\u0131n (MTR\u015e) ke\u00e7irdiyi tenderin qalibi is\u0259 \u201cGolden Prince\u201d \u015firk\u0259ti elan olunur. \u0130\u015fin hallar\u0131nda qeyd edilir ki, sonradan bu \u015firk\u0259tin ke\u00e7mi\u015f d\u00f6vl\u0259t m\u0259muru \u018fli H\u0259s\u0259nova ba\u011fl\u0131 oldu\u011fu ortaya \u00e7\u0131x\u0131b.<\/p>\n\n\n\n<p>Tenderin n\u0259tic\u0259l\u0259ri il\u0259 raz\u0131la\u015fmayan \u0259riz\u0259\u00e7il\u0259r yerli m\u0259hk\u0259m\u0259l\u0259r qar\u015f\u0131s\u0131nda MTR\u015e-nin \u201cinhisar\u00e7\u0131\u201d v\u0259 m\u00fcst\u0259qil mediaya qar\u015f\u0131 q\u0259r\u0259zli yana\u015fmas\u0131n\u0131, bir s\u0131ra dig\u0259r pozuntular\u0131 \u0259sas g\u0259tir\u0259r\u0259k n\u0259tic\u0259l\u0259rin l\u0259\u011fvini t\u0259l\u0259b ets\u0259l\u0259r d\u0259, onlar\u0131n \u015fikay\u0259tl\u0259ri t\u0259min edilm\u0259yib.<\/p>\n\n\n\n<p>Avropa \u0130nsan H\u00fcquqlar\u0131 Konvensiyas\u0131n\u0131n 10-cu madd\u0259sin\u0259 \u0259saslanan \u0259riz\u0259\u00e7il\u0259r Avropa M\u0259hk\u0259m\u0259si qar\u015f\u0131s\u0131nda iddia qald\u0131r\u0131blar ki, MTR\u015e-nin q\u0259rar\u0131 onlar\u0131n ifad\u0259 azadl\u0131\u011f\u0131na \u00f6zba\u015f\u0131na m\u00fcdaxil\u0259 t\u0259\u015fkil edib. Onlar bunu \u201cq\u00fcsurlu prosedur\u201d, \u201c\u015f\u0259ffafl\u0131q v\u0259 m\u0259ntiqi \u0259sasland\u0131rman\u0131n\u201d olmamas\u0131 il\u0259 \u0259laq\u0259l\u0259ndiribl\u0259r.<\/p>\n\n\n\n<p>M\u0259hk\u0259m\u0259 i\u015finin kommunikasiyas\u0131 zaman\u0131 R\u0259sul C\u0259f\u0259rov v\u0259 h\u00f6kum\u0259t dostca raz\u0131la\u015fma \u0259ld\u0259 edibl\u0259r. Raz\u0131la\u015fmaya \u0259sas\u0259n, C\u0259f\u0259rov \u0259riz\u0259sini geri g\u00f6t\u00fcrm\u0259yi, h\u00f6kum\u0259t is\u0259 ona 3 min avro kompensasiya \u00f6d\u0259m\u0259yi \u00f6hd\u0259sin\u0259 g\u00f6t\u00fcr\u00fcb.<\/p>\n\n\n\n<p>Dig\u0259r \u0259riz\u0259\u00e7il\u0259r, \u201cObyektiv Radio\u201d v\u0259 t\u0259sis\u00e7il\u0259ri Mehman \u018fliyev v\u0259 Emin H\u00fcseynov is\u0259 \u015fikay\u0259tl\u0259rini davam etdiribl\u0259r. Onlar\u0131 m\u0259hk\u0259m\u0259 qar\u015f\u0131s\u0131nda v\u0259kil R\u0259\u015fid Hac\u0131l\u0131 t\u0259msil edib.<\/p>\n\n\n\n<p>Avropa M\u0259hk\u0259m\u0259si bu g\u00fcn a\u00e7\u0131qlad\u0131\u011f\u0131 q\u0259rar\u0131nda \u0259riz\u0259\u00e7il\u0259r\u0259 m\u00fcnasib\u0259td\u0259 ifad\u0259 azadl\u0131\u011f\u0131n\u0131n pozuntusunu tan\u0131y\u0131b.<\/p>\n\n\n\n<p>M\u0259hk\u0259m\u0259 q\u0259rar\u0131nda MTR\u015e-nin prosedurlar\u0131 il\u0259 ba\u011fl\u0131 probleml\u0259rini, o c\u00fcml\u0259d\u0259n \u0259sasland\u0131r\u0131lm\u0131\u015f q\u0259rar\u0131n olmamas\u0131, maraqlar\u0131n toqqu\u015fmas\u0131 v\u0259 ifad\u0259 azadl\u0131\u011f\u0131na \u00f6zba\u015f\u0131na m\u00fcdaxil\u0259l\u0259rd\u0259n adekvat m\u00fcdafi\u0259nin t\u0259min olunmamas\u0131n\u0131 qeyd edib.<\/p>\n\n\n\n<p>Q\u0259rara \u0259sas\u0259n, h\u00f6kum\u0259t \u0259riz\u0259\u00e7il\u0259r\u0259 m\u0259n\u0259vi z\u0259r\u0259r\u0259 g\u00f6r\u0259 4500 avro, x\u0259rcl\u0259r\u0259 g\u00f6r\u0259 2 min avro m\u0259bl\u0259\u011find\u0259 kompensasiya \u00f6d\u0259m\u0259li olacaq.<\/p>\n\n\n\n<p>Avropa M\u0259hk\u0259m\u0259si bu g\u00fcn h\u0259m\u00e7inin \u00fcmumilikd\u0259 21 \u0259riz\u0259nin yer ald\u0131\u011f\u0131 \u201c<a href=\"https:\/\/hudoc.echr.coe.int\/?i=001-241800\" target=\"_blank\" rel=\"noreferrer noopener\">\u018fl\u0259sg\u0259rov v\u0259 ba\u015fqalar\u0131 Az\u0259rbaycana qar\u015f\u0131<\/a>\u201d i\u015fi \u00fczr\u0259 d\u0259 yekun q\u0259rar\u0131n\u0131 elan edib.<br><br>Ab\u015feron rayonunun Mehdiabad q\u0259s\u0259b\u0259sind\u0259 ya\u015fayan 5 ail\u0259y\u0259 m\u0259xsus \u0259mlaklar \u2013 evl\u0259r, m\u0259nzill\u0259r, torpaq, qeyri-ya\u015fay\u0131\u015f sah\u0259l\u0259ri d\u00f6vl\u0259t orqanlar\u0131n\u0131n s\u0259r\u0259ncamlar\u0131na \u0259sas\u0259n v\u0259 ya h\u0259r hans\u0131 s\u0259r\u0259ncam olmadan m\u00fcxt\u0259lif \u0259saslarla \u00f6zg\u0259ninkil\u0259\u015fdirilmi\u015f v\u0259 tikilil\u0259r s\u00f6k\u00fclm\u00fc\u015fd\u00fc.<br><br>\u00d6zg\u0259ninkil\u0259\u015fdiril\u0259n \u0259mlaklar\u0131n kompensasiyas\u0131 \u00fc\u00e7\u00fcn \u0259riz\u0259\u00e7il\u0259rin b\u0259zil\u0259rin\u0259 m\u00fc\u0259yy\u0259n m\u0259bl\u0259\u011fd\u0259 pul \u00f6d\u0259nilmi\u015f v\u0259 ya ba\u015fqa \u0259mlak verilmi\u015fdi.<br><br>\u018friz\u0259\u00e7il\u0259r Avropa Konvensiyas\u0131n\u0131n 1 sayl\u0131 Protokolunun 1-ci madd\u0259si il\u0259 t\u0259minat alt\u0131na al\u0131nan m\u00fclkiyy\u0259t, 6-c\u0131 v\u0259 13-c\u00fc madd\u0259l\u0259rl\u0259 qorunan \u0259dal\u0259tli m\u0259hk\u0259m\u0259 ara\u015fd\u0131rmas\u0131, s\u0259m\u0259r\u0259li m\u00fcdafi\u0259 vasit\u0259l\u0259rin\u0259 sahib olmaq h\u00fcquqlar\u0131n\u0131n pozuntusunu m\u00fcbahis\u0259l\u0259ndiribl\u0259r.<br><br>B\u0259zi \u0259riz\u0259\u00e7il\u0259r f\u0259rdi \u015fikay\u0259t h\u00fcququnun pozuntusuna m\u0259ruz qald\u0131qlar\u0131n\u0131 da iddia edibl\u0259r. Bel\u0259 ki onlar\u0131n h\u00fcquqi t\u0259msil\u00e7isi h\u0259bs edil\u0259rk\u0259n, h\u0259min vaxt onun ofisind\u0259 axtar\u0131\u015f apar\u0131lm\u0131\u015f v\u0259 m\u0259hk\u0259m\u0259 i\u015fin\u0259 aid s\u0259n\u0259dl\u0259r g\u00f6t\u00fcr\u00fclm\u00fc\u015fd\u00fc.<\/p>\n\n\n\n<p>A\u0130HM h\u0259l\u0259 2022-ci ild\u0259 \u0259riz\u0259\u00e7il\u0259r\u0259 m\u00fcnasib\u0259td\u0259 (\u018fl\u0259sg\u0259r \u018fl\u0259sg\u0259rov, Z\u00fcleyxa \u018fl\u0259sg\u0259rova, B\u0259xtiyar \u018fl\u0259sg\u0259rov, K\u0259mal\u0259 \u018fl\u0259sg\u0259rova, Kamran \u018fl\u0259sg\u0259rov, Eldar Bayramov, Ta\u011f\u0131 Bayramov, Af\u0259t Bayramova, Sultan Q\u0259dirov, Z\u00fcleyxa Q\u0259dirova, Arzu Q\u0259dirova, \u018fs\u0259d Q\u0259dirov, F\u0259rid\u0259 Q\u0259dirova, Ha\u011f\u0131 Na\u011f\u0131yev, Hiday\u0259t Na\u011f\u0131yev, Sona Na\u011f\u0131yeva, Lal\u0259 Na\u011f\u0131yeva, Ayd\u0131n Ramazanov, Kifay\u0259t C\u0259f\u0259rova, Ceyran Ramazanova, Taley\u0259 Ramazanova, Aynur Ramazanova) m\u00fclkiyy\u0259t h\u00fcquqlar\u0131n\u0131n pozulmas\u0131na dair q\u0259rar vermi\u015fdi.<br><br>H\u0259min vaxt \u0259riz\u0259\u00e7il\u0259r\u0259 \u0259dal\u0259tli t\u0259zminatlar\u0131n \u00f6d\u0259nilm\u0259sin\u0259 q\u0259rar verm\u0259y\u0259 haz\u0131r olmad\u0131\u011f\u0131n\u0131 ifad\u0259 ed\u0259n A\u0130HM Az\u0259rbaycan h\u00f6kum\u0259tind\u0259n yaz\u0131l\u0131 t\u0259qdimat ist\u0259mi\u015fdi.<br><br>Bu g\u00fcn elan edil\u0259n q\u0259rar is\u0259 \u0259riz\u0259\u00e7il\u0259r \u00fc\u00e7\u00fcn m\u00fc\u0259yy\u0259n edil\u0259n t\u0259mzinatlarla ba\u011fl\u0131d\u0131r.<\/p>\n\n\n\n<p>Q\u0259rara \u0259sas\u0259n, h\u00f6kum\u0259t \u018fl\u0259sg\u0259rov, Q\u0259dirov, Na\u011f\u0131yev v\u0259 Ramazanov ail\u0259sin\u0259 3300, Bayramovlara is\u0259 3200 m\u0259n\u0259vi z\u0259r\u0259r v\u0259 x\u0259rcl\u0259r \u0259v\u0259zi \u00f6d\u0259m\u0259lidir.<\/p>\n","protected":false},"excerpt":{"rendered":"<p>H\u00f6kum\u0259t MTR\u015e-ya g\u00f6r\u0259 Mehman \u018fliyev v\u0259 Emin H\u00fcseynova kompensasiya \u00f6d\u0259m\u0259li &#8230; <\/p>\n<p class=\"read-more-container\"><a title=\"Avropa M\u0259hk\u0259m\u0259si h\u00f6kum\u0259ti yen\u0259 d\u0259 c\u0259rim\u0259l\u0259di\" class=\"read-more button\" href=\"https:\/\/www.meydan.tv\/az\/article\/avropa-m%c9%99hk%c9%99m%c9%99si-hokum%c9%99ti-yen%c9%99-d%c9%99-c%c9%99rim%c9%99l%c9%99di\/#more-326534\" aria-label=\"Read more about Avropa M\u0259hk\u0259m\u0259si h\u00f6kum\u0259ti yen\u0259 d\u0259 c\u0259rim\u0259l\u0259di\">Davam\u0131<\/a><\/p>\n","protected":false},"author":21,"featured_media":93754,"comment_status":"closed","ping_status":"closed","sticky":false,"template":"","format":"standard","meta":{"_acf_changed":false,"_sitemap_exclude":false,"_sitemap_priority":"","_sitemap_frequency":"","footnotes":""},"categories":[59,79,56],"tags":[],"class_list":["post-326534","post","type-post","status-publish","format-standard","has-post-thumbnail","hentry","category-siyaset","category-featured","category-xeberler","infinite-scroll-item","generate-columns","tablet-grid-50","mobile-grid-100","grid-parent","grid-33","no-featured-image-padding"],"acf":[],"yoast_head":"<!-- This site is optimized with the Yoast SEO plugin v27.5 - https:\/\/yoast.com\/product\/yoast-seo-wordpress\/ -->\n<title>Avropa M\u0259hk\u0259m\u0259si h\u00f6kum\u0259ti yen\u0259 d\u0259 c\u0259rim\u0259l\u0259di - MEYDAN.TV<\/title>\n<meta name=\"robots\" content=\"index, follow, max-snippet:-1, max-image-preview:large, max-video-preview:-1\" \/>\n<link rel=\"canonical\" href=\"https:\/\/www.meydan.tv\/az\/article\/avropa-m%c9%99hk%c9%99m%c9%99si-hokum%c9%99ti-yen%c9%99-d%c9%99-c%c9%99rim%c9%99l%c9%99di\/\" \/>\n<meta property=\"og:locale\" content=\"az_AZ\" \/>\n<meta property=\"og:type\" content=\"article\" \/>\n<meta property=\"og:title\" content=\"Avropa M\u0259hk\u0259m\u0259si h\u00f6kum\u0259ti yen\u0259 d\u0259 c\u0259rim\u0259l\u0259di - MEYDAN.TV\" \/>\n<meta property=\"og:description\" content=\"H\u00f6kum\u0259t MTR\u015e-ya g\u00f6r\u0259 Mehman \u018fliyev v\u0259 Emin H\u00fcseynova kompensasiya \u00f6d\u0259m\u0259li ... Davam\u0131\" \/>\n<meta property=\"og:url\" content=\"https:\/\/www.meydan.tv\/az\/article\/avropa-m%c9%99hk%c9%99m%c9%99si-hokum%c9%99ti-yen%c9%99-d%c9%99-c%c9%99rim%c9%99l%c9%99di\/\" \/>\n<meta property=\"og:site_name\" content=\"MEYDAN.TV\" \/>\n<meta property=\"article:published_time\" content=\"2025-02-18T14:54:03+00:00\" \/>\n<meta property=\"article:modified_time\" content=\"2025-02-18T14:54:06+00:00\" \/>\n<meta property=\"og:image\" content=\"https:\/\/www.meydan.tv\/wp-content\/uploads\/37012-e1720602267105.jpg\" \/>\n\t<meta property=\"og:image:width\" content=\"1234\" \/>\n\t<meta property=\"og:image:height\" content=\"715\" \/>\n\t<meta property=\"og:image:type\" content=\"image\/jpeg\" \/>\n<meta name=\"author\" content=\"mahmud\" \/>\n<meta name=\"twitter:card\" content=\"summary_large_image\" \/>\n<script type=\"application\/ld+json\" class=\"yoast-schema-graph\">{\"@context\":\"https:\\\/\\\/schema.org\",\"@graph\":[{\"@type\":\"Article\",\"@id\":\"https:\\\/\\\/www.meydan.tv\\\/az\\\/article\\\/avropa-m%c9%99hk%c9%99m%c9%99si-hokum%c9%99ti-yen%c9%99-d%c9%99-c%c9%99rim%c9%99l%c9%99di\\\/#article\",\"isPartOf\":{\"@id\":\"https:\\\/\\\/www.meydan.tv\\\/az\\\/article\\\/avropa-m%c9%99hk%c9%99m%c9%99si-hokum%c9%99ti-yen%c9%99-d%c9%99-c%c9%99rim%c9%99l%c9%99di\\\/\"},\"author\":{\"name\":\"mahmud\",\"@id\":\"https:\\\/\\\/www.meydan.tv\\\/az\\\/#\\\/schema\\\/person\\\/09863e516102a829e72bedcf3f84c6b0\"},\"headline\":\"Avropa M\u0259hk\u0259m\u0259si h\u00f6kum\u0259ti yen\u0259 d\u0259 c\u0259rim\u0259l\u0259di\",\"datePublished\":\"2025-02-18T14:54:03+00:00\",\"dateModified\":\"2025-02-18T14:54:06+00:00\",\"mainEntityOfPage\":{\"@id\":\"https:\\\/\\\/www.meydan.tv\\\/az\\\/article\\\/avropa-m%c9%99hk%c9%99m%c9%99si-hokum%c9%99ti-yen%c9%99-d%c9%99-c%c9%99rim%c9%99l%c9%99di\\\/\"},\"wordCount\":974,\"publisher\":{\"@id\":\"https:\\\/\\\/www.meydan.tv\\\/az\\\/#organization\"},\"image\":{\"@id\":\"https:\\\/\\\/www.meydan.tv\\\/az\\\/article\\\/avropa-m%c9%99hk%c9%99m%c9%99si-hokum%c9%99ti-yen%c9%99-d%c9%99-c%c9%99rim%c9%99l%c9%99di\\\/#primaryimage\"},\"thumbnailUrl\":\"https:\\\/\\\/www.meydan.tv\\\/wp-content\\\/uploads\\\/37012-e1720602267105.jpg\",\"articleSection\":[\"Siyas\u0259t\",\"T\u00f6vsiy\u0259\",\"X\u0259b\u0259rl\u0259r\"],\"inLanguage\":\"az\"},{\"@type\":\"WebPage\",\"@id\":\"https:\\\/\\\/www.meydan.tv\\\/az\\\/article\\\/avropa-m%c9%99hk%c9%99m%c9%99si-hokum%c9%99ti-yen%c9%99-d%c9%99-c%c9%99rim%c9%99l%c9%99di\\\/\",\"url\":\"https:\\\/\\\/www.meydan.tv\\\/az\\\/article\\\/avropa-m%c9%99hk%c9%99m%c9%99si-hokum%c9%99ti-yen%c9%99-d%c9%99-c%c9%99rim%c9%99l%c9%99di\\\/\",\"name\":\"Avropa M\u0259hk\u0259m\u0259si h\u00f6kum\u0259ti yen\u0259 d\u0259 c\u0259rim\u0259l\u0259di - MEYDAN.TV\",\"isPartOf\":{\"@id\":\"https:\\\/\\\/www.meydan.tv\\\/az\\\/#website\"},\"primaryImageOfPage\":{\"@id\":\"https:\\\/\\\/www.meydan.tv\\\/az\\\/article\\\/avropa-m%c9%99hk%c9%99m%c9%99si-hokum%c9%99ti-yen%c9%99-d%c9%99-c%c9%99rim%c9%99l%c9%99di\\\/#primaryimage\"},\"image\":{\"@id\":\"https:\\\/\\\/www.meydan.tv\\\/az\\\/article\\\/avropa-m%c9%99hk%c9%99m%c9%99si-hokum%c9%99ti-yen%c9%99-d%c9%99-c%c9%99rim%c9%99l%c9%99di\\\/#primaryimage\"},\"thumbnailUrl\":\"https:\\\/\\\/www.meydan.tv\\\/wp-content\\\/uploads\\\/37012-e1720602267105.jpg\",\"datePublished\":\"2025-02-18T14:54:03+00:00\",\"dateModified\":\"2025-02-18T14:54:06+00:00\",\"breadcrumb\":{\"@id\":\"https:\\\/\\\/www.meydan.tv\\\/az\\\/article\\\/avropa-m%c9%99hk%c9%99m%c9%99si-hokum%c9%99ti-yen%c9%99-d%c9%99-c%c9%99rim%c9%99l%c9%99di\\\/#breadcrumb\"},\"inLanguage\":\"az\",\"potentialAction\":[{\"@type\":\"ReadAction\",\"target\":[\"https:\\\/\\\/www.meydan.tv\\\/az\\\/article\\\/avropa-m%c9%99hk%c9%99m%c9%99si-hokum%c9%99ti-yen%c9%99-d%c9%99-c%c9%99rim%c9%99l%c9%99di\\\/\"]}]},{\"@type\":\"ImageObject\",\"inLanguage\":\"az\",\"@id\":\"https:\\\/\\\/www.meydan.tv\\\/az\\\/article\\\/avropa-m%c9%99hk%c9%99m%c9%99si-hokum%c9%99ti-yen%c9%99-d%c9%99-c%c9%99rim%c9%99l%c9%99di\\\/#primaryimage\",\"url\":\"https:\\\/\\\/www.meydan.tv\\\/wp-content\\\/uploads\\\/37012-e1720602267105.jpg\",\"contentUrl\":\"https:\\\/\\\/www.meydan.tv\\\/wp-content\\\/uploads\\\/37012-e1720602267105.jpg\",\"width\":1234,\"height\":715,\"caption\":\"Avropa M\u0259hk\u0259m\u0259si, M\u0259nb\u0259: Avropa M\u0259hk\u0259m\u0259si\"},{\"@type\":\"BreadcrumbList\",\"@id\":\"https:\\\/\\\/www.meydan.tv\\\/az\\\/article\\\/avropa-m%c9%99hk%c9%99m%c9%99si-hokum%c9%99ti-yen%c9%99-d%c9%99-c%c9%99rim%c9%99l%c9%99di\\\/#breadcrumb\",\"itemListElement\":[{\"@type\":\"ListItem\",\"position\":1,\"name\":\"Ana s\u0259hif\u0259\",\"item\":\"https:\\\/\\\/www.meydan.tv\\\/az\\\/\"},{\"@type\":\"ListItem\",\"position\":2,\"name\":\"Siyas\u0259t\",\"item\":\"https:\\\/\\\/www.meydan.tv\\\/az\\\/section\\\/siyaset\\\/\"},{\"@type\":\"ListItem\",\"position\":3,\"name\":\"Avropa M\u0259hk\u0259m\u0259si h\u00f6kum\u0259ti yen\u0259 d\u0259 c\u0259rim\u0259l\u0259di\"}]},{\"@type\":\"WebSite\",\"@id\":\"https:\\\/\\\/www.meydan.tv\\\/az\\\/#website\",\"url\":\"https:\\\/\\\/www.meydan.tv\\\/az\\\/\",\"name\":\"MEYDAN.TV\",\"description\":\"Meydan TV Az\u0259rbaycan\u0131n media m\u0259kan\u0131ndak\u0131 alternativ s\u0259sidir\",\"publisher\":{\"@id\":\"https:\\\/\\\/www.meydan.tv\\\/az\\\/#organization\"},\"potentialAction\":[{\"@type\":\"SearchAction\",\"target\":{\"@type\":\"EntryPoint\",\"urlTemplate\":\"https:\\\/\\\/www.meydan.tv\\\/az\\\/?s={search_term_string}\"},\"query-input\":{\"@type\":\"PropertyValueSpecification\",\"valueRequired\":true,\"valueName\":\"search_term_string\"}}],\"inLanguage\":\"az\"},{\"@type\":\"Organization\",\"@id\":\"https:\\\/\\\/www.meydan.tv\\\/az\\\/#organization\",\"name\":\"Meydan TV\",\"url\":\"https:\\\/\\\/www.meydan.tv\\\/az\\\/\",\"logo\":{\"@type\":\"ImageObject\",\"inLanguage\":\"az\",\"@id\":\"https:\\\/\\\/www.meydan.tv\\\/az\\\/#\\\/schema\\\/logo\\\/image\\\/\",\"url\":\"https:\\\/\\\/www.meydan.tv\\\/wp-content\\\/uploads\\\/2021\\\/07\\\/meydan-logo.svg\",\"contentUrl\":\"https:\\\/\\\/www.meydan.tv\\\/wp-content\\\/uploads\\\/2021\\\/07\\\/meydan-logo.svg\",\"width\":195,\"height\":46,\"caption\":\"Meydan TV\"},\"image\":{\"@id\":\"https:\\\/\\\/www.meydan.tv\\\/az\\\/#\\\/schema\\\/logo\\\/image\\\/\"}},{\"@type\":\"Person\",\"@id\":\"https:\\\/\\\/www.meydan.tv\\\/az\\\/#\\\/schema\\\/person\\\/09863e516102a829e72bedcf3f84c6b0\",\"name\":\"mahmud\"}]}<\/script>\n<!-- \/ Yoast SEO plugin. -->","yoast_head_json":{"title":"Avropa M\u0259hk\u0259m\u0259si h\u00f6kum\u0259ti yen\u0259 d\u0259 c\u0259rim\u0259l\u0259di - MEYDAN.TV","robots":{"index":"index","follow":"follow","max-snippet":"max-snippet:-1","max-image-preview":"max-image-preview:large","max-video-preview":"max-video-preview:-1"},"canonical":"https:\/\/www.meydan.tv\/az\/article\/avropa-m%c9%99hk%c9%99m%c9%99si-hokum%c9%99ti-yen%c9%99-d%c9%99-c%c9%99rim%c9%99l%c9%99di\/","og_locale":"az_AZ","og_type":"article","og_title":"Avropa M\u0259hk\u0259m\u0259si h\u00f6kum\u0259ti yen\u0259 d\u0259 c\u0259rim\u0259l\u0259di - MEYDAN.TV","og_description":"H\u00f6kum\u0259t MTR\u015e-ya g\u00f6r\u0259 Mehman \u018fliyev v\u0259 Emin H\u00fcseynova kompensasiya \u00f6d\u0259m\u0259li ... Davam\u0131","og_url":"https:\/\/www.meydan.tv\/az\/article\/avropa-m%c9%99hk%c9%99m%c9%99si-hokum%c9%99ti-yen%c9%99-d%c9%99-c%c9%99rim%c9%99l%c9%99di\/","og_site_name":"MEYDAN.TV","article_published_time":"2025-02-18T14:54:03+00:00","article_modified_time":"2025-02-18T14:54:06+00:00","og_image":[{"width":1234,"height":715,"url":"https:\/\/www.meydan.tv\/wp-content\/uploads\/37012-e1720602267105.jpg","type":"image\/jpeg"}],"author":"mahmud","twitter_card":"summary_large_image","schema":{"@context":"https:\/\/schema.org","@graph":[{"@type":"Article","@id":"https:\/\/www.meydan.tv\/az\/article\/avropa-m%c9%99hk%c9%99m%c9%99si-hokum%c9%99ti-yen%c9%99-d%c9%99-c%c9%99rim%c9%99l%c9%99di\/#article","isPartOf":{"@id":"https:\/\/www.meydan.tv\/az\/article\/avropa-m%c9%99hk%c9%99m%c9%99si-hokum%c9%99ti-yen%c9%99-d%c9%99-c%c9%99rim%c9%99l%c9%99di\/"},"author":{"name":"mahmud","@id":"https:\/\/www.meydan.tv\/az\/#\/schema\/person\/09863e516102a829e72bedcf3f84c6b0"},"headline":"Avropa M\u0259hk\u0259m\u0259si h\u00f6kum\u0259ti yen\u0259 d\u0259 c\u0259rim\u0259l\u0259di","datePublished":"2025-02-18T14:54:03+00:00","dateModified":"2025-02-18T14:54:06+00:00","mainEntityOfPage":{"@id":"https:\/\/www.meydan.tv\/az\/article\/avropa-m%c9%99hk%c9%99m%c9%99si-hokum%c9%99ti-yen%c9%99-d%c9%99-c%c9%99rim%c9%99l%c9%99di\/"},"wordCount":974,"publisher":{"@id":"https:\/\/www.meydan.tv\/az\/#organization"},"image":{"@id":"https:\/\/www.meydan.tv\/az\/article\/avropa-m%c9%99hk%c9%99m%c9%99si-hokum%c9%99ti-yen%c9%99-d%c9%99-c%c9%99rim%c9%99l%c9%99di\/#primaryimage"},"thumbnailUrl":"https:\/\/www.meydan.tv\/wp-content\/uploads\/37012-e1720602267105.jpg","articleSection":["Siyas\u0259t","T\u00f6vsiy\u0259","X\u0259b\u0259rl\u0259r"],"inLanguage":"az"},{"@type":"WebPage","@id":"https:\/\/www.meydan.tv\/az\/article\/avropa-m%c9%99hk%c9%99m%c9%99si-hokum%c9%99ti-yen%c9%99-d%c9%99-c%c9%99rim%c9%99l%c9%99di\/","url":"https:\/\/www.meydan.tv\/az\/article\/avropa-m%c9%99hk%c9%99m%c9%99si-hokum%c9%99ti-yen%c9%99-d%c9%99-c%c9%99rim%c9%99l%c9%99di\/","name":"Avropa M\u0259hk\u0259m\u0259si h\u00f6kum\u0259ti yen\u0259 d\u0259 c\u0259rim\u0259l\u0259di - MEYDAN.TV","isPartOf":{"@id":"https:\/\/www.meydan.tv\/az\/#website"},"primaryImageOfPage":{"@id":"https:\/\/www.meydan.tv\/az\/article\/avropa-m%c9%99hk%c9%99m%c9%99si-hokum%c9%99ti-yen%c9%99-d%c9%99-c%c9%99rim%c9%99l%c9%99di\/#primaryimage"},"image":{"@id":"https:\/\/www.meydan.tv\/az\/article\/avropa-m%c9%99hk%c9%99m%c9%99si-hokum%c9%99ti-yen%c9%99-d%c9%99-c%c9%99rim%c9%99l%c9%99di\/#primaryimage"},"thumbnailUrl":"https:\/\/www.meydan.tv\/wp-content\/uploads\/37012-e1720602267105.jpg","datePublished":"2025-02-18T14:54:03+00:00","dateModified":"2025-02-18T14:54:06+00:00","breadcrumb":{"@id":"https:\/\/www.meydan.tv\/az\/article\/avropa-m%c9%99hk%c9%99m%c9%99si-hokum%c9%99ti-yen%c9%99-d%c9%99-c%c9%99rim%c9%99l%c9%99di\/#breadcrumb"},"inLanguage":"az","potentialAction":[{"@type":"ReadAction","target":["https:\/\/www.meydan.tv\/az\/article\/avropa-m%c9%99hk%c9%99m%c9%99si-hokum%c9%99ti-yen%c9%99-d%c9%99-c%c9%99rim%c9%99l%c9%99di\/"]}]},{"@type":"ImageObject","inLanguage":"az","@id":"https:\/\/www.meydan.tv\/az\/article\/avropa-m%c9%99hk%c9%99m%c9%99si-hokum%c9%99ti-yen%c9%99-d%c9%99-c%c9%99rim%c9%99l%c9%99di\/#primaryimage","url":"https:\/\/www.meydan.tv\/wp-content\/uploads\/37012-e1720602267105.jpg","contentUrl":"https:\/\/www.meydan.tv\/wp-content\/uploads\/37012-e1720602267105.jpg","width":1234,"height":715,"caption":"Avropa M\u0259hk\u0259m\u0259si, M\u0259nb\u0259: Avropa M\u0259hk\u0259m\u0259si"},{"@type":"BreadcrumbList","@id":"https:\/\/www.meydan.tv\/az\/article\/avropa-m%c9%99hk%c9%99m%c9%99si-hokum%c9%99ti-yen%c9%99-d%c9%99-c%c9%99rim%c9%99l%c9%99di\/#breadcrumb","itemListElement":[{"@type":"ListItem","position":1,"name":"Ana s\u0259hif\u0259","item":"https:\/\/www.meydan.tv\/az\/"},{"@type":"ListItem","position":2,"name":"Siyas\u0259t","item":"https:\/\/www.meydan.tv\/az\/section\/siyaset\/"},{"@type":"ListItem","position":3,"name":"Avropa M\u0259hk\u0259m\u0259si h\u00f6kum\u0259ti yen\u0259 d\u0259 c\u0259rim\u0259l\u0259di"}]},{"@type":"WebSite","@id":"https:\/\/www.meydan.tv\/az\/#website","url":"https:\/\/www.meydan.tv\/az\/","name":"MEYDAN.TV","description":"Meydan TV Az\u0259rbaycan\u0131n media m\u0259kan\u0131ndak\u0131 alternativ s\u0259sidir","publisher":{"@id":"https:\/\/www.meydan.tv\/az\/#organization"},"potentialAction":[{"@type":"SearchAction","target":{"@type":"EntryPoint","urlTemplate":"https:\/\/www.meydan.tv\/az\/?s={search_term_string}"},"query-input":{"@type":"PropertyValueSpecification","valueRequired":true,"valueName":"search_term_string"}}],"inLanguage":"az"},{"@type":"Organization","@id":"https:\/\/www.meydan.tv\/az\/#organization","name":"Meydan TV","url":"https:\/\/www.meydan.tv\/az\/","logo":{"@type":"ImageObject","inLanguage":"az","@id":"https:\/\/www.meydan.tv\/az\/#\/schema\/logo\/image\/","url":"https:\/\/www.meydan.tv\/wp-content\/uploads\/2021\/07\/meydan-logo.svg","contentUrl":"https:\/\/www.meydan.tv\/wp-content\/uploads\/2021\/07\/meydan-logo.svg","width":195,"height":46,"caption":"Meydan TV"},"image":{"@id":"https:\/\/www.meydan.tv\/az\/#\/schema\/logo\/image\/"}},{"@type":"Person","@id":"https:\/\/www.meydan.tv\/az\/#\/schema\/person\/09863e516102a829e72bedcf3f84c6b0","name":"mahmud"}]}},"_links":{"self":[{"href":"https:\/\/www.meydan.tv\/az\/wp-json\/wp\/v2\/posts\/326534","targetHints":{"allow":["GET"]}}],"collection":[{"href":"https:\/\/www.meydan.tv\/az\/wp-json\/wp\/v2\/posts"}],"about":[{"href":"https:\/\/www.meydan.tv\/az\/wp-json\/wp\/v2\/types\/post"}],"author":[{"embeddable":true,"href":"https:\/\/www.meydan.tv\/az\/wp-json\/wp\/v2\/users\/21"}],"replies":[{"embeddable":true,"href":"https:\/\/www.meydan.tv\/az\/wp-json\/wp\/v2\/comments?post=326534"}],"version-history":[{"count":1,"href":"https:\/\/www.meydan.tv\/az\/wp-json\/wp\/v2\/posts\/326534\/revisions"}],"predecessor-version":[{"id":326535,"href":"https:\/\/www.meydan.tv\/az\/wp-json\/wp\/v2\/posts\/326534\/revisions\/326535"}],"wp:featuredmedia":[{"embeddable":true,"href":"https:\/\/www.meydan.tv\/az\/wp-json\/wp\/v2\/media\/93754"}],"wp:attachment":[{"href":"https:\/\/www.meydan.tv\/az\/wp-json\/wp\/v2\/media?parent=326534"}],"wp:term":[{"taxonomy":"category","embeddable":true,"href":"https:\/\/www.meydan.tv\/az\/wp-json\/wp\/v2\/categories?post=326534"},{"taxonomy":"post_tag","embeddable":true,"href":"https:\/\/www.meydan.tv\/az\/wp-json\/wp\/v2\/tags?post=326534"}],"curies":[{"name":"wp","href":"https:\/\/api.w.org\/{rel}","templated":true}]}}