{"id":326519,"date":"2025-02-18T12:45:31","date_gmt":"2025-02-18T08:45:31","guid":{"rendered":"https:\/\/www.meydan.tv\/?p=326519"},"modified":"2025-02-18T12:45:33","modified_gmt":"2025-02-18T08:45:33","slug":"ruben-vardanyan-etiraz-olaraq-hakimin-suallarina-cavab-verm%c9%99kd%c9%99n-imtina-etdi","status":"publish","type":"post","link":"https:\/\/www.meydan.tv\/az\/article\/ruben-vardanyan-etiraz-olaraq-hakimin-suallarina-cavab-verm%c9%99kd%c9%99n-imtina-etdi\/","title":{"rendered":"Ruben Vardanyan etiraz olaraq, hakimin suallar\u0131na cavab verm\u0259kd\u0259n imtina etdi"},"content":{"rendered":"\n<p><\/p>\n\n\n\n<p><strong><em>Ona qar\u015f\u0131 olan ittihamlar\u0131n elan\u0131 ba\u015fa \u00e7at\u0131b<\/em><\/strong><\/p>\n\n\n\n<p>Qondarma \u201cDa\u011fl\u0131q Qaraba\u011f Respublikas\u0131nda\u201d separat\u00e7\u0131lar\u0131n \u201cd\u00f6vl\u0259t naziri\u201d olmu\u015f, 2023-c\u00fc ilin sentyabr\u0131nda h\u0259rbi \u0259m\u0259liyyatlar n\u0259tic\u0259sind\u0259 h\u0259bs olunan milyarder Ruben Vardanyan\u0131n Bak\u0131da m\u0259hk\u0259m\u0259si davam edir.<\/p>\n\n\n\n<p>Onun i\u015fin\u0259 Bak\u0131 H\u0259rbi M\u0259hk\u0259m\u0259sinin hakiml\u0259ri Zeynal A\u011fayev, Anar Rzayev v\u0259 Camal Ramazanovdan ibar\u0259t t\u0259rkib bax\u0131r.<\/p>\n\n\n\n<p>Ruben Vardanyan bud\u0259f\u0259ki m\u0259hk\u0259m\u0259 prosesind\u0259 yenid\u0259n hakiml\u0259r kollegiyas\u0131na etiraz edib. Onun etiraz\u0131n\u0131 v\u0259kili Avraam Berman yaz\u0131l\u0131 \u015f\u0259kild\u0259 m\u0259hk\u0259m\u0259y\u0259 t\u0259qdim edib. Eyni zamanda, m\u0259hk\u0259m\u0259d\u0259 s\u0259sl\u0259ndirilib, prokurorlar\u0131n, prosesd\u0259 i\u015ftirak ed\u0259n z\u0259r\u0259r\u00e7\u0259kmi\u015fl\u0259rin n\u0259z\u0259rin\u0259 \u00e7atd\u0131r\u0131l\u0131b.<\/p>\n\n\n\n<p>Ruben Vardanyan g\u00f6st\u0259rib ki, m\u0259hk\u0259m\u0259 hey\u0259ti q\u0259r\u0259zlidir, qeyri-obyektivdir, i\u015f\u0259 birt\u0259r\u0259fli yana\u015f\u0131r, m\u00fcdafi\u0259 t\u0259r\u0259finin i\u015f \u00fc\u00e7\u00fcn \u0259h\u0259miyy\u0259tli v\u0259 kifay\u0259t q\u0259d\u0259r \u0259sasl\u0131 olan v\u0259sat\u0259tl\u0259rini t\u0259min etmir v\u0259 s. Bu s\u0259b\u0259bd\u0259n d\u0259 haz\u0131rk\u0131 m\u0259hk\u0259m\u0259 hey\u0259tinin onun i\u015fin\u0259 baxmas\u0131n\u0131 ist\u0259mir.<\/p>\n\n\n\n<p>Prokurorlar v\u0259 z\u0259r\u0259r\u00e7\u0259kmi\u015fl\u0259r onun etiraz\u0131na qar\u015f\u0131 \u00e7\u0131x\u0131blar. Onlar bildiribl\u0259r ki, hakiml\u0259r\u0259 etiraz etm\u0259k \u00fc\u00e7\u00fcn \u0259sas yoxdur, Ruben Vardanyan bu m\u0259s\u0259l\u0259d\u0259 haqs\u0131zd\u0131r. Prokurorlar etiraz\u0131n bax\u0131lmam\u0131\u015f saxlanmas\u0131n\u0131 t\u0259klif edib.<\/p>\n\n\n\n<p>M\u00fc\u015favir\u0259d\u0259n qay\u0131dan hakiml\u0259r d\u0259 etiraz\u0131n bax\u0131lmam\u0131\u015f saxland\u0131\u011f\u0131n\u0131 elan edib.<\/p>\n\n\n\n<p>Xat\u0131rladaq ki, bir ne\u00e7\u0259 g\u00fcn \u0259vv\u0259lki iclasda t\u0259qsirl\u0259ndiril\u0259n milyarder eyni m\u0259zmunlu etiraz vermi\u015f, hakiml\u0259rin q\u0259rar\u0131 da eyni olmu\u015fdu.<\/p>\n\n\n\n<p>Bundan sonra m\u0259hk\u0259m\u0259 prosesind\u0259 prokurorlar ittiham akt\u0131n\u0131n elan\u0131n\u0131 davam etdirib. \u0130ttiham\u0131n h\u0259cmi b\u00f6y\u00fck oldu\u011fundan bir ne\u00e7\u0259 iclasd\u0131r ki, m\u0259hk\u0259m\u0259d\u0259 prokurorlar ittiham\u0131n elan\u0131n\u0131 davam etdirir.<\/p>\n\n\n\n<p>2020-ci il noyabr\u0131n 10-da Az\u0259rbaycan, Erm\u0259nistan v\u0259 Rusiya aras\u0131nda \u00fc\u00e7t\u0259r\u0259fli b\u0259yanatdan sonra i\u015f\u011faldan azad edil\u0259n \u0259razil\u0259rd\u0259 mina partlay\u0131\u015f\u0131 n\u0259tic\u0259sind\u0259 65 n\u0259f\u0259rin \u00f6l\u00fcm\u00fc, 271 n\u0259f\u0259rin yaralanmas\u0131, 2022-ci ilin sentyabr\u0131nda at\u0259\u015fk\u0259sin pozulmas\u0131 n\u0259tuc\u0259sind\u0259 Az\u0259rbaycan Silahl\u0131 Q\u00fcvv\u0259l\u0259rinin 77 h\u0259rbi qulluq\u00e7usunun h\u0259lak olmas\u0131, qondarma \u201cDa\u011fl\u0131q Qaraba\u011f Respublikas\u0131\u201d v\u0259 onun qanunsuz silahl\u0131 birl\u0259\u015fm\u0259l\u0259rin\u0259 \u00fcmumilikd\u0259 160 \u0259d\u0259d m\u00fcxt\u0259lif n\u00f6v zirehli d\u00f6y\u00fc\u015f texnikas\u0131, 16 milyon 805 min 903 \u0259d\u0259d m\u00fcxt\u0259lif n\u00f6v at\u0131c\u0131 silah, onun komplekt hiss\u0259l\u0259ri v\u0259 d\u00f6y\u00fc\u015f sursatlar\u0131 verilm\u0259si v\u0259 s. ittihamda yer al\u0131b.<\/p>\n\n\n\n<p>\u0130ttiham\u0131n elan\u0131 fevral\u0131n 17-d\u0259 ba\u015fa \u00e7at\u0131b. Yekunda ona Az\u0259rbaycan Cinay\u0259t M\u0259c\u0259ll\u0259sinin 100 (t\u0259cav\u00fczkar m\u00fcharib\u0259ni planla\u015fd\u0131rma, aparma), 107 (\u0259halini deportasiya etm\u0259 v\u0259 ya m\u0259cburi k\u00f6\u00e7\u00fcrm\u0259), 109 (t\u0259qib), 112 (beyn\u0259lxalq h\u00fcquq normalar\u0131na zidd azadl\u0131qdan m\u0259hrum etm\u0259), 113 (i\u015fg\u0259nc\u0259), 114 (muzdluluq), 115 (m\u00fcharib\u0259 qanunlar\u0131n\u0131 v\u0259 ad\u0259tl\u0259rini pozma), 116 (silahl\u0131 m\u00fcnaqi\u015f\u0259 zaman\u0131 beyn\u0259lxalq humanitar h\u00fcquq normalar\u0131n\u0131 pozma), 214 (terror\u00e7uluq), 214-1 (terror\u00e7ulu\u011fu maliyy\u0259l\u0259\u015fdirm\u0259), 218 (cinay\u0259tkar birlik (t\u0259\u015fkilat) yaratma), 228 (qanunsuz olaraq silah, onun komplekt hiss\u0259l\u0259rini, d\u00f6y\u00fc\u015f sursat\u0131, partlay\u0131c\u0131 madd\u0259l\u0259r v\u0259 qur\u011fular \u0259ld\u0259 etm\u0259, ba\u015fqas\u0131na verm\u0259, satma, saxlama, da\u015f\u0131ma v\u0259 g\u0259zdirm\u0259), 270-1 (aviasiya t\u0259hl\u00fck\u0259sizliyin\u0259 t\u0259hdid yaradan \u0259m\u0259ll\u0259r),&nbsp; 278 (hakimiyy\u0259ti zorla \u0259l\u0259 ke\u00e7irm\u0259 v\u0259 onu zorla saxlama, d\u00f6vl\u0259tin konstitusiya qurulu\u015funu zorla d\u0259yi\u015fdirm\u0259), 279 (qanunvericilikl\u0259 n\u0259z\u0259rd\u0259 tutulmayan silahl\u0131 birl\u0259\u015fm\u0259l\u0259ri v\u0259 qruplar\u0131 yaratma), 318-ci (Az\u0259rbaycan Respublikas\u0131n\u0131n d\u00f6vl\u0259t s\u0259rh\u0259dini qanunsuz olaraq ke\u00e7m\u0259) v\u0259 dig\u0259r madd\u0259l\u0259rind\u0259 n\u0259z\u0259rd\u0259 tutulan \u0259m\u0259ll\u0259rin t\u00f6r\u0259dilm\u0259si il\u0259 ba\u011fl\u0131 ittihamlar ir\u0259li s\u00fcr\u00fcl\u00fcb.<\/p>\n\n\n\n<p>Hakim m\u0259lumat verib ki, bu madd\u0259l\u0259rin sanksiyas\u0131nda 20 il\u0259 q\u0259d\u0259r v\u0259 ya \u00f6m\u00fcrl\u00fck azadl\u0131qdan m\u0259hrumetm\u0259 c\u0259zas\u0131 var. H\u0259m\u00e7inin t\u0259qsirl\u0259ndiril\u0259n \u015f\u0259xs kimi, onun m\u0259hk\u0259m\u0259d\u0259 ifad\u0259 verm\u0259k kimi, h\u0259m d\u0259 ifad\u0259 verm\u0259m\u0259k h\u00fcququ da var. \u0130fad\u0259 verm\u0259s\u0259 bel\u0259, bu, onun \u0259leyhin\u0259 istifad\u0259 edil\u0259 bilm\u0259z.<\/p>\n\n\n\n<p>Daha sonra hakim ona elan olunan ittihamlara m\u00fcnasib\u0259ti bar\u0259d\u0259 sual verib. Lakin Ruben Vardanyan ittihamlara etiraz olaraq, suallar\u0131 cavabland\u0131rmaqdan imtina edib.<\/p>\n\n\n\n<p>M\u0259hk\u0259m\u0259 prosesi fevral\u0131n 25-d\u0259 davam ed\u0259c\u0259k.<\/p>\n\n\n\n<p>57 ya\u015fl\u0131 Vardanyan Ruben Karlenovi\u00e7 Rusiyada \u201cTroyka Dialoq\u201d \u015firk\u0259tinin t\u0259sis\u00e7isi v\u0259 r\u0259hb\u0259ri olub. Eyni zamanda, orada \u201cKAMAZ\u201d ASC-nin direktorlar \u015furas\u0131n\u0131n \u00fczv\u00fc, \u201cVolqa-Dnepr\u201d \u015firk\u0259tl\u0259r qrupunun m\u00fcst\u0259qil direktoru v\u0259 s. v\u0259zif\u0259l\u0259rd\u0259 \u00e7al\u0131\u015f\u0131b. O, 1 milyard dollardan \u00e7ox var-d\u00f6vl\u0259til\u0259 rusiyal\u0131 biznesmen kimi \u201cForbes\u201din siyah\u0131s\u0131na daxil edilmi\u015fdi.<\/p>\n\n\n\n<p>Lakin 2022-ci ild\u0259 Rusiya v\u0259t\u0259nda\u015fl\u0131\u011f\u0131ndan imtina etdi v\u0259 Erm\u0259nistan v\u0259t\u0259nda\u015f\u0131 oldu. H\u0259\u0131m\u00e7inin separat\u00e7\u0131 rejimin d\u00f6vl\u0259t naziri t\u0259yin edildi.&nbsp; H\u0259min \u0259r\u0259f\u0259d\u0259 o, Rusiya Prezidenti Vladimir Putinl\u0259 d\u0259 g\u00f6r\u00fc\u015fm\u00fc\u015fd\u00fc.<\/p>\n\n\n\n<p>2023-c\u00fc ilin sentyabr\u0131nda Qaraba\u011fda h\u0259rbi \u0259m\u0259liyyatlardan sonra Ruben Vardanyan La\u00e7\u0131n d\u0259hlizind\u0259 saxlan\u0131l\u0131b.<\/p>\n","protected":false},"excerpt":{"rendered":"<p>Ona qar\u015f\u0131 olan ittihamlar\u0131n elan\u0131 ba\u015fa \u00e7at\u0131b Qondarma \u201cDa\u011fl\u0131q Qaraba\u011f &#8230; <\/p>\n<p class=\"read-more-container\"><a title=\"Ruben Vardanyan etiraz olaraq, hakimin suallar\u0131na cavab verm\u0259kd\u0259n imtina etdi\" class=\"read-more button\" href=\"https:\/\/www.meydan.tv\/az\/article\/ruben-vardanyan-etiraz-olaraq-hakimin-suallarina-cavab-verm%c9%99kd%c9%99n-imtina-etdi\/#more-326519\" aria-label=\"Read more about Ruben Vardanyan etiraz olaraq, hakimin suallar\u0131na cavab verm\u0259kd\u0259n imtina etdi\">Davam\u0131<\/a><\/p>\n","protected":false},"author":21,"featured_media":287369,"comment_status":"closed","ping_status":"closed","sticky":false,"template":"","format":"standard","meta":{"_acf_changed":false,"_sitemap_exclude":false,"_sitemap_priority":"","_sitemap_frequency":"","footnotes":""},"categories":[59,79,56],"tags":[],"class_list":["post-326519","post","type-post","status-publish","format-standard","has-post-thumbnail","hentry","category-siyaset","category-featured","category-xeberler","infinite-scroll-item","generate-columns","tablet-grid-50","mobile-grid-100","grid-parent","grid-33","no-featured-image-padding"],"acf":[],"yoast_head":"<!-- This site is optimized with the Yoast SEO plugin v27.5 - https:\/\/yoast.com\/product\/yoast-seo-wordpress\/ -->\n<title>Ruben Vardanyan etiraz olaraq, hakimin suallar\u0131na cavab verm\u0259kd\u0259n imtina etdi - MEYDAN.TV<\/title>\n<meta name=\"robots\" content=\"index, follow, max-snippet:-1, max-image-preview:large, max-video-preview:-1\" \/>\n<link rel=\"canonical\" href=\"https:\/\/www.meydan.tv\/az\/article\/ruben-vardanyan-etiraz-olaraq-hakimin-suallarina-cavab-verm%c9%99kd%c9%99n-imtina-etdi\/\" \/>\n<meta property=\"og:locale\" content=\"az_AZ\" \/>\n<meta property=\"og:type\" content=\"article\" \/>\n<meta property=\"og:title\" content=\"Ruben Vardanyan etiraz olaraq, hakimin suallar\u0131na cavab verm\u0259kd\u0259n imtina etdi - MEYDAN.TV\" \/>\n<meta property=\"og:description\" content=\"Ona qar\u015f\u0131 olan ittihamlar\u0131n elan\u0131 ba\u015fa \u00e7at\u0131b Qondarma \u201cDa\u011fl\u0131q Qaraba\u011f ... Davam\u0131\" \/>\n<meta property=\"og:url\" content=\"https:\/\/www.meydan.tv\/az\/article\/ruben-vardanyan-etiraz-olaraq-hakimin-suallarina-cavab-verm%c9%99kd%c9%99n-imtina-etdi\/\" \/>\n<meta property=\"og:site_name\" content=\"MEYDAN.TV\" \/>\n<meta property=\"article:published_time\" content=\"2025-02-18T08:45:31+00:00\" \/>\n<meta property=\"article:modified_time\" content=\"2025-02-18T08:45:33+00:00\" \/>\n<meta property=\"og:image\" content=\"https:\/\/www.meydan.tv\/wp-content\/uploads\/img_0493.jpg\" \/>\n\t<meta property=\"og:image:width\" content=\"1200\" \/>\n\t<meta property=\"og:image:height\" content=\"800\" \/>\n\t<meta property=\"og:image:type\" content=\"image\/jpeg\" \/>\n<meta name=\"author\" content=\"mahmud\" \/>\n<meta name=\"twitter:card\" content=\"summary_large_image\" \/>\n<script type=\"application\/ld+json\" class=\"yoast-schema-graph\">{\"@context\":\"https:\\\/\\\/schema.org\",\"@graph\":[{\"@type\":\"Article\",\"@id\":\"https:\\\/\\\/www.meydan.tv\\\/az\\\/article\\\/ruben-vardanyan-etiraz-olaraq-hakimin-suallarina-cavab-verm%c9%99kd%c9%99n-imtina-etdi\\\/#article\",\"isPartOf\":{\"@id\":\"https:\\\/\\\/www.meydan.tv\\\/az\\\/article\\\/ruben-vardanyan-etiraz-olaraq-hakimin-suallarina-cavab-verm%c9%99kd%c9%99n-imtina-etdi\\\/\"},\"author\":{\"name\":\"mahmud\",\"@id\":\"https:\\\/\\\/www.meydan.tv\\\/az\\\/#\\\/schema\\\/person\\\/09863e516102a829e72bedcf3f84c6b0\"},\"headline\":\"Ruben Vardanyan etiraz olaraq, hakimin suallar\u0131na cavab verm\u0259kd\u0259n imtina etdi\",\"datePublished\":\"2025-02-18T08:45:31+00:00\",\"dateModified\":\"2025-02-18T08:45:33+00:00\",\"mainEntityOfPage\":{\"@id\":\"https:\\\/\\\/www.meydan.tv\\\/az\\\/article\\\/ruben-vardanyan-etiraz-olaraq-hakimin-suallarina-cavab-verm%c9%99kd%c9%99n-imtina-etdi\\\/\"},\"wordCount\":918,\"publisher\":{\"@id\":\"https:\\\/\\\/www.meydan.tv\\\/az\\\/#organization\"},\"image\":{\"@id\":\"https:\\\/\\\/www.meydan.tv\\\/az\\\/article\\\/ruben-vardanyan-etiraz-olaraq-hakimin-suallarina-cavab-verm%c9%99kd%c9%99n-imtina-etdi\\\/#primaryimage\"},\"thumbnailUrl\":\"https:\\\/\\\/www.meydan.tv\\\/wp-content\\\/uploads\\\/img_0493.jpg\",\"articleSection\":[\"Siyas\u0259t\",\"T\u00f6vsiy\u0259\",\"X\u0259b\u0259rl\u0259r\"],\"inLanguage\":\"az\"},{\"@type\":\"WebPage\",\"@id\":\"https:\\\/\\\/www.meydan.tv\\\/az\\\/article\\\/ruben-vardanyan-etiraz-olaraq-hakimin-suallarina-cavab-verm%c9%99kd%c9%99n-imtina-etdi\\\/\",\"url\":\"https:\\\/\\\/www.meydan.tv\\\/az\\\/article\\\/ruben-vardanyan-etiraz-olaraq-hakimin-suallarina-cavab-verm%c9%99kd%c9%99n-imtina-etdi\\\/\",\"name\":\"Ruben Vardanyan etiraz olaraq, hakimin suallar\u0131na cavab verm\u0259kd\u0259n imtina etdi - MEYDAN.TV\",\"isPartOf\":{\"@id\":\"https:\\\/\\\/www.meydan.tv\\\/az\\\/#website\"},\"primaryImageOfPage\":{\"@id\":\"https:\\\/\\\/www.meydan.tv\\\/az\\\/article\\\/ruben-vardanyan-etiraz-olaraq-hakimin-suallarina-cavab-verm%c9%99kd%c9%99n-imtina-etdi\\\/#primaryimage\"},\"image\":{\"@id\":\"https:\\\/\\\/www.meydan.tv\\\/az\\\/article\\\/ruben-vardanyan-etiraz-olaraq-hakimin-suallarina-cavab-verm%c9%99kd%c9%99n-imtina-etdi\\\/#primaryimage\"},\"thumbnailUrl\":\"https:\\\/\\\/www.meydan.tv\\\/wp-content\\\/uploads\\\/img_0493.jpg\",\"datePublished\":\"2025-02-18T08:45:31+00:00\",\"dateModified\":\"2025-02-18T08:45:33+00:00\",\"breadcrumb\":{\"@id\":\"https:\\\/\\\/www.meydan.tv\\\/az\\\/article\\\/ruben-vardanyan-etiraz-olaraq-hakimin-suallarina-cavab-verm%c9%99kd%c9%99n-imtina-etdi\\\/#breadcrumb\"},\"inLanguage\":\"az\",\"potentialAction\":[{\"@type\":\"ReadAction\",\"target\":[\"https:\\\/\\\/www.meydan.tv\\\/az\\\/article\\\/ruben-vardanyan-etiraz-olaraq-hakimin-suallarina-cavab-verm%c9%99kd%c9%99n-imtina-etdi\\\/\"]}]},{\"@type\":\"ImageObject\",\"inLanguage\":\"az\",\"@id\":\"https:\\\/\\\/www.meydan.tv\\\/az\\\/article\\\/ruben-vardanyan-etiraz-olaraq-hakimin-suallarina-cavab-verm%c9%99kd%c9%99n-imtina-etdi\\\/#primaryimage\",\"url\":\"https:\\\/\\\/www.meydan.tv\\\/wp-content\\\/uploads\\\/img_0493.jpg\",\"contentUrl\":\"https:\\\/\\\/www.meydan.tv\\\/wp-content\\\/uploads\\\/img_0493.jpg\",\"width\":1200,\"height\":800,\"caption\":\"Ruben Vardanyan. Foto: Meydan TV\"},{\"@type\":\"BreadcrumbList\",\"@id\":\"https:\\\/\\\/www.meydan.tv\\\/az\\\/article\\\/ruben-vardanyan-etiraz-olaraq-hakimin-suallarina-cavab-verm%c9%99kd%c9%99n-imtina-etdi\\\/#breadcrumb\",\"itemListElement\":[{\"@type\":\"ListItem\",\"position\":1,\"name\":\"Ana s\u0259hif\u0259\",\"item\":\"https:\\\/\\\/www.meydan.tv\\\/az\\\/\"},{\"@type\":\"ListItem\",\"position\":2,\"name\":\"Siyas\u0259t\",\"item\":\"https:\\\/\\\/www.meydan.tv\\\/az\\\/section\\\/siyaset\\\/\"},{\"@type\":\"ListItem\",\"position\":3,\"name\":\"Ruben Vardanyan etiraz olaraq, hakimin suallar\u0131na cavab verm\u0259kd\u0259n imtina etdi\"}]},{\"@type\":\"WebSite\",\"@id\":\"https:\\\/\\\/www.meydan.tv\\\/az\\\/#website\",\"url\":\"https:\\\/\\\/www.meydan.tv\\\/az\\\/\",\"name\":\"MEYDAN.TV\",\"description\":\"Meydan TV Az\u0259rbaycan\u0131n media m\u0259kan\u0131ndak\u0131 alternativ s\u0259sidir\",\"publisher\":{\"@id\":\"https:\\\/\\\/www.meydan.tv\\\/az\\\/#organization\"},\"potentialAction\":[{\"@type\":\"SearchAction\",\"target\":{\"@type\":\"EntryPoint\",\"urlTemplate\":\"https:\\\/\\\/www.meydan.tv\\\/az\\\/?s={search_term_string}\"},\"query-input\":{\"@type\":\"PropertyValueSpecification\",\"valueRequired\":true,\"valueName\":\"search_term_string\"}}],\"inLanguage\":\"az\"},{\"@type\":\"Organization\",\"@id\":\"https:\\\/\\\/www.meydan.tv\\\/az\\\/#organization\",\"name\":\"Meydan TV\",\"url\":\"https:\\\/\\\/www.meydan.tv\\\/az\\\/\",\"logo\":{\"@type\":\"ImageObject\",\"inLanguage\":\"az\",\"@id\":\"https:\\\/\\\/www.meydan.tv\\\/az\\\/#\\\/schema\\\/logo\\\/image\\\/\",\"url\":\"https:\\\/\\\/www.meydan.tv\\\/wp-content\\\/uploads\\\/2021\\\/07\\\/meydan-logo.svg\",\"contentUrl\":\"https:\\\/\\\/www.meydan.tv\\\/wp-content\\\/uploads\\\/2021\\\/07\\\/meydan-logo.svg\",\"width\":195,\"height\":46,\"caption\":\"Meydan TV\"},\"image\":{\"@id\":\"https:\\\/\\\/www.meydan.tv\\\/az\\\/#\\\/schema\\\/logo\\\/image\\\/\"}},{\"@type\":\"Person\",\"@id\":\"https:\\\/\\\/www.meydan.tv\\\/az\\\/#\\\/schema\\\/person\\\/09863e516102a829e72bedcf3f84c6b0\",\"name\":\"mahmud\"}]}<\/script>\n<!-- \/ Yoast SEO plugin. -->","yoast_head_json":{"title":"Ruben Vardanyan etiraz olaraq, hakimin suallar\u0131na cavab verm\u0259kd\u0259n imtina etdi - MEYDAN.TV","robots":{"index":"index","follow":"follow","max-snippet":"max-snippet:-1","max-image-preview":"max-image-preview:large","max-video-preview":"max-video-preview:-1"},"canonical":"https:\/\/www.meydan.tv\/az\/article\/ruben-vardanyan-etiraz-olaraq-hakimin-suallarina-cavab-verm%c9%99kd%c9%99n-imtina-etdi\/","og_locale":"az_AZ","og_type":"article","og_title":"Ruben Vardanyan etiraz olaraq, hakimin suallar\u0131na cavab verm\u0259kd\u0259n imtina etdi - MEYDAN.TV","og_description":"Ona qar\u015f\u0131 olan ittihamlar\u0131n elan\u0131 ba\u015fa \u00e7at\u0131b Qondarma \u201cDa\u011fl\u0131q Qaraba\u011f ... Davam\u0131","og_url":"https:\/\/www.meydan.tv\/az\/article\/ruben-vardanyan-etiraz-olaraq-hakimin-suallarina-cavab-verm%c9%99kd%c9%99n-imtina-etdi\/","og_site_name":"MEYDAN.TV","article_published_time":"2025-02-18T08:45:31+00:00","article_modified_time":"2025-02-18T08:45:33+00:00","og_image":[{"width":1200,"height":800,"url":"https:\/\/www.meydan.tv\/wp-content\/uploads\/img_0493.jpg","type":"image\/jpeg"}],"author":"mahmud","twitter_card":"summary_large_image","schema":{"@context":"https:\/\/schema.org","@graph":[{"@type":"Article","@id":"https:\/\/www.meydan.tv\/az\/article\/ruben-vardanyan-etiraz-olaraq-hakimin-suallarina-cavab-verm%c9%99kd%c9%99n-imtina-etdi\/#article","isPartOf":{"@id":"https:\/\/www.meydan.tv\/az\/article\/ruben-vardanyan-etiraz-olaraq-hakimin-suallarina-cavab-verm%c9%99kd%c9%99n-imtina-etdi\/"},"author":{"name":"mahmud","@id":"https:\/\/www.meydan.tv\/az\/#\/schema\/person\/09863e516102a829e72bedcf3f84c6b0"},"headline":"Ruben Vardanyan etiraz olaraq, hakimin suallar\u0131na cavab verm\u0259kd\u0259n imtina etdi","datePublished":"2025-02-18T08:45:31+00:00","dateModified":"2025-02-18T08:45:33+00:00","mainEntityOfPage":{"@id":"https:\/\/www.meydan.tv\/az\/article\/ruben-vardanyan-etiraz-olaraq-hakimin-suallarina-cavab-verm%c9%99kd%c9%99n-imtina-etdi\/"},"wordCount":918,"publisher":{"@id":"https:\/\/www.meydan.tv\/az\/#organization"},"image":{"@id":"https:\/\/www.meydan.tv\/az\/article\/ruben-vardanyan-etiraz-olaraq-hakimin-suallarina-cavab-verm%c9%99kd%c9%99n-imtina-etdi\/#primaryimage"},"thumbnailUrl":"https:\/\/www.meydan.tv\/wp-content\/uploads\/img_0493.jpg","articleSection":["Siyas\u0259t","T\u00f6vsiy\u0259","X\u0259b\u0259rl\u0259r"],"inLanguage":"az"},{"@type":"WebPage","@id":"https:\/\/www.meydan.tv\/az\/article\/ruben-vardanyan-etiraz-olaraq-hakimin-suallarina-cavab-verm%c9%99kd%c9%99n-imtina-etdi\/","url":"https:\/\/www.meydan.tv\/az\/article\/ruben-vardanyan-etiraz-olaraq-hakimin-suallarina-cavab-verm%c9%99kd%c9%99n-imtina-etdi\/","name":"Ruben Vardanyan etiraz olaraq, hakimin suallar\u0131na cavab verm\u0259kd\u0259n imtina etdi - MEYDAN.TV","isPartOf":{"@id":"https:\/\/www.meydan.tv\/az\/#website"},"primaryImageOfPage":{"@id":"https:\/\/www.meydan.tv\/az\/article\/ruben-vardanyan-etiraz-olaraq-hakimin-suallarina-cavab-verm%c9%99kd%c9%99n-imtina-etdi\/#primaryimage"},"image":{"@id":"https:\/\/www.meydan.tv\/az\/article\/ruben-vardanyan-etiraz-olaraq-hakimin-suallarina-cavab-verm%c9%99kd%c9%99n-imtina-etdi\/#primaryimage"},"thumbnailUrl":"https:\/\/www.meydan.tv\/wp-content\/uploads\/img_0493.jpg","datePublished":"2025-02-18T08:45:31+00:00","dateModified":"2025-02-18T08:45:33+00:00","breadcrumb":{"@id":"https:\/\/www.meydan.tv\/az\/article\/ruben-vardanyan-etiraz-olaraq-hakimin-suallarina-cavab-verm%c9%99kd%c9%99n-imtina-etdi\/#breadcrumb"},"inLanguage":"az","potentialAction":[{"@type":"ReadAction","target":["https:\/\/www.meydan.tv\/az\/article\/ruben-vardanyan-etiraz-olaraq-hakimin-suallarina-cavab-verm%c9%99kd%c9%99n-imtina-etdi\/"]}]},{"@type":"ImageObject","inLanguage":"az","@id":"https:\/\/www.meydan.tv\/az\/article\/ruben-vardanyan-etiraz-olaraq-hakimin-suallarina-cavab-verm%c9%99kd%c9%99n-imtina-etdi\/#primaryimage","url":"https:\/\/www.meydan.tv\/wp-content\/uploads\/img_0493.jpg","contentUrl":"https:\/\/www.meydan.tv\/wp-content\/uploads\/img_0493.jpg","width":1200,"height":800,"caption":"Ruben Vardanyan. Foto: Meydan TV"},{"@type":"BreadcrumbList","@id":"https:\/\/www.meydan.tv\/az\/article\/ruben-vardanyan-etiraz-olaraq-hakimin-suallarina-cavab-verm%c9%99kd%c9%99n-imtina-etdi\/#breadcrumb","itemListElement":[{"@type":"ListItem","position":1,"name":"Ana s\u0259hif\u0259","item":"https:\/\/www.meydan.tv\/az\/"},{"@type":"ListItem","position":2,"name":"Siyas\u0259t","item":"https:\/\/www.meydan.tv\/az\/section\/siyaset\/"},{"@type":"ListItem","position":3,"name":"Ruben Vardanyan etiraz olaraq, hakimin suallar\u0131na cavab verm\u0259kd\u0259n imtina etdi"}]},{"@type":"WebSite","@id":"https:\/\/www.meydan.tv\/az\/#website","url":"https:\/\/www.meydan.tv\/az\/","name":"MEYDAN.TV","description":"Meydan TV Az\u0259rbaycan\u0131n media m\u0259kan\u0131ndak\u0131 alternativ s\u0259sidir","publisher":{"@id":"https:\/\/www.meydan.tv\/az\/#organization"},"potentialAction":[{"@type":"SearchAction","target":{"@type":"EntryPoint","urlTemplate":"https:\/\/www.meydan.tv\/az\/?s={search_term_string}"},"query-input":{"@type":"PropertyValueSpecification","valueRequired":true,"valueName":"search_term_string"}}],"inLanguage":"az"},{"@type":"Organization","@id":"https:\/\/www.meydan.tv\/az\/#organization","name":"Meydan TV","url":"https:\/\/www.meydan.tv\/az\/","logo":{"@type":"ImageObject","inLanguage":"az","@id":"https:\/\/www.meydan.tv\/az\/#\/schema\/logo\/image\/","url":"https:\/\/www.meydan.tv\/wp-content\/uploads\/2021\/07\/meydan-logo.svg","contentUrl":"https:\/\/www.meydan.tv\/wp-content\/uploads\/2021\/07\/meydan-logo.svg","width":195,"height":46,"caption":"Meydan TV"},"image":{"@id":"https:\/\/www.meydan.tv\/az\/#\/schema\/logo\/image\/"}},{"@type":"Person","@id":"https:\/\/www.meydan.tv\/az\/#\/schema\/person\/09863e516102a829e72bedcf3f84c6b0","name":"mahmud"}]}},"_links":{"self":[{"href":"https:\/\/www.meydan.tv\/az\/wp-json\/wp\/v2\/posts\/326519","targetHints":{"allow":["GET"]}}],"collection":[{"href":"https:\/\/www.meydan.tv\/az\/wp-json\/wp\/v2\/posts"}],"about":[{"href":"https:\/\/www.meydan.tv\/az\/wp-json\/wp\/v2\/types\/post"}],"author":[{"embeddable":true,"href":"https:\/\/www.meydan.tv\/az\/wp-json\/wp\/v2\/users\/21"}],"replies":[{"embeddable":true,"href":"https:\/\/www.meydan.tv\/az\/wp-json\/wp\/v2\/comments?post=326519"}],"version-history":[{"count":1,"href":"https:\/\/www.meydan.tv\/az\/wp-json\/wp\/v2\/posts\/326519\/revisions"}],"predecessor-version":[{"id":326520,"href":"https:\/\/www.meydan.tv\/az\/wp-json\/wp\/v2\/posts\/326519\/revisions\/326520"}],"wp:featuredmedia":[{"embeddable":true,"href":"https:\/\/www.meydan.tv\/az\/wp-json\/wp\/v2\/media\/287369"}],"wp:attachment":[{"href":"https:\/\/www.meydan.tv\/az\/wp-json\/wp\/v2\/media?parent=326519"}],"wp:term":[{"taxonomy":"category","embeddable":true,"href":"https:\/\/www.meydan.tv\/az\/wp-json\/wp\/v2\/categories?post=326519"},{"taxonomy":"post_tag","embeddable":true,"href":"https:\/\/www.meydan.tv\/az\/wp-json\/wp\/v2\/tags?post=326519"}],"curies":[{"name":"wp","href":"https:\/\/api.w.org\/{rel}","templated":true}]}}