{"id":326413,"date":"2025-02-14T13:09:17","date_gmt":"2025-02-14T09:09:17","guid":{"rendered":"https:\/\/www.meydan.tv\/?p=326413"},"modified":"2025-02-14T21:23:08","modified_gmt":"2025-02-14T17:23:08","slug":"vardanyan-az%c9%99rbaycan-dovl%c9%99tinin-t%c9%99yin-etdiyi-v%c9%99kild%c9%99n-imtina-edib","status":"publish","type":"post","link":"https:\/\/www.meydan.tv\/az\/article\/vardanyan-az%c9%99rbaycan-dovl%c9%99tinin-t%c9%99yin-etdiyi-v%c9%99kild%c9%99n-imtina-edib\/","title":{"rendered":"Vardanyan Az\u0259rbaycan d\u00f6vl\u0259tinin t\u0259yin etdiyi v\u0259kild\u0259n imtina edib"},"content":{"rendered":"\n<p><strong><em>O, h\u00fcquqlar\u0131n\u0131 yaln\u0131z \u00f6z v\u0259kili Avraam Berman\u0131n qorumas\u0131n\u0131 ist\u0259yib<\/em><\/strong><\/p>\n\n\n\n<p>Bak\u0131da h\u0259bsd\u0259 olan erm\u0259ni milyarder, Qaraba\u011fdak\u0131 separat\u00e7\u0131lar\u0131n ke\u00e7mi\u015f \u201cd\u00f6vl\u0259t naziri\u201d Ruben Vardanyan Az\u0259rbaycan d\u00f6vl\u0259tinin t\u0259yin etdiyi v\u0259kild\u0259n <a href=\"https:\/\/www.azadliq.org\/a\/qarabag-separatchilarin-mehkemesi\/33279389.html\" target=\"_blank\" rel=\"noreferrer noopener\">imtina edib<\/a>.<br><br>Bak\u0131 H\u0259rbi M\u0259hk\u0259m\u0259sinin hakiml\u0259rind\u0259n ibar\u0259t kollegiyan\u0131n idar\u0259 etdiyi m\u0259hk\u0259m\u0259d\u0259 Ruben Vardanyan\u0131n iki v\u0259kili olub. O, bunlardan biri olan Avraam Bermanla \u00f6z ist\u0259yi il\u0259 m\u00fcqavil\u0259 ba\u011flay\u0131b, dig\u0259rini \u2013 Az\u0259r M\u0259h\u0259rr\u0259movu is\u0259 Az\u0259rbaycan d\u00f6vl\u0259ti t\u0259yin edib.<br><br>O, h\u00fcquqlar\u0131n\u0131 yaln\u0131z \u00f6z v\u0259kili Avraam Berman\u0131n qorumas\u0131n\u0131 ist\u0259yib.<br><br>M\u0259hk\u0259m\u0259 prosesind\u0259ki prokurorlar da deyibl\u0259r ki, bu, t\u0259qsirl\u0259ndiril\u0259n \u015f\u0259xsin h\u00fcququdur, onun ist\u0259yin\u0259 etiraz etmirl\u0259r.<br><br>M\u0259hk\u0259m\u0259 d\u00f6vl\u0259t hesab\u0131na m\u00fcdafi\u0259\u00e7id\u0259n imtinan\u0131 q\u0259bul edib.<br><br>Ruben Vardanyan\u0131n i\u015fi \u00fczr\u0259 m\u0259hk\u0259m\u0259 prosesind\u0259 ard-arda bir ne\u00e7\u0259 iclasd\u0131r prokurorlar n\u00f6vb\u0259li \u015f\u0259kild\u0259 ittiham akt\u0131n\u0131 a\u00e7\u0131qlay\u0131rlar. Orada Qaraba\u011f\u0131n m\u00fcxt\u0259lif rayon, q\u0259s\u0259b\u0259 v\u0259 k\u0259ndl\u0259rinin i\u015f\u011fal\u0131, bu zaman ya\u015fanan olaylardan <a href=\"https:\/\/storage.googleapis.com\/qurium\/www.meydan.tv\/az-article-qarabag-separatcilarinin-isi-uzr%c9%99-proses-davam-etdirilir.html\" target=\"_blank\" rel=\"noreferrer noopener\">s\u00f6hb\u0259t gedir<\/a>.<br><br>\u0130ttiham akt\u0131n\u0131n h\u0259cmi b\u00f6y\u00fck oldu\u011fundan s\u0259n\u0259din elan\u0131 fevral\u0131n 17-d\u0259 ke\u00e7iril\u0259c\u0259k n\u00f6vb\u0259ti iclasda davam etdiril\u0259c\u0259k.<br><br>Qaraba\u011fda separat\u00e7\u0131lar\u0131n \u201cprezidenti\u201d olmu\u015f Arkadi Gukasyan, Bako Saakyan, Arayik Harutyunyan, sabiq \u201cxarici i\u015fl\u0259r naziri\u201d Davit Babayan, \u201cparlament s\u0259dri\u201d David \u0130\u015fxanyan, generallar Lyova Mnatsakanyan v\u0259 David Manukyan da daxil olmaqla, Az\u0259rbaycanda h\u0259bsd\u0259 olan 15 n\u0259f\u0259rin i\u015fi \u00fczr\u0259 m\u0259hk\u0259m\u0259 prosesi davam etdirilir.<br><br>\u00a0Onlara qar\u015f\u0131 Az\u0259rbaycan Cinay\u0259t M\u0259c\u0259ll\u0259sinin 100 (t\u0259cav\u00fczkar m\u00fcharib\u0259ni planla\u015fd\u0131rma, haz\u0131rlama, ba\u015flama v\u0259 ya aparma), 116 (silahl\u0131 m\u00fcnaqi\u015f\u0259 zaman\u0131 beyn\u0259lxalq humanitar h\u00fcquq normalar\u0131n\u0131 pozma), 120 (q\u0259sd\u0259n adam \u00f6ld\u00fcrm\u0259), 214 (terror\u00e7uluq), 214-1 (terror\u00e7ulu\u011fu maliyy\u0259l\u0259\u015fdirm\u0259), 214-3 (terror\u00e7uluq m\u0259qs\u0259dil\u0259 t\u0259lim ke\u00e7m\u0259), 218 (cinay\u0259tkar birlik yaratma) v\u0259 279-cu (qanunvericilikd\u0259 n\u0259z\u0259rd\u0259 tutulmayan silahl\u0131 birl\u0259\u015fm\u0259l\u0259r yaratma) madd\u0259l\u0259ril\u0259 ittiham ir\u0259li s\u00fcr\u00fcl\u00fcb. Bu ittihamlarda 20 il\u0259 q\u0259d\u0259r v\u0259 ya \u00f6m\u00fcrl\u00fck azadl\u0131qdan m\u0259hrumetm\u0259 c\u0259zas\u0131 n\u0259z\u0259rd\u0259 tutulub.<\/p>\n\n\n\n<p>&nbsp;Onlar Az\u0259rbaycan \u0259razil\u0259rinin minalanmas\u0131, 2020-ci ild\u0259 G\u0259nc\u0259 v\u0259 B\u0259rd\u0259y\u0259 raket at\u0131lmas\u0131, n\u0259tic\u0259d\u0259 m\u00fclki \u0259halinin \u00f6ld\u00fcr\u00fclm\u0259si, terror h\u00fccumlar\u0131n\u0131n t\u0259\u015fkili v\u0259 ba\u015fqa \u00e7oxsayl\u0131 cinay\u0259tl\u0259rd\u0259 ittiham olunur.<\/p>\n\n\n\n<p>\u00a0Separat\u00e7\u0131 rejimin ke\u00e7mi\u015f \u201cd\u00f6vl\u0259t naziri\u201d Ruben Vardanyan\u0131n i\u015fi \u00fczr\u0259 ayr\u0131ca t\u0259hqiqat apar\u0131l\u0131r.<br>Ruben Vardanyana qar\u015f\u0131 Cinay\u0259t M\u0259c\u0259ll\u0259sinin 214-1 (terror\u00e7ulu\u011fu maliyy\u0259l\u0259\u015fdirm\u0259), 279.3 (qanunvericilikl\u0259 n\u0259z\u0259rd\u0259 tutulmayan silahl\u0131 birl\u0259\u015fm\u0259l\u0259rin yarad\u0131lmas\u0131nda v\u0259 f\u0259aliyy\u0259tind\u0259 i\u015ftirak) v\u0259 318.1-ci (Az\u0259rbaycan\u0131n d\u00f6vl\u0259t s\u0259rh\u0259dini qanunsuz ke\u00e7m\u0259) madd\u0259l\u0259ri il\u0259 ittiham ir\u0259li s\u00fcr\u00fcl\u00fcb.<br><br>2023-c\u00fc ilin sentyabr\u0131nda Qaraba\u011fda \u0259m\u0259liyyatlardan sonra Ruben Vardanyan La\u00e7\u0131n d\u0259hlizind\u0259 saxlan\u0131l\u0131b.<\/p>\n","protected":false},"excerpt":{"rendered":"<p>O, h\u00fcquqlar\u0131n\u0131 yaln\u0131z \u00f6z v\u0259kili Avraam Berman\u0131n qorumas\u0131n\u0131 ist\u0259yib Bak\u0131da &#8230; <\/p>\n<p class=\"read-more-container\"><a title=\"Vardanyan Az\u0259rbaycan d\u00f6vl\u0259tinin t\u0259yin etdiyi v\u0259kild\u0259n imtina edib\" class=\"read-more button\" href=\"https:\/\/www.meydan.tv\/az\/article\/vardanyan-az%c9%99rbaycan-dovl%c9%99tinin-t%c9%99yin-etdiyi-v%c9%99kild%c9%99n-imtina-edib\/#more-326413\" aria-label=\"Read more about Vardanyan Az\u0259rbaycan d\u00f6vl\u0259tinin t\u0259yin etdiyi v\u0259kild\u0259n imtina edib\">Davam\u0131<\/a><\/p>\n","protected":false},"author":16,"featured_media":326453,"comment_status":"closed","ping_status":"closed","sticky":false,"template":"","format":"standard","meta":{"_acf_changed":false,"_sitemap_exclude":false,"_sitemap_priority":"","_sitemap_frequency":"","footnotes":""},"categories":[79,56],"tags":[],"class_list":["post-326413","post","type-post","status-publish","format-standard","has-post-thumbnail","hentry","category-featured","category-xeberler","infinite-scroll-item","generate-columns","tablet-grid-50","mobile-grid-100","grid-parent","grid-33","no-featured-image-padding"],"acf":[],"yoast_head":"<!-- This site is optimized with the Yoast SEO plugin v27.5 - https:\/\/yoast.com\/product\/yoast-seo-wordpress\/ -->\n<title>Vardanyan Az\u0259rbaycan d\u00f6vl\u0259tinin t\u0259yin etdiyi v\u0259kild\u0259n imtina edib - MEYDAN.TV<\/title>\n<meta name=\"robots\" content=\"index, follow, max-snippet:-1, max-image-preview:large, max-video-preview:-1\" \/>\n<link rel=\"canonical\" href=\"https:\/\/www.meydan.tv\/az\/article\/vardanyan-az%c9%99rbaycan-dovl%c9%99tinin-t%c9%99yin-etdiyi-v%c9%99kild%c9%99n-imtina-edib\/\" \/>\n<meta property=\"og:locale\" content=\"az_AZ\" \/>\n<meta property=\"og:type\" content=\"article\" \/>\n<meta property=\"og:title\" content=\"Vardanyan Az\u0259rbaycan d\u00f6vl\u0259tinin t\u0259yin etdiyi v\u0259kild\u0259n imtina edib - MEYDAN.TV\" \/>\n<meta property=\"og:description\" content=\"O, h\u00fcquqlar\u0131n\u0131 yaln\u0131z \u00f6z v\u0259kili Avraam Berman\u0131n qorumas\u0131n\u0131 ist\u0259yib Bak\u0131da ... Davam\u0131\" \/>\n<meta property=\"og:url\" content=\"https:\/\/www.meydan.tv\/az\/article\/vardanyan-az%c9%99rbaycan-dovl%c9%99tinin-t%c9%99yin-etdiyi-v%c9%99kild%c9%99n-imtina-edib\/\" \/>\n<meta property=\"og:site_name\" content=\"MEYDAN.TV\" \/>\n<meta property=\"article:published_time\" content=\"2025-02-14T09:09:17+00:00\" \/>\n<meta property=\"article:modified_time\" content=\"2025-02-14T17:23:08+00:00\" \/>\n<meta property=\"og:image\" content=\"https:\/\/www.meydan.tv\/wp-content\/uploads\/23235.png\" \/>\n\t<meta property=\"og:image:width\" content=\"1179\" \/>\n\t<meta property=\"og:image:height\" content=\"576\" \/>\n\t<meta property=\"og:image:type\" content=\"image\/png\" \/>\n<meta name=\"author\" content=\"sevda\" \/>\n<meta name=\"twitter:card\" content=\"summary_large_image\" \/>\n<script type=\"application\/ld+json\" class=\"yoast-schema-graph\">{\"@context\":\"https:\\\/\\\/schema.org\",\"@graph\":[{\"@type\":\"Article\",\"@id\":\"https:\\\/\\\/www.meydan.tv\\\/az\\\/article\\\/vardanyan-az%c9%99rbaycan-dovl%c9%99tinin-t%c9%99yin-etdiyi-v%c9%99kild%c9%99n-imtina-edib\\\/#article\",\"isPartOf\":{\"@id\":\"https:\\\/\\\/www.meydan.tv\\\/az\\\/article\\\/vardanyan-az%c9%99rbaycan-dovl%c9%99tinin-t%c9%99yin-etdiyi-v%c9%99kild%c9%99n-imtina-edib\\\/\"},\"author\":{\"name\":\"sevda\",\"@id\":\"https:\\\/\\\/www.meydan.tv\\\/az\\\/#\\\/schema\\\/person\\\/49b5f2bad5b126bb8ea9320eeb3e4dc9\"},\"headline\":\"Vardanyan Az\u0259rbaycan d\u00f6vl\u0259tinin t\u0259yin etdiyi v\u0259kild\u0259n imtina edib\",\"datePublished\":\"2025-02-14T09:09:17+00:00\",\"dateModified\":\"2025-02-14T17:23:08+00:00\",\"mainEntityOfPage\":{\"@id\":\"https:\\\/\\\/www.meydan.tv\\\/az\\\/article\\\/vardanyan-az%c9%99rbaycan-dovl%c9%99tinin-t%c9%99yin-etdiyi-v%c9%99kild%c9%99n-imtina-edib\\\/\"},\"wordCount\":566,\"publisher\":{\"@id\":\"https:\\\/\\\/www.meydan.tv\\\/az\\\/#organization\"},\"image\":{\"@id\":\"https:\\\/\\\/www.meydan.tv\\\/az\\\/article\\\/vardanyan-az%c9%99rbaycan-dovl%c9%99tinin-t%c9%99yin-etdiyi-v%c9%99kild%c9%99n-imtina-edib\\\/#primaryimage\"},\"thumbnailUrl\":\"https:\\\/\\\/www.meydan.tv\\\/wp-content\\\/uploads\\\/23235.png\",\"articleSection\":[\"T\u00f6vsiy\u0259\",\"X\u0259b\u0259rl\u0259r\"],\"inLanguage\":\"az\"},{\"@type\":\"WebPage\",\"@id\":\"https:\\\/\\\/www.meydan.tv\\\/az\\\/article\\\/vardanyan-az%c9%99rbaycan-dovl%c9%99tinin-t%c9%99yin-etdiyi-v%c9%99kild%c9%99n-imtina-edib\\\/\",\"url\":\"https:\\\/\\\/www.meydan.tv\\\/az\\\/article\\\/vardanyan-az%c9%99rbaycan-dovl%c9%99tinin-t%c9%99yin-etdiyi-v%c9%99kild%c9%99n-imtina-edib\\\/\",\"name\":\"Vardanyan Az\u0259rbaycan d\u00f6vl\u0259tinin t\u0259yin etdiyi v\u0259kild\u0259n imtina edib - MEYDAN.TV\",\"isPartOf\":{\"@id\":\"https:\\\/\\\/www.meydan.tv\\\/az\\\/#website\"},\"primaryImageOfPage\":{\"@id\":\"https:\\\/\\\/www.meydan.tv\\\/az\\\/article\\\/vardanyan-az%c9%99rbaycan-dovl%c9%99tinin-t%c9%99yin-etdiyi-v%c9%99kild%c9%99n-imtina-edib\\\/#primaryimage\"},\"image\":{\"@id\":\"https:\\\/\\\/www.meydan.tv\\\/az\\\/article\\\/vardanyan-az%c9%99rbaycan-dovl%c9%99tinin-t%c9%99yin-etdiyi-v%c9%99kild%c9%99n-imtina-edib\\\/#primaryimage\"},\"thumbnailUrl\":\"https:\\\/\\\/www.meydan.tv\\\/wp-content\\\/uploads\\\/23235.png\",\"datePublished\":\"2025-02-14T09:09:17+00:00\",\"dateModified\":\"2025-02-14T17:23:08+00:00\",\"breadcrumb\":{\"@id\":\"https:\\\/\\\/www.meydan.tv\\\/az\\\/article\\\/vardanyan-az%c9%99rbaycan-dovl%c9%99tinin-t%c9%99yin-etdiyi-v%c9%99kild%c9%99n-imtina-edib\\\/#breadcrumb\"},\"inLanguage\":\"az\",\"potentialAction\":[{\"@type\":\"ReadAction\",\"target\":[\"https:\\\/\\\/www.meydan.tv\\\/az\\\/article\\\/vardanyan-az%c9%99rbaycan-dovl%c9%99tinin-t%c9%99yin-etdiyi-v%c9%99kild%c9%99n-imtina-edib\\\/\"]}]},{\"@type\":\"ImageObject\",\"inLanguage\":\"az\",\"@id\":\"https:\\\/\\\/www.meydan.tv\\\/az\\\/article\\\/vardanyan-az%c9%99rbaycan-dovl%c9%99tinin-t%c9%99yin-etdiyi-v%c9%99kild%c9%99n-imtina-edib\\\/#primaryimage\",\"url\":\"https:\\\/\\\/www.meydan.tv\\\/wp-content\\\/uploads\\\/23235.png\",\"contentUrl\":\"https:\\\/\\\/www.meydan.tv\\\/wp-content\\\/uploads\\\/23235.png\",\"width\":1179,\"height\":576,\"caption\":\"Ruben Vardanyan. Foto: Meydan TV\"},{\"@type\":\"BreadcrumbList\",\"@id\":\"https:\\\/\\\/www.meydan.tv\\\/az\\\/article\\\/vardanyan-az%c9%99rbaycan-dovl%c9%99tinin-t%c9%99yin-etdiyi-v%c9%99kild%c9%99n-imtina-edib\\\/#breadcrumb\",\"itemListElement\":[{\"@type\":\"ListItem\",\"position\":1,\"name\":\"Ana s\u0259hif\u0259\",\"item\":\"https:\\\/\\\/www.meydan.tv\\\/az\\\/\"},{\"@type\":\"ListItem\",\"position\":2,\"name\":\"X\u0259b\u0259rl\u0259r\",\"item\":\"https:\\\/\\\/www.meydan.tv\\\/az\\\/section\\\/xeberler\\\/\"},{\"@type\":\"ListItem\",\"position\":3,\"name\":\"Vardanyan Az\u0259rbaycan d\u00f6vl\u0259tinin t\u0259yin etdiyi v\u0259kild\u0259n imtina edib\"}]},{\"@type\":\"WebSite\",\"@id\":\"https:\\\/\\\/www.meydan.tv\\\/az\\\/#website\",\"url\":\"https:\\\/\\\/www.meydan.tv\\\/az\\\/\",\"name\":\"MEYDAN.TV\",\"description\":\"Meydan TV Az\u0259rbaycan\u0131n media m\u0259kan\u0131ndak\u0131 alternativ s\u0259sidir\",\"publisher\":{\"@id\":\"https:\\\/\\\/www.meydan.tv\\\/az\\\/#organization\"},\"potentialAction\":[{\"@type\":\"SearchAction\",\"target\":{\"@type\":\"EntryPoint\",\"urlTemplate\":\"https:\\\/\\\/www.meydan.tv\\\/az\\\/?s={search_term_string}\"},\"query-input\":{\"@type\":\"PropertyValueSpecification\",\"valueRequired\":true,\"valueName\":\"search_term_string\"}}],\"inLanguage\":\"az\"},{\"@type\":\"Organization\",\"@id\":\"https:\\\/\\\/www.meydan.tv\\\/az\\\/#organization\",\"name\":\"Meydan TV\",\"url\":\"https:\\\/\\\/www.meydan.tv\\\/az\\\/\",\"logo\":{\"@type\":\"ImageObject\",\"inLanguage\":\"az\",\"@id\":\"https:\\\/\\\/www.meydan.tv\\\/az\\\/#\\\/schema\\\/logo\\\/image\\\/\",\"url\":\"https:\\\/\\\/www.meydan.tv\\\/wp-content\\\/uploads\\\/2021\\\/07\\\/meydan-logo.svg\",\"contentUrl\":\"https:\\\/\\\/www.meydan.tv\\\/wp-content\\\/uploads\\\/2021\\\/07\\\/meydan-logo.svg\",\"width\":195,\"height\":46,\"caption\":\"Meydan TV\"},\"image\":{\"@id\":\"https:\\\/\\\/www.meydan.tv\\\/az\\\/#\\\/schema\\\/logo\\\/image\\\/\"}},{\"@type\":\"Person\",\"@id\":\"https:\\\/\\\/www.meydan.tv\\\/az\\\/#\\\/schema\\\/person\\\/49b5f2bad5b126bb8ea9320eeb3e4dc9\",\"name\":\"sevda\"}]}<\/script>\n<!-- \/ Yoast SEO plugin. -->","yoast_head_json":{"title":"Vardanyan Az\u0259rbaycan d\u00f6vl\u0259tinin t\u0259yin etdiyi v\u0259kild\u0259n imtina edib - MEYDAN.TV","robots":{"index":"index","follow":"follow","max-snippet":"max-snippet:-1","max-image-preview":"max-image-preview:large","max-video-preview":"max-video-preview:-1"},"canonical":"https:\/\/www.meydan.tv\/az\/article\/vardanyan-az%c9%99rbaycan-dovl%c9%99tinin-t%c9%99yin-etdiyi-v%c9%99kild%c9%99n-imtina-edib\/","og_locale":"az_AZ","og_type":"article","og_title":"Vardanyan Az\u0259rbaycan d\u00f6vl\u0259tinin t\u0259yin etdiyi v\u0259kild\u0259n imtina edib - MEYDAN.TV","og_description":"O, h\u00fcquqlar\u0131n\u0131 yaln\u0131z \u00f6z v\u0259kili Avraam Berman\u0131n qorumas\u0131n\u0131 ist\u0259yib Bak\u0131da ... Davam\u0131","og_url":"https:\/\/www.meydan.tv\/az\/article\/vardanyan-az%c9%99rbaycan-dovl%c9%99tinin-t%c9%99yin-etdiyi-v%c9%99kild%c9%99n-imtina-edib\/","og_site_name":"MEYDAN.TV","article_published_time":"2025-02-14T09:09:17+00:00","article_modified_time":"2025-02-14T17:23:08+00:00","og_image":[{"width":1179,"height":576,"url":"https:\/\/www.meydan.tv\/wp-content\/uploads\/23235.png","type":"image\/png"}],"author":"sevda","twitter_card":"summary_large_image","schema":{"@context":"https:\/\/schema.org","@graph":[{"@type":"Article","@id":"https:\/\/www.meydan.tv\/az\/article\/vardanyan-az%c9%99rbaycan-dovl%c9%99tinin-t%c9%99yin-etdiyi-v%c9%99kild%c9%99n-imtina-edib\/#article","isPartOf":{"@id":"https:\/\/www.meydan.tv\/az\/article\/vardanyan-az%c9%99rbaycan-dovl%c9%99tinin-t%c9%99yin-etdiyi-v%c9%99kild%c9%99n-imtina-edib\/"},"author":{"name":"sevda","@id":"https:\/\/www.meydan.tv\/az\/#\/schema\/person\/49b5f2bad5b126bb8ea9320eeb3e4dc9"},"headline":"Vardanyan Az\u0259rbaycan d\u00f6vl\u0259tinin t\u0259yin etdiyi v\u0259kild\u0259n imtina edib","datePublished":"2025-02-14T09:09:17+00:00","dateModified":"2025-02-14T17:23:08+00:00","mainEntityOfPage":{"@id":"https:\/\/www.meydan.tv\/az\/article\/vardanyan-az%c9%99rbaycan-dovl%c9%99tinin-t%c9%99yin-etdiyi-v%c9%99kild%c9%99n-imtina-edib\/"},"wordCount":566,"publisher":{"@id":"https:\/\/www.meydan.tv\/az\/#organization"},"image":{"@id":"https:\/\/www.meydan.tv\/az\/article\/vardanyan-az%c9%99rbaycan-dovl%c9%99tinin-t%c9%99yin-etdiyi-v%c9%99kild%c9%99n-imtina-edib\/#primaryimage"},"thumbnailUrl":"https:\/\/www.meydan.tv\/wp-content\/uploads\/23235.png","articleSection":["T\u00f6vsiy\u0259","X\u0259b\u0259rl\u0259r"],"inLanguage":"az"},{"@type":"WebPage","@id":"https:\/\/www.meydan.tv\/az\/article\/vardanyan-az%c9%99rbaycan-dovl%c9%99tinin-t%c9%99yin-etdiyi-v%c9%99kild%c9%99n-imtina-edib\/","url":"https:\/\/www.meydan.tv\/az\/article\/vardanyan-az%c9%99rbaycan-dovl%c9%99tinin-t%c9%99yin-etdiyi-v%c9%99kild%c9%99n-imtina-edib\/","name":"Vardanyan Az\u0259rbaycan d\u00f6vl\u0259tinin t\u0259yin etdiyi v\u0259kild\u0259n imtina edib - MEYDAN.TV","isPartOf":{"@id":"https:\/\/www.meydan.tv\/az\/#website"},"primaryImageOfPage":{"@id":"https:\/\/www.meydan.tv\/az\/article\/vardanyan-az%c9%99rbaycan-dovl%c9%99tinin-t%c9%99yin-etdiyi-v%c9%99kild%c9%99n-imtina-edib\/#primaryimage"},"image":{"@id":"https:\/\/www.meydan.tv\/az\/article\/vardanyan-az%c9%99rbaycan-dovl%c9%99tinin-t%c9%99yin-etdiyi-v%c9%99kild%c9%99n-imtina-edib\/#primaryimage"},"thumbnailUrl":"https:\/\/www.meydan.tv\/wp-content\/uploads\/23235.png","datePublished":"2025-02-14T09:09:17+00:00","dateModified":"2025-02-14T17:23:08+00:00","breadcrumb":{"@id":"https:\/\/www.meydan.tv\/az\/article\/vardanyan-az%c9%99rbaycan-dovl%c9%99tinin-t%c9%99yin-etdiyi-v%c9%99kild%c9%99n-imtina-edib\/#breadcrumb"},"inLanguage":"az","potentialAction":[{"@type":"ReadAction","target":["https:\/\/www.meydan.tv\/az\/article\/vardanyan-az%c9%99rbaycan-dovl%c9%99tinin-t%c9%99yin-etdiyi-v%c9%99kild%c9%99n-imtina-edib\/"]}]},{"@type":"ImageObject","inLanguage":"az","@id":"https:\/\/www.meydan.tv\/az\/article\/vardanyan-az%c9%99rbaycan-dovl%c9%99tinin-t%c9%99yin-etdiyi-v%c9%99kild%c9%99n-imtina-edib\/#primaryimage","url":"https:\/\/www.meydan.tv\/wp-content\/uploads\/23235.png","contentUrl":"https:\/\/www.meydan.tv\/wp-content\/uploads\/23235.png","width":1179,"height":576,"caption":"Ruben Vardanyan. Foto: Meydan TV"},{"@type":"BreadcrumbList","@id":"https:\/\/www.meydan.tv\/az\/article\/vardanyan-az%c9%99rbaycan-dovl%c9%99tinin-t%c9%99yin-etdiyi-v%c9%99kild%c9%99n-imtina-edib\/#breadcrumb","itemListElement":[{"@type":"ListItem","position":1,"name":"Ana s\u0259hif\u0259","item":"https:\/\/www.meydan.tv\/az\/"},{"@type":"ListItem","position":2,"name":"X\u0259b\u0259rl\u0259r","item":"https:\/\/www.meydan.tv\/az\/section\/xeberler\/"},{"@type":"ListItem","position":3,"name":"Vardanyan Az\u0259rbaycan d\u00f6vl\u0259tinin t\u0259yin etdiyi v\u0259kild\u0259n imtina edib"}]},{"@type":"WebSite","@id":"https:\/\/www.meydan.tv\/az\/#website","url":"https:\/\/www.meydan.tv\/az\/","name":"MEYDAN.TV","description":"Meydan TV Az\u0259rbaycan\u0131n media m\u0259kan\u0131ndak\u0131 alternativ s\u0259sidir","publisher":{"@id":"https:\/\/www.meydan.tv\/az\/#organization"},"potentialAction":[{"@type":"SearchAction","target":{"@type":"EntryPoint","urlTemplate":"https:\/\/www.meydan.tv\/az\/?s={search_term_string}"},"query-input":{"@type":"PropertyValueSpecification","valueRequired":true,"valueName":"search_term_string"}}],"inLanguage":"az"},{"@type":"Organization","@id":"https:\/\/www.meydan.tv\/az\/#organization","name":"Meydan TV","url":"https:\/\/www.meydan.tv\/az\/","logo":{"@type":"ImageObject","inLanguage":"az","@id":"https:\/\/www.meydan.tv\/az\/#\/schema\/logo\/image\/","url":"https:\/\/www.meydan.tv\/wp-content\/uploads\/2021\/07\/meydan-logo.svg","contentUrl":"https:\/\/www.meydan.tv\/wp-content\/uploads\/2021\/07\/meydan-logo.svg","width":195,"height":46,"caption":"Meydan TV"},"image":{"@id":"https:\/\/www.meydan.tv\/az\/#\/schema\/logo\/image\/"}},{"@type":"Person","@id":"https:\/\/www.meydan.tv\/az\/#\/schema\/person\/49b5f2bad5b126bb8ea9320eeb3e4dc9","name":"sevda"}]}},"_links":{"self":[{"href":"https:\/\/www.meydan.tv\/az\/wp-json\/wp\/v2\/posts\/326413","targetHints":{"allow":["GET"]}}],"collection":[{"href":"https:\/\/www.meydan.tv\/az\/wp-json\/wp\/v2\/posts"}],"about":[{"href":"https:\/\/www.meydan.tv\/az\/wp-json\/wp\/v2\/types\/post"}],"author":[{"embeddable":true,"href":"https:\/\/www.meydan.tv\/az\/wp-json\/wp\/v2\/users\/16"}],"replies":[{"embeddable":true,"href":"https:\/\/www.meydan.tv\/az\/wp-json\/wp\/v2\/comments?post=326413"}],"version-history":[{"count":2,"href":"https:\/\/www.meydan.tv\/az\/wp-json\/wp\/v2\/posts\/326413\/revisions"}],"predecessor-version":[{"id":326456,"href":"https:\/\/www.meydan.tv\/az\/wp-json\/wp\/v2\/posts\/326413\/revisions\/326456"}],"wp:featuredmedia":[{"embeddable":true,"href":"https:\/\/www.meydan.tv\/az\/wp-json\/wp\/v2\/media\/326453"}],"wp:attachment":[{"href":"https:\/\/www.meydan.tv\/az\/wp-json\/wp\/v2\/media?parent=326413"}],"wp:term":[{"taxonomy":"category","embeddable":true,"href":"https:\/\/www.meydan.tv\/az\/wp-json\/wp\/v2\/categories?post=326413"},{"taxonomy":"post_tag","embeddable":true,"href":"https:\/\/www.meydan.tv\/az\/wp-json\/wp\/v2\/tags?post=326413"}],"curies":[{"name":"wp","href":"https:\/\/api.w.org\/{rel}","templated":true}]}}