{"id":326312,"date":"2025-02-12T19:08:44","date_gmt":"2025-02-12T15:08:44","guid":{"rendered":"https:\/\/www.meydan.tv\/?p=326312"},"modified":"2025-02-12T19:50:53","modified_gmt":"2025-02-12T15:50:53","slug":"az%c9%99rbaycanda-siyasi-m%c9%99hbuslarin-sayi-357-n%c9%99f%c9%99r%c9%99-catdi","status":"publish","type":"post","link":"https:\/\/www.meydan.tv\/az\/article\/az%c9%99rbaycanda-siyasi-m%c9%99hbuslarin-sayi-357-n%c9%99f%c9%99r%c9%99-catdi\/","title":{"rendered":"Az\u0259rbaycanda siyasi m\u0259hbuslar\u0131n say\u0131 357 n\u0259f\u0259r\u0259 \u00e7atd\u0131"},"content":{"rendered":"\n<p><em>H\u00fcquq m\u00fcdafi\u0259\u00e7il\u0259ri daha 26 m\u0259hbusu siyah\u0131ya sal\u0131blar<br><\/em><\/p>\n\n\n\n<p>Az\u0259rbaycanda Siyasi M\u0259hbuslar\u0131n Azadl\u0131\u011f\u0131 U\u011frunda \u0130ttifaq \u00f6lk\u0259d\u0259 siyasi m\u0259hbuslar\u0131n yeni siyah\u0131s\u0131n\u0131 <a href=\"https:\/\/turan.az\/az\/siyaset\/huquq-mudafiecileri-siyasi-mehbuslar-siyahisini-yenileyibler-790338\">a\u00e7\u0131qlay\u0131b.<\/a> Siyah\u0131ya 357 n\u0259f\u0259rin ad\u0131 daxil edilib.<\/p>\n\n\n\n<p>Bu, qurumun 2024-c\u00fc il dekabr\u0131n 12-d\u0259 t\u0259qdim etdiyi siyah\u0131 il\u0259 m\u00fcqayis\u0259d\u0259 26 n\u0259f\u0259r \u00e7oxdur.<br><\/p>\n\n\n\n<p>Onlar aras\u0131nda jurnalistl\u0259r F\u0259rid \u0130smay\u0131lov, \u015e\u0259m\u015fad A\u011fa, \u015eahnaz B\u0259yl\u0259rq\u0131z\u0131 v\u0259 \u0130mi\u015flid\u0259 i\u011fti\u015fa\u015flar zaman\u0131 h\u0259bs edilmi\u015f 13 n\u0259f\u0259r v\u0259 dig\u0259rl\u0259ri var.<\/p>\n\n\n\n<p>Yeni siyah\u0131 12 qrupdan ibar\u0259tdir:<\/p>\n\n\n\n<p><strong>-jurnalistl\u0259r v\u0259 blogerl\u0259r \u2013 27 n\u0259f\u0259r;<br>-h\u00fcquq m\u00fcdafi\u0259\u00e7il\u0259ri \u2013 4 n\u0259f\u0259r;<br>-m\u00fcxalif\u0259t partiyalar\u0131n\u0131n v\u0259 v\u0259t\u0259nda\u015f c\u0259miyy\u0259tinin \u00fczvl\u0259ri \u2013 32 n\u0259f\u0259r;<br>-milli azl\u0131qlar\u0131n f\u0259allar\u0131 \u2013 4 n\u0259f\u0259r;<br>-m\u00fcharib\u0259 \u0259leyhin\u0259 f\u0259allar \u2013 2 n\u0259f\u0259r;<\/strong><\/p>\n\n\n\n<p><strong>&#8211; \u201cS\u00f6y\u00fcdl\u00fc k\u0259ndinin i\u015fi\u201d \u00fczr\u0259 \u2013 2 n\u0259f\u0259r;<br>&#8211; Almaniyadan deportasiya edilmi\u015f siyasi m\u00fchacirl\u0259r \u2013 5 n\u0259f\u0259r;<br>&#8211; dindarlar \u2013 235 n\u0259f\u0259r;<br>-\u201cT\u0259rt\u0259r i\u015fi\u201d \u00fczr\u0259 m\u0259hkumlar \u2013 8 n\u0259f\u0259r;<br>-\u201cG\u0259nc\u0259 i\u015fi\u201d \u00fczr\u0259 m\u0259hkumlar \u2013 13 n\u0259f\u0259r;<br>&#8211; \u00f6m\u00fcrl\u00fck h\u0259bs c\u0259zas\u0131 alanlar \u2013 11 n\u0259f\u0259r.<br>-\u201c\u0130mi\u015fli i\u015fi\u201d \u00fczr\u0259 h\u0259bs olunanlar &#8211; 13 n\u0259f\u0259r,<br><\/strong><\/p>\n\n\n\n<p>Siyah\u0131n\u0131 S\u00fclh v\u0259 Demokratiya \u0130nstitutunun direktoru Leyla Yunus v\u0259 Siyasi M\u0259hbuslar Monitorinq M\u0259rk\u0259zinin r\u0259hb\u0259ri El\u015f\u0259n H\u0259s\u0259nov t\u0259rtib edibl\u0259r.<\/p>\n\n\n\n<p>M\u00fc\u0259llifl\u0259r bildirirl\u0259r ki, siyah\u0131 Avropa \u015euras\u0131 Parlament Assambleyas\u0131n\u0131n (A\u015ePA) 2012-ci ilin oktyabr\u0131nda ke\u00e7iril\u0259n sessiyas\u0131nda q\u0259bul edilmi\u015f 1900 n\u00f6mr\u0259li m\u00fcvafiq q\u0259tnam\u0259d\u0259 m\u00fc\u0259yy\u0259n edilmi\u015f \u201csiyasi m\u0259hbus\u201d anlay\u0131\u015f\u0131n\u0131n m\u00fc\u0259yy\u0259nl\u0259\u015fdirilm\u0259si meyarlar\u0131na \u0259sas\u0259n t\u0259rtib edilib.<br>2024-c\u00fc il dekabr\u0131n 6-da Meydan TV-nin jurnalistl\u0259ri polisin ke\u00e7irdiyi \u0259m\u0259liyyat n\u0259tic\u0259sind\u0259 saxlan\u0131l\u0131blar.<\/p>\n\n\n\n<p>Jurnalistl\u0259rin h\u0259r birin\u0259 Cinay\u0259t M\u0259c\u0259ll\u0259sinin 206.3.2-ci (qa\u00e7aqmal\u00e7\u0131l\u0131q, \u0259vv\u0259lc\u0259d\u0259n \u0259lbir olan bir qrup \u015f\u0259xs t\u0259r\u0259find\u0259n t\u00f6r\u0259dildikd\u0259) madd\u0259si il\u0259 ittiham ir\u0259li s\u00fcr\u00fcl\u00fcb.<\/p>\n\n\n\n<p>Dekabr\u0131n 8-d\u0259 jurnalistl\u0259r Aytac \u018fhm\u0259dova (Tapd\u0131q), Aysel Umudova, Aynur Q\u0259nb\u0259rova (Elg\u00fcn\u0259\u015f), Natiq Cavadl\u0131, Ramin C\u0259bray\u0131lzad\u0259 (Deko), X\u0259yal\u0259 A\u011fayeva v\u0259 Bak\u0131 Jurnalistika M\u0259kt\u0259binin direktor m\u00fcavini \u00dclvi Tahirov bar\u0259sind\u0259 4 ayl\u0131q h\u0259bs q\u0259timkan t\u0259dbiri se\u00e7ilib.<\/p>\n\n\n\n<p>Jurnalistl\u0259rin v\u0259kill\u0259ri m\u0259hk\u0259m\u0259nin bu q\u0259rar\u0131 il\u0259 raz\u0131la\u015fmayaraq, apellyasiya \u015fikay\u0259ti veribl\u0259r. M\u0259hk\u0259m\u0259 onlar bar\u0259sind\u0259 birinci instansiya m\u0259hk\u0259m\u0259sinin q\u0259rar\u0131n\u0131 q\u00fcvv\u0259d\u0259 saxlay\u0131b.<\/p>\n\n\n\n<p>Meydan TV v\u0259 saxlan\u0131lan jurnalistl\u0259r ittihamlar\u0131 r\u0259dd edirl\u0259r. Onlar m\u0259hz jurnalist f\u0259aliyy\u0259tin\u0259 g\u00f6r\u0259 h\u0259bs olunduqlar\u0131n\u0131, pe\u015f\u0259 f\u0259aliyy\u0259tl\u0259ril\u0259 ba\u011fl\u0131 t\u0259zyiql\u0259 \u00fczl\u0259\u015fdikl\u0259rini deyirl\u0259r.<\/p>\n\n\n\n<p>2025-ci fevral\u0131n 5-d\u0259 Meydan TV-nin daha bir \u0259m\u0259kda\u015f\u0131, h\u0259m\u00e7inin d\u0259 \u201carqument.az\u201d sayt\u0131n\u0131n ba\u015f redaktoru \u015e\u0259m\u015fad A\u011fa (A\u011fayev) \u201cMeydanTV i\u015fi\u201d \u00fczr\u0259 Cinay\u0259t M\u0259c\u0259ll\u0259sinin 206.3.2-ci (qa\u00e7aqmal\u00e7\u0131l\u0131q \u2014 qabaqcadan \u0259lbir olan bir qrup \u015f\u0259xs t\u0259r\u0259find\u0259n t\u00f6r\u0259dildikd\u0259) madd\u0259si il\u0259 \u015f\u00fcbh\u0259li \u015f\u0259xs qismind\u0259 saxlan\u0131l\u0131b.<\/p>\n\n\n\n<p>Fevral\u0131n 6-da X\u0259tai Rayon M\u0259hk\u0259m\u0259sinin q\u0259rar\u0131 il\u0259 onun bar\u0259sind\u0259 2 ay 1 g\u00fcn m\u00fcdd\u0259tin\u0259 h\u0259bs q\u0259timkan t\u0259dbiri se\u00e7ilib.<\/p>\n\n\n\n<p>Meydan TV Az\u0259rbaycan hakimiyy\u0259tinin qanunsuzluqlar\u0131n\u0131, korrupsiya faktlar\u0131n\u0131 i\u015f\u0131qland\u0131ran m\u00fcst\u0259qil media orqan\u0131d\u0131r.<\/p>\n\n\n\n<p>Bu s\u0259b\u0259bd\u0259n h\u0259m \u00f6lk\u0259d\u0259ki insan h\u00fcquqlar\u0131 f\u0259allar\u0131, h\u0259m d\u0259 beyn\u0259lxalq t\u0259\u015fkilatlar bu repressiyalar\u0131n Az\u0259rbaycan hakimiyy\u0259tinin sifari\u015fi il\u0259 h\u0259yata ke\u00e7irildiyini b\u0259yan edibl\u0259r.<\/p>\n\n\n\n<p>R\u0259smi Bak\u0131 siyasi m\u0259hbus kimi tan\u0131nan \u015f\u0259xsl\u0259rl\u0259 ba\u011fl\u0131 beyn\u0259lxalq t\u0259nqidl\u0259ri q\u0259bul etmir v\u0259 q\u0259r\u0259zli say\u0131r. H\u00f6kum\u0259t r\u0259smil\u0259ri Az\u0259rbaycanda insanlar\u0131n siyasi bax\u0131\u015flar\u0131na g\u00f6r\u0259 t\u0259qib edilm\u0259diyini v\u0259 b\u00fct\u00fcn fundamental h\u00fcquqlar\u0131n tam t\u0259min edildiyini bildirir.<br>Meydan TV 2013-c\u00fc ild\u0259 yarad\u0131l\u0131b v\u0259 Az\u0259rbaycanda ba\u015f ver\u0259n hadis\u0259l\u0259ri t\u0259r\u0259fsiz, obyektiv yayan media qurumu oldu\u011funu b\u0259yan edib.<\/p>\n\n\n\n<p>Media m\u00fcst\u0259qil f\u0259aliyy\u0259t g\u00f6st\u0259rdiyi m\u00fcdd\u0259td\u0259 zaman-zaman hakimiyy\u0259tin t\u0259zyiql\u0259ri il\u0259 \u00fczl\u0259\u015fib.<\/p>\n\n\n\n<p>2015-ci ild\u0259 Meydan TV haqq\u0131nda cinay\u0259t i\u015fi a\u00e7\u0131l\u0131b, \u0259m\u0259kda\u015f\u0131 \u015eirin Tire (Abbasov) 30 sutka h\u0259bs olunub, kanalla \u0259m\u0259kda\u015fl\u0131q ed\u0259n jurnalistl\u0259rin \u00f6lk\u0259d\u0259n \u00e7\u0131x\u0131\u015f\u0131na qada\u011fa qoyulub.<\/p>\n\n\n\n<p>Avropa M\u0259hk\u0259m\u0259sinin q\u0259rar\u0131 il\u0259 h\u00f6kum\u0259tin jurnalistl\u0259r\u0259 qoydu\u011fu \u00f6lk\u0259d\u0259n \u00e7\u0131x\u0131\u015f qada\u011fas\u0131 qanunsuz say\u0131ld\u0131\u011f\u0131na g\u00f6r\u0259 Az\u0259rbaycan h\u00f6kum\u0259ti 2019-cu ild\u0259 bu qada\u011fan\u0131 aradan qald\u0131rma\u011fa m\u0259cbur olub.<\/p>\n\n\n\n<p>2017-ci ild\u0259 \u00f6lk\u0259 \u0259razisind\u0259 Meydan TV-nin sayt\u0131na blok qoyulub. Kanal\u0131n sosial \u015f\u0259b\u0259k\u0259l\u0259rd\u0259ki hesab\u0131na d\u0259f\u0259l\u0259rl\u0259 kiberh\u00fccum olunub, materiallar\u0131 silinib.<\/p>\n\n\n\n<p>2021-ci ild\u0259 OCCRP-nin yayd\u0131\u011f\u0131 ara\u015fd\u0131rma zaman\u0131 m\u0259lum olub ki, h\u00f6kum\u0259t \u0130srailin NSO \u015firk\u0259tinin k\u00f6m\u0259yi il\u0259 kanalla \u0259m\u0259kda\u015fl\u0131q ed\u0259n \u015f\u0259xsl\u0259rin telefonlar\u0131n\u0131 dinl\u0259yib.<\/p>\n\n\n\n<p>2023-c\u00fc ilin noyabr\u0131ndan Az\u0259rbaycanda onlarla jurnalist \u201cqa\u00e7aqmal\u00e7\u0131l\u0131q\u201d ittiham\u0131 il\u0259 h\u0259bs edilib.<\/p>\n\n\n\n<p>Yerli v\u0259 beyn\u0259lxalq h\u00fcquq m\u00fcdafi\u0259 t\u0259\u015fkilatlar\u0131 ittihamlar\u0131 uydurma hesab edir v\u0259 jurnalistl\u0259rin d\u0259rhal azadl\u0131\u011fa burax\u0131lmas\u0131na \u00e7a\u011f\u0131r\u0131r.<\/p>\n\n\n\n<p>Meydan TV zaman-zaman hakimiyy\u0259tin t\u0259zyiql\u0259ri il\u0259 \u00fczl\u0259\u015fib. 2015-ci ild\u0259 \u201cMeydan TV\u201d haqq\u0131nda cinay\u0259t i\u015fi a\u00e7\u0131l\u0131b, \u0259m\u0259kda\u015f\u0131 \u015eirin Tire (Abbasov) 30 sutka h\u0259bs olunub, kanalla \u0259m\u0259kda\u015fl\u0131q ed\u0259n jurnalistl\u0259rin \u00f6lk\u0259d\u0259n \u00e7\u0131x\u0131\u015f\u0131na qada\u011fa qoyulub. Avropa M\u0259hk\u0259m\u0259sinin q\u0259rar\u0131 il\u0259 h\u00f6kum\u0259tin jurnalistl\u0259r\u0259 qoydu\u011fu \u00f6lk\u0259d\u0259n \u00e7\u0131x\u0131\u015f qada\u011fas\u0131 qanunsuz say\u0131ld\u0131\u011f\u0131na g\u00f6r\u0259 Az\u0259rbaycan h\u00f6kum\u0259ti 2019-cu ild\u0259 bu qada\u011fan\u0131 aradan qald\u0131rma\u011fa m\u0259cbur olub.<br>2017-ci ild\u0259 \u00f6lk\u0259 \u0259razisind\u0259 \u201cMeydan TV\u201dnin sayt\u0131na blok qoyulub.<\/p>\n","protected":false},"excerpt":{"rendered":"<p>H\u00fcquq m\u00fcdafi\u0259\u00e7il\u0259ri daha 26 m\u0259hbusu siyah\u0131ya sal\u0131blar Az\u0259rbaycanda Siyasi M\u0259hbuslar\u0131n &#8230; <\/p>\n<p class=\"read-more-container\"><a title=\"Az\u0259rbaycanda siyasi m\u0259hbuslar\u0131n say\u0131 357 n\u0259f\u0259r\u0259 \u00e7atd\u0131\" class=\"read-more button\" href=\"https:\/\/www.meydan.tv\/az\/article\/az%c9%99rbaycanda-siyasi-m%c9%99hbuslarin-sayi-357-n%c9%99f%c9%99r%c9%99-catdi\/#more-326312\" aria-label=\"Read more about Az\u0259rbaycanda siyasi m\u0259hbuslar\u0131n say\u0131 357 n\u0259f\u0259r\u0259 \u00e7atd\u0131\">Davam\u0131<\/a><\/p>\n","protected":false},"author":12,"featured_media":326331,"comment_status":"closed","ping_status":"closed","sticky":false,"template":"","format":"standard","meta":{"_acf_changed":false,"_sitemap_exclude":false,"_sitemap_priority":"","_sitemap_frequency":"","footnotes":""},"categories":[59,79,56],"tags":[],"class_list":["post-326312","post","type-post","status-publish","format-standard","has-post-thumbnail","hentry","category-siyaset","category-featured","category-xeberler","infinite-scroll-item","generate-columns","tablet-grid-50","mobile-grid-100","grid-parent","grid-33","no-featured-image-padding"],"acf":[],"yoast_head":"<!-- This site is optimized with the Yoast SEO plugin v27.4 - https:\/\/yoast.com\/product\/yoast-seo-wordpress\/ -->\n<title>Az\u0259rbaycanda siyasi m\u0259hbuslar\u0131n say\u0131 357 n\u0259f\u0259r\u0259 \u00e7atd\u0131 - MEYDAN.TV<\/title>\n<meta name=\"robots\" content=\"index, follow, max-snippet:-1, max-image-preview:large, max-video-preview:-1\" \/>\n<link rel=\"canonical\" href=\"https:\/\/www.meydan.tv\/az\/article\/az%c9%99rbaycanda-siyasi-m%c9%99hbuslarin-sayi-357-n%c9%99f%c9%99r%c9%99-catdi\/\" \/>\n<meta property=\"og:locale\" content=\"az_AZ\" \/>\n<meta property=\"og:type\" content=\"article\" \/>\n<meta property=\"og:title\" content=\"Az\u0259rbaycanda siyasi m\u0259hbuslar\u0131n say\u0131 357 n\u0259f\u0259r\u0259 \u00e7atd\u0131 - MEYDAN.TV\" \/>\n<meta property=\"og:description\" content=\"H\u00fcquq m\u00fcdafi\u0259\u00e7il\u0259ri daha 26 m\u0259hbusu siyah\u0131ya sal\u0131blar Az\u0259rbaycanda Siyasi M\u0259hbuslar\u0131n ... Davam\u0131\" \/>\n<meta property=\"og:url\" content=\"https:\/\/www.meydan.tv\/az\/article\/az%c9%99rbaycanda-siyasi-m%c9%99hbuslarin-sayi-357-n%c9%99f%c9%99r%c9%99-catdi\/\" \/>\n<meta property=\"og:site_name\" content=\"MEYDAN.TV\" \/>\n<meta property=\"article:published_time\" content=\"2025-02-12T15:08:44+00:00\" \/>\n<meta property=\"article:modified_time\" content=\"2025-02-12T15:50:53+00:00\" \/>\n<meta property=\"og:image\" content=\"https:\/\/www.meydan.tv\/wp-content\/uploads\/4353.png\" \/>\n\t<meta property=\"og:image:width\" content=\"1179\" \/>\n\t<meta property=\"og:image:height\" content=\"576\" \/>\n\t<meta property=\"og:image:type\" content=\"image\/png\" \/>\n<meta name=\"author\" content=\"aleks\" \/>\n<meta name=\"twitter:card\" content=\"summary_large_image\" \/>\n<script type=\"application\/ld+json\" class=\"yoast-schema-graph\">{\"@context\":\"https:\\\/\\\/schema.org\",\"@graph\":[{\"@type\":\"Article\",\"@id\":\"https:\\\/\\\/www.meydan.tv\\\/az\\\/article\\\/az%c9%99rbaycanda-siyasi-m%c9%99hbuslarin-sayi-357-n%c9%99f%c9%99r%c9%99-catdi\\\/#article\",\"isPartOf\":{\"@id\":\"https:\\\/\\\/www.meydan.tv\\\/az\\\/article\\\/az%c9%99rbaycanda-siyasi-m%c9%99hbuslarin-sayi-357-n%c9%99f%c9%99r%c9%99-catdi\\\/\"},\"author\":{\"name\":\"aleks\",\"@id\":\"https:\\\/\\\/www.meydan.tv\\\/az\\\/#\\\/schema\\\/person\\\/476e9360e593fa131d5d71d51866f8da\"},\"headline\":\"Az\u0259rbaycanda siyasi m\u0259hbuslar\u0131n say\u0131 357 n\u0259f\u0259r\u0259 \u00e7atd\u0131\",\"datePublished\":\"2025-02-12T15:08:44+00:00\",\"dateModified\":\"2025-02-12T15:50:53+00:00\",\"mainEntityOfPage\":{\"@id\":\"https:\\\/\\\/www.meydan.tv\\\/az\\\/article\\\/az%c9%99rbaycanda-siyasi-m%c9%99hbuslarin-sayi-357-n%c9%99f%c9%99r%c9%99-catdi\\\/\"},\"wordCount\":1088,\"publisher\":{\"@id\":\"https:\\\/\\\/www.meydan.tv\\\/az\\\/#organization\"},\"image\":{\"@id\":\"https:\\\/\\\/www.meydan.tv\\\/az\\\/article\\\/az%c9%99rbaycanda-siyasi-m%c9%99hbuslarin-sayi-357-n%c9%99f%c9%99r%c9%99-catdi\\\/#primaryimage\"},\"thumbnailUrl\":\"https:\\\/\\\/www.meydan.tv\\\/wp-content\\\/uploads\\\/4353.png\",\"articleSection\":[\"Siyas\u0259t\",\"T\u00f6vsiy\u0259\",\"X\u0259b\u0259rl\u0259r\"],\"inLanguage\":\"az\"},{\"@type\":\"WebPage\",\"@id\":\"https:\\\/\\\/www.meydan.tv\\\/az\\\/article\\\/az%c9%99rbaycanda-siyasi-m%c9%99hbuslarin-sayi-357-n%c9%99f%c9%99r%c9%99-catdi\\\/\",\"url\":\"https:\\\/\\\/www.meydan.tv\\\/az\\\/article\\\/az%c9%99rbaycanda-siyasi-m%c9%99hbuslarin-sayi-357-n%c9%99f%c9%99r%c9%99-catdi\\\/\",\"name\":\"Az\u0259rbaycanda siyasi m\u0259hbuslar\u0131n say\u0131 357 n\u0259f\u0259r\u0259 \u00e7atd\u0131 - MEYDAN.TV\",\"isPartOf\":{\"@id\":\"https:\\\/\\\/www.meydan.tv\\\/az\\\/#website\"},\"primaryImageOfPage\":{\"@id\":\"https:\\\/\\\/www.meydan.tv\\\/az\\\/article\\\/az%c9%99rbaycanda-siyasi-m%c9%99hbuslarin-sayi-357-n%c9%99f%c9%99r%c9%99-catdi\\\/#primaryimage\"},\"image\":{\"@id\":\"https:\\\/\\\/www.meydan.tv\\\/az\\\/article\\\/az%c9%99rbaycanda-siyasi-m%c9%99hbuslarin-sayi-357-n%c9%99f%c9%99r%c9%99-catdi\\\/#primaryimage\"},\"thumbnailUrl\":\"https:\\\/\\\/www.meydan.tv\\\/wp-content\\\/uploads\\\/4353.png\",\"datePublished\":\"2025-02-12T15:08:44+00:00\",\"dateModified\":\"2025-02-12T15:50:53+00:00\",\"breadcrumb\":{\"@id\":\"https:\\\/\\\/www.meydan.tv\\\/az\\\/article\\\/az%c9%99rbaycanda-siyasi-m%c9%99hbuslarin-sayi-357-n%c9%99f%c9%99r%c9%99-catdi\\\/#breadcrumb\"},\"inLanguage\":\"az\",\"potentialAction\":[{\"@type\":\"ReadAction\",\"target\":[\"https:\\\/\\\/www.meydan.tv\\\/az\\\/article\\\/az%c9%99rbaycanda-siyasi-m%c9%99hbuslarin-sayi-357-n%c9%99f%c9%99r%c9%99-catdi\\\/\"]}]},{\"@type\":\"ImageObject\",\"inLanguage\":\"az\",\"@id\":\"https:\\\/\\\/www.meydan.tv\\\/az\\\/article\\\/az%c9%99rbaycanda-siyasi-m%c9%99hbuslarin-sayi-357-n%c9%99f%c9%99r%c9%99-catdi\\\/#primaryimage\",\"url\":\"https:\\\/\\\/www.meydan.tv\\\/wp-content\\\/uploads\\\/4353.png\",\"contentUrl\":\"https:\\\/\\\/www.meydan.tv\\\/wp-content\\\/uploads\\\/4353.png\",\"width\":1179,\"height\":576,\"caption\":\"Siyasi m\u0259hbus. Foto: Pictrider\\\/shutterstock\"},{\"@type\":\"BreadcrumbList\",\"@id\":\"https:\\\/\\\/www.meydan.tv\\\/az\\\/article\\\/az%c9%99rbaycanda-siyasi-m%c9%99hbuslarin-sayi-357-n%c9%99f%c9%99r%c9%99-catdi\\\/#breadcrumb\",\"itemListElement\":[{\"@type\":\"ListItem\",\"position\":1,\"name\":\"Ana s\u0259hif\u0259\",\"item\":\"https:\\\/\\\/www.meydan.tv\\\/az\\\/\"},{\"@type\":\"ListItem\",\"position\":2,\"name\":\"X\u0259b\u0259rl\u0259r\",\"item\":\"https:\\\/\\\/www.meydan.tv\\\/az\\\/section\\\/xeberler\\\/\"},{\"@type\":\"ListItem\",\"position\":3,\"name\":\"Az\u0259rbaycanda siyasi m\u0259hbuslar\u0131n say\u0131 357 n\u0259f\u0259r\u0259 \u00e7atd\u0131\"}]},{\"@type\":\"WebSite\",\"@id\":\"https:\\\/\\\/www.meydan.tv\\\/az\\\/#website\",\"url\":\"https:\\\/\\\/www.meydan.tv\\\/az\\\/\",\"name\":\"MEYDAN.TV\",\"description\":\"Meydan TV Az\u0259rbaycan\u0131n media m\u0259kan\u0131ndak\u0131 alternativ s\u0259sidir\",\"publisher\":{\"@id\":\"https:\\\/\\\/www.meydan.tv\\\/az\\\/#organization\"},\"potentialAction\":[{\"@type\":\"SearchAction\",\"target\":{\"@type\":\"EntryPoint\",\"urlTemplate\":\"https:\\\/\\\/www.meydan.tv\\\/az\\\/?s={search_term_string}\"},\"query-input\":{\"@type\":\"PropertyValueSpecification\",\"valueRequired\":true,\"valueName\":\"search_term_string\"}}],\"inLanguage\":\"az\"},{\"@type\":\"Organization\",\"@id\":\"https:\\\/\\\/www.meydan.tv\\\/az\\\/#organization\",\"name\":\"Meydan TV\",\"url\":\"https:\\\/\\\/www.meydan.tv\\\/az\\\/\",\"logo\":{\"@type\":\"ImageObject\",\"inLanguage\":\"az\",\"@id\":\"https:\\\/\\\/www.meydan.tv\\\/az\\\/#\\\/schema\\\/logo\\\/image\\\/\",\"url\":\"https:\\\/\\\/www.meydan.tv\\\/wp-content\\\/uploads\\\/2021\\\/07\\\/meydan-logo.svg\",\"contentUrl\":\"https:\\\/\\\/www.meydan.tv\\\/wp-content\\\/uploads\\\/2021\\\/07\\\/meydan-logo.svg\",\"width\":195,\"height\":46,\"caption\":\"Meydan TV\"},\"image\":{\"@id\":\"https:\\\/\\\/www.meydan.tv\\\/az\\\/#\\\/schema\\\/logo\\\/image\\\/\"}},{\"@type\":\"Person\",\"@id\":\"https:\\\/\\\/www.meydan.tv\\\/az\\\/#\\\/schema\\\/person\\\/476e9360e593fa131d5d71d51866f8da\",\"name\":\"aleks\"}]}<\/script>\n<!-- \/ Yoast SEO plugin. -->","yoast_head_json":{"title":"Az\u0259rbaycanda siyasi m\u0259hbuslar\u0131n say\u0131 357 n\u0259f\u0259r\u0259 \u00e7atd\u0131 - MEYDAN.TV","robots":{"index":"index","follow":"follow","max-snippet":"max-snippet:-1","max-image-preview":"max-image-preview:large","max-video-preview":"max-video-preview:-1"},"canonical":"https:\/\/www.meydan.tv\/az\/article\/az%c9%99rbaycanda-siyasi-m%c9%99hbuslarin-sayi-357-n%c9%99f%c9%99r%c9%99-catdi\/","og_locale":"az_AZ","og_type":"article","og_title":"Az\u0259rbaycanda siyasi m\u0259hbuslar\u0131n say\u0131 357 n\u0259f\u0259r\u0259 \u00e7atd\u0131 - MEYDAN.TV","og_description":"H\u00fcquq m\u00fcdafi\u0259\u00e7il\u0259ri daha 26 m\u0259hbusu siyah\u0131ya sal\u0131blar Az\u0259rbaycanda Siyasi M\u0259hbuslar\u0131n ... Davam\u0131","og_url":"https:\/\/www.meydan.tv\/az\/article\/az%c9%99rbaycanda-siyasi-m%c9%99hbuslarin-sayi-357-n%c9%99f%c9%99r%c9%99-catdi\/","og_site_name":"MEYDAN.TV","article_published_time":"2025-02-12T15:08:44+00:00","article_modified_time":"2025-02-12T15:50:53+00:00","og_image":[{"width":1179,"height":576,"url":"https:\/\/www.meydan.tv\/wp-content\/uploads\/4353.png","type":"image\/png"}],"author":"aleks","twitter_card":"summary_large_image","schema":{"@context":"https:\/\/schema.org","@graph":[{"@type":"Article","@id":"https:\/\/www.meydan.tv\/az\/article\/az%c9%99rbaycanda-siyasi-m%c9%99hbuslarin-sayi-357-n%c9%99f%c9%99r%c9%99-catdi\/#article","isPartOf":{"@id":"https:\/\/www.meydan.tv\/az\/article\/az%c9%99rbaycanda-siyasi-m%c9%99hbuslarin-sayi-357-n%c9%99f%c9%99r%c9%99-catdi\/"},"author":{"name":"aleks","@id":"https:\/\/www.meydan.tv\/az\/#\/schema\/person\/476e9360e593fa131d5d71d51866f8da"},"headline":"Az\u0259rbaycanda siyasi m\u0259hbuslar\u0131n say\u0131 357 n\u0259f\u0259r\u0259 \u00e7atd\u0131","datePublished":"2025-02-12T15:08:44+00:00","dateModified":"2025-02-12T15:50:53+00:00","mainEntityOfPage":{"@id":"https:\/\/www.meydan.tv\/az\/article\/az%c9%99rbaycanda-siyasi-m%c9%99hbuslarin-sayi-357-n%c9%99f%c9%99r%c9%99-catdi\/"},"wordCount":1088,"publisher":{"@id":"https:\/\/www.meydan.tv\/az\/#organization"},"image":{"@id":"https:\/\/www.meydan.tv\/az\/article\/az%c9%99rbaycanda-siyasi-m%c9%99hbuslarin-sayi-357-n%c9%99f%c9%99r%c9%99-catdi\/#primaryimage"},"thumbnailUrl":"https:\/\/www.meydan.tv\/wp-content\/uploads\/4353.png","articleSection":["Siyas\u0259t","T\u00f6vsiy\u0259","X\u0259b\u0259rl\u0259r"],"inLanguage":"az"},{"@type":"WebPage","@id":"https:\/\/www.meydan.tv\/az\/article\/az%c9%99rbaycanda-siyasi-m%c9%99hbuslarin-sayi-357-n%c9%99f%c9%99r%c9%99-catdi\/","url":"https:\/\/www.meydan.tv\/az\/article\/az%c9%99rbaycanda-siyasi-m%c9%99hbuslarin-sayi-357-n%c9%99f%c9%99r%c9%99-catdi\/","name":"Az\u0259rbaycanda siyasi m\u0259hbuslar\u0131n say\u0131 357 n\u0259f\u0259r\u0259 \u00e7atd\u0131 - MEYDAN.TV","isPartOf":{"@id":"https:\/\/www.meydan.tv\/az\/#website"},"primaryImageOfPage":{"@id":"https:\/\/www.meydan.tv\/az\/article\/az%c9%99rbaycanda-siyasi-m%c9%99hbuslarin-sayi-357-n%c9%99f%c9%99r%c9%99-catdi\/#primaryimage"},"image":{"@id":"https:\/\/www.meydan.tv\/az\/article\/az%c9%99rbaycanda-siyasi-m%c9%99hbuslarin-sayi-357-n%c9%99f%c9%99r%c9%99-catdi\/#primaryimage"},"thumbnailUrl":"https:\/\/www.meydan.tv\/wp-content\/uploads\/4353.png","datePublished":"2025-02-12T15:08:44+00:00","dateModified":"2025-02-12T15:50:53+00:00","breadcrumb":{"@id":"https:\/\/www.meydan.tv\/az\/article\/az%c9%99rbaycanda-siyasi-m%c9%99hbuslarin-sayi-357-n%c9%99f%c9%99r%c9%99-catdi\/#breadcrumb"},"inLanguage":"az","potentialAction":[{"@type":"ReadAction","target":["https:\/\/www.meydan.tv\/az\/article\/az%c9%99rbaycanda-siyasi-m%c9%99hbuslarin-sayi-357-n%c9%99f%c9%99r%c9%99-catdi\/"]}]},{"@type":"ImageObject","inLanguage":"az","@id":"https:\/\/www.meydan.tv\/az\/article\/az%c9%99rbaycanda-siyasi-m%c9%99hbuslarin-sayi-357-n%c9%99f%c9%99r%c9%99-catdi\/#primaryimage","url":"https:\/\/www.meydan.tv\/wp-content\/uploads\/4353.png","contentUrl":"https:\/\/www.meydan.tv\/wp-content\/uploads\/4353.png","width":1179,"height":576,"caption":"Siyasi m\u0259hbus. Foto: Pictrider\/shutterstock"},{"@type":"BreadcrumbList","@id":"https:\/\/www.meydan.tv\/az\/article\/az%c9%99rbaycanda-siyasi-m%c9%99hbuslarin-sayi-357-n%c9%99f%c9%99r%c9%99-catdi\/#breadcrumb","itemListElement":[{"@type":"ListItem","position":1,"name":"Ana s\u0259hif\u0259","item":"https:\/\/www.meydan.tv\/az\/"},{"@type":"ListItem","position":2,"name":"X\u0259b\u0259rl\u0259r","item":"https:\/\/www.meydan.tv\/az\/section\/xeberler\/"},{"@type":"ListItem","position":3,"name":"Az\u0259rbaycanda siyasi m\u0259hbuslar\u0131n say\u0131 357 n\u0259f\u0259r\u0259 \u00e7atd\u0131"}]},{"@type":"WebSite","@id":"https:\/\/www.meydan.tv\/az\/#website","url":"https:\/\/www.meydan.tv\/az\/","name":"MEYDAN.TV","description":"Meydan TV Az\u0259rbaycan\u0131n media m\u0259kan\u0131ndak\u0131 alternativ s\u0259sidir","publisher":{"@id":"https:\/\/www.meydan.tv\/az\/#organization"},"potentialAction":[{"@type":"SearchAction","target":{"@type":"EntryPoint","urlTemplate":"https:\/\/www.meydan.tv\/az\/?s={search_term_string}"},"query-input":{"@type":"PropertyValueSpecification","valueRequired":true,"valueName":"search_term_string"}}],"inLanguage":"az"},{"@type":"Organization","@id":"https:\/\/www.meydan.tv\/az\/#organization","name":"Meydan TV","url":"https:\/\/www.meydan.tv\/az\/","logo":{"@type":"ImageObject","inLanguage":"az","@id":"https:\/\/www.meydan.tv\/az\/#\/schema\/logo\/image\/","url":"https:\/\/www.meydan.tv\/wp-content\/uploads\/2021\/07\/meydan-logo.svg","contentUrl":"https:\/\/www.meydan.tv\/wp-content\/uploads\/2021\/07\/meydan-logo.svg","width":195,"height":46,"caption":"Meydan TV"},"image":{"@id":"https:\/\/www.meydan.tv\/az\/#\/schema\/logo\/image\/"}},{"@type":"Person","@id":"https:\/\/www.meydan.tv\/az\/#\/schema\/person\/476e9360e593fa131d5d71d51866f8da","name":"aleks"}]}},"_links":{"self":[{"href":"https:\/\/www.meydan.tv\/az\/wp-json\/wp\/v2\/posts\/326312","targetHints":{"allow":["GET"]}}],"collection":[{"href":"https:\/\/www.meydan.tv\/az\/wp-json\/wp\/v2\/posts"}],"about":[{"href":"https:\/\/www.meydan.tv\/az\/wp-json\/wp\/v2\/types\/post"}],"author":[{"embeddable":true,"href":"https:\/\/www.meydan.tv\/az\/wp-json\/wp\/v2\/users\/12"}],"replies":[{"embeddable":true,"href":"https:\/\/www.meydan.tv\/az\/wp-json\/wp\/v2\/comments?post=326312"}],"version-history":[{"count":3,"href":"https:\/\/www.meydan.tv\/az\/wp-json\/wp\/v2\/posts\/326312\/revisions"}],"predecessor-version":[{"id":326334,"href":"https:\/\/www.meydan.tv\/az\/wp-json\/wp\/v2\/posts\/326312\/revisions\/326334"}],"wp:featuredmedia":[{"embeddable":true,"href":"https:\/\/www.meydan.tv\/az\/wp-json\/wp\/v2\/media\/326331"}],"wp:attachment":[{"href":"https:\/\/www.meydan.tv\/az\/wp-json\/wp\/v2\/media?parent=326312"}],"wp:term":[{"taxonomy":"category","embeddable":true,"href":"https:\/\/www.meydan.tv\/az\/wp-json\/wp\/v2\/categories?post=326312"},{"taxonomy":"post_tag","embeddable":true,"href":"https:\/\/www.meydan.tv\/az\/wp-json\/wp\/v2\/tags?post=326312"}],"curies":[{"name":"wp","href":"https:\/\/api.w.org\/{rel}","templated":true}]}}