{"id":326306,"date":"2025-02-12T18:12:40","date_gmt":"2025-02-12T14:12:40","guid":{"rendered":"https:\/\/www.meydan.tv\/?p=326306"},"modified":"2025-02-12T19:32:11","modified_gmt":"2025-02-12T15:32:11","slug":"ramin-dekonun-ev-dustaqligi-il%c9%99-bagli-v%c9%99sat%c9%99ti-t%c9%99min-olunmadi","status":"publish","type":"post","link":"https:\/\/www.meydan.tv\/az\/article\/ramin-dekonun-ev-dustaqligi-il%c9%99-bagli-v%c9%99sat%c9%99ti-t%c9%99min-olunmadi\/","title":{"rendered":"Ramin Dekonun ev dustaql\u0131\u011f\u0131 il\u0259 ba\u011fl\u0131 \u015fikay\u0259ti t\u0259min edilm\u0259di"},"content":{"rendered":"\n<p><strong><em>V\u0259kil: \u201cProsesd\u0259 Ramin Deko he\u00e7 bir cinay\u0259t t\u00f6r\u0259tm\u0259diyini, \u00f6z jurnalist f\u0259aliyy\u0259tin\u0259 g\u00f6r\u0259 h\u0259bs edildiyini deyib\u201d<\/em><\/strong><\/p>\n\n\n\n<p>Fevral\u0131n 12-d\u0259 Bak\u0131 Apellyasiya M\u0259hk\u0259m\u0259sind\u0259 \u201cMeydanTV i\u015fi\u201d \u00fczr\u0259 h\u0259bs olunmu\u015f jurnalist Ramin C\u0259bray\u0131lzad\u0259nin (Deko) \u015fikay\u0259ti il\u0259 ba\u011fl\u0131 m\u0259hk\u0259m\u0259 prosesi ke\u00e7irilib.<br><br>Bu bar\u0259d\u0259 v\u0259kil Nem\u0259t K\u0259rimli m\u0259lumat verib.<br><br>M\u00fcdafi\u0259 t\u0259r\u0259fi Ramin Dekonun h\u0259bsinin ev dustaql\u0131\u011f\u0131na \u0259v\u0259zl\u0259nm\u0259si il\u0259 ba\u011fl\u0131 v\u0259sat\u0259tin t\u0259min olunmamas\u0131 q\u0259rar\u0131ndan apellyasiya \u015fikay\u0259ti vermi\u015fdi.<br><br>V\u0259kili bildirib ki, Ramin Dekonun \u00f6z\u00fcn\u00fcn d\u0259 i\u015ftirak etdiyi m\u0259hk\u0259m\u0259d\u0259 \u015fikay\u0259ti t\u0259min edilm\u0259yib.<br><br><em>\u201cProsesd\u0259 Ramin Deko he\u00e7 bir cinay\u0259t t\u00f6r\u0259tm\u0259diyini, \u00f6z jurnalist f\u0259aliyy\u0259tin\u0259 g\u00f6r\u0259 h\u0259bs edildiyini deyib\u201d, <\/em>&#8211; Nem\u0259t K\u0259rimli \u0259lav\u0259 edib.<br><br>2024-c\u00fc il dekabr\u0131n 6-da Meydan TV-nin jurnalistl\u0259ri polisin ke\u00e7irdiyi \u0259m\u0259liyyat n\u0259tic\u0259sind\u0259 saxlan\u0131l\u0131blar.<br><br>Jurnalistl\u0259rin h\u0259r birin\u0259 Cinay\u0259t M\u0259c\u0259ll\u0259sinin 206.3.2-ci (qa\u00e7aqmal\u00e7\u0131l\u0131q, \u0259vv\u0259lc\u0259d\u0259n \u0259lbir olan bir qrup \u015f\u0259xs t\u0259r\u0259find\u0259n t\u00f6r\u0259dildikd\u0259) madd\u0259si il\u0259 ittiham ir\u0259li s\u00fcr\u00fcl\u00fcb.<br><br>Dekabr\u0131n 8-d\u0259 jurnalistl\u0259r Aytac \u018fhm\u0259dova (Tapd\u0131q), Aysel Umudova, Aynur Q\u0259nb\u0259rova (Elg\u00fcn\u0259\u015f), Natiq Cavadl\u0131, Ramin C\u0259bray\u0131lzad\u0259 (Deko), X\u0259yal\u0259 A\u011fayeva v\u0259 Bak\u0131 Jurnalistika M\u0259kt\u0259binin direktor m\u00fcavini \u00dclvi Tahirov bar\u0259sind\u0259 4 ayl\u0131q h\u0259bs q\u0259timkan t\u0259dbiri se\u00e7ilib.<br><br>Jurnalistl\u0259rin v\u0259kill\u0259ri m\u0259hk\u0259m\u0259nin bu q\u0259rar\u0131 il\u0259 raz\u0131la\u015fmayaraq, apellyasiya \u015fikay\u0259ti veribl\u0259r. M\u0259hk\u0259m\u0259 onlar bar\u0259sind\u0259 birinci instansiya m\u0259hk\u0259m\u0259sinin q\u0259rar\u0131n\u0131 q\u00fcvv\u0259d\u0259 saxlay\u0131b.<br><br>Meydan TV v\u0259 saxlan\u0131lan jurnalistl\u0259r ittihamlar\u0131 r\u0259dd edirl\u0259r. Onlar m\u0259hz jurnalist f\u0259aliyy\u0259tin\u0259 g\u00f6r\u0259 h\u0259bs olunduqlar\u0131n\u0131, pe\u015f\u0259 f\u0259aliyy\u0259tl\u0259ril\u0259 ba\u011fl\u0131 t\u0259zyiql\u0259 \u00fczl\u0259\u015fdikl\u0259rini deyirl\u0259r.<br><br>2025-ci fevral\u0131n 5-d\u0259 Meydan TV-nin daha bir \u0259m\u0259kda\u015f\u0131, h\u0259m\u00e7inin d\u0259 \u201c<a href=\"http:\/\/arqument.az\/\" target=\"_blank\" rel=\"noreferrer noopener\">arqument.az<\/a>\u201d sayt\u0131n\u0131n ba\u015f redaktoru \u015e\u0259m\u015fad A\u011fa (A\u011fayev) \u201cMeydanTV i\u015fi\u201d \u00fczr\u0259 Cinay\u0259t M\u0259c\u0259ll\u0259sinin 206.3.2-ci (qa\u00e7aqmal\u00e7\u0131l\u0131q \u2014 qabaqcadan \u0259lbir olan bir qrup \u015f\u0259xs t\u0259r\u0259find\u0259n t\u00f6r\u0259dildikd\u0259) madd\u0259si il\u0259 \u015f\u00fcbh\u0259li \u015f\u0259xs qismind\u0259 saxlan\u0131l\u0131b.<br><br>Fevral\u0131n 6-da X\u0259tai Rayon M\u0259hk\u0259m\u0259sinin q\u0259rar\u0131 il\u0259 onun bar\u0259sind\u0259 2 ay 1 g\u00fcn m\u00fcdd\u0259tin\u0259 h\u0259bs q\u0259timkan t\u0259dbiri se\u00e7ilib.<br><br>Meydan TV Az\u0259rbaycan hakimiyy\u0259tinin qanunsuzluqlar\u0131n\u0131, korrupsiya faktlar\u0131n\u0131 i\u015f\u0131qland\u0131ran m\u00fcst\u0259qil media orqan\u0131d\u0131r.<br><br>Bu s\u0259b\u0259bd\u0259n h\u0259m \u00f6lk\u0259d\u0259ki insan h\u00fcquqlar\u0131 f\u0259allar\u0131, h\u0259m d\u0259 beyn\u0259lxalq t\u0259\u015fkilatlar bu repressiyalar\u0131n Az\u0259rbaycan hakimiyy\u0259tinin sifari\u015fi il\u0259 h\u0259yata ke\u00e7irildiyini b\u0259yan edibl\u0259r.<br><br>Meydan TV 2013-c\u00fc ild\u0259 yarad\u0131l\u0131b v\u0259 Az\u0259rbaycanda ba\u015f ver\u0259n hadis\u0259l\u0259ri t\u0259r\u0259fsiz, obyektiv yayan media qurumu oldu\u011funu b\u0259yan edib.<br><br>Media m\u00fcst\u0259qil f\u0259aliyy\u0259t g\u00f6st\u0259rdiyi m\u00fcdd\u0259td\u0259 zaman-zaman hakimiyy\u0259tin t\u0259zyiql\u0259ri il\u0259 \u00fczl\u0259\u015fib.<br><br>2015-ci ild\u0259 Meydan TV haqq\u0131nda cinay\u0259t i\u015fi a\u00e7\u0131l\u0131b, \u0259m\u0259kda\u015f\u0131 \u015eirin Tire (Abbasov) 30 sutka h\u0259bs olunub, kanalla \u0259m\u0259kda\u015fl\u0131q ed\u0259n jurnalistl\u0259rin \u00f6lk\u0259d\u0259n \u00e7\u0131x\u0131\u015f\u0131na qada\u011fa qoyulub.<br><br>Avropa M\u0259hk\u0259m\u0259sinin q\u0259rar\u0131 il\u0259 h\u00f6kum\u0259tin jurnalistl\u0259r\u0259 qoydu\u011fu \u00f6lk\u0259d\u0259n \u00e7\u0131x\u0131\u015f qada\u011fas\u0131 qanunsuz say\u0131ld\u0131\u011f\u0131na g\u00f6r\u0259 Az\u0259rbaycan h\u00f6kum\u0259ti 2019-cu ild\u0259 bu qada\u011fan\u0131 aradan qald\u0131rma\u011fa m\u0259cbur olub.<br><br>2017-ci ild\u0259 \u00f6lk\u0259 \u0259razisind\u0259 Meydan TV-nin sayt\u0131na blok qoyulub. Kanal\u0131n sosial \u015f\u0259b\u0259k\u0259l\u0259rd\u0259ki hesab\u0131na d\u0259f\u0259l\u0259rl\u0259 kiberh\u00fccum olunub, materiallar\u0131 silinib.<br><br>2021-ci ild\u0259 OCCRP-nin yayd\u0131\u011f\u0131 ara\u015fd\u0131rma zaman\u0131 m\u0259lum olub ki, h\u00f6kum\u0259t \u0130srailin NSO \u015firk\u0259tinin k\u00f6m\u0259yi il\u0259 kanalla \u0259m\u0259kda\u015fl\u0131q ed\u0259n \u015f\u0259xsl\u0259rin telefonlar\u0131n\u0131 dinl\u0259yib.<\/p>\n","protected":false},"excerpt":{"rendered":"<p>V\u0259kil: \u201cProsesd\u0259 Ramin Deko he\u00e7 bir cinay\u0259t t\u00f6r\u0259tm\u0259diyini, \u00f6z jurnalist &#8230; <\/p>\n<p class=\"read-more-container\"><a title=\"Ramin Dekonun ev dustaql\u0131\u011f\u0131 il\u0259 ba\u011fl\u0131 \u015fikay\u0259ti t\u0259min edilm\u0259di\" class=\"read-more button\" href=\"https:\/\/www.meydan.tv\/az\/article\/ramin-dekonun-ev-dustaqligi-il%c9%99-bagli-v%c9%99sat%c9%99ti-t%c9%99min-olunmadi\/#more-326306\" aria-label=\"Read more about Ramin Dekonun ev dustaql\u0131\u011f\u0131 il\u0259 ba\u011fl\u0131 \u015fikay\u0259ti t\u0259min edilm\u0259di\">Davam\u0131<\/a><\/p>\n","protected":false},"author":16,"featured_media":326323,"comment_status":"closed","ping_status":"closed","sticky":false,"template":"","format":"standard","meta":{"_acf_changed":false,"_sitemap_exclude":false,"_sitemap_priority":"","_sitemap_frequency":"","footnotes":""},"categories":[139,79,56],"tags":[],"class_list":["post-326306","post","type-post","status-publish","format-standard","has-post-thumbnail","hentry","category-meydan-tv-isi","category-featured","category-xeberler","infinite-scroll-item","generate-columns","tablet-grid-50","mobile-grid-100","grid-parent","grid-33","no-featured-image-padding"],"acf":[],"yoast_head":"<!-- This site is optimized with the Yoast SEO plugin v27.5 - https:\/\/yoast.com\/product\/yoast-seo-wordpress\/ -->\n<title>Ramin Dekonun ev dustaql\u0131\u011f\u0131 il\u0259 ba\u011fl\u0131 \u015fikay\u0259ti t\u0259min edilm\u0259di - MEYDAN.TV<\/title>\n<meta name=\"robots\" content=\"index, follow, max-snippet:-1, max-image-preview:large, max-video-preview:-1\" \/>\n<link rel=\"canonical\" href=\"https:\/\/www.meydan.tv\/az\/article\/ramin-dekonun-ev-dustaqligi-il%c9%99-bagli-v%c9%99sat%c9%99ti-t%c9%99min-olunmadi\/\" \/>\n<meta property=\"og:locale\" content=\"az_AZ\" \/>\n<meta property=\"og:type\" content=\"article\" \/>\n<meta property=\"og:title\" content=\"Ramin Dekonun ev dustaql\u0131\u011f\u0131 il\u0259 ba\u011fl\u0131 \u015fikay\u0259ti t\u0259min edilm\u0259di - MEYDAN.TV\" \/>\n<meta property=\"og:description\" content=\"V\u0259kil: \u201cProsesd\u0259 Ramin Deko he\u00e7 bir cinay\u0259t t\u00f6r\u0259tm\u0259diyini, \u00f6z jurnalist ... Davam\u0131\" \/>\n<meta property=\"og:url\" content=\"https:\/\/www.meydan.tv\/az\/article\/ramin-dekonun-ev-dustaqligi-il%c9%99-bagli-v%c9%99sat%c9%99ti-t%c9%99min-olunmadi\/\" \/>\n<meta property=\"og:site_name\" content=\"MEYDAN.TV\" \/>\n<meta property=\"article:published_time\" content=\"2025-02-12T14:12:40+00:00\" \/>\n<meta property=\"article:modified_time\" content=\"2025-02-12T15:32:11+00:00\" \/>\n<meta property=\"og:image\" content=\"https:\/\/www.meydan.tv\/wp-content\/uploads\/9879.png\" \/>\n\t<meta property=\"og:image:width\" content=\"1179\" \/>\n\t<meta property=\"og:image:height\" content=\"576\" \/>\n\t<meta property=\"og:image:type\" content=\"image\/png\" \/>\n<meta name=\"author\" content=\"sevda\" \/>\n<meta name=\"twitter:card\" content=\"summary_large_image\" \/>\n<script type=\"application\/ld+json\" class=\"yoast-schema-graph\">{\"@context\":\"https:\\\/\\\/schema.org\",\"@graph\":[{\"@type\":\"Article\",\"@id\":\"https:\\\/\\\/www.meydan.tv\\\/az\\\/article\\\/ramin-dekonun-ev-dustaqligi-il%c9%99-bagli-v%c9%99sat%c9%99ti-t%c9%99min-olunmadi\\\/#article\",\"isPartOf\":{\"@id\":\"https:\\\/\\\/www.meydan.tv\\\/az\\\/article\\\/ramin-dekonun-ev-dustaqligi-il%c9%99-bagli-v%c9%99sat%c9%99ti-t%c9%99min-olunmadi\\\/\"},\"author\":{\"name\":\"sevda\",\"@id\":\"https:\\\/\\\/www.meydan.tv\\\/az\\\/#\\\/schema\\\/person\\\/49b5f2bad5b126bb8ea9320eeb3e4dc9\"},\"headline\":\"Ramin Dekonun ev dustaql\u0131\u011f\u0131 il\u0259 ba\u011fl\u0131 \u015fikay\u0259ti t\u0259min edilm\u0259di\",\"datePublished\":\"2025-02-12T14:12:40+00:00\",\"dateModified\":\"2025-02-12T15:32:11+00:00\",\"mainEntityOfPage\":{\"@id\":\"https:\\\/\\\/www.meydan.tv\\\/az\\\/article\\\/ramin-dekonun-ev-dustaqligi-il%c9%99-bagli-v%c9%99sat%c9%99ti-t%c9%99min-olunmadi\\\/\"},\"wordCount\":716,\"publisher\":{\"@id\":\"https:\\\/\\\/www.meydan.tv\\\/az\\\/#organization\"},\"image\":{\"@id\":\"https:\\\/\\\/www.meydan.tv\\\/az\\\/article\\\/ramin-dekonun-ev-dustaqligi-il%c9%99-bagli-v%c9%99sat%c9%99ti-t%c9%99min-olunmadi\\\/#primaryimage\"},\"thumbnailUrl\":\"https:\\\/\\\/www.meydan.tv\\\/wp-content\\\/uploads\\\/9879.png\",\"articleSection\":[\"Meydan TV i\u015fi\",\"T\u00f6vsiy\u0259\",\"X\u0259b\u0259rl\u0259r\"],\"inLanguage\":\"az\"},{\"@type\":\"WebPage\",\"@id\":\"https:\\\/\\\/www.meydan.tv\\\/az\\\/article\\\/ramin-dekonun-ev-dustaqligi-il%c9%99-bagli-v%c9%99sat%c9%99ti-t%c9%99min-olunmadi\\\/\",\"url\":\"https:\\\/\\\/www.meydan.tv\\\/az\\\/article\\\/ramin-dekonun-ev-dustaqligi-il%c9%99-bagli-v%c9%99sat%c9%99ti-t%c9%99min-olunmadi\\\/\",\"name\":\"Ramin Dekonun ev dustaql\u0131\u011f\u0131 il\u0259 ba\u011fl\u0131 \u015fikay\u0259ti t\u0259min edilm\u0259di - MEYDAN.TV\",\"isPartOf\":{\"@id\":\"https:\\\/\\\/www.meydan.tv\\\/az\\\/#website\"},\"primaryImageOfPage\":{\"@id\":\"https:\\\/\\\/www.meydan.tv\\\/az\\\/article\\\/ramin-dekonun-ev-dustaqligi-il%c9%99-bagli-v%c9%99sat%c9%99ti-t%c9%99min-olunmadi\\\/#primaryimage\"},\"image\":{\"@id\":\"https:\\\/\\\/www.meydan.tv\\\/az\\\/article\\\/ramin-dekonun-ev-dustaqligi-il%c9%99-bagli-v%c9%99sat%c9%99ti-t%c9%99min-olunmadi\\\/#primaryimage\"},\"thumbnailUrl\":\"https:\\\/\\\/www.meydan.tv\\\/wp-content\\\/uploads\\\/9879.png\",\"datePublished\":\"2025-02-12T14:12:40+00:00\",\"dateModified\":\"2025-02-12T15:32:11+00:00\",\"breadcrumb\":{\"@id\":\"https:\\\/\\\/www.meydan.tv\\\/az\\\/article\\\/ramin-dekonun-ev-dustaqligi-il%c9%99-bagli-v%c9%99sat%c9%99ti-t%c9%99min-olunmadi\\\/#breadcrumb\"},\"inLanguage\":\"az\",\"potentialAction\":[{\"@type\":\"ReadAction\",\"target\":[\"https:\\\/\\\/www.meydan.tv\\\/az\\\/article\\\/ramin-dekonun-ev-dustaqligi-il%c9%99-bagli-v%c9%99sat%c9%99ti-t%c9%99min-olunmadi\\\/\"]}]},{\"@type\":\"ImageObject\",\"inLanguage\":\"az\",\"@id\":\"https:\\\/\\\/www.meydan.tv\\\/az\\\/article\\\/ramin-dekonun-ev-dustaqligi-il%c9%99-bagli-v%c9%99sat%c9%99ti-t%c9%99min-olunmadi\\\/#primaryimage\",\"url\":\"https:\\\/\\\/www.meydan.tv\\\/wp-content\\\/uploads\\\/9879.png\",\"contentUrl\":\"https:\\\/\\\/www.meydan.tv\\\/wp-content\\\/uploads\\\/9879.png\",\"width\":1179,\"height\":576,\"caption\":\"Ramin Deko. Foto: Meydan TV\"},{\"@type\":\"BreadcrumbList\",\"@id\":\"https:\\\/\\\/www.meydan.tv\\\/az\\\/article\\\/ramin-dekonun-ev-dustaqligi-il%c9%99-bagli-v%c9%99sat%c9%99ti-t%c9%99min-olunmadi\\\/#breadcrumb\",\"itemListElement\":[{\"@type\":\"ListItem\",\"position\":1,\"name\":\"Ana s\u0259hif\u0259\",\"item\":\"https:\\\/\\\/www.meydan.tv\\\/az\\\/\"},{\"@type\":\"ListItem\",\"position\":2,\"name\":\"X\u0259b\u0259rl\u0259r\",\"item\":\"https:\\\/\\\/www.meydan.tv\\\/az\\\/section\\\/xeberler\\\/\"},{\"@type\":\"ListItem\",\"position\":3,\"name\":\"Ramin Dekonun ev dustaql\u0131\u011f\u0131 il\u0259 ba\u011fl\u0131 \u015fikay\u0259ti t\u0259min edilm\u0259di\"}]},{\"@type\":\"WebSite\",\"@id\":\"https:\\\/\\\/www.meydan.tv\\\/az\\\/#website\",\"url\":\"https:\\\/\\\/www.meydan.tv\\\/az\\\/\",\"name\":\"MEYDAN.TV\",\"description\":\"Meydan TV Az\u0259rbaycan\u0131n media m\u0259kan\u0131ndak\u0131 alternativ s\u0259sidir\",\"publisher\":{\"@id\":\"https:\\\/\\\/www.meydan.tv\\\/az\\\/#organization\"},\"potentialAction\":[{\"@type\":\"SearchAction\",\"target\":{\"@type\":\"EntryPoint\",\"urlTemplate\":\"https:\\\/\\\/www.meydan.tv\\\/az\\\/?s={search_term_string}\"},\"query-input\":{\"@type\":\"PropertyValueSpecification\",\"valueRequired\":true,\"valueName\":\"search_term_string\"}}],\"inLanguage\":\"az\"},{\"@type\":\"Organization\",\"@id\":\"https:\\\/\\\/www.meydan.tv\\\/az\\\/#organization\",\"name\":\"Meydan TV\",\"url\":\"https:\\\/\\\/www.meydan.tv\\\/az\\\/\",\"logo\":{\"@type\":\"ImageObject\",\"inLanguage\":\"az\",\"@id\":\"https:\\\/\\\/www.meydan.tv\\\/az\\\/#\\\/schema\\\/logo\\\/image\\\/\",\"url\":\"https:\\\/\\\/www.meydan.tv\\\/wp-content\\\/uploads\\\/2021\\\/07\\\/meydan-logo.svg\",\"contentUrl\":\"https:\\\/\\\/www.meydan.tv\\\/wp-content\\\/uploads\\\/2021\\\/07\\\/meydan-logo.svg\",\"width\":195,\"height\":46,\"caption\":\"Meydan TV\"},\"image\":{\"@id\":\"https:\\\/\\\/www.meydan.tv\\\/az\\\/#\\\/schema\\\/logo\\\/image\\\/\"}},{\"@type\":\"Person\",\"@id\":\"https:\\\/\\\/www.meydan.tv\\\/az\\\/#\\\/schema\\\/person\\\/49b5f2bad5b126bb8ea9320eeb3e4dc9\",\"name\":\"sevda\"}]}<\/script>\n<!-- \/ Yoast SEO plugin. -->","yoast_head_json":{"title":"Ramin Dekonun ev dustaql\u0131\u011f\u0131 il\u0259 ba\u011fl\u0131 \u015fikay\u0259ti t\u0259min edilm\u0259di - MEYDAN.TV","robots":{"index":"index","follow":"follow","max-snippet":"max-snippet:-1","max-image-preview":"max-image-preview:large","max-video-preview":"max-video-preview:-1"},"canonical":"https:\/\/www.meydan.tv\/az\/article\/ramin-dekonun-ev-dustaqligi-il%c9%99-bagli-v%c9%99sat%c9%99ti-t%c9%99min-olunmadi\/","og_locale":"az_AZ","og_type":"article","og_title":"Ramin Dekonun ev dustaql\u0131\u011f\u0131 il\u0259 ba\u011fl\u0131 \u015fikay\u0259ti t\u0259min edilm\u0259di - MEYDAN.TV","og_description":"V\u0259kil: \u201cProsesd\u0259 Ramin Deko he\u00e7 bir cinay\u0259t t\u00f6r\u0259tm\u0259diyini, \u00f6z jurnalist ... Davam\u0131","og_url":"https:\/\/www.meydan.tv\/az\/article\/ramin-dekonun-ev-dustaqligi-il%c9%99-bagli-v%c9%99sat%c9%99ti-t%c9%99min-olunmadi\/","og_site_name":"MEYDAN.TV","article_published_time":"2025-02-12T14:12:40+00:00","article_modified_time":"2025-02-12T15:32:11+00:00","og_image":[{"width":1179,"height":576,"url":"https:\/\/www.meydan.tv\/wp-content\/uploads\/9879.png","type":"image\/png"}],"author":"sevda","twitter_card":"summary_large_image","schema":{"@context":"https:\/\/schema.org","@graph":[{"@type":"Article","@id":"https:\/\/www.meydan.tv\/az\/article\/ramin-dekonun-ev-dustaqligi-il%c9%99-bagli-v%c9%99sat%c9%99ti-t%c9%99min-olunmadi\/#article","isPartOf":{"@id":"https:\/\/www.meydan.tv\/az\/article\/ramin-dekonun-ev-dustaqligi-il%c9%99-bagli-v%c9%99sat%c9%99ti-t%c9%99min-olunmadi\/"},"author":{"name":"sevda","@id":"https:\/\/www.meydan.tv\/az\/#\/schema\/person\/49b5f2bad5b126bb8ea9320eeb3e4dc9"},"headline":"Ramin Dekonun ev dustaql\u0131\u011f\u0131 il\u0259 ba\u011fl\u0131 \u015fikay\u0259ti t\u0259min edilm\u0259di","datePublished":"2025-02-12T14:12:40+00:00","dateModified":"2025-02-12T15:32:11+00:00","mainEntityOfPage":{"@id":"https:\/\/www.meydan.tv\/az\/article\/ramin-dekonun-ev-dustaqligi-il%c9%99-bagli-v%c9%99sat%c9%99ti-t%c9%99min-olunmadi\/"},"wordCount":716,"publisher":{"@id":"https:\/\/www.meydan.tv\/az\/#organization"},"image":{"@id":"https:\/\/www.meydan.tv\/az\/article\/ramin-dekonun-ev-dustaqligi-il%c9%99-bagli-v%c9%99sat%c9%99ti-t%c9%99min-olunmadi\/#primaryimage"},"thumbnailUrl":"https:\/\/www.meydan.tv\/wp-content\/uploads\/9879.png","articleSection":["Meydan TV i\u015fi","T\u00f6vsiy\u0259","X\u0259b\u0259rl\u0259r"],"inLanguage":"az"},{"@type":"WebPage","@id":"https:\/\/www.meydan.tv\/az\/article\/ramin-dekonun-ev-dustaqligi-il%c9%99-bagli-v%c9%99sat%c9%99ti-t%c9%99min-olunmadi\/","url":"https:\/\/www.meydan.tv\/az\/article\/ramin-dekonun-ev-dustaqligi-il%c9%99-bagli-v%c9%99sat%c9%99ti-t%c9%99min-olunmadi\/","name":"Ramin Dekonun ev dustaql\u0131\u011f\u0131 il\u0259 ba\u011fl\u0131 \u015fikay\u0259ti t\u0259min edilm\u0259di - MEYDAN.TV","isPartOf":{"@id":"https:\/\/www.meydan.tv\/az\/#website"},"primaryImageOfPage":{"@id":"https:\/\/www.meydan.tv\/az\/article\/ramin-dekonun-ev-dustaqligi-il%c9%99-bagli-v%c9%99sat%c9%99ti-t%c9%99min-olunmadi\/#primaryimage"},"image":{"@id":"https:\/\/www.meydan.tv\/az\/article\/ramin-dekonun-ev-dustaqligi-il%c9%99-bagli-v%c9%99sat%c9%99ti-t%c9%99min-olunmadi\/#primaryimage"},"thumbnailUrl":"https:\/\/www.meydan.tv\/wp-content\/uploads\/9879.png","datePublished":"2025-02-12T14:12:40+00:00","dateModified":"2025-02-12T15:32:11+00:00","breadcrumb":{"@id":"https:\/\/www.meydan.tv\/az\/article\/ramin-dekonun-ev-dustaqligi-il%c9%99-bagli-v%c9%99sat%c9%99ti-t%c9%99min-olunmadi\/#breadcrumb"},"inLanguage":"az","potentialAction":[{"@type":"ReadAction","target":["https:\/\/www.meydan.tv\/az\/article\/ramin-dekonun-ev-dustaqligi-il%c9%99-bagli-v%c9%99sat%c9%99ti-t%c9%99min-olunmadi\/"]}]},{"@type":"ImageObject","inLanguage":"az","@id":"https:\/\/www.meydan.tv\/az\/article\/ramin-dekonun-ev-dustaqligi-il%c9%99-bagli-v%c9%99sat%c9%99ti-t%c9%99min-olunmadi\/#primaryimage","url":"https:\/\/www.meydan.tv\/wp-content\/uploads\/9879.png","contentUrl":"https:\/\/www.meydan.tv\/wp-content\/uploads\/9879.png","width":1179,"height":576,"caption":"Ramin Deko. Foto: Meydan TV"},{"@type":"BreadcrumbList","@id":"https:\/\/www.meydan.tv\/az\/article\/ramin-dekonun-ev-dustaqligi-il%c9%99-bagli-v%c9%99sat%c9%99ti-t%c9%99min-olunmadi\/#breadcrumb","itemListElement":[{"@type":"ListItem","position":1,"name":"Ana s\u0259hif\u0259","item":"https:\/\/www.meydan.tv\/az\/"},{"@type":"ListItem","position":2,"name":"X\u0259b\u0259rl\u0259r","item":"https:\/\/www.meydan.tv\/az\/section\/xeberler\/"},{"@type":"ListItem","position":3,"name":"Ramin Dekonun ev dustaql\u0131\u011f\u0131 il\u0259 ba\u011fl\u0131 \u015fikay\u0259ti t\u0259min edilm\u0259di"}]},{"@type":"WebSite","@id":"https:\/\/www.meydan.tv\/az\/#website","url":"https:\/\/www.meydan.tv\/az\/","name":"MEYDAN.TV","description":"Meydan TV Az\u0259rbaycan\u0131n media m\u0259kan\u0131ndak\u0131 alternativ s\u0259sidir","publisher":{"@id":"https:\/\/www.meydan.tv\/az\/#organization"},"potentialAction":[{"@type":"SearchAction","target":{"@type":"EntryPoint","urlTemplate":"https:\/\/www.meydan.tv\/az\/?s={search_term_string}"},"query-input":{"@type":"PropertyValueSpecification","valueRequired":true,"valueName":"search_term_string"}}],"inLanguage":"az"},{"@type":"Organization","@id":"https:\/\/www.meydan.tv\/az\/#organization","name":"Meydan TV","url":"https:\/\/www.meydan.tv\/az\/","logo":{"@type":"ImageObject","inLanguage":"az","@id":"https:\/\/www.meydan.tv\/az\/#\/schema\/logo\/image\/","url":"https:\/\/www.meydan.tv\/wp-content\/uploads\/2021\/07\/meydan-logo.svg","contentUrl":"https:\/\/www.meydan.tv\/wp-content\/uploads\/2021\/07\/meydan-logo.svg","width":195,"height":46,"caption":"Meydan TV"},"image":{"@id":"https:\/\/www.meydan.tv\/az\/#\/schema\/logo\/image\/"}},{"@type":"Person","@id":"https:\/\/www.meydan.tv\/az\/#\/schema\/person\/49b5f2bad5b126bb8ea9320eeb3e4dc9","name":"sevda"}]}},"_links":{"self":[{"href":"https:\/\/www.meydan.tv\/az\/wp-json\/wp\/v2\/posts\/326306","targetHints":{"allow":["GET"]}}],"collection":[{"href":"https:\/\/www.meydan.tv\/az\/wp-json\/wp\/v2\/posts"}],"about":[{"href":"https:\/\/www.meydan.tv\/az\/wp-json\/wp\/v2\/types\/post"}],"author":[{"embeddable":true,"href":"https:\/\/www.meydan.tv\/az\/wp-json\/wp\/v2\/users\/16"}],"replies":[{"embeddable":true,"href":"https:\/\/www.meydan.tv\/az\/wp-json\/wp\/v2\/comments?post=326306"}],"version-history":[{"count":4,"href":"https:\/\/www.meydan.tv\/az\/wp-json\/wp\/v2\/posts\/326306\/revisions"}],"predecessor-version":[{"id":326326,"href":"https:\/\/www.meydan.tv\/az\/wp-json\/wp\/v2\/posts\/326306\/revisions\/326326"}],"wp:featuredmedia":[{"embeddable":true,"href":"https:\/\/www.meydan.tv\/az\/wp-json\/wp\/v2\/media\/326323"}],"wp:attachment":[{"href":"https:\/\/www.meydan.tv\/az\/wp-json\/wp\/v2\/media?parent=326306"}],"wp:term":[{"taxonomy":"category","embeddable":true,"href":"https:\/\/www.meydan.tv\/az\/wp-json\/wp\/v2\/categories?post=326306"},{"taxonomy":"post_tag","embeddable":true,"href":"https:\/\/www.meydan.tv\/az\/wp-json\/wp\/v2\/tags?post=326306"}],"curies":[{"name":"wp","href":"https:\/\/api.w.org\/{rel}","templated":true}]}}