{"id":326299,"date":"2025-02-12T17:43:20","date_gmt":"2025-02-12T13:43:20","guid":{"rendered":"https:\/\/www.meydan.tv\/?p=326299"},"modified":"2025-02-12T17:43:23","modified_gmt":"2025-02-12T13:43:23","slug":"erm%c9%99nistan-parlamenti-avropa-ittifaqina-uzv-olmanin-lehin%c9%99-s%c9%99s-verib","status":"publish","type":"post","link":"https:\/\/www.meydan.tv\/az\/article\/erm%c9%99nistan-parlamenti-avropa-ittifaqina-uzv-olmanin-lehin%c9%99-s%c9%99s-verib\/","title":{"rendered":"Erm\u0259nistan parlamenti Avropa \u0130ttifaq\u0131na \u00fczv olman\u0131n lehin\u0259 s\u0259s verib"},"content":{"rendered":"\n<p><strong><em>\u201cErm\u0259nistan\u0131n Avropa \u0130ttifaq\u0131na daxil olmas\u0131 prosesinin ba\u015flanmas\u0131 haqq\u0131nda\u201d qanun layih\u0259sini 63 deputat d\u0259st\u0259kl\u0259yib, c\u0259mi 7 deputat \u0259leyhin\u0259 \u00e7\u0131x\u0131b<\/em><\/strong><\/p>\n\n\n\n<p>Erm\u0259nistan parlamenti \u201cErm\u0259nistan\u0131n Avropa \u0130ttifaq\u0131na daxil olmas\u0131 prosesinin ba\u015flanmas\u0131 haqq\u0131nda\u201d qanun layih\u0259sini ilk oxunu\u015fda <a href=\"https:\/\/news.am\/rus\/news\/866308.html\" target=\"_blank\" rel=\"noreferrer noopener\">q\u0259bul edib<\/a>.<br><br>Layih\u0259ni 63 deputat d\u0259st\u0259kl\u0259yib, c\u0259mi 7 deputat \u0259leyhin\u0259 <a href=\"https:\/\/www.interfax.ru\/world\/1007497\" target=\"_blank\" rel=\"noreferrer noopener\">\u00e7\u0131x\u0131b<\/a>.<br><br>Hakim \u201cM\u00fclki m\u00fcqavil\u0259\u201d fraksiyas\u0131n\u0131n n\u00fcmay\u0259nd\u0259l\u0259ri s\u0259n\u0259din lehin\u0259 s\u0259s veribl\u0259r.<br><br>M\u00fcxalif \u201cErm\u0259nistan\u201d Partiyas\u0131 s\u0259sverm\u0259d\u0259 i\u015ftirak etm\u0259yib. Dig\u0259r m\u00fcxalif\u0259t fraksiyas\u0131ndan \u201cM\u0259nim \u015f\u0259r\u0259fim var\u201d Partiyas\u0131 is\u0259 \u0259leyhin\u0259 s\u0259s verib.<br><br>Kreml Erm\u0259nistan parlamentinin Avropa \u0130ttifaq\u0131na \u00fczvl\u00fck haqq\u0131nda qanun layih\u0259sinin ilk oxunu\u015fda t\u0259sdiql\u0259m\u0259sin\u0259 m\u00fcnasib\u0259t <a href=\"https:\/\/www.interfax.ru\/russia\/1007510\" target=\"_blank\" rel=\"noreferrer noopener\">bildirib<\/a>.<br><br><em>\u201cErm\u0259nistan\u0131n Avropa \u0130ttifaq\u0131na m\u00fcmk\u00fcn \u00fczvl\u00fcy\u00fc onun suveren h\u00fcququdur. Amma erm\u0259nil\u0259r ilk \u00f6nc\u0259 bunun n\u0259 d\u0259r\u0259c\u0259d\u0259 qar\u015f\u0131l\u0131ql\u0131 ist\u0259k oldu\u011funu v\u0259 avropal\u0131lar\u0131n \u00f6zl\u0259rinin buna nec\u0259 m\u00fcnasib\u0259t b\u0259sl\u0259diyini anlamal\u0131d\u0131rlar. Eyni zamanda, Erm\u0259nistan xalq\u0131 Avrasiya \u0130qtisadi \u0130ttifaq\u0131na \u00fczvl\u00fckd\u0259n dividendl\u0259r alma\u011fa davam edir. \u0130ki f\u0259rqli beyn\u0259lxalq t\u0259\u015fkilat\u0131n \u00fczv\u00fc olmaq m\u00fcmk\u00fcns\u00fczd\u00fcr. H\u0259m\u00e7inin\u00a0 Avropa \u0130ttifaq\u0131na daxil olmaq ist\u0259y\u0259n \u00e7ox \u00f6lk\u0259l\u0259r var ki, onlar\u0131n g\u00f6zl\u0259m\u0259 prosesi onillikl\u0259rl\u0259 davam edib\u201d, <\/em>&#8211; Rusiya Prezidentinin s\u00f6z\u00e7\u00fcs\u00fc Dmitri Peskov fevral\u0131n 12-d\u0259 jurnalistl\u0259r\u0259 deyib.<br><br>\u201cErm\u0259nistan\u0131n Avropa \u0130ttifaq\u0131na daxil olmas\u0131 prosesinin ba\u015flanmas\u0131 haqq\u0131nda\u201d qanun layih\u0259sinin m\u00fc\u0259llifl\u0259ri Q\u0259rbp\u0259r\u0259st \u201cAvroreferendum\u201d partiyas\u0131n\u0131n \u00fczvl\u0259ridir. Onlar layih\u0259ni parlament\u0259 t\u0259qdim etm\u0259k \u00fc\u00e7\u00fcn qanunla t\u0259l\u0259b olunan 50 mind\u0259n \u00e7ox imza toplay\u0131blar.<br>Erm\u0259nistan h\u00f6kum\u0259ti layih\u0259ni 2025-ci il yanvar\u0131n 9-da <a href=\"https:\/\/storage.googleapis.com\/qurium\/www.meydan.tv\/az-article-erm%c9%99nistan-hokum%c9%99ti-olk%c9%99nin-avropa-ittifaqina-daxil-olmasi-prosesin%c9%99-baslanmasina-dair-qanun-layih%c9%99sini-t%c9%99sdiql%c9%99di.html\" target=\"_blank\" rel=\"noreferrer noopener\">t\u0259stiql\u0259yib<\/a>.<br><br>Erm\u0259nistan\u0131n ba\u015f naziri Nikol Pa\u015finyan h\u0259min vaxt bildirib ki, A\u0130-y\u0259 \u00fczvl\u00fckl\u0259 ba\u011fl\u0131 q\u0259rar \u00fcmumxalq s\u0259sverm\u0259si yolu il\u0259 verilm\u0259lidir.<br><br>Rusiya Ba\u015f nazirinin m\u00fcavini\u00a0 Aleksey Over\u00e7uk bu add\u0131m\u0131 Avrasiya \u0130qtisadi \u0130ttifaq\u0131ndan \u00e7\u0131x\u0131\u015f\u0131n ba\u015flan\u011f\u0131c\u0131 kimi g\u00f6rd\u00fckl\u0259rini v\u0259 bu v\u0259ziyy\u0259ti n\u0259z\u0259r\u0259 alaraq Yerevana qar\u015f\u0131 iqtisadi siyas\u0259t haz\u0131rlayacaqlar\u0131n\u0131 b\u0259yan edib.<br><br>Erm\u0259nistan\u0131n iqtisadiyyat naziri Qevork Papoyan 2025-ci il yanvar\u0131n 25-d\u0259 deyib ki, Erm\u0259nistan haz\u0131rda Avrasiya \u0130qtisadi \u0130ttifaq\u0131n\u0131n \u00fczv\u00fcd\u00fcr v\u0259 qurumu t\u0259rk etm\u0259k m\u0259s\u0259l\u0259si Yerevan\u0131n g\u00fcnd\u0259mind\u0259 deyil.<br><br>2024-c\u00fc ilin oktyabr\u0131nda Pa\u015finyan Avropa Parlamentind\u0259 \u00e7\u0131x\u0131\u015f\u0131 zaman\u0131 A\u0130-ni Erm\u0259nistan h\u00f6kum\u0259tinin son ill\u0259rd\u0259 apard\u0131\u011f\u0131 islahatlar\u0131 d\u0259st\u0259kl\u0259y\u0259n \u201c\u0259sas t\u0259r\u0259fda\u015f\u0131\u201d adland\u0131rm\u0131\u015fd\u0131. \u018flav\u0259 etmi\u015fdi ki, Erm\u0259nistan A\u0130-y\u0259 daha da yax\u0131nla\u015fma\u011fa haz\u0131rd\u0131r.<\/p>\n","protected":false},"excerpt":{"rendered":"<p>\u201cErm\u0259nistan\u0131n Avropa \u0130ttifaq\u0131na daxil olmas\u0131 prosesinin ba\u015flanmas\u0131 haqq\u0131nda\u201d qanun layih\u0259sini &#8230; <\/p>\n<p class=\"read-more-container\"><a title=\"Erm\u0259nistan parlamenti Avropa \u0130ttifaq\u0131na \u00fczv olman\u0131n lehin\u0259 s\u0259s verib\" class=\"read-more button\" href=\"https:\/\/www.meydan.tv\/az\/article\/erm%c9%99nistan-parlamenti-avropa-ittifaqina-uzv-olmanin-lehin%c9%99-s%c9%99s-verib\/#more-326299\" aria-label=\"Read more about Erm\u0259nistan parlamenti Avropa \u0130ttifaq\u0131na \u00fczv olman\u0131n lehin\u0259 s\u0259s verib\">Davam\u0131<\/a><\/p>\n","protected":false},"author":16,"featured_media":320003,"comment_status":"closed","ping_status":"closed","sticky":false,"template":"","format":"standard","meta":{"_acf_changed":false,"_sitemap_exclude":false,"_sitemap_priority":"","_sitemap_frequency":"","footnotes":""},"categories":[64,59,56],"tags":[],"class_list":["post-326299","post","type-post","status-publish","format-standard","has-post-thumbnail","hentry","category-dunya","category-siyaset","category-xeberler","infinite-scroll-item","generate-columns","tablet-grid-50","mobile-grid-100","grid-parent","grid-33","no-featured-image-padding"],"acf":[],"yoast_head":"<!-- This site is optimized with the Yoast SEO plugin v27.5 - https:\/\/yoast.com\/product\/yoast-seo-wordpress\/ -->\n<title>Erm\u0259nistan parlamenti Avropa \u0130ttifaq\u0131na \u00fczv olman\u0131n lehin\u0259 s\u0259s verib - MEYDAN.TV<\/title>\n<meta name=\"robots\" content=\"index, follow, max-snippet:-1, max-image-preview:large, max-video-preview:-1\" \/>\n<link rel=\"canonical\" href=\"https:\/\/www.meydan.tv\/az\/article\/erm%c9%99nistan-parlamenti-avropa-ittifaqina-uzv-olmanin-lehin%c9%99-s%c9%99s-verib\/\" \/>\n<meta property=\"og:locale\" content=\"az_AZ\" \/>\n<meta property=\"og:type\" content=\"article\" \/>\n<meta property=\"og:title\" content=\"Erm\u0259nistan parlamenti Avropa \u0130ttifaq\u0131na \u00fczv olman\u0131n lehin\u0259 s\u0259s verib - MEYDAN.TV\" \/>\n<meta property=\"og:description\" content=\"\u201cErm\u0259nistan\u0131n Avropa \u0130ttifaq\u0131na daxil olmas\u0131 prosesinin ba\u015flanmas\u0131 haqq\u0131nda\u201d qanun layih\u0259sini ... Davam\u0131\" \/>\n<meta property=\"og:url\" content=\"https:\/\/www.meydan.tv\/az\/article\/erm%c9%99nistan-parlamenti-avropa-ittifaqina-uzv-olmanin-lehin%c9%99-s%c9%99s-verib\/\" \/>\n<meta property=\"og:site_name\" content=\"MEYDAN.TV\" \/>\n<meta property=\"article:published_time\" content=\"2025-02-12T13:43:20+00:00\" \/>\n<meta property=\"article:modified_time\" content=\"2025-02-12T13:43:23+00:00\" \/>\n<meta property=\"og:image\" content=\"https:\/\/www.meydan.tv\/wp-content\/uploads\/shutterstock_1047404374-1.jpg\" \/>\n\t<meta property=\"og:image:width\" content=\"500\" \/>\n\t<meta property=\"og:image:height\" content=\"334\" \/>\n\t<meta property=\"og:image:type\" content=\"image\/jpeg\" \/>\n<meta name=\"author\" content=\"sevda\" \/>\n<meta name=\"twitter:card\" content=\"summary_large_image\" \/>\n<script type=\"application\/ld+json\" class=\"yoast-schema-graph\">{\"@context\":\"https:\\\/\\\/schema.org\",\"@graph\":[{\"@type\":\"Article\",\"@id\":\"https:\\\/\\\/www.meydan.tv\\\/az\\\/article\\\/erm%c9%99nistan-parlamenti-avropa-ittifaqina-uzv-olmanin-lehin%c9%99-s%c9%99s-verib\\\/#article\",\"isPartOf\":{\"@id\":\"https:\\\/\\\/www.meydan.tv\\\/az\\\/article\\\/erm%c9%99nistan-parlamenti-avropa-ittifaqina-uzv-olmanin-lehin%c9%99-s%c9%99s-verib\\\/\"},\"author\":{\"name\":\"sevda\",\"@id\":\"https:\\\/\\\/www.meydan.tv\\\/az\\\/#\\\/schema\\\/person\\\/49b5f2bad5b126bb8ea9320eeb3e4dc9\"},\"headline\":\"Erm\u0259nistan parlamenti Avropa \u0130ttifaq\u0131na \u00fczv olman\u0131n lehin\u0259 s\u0259s verib\",\"datePublished\":\"2025-02-12T13:43:20+00:00\",\"dateModified\":\"2025-02-12T13:43:23+00:00\",\"mainEntityOfPage\":{\"@id\":\"https:\\\/\\\/www.meydan.tv\\\/az\\\/article\\\/erm%c9%99nistan-parlamenti-avropa-ittifaqina-uzv-olmanin-lehin%c9%99-s%c9%99s-verib\\\/\"},\"wordCount\":510,\"publisher\":{\"@id\":\"https:\\\/\\\/www.meydan.tv\\\/az\\\/#organization\"},\"image\":{\"@id\":\"https:\\\/\\\/www.meydan.tv\\\/az\\\/article\\\/erm%c9%99nistan-parlamenti-avropa-ittifaqina-uzv-olmanin-lehin%c9%99-s%c9%99s-verib\\\/#primaryimage\"},\"thumbnailUrl\":\"https:\\\/\\\/www.meydan.tv\\\/wp-content\\\/uploads\\\/shutterstock_1047404374-1.jpg\",\"articleSection\":[\"D\u00fcnya\",\"Siyas\u0259t\",\"X\u0259b\u0259rl\u0259r\"],\"inLanguage\":\"az\"},{\"@type\":\"WebPage\",\"@id\":\"https:\\\/\\\/www.meydan.tv\\\/az\\\/article\\\/erm%c9%99nistan-parlamenti-avropa-ittifaqina-uzv-olmanin-lehin%c9%99-s%c9%99s-verib\\\/\",\"url\":\"https:\\\/\\\/www.meydan.tv\\\/az\\\/article\\\/erm%c9%99nistan-parlamenti-avropa-ittifaqina-uzv-olmanin-lehin%c9%99-s%c9%99s-verib\\\/\",\"name\":\"Erm\u0259nistan parlamenti Avropa \u0130ttifaq\u0131na \u00fczv olman\u0131n lehin\u0259 s\u0259s verib - MEYDAN.TV\",\"isPartOf\":{\"@id\":\"https:\\\/\\\/www.meydan.tv\\\/az\\\/#website\"},\"primaryImageOfPage\":{\"@id\":\"https:\\\/\\\/www.meydan.tv\\\/az\\\/article\\\/erm%c9%99nistan-parlamenti-avropa-ittifaqina-uzv-olmanin-lehin%c9%99-s%c9%99s-verib\\\/#primaryimage\"},\"image\":{\"@id\":\"https:\\\/\\\/www.meydan.tv\\\/az\\\/article\\\/erm%c9%99nistan-parlamenti-avropa-ittifaqina-uzv-olmanin-lehin%c9%99-s%c9%99s-verib\\\/#primaryimage\"},\"thumbnailUrl\":\"https:\\\/\\\/www.meydan.tv\\\/wp-content\\\/uploads\\\/shutterstock_1047404374-1.jpg\",\"datePublished\":\"2025-02-12T13:43:20+00:00\",\"dateModified\":\"2025-02-12T13:43:23+00:00\",\"breadcrumb\":{\"@id\":\"https:\\\/\\\/www.meydan.tv\\\/az\\\/article\\\/erm%c9%99nistan-parlamenti-avropa-ittifaqina-uzv-olmanin-lehin%c9%99-s%c9%99s-verib\\\/#breadcrumb\"},\"inLanguage\":\"az\",\"potentialAction\":[{\"@type\":\"ReadAction\",\"target\":[\"https:\\\/\\\/www.meydan.tv\\\/az\\\/article\\\/erm%c9%99nistan-parlamenti-avropa-ittifaqina-uzv-olmanin-lehin%c9%99-s%c9%99s-verib\\\/\"]}]},{\"@type\":\"ImageObject\",\"inLanguage\":\"az\",\"@id\":\"https:\\\/\\\/www.meydan.tv\\\/az\\\/article\\\/erm%c9%99nistan-parlamenti-avropa-ittifaqina-uzv-olmanin-lehin%c9%99-s%c9%99s-verib\\\/#primaryimage\",\"url\":\"https:\\\/\\\/www.meydan.tv\\\/wp-content\\\/uploads\\\/shutterstock_1047404374-1.jpg\",\"contentUrl\":\"https:\\\/\\\/www.meydan.tv\\\/wp-content\\\/uploads\\\/shutterstock_1047404374-1.jpg\",\"width\":500,\"height\":334,\"caption\":\"Foto: Alexandros Michailidis\\\\shutterstock\"},{\"@type\":\"BreadcrumbList\",\"@id\":\"https:\\\/\\\/www.meydan.tv\\\/az\\\/article\\\/erm%c9%99nistan-parlamenti-avropa-ittifaqina-uzv-olmanin-lehin%c9%99-s%c9%99s-verib\\\/#breadcrumb\",\"itemListElement\":[{\"@type\":\"ListItem\",\"position\":1,\"name\":\"Ana s\u0259hif\u0259\",\"item\":\"https:\\\/\\\/www.meydan.tv\\\/az\\\/\"},{\"@type\":\"ListItem\",\"position\":2,\"name\":\"X\u0259b\u0259rl\u0259r\",\"item\":\"https:\\\/\\\/www.meydan.tv\\\/az\\\/section\\\/xeberler\\\/\"},{\"@type\":\"ListItem\",\"position\":3,\"name\":\"Erm\u0259nistan parlamenti Avropa \u0130ttifaq\u0131na \u00fczv olman\u0131n lehin\u0259 s\u0259s verib\"}]},{\"@type\":\"WebSite\",\"@id\":\"https:\\\/\\\/www.meydan.tv\\\/az\\\/#website\",\"url\":\"https:\\\/\\\/www.meydan.tv\\\/az\\\/\",\"name\":\"MEYDAN.TV\",\"description\":\"Meydan TV Az\u0259rbaycan\u0131n media m\u0259kan\u0131ndak\u0131 alternativ s\u0259sidir\",\"publisher\":{\"@id\":\"https:\\\/\\\/www.meydan.tv\\\/az\\\/#organization\"},\"potentialAction\":[{\"@type\":\"SearchAction\",\"target\":{\"@type\":\"EntryPoint\",\"urlTemplate\":\"https:\\\/\\\/www.meydan.tv\\\/az\\\/?s={search_term_string}\"},\"query-input\":{\"@type\":\"PropertyValueSpecification\",\"valueRequired\":true,\"valueName\":\"search_term_string\"}}],\"inLanguage\":\"az\"},{\"@type\":\"Organization\",\"@id\":\"https:\\\/\\\/www.meydan.tv\\\/az\\\/#organization\",\"name\":\"Meydan TV\",\"url\":\"https:\\\/\\\/www.meydan.tv\\\/az\\\/\",\"logo\":{\"@type\":\"ImageObject\",\"inLanguage\":\"az\",\"@id\":\"https:\\\/\\\/www.meydan.tv\\\/az\\\/#\\\/schema\\\/logo\\\/image\\\/\",\"url\":\"https:\\\/\\\/www.meydan.tv\\\/wp-content\\\/uploads\\\/2021\\\/07\\\/meydan-logo.svg\",\"contentUrl\":\"https:\\\/\\\/www.meydan.tv\\\/wp-content\\\/uploads\\\/2021\\\/07\\\/meydan-logo.svg\",\"width\":195,\"height\":46,\"caption\":\"Meydan TV\"},\"image\":{\"@id\":\"https:\\\/\\\/www.meydan.tv\\\/az\\\/#\\\/schema\\\/logo\\\/image\\\/\"}},{\"@type\":\"Person\",\"@id\":\"https:\\\/\\\/www.meydan.tv\\\/az\\\/#\\\/schema\\\/person\\\/49b5f2bad5b126bb8ea9320eeb3e4dc9\",\"name\":\"sevda\"}]}<\/script>\n<!-- \/ Yoast SEO plugin. -->","yoast_head_json":{"title":"Erm\u0259nistan parlamenti Avropa \u0130ttifaq\u0131na \u00fczv olman\u0131n lehin\u0259 s\u0259s verib - MEYDAN.TV","robots":{"index":"index","follow":"follow","max-snippet":"max-snippet:-1","max-image-preview":"max-image-preview:large","max-video-preview":"max-video-preview:-1"},"canonical":"https:\/\/www.meydan.tv\/az\/article\/erm%c9%99nistan-parlamenti-avropa-ittifaqina-uzv-olmanin-lehin%c9%99-s%c9%99s-verib\/","og_locale":"az_AZ","og_type":"article","og_title":"Erm\u0259nistan parlamenti Avropa \u0130ttifaq\u0131na \u00fczv olman\u0131n lehin\u0259 s\u0259s verib - MEYDAN.TV","og_description":"\u201cErm\u0259nistan\u0131n Avropa \u0130ttifaq\u0131na daxil olmas\u0131 prosesinin ba\u015flanmas\u0131 haqq\u0131nda\u201d qanun layih\u0259sini ... Davam\u0131","og_url":"https:\/\/www.meydan.tv\/az\/article\/erm%c9%99nistan-parlamenti-avropa-ittifaqina-uzv-olmanin-lehin%c9%99-s%c9%99s-verib\/","og_site_name":"MEYDAN.TV","article_published_time":"2025-02-12T13:43:20+00:00","article_modified_time":"2025-02-12T13:43:23+00:00","og_image":[{"width":500,"height":334,"url":"https:\/\/www.meydan.tv\/wp-content\/uploads\/shutterstock_1047404374-1.jpg","type":"image\/jpeg"}],"author":"sevda","twitter_card":"summary_large_image","schema":{"@context":"https:\/\/schema.org","@graph":[{"@type":"Article","@id":"https:\/\/www.meydan.tv\/az\/article\/erm%c9%99nistan-parlamenti-avropa-ittifaqina-uzv-olmanin-lehin%c9%99-s%c9%99s-verib\/#article","isPartOf":{"@id":"https:\/\/www.meydan.tv\/az\/article\/erm%c9%99nistan-parlamenti-avropa-ittifaqina-uzv-olmanin-lehin%c9%99-s%c9%99s-verib\/"},"author":{"name":"sevda","@id":"https:\/\/www.meydan.tv\/az\/#\/schema\/person\/49b5f2bad5b126bb8ea9320eeb3e4dc9"},"headline":"Erm\u0259nistan parlamenti Avropa \u0130ttifaq\u0131na \u00fczv olman\u0131n lehin\u0259 s\u0259s verib","datePublished":"2025-02-12T13:43:20+00:00","dateModified":"2025-02-12T13:43:23+00:00","mainEntityOfPage":{"@id":"https:\/\/www.meydan.tv\/az\/article\/erm%c9%99nistan-parlamenti-avropa-ittifaqina-uzv-olmanin-lehin%c9%99-s%c9%99s-verib\/"},"wordCount":510,"publisher":{"@id":"https:\/\/www.meydan.tv\/az\/#organization"},"image":{"@id":"https:\/\/www.meydan.tv\/az\/article\/erm%c9%99nistan-parlamenti-avropa-ittifaqina-uzv-olmanin-lehin%c9%99-s%c9%99s-verib\/#primaryimage"},"thumbnailUrl":"https:\/\/www.meydan.tv\/wp-content\/uploads\/shutterstock_1047404374-1.jpg","articleSection":["D\u00fcnya","Siyas\u0259t","X\u0259b\u0259rl\u0259r"],"inLanguage":"az"},{"@type":"WebPage","@id":"https:\/\/www.meydan.tv\/az\/article\/erm%c9%99nistan-parlamenti-avropa-ittifaqina-uzv-olmanin-lehin%c9%99-s%c9%99s-verib\/","url":"https:\/\/www.meydan.tv\/az\/article\/erm%c9%99nistan-parlamenti-avropa-ittifaqina-uzv-olmanin-lehin%c9%99-s%c9%99s-verib\/","name":"Erm\u0259nistan parlamenti Avropa \u0130ttifaq\u0131na \u00fczv olman\u0131n lehin\u0259 s\u0259s verib - MEYDAN.TV","isPartOf":{"@id":"https:\/\/www.meydan.tv\/az\/#website"},"primaryImageOfPage":{"@id":"https:\/\/www.meydan.tv\/az\/article\/erm%c9%99nistan-parlamenti-avropa-ittifaqina-uzv-olmanin-lehin%c9%99-s%c9%99s-verib\/#primaryimage"},"image":{"@id":"https:\/\/www.meydan.tv\/az\/article\/erm%c9%99nistan-parlamenti-avropa-ittifaqina-uzv-olmanin-lehin%c9%99-s%c9%99s-verib\/#primaryimage"},"thumbnailUrl":"https:\/\/www.meydan.tv\/wp-content\/uploads\/shutterstock_1047404374-1.jpg","datePublished":"2025-02-12T13:43:20+00:00","dateModified":"2025-02-12T13:43:23+00:00","breadcrumb":{"@id":"https:\/\/www.meydan.tv\/az\/article\/erm%c9%99nistan-parlamenti-avropa-ittifaqina-uzv-olmanin-lehin%c9%99-s%c9%99s-verib\/#breadcrumb"},"inLanguage":"az","potentialAction":[{"@type":"ReadAction","target":["https:\/\/www.meydan.tv\/az\/article\/erm%c9%99nistan-parlamenti-avropa-ittifaqina-uzv-olmanin-lehin%c9%99-s%c9%99s-verib\/"]}]},{"@type":"ImageObject","inLanguage":"az","@id":"https:\/\/www.meydan.tv\/az\/article\/erm%c9%99nistan-parlamenti-avropa-ittifaqina-uzv-olmanin-lehin%c9%99-s%c9%99s-verib\/#primaryimage","url":"https:\/\/www.meydan.tv\/wp-content\/uploads\/shutterstock_1047404374-1.jpg","contentUrl":"https:\/\/www.meydan.tv\/wp-content\/uploads\/shutterstock_1047404374-1.jpg","width":500,"height":334,"caption":"Foto: Alexandros Michailidis\\shutterstock"},{"@type":"BreadcrumbList","@id":"https:\/\/www.meydan.tv\/az\/article\/erm%c9%99nistan-parlamenti-avropa-ittifaqina-uzv-olmanin-lehin%c9%99-s%c9%99s-verib\/#breadcrumb","itemListElement":[{"@type":"ListItem","position":1,"name":"Ana s\u0259hif\u0259","item":"https:\/\/www.meydan.tv\/az\/"},{"@type":"ListItem","position":2,"name":"X\u0259b\u0259rl\u0259r","item":"https:\/\/www.meydan.tv\/az\/section\/xeberler\/"},{"@type":"ListItem","position":3,"name":"Erm\u0259nistan parlamenti Avropa \u0130ttifaq\u0131na \u00fczv olman\u0131n lehin\u0259 s\u0259s verib"}]},{"@type":"WebSite","@id":"https:\/\/www.meydan.tv\/az\/#website","url":"https:\/\/www.meydan.tv\/az\/","name":"MEYDAN.TV","description":"Meydan TV Az\u0259rbaycan\u0131n media m\u0259kan\u0131ndak\u0131 alternativ s\u0259sidir","publisher":{"@id":"https:\/\/www.meydan.tv\/az\/#organization"},"potentialAction":[{"@type":"SearchAction","target":{"@type":"EntryPoint","urlTemplate":"https:\/\/www.meydan.tv\/az\/?s={search_term_string}"},"query-input":{"@type":"PropertyValueSpecification","valueRequired":true,"valueName":"search_term_string"}}],"inLanguage":"az"},{"@type":"Organization","@id":"https:\/\/www.meydan.tv\/az\/#organization","name":"Meydan TV","url":"https:\/\/www.meydan.tv\/az\/","logo":{"@type":"ImageObject","inLanguage":"az","@id":"https:\/\/www.meydan.tv\/az\/#\/schema\/logo\/image\/","url":"https:\/\/www.meydan.tv\/wp-content\/uploads\/2021\/07\/meydan-logo.svg","contentUrl":"https:\/\/www.meydan.tv\/wp-content\/uploads\/2021\/07\/meydan-logo.svg","width":195,"height":46,"caption":"Meydan TV"},"image":{"@id":"https:\/\/www.meydan.tv\/az\/#\/schema\/logo\/image\/"}},{"@type":"Person","@id":"https:\/\/www.meydan.tv\/az\/#\/schema\/person\/49b5f2bad5b126bb8ea9320eeb3e4dc9","name":"sevda"}]}},"_links":{"self":[{"href":"https:\/\/www.meydan.tv\/az\/wp-json\/wp\/v2\/posts\/326299","targetHints":{"allow":["GET"]}}],"collection":[{"href":"https:\/\/www.meydan.tv\/az\/wp-json\/wp\/v2\/posts"}],"about":[{"href":"https:\/\/www.meydan.tv\/az\/wp-json\/wp\/v2\/types\/post"}],"author":[{"embeddable":true,"href":"https:\/\/www.meydan.tv\/az\/wp-json\/wp\/v2\/users\/16"}],"replies":[{"embeddable":true,"href":"https:\/\/www.meydan.tv\/az\/wp-json\/wp\/v2\/comments?post=326299"}],"version-history":[{"count":4,"href":"https:\/\/www.meydan.tv\/az\/wp-json\/wp\/v2\/posts\/326299\/revisions"}],"predecessor-version":[{"id":326303,"href":"https:\/\/www.meydan.tv\/az\/wp-json\/wp\/v2\/posts\/326299\/revisions\/326303"}],"wp:featuredmedia":[{"embeddable":true,"href":"https:\/\/www.meydan.tv\/az\/wp-json\/wp\/v2\/media\/320003"}],"wp:attachment":[{"href":"https:\/\/www.meydan.tv\/az\/wp-json\/wp\/v2\/media?parent=326299"}],"wp:term":[{"taxonomy":"category","embeddable":true,"href":"https:\/\/www.meydan.tv\/az\/wp-json\/wp\/v2\/categories?post=326299"},{"taxonomy":"post_tag","embeddable":true,"href":"https:\/\/www.meydan.tv\/az\/wp-json\/wp\/v2\/tags?post=326299"}],"curies":[{"name":"wp","href":"https:\/\/api.w.org\/{rel}","templated":true}]}}