{"id":326277,"date":"2025-02-12T16:27:19","date_gmt":"2025-02-12T12:27:19","guid":{"rendered":"https:\/\/www.meydan.tv\/?p=326277"},"modified":"2025-02-12T16:27:22","modified_gmt":"2025-02-12T12:27:22","slug":"ilham-eliyev-b%c9%99zi-q%c9%99rb-liderl%c9%99ri-prezident-trampa-qarsi-cox-%c9%99dal%c9%99tsiz-idil%c9%99r","status":"publish","type":"post","link":"https:\/\/www.meydan.tv\/az\/article\/ilham-eliyev-b%c9%99zi-q%c9%99rb-liderl%c9%99ri-prezident-trampa-qarsi-cox-%c9%99dal%c9%99tsiz-idil%c9%99r\/","title":{"rendered":"\u0130lham \u018fliyev: &#8220;B\u0259zi Q\u0259rb liderl\u0259ri Prezident Trampa qar\u015f\u0131 \u00e7ox \u0259dal\u0259tsiz idil\u0259r&#8221;"},"content":{"rendered":"\n<p><strong><em>Az\u0259rbaycan prezidenti Davosda \u00c7inin CGTN telekanal\u0131na m\u00fcsahib\u0259sind\u0259 AB\u015e-da d\u0259yi\u015fiklikl\u0259rl\u0259 ba\u011fl\u0131 narahatl\u0131q \u00fc\u00e7\u00fcn ciddi s\u0259b\u0259b g\u00f6rm\u0259diyini deyib <\/em><\/strong><\/p>\n\n\n\n<p>Fevral\u0131n 11-d\u0259 \u00c7inin \u201cChina Global Television Network\u201d telekanal\u0131 Az\u0259rbaycan Prezidenti \u0130lham \u018fliyevin yanvar\u0131n 20-d\u0259 Davosda verdiyi m\u00fcsahib\u0259ni <a href=\"https:\/\/azertag.az\/xeber\/prezident_ilham_eliyev_davosda_chinin_cgtn_telekanalina_musahibe_verib_yenilenib_video-3413655\" target=\"_blank\" rel=\"noreferrer noopener\">yay\u0131mlay\u0131b<\/a>.<br><br>Az\u0259rbaycan\u0131n d\u00fcnya siyas\u0259tind\u0259 rolu v\u0259 yeri haqq\u0131nda suala cavabda \u0130lham \u018fliyev <em>\u201c Az\u0259rbaycan\u0131n regional sabitliy\u0259 verdiyi t\u00f6hf\u0259 qlobal, beyn\u0259lxalq aktorlar t\u0259r\u0259find\u0259n qiym\u0259tl\u0259ndirirlir\u201d,<\/em> &#8211; deyib.<br><br><em>\u201c\u018fg\u0259r h\u0259r bir \u00f6lk\u0259 diqq\u0259tini, sad\u0259c\u0259, \u00f6z g\u00fcnd\u0259min\u0259 y\u00f6n\u0259lts\u0259, ba\u015fqa \u00f6lk\u0259nin i\u015fl\u0259rin\u0259 m\u00fcdaxil\u0259 etm\u0259y\u0259 \u00e7al\u0131\u015fmasa, m\u00fcnaqi\u015f\u0259l\u0259r, naraz\u0131l\u0131qlar, m\u00fcharib\u0259l\u0259r olmaz. B\u00fct\u00fcn d\u00fcnyada h\u0259l\u0259 d\u0259 qeyri-sabit v\u0259ziyy\u0259tin olmas\u0131n\u0131n v\u0259 qan t\u00f6k\u00fclm\u0259sinin yegan\u0259 s\u0259b\u0259bi ondan ibar\u0259tdir ki, imperialist ke\u00e7mi\u015fi olan \u00f6lk\u0259l\u0259r, sad\u0259c\u0259 olaraq, m\u00fcdaxil\u0259 etm\u0259y\u0259, dominantl\u0131q etm\u0259y\u0259, dikt\u0259 etm\u0259y\u0259 davam etm\u0259k ist\u0259yir v\u0259 bu, t\u0259bii olaraq, m\u00fcqavim\u0259t\u0259 g\u0259tirib \u00e7\u0131xar\u0131r\u201d, <\/em>&#8211; Prezident bildirib.<br><br>Amerikan\u0131n yeni administrasiyas\u0131 haqq\u0131nda suala cavabda \u018fliyev qeyd edib ki, Tramp\u0131n ilk prezidentliyi d\u00f6vr\u00fcnd\u0259 \u0259laq\u0259l\u0259r Bayden administrasiyas\u0131 il\u0259 m\u00fcqayis\u0259d\u0259 daha u\u011furla inki\u015faf edib:<br><br><em>\u201cBiz Prezident Tramp\u0131n AB\u015e-a r\u0259hb\u0259rlik etdiyi zaman\u0131 xat\u0131rlay\u0131r\u0131q v\u0259 son 4 ild\u0259 Bayden administrasiyas\u0131n\u0131n Az\u0259rbaycana \u0259dal\u0259tsiz yana\u015fmas\u0131 s\u0259b\u0259bind\u0259n \u0259laq\u0259l\u0259rimizin tamamil\u0259 korlanmas\u0131ndan f\u0259rqli olaraq, bizim \u0259laq\u0259l\u0259rimiz \u00e7ox u\u011furla inki\u015faf edirdi. Prezident Trampla birg\u0259 i\u015fl\u0259m\u0259kl\u0259 ba\u011fl\u0131 \u0259vv\u0259lki t\u0259cr\u00fcb\u0259miz \u00e7ox m\u00fcsb\u0259t idi. Biz g\u00f6zl\u0259yirik ki, AB\u015e-Az\u0259rbaycan m\u00fcnasib\u0259tl\u0259rind\u0259 itirilmi\u015f ill\u0259r hesab etdiyimiz bu 4 il art\u0131q tarix\u0259 qovu\u015facaq v\u0259 biz yenid\u0259n ba\u015flayaca\u011f\u0131q\u201d.<\/em><br><br>\u0130lham \u018fliyevin fikrinc\u0259, b\u0259zi Q\u0259rb liderl\u0259ri Prezident Trampa qar\u015f\u0131 <em>&#8220;\u00e7ox \u0259dal\u0259tsiz idil\u0259r v\u0259 s\u00f6zs\u00fcz ki, onlar narahatd\u0131rlar\u201d.<\/em><br><br>\u018fliyev h\u0259m\u00e7inin AB\u015e-da d\u0259yi\u015fiklikl\u0259rl\u0259 ba\u011fl\u0131 narahatl\u0131q \u00fc\u00e7\u00fcn ciddi s\u0259b\u0259bl\u0259r g\u00f6rm\u0259diyini bildirib.<br><br><em>\u201cD\u00fc\u015f\u00fcn\u00fcr\u0259m ki, d\u00fcnya daha t\u0259hl\u00fck\u0259siz ola bil\u0259r\u201d,<\/em> &#8211; \u0130lham \u018fliyev qeyd edib.<\/p>\n\n\n\n<p><\/p>\n","protected":false},"excerpt":{"rendered":"<p>Az\u0259rbaycan prezidenti Davosda \u00c7inin CGTN telekanal\u0131na m\u00fcsahib\u0259sind\u0259 AB\u015e-da d\u0259yi\u015fiklikl\u0259rl\u0259 ba\u011fl\u0131 &#8230; <\/p>\n<p class=\"read-more-container\"><a title=\"\u0130lham \u018fliyev: &#8220;B\u0259zi Q\u0259rb liderl\u0259ri Prezident Trampa qar\u015f\u0131 \u00e7ox \u0259dal\u0259tsiz idil\u0259r&#8221;\" class=\"read-more button\" href=\"https:\/\/www.meydan.tv\/az\/article\/ilham-eliyev-b%c9%99zi-q%c9%99rb-liderl%c9%99ri-prezident-trampa-qarsi-cox-%c9%99dal%c9%99tsiz-idil%c9%99r\/#more-326277\" aria-label=\"Read more about \u0130lham \u018fliyev: &#8220;B\u0259zi Q\u0259rb liderl\u0259ri Prezident Trampa qar\u015f\u0131 \u00e7ox \u0259dal\u0259tsiz idil\u0259r&#8221;\">Davam\u0131<\/a><\/p>\n","protected":false},"author":16,"featured_media":326283,"comment_status":"closed","ping_status":"closed","sticky":false,"template":"","format":"standard","meta":{"_acf_changed":false,"_sitemap_exclude":false,"_sitemap_priority":"","_sitemap_frequency":"","footnotes":""},"categories":[59,79,56],"tags":[],"class_list":["post-326277","post","type-post","status-publish","format-standard","has-post-thumbnail","hentry","category-siyaset","category-featured","category-xeberler","infinite-scroll-item","generate-columns","tablet-grid-50","mobile-grid-100","grid-parent","grid-33","no-featured-image-padding"],"acf":[],"yoast_head":"<!-- This site is optimized with the Yoast SEO plugin v27.5 - https:\/\/yoast.com\/product\/yoast-seo-wordpress\/ -->\n<title>\u0130lham \u018fliyev: &quot;B\u0259zi Q\u0259rb liderl\u0259ri Prezident Trampa qar\u015f\u0131 \u00e7ox \u0259dal\u0259tsiz idil\u0259r&quot; - MEYDAN.TV<\/title>\n<meta name=\"robots\" content=\"index, follow, max-snippet:-1, max-image-preview:large, max-video-preview:-1\" \/>\n<link rel=\"canonical\" href=\"https:\/\/www.meydan.tv\/az\/article\/ilham-eliyev-b%c9%99zi-q%c9%99rb-liderl%c9%99ri-prezident-trampa-qarsi-cox-%c9%99dal%c9%99tsiz-idil%c9%99r\/\" \/>\n<meta property=\"og:locale\" content=\"az_AZ\" \/>\n<meta property=\"og:type\" content=\"article\" \/>\n<meta property=\"og:title\" content=\"\u0130lham \u018fliyev: &quot;B\u0259zi Q\u0259rb liderl\u0259ri Prezident Trampa qar\u015f\u0131 \u00e7ox \u0259dal\u0259tsiz idil\u0259r&quot; - MEYDAN.TV\" \/>\n<meta property=\"og:description\" content=\"Az\u0259rbaycan prezidenti Davosda \u00c7inin CGTN telekanal\u0131na m\u00fcsahib\u0259sind\u0259 AB\u015e-da d\u0259yi\u015fiklikl\u0259rl\u0259 ba\u011fl\u0131 ... Davam\u0131\" \/>\n<meta property=\"og:url\" content=\"https:\/\/www.meydan.tv\/az\/article\/ilham-eliyev-b%c9%99zi-q%c9%99rb-liderl%c9%99ri-prezident-trampa-qarsi-cox-%c9%99dal%c9%99tsiz-idil%c9%99r\/\" \/>\n<meta property=\"og:site_name\" content=\"MEYDAN.TV\" \/>\n<meta property=\"article:published_time\" content=\"2025-02-12T12:27:19+00:00\" \/>\n<meta property=\"article:modified_time\" content=\"2025-02-12T12:27:22+00:00\" \/>\n<meta property=\"og:image\" content=\"https:\/\/www.meydan.tv\/wp-content\/uploads\/17393401181460537199_1200x630.jpg\" \/>\n\t<meta property=\"og:image:width\" content=\"923\" \/>\n\t<meta property=\"og:image:height\" content=\"630\" \/>\n\t<meta property=\"og:image:type\" content=\"image\/jpeg\" \/>\n<meta name=\"author\" content=\"sevda\" \/>\n<meta name=\"twitter:card\" content=\"summary_large_image\" \/>\n<script type=\"application\/ld+json\" class=\"yoast-schema-graph\">{\"@context\":\"https:\\\/\\\/schema.org\",\"@graph\":[{\"@type\":\"Article\",\"@id\":\"https:\\\/\\\/www.meydan.tv\\\/az\\\/article\\\/ilham-eliyev-b%c9%99zi-q%c9%99rb-liderl%c9%99ri-prezident-trampa-qarsi-cox-%c9%99dal%c9%99tsiz-idil%c9%99r\\\/#article\",\"isPartOf\":{\"@id\":\"https:\\\/\\\/www.meydan.tv\\\/az\\\/article\\\/ilham-eliyev-b%c9%99zi-q%c9%99rb-liderl%c9%99ri-prezident-trampa-qarsi-cox-%c9%99dal%c9%99tsiz-idil%c9%99r\\\/\"},\"author\":{\"name\":\"sevda\",\"@id\":\"https:\\\/\\\/www.meydan.tv\\\/az\\\/#\\\/schema\\\/person\\\/49b5f2bad5b126bb8ea9320eeb3e4dc9\"},\"headline\":\"\u0130lham \u018fliyev: &#8220;B\u0259zi Q\u0259rb liderl\u0259ri Prezident Trampa qar\u015f\u0131 \u00e7ox \u0259dal\u0259tsiz idil\u0259r&#8221;\",\"datePublished\":\"2025-02-12T12:27:19+00:00\",\"dateModified\":\"2025-02-12T12:27:22+00:00\",\"mainEntityOfPage\":{\"@id\":\"https:\\\/\\\/www.meydan.tv\\\/az\\\/article\\\/ilham-eliyev-b%c9%99zi-q%c9%99rb-liderl%c9%99ri-prezident-trampa-qarsi-cox-%c9%99dal%c9%99tsiz-idil%c9%99r\\\/\"},\"wordCount\":426,\"publisher\":{\"@id\":\"https:\\\/\\\/www.meydan.tv\\\/az\\\/#organization\"},\"image\":{\"@id\":\"https:\\\/\\\/www.meydan.tv\\\/az\\\/article\\\/ilham-eliyev-b%c9%99zi-q%c9%99rb-liderl%c9%99ri-prezident-trampa-qarsi-cox-%c9%99dal%c9%99tsiz-idil%c9%99r\\\/#primaryimage\"},\"thumbnailUrl\":\"https:\\\/\\\/www.meydan.tv\\\/wp-content\\\/uploads\\\/17393401181460537199_1200x630.jpg\",\"articleSection\":[\"Siyas\u0259t\",\"T\u00f6vsiy\u0259\",\"X\u0259b\u0259rl\u0259r\"],\"inLanguage\":\"az\"},{\"@type\":\"WebPage\",\"@id\":\"https:\\\/\\\/www.meydan.tv\\\/az\\\/article\\\/ilham-eliyev-b%c9%99zi-q%c9%99rb-liderl%c9%99ri-prezident-trampa-qarsi-cox-%c9%99dal%c9%99tsiz-idil%c9%99r\\\/\",\"url\":\"https:\\\/\\\/www.meydan.tv\\\/az\\\/article\\\/ilham-eliyev-b%c9%99zi-q%c9%99rb-liderl%c9%99ri-prezident-trampa-qarsi-cox-%c9%99dal%c9%99tsiz-idil%c9%99r\\\/\",\"name\":\"\u0130lham \u018fliyev: \\\"B\u0259zi Q\u0259rb liderl\u0259ri Prezident Trampa qar\u015f\u0131 \u00e7ox \u0259dal\u0259tsiz idil\u0259r\\\" - MEYDAN.TV\",\"isPartOf\":{\"@id\":\"https:\\\/\\\/www.meydan.tv\\\/az\\\/#website\"},\"primaryImageOfPage\":{\"@id\":\"https:\\\/\\\/www.meydan.tv\\\/az\\\/article\\\/ilham-eliyev-b%c9%99zi-q%c9%99rb-liderl%c9%99ri-prezident-trampa-qarsi-cox-%c9%99dal%c9%99tsiz-idil%c9%99r\\\/#primaryimage\"},\"image\":{\"@id\":\"https:\\\/\\\/www.meydan.tv\\\/az\\\/article\\\/ilham-eliyev-b%c9%99zi-q%c9%99rb-liderl%c9%99ri-prezident-trampa-qarsi-cox-%c9%99dal%c9%99tsiz-idil%c9%99r\\\/#primaryimage\"},\"thumbnailUrl\":\"https:\\\/\\\/www.meydan.tv\\\/wp-content\\\/uploads\\\/17393401181460537199_1200x630.jpg\",\"datePublished\":\"2025-02-12T12:27:19+00:00\",\"dateModified\":\"2025-02-12T12:27:22+00:00\",\"breadcrumb\":{\"@id\":\"https:\\\/\\\/www.meydan.tv\\\/az\\\/article\\\/ilham-eliyev-b%c9%99zi-q%c9%99rb-liderl%c9%99ri-prezident-trampa-qarsi-cox-%c9%99dal%c9%99tsiz-idil%c9%99r\\\/#breadcrumb\"},\"inLanguage\":\"az\",\"potentialAction\":[{\"@type\":\"ReadAction\",\"target\":[\"https:\\\/\\\/www.meydan.tv\\\/az\\\/article\\\/ilham-eliyev-b%c9%99zi-q%c9%99rb-liderl%c9%99ri-prezident-trampa-qarsi-cox-%c9%99dal%c9%99tsiz-idil%c9%99r\\\/\"]}]},{\"@type\":\"ImageObject\",\"inLanguage\":\"az\",\"@id\":\"https:\\\/\\\/www.meydan.tv\\\/az\\\/article\\\/ilham-eliyev-b%c9%99zi-q%c9%99rb-liderl%c9%99ri-prezident-trampa-qarsi-cox-%c9%99dal%c9%99tsiz-idil%c9%99r\\\/#primaryimage\",\"url\":\"https:\\\/\\\/www.meydan.tv\\\/wp-content\\\/uploads\\\/17393401181460537199_1200x630.jpg\",\"contentUrl\":\"https:\\\/\\\/www.meydan.tv\\\/wp-content\\\/uploads\\\/17393401181460537199_1200x630.jpg\",\"width\":923,\"height\":630,\"caption\":\"Foto: Az\u0259rtac\"},{\"@type\":\"BreadcrumbList\",\"@id\":\"https:\\\/\\\/www.meydan.tv\\\/az\\\/article\\\/ilham-eliyev-b%c9%99zi-q%c9%99rb-liderl%c9%99ri-prezident-trampa-qarsi-cox-%c9%99dal%c9%99tsiz-idil%c9%99r\\\/#breadcrumb\",\"itemListElement\":[{\"@type\":\"ListItem\",\"position\":1,\"name\":\"Ana s\u0259hif\u0259\",\"item\":\"https:\\\/\\\/www.meydan.tv\\\/az\\\/\"},{\"@type\":\"ListItem\",\"position\":2,\"name\":\"X\u0259b\u0259rl\u0259r\",\"item\":\"https:\\\/\\\/www.meydan.tv\\\/az\\\/section\\\/xeberler\\\/\"},{\"@type\":\"ListItem\",\"position\":3,\"name\":\"\u0130lham \u018fliyev: &#8220;B\u0259zi Q\u0259rb liderl\u0259ri Prezident Trampa qar\u015f\u0131 \u00e7ox \u0259dal\u0259tsiz idil\u0259r&#8221;\"}]},{\"@type\":\"WebSite\",\"@id\":\"https:\\\/\\\/www.meydan.tv\\\/az\\\/#website\",\"url\":\"https:\\\/\\\/www.meydan.tv\\\/az\\\/\",\"name\":\"MEYDAN.TV\",\"description\":\"Meydan TV Az\u0259rbaycan\u0131n media m\u0259kan\u0131ndak\u0131 alternativ s\u0259sidir\",\"publisher\":{\"@id\":\"https:\\\/\\\/www.meydan.tv\\\/az\\\/#organization\"},\"potentialAction\":[{\"@type\":\"SearchAction\",\"target\":{\"@type\":\"EntryPoint\",\"urlTemplate\":\"https:\\\/\\\/www.meydan.tv\\\/az\\\/?s={search_term_string}\"},\"query-input\":{\"@type\":\"PropertyValueSpecification\",\"valueRequired\":true,\"valueName\":\"search_term_string\"}}],\"inLanguage\":\"az\"},{\"@type\":\"Organization\",\"@id\":\"https:\\\/\\\/www.meydan.tv\\\/az\\\/#organization\",\"name\":\"Meydan TV\",\"url\":\"https:\\\/\\\/www.meydan.tv\\\/az\\\/\",\"logo\":{\"@type\":\"ImageObject\",\"inLanguage\":\"az\",\"@id\":\"https:\\\/\\\/www.meydan.tv\\\/az\\\/#\\\/schema\\\/logo\\\/image\\\/\",\"url\":\"https:\\\/\\\/www.meydan.tv\\\/wp-content\\\/uploads\\\/2021\\\/07\\\/meydan-logo.svg\",\"contentUrl\":\"https:\\\/\\\/www.meydan.tv\\\/wp-content\\\/uploads\\\/2021\\\/07\\\/meydan-logo.svg\",\"width\":195,\"height\":46,\"caption\":\"Meydan TV\"},\"image\":{\"@id\":\"https:\\\/\\\/www.meydan.tv\\\/az\\\/#\\\/schema\\\/logo\\\/image\\\/\"}},{\"@type\":\"Person\",\"@id\":\"https:\\\/\\\/www.meydan.tv\\\/az\\\/#\\\/schema\\\/person\\\/49b5f2bad5b126bb8ea9320eeb3e4dc9\",\"name\":\"sevda\"}]}<\/script>\n<!-- \/ Yoast SEO plugin. -->","yoast_head_json":{"title":"\u0130lham \u018fliyev: \"B\u0259zi Q\u0259rb liderl\u0259ri Prezident Trampa qar\u015f\u0131 \u00e7ox \u0259dal\u0259tsiz idil\u0259r\" - MEYDAN.TV","robots":{"index":"index","follow":"follow","max-snippet":"max-snippet:-1","max-image-preview":"max-image-preview:large","max-video-preview":"max-video-preview:-1"},"canonical":"https:\/\/www.meydan.tv\/az\/article\/ilham-eliyev-b%c9%99zi-q%c9%99rb-liderl%c9%99ri-prezident-trampa-qarsi-cox-%c9%99dal%c9%99tsiz-idil%c9%99r\/","og_locale":"az_AZ","og_type":"article","og_title":"\u0130lham \u018fliyev: \"B\u0259zi Q\u0259rb liderl\u0259ri Prezident Trampa qar\u015f\u0131 \u00e7ox \u0259dal\u0259tsiz idil\u0259r\" - MEYDAN.TV","og_description":"Az\u0259rbaycan prezidenti Davosda \u00c7inin CGTN telekanal\u0131na m\u00fcsahib\u0259sind\u0259 AB\u015e-da d\u0259yi\u015fiklikl\u0259rl\u0259 ba\u011fl\u0131 ... Davam\u0131","og_url":"https:\/\/www.meydan.tv\/az\/article\/ilham-eliyev-b%c9%99zi-q%c9%99rb-liderl%c9%99ri-prezident-trampa-qarsi-cox-%c9%99dal%c9%99tsiz-idil%c9%99r\/","og_site_name":"MEYDAN.TV","article_published_time":"2025-02-12T12:27:19+00:00","article_modified_time":"2025-02-12T12:27:22+00:00","og_image":[{"width":923,"height":630,"url":"https:\/\/www.meydan.tv\/wp-content\/uploads\/17393401181460537199_1200x630.jpg","type":"image\/jpeg"}],"author":"sevda","twitter_card":"summary_large_image","schema":{"@context":"https:\/\/schema.org","@graph":[{"@type":"Article","@id":"https:\/\/www.meydan.tv\/az\/article\/ilham-eliyev-b%c9%99zi-q%c9%99rb-liderl%c9%99ri-prezident-trampa-qarsi-cox-%c9%99dal%c9%99tsiz-idil%c9%99r\/#article","isPartOf":{"@id":"https:\/\/www.meydan.tv\/az\/article\/ilham-eliyev-b%c9%99zi-q%c9%99rb-liderl%c9%99ri-prezident-trampa-qarsi-cox-%c9%99dal%c9%99tsiz-idil%c9%99r\/"},"author":{"name":"sevda","@id":"https:\/\/www.meydan.tv\/az\/#\/schema\/person\/49b5f2bad5b126bb8ea9320eeb3e4dc9"},"headline":"\u0130lham \u018fliyev: &#8220;B\u0259zi Q\u0259rb liderl\u0259ri Prezident Trampa qar\u015f\u0131 \u00e7ox \u0259dal\u0259tsiz idil\u0259r&#8221;","datePublished":"2025-02-12T12:27:19+00:00","dateModified":"2025-02-12T12:27:22+00:00","mainEntityOfPage":{"@id":"https:\/\/www.meydan.tv\/az\/article\/ilham-eliyev-b%c9%99zi-q%c9%99rb-liderl%c9%99ri-prezident-trampa-qarsi-cox-%c9%99dal%c9%99tsiz-idil%c9%99r\/"},"wordCount":426,"publisher":{"@id":"https:\/\/www.meydan.tv\/az\/#organization"},"image":{"@id":"https:\/\/www.meydan.tv\/az\/article\/ilham-eliyev-b%c9%99zi-q%c9%99rb-liderl%c9%99ri-prezident-trampa-qarsi-cox-%c9%99dal%c9%99tsiz-idil%c9%99r\/#primaryimage"},"thumbnailUrl":"https:\/\/www.meydan.tv\/wp-content\/uploads\/17393401181460537199_1200x630.jpg","articleSection":["Siyas\u0259t","T\u00f6vsiy\u0259","X\u0259b\u0259rl\u0259r"],"inLanguage":"az"},{"@type":"WebPage","@id":"https:\/\/www.meydan.tv\/az\/article\/ilham-eliyev-b%c9%99zi-q%c9%99rb-liderl%c9%99ri-prezident-trampa-qarsi-cox-%c9%99dal%c9%99tsiz-idil%c9%99r\/","url":"https:\/\/www.meydan.tv\/az\/article\/ilham-eliyev-b%c9%99zi-q%c9%99rb-liderl%c9%99ri-prezident-trampa-qarsi-cox-%c9%99dal%c9%99tsiz-idil%c9%99r\/","name":"\u0130lham \u018fliyev: \"B\u0259zi Q\u0259rb liderl\u0259ri Prezident Trampa qar\u015f\u0131 \u00e7ox \u0259dal\u0259tsiz idil\u0259r\" - MEYDAN.TV","isPartOf":{"@id":"https:\/\/www.meydan.tv\/az\/#website"},"primaryImageOfPage":{"@id":"https:\/\/www.meydan.tv\/az\/article\/ilham-eliyev-b%c9%99zi-q%c9%99rb-liderl%c9%99ri-prezident-trampa-qarsi-cox-%c9%99dal%c9%99tsiz-idil%c9%99r\/#primaryimage"},"image":{"@id":"https:\/\/www.meydan.tv\/az\/article\/ilham-eliyev-b%c9%99zi-q%c9%99rb-liderl%c9%99ri-prezident-trampa-qarsi-cox-%c9%99dal%c9%99tsiz-idil%c9%99r\/#primaryimage"},"thumbnailUrl":"https:\/\/www.meydan.tv\/wp-content\/uploads\/17393401181460537199_1200x630.jpg","datePublished":"2025-02-12T12:27:19+00:00","dateModified":"2025-02-12T12:27:22+00:00","breadcrumb":{"@id":"https:\/\/www.meydan.tv\/az\/article\/ilham-eliyev-b%c9%99zi-q%c9%99rb-liderl%c9%99ri-prezident-trampa-qarsi-cox-%c9%99dal%c9%99tsiz-idil%c9%99r\/#breadcrumb"},"inLanguage":"az","potentialAction":[{"@type":"ReadAction","target":["https:\/\/www.meydan.tv\/az\/article\/ilham-eliyev-b%c9%99zi-q%c9%99rb-liderl%c9%99ri-prezident-trampa-qarsi-cox-%c9%99dal%c9%99tsiz-idil%c9%99r\/"]}]},{"@type":"ImageObject","inLanguage":"az","@id":"https:\/\/www.meydan.tv\/az\/article\/ilham-eliyev-b%c9%99zi-q%c9%99rb-liderl%c9%99ri-prezident-trampa-qarsi-cox-%c9%99dal%c9%99tsiz-idil%c9%99r\/#primaryimage","url":"https:\/\/www.meydan.tv\/wp-content\/uploads\/17393401181460537199_1200x630.jpg","contentUrl":"https:\/\/www.meydan.tv\/wp-content\/uploads\/17393401181460537199_1200x630.jpg","width":923,"height":630,"caption":"Foto: Az\u0259rtac"},{"@type":"BreadcrumbList","@id":"https:\/\/www.meydan.tv\/az\/article\/ilham-eliyev-b%c9%99zi-q%c9%99rb-liderl%c9%99ri-prezident-trampa-qarsi-cox-%c9%99dal%c9%99tsiz-idil%c9%99r\/#breadcrumb","itemListElement":[{"@type":"ListItem","position":1,"name":"Ana s\u0259hif\u0259","item":"https:\/\/www.meydan.tv\/az\/"},{"@type":"ListItem","position":2,"name":"X\u0259b\u0259rl\u0259r","item":"https:\/\/www.meydan.tv\/az\/section\/xeberler\/"},{"@type":"ListItem","position":3,"name":"\u0130lham \u018fliyev: &#8220;B\u0259zi Q\u0259rb liderl\u0259ri Prezident Trampa qar\u015f\u0131 \u00e7ox \u0259dal\u0259tsiz idil\u0259r&#8221;"}]},{"@type":"WebSite","@id":"https:\/\/www.meydan.tv\/az\/#website","url":"https:\/\/www.meydan.tv\/az\/","name":"MEYDAN.TV","description":"Meydan TV Az\u0259rbaycan\u0131n media m\u0259kan\u0131ndak\u0131 alternativ s\u0259sidir","publisher":{"@id":"https:\/\/www.meydan.tv\/az\/#organization"},"potentialAction":[{"@type":"SearchAction","target":{"@type":"EntryPoint","urlTemplate":"https:\/\/www.meydan.tv\/az\/?s={search_term_string}"},"query-input":{"@type":"PropertyValueSpecification","valueRequired":true,"valueName":"search_term_string"}}],"inLanguage":"az"},{"@type":"Organization","@id":"https:\/\/www.meydan.tv\/az\/#organization","name":"Meydan TV","url":"https:\/\/www.meydan.tv\/az\/","logo":{"@type":"ImageObject","inLanguage":"az","@id":"https:\/\/www.meydan.tv\/az\/#\/schema\/logo\/image\/","url":"https:\/\/www.meydan.tv\/wp-content\/uploads\/2021\/07\/meydan-logo.svg","contentUrl":"https:\/\/www.meydan.tv\/wp-content\/uploads\/2021\/07\/meydan-logo.svg","width":195,"height":46,"caption":"Meydan TV"},"image":{"@id":"https:\/\/www.meydan.tv\/az\/#\/schema\/logo\/image\/"}},{"@type":"Person","@id":"https:\/\/www.meydan.tv\/az\/#\/schema\/person\/49b5f2bad5b126bb8ea9320eeb3e4dc9","name":"sevda"}]}},"_links":{"self":[{"href":"https:\/\/www.meydan.tv\/az\/wp-json\/wp\/v2\/posts\/326277","targetHints":{"allow":["GET"]}}],"collection":[{"href":"https:\/\/www.meydan.tv\/az\/wp-json\/wp\/v2\/posts"}],"about":[{"href":"https:\/\/www.meydan.tv\/az\/wp-json\/wp\/v2\/types\/post"}],"author":[{"embeddable":true,"href":"https:\/\/www.meydan.tv\/az\/wp-json\/wp\/v2\/users\/16"}],"replies":[{"embeddable":true,"href":"https:\/\/www.meydan.tv\/az\/wp-json\/wp\/v2\/comments?post=326277"}],"version-history":[{"count":1,"href":"https:\/\/www.meydan.tv\/az\/wp-json\/wp\/v2\/posts\/326277\/revisions"}],"predecessor-version":[{"id":326282,"href":"https:\/\/www.meydan.tv\/az\/wp-json\/wp\/v2\/posts\/326277\/revisions\/326282"}],"wp:featuredmedia":[{"embeddable":true,"href":"https:\/\/www.meydan.tv\/az\/wp-json\/wp\/v2\/media\/326283"}],"wp:attachment":[{"href":"https:\/\/www.meydan.tv\/az\/wp-json\/wp\/v2\/media?parent=326277"}],"wp:term":[{"taxonomy":"category","embeddable":true,"href":"https:\/\/www.meydan.tv\/az\/wp-json\/wp\/v2\/categories?post=326277"},{"taxonomy":"post_tag","embeddable":true,"href":"https:\/\/www.meydan.tv\/az\/wp-json\/wp\/v2\/tags?post=326277"}],"curies":[{"name":"wp","href":"https:\/\/api.w.org\/{rel}","templated":true}]}}