{"id":326213,"date":"2025-02-11T21:03:30","date_gmt":"2025-02-11T17:03:30","guid":{"rendered":"https:\/\/www.meydan.tv\/?p=326213"},"modified":"2025-02-11T21:03:33","modified_gmt":"2025-02-11T17:03:33","slug":"abzas-medianin-h%c9%99bsd%c9%99-olan-%c9%99m%c9%99kdaslari-m%c9%99hk%c9%99m%c9%99y%c9%99-g%c9%99lm%c9%99kd%c9%99n-imtina-edibl%c9%99r","status":"publish","type":"post","link":"https:\/\/www.meydan.tv\/az\/article\/abzas-medianin-h%c9%99bsd%c9%99-olan-%c9%99m%c9%99kdaslari-m%c9%99hk%c9%99m%c9%99y%c9%99-g%c9%99lm%c9%99kd%c9%99n-imtina-edibl%c9%99r\/","title":{"rendered":"&#8220;Abzas Media&#8221;n\u0131n h\u0259bsd\u0259 olan \u0259m\u0259kda\u015flar\u0131 m\u0259hk\u0259m\u0259y\u0259 g\u0259lm\u0259kd\u0259n imtina edibl\u0259r"},"content":{"rendered":"\n<p><strong><em>Jurnalistl\u0259r onlara qar\u015f\u0131 zorak\u0131l\u0131q v\u0259 ayr\u0131-se\u00e7kiliy\u0259 etiraz etdikl\u0259rini bildirirl\u0259r<\/em><\/strong><\/p>\n\n\n\n<p>Fevral\u0131n 11-d\u0259 Bak\u0131 A\u011f\u0131r Cinay\u0259tl\u0259r M\u0259hk\u0259m\u0259sind\u0259 \u201cAbzas Media\u201d n\u0259\u015fri il\u0259 ba\u011fl\u0131 cinay\u0259t i\u015fi \u00fczr\u0259 h\u0259bsd\u0259 olan 7 jurnalistin m\u0259hk\u0259m\u0259si davam etdirilm\u0259li idi. Lakin jurnalistl\u0259rin \u0259ks\u0259riyy\u0259ti onlara qar\u015f\u0131 zorak\u0131l\u0131q v\u0259 v\u0259 ayr\u0131-se\u00e7kiliy\u0259 etiraz olaraq, m\u0259hk\u0259m\u0259y\u0259 g\u0259lm\u0259kd\u0259n imtina edibl\u0259r.<br><br>Hakim Rasim Sad\u0131xovun s\u0259drliyil\u0259 ke\u00e7iril\u0259n m\u0259hk\u0259m\u0259 iclas\u0131nda t\u0259qsirl\u0259ndiril\u0259n \u015f\u0259xsl\u0259rd\u0259n 3 n\u0259f\u0259r \u2013 \u201cTuran\u201d informasiya agentliyinin iqtisadiyyat \u015f\u00f6b\u0259sinin redaktoru Hafiz Babal\u0131, \u201cAzadl\u0131q\u201d radiosunun \u0259m\u0259kda\u015f\u0131 F\u0259rid Mehral\u0131zad\u0259 v\u0259 \u201cAbzas Media\u201dn\u0131n koordinatoru M\u0259h\u0259mm\u0259d Kekalov i\u015ftirak edib. <br><br>Daha d\u00f6rd n\u0259f\u0259r \u2013 \u201cAbzas Media\u201dn\u0131n t\u0259sis\u00e7isi v\u0259 ba\u015f direktoru \u00dclvi H\u0259s\u0259nli, ba\u015f redaktoru Sevinc Vaqifq\u0131z\u0131 (Abbasova), jurnalistl\u0259r Elnar\u0259 Qas\u0131mova v\u0259 N\u0259rgiz Absalamova m\u0259hk\u0259m\u0259y\u0259 g\u0259lm\u0259kd\u0259n imtina edib.<br><br>F\u0259rid Mehral\u0131zad\u0259 d\u0259 bildirib ki, onu zorla m\u0259hk\u0259m\u0259y\u0259 g\u0259tiribl\u0259r. Onun s\u00f6zl\u0259rin\u0259 g\u00f6r\u0259, t\u0259cridxana \u0259m\u0259kda\u015flar\u0131 kamerada m\u0259cburi \u015f\u0259kild\u0259 qollar\u0131n\u0131 qandallay\u0131b g\u0259tiribl\u0259r.<br><br>F\u0259rid Mehral\u0131zad\u0259 bildirib ki, m\u0259hk\u0259m\u0259y\u0259 \u00e7\u0131xmamaqla onlara qar\u015f\u0131 ayr\u0131-se\u00e7kiliy\u0259 son qoyulmas\u0131n\u0131 t\u0259l\u0259b edirl\u0259r. Jurnalistin s\u00f6zl\u0259rin\u0259 g\u00f6r\u0259, \u201cAbzas Media\u201d i\u015fi \u00fczr\u0259 t\u0259qsirl\u0259ndiril\u0259n \u015f\u0259xsl\u0259ri n\u0259inki bir-birind\u0259n, h\u0259tta h\u0259bsd\u0259 olan dig\u0259r jurnalistl\u0259rd\u0259n \u2013 \u201cMeydan TV\u201d v\u0259 \u201cToplum TV\u201d \u0259m\u0259kda\u015flar\u0131ndan da gizl\u0259dirl\u0259r. Penitensiar Xidm\u0259tin i\u015f\u00e7il\u0259ri \u00e7al\u0131\u015f\u0131r ki, onlar bir-biri il\u0259 qar\u015f\u0131la\u015fmas\u0131n.<br><\/p>\n\n\n\n<figure class=\"wp-block-image size-full\"><img decoding=\"async\" width=\"1200\" height=\"800\" data-src=\"https:\/\/www.meydan.tv\/wp-content\/uploads\/img_1270.jpg\" alt=\"\" class=\"wp-image-307258 lazyload\" src=\"data:image\/svg+xml;base64,PHN2ZyB3aWR0aD0iMSIgaGVpZ2h0PSIxIiB4bWxucz0iaHR0cDovL3d3dy53My5vcmcvMjAwMC9zdmciPjwvc3ZnPg==\" style=\"--smush-placeholder-width: 1200px; --smush-placeholder-aspect-ratio: 1200\/800;\" \/><figcaption class=\"wp-element-caption\">F\u0259rid Mehral\u0131zad\u0259. Foto: Meydan TV<\/figcaption><\/figure>\n\n\n\n<p>F\u0259rid Mehral\u0131zad\u0259 m\u0259hk\u0259m\u0259d\u0259 dan\u0131\u015f\u0131b ki, \u0259g\u0259r onu v\u0259kill\u0259 v\u0259 ya ail\u0259 \u00fczvl\u0259ril\u0259 g\u00f6r\u00fc\u015f\u0259 apar\u0131rlarsa, h\u0259min vaxt d\u0259hlizd\u0259 h\u0259bsd\u0259ki jurnalistl\u0259rd\u0259n kimis\u0259 g\u0259tirirl\u0259rs\u0259, m\u00fctl\u0259q onu gizl\u0259dirl\u0259r ki, qar\u015f\u0131la\u015fmas\u0131nlar. Bundan ba\u015fqa, istintaq ba\u015fa \u00e7atmas\u0131na baxmayaraq, Bak\u0131 A\u011f\u0131r Cinay\u0259tl\u0259r M\u0259hk\u0259m\u0259sin\u0259 g\u0259tiril\u0259nd\u0259 bel\u0259, onlar\u0131 bir-birind\u0259n ayr\u0131 g\u0259tirirl\u0259r. M\u0259hk\u0259m\u0259 binas\u0131nda da zirz\u0259mid\u0259 uzun m\u00fcdd\u0259t \u00e7ox pis \u015f\u0259raitd\u0259 saxlay\u0131rlar.<br><br>O, \u0259lav\u0259 edib ki, bel\u0259 ayr\u0131-se\u00e7kilik davam el\u0259c\u0259, n\u00f6vb\u0259ti m\u0259hk\u0259m\u0259 iclaslar\u0131nda da i\u015ftirakdan imtina ed\u0259c\u0259kl\u0259r.<br><br>Hakim bildirib ki, jurnalistl\u0259rin etiraz\u0131na s\u0259b\u0259b olan m\u0259s\u0259l\u0259 ara\u015fd\u0131r\u0131lacaq.<br><br>M\u0259hk\u0259m\u0259 prosesi fevral\u0131n 18-n\u0259 q\u0259d\u0259r t\u0259xir\u0259 sal\u0131n\u0131b.<br><br>\u201cAbzas Media\u201d i\u015fi \u00fczr\u0259 h\u0259bsl\u0259r 2023-c\u00fc il noyabr\u0131n 20-d\u0259n ba\u015flay\u0131b. \u018fvv\u0259l n\u0259\u015frin t\u0259sis\u00e7isi v\u0259 direktoru \u00dclvi H\u0259s\u0259nli v\u0259 koordinatoru M\u0259h\u0259mm\u0259d Kekalov, daha sonra ba\u015f redaktoru Sevinc Vaqifq\u0131z\u0131 h\u0259bs edilib.<br><br>Daha sonra h\u0259bsl\u0259r ara\u015fd\u0131rma\u00e7\u0131 jurnalist Hafiz Babal\u0131, N\u0259rgiz Absalamova, Elnar\u0259 Qas\u0131mova, F\u0259rid Mehral\u0131zad\u0259 il\u0259 davam edib. Onlara qar\u015f\u0131 Cinay\u0259t M\u0259c\u0259ll\u0259sinin 206.3.2-ci (bir qrup \u015f\u0259xs t\u0259r\u0259find\u0259n qa\u00e7aqmal\u00e7\u0131l\u0131q) madd\u0259sil\u0259 ittiham ir\u0259li s\u00fcr\u00fcl\u00fcb. \u0130stintaq\u0131n sonunda ittiham a\u011f\u0131rla\u015fd\u0131r\u0131l\u0131b. Jurnalistl\u0259r\u0259 qanunsuz sahibkarl\u0131q, cinay\u0259t yolu il\u0259 \u0259ld\u0259 olunan v\u0259saitl\u0259rin leqalla\u015fd\u0131r\u0131lmas\u0131, vergid\u0259n yay\u0131nma v\u0259 s. il\u0259 ba\u011fl\u0131 \u0259lav\u0259 ittihamlar verilib. Jurnalistl\u0259r\u0259 ittiham veril\u0259n madd\u0259l\u0259rin sanksiyas\u0131nda 12 il\u0259 q\u0259d\u0259r azadl\u0131qdan m\u0259hrumetm\u0259 c\u0259zas\u0131 n\u0259z\u0259rd\u0259 tutulur.<br><br>\u00dclvi H\u0259s\u0259nli m\u0259hk\u0259m\u0259d\u0259 ifad\u0259sind\u0259 bildirib ki, F\u0259rid Mehral\u0131zad\u0259nin \u00fcmumiyy\u0259tl\u0259, \u201cAbzas Media\u201dya aidiyy\u0259ti olmay\u0131b. Onunla sad\u0259c\u0259, dost olublar.<br><br>2023-c\u00fc il noyabr\u0131n 20-d\u0259 \u00dclvi H\u0259s\u0259nli saxland\u0131qdan sonra \u201cAbzas Media\u201dn\u0131n ofisind\u0259 axtar\u0131\u015f apar\u0131l\u0131b. Sayt\u0131n ofisind\u0259n 40 min avro pul tap\u0131ld\u0131\u011f\u0131 iddia olunub.<br><br>\u00dclvi H\u0259s\u0259nli is\u0259 orada pul olmad\u0131\u011f\u0131n\u0131, 40 min avronun ofis\u0259 onu tapd\u0131\u011f\u0131n\u0131 iddia ed\u0259nl\u0259rin \u00f6zl\u0259ri t\u0259r\u0259find\u0259n qoyuldu\u011funu bildirib.<br><br>Adlar\u0131 \u00e7\u0259kil\u0259n jurnalistl\u0259rin he\u00e7 biri \u00f6z\u00fcn\u00fc t\u0259qsirli bilmir, \u201cAbzas Media\u201dda prezidentin ail\u0259 \u00fczvl\u0259ri d\u0259 daxil olmaqla, bir s\u0131ra v\u0259zif\u0259li \u015f\u0259xsl\u0259rin biznesi, korrupsiya il\u0259 ba\u011fl\u0131 ara\u015fd\u0131rmalara g\u00f6r\u0259 c\u0259zaland\u0131r\u0131ld\u0131qlar\u0131n\u0131 bildiribl\u0259r.<br><br>H\u00f6kum\u0259t t\u0259msil\u00e7il\u0259ri is\u0259 h\u0259bs olunanlar\u0131n konkret faktlar \u0259saslanda c\u0259zaland\u0131r\u0131ld\u0131qlar\u0131n\u0131 bildirirl\u0259r.<\/p>\n","protected":false},"excerpt":{"rendered":"<p>Jurnalistl\u0259r onlara qar\u015f\u0131 zorak\u0131l\u0131q v\u0259 ayr\u0131-se\u00e7kiliy\u0259 etiraz etdikl\u0259rini bildirirl\u0259r Fevral\u0131n &#8230; <\/p>\n<p class=\"read-more-container\"><a title=\"&#8220;Abzas Media&#8221;n\u0131n h\u0259bsd\u0259 olan \u0259m\u0259kda\u015flar\u0131 m\u0259hk\u0259m\u0259y\u0259 g\u0259lm\u0259kd\u0259n imtina edibl\u0259r\" class=\"read-more button\" href=\"https:\/\/www.meydan.tv\/az\/article\/abzas-medianin-h%c9%99bsd%c9%99-olan-%c9%99m%c9%99kdaslari-m%c9%99hk%c9%99m%c9%99y%c9%99-g%c9%99lm%c9%99kd%c9%99n-imtina-edibl%c9%99r\/#more-326213\" aria-label=\"Read more about &#8220;Abzas Media&#8221;n\u0131n h\u0259bsd\u0259 olan \u0259m\u0259kda\u015flar\u0131 m\u0259hk\u0259m\u0259y\u0259 g\u0259lm\u0259kd\u0259n imtina edibl\u0259r\">Davam\u0131<\/a><\/p>\n","protected":false},"author":16,"featured_media":313611,"comment_status":"closed","ping_status":"closed","sticky":false,"template":"","format":"standard","meta":{"_acf_changed":false,"_sitemap_exclude":false,"_sitemap_priority":"","_sitemap_frequency":"","footnotes":""},"categories":[79,56],"tags":[],"class_list":["post-326213","post","type-post","status-publish","format-standard","has-post-thumbnail","hentry","category-featured","category-xeberler","infinite-scroll-item","generate-columns","tablet-grid-50","mobile-grid-100","grid-parent","grid-33","no-featured-image-padding"],"acf":[],"yoast_head":"<!-- This site is optimized with the Yoast SEO plugin v27.5 - https:\/\/yoast.com\/product\/yoast-seo-wordpress\/ -->\n<title>&quot;Abzas Media&quot;n\u0131n h\u0259bsd\u0259 olan \u0259m\u0259kda\u015flar\u0131 m\u0259hk\u0259m\u0259y\u0259 g\u0259lm\u0259kd\u0259n imtina edibl\u0259r - MEYDAN.TV<\/title>\n<meta name=\"robots\" content=\"index, follow, max-snippet:-1, max-image-preview:large, max-video-preview:-1\" \/>\n<link rel=\"canonical\" href=\"https:\/\/www.meydan.tv\/az\/article\/abzas-medianin-h%c9%99bsd%c9%99-olan-%c9%99m%c9%99kdaslari-m%c9%99hk%c9%99m%c9%99y%c9%99-g%c9%99lm%c9%99kd%c9%99n-imtina-edibl%c9%99r\/\" \/>\n<meta property=\"og:locale\" content=\"az_AZ\" \/>\n<meta property=\"og:type\" content=\"article\" \/>\n<meta property=\"og:title\" content=\"&quot;Abzas Media&quot;n\u0131n h\u0259bsd\u0259 olan \u0259m\u0259kda\u015flar\u0131 m\u0259hk\u0259m\u0259y\u0259 g\u0259lm\u0259kd\u0259n imtina edibl\u0259r - MEYDAN.TV\" \/>\n<meta property=\"og:description\" content=\"Jurnalistl\u0259r onlara qar\u015f\u0131 zorak\u0131l\u0131q v\u0259 ayr\u0131-se\u00e7kiliy\u0259 etiraz etdikl\u0259rini bildirirl\u0259r Fevral\u0131n ... Davam\u0131\" \/>\n<meta property=\"og:url\" content=\"https:\/\/www.meydan.tv\/az\/article\/abzas-medianin-h%c9%99bsd%c9%99-olan-%c9%99m%c9%99kdaslari-m%c9%99hk%c9%99m%c9%99y%c9%99-g%c9%99lm%c9%99kd%c9%99n-imtina-edibl%c9%99r\/\" \/>\n<meta property=\"og:site_name\" content=\"MEYDAN.TV\" \/>\n<meta property=\"article:published_time\" content=\"2025-02-11T17:03:30+00:00\" \/>\n<meta property=\"article:modified_time\" content=\"2025-02-11T17:03:33+00:00\" \/>\n<meta property=\"og:image\" content=\"https:\/\/www.meydan.tv\/wp-content\/uploads\/img_2391-e1724410398244.png\" \/>\n\t<meta property=\"og:image:width\" content=\"1200\" \/>\n\t<meta property=\"og:image:height\" content=\"484\" \/>\n\t<meta property=\"og:image:type\" content=\"image\/png\" \/>\n<meta name=\"author\" content=\"sevda\" \/>\n<meta name=\"twitter:card\" content=\"summary_large_image\" \/>\n<script type=\"application\/ld+json\" class=\"yoast-schema-graph\">{\"@context\":\"https:\\\/\\\/schema.org\",\"@graph\":[{\"@type\":\"Article\",\"@id\":\"https:\\\/\\\/www.meydan.tv\\\/az\\\/article\\\/abzas-medianin-h%c9%99bsd%c9%99-olan-%c9%99m%c9%99kdaslari-m%c9%99hk%c9%99m%c9%99y%c9%99-g%c9%99lm%c9%99kd%c9%99n-imtina-edibl%c9%99r\\\/#article\",\"isPartOf\":{\"@id\":\"https:\\\/\\\/www.meydan.tv\\\/az\\\/article\\\/abzas-medianin-h%c9%99bsd%c9%99-olan-%c9%99m%c9%99kdaslari-m%c9%99hk%c9%99m%c9%99y%c9%99-g%c9%99lm%c9%99kd%c9%99n-imtina-edibl%c9%99r\\\/\"},\"author\":{\"name\":\"sevda\",\"@id\":\"https:\\\/\\\/www.meydan.tv\\\/az\\\/#\\\/schema\\\/person\\\/49b5f2bad5b126bb8ea9320eeb3e4dc9\"},\"headline\":\"&#8220;Abzas Media&#8221;n\u0131n h\u0259bsd\u0259 olan \u0259m\u0259kda\u015flar\u0131 m\u0259hk\u0259m\u0259y\u0259 g\u0259lm\u0259kd\u0259n imtina edibl\u0259r\",\"datePublished\":\"2025-02-11T17:03:30+00:00\",\"dateModified\":\"2025-02-11T17:03:33+00:00\",\"mainEntityOfPage\":{\"@id\":\"https:\\\/\\\/www.meydan.tv\\\/az\\\/article\\\/abzas-medianin-h%c9%99bsd%c9%99-olan-%c9%99m%c9%99kdaslari-m%c9%99hk%c9%99m%c9%99y%c9%99-g%c9%99lm%c9%99kd%c9%99n-imtina-edibl%c9%99r\\\/\"},\"wordCount\":818,\"publisher\":{\"@id\":\"https:\\\/\\\/www.meydan.tv\\\/az\\\/#organization\"},\"image\":{\"@id\":\"https:\\\/\\\/www.meydan.tv\\\/az\\\/article\\\/abzas-medianin-h%c9%99bsd%c9%99-olan-%c9%99m%c9%99kdaslari-m%c9%99hk%c9%99m%c9%99y%c9%99-g%c9%99lm%c9%99kd%c9%99n-imtina-edibl%c9%99r\\\/#primaryimage\"},\"thumbnailUrl\":\"https:\\\/\\\/www.meydan.tv\\\/wp-content\\\/uploads\\\/img_2391-e1724410398244.png\",\"articleSection\":[\"T\u00f6vsiy\u0259\",\"X\u0259b\u0259rl\u0259r\"],\"inLanguage\":\"az\"},{\"@type\":\"WebPage\",\"@id\":\"https:\\\/\\\/www.meydan.tv\\\/az\\\/article\\\/abzas-medianin-h%c9%99bsd%c9%99-olan-%c9%99m%c9%99kdaslari-m%c9%99hk%c9%99m%c9%99y%c9%99-g%c9%99lm%c9%99kd%c9%99n-imtina-edibl%c9%99r\\\/\",\"url\":\"https:\\\/\\\/www.meydan.tv\\\/az\\\/article\\\/abzas-medianin-h%c9%99bsd%c9%99-olan-%c9%99m%c9%99kdaslari-m%c9%99hk%c9%99m%c9%99y%c9%99-g%c9%99lm%c9%99kd%c9%99n-imtina-edibl%c9%99r\\\/\",\"name\":\"\\\"Abzas Media\\\"n\u0131n h\u0259bsd\u0259 olan \u0259m\u0259kda\u015flar\u0131 m\u0259hk\u0259m\u0259y\u0259 g\u0259lm\u0259kd\u0259n imtina edibl\u0259r - MEYDAN.TV\",\"isPartOf\":{\"@id\":\"https:\\\/\\\/www.meydan.tv\\\/az\\\/#website\"},\"primaryImageOfPage\":{\"@id\":\"https:\\\/\\\/www.meydan.tv\\\/az\\\/article\\\/abzas-medianin-h%c9%99bsd%c9%99-olan-%c9%99m%c9%99kdaslari-m%c9%99hk%c9%99m%c9%99y%c9%99-g%c9%99lm%c9%99kd%c9%99n-imtina-edibl%c9%99r\\\/#primaryimage\"},\"image\":{\"@id\":\"https:\\\/\\\/www.meydan.tv\\\/az\\\/article\\\/abzas-medianin-h%c9%99bsd%c9%99-olan-%c9%99m%c9%99kdaslari-m%c9%99hk%c9%99m%c9%99y%c9%99-g%c9%99lm%c9%99kd%c9%99n-imtina-edibl%c9%99r\\\/#primaryimage\"},\"thumbnailUrl\":\"https:\\\/\\\/www.meydan.tv\\\/wp-content\\\/uploads\\\/img_2391-e1724410398244.png\",\"datePublished\":\"2025-02-11T17:03:30+00:00\",\"dateModified\":\"2025-02-11T17:03:33+00:00\",\"breadcrumb\":{\"@id\":\"https:\\\/\\\/www.meydan.tv\\\/az\\\/article\\\/abzas-medianin-h%c9%99bsd%c9%99-olan-%c9%99m%c9%99kdaslari-m%c9%99hk%c9%99m%c9%99y%c9%99-g%c9%99lm%c9%99kd%c9%99n-imtina-edibl%c9%99r\\\/#breadcrumb\"},\"inLanguage\":\"az\",\"potentialAction\":[{\"@type\":\"ReadAction\",\"target\":[\"https:\\\/\\\/www.meydan.tv\\\/az\\\/article\\\/abzas-medianin-h%c9%99bsd%c9%99-olan-%c9%99m%c9%99kdaslari-m%c9%99hk%c9%99m%c9%99y%c9%99-g%c9%99lm%c9%99kd%c9%99n-imtina-edibl%c9%99r\\\/\"]}]},{\"@type\":\"ImageObject\",\"inLanguage\":\"az\",\"@id\":\"https:\\\/\\\/www.meydan.tv\\\/az\\\/article\\\/abzas-medianin-h%c9%99bsd%c9%99-olan-%c9%99m%c9%99kdaslari-m%c9%99hk%c9%99m%c9%99y%c9%99-g%c9%99lm%c9%99kd%c9%99n-imtina-edibl%c9%99r\\\/#primaryimage\",\"url\":\"https:\\\/\\\/www.meydan.tv\\\/wp-content\\\/uploads\\\/img_2391-e1724410398244.png\",\"contentUrl\":\"https:\\\/\\\/www.meydan.tv\\\/wp-content\\\/uploads\\\/img_2391-e1724410398244.png\",\"width\":1200,\"height\":484,\"caption\":\"\\\"AbzasMedia\\\". Foto-kollaj: Meydan TV\"},{\"@type\":\"BreadcrumbList\",\"@id\":\"https:\\\/\\\/www.meydan.tv\\\/az\\\/article\\\/abzas-medianin-h%c9%99bsd%c9%99-olan-%c9%99m%c9%99kdaslari-m%c9%99hk%c9%99m%c9%99y%c9%99-g%c9%99lm%c9%99kd%c9%99n-imtina-edibl%c9%99r\\\/#breadcrumb\",\"itemListElement\":[{\"@type\":\"ListItem\",\"position\":1,\"name\":\"Ana s\u0259hif\u0259\",\"item\":\"https:\\\/\\\/www.meydan.tv\\\/az\\\/\"},{\"@type\":\"ListItem\",\"position\":2,\"name\":\"X\u0259b\u0259rl\u0259r\",\"item\":\"https:\\\/\\\/www.meydan.tv\\\/az\\\/section\\\/xeberler\\\/\"},{\"@type\":\"ListItem\",\"position\":3,\"name\":\"&#8220;Abzas Media&#8221;n\u0131n h\u0259bsd\u0259 olan \u0259m\u0259kda\u015flar\u0131 m\u0259hk\u0259m\u0259y\u0259 g\u0259lm\u0259kd\u0259n imtina edibl\u0259r\"}]},{\"@type\":\"WebSite\",\"@id\":\"https:\\\/\\\/www.meydan.tv\\\/az\\\/#website\",\"url\":\"https:\\\/\\\/www.meydan.tv\\\/az\\\/\",\"name\":\"MEYDAN.TV\",\"description\":\"Meydan TV Az\u0259rbaycan\u0131n media m\u0259kan\u0131ndak\u0131 alternativ s\u0259sidir\",\"publisher\":{\"@id\":\"https:\\\/\\\/www.meydan.tv\\\/az\\\/#organization\"},\"potentialAction\":[{\"@type\":\"SearchAction\",\"target\":{\"@type\":\"EntryPoint\",\"urlTemplate\":\"https:\\\/\\\/www.meydan.tv\\\/az\\\/?s={search_term_string}\"},\"query-input\":{\"@type\":\"PropertyValueSpecification\",\"valueRequired\":true,\"valueName\":\"search_term_string\"}}],\"inLanguage\":\"az\"},{\"@type\":\"Organization\",\"@id\":\"https:\\\/\\\/www.meydan.tv\\\/az\\\/#organization\",\"name\":\"Meydan TV\",\"url\":\"https:\\\/\\\/www.meydan.tv\\\/az\\\/\",\"logo\":{\"@type\":\"ImageObject\",\"inLanguage\":\"az\",\"@id\":\"https:\\\/\\\/www.meydan.tv\\\/az\\\/#\\\/schema\\\/logo\\\/image\\\/\",\"url\":\"https:\\\/\\\/www.meydan.tv\\\/wp-content\\\/uploads\\\/2021\\\/07\\\/meydan-logo.svg\",\"contentUrl\":\"https:\\\/\\\/www.meydan.tv\\\/wp-content\\\/uploads\\\/2021\\\/07\\\/meydan-logo.svg\",\"width\":195,\"height\":46,\"caption\":\"Meydan TV\"},\"image\":{\"@id\":\"https:\\\/\\\/www.meydan.tv\\\/az\\\/#\\\/schema\\\/logo\\\/image\\\/\"}},{\"@type\":\"Person\",\"@id\":\"https:\\\/\\\/www.meydan.tv\\\/az\\\/#\\\/schema\\\/person\\\/49b5f2bad5b126bb8ea9320eeb3e4dc9\",\"name\":\"sevda\"}]}<\/script>\n<!-- \/ Yoast SEO plugin. -->","yoast_head_json":{"title":"\"Abzas Media\"n\u0131n h\u0259bsd\u0259 olan \u0259m\u0259kda\u015flar\u0131 m\u0259hk\u0259m\u0259y\u0259 g\u0259lm\u0259kd\u0259n imtina edibl\u0259r - MEYDAN.TV","robots":{"index":"index","follow":"follow","max-snippet":"max-snippet:-1","max-image-preview":"max-image-preview:large","max-video-preview":"max-video-preview:-1"},"canonical":"https:\/\/www.meydan.tv\/az\/article\/abzas-medianin-h%c9%99bsd%c9%99-olan-%c9%99m%c9%99kdaslari-m%c9%99hk%c9%99m%c9%99y%c9%99-g%c9%99lm%c9%99kd%c9%99n-imtina-edibl%c9%99r\/","og_locale":"az_AZ","og_type":"article","og_title":"\"Abzas Media\"n\u0131n h\u0259bsd\u0259 olan \u0259m\u0259kda\u015flar\u0131 m\u0259hk\u0259m\u0259y\u0259 g\u0259lm\u0259kd\u0259n imtina edibl\u0259r - MEYDAN.TV","og_description":"Jurnalistl\u0259r onlara qar\u015f\u0131 zorak\u0131l\u0131q v\u0259 ayr\u0131-se\u00e7kiliy\u0259 etiraz etdikl\u0259rini bildirirl\u0259r Fevral\u0131n ... Davam\u0131","og_url":"https:\/\/www.meydan.tv\/az\/article\/abzas-medianin-h%c9%99bsd%c9%99-olan-%c9%99m%c9%99kdaslari-m%c9%99hk%c9%99m%c9%99y%c9%99-g%c9%99lm%c9%99kd%c9%99n-imtina-edibl%c9%99r\/","og_site_name":"MEYDAN.TV","article_published_time":"2025-02-11T17:03:30+00:00","article_modified_time":"2025-02-11T17:03:33+00:00","og_image":[{"width":1200,"height":484,"url":"https:\/\/www.meydan.tv\/wp-content\/uploads\/img_2391-e1724410398244.png","type":"image\/png"}],"author":"sevda","twitter_card":"summary_large_image","schema":{"@context":"https:\/\/schema.org","@graph":[{"@type":"Article","@id":"https:\/\/www.meydan.tv\/az\/article\/abzas-medianin-h%c9%99bsd%c9%99-olan-%c9%99m%c9%99kdaslari-m%c9%99hk%c9%99m%c9%99y%c9%99-g%c9%99lm%c9%99kd%c9%99n-imtina-edibl%c9%99r\/#article","isPartOf":{"@id":"https:\/\/www.meydan.tv\/az\/article\/abzas-medianin-h%c9%99bsd%c9%99-olan-%c9%99m%c9%99kdaslari-m%c9%99hk%c9%99m%c9%99y%c9%99-g%c9%99lm%c9%99kd%c9%99n-imtina-edibl%c9%99r\/"},"author":{"name":"sevda","@id":"https:\/\/www.meydan.tv\/az\/#\/schema\/person\/49b5f2bad5b126bb8ea9320eeb3e4dc9"},"headline":"&#8220;Abzas Media&#8221;n\u0131n h\u0259bsd\u0259 olan \u0259m\u0259kda\u015flar\u0131 m\u0259hk\u0259m\u0259y\u0259 g\u0259lm\u0259kd\u0259n imtina edibl\u0259r","datePublished":"2025-02-11T17:03:30+00:00","dateModified":"2025-02-11T17:03:33+00:00","mainEntityOfPage":{"@id":"https:\/\/www.meydan.tv\/az\/article\/abzas-medianin-h%c9%99bsd%c9%99-olan-%c9%99m%c9%99kdaslari-m%c9%99hk%c9%99m%c9%99y%c9%99-g%c9%99lm%c9%99kd%c9%99n-imtina-edibl%c9%99r\/"},"wordCount":818,"publisher":{"@id":"https:\/\/www.meydan.tv\/az\/#organization"},"image":{"@id":"https:\/\/www.meydan.tv\/az\/article\/abzas-medianin-h%c9%99bsd%c9%99-olan-%c9%99m%c9%99kdaslari-m%c9%99hk%c9%99m%c9%99y%c9%99-g%c9%99lm%c9%99kd%c9%99n-imtina-edibl%c9%99r\/#primaryimage"},"thumbnailUrl":"https:\/\/www.meydan.tv\/wp-content\/uploads\/img_2391-e1724410398244.png","articleSection":["T\u00f6vsiy\u0259","X\u0259b\u0259rl\u0259r"],"inLanguage":"az"},{"@type":"WebPage","@id":"https:\/\/www.meydan.tv\/az\/article\/abzas-medianin-h%c9%99bsd%c9%99-olan-%c9%99m%c9%99kdaslari-m%c9%99hk%c9%99m%c9%99y%c9%99-g%c9%99lm%c9%99kd%c9%99n-imtina-edibl%c9%99r\/","url":"https:\/\/www.meydan.tv\/az\/article\/abzas-medianin-h%c9%99bsd%c9%99-olan-%c9%99m%c9%99kdaslari-m%c9%99hk%c9%99m%c9%99y%c9%99-g%c9%99lm%c9%99kd%c9%99n-imtina-edibl%c9%99r\/","name":"\"Abzas Media\"n\u0131n h\u0259bsd\u0259 olan \u0259m\u0259kda\u015flar\u0131 m\u0259hk\u0259m\u0259y\u0259 g\u0259lm\u0259kd\u0259n imtina edibl\u0259r - MEYDAN.TV","isPartOf":{"@id":"https:\/\/www.meydan.tv\/az\/#website"},"primaryImageOfPage":{"@id":"https:\/\/www.meydan.tv\/az\/article\/abzas-medianin-h%c9%99bsd%c9%99-olan-%c9%99m%c9%99kdaslari-m%c9%99hk%c9%99m%c9%99y%c9%99-g%c9%99lm%c9%99kd%c9%99n-imtina-edibl%c9%99r\/#primaryimage"},"image":{"@id":"https:\/\/www.meydan.tv\/az\/article\/abzas-medianin-h%c9%99bsd%c9%99-olan-%c9%99m%c9%99kdaslari-m%c9%99hk%c9%99m%c9%99y%c9%99-g%c9%99lm%c9%99kd%c9%99n-imtina-edibl%c9%99r\/#primaryimage"},"thumbnailUrl":"https:\/\/www.meydan.tv\/wp-content\/uploads\/img_2391-e1724410398244.png","datePublished":"2025-02-11T17:03:30+00:00","dateModified":"2025-02-11T17:03:33+00:00","breadcrumb":{"@id":"https:\/\/www.meydan.tv\/az\/article\/abzas-medianin-h%c9%99bsd%c9%99-olan-%c9%99m%c9%99kdaslari-m%c9%99hk%c9%99m%c9%99y%c9%99-g%c9%99lm%c9%99kd%c9%99n-imtina-edibl%c9%99r\/#breadcrumb"},"inLanguage":"az","potentialAction":[{"@type":"ReadAction","target":["https:\/\/www.meydan.tv\/az\/article\/abzas-medianin-h%c9%99bsd%c9%99-olan-%c9%99m%c9%99kdaslari-m%c9%99hk%c9%99m%c9%99y%c9%99-g%c9%99lm%c9%99kd%c9%99n-imtina-edibl%c9%99r\/"]}]},{"@type":"ImageObject","inLanguage":"az","@id":"https:\/\/www.meydan.tv\/az\/article\/abzas-medianin-h%c9%99bsd%c9%99-olan-%c9%99m%c9%99kdaslari-m%c9%99hk%c9%99m%c9%99y%c9%99-g%c9%99lm%c9%99kd%c9%99n-imtina-edibl%c9%99r\/#primaryimage","url":"https:\/\/www.meydan.tv\/wp-content\/uploads\/img_2391-e1724410398244.png","contentUrl":"https:\/\/www.meydan.tv\/wp-content\/uploads\/img_2391-e1724410398244.png","width":1200,"height":484,"caption":"\"AbzasMedia\". Foto-kollaj: Meydan TV"},{"@type":"BreadcrumbList","@id":"https:\/\/www.meydan.tv\/az\/article\/abzas-medianin-h%c9%99bsd%c9%99-olan-%c9%99m%c9%99kdaslari-m%c9%99hk%c9%99m%c9%99y%c9%99-g%c9%99lm%c9%99kd%c9%99n-imtina-edibl%c9%99r\/#breadcrumb","itemListElement":[{"@type":"ListItem","position":1,"name":"Ana s\u0259hif\u0259","item":"https:\/\/www.meydan.tv\/az\/"},{"@type":"ListItem","position":2,"name":"X\u0259b\u0259rl\u0259r","item":"https:\/\/www.meydan.tv\/az\/section\/xeberler\/"},{"@type":"ListItem","position":3,"name":"&#8220;Abzas Media&#8221;n\u0131n h\u0259bsd\u0259 olan \u0259m\u0259kda\u015flar\u0131 m\u0259hk\u0259m\u0259y\u0259 g\u0259lm\u0259kd\u0259n imtina edibl\u0259r"}]},{"@type":"WebSite","@id":"https:\/\/www.meydan.tv\/az\/#website","url":"https:\/\/www.meydan.tv\/az\/","name":"MEYDAN.TV","description":"Meydan TV Az\u0259rbaycan\u0131n media m\u0259kan\u0131ndak\u0131 alternativ s\u0259sidir","publisher":{"@id":"https:\/\/www.meydan.tv\/az\/#organization"},"potentialAction":[{"@type":"SearchAction","target":{"@type":"EntryPoint","urlTemplate":"https:\/\/www.meydan.tv\/az\/?s={search_term_string}"},"query-input":{"@type":"PropertyValueSpecification","valueRequired":true,"valueName":"search_term_string"}}],"inLanguage":"az"},{"@type":"Organization","@id":"https:\/\/www.meydan.tv\/az\/#organization","name":"Meydan TV","url":"https:\/\/www.meydan.tv\/az\/","logo":{"@type":"ImageObject","inLanguage":"az","@id":"https:\/\/www.meydan.tv\/az\/#\/schema\/logo\/image\/","url":"https:\/\/www.meydan.tv\/wp-content\/uploads\/2021\/07\/meydan-logo.svg","contentUrl":"https:\/\/www.meydan.tv\/wp-content\/uploads\/2021\/07\/meydan-logo.svg","width":195,"height":46,"caption":"Meydan TV"},"image":{"@id":"https:\/\/www.meydan.tv\/az\/#\/schema\/logo\/image\/"}},{"@type":"Person","@id":"https:\/\/www.meydan.tv\/az\/#\/schema\/person\/49b5f2bad5b126bb8ea9320eeb3e4dc9","name":"sevda"}]}},"_links":{"self":[{"href":"https:\/\/www.meydan.tv\/az\/wp-json\/wp\/v2\/posts\/326213","targetHints":{"allow":["GET"]}}],"collection":[{"href":"https:\/\/www.meydan.tv\/az\/wp-json\/wp\/v2\/posts"}],"about":[{"href":"https:\/\/www.meydan.tv\/az\/wp-json\/wp\/v2\/types\/post"}],"author":[{"embeddable":true,"href":"https:\/\/www.meydan.tv\/az\/wp-json\/wp\/v2\/users\/16"}],"replies":[{"embeddable":true,"href":"https:\/\/www.meydan.tv\/az\/wp-json\/wp\/v2\/comments?post=326213"}],"version-history":[{"count":3,"href":"https:\/\/www.meydan.tv\/az\/wp-json\/wp\/v2\/posts\/326213\/revisions"}],"predecessor-version":[{"id":326220,"href":"https:\/\/www.meydan.tv\/az\/wp-json\/wp\/v2\/posts\/326213\/revisions\/326220"}],"wp:featuredmedia":[{"embeddable":true,"href":"https:\/\/www.meydan.tv\/az\/wp-json\/wp\/v2\/media\/313611"}],"wp:attachment":[{"href":"https:\/\/www.meydan.tv\/az\/wp-json\/wp\/v2\/media?parent=326213"}],"wp:term":[{"taxonomy":"category","embeddable":true,"href":"https:\/\/www.meydan.tv\/az\/wp-json\/wp\/v2\/categories?post=326213"},{"taxonomy":"post_tag","embeddable":true,"href":"https:\/\/www.meydan.tv\/az\/wp-json\/wp\/v2\/tags?post=326213"}],"curies":[{"name":"wp","href":"https:\/\/api.w.org\/{rel}","templated":true}]}}