{"id":326175,"date":"2025-02-11T15:41:43","date_gmt":"2025-02-11T11:41:43","guid":{"rendered":"https:\/\/www.meydan.tv\/?p=326175"},"modified":"2025-02-11T15:41:46","modified_gmt":"2025-02-11T11:41:46","slug":"jurnalist-ulviyy%c9%99-elinin-sikay%c9%99ti-icraata-goturulm%c9%99yib","status":"publish","type":"post","link":"https:\/\/www.meydan.tv\/az\/article\/jurnalist-ulviyy%c9%99-elinin-sikay%c9%99ti-icraata-goturulm%c9%99yib\/","title":{"rendered":"Jurnalist \u00dclviyy\u0259 \u018flinin \u015fikay\u0259ti icraata g\u00f6t\u00fcr\u00fclm\u0259yib"},"content":{"rendered":"\n<p><strong><em>Jurnalist vur\u011fulay\u0131b ki, q\u0259rarla raz\u0131la\u015fm\u0131r v\u0259 apellyasiya \u015fikay\u0259ti ver\u0259c\u0259k<\/em><\/strong><\/p>\n\n\n\n<p>\u201cMeydan TV i\u015fi\u201dn\u0259 g\u00f6r\u0259 \u00f6lk\u0259d\u0259n \u00e7\u0131x\u0131\u015f\u0131na qada\u011fa qoyulan \u201cAmerikan\u0131n S\u0259si\u201dnin jurnalisti \u00dclviyy\u0259 \u018flinin (Quliyeva) \u015fikay\u0259ti X\u0259tai Rayon M\u0259hk\u0259m\u0259si t\u0259r\u0259find\u0259n icraata g\u00f6t\u00fcr\u00fclm\u0259yib.<br>Bu bar\u0259d\u0259 jurnalist \u00f6z\u00fc <a href=\"https:\/\/www.facebook.com\/100005122350128\/posts\/2874273176086733\/?mibextid=wwXIfr&amp;rdid=lUt6bQLyrRYTlzU7#\" target=\"_blank\" rel=\"noreferrer noopener\">m\u0259lumat verib<\/a>.<br><br>\u201cM\u0259hk\u0259m\u0259 i\u015f\u0259 mahiyy\u0259ti \u00fczr\u0259 baxmaqdan imtina etdi. Bu da o dem\u0259kdir ki, s\u0259rb\u0259st h\u0259r\u0259k\u0259t h\u00fcququmdan \u0259lav\u0259, m\u0259nim m\u0259hk\u0259m\u0259y\u0259 \u00e7at\u0131ml\u0131l\u0131q h\u00fcququm da pozulur. \u201d, &#8211; \u00dclviyy\u0259 \u018fli bildirib.<br><br>Jurnalist vur\u011fulay\u0131b ki, q\u0259rarla raz\u0131la\u015fm\u0131r v\u0259 apellyasiya \u015fikay\u0259ti ver\u0259c\u0259k.<\/p>\n\n\n\n<p><em>\u201c\u018fslind\u0259, m\u0259hk\u0259m\u0259 i\u015fi icraata g\u00f6t\u00fcr\u00fcb \u015fikay\u0259tim\u0259 mahiyy\u0259ti \u00fczr\u0259 baxmal\u0131d\u0131r v\u0259 q\u0259rar q\u0259bul etm\u0259lidir ki, m\u0259nim \u00f6lk\u0259d\u0259n \u00e7\u0131x\u0131\u015f\u0131ma qoyulan qada\u011fa qanunsuzdur. M\u0259n i\u015fd\u0259 \u015fahid\u0259m v\u0259 Miqrasiya Qanununun 9-cu madd\u0259sin\u0259 g\u00f6r\u0259 \u015fahidin \u00f6lk\u0259d\u0259n \u00e7\u0131x\u0131\u015f\u0131na qada\u011fa qoyula bilm\u0259z, ancaq t\u0259qsirl\u0259ndiril\u0259n \u015f\u0259xs bar\u0259sind\u0259 bel\u0259 bir qada\u011fa t\u0259tbiq oluna bil\u0259r. Az\u0259rbaycanda onlarla \u015f\u0259xsin bu c\u00fcr qanunsuz \u015f\u0259kild\u0259 \u00f6lk\u0259d\u0259n \u00e7\u0131x\u0131\u015f\u0131na qada\u011fa qoyulub v\u0259 aylard\u0131r \u015fikay\u0259t verm\u0259kl\u0259rin\u0259 baxmayaraq qada\u011fa g\u00f6t\u00fcr\u00fclm\u00fcr\u201d.<\/em><br><br>2025-ci il yanvar\u0131n 16-da Bak\u0131 \u015e\u0259h\u0259r Ba\u015f Polis \u0130dar\u0259sind\u0259 \u201cMeydan TV i\u015fi\u201d il\u0259 ba\u011fl\u0131 dindiril\u0259n \u00dclviyy\u0259 \u018flinin \u00f6lk\u0259d\u0259n \u00e7\u0131x\u0131\u015f\u0131na qada\u011fa qoyulub.<br><br>\u00dclviyy\u0259 \u018fli h\u0259min vaxt bildirib ki, q\u0259rarla ba\u011fl\u0131 m\u0259hk\u0259m\u0259y\u0259 m\u00fcraci\u0259t ed\u0259c\u0259k.<br><br>Onun s\u00f6zl\u0259rin\u0259 g\u00f6r\u0259, hans\u0131sa median\u0131n \u0259m\u0259kda\u015f\u0131 olmaq cinay\u0259t deyil, lakin bu situasiyada q\u0259rar ona ayd\u0131n deyil v\u0259 \u0259sass\u0131zd\u0131r, \u00e7\u00fcnki o Meydan TV-nin \u0259m\u0259kda\u015f\u0131 deyil.<br><br>Meydan TV-nin 6 \u0259m\u0259kda\u015f\u0131 \u2013 Aynur Elg\u00fcn\u0259\u015f (Q\u0259nb\u0259rova), Aysel Umudova, Aytac \u018fhm\u0259dova (Tapd\u0131q), X\u0259yal\u0259 A\u011fayeva, Ramin C\u0259bray\u0131lzad\u0259 (Deko) v\u0259 Natiq Cavadl\u0131, h\u0259m\u00e7inin Bak\u0131 Jurnalistika M\u0259kt\u0259binin direktor m\u00fcavini \u00dclvi Tahirov 2024-c\u00fc il dekabr\u0131n 6-da saxlan\u0131l\u0131b.<br>Onlara qar\u015f\u0131 Cinay\u0259t M\u0259c\u0259ll\u0259sinin 206.3.2-ci (qa\u00e7aqmal\u00e7\u0131l\u0131q, \u0259vv\u0259lc\u0259d\u0259n \u0259lbir olan bir qrup \u015f\u0259xs t\u0259r\u0259find\u0259n t\u00f6r\u0259dildikd\u0259) madd\u0259si il\u0259 ittiham ir\u0259li s\u00fcr\u00fcl\u00fcb.<br><br>Bu madd\u0259 il\u0259 onlar\u0131n h\u0259r birinin bar\u0259sind\u0259 istintaq d\u00f6vr\u00fc \u00fc\u00e7\u00fcn 4 ayl\u0131q h\u0259bs q\u0259timkan t\u0259dbiri se\u00e7ilib.<br><br>Saxlan\u0131lan jurnalistl\u0259rin evind\u0259 axtar\u0131\u015f apar\u0131l\u0131b, telefonlar\u0131, komp\u00fcterl\u0259ri v\u0259 dig\u0259r \u015f\u0259xsi \u0259\u015fyalar\u0131 g\u00f6t\u00fcr\u00fcl\u00fcb.<br><br>2025-ci fevral\u0131n 5-d\u0259 Meydan TV-nin daha bir \u0259m\u0259kda\u015f\u0131, h\u0259m\u00e7inin d\u0259 \u201c<a href=\"http:\/\/arqument.az\/\" target=\"_blank\" rel=\"noreferrer noopener\">arqument.az<\/a>\u201d sayt\u0131n\u0131n ba\u015f redaktoru \u015e\u0259m\u015fad A\u011fa (A\u011fayev) \u201cMeydanTV i\u015fi\u201d \u00fczr\u0259 Cinay\u0259t M\u0259c\u0259ll\u0259sinin 206.3.2-ci (qa\u00e7aqmal\u00e7\u0131l\u0131q \u2014 qabaqcadan \u0259lbir olan bir qrup \u015f\u0259xs t\u0259r\u0259find\u0259n t\u00f6r\u0259dildikd\u0259) madd\u0259si il\u0259 \u015f\u00fcbh\u0259li \u015f\u0259xs qismind\u0259 saxlan\u0131l\u0131b.<br><br>Fevral\u0131n 6-da X\u0259tai Rayon M\u0259hk\u0259m\u0259sinin q\u0259rar\u0131 il\u0259 onun bar\u0259sind\u0259 2 ay 1 g\u00fcn m\u00fcdd\u0259tin\u0259 h\u0259bs q\u0259timkan t\u0259dbiri se\u00e7ilib.<br><br>H\u0259bs olunan jurnalistl\u0259r \u00f6zl\u0259rini t\u0259qsirli bilmir.<br><br>Meydan TV \u0259m\u0259kda\u015flar\u0131n\u0131n t\u0259nqid\u00e7i f\u0259aliyy\u0259tl\u0259rin\u0259 g\u00f6r\u0259 c\u0259zaland\u0131r\u0131ld\u0131qlar\u0131n\u0131 b\u0259yan edib.<br><br>Son 1 il 2 ay \u0259rzind\u0259 Az\u0259rbaycanda 30-a yax\u0131n jurnalist h\u0259bs olunub.<br><br>Onlar\u0131n aras\u0131nda \u201cAbzasMedia\u201d, \u201cToplum TV\u201d, \u201cKanal 13\u201d v\u0259 dig\u0259r media orqanlar\u0131n\u0131n \u0259m\u0259kda\u015flar\u0131 var.<\/p>\n","protected":false},"excerpt":{"rendered":"<p>Jurnalist vur\u011fulay\u0131b ki, q\u0259rarla raz\u0131la\u015fm\u0131r v\u0259 apellyasiya \u015fikay\u0259ti ver\u0259c\u0259k \u201cMeydan &#8230; <\/p>\n<p class=\"read-more-container\"><a title=\"Jurnalist \u00dclviyy\u0259 \u018flinin \u015fikay\u0259ti icraata g\u00f6t\u00fcr\u00fclm\u0259yib\" class=\"read-more button\" href=\"https:\/\/www.meydan.tv\/az\/article\/jurnalist-ulviyy%c9%99-elinin-sikay%c9%99ti-icraata-goturulm%c9%99yib\/#more-326175\" aria-label=\"Read more about Jurnalist \u00dclviyy\u0259 \u018flinin \u015fikay\u0259ti icraata g\u00f6t\u00fcr\u00fclm\u0259yib\">Davam\u0131<\/a><\/p>\n","protected":false},"author":16,"featured_media":324795,"comment_status":"closed","ping_status":"closed","sticky":false,"template":"","format":"standard","meta":{"_acf_changed":false,"_sitemap_exclude":false,"_sitemap_priority":"","_sitemap_frequency":"","footnotes":""},"categories":[56],"tags":[],"class_list":["post-326175","post","type-post","status-publish","format-standard","has-post-thumbnail","hentry","category-xeberler","infinite-scroll-item","generate-columns","tablet-grid-50","mobile-grid-100","grid-parent","grid-33","no-featured-image-padding"],"acf":[],"yoast_head":"<!-- This site is optimized with the Yoast SEO plugin v27.5 - https:\/\/yoast.com\/product\/yoast-seo-wordpress\/ -->\n<title>Jurnalist \u00dclviyy\u0259 \u018flinin \u015fikay\u0259ti icraata g\u00f6t\u00fcr\u00fclm\u0259yib - MEYDAN.TV<\/title>\n<meta name=\"robots\" content=\"index, follow, max-snippet:-1, max-image-preview:large, max-video-preview:-1\" \/>\n<link rel=\"canonical\" href=\"https:\/\/www.meydan.tv\/az\/article\/jurnalist-ulviyy%c9%99-elinin-sikay%c9%99ti-icraata-goturulm%c9%99yib\/\" \/>\n<meta property=\"og:locale\" content=\"az_AZ\" \/>\n<meta property=\"og:type\" content=\"article\" \/>\n<meta property=\"og:title\" content=\"Jurnalist \u00dclviyy\u0259 \u018flinin \u015fikay\u0259ti icraata g\u00f6t\u00fcr\u00fclm\u0259yib - MEYDAN.TV\" \/>\n<meta property=\"og:description\" content=\"Jurnalist vur\u011fulay\u0131b ki, q\u0259rarla raz\u0131la\u015fm\u0131r v\u0259 apellyasiya \u015fikay\u0259ti ver\u0259c\u0259k \u201cMeydan ... Davam\u0131\" \/>\n<meta property=\"og:url\" content=\"https:\/\/www.meydan.tv\/az\/article\/jurnalist-ulviyy%c9%99-elinin-sikay%c9%99ti-icraata-goturulm%c9%99yib\/\" \/>\n<meta property=\"og:site_name\" content=\"MEYDAN.TV\" \/>\n<meta property=\"article:published_time\" content=\"2025-02-11T11:41:43+00:00\" \/>\n<meta property=\"article:modified_time\" content=\"2025-02-11T11:41:46+00:00\" \/>\n<meta property=\"og:image\" content=\"https:\/\/www.meydan.tv\/wp-content\/uploads\/200f8f78-ea5e-4ad6-914c-3458349392a9.jpg\" \/>\n\t<meta property=\"og:image:width\" content=\"1179\" \/>\n\t<meta property=\"og:image:height\" content=\"576\" \/>\n\t<meta property=\"og:image:type\" content=\"image\/jpeg\" \/>\n<meta name=\"author\" content=\"sevda\" \/>\n<meta name=\"twitter:card\" content=\"summary_large_image\" \/>\n<script type=\"application\/ld+json\" class=\"yoast-schema-graph\">{\"@context\":\"https:\\\/\\\/schema.org\",\"@graph\":[{\"@type\":\"Article\",\"@id\":\"https:\\\/\\\/www.meydan.tv\\\/az\\\/article\\\/jurnalist-ulviyy%c9%99-elinin-sikay%c9%99ti-icraata-goturulm%c9%99yib\\\/#article\",\"isPartOf\":{\"@id\":\"https:\\\/\\\/www.meydan.tv\\\/az\\\/article\\\/jurnalist-ulviyy%c9%99-elinin-sikay%c9%99ti-icraata-goturulm%c9%99yib\\\/\"},\"author\":{\"name\":\"sevda\",\"@id\":\"https:\\\/\\\/www.meydan.tv\\\/az\\\/#\\\/schema\\\/person\\\/49b5f2bad5b126bb8ea9320eeb3e4dc9\"},\"headline\":\"Jurnalist \u00dclviyy\u0259 \u018flinin \u015fikay\u0259ti icraata g\u00f6t\u00fcr\u00fclm\u0259yib\",\"datePublished\":\"2025-02-11T11:41:43+00:00\",\"dateModified\":\"2025-02-11T11:41:46+00:00\",\"mainEntityOfPage\":{\"@id\":\"https:\\\/\\\/www.meydan.tv\\\/az\\\/article\\\/jurnalist-ulviyy%c9%99-elinin-sikay%c9%99ti-icraata-goturulm%c9%99yib\\\/\"},\"wordCount\":641,\"publisher\":{\"@id\":\"https:\\\/\\\/www.meydan.tv\\\/az\\\/#organization\"},\"image\":{\"@id\":\"https:\\\/\\\/www.meydan.tv\\\/az\\\/article\\\/jurnalist-ulviyy%c9%99-elinin-sikay%c9%99ti-icraata-goturulm%c9%99yib\\\/#primaryimage\"},\"thumbnailUrl\":\"https:\\\/\\\/www.meydan.tv\\\/wp-content\\\/uploads\\\/200f8f78-ea5e-4ad6-914c-3458349392a9.jpg\",\"articleSection\":[\"X\u0259b\u0259rl\u0259r\"],\"inLanguage\":\"az\"},{\"@type\":\"WebPage\",\"@id\":\"https:\\\/\\\/www.meydan.tv\\\/az\\\/article\\\/jurnalist-ulviyy%c9%99-elinin-sikay%c9%99ti-icraata-goturulm%c9%99yib\\\/\",\"url\":\"https:\\\/\\\/www.meydan.tv\\\/az\\\/article\\\/jurnalist-ulviyy%c9%99-elinin-sikay%c9%99ti-icraata-goturulm%c9%99yib\\\/\",\"name\":\"Jurnalist \u00dclviyy\u0259 \u018flinin \u015fikay\u0259ti icraata g\u00f6t\u00fcr\u00fclm\u0259yib - MEYDAN.TV\",\"isPartOf\":{\"@id\":\"https:\\\/\\\/www.meydan.tv\\\/az\\\/#website\"},\"primaryImageOfPage\":{\"@id\":\"https:\\\/\\\/www.meydan.tv\\\/az\\\/article\\\/jurnalist-ulviyy%c9%99-elinin-sikay%c9%99ti-icraata-goturulm%c9%99yib\\\/#primaryimage\"},\"image\":{\"@id\":\"https:\\\/\\\/www.meydan.tv\\\/az\\\/article\\\/jurnalist-ulviyy%c9%99-elinin-sikay%c9%99ti-icraata-goturulm%c9%99yib\\\/#primaryimage\"},\"thumbnailUrl\":\"https:\\\/\\\/www.meydan.tv\\\/wp-content\\\/uploads\\\/200f8f78-ea5e-4ad6-914c-3458349392a9.jpg\",\"datePublished\":\"2025-02-11T11:41:43+00:00\",\"dateModified\":\"2025-02-11T11:41:46+00:00\",\"breadcrumb\":{\"@id\":\"https:\\\/\\\/www.meydan.tv\\\/az\\\/article\\\/jurnalist-ulviyy%c9%99-elinin-sikay%c9%99ti-icraata-goturulm%c9%99yib\\\/#breadcrumb\"},\"inLanguage\":\"az\",\"potentialAction\":[{\"@type\":\"ReadAction\",\"target\":[\"https:\\\/\\\/www.meydan.tv\\\/az\\\/article\\\/jurnalist-ulviyy%c9%99-elinin-sikay%c9%99ti-icraata-goturulm%c9%99yib\\\/\"]}]},{\"@type\":\"ImageObject\",\"inLanguage\":\"az\",\"@id\":\"https:\\\/\\\/www.meydan.tv\\\/az\\\/article\\\/jurnalist-ulviyy%c9%99-elinin-sikay%c9%99ti-icraata-goturulm%c9%99yib\\\/#primaryimage\",\"url\":\"https:\\\/\\\/www.meydan.tv\\\/wp-content\\\/uploads\\\/200f8f78-ea5e-4ad6-914c-3458349392a9.jpg\",\"contentUrl\":\"https:\\\/\\\/www.meydan.tv\\\/wp-content\\\/uploads\\\/200f8f78-ea5e-4ad6-914c-3458349392a9.jpg\",\"width\":1179,\"height\":576,\"caption\":\"\u00dclviyy\u0259 \u018fli. Foto: Meydan TV\"},{\"@type\":\"BreadcrumbList\",\"@id\":\"https:\\\/\\\/www.meydan.tv\\\/az\\\/article\\\/jurnalist-ulviyy%c9%99-elinin-sikay%c9%99ti-icraata-goturulm%c9%99yib\\\/#breadcrumb\",\"itemListElement\":[{\"@type\":\"ListItem\",\"position\":1,\"name\":\"Ana s\u0259hif\u0259\",\"item\":\"https:\\\/\\\/www.meydan.tv\\\/az\\\/\"},{\"@type\":\"ListItem\",\"position\":2,\"name\":\"X\u0259b\u0259rl\u0259r\",\"item\":\"https:\\\/\\\/www.meydan.tv\\\/az\\\/section\\\/xeberler\\\/\"},{\"@type\":\"ListItem\",\"position\":3,\"name\":\"Jurnalist \u00dclviyy\u0259 \u018flinin \u015fikay\u0259ti icraata g\u00f6t\u00fcr\u00fclm\u0259yib\"}]},{\"@type\":\"WebSite\",\"@id\":\"https:\\\/\\\/www.meydan.tv\\\/az\\\/#website\",\"url\":\"https:\\\/\\\/www.meydan.tv\\\/az\\\/\",\"name\":\"MEYDAN.TV\",\"description\":\"Meydan TV Az\u0259rbaycan\u0131n media m\u0259kan\u0131ndak\u0131 alternativ s\u0259sidir\",\"publisher\":{\"@id\":\"https:\\\/\\\/www.meydan.tv\\\/az\\\/#organization\"},\"potentialAction\":[{\"@type\":\"SearchAction\",\"target\":{\"@type\":\"EntryPoint\",\"urlTemplate\":\"https:\\\/\\\/www.meydan.tv\\\/az\\\/?s={search_term_string}\"},\"query-input\":{\"@type\":\"PropertyValueSpecification\",\"valueRequired\":true,\"valueName\":\"search_term_string\"}}],\"inLanguage\":\"az\"},{\"@type\":\"Organization\",\"@id\":\"https:\\\/\\\/www.meydan.tv\\\/az\\\/#organization\",\"name\":\"Meydan TV\",\"url\":\"https:\\\/\\\/www.meydan.tv\\\/az\\\/\",\"logo\":{\"@type\":\"ImageObject\",\"inLanguage\":\"az\",\"@id\":\"https:\\\/\\\/www.meydan.tv\\\/az\\\/#\\\/schema\\\/logo\\\/image\\\/\",\"url\":\"https:\\\/\\\/www.meydan.tv\\\/wp-content\\\/uploads\\\/2021\\\/07\\\/meydan-logo.svg\",\"contentUrl\":\"https:\\\/\\\/www.meydan.tv\\\/wp-content\\\/uploads\\\/2021\\\/07\\\/meydan-logo.svg\",\"width\":195,\"height\":46,\"caption\":\"Meydan TV\"},\"image\":{\"@id\":\"https:\\\/\\\/www.meydan.tv\\\/az\\\/#\\\/schema\\\/logo\\\/image\\\/\"}},{\"@type\":\"Person\",\"@id\":\"https:\\\/\\\/www.meydan.tv\\\/az\\\/#\\\/schema\\\/person\\\/49b5f2bad5b126bb8ea9320eeb3e4dc9\",\"name\":\"sevda\"}]}<\/script>\n<!-- \/ Yoast SEO plugin. -->","yoast_head_json":{"title":"Jurnalist \u00dclviyy\u0259 \u018flinin \u015fikay\u0259ti icraata g\u00f6t\u00fcr\u00fclm\u0259yib - MEYDAN.TV","robots":{"index":"index","follow":"follow","max-snippet":"max-snippet:-1","max-image-preview":"max-image-preview:large","max-video-preview":"max-video-preview:-1"},"canonical":"https:\/\/www.meydan.tv\/az\/article\/jurnalist-ulviyy%c9%99-elinin-sikay%c9%99ti-icraata-goturulm%c9%99yib\/","og_locale":"az_AZ","og_type":"article","og_title":"Jurnalist \u00dclviyy\u0259 \u018flinin \u015fikay\u0259ti icraata g\u00f6t\u00fcr\u00fclm\u0259yib - MEYDAN.TV","og_description":"Jurnalist vur\u011fulay\u0131b ki, q\u0259rarla raz\u0131la\u015fm\u0131r v\u0259 apellyasiya \u015fikay\u0259ti ver\u0259c\u0259k \u201cMeydan ... Davam\u0131","og_url":"https:\/\/www.meydan.tv\/az\/article\/jurnalist-ulviyy%c9%99-elinin-sikay%c9%99ti-icraata-goturulm%c9%99yib\/","og_site_name":"MEYDAN.TV","article_published_time":"2025-02-11T11:41:43+00:00","article_modified_time":"2025-02-11T11:41:46+00:00","og_image":[{"width":1179,"height":576,"url":"https:\/\/www.meydan.tv\/wp-content\/uploads\/200f8f78-ea5e-4ad6-914c-3458349392a9.jpg","type":"image\/jpeg"}],"author":"sevda","twitter_card":"summary_large_image","schema":{"@context":"https:\/\/schema.org","@graph":[{"@type":"Article","@id":"https:\/\/www.meydan.tv\/az\/article\/jurnalist-ulviyy%c9%99-elinin-sikay%c9%99ti-icraata-goturulm%c9%99yib\/#article","isPartOf":{"@id":"https:\/\/www.meydan.tv\/az\/article\/jurnalist-ulviyy%c9%99-elinin-sikay%c9%99ti-icraata-goturulm%c9%99yib\/"},"author":{"name":"sevda","@id":"https:\/\/www.meydan.tv\/az\/#\/schema\/person\/49b5f2bad5b126bb8ea9320eeb3e4dc9"},"headline":"Jurnalist \u00dclviyy\u0259 \u018flinin \u015fikay\u0259ti icraata g\u00f6t\u00fcr\u00fclm\u0259yib","datePublished":"2025-02-11T11:41:43+00:00","dateModified":"2025-02-11T11:41:46+00:00","mainEntityOfPage":{"@id":"https:\/\/www.meydan.tv\/az\/article\/jurnalist-ulviyy%c9%99-elinin-sikay%c9%99ti-icraata-goturulm%c9%99yib\/"},"wordCount":641,"publisher":{"@id":"https:\/\/www.meydan.tv\/az\/#organization"},"image":{"@id":"https:\/\/www.meydan.tv\/az\/article\/jurnalist-ulviyy%c9%99-elinin-sikay%c9%99ti-icraata-goturulm%c9%99yib\/#primaryimage"},"thumbnailUrl":"https:\/\/www.meydan.tv\/wp-content\/uploads\/200f8f78-ea5e-4ad6-914c-3458349392a9.jpg","articleSection":["X\u0259b\u0259rl\u0259r"],"inLanguage":"az"},{"@type":"WebPage","@id":"https:\/\/www.meydan.tv\/az\/article\/jurnalist-ulviyy%c9%99-elinin-sikay%c9%99ti-icraata-goturulm%c9%99yib\/","url":"https:\/\/www.meydan.tv\/az\/article\/jurnalist-ulviyy%c9%99-elinin-sikay%c9%99ti-icraata-goturulm%c9%99yib\/","name":"Jurnalist \u00dclviyy\u0259 \u018flinin \u015fikay\u0259ti icraata g\u00f6t\u00fcr\u00fclm\u0259yib - MEYDAN.TV","isPartOf":{"@id":"https:\/\/www.meydan.tv\/az\/#website"},"primaryImageOfPage":{"@id":"https:\/\/www.meydan.tv\/az\/article\/jurnalist-ulviyy%c9%99-elinin-sikay%c9%99ti-icraata-goturulm%c9%99yib\/#primaryimage"},"image":{"@id":"https:\/\/www.meydan.tv\/az\/article\/jurnalist-ulviyy%c9%99-elinin-sikay%c9%99ti-icraata-goturulm%c9%99yib\/#primaryimage"},"thumbnailUrl":"https:\/\/www.meydan.tv\/wp-content\/uploads\/200f8f78-ea5e-4ad6-914c-3458349392a9.jpg","datePublished":"2025-02-11T11:41:43+00:00","dateModified":"2025-02-11T11:41:46+00:00","breadcrumb":{"@id":"https:\/\/www.meydan.tv\/az\/article\/jurnalist-ulviyy%c9%99-elinin-sikay%c9%99ti-icraata-goturulm%c9%99yib\/#breadcrumb"},"inLanguage":"az","potentialAction":[{"@type":"ReadAction","target":["https:\/\/www.meydan.tv\/az\/article\/jurnalist-ulviyy%c9%99-elinin-sikay%c9%99ti-icraata-goturulm%c9%99yib\/"]}]},{"@type":"ImageObject","inLanguage":"az","@id":"https:\/\/www.meydan.tv\/az\/article\/jurnalist-ulviyy%c9%99-elinin-sikay%c9%99ti-icraata-goturulm%c9%99yib\/#primaryimage","url":"https:\/\/www.meydan.tv\/wp-content\/uploads\/200f8f78-ea5e-4ad6-914c-3458349392a9.jpg","contentUrl":"https:\/\/www.meydan.tv\/wp-content\/uploads\/200f8f78-ea5e-4ad6-914c-3458349392a9.jpg","width":1179,"height":576,"caption":"\u00dclviyy\u0259 \u018fli. Foto: Meydan TV"},{"@type":"BreadcrumbList","@id":"https:\/\/www.meydan.tv\/az\/article\/jurnalist-ulviyy%c9%99-elinin-sikay%c9%99ti-icraata-goturulm%c9%99yib\/#breadcrumb","itemListElement":[{"@type":"ListItem","position":1,"name":"Ana s\u0259hif\u0259","item":"https:\/\/www.meydan.tv\/az\/"},{"@type":"ListItem","position":2,"name":"X\u0259b\u0259rl\u0259r","item":"https:\/\/www.meydan.tv\/az\/section\/xeberler\/"},{"@type":"ListItem","position":3,"name":"Jurnalist \u00dclviyy\u0259 \u018flinin \u015fikay\u0259ti icraata g\u00f6t\u00fcr\u00fclm\u0259yib"}]},{"@type":"WebSite","@id":"https:\/\/www.meydan.tv\/az\/#website","url":"https:\/\/www.meydan.tv\/az\/","name":"MEYDAN.TV","description":"Meydan TV Az\u0259rbaycan\u0131n media m\u0259kan\u0131ndak\u0131 alternativ s\u0259sidir","publisher":{"@id":"https:\/\/www.meydan.tv\/az\/#organization"},"potentialAction":[{"@type":"SearchAction","target":{"@type":"EntryPoint","urlTemplate":"https:\/\/www.meydan.tv\/az\/?s={search_term_string}"},"query-input":{"@type":"PropertyValueSpecification","valueRequired":true,"valueName":"search_term_string"}}],"inLanguage":"az"},{"@type":"Organization","@id":"https:\/\/www.meydan.tv\/az\/#organization","name":"Meydan TV","url":"https:\/\/www.meydan.tv\/az\/","logo":{"@type":"ImageObject","inLanguage":"az","@id":"https:\/\/www.meydan.tv\/az\/#\/schema\/logo\/image\/","url":"https:\/\/www.meydan.tv\/wp-content\/uploads\/2021\/07\/meydan-logo.svg","contentUrl":"https:\/\/www.meydan.tv\/wp-content\/uploads\/2021\/07\/meydan-logo.svg","width":195,"height":46,"caption":"Meydan TV"},"image":{"@id":"https:\/\/www.meydan.tv\/az\/#\/schema\/logo\/image\/"}},{"@type":"Person","@id":"https:\/\/www.meydan.tv\/az\/#\/schema\/person\/49b5f2bad5b126bb8ea9320eeb3e4dc9","name":"sevda"}]}},"_links":{"self":[{"href":"https:\/\/www.meydan.tv\/az\/wp-json\/wp\/v2\/posts\/326175","targetHints":{"allow":["GET"]}}],"collection":[{"href":"https:\/\/www.meydan.tv\/az\/wp-json\/wp\/v2\/posts"}],"about":[{"href":"https:\/\/www.meydan.tv\/az\/wp-json\/wp\/v2\/types\/post"}],"author":[{"embeddable":true,"href":"https:\/\/www.meydan.tv\/az\/wp-json\/wp\/v2\/users\/16"}],"replies":[{"embeddable":true,"href":"https:\/\/www.meydan.tv\/az\/wp-json\/wp\/v2\/comments?post=326175"}],"version-history":[{"count":1,"href":"https:\/\/www.meydan.tv\/az\/wp-json\/wp\/v2\/posts\/326175\/revisions"}],"predecessor-version":[{"id":326176,"href":"https:\/\/www.meydan.tv\/az\/wp-json\/wp\/v2\/posts\/326175\/revisions\/326176"}],"wp:featuredmedia":[{"embeddable":true,"href":"https:\/\/www.meydan.tv\/az\/wp-json\/wp\/v2\/media\/324795"}],"wp:attachment":[{"href":"https:\/\/www.meydan.tv\/az\/wp-json\/wp\/v2\/media?parent=326175"}],"wp:term":[{"taxonomy":"category","embeddable":true,"href":"https:\/\/www.meydan.tv\/az\/wp-json\/wp\/v2\/categories?post=326175"},{"taxonomy":"post_tag","embeddable":true,"href":"https:\/\/www.meydan.tv\/az\/wp-json\/wp\/v2\/tags?post=326175"}],"curies":[{"name":"wp","href":"https:\/\/api.w.org\/{rel}","templated":true}]}}