{"id":326146,"date":"2025-02-10T20:36:57","date_gmt":"2025-02-10T16:36:57","guid":{"rendered":"https:\/\/www.meydan.tv\/?p=326146"},"modified":"2025-02-10T20:36:59","modified_gmt":"2025-02-10T16:36:59","slug":"7-korp%c9%99nin-olumun%c9%99-gor%c9%99-tebib-ittiham-olundu","status":"publish","type":"post","link":"https:\/\/www.meydan.tv\/az\/article\/7-korp%c9%99nin-olumun%c9%99-gor%c9%99-tebib-ittiham-olundu\/","title":{"rendered":"7 k\u00f6rp\u0259nin \u00f6l\u00fcm\u00fcn\u0259 g\u00f6r\u0259 T\u018fB\u0130B ittiham olundu"},"content":{"rendered":"\n<p><strong><em>\u201cN\u0259inki Bak\u0131da, b\u00f6lg\u0259l\u0259rd\u0259 d\u0259 v\u0259ziyy\u0259t bel\u0259dir &#8211; x\u0259st\u0259l\u0259rin say\u0131 \u00e7ox, \u00e7arpay\u0131 say\u0131 is\u0259 azd\u0131r\u201d<\/em><\/strong><\/p>\n\n\n\n<p>2024-c\u00fc il yanvar\u0131n 9-da Respublika Perinatal M\u0259rk\u0259zind\u0259 7 yeni do\u011fulmu\u015f k\u00f6rp\u0259nin \u00f6l\u00fcm\u00fcn\u0259 s\u0259b\u0259b olan yan\u011f\u0131nla ba\u011fl\u0131 Bak\u0131 A\u011f\u0131r Cinay\u0259tl\u0259r M\u0259hk\u0259m\u0259sind\u0259 ara\u015fd\u0131rmalar davam edir. <\/p>\n\n\n\n<p>Bu hadis\u0259 il\u0259 \u0259laq\u0259dar t\u0259qsirl\u0259ndiril\u0259n \u015f\u0259xs qismind\u0259 m\u0259hk\u0259m\u0259 qar\u015f\u0131s\u0131na 3 n\u0259f\u0259r \u00e7\u0131xar\u0131l\u0131b &#8211; M\u0259rk\u0259zin ke\u00e7mi\u015f direktoru Mehriban Abbasquliyeva, Anesteziologiya, reanimasiya v\u0259 intensiv terapiya \u015f\u00f6b\u0259sinin m\u00fcdiri Hamlet Mustafayev v\u0259 D\u0259st\u0259k Xidm\u0259tl\u0259ri \u015f\u00f6b\u0259sinin m\u00fcdiri Elnur \u018fhm\u0259dli. Onlar hadis\u0259d\u0259n sonra v\u0259zif\u0259d\u0259n k\u0259narla\u015fd\u0131r\u0131laraq, cinay\u0259t m\u0259suliyy\u0259tin\u0259 c\u0259lb olunublar. Lakin bar\u0259l\u0259rind\u0259 h\u0259bs q\u0259timkan t\u0259dbiri se\u00e7ilm\u0259yib.<\/p>\n\n\n\n<p>Mehriban Abbasquliyevaya Cinay\u0259t M\u0259c\u0259ll\u0259sinin 308.2 (v\u0259zif\u0259 s\u0259lahiyy\u0259tl\u0259rind\u0259n sui-istifad\u0259 etm\u0259, a\u011f\u0131r n\u0259tic\u0259l\u0259r\u0259 s\u0259b\u0259b olduqda) v\u0259 225.3-c\u00fc (yan\u011f\u0131n t\u0259hl\u00fck\u0259sizliyi qaydalar\u0131n\u0131 pozma &#8211; iki v\u0259 daha \u00e7ox \u015f\u0259xsin \u00f6l\u00fcm\u00fcn\u0259 s\u0259b\u0259b olduqda) madd\u0259l\u0259ril\u0259, Hamlet Mustafayev v\u0259 Elnur \u018fhm\u0259dliy\u0259 is\u0259 yaln\u0131z 225.3 madd\u0259sil\u0259 ittiham ir\u0259li s\u00fcr\u00fcl\u00fcb.<\/p>\n\n\n\n<p>M\u0259hk\u0259m\u0259d\u0259 Mehdiban Abbasquliyevaya ifad\u0259 verm\u0259k t\u0259klif olunsa da, o, indiki m\u0259rh\u0259l\u0259d\u0259 ifad\u0259 verm\u0259k ist\u0259m\u0259diyini, bir m\u00fcdd\u0259t sonra ifad\u0259 ver\u0259c\u0259yini bildirib. Bu s\u0259b\u0259bd\u0259n hakim Leyla \u018fsg\u0259rova-M\u0259mm\u0259dova onun istintaqa verdiyi ifad\u0259l\u0259ri m\u0259hk\u0259m\u0259d\u0259 elan edib.<\/p>\n\n\n\n<p>Mehdiban Abbasquliyeva istintaqda d\u0259f\u0259l\u0259rl\u0259 dindirilib. H\u0259min ifad\u0259l\u0259rin ikisi fevral\u0131n 10-da ke\u00e7iril\u0259n m\u0259hk\u0259m\u0259 iclas\u0131nda elan edilib. O, ifad\u0259l\u0259rind\u0259 Perinatal M\u0259rk\u0259zd\u0259 yan\u011f\u0131n t\u0259hl\u00fck\u0259sizliyi il\u0259 ba\u011fl\u0131 t\u0259limatlar v\u0259 g\u00f6r\u00fcl\u0259n i\u015fl\u0259rd\u0259n, i\u015f\u00e7il\u0259r v\u0259 onlar\u0131n davran\u0131\u015flar\u0131ndan, x\u0259st\u0259 say\u0131, k\u00f6rp\u0259l\u0259r\u0259 n\u0259zar\u0259t d\u0259 daxil olmaqla, m\u00fcxt\u0259lif m\u0259s\u0259l\u0259l\u0259rd\u0259n dan\u0131\u015f\u0131b.<\/p>\n\n\n\n<p>Mehriban Abbasquliyeva qar\u015f\u0131 ittihamda g\u00f6st\u0259rilib ki, o, direktor oldu\u011fu m\u00fcdd\u0259td\u0259 Perinatal M\u0259rk\u0259zd\u0259 stasionar x\u0259st\u0259 q\u0259bulunu iki d\u0259f\u0259y\u0259 q\u0259d\u0259r art\u0131r\u0131b. N\u0259tic\u0259d\u0259 M\u0259rk\u0259zin i\u015f y\u00fck\u00fc d\u0259 h\u0259ddi a\u015f\u0131b, tibbi m\u00fc\u0259ssis\u0259nin normal i\u015f f\u0259aliyy\u0259ti pozulub, elektrik naqill\u0259rind\u0259 d\u0259 y\u00fckl\u0259nm\u0259 olub.<\/p>\n\n\n\n<p>Mehriban Abbasquliyeva ifad\u0259sind\u0259 bildirib ki, Az\u0259rbaycandak\u0131 b\u00fct\u00fcn perinatal m\u0259rk\u0259zl\u0259rd\u0259 x\u0259st\u0259l\u0259rin say\u0131 oradak\u0131 \u00e7arpay\u0131lardan \u00e7oxdur. Onun s\u00f6zl\u0259rin\u0259 g\u00f6r\u0259, Az\u0259rbaycanda \u00fcmumilikd\u0259 7 Perinatal M\u0259rk\u0259z f\u0259aliyy\u0259t g\u00f6st\u0259rir. H\u0259m paytaxtda, h\u0259m d\u0259 b\u00f6lg\u0259l\u0259rd\u0259ki m\u0259rk\u0259zl\u0259rd\u0259 x\u0259st\u0259l\u0259rin say\u0131 onlar \u00fc\u00e7\u00fcn n\u0259z\u0259rd\u0259 tutulan \u00e7arpay\u0131lardan xeyli \u00e7oxdur.<\/p>\n\n\n\n<p><em>\u201cN\u0259inki Bak\u0131da, b\u00f6lg\u0259l\u0259rd\u0259 d\u0259 v\u0259ziyy\u0259t bel\u0259dir &#8211; x\u0259st\u0259l\u0259rin say\u0131 \u00e7ox, \u00e7arpay\u0131 say\u0131 is\u0259 azd\u0131r\u201d, <\/em>&#8211; Mehriban Abbasquliyeva ifad\u0259sind\u0259 bildirib.<\/p>\n\n\n\n<p>O, \u00f6z\u00fcnd\u0259n \u0259vv\u0259l M\u0259rk\u0259zin direktoru i\u015fl\u0259mi\u015f M\u0259ry\u0259m Rzayevan\u0131 da ifad\u0259sind\u0259 ittiham edib.<\/p>\n\n\n\n<p>Onun s\u00f6zl\u0259rin\u0259 g\u00f6r\u0259, M\u0259ry\u0259m Rzayeva yan\u011f\u0131n t\u0259hl\u00fck\u0259sizliyi il\u0259 ba\u011fl\u0131 he\u00e7 bir t\u0259dbir g\u00f6rm\u0259yib:<\/p>\n\n\n\n<p><em>\u201cGuya M\u0259ry\u0259m Rzayeva m\u0259n direktor t\u0259yin edil\u0259nd\u0259 m\u0259n\u0259 yan\u011f\u0131n t\u0259hl\u00fck\u0259sizliyi t\u0259dbirl\u0259rinin art\u0131r\u0131lmas\u0131na ehtiyac oldu\u011funu deyib. Yalan dan\u0131\u015f\u0131r, bel\u0259 bir \u015fey olmay\u0131b. O, \u00e7ox s\u00f6z dey\u0259 bil\u0259r. H\u0259tta onu da dey\u0259 bil\u0259r ki, F\u00f6vq\u0259lad\u0259 Hallar nazirin\u0259 d\u0259 m\u0259lumat vermi\u015fdi. O dem\u0259k deyil ki, onun h\u0259r dediyin\u0259 inanmaq olar\u201d.<\/em><\/p>\n\n\n\n<p>Mehriban Abbasquliyeva M\u0259ry\u0259m Rzayevan\u0131n da cinay\u0259t m\u0259suliyy\u0259tin\u0259 c\u0259lb olunmas\u0131n\u0131 \u2013 onun haqq\u0131nda cinay\u0259t i\u015fi ba\u015flanmas\u0131n\u0131 ist\u0259yib.<\/p>\n\n\n\n<p>Ke\u00e7mi\u015f direktor T\u018fB\u0130B-i v\u0259 i\u015f\u00e7il\u0259ri d\u0259 ittiham edib. Onun s\u00f6zl\u0259rin\u0259 g\u00f6r\u0259, hadis\u0259 vaxt\u0131 M\u0259rk\u0259zin i\u015f\u00e7il\u0259rinin b\u0259zil\u0259ri h\u0259m s\u0259hl\u0259nkarl\u0131q edib, h\u0259m d\u0259 bacar\u0131qs\u0131z davran\u0131blar. M\u0259s\u0259l\u0259n, yan\u011f\u0131ns\u00f6nd\u00fcr\u0259n balonlardan istifad\u0259 etm\u0259yibl\u0259r, b\u0259zil\u0259ri ba\u015f ver\u0259nl\u0259r\u0259 k\u0259nardan tama\u015fa edib, \u00fcmumiyy\u0259tl\u0259, he\u00e7 bir add\u0131m atmay\u0131b: <\/p>\n\n\n\n<p><em>\u201cH\u0259tta Ba\u015f prokuror Kamran \u018fliyev d\u0259 hadis\u0259d\u0259n sonra jurnalistl\u0259r\u0259 m\u00fcsahib\u0259d\u0259 dedi ki, n\u00f6vb\u0259t\u00e7i h\u0259kim yan\u011f\u0131n ba\u015flayandan 7 d\u0259qiq\u0259 sonra hadis\u0259 yerin\u0259 g\u0259lib\u201d.<\/em><\/p>\n\n\n\n<p>T\u018fB\u0130B-l\u0259 ba\u011fl\u0131 iradlar\u0131na g\u0259linc\u0259, Mehriban Abbasquliyeva bildirib ki, F\u00f6vq\u0259lad\u0259 Hallar Nazirliyi (FHN) Perinatal M\u0259rk\u0259zd\u0259 yan\u011f\u0131n t\u0259hl\u00fck\u0259sizliyinin art\u0131r\u0131lmas\u0131 \u00fc\u00e7\u00fcn t\u0259limat g\u00f6nd\u0259rib. Lakin T\u018fB\u0130B maliyy\u0259 \u00e7at\u0131\u015fmazl\u0131\u011f\u0131 s\u0259b\u0259bind\u0259n t\u0259dbir g\u00f6rm\u0259yib.<\/p>\n\n\n\n<p>M\u0259hk\u0259m\u0259 prosesi mart\u0131n 3-d\u0259 davam ed\u0259c\u0259k. N\u00f6vb\u0259ti iclasda Mehriban Abbasquliyevan\u0131n dig\u0259r ifad\u0259l\u0259ri elan olunacaq.<\/p>\n\n\n\n<p>Mehriban Abbasquliyeva 1998-2000-ci ill\u0259rd\u0259 3 sayl\u0131 \u015e\u0259h\u0259r Klinik X\u0259st\u0259xanas\u0131nda ba\u015f h\u0259kimin m\u00fcavini olub. O, 2000-ci ild\u0259 Sabun\u00e7u rayonundak\u0131 2 sayl\u0131 Do\u011fum evinin ba\u015f h\u0259kimi t\u0259yin edilib v\u0259 uzun ill\u0259r bu v\u0259zif\u0259d\u0259 i\u015fl\u0259yib. Respublika Perinatal M\u0259rk\u0259zin\u0259 is\u0259 hadis\u0259d\u0259n bir il \u00f6nc\u0259 &#8211;&nbsp; 2022-ci ilin dekabr\u0131nda direktor t\u0259yin olunmu\u015fdu.<\/p>\n","protected":false},"excerpt":{"rendered":"<p>\u201cN\u0259inki Bak\u0131da, b\u00f6lg\u0259l\u0259rd\u0259 d\u0259 v\u0259ziyy\u0259t bel\u0259dir &#8211; x\u0259st\u0259l\u0259rin say\u0131 \u00e7ox, &#8230; <\/p>\n<p class=\"read-more-container\"><a title=\"7 k\u00f6rp\u0259nin \u00f6l\u00fcm\u00fcn\u0259 g\u00f6r\u0259 T\u018fB\u0130B ittiham olundu\" class=\"read-more button\" href=\"https:\/\/www.meydan.tv\/az\/article\/7-korp%c9%99nin-olumun%c9%99-gor%c9%99-tebib-ittiham-olundu\/#more-326146\" aria-label=\"Read more about 7 k\u00f6rp\u0259nin \u00f6l\u00fcm\u00fcn\u0259 g\u00f6r\u0259 T\u018fB\u0130B ittiham olundu\">Davam\u0131<\/a><\/p>\n","protected":false},"author":16,"featured_media":295011,"comment_status":"closed","ping_status":"closed","sticky":false,"template":"","format":"standard","meta":{"_acf_changed":false,"_sitemap_exclude":false,"_sitemap_priority":"","_sitemap_frequency":"","footnotes":""},"categories":[62,56],"tags":[],"class_list":["post-326146","post","type-post","status-publish","format-standard","has-post-thumbnail","hentry","category-sosial","category-xeberler","infinite-scroll-item","generate-columns","tablet-grid-50","mobile-grid-100","grid-parent","grid-33","no-featured-image-padding"],"acf":[],"yoast_head":"<!-- This site is optimized with the Yoast SEO plugin v27.4 - https:\/\/yoast.com\/product\/yoast-seo-wordpress\/ -->\n<title>7 k\u00f6rp\u0259nin \u00f6l\u00fcm\u00fcn\u0259 g\u00f6r\u0259 T\u018fB\u0130B ittiham olundu - MEYDAN.TV<\/title>\n<meta name=\"robots\" content=\"index, follow, max-snippet:-1, max-image-preview:large, max-video-preview:-1\" \/>\n<link rel=\"canonical\" href=\"https:\/\/www.meydan.tv\/az\/article\/7-korp%c9%99nin-olumun%c9%99-gor%c9%99-tebib-ittiham-olundu\/\" \/>\n<meta property=\"og:locale\" content=\"az_AZ\" \/>\n<meta property=\"og:type\" content=\"article\" \/>\n<meta property=\"og:title\" content=\"7 k\u00f6rp\u0259nin \u00f6l\u00fcm\u00fcn\u0259 g\u00f6r\u0259 T\u018fB\u0130B ittiham olundu - MEYDAN.TV\" \/>\n<meta property=\"og:description\" content=\"\u201cN\u0259inki Bak\u0131da, b\u00f6lg\u0259l\u0259rd\u0259 d\u0259 v\u0259ziyy\u0259t bel\u0259dir &#8211; x\u0259st\u0259l\u0259rin say\u0131 \u00e7ox, ... Davam\u0131\" \/>\n<meta property=\"og:url\" content=\"https:\/\/www.meydan.tv\/az\/article\/7-korp%c9%99nin-olumun%c9%99-gor%c9%99-tebib-ittiham-olundu\/\" \/>\n<meta property=\"og:site_name\" content=\"MEYDAN.TV\" \/>\n<meta property=\"article:published_time\" content=\"2025-02-10T16:36:57+00:00\" \/>\n<meta property=\"article:modified_time\" content=\"2025-02-10T16:36:59+00:00\" \/>\n<meta property=\"og:image\" content=\"https:\/\/www.meydan.tv\/wp-content\/uploads\/1704893754_olask.jpg\" \/>\n\t<meta property=\"og:image:width\" content=\"1200\" \/>\n\t<meta property=\"og:image:height\" content=\"775\" \/>\n\t<meta property=\"og:image:type\" content=\"image\/jpeg\" \/>\n<meta name=\"author\" content=\"sevda\" \/>\n<meta name=\"twitter:card\" content=\"summary_large_image\" \/>\n<script type=\"application\/ld+json\" class=\"yoast-schema-graph\">{\"@context\":\"https:\\\/\\\/schema.org\",\"@graph\":[{\"@type\":\"Article\",\"@id\":\"https:\\\/\\\/www.meydan.tv\\\/az\\\/article\\\/7-korp%c9%99nin-olumun%c9%99-gor%c9%99-tebib-ittiham-olundu\\\/#article\",\"isPartOf\":{\"@id\":\"https:\\\/\\\/www.meydan.tv\\\/az\\\/article\\\/7-korp%c9%99nin-olumun%c9%99-gor%c9%99-tebib-ittiham-olundu\\\/\"},\"author\":{\"name\":\"sevda\",\"@id\":\"https:\\\/\\\/www.meydan.tv\\\/az\\\/#\\\/schema\\\/person\\\/49b5f2bad5b126bb8ea9320eeb3e4dc9\"},\"headline\":\"7 k\u00f6rp\u0259nin \u00f6l\u00fcm\u00fcn\u0259 g\u00f6r\u0259 T\u018fB\u0130B ittiham olundu\",\"datePublished\":\"2025-02-10T16:36:57+00:00\",\"dateModified\":\"2025-02-10T16:36:59+00:00\",\"mainEntityOfPage\":{\"@id\":\"https:\\\/\\\/www.meydan.tv\\\/az\\\/article\\\/7-korp%c9%99nin-olumun%c9%99-gor%c9%99-tebib-ittiham-olundu\\\/\"},\"wordCount\":978,\"publisher\":{\"@id\":\"https:\\\/\\\/www.meydan.tv\\\/az\\\/#organization\"},\"image\":{\"@id\":\"https:\\\/\\\/www.meydan.tv\\\/az\\\/article\\\/7-korp%c9%99nin-olumun%c9%99-gor%c9%99-tebib-ittiham-olundu\\\/#primaryimage\"},\"thumbnailUrl\":\"https:\\\/\\\/www.meydan.tv\\\/wp-content\\\/uploads\\\/1704893754_olask.jpg\",\"articleSection\":[\"Sosial\",\"X\u0259b\u0259rl\u0259r\"],\"inLanguage\":\"az\"},{\"@type\":\"WebPage\",\"@id\":\"https:\\\/\\\/www.meydan.tv\\\/az\\\/article\\\/7-korp%c9%99nin-olumun%c9%99-gor%c9%99-tebib-ittiham-olundu\\\/\",\"url\":\"https:\\\/\\\/www.meydan.tv\\\/az\\\/article\\\/7-korp%c9%99nin-olumun%c9%99-gor%c9%99-tebib-ittiham-olundu\\\/\",\"name\":\"7 k\u00f6rp\u0259nin \u00f6l\u00fcm\u00fcn\u0259 g\u00f6r\u0259 T\u018fB\u0130B ittiham olundu - MEYDAN.TV\",\"isPartOf\":{\"@id\":\"https:\\\/\\\/www.meydan.tv\\\/az\\\/#website\"},\"primaryImageOfPage\":{\"@id\":\"https:\\\/\\\/www.meydan.tv\\\/az\\\/article\\\/7-korp%c9%99nin-olumun%c9%99-gor%c9%99-tebib-ittiham-olundu\\\/#primaryimage\"},\"image\":{\"@id\":\"https:\\\/\\\/www.meydan.tv\\\/az\\\/article\\\/7-korp%c9%99nin-olumun%c9%99-gor%c9%99-tebib-ittiham-olundu\\\/#primaryimage\"},\"thumbnailUrl\":\"https:\\\/\\\/www.meydan.tv\\\/wp-content\\\/uploads\\\/1704893754_olask.jpg\",\"datePublished\":\"2025-02-10T16:36:57+00:00\",\"dateModified\":\"2025-02-10T16:36:59+00:00\",\"breadcrumb\":{\"@id\":\"https:\\\/\\\/www.meydan.tv\\\/az\\\/article\\\/7-korp%c9%99nin-olumun%c9%99-gor%c9%99-tebib-ittiham-olundu\\\/#breadcrumb\"},\"inLanguage\":\"az\",\"potentialAction\":[{\"@type\":\"ReadAction\",\"target\":[\"https:\\\/\\\/www.meydan.tv\\\/az\\\/article\\\/7-korp%c9%99nin-olumun%c9%99-gor%c9%99-tebib-ittiham-olundu\\\/\"]}]},{\"@type\":\"ImageObject\",\"inLanguage\":\"az\",\"@id\":\"https:\\\/\\\/www.meydan.tv\\\/az\\\/article\\\/7-korp%c9%99nin-olumun%c9%99-gor%c9%99-tebib-ittiham-olundu\\\/#primaryimage\",\"url\":\"https:\\\/\\\/www.meydan.tv\\\/wp-content\\\/uploads\\\/1704893754_olask.jpg\",\"contentUrl\":\"https:\\\/\\\/www.meydan.tv\\\/wp-content\\\/uploads\\\/1704893754_olask.jpg\",\"width\":1200,\"height\":775,\"caption\":\"Respublika Perinatal M\u0259rk\u0259zi. Foto: Meydan TV\"},{\"@type\":\"BreadcrumbList\",\"@id\":\"https:\\\/\\\/www.meydan.tv\\\/az\\\/article\\\/7-korp%c9%99nin-olumun%c9%99-gor%c9%99-tebib-ittiham-olundu\\\/#breadcrumb\",\"itemListElement\":[{\"@type\":\"ListItem\",\"position\":1,\"name\":\"Ana s\u0259hif\u0259\",\"item\":\"https:\\\/\\\/www.meydan.tv\\\/az\\\/\"},{\"@type\":\"ListItem\",\"position\":2,\"name\":\"X\u0259b\u0259rl\u0259r\",\"item\":\"https:\\\/\\\/www.meydan.tv\\\/az\\\/section\\\/xeberler\\\/\"},{\"@type\":\"ListItem\",\"position\":3,\"name\":\"7 k\u00f6rp\u0259nin \u00f6l\u00fcm\u00fcn\u0259 g\u00f6r\u0259 T\u018fB\u0130B ittiham olundu\"}]},{\"@type\":\"WebSite\",\"@id\":\"https:\\\/\\\/www.meydan.tv\\\/az\\\/#website\",\"url\":\"https:\\\/\\\/www.meydan.tv\\\/az\\\/\",\"name\":\"MEYDAN.TV\",\"description\":\"Meydan TV Az\u0259rbaycan\u0131n media m\u0259kan\u0131ndak\u0131 alternativ s\u0259sidir\",\"publisher\":{\"@id\":\"https:\\\/\\\/www.meydan.tv\\\/az\\\/#organization\"},\"potentialAction\":[{\"@type\":\"SearchAction\",\"target\":{\"@type\":\"EntryPoint\",\"urlTemplate\":\"https:\\\/\\\/www.meydan.tv\\\/az\\\/?s={search_term_string}\"},\"query-input\":{\"@type\":\"PropertyValueSpecification\",\"valueRequired\":true,\"valueName\":\"search_term_string\"}}],\"inLanguage\":\"az\"},{\"@type\":\"Organization\",\"@id\":\"https:\\\/\\\/www.meydan.tv\\\/az\\\/#organization\",\"name\":\"Meydan TV\",\"url\":\"https:\\\/\\\/www.meydan.tv\\\/az\\\/\",\"logo\":{\"@type\":\"ImageObject\",\"inLanguage\":\"az\",\"@id\":\"https:\\\/\\\/www.meydan.tv\\\/az\\\/#\\\/schema\\\/logo\\\/image\\\/\",\"url\":\"https:\\\/\\\/www.meydan.tv\\\/wp-content\\\/uploads\\\/2021\\\/07\\\/meydan-logo.svg\",\"contentUrl\":\"https:\\\/\\\/www.meydan.tv\\\/wp-content\\\/uploads\\\/2021\\\/07\\\/meydan-logo.svg\",\"width\":195,\"height\":46,\"caption\":\"Meydan TV\"},\"image\":{\"@id\":\"https:\\\/\\\/www.meydan.tv\\\/az\\\/#\\\/schema\\\/logo\\\/image\\\/\"}},{\"@type\":\"Person\",\"@id\":\"https:\\\/\\\/www.meydan.tv\\\/az\\\/#\\\/schema\\\/person\\\/49b5f2bad5b126bb8ea9320eeb3e4dc9\",\"name\":\"sevda\"}]}<\/script>\n<!-- \/ Yoast SEO plugin. -->","yoast_head_json":{"title":"7 k\u00f6rp\u0259nin \u00f6l\u00fcm\u00fcn\u0259 g\u00f6r\u0259 T\u018fB\u0130B ittiham olundu - MEYDAN.TV","robots":{"index":"index","follow":"follow","max-snippet":"max-snippet:-1","max-image-preview":"max-image-preview:large","max-video-preview":"max-video-preview:-1"},"canonical":"https:\/\/www.meydan.tv\/az\/article\/7-korp%c9%99nin-olumun%c9%99-gor%c9%99-tebib-ittiham-olundu\/","og_locale":"az_AZ","og_type":"article","og_title":"7 k\u00f6rp\u0259nin \u00f6l\u00fcm\u00fcn\u0259 g\u00f6r\u0259 T\u018fB\u0130B ittiham olundu - MEYDAN.TV","og_description":"\u201cN\u0259inki Bak\u0131da, b\u00f6lg\u0259l\u0259rd\u0259 d\u0259 v\u0259ziyy\u0259t bel\u0259dir &#8211; x\u0259st\u0259l\u0259rin say\u0131 \u00e7ox, ... Davam\u0131","og_url":"https:\/\/www.meydan.tv\/az\/article\/7-korp%c9%99nin-olumun%c9%99-gor%c9%99-tebib-ittiham-olundu\/","og_site_name":"MEYDAN.TV","article_published_time":"2025-02-10T16:36:57+00:00","article_modified_time":"2025-02-10T16:36:59+00:00","og_image":[{"width":1200,"height":775,"url":"https:\/\/www.meydan.tv\/wp-content\/uploads\/1704893754_olask.jpg","type":"image\/jpeg"}],"author":"sevda","twitter_card":"summary_large_image","schema":{"@context":"https:\/\/schema.org","@graph":[{"@type":"Article","@id":"https:\/\/www.meydan.tv\/az\/article\/7-korp%c9%99nin-olumun%c9%99-gor%c9%99-tebib-ittiham-olundu\/#article","isPartOf":{"@id":"https:\/\/www.meydan.tv\/az\/article\/7-korp%c9%99nin-olumun%c9%99-gor%c9%99-tebib-ittiham-olundu\/"},"author":{"name":"sevda","@id":"https:\/\/www.meydan.tv\/az\/#\/schema\/person\/49b5f2bad5b126bb8ea9320eeb3e4dc9"},"headline":"7 k\u00f6rp\u0259nin \u00f6l\u00fcm\u00fcn\u0259 g\u00f6r\u0259 T\u018fB\u0130B ittiham olundu","datePublished":"2025-02-10T16:36:57+00:00","dateModified":"2025-02-10T16:36:59+00:00","mainEntityOfPage":{"@id":"https:\/\/www.meydan.tv\/az\/article\/7-korp%c9%99nin-olumun%c9%99-gor%c9%99-tebib-ittiham-olundu\/"},"wordCount":978,"publisher":{"@id":"https:\/\/www.meydan.tv\/az\/#organization"},"image":{"@id":"https:\/\/www.meydan.tv\/az\/article\/7-korp%c9%99nin-olumun%c9%99-gor%c9%99-tebib-ittiham-olundu\/#primaryimage"},"thumbnailUrl":"https:\/\/www.meydan.tv\/wp-content\/uploads\/1704893754_olask.jpg","articleSection":["Sosial","X\u0259b\u0259rl\u0259r"],"inLanguage":"az"},{"@type":"WebPage","@id":"https:\/\/www.meydan.tv\/az\/article\/7-korp%c9%99nin-olumun%c9%99-gor%c9%99-tebib-ittiham-olundu\/","url":"https:\/\/www.meydan.tv\/az\/article\/7-korp%c9%99nin-olumun%c9%99-gor%c9%99-tebib-ittiham-olundu\/","name":"7 k\u00f6rp\u0259nin \u00f6l\u00fcm\u00fcn\u0259 g\u00f6r\u0259 T\u018fB\u0130B ittiham olundu - MEYDAN.TV","isPartOf":{"@id":"https:\/\/www.meydan.tv\/az\/#website"},"primaryImageOfPage":{"@id":"https:\/\/www.meydan.tv\/az\/article\/7-korp%c9%99nin-olumun%c9%99-gor%c9%99-tebib-ittiham-olundu\/#primaryimage"},"image":{"@id":"https:\/\/www.meydan.tv\/az\/article\/7-korp%c9%99nin-olumun%c9%99-gor%c9%99-tebib-ittiham-olundu\/#primaryimage"},"thumbnailUrl":"https:\/\/www.meydan.tv\/wp-content\/uploads\/1704893754_olask.jpg","datePublished":"2025-02-10T16:36:57+00:00","dateModified":"2025-02-10T16:36:59+00:00","breadcrumb":{"@id":"https:\/\/www.meydan.tv\/az\/article\/7-korp%c9%99nin-olumun%c9%99-gor%c9%99-tebib-ittiham-olundu\/#breadcrumb"},"inLanguage":"az","potentialAction":[{"@type":"ReadAction","target":["https:\/\/www.meydan.tv\/az\/article\/7-korp%c9%99nin-olumun%c9%99-gor%c9%99-tebib-ittiham-olundu\/"]}]},{"@type":"ImageObject","inLanguage":"az","@id":"https:\/\/www.meydan.tv\/az\/article\/7-korp%c9%99nin-olumun%c9%99-gor%c9%99-tebib-ittiham-olundu\/#primaryimage","url":"https:\/\/www.meydan.tv\/wp-content\/uploads\/1704893754_olask.jpg","contentUrl":"https:\/\/www.meydan.tv\/wp-content\/uploads\/1704893754_olask.jpg","width":1200,"height":775,"caption":"Respublika Perinatal M\u0259rk\u0259zi. Foto: Meydan TV"},{"@type":"BreadcrumbList","@id":"https:\/\/www.meydan.tv\/az\/article\/7-korp%c9%99nin-olumun%c9%99-gor%c9%99-tebib-ittiham-olundu\/#breadcrumb","itemListElement":[{"@type":"ListItem","position":1,"name":"Ana s\u0259hif\u0259","item":"https:\/\/www.meydan.tv\/az\/"},{"@type":"ListItem","position":2,"name":"X\u0259b\u0259rl\u0259r","item":"https:\/\/www.meydan.tv\/az\/section\/xeberler\/"},{"@type":"ListItem","position":3,"name":"7 k\u00f6rp\u0259nin \u00f6l\u00fcm\u00fcn\u0259 g\u00f6r\u0259 T\u018fB\u0130B ittiham olundu"}]},{"@type":"WebSite","@id":"https:\/\/www.meydan.tv\/az\/#website","url":"https:\/\/www.meydan.tv\/az\/","name":"MEYDAN.TV","description":"Meydan TV Az\u0259rbaycan\u0131n media m\u0259kan\u0131ndak\u0131 alternativ s\u0259sidir","publisher":{"@id":"https:\/\/www.meydan.tv\/az\/#organization"},"potentialAction":[{"@type":"SearchAction","target":{"@type":"EntryPoint","urlTemplate":"https:\/\/www.meydan.tv\/az\/?s={search_term_string}"},"query-input":{"@type":"PropertyValueSpecification","valueRequired":true,"valueName":"search_term_string"}}],"inLanguage":"az"},{"@type":"Organization","@id":"https:\/\/www.meydan.tv\/az\/#organization","name":"Meydan TV","url":"https:\/\/www.meydan.tv\/az\/","logo":{"@type":"ImageObject","inLanguage":"az","@id":"https:\/\/www.meydan.tv\/az\/#\/schema\/logo\/image\/","url":"https:\/\/www.meydan.tv\/wp-content\/uploads\/2021\/07\/meydan-logo.svg","contentUrl":"https:\/\/www.meydan.tv\/wp-content\/uploads\/2021\/07\/meydan-logo.svg","width":195,"height":46,"caption":"Meydan TV"},"image":{"@id":"https:\/\/www.meydan.tv\/az\/#\/schema\/logo\/image\/"}},{"@type":"Person","@id":"https:\/\/www.meydan.tv\/az\/#\/schema\/person\/49b5f2bad5b126bb8ea9320eeb3e4dc9","name":"sevda"}]}},"_links":{"self":[{"href":"https:\/\/www.meydan.tv\/az\/wp-json\/wp\/v2\/posts\/326146","targetHints":{"allow":["GET"]}}],"collection":[{"href":"https:\/\/www.meydan.tv\/az\/wp-json\/wp\/v2\/posts"}],"about":[{"href":"https:\/\/www.meydan.tv\/az\/wp-json\/wp\/v2\/types\/post"}],"author":[{"embeddable":true,"href":"https:\/\/www.meydan.tv\/az\/wp-json\/wp\/v2\/users\/16"}],"replies":[{"embeddable":true,"href":"https:\/\/www.meydan.tv\/az\/wp-json\/wp\/v2\/comments?post=326146"}],"version-history":[{"count":1,"href":"https:\/\/www.meydan.tv\/az\/wp-json\/wp\/v2\/posts\/326146\/revisions"}],"predecessor-version":[{"id":326147,"href":"https:\/\/www.meydan.tv\/az\/wp-json\/wp\/v2\/posts\/326146\/revisions\/326147"}],"wp:featuredmedia":[{"embeddable":true,"href":"https:\/\/www.meydan.tv\/az\/wp-json\/wp\/v2\/media\/295011"}],"wp:attachment":[{"href":"https:\/\/www.meydan.tv\/az\/wp-json\/wp\/v2\/media?parent=326146"}],"wp:term":[{"taxonomy":"category","embeddable":true,"href":"https:\/\/www.meydan.tv\/az\/wp-json\/wp\/v2\/categories?post=326146"},{"taxonomy":"post_tag","embeddable":true,"href":"https:\/\/www.meydan.tv\/az\/wp-json\/wp\/v2\/tags?post=326146"}],"curies":[{"name":"wp","href":"https:\/\/api.w.org\/{rel}","templated":true}]}}