{"id":326129,"date":"2025-02-10T18:19:21","date_gmt":"2025-02-10T14:19:21","guid":{"rendered":"https:\/\/www.meydan.tv\/?p=326129"},"modified":"2025-02-10T18:19:24","modified_gmt":"2025-02-10T14:19:24","slug":"ilon-mask-azadliq-v%c9%99-amerikanin-s%c9%99sini-baglamaq-ist%c9%99yir","status":"publish","type":"post","link":"https:\/\/www.meydan.tv\/az\/article\/ilon-mask-azadliq-v%c9%99-amerikanin-s%c9%99sini-baglamaq-ist%c9%99yir\/","title":{"rendered":"\u0130lon Mask \u201cAzadl\u0131q\u201d v\u0259 \u201cAmerikan\u0131n s\u0259si\u201dni ba\u011flamaq ist\u0259yir"},"content":{"rendered":"\n<p><strong><em>Tramp\u0131n x\u00fcsusi n\u00fcmay\u0259nd\u0259si Ri\u00e7ard Qrenel bu media resurslar\u0131n\u0131n\u0131n \u201cke\u00e7mi\u015fin qal\u0131qlar\u0131\u201d kimi art\u0131q faydas\u0131z oldu\u011funu deyib<\/em><\/strong><\/p>\n\n\n\n<p>AB\u015e-nin D\u00f6vl\u0259t Effektivliyi Departamentinin r\u0259hb\u0259ri \u0130lon Mask \u201cAzadl\u0131qRadiosu\u201d (\u201cRadio Free Europe\/Radio Liberty\u201d) v\u0259 \u201cAmerikan\u0131n S\u0259si\u201d (\u201cVoice of America\u201d) kimi d\u00f6vl\u0259t t\u0259r\u0259find\u0259n maliyy\u0259l\u0259\u015fdiril\u0259n media qurumlar\u0131n\u0131n ba\u011flanmas\u0131 il\u0259 ba\u011fl\u0131 t\u0259klifi d\u0259st\u0259kl\u0259yib.<br><br>T\u0259klifi AB\u015e Prezidenti Donald Tramp\u0131n x\u00fcsusi n\u00fcmay\u0259nd\u0259si, ke\u00e7mi\u015f Milli K\u0259\u015ffiyyat \u0130dar\u0259sinin direktoru Ri\u00e7ard Qrenel s\u0259sl\u0259ndirib.<br><br>Qrenel bu media resurslar\u0131n\u0131 \u201cd\u00f6vl\u0259t medias\u0131\u201d adland\u0131raraq, onlar\u0131n \u201cifrat sol\u00e7u aktivistl\u0259rl\u0259 dolu oldu\u011funu\u201d v\u0259 \u201cke\u00e7mi\u015fin qal\u0131qlar\u0131\u201d kimi art\u0131q faydas\u0131z oldu\u011funu <a href=\"https:\/\/x.com\/RichardGrenell\/status\/1888382972514250962\" target=\"_blank\" rel=\"noreferrer noopener\">bildirib<\/a>.<br><br>Onun s\u00f6zl\u0259rin\u0259 g\u00f6r\u0259, h\u0259r il bu qurumlara AB\u015e vergi \u00f6d\u0259yicil\u0259rinin milyonlarla dollar\u0131 x\u0259rcl\u0259nir.<br><br>\u0130lon Mask is\u0259 \u201cX\u201d hesab\u0131nda bu \u00e7a\u011f\u0131r\u0131\u015fa \u201cH\u0259, ba\u011flay\u0131n\u201d cavab\u0131n\u0131 <a href=\"https:\/\/x.com\/elonmusk\/status\/1888574212316582230\" target=\"_blank\" rel=\"noreferrer noopener\">verib<\/a>:<br><em><br>\u201cAvropa art\u0131q azadd\u0131r. He\u00e7 kim art\u0131q bu media qurumlar\u0131n\u0131 dinl\u0259mir. Onlar sad\u0259c\u0259 ifrat sol\u00e7ular\u0131n \u00f6z aralar\u0131nda dan\u0131\u015fd\u0131\u011f\u0131 v\u0259 h\u0259r il Amerika vergi \u00f6d\u0259yicil\u0259rinin 1 milyard dollar\u0131n\u0131 yand\u0131rd\u0131\u011f\u0131 qurumlard\u0131r\u201d.<\/em><br><br>Donald Tramp AB\u015e Prezidenti kimi f\u0259aliyy\u0259t\u0259 ba\u015flayan kimi milyarder \u0130lon Mask\u0131 H\u00f6kum\u0259tin S\u0259m\u0259r\u0259liliyi Departamentinin r\u0259hb\u0259ri t\u0259yin edib. Bu strukturun il yar\u0131m \u0259rzind\u0259 Amerika h\u00f6kum\u0259tinin s\u0259m\u0259r\u0259liliyini art\u0131raca\u011f\u0131 g\u00f6zl\u0259nilir.<br><br>Departament f\u0259aliyy\u0259tinin ilk g\u00fcnl\u0259rind\u0259 h\u00f6kum\u0259t \u00f6d\u0259ni\u015f sisteml\u0259rin\u0259 \u00e7\u0131x\u0131\u015f \u0259ld\u0259 edib. H\u0259m\u00e7inin USAID-in (AB\u015e-nin Beyn\u0259lxalq \u0130nki\u015faf Agentliyi) yenid\u0259n t\u0259\u015fkil edilm\u0259si istiqam\u0259tind\u0259 add\u0131mlar at\u0131b. Mask bu agentliyi \u201ccinay\u0259tkar t\u0259\u015fkilat\u201d adland\u0131raraq, onun b\u0259rpaolunmaz oldu\u011funu v\u0259 tamamil\u0259 ba\u011flanaca\u011f\u0131n\u0131 bildirib.<br><br>\u201cAmerikan\u0131n S\u0259si\u201d 1942-ci ild\u0259n f\u0259aliyy\u0259t g\u00f6st\u0259rir. Haz\u0131rda 43 dild\u0259 internetd\u0259, televiziyada v\u0259 radioda verili\u015fl\u0259r yaymlay\u0131r. \u201cAmerikan\u0131n S\u0259si\u201dnin Az\u0259rbaycan xidm\u0259ti m\u00fc\u0259yy\u0259n fasil\u0259l\u0259r istisna olmaqla 1952-ci ild\u0259n f\u0259aliyy\u0259t g\u00f6st\u0259rir. Sovet \u0130ttifaq\u0131 1991-ci ild\u0259 da\u011f\u0131lanad\u0259k \u201cAmerikan\u0131n S\u0259si\u201dnin Az\u0259rbaycan xidm\u0259tinin verili\u015fl\u0259ri q\u0131sa dal\u011fal\u0131 radiolarda yay\u0131mlan\u0131rd\u0131. 2008-ci ild\u0259 Az\u0259rbaycan Prezidenti \u0130lham \u018fliyevin f\u0259rman\u0131na \u0259sas\u0259n xarici yay\u0131m \u015firk\u0259tl\u0259ri Az\u0259rbaycan\u0131n yerli dal\u011falar\u0131ndan xaric edildikd\u0259n sonra \u201cAmerikan\u0131n S\u0259si\u201d \u00f6z verili\u015fl\u0259rini internetd\u0259 v\u0259 peyk televiziyas\u0131nda yay\u0131mlay\u0131r.<br><br>\u201cAzadl\u0131q Radiosu\u201d 1949-cu ild\u0259 yarad\u0131l\u0131b. H\u0259min vaxt Avropada \u015e\u0259rqi Avropa dill\u0259rind\u0259 radio vasit\u0259sil\u0259 x\u0259b\u0259r yaymaqla m\u0259\u015f\u011ful olub. Sovetl\u0259r da\u011f\u0131landan bu yana media t\u0259\u015fkilat\u0131 m\u00fcst\u0259qil qurum kimi, lakin AB\u015e h\u00f6kum\u0259tinin n\u0259zar\u0259ti v\u0259 maliyy\u0259si il\u0259 f\u0259aliyy\u0259tini davam etdirib. <br><br>\u201cAzadl\u0131q Radiosu\u201d 23 \u00f6lk\u0259d\u0259, 27 m\u00fcxt\u0259lif dild\u0259 \u00e7\u0131x\u0131r. Radio Az\u0259rbaycanda say\u0131 az olan m\u00fcst\u0259qil x\u0259b\u0259r saytlar\u0131ndan hesab edilir.<br><br>2014-c\u00fc ild\u0259 Az\u0259rbaycan hakimiyy\u0259ti v\u0259t\u0259nda\u015f c\u0259miyy\u0259tin\u0259, el\u0259c\u0259 d\u0259 m\u00fcst\u0259qil mediaya basq\u0131n\u0131 art\u0131randa radionun \u0259m\u0259kda\u015flar\u0131ndan bir n\u0259f\u0259r h\u0259bs edilib, bununla da qurum ofisini t\u0259rk etm\u0259li olub.<br><br>H\u0259min vaxt radio il\u0259 \u0259m\u0259kda\u015fl\u0131q etmi\u015f jurnalistl\u0259r istintaqa c\u0259lb edil\u0259r\u0259k dindirilib.<br>Ondan sonra qurumun \u0259m\u0259kda\u015flar\u0131n\u0131n \u00e7oxu Praqada f\u0259aliyy\u0259t g\u00f6st\u0259rm\u0259y\u0259 ba\u015flay\u0131b. Az\u0259rbaycanda is\u0259 m\u00fcst\u0259qil jurnalistl\u0259rl\u0259 \u0259m\u0259kda\u015fl\u0131\u011f\u0131 saxlay\u0131b.<\/p>\n\n\n\n<p>\u201cAzadl\u0131q Radiosu\u201dnun h\u0259m ingilis, h\u0259m az\u0259rbaycanca sayt\u0131 Az\u0259rbaycanda blokdad\u0131r.<br>2024-c\u00fc il dekabr\u0131n 18-d\u0259 Az\u0259rbaycan Prezidenti \u0130lham \u018fliyev Rusiyan\u0131n bir ne\u00e7\u0259 m\u0259tbu v\u0259 media orqan\u0131na m\u00fcsahib\u0259sind\u0259 demi\u015fdi ki, Az\u0259rbaycan medias\u0131 xaricd\u0259n h\u0259tta 1 faiz bel\u0259 maliyy\u0259l\u0259\u015f\u0259 bilm\u0259z.<br><br><em>\u201cBiz AB\u015e-d\u0259 media maliyy\u0259l\u0259\u015fdirmirik. Niy\u0259 onlar bizim median\u0131 maliyy\u0259l\u0259\u015fdirm\u0259lidirl\u0259r?! Laz\u0131m deyil. Onlar \u201cAmerikan\u0131n s\u0259si\u201d v\u0259 \u201cAzadl\u0131q\u201d radiosu kimi \u0259lalt\u0131 resurslar\u0131 vasit\u0259sil\u0259 gec\u0259-g\u00fcnd\u00fcz xalq\u0131m\u0131za, \u00f6lk\u0259miz\u0259 qara yax\u0131rlar, Erm\u0259nistan \u00fcz\u0259rind\u0259 q\u0259l\u0259b\u0259miz\u0259 k\u00f6lg\u0259 sal\u0131rlar\u201d, <\/em>&#8211; \u0130lham \u018fliyev <a href=\"https:\/\/storage.googleapis.com\/qurium\/www.meydan.tv\/az-article-ilham-eliyev-azerbaycan-mediasi-xaricden-hetta-1-faiz-bele-maliyyelese-bilmez.html\" target=\"_blank\" rel=\"noreferrer noopener\">bildirmi\u015fdi<\/a>.<br><\/p>\n","protected":false},"excerpt":{"rendered":"<p>Tramp\u0131n x\u00fcsusi n\u00fcmay\u0259nd\u0259si Ri\u00e7ard Qrenel bu media resurslar\u0131n\u0131n\u0131n \u201cke\u00e7mi\u015fin qal\u0131qlar\u0131\u201d &#8230; <\/p>\n<p class=\"read-more-container\"><a title=\"\u0130lon Mask \u201cAzadl\u0131q\u201d v\u0259 \u201cAmerikan\u0131n s\u0259si\u201dni ba\u011flamaq ist\u0259yir\" class=\"read-more button\" href=\"https:\/\/www.meydan.tv\/az\/article\/ilon-mask-azadliq-v%c9%99-amerikanin-s%c9%99sini-baglamaq-ist%c9%99yir\/#more-326129\" aria-label=\"Read more about \u0130lon Mask \u201cAzadl\u0131q\u201d v\u0259 \u201cAmerikan\u0131n s\u0259si\u201dni ba\u011flamaq ist\u0259yir\">Davam\u0131<\/a><\/p>\n","protected":false},"author":16,"featured_media":326131,"comment_status":"closed","ping_status":"closed","sticky":false,"template":"","format":"standard","meta":{"_acf_changed":false,"_sitemap_exclude":false,"_sitemap_priority":"","_sitemap_frequency":"","footnotes":""},"categories":[64,62,56],"tags":[],"class_list":["post-326129","post","type-post","status-publish","format-standard","has-post-thumbnail","hentry","category-dunya","category-sosial","category-xeberler","infinite-scroll-item","generate-columns","tablet-grid-50","mobile-grid-100","grid-parent","grid-33","no-featured-image-padding"],"acf":[],"yoast_head":"<!-- This site is optimized with the Yoast SEO plugin v27.4 - https:\/\/yoast.com\/product\/yoast-seo-wordpress\/ -->\n<title>\u0130lon Mask \u201cAzadl\u0131q\u201d v\u0259 \u201cAmerikan\u0131n s\u0259si\u201dni ba\u011flamaq ist\u0259yir - MEYDAN.TV<\/title>\n<meta name=\"robots\" content=\"index, follow, max-snippet:-1, max-image-preview:large, max-video-preview:-1\" \/>\n<link rel=\"canonical\" href=\"https:\/\/www.meydan.tv\/az\/article\/ilon-mask-azadliq-v%c9%99-amerikanin-s%c9%99sini-baglamaq-ist%c9%99yir\/\" \/>\n<meta property=\"og:locale\" content=\"az_AZ\" \/>\n<meta property=\"og:type\" content=\"article\" \/>\n<meta property=\"og:title\" content=\"\u0130lon Mask \u201cAzadl\u0131q\u201d v\u0259 \u201cAmerikan\u0131n s\u0259si\u201dni ba\u011flamaq ist\u0259yir - MEYDAN.TV\" \/>\n<meta property=\"og:description\" content=\"Tramp\u0131n x\u00fcsusi n\u00fcmay\u0259nd\u0259si Ri\u00e7ard Qrenel bu media resurslar\u0131n\u0131n\u0131n \u201cke\u00e7mi\u015fin qal\u0131qlar\u0131\u201d ... Davam\u0131\" \/>\n<meta property=\"og:url\" content=\"https:\/\/www.meydan.tv\/az\/article\/ilon-mask-azadliq-v%c9%99-amerikanin-s%c9%99sini-baglamaq-ist%c9%99yir\/\" \/>\n<meta property=\"og:site_name\" content=\"MEYDAN.TV\" \/>\n<meta property=\"article:published_time\" content=\"2025-02-10T14:19:21+00:00\" \/>\n<meta property=\"article:modified_time\" content=\"2025-02-10T14:19:24+00:00\" \/>\n<meta property=\"og:image\" content=\"https:\/\/www.meydan.tv\/wp-content\/uploads\/shutterstock_2318800297.jpg\" \/>\n\t<meta property=\"og:image:width\" content=\"1000\" \/>\n\t<meta property=\"og:image:height\" content=\"667\" \/>\n\t<meta property=\"og:image:type\" content=\"image\/jpeg\" \/>\n<meta name=\"author\" content=\"sevda\" \/>\n<meta name=\"twitter:card\" content=\"summary_large_image\" \/>\n<script type=\"application\/ld+json\" class=\"yoast-schema-graph\">{\"@context\":\"https:\\\/\\\/schema.org\",\"@graph\":[{\"@type\":\"Article\",\"@id\":\"https:\\\/\\\/www.meydan.tv\\\/az\\\/article\\\/ilon-mask-azadliq-v%c9%99-amerikanin-s%c9%99sini-baglamaq-ist%c9%99yir\\\/#article\",\"isPartOf\":{\"@id\":\"https:\\\/\\\/www.meydan.tv\\\/az\\\/article\\\/ilon-mask-azadliq-v%c9%99-amerikanin-s%c9%99sini-baglamaq-ist%c9%99yir\\\/\"},\"author\":{\"name\":\"sevda\",\"@id\":\"https:\\\/\\\/www.meydan.tv\\\/az\\\/#\\\/schema\\\/person\\\/49b5f2bad5b126bb8ea9320eeb3e4dc9\"},\"headline\":\"\u0130lon Mask \u201cAzadl\u0131q\u201d v\u0259 \u201cAmerikan\u0131n s\u0259si\u201dni ba\u011flamaq ist\u0259yir\",\"datePublished\":\"2025-02-10T14:19:21+00:00\",\"dateModified\":\"2025-02-10T14:19:24+00:00\",\"mainEntityOfPage\":{\"@id\":\"https:\\\/\\\/www.meydan.tv\\\/az\\\/article\\\/ilon-mask-azadliq-v%c9%99-amerikanin-s%c9%99sini-baglamaq-ist%c9%99yir\\\/\"},\"wordCount\":769,\"publisher\":{\"@id\":\"https:\\\/\\\/www.meydan.tv\\\/az\\\/#organization\"},\"image\":{\"@id\":\"https:\\\/\\\/www.meydan.tv\\\/az\\\/article\\\/ilon-mask-azadliq-v%c9%99-amerikanin-s%c9%99sini-baglamaq-ist%c9%99yir\\\/#primaryimage\"},\"thumbnailUrl\":\"https:\\\/\\\/www.meydan.tv\\\/wp-content\\\/uploads\\\/shutterstock_2318800297.jpg\",\"articleSection\":[\"D\u00fcnya\",\"Sosial\",\"X\u0259b\u0259rl\u0259r\"],\"inLanguage\":\"az\"},{\"@type\":\"WebPage\",\"@id\":\"https:\\\/\\\/www.meydan.tv\\\/az\\\/article\\\/ilon-mask-azadliq-v%c9%99-amerikanin-s%c9%99sini-baglamaq-ist%c9%99yir\\\/\",\"url\":\"https:\\\/\\\/www.meydan.tv\\\/az\\\/article\\\/ilon-mask-azadliq-v%c9%99-amerikanin-s%c9%99sini-baglamaq-ist%c9%99yir\\\/\",\"name\":\"\u0130lon Mask \u201cAzadl\u0131q\u201d v\u0259 \u201cAmerikan\u0131n s\u0259si\u201dni ba\u011flamaq ist\u0259yir - MEYDAN.TV\",\"isPartOf\":{\"@id\":\"https:\\\/\\\/www.meydan.tv\\\/az\\\/#website\"},\"primaryImageOfPage\":{\"@id\":\"https:\\\/\\\/www.meydan.tv\\\/az\\\/article\\\/ilon-mask-azadliq-v%c9%99-amerikanin-s%c9%99sini-baglamaq-ist%c9%99yir\\\/#primaryimage\"},\"image\":{\"@id\":\"https:\\\/\\\/www.meydan.tv\\\/az\\\/article\\\/ilon-mask-azadliq-v%c9%99-amerikanin-s%c9%99sini-baglamaq-ist%c9%99yir\\\/#primaryimage\"},\"thumbnailUrl\":\"https:\\\/\\\/www.meydan.tv\\\/wp-content\\\/uploads\\\/shutterstock_2318800297.jpg\",\"datePublished\":\"2025-02-10T14:19:21+00:00\",\"dateModified\":\"2025-02-10T14:19:24+00:00\",\"breadcrumb\":{\"@id\":\"https:\\\/\\\/www.meydan.tv\\\/az\\\/article\\\/ilon-mask-azadliq-v%c9%99-amerikanin-s%c9%99sini-baglamaq-ist%c9%99yir\\\/#breadcrumb\"},\"inLanguage\":\"az\",\"potentialAction\":[{\"@type\":\"ReadAction\",\"target\":[\"https:\\\/\\\/www.meydan.tv\\\/az\\\/article\\\/ilon-mask-azadliq-v%c9%99-amerikanin-s%c9%99sini-baglamaq-ist%c9%99yir\\\/\"]}]},{\"@type\":\"ImageObject\",\"inLanguage\":\"az\",\"@id\":\"https:\\\/\\\/www.meydan.tv\\\/az\\\/article\\\/ilon-mask-azadliq-v%c9%99-amerikanin-s%c9%99sini-baglamaq-ist%c9%99yir\\\/#primaryimage\",\"url\":\"https:\\\/\\\/www.meydan.tv\\\/wp-content\\\/uploads\\\/shutterstock_2318800297.jpg\",\"contentUrl\":\"https:\\\/\\\/www.meydan.tv\\\/wp-content\\\/uploads\\\/shutterstock_2318800297.jpg\",\"width\":1000,\"height\":667,\"caption\":\"Foto: Frederic Legrand\\\\shutterstock\"},{\"@type\":\"BreadcrumbList\",\"@id\":\"https:\\\/\\\/www.meydan.tv\\\/az\\\/article\\\/ilon-mask-azadliq-v%c9%99-amerikanin-s%c9%99sini-baglamaq-ist%c9%99yir\\\/#breadcrumb\",\"itemListElement\":[{\"@type\":\"ListItem\",\"position\":1,\"name\":\"Ana s\u0259hif\u0259\",\"item\":\"https:\\\/\\\/www.meydan.tv\\\/az\\\/\"},{\"@type\":\"ListItem\",\"position\":2,\"name\":\"D\u00fcnya\",\"item\":\"https:\\\/\\\/www.meydan.tv\\\/az\\\/section\\\/dunya\\\/\"},{\"@type\":\"ListItem\",\"position\":3,\"name\":\"\u0130lon Mask \u201cAzadl\u0131q\u201d v\u0259 \u201cAmerikan\u0131n s\u0259si\u201dni ba\u011flamaq ist\u0259yir\"}]},{\"@type\":\"WebSite\",\"@id\":\"https:\\\/\\\/www.meydan.tv\\\/az\\\/#website\",\"url\":\"https:\\\/\\\/www.meydan.tv\\\/az\\\/\",\"name\":\"MEYDAN.TV\",\"description\":\"Meydan TV Az\u0259rbaycan\u0131n media m\u0259kan\u0131ndak\u0131 alternativ s\u0259sidir\",\"publisher\":{\"@id\":\"https:\\\/\\\/www.meydan.tv\\\/az\\\/#organization\"},\"potentialAction\":[{\"@type\":\"SearchAction\",\"target\":{\"@type\":\"EntryPoint\",\"urlTemplate\":\"https:\\\/\\\/www.meydan.tv\\\/az\\\/?s={search_term_string}\"},\"query-input\":{\"@type\":\"PropertyValueSpecification\",\"valueRequired\":true,\"valueName\":\"search_term_string\"}}],\"inLanguage\":\"az\"},{\"@type\":\"Organization\",\"@id\":\"https:\\\/\\\/www.meydan.tv\\\/az\\\/#organization\",\"name\":\"Meydan TV\",\"url\":\"https:\\\/\\\/www.meydan.tv\\\/az\\\/\",\"logo\":{\"@type\":\"ImageObject\",\"inLanguage\":\"az\",\"@id\":\"https:\\\/\\\/www.meydan.tv\\\/az\\\/#\\\/schema\\\/logo\\\/image\\\/\",\"url\":\"https:\\\/\\\/www.meydan.tv\\\/wp-content\\\/uploads\\\/2021\\\/07\\\/meydan-logo.svg\",\"contentUrl\":\"https:\\\/\\\/www.meydan.tv\\\/wp-content\\\/uploads\\\/2021\\\/07\\\/meydan-logo.svg\",\"width\":195,\"height\":46,\"caption\":\"Meydan TV\"},\"image\":{\"@id\":\"https:\\\/\\\/www.meydan.tv\\\/az\\\/#\\\/schema\\\/logo\\\/image\\\/\"}},{\"@type\":\"Person\",\"@id\":\"https:\\\/\\\/www.meydan.tv\\\/az\\\/#\\\/schema\\\/person\\\/49b5f2bad5b126bb8ea9320eeb3e4dc9\",\"name\":\"sevda\"}]}<\/script>\n<!-- \/ Yoast SEO plugin. -->","yoast_head_json":{"title":"\u0130lon Mask \u201cAzadl\u0131q\u201d v\u0259 \u201cAmerikan\u0131n s\u0259si\u201dni ba\u011flamaq ist\u0259yir - MEYDAN.TV","robots":{"index":"index","follow":"follow","max-snippet":"max-snippet:-1","max-image-preview":"max-image-preview:large","max-video-preview":"max-video-preview:-1"},"canonical":"https:\/\/www.meydan.tv\/az\/article\/ilon-mask-azadliq-v%c9%99-amerikanin-s%c9%99sini-baglamaq-ist%c9%99yir\/","og_locale":"az_AZ","og_type":"article","og_title":"\u0130lon Mask \u201cAzadl\u0131q\u201d v\u0259 \u201cAmerikan\u0131n s\u0259si\u201dni ba\u011flamaq ist\u0259yir - MEYDAN.TV","og_description":"Tramp\u0131n x\u00fcsusi n\u00fcmay\u0259nd\u0259si Ri\u00e7ard Qrenel bu media resurslar\u0131n\u0131n\u0131n \u201cke\u00e7mi\u015fin qal\u0131qlar\u0131\u201d ... Davam\u0131","og_url":"https:\/\/www.meydan.tv\/az\/article\/ilon-mask-azadliq-v%c9%99-amerikanin-s%c9%99sini-baglamaq-ist%c9%99yir\/","og_site_name":"MEYDAN.TV","article_published_time":"2025-02-10T14:19:21+00:00","article_modified_time":"2025-02-10T14:19:24+00:00","og_image":[{"width":1000,"height":667,"url":"https:\/\/www.meydan.tv\/wp-content\/uploads\/shutterstock_2318800297.jpg","type":"image\/jpeg"}],"author":"sevda","twitter_card":"summary_large_image","schema":{"@context":"https:\/\/schema.org","@graph":[{"@type":"Article","@id":"https:\/\/www.meydan.tv\/az\/article\/ilon-mask-azadliq-v%c9%99-amerikanin-s%c9%99sini-baglamaq-ist%c9%99yir\/#article","isPartOf":{"@id":"https:\/\/www.meydan.tv\/az\/article\/ilon-mask-azadliq-v%c9%99-amerikanin-s%c9%99sini-baglamaq-ist%c9%99yir\/"},"author":{"name":"sevda","@id":"https:\/\/www.meydan.tv\/az\/#\/schema\/person\/49b5f2bad5b126bb8ea9320eeb3e4dc9"},"headline":"\u0130lon Mask \u201cAzadl\u0131q\u201d v\u0259 \u201cAmerikan\u0131n s\u0259si\u201dni ba\u011flamaq ist\u0259yir","datePublished":"2025-02-10T14:19:21+00:00","dateModified":"2025-02-10T14:19:24+00:00","mainEntityOfPage":{"@id":"https:\/\/www.meydan.tv\/az\/article\/ilon-mask-azadliq-v%c9%99-amerikanin-s%c9%99sini-baglamaq-ist%c9%99yir\/"},"wordCount":769,"publisher":{"@id":"https:\/\/www.meydan.tv\/az\/#organization"},"image":{"@id":"https:\/\/www.meydan.tv\/az\/article\/ilon-mask-azadliq-v%c9%99-amerikanin-s%c9%99sini-baglamaq-ist%c9%99yir\/#primaryimage"},"thumbnailUrl":"https:\/\/www.meydan.tv\/wp-content\/uploads\/shutterstock_2318800297.jpg","articleSection":["D\u00fcnya","Sosial","X\u0259b\u0259rl\u0259r"],"inLanguage":"az"},{"@type":"WebPage","@id":"https:\/\/www.meydan.tv\/az\/article\/ilon-mask-azadliq-v%c9%99-amerikanin-s%c9%99sini-baglamaq-ist%c9%99yir\/","url":"https:\/\/www.meydan.tv\/az\/article\/ilon-mask-azadliq-v%c9%99-amerikanin-s%c9%99sini-baglamaq-ist%c9%99yir\/","name":"\u0130lon Mask \u201cAzadl\u0131q\u201d v\u0259 \u201cAmerikan\u0131n s\u0259si\u201dni ba\u011flamaq ist\u0259yir - MEYDAN.TV","isPartOf":{"@id":"https:\/\/www.meydan.tv\/az\/#website"},"primaryImageOfPage":{"@id":"https:\/\/www.meydan.tv\/az\/article\/ilon-mask-azadliq-v%c9%99-amerikanin-s%c9%99sini-baglamaq-ist%c9%99yir\/#primaryimage"},"image":{"@id":"https:\/\/www.meydan.tv\/az\/article\/ilon-mask-azadliq-v%c9%99-amerikanin-s%c9%99sini-baglamaq-ist%c9%99yir\/#primaryimage"},"thumbnailUrl":"https:\/\/www.meydan.tv\/wp-content\/uploads\/shutterstock_2318800297.jpg","datePublished":"2025-02-10T14:19:21+00:00","dateModified":"2025-02-10T14:19:24+00:00","breadcrumb":{"@id":"https:\/\/www.meydan.tv\/az\/article\/ilon-mask-azadliq-v%c9%99-amerikanin-s%c9%99sini-baglamaq-ist%c9%99yir\/#breadcrumb"},"inLanguage":"az","potentialAction":[{"@type":"ReadAction","target":["https:\/\/www.meydan.tv\/az\/article\/ilon-mask-azadliq-v%c9%99-amerikanin-s%c9%99sini-baglamaq-ist%c9%99yir\/"]}]},{"@type":"ImageObject","inLanguage":"az","@id":"https:\/\/www.meydan.tv\/az\/article\/ilon-mask-azadliq-v%c9%99-amerikanin-s%c9%99sini-baglamaq-ist%c9%99yir\/#primaryimage","url":"https:\/\/www.meydan.tv\/wp-content\/uploads\/shutterstock_2318800297.jpg","contentUrl":"https:\/\/www.meydan.tv\/wp-content\/uploads\/shutterstock_2318800297.jpg","width":1000,"height":667,"caption":"Foto: Frederic Legrand\\shutterstock"},{"@type":"BreadcrumbList","@id":"https:\/\/www.meydan.tv\/az\/article\/ilon-mask-azadliq-v%c9%99-amerikanin-s%c9%99sini-baglamaq-ist%c9%99yir\/#breadcrumb","itemListElement":[{"@type":"ListItem","position":1,"name":"Ana s\u0259hif\u0259","item":"https:\/\/www.meydan.tv\/az\/"},{"@type":"ListItem","position":2,"name":"D\u00fcnya","item":"https:\/\/www.meydan.tv\/az\/section\/dunya\/"},{"@type":"ListItem","position":3,"name":"\u0130lon Mask \u201cAzadl\u0131q\u201d v\u0259 \u201cAmerikan\u0131n s\u0259si\u201dni ba\u011flamaq ist\u0259yir"}]},{"@type":"WebSite","@id":"https:\/\/www.meydan.tv\/az\/#website","url":"https:\/\/www.meydan.tv\/az\/","name":"MEYDAN.TV","description":"Meydan TV Az\u0259rbaycan\u0131n media m\u0259kan\u0131ndak\u0131 alternativ s\u0259sidir","publisher":{"@id":"https:\/\/www.meydan.tv\/az\/#organization"},"potentialAction":[{"@type":"SearchAction","target":{"@type":"EntryPoint","urlTemplate":"https:\/\/www.meydan.tv\/az\/?s={search_term_string}"},"query-input":{"@type":"PropertyValueSpecification","valueRequired":true,"valueName":"search_term_string"}}],"inLanguage":"az"},{"@type":"Organization","@id":"https:\/\/www.meydan.tv\/az\/#organization","name":"Meydan TV","url":"https:\/\/www.meydan.tv\/az\/","logo":{"@type":"ImageObject","inLanguage":"az","@id":"https:\/\/www.meydan.tv\/az\/#\/schema\/logo\/image\/","url":"https:\/\/www.meydan.tv\/wp-content\/uploads\/2021\/07\/meydan-logo.svg","contentUrl":"https:\/\/www.meydan.tv\/wp-content\/uploads\/2021\/07\/meydan-logo.svg","width":195,"height":46,"caption":"Meydan TV"},"image":{"@id":"https:\/\/www.meydan.tv\/az\/#\/schema\/logo\/image\/"}},{"@type":"Person","@id":"https:\/\/www.meydan.tv\/az\/#\/schema\/person\/49b5f2bad5b126bb8ea9320eeb3e4dc9","name":"sevda"}]}},"_links":{"self":[{"href":"https:\/\/www.meydan.tv\/az\/wp-json\/wp\/v2\/posts\/326129","targetHints":{"allow":["GET"]}}],"collection":[{"href":"https:\/\/www.meydan.tv\/az\/wp-json\/wp\/v2\/posts"}],"about":[{"href":"https:\/\/www.meydan.tv\/az\/wp-json\/wp\/v2\/types\/post"}],"author":[{"embeddable":true,"href":"https:\/\/www.meydan.tv\/az\/wp-json\/wp\/v2\/users\/16"}],"replies":[{"embeddable":true,"href":"https:\/\/www.meydan.tv\/az\/wp-json\/wp\/v2\/comments?post=326129"}],"version-history":[{"count":1,"href":"https:\/\/www.meydan.tv\/az\/wp-json\/wp\/v2\/posts\/326129\/revisions"}],"predecessor-version":[{"id":326130,"href":"https:\/\/www.meydan.tv\/az\/wp-json\/wp\/v2\/posts\/326129\/revisions\/326130"}],"wp:featuredmedia":[{"embeddable":true,"href":"https:\/\/www.meydan.tv\/az\/wp-json\/wp\/v2\/media\/326131"}],"wp:attachment":[{"href":"https:\/\/www.meydan.tv\/az\/wp-json\/wp\/v2\/media?parent=326129"}],"wp:term":[{"taxonomy":"category","embeddable":true,"href":"https:\/\/www.meydan.tv\/az\/wp-json\/wp\/v2\/categories?post=326129"},{"taxonomy":"post_tag","embeddable":true,"href":"https:\/\/www.meydan.tv\/az\/wp-json\/wp\/v2\/tags?post=326129"}],"curies":[{"name":"wp","href":"https:\/\/api.w.org\/{rel}","templated":true}]}}