{"id":326101,"date":"2025-02-10T13:52:20","date_gmt":"2025-02-10T09:52:20","guid":{"rendered":"https:\/\/www.meydan.tv\/?p=326101"},"modified":"2025-02-10T14:08:49","modified_gmt":"2025-02-10T10:08:49","slug":"iqbal-ebilovun-isi-m%c9%99hk%c9%99m%c9%99y%c9%99-gond%c9%99rilib","status":"publish","type":"post","link":"https:\/\/www.meydan.tv\/az\/article\/iqbal-ebilovun-isi-m%c9%99hk%c9%99m%c9%99y%c9%99-gond%c9%99rilib\/","title":{"rendered":"\u0130qbal \u018fbilovun i\u015fi m\u0259hk\u0259m\u0259y\u0259 g\u00f6nd\u0259rilib"},"content":{"rendered":"\n<p><em>\u018fbilovun \u00f6z\u00fc v\u0259 v\u0259kill\u0259ri art\u0131q i\u015fin materiallar\u0131 il\u0259 tan\u0131\u015f olublar<\/em><\/p>\n\n\n\n<p>Az\u0259rbaycanda h\u0259bsd\u0259 olan etnik t\u0259dqiqat\u00e7\u0131 \u0130qbal \u018fbilovun i\u015fi \u00fczr\u0259 ibtidai istintaq\u0131n ba\u015fa \u00e7atd\u0131\u011f\u0131 bildirilir.<\/p>\n\n\n\n<p><br>Bu bar\u0259d\u0259 t\u0259dqiqat\u00e7\u0131n\u0131n v\u0259kili Fariz Namazl\u0131 m\u0259lumat verib. Onun s\u00f6zl\u0259rin\u0259 g\u00f6r\u0259, \u018fbilovun \u00f6z\u00fc v\u0259 v\u0259kill\u0259ri art\u0131q i\u015fin materiallar\u0131 il\u0259 tan\u0131\u015f olublar.<\/p>\n\n\n\n<p><br>Cinay\u0259t i\u015finin bax\u0131lmas\u0131 \u00fc\u00e7\u00fcn g\u0259l\u0259n h\u0259ft\u0259 (17-23 fevral) Bak\u0131 A\u011f\u0131r Cinay\u0259tl\u0259r M\u0259hk\u0259m\u0259sin\u0259 g\u00f6nd\u0259ril\u0259c\u0259yi g\u00f6zl\u0259nilir.<\/p>\n\n\n\n<p><br>Belarusda ya\u015fayan \u0130qbal \u018fbilov 2024-c\u00fc il iyulun 22-d\u0259 Az\u0259rbaycana qohumlar\u0131n\u0131n yan\u0131na g\u0259ldiyi zaman saxlan\u0131l\u0131b.<\/p>\n\n\n\n<p><br>Az\u0259rbaycandak\u0131 milli azl\u0131qlar, o c\u00fcml\u0259d\u0259n tal\u0131\u015flarla ba\u011fl\u0131 ara\u015fd\u0131rma aparan etnoqraf \u0130qbal \u018fbilov bar\u0259sind\u0259 2024-c\u00fc il iyulun 24-d\u0259 S\u0259bail Rayon M\u0259hk\u0259m\u0259sind\u0259 ilkin istintaq d\u00f6vr\u00fc \u00fc\u00e7\u00fcn 4 ayl\u0131q h\u0259bs q\u0259timkan t\u0259dbiri se\u00e7ilib. Daha sonra h\u0259bs m\u00fcdd\u0259ti uzad\u0131l\u0131b.<\/p>\n\n\n\n<p><br>\u00d6z\u00fc d\u0259 milliyy\u0259tc\u0259 etnik tal\u0131\u015f olan \u0130qbal \u018fbilova qar\u015f\u0131 Cinay\u0259t M\u0259c\u0259ll\u0259sinin 274 (d\u00f6vl\u0259t\u0259 x\u0259yan\u0259t), 281.3 (d\u00f6vl\u0259t \u0259leyhin\u0259 y\u00f6n\u0259l\u0259n a\u00e7\u0131q \u00e7a\u011f\u0131r\u0131\u015flar \u2013 xarici t\u0259\u015fkilatlar\u0131n v\u0259 onlar\u0131n n\u00fcmay\u0259nd\u0259l\u0259rinin tap\u015f\u0131r\u0131\u011f\u0131 il\u0259 t\u00f6r\u0259dildikd\u0259) v\u0259 283.1-ci (milli, irqi, sosial v\u0259 ya dini nifr\u0259t v\u0259 d\u00fc\u015fm\u0259n\u00e7iliyin sal\u0131nmas\u0131) madd\u0259l\u0259ril\u0259 ittiham ir\u0259li s\u00fcr\u00fcl\u00fcb.<\/p>\n\n\n\n<p><br>\u0130qbal \u018fbilov Erm\u0259nistan x\u00fcsusi xidm\u0259t orqanlar\u0131 il\u0259 \u0259m\u0259kda\u015fl\u0131qda, raz\u0131la\u015fd\u0131r\u0131lm\u0131\u015f \u015f\u0259kild\u0259 Az\u0259rbaycanda milli z\u0259mind\u0259 nifr\u0259t yaratmaq c\u0259hdind\u0259 ittiham olunur.<\/p>\n\n\n\n<p><br>Yax\u0131nlar\u0131n\u0131n Meydan TV-y\u0259 verdiyi m\u0259lumatlara g\u00f6r\u0259, \u0130qbal \u018fbilov bu ittihamlarla raz\u0131la\u015fm\u0131r, \u00f6z\u00fcn\u00fc t\u0259qsirli bilmir.<\/p>\n\n\n\n<p><br>O, haz\u0131rda D\u00f6vl\u0259t T\u0259hl\u00fck\u0259sizliyi Xidm\u0259tinin (DTX) istintaq t\u0259cridxanas\u0131nda saxlan\u0131l\u0131r.<br><\/p>\n\n\n\n<p>\u0130qbal \u018fbilov Latviyada qeydiyyatdan ke\u00e7mi\u015f Tal\u0131\u015f Milli Akademiyas\u0131n\u0131n t\u0259sis\u00e7il\u0259rind\u0259n biridir.<\/p>\n","protected":false},"excerpt":{"rendered":"<p>\u018fbilovun \u00f6z\u00fc v\u0259 v\u0259kill\u0259ri art\u0131q i\u015fin materiallar\u0131 il\u0259 tan\u0131\u015f olublar &#8230; <\/p>\n<p class=\"read-more-container\"><a title=\"\u0130qbal \u018fbilovun i\u015fi m\u0259hk\u0259m\u0259y\u0259 g\u00f6nd\u0259rilib\" class=\"read-more button\" href=\"https:\/\/www.meydan.tv\/az\/article\/iqbal-ebilovun-isi-m%c9%99hk%c9%99m%c9%99y%c9%99-gond%c9%99rilib\/#more-326101\" aria-label=\"Read more about \u0130qbal \u018fbilovun i\u015fi m\u0259hk\u0259m\u0259y\u0259 g\u00f6nd\u0259rilib\">Davam\u0131<\/a><\/p>\n","protected":false},"author":12,"featured_media":320697,"comment_status":"closed","ping_status":"closed","sticky":false,"template":"","format":"standard","meta":{"_acf_changed":false,"_sitemap_exclude":false,"_sitemap_priority":"","_sitemap_frequency":"","footnotes":""},"categories":[56],"tags":[],"class_list":["post-326101","post","type-post","status-publish","format-standard","has-post-thumbnail","hentry","category-xeberler","infinite-scroll-item","generate-columns","tablet-grid-50","mobile-grid-100","grid-parent","grid-33","no-featured-image-padding"],"acf":[],"yoast_head":"<!-- This site is optimized with the Yoast SEO plugin v27.5 - https:\/\/yoast.com\/product\/yoast-seo-wordpress\/ -->\n<title>\u0130qbal \u018fbilovun i\u015fi m\u0259hk\u0259m\u0259y\u0259 g\u00f6nd\u0259rilib - MEYDAN.TV<\/title>\n<meta name=\"robots\" content=\"index, follow, max-snippet:-1, max-image-preview:large, max-video-preview:-1\" \/>\n<link rel=\"canonical\" href=\"https:\/\/www.meydan.tv\/az\/article\/iqbal-ebilovun-isi-m%c9%99hk%c9%99m%c9%99y%c9%99-gond%c9%99rilib\/\" \/>\n<meta property=\"og:locale\" content=\"az_AZ\" \/>\n<meta property=\"og:type\" content=\"article\" \/>\n<meta property=\"og:title\" content=\"\u0130qbal \u018fbilovun i\u015fi m\u0259hk\u0259m\u0259y\u0259 g\u00f6nd\u0259rilib - MEYDAN.TV\" \/>\n<meta property=\"og:description\" content=\"\u018fbilovun \u00f6z\u00fc v\u0259 v\u0259kill\u0259ri art\u0131q i\u015fin materiallar\u0131 il\u0259 tan\u0131\u015f olublar ... Davam\u0131\" \/>\n<meta property=\"og:url\" content=\"https:\/\/www.meydan.tv\/az\/article\/iqbal-ebilovun-isi-m%c9%99hk%c9%99m%c9%99y%c9%99-gond%c9%99rilib\/\" \/>\n<meta property=\"og:site_name\" content=\"MEYDAN.TV\" \/>\n<meta property=\"article:published_time\" content=\"2025-02-10T09:52:20+00:00\" \/>\n<meta property=\"article:modified_time\" content=\"2025-02-10T10:08:49+00:00\" \/>\n<meta property=\"og:image\" content=\"https:\/\/www.meydan.tv\/wp-content\/uploads\/img_1576_720-e1732706859876.jpg\" \/>\n\t<meta property=\"og:image:width\" content=\"1200\" \/>\n\t<meta property=\"og:image:height\" content=\"604\" \/>\n\t<meta property=\"og:image:type\" content=\"image\/jpeg\" \/>\n<meta name=\"author\" content=\"aleks\" \/>\n<meta name=\"twitter:card\" content=\"summary_large_image\" \/>\n<script type=\"application\/ld+json\" class=\"yoast-schema-graph\">{\"@context\":\"https:\\\/\\\/schema.org\",\"@graph\":[{\"@type\":\"Article\",\"@id\":\"https:\\\/\\\/www.meydan.tv\\\/az\\\/article\\\/iqbal-ebilovun-isi-m%c9%99hk%c9%99m%c9%99y%c9%99-gond%c9%99rilib\\\/#article\",\"isPartOf\":{\"@id\":\"https:\\\/\\\/www.meydan.tv\\\/az\\\/article\\\/iqbal-ebilovun-isi-m%c9%99hk%c9%99m%c9%99y%c9%99-gond%c9%99rilib\\\/\"},\"author\":{\"name\":\"aleks\",\"@id\":\"https:\\\/\\\/www.meydan.tv\\\/az\\\/#\\\/schema\\\/person\\\/476e9360e593fa131d5d71d51866f8da\"},\"headline\":\"\u0130qbal \u018fbilovun i\u015fi m\u0259hk\u0259m\u0259y\u0259 g\u00f6nd\u0259rilib\",\"datePublished\":\"2025-02-10T09:52:20+00:00\",\"dateModified\":\"2025-02-10T10:08:49+00:00\",\"mainEntityOfPage\":{\"@id\":\"https:\\\/\\\/www.meydan.tv\\\/az\\\/article\\\/iqbal-ebilovun-isi-m%c9%99hk%c9%99m%c9%99y%c9%99-gond%c9%99rilib\\\/\"},\"wordCount\":365,\"publisher\":{\"@id\":\"https:\\\/\\\/www.meydan.tv\\\/az\\\/#organization\"},\"image\":{\"@id\":\"https:\\\/\\\/www.meydan.tv\\\/az\\\/article\\\/iqbal-ebilovun-isi-m%c9%99hk%c9%99m%c9%99y%c9%99-gond%c9%99rilib\\\/#primaryimage\"},\"thumbnailUrl\":\"https:\\\/\\\/www.meydan.tv\\\/wp-content\\\/uploads\\\/img_1576_720-e1732706859876.jpg\",\"articleSection\":[\"X\u0259b\u0259rl\u0259r\"],\"inLanguage\":\"az\"},{\"@type\":\"WebPage\",\"@id\":\"https:\\\/\\\/www.meydan.tv\\\/az\\\/article\\\/iqbal-ebilovun-isi-m%c9%99hk%c9%99m%c9%99y%c9%99-gond%c9%99rilib\\\/\",\"url\":\"https:\\\/\\\/www.meydan.tv\\\/az\\\/article\\\/iqbal-ebilovun-isi-m%c9%99hk%c9%99m%c9%99y%c9%99-gond%c9%99rilib\\\/\",\"name\":\"\u0130qbal \u018fbilovun i\u015fi m\u0259hk\u0259m\u0259y\u0259 g\u00f6nd\u0259rilib - MEYDAN.TV\",\"isPartOf\":{\"@id\":\"https:\\\/\\\/www.meydan.tv\\\/az\\\/#website\"},\"primaryImageOfPage\":{\"@id\":\"https:\\\/\\\/www.meydan.tv\\\/az\\\/article\\\/iqbal-ebilovun-isi-m%c9%99hk%c9%99m%c9%99y%c9%99-gond%c9%99rilib\\\/#primaryimage\"},\"image\":{\"@id\":\"https:\\\/\\\/www.meydan.tv\\\/az\\\/article\\\/iqbal-ebilovun-isi-m%c9%99hk%c9%99m%c9%99y%c9%99-gond%c9%99rilib\\\/#primaryimage\"},\"thumbnailUrl\":\"https:\\\/\\\/www.meydan.tv\\\/wp-content\\\/uploads\\\/img_1576_720-e1732706859876.jpg\",\"datePublished\":\"2025-02-10T09:52:20+00:00\",\"dateModified\":\"2025-02-10T10:08:49+00:00\",\"breadcrumb\":{\"@id\":\"https:\\\/\\\/www.meydan.tv\\\/az\\\/article\\\/iqbal-ebilovun-isi-m%c9%99hk%c9%99m%c9%99y%c9%99-gond%c9%99rilib\\\/#breadcrumb\"},\"inLanguage\":\"az\",\"potentialAction\":[{\"@type\":\"ReadAction\",\"target\":[\"https:\\\/\\\/www.meydan.tv\\\/az\\\/article\\\/iqbal-ebilovun-isi-m%c9%99hk%c9%99m%c9%99y%c9%99-gond%c9%99rilib\\\/\"]}]},{\"@type\":\"ImageObject\",\"inLanguage\":\"az\",\"@id\":\"https:\\\/\\\/www.meydan.tv\\\/az\\\/article\\\/iqbal-ebilovun-isi-m%c9%99hk%c9%99m%c9%99y%c9%99-gond%c9%99rilib\\\/#primaryimage\",\"url\":\"https:\\\/\\\/www.meydan.tv\\\/wp-content\\\/uploads\\\/img_1576_720-e1732706859876.jpg\",\"contentUrl\":\"https:\\\/\\\/www.meydan.tv\\\/wp-content\\\/uploads\\\/img_1576_720-e1732706859876.jpg\",\"width\":1200,\"height\":604,\"caption\":\"\u0130ll\u00fcstrasiya: Meydan TV\"},{\"@type\":\"BreadcrumbList\",\"@id\":\"https:\\\/\\\/www.meydan.tv\\\/az\\\/article\\\/iqbal-ebilovun-isi-m%c9%99hk%c9%99m%c9%99y%c9%99-gond%c9%99rilib\\\/#breadcrumb\",\"itemListElement\":[{\"@type\":\"ListItem\",\"position\":1,\"name\":\"Ana s\u0259hif\u0259\",\"item\":\"https:\\\/\\\/www.meydan.tv\\\/az\\\/\"},{\"@type\":\"ListItem\",\"position\":2,\"name\":\"X\u0259b\u0259rl\u0259r\",\"item\":\"https:\\\/\\\/www.meydan.tv\\\/az\\\/section\\\/xeberler\\\/\"},{\"@type\":\"ListItem\",\"position\":3,\"name\":\"\u0130qbal \u018fbilovun i\u015fi m\u0259hk\u0259m\u0259y\u0259 g\u00f6nd\u0259rilib\"}]},{\"@type\":\"WebSite\",\"@id\":\"https:\\\/\\\/www.meydan.tv\\\/az\\\/#website\",\"url\":\"https:\\\/\\\/www.meydan.tv\\\/az\\\/\",\"name\":\"MEYDAN.TV\",\"description\":\"Meydan TV Az\u0259rbaycan\u0131n media m\u0259kan\u0131ndak\u0131 alternativ s\u0259sidir\",\"publisher\":{\"@id\":\"https:\\\/\\\/www.meydan.tv\\\/az\\\/#organization\"},\"potentialAction\":[{\"@type\":\"SearchAction\",\"target\":{\"@type\":\"EntryPoint\",\"urlTemplate\":\"https:\\\/\\\/www.meydan.tv\\\/az\\\/?s={search_term_string}\"},\"query-input\":{\"@type\":\"PropertyValueSpecification\",\"valueRequired\":true,\"valueName\":\"search_term_string\"}}],\"inLanguage\":\"az\"},{\"@type\":\"Organization\",\"@id\":\"https:\\\/\\\/www.meydan.tv\\\/az\\\/#organization\",\"name\":\"Meydan TV\",\"url\":\"https:\\\/\\\/www.meydan.tv\\\/az\\\/\",\"logo\":{\"@type\":\"ImageObject\",\"inLanguage\":\"az\",\"@id\":\"https:\\\/\\\/www.meydan.tv\\\/az\\\/#\\\/schema\\\/logo\\\/image\\\/\",\"url\":\"https:\\\/\\\/www.meydan.tv\\\/wp-content\\\/uploads\\\/2021\\\/07\\\/meydan-logo.svg\",\"contentUrl\":\"https:\\\/\\\/www.meydan.tv\\\/wp-content\\\/uploads\\\/2021\\\/07\\\/meydan-logo.svg\",\"width\":195,\"height\":46,\"caption\":\"Meydan TV\"},\"image\":{\"@id\":\"https:\\\/\\\/www.meydan.tv\\\/az\\\/#\\\/schema\\\/logo\\\/image\\\/\"}},{\"@type\":\"Person\",\"@id\":\"https:\\\/\\\/www.meydan.tv\\\/az\\\/#\\\/schema\\\/person\\\/476e9360e593fa131d5d71d51866f8da\",\"name\":\"aleks\"}]}<\/script>\n<!-- \/ Yoast SEO plugin. -->","yoast_head_json":{"title":"\u0130qbal \u018fbilovun i\u015fi m\u0259hk\u0259m\u0259y\u0259 g\u00f6nd\u0259rilib - MEYDAN.TV","robots":{"index":"index","follow":"follow","max-snippet":"max-snippet:-1","max-image-preview":"max-image-preview:large","max-video-preview":"max-video-preview:-1"},"canonical":"https:\/\/www.meydan.tv\/az\/article\/iqbal-ebilovun-isi-m%c9%99hk%c9%99m%c9%99y%c9%99-gond%c9%99rilib\/","og_locale":"az_AZ","og_type":"article","og_title":"\u0130qbal \u018fbilovun i\u015fi m\u0259hk\u0259m\u0259y\u0259 g\u00f6nd\u0259rilib - MEYDAN.TV","og_description":"\u018fbilovun \u00f6z\u00fc v\u0259 v\u0259kill\u0259ri art\u0131q i\u015fin materiallar\u0131 il\u0259 tan\u0131\u015f olublar ... Davam\u0131","og_url":"https:\/\/www.meydan.tv\/az\/article\/iqbal-ebilovun-isi-m%c9%99hk%c9%99m%c9%99y%c9%99-gond%c9%99rilib\/","og_site_name":"MEYDAN.TV","article_published_time":"2025-02-10T09:52:20+00:00","article_modified_time":"2025-02-10T10:08:49+00:00","og_image":[{"width":1200,"height":604,"url":"https:\/\/www.meydan.tv\/wp-content\/uploads\/img_1576_720-e1732706859876.jpg","type":"image\/jpeg"}],"author":"aleks","twitter_card":"summary_large_image","schema":{"@context":"https:\/\/schema.org","@graph":[{"@type":"Article","@id":"https:\/\/www.meydan.tv\/az\/article\/iqbal-ebilovun-isi-m%c9%99hk%c9%99m%c9%99y%c9%99-gond%c9%99rilib\/#article","isPartOf":{"@id":"https:\/\/www.meydan.tv\/az\/article\/iqbal-ebilovun-isi-m%c9%99hk%c9%99m%c9%99y%c9%99-gond%c9%99rilib\/"},"author":{"name":"aleks","@id":"https:\/\/www.meydan.tv\/az\/#\/schema\/person\/476e9360e593fa131d5d71d51866f8da"},"headline":"\u0130qbal \u018fbilovun i\u015fi m\u0259hk\u0259m\u0259y\u0259 g\u00f6nd\u0259rilib","datePublished":"2025-02-10T09:52:20+00:00","dateModified":"2025-02-10T10:08:49+00:00","mainEntityOfPage":{"@id":"https:\/\/www.meydan.tv\/az\/article\/iqbal-ebilovun-isi-m%c9%99hk%c9%99m%c9%99y%c9%99-gond%c9%99rilib\/"},"wordCount":365,"publisher":{"@id":"https:\/\/www.meydan.tv\/az\/#organization"},"image":{"@id":"https:\/\/www.meydan.tv\/az\/article\/iqbal-ebilovun-isi-m%c9%99hk%c9%99m%c9%99y%c9%99-gond%c9%99rilib\/#primaryimage"},"thumbnailUrl":"https:\/\/www.meydan.tv\/wp-content\/uploads\/img_1576_720-e1732706859876.jpg","articleSection":["X\u0259b\u0259rl\u0259r"],"inLanguage":"az"},{"@type":"WebPage","@id":"https:\/\/www.meydan.tv\/az\/article\/iqbal-ebilovun-isi-m%c9%99hk%c9%99m%c9%99y%c9%99-gond%c9%99rilib\/","url":"https:\/\/www.meydan.tv\/az\/article\/iqbal-ebilovun-isi-m%c9%99hk%c9%99m%c9%99y%c9%99-gond%c9%99rilib\/","name":"\u0130qbal \u018fbilovun i\u015fi m\u0259hk\u0259m\u0259y\u0259 g\u00f6nd\u0259rilib - MEYDAN.TV","isPartOf":{"@id":"https:\/\/www.meydan.tv\/az\/#website"},"primaryImageOfPage":{"@id":"https:\/\/www.meydan.tv\/az\/article\/iqbal-ebilovun-isi-m%c9%99hk%c9%99m%c9%99y%c9%99-gond%c9%99rilib\/#primaryimage"},"image":{"@id":"https:\/\/www.meydan.tv\/az\/article\/iqbal-ebilovun-isi-m%c9%99hk%c9%99m%c9%99y%c9%99-gond%c9%99rilib\/#primaryimage"},"thumbnailUrl":"https:\/\/www.meydan.tv\/wp-content\/uploads\/img_1576_720-e1732706859876.jpg","datePublished":"2025-02-10T09:52:20+00:00","dateModified":"2025-02-10T10:08:49+00:00","breadcrumb":{"@id":"https:\/\/www.meydan.tv\/az\/article\/iqbal-ebilovun-isi-m%c9%99hk%c9%99m%c9%99y%c9%99-gond%c9%99rilib\/#breadcrumb"},"inLanguage":"az","potentialAction":[{"@type":"ReadAction","target":["https:\/\/www.meydan.tv\/az\/article\/iqbal-ebilovun-isi-m%c9%99hk%c9%99m%c9%99y%c9%99-gond%c9%99rilib\/"]}]},{"@type":"ImageObject","inLanguage":"az","@id":"https:\/\/www.meydan.tv\/az\/article\/iqbal-ebilovun-isi-m%c9%99hk%c9%99m%c9%99y%c9%99-gond%c9%99rilib\/#primaryimage","url":"https:\/\/www.meydan.tv\/wp-content\/uploads\/img_1576_720-e1732706859876.jpg","contentUrl":"https:\/\/www.meydan.tv\/wp-content\/uploads\/img_1576_720-e1732706859876.jpg","width":1200,"height":604,"caption":"\u0130ll\u00fcstrasiya: Meydan TV"},{"@type":"BreadcrumbList","@id":"https:\/\/www.meydan.tv\/az\/article\/iqbal-ebilovun-isi-m%c9%99hk%c9%99m%c9%99y%c9%99-gond%c9%99rilib\/#breadcrumb","itemListElement":[{"@type":"ListItem","position":1,"name":"Ana s\u0259hif\u0259","item":"https:\/\/www.meydan.tv\/az\/"},{"@type":"ListItem","position":2,"name":"X\u0259b\u0259rl\u0259r","item":"https:\/\/www.meydan.tv\/az\/section\/xeberler\/"},{"@type":"ListItem","position":3,"name":"\u0130qbal \u018fbilovun i\u015fi m\u0259hk\u0259m\u0259y\u0259 g\u00f6nd\u0259rilib"}]},{"@type":"WebSite","@id":"https:\/\/www.meydan.tv\/az\/#website","url":"https:\/\/www.meydan.tv\/az\/","name":"MEYDAN.TV","description":"Meydan TV Az\u0259rbaycan\u0131n media m\u0259kan\u0131ndak\u0131 alternativ s\u0259sidir","publisher":{"@id":"https:\/\/www.meydan.tv\/az\/#organization"},"potentialAction":[{"@type":"SearchAction","target":{"@type":"EntryPoint","urlTemplate":"https:\/\/www.meydan.tv\/az\/?s={search_term_string}"},"query-input":{"@type":"PropertyValueSpecification","valueRequired":true,"valueName":"search_term_string"}}],"inLanguage":"az"},{"@type":"Organization","@id":"https:\/\/www.meydan.tv\/az\/#organization","name":"Meydan TV","url":"https:\/\/www.meydan.tv\/az\/","logo":{"@type":"ImageObject","inLanguage":"az","@id":"https:\/\/www.meydan.tv\/az\/#\/schema\/logo\/image\/","url":"https:\/\/www.meydan.tv\/wp-content\/uploads\/2021\/07\/meydan-logo.svg","contentUrl":"https:\/\/www.meydan.tv\/wp-content\/uploads\/2021\/07\/meydan-logo.svg","width":195,"height":46,"caption":"Meydan TV"},"image":{"@id":"https:\/\/www.meydan.tv\/az\/#\/schema\/logo\/image\/"}},{"@type":"Person","@id":"https:\/\/www.meydan.tv\/az\/#\/schema\/person\/476e9360e593fa131d5d71d51866f8da","name":"aleks"}]}},"_links":{"self":[{"href":"https:\/\/www.meydan.tv\/az\/wp-json\/wp\/v2\/posts\/326101","targetHints":{"allow":["GET"]}}],"collection":[{"href":"https:\/\/www.meydan.tv\/az\/wp-json\/wp\/v2\/posts"}],"about":[{"href":"https:\/\/www.meydan.tv\/az\/wp-json\/wp\/v2\/types\/post"}],"author":[{"embeddable":true,"href":"https:\/\/www.meydan.tv\/az\/wp-json\/wp\/v2\/users\/12"}],"replies":[{"embeddable":true,"href":"https:\/\/www.meydan.tv\/az\/wp-json\/wp\/v2\/comments?post=326101"}],"version-history":[{"count":3,"href":"https:\/\/www.meydan.tv\/az\/wp-json\/wp\/v2\/posts\/326101\/revisions"}],"predecessor-version":[{"id":326104,"href":"https:\/\/www.meydan.tv\/az\/wp-json\/wp\/v2\/posts\/326101\/revisions\/326104"}],"wp:featuredmedia":[{"embeddable":true,"href":"https:\/\/www.meydan.tv\/az\/wp-json\/wp\/v2\/media\/320697"}],"wp:attachment":[{"href":"https:\/\/www.meydan.tv\/az\/wp-json\/wp\/v2\/media?parent=326101"}],"wp:term":[{"taxonomy":"category","embeddable":true,"href":"https:\/\/www.meydan.tv\/az\/wp-json\/wp\/v2\/categories?post=326101"},{"taxonomy":"post_tag","embeddable":true,"href":"https:\/\/www.meydan.tv\/az\/wp-json\/wp\/v2\/tags?post=326101"}],"curies":[{"name":"wp","href":"https:\/\/api.w.org\/{rel}","templated":true}]}}