{"id":326074,"date":"2025-02-10T00:07:33","date_gmt":"2025-02-09T20:07:33","guid":{"rendered":"https:\/\/www.meydan.tv\/?p=326074"},"modified":"2025-02-10T14:17:29","modified_gmt":"2025-02-10T10:17:29","slug":"ictimai-f%c9%99al-afi%c9%99ddin-m%c9%99mm%c9%99dov-acliq-aksiyasina-baslayib","status":"publish","type":"post","link":"https:\/\/www.meydan.tv\/az\/article\/ictimai-f%c9%99al-afi%c9%99ddin-m%c9%99mm%c9%99dov-acliq-aksiyasina-baslayib\/","title":{"rendered":"\u0130ctimai f\u0259al Afi\u0259ddin M\u0259mm\u0259dov acl\u0131q aksiyas\u0131na ba\u015flay\u0131b"},"content":{"rendered":"\n<p><em>Afi\u0259ddin M\u0259mm\u0259dovun s\u0259hh\u0259tind\u0259 bir s\u0131ra probleml\u0259r var<\/em><\/p>\n\n\n\n<p>H\u0259bsd\u0259 olan ictimai f\u0259al Afi\u0259ddin M\u0259mm\u0259dov \u00f6lk\u0259d\u0259 ged\u0259n prosesl\u0259r\u0259 v\u0259 silsil\u0259 h\u0259bsl\u0259r\u0259 etiraz olaraq acl\u0131q aksiyas\u0131na ba\u015flay\u0131b.<\/p>\n\n\n\n<p>Bu bar\u0259d\u0259 f\u0259al\u0131n yax\u0131nlar\u0131 m\u0259lumat verib.<\/p>\n\n\n\n<p>Afi\u0259ddin M\u0259mm\u0259dovun s\u0259hh\u0259tind\u0259 bir s\u0131ra probleml\u0259rin m\u00f6vcud oldu\u011fu bildirilir. F\u0259al acl\u0131q aksiyas\u0131n\u0131n m\u00fcdd\u0259tsiz oldu\u011funu bildirib.<\/p>\n\n\n\n<p><a><\/a>\u201c\u0130\u015f\u00e7i Masas\u0131\u201d H\u0259mkarlar \u0130ttifaqlar\u0131 Konfederasiyas\u0131n\u0131n s\u0259dri, 2023-c\u00fc ilin sentyabr\u0131ndan h\u0259bsd\u0259 olan ictimai f\u0259al Afi\u0259ddin M\u0259mm\u0259dov 8 il azadl\u0131qdan m\u0259hrum edilib.<\/p>\n\n\n\n<p>Afi\u0259ddin M\u0259mm\u0259dova qar\u015f\u0131 Cinay\u0259t M\u0259c\u0259ll\u0259sinin 126.2.4 (q\u0259sd\u0259n b\u0259d\u0259n\u0259 a\u011f\u0131r x\u0259sar\u0259t yetirm\u0259-xuliqanl\u0131q niyy\u0259til\u0259 t\u00f6r\u0259dildikd\u0259) v\u0259 221.3 (xuliqanl\u0131q \u2013 silah v\u0259 ya silah qismind\u0259 \u0259\u015fyadan istifad\u0259 etm\u0259kl\u0259 madd\u0259l\u0259ril\u0259 ittiham ir\u0259li s\u00fcr\u00fcl\u00fcb.<\/p>\n\n\n\n<p>\u0130ctimai f\u0259al Afi\u0259ddin M\u0259mm\u0259dov bundan \u0259vv\u0259l d\u0259 polis\u0259 m\u00fcqavim\u0259t ittiham\u0131yla bir ne\u00e7\u0259 d\u0259f\u0259 h\u0259bs olunub. Lakin o, bu ittihamlar\u0131n saxta oldu\u011funu, ictimai f\u0259aliyy\u0259tin\u0259 g\u00f6r\u0259 c\u0259zaland\u0131r\u0131ld\u0131\u011f\u0131n\u0131 bildirib.<\/p>\n\n\n\n<p>O, avqustun sonunda 30 sutkal\u0131q h\u0259bsd\u0259n burax\u0131landan sonra bildirmi\u015fdi ki, Bak\u0131 \u015f\u0259h\u0259r Ba\u015f Polis \u0130dar\u0259sind\u0259 ondan telefonuna daxil olmaq \u00fc\u00e7\u00fcn parolu verm\u0259yi t\u0259l\u0259b edibl\u0259r.<\/p>\n\n\n\n<p>O is\u0259 verm\u0259kd\u0259n imtina edib.<\/p>\n\n\n\n<p>Buna g\u00f6r\u0259 orada i\u015fg\u0259nc\u0259y\u0259 m\u0259ruz qal\u0131b.<\/p>\n","protected":false},"excerpt":{"rendered":"<p>Afi\u0259ddin M\u0259mm\u0259dovun s\u0259hh\u0259tind\u0259 bir s\u0131ra probleml\u0259r var H\u0259bsd\u0259 olan ictimai &#8230; <\/p>\n<p class=\"read-more-container\"><a title=\"\u0130ctimai f\u0259al Afi\u0259ddin M\u0259mm\u0259dov acl\u0131q aksiyas\u0131na ba\u015flay\u0131b\" class=\"read-more button\" href=\"https:\/\/www.meydan.tv\/az\/article\/ictimai-f%c9%99al-afi%c9%99ddin-m%c9%99mm%c9%99dov-acliq-aksiyasina-baslayib\/#more-326074\" aria-label=\"Read more about \u0130ctimai f\u0259al Afi\u0259ddin M\u0259mm\u0259dov acl\u0131q aksiyas\u0131na ba\u015flay\u0131b\">Davam\u0131<\/a><\/p>\n","protected":false},"author":14,"featured_media":326075,"comment_status":"closed","ping_status":"closed","sticky":false,"template":"","format":"standard","meta":{"_acf_changed":false,"_sitemap_exclude":false,"_sitemap_priority":"","_sitemap_frequency":"","footnotes":""},"categories":[79,56],"tags":[],"class_list":["post-326074","post","type-post","status-publish","format-standard","has-post-thumbnail","hentry","category-featured","category-xeberler","infinite-scroll-item","generate-columns","tablet-grid-50","mobile-grid-100","grid-parent","grid-33","no-featured-image-padding"],"acf":[],"yoast_head":"<!-- This site is optimized with the Yoast SEO plugin v27.5 - https:\/\/yoast.com\/product\/yoast-seo-wordpress\/ -->\n<title>\u0130ctimai f\u0259al Afi\u0259ddin M\u0259mm\u0259dov acl\u0131q aksiyas\u0131na ba\u015flay\u0131b - MEYDAN.TV<\/title>\n<meta name=\"robots\" content=\"index, follow, max-snippet:-1, max-image-preview:large, max-video-preview:-1\" \/>\n<link rel=\"canonical\" href=\"https:\/\/www.meydan.tv\/az\/article\/ictimai-f%c9%99al-afi%c9%99ddin-m%c9%99mm%c9%99dov-acliq-aksiyasina-baslayib\/\" \/>\n<meta property=\"og:locale\" content=\"az_AZ\" \/>\n<meta property=\"og:type\" content=\"article\" \/>\n<meta property=\"og:title\" content=\"\u0130ctimai f\u0259al Afi\u0259ddin M\u0259mm\u0259dov acl\u0131q aksiyas\u0131na ba\u015flay\u0131b - MEYDAN.TV\" \/>\n<meta property=\"og:description\" content=\"Afi\u0259ddin M\u0259mm\u0259dovun s\u0259hh\u0259tind\u0259 bir s\u0131ra probleml\u0259r var H\u0259bsd\u0259 olan ictimai ... Davam\u0131\" \/>\n<meta property=\"og:url\" content=\"https:\/\/www.meydan.tv\/az\/article\/ictimai-f%c9%99al-afi%c9%99ddin-m%c9%99mm%c9%99dov-acliq-aksiyasina-baslayib\/\" \/>\n<meta property=\"og:site_name\" content=\"MEYDAN.TV\" \/>\n<meta property=\"article:published_time\" content=\"2025-02-09T20:07:33+00:00\" \/>\n<meta property=\"article:modified_time\" content=\"2025-02-10T10:17:29+00:00\" \/>\n<meta property=\"og:image\" content=\"https:\/\/www.meydan.tv\/wp-content\/uploads\/4535.png\" \/>\n\t<meta property=\"og:image:width\" content=\"1179\" \/>\n\t<meta property=\"og:image:height\" content=\"576\" \/>\n\t<meta property=\"og:image:type\" content=\"image\/png\" \/>\n<meta name=\"author\" content=\"roma\" \/>\n<meta name=\"twitter:card\" content=\"summary_large_image\" \/>\n<script type=\"application\/ld+json\" class=\"yoast-schema-graph\">{\"@context\":\"https:\\\/\\\/schema.org\",\"@graph\":[{\"@type\":\"Article\",\"@id\":\"https:\\\/\\\/www.meydan.tv\\\/az\\\/article\\\/ictimai-f%c9%99al-afi%c9%99ddin-m%c9%99mm%c9%99dov-acliq-aksiyasina-baslayib\\\/#article\",\"isPartOf\":{\"@id\":\"https:\\\/\\\/www.meydan.tv\\\/az\\\/article\\\/ictimai-f%c9%99al-afi%c9%99ddin-m%c9%99mm%c9%99dov-acliq-aksiyasina-baslayib\\\/\"},\"author\":{\"name\":\"roma\",\"@id\":\"https:\\\/\\\/www.meydan.tv\\\/az\\\/#\\\/schema\\\/person\\\/8f23e01c4de63326c13c319fb65ee65d\"},\"headline\":\"\u0130ctimai f\u0259al Afi\u0259ddin M\u0259mm\u0259dov acl\u0131q aksiyas\u0131na ba\u015flay\u0131b\",\"datePublished\":\"2025-02-09T20:07:33+00:00\",\"dateModified\":\"2025-02-10T10:17:29+00:00\",\"mainEntityOfPage\":{\"@id\":\"https:\\\/\\\/www.meydan.tv\\\/az\\\/article\\\/ictimai-f%c9%99al-afi%c9%99ddin-m%c9%99mm%c9%99dov-acliq-aksiyasina-baslayib\\\/\"},\"wordCount\":284,\"publisher\":{\"@id\":\"https:\\\/\\\/www.meydan.tv\\\/az\\\/#organization\"},\"image\":{\"@id\":\"https:\\\/\\\/www.meydan.tv\\\/az\\\/article\\\/ictimai-f%c9%99al-afi%c9%99ddin-m%c9%99mm%c9%99dov-acliq-aksiyasina-baslayib\\\/#primaryimage\"},\"thumbnailUrl\":\"https:\\\/\\\/www.meydan.tv\\\/wp-content\\\/uploads\\\/4535.png\",\"articleSection\":[\"T\u00f6vsiy\u0259\",\"X\u0259b\u0259rl\u0259r\"],\"inLanguage\":\"az\"},{\"@type\":\"WebPage\",\"@id\":\"https:\\\/\\\/www.meydan.tv\\\/az\\\/article\\\/ictimai-f%c9%99al-afi%c9%99ddin-m%c9%99mm%c9%99dov-acliq-aksiyasina-baslayib\\\/\",\"url\":\"https:\\\/\\\/www.meydan.tv\\\/az\\\/article\\\/ictimai-f%c9%99al-afi%c9%99ddin-m%c9%99mm%c9%99dov-acliq-aksiyasina-baslayib\\\/\",\"name\":\"\u0130ctimai f\u0259al Afi\u0259ddin M\u0259mm\u0259dov acl\u0131q aksiyas\u0131na ba\u015flay\u0131b - MEYDAN.TV\",\"isPartOf\":{\"@id\":\"https:\\\/\\\/www.meydan.tv\\\/az\\\/#website\"},\"primaryImageOfPage\":{\"@id\":\"https:\\\/\\\/www.meydan.tv\\\/az\\\/article\\\/ictimai-f%c9%99al-afi%c9%99ddin-m%c9%99mm%c9%99dov-acliq-aksiyasina-baslayib\\\/#primaryimage\"},\"image\":{\"@id\":\"https:\\\/\\\/www.meydan.tv\\\/az\\\/article\\\/ictimai-f%c9%99al-afi%c9%99ddin-m%c9%99mm%c9%99dov-acliq-aksiyasina-baslayib\\\/#primaryimage\"},\"thumbnailUrl\":\"https:\\\/\\\/www.meydan.tv\\\/wp-content\\\/uploads\\\/4535.png\",\"datePublished\":\"2025-02-09T20:07:33+00:00\",\"dateModified\":\"2025-02-10T10:17:29+00:00\",\"breadcrumb\":{\"@id\":\"https:\\\/\\\/www.meydan.tv\\\/az\\\/article\\\/ictimai-f%c9%99al-afi%c9%99ddin-m%c9%99mm%c9%99dov-acliq-aksiyasina-baslayib\\\/#breadcrumb\"},\"inLanguage\":\"az\",\"potentialAction\":[{\"@type\":\"ReadAction\",\"target\":[\"https:\\\/\\\/www.meydan.tv\\\/az\\\/article\\\/ictimai-f%c9%99al-afi%c9%99ddin-m%c9%99mm%c9%99dov-acliq-aksiyasina-baslayib\\\/\"]}]},{\"@type\":\"ImageObject\",\"inLanguage\":\"az\",\"@id\":\"https:\\\/\\\/www.meydan.tv\\\/az\\\/article\\\/ictimai-f%c9%99al-afi%c9%99ddin-m%c9%99mm%c9%99dov-acliq-aksiyasina-baslayib\\\/#primaryimage\",\"url\":\"https:\\\/\\\/www.meydan.tv\\\/wp-content\\\/uploads\\\/4535.png\",\"contentUrl\":\"https:\\\/\\\/www.meydan.tv\\\/wp-content\\\/uploads\\\/4535.png\",\"width\":1179,\"height\":576,\"caption\":\"Afi\u0259ddin M\u0259mm\u0259dov. Foto: \u015e\u0259xsi Facebook s\u0259hif\u0259si\"},{\"@type\":\"BreadcrumbList\",\"@id\":\"https:\\\/\\\/www.meydan.tv\\\/az\\\/article\\\/ictimai-f%c9%99al-afi%c9%99ddin-m%c9%99mm%c9%99dov-acliq-aksiyasina-baslayib\\\/#breadcrumb\",\"itemListElement\":[{\"@type\":\"ListItem\",\"position\":1,\"name\":\"Ana s\u0259hif\u0259\",\"item\":\"https:\\\/\\\/www.meydan.tv\\\/az\\\/\"},{\"@type\":\"ListItem\",\"position\":2,\"name\":\"X\u0259b\u0259rl\u0259r\",\"item\":\"https:\\\/\\\/www.meydan.tv\\\/az\\\/section\\\/xeberler\\\/\"},{\"@type\":\"ListItem\",\"position\":3,\"name\":\"\u0130ctimai f\u0259al Afi\u0259ddin M\u0259mm\u0259dov acl\u0131q aksiyas\u0131na ba\u015flay\u0131b\"}]},{\"@type\":\"WebSite\",\"@id\":\"https:\\\/\\\/www.meydan.tv\\\/az\\\/#website\",\"url\":\"https:\\\/\\\/www.meydan.tv\\\/az\\\/\",\"name\":\"MEYDAN.TV\",\"description\":\"Meydan TV Az\u0259rbaycan\u0131n media m\u0259kan\u0131ndak\u0131 alternativ s\u0259sidir\",\"publisher\":{\"@id\":\"https:\\\/\\\/www.meydan.tv\\\/az\\\/#organization\"},\"potentialAction\":[{\"@type\":\"SearchAction\",\"target\":{\"@type\":\"EntryPoint\",\"urlTemplate\":\"https:\\\/\\\/www.meydan.tv\\\/az\\\/?s={search_term_string}\"},\"query-input\":{\"@type\":\"PropertyValueSpecification\",\"valueRequired\":true,\"valueName\":\"search_term_string\"}}],\"inLanguage\":\"az\"},{\"@type\":\"Organization\",\"@id\":\"https:\\\/\\\/www.meydan.tv\\\/az\\\/#organization\",\"name\":\"Meydan TV\",\"url\":\"https:\\\/\\\/www.meydan.tv\\\/az\\\/\",\"logo\":{\"@type\":\"ImageObject\",\"inLanguage\":\"az\",\"@id\":\"https:\\\/\\\/www.meydan.tv\\\/az\\\/#\\\/schema\\\/logo\\\/image\\\/\",\"url\":\"https:\\\/\\\/www.meydan.tv\\\/wp-content\\\/uploads\\\/2021\\\/07\\\/meydan-logo.svg\",\"contentUrl\":\"https:\\\/\\\/www.meydan.tv\\\/wp-content\\\/uploads\\\/2021\\\/07\\\/meydan-logo.svg\",\"width\":195,\"height\":46,\"caption\":\"Meydan TV\"},\"image\":{\"@id\":\"https:\\\/\\\/www.meydan.tv\\\/az\\\/#\\\/schema\\\/logo\\\/image\\\/\"}},{\"@type\":\"Person\",\"@id\":\"https:\\\/\\\/www.meydan.tv\\\/az\\\/#\\\/schema\\\/person\\\/8f23e01c4de63326c13c319fb65ee65d\",\"name\":\"roma\"}]}<\/script>\n<!-- \/ Yoast SEO plugin. -->","yoast_head_json":{"title":"\u0130ctimai f\u0259al Afi\u0259ddin M\u0259mm\u0259dov acl\u0131q aksiyas\u0131na ba\u015flay\u0131b - MEYDAN.TV","robots":{"index":"index","follow":"follow","max-snippet":"max-snippet:-1","max-image-preview":"max-image-preview:large","max-video-preview":"max-video-preview:-1"},"canonical":"https:\/\/www.meydan.tv\/az\/article\/ictimai-f%c9%99al-afi%c9%99ddin-m%c9%99mm%c9%99dov-acliq-aksiyasina-baslayib\/","og_locale":"az_AZ","og_type":"article","og_title":"\u0130ctimai f\u0259al Afi\u0259ddin M\u0259mm\u0259dov acl\u0131q aksiyas\u0131na ba\u015flay\u0131b - MEYDAN.TV","og_description":"Afi\u0259ddin M\u0259mm\u0259dovun s\u0259hh\u0259tind\u0259 bir s\u0131ra probleml\u0259r var H\u0259bsd\u0259 olan ictimai ... Davam\u0131","og_url":"https:\/\/www.meydan.tv\/az\/article\/ictimai-f%c9%99al-afi%c9%99ddin-m%c9%99mm%c9%99dov-acliq-aksiyasina-baslayib\/","og_site_name":"MEYDAN.TV","article_published_time":"2025-02-09T20:07:33+00:00","article_modified_time":"2025-02-10T10:17:29+00:00","og_image":[{"width":1179,"height":576,"url":"https:\/\/www.meydan.tv\/wp-content\/uploads\/4535.png","type":"image\/png"}],"author":"roma","twitter_card":"summary_large_image","schema":{"@context":"https:\/\/schema.org","@graph":[{"@type":"Article","@id":"https:\/\/www.meydan.tv\/az\/article\/ictimai-f%c9%99al-afi%c9%99ddin-m%c9%99mm%c9%99dov-acliq-aksiyasina-baslayib\/#article","isPartOf":{"@id":"https:\/\/www.meydan.tv\/az\/article\/ictimai-f%c9%99al-afi%c9%99ddin-m%c9%99mm%c9%99dov-acliq-aksiyasina-baslayib\/"},"author":{"name":"roma","@id":"https:\/\/www.meydan.tv\/az\/#\/schema\/person\/8f23e01c4de63326c13c319fb65ee65d"},"headline":"\u0130ctimai f\u0259al Afi\u0259ddin M\u0259mm\u0259dov acl\u0131q aksiyas\u0131na ba\u015flay\u0131b","datePublished":"2025-02-09T20:07:33+00:00","dateModified":"2025-02-10T10:17:29+00:00","mainEntityOfPage":{"@id":"https:\/\/www.meydan.tv\/az\/article\/ictimai-f%c9%99al-afi%c9%99ddin-m%c9%99mm%c9%99dov-acliq-aksiyasina-baslayib\/"},"wordCount":284,"publisher":{"@id":"https:\/\/www.meydan.tv\/az\/#organization"},"image":{"@id":"https:\/\/www.meydan.tv\/az\/article\/ictimai-f%c9%99al-afi%c9%99ddin-m%c9%99mm%c9%99dov-acliq-aksiyasina-baslayib\/#primaryimage"},"thumbnailUrl":"https:\/\/www.meydan.tv\/wp-content\/uploads\/4535.png","articleSection":["T\u00f6vsiy\u0259","X\u0259b\u0259rl\u0259r"],"inLanguage":"az"},{"@type":"WebPage","@id":"https:\/\/www.meydan.tv\/az\/article\/ictimai-f%c9%99al-afi%c9%99ddin-m%c9%99mm%c9%99dov-acliq-aksiyasina-baslayib\/","url":"https:\/\/www.meydan.tv\/az\/article\/ictimai-f%c9%99al-afi%c9%99ddin-m%c9%99mm%c9%99dov-acliq-aksiyasina-baslayib\/","name":"\u0130ctimai f\u0259al Afi\u0259ddin M\u0259mm\u0259dov acl\u0131q aksiyas\u0131na ba\u015flay\u0131b - MEYDAN.TV","isPartOf":{"@id":"https:\/\/www.meydan.tv\/az\/#website"},"primaryImageOfPage":{"@id":"https:\/\/www.meydan.tv\/az\/article\/ictimai-f%c9%99al-afi%c9%99ddin-m%c9%99mm%c9%99dov-acliq-aksiyasina-baslayib\/#primaryimage"},"image":{"@id":"https:\/\/www.meydan.tv\/az\/article\/ictimai-f%c9%99al-afi%c9%99ddin-m%c9%99mm%c9%99dov-acliq-aksiyasina-baslayib\/#primaryimage"},"thumbnailUrl":"https:\/\/www.meydan.tv\/wp-content\/uploads\/4535.png","datePublished":"2025-02-09T20:07:33+00:00","dateModified":"2025-02-10T10:17:29+00:00","breadcrumb":{"@id":"https:\/\/www.meydan.tv\/az\/article\/ictimai-f%c9%99al-afi%c9%99ddin-m%c9%99mm%c9%99dov-acliq-aksiyasina-baslayib\/#breadcrumb"},"inLanguage":"az","potentialAction":[{"@type":"ReadAction","target":["https:\/\/www.meydan.tv\/az\/article\/ictimai-f%c9%99al-afi%c9%99ddin-m%c9%99mm%c9%99dov-acliq-aksiyasina-baslayib\/"]}]},{"@type":"ImageObject","inLanguage":"az","@id":"https:\/\/www.meydan.tv\/az\/article\/ictimai-f%c9%99al-afi%c9%99ddin-m%c9%99mm%c9%99dov-acliq-aksiyasina-baslayib\/#primaryimage","url":"https:\/\/www.meydan.tv\/wp-content\/uploads\/4535.png","contentUrl":"https:\/\/www.meydan.tv\/wp-content\/uploads\/4535.png","width":1179,"height":576,"caption":"Afi\u0259ddin M\u0259mm\u0259dov. Foto: \u015e\u0259xsi Facebook s\u0259hif\u0259si"},{"@type":"BreadcrumbList","@id":"https:\/\/www.meydan.tv\/az\/article\/ictimai-f%c9%99al-afi%c9%99ddin-m%c9%99mm%c9%99dov-acliq-aksiyasina-baslayib\/#breadcrumb","itemListElement":[{"@type":"ListItem","position":1,"name":"Ana s\u0259hif\u0259","item":"https:\/\/www.meydan.tv\/az\/"},{"@type":"ListItem","position":2,"name":"X\u0259b\u0259rl\u0259r","item":"https:\/\/www.meydan.tv\/az\/section\/xeberler\/"},{"@type":"ListItem","position":3,"name":"\u0130ctimai f\u0259al Afi\u0259ddin M\u0259mm\u0259dov acl\u0131q aksiyas\u0131na ba\u015flay\u0131b"}]},{"@type":"WebSite","@id":"https:\/\/www.meydan.tv\/az\/#website","url":"https:\/\/www.meydan.tv\/az\/","name":"MEYDAN.TV","description":"Meydan TV Az\u0259rbaycan\u0131n media m\u0259kan\u0131ndak\u0131 alternativ s\u0259sidir","publisher":{"@id":"https:\/\/www.meydan.tv\/az\/#organization"},"potentialAction":[{"@type":"SearchAction","target":{"@type":"EntryPoint","urlTemplate":"https:\/\/www.meydan.tv\/az\/?s={search_term_string}"},"query-input":{"@type":"PropertyValueSpecification","valueRequired":true,"valueName":"search_term_string"}}],"inLanguage":"az"},{"@type":"Organization","@id":"https:\/\/www.meydan.tv\/az\/#organization","name":"Meydan TV","url":"https:\/\/www.meydan.tv\/az\/","logo":{"@type":"ImageObject","inLanguage":"az","@id":"https:\/\/www.meydan.tv\/az\/#\/schema\/logo\/image\/","url":"https:\/\/www.meydan.tv\/wp-content\/uploads\/2021\/07\/meydan-logo.svg","contentUrl":"https:\/\/www.meydan.tv\/wp-content\/uploads\/2021\/07\/meydan-logo.svg","width":195,"height":46,"caption":"Meydan TV"},"image":{"@id":"https:\/\/www.meydan.tv\/az\/#\/schema\/logo\/image\/"}},{"@type":"Person","@id":"https:\/\/www.meydan.tv\/az\/#\/schema\/person\/8f23e01c4de63326c13c319fb65ee65d","name":"roma"}]}},"_links":{"self":[{"href":"https:\/\/www.meydan.tv\/az\/wp-json\/wp\/v2\/posts\/326074","targetHints":{"allow":["GET"]}}],"collection":[{"href":"https:\/\/www.meydan.tv\/az\/wp-json\/wp\/v2\/posts"}],"about":[{"href":"https:\/\/www.meydan.tv\/az\/wp-json\/wp\/v2\/types\/post"}],"author":[{"embeddable":true,"href":"https:\/\/www.meydan.tv\/az\/wp-json\/wp\/v2\/users\/14"}],"replies":[{"embeddable":true,"href":"https:\/\/www.meydan.tv\/az\/wp-json\/wp\/v2\/comments?post=326074"}],"version-history":[{"count":3,"href":"https:\/\/www.meydan.tv\/az\/wp-json\/wp\/v2\/posts\/326074\/revisions"}],"predecessor-version":[{"id":326107,"href":"https:\/\/www.meydan.tv\/az\/wp-json\/wp\/v2\/posts\/326074\/revisions\/326107"}],"wp:featuredmedia":[{"embeddable":true,"href":"https:\/\/www.meydan.tv\/az\/wp-json\/wp\/v2\/media\/326075"}],"wp:attachment":[{"href":"https:\/\/www.meydan.tv\/az\/wp-json\/wp\/v2\/media?parent=326074"}],"wp:term":[{"taxonomy":"category","embeddable":true,"href":"https:\/\/www.meydan.tv\/az\/wp-json\/wp\/v2\/categories?post=326074"},{"taxonomy":"post_tag","embeddable":true,"href":"https:\/\/www.meydan.tv\/az\/wp-json\/wp\/v2\/tags?post=326074"}],"curies":[{"name":"wp","href":"https:\/\/api.w.org\/{rel}","templated":true}]}}