{"id":326066,"date":"2025-02-08T21:42:04","date_gmt":"2025-02-08T17:42:04","guid":{"rendered":"https:\/\/www.meydan.tv\/?p=326066"},"modified":"2025-02-10T13:07:11","modified_gmt":"2025-02-10T09:07:11","slug":"huquq-mudafi%c9%99cil%c9%99ri-jurnalist-sahnaz-b%c9%99yl%c9%99rqizi-il%c9%99-bagli-ilham-eliyev%c9%99-muraci%c9%99t-edibl%c9%99r","status":"publish","type":"post","link":"https:\/\/www.meydan.tv\/az\/article\/huquq-mudafi%c9%99cil%c9%99ri-jurnalist-sahnaz-b%c9%99yl%c9%99rqizi-il%c9%99-bagli-ilham-eliyev%c9%99-muraci%c9%99t-edibl%c9%99r\/","title":{"rendered":"H\u00fcquq m\u00fcdafi\u0259\u00e7il\u0259ri jurnalist il\u0259 ba\u011fl\u0131 \u0130lham \u018fliyev\u0259 m\u00fcraci\u0259t edibl\u0259r"},"content":{"rendered":"\n<p><strong><em>Onlar haz\u0131rda h\u0259bsd\u0259 olan jurnalistin\u00a0s\u0259hh\u0259tind\u0259 m\u00f6vcud olan probleml\u0259rl\u0259 ba\u011fl\u0131 narahatl\u0131qlar\u0131n\u0131 ifad\u0259 edibl\u0259r <\/em><\/strong><\/p>\n\n\n\n<p>H\u00fcquq M\u00fcdafi\u0259 T\u0259\u015fkilatlar\u0131 Monitorinq Qrupunun \u00fczvl\u0259ri Novella C\u0259f\u0259ro\u011flu, S\u0259id\u0259 Qocamanl\u0131 v\u0259 S\u0259ad\u0259t B\u0259nanyarl\u0131 \u0130lham \u018fliyev v\u0259 Mehriban \u018fliyevaya m\u00fcraci\u0259t edibl\u0259r.<\/p>\n\n\n\n<p>Turan agentliyi <a href=\"https:\/\/turan.az\/az\/siyaset\/azerbaycan-respublikasinin-prezidenti-cenab-ilham-eliyeve-790218\" target=\"_blank\" rel=\"noreferrer noopener\">x\u0259b\u0259r verir ki<\/a>, onlar haz\u0131rda h\u0259bsd\u0259 olan \u015eahnaz B\u0259yl\u0259rq\u0131z\u0131n\u0131n ev dustaql\u0131\u011f\u0131na burax\u0131lmas\u0131\u00a0\u00fc\u00e7\u00fcn t\u0259klif\u00a0v\u0259 jurnalistin\u00a0s\u0259hh\u0259tind\u0259 m\u00f6vcud olan probleml\u0259rl\u0259 ba\u011fl\u0131 narahatl\u0131q bildiribl\u0259r:<\/p>\n\n\n\n<p><em>\u201cO, beyin \u015fi\u015fi, \u015f\u0259k\u0259rli diabet, hipertoniya kimi a\u011f\u0131r x\u0259st\u0259likl\u0259rd\u0259n \u0259ziyy\u0259t \u00e7\u0259kir. \u0130stintaq v\u0259 m\u0259hk\u0259m\u0259 gedi\u015find\u0259 d\u0259f\u0259l\u0259rl\u0259 onun v\u0259ziyy\u0259ti a\u011f\u0131rla\u015f\u0131b v\u0259 t\u0259cili tibbi yard\u0131m xidm\u0259tinin \u0259m\u0259kda\u015flar\u0131 \u00e7a\u011f\u0131r\u0131l\u0131b. Haz\u0131rda da o, K\u00fcrd\u0259xan\u0131 \u0130stintaq T\u0259cridxanas\u0131n\u0131n tibbi hiss\u0259sind\u0259 saxlan\u0131l\u0131r v\u0259 h\u0259kim n\u0259zar\u0259ti alt\u0131ndad\u0131r. Onu da qeyd ed\u0259k ki, jurnalistin himay\u0259sind\u0259 iki azya\u015fl\u0131 \u00f6vlad\u0131 var\u201d.<\/em><\/p>\n\n\n\n<p>2023-c\u00fc ilin noyabr\u0131ndan bu yana Az\u0259rbaycanda 30-dan art\u0131q jurnalist h\u0259bs olunub.<\/p>\n\n\n\n<p>Onlar\u0131n aras\u0131nda \u201cMeydan TV\u201d, \u201cAbzasMedia\u201d, \u201cToplum TV\u201d, Kanal 13\u201d, \u201c<a target=\"_blank\" href=\"http:\/\/meclis.info\/\" rel=\"noreferrer noopener\">meclis.info<\/a>\u201d kimi t\u0259nqid\u00e7i media orqanlar\u0131n\u0131n r\u0259hb\u0259rl\u0259ri v\u0259 \u00e7oxsayl\u0131 \u0259m\u0259kda\u015flar\u0131 var.<\/p>\n\n\n\n<p>Jurnalistl\u0259r\u0259 qar\u015f\u0131 qa\u00e7aqmal\u00e7\u0131l\u0131q ittiham\u0131 ir\u0259li s\u00fcr\u00fcl\u00fcb. Lakin onlar bu ittiham\u0131 r\u0259dd edir, jurnalist f\u0259aliyy\u0259tl\u0259rin\u0259, korrupsiya ara\u015fd\u0131rmalar\u0131na g\u00f6r\u0259 h\u0259bs olunduqlar\u0131n\u0131 bildirirl\u0259r.<\/p>\n","protected":false},"excerpt":{"rendered":"<p>Onlar haz\u0131rda h\u0259bsd\u0259 olan jurnalistin\u00a0s\u0259hh\u0259tind\u0259 m\u00f6vcud olan probleml\u0259rl\u0259 ba\u011fl\u0131 narahatl\u0131qlar\u0131n\u0131 &#8230; <\/p>\n<p class=\"read-more-container\"><a title=\"H\u00fcquq m\u00fcdafi\u0259\u00e7il\u0259ri jurnalist il\u0259 ba\u011fl\u0131 \u0130lham \u018fliyev\u0259 m\u00fcraci\u0259t edibl\u0259r\" class=\"read-more button\" href=\"https:\/\/www.meydan.tv\/az\/article\/huquq-mudafi%c9%99cil%c9%99ri-jurnalist-sahnaz-b%c9%99yl%c9%99rqizi-il%c9%99-bagli-ilham-eliyev%c9%99-muraci%c9%99t-edibl%c9%99r\/#more-326066\" aria-label=\"Read more about H\u00fcquq m\u00fcdafi\u0259\u00e7il\u0259ri jurnalist il\u0259 ba\u011fl\u0131 \u0130lham \u018fliyev\u0259 m\u00fcraci\u0259t edibl\u0259r\">Davam\u0131<\/a><\/p>\n","protected":false},"author":16,"featured_media":325962,"comment_status":"closed","ping_status":"closed","sticky":false,"template":"","format":"standard","meta":{"_acf_changed":false,"_sitemap_exclude":false,"_sitemap_priority":"","_sitemap_frequency":"","footnotes":""},"categories":[62,79,56],"tags":[],"class_list":["post-326066","post","type-post","status-publish","format-standard","has-post-thumbnail","hentry","category-sosial","category-featured","category-xeberler","infinite-scroll-item","generate-columns","tablet-grid-50","mobile-grid-100","grid-parent","grid-33","no-featured-image-padding"],"acf":[],"yoast_head":"<!-- This site is optimized with the Yoast SEO plugin v27.4 - https:\/\/yoast.com\/product\/yoast-seo-wordpress\/ -->\n<title>H\u00fcquq m\u00fcdafi\u0259\u00e7il\u0259ri jurnalist il\u0259 ba\u011fl\u0131 \u0130lham \u018fliyev\u0259 m\u00fcraci\u0259t edibl\u0259r - MEYDAN.TV<\/title>\n<meta name=\"robots\" content=\"index, follow, max-snippet:-1, max-image-preview:large, max-video-preview:-1\" \/>\n<link rel=\"canonical\" href=\"https:\/\/www.meydan.tv\/az\/article\/huquq-mudafi%c9%99cil%c9%99ri-jurnalist-sahnaz-b%c9%99yl%c9%99rqizi-il%c9%99-bagli-ilham-eliyev%c9%99-muraci%c9%99t-edibl%c9%99r\/\" \/>\n<meta property=\"og:locale\" content=\"az_AZ\" \/>\n<meta property=\"og:type\" content=\"article\" \/>\n<meta property=\"og:title\" content=\"H\u00fcquq m\u00fcdafi\u0259\u00e7il\u0259ri jurnalist il\u0259 ba\u011fl\u0131 \u0130lham \u018fliyev\u0259 m\u00fcraci\u0259t edibl\u0259r - MEYDAN.TV\" \/>\n<meta property=\"og:description\" content=\"Onlar haz\u0131rda h\u0259bsd\u0259 olan jurnalistin\u00a0s\u0259hh\u0259tind\u0259 m\u00f6vcud olan probleml\u0259rl\u0259 ba\u011fl\u0131 narahatl\u0131qlar\u0131n\u0131 ... Davam\u0131\" \/>\n<meta property=\"og:url\" content=\"https:\/\/www.meydan.tv\/az\/article\/huquq-mudafi%c9%99cil%c9%99ri-jurnalist-sahnaz-b%c9%99yl%c9%99rqizi-il%c9%99-bagli-ilham-eliyev%c9%99-muraci%c9%99t-edibl%c9%99r\/\" \/>\n<meta property=\"og:site_name\" content=\"MEYDAN.TV\" \/>\n<meta property=\"article:published_time\" content=\"2025-02-08T17:42:04+00:00\" \/>\n<meta property=\"article:modified_time\" content=\"2025-02-10T09:07:11+00:00\" \/>\n<meta property=\"og:image\" content=\"https:\/\/www.meydan.tv\/wp-content\/uploads\/shahnaz.png\" \/>\n\t<meta property=\"og:image:width\" content=\"1179\" \/>\n\t<meta property=\"og:image:height\" content=\"576\" \/>\n\t<meta property=\"og:image:type\" content=\"image\/png\" \/>\n<meta name=\"author\" content=\"sevda\" \/>\n<meta name=\"twitter:card\" content=\"summary_large_image\" \/>\n<script type=\"application\/ld+json\" class=\"yoast-schema-graph\">{\"@context\":\"https:\\\/\\\/schema.org\",\"@graph\":[{\"@type\":\"Article\",\"@id\":\"https:\\\/\\\/www.meydan.tv\\\/az\\\/article\\\/huquq-mudafi%c9%99cil%c9%99ri-jurnalist-sahnaz-b%c9%99yl%c9%99rqizi-il%c9%99-bagli-ilham-eliyev%c9%99-muraci%c9%99t-edibl%c9%99r\\\/#article\",\"isPartOf\":{\"@id\":\"https:\\\/\\\/www.meydan.tv\\\/az\\\/article\\\/huquq-mudafi%c9%99cil%c9%99ri-jurnalist-sahnaz-b%c9%99yl%c9%99rqizi-il%c9%99-bagli-ilham-eliyev%c9%99-muraci%c9%99t-edibl%c9%99r\\\/\"},\"author\":{\"name\":\"sevda\",\"@id\":\"https:\\\/\\\/www.meydan.tv\\\/az\\\/#\\\/schema\\\/person\\\/49b5f2bad5b126bb8ea9320eeb3e4dc9\"},\"headline\":\"H\u00fcquq m\u00fcdafi\u0259\u00e7il\u0259ri jurnalist il\u0259 ba\u011fl\u0131 \u0130lham \u018fliyev\u0259 m\u00fcraci\u0259t edibl\u0259r\",\"datePublished\":\"2025-02-08T17:42:04+00:00\",\"dateModified\":\"2025-02-10T09:07:11+00:00\",\"mainEntityOfPage\":{\"@id\":\"https:\\\/\\\/www.meydan.tv\\\/az\\\/article\\\/huquq-mudafi%c9%99cil%c9%99ri-jurnalist-sahnaz-b%c9%99yl%c9%99rqizi-il%c9%99-bagli-ilham-eliyev%c9%99-muraci%c9%99t-edibl%c9%99r\\\/\"},\"wordCount\":295,\"publisher\":{\"@id\":\"https:\\\/\\\/www.meydan.tv\\\/az\\\/#organization\"},\"image\":{\"@id\":\"https:\\\/\\\/www.meydan.tv\\\/az\\\/article\\\/huquq-mudafi%c9%99cil%c9%99ri-jurnalist-sahnaz-b%c9%99yl%c9%99rqizi-il%c9%99-bagli-ilham-eliyev%c9%99-muraci%c9%99t-edibl%c9%99r\\\/#primaryimage\"},\"thumbnailUrl\":\"https:\\\/\\\/www.meydan.tv\\\/wp-content\\\/uploads\\\/shahnaz.png\",\"articleSection\":[\"Sosial\",\"T\u00f6vsiy\u0259\",\"X\u0259b\u0259rl\u0259r\"],\"inLanguage\":\"az\"},{\"@type\":\"WebPage\",\"@id\":\"https:\\\/\\\/www.meydan.tv\\\/az\\\/article\\\/huquq-mudafi%c9%99cil%c9%99ri-jurnalist-sahnaz-b%c9%99yl%c9%99rqizi-il%c9%99-bagli-ilham-eliyev%c9%99-muraci%c9%99t-edibl%c9%99r\\\/\",\"url\":\"https:\\\/\\\/www.meydan.tv\\\/az\\\/article\\\/huquq-mudafi%c9%99cil%c9%99ri-jurnalist-sahnaz-b%c9%99yl%c9%99rqizi-il%c9%99-bagli-ilham-eliyev%c9%99-muraci%c9%99t-edibl%c9%99r\\\/\",\"name\":\"H\u00fcquq m\u00fcdafi\u0259\u00e7il\u0259ri jurnalist il\u0259 ba\u011fl\u0131 \u0130lham \u018fliyev\u0259 m\u00fcraci\u0259t edibl\u0259r - MEYDAN.TV\",\"isPartOf\":{\"@id\":\"https:\\\/\\\/www.meydan.tv\\\/az\\\/#website\"},\"primaryImageOfPage\":{\"@id\":\"https:\\\/\\\/www.meydan.tv\\\/az\\\/article\\\/huquq-mudafi%c9%99cil%c9%99ri-jurnalist-sahnaz-b%c9%99yl%c9%99rqizi-il%c9%99-bagli-ilham-eliyev%c9%99-muraci%c9%99t-edibl%c9%99r\\\/#primaryimage\"},\"image\":{\"@id\":\"https:\\\/\\\/www.meydan.tv\\\/az\\\/article\\\/huquq-mudafi%c9%99cil%c9%99ri-jurnalist-sahnaz-b%c9%99yl%c9%99rqizi-il%c9%99-bagli-ilham-eliyev%c9%99-muraci%c9%99t-edibl%c9%99r\\\/#primaryimage\"},\"thumbnailUrl\":\"https:\\\/\\\/www.meydan.tv\\\/wp-content\\\/uploads\\\/shahnaz.png\",\"datePublished\":\"2025-02-08T17:42:04+00:00\",\"dateModified\":\"2025-02-10T09:07:11+00:00\",\"breadcrumb\":{\"@id\":\"https:\\\/\\\/www.meydan.tv\\\/az\\\/article\\\/huquq-mudafi%c9%99cil%c9%99ri-jurnalist-sahnaz-b%c9%99yl%c9%99rqizi-il%c9%99-bagli-ilham-eliyev%c9%99-muraci%c9%99t-edibl%c9%99r\\\/#breadcrumb\"},\"inLanguage\":\"az\",\"potentialAction\":[{\"@type\":\"ReadAction\",\"target\":[\"https:\\\/\\\/www.meydan.tv\\\/az\\\/article\\\/huquq-mudafi%c9%99cil%c9%99ri-jurnalist-sahnaz-b%c9%99yl%c9%99rqizi-il%c9%99-bagli-ilham-eliyev%c9%99-muraci%c9%99t-edibl%c9%99r\\\/\"]}]},{\"@type\":\"ImageObject\",\"inLanguage\":\"az\",\"@id\":\"https:\\\/\\\/www.meydan.tv\\\/az\\\/article\\\/huquq-mudafi%c9%99cil%c9%99ri-jurnalist-sahnaz-b%c9%99yl%c9%99rqizi-il%c9%99-bagli-ilham-eliyev%c9%99-muraci%c9%99t-edibl%c9%99r\\\/#primaryimage\",\"url\":\"https:\\\/\\\/www.meydan.tv\\\/wp-content\\\/uploads\\\/shahnaz.png\",\"contentUrl\":\"https:\\\/\\\/www.meydan.tv\\\/wp-content\\\/uploads\\\/shahnaz.png\",\"width\":1179,\"height\":576,\"caption\":\"\u015eahnaz B\u0259yl\u0259rq\u0131z\u0131. Foto: Meydan TV\"},{\"@type\":\"BreadcrumbList\",\"@id\":\"https:\\\/\\\/www.meydan.tv\\\/az\\\/article\\\/huquq-mudafi%c9%99cil%c9%99ri-jurnalist-sahnaz-b%c9%99yl%c9%99rqizi-il%c9%99-bagli-ilham-eliyev%c9%99-muraci%c9%99t-edibl%c9%99r\\\/#breadcrumb\",\"itemListElement\":[{\"@type\":\"ListItem\",\"position\":1,\"name\":\"Ana s\u0259hif\u0259\",\"item\":\"https:\\\/\\\/www.meydan.tv\\\/az\\\/\"},{\"@type\":\"ListItem\",\"position\":2,\"name\":\"X\u0259b\u0259rl\u0259r\",\"item\":\"https:\\\/\\\/www.meydan.tv\\\/az\\\/section\\\/xeberler\\\/\"},{\"@type\":\"ListItem\",\"position\":3,\"name\":\"H\u00fcquq m\u00fcdafi\u0259\u00e7il\u0259ri jurnalist il\u0259 ba\u011fl\u0131 \u0130lham \u018fliyev\u0259 m\u00fcraci\u0259t edibl\u0259r\"}]},{\"@type\":\"WebSite\",\"@id\":\"https:\\\/\\\/www.meydan.tv\\\/az\\\/#website\",\"url\":\"https:\\\/\\\/www.meydan.tv\\\/az\\\/\",\"name\":\"MEYDAN.TV\",\"description\":\"Meydan TV Az\u0259rbaycan\u0131n media m\u0259kan\u0131ndak\u0131 alternativ s\u0259sidir\",\"publisher\":{\"@id\":\"https:\\\/\\\/www.meydan.tv\\\/az\\\/#organization\"},\"potentialAction\":[{\"@type\":\"SearchAction\",\"target\":{\"@type\":\"EntryPoint\",\"urlTemplate\":\"https:\\\/\\\/www.meydan.tv\\\/az\\\/?s={search_term_string}\"},\"query-input\":{\"@type\":\"PropertyValueSpecification\",\"valueRequired\":true,\"valueName\":\"search_term_string\"}}],\"inLanguage\":\"az\"},{\"@type\":\"Organization\",\"@id\":\"https:\\\/\\\/www.meydan.tv\\\/az\\\/#organization\",\"name\":\"Meydan TV\",\"url\":\"https:\\\/\\\/www.meydan.tv\\\/az\\\/\",\"logo\":{\"@type\":\"ImageObject\",\"inLanguage\":\"az\",\"@id\":\"https:\\\/\\\/www.meydan.tv\\\/az\\\/#\\\/schema\\\/logo\\\/image\\\/\",\"url\":\"https:\\\/\\\/www.meydan.tv\\\/wp-content\\\/uploads\\\/2021\\\/07\\\/meydan-logo.svg\",\"contentUrl\":\"https:\\\/\\\/www.meydan.tv\\\/wp-content\\\/uploads\\\/2021\\\/07\\\/meydan-logo.svg\",\"width\":195,\"height\":46,\"caption\":\"Meydan TV\"},\"image\":{\"@id\":\"https:\\\/\\\/www.meydan.tv\\\/az\\\/#\\\/schema\\\/logo\\\/image\\\/\"}},{\"@type\":\"Person\",\"@id\":\"https:\\\/\\\/www.meydan.tv\\\/az\\\/#\\\/schema\\\/person\\\/49b5f2bad5b126bb8ea9320eeb3e4dc9\",\"name\":\"sevda\"}]}<\/script>\n<!-- \/ Yoast SEO plugin. -->","yoast_head_json":{"title":"H\u00fcquq m\u00fcdafi\u0259\u00e7il\u0259ri jurnalist il\u0259 ba\u011fl\u0131 \u0130lham \u018fliyev\u0259 m\u00fcraci\u0259t edibl\u0259r - MEYDAN.TV","robots":{"index":"index","follow":"follow","max-snippet":"max-snippet:-1","max-image-preview":"max-image-preview:large","max-video-preview":"max-video-preview:-1"},"canonical":"https:\/\/www.meydan.tv\/az\/article\/huquq-mudafi%c9%99cil%c9%99ri-jurnalist-sahnaz-b%c9%99yl%c9%99rqizi-il%c9%99-bagli-ilham-eliyev%c9%99-muraci%c9%99t-edibl%c9%99r\/","og_locale":"az_AZ","og_type":"article","og_title":"H\u00fcquq m\u00fcdafi\u0259\u00e7il\u0259ri jurnalist il\u0259 ba\u011fl\u0131 \u0130lham \u018fliyev\u0259 m\u00fcraci\u0259t edibl\u0259r - MEYDAN.TV","og_description":"Onlar haz\u0131rda h\u0259bsd\u0259 olan jurnalistin\u00a0s\u0259hh\u0259tind\u0259 m\u00f6vcud olan probleml\u0259rl\u0259 ba\u011fl\u0131 narahatl\u0131qlar\u0131n\u0131 ... Davam\u0131","og_url":"https:\/\/www.meydan.tv\/az\/article\/huquq-mudafi%c9%99cil%c9%99ri-jurnalist-sahnaz-b%c9%99yl%c9%99rqizi-il%c9%99-bagli-ilham-eliyev%c9%99-muraci%c9%99t-edibl%c9%99r\/","og_site_name":"MEYDAN.TV","article_published_time":"2025-02-08T17:42:04+00:00","article_modified_time":"2025-02-10T09:07:11+00:00","og_image":[{"width":1179,"height":576,"url":"https:\/\/www.meydan.tv\/wp-content\/uploads\/shahnaz.png","type":"image\/png"}],"author":"sevda","twitter_card":"summary_large_image","schema":{"@context":"https:\/\/schema.org","@graph":[{"@type":"Article","@id":"https:\/\/www.meydan.tv\/az\/article\/huquq-mudafi%c9%99cil%c9%99ri-jurnalist-sahnaz-b%c9%99yl%c9%99rqizi-il%c9%99-bagli-ilham-eliyev%c9%99-muraci%c9%99t-edibl%c9%99r\/#article","isPartOf":{"@id":"https:\/\/www.meydan.tv\/az\/article\/huquq-mudafi%c9%99cil%c9%99ri-jurnalist-sahnaz-b%c9%99yl%c9%99rqizi-il%c9%99-bagli-ilham-eliyev%c9%99-muraci%c9%99t-edibl%c9%99r\/"},"author":{"name":"sevda","@id":"https:\/\/www.meydan.tv\/az\/#\/schema\/person\/49b5f2bad5b126bb8ea9320eeb3e4dc9"},"headline":"H\u00fcquq m\u00fcdafi\u0259\u00e7il\u0259ri jurnalist il\u0259 ba\u011fl\u0131 \u0130lham \u018fliyev\u0259 m\u00fcraci\u0259t edibl\u0259r","datePublished":"2025-02-08T17:42:04+00:00","dateModified":"2025-02-10T09:07:11+00:00","mainEntityOfPage":{"@id":"https:\/\/www.meydan.tv\/az\/article\/huquq-mudafi%c9%99cil%c9%99ri-jurnalist-sahnaz-b%c9%99yl%c9%99rqizi-il%c9%99-bagli-ilham-eliyev%c9%99-muraci%c9%99t-edibl%c9%99r\/"},"wordCount":295,"publisher":{"@id":"https:\/\/www.meydan.tv\/az\/#organization"},"image":{"@id":"https:\/\/www.meydan.tv\/az\/article\/huquq-mudafi%c9%99cil%c9%99ri-jurnalist-sahnaz-b%c9%99yl%c9%99rqizi-il%c9%99-bagli-ilham-eliyev%c9%99-muraci%c9%99t-edibl%c9%99r\/#primaryimage"},"thumbnailUrl":"https:\/\/www.meydan.tv\/wp-content\/uploads\/shahnaz.png","articleSection":["Sosial","T\u00f6vsiy\u0259","X\u0259b\u0259rl\u0259r"],"inLanguage":"az"},{"@type":"WebPage","@id":"https:\/\/www.meydan.tv\/az\/article\/huquq-mudafi%c9%99cil%c9%99ri-jurnalist-sahnaz-b%c9%99yl%c9%99rqizi-il%c9%99-bagli-ilham-eliyev%c9%99-muraci%c9%99t-edibl%c9%99r\/","url":"https:\/\/www.meydan.tv\/az\/article\/huquq-mudafi%c9%99cil%c9%99ri-jurnalist-sahnaz-b%c9%99yl%c9%99rqizi-il%c9%99-bagli-ilham-eliyev%c9%99-muraci%c9%99t-edibl%c9%99r\/","name":"H\u00fcquq m\u00fcdafi\u0259\u00e7il\u0259ri jurnalist il\u0259 ba\u011fl\u0131 \u0130lham \u018fliyev\u0259 m\u00fcraci\u0259t edibl\u0259r - MEYDAN.TV","isPartOf":{"@id":"https:\/\/www.meydan.tv\/az\/#website"},"primaryImageOfPage":{"@id":"https:\/\/www.meydan.tv\/az\/article\/huquq-mudafi%c9%99cil%c9%99ri-jurnalist-sahnaz-b%c9%99yl%c9%99rqizi-il%c9%99-bagli-ilham-eliyev%c9%99-muraci%c9%99t-edibl%c9%99r\/#primaryimage"},"image":{"@id":"https:\/\/www.meydan.tv\/az\/article\/huquq-mudafi%c9%99cil%c9%99ri-jurnalist-sahnaz-b%c9%99yl%c9%99rqizi-il%c9%99-bagli-ilham-eliyev%c9%99-muraci%c9%99t-edibl%c9%99r\/#primaryimage"},"thumbnailUrl":"https:\/\/www.meydan.tv\/wp-content\/uploads\/shahnaz.png","datePublished":"2025-02-08T17:42:04+00:00","dateModified":"2025-02-10T09:07:11+00:00","breadcrumb":{"@id":"https:\/\/www.meydan.tv\/az\/article\/huquq-mudafi%c9%99cil%c9%99ri-jurnalist-sahnaz-b%c9%99yl%c9%99rqizi-il%c9%99-bagli-ilham-eliyev%c9%99-muraci%c9%99t-edibl%c9%99r\/#breadcrumb"},"inLanguage":"az","potentialAction":[{"@type":"ReadAction","target":["https:\/\/www.meydan.tv\/az\/article\/huquq-mudafi%c9%99cil%c9%99ri-jurnalist-sahnaz-b%c9%99yl%c9%99rqizi-il%c9%99-bagli-ilham-eliyev%c9%99-muraci%c9%99t-edibl%c9%99r\/"]}]},{"@type":"ImageObject","inLanguage":"az","@id":"https:\/\/www.meydan.tv\/az\/article\/huquq-mudafi%c9%99cil%c9%99ri-jurnalist-sahnaz-b%c9%99yl%c9%99rqizi-il%c9%99-bagli-ilham-eliyev%c9%99-muraci%c9%99t-edibl%c9%99r\/#primaryimage","url":"https:\/\/www.meydan.tv\/wp-content\/uploads\/shahnaz.png","contentUrl":"https:\/\/www.meydan.tv\/wp-content\/uploads\/shahnaz.png","width":1179,"height":576,"caption":"\u015eahnaz B\u0259yl\u0259rq\u0131z\u0131. Foto: Meydan TV"},{"@type":"BreadcrumbList","@id":"https:\/\/www.meydan.tv\/az\/article\/huquq-mudafi%c9%99cil%c9%99ri-jurnalist-sahnaz-b%c9%99yl%c9%99rqizi-il%c9%99-bagli-ilham-eliyev%c9%99-muraci%c9%99t-edibl%c9%99r\/#breadcrumb","itemListElement":[{"@type":"ListItem","position":1,"name":"Ana s\u0259hif\u0259","item":"https:\/\/www.meydan.tv\/az\/"},{"@type":"ListItem","position":2,"name":"X\u0259b\u0259rl\u0259r","item":"https:\/\/www.meydan.tv\/az\/section\/xeberler\/"},{"@type":"ListItem","position":3,"name":"H\u00fcquq m\u00fcdafi\u0259\u00e7il\u0259ri jurnalist il\u0259 ba\u011fl\u0131 \u0130lham \u018fliyev\u0259 m\u00fcraci\u0259t edibl\u0259r"}]},{"@type":"WebSite","@id":"https:\/\/www.meydan.tv\/az\/#website","url":"https:\/\/www.meydan.tv\/az\/","name":"MEYDAN.TV","description":"Meydan TV Az\u0259rbaycan\u0131n media m\u0259kan\u0131ndak\u0131 alternativ s\u0259sidir","publisher":{"@id":"https:\/\/www.meydan.tv\/az\/#organization"},"potentialAction":[{"@type":"SearchAction","target":{"@type":"EntryPoint","urlTemplate":"https:\/\/www.meydan.tv\/az\/?s={search_term_string}"},"query-input":{"@type":"PropertyValueSpecification","valueRequired":true,"valueName":"search_term_string"}}],"inLanguage":"az"},{"@type":"Organization","@id":"https:\/\/www.meydan.tv\/az\/#organization","name":"Meydan TV","url":"https:\/\/www.meydan.tv\/az\/","logo":{"@type":"ImageObject","inLanguage":"az","@id":"https:\/\/www.meydan.tv\/az\/#\/schema\/logo\/image\/","url":"https:\/\/www.meydan.tv\/wp-content\/uploads\/2021\/07\/meydan-logo.svg","contentUrl":"https:\/\/www.meydan.tv\/wp-content\/uploads\/2021\/07\/meydan-logo.svg","width":195,"height":46,"caption":"Meydan TV"},"image":{"@id":"https:\/\/www.meydan.tv\/az\/#\/schema\/logo\/image\/"}},{"@type":"Person","@id":"https:\/\/www.meydan.tv\/az\/#\/schema\/person\/49b5f2bad5b126bb8ea9320eeb3e4dc9","name":"sevda"}]}},"_links":{"self":[{"href":"https:\/\/www.meydan.tv\/az\/wp-json\/wp\/v2\/posts\/326066","targetHints":{"allow":["GET"]}}],"collection":[{"href":"https:\/\/www.meydan.tv\/az\/wp-json\/wp\/v2\/posts"}],"about":[{"href":"https:\/\/www.meydan.tv\/az\/wp-json\/wp\/v2\/types\/post"}],"author":[{"embeddable":true,"href":"https:\/\/www.meydan.tv\/az\/wp-json\/wp\/v2\/users\/16"}],"replies":[{"embeddable":true,"href":"https:\/\/www.meydan.tv\/az\/wp-json\/wp\/v2\/comments?post=326066"}],"version-history":[{"count":2,"href":"https:\/\/www.meydan.tv\/az\/wp-json\/wp\/v2\/posts\/326066\/revisions"}],"predecessor-version":[{"id":326096,"href":"https:\/\/www.meydan.tv\/az\/wp-json\/wp\/v2\/posts\/326066\/revisions\/326096"}],"wp:featuredmedia":[{"embeddable":true,"href":"https:\/\/www.meydan.tv\/az\/wp-json\/wp\/v2\/media\/325962"}],"wp:attachment":[{"href":"https:\/\/www.meydan.tv\/az\/wp-json\/wp\/v2\/media?parent=326066"}],"wp:term":[{"taxonomy":"category","embeddable":true,"href":"https:\/\/www.meydan.tv\/az\/wp-json\/wp\/v2\/categories?post=326066"},{"taxonomy":"post_tag","embeddable":true,"href":"https:\/\/www.meydan.tv\/az\/wp-json\/wp\/v2\/tags?post=326066"}],"curies":[{"name":"wp","href":"https:\/\/api.w.org\/{rel}","templated":true}]}}