{"id":326051,"date":"2025-02-07T23:37:23","date_gmt":"2025-02-07T19:37:23","guid":{"rendered":"https:\/\/www.meydan.tv\/?p=326051"},"modified":"2025-02-10T14:15:51","modified_gmt":"2025-02-10T10:15:51","slug":"ictimai-f%c9%99al-c%c9%99lal-cavadov-polis-idar%c9%99sind%c9%99-isg%c9%99nc%c9%99y%c9%99-m%c9%99ruz-qaldigini-bildirib","status":"publish","type":"post","link":"https:\/\/www.meydan.tv\/az\/article\/ictimai-f%c9%99al-c%c9%99lal-cavadov-polis-idar%c9%99sind%c9%99-isg%c9%99nc%c9%99y%c9%99-m%c9%99ruz-qaldigini-bildirib\/","title":{"rendered":"\u0130ctimai f\u0259al polis idar\u0259sind\u0259 i\u015fg\u0259nc\u0259y\u0259 m\u0259ruz qald\u0131\u011f\u0131n\u0131 bildirib"},"content":{"rendered":"\n<p><strong><em>C\u0259lal Cavadov: \u201cM\u0259ni d\u00f6y\u0259-d\u00f6y\u0259 deyirdil\u0259r ki, \u015f\u0259klini se\u00e7ki qutusuna atd\u0131\u011f\u0131n q\u0131zlar g\u0259lib s\u0259ni xilas el\u0259sinl\u0259r\u201d<\/em><\/strong><\/p>\n\n\n\n<p>Meydan TV-nin h\u0259bsd\u0259 olan \u0259m\u0259kda\u015flar\u0131n\u0131n posterini b\u0259l\u0259diyy\u0259 se\u00e7kil\u0259rind\u0259 s\u0259sverm\u0259 qutusuna atandan bir g\u00fcn sonra h\u0259bs olunan ictimai f\u0259al C\u0259lal Cavadov N\u0259simi Rayon Polis \u0130dar\u0259sind\u0259 i\u015fg\u0259nc\u0259y\u0259 m\u0259ruz qald\u0131\u011f\u0131n\u0131 bildirib.<\/p>\n\n\n\n<p>Fevral\u0131n 7-d\u0259 Bak\u0131 Apelyasiya M\u0259hk\u0259m\u0259sind\u0259 C\u0259lal Cavadovun 30 sutka inzibati h\u0259bs q\u0259rar\u0131ndan veril\u0259n \u015fikay\u0259t\u0259 bax\u0131l\u0131b. Hakim \u0130brahim \u0130brahimlinin s\u0259drliyi il\u0259 ke\u00e7iril\u0259n m\u0259hk\u0259m\u0259 prosesi ax\u015fam saat 21:00 rad\u0259l\u0259rind\u0259 ba\u015f tutub.<\/p>\n\n\n\n<p>M\u0259hk\u0259m\u0259 prosesind\u0259 \u00e7\u0131x\u0131\u015f ed\u0259n ictimai f\u0259al bildirib ki, onu narkotik ittiham\u0131 il\u0259 h\u0259bs el\u0259s\u0259l\u0259r d\u0259, \u0259sl s\u0259b\u0259b Meydan TV-nin h\u0259bsd\u0259 olan \u0259m\u0259kda\u015flar\u0131 il\u0259 ba\u011fl\u0131 add\u0131m\u0131d\u0131r: <\/p>\n\n\n\n<p><em>\u201cM\u0259ni d\u00f6y\u0259-d\u00f6y\u0259 deyirdil\u0259r ki, \u015f\u0259klini se\u00e7ki qutusuna atd\u0131\u011f\u0131n q\u0131zlar g\u0259lib s\u0259ni xilas el\u0259sinl\u0259r\u201d.<\/em><\/p>\n\n\n\n<p>C\u0259lal Cavadov yanvar\u0131n 30-dan h\u0259bsd\u0259dir. N\u0259simi Rayon M\u0259hk\u0259m\u0259sinin q\u0259rar\u0131na \u0259sas\u0259n, o, C\u0259lil M\u0259mm\u0259dquluzad\u0259 v\u0259 Bak\u0131xanov k\u00fc\u00e7\u0259l\u0259rinin k\u0259si\u015fm\u0259sind\u0259 N\u0259simi Rayon Polis \u0130dar\u0259sinin \u0259m\u0259kda\u015flar\u0131 t\u0259r\u0259find\u0259n saxlan\u0131laraq, 22-ci polis b\u00f6lm\u0259sin\u0259 g\u0259tirilib. Ona N\u0259simi Rayon M\u0259hk\u0259m\u0259sind\u0259 \u0130nzibati X\u0259talar M\u0259c\u0259ll\u0259sinin 206-c\u0131 (\u015f\u0259xsi istehlak miqdar\u0131nda narkotik \u0259ld\u0259 etm\u0259, saxlama) madd\u0259sil\u0259 30 sutka inzibati h\u0259bs c\u0259zas\u0131 verilib.<\/p>\n\n\n\n<p>C\u0259lal Cavadov bildirib ki, onu metronun \u201c28 May\u201d stansiyas\u0131 yax\u0131nl\u0131\u011f\u0131nda saxlay\u0131blar, 22-ci polis b\u00f6lm\u0259sin\u0259 d\u0259 apar\u0131lmay\u0131b. O, iki g\u00fcn N\u0259simi Rayon Polis \u0130dar\u0259sind\u0259 saxlan\u0131l\u0131b, orada i\u015fg\u0259nc\u0259y\u0259 m\u0259ruz qal\u0131b: <\/p>\n\n\n\n<p><em>\u201cOrada qaba\u011f\u0131ma t\u0259rkibind\u0259 narkotik olan su qoydular. Dedim ki, i\u00e7m\u0259y\u0259c\u0259m. D\u00f6ym\u0259y\u0259 ba\u015flad\u0131lar. O q\u0259d\u0259r d\u00f6yd\u00fcl\u0259r ki, v\u0259ziyy\u0259tim pisl\u0259\u015fdi\u201d.<\/em><\/p>\n\n\n\n<p>Onun s\u00f6zl\u0259rin\u0259 g\u00f6r\u0259, polis idar\u0259sin\u0259 t\u0259cili yard\u0131m \u00e7a\u011f\u0131rma\u011fa m\u0259cbur olublar. C\u0259lal Cavadovu Kliniki Tibbi M\u0259rk\u0259z\u0259 (Sema\u015fko) apar\u0131blar.<\/p>\n\n\n\n<p>M\u0259hk\u0259m\u0259d\u0259 o da ayd\u0131nla\u015f\u0131b ki, birinci instansiyan\u0131n q\u0259rar\u0131nda C\u0259lal Cavadovun etirafedici izahat\u0131 yer al\u0131b. Lakin ictimai f\u0259al bel\u0259 bir izahat verm\u0259diyini, \u00fcmumiyy\u0259tl\u0259, N\u0259simi Rayon M\u0259hk\u0259m\u0259sind\u0259 3 d\u0259qiq\u0259lik proses ke\u00e7irildiyini bildirib. Onun s\u00f6zl\u0259rin\u0259 g\u00f6r\u0259, imzas\u0131 da saxtala\u015fd\u0131r\u0131l\u0131b. C\u0259lal Cavadov \u0259lav\u0259 edib ki, s\u0259n\u0259dl\u0259rd\u0259ki imzalar ona m\u0259xsus deyil.<\/p>\n\n\n\n<p>C\u0259lal Cavadov v\u0259 v\u0259kili Zibeyd\u0259 Sad\u0131qovan\u0131n etirazlar\u0131na baxmayaraq, apelyasiya m\u0259hk\u0259m\u0259si q\u0259rar\u0131 d\u0259yi\u015fm\u0259yib. \u0130ctimai f\u0259al\u0131n haqq\u0131nda 30 sutkal\u0131q h\u0259bs q\u0259rar\u0131 q\u00fcvv\u0259d\u0259 saxlan\u0131l\u0131b.<\/p>\n\n\n\n<p>C\u0259lal Cavadov yanvar\u0131n 30-da saat 16:00 rad\u0259l\u0259rind\u0259n <a href=\"https:\/\/storage.googleapis.com\/qurium\/www.meydan.tv\/az-article-meydan-tv-%c9%99m%c9%99kdaslarinin-posterini-secki-qutusuna-atan-f%c9%99aldan-1-sutkadir-x%c9%99b%c9%99r-yoxdur.html\" target=\"_blank\" rel=\"noreferrer noopener\">yoxa \u00e7\u0131x\u0131b<\/a>. Yax\u0131nlar\u0131 bir sutkaya yax\u0131n ondan x\u0259b\u0259r ala bilm\u0259yib. V\u0259kili C\u0259lal Cavadovun yerini m\u00fc\u0259yy\u0259nl\u0259\u015fdirm\u0259k \u00fc\u00e7\u00fcn Ombudsman Aparat\u0131na m\u00fcraci\u0259t edib. H\u0259m\u00e7inin Daxili \u0130\u015fl\u0259r Nazirliyinin \u201c102\u201d xidm\u0259tin\u0259 d\u0259 m\u0259lumat verilib.<\/p>\n\n\n\n<p>Lakin bu m\u00fcraci\u0259tl\u0259r d\u0259 n\u0259tic\u0259siz qal\u0131b. Bir sutka sonra onun haqq\u0131nda 30 sutka inzibati h\u0259bs q\u0259rar\u0131 \u00e7\u0131xar\u0131ld\u0131\u011f\u0131 m\u0259lum olub.<\/p>\n","protected":false},"excerpt":{"rendered":"<p>C\u0259lal Cavadov: \u201cM\u0259ni d\u00f6y\u0259-d\u00f6y\u0259 deyirdil\u0259r ki, \u015f\u0259klini se\u00e7ki qutusuna atd\u0131\u011f\u0131n &#8230; <\/p>\n<p class=\"read-more-container\"><a title=\"\u0130ctimai f\u0259al polis idar\u0259sind\u0259 i\u015fg\u0259nc\u0259y\u0259 m\u0259ruz qald\u0131\u011f\u0131n\u0131 bildirib\" class=\"read-more button\" href=\"https:\/\/www.meydan.tv\/az\/article\/ictimai-f%c9%99al-c%c9%99lal-cavadov-polis-idar%c9%99sind%c9%99-isg%c9%99nc%c9%99y%c9%99-m%c9%99ruz-qaldigini-bildirib\/#more-326051\" aria-label=\"Read more about \u0130ctimai f\u0259al polis idar\u0259sind\u0259 i\u015fg\u0259nc\u0259y\u0259 m\u0259ruz qald\u0131\u011f\u0131n\u0131 bildirib\">Davam\u0131<\/a><\/p>\n","protected":false},"author":16,"featured_media":325694,"comment_status":"closed","ping_status":"closed","sticky":false,"template":"","format":"standard","meta":{"_acf_changed":false,"_sitemap_exclude":false,"_sitemap_priority":"","_sitemap_frequency":"","footnotes":""},"categories":[62,79,56],"tags":[],"class_list":["post-326051","post","type-post","status-publish","format-standard","has-post-thumbnail","hentry","category-sosial","category-featured","category-xeberler","infinite-scroll-item","generate-columns","tablet-grid-50","mobile-grid-100","grid-parent","grid-33","no-featured-image-padding"],"acf":[],"yoast_head":"<!-- This site is optimized with the Yoast SEO plugin v27.4 - https:\/\/yoast.com\/product\/yoast-seo-wordpress\/ -->\n<title>\u0130ctimai f\u0259al polis idar\u0259sind\u0259 i\u015fg\u0259nc\u0259y\u0259 m\u0259ruz qald\u0131\u011f\u0131n\u0131 bildirib - MEYDAN.TV<\/title>\n<meta name=\"robots\" content=\"index, follow, max-snippet:-1, max-image-preview:large, max-video-preview:-1\" \/>\n<link rel=\"canonical\" href=\"https:\/\/www.meydan.tv\/az\/article\/ictimai-f%c9%99al-c%c9%99lal-cavadov-polis-idar%c9%99sind%c9%99-isg%c9%99nc%c9%99y%c9%99-m%c9%99ruz-qaldigini-bildirib\/\" \/>\n<meta property=\"og:locale\" content=\"az_AZ\" \/>\n<meta property=\"og:type\" content=\"article\" \/>\n<meta property=\"og:title\" content=\"\u0130ctimai f\u0259al polis idar\u0259sind\u0259 i\u015fg\u0259nc\u0259y\u0259 m\u0259ruz qald\u0131\u011f\u0131n\u0131 bildirib - MEYDAN.TV\" \/>\n<meta property=\"og:description\" content=\"C\u0259lal Cavadov: \u201cM\u0259ni d\u00f6y\u0259-d\u00f6y\u0259 deyirdil\u0259r ki, \u015f\u0259klini se\u00e7ki qutusuna atd\u0131\u011f\u0131n ... Davam\u0131\" \/>\n<meta property=\"og:url\" content=\"https:\/\/www.meydan.tv\/az\/article\/ictimai-f%c9%99al-c%c9%99lal-cavadov-polis-idar%c9%99sind%c9%99-isg%c9%99nc%c9%99y%c9%99-m%c9%99ruz-qaldigini-bildirib\/\" \/>\n<meta property=\"og:site_name\" content=\"MEYDAN.TV\" \/>\n<meta property=\"article:published_time\" content=\"2025-02-07T19:37:23+00:00\" \/>\n<meta property=\"article:modified_time\" content=\"2025-02-10T10:15:51+00:00\" \/>\n<meta property=\"og:image\" content=\"https:\/\/www.meydan.tv\/wp-content\/uploads\/34344.png\" \/>\n\t<meta property=\"og:image:width\" content=\"1300\" \/>\n\t<meta property=\"og:image:height\" content=\"731\" \/>\n\t<meta property=\"og:image:type\" content=\"image\/png\" \/>\n<meta name=\"author\" content=\"sevda\" \/>\n<meta name=\"twitter:card\" content=\"summary_large_image\" \/>\n<script type=\"application\/ld+json\" class=\"yoast-schema-graph\">{\"@context\":\"https:\\\/\\\/schema.org\",\"@graph\":[{\"@type\":\"Article\",\"@id\":\"https:\\\/\\\/www.meydan.tv\\\/az\\\/article\\\/ictimai-f%c9%99al-c%c9%99lal-cavadov-polis-idar%c9%99sind%c9%99-isg%c9%99nc%c9%99y%c9%99-m%c9%99ruz-qaldigini-bildirib\\\/#article\",\"isPartOf\":{\"@id\":\"https:\\\/\\\/www.meydan.tv\\\/az\\\/article\\\/ictimai-f%c9%99al-c%c9%99lal-cavadov-polis-idar%c9%99sind%c9%99-isg%c9%99nc%c9%99y%c9%99-m%c9%99ruz-qaldigini-bildirib\\\/\"},\"author\":{\"name\":\"sevda\",\"@id\":\"https:\\\/\\\/www.meydan.tv\\\/az\\\/#\\\/schema\\\/person\\\/49b5f2bad5b126bb8ea9320eeb3e4dc9\"},\"headline\":\"\u0130ctimai f\u0259al polis idar\u0259sind\u0259 i\u015fg\u0259nc\u0259y\u0259 m\u0259ruz qald\u0131\u011f\u0131n\u0131 bildirib\",\"datePublished\":\"2025-02-07T19:37:23+00:00\",\"dateModified\":\"2025-02-10T10:15:51+00:00\",\"mainEntityOfPage\":{\"@id\":\"https:\\\/\\\/www.meydan.tv\\\/az\\\/article\\\/ictimai-f%c9%99al-c%c9%99lal-cavadov-polis-idar%c9%99sind%c9%99-isg%c9%99nc%c9%99y%c9%99-m%c9%99ruz-qaldigini-bildirib\\\/\"},\"wordCount\":618,\"publisher\":{\"@id\":\"https:\\\/\\\/www.meydan.tv\\\/az\\\/#organization\"},\"image\":{\"@id\":\"https:\\\/\\\/www.meydan.tv\\\/az\\\/article\\\/ictimai-f%c9%99al-c%c9%99lal-cavadov-polis-idar%c9%99sind%c9%99-isg%c9%99nc%c9%99y%c9%99-m%c9%99ruz-qaldigini-bildirib\\\/#primaryimage\"},\"thumbnailUrl\":\"https:\\\/\\\/www.meydan.tv\\\/wp-content\\\/uploads\\\/34344.png\",\"articleSection\":[\"Sosial\",\"T\u00f6vsiy\u0259\",\"X\u0259b\u0259rl\u0259r\"],\"inLanguage\":\"az\"},{\"@type\":\"WebPage\",\"@id\":\"https:\\\/\\\/www.meydan.tv\\\/az\\\/article\\\/ictimai-f%c9%99al-c%c9%99lal-cavadov-polis-idar%c9%99sind%c9%99-isg%c9%99nc%c9%99y%c9%99-m%c9%99ruz-qaldigini-bildirib\\\/\",\"url\":\"https:\\\/\\\/www.meydan.tv\\\/az\\\/article\\\/ictimai-f%c9%99al-c%c9%99lal-cavadov-polis-idar%c9%99sind%c9%99-isg%c9%99nc%c9%99y%c9%99-m%c9%99ruz-qaldigini-bildirib\\\/\",\"name\":\"\u0130ctimai f\u0259al polis idar\u0259sind\u0259 i\u015fg\u0259nc\u0259y\u0259 m\u0259ruz qald\u0131\u011f\u0131n\u0131 bildirib - MEYDAN.TV\",\"isPartOf\":{\"@id\":\"https:\\\/\\\/www.meydan.tv\\\/az\\\/#website\"},\"primaryImageOfPage\":{\"@id\":\"https:\\\/\\\/www.meydan.tv\\\/az\\\/article\\\/ictimai-f%c9%99al-c%c9%99lal-cavadov-polis-idar%c9%99sind%c9%99-isg%c9%99nc%c9%99y%c9%99-m%c9%99ruz-qaldigini-bildirib\\\/#primaryimage\"},\"image\":{\"@id\":\"https:\\\/\\\/www.meydan.tv\\\/az\\\/article\\\/ictimai-f%c9%99al-c%c9%99lal-cavadov-polis-idar%c9%99sind%c9%99-isg%c9%99nc%c9%99y%c9%99-m%c9%99ruz-qaldigini-bildirib\\\/#primaryimage\"},\"thumbnailUrl\":\"https:\\\/\\\/www.meydan.tv\\\/wp-content\\\/uploads\\\/34344.png\",\"datePublished\":\"2025-02-07T19:37:23+00:00\",\"dateModified\":\"2025-02-10T10:15:51+00:00\",\"breadcrumb\":{\"@id\":\"https:\\\/\\\/www.meydan.tv\\\/az\\\/article\\\/ictimai-f%c9%99al-c%c9%99lal-cavadov-polis-idar%c9%99sind%c9%99-isg%c9%99nc%c9%99y%c9%99-m%c9%99ruz-qaldigini-bildirib\\\/#breadcrumb\"},\"inLanguage\":\"az\",\"potentialAction\":[{\"@type\":\"ReadAction\",\"target\":[\"https:\\\/\\\/www.meydan.tv\\\/az\\\/article\\\/ictimai-f%c9%99al-c%c9%99lal-cavadov-polis-idar%c9%99sind%c9%99-isg%c9%99nc%c9%99y%c9%99-m%c9%99ruz-qaldigini-bildirib\\\/\"]}]},{\"@type\":\"ImageObject\",\"inLanguage\":\"az\",\"@id\":\"https:\\\/\\\/www.meydan.tv\\\/az\\\/article\\\/ictimai-f%c9%99al-c%c9%99lal-cavadov-polis-idar%c9%99sind%c9%99-isg%c9%99nc%c9%99y%c9%99-m%c9%99ruz-qaldigini-bildirib\\\/#primaryimage\",\"url\":\"https:\\\/\\\/www.meydan.tv\\\/wp-content\\\/uploads\\\/34344.png\",\"contentUrl\":\"https:\\\/\\\/www.meydan.tv\\\/wp-content\\\/uploads\\\/34344.png\",\"width\":1300,\"height\":731,\"caption\":\"Foto: C\u0259lal Cavadovun \u015f\u0259xsi arxivi\"},{\"@type\":\"BreadcrumbList\",\"@id\":\"https:\\\/\\\/www.meydan.tv\\\/az\\\/article\\\/ictimai-f%c9%99al-c%c9%99lal-cavadov-polis-idar%c9%99sind%c9%99-isg%c9%99nc%c9%99y%c9%99-m%c9%99ruz-qaldigini-bildirib\\\/#breadcrumb\",\"itemListElement\":[{\"@type\":\"ListItem\",\"position\":1,\"name\":\"Ana s\u0259hif\u0259\",\"item\":\"https:\\\/\\\/www.meydan.tv\\\/az\\\/\"},{\"@type\":\"ListItem\",\"position\":2,\"name\":\"X\u0259b\u0259rl\u0259r\",\"item\":\"https:\\\/\\\/www.meydan.tv\\\/az\\\/section\\\/xeberler\\\/\"},{\"@type\":\"ListItem\",\"position\":3,\"name\":\"\u0130ctimai f\u0259al polis idar\u0259sind\u0259 i\u015fg\u0259nc\u0259y\u0259 m\u0259ruz qald\u0131\u011f\u0131n\u0131 bildirib\"}]},{\"@type\":\"WebSite\",\"@id\":\"https:\\\/\\\/www.meydan.tv\\\/az\\\/#website\",\"url\":\"https:\\\/\\\/www.meydan.tv\\\/az\\\/\",\"name\":\"MEYDAN.TV\",\"description\":\"Meydan TV Az\u0259rbaycan\u0131n media m\u0259kan\u0131ndak\u0131 alternativ s\u0259sidir\",\"publisher\":{\"@id\":\"https:\\\/\\\/www.meydan.tv\\\/az\\\/#organization\"},\"potentialAction\":[{\"@type\":\"SearchAction\",\"target\":{\"@type\":\"EntryPoint\",\"urlTemplate\":\"https:\\\/\\\/www.meydan.tv\\\/az\\\/?s={search_term_string}\"},\"query-input\":{\"@type\":\"PropertyValueSpecification\",\"valueRequired\":true,\"valueName\":\"search_term_string\"}}],\"inLanguage\":\"az\"},{\"@type\":\"Organization\",\"@id\":\"https:\\\/\\\/www.meydan.tv\\\/az\\\/#organization\",\"name\":\"Meydan TV\",\"url\":\"https:\\\/\\\/www.meydan.tv\\\/az\\\/\",\"logo\":{\"@type\":\"ImageObject\",\"inLanguage\":\"az\",\"@id\":\"https:\\\/\\\/www.meydan.tv\\\/az\\\/#\\\/schema\\\/logo\\\/image\\\/\",\"url\":\"https:\\\/\\\/www.meydan.tv\\\/wp-content\\\/uploads\\\/2021\\\/07\\\/meydan-logo.svg\",\"contentUrl\":\"https:\\\/\\\/www.meydan.tv\\\/wp-content\\\/uploads\\\/2021\\\/07\\\/meydan-logo.svg\",\"width\":195,\"height\":46,\"caption\":\"Meydan TV\"},\"image\":{\"@id\":\"https:\\\/\\\/www.meydan.tv\\\/az\\\/#\\\/schema\\\/logo\\\/image\\\/\"}},{\"@type\":\"Person\",\"@id\":\"https:\\\/\\\/www.meydan.tv\\\/az\\\/#\\\/schema\\\/person\\\/49b5f2bad5b126bb8ea9320eeb3e4dc9\",\"name\":\"sevda\"}]}<\/script>\n<!-- \/ Yoast SEO plugin. -->","yoast_head_json":{"title":"\u0130ctimai f\u0259al polis idar\u0259sind\u0259 i\u015fg\u0259nc\u0259y\u0259 m\u0259ruz qald\u0131\u011f\u0131n\u0131 bildirib - MEYDAN.TV","robots":{"index":"index","follow":"follow","max-snippet":"max-snippet:-1","max-image-preview":"max-image-preview:large","max-video-preview":"max-video-preview:-1"},"canonical":"https:\/\/www.meydan.tv\/az\/article\/ictimai-f%c9%99al-c%c9%99lal-cavadov-polis-idar%c9%99sind%c9%99-isg%c9%99nc%c9%99y%c9%99-m%c9%99ruz-qaldigini-bildirib\/","og_locale":"az_AZ","og_type":"article","og_title":"\u0130ctimai f\u0259al polis idar\u0259sind\u0259 i\u015fg\u0259nc\u0259y\u0259 m\u0259ruz qald\u0131\u011f\u0131n\u0131 bildirib - MEYDAN.TV","og_description":"C\u0259lal Cavadov: \u201cM\u0259ni d\u00f6y\u0259-d\u00f6y\u0259 deyirdil\u0259r ki, \u015f\u0259klini se\u00e7ki qutusuna atd\u0131\u011f\u0131n ... Davam\u0131","og_url":"https:\/\/www.meydan.tv\/az\/article\/ictimai-f%c9%99al-c%c9%99lal-cavadov-polis-idar%c9%99sind%c9%99-isg%c9%99nc%c9%99y%c9%99-m%c9%99ruz-qaldigini-bildirib\/","og_site_name":"MEYDAN.TV","article_published_time":"2025-02-07T19:37:23+00:00","article_modified_time":"2025-02-10T10:15:51+00:00","og_image":[{"width":1300,"height":731,"url":"https:\/\/www.meydan.tv\/wp-content\/uploads\/34344.png","type":"image\/png"}],"author":"sevda","twitter_card":"summary_large_image","schema":{"@context":"https:\/\/schema.org","@graph":[{"@type":"Article","@id":"https:\/\/www.meydan.tv\/az\/article\/ictimai-f%c9%99al-c%c9%99lal-cavadov-polis-idar%c9%99sind%c9%99-isg%c9%99nc%c9%99y%c9%99-m%c9%99ruz-qaldigini-bildirib\/#article","isPartOf":{"@id":"https:\/\/www.meydan.tv\/az\/article\/ictimai-f%c9%99al-c%c9%99lal-cavadov-polis-idar%c9%99sind%c9%99-isg%c9%99nc%c9%99y%c9%99-m%c9%99ruz-qaldigini-bildirib\/"},"author":{"name":"sevda","@id":"https:\/\/www.meydan.tv\/az\/#\/schema\/person\/49b5f2bad5b126bb8ea9320eeb3e4dc9"},"headline":"\u0130ctimai f\u0259al polis idar\u0259sind\u0259 i\u015fg\u0259nc\u0259y\u0259 m\u0259ruz qald\u0131\u011f\u0131n\u0131 bildirib","datePublished":"2025-02-07T19:37:23+00:00","dateModified":"2025-02-10T10:15:51+00:00","mainEntityOfPage":{"@id":"https:\/\/www.meydan.tv\/az\/article\/ictimai-f%c9%99al-c%c9%99lal-cavadov-polis-idar%c9%99sind%c9%99-isg%c9%99nc%c9%99y%c9%99-m%c9%99ruz-qaldigini-bildirib\/"},"wordCount":618,"publisher":{"@id":"https:\/\/www.meydan.tv\/az\/#organization"},"image":{"@id":"https:\/\/www.meydan.tv\/az\/article\/ictimai-f%c9%99al-c%c9%99lal-cavadov-polis-idar%c9%99sind%c9%99-isg%c9%99nc%c9%99y%c9%99-m%c9%99ruz-qaldigini-bildirib\/#primaryimage"},"thumbnailUrl":"https:\/\/www.meydan.tv\/wp-content\/uploads\/34344.png","articleSection":["Sosial","T\u00f6vsiy\u0259","X\u0259b\u0259rl\u0259r"],"inLanguage":"az"},{"@type":"WebPage","@id":"https:\/\/www.meydan.tv\/az\/article\/ictimai-f%c9%99al-c%c9%99lal-cavadov-polis-idar%c9%99sind%c9%99-isg%c9%99nc%c9%99y%c9%99-m%c9%99ruz-qaldigini-bildirib\/","url":"https:\/\/www.meydan.tv\/az\/article\/ictimai-f%c9%99al-c%c9%99lal-cavadov-polis-idar%c9%99sind%c9%99-isg%c9%99nc%c9%99y%c9%99-m%c9%99ruz-qaldigini-bildirib\/","name":"\u0130ctimai f\u0259al polis idar\u0259sind\u0259 i\u015fg\u0259nc\u0259y\u0259 m\u0259ruz qald\u0131\u011f\u0131n\u0131 bildirib - MEYDAN.TV","isPartOf":{"@id":"https:\/\/www.meydan.tv\/az\/#website"},"primaryImageOfPage":{"@id":"https:\/\/www.meydan.tv\/az\/article\/ictimai-f%c9%99al-c%c9%99lal-cavadov-polis-idar%c9%99sind%c9%99-isg%c9%99nc%c9%99y%c9%99-m%c9%99ruz-qaldigini-bildirib\/#primaryimage"},"image":{"@id":"https:\/\/www.meydan.tv\/az\/article\/ictimai-f%c9%99al-c%c9%99lal-cavadov-polis-idar%c9%99sind%c9%99-isg%c9%99nc%c9%99y%c9%99-m%c9%99ruz-qaldigini-bildirib\/#primaryimage"},"thumbnailUrl":"https:\/\/www.meydan.tv\/wp-content\/uploads\/34344.png","datePublished":"2025-02-07T19:37:23+00:00","dateModified":"2025-02-10T10:15:51+00:00","breadcrumb":{"@id":"https:\/\/www.meydan.tv\/az\/article\/ictimai-f%c9%99al-c%c9%99lal-cavadov-polis-idar%c9%99sind%c9%99-isg%c9%99nc%c9%99y%c9%99-m%c9%99ruz-qaldigini-bildirib\/#breadcrumb"},"inLanguage":"az","potentialAction":[{"@type":"ReadAction","target":["https:\/\/www.meydan.tv\/az\/article\/ictimai-f%c9%99al-c%c9%99lal-cavadov-polis-idar%c9%99sind%c9%99-isg%c9%99nc%c9%99y%c9%99-m%c9%99ruz-qaldigini-bildirib\/"]}]},{"@type":"ImageObject","inLanguage":"az","@id":"https:\/\/www.meydan.tv\/az\/article\/ictimai-f%c9%99al-c%c9%99lal-cavadov-polis-idar%c9%99sind%c9%99-isg%c9%99nc%c9%99y%c9%99-m%c9%99ruz-qaldigini-bildirib\/#primaryimage","url":"https:\/\/www.meydan.tv\/wp-content\/uploads\/34344.png","contentUrl":"https:\/\/www.meydan.tv\/wp-content\/uploads\/34344.png","width":1300,"height":731,"caption":"Foto: C\u0259lal Cavadovun \u015f\u0259xsi arxivi"},{"@type":"BreadcrumbList","@id":"https:\/\/www.meydan.tv\/az\/article\/ictimai-f%c9%99al-c%c9%99lal-cavadov-polis-idar%c9%99sind%c9%99-isg%c9%99nc%c9%99y%c9%99-m%c9%99ruz-qaldigini-bildirib\/#breadcrumb","itemListElement":[{"@type":"ListItem","position":1,"name":"Ana s\u0259hif\u0259","item":"https:\/\/www.meydan.tv\/az\/"},{"@type":"ListItem","position":2,"name":"X\u0259b\u0259rl\u0259r","item":"https:\/\/www.meydan.tv\/az\/section\/xeberler\/"},{"@type":"ListItem","position":3,"name":"\u0130ctimai f\u0259al polis idar\u0259sind\u0259 i\u015fg\u0259nc\u0259y\u0259 m\u0259ruz qald\u0131\u011f\u0131n\u0131 bildirib"}]},{"@type":"WebSite","@id":"https:\/\/www.meydan.tv\/az\/#website","url":"https:\/\/www.meydan.tv\/az\/","name":"MEYDAN.TV","description":"Meydan TV Az\u0259rbaycan\u0131n media m\u0259kan\u0131ndak\u0131 alternativ s\u0259sidir","publisher":{"@id":"https:\/\/www.meydan.tv\/az\/#organization"},"potentialAction":[{"@type":"SearchAction","target":{"@type":"EntryPoint","urlTemplate":"https:\/\/www.meydan.tv\/az\/?s={search_term_string}"},"query-input":{"@type":"PropertyValueSpecification","valueRequired":true,"valueName":"search_term_string"}}],"inLanguage":"az"},{"@type":"Organization","@id":"https:\/\/www.meydan.tv\/az\/#organization","name":"Meydan TV","url":"https:\/\/www.meydan.tv\/az\/","logo":{"@type":"ImageObject","inLanguage":"az","@id":"https:\/\/www.meydan.tv\/az\/#\/schema\/logo\/image\/","url":"https:\/\/www.meydan.tv\/wp-content\/uploads\/2021\/07\/meydan-logo.svg","contentUrl":"https:\/\/www.meydan.tv\/wp-content\/uploads\/2021\/07\/meydan-logo.svg","width":195,"height":46,"caption":"Meydan TV"},"image":{"@id":"https:\/\/www.meydan.tv\/az\/#\/schema\/logo\/image\/"}},{"@type":"Person","@id":"https:\/\/www.meydan.tv\/az\/#\/schema\/person\/49b5f2bad5b126bb8ea9320eeb3e4dc9","name":"sevda"}]}},"_links":{"self":[{"href":"https:\/\/www.meydan.tv\/az\/wp-json\/wp\/v2\/posts\/326051","targetHints":{"allow":["GET"]}}],"collection":[{"href":"https:\/\/www.meydan.tv\/az\/wp-json\/wp\/v2\/posts"}],"about":[{"href":"https:\/\/www.meydan.tv\/az\/wp-json\/wp\/v2\/types\/post"}],"author":[{"embeddable":true,"href":"https:\/\/www.meydan.tv\/az\/wp-json\/wp\/v2\/users\/16"}],"replies":[{"embeddable":true,"href":"https:\/\/www.meydan.tv\/az\/wp-json\/wp\/v2\/comments?post=326051"}],"version-history":[{"count":2,"href":"https:\/\/www.meydan.tv\/az\/wp-json\/wp\/v2\/posts\/326051\/revisions"}],"predecessor-version":[{"id":326105,"href":"https:\/\/www.meydan.tv\/az\/wp-json\/wp\/v2\/posts\/326051\/revisions\/326105"}],"wp:featuredmedia":[{"embeddable":true,"href":"https:\/\/www.meydan.tv\/az\/wp-json\/wp\/v2\/media\/325694"}],"wp:attachment":[{"href":"https:\/\/www.meydan.tv\/az\/wp-json\/wp\/v2\/media?parent=326051"}],"wp:term":[{"taxonomy":"category","embeddable":true,"href":"https:\/\/www.meydan.tv\/az\/wp-json\/wp\/v2\/categories?post=326051"},{"taxonomy":"post_tag","embeddable":true,"href":"https:\/\/www.meydan.tv\/az\/wp-json\/wp\/v2\/tags?post=326051"}],"curies":[{"name":"wp","href":"https:\/\/api.w.org\/{rel}","templated":true}]}}