{"id":326003,"date":"2025-02-07T16:22:15","date_gmt":"2025-02-07T12:22:15","guid":{"rendered":"https:\/\/www.meydan.tv\/?p=326003"},"modified":"2025-02-07T16:55:59","modified_gmt":"2025-02-07T12:55:59","slug":"vladimir-putin-azal-a-m%c9%99xsus-t%c9%99yyar%c9%99nin-q%c9%99zaya-ugramasi-il%c9%99-bagli-aciqlama-verm%c9%99yi-planlasdirmir","status":"publish","type":"post","link":"https:\/\/www.meydan.tv\/az\/article\/vladimir-putin-azal-a-m%c9%99xsus-t%c9%99yyar%c9%99nin-q%c9%99zaya-ugramasi-il%c9%99-bagli-aciqlama-verm%c9%99yi-planlasdirmir\/","title":{"rendered":"Vladimir Putin AZAL-a m\u0259xsus t\u0259yyar\u0259nin q\u0259zaya u\u011framas\u0131 il\u0259 ba\u011fl\u0131 a\u00e7\u0131qlama verm\u0259yi planla\u015fd\u0131rm\u0131r"},"content":{"rendered":"\n<p><\/p>\n\n\n\n<p><strong><em>Peskov q\u0259zaya g\u00f6r\u0259 Rusiyan\u0131n g\u00fcnah\u0131 \u00f6z \u00fcz\u0259rin\u0259 g\u00f6t\u00fcrm\u0259si bar\u0259d\u0259 Az\u0259rbaycan m\u0259tbuat\u0131nda yay\u0131lan yaz\u0131lar\u0131 \u015f\u0259rh ed\u0259rk\u0259n bel\u0259 deyib<\/em><\/strong><br><br>Rusiya Prezidenti Vladimir Putin \u201cAz\u0259rbaycan Hava Yollar\u0131na\u201d (AZAL) m\u0259xsus t\u0259yyar\u0259nin Qazax\u0131standa q\u0259zaya u\u011framas\u0131 il\u0259 ba\u011fl\u0131 a\u00e7\u0131qlama verm\u0259yi planla\u015fd\u0131rm\u0131r.<br>Bu bar\u0259d\u0259 jurnalistl\u0259r\u0259 Prezidentin m\u0259tbuat katibi Dmitri Peskov <a href=\"https:\/\/tass.ru\/politika\/23080161\" target=\"_blank\" rel=\"noreferrer noopener\">m\u0259lumat verib<\/a>.<br><br><em>\u201cXeyr, (t\u0259yyar\u0259 q\u0259zas\u0131 il\u0259 ba\u011fl\u0131 dan\u0131\u015fmaq) he\u00e7 bir plan yoxdur\u201d,<\/em>&nbsp;&#8211; Peskov q\u0259zaya g\u00f6r\u0259 Rusiyan\u0131n g\u00fcnah\u0131 \u00f6z \u00fcz\u0259rin\u0259 g\u00f6t\u00fcrm\u0259si bar\u0259d\u0259 Az\u0259rbaycan m\u0259tbuat\u0131nda yay\u0131lan yaz\u0131lar\u0131 \u015f\u0259rh ed\u0259rk\u0259n deyib.<br><br>Fevral\u0131n 4-d\u0259 Qazax\u0131stan\u0131n N\u0259qliyyat Nazirliyi Aktau hava liman\u0131 yax\u0131nl\u0131\u011f\u0131nda \u201cAz\u0259rbaycan Hava Yollar\u0131\u201d (AZAL) avia\u015firk\u0259tin\u0259 m\u0259xsus \u201cEmbraer-190\u201d t\u0259yyar\u0259sinin q\u0259zaya u\u011framas\u0131n\u0131n s\u0259b\u0259bl\u0259rin\u0259 dair istintaq\u0131n ilkin n\u0259tic\u0259l\u0259rini <a href=\"https:\/\/storage.googleapis.com\/qurium\/www.meydan.tv\/az-article-qazaxistanin-n%c9%99qliyyat-nazirliyi-azal-a-m%c9%99xsus-t%c9%99yyar%c9%99nin-q%c9%99za-s%c9%99b%c9%99bl%c9%99rin%c9%99-dair-ilkin-hesabati-d%c9%99rc-edib.html\" target=\"_blank\" rel=\"noreferrer noopener\">a\u00e7\u0131qlay\u0131b<\/a>.<br><br>53 s\u0259hif\u0259lik ilkin hesabata u\u00e7u\u015f tarix\u00e7\u0259si, t\u0259yyar\u0259y\u0259 d\u0259y\u0259n ziyan, meteoroloji m\u0259lumatlar, qal\u0131qlar, fotolar daxildir. Hesabatda deyilir ki, Aktau yax\u0131nl\u0131\u011f\u0131nda q\u0259zaya u\u011frayan AZAL t\u0259yyar\u0259si yer s\u0259thi il\u0259 toqqu\u015fana q\u0259d\u0259r xarici t\u0259sir\u0259 m\u0259ruz qal\u0131b.<br><br>Ard\u0131nca \u201cReuters\u201d Az\u0259rbaycan h\u00f6kum\u0259tind\u0259ki anonim m\u0259nb\u0259sin\u0259 istinad\u0259n m\u0259lumat yayaraq, t\u0259yyar\u0259nin Rusiyan\u0131n \u201cPantsir-S\u201d raketi il\u0259 vuruldu\u011funu bildirib.<br>Kreml is\u0259 Qazax\u0131stan\u0131n q\u0259za il\u0259 ba\u011fl\u0131 ilkin hesabat\u0131n\u0131 \u015f\u0259rh etm\u0259yib, istintaq\u0131n tamamlanmas\u0131n\u0131 g\u00f6zl\u0259m\u0259y\u0259 \u00e7a\u011f\u0131r\u0131b.<br><br><em>\u201cBu, ilkin hesabatd\u0131r. \u018flb\u0259tt\u0259, m\u00fcvafiq qurumlar\u0131m\u0131z onu b\u00f6y\u00fck, laz\u0131mi diqq\u0259tl\u0259 \u00f6yr\u0259n\u0259c\u0259kl\u0259r. Prezident Administrasiyas\u0131ndan \u015f\u0259rh verm\u0259yi m\u00fcmk\u00fcn hesab etmirik\u201d, <\/em>\u2013 Rusiya Prezidentinin m\u0259tbuat katibi Dmitri Peskov fevral\u0131n 5-d\u0259 jurnalistl\u0259r\u0259 deyib.<br><br>Rusiyan\u0131n Federal Hava N\u0259qliyyat\u0131 Agentliyi (\u201cRosaviasiya\u201d) d\u0259 hesabat\u0131n insidentin s\u0259b\u0259bl\u0259ri il\u0259 ba\u011fl\u0131 h\u0259r hans\u0131 n\u0259tic\u0259ni ehtiva etm\u0259diyini a\u00e7\u0131qlay\u0131b.<br><br><em>\u201c\u0130lkin hesabat t\u0259sdiql\u0259yir ki, t\u0259yyar\u0259nin xarici t\u0259sir n\u0259tic\u0259sind\u0259 z\u0259d\u0259l\u0259nm\u0259si var. Bununla bel\u0259, hesabatda Qazax\u0131stan t\u0259r\u0259finin t\u0259yyar\u0259d\u0259 yad obyektl\u0259r a\u015fkarlamas\u0131 bildirilimir. Rusiyan\u0131n indiy\u0259d\u0259k bel\u0259 bir imkan\u0131 olmay\u0131b, \u00e7\u00fcnki qeyd olunan elementl\u0259r ekspertiza \u00fc\u00e7\u00fcn ona \u00f6t\u00fcr\u00fclm\u0259yib. Ekipaj Rusiya dispet\u00e7erl\u0259rinin t\u0259klif etdiyi alternativ Maha\u00e7qala v\u0259 Mineraln\u0131ye Vod\u0131 hava limanlar\u0131ndan istifad\u0259 etm\u0259yib, baxmayaraq ki, bu aerodromlar\u0131n t\u0259yyar\u0259l\u0259ri q\u0259bul etm\u0259k \u00fc\u00e7\u00fcn texniki haz\u0131rl\u0131\u011f\u0131 olub. Ekipaj m\u00fcst\u0259qil olaraq Aktaunu eni\u015f aerodorumu kimi se\u00e7ib. Komissiyan\u0131n i\u015fi davam ed\u0259c\u0259k v\u0259 ba\u015f ver\u0259nl\u0259rl\u0259 ba\u011fl\u0131 n\u0259tic\u0259l\u0259r yekun hesabatda t\u0259qdim olunacaq\u201d, <\/em>\u2013 \u201cRosaviasiya\u201d-n\u0131n fevral\u0131n 5-d\u0259 yayd\u0131\u011f\u0131 m\u0259lumat\u0131nda <a href=\"https:\/\/storage.googleapis.com\/qurium\/www.meydan.tv\/az-article-rosaviasiya-ilkin-hesabat-azal-in-t%c9%99yyar%c9%99sinin-q%c9%99za-s%c9%99b%c9%99bl%c9%99ri-il%c9%99-bagli-n%c9%99tic%c9%99ni-ehtiva-etmir.html\" target=\"_blank\" rel=\"noreferrer noopener\">deyilir<\/a>.<br><br>AZAL-a m\u0259xsus Bak\u0131-Qrozn\u0131 aviareysini h\u0259yata ke\u00e7ir\u0259n s\u0259rni\u015fin t\u0259yyar\u0259si 2024-c\u00fc il dekabr\u0131n 25-d\u0259 Qazax\u0131stan\u0131n Aktau \u015f\u0259h\u0259ri yax\u0131nl\u0131\u011f\u0131nda q\u0259zaya u\u011fray\u0131b. T\u0259yyar\u0259nin g\u00f6y\u0259rt\u0259sind\u0259ki 67 n\u0259f\u0259rd\u0259n 38-i h\u0259lak olub, 29-u sa\u011f qal\u0131b.<br><br>\u0130lkin m\u0259lumatlara g\u00f6r\u0259, t\u0259yyar\u0259 Qrozn\u0131 \u00fcz\u0259rind\u0259ki hava m\u0259kan\u0131nda ba\u015f ver\u0259n fiziki v\u0259 texniki xarici m\u00fcdaxil\u0259 n\u0259tic\u0259sind\u0259 q\u0259zaya u\u011fray\u0131b.<br><br>Hadis\u0259d\u0259n \u00fc\u00e7 g\u00fcn sonra Rusiya Prezidenti Vladimir Putin az\u0259rbaycanl\u0131 h\u0259mkar\u0131 \u0130lham \u018fliyev\u0259 z\u0259ng ed\u0259r\u0259k \u201cRusiya hava m\u0259kan\u0131nda ba\u015f vermi\u015f faci\u0259vi insident\u201d\u0259 g\u00f6r\u0259 \u00fczrxahl\u0131q edib.<br><br>Prezident \u0130lham \u018fliyev dekabr\u0131n 29-da Az\u0259rbaycan Televiziyas\u0131na (AZTV) m\u00fcsahib\u0259sind\u0259 t\u0259yyar\u0259nin Rusiya t\u0259r\u0259find\u0259n vuruldu\u011funu dey\u0259r\u0259k bir s\u0131ra ittihamlar s\u0259sl\u0259ndirib.<br>O bildirib ki, Rusiya t\u0259r\u0259fi m\u0259s\u0259l\u0259ni \u00f6rt-basd\u0131r etm\u0259k ist\u0259yir.<\/p>\n","protected":false},"excerpt":{"rendered":"<p>Peskov q\u0259zaya g\u00f6r\u0259 Rusiyan\u0131n g\u00fcnah\u0131 \u00f6z \u00fcz\u0259rin\u0259 g\u00f6t\u00fcrm\u0259si bar\u0259d\u0259 Az\u0259rbaycan &#8230; <\/p>\n<p class=\"read-more-container\"><a title=\"Vladimir Putin AZAL-a m\u0259xsus t\u0259yyar\u0259nin q\u0259zaya u\u011framas\u0131 il\u0259 ba\u011fl\u0131 a\u00e7\u0131qlama verm\u0259yi planla\u015fd\u0131rm\u0131r\" class=\"read-more button\" href=\"https:\/\/www.meydan.tv\/az\/article\/vladimir-putin-azal-a-m%c9%99xsus-t%c9%99yyar%c9%99nin-q%c9%99zaya-ugramasi-il%c9%99-bagli-aciqlama-verm%c9%99yi-planlasdirmir\/#more-326003\" aria-label=\"Read more about Vladimir Putin AZAL-a m\u0259xsus t\u0259yyar\u0259nin q\u0259zaya u\u011framas\u0131 il\u0259 ba\u011fl\u0131 a\u00e7\u0131qlama verm\u0259yi planla\u015fd\u0131rm\u0131r\">Davam\u0131<\/a><\/p>\n","protected":false},"author":16,"featured_media":323400,"comment_status":"closed","ping_status":"closed","sticky":false,"template":"","format":"standard","meta":{"_acf_changed":false,"_sitemap_exclude":false,"_sitemap_priority":"","_sitemap_frequency":"","footnotes":""},"categories":[59,62,79,56],"tags":[],"class_list":["post-326003","post","type-post","status-publish","format-standard","has-post-thumbnail","hentry","category-siyaset","category-sosial","category-featured","category-xeberler","infinite-scroll-item","generate-columns","tablet-grid-50","mobile-grid-100","grid-parent","grid-33","no-featured-image-padding"],"acf":[],"yoast_head":"<!-- This site is optimized with the Yoast SEO plugin v27.4 - https:\/\/yoast.com\/product\/yoast-seo-wordpress\/ -->\n<title>Vladimir Putin AZAL-a m\u0259xsus t\u0259yyar\u0259nin q\u0259zaya u\u011framas\u0131 il\u0259 ba\u011fl\u0131 a\u00e7\u0131qlama verm\u0259yi planla\u015fd\u0131rm\u0131r - MEYDAN.TV<\/title>\n<meta name=\"robots\" content=\"index, follow, max-snippet:-1, max-image-preview:large, max-video-preview:-1\" \/>\n<link rel=\"canonical\" href=\"https:\/\/www.meydan.tv\/az\/article\/vladimir-putin-azal-a-m%c9%99xsus-t%c9%99yyar%c9%99nin-q%c9%99zaya-ugramasi-il%c9%99-bagli-aciqlama-verm%c9%99yi-planlasdirmir\/\" \/>\n<meta property=\"og:locale\" content=\"az_AZ\" \/>\n<meta property=\"og:type\" content=\"article\" \/>\n<meta property=\"og:title\" content=\"Vladimir Putin AZAL-a m\u0259xsus t\u0259yyar\u0259nin q\u0259zaya u\u011framas\u0131 il\u0259 ba\u011fl\u0131 a\u00e7\u0131qlama verm\u0259yi planla\u015fd\u0131rm\u0131r - MEYDAN.TV\" \/>\n<meta property=\"og:description\" content=\"Peskov q\u0259zaya g\u00f6r\u0259 Rusiyan\u0131n g\u00fcnah\u0131 \u00f6z \u00fcz\u0259rin\u0259 g\u00f6t\u00fcrm\u0259si bar\u0259d\u0259 Az\u0259rbaycan ... Davam\u0131\" \/>\n<meta property=\"og:url\" content=\"https:\/\/www.meydan.tv\/az\/article\/vladimir-putin-azal-a-m%c9%99xsus-t%c9%99yyar%c9%99nin-q%c9%99zaya-ugramasi-il%c9%99-bagli-aciqlama-verm%c9%99yi-planlasdirmir\/\" \/>\n<meta property=\"og:site_name\" content=\"MEYDAN.TV\" \/>\n<meta property=\"article:published_time\" content=\"2025-02-07T12:22:15+00:00\" \/>\n<meta property=\"article:modified_time\" content=\"2025-02-07T12:55:59+00:00\" \/>\n<meta property=\"og:image\" content=\"https:\/\/www.meydan.tv\/wp-content\/uploads\/bez-nazvaniya.png\" \/>\n\t<meta property=\"og:image:width\" content=\"1280\" \/>\n\t<meta property=\"og:image:height\" content=\"738\" \/>\n\t<meta property=\"og:image:type\" content=\"image\/png\" \/>\n<meta name=\"author\" content=\"sevda\" \/>\n<meta name=\"twitter:card\" content=\"summary_large_image\" \/>\n<script type=\"application\/ld+json\" class=\"yoast-schema-graph\">{\"@context\":\"https:\\\/\\\/schema.org\",\"@graph\":[{\"@type\":\"Article\",\"@id\":\"https:\\\/\\\/www.meydan.tv\\\/az\\\/article\\\/vladimir-putin-azal-a-m%c9%99xsus-t%c9%99yyar%c9%99nin-q%c9%99zaya-ugramasi-il%c9%99-bagli-aciqlama-verm%c9%99yi-planlasdirmir\\\/#article\",\"isPartOf\":{\"@id\":\"https:\\\/\\\/www.meydan.tv\\\/az\\\/article\\\/vladimir-putin-azal-a-m%c9%99xsus-t%c9%99yyar%c9%99nin-q%c9%99zaya-ugramasi-il%c9%99-bagli-aciqlama-verm%c9%99yi-planlasdirmir\\\/\"},\"author\":{\"name\":\"sevda\",\"@id\":\"https:\\\/\\\/www.meydan.tv\\\/az\\\/#\\\/schema\\\/person\\\/49b5f2bad5b126bb8ea9320eeb3e4dc9\"},\"headline\":\"Vladimir Putin AZAL-a m\u0259xsus t\u0259yyar\u0259nin q\u0259zaya u\u011framas\u0131 il\u0259 ba\u011fl\u0131 a\u00e7\u0131qlama verm\u0259yi planla\u015fd\u0131rm\u0131r\",\"datePublished\":\"2025-02-07T12:22:15+00:00\",\"dateModified\":\"2025-02-07T12:55:59+00:00\",\"mainEntityOfPage\":{\"@id\":\"https:\\\/\\\/www.meydan.tv\\\/az\\\/article\\\/vladimir-putin-azal-a-m%c9%99xsus-t%c9%99yyar%c9%99nin-q%c9%99zaya-ugramasi-il%c9%99-bagli-aciqlama-verm%c9%99yi-planlasdirmir\\\/\"},\"wordCount\":709,\"publisher\":{\"@id\":\"https:\\\/\\\/www.meydan.tv\\\/az\\\/#organization\"},\"image\":{\"@id\":\"https:\\\/\\\/www.meydan.tv\\\/az\\\/article\\\/vladimir-putin-azal-a-m%c9%99xsus-t%c9%99yyar%c9%99nin-q%c9%99zaya-ugramasi-il%c9%99-bagli-aciqlama-verm%c9%99yi-planlasdirmir\\\/#primaryimage\"},\"thumbnailUrl\":\"https:\\\/\\\/www.meydan.tv\\\/wp-content\\\/uploads\\\/bez-nazvaniya.png\",\"articleSection\":[\"Siyas\u0259t\",\"Sosial\",\"T\u00f6vsiy\u0259\",\"X\u0259b\u0259rl\u0259r\"],\"inLanguage\":\"az\"},{\"@type\":\"WebPage\",\"@id\":\"https:\\\/\\\/www.meydan.tv\\\/az\\\/article\\\/vladimir-putin-azal-a-m%c9%99xsus-t%c9%99yyar%c9%99nin-q%c9%99zaya-ugramasi-il%c9%99-bagli-aciqlama-verm%c9%99yi-planlasdirmir\\\/\",\"url\":\"https:\\\/\\\/www.meydan.tv\\\/az\\\/article\\\/vladimir-putin-azal-a-m%c9%99xsus-t%c9%99yyar%c9%99nin-q%c9%99zaya-ugramasi-il%c9%99-bagli-aciqlama-verm%c9%99yi-planlasdirmir\\\/\",\"name\":\"Vladimir Putin AZAL-a m\u0259xsus t\u0259yyar\u0259nin q\u0259zaya u\u011framas\u0131 il\u0259 ba\u011fl\u0131 a\u00e7\u0131qlama verm\u0259yi planla\u015fd\u0131rm\u0131r - MEYDAN.TV\",\"isPartOf\":{\"@id\":\"https:\\\/\\\/www.meydan.tv\\\/az\\\/#website\"},\"primaryImageOfPage\":{\"@id\":\"https:\\\/\\\/www.meydan.tv\\\/az\\\/article\\\/vladimir-putin-azal-a-m%c9%99xsus-t%c9%99yyar%c9%99nin-q%c9%99zaya-ugramasi-il%c9%99-bagli-aciqlama-verm%c9%99yi-planlasdirmir\\\/#primaryimage\"},\"image\":{\"@id\":\"https:\\\/\\\/www.meydan.tv\\\/az\\\/article\\\/vladimir-putin-azal-a-m%c9%99xsus-t%c9%99yyar%c9%99nin-q%c9%99zaya-ugramasi-il%c9%99-bagli-aciqlama-verm%c9%99yi-planlasdirmir\\\/#primaryimage\"},\"thumbnailUrl\":\"https:\\\/\\\/www.meydan.tv\\\/wp-content\\\/uploads\\\/bez-nazvaniya.png\",\"datePublished\":\"2025-02-07T12:22:15+00:00\",\"dateModified\":\"2025-02-07T12:55:59+00:00\",\"breadcrumb\":{\"@id\":\"https:\\\/\\\/www.meydan.tv\\\/az\\\/article\\\/vladimir-putin-azal-a-m%c9%99xsus-t%c9%99yyar%c9%99nin-q%c9%99zaya-ugramasi-il%c9%99-bagli-aciqlama-verm%c9%99yi-planlasdirmir\\\/#breadcrumb\"},\"inLanguage\":\"az\",\"potentialAction\":[{\"@type\":\"ReadAction\",\"target\":[\"https:\\\/\\\/www.meydan.tv\\\/az\\\/article\\\/vladimir-putin-azal-a-m%c9%99xsus-t%c9%99yyar%c9%99nin-q%c9%99zaya-ugramasi-il%c9%99-bagli-aciqlama-verm%c9%99yi-planlasdirmir\\\/\"]}]},{\"@type\":\"ImageObject\",\"inLanguage\":\"az\",\"@id\":\"https:\\\/\\\/www.meydan.tv\\\/az\\\/article\\\/vladimir-putin-azal-a-m%c9%99xsus-t%c9%99yyar%c9%99nin-q%c9%99zaya-ugramasi-il%c9%99-bagli-aciqlama-verm%c9%99yi-planlasdirmir\\\/#primaryimage\",\"url\":\"https:\\\/\\\/www.meydan.tv\\\/wp-content\\\/uploads\\\/bez-nazvaniya.png\",\"contentUrl\":\"https:\\\/\\\/www.meydan.tv\\\/wp-content\\\/uploads\\\/bez-nazvaniya.png\",\"width\":1280,\"height\":738,\"caption\":\"Foto: Reuters\"},{\"@type\":\"BreadcrumbList\",\"@id\":\"https:\\\/\\\/www.meydan.tv\\\/az\\\/article\\\/vladimir-putin-azal-a-m%c9%99xsus-t%c9%99yyar%c9%99nin-q%c9%99zaya-ugramasi-il%c9%99-bagli-aciqlama-verm%c9%99yi-planlasdirmir\\\/#breadcrumb\",\"itemListElement\":[{\"@type\":\"ListItem\",\"position\":1,\"name\":\"Ana s\u0259hif\u0259\",\"item\":\"https:\\\/\\\/www.meydan.tv\\\/az\\\/\"},{\"@type\":\"ListItem\",\"position\":2,\"name\":\"X\u0259b\u0259rl\u0259r\",\"item\":\"https:\\\/\\\/www.meydan.tv\\\/az\\\/section\\\/xeberler\\\/\"},{\"@type\":\"ListItem\",\"position\":3,\"name\":\"Vladimir Putin AZAL-a m\u0259xsus t\u0259yyar\u0259nin q\u0259zaya u\u011framas\u0131 il\u0259 ba\u011fl\u0131 a\u00e7\u0131qlama verm\u0259yi planla\u015fd\u0131rm\u0131r\"}]},{\"@type\":\"WebSite\",\"@id\":\"https:\\\/\\\/www.meydan.tv\\\/az\\\/#website\",\"url\":\"https:\\\/\\\/www.meydan.tv\\\/az\\\/\",\"name\":\"MEYDAN.TV\",\"description\":\"Meydan TV Az\u0259rbaycan\u0131n media m\u0259kan\u0131ndak\u0131 alternativ s\u0259sidir\",\"publisher\":{\"@id\":\"https:\\\/\\\/www.meydan.tv\\\/az\\\/#organization\"},\"potentialAction\":[{\"@type\":\"SearchAction\",\"target\":{\"@type\":\"EntryPoint\",\"urlTemplate\":\"https:\\\/\\\/www.meydan.tv\\\/az\\\/?s={search_term_string}\"},\"query-input\":{\"@type\":\"PropertyValueSpecification\",\"valueRequired\":true,\"valueName\":\"search_term_string\"}}],\"inLanguage\":\"az\"},{\"@type\":\"Organization\",\"@id\":\"https:\\\/\\\/www.meydan.tv\\\/az\\\/#organization\",\"name\":\"Meydan TV\",\"url\":\"https:\\\/\\\/www.meydan.tv\\\/az\\\/\",\"logo\":{\"@type\":\"ImageObject\",\"inLanguage\":\"az\",\"@id\":\"https:\\\/\\\/www.meydan.tv\\\/az\\\/#\\\/schema\\\/logo\\\/image\\\/\",\"url\":\"https:\\\/\\\/www.meydan.tv\\\/wp-content\\\/uploads\\\/2021\\\/07\\\/meydan-logo.svg\",\"contentUrl\":\"https:\\\/\\\/www.meydan.tv\\\/wp-content\\\/uploads\\\/2021\\\/07\\\/meydan-logo.svg\",\"width\":195,\"height\":46,\"caption\":\"Meydan TV\"},\"image\":{\"@id\":\"https:\\\/\\\/www.meydan.tv\\\/az\\\/#\\\/schema\\\/logo\\\/image\\\/\"}},{\"@type\":\"Person\",\"@id\":\"https:\\\/\\\/www.meydan.tv\\\/az\\\/#\\\/schema\\\/person\\\/49b5f2bad5b126bb8ea9320eeb3e4dc9\",\"name\":\"sevda\"}]}<\/script>\n<!-- \/ Yoast SEO plugin. -->","yoast_head_json":{"title":"Vladimir Putin AZAL-a m\u0259xsus t\u0259yyar\u0259nin q\u0259zaya u\u011framas\u0131 il\u0259 ba\u011fl\u0131 a\u00e7\u0131qlama verm\u0259yi planla\u015fd\u0131rm\u0131r - MEYDAN.TV","robots":{"index":"index","follow":"follow","max-snippet":"max-snippet:-1","max-image-preview":"max-image-preview:large","max-video-preview":"max-video-preview:-1"},"canonical":"https:\/\/www.meydan.tv\/az\/article\/vladimir-putin-azal-a-m%c9%99xsus-t%c9%99yyar%c9%99nin-q%c9%99zaya-ugramasi-il%c9%99-bagli-aciqlama-verm%c9%99yi-planlasdirmir\/","og_locale":"az_AZ","og_type":"article","og_title":"Vladimir Putin AZAL-a m\u0259xsus t\u0259yyar\u0259nin q\u0259zaya u\u011framas\u0131 il\u0259 ba\u011fl\u0131 a\u00e7\u0131qlama verm\u0259yi planla\u015fd\u0131rm\u0131r - MEYDAN.TV","og_description":"Peskov q\u0259zaya g\u00f6r\u0259 Rusiyan\u0131n g\u00fcnah\u0131 \u00f6z \u00fcz\u0259rin\u0259 g\u00f6t\u00fcrm\u0259si bar\u0259d\u0259 Az\u0259rbaycan ... Davam\u0131","og_url":"https:\/\/www.meydan.tv\/az\/article\/vladimir-putin-azal-a-m%c9%99xsus-t%c9%99yyar%c9%99nin-q%c9%99zaya-ugramasi-il%c9%99-bagli-aciqlama-verm%c9%99yi-planlasdirmir\/","og_site_name":"MEYDAN.TV","article_published_time":"2025-02-07T12:22:15+00:00","article_modified_time":"2025-02-07T12:55:59+00:00","og_image":[{"width":1280,"height":738,"url":"https:\/\/www.meydan.tv\/wp-content\/uploads\/bez-nazvaniya.png","type":"image\/png"}],"author":"sevda","twitter_card":"summary_large_image","schema":{"@context":"https:\/\/schema.org","@graph":[{"@type":"Article","@id":"https:\/\/www.meydan.tv\/az\/article\/vladimir-putin-azal-a-m%c9%99xsus-t%c9%99yyar%c9%99nin-q%c9%99zaya-ugramasi-il%c9%99-bagli-aciqlama-verm%c9%99yi-planlasdirmir\/#article","isPartOf":{"@id":"https:\/\/www.meydan.tv\/az\/article\/vladimir-putin-azal-a-m%c9%99xsus-t%c9%99yyar%c9%99nin-q%c9%99zaya-ugramasi-il%c9%99-bagli-aciqlama-verm%c9%99yi-planlasdirmir\/"},"author":{"name":"sevda","@id":"https:\/\/www.meydan.tv\/az\/#\/schema\/person\/49b5f2bad5b126bb8ea9320eeb3e4dc9"},"headline":"Vladimir Putin AZAL-a m\u0259xsus t\u0259yyar\u0259nin q\u0259zaya u\u011framas\u0131 il\u0259 ba\u011fl\u0131 a\u00e7\u0131qlama verm\u0259yi planla\u015fd\u0131rm\u0131r","datePublished":"2025-02-07T12:22:15+00:00","dateModified":"2025-02-07T12:55:59+00:00","mainEntityOfPage":{"@id":"https:\/\/www.meydan.tv\/az\/article\/vladimir-putin-azal-a-m%c9%99xsus-t%c9%99yyar%c9%99nin-q%c9%99zaya-ugramasi-il%c9%99-bagli-aciqlama-verm%c9%99yi-planlasdirmir\/"},"wordCount":709,"publisher":{"@id":"https:\/\/www.meydan.tv\/az\/#organization"},"image":{"@id":"https:\/\/www.meydan.tv\/az\/article\/vladimir-putin-azal-a-m%c9%99xsus-t%c9%99yyar%c9%99nin-q%c9%99zaya-ugramasi-il%c9%99-bagli-aciqlama-verm%c9%99yi-planlasdirmir\/#primaryimage"},"thumbnailUrl":"https:\/\/www.meydan.tv\/wp-content\/uploads\/bez-nazvaniya.png","articleSection":["Siyas\u0259t","Sosial","T\u00f6vsiy\u0259","X\u0259b\u0259rl\u0259r"],"inLanguage":"az"},{"@type":"WebPage","@id":"https:\/\/www.meydan.tv\/az\/article\/vladimir-putin-azal-a-m%c9%99xsus-t%c9%99yyar%c9%99nin-q%c9%99zaya-ugramasi-il%c9%99-bagli-aciqlama-verm%c9%99yi-planlasdirmir\/","url":"https:\/\/www.meydan.tv\/az\/article\/vladimir-putin-azal-a-m%c9%99xsus-t%c9%99yyar%c9%99nin-q%c9%99zaya-ugramasi-il%c9%99-bagli-aciqlama-verm%c9%99yi-planlasdirmir\/","name":"Vladimir Putin AZAL-a m\u0259xsus t\u0259yyar\u0259nin q\u0259zaya u\u011framas\u0131 il\u0259 ba\u011fl\u0131 a\u00e7\u0131qlama verm\u0259yi planla\u015fd\u0131rm\u0131r - MEYDAN.TV","isPartOf":{"@id":"https:\/\/www.meydan.tv\/az\/#website"},"primaryImageOfPage":{"@id":"https:\/\/www.meydan.tv\/az\/article\/vladimir-putin-azal-a-m%c9%99xsus-t%c9%99yyar%c9%99nin-q%c9%99zaya-ugramasi-il%c9%99-bagli-aciqlama-verm%c9%99yi-planlasdirmir\/#primaryimage"},"image":{"@id":"https:\/\/www.meydan.tv\/az\/article\/vladimir-putin-azal-a-m%c9%99xsus-t%c9%99yyar%c9%99nin-q%c9%99zaya-ugramasi-il%c9%99-bagli-aciqlama-verm%c9%99yi-planlasdirmir\/#primaryimage"},"thumbnailUrl":"https:\/\/www.meydan.tv\/wp-content\/uploads\/bez-nazvaniya.png","datePublished":"2025-02-07T12:22:15+00:00","dateModified":"2025-02-07T12:55:59+00:00","breadcrumb":{"@id":"https:\/\/www.meydan.tv\/az\/article\/vladimir-putin-azal-a-m%c9%99xsus-t%c9%99yyar%c9%99nin-q%c9%99zaya-ugramasi-il%c9%99-bagli-aciqlama-verm%c9%99yi-planlasdirmir\/#breadcrumb"},"inLanguage":"az","potentialAction":[{"@type":"ReadAction","target":["https:\/\/www.meydan.tv\/az\/article\/vladimir-putin-azal-a-m%c9%99xsus-t%c9%99yyar%c9%99nin-q%c9%99zaya-ugramasi-il%c9%99-bagli-aciqlama-verm%c9%99yi-planlasdirmir\/"]}]},{"@type":"ImageObject","inLanguage":"az","@id":"https:\/\/www.meydan.tv\/az\/article\/vladimir-putin-azal-a-m%c9%99xsus-t%c9%99yyar%c9%99nin-q%c9%99zaya-ugramasi-il%c9%99-bagli-aciqlama-verm%c9%99yi-planlasdirmir\/#primaryimage","url":"https:\/\/www.meydan.tv\/wp-content\/uploads\/bez-nazvaniya.png","contentUrl":"https:\/\/www.meydan.tv\/wp-content\/uploads\/bez-nazvaniya.png","width":1280,"height":738,"caption":"Foto: Reuters"},{"@type":"BreadcrumbList","@id":"https:\/\/www.meydan.tv\/az\/article\/vladimir-putin-azal-a-m%c9%99xsus-t%c9%99yyar%c9%99nin-q%c9%99zaya-ugramasi-il%c9%99-bagli-aciqlama-verm%c9%99yi-planlasdirmir\/#breadcrumb","itemListElement":[{"@type":"ListItem","position":1,"name":"Ana s\u0259hif\u0259","item":"https:\/\/www.meydan.tv\/az\/"},{"@type":"ListItem","position":2,"name":"X\u0259b\u0259rl\u0259r","item":"https:\/\/www.meydan.tv\/az\/section\/xeberler\/"},{"@type":"ListItem","position":3,"name":"Vladimir Putin AZAL-a m\u0259xsus t\u0259yyar\u0259nin q\u0259zaya u\u011framas\u0131 il\u0259 ba\u011fl\u0131 a\u00e7\u0131qlama verm\u0259yi planla\u015fd\u0131rm\u0131r"}]},{"@type":"WebSite","@id":"https:\/\/www.meydan.tv\/az\/#website","url":"https:\/\/www.meydan.tv\/az\/","name":"MEYDAN.TV","description":"Meydan TV Az\u0259rbaycan\u0131n media m\u0259kan\u0131ndak\u0131 alternativ s\u0259sidir","publisher":{"@id":"https:\/\/www.meydan.tv\/az\/#organization"},"potentialAction":[{"@type":"SearchAction","target":{"@type":"EntryPoint","urlTemplate":"https:\/\/www.meydan.tv\/az\/?s={search_term_string}"},"query-input":{"@type":"PropertyValueSpecification","valueRequired":true,"valueName":"search_term_string"}}],"inLanguage":"az"},{"@type":"Organization","@id":"https:\/\/www.meydan.tv\/az\/#organization","name":"Meydan TV","url":"https:\/\/www.meydan.tv\/az\/","logo":{"@type":"ImageObject","inLanguage":"az","@id":"https:\/\/www.meydan.tv\/az\/#\/schema\/logo\/image\/","url":"https:\/\/www.meydan.tv\/wp-content\/uploads\/2021\/07\/meydan-logo.svg","contentUrl":"https:\/\/www.meydan.tv\/wp-content\/uploads\/2021\/07\/meydan-logo.svg","width":195,"height":46,"caption":"Meydan TV"},"image":{"@id":"https:\/\/www.meydan.tv\/az\/#\/schema\/logo\/image\/"}},{"@type":"Person","@id":"https:\/\/www.meydan.tv\/az\/#\/schema\/person\/49b5f2bad5b126bb8ea9320eeb3e4dc9","name":"sevda"}]}},"_links":{"self":[{"href":"https:\/\/www.meydan.tv\/az\/wp-json\/wp\/v2\/posts\/326003","targetHints":{"allow":["GET"]}}],"collection":[{"href":"https:\/\/www.meydan.tv\/az\/wp-json\/wp\/v2\/posts"}],"about":[{"href":"https:\/\/www.meydan.tv\/az\/wp-json\/wp\/v2\/types\/post"}],"author":[{"embeddable":true,"href":"https:\/\/www.meydan.tv\/az\/wp-json\/wp\/v2\/users\/16"}],"replies":[{"embeddable":true,"href":"https:\/\/www.meydan.tv\/az\/wp-json\/wp\/v2\/comments?post=326003"}],"version-history":[{"count":4,"href":"https:\/\/www.meydan.tv\/az\/wp-json\/wp\/v2\/posts\/326003\/revisions"}],"predecessor-version":[{"id":326011,"href":"https:\/\/www.meydan.tv\/az\/wp-json\/wp\/v2\/posts\/326003\/revisions\/326011"}],"wp:featuredmedia":[{"embeddable":true,"href":"https:\/\/www.meydan.tv\/az\/wp-json\/wp\/v2\/media\/323400"}],"wp:attachment":[{"href":"https:\/\/www.meydan.tv\/az\/wp-json\/wp\/v2\/media?parent=326003"}],"wp:term":[{"taxonomy":"category","embeddable":true,"href":"https:\/\/www.meydan.tv\/az\/wp-json\/wp\/v2\/categories?post=326003"},{"taxonomy":"post_tag","embeddable":true,"href":"https:\/\/www.meydan.tv\/az\/wp-json\/wp\/v2\/tags?post=326003"}],"curies":[{"name":"wp","href":"https:\/\/api.w.org\/{rel}","templated":true}]}}