{"id":325889,"date":"2025-02-06T16:20:35","date_gmt":"2025-02-06T12:20:35","guid":{"rendered":"https:\/\/www.meydan.tv\/?p=325889"},"modified":"2025-02-06T22:03:51","modified_gmt":"2025-02-06T18:03:51","slug":"az%c9%99rbaycan-usaid-in-olk%c9%99d%c9%99-f%c9%99aliyy%c9%99tinin-dayandirilmasina-dair-abs-y%c9%99-bildiris-gond%c9%99rib","status":"publish","type":"post","link":"https:\/\/www.meydan.tv\/az\/article\/az%c9%99rbaycan-usaid-in-olk%c9%99d%c9%99-f%c9%99aliyy%c9%99tinin-dayandirilmasina-dair-abs-y%c9%99-bildiris-gond%c9%99rib\/","title":{"rendered":"USAID-in i\u015finin dayand\u0131r\u0131lmas\u0131 \u00fc\u00e7\u00fcn AB\u015e-y\u0259 bildiri\u015f g\u00f6nd\u0259rildi"},"content":{"rendered":"\n<p><\/p>\n\n\n\n<p><strong><em>Xarici \u0130\u015fl\u0259r Nazirliyinin m\u0259tbuat katibi deyib ki, USAID-in \u00f6lk\u0259d\u0259 f\u0259aliyy\u0259t g\u00f6st\u0259rm\u0259si \u00fc\u00e7\u00fcn h\u00fcquqi \u0259sas yoxdur<\/em><\/strong><\/p>\n\n\n\n<p>Az\u0259rbaycan AB\u015e-nin Beyn\u0259lxalq \u0130nki\u015faf Agentliyinin (USAID) bu \u00f6lk\u0259d\u0259 f\u0259aliyy\u0259tinin dayand\u0131r\u0131lmas\u0131na dair Birl\u0259\u015fmi\u015f \u015etatlara bildiri\u015f g\u00f6nd\u0259rib.<\/p>\n\n\n\n<p>Bununla ba\u011fl\u0131 Az\u0259rbaycan Xarici \u0130\u015fl\u0259r Nazirliyinin m\u0259tbuat katibi Ayxan Hac\u0131zad\u0259 m\u0259lumat verib.<\/p>\n\n\n\n<p><em>\u201cUSAID-in \u00f6lk\u0259d\u0259 f\u0259aliyy\u0259t g\u00f6st\u0259rm\u0259si \u00fc\u00e7\u00fcn h\u00fcquqi \u0259sas olmad\u0131\u011f\u0131 v\u0259 f\u0259aliyy\u0259tini dayand\u0131rmas\u0131 bar\u0259d\u0259 bildiri\u015f AB\u015e t\u0259r\u0259fin\u0259 r\u0259sm\u0259n g\u00f6nd\u0259rilib\u201d, &#8211;<\/em> Ayxan Hac\u0131zad\u0259 qeyd edib.<\/p>\n\n\n\n<p>Xarici i\u015fl\u0259r naziri Ceyhun Bayramov 2025-ci il yanvar\u0131n 16-da m\u0259tbuat konfrans\u0131nda demi\u015fdi ki, USAID-in Az\u0259rbaycanda f\u0259aliyy\u0259ti 2024-c\u00fc il iyunun 1-d\u0259n etibar\u0259n de-yure dayand\u0131r\u0131l\u0131b.<\/p>\n\n\n\n<p>Nazirin s\u00f6zl\u0259rin\u0259 g\u00f6r\u0259, USAID-in Az\u0259rbaycanda yard\u0131mlar\u0131 AB\u015e-nin m\u0259nafeyi \u00fc\u00e7\u00fcn edilirdi:<\/p>\n\n\n\n<p><em>\u201cBuna g\u00f6r\u0259 d\u0259 biz AB\u015e il\u0259 sazi\u015fl\u0259r\u0259 xitam verilm\u0259sini, USAID-in layih\u0259l\u0259rinin dayand\u0131r\u0131lmas\u0131n\u0131 <a href=\"https:\/\/storage.googleapis.com\/qurium\/www.meydan.tv\/az-article-az%c9%99rbaycan-usaid-il%c9%99-%c9%99m%c9%99kdasligini-dayandirir.html\" target=\"_blank\" rel=\"noreferrer noopener\">t\u0259l\u0259b etdik<\/a><\/em>\u201d.<\/p>\n\n\n\n<p>USAID Ceyhun Bayramovun dedikl\u0259rin\u0259 cavab olaraq bildirib ki, agentlik Az\u0259rbaycan xalq\u0131na d\u0259st\u0259k verm\u0259y\u0259 sadiq qal\u0131r.<\/p>\n\n\n\n<p><em>\u201c\u00dc\u00e7 onillikd\u0259n \u00e7oxdur ki, USAID Az\u0259rbaycan xalq\u0131 il\u0259 birg\u0259 iqtisadi imkanlar\u0131n t\u0259\u015fviqi, yerli s\u0259hiyy\u0259 sisteml\u0259rinin g\u00fccl\u0259ndirilm\u0259si v\u0259 v\u0259t\u0259nda\u015flar\u0131n ictimai h\u0259yata daha f\u0259al c\u0259lb olunmas\u0131 istiqam\u0259tind\u0259 \u00e7al\u0131\u015f\u0131b. Biz Az\u0259rbaycan xalq\u0131na d\u0259st\u0259k verm\u0259y\u0259, regional s\u00fclh\u00fcn t\u0259min olunmas\u0131 v\u0259 iqtisadi inteqrasiya istiqam\u0259tind\u0259 i\u015fl\u0259m\u0259y\u0259 sadiqik\u201d,<\/em> \u2013 AB\u015e Beyn\u0259lxalq \u0130nki\u015faf Agentliyinin cavab\u0131nda bildirilib.<\/p>\n\n\n\n<p>Az\u0259rbaycan\u0131n X\u0130N-d\u0259n daha \u00f6nc\u0259 d\u0259 USAID-in layih\u0259l\u0259ri il\u0259 ba\u011fl\u0131 t\u0259nqidl\u0259r s\u0259sl\u0259nib, bu layih\u0259l\u0259rin \u015f\u0259ffaf olmad\u0131\u011f\u0131, Az\u0259rbaycan\u0131n maraqlar\u0131na cavab verm\u0259diyi bildirilib.<\/p>\n\n\n\n<p>Bu t\u0259nqidl\u0259r, \u0259sas\u0259n, 2023-c\u00fc ilin sentyabr\u0131nda r\u0259smi Bak\u0131n\u0131n Qaraba\u011fda birg\u00fcnl\u00fck h\u0259rbi \u0259m\u0259liyyat ke\u00e7irm\u0259sind\u0259n sonra ba\u015flay\u0131b.<\/p>\n\n\n\n<p>Onda USAID-in r\u0259hb\u0259ri Samanta Pauer demi\u015fdi ki, h\u0259min \u0259m\u0259liyyat n\u0259tic\u0259sind\u0259 y\u00fcz mind\u0259n \u00e7ox insan evl\u0259rini t\u0259rk etm\u0259y\u0259, Erm\u0259nistana k\u00f6\u00e7m\u0259y\u0259 m\u0259cbur olub.<\/p>\n\n\n\n<p>2023-c\u00fc ilin noyabr\u0131nda AB\u015e D\u00f6vl\u0259t Departamenti Az\u0259rbaycan X\u0130N-nin USAID il\u0259 ba\u011fl\u0131 ittihamlar\u0131na cavab vermi\u015fdi:<\/p>\n\n\n\n<p><em>\u201cUSAID-in yard\u0131m layih\u0259l\u0259ri il\u0259 ba\u011fl\u0131 bu c\u00fcr ittihamlar yaland\u0131r v\u0259 bizim yard\u0131m\u0131n m\u0259qs\u0259dini k\u00f6k\u00fcnd\u0259n yanl\u0131\u015f xarakteriz\u0259 edir. H\u0259r zaman oldu\u011fu kimi, bizim k\u00f6m\u0259yimiz \u015f\u0259ffafd\u0131r. B\u00fct\u00fcn USAID proqramlar\u0131 azad v\u0259 dinc c\u0259miyy\u0259tl\u0259r\u0259 y\u00f6n\u0259lmi\u015f demokratik d\u0259y\u0259rl\u0259ri t\u0259bli\u011f edir\u201d.<\/em><\/p>\n\n\n\n<p>Son ill\u0259r AB\u015e v\u0259 Az\u0259rbaycan aras\u0131nda m\u00fcnasib\u0259tl\u0259r soyuyub.<\/p>\n\n\n\n<p>AB\u015e-d\u0259n Az\u0259rbaycanda ictimai f\u0259allar\u0131n, jurnalistl\u0259rin h\u0259bsind\u0259n narahatl\u0131q ifad\u0259 edilib, r\u0259smi Bak\u0131 is\u0259 bunu onlar\u0131n daxili i\u015fin\u0259 qar\u0131\u015fmaq kimi d\u0259y\u0259rl\u0259ndirib.<\/p>\n\n\n\n<p>Az\u0259rbaycan Prezidenti \u0130lham \u018fliyev is\u0259 son m\u00fcsahib\u0259l\u0259rind\u0259 AB\u015e-nin yeni se\u00e7ilmi\u015f Prezidenti Donald Trampla ba\u011fl\u0131 \u00fcmidl\u0259 dan\u0131\u015f\u0131b, AB\u015e il\u0259 m\u00fcnasib\u0259tl\u0259rin strateji s\u0259viyy\u0259y\u0259 \u00e7atd\u0131r\u0131la bil\u0259c\u0259yini deyib.<\/p>\n\n\n\n<p>Donald Tramp\u0131n Prezident se\u00e7ilm\u0259sind\u0259n sonra AB\u015e Beyn\u0259lxalq \u0130nki\u015faf Agentliyi (USAID) adl\u0131 iri donor t\u0259\u015fkilat\u0131n\u0131n f\u0259aliyy\u0259tini m\u0259hdudla\u015fd\u0131rmas\u0131na y\u00f6n\u0259lmi\u015f q\u0259rarlar q\u0259bul edilib. Agentliyin veb-sayt\u0131n\u0131n art\u0131q f\u0259aliyy\u0259tini dayand\u0131rd\u0131\u011f\u0131, onun ad\u0131n\u0131n yaz\u0131ld\u0131\u011f\u0131 l\u00f6vh\u0259l\u0259rin is\u0259 Va\u015finqtonun m\u0259rk\u0259zind\u0259ki ba\u015f q\u0259rargah\u0131n binas\u0131ndan y\u0131\u011f\u0131\u015fd\u0131r\u0131ld\u0131\u011f\u0131 bildirilir. Agentliyin \u201cX\u201d-d\u0259ki hesab\u0131 da l\u0259\u011fv olunub. Bundan ba\u015fqa, USAID-in f\u0259aliyy\u0259tini t\u0259nqid ed\u0259n Prezident Donald Tramp\u0131n onu D\u00f6vl\u0259t Departamenti il\u0259 birl\u0259\u015fdirm\u0259yi v\u0259 i\u015f\u00e7il\u0259rini ixtisar etm\u0259yi planla\u015fd\u0131rd\u0131\u011f\u0131, bunu yax\u0131n g\u00fcnl\u0259rd\u0259 elan ed\u0259c\u0259yi bildirilir.<\/p>\n\n\n\n<p>USAID-in sayt\u0131nda yerl\u0259\u015fdiril\u0259n son m\u0259lumatda agentliyin b\u00fct\u00fcn \u00f6lk\u0259l\u0259rd\u0259ki i\u015f\u00e7il\u0259rinin m\u0259zuniyy\u0259t\u0259 g\u00f6nd\u0259rildiyi <a href=\"https:\/\/www.usaid.gov\" target=\"_blank\" rel=\"noreferrer noopener\">bildirilir.<\/a><\/p>\n\n\n\n<p><\/p>\n","protected":false},"excerpt":{"rendered":"<p>Xarici \u0130\u015fl\u0259r Nazirliyinin m\u0259tbuat katibi deyib ki, USAID-in \u00f6lk\u0259d\u0259 f\u0259aliyy\u0259t &#8230; <\/p>\n<p class=\"read-more-container\"><a title=\"USAID-in i\u015finin dayand\u0131r\u0131lmas\u0131 \u00fc\u00e7\u00fcn AB\u015e-y\u0259 bildiri\u015f g\u00f6nd\u0259rildi\" class=\"read-more button\" href=\"https:\/\/www.meydan.tv\/az\/article\/az%c9%99rbaycan-usaid-in-olk%c9%99d%c9%99-f%c9%99aliyy%c9%99tinin-dayandirilmasina-dair-abs-y%c9%99-bildiris-gond%c9%99rib\/#more-325889\" aria-label=\"Read more about USAID-in i\u015finin dayand\u0131r\u0131lmas\u0131 \u00fc\u00e7\u00fcn AB\u015e-y\u0259 bildiri\u015f g\u00f6nd\u0259rildi\">Davam\u0131<\/a><\/p>\n","protected":false},"author":21,"featured_media":325941,"comment_status":"closed","ping_status":"closed","sticky":false,"template":"","format":"standard","meta":{"_acf_changed":false,"_sitemap_exclude":false,"_sitemap_priority":"","_sitemap_frequency":"","footnotes":""},"categories":[59,79,56],"tags":[],"class_list":["post-325889","post","type-post","status-publish","format-standard","has-post-thumbnail","hentry","category-siyaset","category-featured","category-xeberler","infinite-scroll-item","generate-columns","tablet-grid-50","mobile-grid-100","grid-parent","grid-33","no-featured-image-padding"],"acf":[],"yoast_head":"<!-- This site is optimized with the Yoast SEO plugin v27.5 - https:\/\/yoast.com\/product\/yoast-seo-wordpress\/ -->\n<title>USAID-in i\u015finin dayand\u0131r\u0131lmas\u0131 \u00fc\u00e7\u00fcn AB\u015e-y\u0259 bildiri\u015f g\u00f6nd\u0259rildi - MEYDAN.TV<\/title>\n<meta name=\"robots\" content=\"index, follow, max-snippet:-1, max-image-preview:large, max-video-preview:-1\" \/>\n<link rel=\"canonical\" href=\"https:\/\/www.meydan.tv\/az\/article\/az%c9%99rbaycan-usaid-in-olk%c9%99d%c9%99-f%c9%99aliyy%c9%99tinin-dayandirilmasina-dair-abs-y%c9%99-bildiris-gond%c9%99rib\/\" \/>\n<meta property=\"og:locale\" content=\"az_AZ\" \/>\n<meta property=\"og:type\" content=\"article\" \/>\n<meta property=\"og:title\" content=\"USAID-in i\u015finin dayand\u0131r\u0131lmas\u0131 \u00fc\u00e7\u00fcn AB\u015e-y\u0259 bildiri\u015f g\u00f6nd\u0259rildi - MEYDAN.TV\" \/>\n<meta property=\"og:description\" content=\"Xarici \u0130\u015fl\u0259r Nazirliyinin m\u0259tbuat katibi deyib ki, USAID-in \u00f6lk\u0259d\u0259 f\u0259aliyy\u0259t ... Davam\u0131\" \/>\n<meta property=\"og:url\" content=\"https:\/\/www.meydan.tv\/az\/article\/az%c9%99rbaycan-usaid-in-olk%c9%99d%c9%99-f%c9%99aliyy%c9%99tinin-dayandirilmasina-dair-abs-y%c9%99-bildiris-gond%c9%99rib\/\" \/>\n<meta property=\"og:site_name\" content=\"MEYDAN.TV\" \/>\n<meta property=\"article:published_time\" content=\"2025-02-06T12:20:35+00:00\" \/>\n<meta property=\"article:modified_time\" content=\"2025-02-06T18:03:51+00:00\" \/>\n<meta property=\"og:image\" content=\"https:\/\/www.meydan.tv\/wp-content\/uploads\/3423-1.png\" \/>\n\t<meta property=\"og:image:width\" content=\"1179\" \/>\n\t<meta property=\"og:image:height\" content=\"576\" \/>\n\t<meta property=\"og:image:type\" content=\"image\/png\" \/>\n<meta name=\"author\" content=\"mahmud\" \/>\n<meta name=\"twitter:card\" content=\"summary_large_image\" \/>\n<script type=\"application\/ld+json\" class=\"yoast-schema-graph\">{\"@context\":\"https:\\\/\\\/schema.org\",\"@graph\":[{\"@type\":\"Article\",\"@id\":\"https:\\\/\\\/www.meydan.tv\\\/az\\\/article\\\/az%c9%99rbaycan-usaid-in-olk%c9%99d%c9%99-f%c9%99aliyy%c9%99tinin-dayandirilmasina-dair-abs-y%c9%99-bildiris-gond%c9%99rib\\\/#article\",\"isPartOf\":{\"@id\":\"https:\\\/\\\/www.meydan.tv\\\/az\\\/article\\\/az%c9%99rbaycan-usaid-in-olk%c9%99d%c9%99-f%c9%99aliyy%c9%99tinin-dayandirilmasina-dair-abs-y%c9%99-bildiris-gond%c9%99rib\\\/\"},\"author\":{\"name\":\"mahmud\",\"@id\":\"https:\\\/\\\/www.meydan.tv\\\/az\\\/#\\\/schema\\\/person\\\/09863e516102a829e72bedcf3f84c6b0\"},\"headline\":\"USAID-in i\u015finin dayand\u0131r\u0131lmas\u0131 \u00fc\u00e7\u00fcn AB\u015e-y\u0259 bildiri\u015f g\u00f6nd\u0259rildi\",\"datePublished\":\"2025-02-06T12:20:35+00:00\",\"dateModified\":\"2025-02-06T18:03:51+00:00\",\"mainEntityOfPage\":{\"@id\":\"https:\\\/\\\/www.meydan.tv\\\/az\\\/article\\\/az%c9%99rbaycan-usaid-in-olk%c9%99d%c9%99-f%c9%99aliyy%c9%99tinin-dayandirilmasina-dair-abs-y%c9%99-bildiris-gond%c9%99rib\\\/\"},\"wordCount\":745,\"publisher\":{\"@id\":\"https:\\\/\\\/www.meydan.tv\\\/az\\\/#organization\"},\"image\":{\"@id\":\"https:\\\/\\\/www.meydan.tv\\\/az\\\/article\\\/az%c9%99rbaycan-usaid-in-olk%c9%99d%c9%99-f%c9%99aliyy%c9%99tinin-dayandirilmasina-dair-abs-y%c9%99-bildiris-gond%c9%99rib\\\/#primaryimage\"},\"thumbnailUrl\":\"https:\\\/\\\/www.meydan.tv\\\/wp-content\\\/uploads\\\/3423-1.png\",\"articleSection\":[\"Siyas\u0259t\",\"T\u00f6vsiy\u0259\",\"X\u0259b\u0259rl\u0259r\"],\"inLanguage\":\"az\"},{\"@type\":\"WebPage\",\"@id\":\"https:\\\/\\\/www.meydan.tv\\\/az\\\/article\\\/az%c9%99rbaycan-usaid-in-olk%c9%99d%c9%99-f%c9%99aliyy%c9%99tinin-dayandirilmasina-dair-abs-y%c9%99-bildiris-gond%c9%99rib\\\/\",\"url\":\"https:\\\/\\\/www.meydan.tv\\\/az\\\/article\\\/az%c9%99rbaycan-usaid-in-olk%c9%99d%c9%99-f%c9%99aliyy%c9%99tinin-dayandirilmasina-dair-abs-y%c9%99-bildiris-gond%c9%99rib\\\/\",\"name\":\"USAID-in i\u015finin dayand\u0131r\u0131lmas\u0131 \u00fc\u00e7\u00fcn AB\u015e-y\u0259 bildiri\u015f g\u00f6nd\u0259rildi - MEYDAN.TV\",\"isPartOf\":{\"@id\":\"https:\\\/\\\/www.meydan.tv\\\/az\\\/#website\"},\"primaryImageOfPage\":{\"@id\":\"https:\\\/\\\/www.meydan.tv\\\/az\\\/article\\\/az%c9%99rbaycan-usaid-in-olk%c9%99d%c9%99-f%c9%99aliyy%c9%99tinin-dayandirilmasina-dair-abs-y%c9%99-bildiris-gond%c9%99rib\\\/#primaryimage\"},\"image\":{\"@id\":\"https:\\\/\\\/www.meydan.tv\\\/az\\\/article\\\/az%c9%99rbaycan-usaid-in-olk%c9%99d%c9%99-f%c9%99aliyy%c9%99tinin-dayandirilmasina-dair-abs-y%c9%99-bildiris-gond%c9%99rib\\\/#primaryimage\"},\"thumbnailUrl\":\"https:\\\/\\\/www.meydan.tv\\\/wp-content\\\/uploads\\\/3423-1.png\",\"datePublished\":\"2025-02-06T12:20:35+00:00\",\"dateModified\":\"2025-02-06T18:03:51+00:00\",\"breadcrumb\":{\"@id\":\"https:\\\/\\\/www.meydan.tv\\\/az\\\/article\\\/az%c9%99rbaycan-usaid-in-olk%c9%99d%c9%99-f%c9%99aliyy%c9%99tinin-dayandirilmasina-dair-abs-y%c9%99-bildiris-gond%c9%99rib\\\/#breadcrumb\"},\"inLanguage\":\"az\",\"potentialAction\":[{\"@type\":\"ReadAction\",\"target\":[\"https:\\\/\\\/www.meydan.tv\\\/az\\\/article\\\/az%c9%99rbaycan-usaid-in-olk%c9%99d%c9%99-f%c9%99aliyy%c9%99tinin-dayandirilmasina-dair-abs-y%c9%99-bildiris-gond%c9%99rib\\\/\"]}]},{\"@type\":\"ImageObject\",\"inLanguage\":\"az\",\"@id\":\"https:\\\/\\\/www.meydan.tv\\\/az\\\/article\\\/az%c9%99rbaycan-usaid-in-olk%c9%99d%c9%99-f%c9%99aliyy%c9%99tinin-dayandirilmasina-dair-abs-y%c9%99-bildiris-gond%c9%99rib\\\/#primaryimage\",\"url\":\"https:\\\/\\\/www.meydan.tv\\\/wp-content\\\/uploads\\\/3423-1.png\",\"contentUrl\":\"https:\\\/\\\/www.meydan.tv\\\/wp-content\\\/uploads\\\/3423-1.png\",\"width\":1179,\"height\":576,\"caption\":\"Foto: USAID\"},{\"@type\":\"BreadcrumbList\",\"@id\":\"https:\\\/\\\/www.meydan.tv\\\/az\\\/article\\\/az%c9%99rbaycan-usaid-in-olk%c9%99d%c9%99-f%c9%99aliyy%c9%99tinin-dayandirilmasina-dair-abs-y%c9%99-bildiris-gond%c9%99rib\\\/#breadcrumb\",\"itemListElement\":[{\"@type\":\"ListItem\",\"position\":1,\"name\":\"Ana s\u0259hif\u0259\",\"item\":\"https:\\\/\\\/www.meydan.tv\\\/az\\\/\"},{\"@type\":\"ListItem\",\"position\":2,\"name\":\"Siyas\u0259t\",\"item\":\"https:\\\/\\\/www.meydan.tv\\\/az\\\/section\\\/siyaset\\\/\"},{\"@type\":\"ListItem\",\"position\":3,\"name\":\"USAID-in i\u015finin dayand\u0131r\u0131lmas\u0131 \u00fc\u00e7\u00fcn AB\u015e-y\u0259 bildiri\u015f g\u00f6nd\u0259rildi\"}]},{\"@type\":\"WebSite\",\"@id\":\"https:\\\/\\\/www.meydan.tv\\\/az\\\/#website\",\"url\":\"https:\\\/\\\/www.meydan.tv\\\/az\\\/\",\"name\":\"MEYDAN.TV\",\"description\":\"Meydan TV Az\u0259rbaycan\u0131n media m\u0259kan\u0131ndak\u0131 alternativ s\u0259sidir\",\"publisher\":{\"@id\":\"https:\\\/\\\/www.meydan.tv\\\/az\\\/#organization\"},\"potentialAction\":[{\"@type\":\"SearchAction\",\"target\":{\"@type\":\"EntryPoint\",\"urlTemplate\":\"https:\\\/\\\/www.meydan.tv\\\/az\\\/?s={search_term_string}\"},\"query-input\":{\"@type\":\"PropertyValueSpecification\",\"valueRequired\":true,\"valueName\":\"search_term_string\"}}],\"inLanguage\":\"az\"},{\"@type\":\"Organization\",\"@id\":\"https:\\\/\\\/www.meydan.tv\\\/az\\\/#organization\",\"name\":\"Meydan TV\",\"url\":\"https:\\\/\\\/www.meydan.tv\\\/az\\\/\",\"logo\":{\"@type\":\"ImageObject\",\"inLanguage\":\"az\",\"@id\":\"https:\\\/\\\/www.meydan.tv\\\/az\\\/#\\\/schema\\\/logo\\\/image\\\/\",\"url\":\"https:\\\/\\\/www.meydan.tv\\\/wp-content\\\/uploads\\\/2021\\\/07\\\/meydan-logo.svg\",\"contentUrl\":\"https:\\\/\\\/www.meydan.tv\\\/wp-content\\\/uploads\\\/2021\\\/07\\\/meydan-logo.svg\",\"width\":195,\"height\":46,\"caption\":\"Meydan TV\"},\"image\":{\"@id\":\"https:\\\/\\\/www.meydan.tv\\\/az\\\/#\\\/schema\\\/logo\\\/image\\\/\"}},{\"@type\":\"Person\",\"@id\":\"https:\\\/\\\/www.meydan.tv\\\/az\\\/#\\\/schema\\\/person\\\/09863e516102a829e72bedcf3f84c6b0\",\"name\":\"mahmud\"}]}<\/script>\n<!-- \/ Yoast SEO plugin. -->","yoast_head_json":{"title":"USAID-in i\u015finin dayand\u0131r\u0131lmas\u0131 \u00fc\u00e7\u00fcn AB\u015e-y\u0259 bildiri\u015f g\u00f6nd\u0259rildi - MEYDAN.TV","robots":{"index":"index","follow":"follow","max-snippet":"max-snippet:-1","max-image-preview":"max-image-preview:large","max-video-preview":"max-video-preview:-1"},"canonical":"https:\/\/www.meydan.tv\/az\/article\/az%c9%99rbaycan-usaid-in-olk%c9%99d%c9%99-f%c9%99aliyy%c9%99tinin-dayandirilmasina-dair-abs-y%c9%99-bildiris-gond%c9%99rib\/","og_locale":"az_AZ","og_type":"article","og_title":"USAID-in i\u015finin dayand\u0131r\u0131lmas\u0131 \u00fc\u00e7\u00fcn AB\u015e-y\u0259 bildiri\u015f g\u00f6nd\u0259rildi - MEYDAN.TV","og_description":"Xarici \u0130\u015fl\u0259r Nazirliyinin m\u0259tbuat katibi deyib ki, USAID-in \u00f6lk\u0259d\u0259 f\u0259aliyy\u0259t ... Davam\u0131","og_url":"https:\/\/www.meydan.tv\/az\/article\/az%c9%99rbaycan-usaid-in-olk%c9%99d%c9%99-f%c9%99aliyy%c9%99tinin-dayandirilmasina-dair-abs-y%c9%99-bildiris-gond%c9%99rib\/","og_site_name":"MEYDAN.TV","article_published_time":"2025-02-06T12:20:35+00:00","article_modified_time":"2025-02-06T18:03:51+00:00","og_image":[{"width":1179,"height":576,"url":"https:\/\/www.meydan.tv\/wp-content\/uploads\/3423-1.png","type":"image\/png"}],"author":"mahmud","twitter_card":"summary_large_image","schema":{"@context":"https:\/\/schema.org","@graph":[{"@type":"Article","@id":"https:\/\/www.meydan.tv\/az\/article\/az%c9%99rbaycan-usaid-in-olk%c9%99d%c9%99-f%c9%99aliyy%c9%99tinin-dayandirilmasina-dair-abs-y%c9%99-bildiris-gond%c9%99rib\/#article","isPartOf":{"@id":"https:\/\/www.meydan.tv\/az\/article\/az%c9%99rbaycan-usaid-in-olk%c9%99d%c9%99-f%c9%99aliyy%c9%99tinin-dayandirilmasina-dair-abs-y%c9%99-bildiris-gond%c9%99rib\/"},"author":{"name":"mahmud","@id":"https:\/\/www.meydan.tv\/az\/#\/schema\/person\/09863e516102a829e72bedcf3f84c6b0"},"headline":"USAID-in i\u015finin dayand\u0131r\u0131lmas\u0131 \u00fc\u00e7\u00fcn AB\u015e-y\u0259 bildiri\u015f g\u00f6nd\u0259rildi","datePublished":"2025-02-06T12:20:35+00:00","dateModified":"2025-02-06T18:03:51+00:00","mainEntityOfPage":{"@id":"https:\/\/www.meydan.tv\/az\/article\/az%c9%99rbaycan-usaid-in-olk%c9%99d%c9%99-f%c9%99aliyy%c9%99tinin-dayandirilmasina-dair-abs-y%c9%99-bildiris-gond%c9%99rib\/"},"wordCount":745,"publisher":{"@id":"https:\/\/www.meydan.tv\/az\/#organization"},"image":{"@id":"https:\/\/www.meydan.tv\/az\/article\/az%c9%99rbaycan-usaid-in-olk%c9%99d%c9%99-f%c9%99aliyy%c9%99tinin-dayandirilmasina-dair-abs-y%c9%99-bildiris-gond%c9%99rib\/#primaryimage"},"thumbnailUrl":"https:\/\/www.meydan.tv\/wp-content\/uploads\/3423-1.png","articleSection":["Siyas\u0259t","T\u00f6vsiy\u0259","X\u0259b\u0259rl\u0259r"],"inLanguage":"az"},{"@type":"WebPage","@id":"https:\/\/www.meydan.tv\/az\/article\/az%c9%99rbaycan-usaid-in-olk%c9%99d%c9%99-f%c9%99aliyy%c9%99tinin-dayandirilmasina-dair-abs-y%c9%99-bildiris-gond%c9%99rib\/","url":"https:\/\/www.meydan.tv\/az\/article\/az%c9%99rbaycan-usaid-in-olk%c9%99d%c9%99-f%c9%99aliyy%c9%99tinin-dayandirilmasina-dair-abs-y%c9%99-bildiris-gond%c9%99rib\/","name":"USAID-in i\u015finin dayand\u0131r\u0131lmas\u0131 \u00fc\u00e7\u00fcn AB\u015e-y\u0259 bildiri\u015f g\u00f6nd\u0259rildi - MEYDAN.TV","isPartOf":{"@id":"https:\/\/www.meydan.tv\/az\/#website"},"primaryImageOfPage":{"@id":"https:\/\/www.meydan.tv\/az\/article\/az%c9%99rbaycan-usaid-in-olk%c9%99d%c9%99-f%c9%99aliyy%c9%99tinin-dayandirilmasina-dair-abs-y%c9%99-bildiris-gond%c9%99rib\/#primaryimage"},"image":{"@id":"https:\/\/www.meydan.tv\/az\/article\/az%c9%99rbaycan-usaid-in-olk%c9%99d%c9%99-f%c9%99aliyy%c9%99tinin-dayandirilmasina-dair-abs-y%c9%99-bildiris-gond%c9%99rib\/#primaryimage"},"thumbnailUrl":"https:\/\/www.meydan.tv\/wp-content\/uploads\/3423-1.png","datePublished":"2025-02-06T12:20:35+00:00","dateModified":"2025-02-06T18:03:51+00:00","breadcrumb":{"@id":"https:\/\/www.meydan.tv\/az\/article\/az%c9%99rbaycan-usaid-in-olk%c9%99d%c9%99-f%c9%99aliyy%c9%99tinin-dayandirilmasina-dair-abs-y%c9%99-bildiris-gond%c9%99rib\/#breadcrumb"},"inLanguage":"az","potentialAction":[{"@type":"ReadAction","target":["https:\/\/www.meydan.tv\/az\/article\/az%c9%99rbaycan-usaid-in-olk%c9%99d%c9%99-f%c9%99aliyy%c9%99tinin-dayandirilmasina-dair-abs-y%c9%99-bildiris-gond%c9%99rib\/"]}]},{"@type":"ImageObject","inLanguage":"az","@id":"https:\/\/www.meydan.tv\/az\/article\/az%c9%99rbaycan-usaid-in-olk%c9%99d%c9%99-f%c9%99aliyy%c9%99tinin-dayandirilmasina-dair-abs-y%c9%99-bildiris-gond%c9%99rib\/#primaryimage","url":"https:\/\/www.meydan.tv\/wp-content\/uploads\/3423-1.png","contentUrl":"https:\/\/www.meydan.tv\/wp-content\/uploads\/3423-1.png","width":1179,"height":576,"caption":"Foto: USAID"},{"@type":"BreadcrumbList","@id":"https:\/\/www.meydan.tv\/az\/article\/az%c9%99rbaycan-usaid-in-olk%c9%99d%c9%99-f%c9%99aliyy%c9%99tinin-dayandirilmasina-dair-abs-y%c9%99-bildiris-gond%c9%99rib\/#breadcrumb","itemListElement":[{"@type":"ListItem","position":1,"name":"Ana s\u0259hif\u0259","item":"https:\/\/www.meydan.tv\/az\/"},{"@type":"ListItem","position":2,"name":"Siyas\u0259t","item":"https:\/\/www.meydan.tv\/az\/section\/siyaset\/"},{"@type":"ListItem","position":3,"name":"USAID-in i\u015finin dayand\u0131r\u0131lmas\u0131 \u00fc\u00e7\u00fcn AB\u015e-y\u0259 bildiri\u015f g\u00f6nd\u0259rildi"}]},{"@type":"WebSite","@id":"https:\/\/www.meydan.tv\/az\/#website","url":"https:\/\/www.meydan.tv\/az\/","name":"MEYDAN.TV","description":"Meydan TV Az\u0259rbaycan\u0131n media m\u0259kan\u0131ndak\u0131 alternativ s\u0259sidir","publisher":{"@id":"https:\/\/www.meydan.tv\/az\/#organization"},"potentialAction":[{"@type":"SearchAction","target":{"@type":"EntryPoint","urlTemplate":"https:\/\/www.meydan.tv\/az\/?s={search_term_string}"},"query-input":{"@type":"PropertyValueSpecification","valueRequired":true,"valueName":"search_term_string"}}],"inLanguage":"az"},{"@type":"Organization","@id":"https:\/\/www.meydan.tv\/az\/#organization","name":"Meydan TV","url":"https:\/\/www.meydan.tv\/az\/","logo":{"@type":"ImageObject","inLanguage":"az","@id":"https:\/\/www.meydan.tv\/az\/#\/schema\/logo\/image\/","url":"https:\/\/www.meydan.tv\/wp-content\/uploads\/2021\/07\/meydan-logo.svg","contentUrl":"https:\/\/www.meydan.tv\/wp-content\/uploads\/2021\/07\/meydan-logo.svg","width":195,"height":46,"caption":"Meydan TV"},"image":{"@id":"https:\/\/www.meydan.tv\/az\/#\/schema\/logo\/image\/"}},{"@type":"Person","@id":"https:\/\/www.meydan.tv\/az\/#\/schema\/person\/09863e516102a829e72bedcf3f84c6b0","name":"mahmud"}]}},"_links":{"self":[{"href":"https:\/\/www.meydan.tv\/az\/wp-json\/wp\/v2\/posts\/325889","targetHints":{"allow":["GET"]}}],"collection":[{"href":"https:\/\/www.meydan.tv\/az\/wp-json\/wp\/v2\/posts"}],"about":[{"href":"https:\/\/www.meydan.tv\/az\/wp-json\/wp\/v2\/types\/post"}],"author":[{"embeddable":true,"href":"https:\/\/www.meydan.tv\/az\/wp-json\/wp\/v2\/users\/21"}],"replies":[{"embeddable":true,"href":"https:\/\/www.meydan.tv\/az\/wp-json\/wp\/v2\/comments?post=325889"}],"version-history":[{"count":5,"href":"https:\/\/www.meydan.tv\/az\/wp-json\/wp\/v2\/posts\/325889\/revisions"}],"predecessor-version":[{"id":325948,"href":"https:\/\/www.meydan.tv\/az\/wp-json\/wp\/v2\/posts\/325889\/revisions\/325948"}],"wp:featuredmedia":[{"embeddable":true,"href":"https:\/\/www.meydan.tv\/az\/wp-json\/wp\/v2\/media\/325941"}],"wp:attachment":[{"href":"https:\/\/www.meydan.tv\/az\/wp-json\/wp\/v2\/media?parent=325889"}],"wp:term":[{"taxonomy":"category","embeddable":true,"href":"https:\/\/www.meydan.tv\/az\/wp-json\/wp\/v2\/categories?post=325889"},{"taxonomy":"post_tag","embeddable":true,"href":"https:\/\/www.meydan.tv\/az\/wp-json\/wp\/v2\/tags?post=325889"}],"curies":[{"name":"wp","href":"https:\/\/api.w.org\/{rel}","templated":true}]}}