{"id":325878,"date":"2025-02-06T15:26:05","date_gmt":"2025-02-06T11:26:05","guid":{"rendered":"https:\/\/www.meydan.tv\/?p=325878"},"modified":"2025-02-06T22:24:24","modified_gmt":"2025-02-06T18:24:24","slug":"sahnaz-b%c9%99yl%c9%99rqizi-bar%c9%99sind%c9%99-h%c9%99bs-q%c9%99timkan-t%c9%99dbiri-secilib","status":"publish","type":"post","link":"https:\/\/www.meydan.tv\/az\/article\/sahnaz-b%c9%99yl%c9%99rqizi-bar%c9%99sind%c9%99-h%c9%99bs-q%c9%99timkan-t%c9%99dbiri-secilib\/","title":{"rendered":"\u015eahnaz B\u0259yl\u0259rq\u0131z\u0131 bar\u0259sind\u0259 h\u0259bs q\u0259timkan t\u0259dbiri se\u00e7ilib"},"content":{"rendered":"\n<p><\/p>\n\n\n\n<p><strong><em>Q\u0259rara \u0259sas\u0259n, jurnalist 3 ay 15 g\u00fcn m\u00fcdd\u0259tin\u0259 h\u0259bs edilib<\/em><\/strong><\/p>\n\n\n\n<p>&#8220;Toplum TV i\u015fi&#8221; \u00fczr\u0259 saxlan\u0131lan \u015eahnaz B\u0259yl\u0259rq\u0131z\u0131 (H\u00fcseynova) bar\u0259sind\u0259 bu g\u00fcn h\u0259bs q\u0259timkan t\u0259dbiri se\u00e7ilib.<\/p>\n\n\n\n<p>Bu bar\u0259d\u0259 q\u0259rar X\u0259tai Rayon M\u0259hk\u0259m\u0259sind\u0259 verilib.<\/p>\n\n\n\n<p>Veril\u0259n q\u0259rarla istintaq qurumunun (Daxili \u0130\u015fl\u0259r Nazirliyi) t\u0259qdimat\u0131 t\u0259min olunub, \u015eahnaz B\u0259yl\u0259rq\u0131z\u0131 bar\u0259sind\u0259 3 ay 15 g\u00fcn m\u00fcdd\u0259tind\u0259 h\u0259bs-q\u0259timkan t\u0259dbiri se\u00e7ilib.<\/p>\n\n\n\n<p>V\u0259kil B\u0259xtiyar Hac\u0131yevin verdiyi m\u0259lumata g\u00f6r\u0259, haz\u0131rk\u0131 i\u015f \u201cToplum TV i\u015fi\u201d \u00fczr\u0259 cinay\u0259t i\u015find\u0259n yanvar\u0131n 21-d\u0259 ayr\u0131 icraata ayr\u0131l\u0131b.<\/p>\n\n\n\n<p><em>\u201c\u015eahnaz B\u0259yl\u0259rq\u0131z\u0131na qar\u015f\u0131 h\u0259min icraatda n\u0259z\u0259rd\u0259 tutulan Cinay\u0259t M\u0259c\u0259ll\u0259sinin 162-1.1-ci (\u018fm\u0259k m\u00fcqavil\u0259si h\u00fcquqi q\u00fcvv\u0259y\u0259 minm\u0259d\u0259n i\u015f\u00e7il\u0259rin h\u0259r hans\u0131 i\u015fl\u0259rin yerin\u0259 yetirilm\u0259sin\u0259 c\u0259lb edilm\u0259si), 192.3.2-ci (x\u00fcsusil\u0259 k\u00fclli miqdarda g\u0259lir \u0259ld\u0259 etm\u0259kl\u0259 qanunsuz sahibkarl\u0131q), 193-1.3.1-ci (Cinay\u0259t yolu il\u0259 \u0259ld\u0259 edilmi\u015f \u0259mlak\u0131 leqalla\u015fd\u0131rma), 193-1.3.2-ci (&#8230;xeyli miqdarda t\u00f6r\u0259dildikd\u0259), 206.4-c\u00fc (m\u00fct\u0259\u015f\u0259kkil d\u0259st\u0259 t\u0259r\u0259find\u0259n qa\u00e7aqmal\u00e7\u0131l\u0131q) v\u0259 213.2.1-ci (vergil\u0259ri \u00f6d\u0259m\u0259kd\u0259n yay\u0131nma &#8211; m\u00fct\u0259\u015f\u0259kkil d\u0259st\u0259 t\u0259r\u0259find\u0259n t\u00f6r\u0259dildikd\u0259) madd\u0259l\u0259ri il\u0259 ittihamlar ir\u0259li s\u00fcr\u00fcl\u00fcb\u201d.<\/em><\/p>\n\n\n\n<p>H\u0259min madd\u0259l\u0259rl\u0259 \u015f\u0259xs\u0259 12 il\u0259 q\u0259d\u0259r h\u0259bs c\u0259zas\u0131 veril\u0259 bil\u0259r.<\/p>\n\n\n\n<p>Jurnalist \u015eahnaz B\u0259yl\u0259rq\u0131z\u0131 fevral\u0131n 5-d\u0259 saxlan\u0131l\u0131b.<\/p>\n\n\n\n<p>\u201cToplumTV i\u015fi\u201d il\u0259 ba\u011fl\u0131 h\u0259bsl\u0259r 2024-c\u00fc ilin mart\u0131ndan ba\u015flay\u0131b. H\u0259min vaxt bu i\u015fl\u0259 \u0259laq\u0259dar h\u0259bs edil\u0259nl\u0259r III Respublika Platformas\u0131n\u0131n spikeri Akif Qurbanov, qurumun \u00fczv\u00fc Ruslan \u0130zz\u0259tli, Demokratik T\u0259\u015f\u0259bb\u00fcsl\u0259r \u0130nstitutunun \u00fczvl\u0259ri Ramil Babayev, \u0130lkin \u018fmrahov, \u018fli Zeynal, habel\u0259 \u201cToplumTV\u201d-nin t\u0259sis\u00e7isi \u018fl\u0259sg\u0259r M\u0259mm\u0259dli v\u0259 redaktoru M\u00fc\u015ffiq Cabbar idi.<\/p>\n\n\n\n<p>2025-ci ilin yanvar\u0131nda \u0259lav\u0259 olaraq h\u0259min i\u015fl\u0259 \u0259laq\u0259li F\u0259rid \u0130smay\u0131lov da h\u0259bs edilib.<\/p>\n\n\n\n<p>\u201cToplumTV i\u015fi\u201d \u00fczr\u0259 h\u0259bs olunanlar \u0259vv\u0259lc\u0259 206.3.2-ci (qa\u00e7aqmal\u00e7\u0131l\u0131q &#8211; qabaqcadan \u0259lbir olan bir qrup \u015f\u0259xs t\u0259r\u0259find\u0259n t\u00f6r\u0259dildikd\u0259) madd\u0259l\u0259ri il\u0259 t\u0259qsirl\u0259ndirilirdi. Daha sonra onlara qar\u015f\u0131 Cinay\u0259t M\u0259c\u0259ll\u0259sinin 162-1.1 (\u018fm\u0259k m\u00fcqavil\u0259si h\u00fcquqi q\u00fcvv\u0259y\u0259 minm\u0259d\u0259n i\u015f\u00e7il\u0259rin h\u0259r hans\u0131 i\u015fl\u0259rin yerin\u0259 yetirilm\u0259sin\u0259 c\u0259lb edilm\u0259si), 192.3.2 (x\u00fcsusil\u0259 k\u00fcll\u00fc miqdarda g\u0259lir \u0259ld\u0259 etm\u0259kl\u0259 qanunsuz sahibkarl\u0131q), 193-1.3.1 (Cinay\u0259t yolu il\u0259 \u0259ld\u0259 edilmi\u015f \u0259mlak\u0131 leqalla\u015fd\u0131rma), 193-1.3.2 (&#8230;xeyli miqdarda t\u00f6r\u0259dildikd\u0259), 206.4 (m\u00fct\u0259\u015f\u0259kkil d\u0259st\u0259 t\u0259r\u0259find\u0259n qa\u00e7aqmal\u00e7\u0131l\u0131q) v\u0259 213.2.1 (Vergil\u0259ri,&#8230; \u00f6d\u0259m\u0259kd\u0259n yay\u0131nma &#8211; m\u00fct\u0259\u015f\u0259kkil d\u0259st\u0259 t\u0259r\u0259find\u0259n t\u00f6r\u0259dildikd\u0259) madd\u0259l\u0259ri il\u0259 yeni ittihamlar ir\u0259li s\u00fcr\u00fcl\u00fcb.<\/p>\n\n\n\n<p>\u018fvv\u0259lki ittihamlarla \u015f\u0259xs\u0259 8 il\u0259d\u0259k h\u0259bs veril\u0259 bil\u0259rdis\u0259, indi c\u0259za m\u00fcdd\u0259ti 12 il\u0259 \u00e7ata bil\u0259r.<\/p>\n\n\n\n<p>\u00dcmumilikd\u0259 2023-c\u00fc ilin noyabr\u0131ndan ba\u015flayaraq Az\u0259rbaycanda qruplar hal\u0131nda 30-a yax\u0131n jurnalist, ictimai f\u0259al qa\u00e7aqmal\u00e7\u0131l\u0131q ittiham\u0131 il\u0259 h\u0259bs edilib. Amma onlar\u0131n ham\u0131s\u0131 ittihamla raz\u0131la\u015fm\u0131r, bunu pe\u015f\u0259 f\u0259aliyy\u0259tl\u0259ri v\u0259 siyasi sifari\u015f il\u0259 izah edirl\u0259r. Sonradan onlardan bir \u00e7oxunun ittiham\u0131 a\u011f\u0131rla\u015fd\u0131r\u0131l\u0131b.<\/p>\n\n\n\n<p>Yerli h\u00fcquq-m\u00fcdafi\u0259 t\u0259\u015fkilatlar\u0131n\u0131n haz\u0131rlad\u0131qlar\u0131 siyah\u0131lara g\u00f6r\u0259, haz\u0131rda Az\u0259rbaycan h\u0259bsxanalar\u0131nda 300-d\u0259n \u00e7ox siyasi m\u0259hbus var. R\u0259smil\u0259r is\u0259, bir qayda olaraq, vur\u011fulay\u0131rlar ki, \u00f6lk\u0259d\u0259 he\u00e7 kim s\u0131rf pe\u015f\u0259 f\u0259aliyy\u0259ti il\u0259 ba\u011fl\u0131, siyasi \u0259saslar il\u0259 h\u0259bs edilmir. Onlar\u0131n dediyin\u0259 g\u00f6r\u0259, h\u0259min siyah\u0131larda yer alanlar s\u0131rf t\u00f6r\u0259tdikl\u0259ri \u0259m\u0259l\u0259 g\u00f6r\u0259 m\u0259suliyy\u0259t\u0259 c\u0259lb edilibl\u0259r.<\/p>\n","protected":false},"excerpt":{"rendered":"<p>Q\u0259rara \u0259sas\u0259n, jurnalist 3 ay 15 g\u00fcn m\u00fcdd\u0259tin\u0259 h\u0259bs edilib &#8230; <\/p>\n<p class=\"read-more-container\"><a title=\"\u015eahnaz B\u0259yl\u0259rq\u0131z\u0131 bar\u0259sind\u0259 h\u0259bs q\u0259timkan t\u0259dbiri se\u00e7ilib\" class=\"read-more button\" href=\"https:\/\/www.meydan.tv\/az\/article\/sahnaz-b%c9%99yl%c9%99rqizi-bar%c9%99sind%c9%99-h%c9%99bs-q%c9%99timkan-t%c9%99dbiri-secilib\/#more-325878\" aria-label=\"Read more about \u015eahnaz B\u0259yl\u0259rq\u0131z\u0131 bar\u0259sind\u0259 h\u0259bs q\u0259timkan t\u0259dbiri se\u00e7ilib\">Davam\u0131<\/a><\/p>\n","protected":false},"author":21,"featured_media":325962,"comment_status":"closed","ping_status":"closed","sticky":false,"template":"","format":"standard","meta":{"_acf_changed":false,"_sitemap_exclude":false,"_sitemap_priority":"","_sitemap_frequency":"","footnotes":""},"categories":[59,79,56],"tags":[],"class_list":["post-325878","post","type-post","status-publish","format-standard","has-post-thumbnail","hentry","category-siyaset","category-featured","category-xeberler","infinite-scroll-item","generate-columns","tablet-grid-50","mobile-grid-100","grid-parent","grid-33","no-featured-image-padding"],"acf":[],"yoast_head":"<!-- This site is optimized with the Yoast SEO plugin v27.5 - https:\/\/yoast.com\/product\/yoast-seo-wordpress\/ -->\n<title>\u015eahnaz B\u0259yl\u0259rq\u0131z\u0131 bar\u0259sind\u0259 h\u0259bs q\u0259timkan t\u0259dbiri se\u00e7ilib - MEYDAN.TV<\/title>\n<meta name=\"robots\" content=\"index, follow, max-snippet:-1, max-image-preview:large, max-video-preview:-1\" \/>\n<link rel=\"canonical\" href=\"https:\/\/www.meydan.tv\/az\/article\/sahnaz-b%c9%99yl%c9%99rqizi-bar%c9%99sind%c9%99-h%c9%99bs-q%c9%99timkan-t%c9%99dbiri-secilib\/\" \/>\n<meta property=\"og:locale\" content=\"az_AZ\" \/>\n<meta property=\"og:type\" content=\"article\" \/>\n<meta property=\"og:title\" content=\"\u015eahnaz B\u0259yl\u0259rq\u0131z\u0131 bar\u0259sind\u0259 h\u0259bs q\u0259timkan t\u0259dbiri se\u00e7ilib - MEYDAN.TV\" \/>\n<meta property=\"og:description\" content=\"Q\u0259rara \u0259sas\u0259n, jurnalist 3 ay 15 g\u00fcn m\u00fcdd\u0259tin\u0259 h\u0259bs edilib ... Davam\u0131\" \/>\n<meta property=\"og:url\" content=\"https:\/\/www.meydan.tv\/az\/article\/sahnaz-b%c9%99yl%c9%99rqizi-bar%c9%99sind%c9%99-h%c9%99bs-q%c9%99timkan-t%c9%99dbiri-secilib\/\" \/>\n<meta property=\"og:site_name\" content=\"MEYDAN.TV\" \/>\n<meta property=\"article:published_time\" content=\"2025-02-06T11:26:05+00:00\" \/>\n<meta property=\"article:modified_time\" content=\"2025-02-06T18:24:24+00:00\" \/>\n<meta property=\"og:image\" content=\"https:\/\/www.meydan.tv\/wp-content\/uploads\/shahnaz.png\" \/>\n\t<meta property=\"og:image:width\" content=\"1179\" \/>\n\t<meta property=\"og:image:height\" content=\"576\" \/>\n\t<meta property=\"og:image:type\" content=\"image\/png\" \/>\n<meta name=\"author\" content=\"mahmud\" \/>\n<meta name=\"twitter:card\" content=\"summary_large_image\" \/>\n<script type=\"application\/ld+json\" class=\"yoast-schema-graph\">{\"@context\":\"https:\\\/\\\/schema.org\",\"@graph\":[{\"@type\":\"Article\",\"@id\":\"https:\\\/\\\/www.meydan.tv\\\/az\\\/article\\\/sahnaz-b%c9%99yl%c9%99rqizi-bar%c9%99sind%c9%99-h%c9%99bs-q%c9%99timkan-t%c9%99dbiri-secilib\\\/#article\",\"isPartOf\":{\"@id\":\"https:\\\/\\\/www.meydan.tv\\\/az\\\/article\\\/sahnaz-b%c9%99yl%c9%99rqizi-bar%c9%99sind%c9%99-h%c9%99bs-q%c9%99timkan-t%c9%99dbiri-secilib\\\/\"},\"author\":{\"name\":\"mahmud\",\"@id\":\"https:\\\/\\\/www.meydan.tv\\\/az\\\/#\\\/schema\\\/person\\\/09863e516102a829e72bedcf3f84c6b0\"},\"headline\":\"\u015eahnaz B\u0259yl\u0259rq\u0131z\u0131 bar\u0259sind\u0259 h\u0259bs q\u0259timkan t\u0259dbiri se\u00e7ilib\",\"datePublished\":\"2025-02-06T11:26:05+00:00\",\"dateModified\":\"2025-02-06T18:24:24+00:00\",\"mainEntityOfPage\":{\"@id\":\"https:\\\/\\\/www.meydan.tv\\\/az\\\/article\\\/sahnaz-b%c9%99yl%c9%99rqizi-bar%c9%99sind%c9%99-h%c9%99bs-q%c9%99timkan-t%c9%99dbiri-secilib\\\/\"},\"wordCount\":714,\"publisher\":{\"@id\":\"https:\\\/\\\/www.meydan.tv\\\/az\\\/#organization\"},\"image\":{\"@id\":\"https:\\\/\\\/www.meydan.tv\\\/az\\\/article\\\/sahnaz-b%c9%99yl%c9%99rqizi-bar%c9%99sind%c9%99-h%c9%99bs-q%c9%99timkan-t%c9%99dbiri-secilib\\\/#primaryimage\"},\"thumbnailUrl\":\"https:\\\/\\\/www.meydan.tv\\\/wp-content\\\/uploads\\\/shahnaz.png\",\"articleSection\":[\"Siyas\u0259t\",\"T\u00f6vsiy\u0259\",\"X\u0259b\u0259rl\u0259r\"],\"inLanguage\":\"az\"},{\"@type\":\"WebPage\",\"@id\":\"https:\\\/\\\/www.meydan.tv\\\/az\\\/article\\\/sahnaz-b%c9%99yl%c9%99rqizi-bar%c9%99sind%c9%99-h%c9%99bs-q%c9%99timkan-t%c9%99dbiri-secilib\\\/\",\"url\":\"https:\\\/\\\/www.meydan.tv\\\/az\\\/article\\\/sahnaz-b%c9%99yl%c9%99rqizi-bar%c9%99sind%c9%99-h%c9%99bs-q%c9%99timkan-t%c9%99dbiri-secilib\\\/\",\"name\":\"\u015eahnaz B\u0259yl\u0259rq\u0131z\u0131 bar\u0259sind\u0259 h\u0259bs q\u0259timkan t\u0259dbiri se\u00e7ilib - MEYDAN.TV\",\"isPartOf\":{\"@id\":\"https:\\\/\\\/www.meydan.tv\\\/az\\\/#website\"},\"primaryImageOfPage\":{\"@id\":\"https:\\\/\\\/www.meydan.tv\\\/az\\\/article\\\/sahnaz-b%c9%99yl%c9%99rqizi-bar%c9%99sind%c9%99-h%c9%99bs-q%c9%99timkan-t%c9%99dbiri-secilib\\\/#primaryimage\"},\"image\":{\"@id\":\"https:\\\/\\\/www.meydan.tv\\\/az\\\/article\\\/sahnaz-b%c9%99yl%c9%99rqizi-bar%c9%99sind%c9%99-h%c9%99bs-q%c9%99timkan-t%c9%99dbiri-secilib\\\/#primaryimage\"},\"thumbnailUrl\":\"https:\\\/\\\/www.meydan.tv\\\/wp-content\\\/uploads\\\/shahnaz.png\",\"datePublished\":\"2025-02-06T11:26:05+00:00\",\"dateModified\":\"2025-02-06T18:24:24+00:00\",\"breadcrumb\":{\"@id\":\"https:\\\/\\\/www.meydan.tv\\\/az\\\/article\\\/sahnaz-b%c9%99yl%c9%99rqizi-bar%c9%99sind%c9%99-h%c9%99bs-q%c9%99timkan-t%c9%99dbiri-secilib\\\/#breadcrumb\"},\"inLanguage\":\"az\",\"potentialAction\":[{\"@type\":\"ReadAction\",\"target\":[\"https:\\\/\\\/www.meydan.tv\\\/az\\\/article\\\/sahnaz-b%c9%99yl%c9%99rqizi-bar%c9%99sind%c9%99-h%c9%99bs-q%c9%99timkan-t%c9%99dbiri-secilib\\\/\"]}]},{\"@type\":\"ImageObject\",\"inLanguage\":\"az\",\"@id\":\"https:\\\/\\\/www.meydan.tv\\\/az\\\/article\\\/sahnaz-b%c9%99yl%c9%99rqizi-bar%c9%99sind%c9%99-h%c9%99bs-q%c9%99timkan-t%c9%99dbiri-secilib\\\/#primaryimage\",\"url\":\"https:\\\/\\\/www.meydan.tv\\\/wp-content\\\/uploads\\\/shahnaz.png\",\"contentUrl\":\"https:\\\/\\\/www.meydan.tv\\\/wp-content\\\/uploads\\\/shahnaz.png\",\"width\":1179,\"height\":576,\"caption\":\"\u015eahnaz B\u0259yl\u0259rq\u0131z\u0131. Foto: Meydan TV\"},{\"@type\":\"BreadcrumbList\",\"@id\":\"https:\\\/\\\/www.meydan.tv\\\/az\\\/article\\\/sahnaz-b%c9%99yl%c9%99rqizi-bar%c9%99sind%c9%99-h%c9%99bs-q%c9%99timkan-t%c9%99dbiri-secilib\\\/#breadcrumb\",\"itemListElement\":[{\"@type\":\"ListItem\",\"position\":1,\"name\":\"Ana s\u0259hif\u0259\",\"item\":\"https:\\\/\\\/www.meydan.tv\\\/az\\\/\"},{\"@type\":\"ListItem\",\"position\":2,\"name\":\"Siyas\u0259t\",\"item\":\"https:\\\/\\\/www.meydan.tv\\\/az\\\/section\\\/siyaset\\\/\"},{\"@type\":\"ListItem\",\"position\":3,\"name\":\"\u015eahnaz B\u0259yl\u0259rq\u0131z\u0131 bar\u0259sind\u0259 h\u0259bs q\u0259timkan t\u0259dbiri se\u00e7ilib\"}]},{\"@type\":\"WebSite\",\"@id\":\"https:\\\/\\\/www.meydan.tv\\\/az\\\/#website\",\"url\":\"https:\\\/\\\/www.meydan.tv\\\/az\\\/\",\"name\":\"MEYDAN.TV\",\"description\":\"Meydan TV Az\u0259rbaycan\u0131n media m\u0259kan\u0131ndak\u0131 alternativ s\u0259sidir\",\"publisher\":{\"@id\":\"https:\\\/\\\/www.meydan.tv\\\/az\\\/#organization\"},\"potentialAction\":[{\"@type\":\"SearchAction\",\"target\":{\"@type\":\"EntryPoint\",\"urlTemplate\":\"https:\\\/\\\/www.meydan.tv\\\/az\\\/?s={search_term_string}\"},\"query-input\":{\"@type\":\"PropertyValueSpecification\",\"valueRequired\":true,\"valueName\":\"search_term_string\"}}],\"inLanguage\":\"az\"},{\"@type\":\"Organization\",\"@id\":\"https:\\\/\\\/www.meydan.tv\\\/az\\\/#organization\",\"name\":\"Meydan TV\",\"url\":\"https:\\\/\\\/www.meydan.tv\\\/az\\\/\",\"logo\":{\"@type\":\"ImageObject\",\"inLanguage\":\"az\",\"@id\":\"https:\\\/\\\/www.meydan.tv\\\/az\\\/#\\\/schema\\\/logo\\\/image\\\/\",\"url\":\"https:\\\/\\\/www.meydan.tv\\\/wp-content\\\/uploads\\\/2021\\\/07\\\/meydan-logo.svg\",\"contentUrl\":\"https:\\\/\\\/www.meydan.tv\\\/wp-content\\\/uploads\\\/2021\\\/07\\\/meydan-logo.svg\",\"width\":195,\"height\":46,\"caption\":\"Meydan TV\"},\"image\":{\"@id\":\"https:\\\/\\\/www.meydan.tv\\\/az\\\/#\\\/schema\\\/logo\\\/image\\\/\"}},{\"@type\":\"Person\",\"@id\":\"https:\\\/\\\/www.meydan.tv\\\/az\\\/#\\\/schema\\\/person\\\/09863e516102a829e72bedcf3f84c6b0\",\"name\":\"mahmud\"}]}<\/script>\n<!-- \/ Yoast SEO plugin. -->","yoast_head_json":{"title":"\u015eahnaz B\u0259yl\u0259rq\u0131z\u0131 bar\u0259sind\u0259 h\u0259bs q\u0259timkan t\u0259dbiri se\u00e7ilib - MEYDAN.TV","robots":{"index":"index","follow":"follow","max-snippet":"max-snippet:-1","max-image-preview":"max-image-preview:large","max-video-preview":"max-video-preview:-1"},"canonical":"https:\/\/www.meydan.tv\/az\/article\/sahnaz-b%c9%99yl%c9%99rqizi-bar%c9%99sind%c9%99-h%c9%99bs-q%c9%99timkan-t%c9%99dbiri-secilib\/","og_locale":"az_AZ","og_type":"article","og_title":"\u015eahnaz B\u0259yl\u0259rq\u0131z\u0131 bar\u0259sind\u0259 h\u0259bs q\u0259timkan t\u0259dbiri se\u00e7ilib - MEYDAN.TV","og_description":"Q\u0259rara \u0259sas\u0259n, jurnalist 3 ay 15 g\u00fcn m\u00fcdd\u0259tin\u0259 h\u0259bs edilib ... Davam\u0131","og_url":"https:\/\/www.meydan.tv\/az\/article\/sahnaz-b%c9%99yl%c9%99rqizi-bar%c9%99sind%c9%99-h%c9%99bs-q%c9%99timkan-t%c9%99dbiri-secilib\/","og_site_name":"MEYDAN.TV","article_published_time":"2025-02-06T11:26:05+00:00","article_modified_time":"2025-02-06T18:24:24+00:00","og_image":[{"width":1179,"height":576,"url":"https:\/\/www.meydan.tv\/wp-content\/uploads\/shahnaz.png","type":"image\/png"}],"author":"mahmud","twitter_card":"summary_large_image","schema":{"@context":"https:\/\/schema.org","@graph":[{"@type":"Article","@id":"https:\/\/www.meydan.tv\/az\/article\/sahnaz-b%c9%99yl%c9%99rqizi-bar%c9%99sind%c9%99-h%c9%99bs-q%c9%99timkan-t%c9%99dbiri-secilib\/#article","isPartOf":{"@id":"https:\/\/www.meydan.tv\/az\/article\/sahnaz-b%c9%99yl%c9%99rqizi-bar%c9%99sind%c9%99-h%c9%99bs-q%c9%99timkan-t%c9%99dbiri-secilib\/"},"author":{"name":"mahmud","@id":"https:\/\/www.meydan.tv\/az\/#\/schema\/person\/09863e516102a829e72bedcf3f84c6b0"},"headline":"\u015eahnaz B\u0259yl\u0259rq\u0131z\u0131 bar\u0259sind\u0259 h\u0259bs q\u0259timkan t\u0259dbiri se\u00e7ilib","datePublished":"2025-02-06T11:26:05+00:00","dateModified":"2025-02-06T18:24:24+00:00","mainEntityOfPage":{"@id":"https:\/\/www.meydan.tv\/az\/article\/sahnaz-b%c9%99yl%c9%99rqizi-bar%c9%99sind%c9%99-h%c9%99bs-q%c9%99timkan-t%c9%99dbiri-secilib\/"},"wordCount":714,"publisher":{"@id":"https:\/\/www.meydan.tv\/az\/#organization"},"image":{"@id":"https:\/\/www.meydan.tv\/az\/article\/sahnaz-b%c9%99yl%c9%99rqizi-bar%c9%99sind%c9%99-h%c9%99bs-q%c9%99timkan-t%c9%99dbiri-secilib\/#primaryimage"},"thumbnailUrl":"https:\/\/www.meydan.tv\/wp-content\/uploads\/shahnaz.png","articleSection":["Siyas\u0259t","T\u00f6vsiy\u0259","X\u0259b\u0259rl\u0259r"],"inLanguage":"az"},{"@type":"WebPage","@id":"https:\/\/www.meydan.tv\/az\/article\/sahnaz-b%c9%99yl%c9%99rqizi-bar%c9%99sind%c9%99-h%c9%99bs-q%c9%99timkan-t%c9%99dbiri-secilib\/","url":"https:\/\/www.meydan.tv\/az\/article\/sahnaz-b%c9%99yl%c9%99rqizi-bar%c9%99sind%c9%99-h%c9%99bs-q%c9%99timkan-t%c9%99dbiri-secilib\/","name":"\u015eahnaz B\u0259yl\u0259rq\u0131z\u0131 bar\u0259sind\u0259 h\u0259bs q\u0259timkan t\u0259dbiri se\u00e7ilib - MEYDAN.TV","isPartOf":{"@id":"https:\/\/www.meydan.tv\/az\/#website"},"primaryImageOfPage":{"@id":"https:\/\/www.meydan.tv\/az\/article\/sahnaz-b%c9%99yl%c9%99rqizi-bar%c9%99sind%c9%99-h%c9%99bs-q%c9%99timkan-t%c9%99dbiri-secilib\/#primaryimage"},"image":{"@id":"https:\/\/www.meydan.tv\/az\/article\/sahnaz-b%c9%99yl%c9%99rqizi-bar%c9%99sind%c9%99-h%c9%99bs-q%c9%99timkan-t%c9%99dbiri-secilib\/#primaryimage"},"thumbnailUrl":"https:\/\/www.meydan.tv\/wp-content\/uploads\/shahnaz.png","datePublished":"2025-02-06T11:26:05+00:00","dateModified":"2025-02-06T18:24:24+00:00","breadcrumb":{"@id":"https:\/\/www.meydan.tv\/az\/article\/sahnaz-b%c9%99yl%c9%99rqizi-bar%c9%99sind%c9%99-h%c9%99bs-q%c9%99timkan-t%c9%99dbiri-secilib\/#breadcrumb"},"inLanguage":"az","potentialAction":[{"@type":"ReadAction","target":["https:\/\/www.meydan.tv\/az\/article\/sahnaz-b%c9%99yl%c9%99rqizi-bar%c9%99sind%c9%99-h%c9%99bs-q%c9%99timkan-t%c9%99dbiri-secilib\/"]}]},{"@type":"ImageObject","inLanguage":"az","@id":"https:\/\/www.meydan.tv\/az\/article\/sahnaz-b%c9%99yl%c9%99rqizi-bar%c9%99sind%c9%99-h%c9%99bs-q%c9%99timkan-t%c9%99dbiri-secilib\/#primaryimage","url":"https:\/\/www.meydan.tv\/wp-content\/uploads\/shahnaz.png","contentUrl":"https:\/\/www.meydan.tv\/wp-content\/uploads\/shahnaz.png","width":1179,"height":576,"caption":"\u015eahnaz B\u0259yl\u0259rq\u0131z\u0131. Foto: Meydan TV"},{"@type":"BreadcrumbList","@id":"https:\/\/www.meydan.tv\/az\/article\/sahnaz-b%c9%99yl%c9%99rqizi-bar%c9%99sind%c9%99-h%c9%99bs-q%c9%99timkan-t%c9%99dbiri-secilib\/#breadcrumb","itemListElement":[{"@type":"ListItem","position":1,"name":"Ana s\u0259hif\u0259","item":"https:\/\/www.meydan.tv\/az\/"},{"@type":"ListItem","position":2,"name":"Siyas\u0259t","item":"https:\/\/www.meydan.tv\/az\/section\/siyaset\/"},{"@type":"ListItem","position":3,"name":"\u015eahnaz B\u0259yl\u0259rq\u0131z\u0131 bar\u0259sind\u0259 h\u0259bs q\u0259timkan t\u0259dbiri se\u00e7ilib"}]},{"@type":"WebSite","@id":"https:\/\/www.meydan.tv\/az\/#website","url":"https:\/\/www.meydan.tv\/az\/","name":"MEYDAN.TV","description":"Meydan TV Az\u0259rbaycan\u0131n media m\u0259kan\u0131ndak\u0131 alternativ s\u0259sidir","publisher":{"@id":"https:\/\/www.meydan.tv\/az\/#organization"},"potentialAction":[{"@type":"SearchAction","target":{"@type":"EntryPoint","urlTemplate":"https:\/\/www.meydan.tv\/az\/?s={search_term_string}"},"query-input":{"@type":"PropertyValueSpecification","valueRequired":true,"valueName":"search_term_string"}}],"inLanguage":"az"},{"@type":"Organization","@id":"https:\/\/www.meydan.tv\/az\/#organization","name":"Meydan TV","url":"https:\/\/www.meydan.tv\/az\/","logo":{"@type":"ImageObject","inLanguage":"az","@id":"https:\/\/www.meydan.tv\/az\/#\/schema\/logo\/image\/","url":"https:\/\/www.meydan.tv\/wp-content\/uploads\/2021\/07\/meydan-logo.svg","contentUrl":"https:\/\/www.meydan.tv\/wp-content\/uploads\/2021\/07\/meydan-logo.svg","width":195,"height":46,"caption":"Meydan TV"},"image":{"@id":"https:\/\/www.meydan.tv\/az\/#\/schema\/logo\/image\/"}},{"@type":"Person","@id":"https:\/\/www.meydan.tv\/az\/#\/schema\/person\/09863e516102a829e72bedcf3f84c6b0","name":"mahmud"}]}},"_links":{"self":[{"href":"https:\/\/www.meydan.tv\/az\/wp-json\/wp\/v2\/posts\/325878","targetHints":{"allow":["GET"]}}],"collection":[{"href":"https:\/\/www.meydan.tv\/az\/wp-json\/wp\/v2\/posts"}],"about":[{"href":"https:\/\/www.meydan.tv\/az\/wp-json\/wp\/v2\/types\/post"}],"author":[{"embeddable":true,"href":"https:\/\/www.meydan.tv\/az\/wp-json\/wp\/v2\/users\/21"}],"replies":[{"embeddable":true,"href":"https:\/\/www.meydan.tv\/az\/wp-json\/wp\/v2\/comments?post=325878"}],"version-history":[{"count":5,"href":"https:\/\/www.meydan.tv\/az\/wp-json\/wp\/v2\/posts\/325878\/revisions"}],"predecessor-version":[{"id":325886,"href":"https:\/\/www.meydan.tv\/az\/wp-json\/wp\/v2\/posts\/325878\/revisions\/325886"}],"wp:featuredmedia":[{"embeddable":true,"href":"https:\/\/www.meydan.tv\/az\/wp-json\/wp\/v2\/media\/325962"}],"wp:attachment":[{"href":"https:\/\/www.meydan.tv\/az\/wp-json\/wp\/v2\/media?parent=325878"}],"wp:term":[{"taxonomy":"category","embeddable":true,"href":"https:\/\/www.meydan.tv\/az\/wp-json\/wp\/v2\/categories?post=325878"},{"taxonomy":"post_tag","embeddable":true,"href":"https:\/\/www.meydan.tv\/az\/wp-json\/wp\/v2\/tags?post=325878"}],"curies":[{"name":"wp","href":"https:\/\/api.w.org\/{rel}","templated":true}]}}