{"id":325876,"date":"2025-02-06T15:17:54","date_gmt":"2025-02-06T11:17:54","guid":{"rendered":"https:\/\/www.meydan.tv\/?p=325876"},"modified":"2025-02-06T22:18:33","modified_gmt":"2025-02-06T18:18:33","slug":"h%c9%99bsd%c9%99-olan-jurnalist-ombudsmana-aciq-m%c9%99ktub-yazib","status":"publish","type":"post","link":"https:\/\/www.meydan.tv\/az\/article\/h%c9%99bsd%c9%99-olan-jurnalist-ombudsmana-aciq-m%c9%99ktub-yazib\/","title":{"rendered":"H\u0259bsd\u0259 olan jurnalist Ombudsmana a\u00e7\u0131q m\u0259ktub yaz\u0131b"},"content":{"rendered":"\n<p><\/p>\n\n\n\n<p>Sevinc Vaqifq\u0131z\u0131 S\u0259bin\u0259 \u018fliyevan\u0131n \u201cHuman Rights Watch\u201d-un r\u0259hb\u0259rin\u0259 yazd\u0131\u011f\u0131 a\u00e7\u0131q m\u0259ktuba cavab verib<\/p>\n\n\n\n<p>\u201cAbzasMedia\u201dn\u0131n h\u0259bsd\u0259 olan ba\u015f redaktoru Sevinc Vaqifq\u0131z\u0131 \u0130nsan H\u00fcquqlar\u0131 \u00fczr\u0259 M\u00fcv\u0259kkili (Ombudsman) S\u0259bin\u0259 \u018fliyevaya a\u00e7\u0131q m\u0259ktub \u00fcnvanlay\u0131b.<\/p>\n\n\n\n<p>\u201cAbzasMedia\u201dn\u0131n sayt\u0131nda d\u0259rc olunan m\u0259ktubda jurnalist qeyd edib ki, S\u0259bin\u0259 \u018fliyevan\u0131n \u201cHuman Rights Watch\u201d (HRW) beyn\u0259lxalq insan haqlar\u0131 t\u0259\u015fkilat\u0131n\u0131n icra\u00e7\u0131 direktoru Tirana H\u0259s\u0259n\u0259 yazd\u0131\u011f\u0131 a\u00e7\u0131q m\u0259ktubu oxuyandan sonra ona yazmaq <a href=\"https:\/\/abzas.info\/az\/2025\/2\/sevinc-vaqifqzndan-ombudsmanffbd9106-8\" target=\"_blank\" rel=\"noreferrer noopener\">q\u0259rar\u0131na g\u0259lib<\/a>.<\/p>\n\n\n\n<p><em>\u201cXan\u0131m \u018fliyeva, bu, m\u0259nim siz\u0259 ilk a\u00e7\u0131q m\u0259ktubumdur. Amma h\u0259bsd\u0259 oldu\u011fum 1 il 3 ay m\u00fcdd\u0259tind\u0259 t\u0259cridxanaya g\u00f6nd\u0259rdiyiniz n\u00fcmay\u0259nd\u0259l\u0259r vasit\u0259sil\u0259 siz\u0259 iki m\u0259ktub g\u00f6nd\u0259rmi\u015f\u0259m. O m\u0259ktublarda t\u0259cridxanada ba\u015f ver\u0259n i\u015fg\u0259nc\u0259, korrupsiya cinay\u0259tl\u0259ri, 1 sayl\u0131 Bak\u0131 \u0130stintaq T\u0259cridxanas\u0131n\u0131n \u0259m\u0259kda\u015flar\u0131n\u0131n h\u0259bs olunmu\u015f \u015f\u0259xsl\u0259rl\u0259 qeyri-insani r\u0259ftar\u0131 bar\u0259d\u0259 yazm\u0131\u015fam. Siz\u0259 yazd\u0131\u011f\u0131m hallar\u0131 \u201cAbzas\u201d\u00e7\u0131lar olaraq h\u0259m d\u0259 media vasit\u0259sil\u0259 ictimail\u0259\u015fdirmi\u015fik. B\u00fct\u00fcn vasit\u0259l\u0259rl\u0259 siz\u0259 m\u0259lumat \u00e7atd\u0131rd\u0131\u011f\u0131m\u0131z halda \u201cHuman Rights Watch\u201d t\u0259\u015fkilat\u0131na yazd\u0131\u011f\u0131n\u0131z m\u0259ktubda qeyd edirsiniz ki, Milli Preventiv Qrupun \u00fczvl\u0259ri \u201cHuman Rights Watch\u201dun hesabat\u0131nda ad\u0131 \u00e7\u0259kil\u0259n bir s\u0131ra \u015f\u0259xsl\u0259rl\u0259 g\u00f6r\u00fc\u015fl\u0259r ke\u00e7irib v\u0259 onlara qar\u015f\u0131 i\u015fg\u0259nc\u0259 v\u0259 ya qeyri-insani r\u0259ftar hallar\u0131na dair he\u00e7 bir fakt a\u015fkarlanmay\u0131b\u201d, <\/em>&#8211; Sevinc Vaqifq\u0131z\u0131 m\u0259ktubda bildirir.<\/p>\n\n\n\n<p>Jurnalist m\u0259ktubunda vur\u011fulay\u0131b ki, \u201cAbzasMedia\u201d jurnalistl\u0259ri olaraq Milli Preventiv Qrupun \u00fczvl\u0259ri il\u0259 g\u00f6r\u00fc\u015fd\u0259 noyabr\u0131n 13-d\u0259 Elnar\u0259 Qas\u0131mova, noyabr\u0131n 14-d\u0259 N\u0259rgiz Absalamova v\u0259 bu yaz\u0131n\u0131n m\u00fc\u0259llifin\u0259 qar\u015f\u0131 zorak\u0131 davran\u0131\u015f bar\u0259d\u0259 S\u0259bin\u0259 \u018fliyevaya x\u0259b\u0259r g\u00f6nd\u0259ribl\u0259r:<\/p>\n\n\n\n<p><em>\u201cT\u0259cridxanan\u0131n \u0259m\u0259kda\u015f\u0131 \u015e\u0259hla M\u0259mm\u0259dovan\u0131n N\u0259rgiz Absalamovan\u0131 t\u0259hqir etdiyini, ba\u015f n\u0259zar\u0259t\u00e7i \u018fziz\u0259 M\u0259mm\u0259dovan\u0131n onun qolunu n\u0259f\u0259sliyin aras\u0131nda qoyub \u0259zm\u0259sini, n\u0259tic\u0259d\u0259 qolunda yaranan qan\u00e7\u0131r izl\u0259rini h\u0259kim qeydiyyat\u0131na ald\u0131rd\u0131\u011f\u0131n\u0131 diqq\u0259tl\u0259rin\u0259 \u00e7atd\u0131rm\u0131\u015f\u0131q. Noyabr\u0131n 16-da ail\u0259m v\u0259 v\u0259kilim qar\u015f\u0131la\u015fd\u0131\u011f\u0131m qeyri-insani r\u0259ftarla ba\u011fl\u0131 qaynar x\u0259ttiniz\u0259 m\u0259lumat vers\u0259 d\u0259, daha sonra m\u0259tbuata a\u00e7\u0131qlama ver\u0259r\u0259k siz\u0259 m\u00fcraci\u0259t etdiyimizi danm\u0131\u015fd\u0131n\u0131z. Dand\u0131\u011f\u0131n\u0131z ger\u00e7\u0259kliyin i\u00e7\u0259risind\u0259 \u00dclvi H\u0259s\u0259nlinin 6 ay \u0259rzind\u0259 t\u0259cridxanada 58 n\u0259f\u0259r\u0259 i\u015fg\u0259nc\u0259 verilm\u0259si il\u0259 ba\u011fl\u0131 yaz\u0131s\u0131ndan sonra r\u0259is Elnur \u0130smay\u0131lovun \u015firnikl\u0259ndirm\u0259si il\u0259 otaq yolda\u015f\u0131n\u0131n onun \u00fcz\u0259rin\u0259 \u00fclg\u00fcc \u00e7\u0259km\u0259si fakt\u0131 da var\u201d.<\/em><\/p>\n\n\n\n<p>Sevinc Vaqifq\u0131z\u0131 m\u0259ktubunda bildirir ki, onlar \u201cAbzasMedia\u201dn\u0131n h\u0259bsd\u0259 olan direktoru \u00dclvi H\u0259s\u0259nli il\u0259 d\u0259hlizd\u0259 salamla\u015fmaq ist\u0259y\u0259rk\u0259n t\u0259cridxana \u0259m\u0259kda\u015f\u0131n\u0131n jurnalisti divara \u00e7\u0131rp\u0131b x\u0259sar\u0259t yetirm\u0259si d\u0259 S\u0259bin\u0259 \u018fliyevan\u0131n unutdu\u011fu dig\u0259r bir faktd\u0131r.<\/p>\n\n\n\n<p><em>\u201cBel\u0259 g\u00f6r\u00fcr\u0259m, son iki h\u0259ft\u0259d\u0259 t\u0259cridxanan\u0131n n\u0259zar\u0259t\u00e7isi Ayg\u00fcl Babayevan\u0131n N\u0259rgiz Absalamovaya v\u0259 bu yaz\u0131n\u0131n m\u00fc\u0259llifin\u0259 qar\u015f\u0131 qeyri-insani h\u0259r\u0259k\u0259ti d\u0259 sizin \u00fc\u00e7\u00fcn \u00f6t\u00fc\u015fd\u00fcr\u00fcb ke\u00e7diyiniz x\u0259b\u0259rl\u0259rd\u0259ndir. Yox, \u0259g\u0259r qeyri-insani m\u00fcnasib\u0259ti \u00f6z g\u00f6zl\u0259rinizl\u0259 g\u00f6rm\u0259k ist\u0259yirsinizs\u0259, buyurun, t\u0259cridxanaya g\u0259lin. Ayg\u00fcl Babayevan\u0131n zorak\u0131 h\u0259r\u0259k\u0259ti ucbat\u0131ndan N\u0259rgizin soyulmu\u015f d\u0259risini g\u00f6r\u0259 bil\u0259rsiniz. Ayg\u00fcl Babayeva deyir ki, o, t\u0259limat \u0259sas\u0131nda i\u015fl\u0259yir v\u0259 t\u0259limat\u0131 ver\u0259n d\u0259 t\u0259bii ki, t\u0259cridxanan\u0131n r\u0259isi Elnur \u0130smay\u0131lovdur. O da deyir ki, \u201cknopka\u201dya (d\u00fcym\u0259 red.) ba\u011fl\u0131 adamd\u0131r v\u0259 yuxar\u0131lar n\u0259 deyirs\u0259, onu da edir. Siz\u0259 \u015fikay\u0259t ed\u0259c\u0259yimizi dey\u0259nd\u0259 r\u0259is cavab verir ki, \u201cOmbudsman da bizim adamd\u0131r. Biz n\u0259 des\u0259k, onunla raz\u0131la\u015facaqlar\u201d,<\/em> &#8211; ba\u015f redaktor m\u0259ktubuna davam edib.<\/p>\n\n\n\n<p>Jurnalistin s\u00f6zl\u0259rin\u0259 g\u00f6r\u0259, S\u0259bin\u0259 \u018fliyevan\u0131n \u201cHuman Rights Watch\u201da a\u00e7\u0131q m\u0259ktubu g\u00f6st\u0259rir ki, o, t\u0259kc\u0259 Bak\u0131 \u0130stintaq T\u0259cridxanas\u0131nda saxlan\u0131lan siyasi m\u0259hbuslara yox, b\u00fct\u00fcn saxlan\u0131lanlara qar\u015f\u0131 qeyri-insani r\u0259ftar\u0131 g\u00fcnd\u0259lik norma, m\u0259qbul h\u0259r\u0259k\u0259t kimi q\u0259bul edir:<\/p>\n\n\n\n<p><em>\u201cOmbudsman Aparat\u0131 yaranandan bu yana az\u0131 iki d\u0259f\u0259 sizin ofisin qar\u015f\u0131s\u0131na insan haqlar\u0131 il\u0259 \u0259laq\u0259dar g\u00f6z\u00fcba\u011fl\u0131 m\u00fc\u015fahid\u0259l\u0259riniz\u0259 etiraz olaraq tabutlar qoyulub. O vaxt g\u0259nc f\u0259allar \u00fcmid edirdil\u0259r ki, bu etirazlar Ombudsman Aparat\u0131n\u0131 insanlara qar\u015f\u0131 zorak\u0131l\u0131q hallar\u0131na, qanunsuzluqlara daha h\u0259ssas yana\u015fma\u011fa vadar ed\u0259c\u0259k. Amma, g\u00f6r\u00fcn\u00fcr, idar\u0259niz yen\u0259 \u00f6rt-basd\u0131r siyas\u0259tini se\u00e7ib. Son bir ayda h\u0259bs yerl\u0259rind\u0259 11 n\u0259f\u0259rin laz\u0131mi m\u00fcalic\u0259 ala bilm\u0259diyin\u0259 g\u00f6r\u0259 o tabutlarda ev\u0259 g\u00f6nd\u0259rilm\u0259si d\u0259 sizin \u00fc\u00e7\u00fcn fakt deyil. Y\u0259qin siz d\u0259 se\u00e7kil\u0259r vaxt\u0131 Qazax rayonundak\u0131 m\u0259nt\u0259q\u0259 \u00fczv\u00fc kimi \u201cO, sizin \u00fc\u00e7\u00fcn \u00f6l\u00fcb, bizim \u00fc\u00e7\u00fcn ya\u015fay\u0131r\u201d t\u0259rzind\u0259 cavab haz\u0131rlama\u011fa \u00e7al\u0131\u015f\u0131rs\u0131n\u0131z. Amma bununla faktlar\u0131 danm\u0131rs\u0131n\u0131z, \u0259ksin\u0259, \u0130nsan H\u00fcquqlar\u0131 \u00fczr\u0259 M\u00fcv\u0259kkil ad\u0131na layiq olmad\u0131\u011f\u0131n\u0131z\u0131 g\u00f6st\u0259rirsiniz\u201d.<\/em><\/p>\n\n\n\n<p>Ombudsman Aparat\u0131ndan jurnalistin m\u0259ktubuna m\u00f6vqe bildirilm\u0259yib.<\/p>\n\n\n\n<p>2025-ci il yanvar\u0131n 31-d\u0259 Az\u0259rbaycan Respublikas\u0131n\u0131n \u0130nsan h\u00fcquqlar\u0131 \u00fczr\u0259 m\u00fcv\u0259kkili (Ombudsman) S\u0259bin\u0259 \u018fliyeva \u201cHuman Rights Watch\u201d (HRW) beyn\u0259lxalq insan haqlar\u0131 t\u0259\u015fkilat\u0131n\u0131n icra\u00e7\u0131 direktoru Tirana H\u0259s\u0259n\u0259 a\u00e7\u0131q m\u0259ktub <a href=\"https:\/\/storage.googleapis.com\/qurium\/www.meydan.tv\/az-article-s%c9%99bin%c9%99-eliyeva-human-rights-watcha-m%c9%99ktub-yazib.html\" target=\"_blank\" rel=\"noreferrer noopener\">g\u00f6nd\u0259rib.<\/a><\/p>\n\n\n\n<p>M\u0259ktubda qeyd edilir ki, \u201cHuman Rights Watch\u201d&nbsp; Az\u0259rbaycanda insan haqlar\u0131n\u0131n v\u0259ziyy\u0259tin\u0259 dair hesabat\u0131 \u201c\u015f\u00fcbh\u0259li v\u0259 q\u0259r\u0259zli m\u0259nb\u0259l\u0259r\u0259\u201d istinad\u0259n, Ombudsman\u0131n illik v\u0259 paralel hesabatlar\u0131 n\u0259z\u0259r\u0259 al\u0131nmadan haz\u0131rlan\u0131b.<\/p>\n\n\n\n<p>\u201cHuman Rights Watch\u201d 2025-ci il yanvar\u0131n 16-da illik hesabat\u0131n\u0131 yay\u0131mlayaraq, Az\u0259rbaycanda repressiyalar\u0131n g\u00fccl\u0259ndiyini, o c\u00fcml\u0259d\u0259n jurnalistl\u0259rin, insan h\u00fcquqlar\u0131 m\u00fcdafi\u0259\u00e7il\u0259rinin v\u0259 f\u0259allar\u0131n h\u0259bsl\u0259rini <a href=\"https:\/\/storage.googleapis.com\/qurium\/www.meydan.tv\/az-article-human-rights-watch-az%c9%99rbaycandaki-isg%c9%99nc%c9%99-masini-il%c9%99-bagli-hesabat-yaydi.html\" target=\"_blank\" rel=\"noreferrer noopener\">qeyd edib.<\/a><\/p>\n\n\n\n<p>Hesabatda Az\u0259rbaycan h\u0259bsxanalar\u0131nda saxlan\u0131lanlarla kobud davran\u0131ld\u0131\u011f\u0131 v\u0259 onlara i\u015fg\u0259nc\u0259 verildiyi hallar\u0131n oldu\u011fu bildirilib.<\/p>\n\n\n\n<p>Polis t\u0259r\u0259find\u0259n zorak\u0131l\u0131\u011fa, i\u015fg\u0259nc\u0259 v\u0259 pis r\u0259ftara m\u0259ruz qalmalar\u0131yla ba\u011fl\u0131 Fazil Qas\u0131movla \u0130mran \u018fliyevin ifad\u0259l\u0259rin\u0259 diqq\u0259t \u00e7\u0259kilib.<\/p>\n\n\n\n<p>S\u0259n\u0259dd\u0259 20 il h\u0259bs c\u0259zas\u0131na m\u0259hkum edilmi\u015f dindar Taleh Ba\u011f\u0131rzad\u0259nin h\u0259bsxanada olduqca pis \u015f\u0259raitd\u0259 saxlan\u0131lmas\u0131na dair ifad\u0259si d\u0259 qeyd olunub.<\/p>\n\n\n\n<p>Hesabatda xat\u0131rlad\u0131l\u0131b ki, Az\u0259rbaycan Avropa \u015euras\u0131n\u0131n \u0130\u015fg\u0259nc\u0259l\u0259rin v\u0259 Qeyri-insani v\u0259 ya L\u0259yaq\u0259ti Al\u00e7aldan R\u0259ftar v\u0259 C\u0259zalar\u0131n Qar\u015f\u0131s\u0131n\u0131n Al\u0131nmas\u0131 Komit\u0259si il\u0259 \u0259m\u0259kda\u015fl\u0131qdan boyun qa\u00e7\u0131r\u0131b.<\/p>\n\n\n\n<p>T\u0259\u015fkilat r\u0259smi Bak\u0131n\u0131n bu add\u0131m\u0131n\u0131 k\u0259skin t\u0259nqid ed\u0259r\u0259k onu Avropa \u0130\u015fg\u0259nc\u0259l\u0259rin Qar\u015f\u0131s\u0131n\u0131n Al\u0131nmas\u0131 Konvensiyas\u0131n\u0131n \u201c\u0259sasl\u0131 v\u0259 misli g\u00f6r\u00fcnm\u0259mi\u015f pozuntusu\u201d kimi qiym\u0259tl\u0259ndirilib.<\/p>\n\n\n\n<p>H\u00f6kum\u0259t r\u0259smil\u0259ri ad\u0259t\u0259n beyn\u0259lxalq t\u0259\u015fkilatlar\u0131n t\u0259nqidi hesabatlar\u0131 il\u0259 raz\u0131la\u015fm\u0131r v\u0259 onlar\u0131n q\u0259r\u0259zli oldu\u011funu bildirirl\u0259r.<\/p>\n\n\n\n<p>Az\u0259rbaycanl\u0131 r\u0259smil\u0259r bir qayda olaraq \u00f6lk\u0259d\u0259 b\u00fct\u00fcn h\u00fcquq v\u0259 azadl\u0131qlar\u0131n t\u0259min edildiyini qeyd edirl\u0259r.<\/p>\n\n\n\n<p>2023-c\u00fc ilin noyabr\u0131ndan etibar\u0259n Az\u0259rbaycanda korrupsiya ara\u015fd\u0131rmalar\u0131 aparan \u201cAbzasMedia\u201dn\u0131n 6 \u0259m\u0259kda\u015f\u0131 \u2013 direktor \u00dclvi H\u0259s\u0259nli, onun m\u00fcavini M\u0259h\u0259mm\u0259d Kekalov, ba\u015f redaktor Sevinc Vaqifq\u0131z\u0131, reportyorlar N\u0259rgiz Absalamova v\u0259 Elnar\u0259 Qas\u0131mova, ara\u015fd\u0131rma\u00e7\u0131 jurnalist Hafiz Babal\u0131 h\u0259bs edilibl\u0259r.<\/p>\n\n\n\n<p>2024-c\u00fc ilin may\u0131nda \u201cAzadl\u0131q\u201d radiosunun jurnalisti, iqtisad\u00e7\u0131 F\u0259rid Mehral\u0131zad\u0259 d\u0259 \u201cAbzasMedia i\u015fi\u201d \u00e7\u0259r\u00e7iv\u0259sind\u0259 h\u0259bs edilib. El\u0259 h\u0259min g\u00fcn \u201cAbzasMedia\u201d b\u0259yanat yayaraq Mehral\u0131zad\u0259 il\u0259 \u0259m\u0259kda\u015fl\u0131l\u0131q \u0259laq\u0259sinin olmad\u0131\u011f\u0131n\u0131 bildirib.<\/p>\n\n\n\n<p>Jurnalistl\u0259rin ham\u0131s\u0131 \u0259vv\u0259lc\u0259 qa\u00e7aqmal\u00e7\u0131l\u0131qda ittiham olunublar.<\/p>\n\n\n\n<p>Avqustda is\u0259 \u201cAbzasMedia i\u015fi\u201d \u00fczr\u0259 h\u0259bs edil\u0259n \u015f\u0259xsl\u0259r\u0259 qar\u015f\u0131 ittihamlar a\u011f\u0131rla\u015fd\u0131r\u0131l\u0131b. \u0130stintaq\u0131n ir\u0259li s\u00fcrd\u00fcy\u00fc \u0259lav\u0259 ittihamlar\u0131 da n\u0259z\u0259r\u0259 alsaq, jurnalistl\u0259ri 8 ild\u0259n 12 il\u0259d\u0259k h\u0259bs c\u0259zas\u0131 g\u00f6zl\u0259yir.<\/p>\n\n\n\n<p>Yerli v\u0259 beyn\u0259lxalq h\u00fcquq m\u00fcdafi\u0259 t\u0259\u015fkilatlar\u0131 bu t\u0259qibl\u0259ri siyasi motivli hesab edir v\u0259 h\u0259bs olunanlar\u0131n azad edilm\u0259sin\u0259, onlara qar\u015f\u0131 ittihamlar\u0131n geri g\u00f6t\u00fcr\u00fclm\u0259sin\u0259 \u00e7a\u011f\u0131r\u0131rlar.<\/p>\n","protected":false},"excerpt":{"rendered":"<p>Sevinc Vaqifq\u0131z\u0131 S\u0259bin\u0259 \u018fliyevan\u0131n \u201cHuman Rights Watch\u201d-un r\u0259hb\u0259rin\u0259 yazd\u0131\u011f\u0131 a\u00e7\u0131q &#8230; <\/p>\n<p class=\"read-more-container\"><a title=\"H\u0259bsd\u0259 olan jurnalist Ombudsmana a\u00e7\u0131q m\u0259ktub yaz\u0131b\" class=\"read-more button\" href=\"https:\/\/www.meydan.tv\/az\/article\/h%c9%99bsd%c9%99-olan-jurnalist-ombudsmana-aciq-m%c9%99ktub-yazib\/#more-325876\" aria-label=\"Read more about H\u0259bsd\u0259 olan jurnalist Ombudsmana a\u00e7\u0131q m\u0259ktub yaz\u0131b\">Davam\u0131<\/a><\/p>\n","protected":false},"author":21,"featured_media":325959,"comment_status":"closed","ping_status":"closed","sticky":false,"template":"","format":"standard","meta":{"_acf_changed":false,"_sitemap_exclude":false,"_sitemap_priority":"","_sitemap_frequency":"","footnotes":""},"categories":[62,79,56],"tags":[],"class_list":["post-325876","post","type-post","status-publish","format-standard","has-post-thumbnail","hentry","category-sosial","category-featured","category-xeberler","infinite-scroll-item","generate-columns","tablet-grid-50","mobile-grid-100","grid-parent","grid-33","no-featured-image-padding"],"acf":[],"yoast_head":"<!-- This site is optimized with the Yoast SEO plugin v27.4 - https:\/\/yoast.com\/product\/yoast-seo-wordpress\/ -->\n<title>H\u0259bsd\u0259 olan jurnalist Ombudsmana a\u00e7\u0131q m\u0259ktub yaz\u0131b - MEYDAN.TV<\/title>\n<meta name=\"robots\" content=\"index, follow, max-snippet:-1, max-image-preview:large, max-video-preview:-1\" \/>\n<link rel=\"canonical\" href=\"https:\/\/www.meydan.tv\/az\/article\/h%c9%99bsd%c9%99-olan-jurnalist-ombudsmana-aciq-m%c9%99ktub-yazib\/\" \/>\n<meta property=\"og:locale\" content=\"az_AZ\" \/>\n<meta property=\"og:type\" content=\"article\" \/>\n<meta property=\"og:title\" content=\"H\u0259bsd\u0259 olan jurnalist Ombudsmana a\u00e7\u0131q m\u0259ktub yaz\u0131b - MEYDAN.TV\" \/>\n<meta property=\"og:description\" content=\"Sevinc Vaqifq\u0131z\u0131 S\u0259bin\u0259 \u018fliyevan\u0131n \u201cHuman Rights Watch\u201d-un r\u0259hb\u0259rin\u0259 yazd\u0131\u011f\u0131 a\u00e7\u0131q ... Davam\u0131\" \/>\n<meta property=\"og:url\" content=\"https:\/\/www.meydan.tv\/az\/article\/h%c9%99bsd%c9%99-olan-jurnalist-ombudsmana-aciq-m%c9%99ktub-yazib\/\" \/>\n<meta property=\"og:site_name\" content=\"MEYDAN.TV\" \/>\n<meta property=\"article:published_time\" content=\"2025-02-06T11:17:54+00:00\" \/>\n<meta property=\"article:modified_time\" content=\"2025-02-06T18:18:33+00:00\" \/>\n<meta property=\"og:image\" content=\"https:\/\/www.meydan.tv\/wp-content\/uploads\/sevinc-2.png\" \/>\n\t<meta property=\"og:image:width\" content=\"1179\" \/>\n\t<meta property=\"og:image:height\" content=\"576\" \/>\n\t<meta property=\"og:image:type\" content=\"image\/png\" \/>\n<meta name=\"author\" content=\"mahmud\" \/>\n<meta name=\"twitter:card\" content=\"summary_large_image\" \/>\n<script type=\"application\/ld+json\" class=\"yoast-schema-graph\">{\"@context\":\"https:\\\/\\\/schema.org\",\"@graph\":[{\"@type\":\"Article\",\"@id\":\"https:\\\/\\\/www.meydan.tv\\\/az\\\/article\\\/h%c9%99bsd%c9%99-olan-jurnalist-ombudsmana-aciq-m%c9%99ktub-yazib\\\/#article\",\"isPartOf\":{\"@id\":\"https:\\\/\\\/www.meydan.tv\\\/az\\\/article\\\/h%c9%99bsd%c9%99-olan-jurnalist-ombudsmana-aciq-m%c9%99ktub-yazib\\\/\"},\"author\":{\"name\":\"mahmud\",\"@id\":\"https:\\\/\\\/www.meydan.tv\\\/az\\\/#\\\/schema\\\/person\\\/09863e516102a829e72bedcf3f84c6b0\"},\"headline\":\"H\u0259bsd\u0259 olan jurnalist Ombudsmana a\u00e7\u0131q m\u0259ktub yaz\u0131b\",\"datePublished\":\"2025-02-06T11:17:54+00:00\",\"dateModified\":\"2025-02-06T18:18:33+00:00\",\"mainEntityOfPage\":{\"@id\":\"https:\\\/\\\/www.meydan.tv\\\/az\\\/article\\\/h%c9%99bsd%c9%99-olan-jurnalist-ombudsmana-aciq-m%c9%99ktub-yazib\\\/\"},\"wordCount\":1530,\"publisher\":{\"@id\":\"https:\\\/\\\/www.meydan.tv\\\/az\\\/#organization\"},\"image\":{\"@id\":\"https:\\\/\\\/www.meydan.tv\\\/az\\\/article\\\/h%c9%99bsd%c9%99-olan-jurnalist-ombudsmana-aciq-m%c9%99ktub-yazib\\\/#primaryimage\"},\"thumbnailUrl\":\"https:\\\/\\\/www.meydan.tv\\\/wp-content\\\/uploads\\\/sevinc-2.png\",\"articleSection\":[\"Sosial\",\"T\u00f6vsiy\u0259\",\"X\u0259b\u0259rl\u0259r\"],\"inLanguage\":\"az\"},{\"@type\":\"WebPage\",\"@id\":\"https:\\\/\\\/www.meydan.tv\\\/az\\\/article\\\/h%c9%99bsd%c9%99-olan-jurnalist-ombudsmana-aciq-m%c9%99ktub-yazib\\\/\",\"url\":\"https:\\\/\\\/www.meydan.tv\\\/az\\\/article\\\/h%c9%99bsd%c9%99-olan-jurnalist-ombudsmana-aciq-m%c9%99ktub-yazib\\\/\",\"name\":\"H\u0259bsd\u0259 olan jurnalist Ombudsmana a\u00e7\u0131q m\u0259ktub yaz\u0131b - MEYDAN.TV\",\"isPartOf\":{\"@id\":\"https:\\\/\\\/www.meydan.tv\\\/az\\\/#website\"},\"primaryImageOfPage\":{\"@id\":\"https:\\\/\\\/www.meydan.tv\\\/az\\\/article\\\/h%c9%99bsd%c9%99-olan-jurnalist-ombudsmana-aciq-m%c9%99ktub-yazib\\\/#primaryimage\"},\"image\":{\"@id\":\"https:\\\/\\\/www.meydan.tv\\\/az\\\/article\\\/h%c9%99bsd%c9%99-olan-jurnalist-ombudsmana-aciq-m%c9%99ktub-yazib\\\/#primaryimage\"},\"thumbnailUrl\":\"https:\\\/\\\/www.meydan.tv\\\/wp-content\\\/uploads\\\/sevinc-2.png\",\"datePublished\":\"2025-02-06T11:17:54+00:00\",\"dateModified\":\"2025-02-06T18:18:33+00:00\",\"breadcrumb\":{\"@id\":\"https:\\\/\\\/www.meydan.tv\\\/az\\\/article\\\/h%c9%99bsd%c9%99-olan-jurnalist-ombudsmana-aciq-m%c9%99ktub-yazib\\\/#breadcrumb\"},\"inLanguage\":\"az\",\"potentialAction\":[{\"@type\":\"ReadAction\",\"target\":[\"https:\\\/\\\/www.meydan.tv\\\/az\\\/article\\\/h%c9%99bsd%c9%99-olan-jurnalist-ombudsmana-aciq-m%c9%99ktub-yazib\\\/\"]}]},{\"@type\":\"ImageObject\",\"inLanguage\":\"az\",\"@id\":\"https:\\\/\\\/www.meydan.tv\\\/az\\\/article\\\/h%c9%99bsd%c9%99-olan-jurnalist-ombudsmana-aciq-m%c9%99ktub-yazib\\\/#primaryimage\",\"url\":\"https:\\\/\\\/www.meydan.tv\\\/wp-content\\\/uploads\\\/sevinc-2.png\",\"contentUrl\":\"https:\\\/\\\/www.meydan.tv\\\/wp-content\\\/uploads\\\/sevinc-2.png\",\"width\":1179,\"height\":576,\"caption\":\"\u0130ll\u00fcstrasiya: Meydan TV\"},{\"@type\":\"BreadcrumbList\",\"@id\":\"https:\\\/\\\/www.meydan.tv\\\/az\\\/article\\\/h%c9%99bsd%c9%99-olan-jurnalist-ombudsmana-aciq-m%c9%99ktub-yazib\\\/#breadcrumb\",\"itemListElement\":[{\"@type\":\"ListItem\",\"position\":1,\"name\":\"Ana s\u0259hif\u0259\",\"item\":\"https:\\\/\\\/www.meydan.tv\\\/az\\\/\"},{\"@type\":\"ListItem\",\"position\":2,\"name\":\"Sosial\",\"item\":\"https:\\\/\\\/www.meydan.tv\\\/az\\\/section\\\/sosial\\\/\"},{\"@type\":\"ListItem\",\"position\":3,\"name\":\"H\u0259bsd\u0259 olan jurnalist Ombudsmana a\u00e7\u0131q m\u0259ktub yaz\u0131b\"}]},{\"@type\":\"WebSite\",\"@id\":\"https:\\\/\\\/www.meydan.tv\\\/az\\\/#website\",\"url\":\"https:\\\/\\\/www.meydan.tv\\\/az\\\/\",\"name\":\"MEYDAN.TV\",\"description\":\"Meydan TV Az\u0259rbaycan\u0131n media m\u0259kan\u0131ndak\u0131 alternativ s\u0259sidir\",\"publisher\":{\"@id\":\"https:\\\/\\\/www.meydan.tv\\\/az\\\/#organization\"},\"potentialAction\":[{\"@type\":\"SearchAction\",\"target\":{\"@type\":\"EntryPoint\",\"urlTemplate\":\"https:\\\/\\\/www.meydan.tv\\\/az\\\/?s={search_term_string}\"},\"query-input\":{\"@type\":\"PropertyValueSpecification\",\"valueRequired\":true,\"valueName\":\"search_term_string\"}}],\"inLanguage\":\"az\"},{\"@type\":\"Organization\",\"@id\":\"https:\\\/\\\/www.meydan.tv\\\/az\\\/#organization\",\"name\":\"Meydan TV\",\"url\":\"https:\\\/\\\/www.meydan.tv\\\/az\\\/\",\"logo\":{\"@type\":\"ImageObject\",\"inLanguage\":\"az\",\"@id\":\"https:\\\/\\\/www.meydan.tv\\\/az\\\/#\\\/schema\\\/logo\\\/image\\\/\",\"url\":\"https:\\\/\\\/www.meydan.tv\\\/wp-content\\\/uploads\\\/2021\\\/07\\\/meydan-logo.svg\",\"contentUrl\":\"https:\\\/\\\/www.meydan.tv\\\/wp-content\\\/uploads\\\/2021\\\/07\\\/meydan-logo.svg\",\"width\":195,\"height\":46,\"caption\":\"Meydan TV\"},\"image\":{\"@id\":\"https:\\\/\\\/www.meydan.tv\\\/az\\\/#\\\/schema\\\/logo\\\/image\\\/\"}},{\"@type\":\"Person\",\"@id\":\"https:\\\/\\\/www.meydan.tv\\\/az\\\/#\\\/schema\\\/person\\\/09863e516102a829e72bedcf3f84c6b0\",\"name\":\"mahmud\"}]}<\/script>\n<!-- \/ Yoast SEO plugin. -->","yoast_head_json":{"title":"H\u0259bsd\u0259 olan jurnalist Ombudsmana a\u00e7\u0131q m\u0259ktub yaz\u0131b - MEYDAN.TV","robots":{"index":"index","follow":"follow","max-snippet":"max-snippet:-1","max-image-preview":"max-image-preview:large","max-video-preview":"max-video-preview:-1"},"canonical":"https:\/\/www.meydan.tv\/az\/article\/h%c9%99bsd%c9%99-olan-jurnalist-ombudsmana-aciq-m%c9%99ktub-yazib\/","og_locale":"az_AZ","og_type":"article","og_title":"H\u0259bsd\u0259 olan jurnalist Ombudsmana a\u00e7\u0131q m\u0259ktub yaz\u0131b - MEYDAN.TV","og_description":"Sevinc Vaqifq\u0131z\u0131 S\u0259bin\u0259 \u018fliyevan\u0131n \u201cHuman Rights Watch\u201d-un r\u0259hb\u0259rin\u0259 yazd\u0131\u011f\u0131 a\u00e7\u0131q ... Davam\u0131","og_url":"https:\/\/www.meydan.tv\/az\/article\/h%c9%99bsd%c9%99-olan-jurnalist-ombudsmana-aciq-m%c9%99ktub-yazib\/","og_site_name":"MEYDAN.TV","article_published_time":"2025-02-06T11:17:54+00:00","article_modified_time":"2025-02-06T18:18:33+00:00","og_image":[{"width":1179,"height":576,"url":"https:\/\/www.meydan.tv\/wp-content\/uploads\/sevinc-2.png","type":"image\/png"}],"author":"mahmud","twitter_card":"summary_large_image","schema":{"@context":"https:\/\/schema.org","@graph":[{"@type":"Article","@id":"https:\/\/www.meydan.tv\/az\/article\/h%c9%99bsd%c9%99-olan-jurnalist-ombudsmana-aciq-m%c9%99ktub-yazib\/#article","isPartOf":{"@id":"https:\/\/www.meydan.tv\/az\/article\/h%c9%99bsd%c9%99-olan-jurnalist-ombudsmana-aciq-m%c9%99ktub-yazib\/"},"author":{"name":"mahmud","@id":"https:\/\/www.meydan.tv\/az\/#\/schema\/person\/09863e516102a829e72bedcf3f84c6b0"},"headline":"H\u0259bsd\u0259 olan jurnalist Ombudsmana a\u00e7\u0131q m\u0259ktub yaz\u0131b","datePublished":"2025-02-06T11:17:54+00:00","dateModified":"2025-02-06T18:18:33+00:00","mainEntityOfPage":{"@id":"https:\/\/www.meydan.tv\/az\/article\/h%c9%99bsd%c9%99-olan-jurnalist-ombudsmana-aciq-m%c9%99ktub-yazib\/"},"wordCount":1530,"publisher":{"@id":"https:\/\/www.meydan.tv\/az\/#organization"},"image":{"@id":"https:\/\/www.meydan.tv\/az\/article\/h%c9%99bsd%c9%99-olan-jurnalist-ombudsmana-aciq-m%c9%99ktub-yazib\/#primaryimage"},"thumbnailUrl":"https:\/\/www.meydan.tv\/wp-content\/uploads\/sevinc-2.png","articleSection":["Sosial","T\u00f6vsiy\u0259","X\u0259b\u0259rl\u0259r"],"inLanguage":"az"},{"@type":"WebPage","@id":"https:\/\/www.meydan.tv\/az\/article\/h%c9%99bsd%c9%99-olan-jurnalist-ombudsmana-aciq-m%c9%99ktub-yazib\/","url":"https:\/\/www.meydan.tv\/az\/article\/h%c9%99bsd%c9%99-olan-jurnalist-ombudsmana-aciq-m%c9%99ktub-yazib\/","name":"H\u0259bsd\u0259 olan jurnalist Ombudsmana a\u00e7\u0131q m\u0259ktub yaz\u0131b - MEYDAN.TV","isPartOf":{"@id":"https:\/\/www.meydan.tv\/az\/#website"},"primaryImageOfPage":{"@id":"https:\/\/www.meydan.tv\/az\/article\/h%c9%99bsd%c9%99-olan-jurnalist-ombudsmana-aciq-m%c9%99ktub-yazib\/#primaryimage"},"image":{"@id":"https:\/\/www.meydan.tv\/az\/article\/h%c9%99bsd%c9%99-olan-jurnalist-ombudsmana-aciq-m%c9%99ktub-yazib\/#primaryimage"},"thumbnailUrl":"https:\/\/www.meydan.tv\/wp-content\/uploads\/sevinc-2.png","datePublished":"2025-02-06T11:17:54+00:00","dateModified":"2025-02-06T18:18:33+00:00","breadcrumb":{"@id":"https:\/\/www.meydan.tv\/az\/article\/h%c9%99bsd%c9%99-olan-jurnalist-ombudsmana-aciq-m%c9%99ktub-yazib\/#breadcrumb"},"inLanguage":"az","potentialAction":[{"@type":"ReadAction","target":["https:\/\/www.meydan.tv\/az\/article\/h%c9%99bsd%c9%99-olan-jurnalist-ombudsmana-aciq-m%c9%99ktub-yazib\/"]}]},{"@type":"ImageObject","inLanguage":"az","@id":"https:\/\/www.meydan.tv\/az\/article\/h%c9%99bsd%c9%99-olan-jurnalist-ombudsmana-aciq-m%c9%99ktub-yazib\/#primaryimage","url":"https:\/\/www.meydan.tv\/wp-content\/uploads\/sevinc-2.png","contentUrl":"https:\/\/www.meydan.tv\/wp-content\/uploads\/sevinc-2.png","width":1179,"height":576,"caption":"\u0130ll\u00fcstrasiya: Meydan TV"},{"@type":"BreadcrumbList","@id":"https:\/\/www.meydan.tv\/az\/article\/h%c9%99bsd%c9%99-olan-jurnalist-ombudsmana-aciq-m%c9%99ktub-yazib\/#breadcrumb","itemListElement":[{"@type":"ListItem","position":1,"name":"Ana s\u0259hif\u0259","item":"https:\/\/www.meydan.tv\/az\/"},{"@type":"ListItem","position":2,"name":"Sosial","item":"https:\/\/www.meydan.tv\/az\/section\/sosial\/"},{"@type":"ListItem","position":3,"name":"H\u0259bsd\u0259 olan jurnalist Ombudsmana a\u00e7\u0131q m\u0259ktub yaz\u0131b"}]},{"@type":"WebSite","@id":"https:\/\/www.meydan.tv\/az\/#website","url":"https:\/\/www.meydan.tv\/az\/","name":"MEYDAN.TV","description":"Meydan TV Az\u0259rbaycan\u0131n media m\u0259kan\u0131ndak\u0131 alternativ s\u0259sidir","publisher":{"@id":"https:\/\/www.meydan.tv\/az\/#organization"},"potentialAction":[{"@type":"SearchAction","target":{"@type":"EntryPoint","urlTemplate":"https:\/\/www.meydan.tv\/az\/?s={search_term_string}"},"query-input":{"@type":"PropertyValueSpecification","valueRequired":true,"valueName":"search_term_string"}}],"inLanguage":"az"},{"@type":"Organization","@id":"https:\/\/www.meydan.tv\/az\/#organization","name":"Meydan TV","url":"https:\/\/www.meydan.tv\/az\/","logo":{"@type":"ImageObject","inLanguage":"az","@id":"https:\/\/www.meydan.tv\/az\/#\/schema\/logo\/image\/","url":"https:\/\/www.meydan.tv\/wp-content\/uploads\/2021\/07\/meydan-logo.svg","contentUrl":"https:\/\/www.meydan.tv\/wp-content\/uploads\/2021\/07\/meydan-logo.svg","width":195,"height":46,"caption":"Meydan TV"},"image":{"@id":"https:\/\/www.meydan.tv\/az\/#\/schema\/logo\/image\/"}},{"@type":"Person","@id":"https:\/\/www.meydan.tv\/az\/#\/schema\/person\/09863e516102a829e72bedcf3f84c6b0","name":"mahmud"}]}},"_links":{"self":[{"href":"https:\/\/www.meydan.tv\/az\/wp-json\/wp\/v2\/posts\/325876","targetHints":{"allow":["GET"]}}],"collection":[{"href":"https:\/\/www.meydan.tv\/az\/wp-json\/wp\/v2\/posts"}],"about":[{"href":"https:\/\/www.meydan.tv\/az\/wp-json\/wp\/v2\/types\/post"}],"author":[{"embeddable":true,"href":"https:\/\/www.meydan.tv\/az\/wp-json\/wp\/v2\/users\/21"}],"replies":[{"embeddable":true,"href":"https:\/\/www.meydan.tv\/az\/wp-json\/wp\/v2\/comments?post=325876"}],"version-history":[{"count":2,"href":"https:\/\/www.meydan.tv\/az\/wp-json\/wp\/v2\/posts\/325876\/revisions"}],"predecessor-version":[{"id":325958,"href":"https:\/\/www.meydan.tv\/az\/wp-json\/wp\/v2\/posts\/325876\/revisions\/325958"}],"wp:featuredmedia":[{"embeddable":true,"href":"https:\/\/www.meydan.tv\/az\/wp-json\/wp\/v2\/media\/325959"}],"wp:attachment":[{"href":"https:\/\/www.meydan.tv\/az\/wp-json\/wp\/v2\/media?parent=325876"}],"wp:term":[{"taxonomy":"category","embeddable":true,"href":"https:\/\/www.meydan.tv\/az\/wp-json\/wp\/v2\/categories?post=325876"},{"taxonomy":"post_tag","embeddable":true,"href":"https:\/\/www.meydan.tv\/az\/wp-json\/wp\/v2\/tags?post=325876"}],"curies":[{"name":"wp","href":"https:\/\/api.w.org\/{rel}","templated":true}]}}