{"id":325803,"date":"2025-02-05T18:09:41","date_gmt":"2025-02-05T14:09:41","guid":{"rendered":"https:\/\/www.meydan.tv\/?p=325803"},"modified":"2025-02-05T19:16:24","modified_gmt":"2025-02-05T15:16:24","slug":"jurnalist-sahnaz-b%c9%99yl%c9%99rqizinin-saxlanildigi-bildirilir","status":"publish","type":"post","link":"https:\/\/www.meydan.tv\/az\/article\/jurnalist-sahnaz-b%c9%99yl%c9%99rqizinin-saxlanildigi-bildirilir\/","title":{"rendered":"Jurnalist \u015eahnaz B\u0259yl\u0259rq\u0131z\u0131 saxlan\u0131l\u0131b"},"content":{"rendered":"\n<p><\/p>\n\n\n\n<p><strong><em>Onun ya\u015fad\u0131\u011f\u0131 m\u0259nzild\u0259 axtar\u0131\u015f apar\u0131l\u0131b<\/em><\/strong><\/p>\n\n\n\n<p>\u201cToplum TV\u201dd\u0259 verili\u015f apar\u0131c\u0131s\u0131 v\u0259 redaktor i\u015fl\u0259mi\u015f jurnalist \u015eahnaz  (H\u00fcseynova) B\u0259yl\u0259rq\u0131z\u0131n\u0131n saxlan\u0131ld\u0131\u011f\u0131 bildirilir.<\/p>\n\n\n\n<p>Yax\u0131nlar\u0131n\u0131n verdiyi m\u0259lumata g\u00f6r\u0259, onun ya\u015fad\u0131\u011f\u0131 m\u0259nzild\u0259 d\u0259 axtar\u0131\u015f apar\u0131l\u0131b.<\/p>\n\n\n\n<p>Daxili \u0130\u015fl\u0259r Nazirliyi  \u015eahnaz B\u0259yl\u0259rq\u0131z\u0131n\u0131n saxlan\u0131lmas\u0131n\u0131 t\u0259sdiql\u0259yib. <\/p>\n\n\n\n<p><em>&#8220;H\u00fcseynova \u015eahnaz (B\u0259yl\u0259rq\u0131z\u0131) istintaq z\u0259rur\u0259tin\u0259 g\u00f6r\u0259 saxlan\u0131l\u0131b. Faktla ba\u011fl\u0131 ara\u015fd\u0131rma apar\u0131l\u0131r&#8221;<\/em>, &#8211; m\u0259tbuat xidm\u0259tind\u0259n bildirilib.<\/p>\n\n\n\n<p>Bu g\u00fcn daha bir jurnalist -&#8220;arqument.az&#8221; sayt\u0131n\u0131n ba\u015f redaktoru, Meydan TV il\u0259 \u0259m\u0259kda\u015fl\u0131q ed\u0259n jurnalist \u015e\u0259m\u015fad A\u011fayev (A\u011fa)<a href=\"https:\/\/www.meydan.tv\/az\/article\/jurnalist-s%c9%99msad-aganin-meydan-tv-isi-il%c9%99-bagli-saxlanildigi-bildirilir\/\" target=\"_blank\" rel=\"noreferrer noopener\"> saxlan\u0131l\u0131b.<\/a><\/p>\n\n\n\n<p>\u015e\u0259m\u015fad A\u011fa \u201cMeydan TV i\u015fi\u201d \u00fczr\u0259 Cinay\u0259t M\u0259c\u0259ll\u0259sinin 206.3.2-ci (qa\u00e7aqmal\u00e7\u0131l\u0131q \u2014 qabaqcadan \u0259lbir olan bir qrup \u015f\u0259xs t\u0259r\u0259find\u0259n t\u00f6r\u0259dildikd\u0259) madd\u0259si il\u0259 \u015f\u00fcbh\u0259li \u015f\u0259xs qismind\u0259 saxlan\u0131l\u0131b.<\/p>\n\n\n\n<p>2023-c\u00fc ilin noyabr\u0131ndan bu yana Az\u0259rbaycanda 30-dan art\u0131q jurnalist h\u0259bs olunub.<\/p>\n\n\n\n<p>Onlar\u0131n aras\u0131nda \u201cMeydan TV\u201d, \u201cAbzasMedia\u201d, \u201cToplum TV\u201d, Kanal 13\u201d, \u201cmeclis.info\u201d kimi t\u0259nqid\u00e7i media orqanlar\u0131n\u0131n r\u0259hb\u0259rl\u0259ri v\u0259 \u00e7oxsayl\u0131 \u0259m\u0259kda\u015flar\u0131 var.<\/p>\n\n\n\n<p>Jurnalistl\u0259r\u0259 qar\u015f\u0131 qa\u00e7aqmal\u00e7\u0131l\u0131q ittiham\u0131 ir\u0259li s\u00fcr\u00fcl\u00fcb. Lakin onlar bu ittiham\u0131 r\u0259dd edir, jurnalist f\u0259aliyy\u0259tl\u0259rin\u0259, korrupsiya ara\u015fd\u0131rmalar\u0131na g\u00f6r\u0259 h\u0259bs olunduqlar\u0131n\u0131 bildirirl\u0259r.<\/p>\n","protected":false},"excerpt":{"rendered":"<p>Onun ya\u015fad\u0131\u011f\u0131 m\u0259nzild\u0259 axtar\u0131\u015f apar\u0131l\u0131b \u201cToplum TV\u201dd\u0259 verili\u015f apar\u0131c\u0131s\u0131 v\u0259 &#8230; <\/p>\n<p class=\"read-more-container\"><a title=\"Jurnalist \u015eahnaz B\u0259yl\u0259rq\u0131z\u0131 saxlan\u0131l\u0131b\" class=\"read-more button\" href=\"https:\/\/www.meydan.tv\/az\/article\/jurnalist-sahnaz-b%c9%99yl%c9%99rqizinin-saxlanildigi-bildirilir\/#more-325803\" aria-label=\"Read more about Jurnalist \u015eahnaz B\u0259yl\u0259rq\u0131z\u0131 saxlan\u0131l\u0131b\">Davam\u0131<\/a><\/p>\n","protected":false},"author":21,"featured_media":325804,"comment_status":"closed","ping_status":"closed","sticky":false,"template":"","format":"standard","meta":{"_acf_changed":false,"_sitemap_exclude":false,"_sitemap_priority":"","_sitemap_frequency":"","footnotes":""},"categories":[59,79,56],"tags":[],"class_list":["post-325803","post","type-post","status-publish","format-standard","has-post-thumbnail","hentry","category-siyaset","category-featured","category-xeberler","infinite-scroll-item","generate-columns","tablet-grid-50","mobile-grid-100","grid-parent","grid-33","no-featured-image-padding"],"acf":[],"yoast_head":"<!-- This site is optimized with the Yoast SEO plugin v27.5 - https:\/\/yoast.com\/product\/yoast-seo-wordpress\/ -->\n<title>Jurnalist \u015eahnaz B\u0259yl\u0259rq\u0131z\u0131 saxlan\u0131l\u0131b - MEYDAN.TV<\/title>\n<meta name=\"robots\" content=\"index, follow, max-snippet:-1, max-image-preview:large, max-video-preview:-1\" \/>\n<link rel=\"canonical\" href=\"https:\/\/www.meydan.tv\/az\/article\/jurnalist-sahnaz-b%c9%99yl%c9%99rqizinin-saxlanildigi-bildirilir\/\" \/>\n<meta property=\"og:locale\" content=\"az_AZ\" \/>\n<meta property=\"og:type\" content=\"article\" \/>\n<meta property=\"og:title\" content=\"Jurnalist \u015eahnaz B\u0259yl\u0259rq\u0131z\u0131 saxlan\u0131l\u0131b - MEYDAN.TV\" \/>\n<meta property=\"og:description\" content=\"Onun ya\u015fad\u0131\u011f\u0131 m\u0259nzild\u0259 axtar\u0131\u015f apar\u0131l\u0131b \u201cToplum TV\u201dd\u0259 verili\u015f apar\u0131c\u0131s\u0131 v\u0259 ... Davam\u0131\" \/>\n<meta property=\"og:url\" content=\"https:\/\/www.meydan.tv\/az\/article\/jurnalist-sahnaz-b%c9%99yl%c9%99rqizinin-saxlanildigi-bildirilir\/\" \/>\n<meta property=\"og:site_name\" content=\"MEYDAN.TV\" \/>\n<meta property=\"article:published_time\" content=\"2025-02-05T14:09:41+00:00\" \/>\n<meta property=\"article:modified_time\" content=\"2025-02-05T15:16:24+00:00\" \/>\n<meta property=\"og:image\" content=\"https:\/\/www.meydan.tv\/wp-content\/uploads\/img_5815.jpg\" \/>\n\t<meta property=\"og:image:width\" content=\"1179\" \/>\n\t<meta property=\"og:image:height\" content=\"585\" \/>\n\t<meta property=\"og:image:type\" content=\"image\/jpeg\" \/>\n<meta name=\"author\" content=\"mahmud\" \/>\n<meta name=\"twitter:card\" content=\"summary_large_image\" \/>\n<script type=\"application\/ld+json\" class=\"yoast-schema-graph\">{\"@context\":\"https:\\\/\\\/schema.org\",\"@graph\":[{\"@type\":\"Article\",\"@id\":\"https:\\\/\\\/www.meydan.tv\\\/az\\\/article\\\/jurnalist-sahnaz-b%c9%99yl%c9%99rqizinin-saxlanildigi-bildirilir\\\/#article\",\"isPartOf\":{\"@id\":\"https:\\\/\\\/www.meydan.tv\\\/az\\\/article\\\/jurnalist-sahnaz-b%c9%99yl%c9%99rqizinin-saxlanildigi-bildirilir\\\/\"},\"author\":{\"name\":\"mahmud\",\"@id\":\"https:\\\/\\\/www.meydan.tv\\\/az\\\/#\\\/schema\\\/person\\\/09863e516102a829e72bedcf3f84c6b0\"},\"headline\":\"Jurnalist \u015eahnaz B\u0259yl\u0259rq\u0131z\u0131 saxlan\u0131l\u0131b\",\"datePublished\":\"2025-02-05T14:09:41+00:00\",\"dateModified\":\"2025-02-05T15:16:24+00:00\",\"mainEntityOfPage\":{\"@id\":\"https:\\\/\\\/www.meydan.tv\\\/az\\\/article\\\/jurnalist-sahnaz-b%c9%99yl%c9%99rqizinin-saxlanildigi-bildirilir\\\/\"},\"wordCount\":271,\"publisher\":{\"@id\":\"https:\\\/\\\/www.meydan.tv\\\/az\\\/#organization\"},\"image\":{\"@id\":\"https:\\\/\\\/www.meydan.tv\\\/az\\\/article\\\/jurnalist-sahnaz-b%c9%99yl%c9%99rqizinin-saxlanildigi-bildirilir\\\/#primaryimage\"},\"thumbnailUrl\":\"https:\\\/\\\/www.meydan.tv\\\/wp-content\\\/uploads\\\/img_5815.jpg\",\"articleSection\":[\"Siyas\u0259t\",\"T\u00f6vsiy\u0259\",\"X\u0259b\u0259rl\u0259r\"],\"inLanguage\":\"az\"},{\"@type\":\"WebPage\",\"@id\":\"https:\\\/\\\/www.meydan.tv\\\/az\\\/article\\\/jurnalist-sahnaz-b%c9%99yl%c9%99rqizinin-saxlanildigi-bildirilir\\\/\",\"url\":\"https:\\\/\\\/www.meydan.tv\\\/az\\\/article\\\/jurnalist-sahnaz-b%c9%99yl%c9%99rqizinin-saxlanildigi-bildirilir\\\/\",\"name\":\"Jurnalist \u015eahnaz B\u0259yl\u0259rq\u0131z\u0131 saxlan\u0131l\u0131b - MEYDAN.TV\",\"isPartOf\":{\"@id\":\"https:\\\/\\\/www.meydan.tv\\\/az\\\/#website\"},\"primaryImageOfPage\":{\"@id\":\"https:\\\/\\\/www.meydan.tv\\\/az\\\/article\\\/jurnalist-sahnaz-b%c9%99yl%c9%99rqizinin-saxlanildigi-bildirilir\\\/#primaryimage\"},\"image\":{\"@id\":\"https:\\\/\\\/www.meydan.tv\\\/az\\\/article\\\/jurnalist-sahnaz-b%c9%99yl%c9%99rqizinin-saxlanildigi-bildirilir\\\/#primaryimage\"},\"thumbnailUrl\":\"https:\\\/\\\/www.meydan.tv\\\/wp-content\\\/uploads\\\/img_5815.jpg\",\"datePublished\":\"2025-02-05T14:09:41+00:00\",\"dateModified\":\"2025-02-05T15:16:24+00:00\",\"breadcrumb\":{\"@id\":\"https:\\\/\\\/www.meydan.tv\\\/az\\\/article\\\/jurnalist-sahnaz-b%c9%99yl%c9%99rqizinin-saxlanildigi-bildirilir\\\/#breadcrumb\"},\"inLanguage\":\"az\",\"potentialAction\":[{\"@type\":\"ReadAction\",\"target\":[\"https:\\\/\\\/www.meydan.tv\\\/az\\\/article\\\/jurnalist-sahnaz-b%c9%99yl%c9%99rqizinin-saxlanildigi-bildirilir\\\/\"]}]},{\"@type\":\"ImageObject\",\"inLanguage\":\"az\",\"@id\":\"https:\\\/\\\/www.meydan.tv\\\/az\\\/article\\\/jurnalist-sahnaz-b%c9%99yl%c9%99rqizinin-saxlanildigi-bildirilir\\\/#primaryimage\",\"url\":\"https:\\\/\\\/www.meydan.tv\\\/wp-content\\\/uploads\\\/img_5815.jpg\",\"contentUrl\":\"https:\\\/\\\/www.meydan.tv\\\/wp-content\\\/uploads\\\/img_5815.jpg\",\"width\":1179,\"height\":585,\"caption\":\"\u015eahnaz B\u0259yl\u0259rq\u0131z\u0131. Foto: \u015e\u0259xsi facebook s\u0259hif\u0259si\"},{\"@type\":\"BreadcrumbList\",\"@id\":\"https:\\\/\\\/www.meydan.tv\\\/az\\\/article\\\/jurnalist-sahnaz-b%c9%99yl%c9%99rqizinin-saxlanildigi-bildirilir\\\/#breadcrumb\",\"itemListElement\":[{\"@type\":\"ListItem\",\"position\":1,\"name\":\"Ana s\u0259hif\u0259\",\"item\":\"https:\\\/\\\/www.meydan.tv\\\/az\\\/\"},{\"@type\":\"ListItem\",\"position\":2,\"name\":\"Siyas\u0259t\",\"item\":\"https:\\\/\\\/www.meydan.tv\\\/az\\\/section\\\/siyaset\\\/\"},{\"@type\":\"ListItem\",\"position\":3,\"name\":\"Jurnalist \u015eahnaz B\u0259yl\u0259rq\u0131z\u0131 saxlan\u0131l\u0131b\"}]},{\"@type\":\"WebSite\",\"@id\":\"https:\\\/\\\/www.meydan.tv\\\/az\\\/#website\",\"url\":\"https:\\\/\\\/www.meydan.tv\\\/az\\\/\",\"name\":\"MEYDAN.TV\",\"description\":\"Meydan TV Az\u0259rbaycan\u0131n media m\u0259kan\u0131ndak\u0131 alternativ s\u0259sidir\",\"publisher\":{\"@id\":\"https:\\\/\\\/www.meydan.tv\\\/az\\\/#organization\"},\"potentialAction\":[{\"@type\":\"SearchAction\",\"target\":{\"@type\":\"EntryPoint\",\"urlTemplate\":\"https:\\\/\\\/www.meydan.tv\\\/az\\\/?s={search_term_string}\"},\"query-input\":{\"@type\":\"PropertyValueSpecification\",\"valueRequired\":true,\"valueName\":\"search_term_string\"}}],\"inLanguage\":\"az\"},{\"@type\":\"Organization\",\"@id\":\"https:\\\/\\\/www.meydan.tv\\\/az\\\/#organization\",\"name\":\"Meydan TV\",\"url\":\"https:\\\/\\\/www.meydan.tv\\\/az\\\/\",\"logo\":{\"@type\":\"ImageObject\",\"inLanguage\":\"az\",\"@id\":\"https:\\\/\\\/www.meydan.tv\\\/az\\\/#\\\/schema\\\/logo\\\/image\\\/\",\"url\":\"https:\\\/\\\/www.meydan.tv\\\/wp-content\\\/uploads\\\/2021\\\/07\\\/meydan-logo.svg\",\"contentUrl\":\"https:\\\/\\\/www.meydan.tv\\\/wp-content\\\/uploads\\\/2021\\\/07\\\/meydan-logo.svg\",\"width\":195,\"height\":46,\"caption\":\"Meydan TV\"},\"image\":{\"@id\":\"https:\\\/\\\/www.meydan.tv\\\/az\\\/#\\\/schema\\\/logo\\\/image\\\/\"}},{\"@type\":\"Person\",\"@id\":\"https:\\\/\\\/www.meydan.tv\\\/az\\\/#\\\/schema\\\/person\\\/09863e516102a829e72bedcf3f84c6b0\",\"name\":\"mahmud\"}]}<\/script>\n<!-- \/ Yoast SEO plugin. -->","yoast_head_json":{"title":"Jurnalist \u015eahnaz B\u0259yl\u0259rq\u0131z\u0131 saxlan\u0131l\u0131b - MEYDAN.TV","robots":{"index":"index","follow":"follow","max-snippet":"max-snippet:-1","max-image-preview":"max-image-preview:large","max-video-preview":"max-video-preview:-1"},"canonical":"https:\/\/www.meydan.tv\/az\/article\/jurnalist-sahnaz-b%c9%99yl%c9%99rqizinin-saxlanildigi-bildirilir\/","og_locale":"az_AZ","og_type":"article","og_title":"Jurnalist \u015eahnaz B\u0259yl\u0259rq\u0131z\u0131 saxlan\u0131l\u0131b - MEYDAN.TV","og_description":"Onun ya\u015fad\u0131\u011f\u0131 m\u0259nzild\u0259 axtar\u0131\u015f apar\u0131l\u0131b \u201cToplum TV\u201dd\u0259 verili\u015f apar\u0131c\u0131s\u0131 v\u0259 ... Davam\u0131","og_url":"https:\/\/www.meydan.tv\/az\/article\/jurnalist-sahnaz-b%c9%99yl%c9%99rqizinin-saxlanildigi-bildirilir\/","og_site_name":"MEYDAN.TV","article_published_time":"2025-02-05T14:09:41+00:00","article_modified_time":"2025-02-05T15:16:24+00:00","og_image":[{"width":1179,"height":585,"url":"https:\/\/www.meydan.tv\/wp-content\/uploads\/img_5815.jpg","type":"image\/jpeg"}],"author":"mahmud","twitter_card":"summary_large_image","schema":{"@context":"https:\/\/schema.org","@graph":[{"@type":"Article","@id":"https:\/\/www.meydan.tv\/az\/article\/jurnalist-sahnaz-b%c9%99yl%c9%99rqizinin-saxlanildigi-bildirilir\/#article","isPartOf":{"@id":"https:\/\/www.meydan.tv\/az\/article\/jurnalist-sahnaz-b%c9%99yl%c9%99rqizinin-saxlanildigi-bildirilir\/"},"author":{"name":"mahmud","@id":"https:\/\/www.meydan.tv\/az\/#\/schema\/person\/09863e516102a829e72bedcf3f84c6b0"},"headline":"Jurnalist \u015eahnaz B\u0259yl\u0259rq\u0131z\u0131 saxlan\u0131l\u0131b","datePublished":"2025-02-05T14:09:41+00:00","dateModified":"2025-02-05T15:16:24+00:00","mainEntityOfPage":{"@id":"https:\/\/www.meydan.tv\/az\/article\/jurnalist-sahnaz-b%c9%99yl%c9%99rqizinin-saxlanildigi-bildirilir\/"},"wordCount":271,"publisher":{"@id":"https:\/\/www.meydan.tv\/az\/#organization"},"image":{"@id":"https:\/\/www.meydan.tv\/az\/article\/jurnalist-sahnaz-b%c9%99yl%c9%99rqizinin-saxlanildigi-bildirilir\/#primaryimage"},"thumbnailUrl":"https:\/\/www.meydan.tv\/wp-content\/uploads\/img_5815.jpg","articleSection":["Siyas\u0259t","T\u00f6vsiy\u0259","X\u0259b\u0259rl\u0259r"],"inLanguage":"az"},{"@type":"WebPage","@id":"https:\/\/www.meydan.tv\/az\/article\/jurnalist-sahnaz-b%c9%99yl%c9%99rqizinin-saxlanildigi-bildirilir\/","url":"https:\/\/www.meydan.tv\/az\/article\/jurnalist-sahnaz-b%c9%99yl%c9%99rqizinin-saxlanildigi-bildirilir\/","name":"Jurnalist \u015eahnaz B\u0259yl\u0259rq\u0131z\u0131 saxlan\u0131l\u0131b - MEYDAN.TV","isPartOf":{"@id":"https:\/\/www.meydan.tv\/az\/#website"},"primaryImageOfPage":{"@id":"https:\/\/www.meydan.tv\/az\/article\/jurnalist-sahnaz-b%c9%99yl%c9%99rqizinin-saxlanildigi-bildirilir\/#primaryimage"},"image":{"@id":"https:\/\/www.meydan.tv\/az\/article\/jurnalist-sahnaz-b%c9%99yl%c9%99rqizinin-saxlanildigi-bildirilir\/#primaryimage"},"thumbnailUrl":"https:\/\/www.meydan.tv\/wp-content\/uploads\/img_5815.jpg","datePublished":"2025-02-05T14:09:41+00:00","dateModified":"2025-02-05T15:16:24+00:00","breadcrumb":{"@id":"https:\/\/www.meydan.tv\/az\/article\/jurnalist-sahnaz-b%c9%99yl%c9%99rqizinin-saxlanildigi-bildirilir\/#breadcrumb"},"inLanguage":"az","potentialAction":[{"@type":"ReadAction","target":["https:\/\/www.meydan.tv\/az\/article\/jurnalist-sahnaz-b%c9%99yl%c9%99rqizinin-saxlanildigi-bildirilir\/"]}]},{"@type":"ImageObject","inLanguage":"az","@id":"https:\/\/www.meydan.tv\/az\/article\/jurnalist-sahnaz-b%c9%99yl%c9%99rqizinin-saxlanildigi-bildirilir\/#primaryimage","url":"https:\/\/www.meydan.tv\/wp-content\/uploads\/img_5815.jpg","contentUrl":"https:\/\/www.meydan.tv\/wp-content\/uploads\/img_5815.jpg","width":1179,"height":585,"caption":"\u015eahnaz B\u0259yl\u0259rq\u0131z\u0131. Foto: \u015e\u0259xsi facebook s\u0259hif\u0259si"},{"@type":"BreadcrumbList","@id":"https:\/\/www.meydan.tv\/az\/article\/jurnalist-sahnaz-b%c9%99yl%c9%99rqizinin-saxlanildigi-bildirilir\/#breadcrumb","itemListElement":[{"@type":"ListItem","position":1,"name":"Ana s\u0259hif\u0259","item":"https:\/\/www.meydan.tv\/az\/"},{"@type":"ListItem","position":2,"name":"Siyas\u0259t","item":"https:\/\/www.meydan.tv\/az\/section\/siyaset\/"},{"@type":"ListItem","position":3,"name":"Jurnalist \u015eahnaz B\u0259yl\u0259rq\u0131z\u0131 saxlan\u0131l\u0131b"}]},{"@type":"WebSite","@id":"https:\/\/www.meydan.tv\/az\/#website","url":"https:\/\/www.meydan.tv\/az\/","name":"MEYDAN.TV","description":"Meydan TV Az\u0259rbaycan\u0131n media m\u0259kan\u0131ndak\u0131 alternativ s\u0259sidir","publisher":{"@id":"https:\/\/www.meydan.tv\/az\/#organization"},"potentialAction":[{"@type":"SearchAction","target":{"@type":"EntryPoint","urlTemplate":"https:\/\/www.meydan.tv\/az\/?s={search_term_string}"},"query-input":{"@type":"PropertyValueSpecification","valueRequired":true,"valueName":"search_term_string"}}],"inLanguage":"az"},{"@type":"Organization","@id":"https:\/\/www.meydan.tv\/az\/#organization","name":"Meydan TV","url":"https:\/\/www.meydan.tv\/az\/","logo":{"@type":"ImageObject","inLanguage":"az","@id":"https:\/\/www.meydan.tv\/az\/#\/schema\/logo\/image\/","url":"https:\/\/www.meydan.tv\/wp-content\/uploads\/2021\/07\/meydan-logo.svg","contentUrl":"https:\/\/www.meydan.tv\/wp-content\/uploads\/2021\/07\/meydan-logo.svg","width":195,"height":46,"caption":"Meydan TV"},"image":{"@id":"https:\/\/www.meydan.tv\/az\/#\/schema\/logo\/image\/"}},{"@type":"Person","@id":"https:\/\/www.meydan.tv\/az\/#\/schema\/person\/09863e516102a829e72bedcf3f84c6b0","name":"mahmud"}]}},"_links":{"self":[{"href":"https:\/\/www.meydan.tv\/az\/wp-json\/wp\/v2\/posts\/325803","targetHints":{"allow":["GET"]}}],"collection":[{"href":"https:\/\/www.meydan.tv\/az\/wp-json\/wp\/v2\/posts"}],"about":[{"href":"https:\/\/www.meydan.tv\/az\/wp-json\/wp\/v2\/types\/post"}],"author":[{"embeddable":true,"href":"https:\/\/www.meydan.tv\/az\/wp-json\/wp\/v2\/users\/21"}],"replies":[{"embeddable":true,"href":"https:\/\/www.meydan.tv\/az\/wp-json\/wp\/v2\/comments?post=325803"}],"version-history":[{"count":4,"href":"https:\/\/www.meydan.tv\/az\/wp-json\/wp\/v2\/posts\/325803\/revisions"}],"predecessor-version":[{"id":325819,"href":"https:\/\/www.meydan.tv\/az\/wp-json\/wp\/v2\/posts\/325803\/revisions\/325819"}],"wp:featuredmedia":[{"embeddable":true,"href":"https:\/\/www.meydan.tv\/az\/wp-json\/wp\/v2\/media\/325804"}],"wp:attachment":[{"href":"https:\/\/www.meydan.tv\/az\/wp-json\/wp\/v2\/media?parent=325803"}],"wp:term":[{"taxonomy":"category","embeddable":true,"href":"https:\/\/www.meydan.tv\/az\/wp-json\/wp\/v2\/categories?post=325803"},{"taxonomy":"post_tag","embeddable":true,"href":"https:\/\/www.meydan.tv\/az\/wp-json\/wp\/v2\/tags?post=325803"}],"curies":[{"name":"wp","href":"https:\/\/api.w.org\/{rel}","templated":true}]}}