{"id":325678,"date":"2025-02-03T20:37:21","date_gmt":"2025-02-03T16:37:21","guid":{"rendered":"https:\/\/www.meydan.tv\/?p=325678"},"modified":"2025-02-03T20:37:24","modified_gmt":"2025-02-03T16:37:24","slug":"gurcustandaki-etirazlar-67-gundur-davam-edir","status":"publish","type":"post","link":"https:\/\/www.meydan.tv\/az\/article\/gurcustandaki-etirazlar-67-gundur-davam-edir\/","title":{"rendered":"G\u00fcrc\u00fcstanda etirazlar 67 g\u00fcnd\u00fcr davam edir"},"content":{"rendered":"\n<figure class=\"wp-block-embed is-type-video is-provider-youtube wp-block-embed-youtube wp-embed-aspect-16-9 wp-has-aspect-ratio\"><div class=\"wp-block-embed__wrapper\">\n<iframe title=\"G\u00fcrc\u00fcstandak\u0131 etirazlar 67 g\u00fcnd\u00fcr davam edir\" width=\"1200\" height=\"675\" data-src=\"https:\/\/www.youtube.com\/embed\/UK7LJc38u5M?feature=oembed\" frameborder=\"0\" allow=\"accelerometer; autoplay; clipboard-write; encrypted-media; gyroscope; picture-in-picture; web-share\" referrerpolicy=\"strict-origin-when-cross-origin\" allowfullscreen src=\"data:image\/svg+xml;base64,PHN2ZyB3aWR0aD0iMSIgaGVpZ2h0PSIxIiB4bWxucz0iaHR0cDovL3d3dy53My5vcmcvMjAwMC9zdmciPjwvc3ZnPg==\" class=\"lazyload\" data-load-mode=\"1\"><\/iframe>\n<\/div><\/figure>\n\n\n\n<p><\/p>\n\n\n\n<p>Fevral\u0131n 2-d\u0259 Tbilisid\u0259n Q\u0259rbi G\u00fcrc\u00fcstana ged\u0259n yolu ba\u011flama\u011fa c\u0259hd ed\u0259n minl\u0259rl\u0259 etiraz\u00e7\u0131 polis zorak\u0131l\u0131\u011f\u0131 il\u0259 \u00fczl\u0259\u015fdi. <\/p>\n\n\n\n<p>G\u00fcrc\u00fcstanda \u00fc\u00e7\u00fcnc\u00fc ayd\u0131r ki, davam ed\u0259n etirazlar\u0131n t\u0259l\u0259bl\u0259ri d\u0259yi\u015fm\u0259z olaraq qal\u0131r: yeni parlament se\u00e7kil\u0259rinin ke\u00e7irilm\u0259si v\u0259 mitinql\u0259rd\u0259 h\u0259bs edilmi\u015f 50-d\u0259n \u00e7ox insan\u0131n d\u0259rhal azad edilm\u0259si.<\/p>\n\n\n\n<p>Etiraz\u00e7\u0131lar Q\u0259rbi G\u00fcrc\u00fcstandan Tbilisiy\u0259 ged\u0259n \u0259sas magistral yolu ba\u011flamaq ist\u0259yirdil\u0259r. Amma bir g\u00fcn \u0259vv\u0259l \u201cG\u00fcrc\u00fc arzusu\u201d h\u00f6kum\u0259ti t\u0259cili olaraq x\u00fcsusi f\u0259rmanla bu magistral yolu \u201cstrateji obyektl\u0259r\u201d siyah\u0131s\u0131na daxil etdi. Bu is\u0259 o dem\u0259kdir ki, yolu ba\u011flayanlar cinay\u0259t t\u00f6r\u0259tmi\u015f say\u0131l\u0131r.<\/p>\n\n\n\n<p>Polis etiraz\u00e7\u0131lara magistral yolu ba\u011flama\u011fa imkan verm\u0259di. Bununla bel\u0259, bir ne\u00e7\u0259 n\u0259f\u0259r, o c\u00fcml\u0259d\u0259n Tbilisinin ke\u00e7mi\u015f meri Gigi Uqulava, \u201cD\u0259yi\u015fiklikl\u0259r namin\u0259\u201d koalisiyas\u0131n\u0131n lideri Nika Melia v\u0259 f\u0259al Dima Bidzina\u015fvili saxlan\u0131ld\u0131.<\/p>\n\n\n\n<p>H\u0259m\u00e7inin ba\u015f\u0131ndan v\u0259 \u00fcz\u00fcnd\u0259n z\u0259d\u0259 alan be\u015f n\u0259f\u0259rin x\u0259st\u0259xanaya yerl\u0259\u015fdirildiyi bildirilir.<\/p>\n\n\n\n<p>Xalq m\u00fcdafi\u0259\u00e7isi Levan \u0130oseliani d\u0259 d\u00fcn\u0259n polis zorak\u0131l\u0131\u011f\u0131 m\u0259s\u0259l\u0259sin\u0259 toxundu.<\/p>\n\n\n\n<p><em>\u201cBiz polis \u0259m\u0259kda\u015flar\u0131n\u0131n h\u0259r hans\u0131 qanunsuz h\u0259r\u0259k\u0259tini pisl\u0259yirik v\u0259 dinc n\u00fcmayi\u015f\u00e7il\u0259r\u0259 qar\u015f\u0131 kobud r\u0259ftar\u0131n h\u0259r bir hal\u0131na g\u00f6r\u0259 h\u00fcquqi t\u0259dbirl\u0259r g\u00f6r\u00fcl\u0259c\u0259k\u201d, <\/em>&#8211;\u00a0 Ombudsman Aparat\u0131n\u0131n b\u0259yanat\u0131nda deyilir.<\/p>\n\n\n\n<p>G\u00fcrc\u00fcstan\u0131n paytaxt\u0131 Tbilisi v\u0259&nbsp; \u00f6lk\u0259nin dig\u0259r \u015f\u0259h\u0259rl\u0259rind\u0259 67 g\u00fcnd\u00fcr etirazlar davam edir.<\/p>\n","protected":false},"excerpt":{"rendered":"<p>Fevral\u0131n 2-d\u0259 Tbilisid\u0259n Q\u0259rbi G\u00fcrc\u00fcstana ged\u0259n yolu ba\u011flama\u011fa c\u0259hd ed\u0259n &#8230; <\/p>\n<p class=\"read-more-container\"><a title=\"G\u00fcrc\u00fcstanda etirazlar 67 g\u00fcnd\u00fcr davam edir\" class=\"read-more button\" href=\"https:\/\/www.meydan.tv\/az\/article\/gurcustandaki-etirazlar-67-gundur-davam-edir\/#more-325678\" aria-label=\"Read more about G\u00fcrc\u00fcstanda etirazlar 67 g\u00fcnd\u00fcr davam edir\">Davam\u0131<\/a><\/p>\n","protected":false},"author":12,"featured_media":325680,"comment_status":"closed","ping_status":"closed","sticky":false,"template":"","format":"standard","meta":{"_acf_changed":false,"_sitemap_exclude":false,"_sitemap_priority":"","_sitemap_frequency":"","footnotes":""},"categories":[64,63,56],"tags":[],"class_list":["post-325678","post","type-post","status-publish","format-standard","has-post-thumbnail","hentry","category-dunya","category-video-2","category-xeberler","infinite-scroll-item","generate-columns","tablet-grid-50","mobile-grid-100","grid-parent","grid-33","no-featured-image-padding"],"acf":[],"yoast_head":"<!-- This site is optimized with the Yoast SEO plugin v27.4 - https:\/\/yoast.com\/product\/yoast-seo-wordpress\/ -->\n<title>G\u00fcrc\u00fcstanda etirazlar 67 g\u00fcnd\u00fcr davam edir - MEYDAN.TV<\/title>\n<meta name=\"robots\" content=\"index, follow, max-snippet:-1, max-image-preview:large, max-video-preview:-1\" \/>\n<link rel=\"canonical\" href=\"https:\/\/www.meydan.tv\/az\/article\/gurcustandaki-etirazlar-67-gundur-davam-edir\/\" \/>\n<meta property=\"og:locale\" content=\"az_AZ\" \/>\n<meta property=\"og:type\" content=\"article\" \/>\n<meta property=\"og:title\" content=\"G\u00fcrc\u00fcstanda etirazlar 67 g\u00fcnd\u00fcr davam edir - MEYDAN.TV\" \/>\n<meta property=\"og:description\" content=\"Fevral\u0131n 2-d\u0259 Tbilisid\u0259n Q\u0259rbi G\u00fcrc\u00fcstana ged\u0259n yolu ba\u011flama\u011fa c\u0259hd ed\u0259n ... Davam\u0131\" \/>\n<meta property=\"og:url\" content=\"https:\/\/www.meydan.tv\/az\/article\/gurcustandaki-etirazlar-67-gundur-davam-edir\/\" \/>\n<meta property=\"og:site_name\" content=\"MEYDAN.TV\" \/>\n<meta property=\"article:published_time\" content=\"2025-02-03T16:37:21+00:00\" \/>\n<meta property=\"article:modified_time\" content=\"2025-02-03T16:37:24+00:00\" \/>\n<meta property=\"og:image\" content=\"https:\/\/www.meydan.tv\/wp-content\/uploads\/screenshot-2025-02-03-at-16.29.47.png\" \/>\n\t<meta property=\"og:image:width\" content=\"1478\" \/>\n\t<meta property=\"og:image:height\" content=\"696\" \/>\n\t<meta property=\"og:image:type\" content=\"image\/png\" \/>\n<meta name=\"author\" content=\"aleks\" \/>\n<meta name=\"twitter:card\" content=\"summary_large_image\" \/>\n<script type=\"application\/ld+json\" class=\"yoast-schema-graph\">{\"@context\":\"https:\\\/\\\/schema.org\",\"@graph\":[{\"@type\":\"Article\",\"@id\":\"https:\\\/\\\/www.meydan.tv\\\/az\\\/article\\\/gurcustandaki-etirazlar-67-gundur-davam-edir\\\/#article\",\"isPartOf\":{\"@id\":\"https:\\\/\\\/www.meydan.tv\\\/az\\\/article\\\/gurcustandaki-etirazlar-67-gundur-davam-edir\\\/\"},\"author\":{\"name\":\"aleks\",\"@id\":\"https:\\\/\\\/www.meydan.tv\\\/az\\\/#\\\/schema\\\/person\\\/476e9360e593fa131d5d71d51866f8da\"},\"headline\":\"G\u00fcrc\u00fcstanda etirazlar 67 g\u00fcnd\u00fcr davam edir\",\"datePublished\":\"2025-02-03T16:37:21+00:00\",\"dateModified\":\"2025-02-03T16:37:24+00:00\",\"mainEntityOfPage\":{\"@id\":\"https:\\\/\\\/www.meydan.tv\\\/az\\\/article\\\/gurcustandaki-etirazlar-67-gundur-davam-edir\\\/\"},\"wordCount\":320,\"publisher\":{\"@id\":\"https:\\\/\\\/www.meydan.tv\\\/az\\\/#organization\"},\"image\":{\"@id\":\"https:\\\/\\\/www.meydan.tv\\\/az\\\/article\\\/gurcustandaki-etirazlar-67-gundur-davam-edir\\\/#primaryimage\"},\"thumbnailUrl\":\"https:\\\/\\\/www.meydan.tv\\\/wp-content\\\/uploads\\\/screenshot-2025-02-03-at-16.29.47.png\",\"articleSection\":[\"D\u00fcnya\",\"Video\",\"X\u0259b\u0259rl\u0259r\"],\"inLanguage\":\"az\"},{\"@type\":\"WebPage\",\"@id\":\"https:\\\/\\\/www.meydan.tv\\\/az\\\/article\\\/gurcustandaki-etirazlar-67-gundur-davam-edir\\\/\",\"url\":\"https:\\\/\\\/www.meydan.tv\\\/az\\\/article\\\/gurcustandaki-etirazlar-67-gundur-davam-edir\\\/\",\"name\":\"G\u00fcrc\u00fcstanda etirazlar 67 g\u00fcnd\u00fcr davam edir - MEYDAN.TV\",\"isPartOf\":{\"@id\":\"https:\\\/\\\/www.meydan.tv\\\/az\\\/#website\"},\"primaryImageOfPage\":{\"@id\":\"https:\\\/\\\/www.meydan.tv\\\/az\\\/article\\\/gurcustandaki-etirazlar-67-gundur-davam-edir\\\/#primaryimage\"},\"image\":{\"@id\":\"https:\\\/\\\/www.meydan.tv\\\/az\\\/article\\\/gurcustandaki-etirazlar-67-gundur-davam-edir\\\/#primaryimage\"},\"thumbnailUrl\":\"https:\\\/\\\/www.meydan.tv\\\/wp-content\\\/uploads\\\/screenshot-2025-02-03-at-16.29.47.png\",\"datePublished\":\"2025-02-03T16:37:21+00:00\",\"dateModified\":\"2025-02-03T16:37:24+00:00\",\"breadcrumb\":{\"@id\":\"https:\\\/\\\/www.meydan.tv\\\/az\\\/article\\\/gurcustandaki-etirazlar-67-gundur-davam-edir\\\/#breadcrumb\"},\"inLanguage\":\"az\",\"potentialAction\":[{\"@type\":\"ReadAction\",\"target\":[\"https:\\\/\\\/www.meydan.tv\\\/az\\\/article\\\/gurcustandaki-etirazlar-67-gundur-davam-edir\\\/\"]}]},{\"@type\":\"ImageObject\",\"inLanguage\":\"az\",\"@id\":\"https:\\\/\\\/www.meydan.tv\\\/az\\\/article\\\/gurcustandaki-etirazlar-67-gundur-davam-edir\\\/#primaryimage\",\"url\":\"https:\\\/\\\/www.meydan.tv\\\/wp-content\\\/uploads\\\/screenshot-2025-02-03-at-16.29.47.png\",\"contentUrl\":\"https:\\\/\\\/www.meydan.tv\\\/wp-content\\\/uploads\\\/screenshot-2025-02-03-at-16.29.47.png\",\"width\":1478,\"height\":696},{\"@type\":\"BreadcrumbList\",\"@id\":\"https:\\\/\\\/www.meydan.tv\\\/az\\\/article\\\/gurcustandaki-etirazlar-67-gundur-davam-edir\\\/#breadcrumb\",\"itemListElement\":[{\"@type\":\"ListItem\",\"position\":1,\"name\":\"Ana s\u0259hif\u0259\",\"item\":\"https:\\\/\\\/www.meydan.tv\\\/az\\\/\"},{\"@type\":\"ListItem\",\"position\":2,\"name\":\"X\u0259b\u0259rl\u0259r\",\"item\":\"https:\\\/\\\/www.meydan.tv\\\/az\\\/section\\\/xeberler\\\/\"},{\"@type\":\"ListItem\",\"position\":3,\"name\":\"G\u00fcrc\u00fcstanda etirazlar 67 g\u00fcnd\u00fcr davam edir\"}]},{\"@type\":\"WebSite\",\"@id\":\"https:\\\/\\\/www.meydan.tv\\\/az\\\/#website\",\"url\":\"https:\\\/\\\/www.meydan.tv\\\/az\\\/\",\"name\":\"MEYDAN.TV\",\"description\":\"Meydan TV Az\u0259rbaycan\u0131n media m\u0259kan\u0131ndak\u0131 alternativ s\u0259sidir\",\"publisher\":{\"@id\":\"https:\\\/\\\/www.meydan.tv\\\/az\\\/#organization\"},\"potentialAction\":[{\"@type\":\"SearchAction\",\"target\":{\"@type\":\"EntryPoint\",\"urlTemplate\":\"https:\\\/\\\/www.meydan.tv\\\/az\\\/?s={search_term_string}\"},\"query-input\":{\"@type\":\"PropertyValueSpecification\",\"valueRequired\":true,\"valueName\":\"search_term_string\"}}],\"inLanguage\":\"az\"},{\"@type\":\"Organization\",\"@id\":\"https:\\\/\\\/www.meydan.tv\\\/az\\\/#organization\",\"name\":\"Meydan TV\",\"url\":\"https:\\\/\\\/www.meydan.tv\\\/az\\\/\",\"logo\":{\"@type\":\"ImageObject\",\"inLanguage\":\"az\",\"@id\":\"https:\\\/\\\/www.meydan.tv\\\/az\\\/#\\\/schema\\\/logo\\\/image\\\/\",\"url\":\"https:\\\/\\\/www.meydan.tv\\\/wp-content\\\/uploads\\\/2021\\\/07\\\/meydan-logo.svg\",\"contentUrl\":\"https:\\\/\\\/www.meydan.tv\\\/wp-content\\\/uploads\\\/2021\\\/07\\\/meydan-logo.svg\",\"width\":195,\"height\":46,\"caption\":\"Meydan TV\"},\"image\":{\"@id\":\"https:\\\/\\\/www.meydan.tv\\\/az\\\/#\\\/schema\\\/logo\\\/image\\\/\"}},{\"@type\":\"Person\",\"@id\":\"https:\\\/\\\/www.meydan.tv\\\/az\\\/#\\\/schema\\\/person\\\/476e9360e593fa131d5d71d51866f8da\",\"name\":\"aleks\"}]}<\/script>\n<!-- \/ Yoast SEO plugin. -->","yoast_head_json":{"title":"G\u00fcrc\u00fcstanda etirazlar 67 g\u00fcnd\u00fcr davam edir - MEYDAN.TV","robots":{"index":"index","follow":"follow","max-snippet":"max-snippet:-1","max-image-preview":"max-image-preview:large","max-video-preview":"max-video-preview:-1"},"canonical":"https:\/\/www.meydan.tv\/az\/article\/gurcustandaki-etirazlar-67-gundur-davam-edir\/","og_locale":"az_AZ","og_type":"article","og_title":"G\u00fcrc\u00fcstanda etirazlar 67 g\u00fcnd\u00fcr davam edir - MEYDAN.TV","og_description":"Fevral\u0131n 2-d\u0259 Tbilisid\u0259n Q\u0259rbi G\u00fcrc\u00fcstana ged\u0259n yolu ba\u011flama\u011fa c\u0259hd ed\u0259n ... Davam\u0131","og_url":"https:\/\/www.meydan.tv\/az\/article\/gurcustandaki-etirazlar-67-gundur-davam-edir\/","og_site_name":"MEYDAN.TV","article_published_time":"2025-02-03T16:37:21+00:00","article_modified_time":"2025-02-03T16:37:24+00:00","og_image":[{"width":1478,"height":696,"url":"https:\/\/www.meydan.tv\/wp-content\/uploads\/screenshot-2025-02-03-at-16.29.47.png","type":"image\/png"}],"author":"aleks","twitter_card":"summary_large_image","schema":{"@context":"https:\/\/schema.org","@graph":[{"@type":"Article","@id":"https:\/\/www.meydan.tv\/az\/article\/gurcustandaki-etirazlar-67-gundur-davam-edir\/#article","isPartOf":{"@id":"https:\/\/www.meydan.tv\/az\/article\/gurcustandaki-etirazlar-67-gundur-davam-edir\/"},"author":{"name":"aleks","@id":"https:\/\/www.meydan.tv\/az\/#\/schema\/person\/476e9360e593fa131d5d71d51866f8da"},"headline":"G\u00fcrc\u00fcstanda etirazlar 67 g\u00fcnd\u00fcr davam edir","datePublished":"2025-02-03T16:37:21+00:00","dateModified":"2025-02-03T16:37:24+00:00","mainEntityOfPage":{"@id":"https:\/\/www.meydan.tv\/az\/article\/gurcustandaki-etirazlar-67-gundur-davam-edir\/"},"wordCount":320,"publisher":{"@id":"https:\/\/www.meydan.tv\/az\/#organization"},"image":{"@id":"https:\/\/www.meydan.tv\/az\/article\/gurcustandaki-etirazlar-67-gundur-davam-edir\/#primaryimage"},"thumbnailUrl":"https:\/\/www.meydan.tv\/wp-content\/uploads\/screenshot-2025-02-03-at-16.29.47.png","articleSection":["D\u00fcnya","Video","X\u0259b\u0259rl\u0259r"],"inLanguage":"az"},{"@type":"WebPage","@id":"https:\/\/www.meydan.tv\/az\/article\/gurcustandaki-etirazlar-67-gundur-davam-edir\/","url":"https:\/\/www.meydan.tv\/az\/article\/gurcustandaki-etirazlar-67-gundur-davam-edir\/","name":"G\u00fcrc\u00fcstanda etirazlar 67 g\u00fcnd\u00fcr davam edir - MEYDAN.TV","isPartOf":{"@id":"https:\/\/www.meydan.tv\/az\/#website"},"primaryImageOfPage":{"@id":"https:\/\/www.meydan.tv\/az\/article\/gurcustandaki-etirazlar-67-gundur-davam-edir\/#primaryimage"},"image":{"@id":"https:\/\/www.meydan.tv\/az\/article\/gurcustandaki-etirazlar-67-gundur-davam-edir\/#primaryimage"},"thumbnailUrl":"https:\/\/www.meydan.tv\/wp-content\/uploads\/screenshot-2025-02-03-at-16.29.47.png","datePublished":"2025-02-03T16:37:21+00:00","dateModified":"2025-02-03T16:37:24+00:00","breadcrumb":{"@id":"https:\/\/www.meydan.tv\/az\/article\/gurcustandaki-etirazlar-67-gundur-davam-edir\/#breadcrumb"},"inLanguage":"az","potentialAction":[{"@type":"ReadAction","target":["https:\/\/www.meydan.tv\/az\/article\/gurcustandaki-etirazlar-67-gundur-davam-edir\/"]}]},{"@type":"ImageObject","inLanguage":"az","@id":"https:\/\/www.meydan.tv\/az\/article\/gurcustandaki-etirazlar-67-gundur-davam-edir\/#primaryimage","url":"https:\/\/www.meydan.tv\/wp-content\/uploads\/screenshot-2025-02-03-at-16.29.47.png","contentUrl":"https:\/\/www.meydan.tv\/wp-content\/uploads\/screenshot-2025-02-03-at-16.29.47.png","width":1478,"height":696},{"@type":"BreadcrumbList","@id":"https:\/\/www.meydan.tv\/az\/article\/gurcustandaki-etirazlar-67-gundur-davam-edir\/#breadcrumb","itemListElement":[{"@type":"ListItem","position":1,"name":"Ana s\u0259hif\u0259","item":"https:\/\/www.meydan.tv\/az\/"},{"@type":"ListItem","position":2,"name":"X\u0259b\u0259rl\u0259r","item":"https:\/\/www.meydan.tv\/az\/section\/xeberler\/"},{"@type":"ListItem","position":3,"name":"G\u00fcrc\u00fcstanda etirazlar 67 g\u00fcnd\u00fcr davam edir"}]},{"@type":"WebSite","@id":"https:\/\/www.meydan.tv\/az\/#website","url":"https:\/\/www.meydan.tv\/az\/","name":"MEYDAN.TV","description":"Meydan TV Az\u0259rbaycan\u0131n media m\u0259kan\u0131ndak\u0131 alternativ s\u0259sidir","publisher":{"@id":"https:\/\/www.meydan.tv\/az\/#organization"},"potentialAction":[{"@type":"SearchAction","target":{"@type":"EntryPoint","urlTemplate":"https:\/\/www.meydan.tv\/az\/?s={search_term_string}"},"query-input":{"@type":"PropertyValueSpecification","valueRequired":true,"valueName":"search_term_string"}}],"inLanguage":"az"},{"@type":"Organization","@id":"https:\/\/www.meydan.tv\/az\/#organization","name":"Meydan TV","url":"https:\/\/www.meydan.tv\/az\/","logo":{"@type":"ImageObject","inLanguage":"az","@id":"https:\/\/www.meydan.tv\/az\/#\/schema\/logo\/image\/","url":"https:\/\/www.meydan.tv\/wp-content\/uploads\/2021\/07\/meydan-logo.svg","contentUrl":"https:\/\/www.meydan.tv\/wp-content\/uploads\/2021\/07\/meydan-logo.svg","width":195,"height":46,"caption":"Meydan TV"},"image":{"@id":"https:\/\/www.meydan.tv\/az\/#\/schema\/logo\/image\/"}},{"@type":"Person","@id":"https:\/\/www.meydan.tv\/az\/#\/schema\/person\/476e9360e593fa131d5d71d51866f8da","name":"aleks"}]}},"_links":{"self":[{"href":"https:\/\/www.meydan.tv\/az\/wp-json\/wp\/v2\/posts\/325678","targetHints":{"allow":["GET"]}}],"collection":[{"href":"https:\/\/www.meydan.tv\/az\/wp-json\/wp\/v2\/posts"}],"about":[{"href":"https:\/\/www.meydan.tv\/az\/wp-json\/wp\/v2\/types\/post"}],"author":[{"embeddable":true,"href":"https:\/\/www.meydan.tv\/az\/wp-json\/wp\/v2\/users\/12"}],"replies":[{"embeddable":true,"href":"https:\/\/www.meydan.tv\/az\/wp-json\/wp\/v2\/comments?post=325678"}],"version-history":[{"count":3,"href":"https:\/\/www.meydan.tv\/az\/wp-json\/wp\/v2\/posts\/325678\/revisions"}],"predecessor-version":[{"id":325684,"href":"https:\/\/www.meydan.tv\/az\/wp-json\/wp\/v2\/posts\/325678\/revisions\/325684"}],"wp:featuredmedia":[{"embeddable":true,"href":"https:\/\/www.meydan.tv\/az\/wp-json\/wp\/v2\/media\/325680"}],"wp:attachment":[{"href":"https:\/\/www.meydan.tv\/az\/wp-json\/wp\/v2\/media?parent=325678"}],"wp:term":[{"taxonomy":"category","embeddable":true,"href":"https:\/\/www.meydan.tv\/az\/wp-json\/wp\/v2\/categories?post=325678"},{"taxonomy":"post_tag","embeddable":true,"href":"https:\/\/www.meydan.tv\/az\/wp-json\/wp\/v2\/tags?post=325678"}],"curies":[{"name":"wp","href":"https:\/\/api.w.org\/{rel}","templated":true}]}}