{"id":325653,"date":"2025-02-03T15:01:08","date_gmt":"2025-02-03T11:01:08","guid":{"rendered":"https:\/\/www.meydan.tv\/?p=325653"},"modified":"2025-02-05T11:24:57","modified_gmt":"2025-02-05T07:24:57","slug":"daha-bir-dini-f%c9%99al-h%c9%99bs-olunub","status":"publish","type":"post","link":"https:\/\/www.meydan.tv\/az\/article\/daha-bir-dini-f%c9%99al-h%c9%99bs-olunub\/","title":{"rendered":"Daha bir dini f\u0259al h\u0259bs olunub"},"content":{"rendered":"\n<p><strong><em>O, narkotik vasit\u0259l\u0259rin qanunsuz d\u00f6vriyy\u0259sind\u0259 ittiham olunur<\/em><\/strong><\/p>\n\n\n\n<p>Narkotik vasit\u0259l\u0259rin qanunsuz d\u00f6vriyy\u0259sind\u0259 ittiham olunan dini f\u0259al Elvin Zeynalov bar\u0259sind\u0259 fevral\u0131n 1-d\u0259 Bak\u0131n\u0131n N\u0259rimanov Rayon M\u0259hk\u0259m\u0259si 4 ayl\u0131q h\u0259bs q\u0259timkan t\u0259dbiri se\u00e7ib.<\/p>\n\n\n\n<p>\u0130stintaq\u0131 Daxili \u0130\u015fl\u0259r Nazirliyinin Ba\u015f M\u00fct\u0259\u015f\u0259kkil Cinay\u0259tkarl\u0131qla M\u00fcbariz\u0259 \u0130dar\u0259sinin apard\u0131\u011f\u0131 bildirilir.<\/p>\n\n\n\n<p>F\u0259al\u0131n yax\u0131nlar\u0131 ttiham\u0131n yalan oldu\u011funu b\u0259yan edirl\u0259r.<\/p>\n\n\n\n<p>Ma\u015fta\u011fa q\u0259s\u0259b\u0259sind\u0259 ya\u015fayan dini f\u0259al Elvin Zeynalov yanvar\u0131n 31-d\u0259 g\u00fcnorta evinin yax\u0131nl\u0131\u011f\u0131ndak\u0131 ma\u011fazan\u0131n qar\u015f\u0131s\u0131nda m\u00fclki \u015f\u0259xsl\u0259r t\u0259r\u0259find\u0259n saxlan\u0131l\u0131b.<\/p>\n\n\n\n<p>Yax\u0131nlar\u0131 bildiribl\u0259r ki, ax\u015fam\u00fcst\u00fc qara paltarl\u0131 adamlar Elvini evin\u0259 g\u0259tiribl\u0259r v\u0259 axtar\u0131\u015f apar\u0131blar. Onlar \u015fkafdan bir \u015falvar g\u00f6t\u00fcr\u00fcb cibin\u0259 marixuana qoyub video \u00e7\u0259kibl\u0259r. Sonra o \u015falvar\u0131 da, Elvini d\u0259 apar\u0131blar.<\/p>\n\n\n\n<p>Daxili \u0130\u015fl\u0259r Nazirliyin\u0259 v\u0259 Ombudsman Aparat\u0131na m\u00fcraci\u0259tl\u0259r\u0259 baxmayaraq, do\u011fmalar\u0131 Zeynalovun saxlan\u0131ld\u0131\u011f\u0131 yeri m\u00fc\u0259yy\u0259n ed\u0259 bilm\u0259yibl\u0259r.<\/p>\n\n\n\n<p>Onlar\u0131n s\u00f6zl\u0259rin\u0259 g\u00f6r\u0259, Zeynalov g\u00fcnd\u0259lik i\u015fl\u0259 m\u0259\u015f\u011ful olur v\u0259 qazand\u0131\u011f\u0131 v\u0259saitl\u0259 \u0259vv\u0259ll\u0259r h\u0259bs edilmi\u015f dindarlar\u0131n v\u0259 dini f\u0259allar\u0131n ail\u0259l\u0259rin\u0259 k\u00f6m\u0259k edib.<\/p>\n\n\n\n<p>Elvin Zeynalov Qaraba\u011f m\u00fcharib\u0259si veteran\u0131, 2015-ci ild\u0259 Naradaran hadis\u0259l\u0259rin\u0259 g\u00f6r\u0259 m\u0259hkum edilmi\u015f, bir il \u0259vv\u0259l is\u0259 narkotik madd\u0259 alveri ittiham\u0131 il\u0259 yenid\u0259n h\u0259bs edilmi\u015f Etibar \u0130smay\u0131lovun bac\u0131s\u0131n\u0131n o\u011fludur.<\/p>\n\n\n\n<p>H\u00fcquq m\u00fcdafi\u0259\u00e7il\u0259ri \u00f6lk\u0259d\u0259 500-d\u0259n art\u0131q dini inancl\u0131n\u0131n h\u0259bs olundu\u011funu bildirir. <\/p>\n\n\n\n<p>M\u00fcs\u0259lman Birliyi H\u0259r\u0259kat\u0131n\u0131n s\u0259dri Taleh Ba\u011f\u0131rzad\u0259 d\u0259 daxil olmaqla, h\u0259r\u0259kat\u0131n 70-d\u0259n art\u0131q \u00fczv\u00fc haz\u0131rda h\u0259bsd\u0259dir.<\/p>\n\n\n\n<p>H\u0259bs olunan dindarlar\u0131n b\u00f6y\u00fck \u0259ks\u0259riyy\u0259tin\u0259 qar\u015f\u0131 narkotik ittiham\u0131 ir\u0259li s\u00fcr\u00fcl\u00fcb. Lakin onlar \u00f6zl\u0259rini t\u0259qsirli bilmir, saxta ittihamla c\u0259zaland\u0131r\u0131ld\u0131qlar\u0131n\u0131 deyirl\u0259r.<\/p>\n\n\n\n<p>Daxili \u0130\u015fl\u0259r Nazirliyinin m\u0259tbuat xidm\u0259ti is\u0259 h\u0259bs olunan \u015f\u0259xsl\u0259rin konkret faktlar \u0259sas\u0131nda saxland\u0131\u011f\u0131n\u0131 bildirir.<\/p>\n","protected":false},"excerpt":{"rendered":"<p>O, narkotik vasit\u0259l\u0259rin qanunsuz d\u00f6vriyy\u0259sind\u0259 ittiham olunur Narkotik vasit\u0259l\u0259rin qanunsuz &#8230; <\/p>\n<p class=\"read-more-container\"><a title=\"Daha bir dini f\u0259al h\u0259bs olunub\" class=\"read-more button\" href=\"https:\/\/www.meydan.tv\/az\/article\/daha-bir-dini-f%c9%99al-h%c9%99bs-olunub\/#more-325653\" aria-label=\"Read more about Daha bir dini f\u0259al h\u0259bs olunub\">Davam\u0131<\/a><\/p>\n","protected":false},"author":21,"featured_media":325739,"comment_status":"closed","ping_status":"closed","sticky":false,"template":"","format":"standard","meta":{"_acf_changed":false,"_sitemap_exclude":false,"_sitemap_priority":"","_sitemap_frequency":"","footnotes":""},"categories":[59,79,56],"tags":[],"class_list":["post-325653","post","type-post","status-publish","format-standard","has-post-thumbnail","hentry","category-siyaset","category-featured","category-xeberler","infinite-scroll-item","generate-columns","tablet-grid-50","mobile-grid-100","grid-parent","grid-33","no-featured-image-padding"],"acf":[],"yoast_head":"<!-- This site is optimized with the Yoast SEO plugin v27.5 - https:\/\/yoast.com\/product\/yoast-seo-wordpress\/ -->\n<title>Daha bir dini f\u0259al h\u0259bs olunub - MEYDAN.TV<\/title>\n<meta name=\"robots\" content=\"index, follow, max-snippet:-1, max-image-preview:large, max-video-preview:-1\" \/>\n<link rel=\"canonical\" href=\"https:\/\/www.meydan.tv\/az\/article\/daha-bir-dini-f%c9%99al-h%c9%99bs-olunub\/\" \/>\n<meta property=\"og:locale\" content=\"az_AZ\" \/>\n<meta property=\"og:type\" content=\"article\" \/>\n<meta property=\"og:title\" content=\"Daha bir dini f\u0259al h\u0259bs olunub - MEYDAN.TV\" \/>\n<meta property=\"og:description\" content=\"O, narkotik vasit\u0259l\u0259rin qanunsuz d\u00f6vriyy\u0259sind\u0259 ittiham olunur Narkotik vasit\u0259l\u0259rin qanunsuz ... Davam\u0131\" \/>\n<meta property=\"og:url\" content=\"https:\/\/www.meydan.tv\/az\/article\/daha-bir-dini-f%c9%99al-h%c9%99bs-olunub\/\" \/>\n<meta property=\"og:site_name\" content=\"MEYDAN.TV\" \/>\n<meta property=\"article:published_time\" content=\"2025-02-03T11:01:08+00:00\" \/>\n<meta property=\"article:modified_time\" content=\"2025-02-05T07:24:57+00:00\" \/>\n<meta property=\"og:image\" content=\"https:\/\/www.meydan.tv\/wp-content\/uploads\/9898.png\" \/>\n\t<meta property=\"og:image:width\" content=\"1300\" \/>\n\t<meta property=\"og:image:height\" content=\"731\" \/>\n\t<meta property=\"og:image:type\" content=\"image\/png\" \/>\n<meta name=\"author\" content=\"mahmud\" \/>\n<meta name=\"twitter:card\" content=\"summary_large_image\" \/>\n<script type=\"application\/ld+json\" class=\"yoast-schema-graph\">{\"@context\":\"https:\\\/\\\/schema.org\",\"@graph\":[{\"@type\":\"Article\",\"@id\":\"https:\\\/\\\/www.meydan.tv\\\/az\\\/article\\\/daha-bir-dini-f%c9%99al-h%c9%99bs-olunub\\\/#article\",\"isPartOf\":{\"@id\":\"https:\\\/\\\/www.meydan.tv\\\/az\\\/article\\\/daha-bir-dini-f%c9%99al-h%c9%99bs-olunub\\\/\"},\"author\":{\"name\":\"mahmud\",\"@id\":\"https:\\\/\\\/www.meydan.tv\\\/az\\\/#\\\/schema\\\/person\\\/09863e516102a829e72bedcf3f84c6b0\"},\"headline\":\"Daha bir dini f\u0259al h\u0259bs olunub\",\"datePublished\":\"2025-02-03T11:01:08+00:00\",\"dateModified\":\"2025-02-05T07:24:57+00:00\",\"mainEntityOfPage\":{\"@id\":\"https:\\\/\\\/www.meydan.tv\\\/az\\\/article\\\/daha-bir-dini-f%c9%99al-h%c9%99bs-olunub\\\/\"},\"wordCount\":391,\"publisher\":{\"@id\":\"https:\\\/\\\/www.meydan.tv\\\/az\\\/#organization\"},\"image\":{\"@id\":\"https:\\\/\\\/www.meydan.tv\\\/az\\\/article\\\/daha-bir-dini-f%c9%99al-h%c9%99bs-olunub\\\/#primaryimage\"},\"thumbnailUrl\":\"https:\\\/\\\/www.meydan.tv\\\/wp-content\\\/uploads\\\/9898.png\",\"articleSection\":[\"Siyas\u0259t\",\"T\u00f6vsiy\u0259\",\"X\u0259b\u0259rl\u0259r\"],\"inLanguage\":\"az\"},{\"@type\":\"WebPage\",\"@id\":\"https:\\\/\\\/www.meydan.tv\\\/az\\\/article\\\/daha-bir-dini-f%c9%99al-h%c9%99bs-olunub\\\/\",\"url\":\"https:\\\/\\\/www.meydan.tv\\\/az\\\/article\\\/daha-bir-dini-f%c9%99al-h%c9%99bs-olunub\\\/\",\"name\":\"Daha bir dini f\u0259al h\u0259bs olunub - MEYDAN.TV\",\"isPartOf\":{\"@id\":\"https:\\\/\\\/www.meydan.tv\\\/az\\\/#website\"},\"primaryImageOfPage\":{\"@id\":\"https:\\\/\\\/www.meydan.tv\\\/az\\\/article\\\/daha-bir-dini-f%c9%99al-h%c9%99bs-olunub\\\/#primaryimage\"},\"image\":{\"@id\":\"https:\\\/\\\/www.meydan.tv\\\/az\\\/article\\\/daha-bir-dini-f%c9%99al-h%c9%99bs-olunub\\\/#primaryimage\"},\"thumbnailUrl\":\"https:\\\/\\\/www.meydan.tv\\\/wp-content\\\/uploads\\\/9898.png\",\"datePublished\":\"2025-02-03T11:01:08+00:00\",\"dateModified\":\"2025-02-05T07:24:57+00:00\",\"breadcrumb\":{\"@id\":\"https:\\\/\\\/www.meydan.tv\\\/az\\\/article\\\/daha-bir-dini-f%c9%99al-h%c9%99bs-olunub\\\/#breadcrumb\"},\"inLanguage\":\"az\",\"potentialAction\":[{\"@type\":\"ReadAction\",\"target\":[\"https:\\\/\\\/www.meydan.tv\\\/az\\\/article\\\/daha-bir-dini-f%c9%99al-h%c9%99bs-olunub\\\/\"]}]},{\"@type\":\"ImageObject\",\"inLanguage\":\"az\",\"@id\":\"https:\\\/\\\/www.meydan.tv\\\/az\\\/article\\\/daha-bir-dini-f%c9%99al-h%c9%99bs-olunub\\\/#primaryimage\",\"url\":\"https:\\\/\\\/www.meydan.tv\\\/wp-content\\\/uploads\\\/9898.png\",\"contentUrl\":\"https:\\\/\\\/www.meydan.tv\\\/wp-content\\\/uploads\\\/9898.png\",\"width\":1300,\"height\":731,\"caption\":\"Elvin Zeynalov. Foto: \u015e\u0259xsi arxivind\u0259n\"},{\"@type\":\"BreadcrumbList\",\"@id\":\"https:\\\/\\\/www.meydan.tv\\\/az\\\/article\\\/daha-bir-dini-f%c9%99al-h%c9%99bs-olunub\\\/#breadcrumb\",\"itemListElement\":[{\"@type\":\"ListItem\",\"position\":1,\"name\":\"Ana s\u0259hif\u0259\",\"item\":\"https:\\\/\\\/www.meydan.tv\\\/az\\\/\"},{\"@type\":\"ListItem\",\"position\":2,\"name\":\"Siyas\u0259t\",\"item\":\"https:\\\/\\\/www.meydan.tv\\\/az\\\/section\\\/siyaset\\\/\"},{\"@type\":\"ListItem\",\"position\":3,\"name\":\"Daha bir dini f\u0259al h\u0259bs olunub\"}]},{\"@type\":\"WebSite\",\"@id\":\"https:\\\/\\\/www.meydan.tv\\\/az\\\/#website\",\"url\":\"https:\\\/\\\/www.meydan.tv\\\/az\\\/\",\"name\":\"MEYDAN.TV\",\"description\":\"Meydan TV Az\u0259rbaycan\u0131n media m\u0259kan\u0131ndak\u0131 alternativ s\u0259sidir\",\"publisher\":{\"@id\":\"https:\\\/\\\/www.meydan.tv\\\/az\\\/#organization\"},\"potentialAction\":[{\"@type\":\"SearchAction\",\"target\":{\"@type\":\"EntryPoint\",\"urlTemplate\":\"https:\\\/\\\/www.meydan.tv\\\/az\\\/?s={search_term_string}\"},\"query-input\":{\"@type\":\"PropertyValueSpecification\",\"valueRequired\":true,\"valueName\":\"search_term_string\"}}],\"inLanguage\":\"az\"},{\"@type\":\"Organization\",\"@id\":\"https:\\\/\\\/www.meydan.tv\\\/az\\\/#organization\",\"name\":\"Meydan TV\",\"url\":\"https:\\\/\\\/www.meydan.tv\\\/az\\\/\",\"logo\":{\"@type\":\"ImageObject\",\"inLanguage\":\"az\",\"@id\":\"https:\\\/\\\/www.meydan.tv\\\/az\\\/#\\\/schema\\\/logo\\\/image\\\/\",\"url\":\"https:\\\/\\\/www.meydan.tv\\\/wp-content\\\/uploads\\\/2021\\\/07\\\/meydan-logo.svg\",\"contentUrl\":\"https:\\\/\\\/www.meydan.tv\\\/wp-content\\\/uploads\\\/2021\\\/07\\\/meydan-logo.svg\",\"width\":195,\"height\":46,\"caption\":\"Meydan TV\"},\"image\":{\"@id\":\"https:\\\/\\\/www.meydan.tv\\\/az\\\/#\\\/schema\\\/logo\\\/image\\\/\"}},{\"@type\":\"Person\",\"@id\":\"https:\\\/\\\/www.meydan.tv\\\/az\\\/#\\\/schema\\\/person\\\/09863e516102a829e72bedcf3f84c6b0\",\"name\":\"mahmud\"}]}<\/script>\n<!-- \/ Yoast SEO plugin. -->","yoast_head_json":{"title":"Daha bir dini f\u0259al h\u0259bs olunub - MEYDAN.TV","robots":{"index":"index","follow":"follow","max-snippet":"max-snippet:-1","max-image-preview":"max-image-preview:large","max-video-preview":"max-video-preview:-1"},"canonical":"https:\/\/www.meydan.tv\/az\/article\/daha-bir-dini-f%c9%99al-h%c9%99bs-olunub\/","og_locale":"az_AZ","og_type":"article","og_title":"Daha bir dini f\u0259al h\u0259bs olunub - MEYDAN.TV","og_description":"O, narkotik vasit\u0259l\u0259rin qanunsuz d\u00f6vriyy\u0259sind\u0259 ittiham olunur Narkotik vasit\u0259l\u0259rin qanunsuz ... Davam\u0131","og_url":"https:\/\/www.meydan.tv\/az\/article\/daha-bir-dini-f%c9%99al-h%c9%99bs-olunub\/","og_site_name":"MEYDAN.TV","article_published_time":"2025-02-03T11:01:08+00:00","article_modified_time":"2025-02-05T07:24:57+00:00","og_image":[{"width":1300,"height":731,"url":"https:\/\/www.meydan.tv\/wp-content\/uploads\/9898.png","type":"image\/png"}],"author":"mahmud","twitter_card":"summary_large_image","schema":{"@context":"https:\/\/schema.org","@graph":[{"@type":"Article","@id":"https:\/\/www.meydan.tv\/az\/article\/daha-bir-dini-f%c9%99al-h%c9%99bs-olunub\/#article","isPartOf":{"@id":"https:\/\/www.meydan.tv\/az\/article\/daha-bir-dini-f%c9%99al-h%c9%99bs-olunub\/"},"author":{"name":"mahmud","@id":"https:\/\/www.meydan.tv\/az\/#\/schema\/person\/09863e516102a829e72bedcf3f84c6b0"},"headline":"Daha bir dini f\u0259al h\u0259bs olunub","datePublished":"2025-02-03T11:01:08+00:00","dateModified":"2025-02-05T07:24:57+00:00","mainEntityOfPage":{"@id":"https:\/\/www.meydan.tv\/az\/article\/daha-bir-dini-f%c9%99al-h%c9%99bs-olunub\/"},"wordCount":391,"publisher":{"@id":"https:\/\/www.meydan.tv\/az\/#organization"},"image":{"@id":"https:\/\/www.meydan.tv\/az\/article\/daha-bir-dini-f%c9%99al-h%c9%99bs-olunub\/#primaryimage"},"thumbnailUrl":"https:\/\/www.meydan.tv\/wp-content\/uploads\/9898.png","articleSection":["Siyas\u0259t","T\u00f6vsiy\u0259","X\u0259b\u0259rl\u0259r"],"inLanguage":"az"},{"@type":"WebPage","@id":"https:\/\/www.meydan.tv\/az\/article\/daha-bir-dini-f%c9%99al-h%c9%99bs-olunub\/","url":"https:\/\/www.meydan.tv\/az\/article\/daha-bir-dini-f%c9%99al-h%c9%99bs-olunub\/","name":"Daha bir dini f\u0259al h\u0259bs olunub - MEYDAN.TV","isPartOf":{"@id":"https:\/\/www.meydan.tv\/az\/#website"},"primaryImageOfPage":{"@id":"https:\/\/www.meydan.tv\/az\/article\/daha-bir-dini-f%c9%99al-h%c9%99bs-olunub\/#primaryimage"},"image":{"@id":"https:\/\/www.meydan.tv\/az\/article\/daha-bir-dini-f%c9%99al-h%c9%99bs-olunub\/#primaryimage"},"thumbnailUrl":"https:\/\/www.meydan.tv\/wp-content\/uploads\/9898.png","datePublished":"2025-02-03T11:01:08+00:00","dateModified":"2025-02-05T07:24:57+00:00","breadcrumb":{"@id":"https:\/\/www.meydan.tv\/az\/article\/daha-bir-dini-f%c9%99al-h%c9%99bs-olunub\/#breadcrumb"},"inLanguage":"az","potentialAction":[{"@type":"ReadAction","target":["https:\/\/www.meydan.tv\/az\/article\/daha-bir-dini-f%c9%99al-h%c9%99bs-olunub\/"]}]},{"@type":"ImageObject","inLanguage":"az","@id":"https:\/\/www.meydan.tv\/az\/article\/daha-bir-dini-f%c9%99al-h%c9%99bs-olunub\/#primaryimage","url":"https:\/\/www.meydan.tv\/wp-content\/uploads\/9898.png","contentUrl":"https:\/\/www.meydan.tv\/wp-content\/uploads\/9898.png","width":1300,"height":731,"caption":"Elvin Zeynalov. Foto: \u015e\u0259xsi arxivind\u0259n"},{"@type":"BreadcrumbList","@id":"https:\/\/www.meydan.tv\/az\/article\/daha-bir-dini-f%c9%99al-h%c9%99bs-olunub\/#breadcrumb","itemListElement":[{"@type":"ListItem","position":1,"name":"Ana s\u0259hif\u0259","item":"https:\/\/www.meydan.tv\/az\/"},{"@type":"ListItem","position":2,"name":"Siyas\u0259t","item":"https:\/\/www.meydan.tv\/az\/section\/siyaset\/"},{"@type":"ListItem","position":3,"name":"Daha bir dini f\u0259al h\u0259bs olunub"}]},{"@type":"WebSite","@id":"https:\/\/www.meydan.tv\/az\/#website","url":"https:\/\/www.meydan.tv\/az\/","name":"MEYDAN.TV","description":"Meydan TV Az\u0259rbaycan\u0131n media m\u0259kan\u0131ndak\u0131 alternativ s\u0259sidir","publisher":{"@id":"https:\/\/www.meydan.tv\/az\/#organization"},"potentialAction":[{"@type":"SearchAction","target":{"@type":"EntryPoint","urlTemplate":"https:\/\/www.meydan.tv\/az\/?s={search_term_string}"},"query-input":{"@type":"PropertyValueSpecification","valueRequired":true,"valueName":"search_term_string"}}],"inLanguage":"az"},{"@type":"Organization","@id":"https:\/\/www.meydan.tv\/az\/#organization","name":"Meydan TV","url":"https:\/\/www.meydan.tv\/az\/","logo":{"@type":"ImageObject","inLanguage":"az","@id":"https:\/\/www.meydan.tv\/az\/#\/schema\/logo\/image\/","url":"https:\/\/www.meydan.tv\/wp-content\/uploads\/2021\/07\/meydan-logo.svg","contentUrl":"https:\/\/www.meydan.tv\/wp-content\/uploads\/2021\/07\/meydan-logo.svg","width":195,"height":46,"caption":"Meydan TV"},"image":{"@id":"https:\/\/www.meydan.tv\/az\/#\/schema\/logo\/image\/"}},{"@type":"Person","@id":"https:\/\/www.meydan.tv\/az\/#\/schema\/person\/09863e516102a829e72bedcf3f84c6b0","name":"mahmud"}]}},"_links":{"self":[{"href":"https:\/\/www.meydan.tv\/az\/wp-json\/wp\/v2\/posts\/325653","targetHints":{"allow":["GET"]}}],"collection":[{"href":"https:\/\/www.meydan.tv\/az\/wp-json\/wp\/v2\/posts"}],"about":[{"href":"https:\/\/www.meydan.tv\/az\/wp-json\/wp\/v2\/types\/post"}],"author":[{"embeddable":true,"href":"https:\/\/www.meydan.tv\/az\/wp-json\/wp\/v2\/users\/21"}],"replies":[{"embeddable":true,"href":"https:\/\/www.meydan.tv\/az\/wp-json\/wp\/v2\/comments?post=325653"}],"version-history":[{"count":4,"href":"https:\/\/www.meydan.tv\/az\/wp-json\/wp\/v2\/posts\/325653\/revisions"}],"predecessor-version":[{"id":325742,"href":"https:\/\/www.meydan.tv\/az\/wp-json\/wp\/v2\/posts\/325653\/revisions\/325742"}],"wp:featuredmedia":[{"embeddable":true,"href":"https:\/\/www.meydan.tv\/az\/wp-json\/wp\/v2\/media\/325739"}],"wp:attachment":[{"href":"https:\/\/www.meydan.tv\/az\/wp-json\/wp\/v2\/media?parent=325653"}],"wp:term":[{"taxonomy":"category","embeddable":true,"href":"https:\/\/www.meydan.tv\/az\/wp-json\/wp\/v2\/categories?post=325653"},{"taxonomy":"post_tag","embeddable":true,"href":"https:\/\/www.meydan.tv\/az\/wp-json\/wp\/v2\/tags?post=325653"}],"curies":[{"name":"wp","href":"https:\/\/api.w.org\/{rel}","templated":true}]}}