{"id":325590,"date":"2025-01-31T20:31:34","date_gmt":"2025-01-31T16:31:34","guid":{"rendered":"https:\/\/www.meydan.tv\/?p=325590"},"modified":"2025-02-03T12:16:00","modified_gmt":"2025-02-03T08:16:00","slug":"axcp-v%c9%99-musavat-r%c9%99sulzad%c9%99nin-dogum-gununu-qeyd-edibl%c9%99r","status":"publish","type":"post","link":"https:\/\/www.meydan.tv\/az\/article\/axcp-v%c9%99-musavat-r%c9%99sulzad%c9%99nin-dogum-gununu-qeyd-edibl%c9%99r\/","title":{"rendered":"AXCP v\u0259 M\u00fcsavat R\u0259sulzad\u0259nin do\u011fum g\u00fcn\u00fcn\u00fc qeyd edibl\u0259r"},"content":{"rendered":"\n<figure class=\"wp-block-embed is-type-video is-provider-youtube wp-block-embed-youtube wp-embed-aspect-16-9 wp-has-aspect-ratio\"><div class=\"wp-block-embed__wrapper\">\n<iframe title=\"AXCP v\u0259 M\u00fcsavat R\u0259sulzad\u0259nin do\u011fum g\u00fcn\u00fcn\u00fc qeyd edibl\u0259r\" width=\"1200\" height=\"675\" data-src=\"https:\/\/www.youtube.com\/embed\/xi-lCqKwgUk?feature=oembed\" frameborder=\"0\" allow=\"accelerometer; autoplay; clipboard-write; encrypted-media; gyroscope; picture-in-picture; web-share\" referrerpolicy=\"strict-origin-when-cross-origin\" allowfullscreen src=\"data:image\/svg+xml;base64,PHN2ZyB3aWR0aD0iMSIgaGVpZ2h0PSIxIiB4bWxucz0iaHR0cDovL3d3dy53My5vcmcvMjAwMC9zdmciPjwvc3ZnPg==\" class=\"lazyload\" data-load-mode=\"1\"><\/iframe>\n<\/div><\/figure>\n\n\n\n<p><\/p>\n\n\n\n<p>Yanvar\u0131n 31-i Az\u0259rbaycan Xalq C\u00fcmhuriyy\u0259tinin banil\u0259rind\u0259n M\u0259h\u0259mm\u0259d \u018fmin R\u0259sulzad\u0259nin 141-ci do\u011fum g\u00fcn\u00fcd\u00fcr. Bu g\u00fcn M\u00fcsavat Partiyas\u0131n\u0131n, Az\u0259rbaycan Xalq C\u0259bh\u0259si Partiyas\u0131n\u0131n, Milli \u015euran\u0131n f\u0259allar\u0131 R\u0259sulzad\u0259nin anadan oldu\u011fu Bak\u0131n\u0131n Novxan\u0131 k\u0259ndind\u0259ki abid\u0259si \u00f6n\u00fcnd\u0259 an\u0131m t\u0259dbirl\u0259ri ke\u00e7iribl\u0259r.<\/p>\n\n\n\n<p>T\u0259dbird\u0259 \u00e7\u0131x\u0131\u015f ed\u0259nl\u0259r R\u0259sulzad\u0259nin Az\u0259rbaycan\u0131n d\u00f6vl\u0259t\u00e7ilik tarixind\u0259ki rolundan dan\u0131\u015f\u0131b, onun m\u00fchacir\u0259t h\u0259yat\u0131na diqq\u0259t \u00e7\u0259kibl\u0259r.<\/p>\n\n\n\n<p><em>&#8220;M\u0259mm\u0259d \u018fmin R\u0259sulzad\u0259 bu g\u00fcn d\u0259 xalq\u0131n q\u0259lbind\u0259 ya\u015fay\u0131r. \u00c7\u00fcnki \u00f6mr\u00fcn\u00fc Az\u0259rbaycan xalq\u0131n\u0131n t\u0259r\u0259qqisin\u0259 h\u0259sr edib. Amma ona qar\u015f\u0131 m\u00fcbariz\u0259 aparanlar\u0131n adlar\u0131 bel\u0259 yadda\u015flardan silinib&#8221;, d<\/em>ey\u0259 Milli \u015euran\u0131n s\u0259dri C\u0259mil H\u0259s\u0259nli qeyd edib.<\/p>\n\n\n\n<p>Az\u0259rbaycan Xalq C\u0259bh\u0259si Partiyas\u0131n\u0131n s\u0259dri \u018fli K\u0259rimli bildirib ki, R\u0259sulzad\u0259 ideyalar\u0131 mill\u0259tin azadl\u0131\u011f\u0131n\u0131 t\u0259c\u0259ss\u00fcm etdirir.<\/p>\n\n\n\n<p><em>&#8220;M\u0259h\u0259mm\u0259d \u018fmin R\u0259suzlad\u0259nin dediyi kimi, mill\u0259tl\u0259r\u0259 t\u0259kc\u0259 azadl\u0131q yox, h\u0259m d\u0259 h\u0259r bir insan\u0131n h\u00fcrriyy\u0259ti laz\u0131md\u0131r<\/em>&#8220;, dey\u0259 o qeyd edib.<\/p>\n\n\n\n<p>K\u0259rimli R\u0259suzlad\u0259y\u0259 istinad\u0259n deyib ki, Rusiya \u00f6z tarixi torpaqlar\u0131na qay\u0131tmasa, b\u0259\u015f\u0259riyy\u0259t \u00fc\u00e7\u00fcn \u0259min-amanl\u0131q olmayacaq.&nbsp;<\/p>\n\n\n\n<p><em>&#8220;Y\u00fcz il \u00f6nc\u0259 R\u0259sulzad\u0259 deyib ki, Rusiya \u00f6z tarixi torpaqlar\u0131na qay\u0131tmasa, b\u0259\u015f\u0259riyy\u0259t \u00fc\u00e7\u00fcn \u0259min-amanl\u0131q yoxdur. Yetmi\u015f il Sovetl\u0259r hakimiyy\u0259ti R\u0259sulzad\u0259y\u0259 qar\u015f\u0131 m\u00fcbariz\u0259 apard\u0131. Sonra da 30 il indiki iqtidar R\u0259sulzad\u0259y\u0259 qar\u015f\u0131 m\u00fcbariz\u0259 apard\u0131. Amma n\u0259y\u0259 g\u00f6r\u0259 R\u0259sulzad\u0259y\u0259 g\u00fccl\u0259ri \u00e7atmad\u0131? \u00c7\u00fcnki R\u0259sulzad\u0259 t\u0259m\u0259nnas\u0131zd\u0131r, d\u00fcr\u00fcstd\u00fcr, l\u0259k\u0259 g\u00f6t\u00fcrm\u0259z. O, \u00f6z\u00fc \u00fc\u00e7\u00fcn he\u00e7 n\u0259 ist\u0259m\u0259di. H\u0259r \u015feyi mill\u0259ti \u00fc\u00e7\u00fcn etdi. Biz Az\u0259rbaycan\u0131 sevm\u0259yi R\u0259sulzad\u0259d\u0259n \u00f6yr\u0259nm\u0259liyik&#8221;,<\/em> dey\u0259 K\u0259rimli qeyd edib.<\/p>\n","protected":false},"excerpt":{"rendered":"<p>Yanvar\u0131n 31-i Az\u0259rbaycan Xalq C\u00fcmhuriyy\u0259tinin banil\u0259rind\u0259n M\u0259h\u0259mm\u0259d \u018fmin R\u0259sulzad\u0259nin 141-ci &#8230; <\/p>\n<p class=\"read-more-container\"><a title=\"AXCP v\u0259 M\u00fcsavat R\u0259sulzad\u0259nin do\u011fum g\u00fcn\u00fcn\u00fc qeyd edibl\u0259r\" class=\"read-more button\" href=\"https:\/\/www.meydan.tv\/az\/article\/axcp-v%c9%99-musavat-r%c9%99sulzad%c9%99nin-dogum-gununu-qeyd-edibl%c9%99r\/#more-325590\" aria-label=\"Read more about AXCP v\u0259 M\u00fcsavat R\u0259sulzad\u0259nin do\u011fum g\u00fcn\u00fcn\u00fc qeyd edibl\u0259r\">Davam\u0131<\/a><\/p>\n","protected":false},"author":12,"featured_media":325595,"comment_status":"closed","ping_status":"closed","sticky":false,"template":"","format":"standard","meta":{"_acf_changed":false,"_sitemap_exclude":false,"_sitemap_priority":"","_sitemap_frequency":"","footnotes":""},"categories":[59,79,63,56],"tags":[],"class_list":["post-325590","post","type-post","status-publish","format-standard","has-post-thumbnail","hentry","category-siyaset","category-featured","category-video-2","category-xeberler","infinite-scroll-item","generate-columns","tablet-grid-50","mobile-grid-100","grid-parent","grid-33","no-featured-image-padding"],"acf":[],"yoast_head":"<!-- This site is optimized with the Yoast SEO plugin v27.4 - https:\/\/yoast.com\/product\/yoast-seo-wordpress\/ -->\n<title>AXCP v\u0259 M\u00fcsavat R\u0259sulzad\u0259nin do\u011fum g\u00fcn\u00fcn\u00fc qeyd edibl\u0259r - MEYDAN.TV<\/title>\n<meta name=\"robots\" content=\"index, follow, max-snippet:-1, max-image-preview:large, max-video-preview:-1\" \/>\n<link rel=\"canonical\" href=\"https:\/\/www.meydan.tv\/az\/article\/axcp-v%c9%99-musavat-r%c9%99sulzad%c9%99nin-dogum-gununu-qeyd-edibl%c9%99r\/\" \/>\n<meta property=\"og:locale\" content=\"az_AZ\" \/>\n<meta property=\"og:type\" content=\"article\" \/>\n<meta property=\"og:title\" content=\"AXCP v\u0259 M\u00fcsavat R\u0259sulzad\u0259nin do\u011fum g\u00fcn\u00fcn\u00fc qeyd edibl\u0259r - MEYDAN.TV\" \/>\n<meta property=\"og:description\" content=\"Yanvar\u0131n 31-i Az\u0259rbaycan Xalq C\u00fcmhuriyy\u0259tinin banil\u0259rind\u0259n M\u0259h\u0259mm\u0259d \u018fmin R\u0259sulzad\u0259nin 141-ci ... Davam\u0131\" \/>\n<meta property=\"og:url\" content=\"https:\/\/www.meydan.tv\/az\/article\/axcp-v%c9%99-musavat-r%c9%99sulzad%c9%99nin-dogum-gununu-qeyd-edibl%c9%99r\/\" \/>\n<meta property=\"og:site_name\" content=\"MEYDAN.TV\" \/>\n<meta property=\"article:published_time\" content=\"2025-01-31T16:31:34+00:00\" \/>\n<meta property=\"article:modified_time\" content=\"2025-02-03T08:16:00+00:00\" \/>\n<meta property=\"og:image\" content=\"https:\/\/www.meydan.tv\/wp-content\/uploads\/screenshot-2025-01-31-at-17.30.51.png\" \/>\n\t<meta property=\"og:image:width\" content=\"1512\" \/>\n\t<meta property=\"og:image:height\" content=\"744\" \/>\n\t<meta property=\"og:image:type\" content=\"image\/png\" \/>\n<meta name=\"author\" content=\"aleks\" \/>\n<meta name=\"twitter:card\" content=\"summary_large_image\" \/>\n<script type=\"application\/ld+json\" class=\"yoast-schema-graph\">{\"@context\":\"https:\\\/\\\/schema.org\",\"@graph\":[{\"@type\":\"Article\",\"@id\":\"https:\\\/\\\/www.meydan.tv\\\/az\\\/article\\\/axcp-v%c9%99-musavat-r%c9%99sulzad%c9%99nin-dogum-gununu-qeyd-edibl%c9%99r\\\/#article\",\"isPartOf\":{\"@id\":\"https:\\\/\\\/www.meydan.tv\\\/az\\\/article\\\/axcp-v%c9%99-musavat-r%c9%99sulzad%c9%99nin-dogum-gununu-qeyd-edibl%c9%99r\\\/\"},\"author\":{\"name\":\"aleks\",\"@id\":\"https:\\\/\\\/www.meydan.tv\\\/az\\\/#\\\/schema\\\/person\\\/476e9360e593fa131d5d71d51866f8da\"},\"headline\":\"AXCP v\u0259 M\u00fcsavat R\u0259sulzad\u0259nin do\u011fum g\u00fcn\u00fcn\u00fc qeyd edibl\u0259r\",\"datePublished\":\"2025-01-31T16:31:34+00:00\",\"dateModified\":\"2025-02-03T08:16:00+00:00\",\"mainEntityOfPage\":{\"@id\":\"https:\\\/\\\/www.meydan.tv\\\/az\\\/article\\\/axcp-v%c9%99-musavat-r%c9%99sulzad%c9%99nin-dogum-gununu-qeyd-edibl%c9%99r\\\/\"},\"wordCount\":378,\"publisher\":{\"@id\":\"https:\\\/\\\/www.meydan.tv\\\/az\\\/#organization\"},\"image\":{\"@id\":\"https:\\\/\\\/www.meydan.tv\\\/az\\\/article\\\/axcp-v%c9%99-musavat-r%c9%99sulzad%c9%99nin-dogum-gununu-qeyd-edibl%c9%99r\\\/#primaryimage\"},\"thumbnailUrl\":\"https:\\\/\\\/www.meydan.tv\\\/wp-content\\\/uploads\\\/screenshot-2025-01-31-at-17.30.51.png\",\"articleSection\":[\"Siyas\u0259t\",\"T\u00f6vsiy\u0259\",\"Video\",\"X\u0259b\u0259rl\u0259r\"],\"inLanguage\":\"az\"},{\"@type\":\"WebPage\",\"@id\":\"https:\\\/\\\/www.meydan.tv\\\/az\\\/article\\\/axcp-v%c9%99-musavat-r%c9%99sulzad%c9%99nin-dogum-gununu-qeyd-edibl%c9%99r\\\/\",\"url\":\"https:\\\/\\\/www.meydan.tv\\\/az\\\/article\\\/axcp-v%c9%99-musavat-r%c9%99sulzad%c9%99nin-dogum-gununu-qeyd-edibl%c9%99r\\\/\",\"name\":\"AXCP v\u0259 M\u00fcsavat R\u0259sulzad\u0259nin do\u011fum g\u00fcn\u00fcn\u00fc qeyd edibl\u0259r - MEYDAN.TV\",\"isPartOf\":{\"@id\":\"https:\\\/\\\/www.meydan.tv\\\/az\\\/#website\"},\"primaryImageOfPage\":{\"@id\":\"https:\\\/\\\/www.meydan.tv\\\/az\\\/article\\\/axcp-v%c9%99-musavat-r%c9%99sulzad%c9%99nin-dogum-gununu-qeyd-edibl%c9%99r\\\/#primaryimage\"},\"image\":{\"@id\":\"https:\\\/\\\/www.meydan.tv\\\/az\\\/article\\\/axcp-v%c9%99-musavat-r%c9%99sulzad%c9%99nin-dogum-gununu-qeyd-edibl%c9%99r\\\/#primaryimage\"},\"thumbnailUrl\":\"https:\\\/\\\/www.meydan.tv\\\/wp-content\\\/uploads\\\/screenshot-2025-01-31-at-17.30.51.png\",\"datePublished\":\"2025-01-31T16:31:34+00:00\",\"dateModified\":\"2025-02-03T08:16:00+00:00\",\"breadcrumb\":{\"@id\":\"https:\\\/\\\/www.meydan.tv\\\/az\\\/article\\\/axcp-v%c9%99-musavat-r%c9%99sulzad%c9%99nin-dogum-gununu-qeyd-edibl%c9%99r\\\/#breadcrumb\"},\"inLanguage\":\"az\",\"potentialAction\":[{\"@type\":\"ReadAction\",\"target\":[\"https:\\\/\\\/www.meydan.tv\\\/az\\\/article\\\/axcp-v%c9%99-musavat-r%c9%99sulzad%c9%99nin-dogum-gununu-qeyd-edibl%c9%99r\\\/\"]}]},{\"@type\":\"ImageObject\",\"inLanguage\":\"az\",\"@id\":\"https:\\\/\\\/www.meydan.tv\\\/az\\\/article\\\/axcp-v%c9%99-musavat-r%c9%99sulzad%c9%99nin-dogum-gununu-qeyd-edibl%c9%99r\\\/#primaryimage\",\"url\":\"https:\\\/\\\/www.meydan.tv\\\/wp-content\\\/uploads\\\/screenshot-2025-01-31-at-17.30.51.png\",\"contentUrl\":\"https:\\\/\\\/www.meydan.tv\\\/wp-content\\\/uploads\\\/screenshot-2025-01-31-at-17.30.51.png\",\"width\":1512,\"height\":744},{\"@type\":\"BreadcrumbList\",\"@id\":\"https:\\\/\\\/www.meydan.tv\\\/az\\\/article\\\/axcp-v%c9%99-musavat-r%c9%99sulzad%c9%99nin-dogum-gununu-qeyd-edibl%c9%99r\\\/#breadcrumb\",\"itemListElement\":[{\"@type\":\"ListItem\",\"position\":1,\"name\":\"Ana s\u0259hif\u0259\",\"item\":\"https:\\\/\\\/www.meydan.tv\\\/az\\\/\"},{\"@type\":\"ListItem\",\"position\":2,\"name\":\"Video\",\"item\":\"https:\\\/\\\/www.meydan.tv\\\/az\\\/section\\\/video-2\\\/\"},{\"@type\":\"ListItem\",\"position\":3,\"name\":\"AXCP v\u0259 M\u00fcsavat R\u0259sulzad\u0259nin do\u011fum g\u00fcn\u00fcn\u00fc qeyd edibl\u0259r\"}]},{\"@type\":\"WebSite\",\"@id\":\"https:\\\/\\\/www.meydan.tv\\\/az\\\/#website\",\"url\":\"https:\\\/\\\/www.meydan.tv\\\/az\\\/\",\"name\":\"MEYDAN.TV\",\"description\":\"Meydan TV Az\u0259rbaycan\u0131n media m\u0259kan\u0131ndak\u0131 alternativ s\u0259sidir\",\"publisher\":{\"@id\":\"https:\\\/\\\/www.meydan.tv\\\/az\\\/#organization\"},\"potentialAction\":[{\"@type\":\"SearchAction\",\"target\":{\"@type\":\"EntryPoint\",\"urlTemplate\":\"https:\\\/\\\/www.meydan.tv\\\/az\\\/?s={search_term_string}\"},\"query-input\":{\"@type\":\"PropertyValueSpecification\",\"valueRequired\":true,\"valueName\":\"search_term_string\"}}],\"inLanguage\":\"az\"},{\"@type\":\"Organization\",\"@id\":\"https:\\\/\\\/www.meydan.tv\\\/az\\\/#organization\",\"name\":\"Meydan TV\",\"url\":\"https:\\\/\\\/www.meydan.tv\\\/az\\\/\",\"logo\":{\"@type\":\"ImageObject\",\"inLanguage\":\"az\",\"@id\":\"https:\\\/\\\/www.meydan.tv\\\/az\\\/#\\\/schema\\\/logo\\\/image\\\/\",\"url\":\"https:\\\/\\\/www.meydan.tv\\\/wp-content\\\/uploads\\\/2021\\\/07\\\/meydan-logo.svg\",\"contentUrl\":\"https:\\\/\\\/www.meydan.tv\\\/wp-content\\\/uploads\\\/2021\\\/07\\\/meydan-logo.svg\",\"width\":195,\"height\":46,\"caption\":\"Meydan TV\"},\"image\":{\"@id\":\"https:\\\/\\\/www.meydan.tv\\\/az\\\/#\\\/schema\\\/logo\\\/image\\\/\"}},{\"@type\":\"Person\",\"@id\":\"https:\\\/\\\/www.meydan.tv\\\/az\\\/#\\\/schema\\\/person\\\/476e9360e593fa131d5d71d51866f8da\",\"name\":\"aleks\"}]}<\/script>\n<!-- \/ Yoast SEO plugin. -->","yoast_head_json":{"title":"AXCP v\u0259 M\u00fcsavat R\u0259sulzad\u0259nin do\u011fum g\u00fcn\u00fcn\u00fc qeyd edibl\u0259r - MEYDAN.TV","robots":{"index":"index","follow":"follow","max-snippet":"max-snippet:-1","max-image-preview":"max-image-preview:large","max-video-preview":"max-video-preview:-1"},"canonical":"https:\/\/www.meydan.tv\/az\/article\/axcp-v%c9%99-musavat-r%c9%99sulzad%c9%99nin-dogum-gununu-qeyd-edibl%c9%99r\/","og_locale":"az_AZ","og_type":"article","og_title":"AXCP v\u0259 M\u00fcsavat R\u0259sulzad\u0259nin do\u011fum g\u00fcn\u00fcn\u00fc qeyd edibl\u0259r - MEYDAN.TV","og_description":"Yanvar\u0131n 31-i Az\u0259rbaycan Xalq C\u00fcmhuriyy\u0259tinin banil\u0259rind\u0259n M\u0259h\u0259mm\u0259d \u018fmin R\u0259sulzad\u0259nin 141-ci ... Davam\u0131","og_url":"https:\/\/www.meydan.tv\/az\/article\/axcp-v%c9%99-musavat-r%c9%99sulzad%c9%99nin-dogum-gununu-qeyd-edibl%c9%99r\/","og_site_name":"MEYDAN.TV","article_published_time":"2025-01-31T16:31:34+00:00","article_modified_time":"2025-02-03T08:16:00+00:00","og_image":[{"width":1512,"height":744,"url":"https:\/\/www.meydan.tv\/wp-content\/uploads\/screenshot-2025-01-31-at-17.30.51.png","type":"image\/png"}],"author":"aleks","twitter_card":"summary_large_image","schema":{"@context":"https:\/\/schema.org","@graph":[{"@type":"Article","@id":"https:\/\/www.meydan.tv\/az\/article\/axcp-v%c9%99-musavat-r%c9%99sulzad%c9%99nin-dogum-gununu-qeyd-edibl%c9%99r\/#article","isPartOf":{"@id":"https:\/\/www.meydan.tv\/az\/article\/axcp-v%c9%99-musavat-r%c9%99sulzad%c9%99nin-dogum-gununu-qeyd-edibl%c9%99r\/"},"author":{"name":"aleks","@id":"https:\/\/www.meydan.tv\/az\/#\/schema\/person\/476e9360e593fa131d5d71d51866f8da"},"headline":"AXCP v\u0259 M\u00fcsavat R\u0259sulzad\u0259nin do\u011fum g\u00fcn\u00fcn\u00fc qeyd edibl\u0259r","datePublished":"2025-01-31T16:31:34+00:00","dateModified":"2025-02-03T08:16:00+00:00","mainEntityOfPage":{"@id":"https:\/\/www.meydan.tv\/az\/article\/axcp-v%c9%99-musavat-r%c9%99sulzad%c9%99nin-dogum-gununu-qeyd-edibl%c9%99r\/"},"wordCount":378,"publisher":{"@id":"https:\/\/www.meydan.tv\/az\/#organization"},"image":{"@id":"https:\/\/www.meydan.tv\/az\/article\/axcp-v%c9%99-musavat-r%c9%99sulzad%c9%99nin-dogum-gununu-qeyd-edibl%c9%99r\/#primaryimage"},"thumbnailUrl":"https:\/\/www.meydan.tv\/wp-content\/uploads\/screenshot-2025-01-31-at-17.30.51.png","articleSection":["Siyas\u0259t","T\u00f6vsiy\u0259","Video","X\u0259b\u0259rl\u0259r"],"inLanguage":"az"},{"@type":"WebPage","@id":"https:\/\/www.meydan.tv\/az\/article\/axcp-v%c9%99-musavat-r%c9%99sulzad%c9%99nin-dogum-gununu-qeyd-edibl%c9%99r\/","url":"https:\/\/www.meydan.tv\/az\/article\/axcp-v%c9%99-musavat-r%c9%99sulzad%c9%99nin-dogum-gununu-qeyd-edibl%c9%99r\/","name":"AXCP v\u0259 M\u00fcsavat R\u0259sulzad\u0259nin do\u011fum g\u00fcn\u00fcn\u00fc qeyd edibl\u0259r - MEYDAN.TV","isPartOf":{"@id":"https:\/\/www.meydan.tv\/az\/#website"},"primaryImageOfPage":{"@id":"https:\/\/www.meydan.tv\/az\/article\/axcp-v%c9%99-musavat-r%c9%99sulzad%c9%99nin-dogum-gununu-qeyd-edibl%c9%99r\/#primaryimage"},"image":{"@id":"https:\/\/www.meydan.tv\/az\/article\/axcp-v%c9%99-musavat-r%c9%99sulzad%c9%99nin-dogum-gununu-qeyd-edibl%c9%99r\/#primaryimage"},"thumbnailUrl":"https:\/\/www.meydan.tv\/wp-content\/uploads\/screenshot-2025-01-31-at-17.30.51.png","datePublished":"2025-01-31T16:31:34+00:00","dateModified":"2025-02-03T08:16:00+00:00","breadcrumb":{"@id":"https:\/\/www.meydan.tv\/az\/article\/axcp-v%c9%99-musavat-r%c9%99sulzad%c9%99nin-dogum-gununu-qeyd-edibl%c9%99r\/#breadcrumb"},"inLanguage":"az","potentialAction":[{"@type":"ReadAction","target":["https:\/\/www.meydan.tv\/az\/article\/axcp-v%c9%99-musavat-r%c9%99sulzad%c9%99nin-dogum-gununu-qeyd-edibl%c9%99r\/"]}]},{"@type":"ImageObject","inLanguage":"az","@id":"https:\/\/www.meydan.tv\/az\/article\/axcp-v%c9%99-musavat-r%c9%99sulzad%c9%99nin-dogum-gununu-qeyd-edibl%c9%99r\/#primaryimage","url":"https:\/\/www.meydan.tv\/wp-content\/uploads\/screenshot-2025-01-31-at-17.30.51.png","contentUrl":"https:\/\/www.meydan.tv\/wp-content\/uploads\/screenshot-2025-01-31-at-17.30.51.png","width":1512,"height":744},{"@type":"BreadcrumbList","@id":"https:\/\/www.meydan.tv\/az\/article\/axcp-v%c9%99-musavat-r%c9%99sulzad%c9%99nin-dogum-gununu-qeyd-edibl%c9%99r\/#breadcrumb","itemListElement":[{"@type":"ListItem","position":1,"name":"Ana s\u0259hif\u0259","item":"https:\/\/www.meydan.tv\/az\/"},{"@type":"ListItem","position":2,"name":"Video","item":"https:\/\/www.meydan.tv\/az\/section\/video-2\/"},{"@type":"ListItem","position":3,"name":"AXCP v\u0259 M\u00fcsavat R\u0259sulzad\u0259nin do\u011fum g\u00fcn\u00fcn\u00fc qeyd edibl\u0259r"}]},{"@type":"WebSite","@id":"https:\/\/www.meydan.tv\/az\/#website","url":"https:\/\/www.meydan.tv\/az\/","name":"MEYDAN.TV","description":"Meydan TV Az\u0259rbaycan\u0131n media m\u0259kan\u0131ndak\u0131 alternativ s\u0259sidir","publisher":{"@id":"https:\/\/www.meydan.tv\/az\/#organization"},"potentialAction":[{"@type":"SearchAction","target":{"@type":"EntryPoint","urlTemplate":"https:\/\/www.meydan.tv\/az\/?s={search_term_string}"},"query-input":{"@type":"PropertyValueSpecification","valueRequired":true,"valueName":"search_term_string"}}],"inLanguage":"az"},{"@type":"Organization","@id":"https:\/\/www.meydan.tv\/az\/#organization","name":"Meydan TV","url":"https:\/\/www.meydan.tv\/az\/","logo":{"@type":"ImageObject","inLanguage":"az","@id":"https:\/\/www.meydan.tv\/az\/#\/schema\/logo\/image\/","url":"https:\/\/www.meydan.tv\/wp-content\/uploads\/2021\/07\/meydan-logo.svg","contentUrl":"https:\/\/www.meydan.tv\/wp-content\/uploads\/2021\/07\/meydan-logo.svg","width":195,"height":46,"caption":"Meydan TV"},"image":{"@id":"https:\/\/www.meydan.tv\/az\/#\/schema\/logo\/image\/"}},{"@type":"Person","@id":"https:\/\/www.meydan.tv\/az\/#\/schema\/person\/476e9360e593fa131d5d71d51866f8da","name":"aleks"}]}},"_links":{"self":[{"href":"https:\/\/www.meydan.tv\/az\/wp-json\/wp\/v2\/posts\/325590","targetHints":{"allow":["GET"]}}],"collection":[{"href":"https:\/\/www.meydan.tv\/az\/wp-json\/wp\/v2\/posts"}],"about":[{"href":"https:\/\/www.meydan.tv\/az\/wp-json\/wp\/v2\/types\/post"}],"author":[{"embeddable":true,"href":"https:\/\/www.meydan.tv\/az\/wp-json\/wp\/v2\/users\/12"}],"replies":[{"embeddable":true,"href":"https:\/\/www.meydan.tv\/az\/wp-json\/wp\/v2\/comments?post=325590"}],"version-history":[{"count":3,"href":"https:\/\/www.meydan.tv\/az\/wp-json\/wp\/v2\/posts\/325590\/revisions"}],"predecessor-version":[{"id":325638,"href":"https:\/\/www.meydan.tv\/az\/wp-json\/wp\/v2\/posts\/325590\/revisions\/325638"}],"wp:featuredmedia":[{"embeddable":true,"href":"https:\/\/www.meydan.tv\/az\/wp-json\/wp\/v2\/media\/325595"}],"wp:attachment":[{"href":"https:\/\/www.meydan.tv\/az\/wp-json\/wp\/v2\/media?parent=325590"}],"wp:term":[{"taxonomy":"category","embeddable":true,"href":"https:\/\/www.meydan.tv\/az\/wp-json\/wp\/v2\/categories?post=325590"},{"taxonomy":"post_tag","embeddable":true,"href":"https:\/\/www.meydan.tv\/az\/wp-json\/wp\/v2\/tags?post=325590"}],"curies":[{"name":"wp","href":"https:\/\/api.w.org\/{rel}","templated":true}]}}