{"id":325586,"date":"2025-01-31T20:23:37","date_gmt":"2025-01-31T16:23:37","guid":{"rendered":"https:\/\/www.meydan.tv\/?p=325586"},"modified":"2025-01-31T20:23:40","modified_gmt":"2025-01-31T16:23:40","slug":"v%c9%99kilin-blogerl%c9%99rl%c9%99-gorusun%c9%99-icaz%c9%99-verilm%c9%99yib","status":"publish","type":"post","link":"https:\/\/www.meydan.tv\/az\/article\/v%c9%99kilin-blogerl%c9%99rl%c9%99-gorusun%c9%99-icaz%c9%99-verilm%c9%99yib\/","title":{"rendered":"V\u0259kilin blogerl\u0259rl\u0259 g\u00f6r\u00fc\u015f\u00fcn\u0259 icaz\u0259 verilm\u0259yib"},"content":{"rendered":"\n<p><em><strong>El\u00e7in Sad\u0131qov bunu h\u00fcquq pozuntusu say\u0131r<\/strong><\/em><\/p>\n\n\n\n<p>V\u0259kil El\u00e7in Sad\u0131qovun 15 sayl\u0131 C\u0259za\u00e7\u0259km\u0259 M\u00fc\u0259ssis\u0259sind\u0259 &#8220;<a href=\"https:\/\/xeberman.com\/\" target=\"_blank\" rel=\"noreferrer noopener\">xeberman.com<\/a>&#8221; sayt\u0131n\u0131n r\u0259hb\u0259ri Polad Aslanov v\u0259 bloger R\u0259\u015fad Ramazanovla g\u00f6r\u00fc\u015fm\u0259sin\u0259 icaz\u0259 verilm\u0259yib.<\/p>\n\n\n\n<p>Bu bar\u0259d\u0259 Meydan TV-y\u0259 El\u00e7in Sad\u0131qov m\u0259lumat verib.<\/p>\n\n\n\n<p>O bildirib ki, yanvar\u0131n 31-d\u0259 15 sayl\u0131 C\u0259za\u00e7\u0259km\u0259 M\u00fc\u0259ssis\u0259sin\u0259 gets\u0259 d\u0259, m\u00fcv\u0259kkill\u0259ri il\u0259 g\u00f6r\u00fc\u015f\u0259 bilm\u0259yib:<\/p>\n\n\n\n<p><em>&#8220;M\u0259nim g\u0259ldiyimi yuxar\u0131lar\u0131na m\u0259ruz\u0259 etm\u0259k ad\u0131 il\u0259 g\u00f6zl\u0259tdil\u0259r. Bir m\u00fcdd\u0259t d\u0259 g\u00f6zl\u0259d\u0259nd\u0259n sonra dedil\u0259r ki, c\u0259mi bir v\u0259kil ota\u011f\u0131 var, orada da v\u0259kil var, ona g\u00f6r\u0259 g\u00f6r\u00fc\u015f vermirik&#8221;.<\/em><\/p>\n\n\n\n<p>V\u0259kil deyir ki, 2 saatdan \u00e7ox g\u00f6zl\u0259s\u0259 d\u0259, ona m\u00fcsb\u0259t cavab verilm\u0259yib, o \u00fczd\u0259n d\u0259 c\u0259za\u00e7\u0259km\u0259 m\u00fc\u0259ssis\u0259sind\u0259n geri qay\u0131d\u0131b.<\/p>\n\n\n\n<p>Bir ne\u00e7\u0259 g\u00fcn \u00f6nc\u0259 Polad Aslanov v\u0259 R\u0259\u015fad Ramazanov c\u0259za\u00e7\u0259km\u0259 m\u00fc\u0259ssis\u0259sind\u0259 h\u00fcquqlar\u0131n\u0131n pozuldu\u011funu bildiribl\u0259r.<\/p>\n\n\n\n<p>Onlar saxlanma \u015f\u0259raitinin a\u011f\u0131r olmas\u0131 v\u0259 m\u0259hbuslara qar\u015f\u0131 r\u0259ftar\u0131n pis olmas\u0131 haqq\u0131nda m\u0259lumat veribl\u0259r.<\/p>\n\n\n\n<p>Polad Aslanovun h\u0259yat yolda\u015f\u0131 G\u00fclmir\u0259 Aslanova deyib ki, 15 sayl\u0131 C\u0259za\u00e7\u0259km\u0259 M\u00fc\u0259ssis\u0259sind\u0259 saxlan\u0131lan &#8220;<a href=\"https:\/\/xeberman.com\/\" target=\"_blank\" rel=\"noreferrer noopener\">xeberman.com<\/a>&#8221; sayt\u0131n\u0131n r\u0259hb\u0259ri Polad Aslanov r\u0259is m\u00fcavininin kabinetind\u0259n v\u0259 onun i\u015ftirak\u0131 il\u0259 ail\u0259sin\u0259 z\u0259ng etm\u0259y\u0259 m\u0259cbur edilib.<\/p>\n\n\n\n<p>Polad Aslanov bunu \u015f\u0259xsi h\u0259yat h\u00fcququnun pozuntusu kimi qiym\u0259tl\u0259ndirib.<\/p>\n\n\n\n<p>Polad saxlanma \u015f\u0259raitinin pis olmas\u0131 bar\u0259d\u0259 yaln\u0131z 21-24 yanvar tarixl\u0259rind\u0259 uzun g\u00f6r\u00fc\u015f zaman\u0131 dan\u0131\u015fa bilib.<\/p>\n\n\n\n<p>Onun s\u00f6zl\u0259rin\u0259 g\u00f6r\u0259, c\u0259za\u00e7\u0259km\u0259 m\u00fc\u0259ssis\u0259sind\u0259 t\u0259yin edilmi\u015f 1146 n\u0259f\u0259r yerin\u0259 1500 m\u0259hbus saxlan\u0131l\u0131r.<\/p>\n\n\n\n<p>\u00c7arpay\u0131 \u00e7at\u0131\u015fmad\u0131\u011f\u0131na g\u00f6r\u0259 b\u0259zi m\u0259hbuslar yerd\u0259 yat\u0131rlar.<\/p>\n\n\n\n<p>Eyni zamanda, \u015f\u0259raiti m\u0259qbul olan kameralar ba\u011fl\u0131 saxlan\u0131r.<\/p>\n\n\n\n<p>Polad Aslanov 12 iyun 2019-cu il tarixind\u0259 \u0130ran\u0131n xeyrin\u0259 casusluq ittiham\u0131 il\u0259 &#8211; CM-in 274-c\u00fc (d\u00f6vl\u0259t\u0259 x\u0259yan\u0259t) madd\u0259si il\u0259 h\u0259bs olunub.<\/p>\n\n\n\n<p>O, 16 il azadl\u0131qdan m\u0259hrum edilib.<\/p>\n\n\n\n<p>Aslanov b\u00fct\u00fcn ittihamlar\u0131 r\u0259dd edib, x\u00fcsusi xidm\u0259t \u0259m\u0259kda\u015flar\u0131 aras\u0131nda korrupsiya faktlar\u0131n\u0131 if\u015fa etdiyin\u0259 g\u00f6r\u0259 t\u0259qib edildiyini bildirib.<\/p>\n\n\n\n<p>H\u00fcquq m\u00fcdafi\u0259\u00e7il\u0259ri onu siyasi m\u0259hbus kimi tan\u0131y\u0131blar.<\/p>\n\n\n\n<p>Sonradan Ali M\u0259hk\u0259m\u0259 Aslanovun h\u0259bs m\u00fcdd\u0259tini 13 il\u0259 q\u0259d\u0259r azald\u0131b.<\/p>\n\n\n\n<p>A\u0130HM onun h\u0259bsinin qanunsuz oldu\u011funu t\u0259sdiq edib v\u0259 t\u0259zminat t\u0259yin edib.17:16<\/p>\n","protected":false},"excerpt":{"rendered":"<p>El\u00e7in Sad\u0131qov bunu h\u00fcquq pozuntusu say\u0131r V\u0259kil El\u00e7in Sad\u0131qovun 15 &#8230; <\/p>\n<p class=\"read-more-container\"><a title=\"V\u0259kilin blogerl\u0259rl\u0259 g\u00f6r\u00fc\u015f\u00fcn\u0259 icaz\u0259 verilm\u0259yib\" class=\"read-more button\" href=\"https:\/\/www.meydan.tv\/az\/article\/v%c9%99kilin-blogerl%c9%99rl%c9%99-gorusun%c9%99-icaz%c9%99-verilm%c9%99yib\/#more-325586\" aria-label=\"Read more about V\u0259kilin blogerl\u0259rl\u0259 g\u00f6r\u00fc\u015f\u00fcn\u0259 icaz\u0259 verilm\u0259yib\">Davam\u0131<\/a><\/p>\n","protected":false},"author":16,"featured_media":247969,"comment_status":"closed","ping_status":"closed","sticky":false,"template":"","format":"standard","meta":{"_acf_changed":false,"_sitemap_exclude":false,"_sitemap_priority":"","_sitemap_frequency":"","footnotes":""},"categories":[62,56],"tags":[],"class_list":["post-325586","post","type-post","status-publish","format-standard","has-post-thumbnail","hentry","category-sosial","category-xeberler","infinite-scroll-item","generate-columns","tablet-grid-50","mobile-grid-100","grid-parent","grid-33","no-featured-image-padding"],"acf":[],"yoast_head":"<!-- This site is optimized with the Yoast SEO plugin v27.4 - https:\/\/yoast.com\/product\/yoast-seo-wordpress\/ -->\n<title>V\u0259kilin blogerl\u0259rl\u0259 g\u00f6r\u00fc\u015f\u00fcn\u0259 icaz\u0259 verilm\u0259yib - MEYDAN.TV<\/title>\n<meta name=\"robots\" content=\"index, follow, max-snippet:-1, max-image-preview:large, max-video-preview:-1\" \/>\n<link rel=\"canonical\" href=\"https:\/\/www.meydan.tv\/az\/article\/v%c9%99kilin-blogerl%c9%99rl%c9%99-gorusun%c9%99-icaz%c9%99-verilm%c9%99yib\/\" \/>\n<meta property=\"og:locale\" content=\"az_AZ\" \/>\n<meta property=\"og:type\" content=\"article\" \/>\n<meta property=\"og:title\" content=\"V\u0259kilin blogerl\u0259rl\u0259 g\u00f6r\u00fc\u015f\u00fcn\u0259 icaz\u0259 verilm\u0259yib - MEYDAN.TV\" \/>\n<meta property=\"og:description\" content=\"El\u00e7in Sad\u0131qov bunu h\u00fcquq pozuntusu say\u0131r V\u0259kil El\u00e7in Sad\u0131qovun 15 ... Davam\u0131\" \/>\n<meta property=\"og:url\" content=\"https:\/\/www.meydan.tv\/az\/article\/v%c9%99kilin-blogerl%c9%99rl%c9%99-gorusun%c9%99-icaz%c9%99-verilm%c9%99yib\/\" \/>\n<meta property=\"og:site_name\" content=\"MEYDAN.TV\" \/>\n<meta property=\"article:published_time\" content=\"2025-01-31T16:23:37+00:00\" \/>\n<meta property=\"article:modified_time\" content=\"2025-01-31T16:23:40+00:00\" \/>\n<meta property=\"og:image\" content=\"https:\/\/www.meydan.tv\/wp-content\/uploads\/aksiya-2.jpg\" \/>\n\t<meta property=\"og:image:width\" content=\"1200\" \/>\n\t<meta property=\"og:image:height\" content=\"675\" \/>\n\t<meta property=\"og:image:type\" content=\"image\/jpeg\" \/>\n<meta name=\"author\" content=\"sevda\" \/>\n<meta name=\"twitter:card\" content=\"summary_large_image\" \/>\n<script type=\"application\/ld+json\" class=\"yoast-schema-graph\">{\"@context\":\"https:\\\/\\\/schema.org\",\"@graph\":[{\"@type\":\"Article\",\"@id\":\"https:\\\/\\\/www.meydan.tv\\\/az\\\/article\\\/v%c9%99kilin-blogerl%c9%99rl%c9%99-gorusun%c9%99-icaz%c9%99-verilm%c9%99yib\\\/#article\",\"isPartOf\":{\"@id\":\"https:\\\/\\\/www.meydan.tv\\\/az\\\/article\\\/v%c9%99kilin-blogerl%c9%99rl%c9%99-gorusun%c9%99-icaz%c9%99-verilm%c9%99yib\\\/\"},\"author\":{\"name\":\"sevda\",\"@id\":\"https:\\\/\\\/www.meydan.tv\\\/az\\\/#\\\/schema\\\/person\\\/49b5f2bad5b126bb8ea9320eeb3e4dc9\"},\"headline\":\"V\u0259kilin blogerl\u0259rl\u0259 g\u00f6r\u00fc\u015f\u00fcn\u0259 icaz\u0259 verilm\u0259yib\",\"datePublished\":\"2025-01-31T16:23:37+00:00\",\"dateModified\":\"2025-01-31T16:23:40+00:00\",\"mainEntityOfPage\":{\"@id\":\"https:\\\/\\\/www.meydan.tv\\\/az\\\/article\\\/v%c9%99kilin-blogerl%c9%99rl%c9%99-gorusun%c9%99-icaz%c9%99-verilm%c9%99yib\\\/\"},\"wordCount\":459,\"publisher\":{\"@id\":\"https:\\\/\\\/www.meydan.tv\\\/az\\\/#organization\"},\"image\":{\"@id\":\"https:\\\/\\\/www.meydan.tv\\\/az\\\/article\\\/v%c9%99kilin-blogerl%c9%99rl%c9%99-gorusun%c9%99-icaz%c9%99-verilm%c9%99yib\\\/#primaryimage\"},\"thumbnailUrl\":\"https:\\\/\\\/www.meydan.tv\\\/wp-content\\\/uploads\\\/aksiya-2.jpg\",\"articleSection\":[\"Sosial\",\"X\u0259b\u0259rl\u0259r\"],\"inLanguage\":\"az\"},{\"@type\":\"WebPage\",\"@id\":\"https:\\\/\\\/www.meydan.tv\\\/az\\\/article\\\/v%c9%99kilin-blogerl%c9%99rl%c9%99-gorusun%c9%99-icaz%c9%99-verilm%c9%99yib\\\/\",\"url\":\"https:\\\/\\\/www.meydan.tv\\\/az\\\/article\\\/v%c9%99kilin-blogerl%c9%99rl%c9%99-gorusun%c9%99-icaz%c9%99-verilm%c9%99yib\\\/\",\"name\":\"V\u0259kilin blogerl\u0259rl\u0259 g\u00f6r\u00fc\u015f\u00fcn\u0259 icaz\u0259 verilm\u0259yib - MEYDAN.TV\",\"isPartOf\":{\"@id\":\"https:\\\/\\\/www.meydan.tv\\\/az\\\/#website\"},\"primaryImageOfPage\":{\"@id\":\"https:\\\/\\\/www.meydan.tv\\\/az\\\/article\\\/v%c9%99kilin-blogerl%c9%99rl%c9%99-gorusun%c9%99-icaz%c9%99-verilm%c9%99yib\\\/#primaryimage\"},\"image\":{\"@id\":\"https:\\\/\\\/www.meydan.tv\\\/az\\\/article\\\/v%c9%99kilin-blogerl%c9%99rl%c9%99-gorusun%c9%99-icaz%c9%99-verilm%c9%99yib\\\/#primaryimage\"},\"thumbnailUrl\":\"https:\\\/\\\/www.meydan.tv\\\/wp-content\\\/uploads\\\/aksiya-2.jpg\",\"datePublished\":\"2025-01-31T16:23:37+00:00\",\"dateModified\":\"2025-01-31T16:23:40+00:00\",\"breadcrumb\":{\"@id\":\"https:\\\/\\\/www.meydan.tv\\\/az\\\/article\\\/v%c9%99kilin-blogerl%c9%99rl%c9%99-gorusun%c9%99-icaz%c9%99-verilm%c9%99yib\\\/#breadcrumb\"},\"inLanguage\":\"az\",\"potentialAction\":[{\"@type\":\"ReadAction\",\"target\":[\"https:\\\/\\\/www.meydan.tv\\\/az\\\/article\\\/v%c9%99kilin-blogerl%c9%99rl%c9%99-gorusun%c9%99-icaz%c9%99-verilm%c9%99yib\\\/\"]}]},{\"@type\":\"ImageObject\",\"inLanguage\":\"az\",\"@id\":\"https:\\\/\\\/www.meydan.tv\\\/az\\\/article\\\/v%c9%99kilin-blogerl%c9%99rl%c9%99-gorusun%c9%99-icaz%c9%99-verilm%c9%99yib\\\/#primaryimage\",\"url\":\"https:\\\/\\\/www.meydan.tv\\\/wp-content\\\/uploads\\\/aksiya-2.jpg\",\"contentUrl\":\"https:\\\/\\\/www.meydan.tv\\\/wp-content\\\/uploads\\\/aksiya-2.jpg\",\"width\":1200,\"height\":675,\"caption\":\"Foto: Meydan TV\"},{\"@type\":\"BreadcrumbList\",\"@id\":\"https:\\\/\\\/www.meydan.tv\\\/az\\\/article\\\/v%c9%99kilin-blogerl%c9%99rl%c9%99-gorusun%c9%99-icaz%c9%99-verilm%c9%99yib\\\/#breadcrumb\",\"itemListElement\":[{\"@type\":\"ListItem\",\"position\":1,\"name\":\"Ana s\u0259hif\u0259\",\"item\":\"https:\\\/\\\/www.meydan.tv\\\/az\\\/\"},{\"@type\":\"ListItem\",\"position\":2,\"name\":\"X\u0259b\u0259rl\u0259r\",\"item\":\"https:\\\/\\\/www.meydan.tv\\\/az\\\/section\\\/xeberler\\\/\"},{\"@type\":\"ListItem\",\"position\":3,\"name\":\"V\u0259kilin blogerl\u0259rl\u0259 g\u00f6r\u00fc\u015f\u00fcn\u0259 icaz\u0259 verilm\u0259yib\"}]},{\"@type\":\"WebSite\",\"@id\":\"https:\\\/\\\/www.meydan.tv\\\/az\\\/#website\",\"url\":\"https:\\\/\\\/www.meydan.tv\\\/az\\\/\",\"name\":\"MEYDAN.TV\",\"description\":\"Meydan TV Az\u0259rbaycan\u0131n media m\u0259kan\u0131ndak\u0131 alternativ s\u0259sidir\",\"publisher\":{\"@id\":\"https:\\\/\\\/www.meydan.tv\\\/az\\\/#organization\"},\"potentialAction\":[{\"@type\":\"SearchAction\",\"target\":{\"@type\":\"EntryPoint\",\"urlTemplate\":\"https:\\\/\\\/www.meydan.tv\\\/az\\\/?s={search_term_string}\"},\"query-input\":{\"@type\":\"PropertyValueSpecification\",\"valueRequired\":true,\"valueName\":\"search_term_string\"}}],\"inLanguage\":\"az\"},{\"@type\":\"Organization\",\"@id\":\"https:\\\/\\\/www.meydan.tv\\\/az\\\/#organization\",\"name\":\"Meydan TV\",\"url\":\"https:\\\/\\\/www.meydan.tv\\\/az\\\/\",\"logo\":{\"@type\":\"ImageObject\",\"inLanguage\":\"az\",\"@id\":\"https:\\\/\\\/www.meydan.tv\\\/az\\\/#\\\/schema\\\/logo\\\/image\\\/\",\"url\":\"https:\\\/\\\/www.meydan.tv\\\/wp-content\\\/uploads\\\/2021\\\/07\\\/meydan-logo.svg\",\"contentUrl\":\"https:\\\/\\\/www.meydan.tv\\\/wp-content\\\/uploads\\\/2021\\\/07\\\/meydan-logo.svg\",\"width\":195,\"height\":46,\"caption\":\"Meydan TV\"},\"image\":{\"@id\":\"https:\\\/\\\/www.meydan.tv\\\/az\\\/#\\\/schema\\\/logo\\\/image\\\/\"}},{\"@type\":\"Person\",\"@id\":\"https:\\\/\\\/www.meydan.tv\\\/az\\\/#\\\/schema\\\/person\\\/49b5f2bad5b126bb8ea9320eeb3e4dc9\",\"name\":\"sevda\"}]}<\/script>\n<!-- \/ Yoast SEO plugin. -->","yoast_head_json":{"title":"V\u0259kilin blogerl\u0259rl\u0259 g\u00f6r\u00fc\u015f\u00fcn\u0259 icaz\u0259 verilm\u0259yib - MEYDAN.TV","robots":{"index":"index","follow":"follow","max-snippet":"max-snippet:-1","max-image-preview":"max-image-preview:large","max-video-preview":"max-video-preview:-1"},"canonical":"https:\/\/www.meydan.tv\/az\/article\/v%c9%99kilin-blogerl%c9%99rl%c9%99-gorusun%c9%99-icaz%c9%99-verilm%c9%99yib\/","og_locale":"az_AZ","og_type":"article","og_title":"V\u0259kilin blogerl\u0259rl\u0259 g\u00f6r\u00fc\u015f\u00fcn\u0259 icaz\u0259 verilm\u0259yib - MEYDAN.TV","og_description":"El\u00e7in Sad\u0131qov bunu h\u00fcquq pozuntusu say\u0131r V\u0259kil El\u00e7in Sad\u0131qovun 15 ... Davam\u0131","og_url":"https:\/\/www.meydan.tv\/az\/article\/v%c9%99kilin-blogerl%c9%99rl%c9%99-gorusun%c9%99-icaz%c9%99-verilm%c9%99yib\/","og_site_name":"MEYDAN.TV","article_published_time":"2025-01-31T16:23:37+00:00","article_modified_time":"2025-01-31T16:23:40+00:00","og_image":[{"width":1200,"height":675,"url":"https:\/\/www.meydan.tv\/wp-content\/uploads\/aksiya-2.jpg","type":"image\/jpeg"}],"author":"sevda","twitter_card":"summary_large_image","schema":{"@context":"https:\/\/schema.org","@graph":[{"@type":"Article","@id":"https:\/\/www.meydan.tv\/az\/article\/v%c9%99kilin-blogerl%c9%99rl%c9%99-gorusun%c9%99-icaz%c9%99-verilm%c9%99yib\/#article","isPartOf":{"@id":"https:\/\/www.meydan.tv\/az\/article\/v%c9%99kilin-blogerl%c9%99rl%c9%99-gorusun%c9%99-icaz%c9%99-verilm%c9%99yib\/"},"author":{"name":"sevda","@id":"https:\/\/www.meydan.tv\/az\/#\/schema\/person\/49b5f2bad5b126bb8ea9320eeb3e4dc9"},"headline":"V\u0259kilin blogerl\u0259rl\u0259 g\u00f6r\u00fc\u015f\u00fcn\u0259 icaz\u0259 verilm\u0259yib","datePublished":"2025-01-31T16:23:37+00:00","dateModified":"2025-01-31T16:23:40+00:00","mainEntityOfPage":{"@id":"https:\/\/www.meydan.tv\/az\/article\/v%c9%99kilin-blogerl%c9%99rl%c9%99-gorusun%c9%99-icaz%c9%99-verilm%c9%99yib\/"},"wordCount":459,"publisher":{"@id":"https:\/\/www.meydan.tv\/az\/#organization"},"image":{"@id":"https:\/\/www.meydan.tv\/az\/article\/v%c9%99kilin-blogerl%c9%99rl%c9%99-gorusun%c9%99-icaz%c9%99-verilm%c9%99yib\/#primaryimage"},"thumbnailUrl":"https:\/\/www.meydan.tv\/wp-content\/uploads\/aksiya-2.jpg","articleSection":["Sosial","X\u0259b\u0259rl\u0259r"],"inLanguage":"az"},{"@type":"WebPage","@id":"https:\/\/www.meydan.tv\/az\/article\/v%c9%99kilin-blogerl%c9%99rl%c9%99-gorusun%c9%99-icaz%c9%99-verilm%c9%99yib\/","url":"https:\/\/www.meydan.tv\/az\/article\/v%c9%99kilin-blogerl%c9%99rl%c9%99-gorusun%c9%99-icaz%c9%99-verilm%c9%99yib\/","name":"V\u0259kilin blogerl\u0259rl\u0259 g\u00f6r\u00fc\u015f\u00fcn\u0259 icaz\u0259 verilm\u0259yib - MEYDAN.TV","isPartOf":{"@id":"https:\/\/www.meydan.tv\/az\/#website"},"primaryImageOfPage":{"@id":"https:\/\/www.meydan.tv\/az\/article\/v%c9%99kilin-blogerl%c9%99rl%c9%99-gorusun%c9%99-icaz%c9%99-verilm%c9%99yib\/#primaryimage"},"image":{"@id":"https:\/\/www.meydan.tv\/az\/article\/v%c9%99kilin-blogerl%c9%99rl%c9%99-gorusun%c9%99-icaz%c9%99-verilm%c9%99yib\/#primaryimage"},"thumbnailUrl":"https:\/\/www.meydan.tv\/wp-content\/uploads\/aksiya-2.jpg","datePublished":"2025-01-31T16:23:37+00:00","dateModified":"2025-01-31T16:23:40+00:00","breadcrumb":{"@id":"https:\/\/www.meydan.tv\/az\/article\/v%c9%99kilin-blogerl%c9%99rl%c9%99-gorusun%c9%99-icaz%c9%99-verilm%c9%99yib\/#breadcrumb"},"inLanguage":"az","potentialAction":[{"@type":"ReadAction","target":["https:\/\/www.meydan.tv\/az\/article\/v%c9%99kilin-blogerl%c9%99rl%c9%99-gorusun%c9%99-icaz%c9%99-verilm%c9%99yib\/"]}]},{"@type":"ImageObject","inLanguage":"az","@id":"https:\/\/www.meydan.tv\/az\/article\/v%c9%99kilin-blogerl%c9%99rl%c9%99-gorusun%c9%99-icaz%c9%99-verilm%c9%99yib\/#primaryimage","url":"https:\/\/www.meydan.tv\/wp-content\/uploads\/aksiya-2.jpg","contentUrl":"https:\/\/www.meydan.tv\/wp-content\/uploads\/aksiya-2.jpg","width":1200,"height":675,"caption":"Foto: Meydan TV"},{"@type":"BreadcrumbList","@id":"https:\/\/www.meydan.tv\/az\/article\/v%c9%99kilin-blogerl%c9%99rl%c9%99-gorusun%c9%99-icaz%c9%99-verilm%c9%99yib\/#breadcrumb","itemListElement":[{"@type":"ListItem","position":1,"name":"Ana s\u0259hif\u0259","item":"https:\/\/www.meydan.tv\/az\/"},{"@type":"ListItem","position":2,"name":"X\u0259b\u0259rl\u0259r","item":"https:\/\/www.meydan.tv\/az\/section\/xeberler\/"},{"@type":"ListItem","position":3,"name":"V\u0259kilin blogerl\u0259rl\u0259 g\u00f6r\u00fc\u015f\u00fcn\u0259 icaz\u0259 verilm\u0259yib"}]},{"@type":"WebSite","@id":"https:\/\/www.meydan.tv\/az\/#website","url":"https:\/\/www.meydan.tv\/az\/","name":"MEYDAN.TV","description":"Meydan TV Az\u0259rbaycan\u0131n media m\u0259kan\u0131ndak\u0131 alternativ s\u0259sidir","publisher":{"@id":"https:\/\/www.meydan.tv\/az\/#organization"},"potentialAction":[{"@type":"SearchAction","target":{"@type":"EntryPoint","urlTemplate":"https:\/\/www.meydan.tv\/az\/?s={search_term_string}"},"query-input":{"@type":"PropertyValueSpecification","valueRequired":true,"valueName":"search_term_string"}}],"inLanguage":"az"},{"@type":"Organization","@id":"https:\/\/www.meydan.tv\/az\/#organization","name":"Meydan TV","url":"https:\/\/www.meydan.tv\/az\/","logo":{"@type":"ImageObject","inLanguage":"az","@id":"https:\/\/www.meydan.tv\/az\/#\/schema\/logo\/image\/","url":"https:\/\/www.meydan.tv\/wp-content\/uploads\/2021\/07\/meydan-logo.svg","contentUrl":"https:\/\/www.meydan.tv\/wp-content\/uploads\/2021\/07\/meydan-logo.svg","width":195,"height":46,"caption":"Meydan TV"},"image":{"@id":"https:\/\/www.meydan.tv\/az\/#\/schema\/logo\/image\/"}},{"@type":"Person","@id":"https:\/\/www.meydan.tv\/az\/#\/schema\/person\/49b5f2bad5b126bb8ea9320eeb3e4dc9","name":"sevda"}]}},"_links":{"self":[{"href":"https:\/\/www.meydan.tv\/az\/wp-json\/wp\/v2\/posts\/325586","targetHints":{"allow":["GET"]}}],"collection":[{"href":"https:\/\/www.meydan.tv\/az\/wp-json\/wp\/v2\/posts"}],"about":[{"href":"https:\/\/www.meydan.tv\/az\/wp-json\/wp\/v2\/types\/post"}],"author":[{"embeddable":true,"href":"https:\/\/www.meydan.tv\/az\/wp-json\/wp\/v2\/users\/16"}],"replies":[{"embeddable":true,"href":"https:\/\/www.meydan.tv\/az\/wp-json\/wp\/v2\/comments?post=325586"}],"version-history":[{"count":1,"href":"https:\/\/www.meydan.tv\/az\/wp-json\/wp\/v2\/posts\/325586\/revisions"}],"predecessor-version":[{"id":325587,"href":"https:\/\/www.meydan.tv\/az\/wp-json\/wp\/v2\/posts\/325586\/revisions\/325587"}],"wp:featuredmedia":[{"embeddable":true,"href":"https:\/\/www.meydan.tv\/az\/wp-json\/wp\/v2\/media\/247969"}],"wp:attachment":[{"href":"https:\/\/www.meydan.tv\/az\/wp-json\/wp\/v2\/media?parent=325586"}],"wp:term":[{"taxonomy":"category","embeddable":true,"href":"https:\/\/www.meydan.tv\/az\/wp-json\/wp\/v2\/categories?post=325586"},{"taxonomy":"post_tag","embeddable":true,"href":"https:\/\/www.meydan.tv\/az\/wp-json\/wp\/v2\/tags?post=325586"}],"curies":[{"name":"wp","href":"https:\/\/api.w.org\/{rel}","templated":true}]}}