{"id":325580,"date":"2025-01-31T18:18:09","date_gmt":"2025-01-31T14:18:09","guid":{"rendered":"https:\/\/www.meydan.tv\/?p=325580"},"modified":"2025-02-03T15:33:03","modified_gmt":"2025-02-03T11:33:03","slug":"efqan-sadiqovun-ekstradisiyasi-il%c9%99-bagli-h%c9%99bs-mudd%c9%99ti-daha-3-ay-uzadilib","status":"publish","type":"post","link":"https:\/\/www.meydan.tv\/az\/article\/efqan-sadiqovun-ekstradisiyasi-il%c9%99-bagli-h%c9%99bs-mudd%c9%99ti-daha-3-ay-uzadilib\/","title":{"rendered":"\u018ffqan Sad\u0131qovun ekstradisiyas\u0131 il\u0259 ba\u011fl\u0131 h\u0259bs m\u00fcdd\u0259ti daha 3 ay uzad\u0131l\u0131b"},"content":{"rendered":"\n<p><strong><em>M\u0259hk\u0259m\u0259 jurnalisti zamin\u0259 buraxmay\u0131b<\/em><\/strong><\/p>\n\n\n\n<p>Az\u0259rbaycanl\u0131 jurnalist \u018ffqan Sad\u0131qovun ekstradisiyas\u0131 il\u0259 ba\u011fl\u0131 h\u0259bs m\u00fcdd\u0259ti daha 3 ay uzad\u0131l\u0131b.<\/p>\n\n\n\n<p>S\u00f6z\u00fcged\u0259n q\u0259rar\u0131 Tbilisi \u015e\u0259h\u0259r M\u0259hk\u0259m\u0259sinin hakimi Lela Marida\u015fvili \u00e7\u0131xar\u0131b.<\/p>\n\n\n\n<p>Sad\u0131qovun Sosial \u018fdal\u0259t M\u0259rk\u0259zind\u0259n olan n\u00fcmay\u0259nd\u0259si Keti \u00c7utla\u015fvili onun zamin\u0259 burax\u0131lmas\u0131n\u0131 ist\u0259yib, m\u0259hk\u0259m\u0259 v\u0259sat\u0259ti t\u0259min etm\u0259yib.<\/p>\n\n\n\n<p>\u018ffqan Sad\u0131qov h\u0259bsxanada acl\u0131q aksiyas\u0131na davam edir.<\/p>\n\n\n\n<p>2024-c\u00fc il noyabr\u0131n 28-d\u0259 Tbilisi \u015e\u0259h\u0259r M\u0259hk\u0259m\u0259si Az\u0259rbaycan\u0131n &#8220;Azel.TV&#8221;\u00a0sayt\u0131n\u0131n r\u0259hb\u0259ri \u018ffqan Sad\u0131qovun Az\u0259rbaycana ekstradisiya olunmas\u0131 bar\u0259d\u0259 q\u0259rar \u00e7\u0131xar\u0131b.<\/p>\n\n\n\n<p>M\u00fcdafi\u0259 t\u0259r\u0259fi m\u0259hk\u0259m\u0259nin q\u0259rar\u0131ndan apelyasiya \u015fikay\u0259ti verib v\u0259 Avropa \u0130nsan H\u00fcquqlar\u0131 M\u0259hk\u0259m\u0259sin\u0259 m\u00fcraci\u0259t edib.<\/p>\n\n\n\n<p>\u018ffqan Sad\u0131qov 2023-c\u00fc ilin dekabr\u0131nda ail\u0259sil\u0259 birlikd\u0259 G\u00fcrc\u00fcstana gedib.<\/p>\n\n\n\n<p>2024-c\u00fc ilin iyulunda onu G\u00fcrc\u00fcstandan T\u00fcrkiy\u0259y\u0259 buraxmay\u0131blar v\u0259 deyibl\u0259r ki, ancaq Az\u0259rbaycana qay\u0131da bil\u0259r.<\/p>\n\n\n\n<p>Avqustda Az\u0259rbaycan\u0131n sor\u011fusu \u0259sas\u0131nda \u018ffqan Sad\u0131qov h\u0259bs edilib.<\/p>\n\n\n\n<p>Bak\u0131da onu h\u0259d\u0259 yolu il\u0259 t\u0259l\u0259b etm\u0259kd\u0259 ittiham edirl\u0259r v\u0259 ekstradisiyas\u0131n\u0131 t\u0259l\u0259b edirl\u0259r.<\/p>\n\n\n\n<p>O, h\u0259bsin\u0259 v\u0259 ona s\u0131\u011f\u0131nacaq verilm\u0259m\u0259sin\u0259 etiraz olaraq sentyabr\u0131n 21-d\u0259n acl\u0131q edir.<\/p>\n\n\n\n<p>Oktyabr\u0131n 8-d\u0259 acl\u0131q n\u0259tic\u0259sind\u0259 v\u0259ziyy\u0259ti pisl\u0259\u015fib v\u0259 onu h\u0259bsxana x\u0259st\u0259xanas\u0131na k\u00f6\u00e7\u00fcr\u00fcbl\u0259r.<\/p>\n","protected":false},"excerpt":{"rendered":"<p>M\u0259hk\u0259m\u0259 jurnalisti zamin\u0259 buraxmay\u0131b Az\u0259rbaycanl\u0131 jurnalist \u018ffqan Sad\u0131qovun ekstradisiyas\u0131 il\u0259 &#8230; <\/p>\n<p class=\"read-more-container\"><a title=\"\u018ffqan Sad\u0131qovun ekstradisiyas\u0131 il\u0259 ba\u011fl\u0131 h\u0259bs m\u00fcdd\u0259ti daha 3 ay uzad\u0131l\u0131b\" class=\"read-more button\" href=\"https:\/\/www.meydan.tv\/az\/article\/efqan-sadiqovun-ekstradisiyasi-il%c9%99-bagli-h%c9%99bs-mudd%c9%99ti-daha-3-ay-uzadilib\/#more-325580\" aria-label=\"Read more about \u018ffqan Sad\u0131qovun ekstradisiyas\u0131 il\u0259 ba\u011fl\u0131 h\u0259bs m\u00fcdd\u0259ti daha 3 ay uzad\u0131l\u0131b\">Davam\u0131<\/a><\/p>\n","protected":false},"author":16,"featured_media":310668,"comment_status":"closed","ping_status":"closed","sticky":false,"template":"","format":"standard","meta":{"_acf_changed":false,"_sitemap_exclude":false,"_sitemap_priority":"","_sitemap_frequency":"","footnotes":""},"categories":[62,56],"tags":[],"class_list":["post-325580","post","type-post","status-publish","format-standard","has-post-thumbnail","hentry","category-sosial","category-xeberler","infinite-scroll-item","generate-columns","tablet-grid-50","mobile-grid-100","grid-parent","grid-33","no-featured-image-padding"],"acf":[],"yoast_head":"<!-- This site is optimized with the Yoast SEO plugin v27.4 - https:\/\/yoast.com\/product\/yoast-seo-wordpress\/ -->\n<title>\u018ffqan Sad\u0131qovun ekstradisiyas\u0131 il\u0259 ba\u011fl\u0131 h\u0259bs m\u00fcdd\u0259ti daha 3 ay uzad\u0131l\u0131b - MEYDAN.TV<\/title>\n<meta name=\"robots\" content=\"index, follow, max-snippet:-1, max-image-preview:large, max-video-preview:-1\" \/>\n<link rel=\"canonical\" href=\"https:\/\/www.meydan.tv\/az\/article\/efqan-sadiqovun-ekstradisiyasi-il%c9%99-bagli-h%c9%99bs-mudd%c9%99ti-daha-3-ay-uzadilib\/\" \/>\n<meta property=\"og:locale\" content=\"az_AZ\" \/>\n<meta property=\"og:type\" content=\"article\" \/>\n<meta property=\"og:title\" content=\"\u018ffqan Sad\u0131qovun ekstradisiyas\u0131 il\u0259 ba\u011fl\u0131 h\u0259bs m\u00fcdd\u0259ti daha 3 ay uzad\u0131l\u0131b - MEYDAN.TV\" \/>\n<meta property=\"og:description\" content=\"M\u0259hk\u0259m\u0259 jurnalisti zamin\u0259 buraxmay\u0131b Az\u0259rbaycanl\u0131 jurnalist \u018ffqan Sad\u0131qovun ekstradisiyas\u0131 il\u0259 ... Davam\u0131\" \/>\n<meta property=\"og:url\" content=\"https:\/\/www.meydan.tv\/az\/article\/efqan-sadiqovun-ekstradisiyasi-il%c9%99-bagli-h%c9%99bs-mudd%c9%99ti-daha-3-ay-uzadilib\/\" \/>\n<meta property=\"og:site_name\" content=\"MEYDAN.TV\" \/>\n<meta property=\"article:published_time\" content=\"2025-01-31T14:18:09+00:00\" \/>\n<meta property=\"article:modified_time\" content=\"2025-02-03T11:33:03+00:00\" \/>\n<meta property=\"og:image\" content=\"https:\/\/www.meydan.tv\/wp-content\/uploads\/451766319_464373709662323_4992501725678655541_n-e1721314617108.jpg\" \/>\n\t<meta property=\"og:image:width\" content=\"1200\" \/>\n\t<meta property=\"og:image:height\" content=\"766\" \/>\n\t<meta property=\"og:image:type\" content=\"image\/jpeg\" \/>\n<meta name=\"author\" content=\"sevda\" \/>\n<meta name=\"twitter:card\" content=\"summary_large_image\" \/>\n<script type=\"application\/ld+json\" class=\"yoast-schema-graph\">{\"@context\":\"https:\\\/\\\/schema.org\",\"@graph\":[{\"@type\":\"Article\",\"@id\":\"https:\\\/\\\/www.meydan.tv\\\/az\\\/article\\\/efqan-sadiqovun-ekstradisiyasi-il%c9%99-bagli-h%c9%99bs-mudd%c9%99ti-daha-3-ay-uzadilib\\\/#article\",\"isPartOf\":{\"@id\":\"https:\\\/\\\/www.meydan.tv\\\/az\\\/article\\\/efqan-sadiqovun-ekstradisiyasi-il%c9%99-bagli-h%c9%99bs-mudd%c9%99ti-daha-3-ay-uzadilib\\\/\"},\"author\":{\"name\":\"sevda\",\"@id\":\"https:\\\/\\\/www.meydan.tv\\\/az\\\/#\\\/schema\\\/person\\\/49b5f2bad5b126bb8ea9320eeb3e4dc9\"},\"headline\":\"\u018ffqan Sad\u0131qovun ekstradisiyas\u0131 il\u0259 ba\u011fl\u0131 h\u0259bs m\u00fcdd\u0259ti daha 3 ay uzad\u0131l\u0131b\",\"datePublished\":\"2025-01-31T14:18:09+00:00\",\"dateModified\":\"2025-02-03T11:33:03+00:00\",\"mainEntityOfPage\":{\"@id\":\"https:\\\/\\\/www.meydan.tv\\\/az\\\/article\\\/efqan-sadiqovun-ekstradisiyasi-il%c9%99-bagli-h%c9%99bs-mudd%c9%99ti-daha-3-ay-uzadilib\\\/\"},\"wordCount\":291,\"publisher\":{\"@id\":\"https:\\\/\\\/www.meydan.tv\\\/az\\\/#organization\"},\"image\":{\"@id\":\"https:\\\/\\\/www.meydan.tv\\\/az\\\/article\\\/efqan-sadiqovun-ekstradisiyasi-il%c9%99-bagli-h%c9%99bs-mudd%c9%99ti-daha-3-ay-uzadilib\\\/#primaryimage\"},\"thumbnailUrl\":\"https:\\\/\\\/www.meydan.tv\\\/wp-content\\\/uploads\\\/451766319_464373709662323_4992501725678655541_n-e1721314617108.jpg\",\"articleSection\":[\"Sosial\",\"X\u0259b\u0259rl\u0259r\"],\"inLanguage\":\"az\"},{\"@type\":\"WebPage\",\"@id\":\"https:\\\/\\\/www.meydan.tv\\\/az\\\/article\\\/efqan-sadiqovun-ekstradisiyasi-il%c9%99-bagli-h%c9%99bs-mudd%c9%99ti-daha-3-ay-uzadilib\\\/\",\"url\":\"https:\\\/\\\/www.meydan.tv\\\/az\\\/article\\\/efqan-sadiqovun-ekstradisiyasi-il%c9%99-bagli-h%c9%99bs-mudd%c9%99ti-daha-3-ay-uzadilib\\\/\",\"name\":\"\u018ffqan Sad\u0131qovun ekstradisiyas\u0131 il\u0259 ba\u011fl\u0131 h\u0259bs m\u00fcdd\u0259ti daha 3 ay uzad\u0131l\u0131b - MEYDAN.TV\",\"isPartOf\":{\"@id\":\"https:\\\/\\\/www.meydan.tv\\\/az\\\/#website\"},\"primaryImageOfPage\":{\"@id\":\"https:\\\/\\\/www.meydan.tv\\\/az\\\/article\\\/efqan-sadiqovun-ekstradisiyasi-il%c9%99-bagli-h%c9%99bs-mudd%c9%99ti-daha-3-ay-uzadilib\\\/#primaryimage\"},\"image\":{\"@id\":\"https:\\\/\\\/www.meydan.tv\\\/az\\\/article\\\/efqan-sadiqovun-ekstradisiyasi-il%c9%99-bagli-h%c9%99bs-mudd%c9%99ti-daha-3-ay-uzadilib\\\/#primaryimage\"},\"thumbnailUrl\":\"https:\\\/\\\/www.meydan.tv\\\/wp-content\\\/uploads\\\/451766319_464373709662323_4992501725678655541_n-e1721314617108.jpg\",\"datePublished\":\"2025-01-31T14:18:09+00:00\",\"dateModified\":\"2025-02-03T11:33:03+00:00\",\"breadcrumb\":{\"@id\":\"https:\\\/\\\/www.meydan.tv\\\/az\\\/article\\\/efqan-sadiqovun-ekstradisiyasi-il%c9%99-bagli-h%c9%99bs-mudd%c9%99ti-daha-3-ay-uzadilib\\\/#breadcrumb\"},\"inLanguage\":\"az\",\"potentialAction\":[{\"@type\":\"ReadAction\",\"target\":[\"https:\\\/\\\/www.meydan.tv\\\/az\\\/article\\\/efqan-sadiqovun-ekstradisiyasi-il%c9%99-bagli-h%c9%99bs-mudd%c9%99ti-daha-3-ay-uzadilib\\\/\"]}]},{\"@type\":\"ImageObject\",\"inLanguage\":\"az\",\"@id\":\"https:\\\/\\\/www.meydan.tv\\\/az\\\/article\\\/efqan-sadiqovun-ekstradisiyasi-il%c9%99-bagli-h%c9%99bs-mudd%c9%99ti-daha-3-ay-uzadilib\\\/#primaryimage\",\"url\":\"https:\\\/\\\/www.meydan.tv\\\/wp-content\\\/uploads\\\/451766319_464373709662323_4992501725678655541_n-e1721314617108.jpg\",\"contentUrl\":\"https:\\\/\\\/www.meydan.tv\\\/wp-content\\\/uploads\\\/451766319_464373709662323_4992501725678655541_n-e1721314617108.jpg\",\"width\":1200,\"height\":766,\"caption\":\"Foto: \u018ffqan Sad\u0131qovun \u015f\u0259xsi arxivind\u0259n\"},{\"@type\":\"BreadcrumbList\",\"@id\":\"https:\\\/\\\/www.meydan.tv\\\/az\\\/article\\\/efqan-sadiqovun-ekstradisiyasi-il%c9%99-bagli-h%c9%99bs-mudd%c9%99ti-daha-3-ay-uzadilib\\\/#breadcrumb\",\"itemListElement\":[{\"@type\":\"ListItem\",\"position\":1,\"name\":\"Ana s\u0259hif\u0259\",\"item\":\"https:\\\/\\\/www.meydan.tv\\\/az\\\/\"},{\"@type\":\"ListItem\",\"position\":2,\"name\":\"X\u0259b\u0259rl\u0259r\",\"item\":\"https:\\\/\\\/www.meydan.tv\\\/az\\\/section\\\/xeberler\\\/\"},{\"@type\":\"ListItem\",\"position\":3,\"name\":\"\u018ffqan Sad\u0131qovun ekstradisiyas\u0131 il\u0259 ba\u011fl\u0131 h\u0259bs m\u00fcdd\u0259ti daha 3 ay uzad\u0131l\u0131b\"}]},{\"@type\":\"WebSite\",\"@id\":\"https:\\\/\\\/www.meydan.tv\\\/az\\\/#website\",\"url\":\"https:\\\/\\\/www.meydan.tv\\\/az\\\/\",\"name\":\"MEYDAN.TV\",\"description\":\"Meydan TV Az\u0259rbaycan\u0131n media m\u0259kan\u0131ndak\u0131 alternativ s\u0259sidir\",\"publisher\":{\"@id\":\"https:\\\/\\\/www.meydan.tv\\\/az\\\/#organization\"},\"potentialAction\":[{\"@type\":\"SearchAction\",\"target\":{\"@type\":\"EntryPoint\",\"urlTemplate\":\"https:\\\/\\\/www.meydan.tv\\\/az\\\/?s={search_term_string}\"},\"query-input\":{\"@type\":\"PropertyValueSpecification\",\"valueRequired\":true,\"valueName\":\"search_term_string\"}}],\"inLanguage\":\"az\"},{\"@type\":\"Organization\",\"@id\":\"https:\\\/\\\/www.meydan.tv\\\/az\\\/#organization\",\"name\":\"Meydan TV\",\"url\":\"https:\\\/\\\/www.meydan.tv\\\/az\\\/\",\"logo\":{\"@type\":\"ImageObject\",\"inLanguage\":\"az\",\"@id\":\"https:\\\/\\\/www.meydan.tv\\\/az\\\/#\\\/schema\\\/logo\\\/image\\\/\",\"url\":\"https:\\\/\\\/www.meydan.tv\\\/wp-content\\\/uploads\\\/2021\\\/07\\\/meydan-logo.svg\",\"contentUrl\":\"https:\\\/\\\/www.meydan.tv\\\/wp-content\\\/uploads\\\/2021\\\/07\\\/meydan-logo.svg\",\"width\":195,\"height\":46,\"caption\":\"Meydan TV\"},\"image\":{\"@id\":\"https:\\\/\\\/www.meydan.tv\\\/az\\\/#\\\/schema\\\/logo\\\/image\\\/\"}},{\"@type\":\"Person\",\"@id\":\"https:\\\/\\\/www.meydan.tv\\\/az\\\/#\\\/schema\\\/person\\\/49b5f2bad5b126bb8ea9320eeb3e4dc9\",\"name\":\"sevda\"}]}<\/script>\n<!-- \/ Yoast SEO plugin. -->","yoast_head_json":{"title":"\u018ffqan Sad\u0131qovun ekstradisiyas\u0131 il\u0259 ba\u011fl\u0131 h\u0259bs m\u00fcdd\u0259ti daha 3 ay uzad\u0131l\u0131b - MEYDAN.TV","robots":{"index":"index","follow":"follow","max-snippet":"max-snippet:-1","max-image-preview":"max-image-preview:large","max-video-preview":"max-video-preview:-1"},"canonical":"https:\/\/www.meydan.tv\/az\/article\/efqan-sadiqovun-ekstradisiyasi-il%c9%99-bagli-h%c9%99bs-mudd%c9%99ti-daha-3-ay-uzadilib\/","og_locale":"az_AZ","og_type":"article","og_title":"\u018ffqan Sad\u0131qovun ekstradisiyas\u0131 il\u0259 ba\u011fl\u0131 h\u0259bs m\u00fcdd\u0259ti daha 3 ay uzad\u0131l\u0131b - MEYDAN.TV","og_description":"M\u0259hk\u0259m\u0259 jurnalisti zamin\u0259 buraxmay\u0131b Az\u0259rbaycanl\u0131 jurnalist \u018ffqan Sad\u0131qovun ekstradisiyas\u0131 il\u0259 ... Davam\u0131","og_url":"https:\/\/www.meydan.tv\/az\/article\/efqan-sadiqovun-ekstradisiyasi-il%c9%99-bagli-h%c9%99bs-mudd%c9%99ti-daha-3-ay-uzadilib\/","og_site_name":"MEYDAN.TV","article_published_time":"2025-01-31T14:18:09+00:00","article_modified_time":"2025-02-03T11:33:03+00:00","og_image":[{"width":1200,"height":766,"url":"https:\/\/www.meydan.tv\/wp-content\/uploads\/451766319_464373709662323_4992501725678655541_n-e1721314617108.jpg","type":"image\/jpeg"}],"author":"sevda","twitter_card":"summary_large_image","schema":{"@context":"https:\/\/schema.org","@graph":[{"@type":"Article","@id":"https:\/\/www.meydan.tv\/az\/article\/efqan-sadiqovun-ekstradisiyasi-il%c9%99-bagli-h%c9%99bs-mudd%c9%99ti-daha-3-ay-uzadilib\/#article","isPartOf":{"@id":"https:\/\/www.meydan.tv\/az\/article\/efqan-sadiqovun-ekstradisiyasi-il%c9%99-bagli-h%c9%99bs-mudd%c9%99ti-daha-3-ay-uzadilib\/"},"author":{"name":"sevda","@id":"https:\/\/www.meydan.tv\/az\/#\/schema\/person\/49b5f2bad5b126bb8ea9320eeb3e4dc9"},"headline":"\u018ffqan Sad\u0131qovun ekstradisiyas\u0131 il\u0259 ba\u011fl\u0131 h\u0259bs m\u00fcdd\u0259ti daha 3 ay uzad\u0131l\u0131b","datePublished":"2025-01-31T14:18:09+00:00","dateModified":"2025-02-03T11:33:03+00:00","mainEntityOfPage":{"@id":"https:\/\/www.meydan.tv\/az\/article\/efqan-sadiqovun-ekstradisiyasi-il%c9%99-bagli-h%c9%99bs-mudd%c9%99ti-daha-3-ay-uzadilib\/"},"wordCount":291,"publisher":{"@id":"https:\/\/www.meydan.tv\/az\/#organization"},"image":{"@id":"https:\/\/www.meydan.tv\/az\/article\/efqan-sadiqovun-ekstradisiyasi-il%c9%99-bagli-h%c9%99bs-mudd%c9%99ti-daha-3-ay-uzadilib\/#primaryimage"},"thumbnailUrl":"https:\/\/www.meydan.tv\/wp-content\/uploads\/451766319_464373709662323_4992501725678655541_n-e1721314617108.jpg","articleSection":["Sosial","X\u0259b\u0259rl\u0259r"],"inLanguage":"az"},{"@type":"WebPage","@id":"https:\/\/www.meydan.tv\/az\/article\/efqan-sadiqovun-ekstradisiyasi-il%c9%99-bagli-h%c9%99bs-mudd%c9%99ti-daha-3-ay-uzadilib\/","url":"https:\/\/www.meydan.tv\/az\/article\/efqan-sadiqovun-ekstradisiyasi-il%c9%99-bagli-h%c9%99bs-mudd%c9%99ti-daha-3-ay-uzadilib\/","name":"\u018ffqan Sad\u0131qovun ekstradisiyas\u0131 il\u0259 ba\u011fl\u0131 h\u0259bs m\u00fcdd\u0259ti daha 3 ay uzad\u0131l\u0131b - MEYDAN.TV","isPartOf":{"@id":"https:\/\/www.meydan.tv\/az\/#website"},"primaryImageOfPage":{"@id":"https:\/\/www.meydan.tv\/az\/article\/efqan-sadiqovun-ekstradisiyasi-il%c9%99-bagli-h%c9%99bs-mudd%c9%99ti-daha-3-ay-uzadilib\/#primaryimage"},"image":{"@id":"https:\/\/www.meydan.tv\/az\/article\/efqan-sadiqovun-ekstradisiyasi-il%c9%99-bagli-h%c9%99bs-mudd%c9%99ti-daha-3-ay-uzadilib\/#primaryimage"},"thumbnailUrl":"https:\/\/www.meydan.tv\/wp-content\/uploads\/451766319_464373709662323_4992501725678655541_n-e1721314617108.jpg","datePublished":"2025-01-31T14:18:09+00:00","dateModified":"2025-02-03T11:33:03+00:00","breadcrumb":{"@id":"https:\/\/www.meydan.tv\/az\/article\/efqan-sadiqovun-ekstradisiyasi-il%c9%99-bagli-h%c9%99bs-mudd%c9%99ti-daha-3-ay-uzadilib\/#breadcrumb"},"inLanguage":"az","potentialAction":[{"@type":"ReadAction","target":["https:\/\/www.meydan.tv\/az\/article\/efqan-sadiqovun-ekstradisiyasi-il%c9%99-bagli-h%c9%99bs-mudd%c9%99ti-daha-3-ay-uzadilib\/"]}]},{"@type":"ImageObject","inLanguage":"az","@id":"https:\/\/www.meydan.tv\/az\/article\/efqan-sadiqovun-ekstradisiyasi-il%c9%99-bagli-h%c9%99bs-mudd%c9%99ti-daha-3-ay-uzadilib\/#primaryimage","url":"https:\/\/www.meydan.tv\/wp-content\/uploads\/451766319_464373709662323_4992501725678655541_n-e1721314617108.jpg","contentUrl":"https:\/\/www.meydan.tv\/wp-content\/uploads\/451766319_464373709662323_4992501725678655541_n-e1721314617108.jpg","width":1200,"height":766,"caption":"Foto: \u018ffqan Sad\u0131qovun \u015f\u0259xsi arxivind\u0259n"},{"@type":"BreadcrumbList","@id":"https:\/\/www.meydan.tv\/az\/article\/efqan-sadiqovun-ekstradisiyasi-il%c9%99-bagli-h%c9%99bs-mudd%c9%99ti-daha-3-ay-uzadilib\/#breadcrumb","itemListElement":[{"@type":"ListItem","position":1,"name":"Ana s\u0259hif\u0259","item":"https:\/\/www.meydan.tv\/az\/"},{"@type":"ListItem","position":2,"name":"X\u0259b\u0259rl\u0259r","item":"https:\/\/www.meydan.tv\/az\/section\/xeberler\/"},{"@type":"ListItem","position":3,"name":"\u018ffqan Sad\u0131qovun ekstradisiyas\u0131 il\u0259 ba\u011fl\u0131 h\u0259bs m\u00fcdd\u0259ti daha 3 ay uzad\u0131l\u0131b"}]},{"@type":"WebSite","@id":"https:\/\/www.meydan.tv\/az\/#website","url":"https:\/\/www.meydan.tv\/az\/","name":"MEYDAN.TV","description":"Meydan TV Az\u0259rbaycan\u0131n media m\u0259kan\u0131ndak\u0131 alternativ s\u0259sidir","publisher":{"@id":"https:\/\/www.meydan.tv\/az\/#organization"},"potentialAction":[{"@type":"SearchAction","target":{"@type":"EntryPoint","urlTemplate":"https:\/\/www.meydan.tv\/az\/?s={search_term_string}"},"query-input":{"@type":"PropertyValueSpecification","valueRequired":true,"valueName":"search_term_string"}}],"inLanguage":"az"},{"@type":"Organization","@id":"https:\/\/www.meydan.tv\/az\/#organization","name":"Meydan TV","url":"https:\/\/www.meydan.tv\/az\/","logo":{"@type":"ImageObject","inLanguage":"az","@id":"https:\/\/www.meydan.tv\/az\/#\/schema\/logo\/image\/","url":"https:\/\/www.meydan.tv\/wp-content\/uploads\/2021\/07\/meydan-logo.svg","contentUrl":"https:\/\/www.meydan.tv\/wp-content\/uploads\/2021\/07\/meydan-logo.svg","width":195,"height":46,"caption":"Meydan TV"},"image":{"@id":"https:\/\/www.meydan.tv\/az\/#\/schema\/logo\/image\/"}},{"@type":"Person","@id":"https:\/\/www.meydan.tv\/az\/#\/schema\/person\/49b5f2bad5b126bb8ea9320eeb3e4dc9","name":"sevda"}]}},"_links":{"self":[{"href":"https:\/\/www.meydan.tv\/az\/wp-json\/wp\/v2\/posts\/325580","targetHints":{"allow":["GET"]}}],"collection":[{"href":"https:\/\/www.meydan.tv\/az\/wp-json\/wp\/v2\/posts"}],"about":[{"href":"https:\/\/www.meydan.tv\/az\/wp-json\/wp\/v2\/types\/post"}],"author":[{"embeddable":true,"href":"https:\/\/www.meydan.tv\/az\/wp-json\/wp\/v2\/users\/16"}],"replies":[{"embeddable":true,"href":"https:\/\/www.meydan.tv\/az\/wp-json\/wp\/v2\/comments?post=325580"}],"version-history":[{"count":2,"href":"https:\/\/www.meydan.tv\/az\/wp-json\/wp\/v2\/posts\/325580\/revisions"}],"predecessor-version":[{"id":325663,"href":"https:\/\/www.meydan.tv\/az\/wp-json\/wp\/v2\/posts\/325580\/revisions\/325663"}],"wp:featuredmedia":[{"embeddable":true,"href":"https:\/\/www.meydan.tv\/az\/wp-json\/wp\/v2\/media\/310668"}],"wp:attachment":[{"href":"https:\/\/www.meydan.tv\/az\/wp-json\/wp\/v2\/media?parent=325580"}],"wp:term":[{"taxonomy":"category","embeddable":true,"href":"https:\/\/www.meydan.tv\/az\/wp-json\/wp\/v2\/categories?post=325580"},{"taxonomy":"post_tag","embeddable":true,"href":"https:\/\/www.meydan.tv\/az\/wp-json\/wp\/v2\/tags?post=325580"}],"curies":[{"name":"wp","href":"https:\/\/api.w.org\/{rel}","templated":true}]}}