{"id":325570,"date":"2025-01-31T16:58:44","date_gmt":"2025-01-31T12:58:44","guid":{"rendered":"https:\/\/www.meydan.tv\/?p=325570"},"modified":"2025-02-03T23:53:07","modified_gmt":"2025-02-03T19:53:07","slug":"meydan-tv-%c9%99m%c9%99kdaslarinin-posterini-secki-qutusuna-atan-f%c9%99aldan-1-sutkadir-x%c9%99b%c9%99r-yoxdur","status":"publish","type":"post","link":"https:\/\/www.meydan.tv\/az\/article\/meydan-tv-%c9%99m%c9%99kdaslarinin-posterini-secki-qutusuna-atan-f%c9%99aldan-1-sutkadir-x%c9%99b%c9%99r-yoxdur\/","title":{"rendered":"Meydan TV \u0259m\u0259kda\u015flar\u0131n\u0131n posterini se\u00e7ki qutusuna atan f\u0259ala 30 sutka h\u0259bs verilib (Yenil\u0259nib)"},"content":{"rendered":"\n<p><em>Bir sutkaya yax\u0131nd\u0131r ki, saxlan\u0131lan g\u0259nc f\u0259al C\u0259lal Cavadova 30 sutka h\u0259bs c\u0259zas\u0131 verilib.<\/em><\/p>\n\n\n\n<p>Bu bar\u0259d\u0259 N\u0259simi Rayon M\u0259hk\u0259m\u0259si q\u0259rar \u00e7\u0131xar\u0131b.<\/p>\n\n\n\n<p>O, \u0130nzibati X\u0259talar M\u0259c\u0259ll\u0259sinin 206-c\u0131 (\u015f\u0259xsi istehlak miqdar\u0131nda narkotik \u0259ld\u0259 etm\u0259, da\u015f\u0131ma, saxlama) madd\u0259si il\u0259 ittiham olunub.<\/p>\n\n\n\n<p>Yax\u0131nlar\u0131 is\u0259 ittiham\u0131 q\u0259bul etmir, onun se\u00e7ki m\u0259nt\u0259q\u0259l\u0259rind\u0259n birind\u0259 qutuya Meydan TV-nin h\u0259bsd\u0259 olan \u0259m\u0259kda\u015flar\u0131n\u0131n fotosunu atmas\u0131na g\u00f6r\u0259 c\u0259zaland\u0131r\u0131ld\u0131\u011f\u0131n\u0131 deyirl\u0259r.<\/p>\n\n\n\n<p>&#8212;&#8212;&#8212;&#8212;&#8212;&#8212;&#8212;&#8212;&#8212;&#8212;&#8212;&#8212;&#8212;&#8212;&#8212;&#8212;&#8212;&#8212;&#8212;&#8212;<\/p>\n\n\n\n<p><strong>Daxili \u0130\u015fl\u0259r Nazirliyi C\u0259lal Cavadovla ba\u011fl\u0131 m\u00fc\u0259mmaya ayd\u0131nl\u0131q g\u0259tirmir\u00a0<\/strong><\/p>\n\n\n\n<p>Bir sutkaya yax\u0131nd\u0131r ki, g\u0259nc f\u0259al C\u0259lal Cavadovdan x\u0259b\u0259r yoxdur.&nbsp;<\/p>\n\n\n\n<p>Yax\u0131nlar\u0131n\u0131n bildirdiyin\u0259 g\u00f6r\u0259, yanvar\u0131n 30-da saat 16.00-dan onunla \u0259laq\u0259 k\u0259silib.<\/p>\n\n\n\n<p>G\u0259nc f\u0259al\u0131n N\u0259simi rayonu, 22-ci polis b\u00f6lm\u0259sinin \u0259m\u0259kda\u015flar\u0131 t\u0259r\u0259find\u0259n saxlanmas\u0131 bar\u0259d\u0259 m\u0259lumatlar yay\u0131lsa da, bu x\u0259b\u0259r r\u0259smi qaydada t\u0259sdiql\u0259nm\u0259yib. Ail\u0259sin\u0259 d\u0259 onun yeri haqda n\u0259lumat verilm\u0259yib.<\/p>\n\n\n\n<p>V\u0259kili C\u0259lal Cavadovun yerini m\u00fc\u0259yy\u0259nl\u0259\u015fdirm\u0259k \u00fc\u00e7\u00fcn Ombudsman Aparat\u0131na m\u00fcraci\u0259t edib.&nbsp;<\/p>\n\n\n\n<p>H\u0259m\u00e7inin Daxili \u0130\u015fl\u0259r Nazirliyinin \u201c102\u201d xidm\u0259tin\u0259 d\u0259 m\u0259lumat verilib. Lakin bu m\u00fcraci\u0259tl\u0259r d\u0259 n\u0259tic\u0259siz qal\u0131b.<\/p>\n\n\n\n<figure class=\"wp-block-image size-large\"><img decoding=\"async\" width=\"657\" height=\"821\" data-src=\"https:\/\/www.meydan.tv\/wp-content\/uploads\/475293149_1351515652943397_3817241083965347457_n-657x821.jpg\" alt=\"\" class=\"wp-image-325574 lazyload\" src=\"data:image\/svg+xml;base64,PHN2ZyB3aWR0aD0iMSIgaGVpZ2h0PSIxIiB4bWxucz0iaHR0cDovL3d3dy53My5vcmcvMjAwMC9zdmciPjwvc3ZnPg==\" style=\"--smush-placeholder-width: 657px; --smush-placeholder-aspect-ratio: 657\/821;\" \/><\/figure>\n\n\n\n<p>Onun yanvar\u0131n 29-da ke\u00e7iril\u0259n b\u0259l\u0259diyy\u0259 se\u00e7kil\u0259ri il\u0259 il\u0259 \u0259laq\u0259dar saxland\u0131\u011f\u0131 ehtimal olunur.<\/p>\n\n\n\n<p>Se\u00e7ki m\u0259nt\u0259q\u0259l\u0259rind\u0259n birind\u0259 qutuya Meydan TV-nin h\u0259bsd\u0259 olan \u0259m\u0259kda\u015flar\u0131n\u0131n fotosu at\u0131l\u0131b. Bel\u0259likl\u0259, h\u0259m se\u00e7ki saxtakarl\u0131\u011f\u0131na, h\u0259m d\u0259 m\u00fcst\u0259qil jurnalistl\u0259rin h\u0259bsin\u0259 etiraz ifad\u0259 olunub.<\/p>\n\n\n\n<p>\u0130ddia olunur ki, h\u00fcquq-m\u00fchafiz\u0259 orqanlar\u0131 h\u0259min m\u0259nt\u0259q\u0259d\u0259 s\u0259s ver\u0259nl\u0259rd\u0259n birinin C\u0259lal Cavadov oldu\u011funu m\u00fc\u0259yy\u0259nl\u0259\u015fdirib v\u0259 qutuya da h\u0259min fotonu m\u0259hz g\u0259nc f\u0259al\u0131n atmas\u0131na g\u00f6r\u0259 onu saxlay\u0131b.<\/p>\n\n\n\n<p>Daxili \u0130\u015fl\u0259r Nazirliyi \u00f6t\u0259n bir sutka \u0259rzind\u0259 C\u0259lal Cavadovun saxlan\u0131l\u0131b-saxlanmas\u0131, onun yeri bar\u0259d\u0259 suallar\u0131 cavabs\u0131z qoyub.<\/p>\n","protected":false},"excerpt":{"rendered":"<p>Bir sutkaya yax\u0131nd\u0131r ki, saxlan\u0131lan g\u0259nc f\u0259al C\u0259lal Cavadova 30 &#8230; <\/p>\n<p class=\"read-more-container\"><a title=\"Meydan TV \u0259m\u0259kda\u015flar\u0131n\u0131n posterini se\u00e7ki qutusuna atan f\u0259ala 30 sutka h\u0259bs verilib (Yenil\u0259nib)\" class=\"read-more button\" href=\"https:\/\/www.meydan.tv\/az\/article\/meydan-tv-%c9%99m%c9%99kdaslarinin-posterini-secki-qutusuna-atan-f%c9%99aldan-1-sutkadir-x%c9%99b%c9%99r-yoxdur\/#more-325570\" aria-label=\"Read more about Meydan TV \u0259m\u0259kda\u015flar\u0131n\u0131n posterini se\u00e7ki qutusuna atan f\u0259ala 30 sutka h\u0259bs verilib (Yenil\u0259nib)\">Davam\u0131<\/a><\/p>\n","protected":false},"author":12,"featured_media":325694,"comment_status":"closed","ping_status":"closed","sticky":false,"template":"","format":"standard","meta":{"_acf_changed":false,"_sitemap_exclude":false,"_sitemap_priority":"","_sitemap_frequency":"","footnotes":""},"categories":[79,56],"tags":[],"class_list":["post-325570","post","type-post","status-publish","format-standard","has-post-thumbnail","hentry","category-featured","category-xeberler","infinite-scroll-item","generate-columns","tablet-grid-50","mobile-grid-100","grid-parent","grid-33","no-featured-image-padding"],"acf":[],"yoast_head":"<!-- This site is optimized with the Yoast SEO plugin v27.5 - https:\/\/yoast.com\/product\/yoast-seo-wordpress\/ -->\n<title>Meydan TV \u0259m\u0259kda\u015flar\u0131n\u0131n posterini se\u00e7ki qutusuna atan f\u0259ala 30 sutka h\u0259bs verilib (Yenil\u0259nib) - MEYDAN.TV<\/title>\n<meta name=\"robots\" content=\"index, follow, max-snippet:-1, max-image-preview:large, max-video-preview:-1\" \/>\n<link rel=\"canonical\" href=\"https:\/\/www.meydan.tv\/az\/article\/meydan-tv-%c9%99m%c9%99kdaslarinin-posterini-secki-qutusuna-atan-f%c9%99aldan-1-sutkadir-x%c9%99b%c9%99r-yoxdur\/\" \/>\n<meta property=\"og:locale\" content=\"az_AZ\" \/>\n<meta property=\"og:type\" content=\"article\" \/>\n<meta property=\"og:title\" content=\"Meydan TV \u0259m\u0259kda\u015flar\u0131n\u0131n posterini se\u00e7ki qutusuna atan f\u0259ala 30 sutka h\u0259bs verilib (Yenil\u0259nib) - MEYDAN.TV\" \/>\n<meta property=\"og:description\" content=\"Bir sutkaya yax\u0131nd\u0131r ki, saxlan\u0131lan g\u0259nc f\u0259al C\u0259lal Cavadova 30 ... Davam\u0131\" \/>\n<meta property=\"og:url\" content=\"https:\/\/www.meydan.tv\/az\/article\/meydan-tv-%c9%99m%c9%99kdaslarinin-posterini-secki-qutusuna-atan-f%c9%99aldan-1-sutkadir-x%c9%99b%c9%99r-yoxdur\/\" \/>\n<meta property=\"og:site_name\" content=\"MEYDAN.TV\" \/>\n<meta property=\"article:published_time\" content=\"2025-01-31T12:58:44+00:00\" \/>\n<meta property=\"article:modified_time\" content=\"2025-02-03T19:53:07+00:00\" \/>\n<meta property=\"og:image\" content=\"https:\/\/www.meydan.tv\/wp-content\/uploads\/34344.png\" \/>\n\t<meta property=\"og:image:width\" content=\"1300\" \/>\n\t<meta property=\"og:image:height\" content=\"731\" \/>\n\t<meta property=\"og:image:type\" content=\"image\/png\" \/>\n<meta name=\"author\" content=\"aleks\" \/>\n<meta name=\"twitter:card\" content=\"summary_large_image\" \/>\n<script type=\"application\/ld+json\" class=\"yoast-schema-graph\">{\"@context\":\"https:\\\/\\\/schema.org\",\"@graph\":[{\"@type\":\"Article\",\"@id\":\"https:\\\/\\\/www.meydan.tv\\\/az\\\/article\\\/meydan-tv-%c9%99m%c9%99kdaslarinin-posterini-secki-qutusuna-atan-f%c9%99aldan-1-sutkadir-x%c9%99b%c9%99r-yoxdur\\\/#article\",\"isPartOf\":{\"@id\":\"https:\\\/\\\/www.meydan.tv\\\/az\\\/article\\\/meydan-tv-%c9%99m%c9%99kdaslarinin-posterini-secki-qutusuna-atan-f%c9%99aldan-1-sutkadir-x%c9%99b%c9%99r-yoxdur\\\/\"},\"author\":{\"name\":\"aleks\",\"@id\":\"https:\\\/\\\/www.meydan.tv\\\/az\\\/#\\\/schema\\\/person\\\/476e9360e593fa131d5d71d51866f8da\"},\"headline\":\"Meydan TV \u0259m\u0259kda\u015flar\u0131n\u0131n posterini se\u00e7ki qutusuna atan f\u0259ala 30 sutka h\u0259bs verilib (Yenil\u0259nib)\",\"datePublished\":\"2025-01-31T12:58:44+00:00\",\"dateModified\":\"2025-02-03T19:53:07+00:00\",\"mainEntityOfPage\":{\"@id\":\"https:\\\/\\\/www.meydan.tv\\\/az\\\/article\\\/meydan-tv-%c9%99m%c9%99kdaslarinin-posterini-secki-qutusuna-atan-f%c9%99aldan-1-sutkadir-x%c9%99b%c9%99r-yoxdur\\\/\"},\"wordCount\":401,\"publisher\":{\"@id\":\"https:\\\/\\\/www.meydan.tv\\\/az\\\/#organization\"},\"image\":{\"@id\":\"https:\\\/\\\/www.meydan.tv\\\/az\\\/article\\\/meydan-tv-%c9%99m%c9%99kdaslarinin-posterini-secki-qutusuna-atan-f%c9%99aldan-1-sutkadir-x%c9%99b%c9%99r-yoxdur\\\/#primaryimage\"},\"thumbnailUrl\":\"https:\\\/\\\/www.meydan.tv\\\/wp-content\\\/uploads\\\/34344.png\",\"articleSection\":[\"T\u00f6vsiy\u0259\",\"X\u0259b\u0259rl\u0259r\"],\"inLanguage\":\"az\"},{\"@type\":\"WebPage\",\"@id\":\"https:\\\/\\\/www.meydan.tv\\\/az\\\/article\\\/meydan-tv-%c9%99m%c9%99kdaslarinin-posterini-secki-qutusuna-atan-f%c9%99aldan-1-sutkadir-x%c9%99b%c9%99r-yoxdur\\\/\",\"url\":\"https:\\\/\\\/www.meydan.tv\\\/az\\\/article\\\/meydan-tv-%c9%99m%c9%99kdaslarinin-posterini-secki-qutusuna-atan-f%c9%99aldan-1-sutkadir-x%c9%99b%c9%99r-yoxdur\\\/\",\"name\":\"Meydan TV \u0259m\u0259kda\u015flar\u0131n\u0131n posterini se\u00e7ki qutusuna atan f\u0259ala 30 sutka h\u0259bs verilib (Yenil\u0259nib) - MEYDAN.TV\",\"isPartOf\":{\"@id\":\"https:\\\/\\\/www.meydan.tv\\\/az\\\/#website\"},\"primaryImageOfPage\":{\"@id\":\"https:\\\/\\\/www.meydan.tv\\\/az\\\/article\\\/meydan-tv-%c9%99m%c9%99kdaslarinin-posterini-secki-qutusuna-atan-f%c9%99aldan-1-sutkadir-x%c9%99b%c9%99r-yoxdur\\\/#primaryimage\"},\"image\":{\"@id\":\"https:\\\/\\\/www.meydan.tv\\\/az\\\/article\\\/meydan-tv-%c9%99m%c9%99kdaslarinin-posterini-secki-qutusuna-atan-f%c9%99aldan-1-sutkadir-x%c9%99b%c9%99r-yoxdur\\\/#primaryimage\"},\"thumbnailUrl\":\"https:\\\/\\\/www.meydan.tv\\\/wp-content\\\/uploads\\\/34344.png\",\"datePublished\":\"2025-01-31T12:58:44+00:00\",\"dateModified\":\"2025-02-03T19:53:07+00:00\",\"breadcrumb\":{\"@id\":\"https:\\\/\\\/www.meydan.tv\\\/az\\\/article\\\/meydan-tv-%c9%99m%c9%99kdaslarinin-posterini-secki-qutusuna-atan-f%c9%99aldan-1-sutkadir-x%c9%99b%c9%99r-yoxdur\\\/#breadcrumb\"},\"inLanguage\":\"az\",\"potentialAction\":[{\"@type\":\"ReadAction\",\"target\":[\"https:\\\/\\\/www.meydan.tv\\\/az\\\/article\\\/meydan-tv-%c9%99m%c9%99kdaslarinin-posterini-secki-qutusuna-atan-f%c9%99aldan-1-sutkadir-x%c9%99b%c9%99r-yoxdur\\\/\"]}]},{\"@type\":\"ImageObject\",\"inLanguage\":\"az\",\"@id\":\"https:\\\/\\\/www.meydan.tv\\\/az\\\/article\\\/meydan-tv-%c9%99m%c9%99kdaslarinin-posterini-secki-qutusuna-atan-f%c9%99aldan-1-sutkadir-x%c9%99b%c9%99r-yoxdur\\\/#primaryimage\",\"url\":\"https:\\\/\\\/www.meydan.tv\\\/wp-content\\\/uploads\\\/34344.png\",\"contentUrl\":\"https:\\\/\\\/www.meydan.tv\\\/wp-content\\\/uploads\\\/34344.png\",\"width\":1300,\"height\":731,\"caption\":\"Foto: C\u0259lal Cavadovun \u015f\u0259xsi arxivi\"},{\"@type\":\"BreadcrumbList\",\"@id\":\"https:\\\/\\\/www.meydan.tv\\\/az\\\/article\\\/meydan-tv-%c9%99m%c9%99kdaslarinin-posterini-secki-qutusuna-atan-f%c9%99aldan-1-sutkadir-x%c9%99b%c9%99r-yoxdur\\\/#breadcrumb\",\"itemListElement\":[{\"@type\":\"ListItem\",\"position\":1,\"name\":\"Ana s\u0259hif\u0259\",\"item\":\"https:\\\/\\\/www.meydan.tv\\\/az\\\/\"},{\"@type\":\"ListItem\",\"position\":2,\"name\":\"X\u0259b\u0259rl\u0259r\",\"item\":\"https:\\\/\\\/www.meydan.tv\\\/az\\\/section\\\/xeberler\\\/\"},{\"@type\":\"ListItem\",\"position\":3,\"name\":\"Meydan TV \u0259m\u0259kda\u015flar\u0131n\u0131n posterini se\u00e7ki qutusuna atan f\u0259ala 30 sutka h\u0259bs verilib (Yenil\u0259nib)\"}]},{\"@type\":\"WebSite\",\"@id\":\"https:\\\/\\\/www.meydan.tv\\\/az\\\/#website\",\"url\":\"https:\\\/\\\/www.meydan.tv\\\/az\\\/\",\"name\":\"MEYDAN.TV\",\"description\":\"Meydan TV Az\u0259rbaycan\u0131n media m\u0259kan\u0131ndak\u0131 alternativ s\u0259sidir\",\"publisher\":{\"@id\":\"https:\\\/\\\/www.meydan.tv\\\/az\\\/#organization\"},\"potentialAction\":[{\"@type\":\"SearchAction\",\"target\":{\"@type\":\"EntryPoint\",\"urlTemplate\":\"https:\\\/\\\/www.meydan.tv\\\/az\\\/?s={search_term_string}\"},\"query-input\":{\"@type\":\"PropertyValueSpecification\",\"valueRequired\":true,\"valueName\":\"search_term_string\"}}],\"inLanguage\":\"az\"},{\"@type\":\"Organization\",\"@id\":\"https:\\\/\\\/www.meydan.tv\\\/az\\\/#organization\",\"name\":\"Meydan TV\",\"url\":\"https:\\\/\\\/www.meydan.tv\\\/az\\\/\",\"logo\":{\"@type\":\"ImageObject\",\"inLanguage\":\"az\",\"@id\":\"https:\\\/\\\/www.meydan.tv\\\/az\\\/#\\\/schema\\\/logo\\\/image\\\/\",\"url\":\"https:\\\/\\\/www.meydan.tv\\\/wp-content\\\/uploads\\\/2021\\\/07\\\/meydan-logo.svg\",\"contentUrl\":\"https:\\\/\\\/www.meydan.tv\\\/wp-content\\\/uploads\\\/2021\\\/07\\\/meydan-logo.svg\",\"width\":195,\"height\":46,\"caption\":\"Meydan TV\"},\"image\":{\"@id\":\"https:\\\/\\\/www.meydan.tv\\\/az\\\/#\\\/schema\\\/logo\\\/image\\\/\"}},{\"@type\":\"Person\",\"@id\":\"https:\\\/\\\/www.meydan.tv\\\/az\\\/#\\\/schema\\\/person\\\/476e9360e593fa131d5d71d51866f8da\",\"name\":\"aleks\"}]}<\/script>\n<!-- \/ Yoast SEO plugin. -->","yoast_head_json":{"title":"Meydan TV \u0259m\u0259kda\u015flar\u0131n\u0131n posterini se\u00e7ki qutusuna atan f\u0259ala 30 sutka h\u0259bs verilib (Yenil\u0259nib) - MEYDAN.TV","robots":{"index":"index","follow":"follow","max-snippet":"max-snippet:-1","max-image-preview":"max-image-preview:large","max-video-preview":"max-video-preview:-1"},"canonical":"https:\/\/www.meydan.tv\/az\/article\/meydan-tv-%c9%99m%c9%99kdaslarinin-posterini-secki-qutusuna-atan-f%c9%99aldan-1-sutkadir-x%c9%99b%c9%99r-yoxdur\/","og_locale":"az_AZ","og_type":"article","og_title":"Meydan TV \u0259m\u0259kda\u015flar\u0131n\u0131n posterini se\u00e7ki qutusuna atan f\u0259ala 30 sutka h\u0259bs verilib (Yenil\u0259nib) - MEYDAN.TV","og_description":"Bir sutkaya yax\u0131nd\u0131r ki, saxlan\u0131lan g\u0259nc f\u0259al C\u0259lal Cavadova 30 ... Davam\u0131","og_url":"https:\/\/www.meydan.tv\/az\/article\/meydan-tv-%c9%99m%c9%99kdaslarinin-posterini-secki-qutusuna-atan-f%c9%99aldan-1-sutkadir-x%c9%99b%c9%99r-yoxdur\/","og_site_name":"MEYDAN.TV","article_published_time":"2025-01-31T12:58:44+00:00","article_modified_time":"2025-02-03T19:53:07+00:00","og_image":[{"width":1300,"height":731,"url":"https:\/\/www.meydan.tv\/wp-content\/uploads\/34344.png","type":"image\/png"}],"author":"aleks","twitter_card":"summary_large_image","schema":{"@context":"https:\/\/schema.org","@graph":[{"@type":"Article","@id":"https:\/\/www.meydan.tv\/az\/article\/meydan-tv-%c9%99m%c9%99kdaslarinin-posterini-secki-qutusuna-atan-f%c9%99aldan-1-sutkadir-x%c9%99b%c9%99r-yoxdur\/#article","isPartOf":{"@id":"https:\/\/www.meydan.tv\/az\/article\/meydan-tv-%c9%99m%c9%99kdaslarinin-posterini-secki-qutusuna-atan-f%c9%99aldan-1-sutkadir-x%c9%99b%c9%99r-yoxdur\/"},"author":{"name":"aleks","@id":"https:\/\/www.meydan.tv\/az\/#\/schema\/person\/476e9360e593fa131d5d71d51866f8da"},"headline":"Meydan TV \u0259m\u0259kda\u015flar\u0131n\u0131n posterini se\u00e7ki qutusuna atan f\u0259ala 30 sutka h\u0259bs verilib (Yenil\u0259nib)","datePublished":"2025-01-31T12:58:44+00:00","dateModified":"2025-02-03T19:53:07+00:00","mainEntityOfPage":{"@id":"https:\/\/www.meydan.tv\/az\/article\/meydan-tv-%c9%99m%c9%99kdaslarinin-posterini-secki-qutusuna-atan-f%c9%99aldan-1-sutkadir-x%c9%99b%c9%99r-yoxdur\/"},"wordCount":401,"publisher":{"@id":"https:\/\/www.meydan.tv\/az\/#organization"},"image":{"@id":"https:\/\/www.meydan.tv\/az\/article\/meydan-tv-%c9%99m%c9%99kdaslarinin-posterini-secki-qutusuna-atan-f%c9%99aldan-1-sutkadir-x%c9%99b%c9%99r-yoxdur\/#primaryimage"},"thumbnailUrl":"https:\/\/www.meydan.tv\/wp-content\/uploads\/34344.png","articleSection":["T\u00f6vsiy\u0259","X\u0259b\u0259rl\u0259r"],"inLanguage":"az"},{"@type":"WebPage","@id":"https:\/\/www.meydan.tv\/az\/article\/meydan-tv-%c9%99m%c9%99kdaslarinin-posterini-secki-qutusuna-atan-f%c9%99aldan-1-sutkadir-x%c9%99b%c9%99r-yoxdur\/","url":"https:\/\/www.meydan.tv\/az\/article\/meydan-tv-%c9%99m%c9%99kdaslarinin-posterini-secki-qutusuna-atan-f%c9%99aldan-1-sutkadir-x%c9%99b%c9%99r-yoxdur\/","name":"Meydan TV \u0259m\u0259kda\u015flar\u0131n\u0131n posterini se\u00e7ki qutusuna atan f\u0259ala 30 sutka h\u0259bs verilib (Yenil\u0259nib) - MEYDAN.TV","isPartOf":{"@id":"https:\/\/www.meydan.tv\/az\/#website"},"primaryImageOfPage":{"@id":"https:\/\/www.meydan.tv\/az\/article\/meydan-tv-%c9%99m%c9%99kdaslarinin-posterini-secki-qutusuna-atan-f%c9%99aldan-1-sutkadir-x%c9%99b%c9%99r-yoxdur\/#primaryimage"},"image":{"@id":"https:\/\/www.meydan.tv\/az\/article\/meydan-tv-%c9%99m%c9%99kdaslarinin-posterini-secki-qutusuna-atan-f%c9%99aldan-1-sutkadir-x%c9%99b%c9%99r-yoxdur\/#primaryimage"},"thumbnailUrl":"https:\/\/www.meydan.tv\/wp-content\/uploads\/34344.png","datePublished":"2025-01-31T12:58:44+00:00","dateModified":"2025-02-03T19:53:07+00:00","breadcrumb":{"@id":"https:\/\/www.meydan.tv\/az\/article\/meydan-tv-%c9%99m%c9%99kdaslarinin-posterini-secki-qutusuna-atan-f%c9%99aldan-1-sutkadir-x%c9%99b%c9%99r-yoxdur\/#breadcrumb"},"inLanguage":"az","potentialAction":[{"@type":"ReadAction","target":["https:\/\/www.meydan.tv\/az\/article\/meydan-tv-%c9%99m%c9%99kdaslarinin-posterini-secki-qutusuna-atan-f%c9%99aldan-1-sutkadir-x%c9%99b%c9%99r-yoxdur\/"]}]},{"@type":"ImageObject","inLanguage":"az","@id":"https:\/\/www.meydan.tv\/az\/article\/meydan-tv-%c9%99m%c9%99kdaslarinin-posterini-secki-qutusuna-atan-f%c9%99aldan-1-sutkadir-x%c9%99b%c9%99r-yoxdur\/#primaryimage","url":"https:\/\/www.meydan.tv\/wp-content\/uploads\/34344.png","contentUrl":"https:\/\/www.meydan.tv\/wp-content\/uploads\/34344.png","width":1300,"height":731,"caption":"Foto: C\u0259lal Cavadovun \u015f\u0259xsi arxivi"},{"@type":"BreadcrumbList","@id":"https:\/\/www.meydan.tv\/az\/article\/meydan-tv-%c9%99m%c9%99kdaslarinin-posterini-secki-qutusuna-atan-f%c9%99aldan-1-sutkadir-x%c9%99b%c9%99r-yoxdur\/#breadcrumb","itemListElement":[{"@type":"ListItem","position":1,"name":"Ana s\u0259hif\u0259","item":"https:\/\/www.meydan.tv\/az\/"},{"@type":"ListItem","position":2,"name":"X\u0259b\u0259rl\u0259r","item":"https:\/\/www.meydan.tv\/az\/section\/xeberler\/"},{"@type":"ListItem","position":3,"name":"Meydan TV \u0259m\u0259kda\u015flar\u0131n\u0131n posterini se\u00e7ki qutusuna atan f\u0259ala 30 sutka h\u0259bs verilib (Yenil\u0259nib)"}]},{"@type":"WebSite","@id":"https:\/\/www.meydan.tv\/az\/#website","url":"https:\/\/www.meydan.tv\/az\/","name":"MEYDAN.TV","description":"Meydan TV Az\u0259rbaycan\u0131n media m\u0259kan\u0131ndak\u0131 alternativ s\u0259sidir","publisher":{"@id":"https:\/\/www.meydan.tv\/az\/#organization"},"potentialAction":[{"@type":"SearchAction","target":{"@type":"EntryPoint","urlTemplate":"https:\/\/www.meydan.tv\/az\/?s={search_term_string}"},"query-input":{"@type":"PropertyValueSpecification","valueRequired":true,"valueName":"search_term_string"}}],"inLanguage":"az"},{"@type":"Organization","@id":"https:\/\/www.meydan.tv\/az\/#organization","name":"Meydan TV","url":"https:\/\/www.meydan.tv\/az\/","logo":{"@type":"ImageObject","inLanguage":"az","@id":"https:\/\/www.meydan.tv\/az\/#\/schema\/logo\/image\/","url":"https:\/\/www.meydan.tv\/wp-content\/uploads\/2021\/07\/meydan-logo.svg","contentUrl":"https:\/\/www.meydan.tv\/wp-content\/uploads\/2021\/07\/meydan-logo.svg","width":195,"height":46,"caption":"Meydan TV"},"image":{"@id":"https:\/\/www.meydan.tv\/az\/#\/schema\/logo\/image\/"}},{"@type":"Person","@id":"https:\/\/www.meydan.tv\/az\/#\/schema\/person\/476e9360e593fa131d5d71d51866f8da","name":"aleks"}]}},"_links":{"self":[{"href":"https:\/\/www.meydan.tv\/az\/wp-json\/wp\/v2\/posts\/325570","targetHints":{"allow":["GET"]}}],"collection":[{"href":"https:\/\/www.meydan.tv\/az\/wp-json\/wp\/v2\/posts"}],"about":[{"href":"https:\/\/www.meydan.tv\/az\/wp-json\/wp\/v2\/types\/post"}],"author":[{"embeddable":true,"href":"https:\/\/www.meydan.tv\/az\/wp-json\/wp\/v2\/users\/12"}],"replies":[{"embeddable":true,"href":"https:\/\/www.meydan.tv\/az\/wp-json\/wp\/v2\/comments?post=325570"}],"version-history":[{"count":6,"href":"https:\/\/www.meydan.tv\/az\/wp-json\/wp\/v2\/posts\/325570\/revisions"}],"predecessor-version":[{"id":325583,"href":"https:\/\/www.meydan.tv\/az\/wp-json\/wp\/v2\/posts\/325570\/revisions\/325583"}],"wp:featuredmedia":[{"embeddable":true,"href":"https:\/\/www.meydan.tv\/az\/wp-json\/wp\/v2\/media\/325694"}],"wp:attachment":[{"href":"https:\/\/www.meydan.tv\/az\/wp-json\/wp\/v2\/media?parent=325570"}],"wp:term":[{"taxonomy":"category","embeddable":true,"href":"https:\/\/www.meydan.tv\/az\/wp-json\/wp\/v2\/categories?post=325570"},{"taxonomy":"post_tag","embeddable":true,"href":"https:\/\/www.meydan.tv\/az\/wp-json\/wp\/v2\/tags?post=325570"}],"curies":[{"name":"wp","href":"https:\/\/api.w.org\/{rel}","templated":true}]}}