{"id":325558,"date":"2025-01-31T13:54:49","date_gmt":"2025-01-31T09:54:49","guid":{"rendered":"https:\/\/www.meydan.tv\/?p=325558"},"modified":"2025-01-31T13:54:51","modified_gmt":"2025-01-31T09:54:51","slug":"el%c9%99-mane%c9%99l%c9%99r-yaradiblar-ki-v%c9%99t%c9%99ndaslar-haqsizliqlari-m%c9%99hk%c9%99m%c9%99l%c9%99rd%c9%99-mubahis%c9%99l%c9%99ndir%c9%99-bilm%c9%99sinl%c9%99r","status":"publish","type":"post","link":"https:\/\/www.meydan.tv\/az\/article\/el%c9%99-mane%c9%99l%c9%99r-yaradiblar-ki-v%c9%99t%c9%99ndaslar-haqsizliqlari-m%c9%99hk%c9%99m%c9%99l%c9%99rd%c9%99-mubahis%c9%99l%c9%99ndir%c9%99-bilm%c9%99sinl%c9%99r\/","title":{"rendered":"&#8220;El\u0259 mane\u0259l\u0259r yarad\u0131blar ki, v\u0259t\u0259nda\u015flar haqs\u0131zl\u0131qlar\u0131 m\u0259hk\u0259m\u0259l\u0259rd\u0259 m\u00fcbahis\u0259l\u0259ndir\u0259 bilm\u0259sinl\u0259r&#8221;"},"content":{"rendered":"\n<figure class=\"wp-block-embed is-type-video is-provider-youtube wp-block-embed-youtube wp-embed-aspect-16-9 wp-has-aspect-ratio\"><div class=\"wp-block-embed__wrapper\">\n<iframe title=\"&quot;El\u0259 mane\u0259l\u0259r yarad\u0131blar ki, v\u0259t\u0259nda\u015flar haqs\u0131zl\u0131qlar\u0131 m\u0259hk\u0259m\u0259l\u0259rd\u0259 m\u00fcbahis\u0259l\u0259ndir\u0259 bilm\u0259sinl\u0259r&quot;\" width=\"1200\" height=\"675\" data-src=\"https:\/\/www.youtube.com\/embed\/qW2Hf-qFn7Q?feature=oembed\" frameborder=\"0\" allow=\"accelerometer; autoplay; clipboard-write; encrypted-media; gyroscope; picture-in-picture; web-share\" referrerpolicy=\"strict-origin-when-cross-origin\" allowfullscreen src=\"data:image\/svg+xml;base64,PHN2ZyB3aWR0aD0iMSIgaGVpZ2h0PSIxIiB4bWxucz0iaHR0cDovL3d3dy53My5vcmcvMjAwMC9zdmciPjwvc3ZnPg==\" class=\"lazyload\" data-load-mode=\"1\"><\/iframe>\n<\/div><\/figure>\n\n\n\n<p><a href=\"https:\/\/www.youtube.com\/@MeydanTelevision\"><\/a><\/p>\n\n\n\n<p>\u0130nsanlar\u0131n son bir ne\u00e7\u0259 ild\u0259 h\u00fcquqlar\u0131n\u0131n qorunmas\u0131 hans\u0131 x\u0259tl\u0259 ir\u0259lil\u0259yib?&nbsp;<\/p>\n\n\n\n<ul class=\"wp-block-list\">\n<li>&#8220;M\u0259hk\u0259m\u0259y\u0259 ged\u0259n b\u00fct\u00fcn i\u015fl\u0259rin c\u0259mi 20 faizi \u0259dal\u0259ti tapa bilir. El\u0259 mane\u0259l\u0259r yarad\u0131blar ki, v\u0259t\u0259nda\u015flar \u00fczl\u0259\u015fdikl\u0259ri haqs\u0131zl\u0131qlar\u0131 m\u0259hk\u0259m\u0259l\u0259rd\u0259 m\u00fcbahis\u0259l\u0259ndir\u0259 bilm\u0259sinl\u0259r. Hakim say\u0131 art\u0131r\u0131l\u0131r, amma iddia \u0259riz\u0259l\u0259rin\u0259 baxan yoxdur&#8221;.<\/li>\n<\/ul>\n\n\n\n<ul class=\"wp-block-list\">\n<li>\u018fn sad\u0259 m\u0259s\u0259l\u0259d\u0259 bel\u0259 \u00f6lk\u0259 v\u0259t\u0259nda\u015f\u0131n\u0131n informasiyaya \u0259l\u00e7at\u0131ml\u0131l\u0131\u011f\u0131 yoxdur. Polis b\u00f6lm\u0259sind\u0259 saxlan\u0131lan \u015f\u0259xsin ail\u0259si g\u00fcnl\u0259rl\u0259 onu axtar\u0131b tapa bilmir. \u0130\u015f\u0131\u011f\u0131 s\u00f6n\u0259n sakinl\u0259r s\u0259b\u0259bini d\u00f6vl\u0259t qurumundan \u00f6yr\u0259n\u0259 bilmir.\u00a0<\/li>\n<\/ul>\n\n\n\n<ul class=\"wp-block-list\">\n<li>Az\u0259rbaycan v\u0259t\u0259nda\u015f\u0131 bel\u0259 hesab edirdi ki, \u00f6lk\u0259d\u0259 yet\u0259rli maa\u015f, pensiya olsa, ucuzluq olsa, o zaman n\u0259 se\u00e7ki h\u00fcququna, n\u0259 s\u0259rb\u0259st topla\u015fmaq h\u00fcququna, n\u0259 d\u0259 \u0259dal\u0259tli m\u00fchakim\u0259 olunmaq h\u00fcququna ehtiyac var. Amma son 3-4 il bunu g\u00f6st\u0259rdi ki, insanlar\u0131n siyasi h\u00fcquqlar\u0131n\u0131 \u0259lind\u0259n alanda, n\u00f6vb\u0259ti add\u0131m kimi sosial h\u00fcquqlar\u0131 da \u0259lind\u0259n al\u0131n\u0131r.<\/li>\n<\/ul>\n","protected":false},"excerpt":{"rendered":"<p>\u0130nsanlar\u0131n son bir ne\u00e7\u0259 ild\u0259 h\u00fcquqlar\u0131n\u0131n qorunmas\u0131 hans\u0131 x\u0259tl\u0259 ir\u0259lil\u0259yib?&nbsp;<\/p>\n","protected":false},"author":12,"featured_media":260251,"comment_status":"closed","ping_status":"closed","sticky":false,"template":"","format":"standard","meta":{"_acf_changed":false,"_sitemap_exclude":false,"_sitemap_priority":"","_sitemap_frequency":"","footnotes":""},"categories":[59,79,63,56],"tags":[],"class_list":["post-325558","post","type-post","status-publish","format-standard","has-post-thumbnail","hentry","category-siyaset","category-featured","category-video-2","category-xeberler","infinite-scroll-item","generate-columns","tablet-grid-50","mobile-grid-100","grid-parent","grid-33","no-featured-image-padding"],"acf":[],"yoast_head":"<!-- This site is optimized with the Yoast SEO plugin v27.4 - https:\/\/yoast.com\/product\/yoast-seo-wordpress\/ -->\n<title>&quot;El\u0259 mane\u0259l\u0259r yarad\u0131blar ki, v\u0259t\u0259nda\u015flar haqs\u0131zl\u0131qlar\u0131 m\u0259hk\u0259m\u0259l\u0259rd\u0259 m\u00fcbahis\u0259l\u0259ndir\u0259 bilm\u0259sinl\u0259r&quot; - MEYDAN.TV<\/title>\n<meta name=\"robots\" content=\"index, follow, max-snippet:-1, max-image-preview:large, max-video-preview:-1\" \/>\n<link rel=\"canonical\" href=\"https:\/\/www.meydan.tv\/az\/article\/el%c9%99-mane%c9%99l%c9%99r-yaradiblar-ki-v%c9%99t%c9%99ndaslar-haqsizliqlari-m%c9%99hk%c9%99m%c9%99l%c9%99rd%c9%99-mubahis%c9%99l%c9%99ndir%c9%99-bilm%c9%99sinl%c9%99r\/\" \/>\n<meta property=\"og:locale\" content=\"az_AZ\" \/>\n<meta property=\"og:type\" content=\"article\" \/>\n<meta property=\"og:title\" content=\"&quot;El\u0259 mane\u0259l\u0259r yarad\u0131blar ki, v\u0259t\u0259nda\u015flar haqs\u0131zl\u0131qlar\u0131 m\u0259hk\u0259m\u0259l\u0259rd\u0259 m\u00fcbahis\u0259l\u0259ndir\u0259 bilm\u0259sinl\u0259r&quot; - MEYDAN.TV\" \/>\n<meta property=\"og:description\" content=\"\u0130nsanlar\u0131n son bir ne\u00e7\u0259 ild\u0259 h\u00fcquqlar\u0131n\u0131n qorunmas\u0131 hans\u0131 x\u0259tl\u0259 ir\u0259lil\u0259yib?&nbsp;\" \/>\n<meta property=\"og:url\" content=\"https:\/\/www.meydan.tv\/az\/article\/el%c9%99-mane%c9%99l%c9%99r-yaradiblar-ki-v%c9%99t%c9%99ndaslar-haqsizliqlari-m%c9%99hk%c9%99m%c9%99l%c9%99rd%c9%99-mubahis%c9%99l%c9%99ndir%c9%99-bilm%c9%99sinl%c9%99r\/\" \/>\n<meta property=\"og:site_name\" content=\"MEYDAN.TV\" \/>\n<meta property=\"article:published_time\" content=\"2025-01-31T09:54:49+00:00\" \/>\n<meta property=\"article:modified_time\" content=\"2025-01-31T09:54:51+00:00\" \/>\n<meta property=\"og:image\" content=\"https:\/\/www.meydan.tv\/wp-content\/uploads\/image-from-ios-8.jpg\" \/>\n\t<meta property=\"og:image:width\" content=\"1500\" \/>\n\t<meta property=\"og:image:height\" content=\"844\" \/>\n\t<meta property=\"og:image:type\" content=\"image\/jpeg\" \/>\n<meta name=\"author\" content=\"aleks\" \/>\n<meta name=\"twitter:card\" content=\"summary_large_image\" \/>\n<script type=\"application\/ld+json\" class=\"yoast-schema-graph\">{\"@context\":\"https:\\\/\\\/schema.org\",\"@graph\":[{\"@type\":\"Article\",\"@id\":\"https:\\\/\\\/www.meydan.tv\\\/az\\\/article\\\/el%c9%99-mane%c9%99l%c9%99r-yaradiblar-ki-v%c9%99t%c9%99ndaslar-haqsizliqlari-m%c9%99hk%c9%99m%c9%99l%c9%99rd%c9%99-mubahis%c9%99l%c9%99ndir%c9%99-bilm%c9%99sinl%c9%99r\\\/#article\",\"isPartOf\":{\"@id\":\"https:\\\/\\\/www.meydan.tv\\\/az\\\/article\\\/el%c9%99-mane%c9%99l%c9%99r-yaradiblar-ki-v%c9%99t%c9%99ndaslar-haqsizliqlari-m%c9%99hk%c9%99m%c9%99l%c9%99rd%c9%99-mubahis%c9%99l%c9%99ndir%c9%99-bilm%c9%99sinl%c9%99r\\\/\"},\"author\":{\"name\":\"aleks\",\"@id\":\"https:\\\/\\\/www.meydan.tv\\\/az\\\/#\\\/schema\\\/person\\\/476e9360e593fa131d5d71d51866f8da\"},\"headline\":\"&#8220;El\u0259 mane\u0259l\u0259r yarad\u0131blar ki, v\u0259t\u0259nda\u015flar haqs\u0131zl\u0131qlar\u0131 m\u0259hk\u0259m\u0259l\u0259rd\u0259 m\u00fcbahis\u0259l\u0259ndir\u0259 bilm\u0259sinl\u0259r&#8221;\",\"datePublished\":\"2025-01-31T09:54:49+00:00\",\"dateModified\":\"2025-01-31T09:54:51+00:00\",\"mainEntityOfPage\":{\"@id\":\"https:\\\/\\\/www.meydan.tv\\\/az\\\/article\\\/el%c9%99-mane%c9%99l%c9%99r-yaradiblar-ki-v%c9%99t%c9%99ndaslar-haqsizliqlari-m%c9%99hk%c9%99m%c9%99l%c9%99rd%c9%99-mubahis%c9%99l%c9%99ndir%c9%99-bilm%c9%99sinl%c9%99r\\\/\"},\"wordCount\":242,\"publisher\":{\"@id\":\"https:\\\/\\\/www.meydan.tv\\\/az\\\/#organization\"},\"image\":{\"@id\":\"https:\\\/\\\/www.meydan.tv\\\/az\\\/article\\\/el%c9%99-mane%c9%99l%c9%99r-yaradiblar-ki-v%c9%99t%c9%99ndaslar-haqsizliqlari-m%c9%99hk%c9%99m%c9%99l%c9%99rd%c9%99-mubahis%c9%99l%c9%99ndir%c9%99-bilm%c9%99sinl%c9%99r\\\/#primaryimage\"},\"thumbnailUrl\":\"https:\\\/\\\/www.meydan.tv\\\/wp-content\\\/uploads\\\/image-from-ios-8.jpg\",\"articleSection\":[\"Siyas\u0259t\",\"T\u00f6vsiy\u0259\",\"Video\",\"X\u0259b\u0259rl\u0259r\"],\"inLanguage\":\"az\"},{\"@type\":\"WebPage\",\"@id\":\"https:\\\/\\\/www.meydan.tv\\\/az\\\/article\\\/el%c9%99-mane%c9%99l%c9%99r-yaradiblar-ki-v%c9%99t%c9%99ndaslar-haqsizliqlari-m%c9%99hk%c9%99m%c9%99l%c9%99rd%c9%99-mubahis%c9%99l%c9%99ndir%c9%99-bilm%c9%99sinl%c9%99r\\\/\",\"url\":\"https:\\\/\\\/www.meydan.tv\\\/az\\\/article\\\/el%c9%99-mane%c9%99l%c9%99r-yaradiblar-ki-v%c9%99t%c9%99ndaslar-haqsizliqlari-m%c9%99hk%c9%99m%c9%99l%c9%99rd%c9%99-mubahis%c9%99l%c9%99ndir%c9%99-bilm%c9%99sinl%c9%99r\\\/\",\"name\":\"\\\"El\u0259 mane\u0259l\u0259r yarad\u0131blar ki, v\u0259t\u0259nda\u015flar haqs\u0131zl\u0131qlar\u0131 m\u0259hk\u0259m\u0259l\u0259rd\u0259 m\u00fcbahis\u0259l\u0259ndir\u0259 bilm\u0259sinl\u0259r\\\" - MEYDAN.TV\",\"isPartOf\":{\"@id\":\"https:\\\/\\\/www.meydan.tv\\\/az\\\/#website\"},\"primaryImageOfPage\":{\"@id\":\"https:\\\/\\\/www.meydan.tv\\\/az\\\/article\\\/el%c9%99-mane%c9%99l%c9%99r-yaradiblar-ki-v%c9%99t%c9%99ndaslar-haqsizliqlari-m%c9%99hk%c9%99m%c9%99l%c9%99rd%c9%99-mubahis%c9%99l%c9%99ndir%c9%99-bilm%c9%99sinl%c9%99r\\\/#primaryimage\"},\"image\":{\"@id\":\"https:\\\/\\\/www.meydan.tv\\\/az\\\/article\\\/el%c9%99-mane%c9%99l%c9%99r-yaradiblar-ki-v%c9%99t%c9%99ndaslar-haqsizliqlari-m%c9%99hk%c9%99m%c9%99l%c9%99rd%c9%99-mubahis%c9%99l%c9%99ndir%c9%99-bilm%c9%99sinl%c9%99r\\\/#primaryimage\"},\"thumbnailUrl\":\"https:\\\/\\\/www.meydan.tv\\\/wp-content\\\/uploads\\\/image-from-ios-8.jpg\",\"datePublished\":\"2025-01-31T09:54:49+00:00\",\"dateModified\":\"2025-01-31T09:54:51+00:00\",\"breadcrumb\":{\"@id\":\"https:\\\/\\\/www.meydan.tv\\\/az\\\/article\\\/el%c9%99-mane%c9%99l%c9%99r-yaradiblar-ki-v%c9%99t%c9%99ndaslar-haqsizliqlari-m%c9%99hk%c9%99m%c9%99l%c9%99rd%c9%99-mubahis%c9%99l%c9%99ndir%c9%99-bilm%c9%99sinl%c9%99r\\\/#breadcrumb\"},\"inLanguage\":\"az\",\"potentialAction\":[{\"@type\":\"ReadAction\",\"target\":[\"https:\\\/\\\/www.meydan.tv\\\/az\\\/article\\\/el%c9%99-mane%c9%99l%c9%99r-yaradiblar-ki-v%c9%99t%c9%99ndaslar-haqsizliqlari-m%c9%99hk%c9%99m%c9%99l%c9%99rd%c9%99-mubahis%c9%99l%c9%99ndir%c9%99-bilm%c9%99sinl%c9%99r\\\/\"]}]},{\"@type\":\"ImageObject\",\"inLanguage\":\"az\",\"@id\":\"https:\\\/\\\/www.meydan.tv\\\/az\\\/article\\\/el%c9%99-mane%c9%99l%c9%99r-yaradiblar-ki-v%c9%99t%c9%99ndaslar-haqsizliqlari-m%c9%99hk%c9%99m%c9%99l%c9%99rd%c9%99-mubahis%c9%99l%c9%99ndir%c9%99-bilm%c9%99sinl%c9%99r\\\/#primaryimage\",\"url\":\"https:\\\/\\\/www.meydan.tv\\\/wp-content\\\/uploads\\\/image-from-ios-8.jpg\",\"contentUrl\":\"https:\\\/\\\/www.meydan.tv\\\/wp-content\\\/uploads\\\/image-from-ios-8.jpg\",\"width\":1500,\"height\":844,\"caption\":\"M\u0259hk\u0259m\u0259. \u0130ll\u00fcstrasiya: Meydan TV\"},{\"@type\":\"BreadcrumbList\",\"@id\":\"https:\\\/\\\/www.meydan.tv\\\/az\\\/article\\\/el%c9%99-mane%c9%99l%c9%99r-yaradiblar-ki-v%c9%99t%c9%99ndaslar-haqsizliqlari-m%c9%99hk%c9%99m%c9%99l%c9%99rd%c9%99-mubahis%c9%99l%c9%99ndir%c9%99-bilm%c9%99sinl%c9%99r\\\/#breadcrumb\",\"itemListElement\":[{\"@type\":\"ListItem\",\"position\":1,\"name\":\"Ana s\u0259hif\u0259\",\"item\":\"https:\\\/\\\/www.meydan.tv\\\/az\\\/\"},{\"@type\":\"ListItem\",\"position\":2,\"name\":\"X\u0259b\u0259rl\u0259r\",\"item\":\"https:\\\/\\\/www.meydan.tv\\\/az\\\/section\\\/xeberler\\\/\"},{\"@type\":\"ListItem\",\"position\":3,\"name\":\"&#8220;El\u0259 mane\u0259l\u0259r yarad\u0131blar ki, v\u0259t\u0259nda\u015flar haqs\u0131zl\u0131qlar\u0131 m\u0259hk\u0259m\u0259l\u0259rd\u0259 m\u00fcbahis\u0259l\u0259ndir\u0259 bilm\u0259sinl\u0259r&#8221;\"}]},{\"@type\":\"WebSite\",\"@id\":\"https:\\\/\\\/www.meydan.tv\\\/az\\\/#website\",\"url\":\"https:\\\/\\\/www.meydan.tv\\\/az\\\/\",\"name\":\"MEYDAN.TV\",\"description\":\"Meydan TV Az\u0259rbaycan\u0131n media m\u0259kan\u0131ndak\u0131 alternativ s\u0259sidir\",\"publisher\":{\"@id\":\"https:\\\/\\\/www.meydan.tv\\\/az\\\/#organization\"},\"potentialAction\":[{\"@type\":\"SearchAction\",\"target\":{\"@type\":\"EntryPoint\",\"urlTemplate\":\"https:\\\/\\\/www.meydan.tv\\\/az\\\/?s={search_term_string}\"},\"query-input\":{\"@type\":\"PropertyValueSpecification\",\"valueRequired\":true,\"valueName\":\"search_term_string\"}}],\"inLanguage\":\"az\"},{\"@type\":\"Organization\",\"@id\":\"https:\\\/\\\/www.meydan.tv\\\/az\\\/#organization\",\"name\":\"Meydan TV\",\"url\":\"https:\\\/\\\/www.meydan.tv\\\/az\\\/\",\"logo\":{\"@type\":\"ImageObject\",\"inLanguage\":\"az\",\"@id\":\"https:\\\/\\\/www.meydan.tv\\\/az\\\/#\\\/schema\\\/logo\\\/image\\\/\",\"url\":\"https:\\\/\\\/www.meydan.tv\\\/wp-content\\\/uploads\\\/2021\\\/07\\\/meydan-logo.svg\",\"contentUrl\":\"https:\\\/\\\/www.meydan.tv\\\/wp-content\\\/uploads\\\/2021\\\/07\\\/meydan-logo.svg\",\"width\":195,\"height\":46,\"caption\":\"Meydan TV\"},\"image\":{\"@id\":\"https:\\\/\\\/www.meydan.tv\\\/az\\\/#\\\/schema\\\/logo\\\/image\\\/\"}},{\"@type\":\"Person\",\"@id\":\"https:\\\/\\\/www.meydan.tv\\\/az\\\/#\\\/schema\\\/person\\\/476e9360e593fa131d5d71d51866f8da\",\"name\":\"aleks\"}]}<\/script>\n<!-- \/ Yoast SEO plugin. -->","yoast_head_json":{"title":"\"El\u0259 mane\u0259l\u0259r yarad\u0131blar ki, v\u0259t\u0259nda\u015flar haqs\u0131zl\u0131qlar\u0131 m\u0259hk\u0259m\u0259l\u0259rd\u0259 m\u00fcbahis\u0259l\u0259ndir\u0259 bilm\u0259sinl\u0259r\" - MEYDAN.TV","robots":{"index":"index","follow":"follow","max-snippet":"max-snippet:-1","max-image-preview":"max-image-preview:large","max-video-preview":"max-video-preview:-1"},"canonical":"https:\/\/www.meydan.tv\/az\/article\/el%c9%99-mane%c9%99l%c9%99r-yaradiblar-ki-v%c9%99t%c9%99ndaslar-haqsizliqlari-m%c9%99hk%c9%99m%c9%99l%c9%99rd%c9%99-mubahis%c9%99l%c9%99ndir%c9%99-bilm%c9%99sinl%c9%99r\/","og_locale":"az_AZ","og_type":"article","og_title":"\"El\u0259 mane\u0259l\u0259r yarad\u0131blar ki, v\u0259t\u0259nda\u015flar haqs\u0131zl\u0131qlar\u0131 m\u0259hk\u0259m\u0259l\u0259rd\u0259 m\u00fcbahis\u0259l\u0259ndir\u0259 bilm\u0259sinl\u0259r\" - MEYDAN.TV","og_description":"\u0130nsanlar\u0131n son bir ne\u00e7\u0259 ild\u0259 h\u00fcquqlar\u0131n\u0131n qorunmas\u0131 hans\u0131 x\u0259tl\u0259 ir\u0259lil\u0259yib?&nbsp;","og_url":"https:\/\/www.meydan.tv\/az\/article\/el%c9%99-mane%c9%99l%c9%99r-yaradiblar-ki-v%c9%99t%c9%99ndaslar-haqsizliqlari-m%c9%99hk%c9%99m%c9%99l%c9%99rd%c9%99-mubahis%c9%99l%c9%99ndir%c9%99-bilm%c9%99sinl%c9%99r\/","og_site_name":"MEYDAN.TV","article_published_time":"2025-01-31T09:54:49+00:00","article_modified_time":"2025-01-31T09:54:51+00:00","og_image":[{"width":1500,"height":844,"url":"https:\/\/www.meydan.tv\/wp-content\/uploads\/image-from-ios-8.jpg","type":"image\/jpeg"}],"author":"aleks","twitter_card":"summary_large_image","schema":{"@context":"https:\/\/schema.org","@graph":[{"@type":"Article","@id":"https:\/\/www.meydan.tv\/az\/article\/el%c9%99-mane%c9%99l%c9%99r-yaradiblar-ki-v%c9%99t%c9%99ndaslar-haqsizliqlari-m%c9%99hk%c9%99m%c9%99l%c9%99rd%c9%99-mubahis%c9%99l%c9%99ndir%c9%99-bilm%c9%99sinl%c9%99r\/#article","isPartOf":{"@id":"https:\/\/www.meydan.tv\/az\/article\/el%c9%99-mane%c9%99l%c9%99r-yaradiblar-ki-v%c9%99t%c9%99ndaslar-haqsizliqlari-m%c9%99hk%c9%99m%c9%99l%c9%99rd%c9%99-mubahis%c9%99l%c9%99ndir%c9%99-bilm%c9%99sinl%c9%99r\/"},"author":{"name":"aleks","@id":"https:\/\/www.meydan.tv\/az\/#\/schema\/person\/476e9360e593fa131d5d71d51866f8da"},"headline":"&#8220;El\u0259 mane\u0259l\u0259r yarad\u0131blar ki, v\u0259t\u0259nda\u015flar haqs\u0131zl\u0131qlar\u0131 m\u0259hk\u0259m\u0259l\u0259rd\u0259 m\u00fcbahis\u0259l\u0259ndir\u0259 bilm\u0259sinl\u0259r&#8221;","datePublished":"2025-01-31T09:54:49+00:00","dateModified":"2025-01-31T09:54:51+00:00","mainEntityOfPage":{"@id":"https:\/\/www.meydan.tv\/az\/article\/el%c9%99-mane%c9%99l%c9%99r-yaradiblar-ki-v%c9%99t%c9%99ndaslar-haqsizliqlari-m%c9%99hk%c9%99m%c9%99l%c9%99rd%c9%99-mubahis%c9%99l%c9%99ndir%c9%99-bilm%c9%99sinl%c9%99r\/"},"wordCount":242,"publisher":{"@id":"https:\/\/www.meydan.tv\/az\/#organization"},"image":{"@id":"https:\/\/www.meydan.tv\/az\/article\/el%c9%99-mane%c9%99l%c9%99r-yaradiblar-ki-v%c9%99t%c9%99ndaslar-haqsizliqlari-m%c9%99hk%c9%99m%c9%99l%c9%99rd%c9%99-mubahis%c9%99l%c9%99ndir%c9%99-bilm%c9%99sinl%c9%99r\/#primaryimage"},"thumbnailUrl":"https:\/\/www.meydan.tv\/wp-content\/uploads\/image-from-ios-8.jpg","articleSection":["Siyas\u0259t","T\u00f6vsiy\u0259","Video","X\u0259b\u0259rl\u0259r"],"inLanguage":"az"},{"@type":"WebPage","@id":"https:\/\/www.meydan.tv\/az\/article\/el%c9%99-mane%c9%99l%c9%99r-yaradiblar-ki-v%c9%99t%c9%99ndaslar-haqsizliqlari-m%c9%99hk%c9%99m%c9%99l%c9%99rd%c9%99-mubahis%c9%99l%c9%99ndir%c9%99-bilm%c9%99sinl%c9%99r\/","url":"https:\/\/www.meydan.tv\/az\/article\/el%c9%99-mane%c9%99l%c9%99r-yaradiblar-ki-v%c9%99t%c9%99ndaslar-haqsizliqlari-m%c9%99hk%c9%99m%c9%99l%c9%99rd%c9%99-mubahis%c9%99l%c9%99ndir%c9%99-bilm%c9%99sinl%c9%99r\/","name":"\"El\u0259 mane\u0259l\u0259r yarad\u0131blar ki, v\u0259t\u0259nda\u015flar haqs\u0131zl\u0131qlar\u0131 m\u0259hk\u0259m\u0259l\u0259rd\u0259 m\u00fcbahis\u0259l\u0259ndir\u0259 bilm\u0259sinl\u0259r\" - MEYDAN.TV","isPartOf":{"@id":"https:\/\/www.meydan.tv\/az\/#website"},"primaryImageOfPage":{"@id":"https:\/\/www.meydan.tv\/az\/article\/el%c9%99-mane%c9%99l%c9%99r-yaradiblar-ki-v%c9%99t%c9%99ndaslar-haqsizliqlari-m%c9%99hk%c9%99m%c9%99l%c9%99rd%c9%99-mubahis%c9%99l%c9%99ndir%c9%99-bilm%c9%99sinl%c9%99r\/#primaryimage"},"image":{"@id":"https:\/\/www.meydan.tv\/az\/article\/el%c9%99-mane%c9%99l%c9%99r-yaradiblar-ki-v%c9%99t%c9%99ndaslar-haqsizliqlari-m%c9%99hk%c9%99m%c9%99l%c9%99rd%c9%99-mubahis%c9%99l%c9%99ndir%c9%99-bilm%c9%99sinl%c9%99r\/#primaryimage"},"thumbnailUrl":"https:\/\/www.meydan.tv\/wp-content\/uploads\/image-from-ios-8.jpg","datePublished":"2025-01-31T09:54:49+00:00","dateModified":"2025-01-31T09:54:51+00:00","breadcrumb":{"@id":"https:\/\/www.meydan.tv\/az\/article\/el%c9%99-mane%c9%99l%c9%99r-yaradiblar-ki-v%c9%99t%c9%99ndaslar-haqsizliqlari-m%c9%99hk%c9%99m%c9%99l%c9%99rd%c9%99-mubahis%c9%99l%c9%99ndir%c9%99-bilm%c9%99sinl%c9%99r\/#breadcrumb"},"inLanguage":"az","potentialAction":[{"@type":"ReadAction","target":["https:\/\/www.meydan.tv\/az\/article\/el%c9%99-mane%c9%99l%c9%99r-yaradiblar-ki-v%c9%99t%c9%99ndaslar-haqsizliqlari-m%c9%99hk%c9%99m%c9%99l%c9%99rd%c9%99-mubahis%c9%99l%c9%99ndir%c9%99-bilm%c9%99sinl%c9%99r\/"]}]},{"@type":"ImageObject","inLanguage":"az","@id":"https:\/\/www.meydan.tv\/az\/article\/el%c9%99-mane%c9%99l%c9%99r-yaradiblar-ki-v%c9%99t%c9%99ndaslar-haqsizliqlari-m%c9%99hk%c9%99m%c9%99l%c9%99rd%c9%99-mubahis%c9%99l%c9%99ndir%c9%99-bilm%c9%99sinl%c9%99r\/#primaryimage","url":"https:\/\/www.meydan.tv\/wp-content\/uploads\/image-from-ios-8.jpg","contentUrl":"https:\/\/www.meydan.tv\/wp-content\/uploads\/image-from-ios-8.jpg","width":1500,"height":844,"caption":"M\u0259hk\u0259m\u0259. \u0130ll\u00fcstrasiya: Meydan TV"},{"@type":"BreadcrumbList","@id":"https:\/\/www.meydan.tv\/az\/article\/el%c9%99-mane%c9%99l%c9%99r-yaradiblar-ki-v%c9%99t%c9%99ndaslar-haqsizliqlari-m%c9%99hk%c9%99m%c9%99l%c9%99rd%c9%99-mubahis%c9%99l%c9%99ndir%c9%99-bilm%c9%99sinl%c9%99r\/#breadcrumb","itemListElement":[{"@type":"ListItem","position":1,"name":"Ana s\u0259hif\u0259","item":"https:\/\/www.meydan.tv\/az\/"},{"@type":"ListItem","position":2,"name":"X\u0259b\u0259rl\u0259r","item":"https:\/\/www.meydan.tv\/az\/section\/xeberler\/"},{"@type":"ListItem","position":3,"name":"&#8220;El\u0259 mane\u0259l\u0259r yarad\u0131blar ki, v\u0259t\u0259nda\u015flar haqs\u0131zl\u0131qlar\u0131 m\u0259hk\u0259m\u0259l\u0259rd\u0259 m\u00fcbahis\u0259l\u0259ndir\u0259 bilm\u0259sinl\u0259r&#8221;"}]},{"@type":"WebSite","@id":"https:\/\/www.meydan.tv\/az\/#website","url":"https:\/\/www.meydan.tv\/az\/","name":"MEYDAN.TV","description":"Meydan TV Az\u0259rbaycan\u0131n media m\u0259kan\u0131ndak\u0131 alternativ s\u0259sidir","publisher":{"@id":"https:\/\/www.meydan.tv\/az\/#organization"},"potentialAction":[{"@type":"SearchAction","target":{"@type":"EntryPoint","urlTemplate":"https:\/\/www.meydan.tv\/az\/?s={search_term_string}"},"query-input":{"@type":"PropertyValueSpecification","valueRequired":true,"valueName":"search_term_string"}}],"inLanguage":"az"},{"@type":"Organization","@id":"https:\/\/www.meydan.tv\/az\/#organization","name":"Meydan TV","url":"https:\/\/www.meydan.tv\/az\/","logo":{"@type":"ImageObject","inLanguage":"az","@id":"https:\/\/www.meydan.tv\/az\/#\/schema\/logo\/image\/","url":"https:\/\/www.meydan.tv\/wp-content\/uploads\/2021\/07\/meydan-logo.svg","contentUrl":"https:\/\/www.meydan.tv\/wp-content\/uploads\/2021\/07\/meydan-logo.svg","width":195,"height":46,"caption":"Meydan TV"},"image":{"@id":"https:\/\/www.meydan.tv\/az\/#\/schema\/logo\/image\/"}},{"@type":"Person","@id":"https:\/\/www.meydan.tv\/az\/#\/schema\/person\/476e9360e593fa131d5d71d51866f8da","name":"aleks"}]}},"_links":{"self":[{"href":"https:\/\/www.meydan.tv\/az\/wp-json\/wp\/v2\/posts\/325558","targetHints":{"allow":["GET"]}}],"collection":[{"href":"https:\/\/www.meydan.tv\/az\/wp-json\/wp\/v2\/posts"}],"about":[{"href":"https:\/\/www.meydan.tv\/az\/wp-json\/wp\/v2\/types\/post"}],"author":[{"embeddable":true,"href":"https:\/\/www.meydan.tv\/az\/wp-json\/wp\/v2\/users\/12"}],"replies":[{"embeddable":true,"href":"https:\/\/www.meydan.tv\/az\/wp-json\/wp\/v2\/comments?post=325558"}],"version-history":[{"count":1,"href":"https:\/\/www.meydan.tv\/az\/wp-json\/wp\/v2\/posts\/325558\/revisions"}],"predecessor-version":[{"id":325559,"href":"https:\/\/www.meydan.tv\/az\/wp-json\/wp\/v2\/posts\/325558\/revisions\/325559"}],"wp:featuredmedia":[{"embeddable":true,"href":"https:\/\/www.meydan.tv\/az\/wp-json\/wp\/v2\/media\/260251"}],"wp:attachment":[{"href":"https:\/\/www.meydan.tv\/az\/wp-json\/wp\/v2\/media?parent=325558"}],"wp:term":[{"taxonomy":"category","embeddable":true,"href":"https:\/\/www.meydan.tv\/az\/wp-json\/wp\/v2\/categories?post=325558"},{"taxonomy":"post_tag","embeddable":true,"href":"https:\/\/www.meydan.tv\/az\/wp-json\/wp\/v2\/tags?post=325558"}],"curies":[{"name":"wp","href":"https:\/\/api.w.org\/{rel}","templated":true}]}}