{"id":325551,"date":"2025-01-31T13:43:34","date_gmt":"2025-01-31T09:43:34","guid":{"rendered":"https:\/\/www.meydan.tv\/?p=325551"},"modified":"2025-02-03T12:19:06","modified_gmt":"2025-02-03T08:19:06","slug":"az%c9%99rbaycanda-lokal-etirazlar-bel%c9%99-hakimiyy%c9%99tin-s%c9%99rt-reaksiyasi-il%c9%99-qarsilasir","status":"publish","type":"post","link":"https:\/\/www.meydan.tv\/az\/article\/az%c9%99rbaycanda-lokal-etirazlar-bel%c9%99-hakimiyy%c9%99tin-s%c9%99rt-reaksiyasi-il%c9%99-qarsilasir\/","title":{"rendered":"Az\u0259rbaycanda lokal etirazlar bel\u0259 hakimiyy\u0259tin s\u0259rt reaksiyas\u0131 il\u0259 qar\u015f\u0131la\u015f\u0131r"},"content":{"rendered":"\n<figure class=\"wp-block-embed is-type-video is-provider-youtube wp-block-embed-youtube wp-embed-aspect-16-9 wp-has-aspect-ratio\"><div class=\"wp-block-embed__wrapper\">\n<iframe title=\"Az\u0259rbaycanda lokal etirazlar bel\u0259 hakimiyy\u0259tin s\u0259rt reaksiyas\u0131 il\u0259 qar\u015f\u0131la\u015f\u0131r\" width=\"1200\" height=\"675\" data-src=\"https:\/\/www.youtube.com\/embed\/ie9NKdXboec?feature=oembed\" frameborder=\"0\" allow=\"accelerometer; autoplay; clipboard-write; encrypted-media; gyroscope; picture-in-picture; web-share\" referrerpolicy=\"strict-origin-when-cross-origin\" allowfullscreen src=\"data:image\/svg+xml;base64,PHN2ZyB3aWR0aD0iMSIgaGVpZ2h0PSIxIiB4bWxucz0iaHR0cDovL3d3dy53My5vcmcvMjAwMC9zdmciPjwvc3ZnPg==\" class=\"lazyload\" data-load-mode=\"1\"><\/iframe>\n<\/div><\/figure>\n\n\n\n<p><\/p>\n\n\n\n<p>Az\u0259rbaycanda uzun ill\u0259rdir ki, \u015f\u0259h\u0259rin m\u0259rk\u0259zind\u0259ki izdihaml\u0131 aksiyalarla yana\u015f\u0131, yerl\u0259rd\u0259 ke\u00e7iril\u0259n lokal etirazlar da hakimiyy\u0259tin s\u0259rt reaksiyas\u0131 il\u0259 \u00fczl\u0259\u015fir.&nbsp;<\/p>\n\n\n\n<p>X\u00fcsus\u0259n d\u0259, b\u00f6lg\u0259 v\u0259 k\u0259ndl\u0259rd\u0259 v\u0259t\u0259nda\u015flar\u0131n sosial etirazlar\u0131 polis d\u0259y\u0259n\u0259yi il\u0259 susdurulur, repressiyalar t\u0259tbiq olunur, insanlar\u0131n s\u0259rb\u0259st h\u0259r\u0259k\u0259tl\u0259ri m\u0259hdudla\u015fd\u0131r\u0131l\u0131r. Bu, zaman-zaman h\u0259m ata, h\u0259m d\u0259 o\u011ful \u018fliyevin hakimiyy\u0259ti d\u00f6n\u0259mind\u0259 m\u00fc\u015fahid\u0259 olunub.<\/p>\n\n\n\n<p>Buna Birinci v\u0259 \u0130kinci Nardaran, B\u0259n\u0259nyar, Nehr\u0259m, G\u0259nc\u0259, S\u00f6y\u00fcdl\u00fc v\u0259 son g\u00fcnl\u0259rd\u0259 ba\u015f ver\u0259n \u0130mi\u015fli hadis\u0259l\u0259ri n\u00fcmun\u0259 g\u00f6st\u0259ril\u0259 bil\u0259r.&nbsp;<\/p>\n\n\n\n<p>Bu siyah\u0131da ad\u0131 \u00e7ox \u00e7\u0259kilm\u0259s\u0259 d\u0259, Astara rayonu \u018fr\u00e7ivan k\u0259nd sakinl\u0259ri d\u0259 qorxu alt\u0131nda ya\u015fay\u0131rlar.&nbsp;<\/p>\n\n\n\n<p>Onlar\u0131n s\u00f6zl\u0259rin\u0259 g\u00f6r\u0259, k\u0259nd\u0259 zaman-zaman polis basq\u0131nlar\u0131 olur. Yerli mediada yay\u0131mlanan m\u0259lumatlara g\u00f6r\u0259, m\u00fcxt\u0259lif tarixl\u0259rd\u0259 ba\u015f tutan basq\u0131nlar zaman\u0131 b\u0259z\u0259n bir v\u0259 ya bir ne\u00e7\u0259, b\u0259z\u0259n daha \u00e7ox v\u0259t\u0259nda\u015f h\u0259bs olunur. B\u0259z\u0259n is\u0259 onlar \u00f6zl\u0259ri m\u00fcvafiq qurumlara \u00e7a\u011fr\u0131l\u0131r, daha sonra h\u0259bs edilir.&nbsp;<\/p>\n\n\n\n<p>2014-c\u00fc ild\u0259 bel\u0259 basq\u0131nlardan biri ba\u015f verib ki, buna g\u00f6r\u0259 Az\u0259rbaycan \u0130slam Partiyas\u0131 \u00f6z b\u0259yanat\u0131nda rayon r\u0259hb\u0259rliyini t\u0259xribat\u00e7\u0131lara qo\u015fulmaqda, \u0259halini qorxu v\u0259 xof alt\u0131nda saxlama\u011fa \u00e7al\u0131\u015fmaqda ittiham edib.<\/p>\n\n\n\n<p>K\u0259nd\u0259 sonuncu basq\u0131n bir il yar\u0131m \u0259vv\u0259l edilib. Bunu basq\u0131nlardan birind\u0259 h\u0259bs edilmi\u015f k\u0259nd sakini \u00dcmr\u0259 C\u0259f\u0259rov deyir.&nbsp;<\/p>\n\n\n\n<p>O bildirir ki, t\u0259kc\u0259 o yox, qarda\u015flar\u0131 da m\u00fcxt\u0259lif zamanlarda h\u0259bs edilib. \u00d6z\u00fc v\u0259 bir qarda\u015f\u0131 x\u0259st\u0259 oldu\u011fu \u00fc\u00e7\u00fcn onlara b\u0259ra\u0259t verilib, lakin, 2 qarda\u015f\u0131 h\u0259l\u0259 d\u0259 h\u0259bsd\u0259dir.<\/p>\n\n\n\n<p>Deyir ki, h\u0259bs edil\u0259nl\u0259rin \u0259ks\u0259riyy\u0259ti dini inancl\u0131 \u015f\u0259xsl\u0259r olsa da, ham\u0131s\u0131 bel\u0259 deyil. Lakin ham\u0131s\u0131 dem\u0259k olar ki, eyni madd\u0259l\u0259r \u00fczr\u0259 ittiham edilirl\u0259r: narkotik v\u0259 silah.&nbsp;<\/p>\n\n\n\n<p>\u0130ttiham\u0131 q\u0259bul etm\u0259y\u0259n \u015f\u0259xsl\u0259r is\u0259 zorak\u0131l\u0131q v\u0259 fiziki i\u015fg\u0259nc\u0259l\u0259r\u0259 m\u0259ruz qal\u0131r.&nbsp;<\/p>\n\n\n\n<p>C\u0259f\u0259rovun s\u00f6zl\u0259rin\u0259 g\u00f6r\u0259, yax\u0131n g\u00fcnl\u0259rd\u0259 ona \u00f6lk\u0259d\u0259n \u00e7\u0131xmas\u0131 \u00fc\u00e7\u00fcn bir ay zaman verilib.<\/p>\n\n\n\n<p>S\u0259fay\u0259 C\u0259f\u0259rova \u00dcmr\u0259 C\u0259f\u0259rovun anas\u0131d\u0131r, t\u0259qa\u00fcd\u00e7\u00fcd\u00fcr. &nbsp;<\/p>\n\n\n\n<p>O, k\u0259nd\u0259 n\u0259 \u00fc\u00e7\u00fcn basq\u0131nlar edildiyini anlaya bilmir. Onu xat\u0131rlay\u0131r ki, bir gec\u0259 yar\u0131 onun evin\u0259 d\u0259 qara maskal\u0131 \u015f\u0259xsl\u0259r basq\u0131n edibl\u0259r.&nbsp;<\/p>\n\n\n\n<p>Deyir ki, b\u0259zi \u015f\u0259xsl\u0259rin \u0259lind\u0259 avtomat da var idi. Evd\u0259ki h\u0259r yeri axtar\u0131b, o\u011fullar\u0131n\u0131 h\u0259bs edibl\u0259r. Buna g\u00f6r\u0259 hal\u0131 pisl\u0259\u015fib v\u0259 yer\u0259 y\u0131x\u0131l\u0131b, evd\u0259ki \u015f\u0259xsl\u0259rd\u0259n biri onun \u0259lini it\u0259l\u0259yib, h\u0259tta ona t\u0259pik vurub.&nbsp;<\/p>\n\n\n\n<p>S\u0259fay\u0259 C\u0259f\u0259rovan\u0131n s\u00f6zl\u0259rin\u0259 g\u00f6r\u0259, g\u0259l\u0259nl\u0259rd\u0259n yar\u0131s\u0131 s\u0259h\u0259r\u0259 q\u0259d\u0259r g\u00f6zl\u0259yib.&nbsp;<\/p>\n\n\n\n<p>Deyir ki, h\u0259tta&nbsp; g\u0259lininin ota\u011f\u0131n\u0131n ba\u011fl\u0131 qap\u0131s\u0131n\u0131 da s\u0131nd\u0131r\u0131blar. G\u0259lini ev\u0259 g\u0259ldikd\u0259n sonra bununla ba\u011fl\u0131 basq\u0131n ed\u0259n \u015f\u0259xsl\u0259rl\u0259 m\u00fcbahis\u0259 edib v\u0259 ona qar\u015f\u0131 da fiziki \u015fidd\u0259t g\u00f6st\u0259rilib.&nbsp;<\/p>\n\n\n\n<p>C\u0259f\u0259rovaya sonradan m\u0259lum olub ki, yaln\u0131z onun evin\u0259 yox, b\u00fct\u00fcn k\u0259nd\u0259 basq\u0131n edilib.<a href=\"https:\/\/www.youtube.com\/@MeydanTelevision\"><\/a><\/p>\n","protected":false},"excerpt":{"rendered":"<p>Az\u0259rbaycanda uzun ill\u0259rdir ki, \u015f\u0259h\u0259rin m\u0259rk\u0259zind\u0259ki izdihaml\u0131 aksiyalarla yana\u015f\u0131, yerl\u0259rd\u0259 &#8230; <\/p>\n<p class=\"read-more-container\"><a title=\"Az\u0259rbaycanda lokal etirazlar bel\u0259 hakimiyy\u0259tin s\u0259rt reaksiyas\u0131 il\u0259 qar\u015f\u0131la\u015f\u0131r\" class=\"read-more button\" href=\"https:\/\/www.meydan.tv\/az\/article\/az%c9%99rbaycanda-lokal-etirazlar-bel%c9%99-hakimiyy%c9%99tin-s%c9%99rt-reaksiyasi-il%c9%99-qarsilasir\/#more-325551\" aria-label=\"Read more about Az\u0259rbaycanda lokal etirazlar bel\u0259 hakimiyy\u0259tin s\u0259rt reaksiyas\u0131 il\u0259 qar\u015f\u0131la\u015f\u0131r\">Davam\u0131<\/a><\/p>\n","protected":false},"author":12,"featured_media":304393,"comment_status":"closed","ping_status":"closed","sticky":false,"template":"","format":"standard","meta":{"_acf_changed":false,"_sitemap_exclude":false,"_sitemap_priority":"","_sitemap_frequency":"","footnotes":""},"categories":[59,79,63,56],"tags":[],"class_list":["post-325551","post","type-post","status-publish","format-standard","has-post-thumbnail","hentry","category-siyaset","category-featured","category-video-2","category-xeberler","infinite-scroll-item","generate-columns","tablet-grid-50","mobile-grid-100","grid-parent","grid-33","no-featured-image-padding"],"acf":[],"yoast_head":"<!-- This site is optimized with the Yoast SEO plugin v27.4 - https:\/\/yoast.com\/product\/yoast-seo-wordpress\/ -->\n<title>Az\u0259rbaycanda lokal etirazlar bel\u0259 hakimiyy\u0259tin s\u0259rt reaksiyas\u0131 il\u0259 qar\u015f\u0131la\u015f\u0131r - MEYDAN.TV<\/title>\n<meta name=\"robots\" content=\"index, follow, max-snippet:-1, max-image-preview:large, max-video-preview:-1\" \/>\n<link rel=\"canonical\" href=\"https:\/\/www.meydan.tv\/az\/article\/az%c9%99rbaycanda-lokal-etirazlar-bel%c9%99-hakimiyy%c9%99tin-s%c9%99rt-reaksiyasi-il%c9%99-qarsilasir\/\" \/>\n<meta property=\"og:locale\" content=\"az_AZ\" \/>\n<meta property=\"og:type\" content=\"article\" \/>\n<meta property=\"og:title\" content=\"Az\u0259rbaycanda lokal etirazlar bel\u0259 hakimiyy\u0259tin s\u0259rt reaksiyas\u0131 il\u0259 qar\u015f\u0131la\u015f\u0131r - MEYDAN.TV\" \/>\n<meta property=\"og:description\" content=\"Az\u0259rbaycanda uzun ill\u0259rdir ki, \u015f\u0259h\u0259rin m\u0259rk\u0259zind\u0259ki izdihaml\u0131 aksiyalarla yana\u015f\u0131, yerl\u0259rd\u0259 ... Davam\u0131\" \/>\n<meta property=\"og:url\" content=\"https:\/\/www.meydan.tv\/az\/article\/az%c9%99rbaycanda-lokal-etirazlar-bel%c9%99-hakimiyy%c9%99tin-s%c9%99rt-reaksiyasi-il%c9%99-qarsilasir\/\" \/>\n<meta property=\"og:site_name\" content=\"MEYDAN.TV\" \/>\n<meta property=\"article:published_time\" content=\"2025-01-31T09:43:34+00:00\" \/>\n<meta property=\"article:modified_time\" content=\"2025-02-03T08:19:06+00:00\" \/>\n<meta property=\"og:image\" content=\"https:\/\/www.meydan.tv\/wp-content\/uploads\/img-20240423-wa0026.jpg\" \/>\n\t<meta property=\"og:image:width\" content=\"1200\" \/>\n\t<meta property=\"og:image:height\" content=\"800\" \/>\n\t<meta property=\"og:image:type\" content=\"image\/jpeg\" \/>\n<meta name=\"author\" content=\"aleks\" \/>\n<meta name=\"twitter:card\" content=\"summary_large_image\" \/>\n<script type=\"application\/ld+json\" class=\"yoast-schema-graph\">{\"@context\":\"https:\\\/\\\/schema.org\",\"@graph\":[{\"@type\":\"Article\",\"@id\":\"https:\\\/\\\/www.meydan.tv\\\/az\\\/article\\\/az%c9%99rbaycanda-lokal-etirazlar-bel%c9%99-hakimiyy%c9%99tin-s%c9%99rt-reaksiyasi-il%c9%99-qarsilasir\\\/#article\",\"isPartOf\":{\"@id\":\"https:\\\/\\\/www.meydan.tv\\\/az\\\/article\\\/az%c9%99rbaycanda-lokal-etirazlar-bel%c9%99-hakimiyy%c9%99tin-s%c9%99rt-reaksiyasi-il%c9%99-qarsilasir\\\/\"},\"author\":{\"name\":\"aleks\",\"@id\":\"https:\\\/\\\/www.meydan.tv\\\/az\\\/#\\\/schema\\\/person\\\/476e9360e593fa131d5d71d51866f8da\"},\"headline\":\"Az\u0259rbaycanda lokal etirazlar bel\u0259 hakimiyy\u0259tin s\u0259rt reaksiyas\u0131 il\u0259 qar\u015f\u0131la\u015f\u0131r\",\"datePublished\":\"2025-01-31T09:43:34+00:00\",\"dateModified\":\"2025-02-03T08:19:06+00:00\",\"mainEntityOfPage\":{\"@id\":\"https:\\\/\\\/www.meydan.tv\\\/az\\\/article\\\/az%c9%99rbaycanda-lokal-etirazlar-bel%c9%99-hakimiyy%c9%99tin-s%c9%99rt-reaksiyasi-il%c9%99-qarsilasir\\\/\"},\"wordCount\":646,\"publisher\":{\"@id\":\"https:\\\/\\\/www.meydan.tv\\\/az\\\/#organization\"},\"image\":{\"@id\":\"https:\\\/\\\/www.meydan.tv\\\/az\\\/article\\\/az%c9%99rbaycanda-lokal-etirazlar-bel%c9%99-hakimiyy%c9%99tin-s%c9%99rt-reaksiyasi-il%c9%99-qarsilasir\\\/#primaryimage\"},\"thumbnailUrl\":\"https:\\\/\\\/www.meydan.tv\\\/wp-content\\\/uploads\\\/img-20240423-wa0026.jpg\",\"articleSection\":[\"Siyas\u0259t\",\"T\u00f6vsiy\u0259\",\"Video\",\"X\u0259b\u0259rl\u0259r\"],\"inLanguage\":\"az\"},{\"@type\":\"WebPage\",\"@id\":\"https:\\\/\\\/www.meydan.tv\\\/az\\\/article\\\/az%c9%99rbaycanda-lokal-etirazlar-bel%c9%99-hakimiyy%c9%99tin-s%c9%99rt-reaksiyasi-il%c9%99-qarsilasir\\\/\",\"url\":\"https:\\\/\\\/www.meydan.tv\\\/az\\\/article\\\/az%c9%99rbaycanda-lokal-etirazlar-bel%c9%99-hakimiyy%c9%99tin-s%c9%99rt-reaksiyasi-il%c9%99-qarsilasir\\\/\",\"name\":\"Az\u0259rbaycanda lokal etirazlar bel\u0259 hakimiyy\u0259tin s\u0259rt reaksiyas\u0131 il\u0259 qar\u015f\u0131la\u015f\u0131r - MEYDAN.TV\",\"isPartOf\":{\"@id\":\"https:\\\/\\\/www.meydan.tv\\\/az\\\/#website\"},\"primaryImageOfPage\":{\"@id\":\"https:\\\/\\\/www.meydan.tv\\\/az\\\/article\\\/az%c9%99rbaycanda-lokal-etirazlar-bel%c9%99-hakimiyy%c9%99tin-s%c9%99rt-reaksiyasi-il%c9%99-qarsilasir\\\/#primaryimage\"},\"image\":{\"@id\":\"https:\\\/\\\/www.meydan.tv\\\/az\\\/article\\\/az%c9%99rbaycanda-lokal-etirazlar-bel%c9%99-hakimiyy%c9%99tin-s%c9%99rt-reaksiyasi-il%c9%99-qarsilasir\\\/#primaryimage\"},\"thumbnailUrl\":\"https:\\\/\\\/www.meydan.tv\\\/wp-content\\\/uploads\\\/img-20240423-wa0026.jpg\",\"datePublished\":\"2025-01-31T09:43:34+00:00\",\"dateModified\":\"2025-02-03T08:19:06+00:00\",\"breadcrumb\":{\"@id\":\"https:\\\/\\\/www.meydan.tv\\\/az\\\/article\\\/az%c9%99rbaycanda-lokal-etirazlar-bel%c9%99-hakimiyy%c9%99tin-s%c9%99rt-reaksiyasi-il%c9%99-qarsilasir\\\/#breadcrumb\"},\"inLanguage\":\"az\",\"potentialAction\":[{\"@type\":\"ReadAction\",\"target\":[\"https:\\\/\\\/www.meydan.tv\\\/az\\\/article\\\/az%c9%99rbaycanda-lokal-etirazlar-bel%c9%99-hakimiyy%c9%99tin-s%c9%99rt-reaksiyasi-il%c9%99-qarsilasir\\\/\"]}]},{\"@type\":\"ImageObject\",\"inLanguage\":\"az\",\"@id\":\"https:\\\/\\\/www.meydan.tv\\\/az\\\/article\\\/az%c9%99rbaycanda-lokal-etirazlar-bel%c9%99-hakimiyy%c9%99tin-s%c9%99rt-reaksiyasi-il%c9%99-qarsilasir\\\/#primaryimage\",\"url\":\"https:\\\/\\\/www.meydan.tv\\\/wp-content\\\/uploads\\\/img-20240423-wa0026.jpg\",\"contentUrl\":\"https:\\\/\\\/www.meydan.tv\\\/wp-content\\\/uploads\\\/img-20240423-wa0026.jpg\",\"width\":1200,\"height\":800,\"caption\":\"Polis. Foto: D\u0130N\"},{\"@type\":\"BreadcrumbList\",\"@id\":\"https:\\\/\\\/www.meydan.tv\\\/az\\\/article\\\/az%c9%99rbaycanda-lokal-etirazlar-bel%c9%99-hakimiyy%c9%99tin-s%c9%99rt-reaksiyasi-il%c9%99-qarsilasir\\\/#breadcrumb\",\"itemListElement\":[{\"@type\":\"ListItem\",\"position\":1,\"name\":\"Ana s\u0259hif\u0259\",\"item\":\"https:\\\/\\\/www.meydan.tv\\\/az\\\/\"},{\"@type\":\"ListItem\",\"position\":2,\"name\":\"X\u0259b\u0259rl\u0259r\",\"item\":\"https:\\\/\\\/www.meydan.tv\\\/az\\\/section\\\/xeberler\\\/\"},{\"@type\":\"ListItem\",\"position\":3,\"name\":\"Az\u0259rbaycanda lokal etirazlar bel\u0259 hakimiyy\u0259tin s\u0259rt reaksiyas\u0131 il\u0259 qar\u015f\u0131la\u015f\u0131r\"}]},{\"@type\":\"WebSite\",\"@id\":\"https:\\\/\\\/www.meydan.tv\\\/az\\\/#website\",\"url\":\"https:\\\/\\\/www.meydan.tv\\\/az\\\/\",\"name\":\"MEYDAN.TV\",\"description\":\"Meydan TV Az\u0259rbaycan\u0131n media m\u0259kan\u0131ndak\u0131 alternativ s\u0259sidir\",\"publisher\":{\"@id\":\"https:\\\/\\\/www.meydan.tv\\\/az\\\/#organization\"},\"potentialAction\":[{\"@type\":\"SearchAction\",\"target\":{\"@type\":\"EntryPoint\",\"urlTemplate\":\"https:\\\/\\\/www.meydan.tv\\\/az\\\/?s={search_term_string}\"},\"query-input\":{\"@type\":\"PropertyValueSpecification\",\"valueRequired\":true,\"valueName\":\"search_term_string\"}}],\"inLanguage\":\"az\"},{\"@type\":\"Organization\",\"@id\":\"https:\\\/\\\/www.meydan.tv\\\/az\\\/#organization\",\"name\":\"Meydan TV\",\"url\":\"https:\\\/\\\/www.meydan.tv\\\/az\\\/\",\"logo\":{\"@type\":\"ImageObject\",\"inLanguage\":\"az\",\"@id\":\"https:\\\/\\\/www.meydan.tv\\\/az\\\/#\\\/schema\\\/logo\\\/image\\\/\",\"url\":\"https:\\\/\\\/www.meydan.tv\\\/wp-content\\\/uploads\\\/2021\\\/07\\\/meydan-logo.svg\",\"contentUrl\":\"https:\\\/\\\/www.meydan.tv\\\/wp-content\\\/uploads\\\/2021\\\/07\\\/meydan-logo.svg\",\"width\":195,\"height\":46,\"caption\":\"Meydan TV\"},\"image\":{\"@id\":\"https:\\\/\\\/www.meydan.tv\\\/az\\\/#\\\/schema\\\/logo\\\/image\\\/\"}},{\"@type\":\"Person\",\"@id\":\"https:\\\/\\\/www.meydan.tv\\\/az\\\/#\\\/schema\\\/person\\\/476e9360e593fa131d5d71d51866f8da\",\"name\":\"aleks\"}]}<\/script>\n<!-- \/ Yoast SEO plugin. -->","yoast_head_json":{"title":"Az\u0259rbaycanda lokal etirazlar bel\u0259 hakimiyy\u0259tin s\u0259rt reaksiyas\u0131 il\u0259 qar\u015f\u0131la\u015f\u0131r - MEYDAN.TV","robots":{"index":"index","follow":"follow","max-snippet":"max-snippet:-1","max-image-preview":"max-image-preview:large","max-video-preview":"max-video-preview:-1"},"canonical":"https:\/\/www.meydan.tv\/az\/article\/az%c9%99rbaycanda-lokal-etirazlar-bel%c9%99-hakimiyy%c9%99tin-s%c9%99rt-reaksiyasi-il%c9%99-qarsilasir\/","og_locale":"az_AZ","og_type":"article","og_title":"Az\u0259rbaycanda lokal etirazlar bel\u0259 hakimiyy\u0259tin s\u0259rt reaksiyas\u0131 il\u0259 qar\u015f\u0131la\u015f\u0131r - MEYDAN.TV","og_description":"Az\u0259rbaycanda uzun ill\u0259rdir ki, \u015f\u0259h\u0259rin m\u0259rk\u0259zind\u0259ki izdihaml\u0131 aksiyalarla yana\u015f\u0131, yerl\u0259rd\u0259 ... Davam\u0131","og_url":"https:\/\/www.meydan.tv\/az\/article\/az%c9%99rbaycanda-lokal-etirazlar-bel%c9%99-hakimiyy%c9%99tin-s%c9%99rt-reaksiyasi-il%c9%99-qarsilasir\/","og_site_name":"MEYDAN.TV","article_published_time":"2025-01-31T09:43:34+00:00","article_modified_time":"2025-02-03T08:19:06+00:00","og_image":[{"width":1200,"height":800,"url":"https:\/\/www.meydan.tv\/wp-content\/uploads\/img-20240423-wa0026.jpg","type":"image\/jpeg"}],"author":"aleks","twitter_card":"summary_large_image","schema":{"@context":"https:\/\/schema.org","@graph":[{"@type":"Article","@id":"https:\/\/www.meydan.tv\/az\/article\/az%c9%99rbaycanda-lokal-etirazlar-bel%c9%99-hakimiyy%c9%99tin-s%c9%99rt-reaksiyasi-il%c9%99-qarsilasir\/#article","isPartOf":{"@id":"https:\/\/www.meydan.tv\/az\/article\/az%c9%99rbaycanda-lokal-etirazlar-bel%c9%99-hakimiyy%c9%99tin-s%c9%99rt-reaksiyasi-il%c9%99-qarsilasir\/"},"author":{"name":"aleks","@id":"https:\/\/www.meydan.tv\/az\/#\/schema\/person\/476e9360e593fa131d5d71d51866f8da"},"headline":"Az\u0259rbaycanda lokal etirazlar bel\u0259 hakimiyy\u0259tin s\u0259rt reaksiyas\u0131 il\u0259 qar\u015f\u0131la\u015f\u0131r","datePublished":"2025-01-31T09:43:34+00:00","dateModified":"2025-02-03T08:19:06+00:00","mainEntityOfPage":{"@id":"https:\/\/www.meydan.tv\/az\/article\/az%c9%99rbaycanda-lokal-etirazlar-bel%c9%99-hakimiyy%c9%99tin-s%c9%99rt-reaksiyasi-il%c9%99-qarsilasir\/"},"wordCount":646,"publisher":{"@id":"https:\/\/www.meydan.tv\/az\/#organization"},"image":{"@id":"https:\/\/www.meydan.tv\/az\/article\/az%c9%99rbaycanda-lokal-etirazlar-bel%c9%99-hakimiyy%c9%99tin-s%c9%99rt-reaksiyasi-il%c9%99-qarsilasir\/#primaryimage"},"thumbnailUrl":"https:\/\/www.meydan.tv\/wp-content\/uploads\/img-20240423-wa0026.jpg","articleSection":["Siyas\u0259t","T\u00f6vsiy\u0259","Video","X\u0259b\u0259rl\u0259r"],"inLanguage":"az"},{"@type":"WebPage","@id":"https:\/\/www.meydan.tv\/az\/article\/az%c9%99rbaycanda-lokal-etirazlar-bel%c9%99-hakimiyy%c9%99tin-s%c9%99rt-reaksiyasi-il%c9%99-qarsilasir\/","url":"https:\/\/www.meydan.tv\/az\/article\/az%c9%99rbaycanda-lokal-etirazlar-bel%c9%99-hakimiyy%c9%99tin-s%c9%99rt-reaksiyasi-il%c9%99-qarsilasir\/","name":"Az\u0259rbaycanda lokal etirazlar bel\u0259 hakimiyy\u0259tin s\u0259rt reaksiyas\u0131 il\u0259 qar\u015f\u0131la\u015f\u0131r - MEYDAN.TV","isPartOf":{"@id":"https:\/\/www.meydan.tv\/az\/#website"},"primaryImageOfPage":{"@id":"https:\/\/www.meydan.tv\/az\/article\/az%c9%99rbaycanda-lokal-etirazlar-bel%c9%99-hakimiyy%c9%99tin-s%c9%99rt-reaksiyasi-il%c9%99-qarsilasir\/#primaryimage"},"image":{"@id":"https:\/\/www.meydan.tv\/az\/article\/az%c9%99rbaycanda-lokal-etirazlar-bel%c9%99-hakimiyy%c9%99tin-s%c9%99rt-reaksiyasi-il%c9%99-qarsilasir\/#primaryimage"},"thumbnailUrl":"https:\/\/www.meydan.tv\/wp-content\/uploads\/img-20240423-wa0026.jpg","datePublished":"2025-01-31T09:43:34+00:00","dateModified":"2025-02-03T08:19:06+00:00","breadcrumb":{"@id":"https:\/\/www.meydan.tv\/az\/article\/az%c9%99rbaycanda-lokal-etirazlar-bel%c9%99-hakimiyy%c9%99tin-s%c9%99rt-reaksiyasi-il%c9%99-qarsilasir\/#breadcrumb"},"inLanguage":"az","potentialAction":[{"@type":"ReadAction","target":["https:\/\/www.meydan.tv\/az\/article\/az%c9%99rbaycanda-lokal-etirazlar-bel%c9%99-hakimiyy%c9%99tin-s%c9%99rt-reaksiyasi-il%c9%99-qarsilasir\/"]}]},{"@type":"ImageObject","inLanguage":"az","@id":"https:\/\/www.meydan.tv\/az\/article\/az%c9%99rbaycanda-lokal-etirazlar-bel%c9%99-hakimiyy%c9%99tin-s%c9%99rt-reaksiyasi-il%c9%99-qarsilasir\/#primaryimage","url":"https:\/\/www.meydan.tv\/wp-content\/uploads\/img-20240423-wa0026.jpg","contentUrl":"https:\/\/www.meydan.tv\/wp-content\/uploads\/img-20240423-wa0026.jpg","width":1200,"height":800,"caption":"Polis. Foto: D\u0130N"},{"@type":"BreadcrumbList","@id":"https:\/\/www.meydan.tv\/az\/article\/az%c9%99rbaycanda-lokal-etirazlar-bel%c9%99-hakimiyy%c9%99tin-s%c9%99rt-reaksiyasi-il%c9%99-qarsilasir\/#breadcrumb","itemListElement":[{"@type":"ListItem","position":1,"name":"Ana s\u0259hif\u0259","item":"https:\/\/www.meydan.tv\/az\/"},{"@type":"ListItem","position":2,"name":"X\u0259b\u0259rl\u0259r","item":"https:\/\/www.meydan.tv\/az\/section\/xeberler\/"},{"@type":"ListItem","position":3,"name":"Az\u0259rbaycanda lokal etirazlar bel\u0259 hakimiyy\u0259tin s\u0259rt reaksiyas\u0131 il\u0259 qar\u015f\u0131la\u015f\u0131r"}]},{"@type":"WebSite","@id":"https:\/\/www.meydan.tv\/az\/#website","url":"https:\/\/www.meydan.tv\/az\/","name":"MEYDAN.TV","description":"Meydan TV Az\u0259rbaycan\u0131n media m\u0259kan\u0131ndak\u0131 alternativ s\u0259sidir","publisher":{"@id":"https:\/\/www.meydan.tv\/az\/#organization"},"potentialAction":[{"@type":"SearchAction","target":{"@type":"EntryPoint","urlTemplate":"https:\/\/www.meydan.tv\/az\/?s={search_term_string}"},"query-input":{"@type":"PropertyValueSpecification","valueRequired":true,"valueName":"search_term_string"}}],"inLanguage":"az"},{"@type":"Organization","@id":"https:\/\/www.meydan.tv\/az\/#organization","name":"Meydan TV","url":"https:\/\/www.meydan.tv\/az\/","logo":{"@type":"ImageObject","inLanguage":"az","@id":"https:\/\/www.meydan.tv\/az\/#\/schema\/logo\/image\/","url":"https:\/\/www.meydan.tv\/wp-content\/uploads\/2021\/07\/meydan-logo.svg","contentUrl":"https:\/\/www.meydan.tv\/wp-content\/uploads\/2021\/07\/meydan-logo.svg","width":195,"height":46,"caption":"Meydan TV"},"image":{"@id":"https:\/\/www.meydan.tv\/az\/#\/schema\/logo\/image\/"}},{"@type":"Person","@id":"https:\/\/www.meydan.tv\/az\/#\/schema\/person\/476e9360e593fa131d5d71d51866f8da","name":"aleks"}]}},"_links":{"self":[{"href":"https:\/\/www.meydan.tv\/az\/wp-json\/wp\/v2\/posts\/325551","targetHints":{"allow":["GET"]}}],"collection":[{"href":"https:\/\/www.meydan.tv\/az\/wp-json\/wp\/v2\/posts"}],"about":[{"href":"https:\/\/www.meydan.tv\/az\/wp-json\/wp\/v2\/types\/post"}],"author":[{"embeddable":true,"href":"https:\/\/www.meydan.tv\/az\/wp-json\/wp\/v2\/users\/12"}],"replies":[{"embeddable":true,"href":"https:\/\/www.meydan.tv\/az\/wp-json\/wp\/v2\/comments?post=325551"}],"version-history":[{"count":2,"href":"https:\/\/www.meydan.tv\/az\/wp-json\/wp\/v2\/posts\/325551\/revisions"}],"predecessor-version":[{"id":325639,"href":"https:\/\/www.meydan.tv\/az\/wp-json\/wp\/v2\/posts\/325551\/revisions\/325639"}],"wp:featuredmedia":[{"embeddable":true,"href":"https:\/\/www.meydan.tv\/az\/wp-json\/wp\/v2\/media\/304393"}],"wp:attachment":[{"href":"https:\/\/www.meydan.tv\/az\/wp-json\/wp\/v2\/media?parent=325551"}],"wp:term":[{"taxonomy":"category","embeddable":true,"href":"https:\/\/www.meydan.tv\/az\/wp-json\/wp\/v2\/categories?post=325551"},{"taxonomy":"post_tag","embeddable":true,"href":"https:\/\/www.meydan.tv\/az\/wp-json\/wp\/v2\/tags?post=325551"}],"curies":[{"name":"wp","href":"https:\/\/api.w.org\/{rel}","templated":true}]}}