{"id":325515,"date":"2025-01-30T18:01:41","date_gmt":"2025-01-30T14:01:41","guid":{"rendered":"https:\/\/www.meydan.tv\/?p=325515"},"modified":"2025-01-30T18:01:44","modified_gmt":"2025-01-30T14:01:44","slug":"aytac-tapdiq-qacaqmalci-m%c9%99n-yox-dovl%c9%99tin-basinda-duranlardir","status":"publish","type":"post","link":"https:\/\/www.meydan.tv\/az\/article\/aytac-tapdiq-qacaqmalci-m%c9%99n-yox-dovl%c9%99tin-basinda-duranlardir\/","title":{"rendered":"Aytac Tapd\u0131q: &#8220;Qa\u00e7aqmal\u00e7\u0131 m\u0259n yox, d\u00f6vl\u0259tin ba\u015f\u0131nda duranlard\u0131r&#8221;"},"content":{"rendered":"\n<p><\/p>\n\n\n\n<p><em><strong>M\u0259hk\u0259m\u0259 jurnalisti ev dustaql\u0131\u011f\u0131na buraxmay\u0131b<\/strong><\/em><\/p>\n\n\n\n<p>Bak\u0131 Apelyasiya M\u0259hk\u0259m\u0259si \u201cMeydan TV i\u015fi\u201d \u00fczr\u0259 h\u0259bs edilmi\u015f jurnalist Aytac Tapd\u0131\u011f\u0131n ev dustaql\u0131\u011f\u0131 il\u0259 ba\u011fl\u0131 \u015fikay\u0259tini yanvar\u0131n 30-da ke\u00e7iril\u0259n prosesd\u0259 t\u0259min etm\u0259yib.<\/p>\n\n\n\n<p>Bu bar\u0259d\u0259 v\u0259kil Cavad Cavadov Meydan TV-y\u0259 dan\u0131\u015f\u0131b.<\/p>\n\n\n\n<p>O bildirib ki, Aytac Tapd\u0131\u011f\u0131n h\u0259bsd\u0259 saxlan\u0131lmas\u0131 \u00fc\u00e7\u00fcn he\u00e7 bir \u0259sas yoxdur.<\/p>\n\n\n\n<p>Jurnalist \u00f6z\u00fc d\u0259 m\u0259hk\u0259m\u0259 prosesind\u0259 i\u015ftirak edib v\u0259 ittiham\u0131 r\u0259dd edib.<\/p>\n\n\n\n<p>10 ild\u0259n art\u0131q Meydan TV-d\u0259 \u00e7al\u0131\u015fd\u0131\u011f\u0131n\u0131 dey\u0259n Aytac Tapd\u0131q h\u0259bsinin s\u0259b\u0259bi kimi jurnalist f\u0259aliyy\u0259tini g\u00f6st\u0259rib.<\/p>\n\n\n\n<p><em>&#8220;M\u0259n jurnalist\u0259m v\u0259 10 ild\u0259n art\u0131qd\u0131r ki, Meydan TV-d\u0259 \u00e7al\u0131\u015f\u0131ram. M\u0259n qa\u00e7aqmal\u00e7\u0131 deyil\u0259m, qa\u00e7aqmal\u00e7\u0131 bu d\u00f6vl\u0259tin ba\u015f\u0131nda duranlard\u0131r&#8221;<\/em>, &#8211; jurnalist bel\u0259 deyib.<\/p>\n\n\n\n<p>\u0130stintaq orqan\u0131 jurnalistin ev dustaql\u0131\u011f\u0131na burax\u0131lmas\u0131na etiraz edib. Bunun onunla \u0259sasland\u0131r\u0131b ki, jurnalist istintaqdan yay\u0131na bil\u0259r.<\/p>\n\n\n\n<p>M\u0259hk\u0259m\u0259 istintaq orqan\u0131n\u0131n etiraz\u0131n\u0131 m\u00fcdafi\u0259 edib v\u0259 jurnalistin \u015fikay\u0259tini t\u0259min etm\u0259yib.<\/p>\n\n\n\n<p>M\u00fcdafi\u0259 t\u0259r\u0259fi is\u0259 bildirib ki, bu, Avropa \u0130nsan H\u00fcquqlar\u0131 Konvensiyas\u0131n\u0131n 18-ci madd\u0259sinin pozulmas\u0131d\u0131r v\u0259 jurnalistin h\u0259bsi Avropa \u0130nsan H\u00fcquqlar\u0131 M\u0259hk\u0259m\u0259sind\u0259 m\u00fcbahis\u0259l\u0259ndiril\u0259c\u0259k.<\/p>\n\n\n\n<p><strong>&#8220;Meydan TV i\u015fi&#8230;&#8221;<\/strong><\/p>\n\n\n\n<p>2024-c\u00fc il dekabr\u0131n 6-da Meydan TV-nin jurnalistl\u0259ri polisin ke\u00e7irdiyi \u0259m\u0259liyyat n\u0259tic\u0259sind\u0259 saxlan\u0131l\u0131blar.<\/p>\n\n\n\n<p>Jurnalistl\u0259rin h\u0259r birin\u0259 Cinay\u0259t M\u0259c\u0259ll\u0259sinin 206.3.2-ci (qa\u00e7aqmal\u00e7\u0131l\u0131q, \u0259vv\u0259lc\u0259d\u0259n \u0259lbir olan bir qrup \u015f\u0259xs t\u0259r\u0259find\u0259n t\u00f6r\u0259dildikd\u0259) madd\u0259si il\u0259 ittiham ir\u0259li s\u00fcr\u00fcl\u00fcb.<\/p>\n\n\n\n<p>Dekabr\u0131n 8-d\u0259 jurnalistl\u0259r Aytac \u018fhm\u0259dova (Tapd\u0131q), Aysel Umudova, Aynur Q\u0259nb\u0259rova (Elg\u00fcn\u0259\u015f), Natiq Cavadl\u0131, Ramin C\u0259bray\u0131lzad\u0259 (Deko), X\u0259yal\u0259 A\u011fayeva v\u0259 Bak\u0131 Jurnalistika M\u0259kt\u0259binin direktor m\u00fcavini \u00dclvi Tahirov bar\u0259sind\u0259 4 ayl\u0131q h\u0259bs q\u0259timkan t\u0259dbiri se\u00e7ilib.<\/p>\n\n\n\n<p>Meydan TV v\u0259 saxlan\u0131lan jurnalistl\u0259r ittihamlar\u0131 r\u0259dd edibl\u0259r.<\/p>\n\n\n\n<p>Onlar m\u0259hz jurnalist f\u0259aliyy\u0259tin\u0259 g\u00f6r\u0259 h\u0259bs olunduqlar\u0131n\u0131, pe\u015f\u0259 f\u0259aliyy\u0259tl\u0259ril\u0259 ba\u011fl\u0131 t\u0259zyiql\u0259 \u00fczl\u0259\u015fdikl\u0259rini deyibl\u0259r.<\/p>\n\n\n\n<p>Meydan TV Az\u0259rbaycan hakimiyy\u0259tinin qanunsuzluqlar\u0131n\u0131, korrupsiya faktlar\u0131n\u0131 i\u015f\u0131qland\u0131ran m\u00fcst\u0259qil media orqan\u0131d\u0131r.<\/p>\n\n\n\n<p>Bu s\u0259b\u0259bd\u0259n h\u0259m \u00f6lk\u0259d\u0259ki insan h\u00fcquqlar\u0131 f\u0259allar\u0131, h\u0259m d\u0259 beyn\u0259lxalq t\u0259\u015fkilatlar bu repressiyalar\u0131n Az\u0259rbaycan hakimiyy\u0259tinin sifari\u015fi il\u0259 h\u0259yata ke\u00e7irildiyini b\u0259yan edibl\u0259r.<\/p>\n","protected":false},"excerpt":{"rendered":"<p>M\u0259hk\u0259m\u0259 jurnalisti ev dustaql\u0131\u011f\u0131na buraxmay\u0131b Bak\u0131 Apelyasiya M\u0259hk\u0259m\u0259si \u201cMeydan TV &#8230; <\/p>\n<p class=\"read-more-container\"><a title=\"Aytac Tapd\u0131q: &#8220;Qa\u00e7aqmal\u00e7\u0131 m\u0259n yox, d\u00f6vl\u0259tin ba\u015f\u0131nda duranlard\u0131r&#8221;\" class=\"read-more button\" href=\"https:\/\/www.meydan.tv\/az\/article\/aytac-tapdiq-qacaqmalci-m%c9%99n-yox-dovl%c9%99tin-basinda-duranlardir\/#more-325515\" aria-label=\"Read more about Aytac Tapd\u0131q: &#8220;Qa\u00e7aqmal\u00e7\u0131 m\u0259n yox, d\u00f6vl\u0259tin ba\u015f\u0131nda duranlard\u0131r&#8221;\">Davam\u0131<\/a><\/p>\n","protected":false},"author":21,"featured_media":322450,"comment_status":"closed","ping_status":"closed","sticky":false,"template":"","format":"standard","meta":{"_acf_changed":false,"_sitemap_exclude":false,"_sitemap_priority":"","_sitemap_frequency":"","footnotes":""},"categories":[139,59,79,56],"tags":[],"class_list":["post-325515","post","type-post","status-publish","format-standard","has-post-thumbnail","hentry","category-meydan-tv-isi","category-siyaset","category-featured","category-xeberler","infinite-scroll-item","generate-columns","tablet-grid-50","mobile-grid-100","grid-parent","grid-33","no-featured-image-padding"],"acf":[],"yoast_head":"<!-- This site is optimized with the Yoast SEO plugin v27.5 - https:\/\/yoast.com\/product\/yoast-seo-wordpress\/ -->\n<title>Aytac Tapd\u0131q: &quot;Qa\u00e7aqmal\u00e7\u0131 m\u0259n yox, d\u00f6vl\u0259tin ba\u015f\u0131nda duranlard\u0131r&quot; - MEYDAN.TV<\/title>\n<meta name=\"robots\" content=\"index, follow, max-snippet:-1, max-image-preview:large, max-video-preview:-1\" \/>\n<link rel=\"canonical\" href=\"https:\/\/www.meydan.tv\/az\/article\/aytac-tapdiq-qacaqmalci-m%c9%99n-yox-dovl%c9%99tin-basinda-duranlardir\/\" \/>\n<meta property=\"og:locale\" content=\"az_AZ\" \/>\n<meta property=\"og:type\" content=\"article\" \/>\n<meta property=\"og:title\" content=\"Aytac Tapd\u0131q: &quot;Qa\u00e7aqmal\u00e7\u0131 m\u0259n yox, d\u00f6vl\u0259tin ba\u015f\u0131nda duranlard\u0131r&quot; - MEYDAN.TV\" \/>\n<meta property=\"og:description\" content=\"M\u0259hk\u0259m\u0259 jurnalisti ev dustaql\u0131\u011f\u0131na buraxmay\u0131b Bak\u0131 Apelyasiya M\u0259hk\u0259m\u0259si \u201cMeydan TV ... Davam\u0131\" \/>\n<meta property=\"og:url\" content=\"https:\/\/www.meydan.tv\/az\/article\/aytac-tapdiq-qacaqmalci-m%c9%99n-yox-dovl%c9%99tin-basinda-duranlardir\/\" \/>\n<meta property=\"og:site_name\" content=\"MEYDAN.TV\" \/>\n<meta property=\"article:published_time\" content=\"2025-01-30T14:01:41+00:00\" \/>\n<meta property=\"article:modified_time\" content=\"2025-01-30T14:01:44+00:00\" \/>\n<meta property=\"og:image\" content=\"https:\/\/www.meydan.tv\/wp-content\/uploads\/img_1641-scaled-e1733751310135.jpg\" \/>\n\t<meta property=\"og:image:width\" content=\"2560\" \/>\n\t<meta property=\"og:image:height\" content=\"1297\" \/>\n\t<meta property=\"og:image:type\" content=\"image\/jpeg\" \/>\n<meta name=\"author\" content=\"mahmud\" \/>\n<meta name=\"twitter:card\" content=\"summary_large_image\" \/>\n<script type=\"application\/ld+json\" class=\"yoast-schema-graph\">{\"@context\":\"https:\\\/\\\/schema.org\",\"@graph\":[{\"@type\":\"Article\",\"@id\":\"https:\\\/\\\/www.meydan.tv\\\/az\\\/article\\\/aytac-tapdiq-qacaqmalci-m%c9%99n-yox-dovl%c9%99tin-basinda-duranlardir\\\/#article\",\"isPartOf\":{\"@id\":\"https:\\\/\\\/www.meydan.tv\\\/az\\\/article\\\/aytac-tapdiq-qacaqmalci-m%c9%99n-yox-dovl%c9%99tin-basinda-duranlardir\\\/\"},\"author\":{\"name\":\"mahmud\",\"@id\":\"https:\\\/\\\/www.meydan.tv\\\/az\\\/#\\\/schema\\\/person\\\/09863e516102a829e72bedcf3f84c6b0\"},\"headline\":\"Aytac Tapd\u0131q: &#8220;Qa\u00e7aqmal\u00e7\u0131 m\u0259n yox, d\u00f6vl\u0259tin ba\u015f\u0131nda duranlard\u0131r&#8221;\",\"datePublished\":\"2025-01-30T14:01:41+00:00\",\"dateModified\":\"2025-01-30T14:01:44+00:00\",\"mainEntityOfPage\":{\"@id\":\"https:\\\/\\\/www.meydan.tv\\\/az\\\/article\\\/aytac-tapdiq-qacaqmalci-m%c9%99n-yox-dovl%c9%99tin-basinda-duranlardir\\\/\"},\"wordCount\":464,\"publisher\":{\"@id\":\"https:\\\/\\\/www.meydan.tv\\\/az\\\/#organization\"},\"image\":{\"@id\":\"https:\\\/\\\/www.meydan.tv\\\/az\\\/article\\\/aytac-tapdiq-qacaqmalci-m%c9%99n-yox-dovl%c9%99tin-basinda-duranlardir\\\/#primaryimage\"},\"thumbnailUrl\":\"https:\\\/\\\/www.meydan.tv\\\/wp-content\\\/uploads\\\/img_1641-scaled-e1733751310135.jpg\",\"articleSection\":[\"Meydan TV i\u015fi\",\"Siyas\u0259t\",\"T\u00f6vsiy\u0259\",\"X\u0259b\u0259rl\u0259r\"],\"inLanguage\":\"az\"},{\"@type\":\"WebPage\",\"@id\":\"https:\\\/\\\/www.meydan.tv\\\/az\\\/article\\\/aytac-tapdiq-qacaqmalci-m%c9%99n-yox-dovl%c9%99tin-basinda-duranlardir\\\/\",\"url\":\"https:\\\/\\\/www.meydan.tv\\\/az\\\/article\\\/aytac-tapdiq-qacaqmalci-m%c9%99n-yox-dovl%c9%99tin-basinda-duranlardir\\\/\",\"name\":\"Aytac Tapd\u0131q: \\\"Qa\u00e7aqmal\u00e7\u0131 m\u0259n yox, d\u00f6vl\u0259tin ba\u015f\u0131nda duranlard\u0131r\\\" - MEYDAN.TV\",\"isPartOf\":{\"@id\":\"https:\\\/\\\/www.meydan.tv\\\/az\\\/#website\"},\"primaryImageOfPage\":{\"@id\":\"https:\\\/\\\/www.meydan.tv\\\/az\\\/article\\\/aytac-tapdiq-qacaqmalci-m%c9%99n-yox-dovl%c9%99tin-basinda-duranlardir\\\/#primaryimage\"},\"image\":{\"@id\":\"https:\\\/\\\/www.meydan.tv\\\/az\\\/article\\\/aytac-tapdiq-qacaqmalci-m%c9%99n-yox-dovl%c9%99tin-basinda-duranlardir\\\/#primaryimage\"},\"thumbnailUrl\":\"https:\\\/\\\/www.meydan.tv\\\/wp-content\\\/uploads\\\/img_1641-scaled-e1733751310135.jpg\",\"datePublished\":\"2025-01-30T14:01:41+00:00\",\"dateModified\":\"2025-01-30T14:01:44+00:00\",\"breadcrumb\":{\"@id\":\"https:\\\/\\\/www.meydan.tv\\\/az\\\/article\\\/aytac-tapdiq-qacaqmalci-m%c9%99n-yox-dovl%c9%99tin-basinda-duranlardir\\\/#breadcrumb\"},\"inLanguage\":\"az\",\"potentialAction\":[{\"@type\":\"ReadAction\",\"target\":[\"https:\\\/\\\/www.meydan.tv\\\/az\\\/article\\\/aytac-tapdiq-qacaqmalci-m%c9%99n-yox-dovl%c9%99tin-basinda-duranlardir\\\/\"]}]},{\"@type\":\"ImageObject\",\"inLanguage\":\"az\",\"@id\":\"https:\\\/\\\/www.meydan.tv\\\/az\\\/article\\\/aytac-tapdiq-qacaqmalci-m%c9%99n-yox-dovl%c9%99tin-basinda-duranlardir\\\/#primaryimage\",\"url\":\"https:\\\/\\\/www.meydan.tv\\\/wp-content\\\/uploads\\\/img_1641-scaled-e1733751310135.jpg\",\"contentUrl\":\"https:\\\/\\\/www.meydan.tv\\\/wp-content\\\/uploads\\\/img_1641-scaled-e1733751310135.jpg\",\"width\":2560,\"height\":1297,\"caption\":\"Aytac Tapd\u0131q\"},{\"@type\":\"BreadcrumbList\",\"@id\":\"https:\\\/\\\/www.meydan.tv\\\/az\\\/article\\\/aytac-tapdiq-qacaqmalci-m%c9%99n-yox-dovl%c9%99tin-basinda-duranlardir\\\/#breadcrumb\",\"itemListElement\":[{\"@type\":\"ListItem\",\"position\":1,\"name\":\"Ana s\u0259hif\u0259\",\"item\":\"https:\\\/\\\/www.meydan.tv\\\/az\\\/\"},{\"@type\":\"ListItem\",\"position\":2,\"name\":\"Meydan TV i\u015fi\",\"item\":\"https:\\\/\\\/www.meydan.tv\\\/az\\\/section\\\/meydan-tv-isi\\\/\"},{\"@type\":\"ListItem\",\"position\":3,\"name\":\"Aytac Tapd\u0131q: &#8220;Qa\u00e7aqmal\u00e7\u0131 m\u0259n yox, d\u00f6vl\u0259tin ba\u015f\u0131nda duranlard\u0131r&#8221;\"}]},{\"@type\":\"WebSite\",\"@id\":\"https:\\\/\\\/www.meydan.tv\\\/az\\\/#website\",\"url\":\"https:\\\/\\\/www.meydan.tv\\\/az\\\/\",\"name\":\"MEYDAN.TV\",\"description\":\"Meydan TV Az\u0259rbaycan\u0131n media m\u0259kan\u0131ndak\u0131 alternativ s\u0259sidir\",\"publisher\":{\"@id\":\"https:\\\/\\\/www.meydan.tv\\\/az\\\/#organization\"},\"potentialAction\":[{\"@type\":\"SearchAction\",\"target\":{\"@type\":\"EntryPoint\",\"urlTemplate\":\"https:\\\/\\\/www.meydan.tv\\\/az\\\/?s={search_term_string}\"},\"query-input\":{\"@type\":\"PropertyValueSpecification\",\"valueRequired\":true,\"valueName\":\"search_term_string\"}}],\"inLanguage\":\"az\"},{\"@type\":\"Organization\",\"@id\":\"https:\\\/\\\/www.meydan.tv\\\/az\\\/#organization\",\"name\":\"Meydan TV\",\"url\":\"https:\\\/\\\/www.meydan.tv\\\/az\\\/\",\"logo\":{\"@type\":\"ImageObject\",\"inLanguage\":\"az\",\"@id\":\"https:\\\/\\\/www.meydan.tv\\\/az\\\/#\\\/schema\\\/logo\\\/image\\\/\",\"url\":\"https:\\\/\\\/www.meydan.tv\\\/wp-content\\\/uploads\\\/2021\\\/07\\\/meydan-logo.svg\",\"contentUrl\":\"https:\\\/\\\/www.meydan.tv\\\/wp-content\\\/uploads\\\/2021\\\/07\\\/meydan-logo.svg\",\"width\":195,\"height\":46,\"caption\":\"Meydan TV\"},\"image\":{\"@id\":\"https:\\\/\\\/www.meydan.tv\\\/az\\\/#\\\/schema\\\/logo\\\/image\\\/\"}},{\"@type\":\"Person\",\"@id\":\"https:\\\/\\\/www.meydan.tv\\\/az\\\/#\\\/schema\\\/person\\\/09863e516102a829e72bedcf3f84c6b0\",\"name\":\"mahmud\"}]}<\/script>\n<!-- \/ Yoast SEO plugin. -->","yoast_head_json":{"title":"Aytac Tapd\u0131q: \"Qa\u00e7aqmal\u00e7\u0131 m\u0259n yox, d\u00f6vl\u0259tin ba\u015f\u0131nda duranlard\u0131r\" - MEYDAN.TV","robots":{"index":"index","follow":"follow","max-snippet":"max-snippet:-1","max-image-preview":"max-image-preview:large","max-video-preview":"max-video-preview:-1"},"canonical":"https:\/\/www.meydan.tv\/az\/article\/aytac-tapdiq-qacaqmalci-m%c9%99n-yox-dovl%c9%99tin-basinda-duranlardir\/","og_locale":"az_AZ","og_type":"article","og_title":"Aytac Tapd\u0131q: \"Qa\u00e7aqmal\u00e7\u0131 m\u0259n yox, d\u00f6vl\u0259tin ba\u015f\u0131nda duranlard\u0131r\" - MEYDAN.TV","og_description":"M\u0259hk\u0259m\u0259 jurnalisti ev dustaql\u0131\u011f\u0131na buraxmay\u0131b Bak\u0131 Apelyasiya M\u0259hk\u0259m\u0259si \u201cMeydan TV ... Davam\u0131","og_url":"https:\/\/www.meydan.tv\/az\/article\/aytac-tapdiq-qacaqmalci-m%c9%99n-yox-dovl%c9%99tin-basinda-duranlardir\/","og_site_name":"MEYDAN.TV","article_published_time":"2025-01-30T14:01:41+00:00","article_modified_time":"2025-01-30T14:01:44+00:00","og_image":[{"width":2560,"height":1297,"url":"https:\/\/www.meydan.tv\/wp-content\/uploads\/img_1641-scaled-e1733751310135.jpg","type":"image\/jpeg"}],"author":"mahmud","twitter_card":"summary_large_image","schema":{"@context":"https:\/\/schema.org","@graph":[{"@type":"Article","@id":"https:\/\/www.meydan.tv\/az\/article\/aytac-tapdiq-qacaqmalci-m%c9%99n-yox-dovl%c9%99tin-basinda-duranlardir\/#article","isPartOf":{"@id":"https:\/\/www.meydan.tv\/az\/article\/aytac-tapdiq-qacaqmalci-m%c9%99n-yox-dovl%c9%99tin-basinda-duranlardir\/"},"author":{"name":"mahmud","@id":"https:\/\/www.meydan.tv\/az\/#\/schema\/person\/09863e516102a829e72bedcf3f84c6b0"},"headline":"Aytac Tapd\u0131q: &#8220;Qa\u00e7aqmal\u00e7\u0131 m\u0259n yox, d\u00f6vl\u0259tin ba\u015f\u0131nda duranlard\u0131r&#8221;","datePublished":"2025-01-30T14:01:41+00:00","dateModified":"2025-01-30T14:01:44+00:00","mainEntityOfPage":{"@id":"https:\/\/www.meydan.tv\/az\/article\/aytac-tapdiq-qacaqmalci-m%c9%99n-yox-dovl%c9%99tin-basinda-duranlardir\/"},"wordCount":464,"publisher":{"@id":"https:\/\/www.meydan.tv\/az\/#organization"},"image":{"@id":"https:\/\/www.meydan.tv\/az\/article\/aytac-tapdiq-qacaqmalci-m%c9%99n-yox-dovl%c9%99tin-basinda-duranlardir\/#primaryimage"},"thumbnailUrl":"https:\/\/www.meydan.tv\/wp-content\/uploads\/img_1641-scaled-e1733751310135.jpg","articleSection":["Meydan TV i\u015fi","Siyas\u0259t","T\u00f6vsiy\u0259","X\u0259b\u0259rl\u0259r"],"inLanguage":"az"},{"@type":"WebPage","@id":"https:\/\/www.meydan.tv\/az\/article\/aytac-tapdiq-qacaqmalci-m%c9%99n-yox-dovl%c9%99tin-basinda-duranlardir\/","url":"https:\/\/www.meydan.tv\/az\/article\/aytac-tapdiq-qacaqmalci-m%c9%99n-yox-dovl%c9%99tin-basinda-duranlardir\/","name":"Aytac Tapd\u0131q: \"Qa\u00e7aqmal\u00e7\u0131 m\u0259n yox, d\u00f6vl\u0259tin ba\u015f\u0131nda duranlard\u0131r\" - MEYDAN.TV","isPartOf":{"@id":"https:\/\/www.meydan.tv\/az\/#website"},"primaryImageOfPage":{"@id":"https:\/\/www.meydan.tv\/az\/article\/aytac-tapdiq-qacaqmalci-m%c9%99n-yox-dovl%c9%99tin-basinda-duranlardir\/#primaryimage"},"image":{"@id":"https:\/\/www.meydan.tv\/az\/article\/aytac-tapdiq-qacaqmalci-m%c9%99n-yox-dovl%c9%99tin-basinda-duranlardir\/#primaryimage"},"thumbnailUrl":"https:\/\/www.meydan.tv\/wp-content\/uploads\/img_1641-scaled-e1733751310135.jpg","datePublished":"2025-01-30T14:01:41+00:00","dateModified":"2025-01-30T14:01:44+00:00","breadcrumb":{"@id":"https:\/\/www.meydan.tv\/az\/article\/aytac-tapdiq-qacaqmalci-m%c9%99n-yox-dovl%c9%99tin-basinda-duranlardir\/#breadcrumb"},"inLanguage":"az","potentialAction":[{"@type":"ReadAction","target":["https:\/\/www.meydan.tv\/az\/article\/aytac-tapdiq-qacaqmalci-m%c9%99n-yox-dovl%c9%99tin-basinda-duranlardir\/"]}]},{"@type":"ImageObject","inLanguage":"az","@id":"https:\/\/www.meydan.tv\/az\/article\/aytac-tapdiq-qacaqmalci-m%c9%99n-yox-dovl%c9%99tin-basinda-duranlardir\/#primaryimage","url":"https:\/\/www.meydan.tv\/wp-content\/uploads\/img_1641-scaled-e1733751310135.jpg","contentUrl":"https:\/\/www.meydan.tv\/wp-content\/uploads\/img_1641-scaled-e1733751310135.jpg","width":2560,"height":1297,"caption":"Aytac Tapd\u0131q"},{"@type":"BreadcrumbList","@id":"https:\/\/www.meydan.tv\/az\/article\/aytac-tapdiq-qacaqmalci-m%c9%99n-yox-dovl%c9%99tin-basinda-duranlardir\/#breadcrumb","itemListElement":[{"@type":"ListItem","position":1,"name":"Ana s\u0259hif\u0259","item":"https:\/\/www.meydan.tv\/az\/"},{"@type":"ListItem","position":2,"name":"Meydan TV i\u015fi","item":"https:\/\/www.meydan.tv\/az\/section\/meydan-tv-isi\/"},{"@type":"ListItem","position":3,"name":"Aytac Tapd\u0131q: &#8220;Qa\u00e7aqmal\u00e7\u0131 m\u0259n yox, d\u00f6vl\u0259tin ba\u015f\u0131nda duranlard\u0131r&#8221;"}]},{"@type":"WebSite","@id":"https:\/\/www.meydan.tv\/az\/#website","url":"https:\/\/www.meydan.tv\/az\/","name":"MEYDAN.TV","description":"Meydan TV Az\u0259rbaycan\u0131n media m\u0259kan\u0131ndak\u0131 alternativ s\u0259sidir","publisher":{"@id":"https:\/\/www.meydan.tv\/az\/#organization"},"potentialAction":[{"@type":"SearchAction","target":{"@type":"EntryPoint","urlTemplate":"https:\/\/www.meydan.tv\/az\/?s={search_term_string}"},"query-input":{"@type":"PropertyValueSpecification","valueRequired":true,"valueName":"search_term_string"}}],"inLanguage":"az"},{"@type":"Organization","@id":"https:\/\/www.meydan.tv\/az\/#organization","name":"Meydan TV","url":"https:\/\/www.meydan.tv\/az\/","logo":{"@type":"ImageObject","inLanguage":"az","@id":"https:\/\/www.meydan.tv\/az\/#\/schema\/logo\/image\/","url":"https:\/\/www.meydan.tv\/wp-content\/uploads\/2021\/07\/meydan-logo.svg","contentUrl":"https:\/\/www.meydan.tv\/wp-content\/uploads\/2021\/07\/meydan-logo.svg","width":195,"height":46,"caption":"Meydan TV"},"image":{"@id":"https:\/\/www.meydan.tv\/az\/#\/schema\/logo\/image\/"}},{"@type":"Person","@id":"https:\/\/www.meydan.tv\/az\/#\/schema\/person\/09863e516102a829e72bedcf3f84c6b0","name":"mahmud"}]}},"_links":{"self":[{"href":"https:\/\/www.meydan.tv\/az\/wp-json\/wp\/v2\/posts\/325515","targetHints":{"allow":["GET"]}}],"collection":[{"href":"https:\/\/www.meydan.tv\/az\/wp-json\/wp\/v2\/posts"}],"about":[{"href":"https:\/\/www.meydan.tv\/az\/wp-json\/wp\/v2\/types\/post"}],"author":[{"embeddable":true,"href":"https:\/\/www.meydan.tv\/az\/wp-json\/wp\/v2\/users\/21"}],"replies":[{"embeddable":true,"href":"https:\/\/www.meydan.tv\/az\/wp-json\/wp\/v2\/comments?post=325515"}],"version-history":[{"count":1,"href":"https:\/\/www.meydan.tv\/az\/wp-json\/wp\/v2\/posts\/325515\/revisions"}],"predecessor-version":[{"id":325516,"href":"https:\/\/www.meydan.tv\/az\/wp-json\/wp\/v2\/posts\/325515\/revisions\/325516"}],"wp:featuredmedia":[{"embeddable":true,"href":"https:\/\/www.meydan.tv\/az\/wp-json\/wp\/v2\/media\/322450"}],"wp:attachment":[{"href":"https:\/\/www.meydan.tv\/az\/wp-json\/wp\/v2\/media?parent=325515"}],"wp:term":[{"taxonomy":"category","embeddable":true,"href":"https:\/\/www.meydan.tv\/az\/wp-json\/wp\/v2\/categories?post=325515"},{"taxonomy":"post_tag","embeddable":true,"href":"https:\/\/www.meydan.tv\/az\/wp-json\/wp\/v2\/tags?post=325515"}],"curies":[{"name":"wp","href":"https:\/\/api.w.org\/{rel}","templated":true}]}}