{"id":325505,"date":"2025-01-30T15:19:15","date_gmt":"2025-01-30T11:19:15","guid":{"rendered":"https:\/\/www.meydan.tv\/?p=325505"},"modified":"2025-01-30T15:19:17","modified_gmt":"2025-01-30T11:19:17","slug":"huseyn-abdullayev-h%c9%99yatimi-suurlu-s%c9%99kild%c9%99-heyd%c9%99r-eliyev%c9%99-h%c9%99sr-etmis%c9%99m","status":"publish","type":"post","link":"https:\/\/www.meydan.tv\/az\/article\/huseyn-abdullayev-h%c9%99yatimi-suurlu-s%c9%99kild%c9%99-heyd%c9%99r-eliyev%c9%99-h%c9%99sr-etmis%c9%99m\/","title":{"rendered":"H\u00fcseyn Abdullayev: &#8220;H\u0259yat\u0131m\u0131 \u015f\u00fcurlu \u015f\u0259kild\u0259 Heyd\u0259r \u018fliyev\u0259 h\u0259sr etmi\u015f\u0259m&#8221;"},"content":{"rendered":"\n<p><\/p>\n\n\n\n<p><em><strong>Ke\u00e7mi\u015f deputat qanunsuz i\u015f g\u00f6rm\u0259diyini deyir<\/strong><\/em><\/p>\n\n\n\n<p>Ke\u00e7mi\u015f deputat, 2018-ci ilin aprelind\u0259n h\u0259bsd\u0259 olan H\u00fcseyn Abdullayevin i\u015fi \u00fczr\u0259 m\u0259hk\u0259m\u0259 istintaq\u0131 t\u0259z\u0259l\u0259nib.<\/p>\n\n\n\n<p>Onun 6 illik \u0259vv\u0259lki c\u0259zas\u0131n\u0131n ba\u015fa \u00e7atmas\u0131na 40 g\u00fcn qalm\u0131\u015f \u2013 \u00f6t\u0259n ilin mart\u0131nda 5.5 milyonluq \u201c\u00e7irkli pulyuma\u201d ittiham\u0131 il\u0259 ba\u015flanm\u0131\u015f yeni cinay\u0259t i\u015fi \u00fczr\u0259 prokuror h\u0259l\u0259 dekabrda H\u00fcseyn Abdullayev\u0259 daha 10 il azadl\u0131qdan m\u0259hrumetm\u0259 c\u0259zas\u0131 verilm\u0259sini ist\u0259mi\u015fdi.<\/p>\n\n\n\n<p>Onun v\u0259kill\u0259rinin \u00e7\u0131x\u0131\u015f\u0131 v\u0259 \u00f6z\u00fcn\u00fcn son s\u00f6z dem\u0259si qalm\u0131\u015fd\u0131.<\/p>\n\n\n\n<p>\u0130ki aya yax\u0131n idi ki, Bak\u0131 A\u011f\u0131r Cinay\u0259tl\u0259r M\u0259hk\u0259m\u0259sind\u0259 H\u00fcseyn Abdullayevin i\u015fi \u00fczr\u0259 ke\u00e7irilm\u0259li olan m\u0259hk\u0259m\u0259 iclaslar\u0131 t\u0259xir\u0259 sal\u0131n\u0131rd\u0131.<\/p>\n\n\n\n<p>Yanvar\u0131n 30-da ke\u00e7iril\u0259n m\u0259hk\u0259m\u0259y\u0259 d\u0259 H\u00fcseyn Abdullayev Bak\u0131 \u0130stintaq T\u0259cridxanas\u0131ndan videokonfrans vasit\u0259sil\u0259 qo\u015fulub.<\/p>\n\n\n\n<p>M\u0259hk\u0259m\u0259 prosesin\u0259 s\u0259drlik ed\u0259n hakim Az\u0259r Ta\u011f\u0131yev bildirib ki, H\u00fcseyn Abdullayev Prezident \u0130lham \u018fliyev\u0259 m\u00fcraci\u0259t \u00fcnvanlay\u0131b.<\/p>\n\n\n\n<p>M\u00fcraci\u0259tin sur\u0259ti m\u0259hk\u0259m\u0259y\u0259 d\u0259 daxil olub. Hakim m\u00fcraci\u0259td\u0259 yaz\u0131lanlar\u0131 m\u0259hk\u0259m\u0259 prosesinin i\u015ftirak\u00e7\u0131lar\u0131na elan edib.<\/p>\n\n\n\n<p>H\u00fcseyn Abdullayev yaz\u0131r:<\/p>\n\n\n\n<p>\u201c<em>\u018fmin\u0259m ki, m\u0259nim bir ne\u00e7\u0259 ili d\u00f6rd divar aras\u0131nda ke\u00e7irm\u0259yim, \u00f6z\u00fcm\u00fcn v\u0259 ail\u0259min ya\u015fad\u0131\u011f\u0131 \u0259zablardan x\u0259b\u0259riniz var. T\u0259\u0259ss\u00fcfl\u0259r olsun ki, m\u0259nim bar\u0259md\u0259 siz\u0259 do\u011fru olmayan, yanl\u0131\u015f m\u0259lumatlar verilm\u0259si n\u0259tic\u0259sind\u0259 m\u0259n v\u0259 ail\u0259m bu z\u00fclm\u00fc ya\u015fad\u0131q. Bildirm\u0259k ist\u0259yir\u0259m ki, ya\u015fad\u0131\u011f\u0131m m\u00fchacir h\u0259yat\u0131 bel\u0259, h\u0259yat\u0131m\u0131n \u0259n a\u011fr\u0131l\u0131-ac\u0131l\u0131 ill\u0259ri olub.<\/em><\/p>\n\n\n\n<p><em>Sonradan T\u00fcrkiy\u0259d\u0259 h\u0259bs olunaraq Az\u0259rbaycana g\u0259tirilm\u0259yim v\u0259 alt\u0131 il d\u00f6rd divar aras\u0131nda ya\u015fama\u011f\u0131m h\u0259yat\u0131m\u0131n \u0259n a\u011f\u0131r d\u00f6n\u0259ml\u0259rind\u0259n biri olub.<\/em><\/p>\n\n\n\n<p><em>\u00d6t\u0259n m\u00fcdd\u0259td\u0259 anam d\u00fc\u015fd\u00fcy\u00fcm bu duruma g\u00f6r\u0259 a\u011f\u0131r x\u0259st\u0259likl\u0259r\u0259 d\u00fc\u00e7ar oldu. \u00d6z\u00fcm\u00fcn sa\u011flaml\u0131\u011f\u0131m dem\u0259k olar ki, tam \u0259ld\u0259n gedib.<\/em><\/p>\n\n\n\n<p><em>M\u0259n h\u0259yat\u0131m\u0131 \u015f\u00fcurlu \u015f\u0259kild\u0259, ulu \u00f6nd\u0259r Heyd\u0259r \u018fliyev\u0259 xidm\u0259t\u0259 h\u0259sr etmi\u015f\u0259m. Ondan sonrak\u0131 d\u00f6n\u0259ml\u0259rd\u0259 d\u0259, m\u0259n sizi xalq aras\u0131nda n\u00fcfuzdan salan, f\u0259aliyy\u0259tiniz\u0259 k\u00f6lg\u0259 salan \u015f\u0259xsl\u0259r\u0259 qar\u015f\u0131 m\u00fcbariz\u0259 aparmaqla hesab edirdim ki, siz\u0259 xidm\u0259t etmi\u015f oluram. Lakin bu c\u00fcr insanlar\u0131n fitn\u0259karl\u0131\u011f\u0131 n\u0259tic\u0259sind\u0259 sizin n\u0259z\u0259rinizd\u0259 d\u00fc\u015fm\u0259n obraz\u0131m yarad\u0131ld\u0131 v\u0259 bu ac\u0131 tale il\u0259 ya\u015fama\u011fa m\u0259cbur oldum. Siz\u0259 m\u00fcraci\u0259timd\u0259 m\u0259qs\u0259dim s\u0259hh\u0259timd\u0259 qar\u015f\u0131s\u0131al\u0131nmaz probleml\u0259ri v\u0259 ya\u015fl\u0131 anam\u0131n d\u00fc\u015fd\u00fcy\u00fc durumdan xilas edilm\u0259sini siz\u0259 \u00e7atd\u0131rmaqd\u0131r. M\u0259nim sa\u011flaml\u0131\u011f\u0131m\u0131, bu g\u00fcn\u0259 q\u0259d\u0259r \u00e7\u0259kdiyim \u0259zablar\u0131 n\u0259z\u0259r\u0259 alaraq, anama qovu\u015fma\u011f\u0131ma k\u00f6m\u0259k etm\u0259yinizi sizd\u0259n xahi\u015f edir\u0259m.<\/em><\/p>\n\n\n\n<p><em>Bir daha b\u0259yan etm\u0259k ist\u0259yir\u0259m ki, m\u0259n azadl\u0131qda olark\u0259n he\u00e7 zaman siz\u0259 qar\u015f\u0131 hans\u0131sa xo\u015fag\u0259lm\u0259z davran\u0131\u015f\u0131m olmayacaq. Bu, \u0259vv\u0259l d\u0259 bel\u0259 olub, bundan sonra da bel\u0259 olaraq qalacaq. Buna \u0259min ola bil\u0259rsiniz!\u201c<\/em><\/p>\n\n\n\n<p>Daha sonra hakim H\u00fcseyn Abdullayev\u0259 ifad\u0259 verm\u0259yi t\u0259klif edib.<\/p>\n\n\n\n<p>O, cinay\u0259t yolu il\u0259 \u0259ld\u0259 olunan \u0259mlak\u0131n leqalla\u015fd\u0131r\u0131lmas\u0131 haqda verilmi\u015f ittiham\u0131 q\u0259bul etm\u0259diyini, \u00f6z\u00fcn\u00fc t\u0259qsirli bilm\u0259diyini deyib.<\/p>\n\n\n\n<p>G\u00fcnahs\u0131z oldu\u011funu s\u00f6yl\u0259y\u0259n sabiq deputat iftira n\u0259tic\u0259sind\u0259 h\u0259bsd\u0259 oldu\u011funu deyib:<\/p>\n\n\n\n<p><em>\u201cHam\u0131s\u0131 yaland\u0131r, iftirad\u0131r. M\u0259n qanunsuz i\u015f g\u00f6rm\u0259mi\u015f\u0259m. D\u00f6vl\u0259tim\u0259 d\u0259 h\u0259r zaman sadiq olmu\u015fam\u201d.<\/em><\/p>\n\n\n\n<p>Prokuror ke\u00e7mi\u015f deputata \u0259lav\u0259 suallar vers\u0259 d\u0259, o, suallar\u0131 yersiz hesab edib.<\/p>\n\n\n\n<p>Deyib ki, ittihamlar\u0131 q\u0259bul etmir v\u0259 suallar\u0131 da cavabland\u0131rmaq ist\u0259mir.<\/p>\n\n\n\n<p>Daha sonra prokuror \u00e7\u0131x\u0131\u015f edib.<\/p>\n\n\n\n<p>D\u00f6vl\u0259t ittiham\u00e7\u0131s\u0131 H\u00fcseyn Abdullayevin 10 il azadl\u0131qdan m\u0259hrum edilm\u0259sini ist\u0259yib.<\/p>\n\n\n\n<p>M\u0259hk\u0259m\u0259 prosesi fevral\u0131n 13-d\u0259 davam ed\u0259c\u0259k. N\u00f6vb\u0259ti m\u0259hk\u0259m\u0259 iclas\u0131nda H\u00fcseyn Abdullayevin v\u0259kill\u0259ri m\u00fcdafi\u0259 nitqi il\u0259 \u00e7\u0131x\u0131\u015f ed\u0259c\u0259k.<\/p>\n\n\n\n<p>H\u00fcseyn Abdullayev 2018-ci ilin aprelind\u0259 \u0130stanbulda saxlan\u0131laraq Az\u0259rbaycan h\u00fcquq-m\u00fchafiz\u0259 orqanlar\u0131na t\u0259hvil verilib.<\/p>\n\n\n\n<p>Ke\u00e7mi\u015f deputat Bak\u0131 H\u0259rbi M\u0259hk\u0259m\u0259sinin 2019-cu ilin oktyabr\u0131nda \u00e7\u0131xard\u0131\u011f\u0131 h\u00f6km\u0259 \u0259sas\u0259n, d\u0259l\u0259duzluq, vergid\u0259n yay\u0131nma, cinay\u0259t yolu il\u0259 \u0259ld\u0259 olunmu\u015f v\u0259saitl\u0259rin leqalla\u015fd\u0131r\u0131lmas\u0131 kimi ittihamlarla 6 il azadl\u0131qdan m\u0259hrum edilmi\u015fdi.<\/p>\n\n\n\n<p>C\u0259zas\u0131n\u0131n ba\u015fa \u00e7atmas\u0131na ay yar\u0131m qalm\u0131\u015f \u2013 bu ilin mart\u0131nda onun bar\u0259sind\u0259 yenid\u0259n cinay\u0259t i\u015fi ba\u015flan\u0131b.<\/p>\n\n\n\n<p>Ona bu d\u0259f\u0259 Cinay\u0259t M\u0259c\u0259ll\u0259sinin 193-1.3.2-ci madd\u0259sil\u0259 ittiham verilib.<\/p>\n\n\n\n<p>O, bir ne\u00e7\u0259 \u00f6lk\u0259d\u0259 k\u00fclli miqdarda pulu leqalla\u015fd\u0131rmaqda t\u0259qsirl\u0259ndirilir.<\/p>\n\n\n\n<p>Lakin sabiq deputat hesab edir ki, onu h\u0259bsd\u0259 saxlamaq \u00fc\u00e7\u00fcn saxta i\u015f haz\u0131rlay\u0131blar.<\/p>\n\n\n\n<p>Bu, H\u00fcseyn Abdullayev haqq\u0131nda \u00fc\u00e7\u00fcnc\u00fc cinay\u0259t i\u015fidir. \u0130lk d\u0259f\u0259 o, 2007-ci ild\u0259 parlamentin iclas\u0131nda dig\u0259r deputat F\u0259zail A\u011famal\u0131 il\u0259 davaya g\u00f6r\u0259 h\u0259bs olunmu\u015f, bir m\u00fcdd\u0259t sonra \u015f\u0259rti c\u0259za il\u0259 azadl\u0131\u011fa burax\u0131lm\u0131\u015fd\u0131.<\/p>\n","protected":false},"excerpt":{"rendered":"<p>Ke\u00e7mi\u015f deputat qanunsuz i\u015f g\u00f6rm\u0259diyini deyir Ke\u00e7mi\u015f deputat, 2018-ci ilin &#8230; <\/p>\n<p class=\"read-more-container\"><a title=\"H\u00fcseyn Abdullayev: &#8220;H\u0259yat\u0131m\u0131 \u015f\u00fcurlu \u015f\u0259kild\u0259 Heyd\u0259r \u018fliyev\u0259 h\u0259sr etmi\u015f\u0259m&#8221;\" class=\"read-more button\" href=\"https:\/\/www.meydan.tv\/az\/article\/huseyn-abdullayev-h%c9%99yatimi-suurlu-s%c9%99kild%c9%99-heyd%c9%99r-eliyev%c9%99-h%c9%99sr-etmis%c9%99m\/#more-325505\" aria-label=\"Read more about H\u00fcseyn Abdullayev: &#8220;H\u0259yat\u0131m\u0131 \u015f\u00fcurlu \u015f\u0259kild\u0259 Heyd\u0259r \u018fliyev\u0259 h\u0259sr etmi\u015f\u0259m&#8221;\">Davam\u0131<\/a><\/p>\n","protected":false},"author":21,"featured_media":160434,"comment_status":"closed","ping_status":"closed","sticky":false,"template":"","format":"standard","meta":{"_acf_changed":false,"_sitemap_exclude":false,"_sitemap_priority":"","_sitemap_frequency":"","footnotes":""},"categories":[59,79,56],"tags":[],"class_list":["post-325505","post","type-post","status-publish","format-standard","has-post-thumbnail","hentry","category-siyaset","category-featured","category-xeberler","infinite-scroll-item","generate-columns","tablet-grid-50","mobile-grid-100","grid-parent","grid-33","no-featured-image-padding"],"acf":[],"yoast_head":"<!-- This site is optimized with the Yoast SEO plugin v27.5 - https:\/\/yoast.com\/product\/yoast-seo-wordpress\/ -->\n<title>H\u00fcseyn Abdullayev: &quot;H\u0259yat\u0131m\u0131 \u015f\u00fcurlu \u015f\u0259kild\u0259 Heyd\u0259r \u018fliyev\u0259 h\u0259sr etmi\u015f\u0259m&quot; - MEYDAN.TV<\/title>\n<meta name=\"robots\" content=\"index, follow, max-snippet:-1, max-image-preview:large, max-video-preview:-1\" \/>\n<link rel=\"canonical\" href=\"https:\/\/www.meydan.tv\/az\/article\/huseyn-abdullayev-h%c9%99yatimi-suurlu-s%c9%99kild%c9%99-heyd%c9%99r-eliyev%c9%99-h%c9%99sr-etmis%c9%99m\/\" \/>\n<meta property=\"og:locale\" content=\"az_AZ\" \/>\n<meta property=\"og:type\" content=\"article\" \/>\n<meta property=\"og:title\" content=\"H\u00fcseyn Abdullayev: &quot;H\u0259yat\u0131m\u0131 \u015f\u00fcurlu \u015f\u0259kild\u0259 Heyd\u0259r \u018fliyev\u0259 h\u0259sr etmi\u015f\u0259m&quot; - MEYDAN.TV\" \/>\n<meta property=\"og:description\" content=\"Ke\u00e7mi\u015f deputat qanunsuz i\u015f g\u00f6rm\u0259diyini deyir Ke\u00e7mi\u015f deputat, 2018-ci ilin ... Davam\u0131\" \/>\n<meta property=\"og:url\" content=\"https:\/\/www.meydan.tv\/az\/article\/huseyn-abdullayev-h%c9%99yatimi-suurlu-s%c9%99kild%c9%99-heyd%c9%99r-eliyev%c9%99-h%c9%99sr-etmis%c9%99m\/\" \/>\n<meta property=\"og:site_name\" content=\"MEYDAN.TV\" \/>\n<meta property=\"article:published_time\" content=\"2025-01-30T11:19:15+00:00\" \/>\n<meta property=\"article:modified_time\" content=\"2025-01-30T11:19:17+00:00\" \/>\n<meta property=\"og:image\" content=\"https:\/\/www.meydan.tv\/wp-content\/uploads\/img_6329-scaled-e1715588046548.jpg\" \/>\n\t<meta property=\"og:image:width\" content=\"2560\" \/>\n\t<meta property=\"og:image:height\" content=\"1147\" \/>\n\t<meta property=\"og:image:type\" content=\"image\/jpeg\" \/>\n<meta name=\"author\" content=\"mahmud\" \/>\n<meta name=\"twitter:card\" content=\"summary_large_image\" \/>\n<script type=\"application\/ld+json\" class=\"yoast-schema-graph\">{\"@context\":\"https:\\\/\\\/schema.org\",\"@graph\":[{\"@type\":\"Article\",\"@id\":\"https:\\\/\\\/www.meydan.tv\\\/az\\\/article\\\/huseyn-abdullayev-h%c9%99yatimi-suurlu-s%c9%99kild%c9%99-heyd%c9%99r-eliyev%c9%99-h%c9%99sr-etmis%c9%99m\\\/#article\",\"isPartOf\":{\"@id\":\"https:\\\/\\\/www.meydan.tv\\\/az\\\/article\\\/huseyn-abdullayev-h%c9%99yatimi-suurlu-s%c9%99kild%c9%99-heyd%c9%99r-eliyev%c9%99-h%c9%99sr-etmis%c9%99m\\\/\"},\"author\":{\"name\":\"mahmud\",\"@id\":\"https:\\\/\\\/www.meydan.tv\\\/az\\\/#\\\/schema\\\/person\\\/09863e516102a829e72bedcf3f84c6b0\"},\"headline\":\"H\u00fcseyn Abdullayev: &#8220;H\u0259yat\u0131m\u0131 \u015f\u00fcurlu \u015f\u0259kild\u0259 Heyd\u0259r \u018fliyev\u0259 h\u0259sr etmi\u015f\u0259m&#8221;\",\"datePublished\":\"2025-01-30T11:19:15+00:00\",\"dateModified\":\"2025-01-30T11:19:17+00:00\",\"mainEntityOfPage\":{\"@id\":\"https:\\\/\\\/www.meydan.tv\\\/az\\\/article\\\/huseyn-abdullayev-h%c9%99yatimi-suurlu-s%c9%99kild%c9%99-heyd%c9%99r-eliyev%c9%99-h%c9%99sr-etmis%c9%99m\\\/\"},\"wordCount\":949,\"publisher\":{\"@id\":\"https:\\\/\\\/www.meydan.tv\\\/az\\\/#organization\"},\"image\":{\"@id\":\"https:\\\/\\\/www.meydan.tv\\\/az\\\/article\\\/huseyn-abdullayev-h%c9%99yatimi-suurlu-s%c9%99kild%c9%99-heyd%c9%99r-eliyev%c9%99-h%c9%99sr-etmis%c9%99m\\\/#primaryimage\"},\"thumbnailUrl\":\"https:\\\/\\\/www.meydan.tv\\\/wp-content\\\/uploads\\\/img_6329-scaled-e1715588046548.jpg\",\"articleSection\":[\"Siyas\u0259t\",\"T\u00f6vsiy\u0259\",\"X\u0259b\u0259rl\u0259r\"],\"inLanguage\":\"az\"},{\"@type\":\"WebPage\",\"@id\":\"https:\\\/\\\/www.meydan.tv\\\/az\\\/article\\\/huseyn-abdullayev-h%c9%99yatimi-suurlu-s%c9%99kild%c9%99-heyd%c9%99r-eliyev%c9%99-h%c9%99sr-etmis%c9%99m\\\/\",\"url\":\"https:\\\/\\\/www.meydan.tv\\\/az\\\/article\\\/huseyn-abdullayev-h%c9%99yatimi-suurlu-s%c9%99kild%c9%99-heyd%c9%99r-eliyev%c9%99-h%c9%99sr-etmis%c9%99m\\\/\",\"name\":\"H\u00fcseyn Abdullayev: \\\"H\u0259yat\u0131m\u0131 \u015f\u00fcurlu \u015f\u0259kild\u0259 Heyd\u0259r \u018fliyev\u0259 h\u0259sr etmi\u015f\u0259m\\\" - MEYDAN.TV\",\"isPartOf\":{\"@id\":\"https:\\\/\\\/www.meydan.tv\\\/az\\\/#website\"},\"primaryImageOfPage\":{\"@id\":\"https:\\\/\\\/www.meydan.tv\\\/az\\\/article\\\/huseyn-abdullayev-h%c9%99yatimi-suurlu-s%c9%99kild%c9%99-heyd%c9%99r-eliyev%c9%99-h%c9%99sr-etmis%c9%99m\\\/#primaryimage\"},\"image\":{\"@id\":\"https:\\\/\\\/www.meydan.tv\\\/az\\\/article\\\/huseyn-abdullayev-h%c9%99yatimi-suurlu-s%c9%99kild%c9%99-heyd%c9%99r-eliyev%c9%99-h%c9%99sr-etmis%c9%99m\\\/#primaryimage\"},\"thumbnailUrl\":\"https:\\\/\\\/www.meydan.tv\\\/wp-content\\\/uploads\\\/img_6329-scaled-e1715588046548.jpg\",\"datePublished\":\"2025-01-30T11:19:15+00:00\",\"dateModified\":\"2025-01-30T11:19:17+00:00\",\"breadcrumb\":{\"@id\":\"https:\\\/\\\/www.meydan.tv\\\/az\\\/article\\\/huseyn-abdullayev-h%c9%99yatimi-suurlu-s%c9%99kild%c9%99-heyd%c9%99r-eliyev%c9%99-h%c9%99sr-etmis%c9%99m\\\/#breadcrumb\"},\"inLanguage\":\"az\",\"potentialAction\":[{\"@type\":\"ReadAction\",\"target\":[\"https:\\\/\\\/www.meydan.tv\\\/az\\\/article\\\/huseyn-abdullayev-h%c9%99yatimi-suurlu-s%c9%99kild%c9%99-heyd%c9%99r-eliyev%c9%99-h%c9%99sr-etmis%c9%99m\\\/\"]}]},{\"@type\":\"ImageObject\",\"inLanguage\":\"az\",\"@id\":\"https:\\\/\\\/www.meydan.tv\\\/az\\\/article\\\/huseyn-abdullayev-h%c9%99yatimi-suurlu-s%c9%99kild%c9%99-heyd%c9%99r-eliyev%c9%99-h%c9%99sr-etmis%c9%99m\\\/#primaryimage\",\"url\":\"https:\\\/\\\/www.meydan.tv\\\/wp-content\\\/uploads\\\/img_6329-scaled-e1715588046548.jpg\",\"contentUrl\":\"https:\\\/\\\/www.meydan.tv\\\/wp-content\\\/uploads\\\/img_6329-scaled-e1715588046548.jpg\",\"width\":2560,\"height\":1147,\"caption\":\"H\u00fcseyn Abdullayev. Foto: Meydan TV\"},{\"@type\":\"BreadcrumbList\",\"@id\":\"https:\\\/\\\/www.meydan.tv\\\/az\\\/article\\\/huseyn-abdullayev-h%c9%99yatimi-suurlu-s%c9%99kild%c9%99-heyd%c9%99r-eliyev%c9%99-h%c9%99sr-etmis%c9%99m\\\/#breadcrumb\",\"itemListElement\":[{\"@type\":\"ListItem\",\"position\":1,\"name\":\"Ana s\u0259hif\u0259\",\"item\":\"https:\\\/\\\/www.meydan.tv\\\/az\\\/\"},{\"@type\":\"ListItem\",\"position\":2,\"name\":\"Siyas\u0259t\",\"item\":\"https:\\\/\\\/www.meydan.tv\\\/az\\\/section\\\/siyaset\\\/\"},{\"@type\":\"ListItem\",\"position\":3,\"name\":\"H\u00fcseyn Abdullayev: &#8220;H\u0259yat\u0131m\u0131 \u015f\u00fcurlu \u015f\u0259kild\u0259 Heyd\u0259r \u018fliyev\u0259 h\u0259sr etmi\u015f\u0259m&#8221;\"}]},{\"@type\":\"WebSite\",\"@id\":\"https:\\\/\\\/www.meydan.tv\\\/az\\\/#website\",\"url\":\"https:\\\/\\\/www.meydan.tv\\\/az\\\/\",\"name\":\"MEYDAN.TV\",\"description\":\"Meydan TV Az\u0259rbaycan\u0131n media m\u0259kan\u0131ndak\u0131 alternativ s\u0259sidir\",\"publisher\":{\"@id\":\"https:\\\/\\\/www.meydan.tv\\\/az\\\/#organization\"},\"potentialAction\":[{\"@type\":\"SearchAction\",\"target\":{\"@type\":\"EntryPoint\",\"urlTemplate\":\"https:\\\/\\\/www.meydan.tv\\\/az\\\/?s={search_term_string}\"},\"query-input\":{\"@type\":\"PropertyValueSpecification\",\"valueRequired\":true,\"valueName\":\"search_term_string\"}}],\"inLanguage\":\"az\"},{\"@type\":\"Organization\",\"@id\":\"https:\\\/\\\/www.meydan.tv\\\/az\\\/#organization\",\"name\":\"Meydan TV\",\"url\":\"https:\\\/\\\/www.meydan.tv\\\/az\\\/\",\"logo\":{\"@type\":\"ImageObject\",\"inLanguage\":\"az\",\"@id\":\"https:\\\/\\\/www.meydan.tv\\\/az\\\/#\\\/schema\\\/logo\\\/image\\\/\",\"url\":\"https:\\\/\\\/www.meydan.tv\\\/wp-content\\\/uploads\\\/2021\\\/07\\\/meydan-logo.svg\",\"contentUrl\":\"https:\\\/\\\/www.meydan.tv\\\/wp-content\\\/uploads\\\/2021\\\/07\\\/meydan-logo.svg\",\"width\":195,\"height\":46,\"caption\":\"Meydan TV\"},\"image\":{\"@id\":\"https:\\\/\\\/www.meydan.tv\\\/az\\\/#\\\/schema\\\/logo\\\/image\\\/\"}},{\"@type\":\"Person\",\"@id\":\"https:\\\/\\\/www.meydan.tv\\\/az\\\/#\\\/schema\\\/person\\\/09863e516102a829e72bedcf3f84c6b0\",\"name\":\"mahmud\"}]}<\/script>\n<!-- \/ Yoast SEO plugin. -->","yoast_head_json":{"title":"H\u00fcseyn Abdullayev: \"H\u0259yat\u0131m\u0131 \u015f\u00fcurlu \u015f\u0259kild\u0259 Heyd\u0259r \u018fliyev\u0259 h\u0259sr etmi\u015f\u0259m\" - MEYDAN.TV","robots":{"index":"index","follow":"follow","max-snippet":"max-snippet:-1","max-image-preview":"max-image-preview:large","max-video-preview":"max-video-preview:-1"},"canonical":"https:\/\/www.meydan.tv\/az\/article\/huseyn-abdullayev-h%c9%99yatimi-suurlu-s%c9%99kild%c9%99-heyd%c9%99r-eliyev%c9%99-h%c9%99sr-etmis%c9%99m\/","og_locale":"az_AZ","og_type":"article","og_title":"H\u00fcseyn Abdullayev: \"H\u0259yat\u0131m\u0131 \u015f\u00fcurlu \u015f\u0259kild\u0259 Heyd\u0259r \u018fliyev\u0259 h\u0259sr etmi\u015f\u0259m\" - MEYDAN.TV","og_description":"Ke\u00e7mi\u015f deputat qanunsuz i\u015f g\u00f6rm\u0259diyini deyir Ke\u00e7mi\u015f deputat, 2018-ci ilin ... Davam\u0131","og_url":"https:\/\/www.meydan.tv\/az\/article\/huseyn-abdullayev-h%c9%99yatimi-suurlu-s%c9%99kild%c9%99-heyd%c9%99r-eliyev%c9%99-h%c9%99sr-etmis%c9%99m\/","og_site_name":"MEYDAN.TV","article_published_time":"2025-01-30T11:19:15+00:00","article_modified_time":"2025-01-30T11:19:17+00:00","og_image":[{"width":2560,"height":1147,"url":"https:\/\/www.meydan.tv\/wp-content\/uploads\/img_6329-scaled-e1715588046548.jpg","type":"image\/jpeg"}],"author":"mahmud","twitter_card":"summary_large_image","schema":{"@context":"https:\/\/schema.org","@graph":[{"@type":"Article","@id":"https:\/\/www.meydan.tv\/az\/article\/huseyn-abdullayev-h%c9%99yatimi-suurlu-s%c9%99kild%c9%99-heyd%c9%99r-eliyev%c9%99-h%c9%99sr-etmis%c9%99m\/#article","isPartOf":{"@id":"https:\/\/www.meydan.tv\/az\/article\/huseyn-abdullayev-h%c9%99yatimi-suurlu-s%c9%99kild%c9%99-heyd%c9%99r-eliyev%c9%99-h%c9%99sr-etmis%c9%99m\/"},"author":{"name":"mahmud","@id":"https:\/\/www.meydan.tv\/az\/#\/schema\/person\/09863e516102a829e72bedcf3f84c6b0"},"headline":"H\u00fcseyn Abdullayev: &#8220;H\u0259yat\u0131m\u0131 \u015f\u00fcurlu \u015f\u0259kild\u0259 Heyd\u0259r \u018fliyev\u0259 h\u0259sr etmi\u015f\u0259m&#8221;","datePublished":"2025-01-30T11:19:15+00:00","dateModified":"2025-01-30T11:19:17+00:00","mainEntityOfPage":{"@id":"https:\/\/www.meydan.tv\/az\/article\/huseyn-abdullayev-h%c9%99yatimi-suurlu-s%c9%99kild%c9%99-heyd%c9%99r-eliyev%c9%99-h%c9%99sr-etmis%c9%99m\/"},"wordCount":949,"publisher":{"@id":"https:\/\/www.meydan.tv\/az\/#organization"},"image":{"@id":"https:\/\/www.meydan.tv\/az\/article\/huseyn-abdullayev-h%c9%99yatimi-suurlu-s%c9%99kild%c9%99-heyd%c9%99r-eliyev%c9%99-h%c9%99sr-etmis%c9%99m\/#primaryimage"},"thumbnailUrl":"https:\/\/www.meydan.tv\/wp-content\/uploads\/img_6329-scaled-e1715588046548.jpg","articleSection":["Siyas\u0259t","T\u00f6vsiy\u0259","X\u0259b\u0259rl\u0259r"],"inLanguage":"az"},{"@type":"WebPage","@id":"https:\/\/www.meydan.tv\/az\/article\/huseyn-abdullayev-h%c9%99yatimi-suurlu-s%c9%99kild%c9%99-heyd%c9%99r-eliyev%c9%99-h%c9%99sr-etmis%c9%99m\/","url":"https:\/\/www.meydan.tv\/az\/article\/huseyn-abdullayev-h%c9%99yatimi-suurlu-s%c9%99kild%c9%99-heyd%c9%99r-eliyev%c9%99-h%c9%99sr-etmis%c9%99m\/","name":"H\u00fcseyn Abdullayev: \"H\u0259yat\u0131m\u0131 \u015f\u00fcurlu \u015f\u0259kild\u0259 Heyd\u0259r \u018fliyev\u0259 h\u0259sr etmi\u015f\u0259m\" - MEYDAN.TV","isPartOf":{"@id":"https:\/\/www.meydan.tv\/az\/#website"},"primaryImageOfPage":{"@id":"https:\/\/www.meydan.tv\/az\/article\/huseyn-abdullayev-h%c9%99yatimi-suurlu-s%c9%99kild%c9%99-heyd%c9%99r-eliyev%c9%99-h%c9%99sr-etmis%c9%99m\/#primaryimage"},"image":{"@id":"https:\/\/www.meydan.tv\/az\/article\/huseyn-abdullayev-h%c9%99yatimi-suurlu-s%c9%99kild%c9%99-heyd%c9%99r-eliyev%c9%99-h%c9%99sr-etmis%c9%99m\/#primaryimage"},"thumbnailUrl":"https:\/\/www.meydan.tv\/wp-content\/uploads\/img_6329-scaled-e1715588046548.jpg","datePublished":"2025-01-30T11:19:15+00:00","dateModified":"2025-01-30T11:19:17+00:00","breadcrumb":{"@id":"https:\/\/www.meydan.tv\/az\/article\/huseyn-abdullayev-h%c9%99yatimi-suurlu-s%c9%99kild%c9%99-heyd%c9%99r-eliyev%c9%99-h%c9%99sr-etmis%c9%99m\/#breadcrumb"},"inLanguage":"az","potentialAction":[{"@type":"ReadAction","target":["https:\/\/www.meydan.tv\/az\/article\/huseyn-abdullayev-h%c9%99yatimi-suurlu-s%c9%99kild%c9%99-heyd%c9%99r-eliyev%c9%99-h%c9%99sr-etmis%c9%99m\/"]}]},{"@type":"ImageObject","inLanguage":"az","@id":"https:\/\/www.meydan.tv\/az\/article\/huseyn-abdullayev-h%c9%99yatimi-suurlu-s%c9%99kild%c9%99-heyd%c9%99r-eliyev%c9%99-h%c9%99sr-etmis%c9%99m\/#primaryimage","url":"https:\/\/www.meydan.tv\/wp-content\/uploads\/img_6329-scaled-e1715588046548.jpg","contentUrl":"https:\/\/www.meydan.tv\/wp-content\/uploads\/img_6329-scaled-e1715588046548.jpg","width":2560,"height":1147,"caption":"H\u00fcseyn Abdullayev. Foto: Meydan TV"},{"@type":"BreadcrumbList","@id":"https:\/\/www.meydan.tv\/az\/article\/huseyn-abdullayev-h%c9%99yatimi-suurlu-s%c9%99kild%c9%99-heyd%c9%99r-eliyev%c9%99-h%c9%99sr-etmis%c9%99m\/#breadcrumb","itemListElement":[{"@type":"ListItem","position":1,"name":"Ana s\u0259hif\u0259","item":"https:\/\/www.meydan.tv\/az\/"},{"@type":"ListItem","position":2,"name":"Siyas\u0259t","item":"https:\/\/www.meydan.tv\/az\/section\/siyaset\/"},{"@type":"ListItem","position":3,"name":"H\u00fcseyn Abdullayev: &#8220;H\u0259yat\u0131m\u0131 \u015f\u00fcurlu \u015f\u0259kild\u0259 Heyd\u0259r \u018fliyev\u0259 h\u0259sr etmi\u015f\u0259m&#8221;"}]},{"@type":"WebSite","@id":"https:\/\/www.meydan.tv\/az\/#website","url":"https:\/\/www.meydan.tv\/az\/","name":"MEYDAN.TV","description":"Meydan TV Az\u0259rbaycan\u0131n media m\u0259kan\u0131ndak\u0131 alternativ s\u0259sidir","publisher":{"@id":"https:\/\/www.meydan.tv\/az\/#organization"},"potentialAction":[{"@type":"SearchAction","target":{"@type":"EntryPoint","urlTemplate":"https:\/\/www.meydan.tv\/az\/?s={search_term_string}"},"query-input":{"@type":"PropertyValueSpecification","valueRequired":true,"valueName":"search_term_string"}}],"inLanguage":"az"},{"@type":"Organization","@id":"https:\/\/www.meydan.tv\/az\/#organization","name":"Meydan TV","url":"https:\/\/www.meydan.tv\/az\/","logo":{"@type":"ImageObject","inLanguage":"az","@id":"https:\/\/www.meydan.tv\/az\/#\/schema\/logo\/image\/","url":"https:\/\/www.meydan.tv\/wp-content\/uploads\/2021\/07\/meydan-logo.svg","contentUrl":"https:\/\/www.meydan.tv\/wp-content\/uploads\/2021\/07\/meydan-logo.svg","width":195,"height":46,"caption":"Meydan TV"},"image":{"@id":"https:\/\/www.meydan.tv\/az\/#\/schema\/logo\/image\/"}},{"@type":"Person","@id":"https:\/\/www.meydan.tv\/az\/#\/schema\/person\/09863e516102a829e72bedcf3f84c6b0","name":"mahmud"}]}},"_links":{"self":[{"href":"https:\/\/www.meydan.tv\/az\/wp-json\/wp\/v2\/posts\/325505","targetHints":{"allow":["GET"]}}],"collection":[{"href":"https:\/\/www.meydan.tv\/az\/wp-json\/wp\/v2\/posts"}],"about":[{"href":"https:\/\/www.meydan.tv\/az\/wp-json\/wp\/v2\/types\/post"}],"author":[{"embeddable":true,"href":"https:\/\/www.meydan.tv\/az\/wp-json\/wp\/v2\/users\/21"}],"replies":[{"embeddable":true,"href":"https:\/\/www.meydan.tv\/az\/wp-json\/wp\/v2\/comments?post=325505"}],"version-history":[{"count":1,"href":"https:\/\/www.meydan.tv\/az\/wp-json\/wp\/v2\/posts\/325505\/revisions"}],"predecessor-version":[{"id":325506,"href":"https:\/\/www.meydan.tv\/az\/wp-json\/wp\/v2\/posts\/325505\/revisions\/325506"}],"wp:featuredmedia":[{"embeddable":true,"href":"https:\/\/www.meydan.tv\/az\/wp-json\/wp\/v2\/media\/160434"}],"wp:attachment":[{"href":"https:\/\/www.meydan.tv\/az\/wp-json\/wp\/v2\/media?parent=325505"}],"wp:term":[{"taxonomy":"category","embeddable":true,"href":"https:\/\/www.meydan.tv\/az\/wp-json\/wp\/v2\/categories?post=325505"},{"taxonomy":"post_tag","embeddable":true,"href":"https:\/\/www.meydan.tv\/az\/wp-json\/wp\/v2\/tags?post=325505"}],"curies":[{"name":"wp","href":"https:\/\/api.w.org\/{rel}","templated":true}]}}