{"id":325467,"date":"2025-01-29T19:36:04","date_gmt":"2025-01-29T15:36:04","guid":{"rendered":"https:\/\/www.meydan.tv\/?p=325467"},"modified":"2025-01-29T19:36:07","modified_gmt":"2025-01-29T15:36:07","slug":"709-n%c9%99f%c9%99r-az%c9%99rbaycan-v%c9%99t%c9%99ndasinin-abs-d%c9%99n-deportasiya-edil%c9%99c%c9%99yi-gozl%c9%99nilir","status":"publish","type":"post","link":"https:\/\/www.meydan.tv\/az\/article\/709-n%c9%99f%c9%99r-az%c9%99rbaycan-v%c9%99t%c9%99ndasinin-abs-d%c9%99n-deportasiya-edil%c9%99c%c9%99yi-gozl%c9%99nilir\/","title":{"rendered":"709 n\u0259f\u0259r Az\u0259rbaycan v\u0259t\u0259nda\u015f\u0131n\u0131n AB\u015e-d\u0259n deportasiya edil\u0259c\u0259yi g\u00f6zl\u0259nilir"},"content":{"rendered":"\n<p><\/p>\n\n\n\n<p><em><strong>AB\u015e \u0259razisind\u0259 \u00fcmimilikd\u0259 1.5 milyondan \u00e7ox qanunsuz miqrant var<\/strong><\/em><\/p>\n\n\n\n<p>AB\u015e Prezidenti Donald Tramp \u00f6lk\u0259d\u0259 qanunsuz ya\u015fayan miqrantlara qar\u015f\u0131 k\u00fctl\u0259vi kampaniyaya ba\u015flay\u0131b.<\/p>\n\n\n\n<p>\u0130mmiqrasiya Xidm\u0259tind\u0259n veril\u0259n m\u0259lumata g\u00f6r\u0259, AB\u015e \u0259razisind\u0259 \u00fcmimilikd\u0259 1.5 milyondan \u00e7ox qanunsuz <a href=\"https:\/\/static.foxnews.com\/foxnews.com\/content\/uploads\/2024\/12\/get-backs-re-non-detained-docket-1.pdf\" target=\"_blank\" rel=\"noreferrer noopener\">miqrant<\/a> var.<\/p>\n\n\n\n<p>Haz\u0131rda \u0130mmiqrasiya v\u0259 G\u00f6mr\u00fck M\u00fchafiz\u0259 Xidm\u0259ti v\u0259 dig\u0259r federal qurumlar \u00f6lk\u0259nin m\u00fcxt\u0259lif \u015f\u0259h\u0259rl\u0259rind\u0259 s\u0259n\u0259dsiz ya\u015fayan miqrantlara qar\u015f\u0131 geni\u015fmiqyasl\u0131 \u0259m\u0259liyyatlar ke\u00e7irir.<\/p>\n\n\n\n<p>Art\u0131q 300 mind\u0259n \u00e7ox miqrant\u0131n saxlan\u0131ld\u0131\u011f\u0131 bildirilir. Onlar\u0131n tezlikl\u0259 \u00f6lk\u0259l\u0259rin\u0259 deportasiya edil\u0259c\u0259yi g\u00f6zl\u0259nilir.<\/p>\n\n\n\n<p>AB\u015e \u0130mmiqrasiya Xidm\u0259tinin qanunsuz miqrantlar siyah\u0131s\u0131nda 709 n\u0259f\u0259r Az\u0259rbaycan v\u0259t\u0259nda\u015f\u0131 da var. Onlar\u0131n da saxlan\u0131laraq \u00f6lk\u0259y\u0259 deportasiya edil\u0259c\u0259yi g\u00f6zl\u0259nilir.<\/p>\n\n\n\n<p>Tramp 2025-ci il yanvar\u0131n 20-d\u0259 andi\u00e7m\u0259 m\u0259rasimind\u0259 \u00e7\u0131x\u0131\u015f\u0131 zaman\u0131 tezlikl\u0259 \u00f6lk\u0259 tarixind\u0259 \u0259n b\u00f6y\u00fck deportasiya \u0259m\u0259liyyat\u0131na ba\u015flayaca\u011f\u0131n\u0131 demi\u015fdi.<\/p>\n\n\n\n<p>O, v\u0259zif\u0259 s\u0259lahiyy\u0259tl\u0259rin\u0259 ba\u015flayandan sonra bununla \u0259laq\u0259dar Amerika h\u0259rb\u00e7il\u0259rin\u0259 s\u0259rh\u0259dl\u0259rin t\u0259hl\u00fck\u0259sizliyini t\u0259min etm\u0259k g\u00f6st\u0259ri\u015fi verib. Miqrantlar\u0131n s\u0131\u011f\u0131nacaqlara yerl\u0259\u015fdirilm\u0259si il\u0259 ba\u011fl\u0131 geni\u015f qada\u011fa v\u0259 AB\u015e \u0259razisind\u0259 d\u00fcnyaya g\u0259lmi\u015f u\u015faqlar\u0131n v\u0259t\u0259nda\u015fl\u0131q almalar\u0131na m\u0259hdudiyy\u0259tl\u0259r t\u0259tbiq edib.<\/p>\n\n\n\n<p>\u00d6lk\u0259d\u0259 qeyri-qanuni miqrasiyan\u0131 f\u00f6vq\u0259lad\u0259 v\u0259ziyy\u0259t kimi elan ed\u0259n Tramp s\u0259rh\u0259dd\u0259 divar \u00e7\u0259kilm\u0259si, miqrantlar \u00fc\u00e7\u00fcn m\u00fcv\u0259qq\u0259ti saxlanma yerl\u0259rinin yarad\u0131lmas\u0131 v\u0259 onlar\u0131n geri g\u00f6nd\u0259rilm\u0259sin\u0259 Pentaqonun d\u0259st\u0259k g\u00f6st\u0259rm\u0259si tap\u015f\u0131r\u0131\u011f\u0131n\u0131 verib. Prezident, h\u0259m\u00e7inin ehtiyac duyuldu\u011fu t\u0259qdird\u0259 s\u0259rh\u0259d\u0259 ordu g\u00f6nd\u0259rilm\u0259sin\u0259 dair m\u00fcdafi\u0259 nazirin\u0259 s\u0259lahiyy\u0259t verib.<\/p>\n","protected":false},"excerpt":{"rendered":"<p>AB\u015e \u0259razisind\u0259 \u00fcmimilikd\u0259 1.5 milyondan \u00e7ox qanunsuz miqrant var AB\u015e &#8230; <\/p>\n<p class=\"read-more-container\"><a title=\"709 n\u0259f\u0259r Az\u0259rbaycan v\u0259t\u0259nda\u015f\u0131n\u0131n AB\u015e-d\u0259n deportasiya edil\u0259c\u0259yi g\u00f6zl\u0259nilir\" class=\"read-more button\" href=\"https:\/\/www.meydan.tv\/az\/article\/709-n%c9%99f%c9%99r-az%c9%99rbaycan-v%c9%99t%c9%99ndasinin-abs-d%c9%99n-deportasiya-edil%c9%99c%c9%99yi-gozl%c9%99nilir\/#more-325467\" aria-label=\"Read more about 709 n\u0259f\u0259r Az\u0259rbaycan v\u0259t\u0259nda\u015f\u0131n\u0131n AB\u015e-d\u0259n deportasiya edil\u0259c\u0259yi g\u00f6zl\u0259nilir\">Davam\u0131<\/a><\/p>\n","protected":false},"author":21,"featured_media":128186,"comment_status":"closed","ping_status":"closed","sticky":false,"template":"","format":"standard","meta":{"_acf_changed":false,"_sitemap_exclude":false,"_sitemap_priority":"","_sitemap_frequency":"","footnotes":""},"categories":[59,56],"tags":[],"class_list":["post-325467","post","type-post","status-publish","format-standard","has-post-thumbnail","hentry","category-siyaset","category-xeberler","infinite-scroll-item","generate-columns","tablet-grid-50","mobile-grid-100","grid-parent","grid-33","no-featured-image-padding"],"acf":[],"yoast_head":"<!-- This site is optimized with the Yoast SEO plugin v27.5 - https:\/\/yoast.com\/product\/yoast-seo-wordpress\/ -->\n<title>709 n\u0259f\u0259r Az\u0259rbaycan v\u0259t\u0259nda\u015f\u0131n\u0131n AB\u015e-d\u0259n deportasiya edil\u0259c\u0259yi g\u00f6zl\u0259nilir - MEYDAN.TV<\/title>\n<meta name=\"robots\" content=\"index, follow, max-snippet:-1, max-image-preview:large, max-video-preview:-1\" \/>\n<link rel=\"canonical\" href=\"https:\/\/www.meydan.tv\/az\/article\/709-n%c9%99f%c9%99r-az%c9%99rbaycan-v%c9%99t%c9%99ndasinin-abs-d%c9%99n-deportasiya-edil%c9%99c%c9%99yi-gozl%c9%99nilir\/\" \/>\n<meta property=\"og:locale\" content=\"az_AZ\" \/>\n<meta property=\"og:type\" content=\"article\" \/>\n<meta property=\"og:title\" content=\"709 n\u0259f\u0259r Az\u0259rbaycan v\u0259t\u0259nda\u015f\u0131n\u0131n AB\u015e-d\u0259n deportasiya edil\u0259c\u0259yi g\u00f6zl\u0259nilir - MEYDAN.TV\" \/>\n<meta property=\"og:description\" content=\"AB\u015e \u0259razisind\u0259 \u00fcmimilikd\u0259 1.5 milyondan \u00e7ox qanunsuz miqrant var AB\u015e ... Davam\u0131\" \/>\n<meta property=\"og:url\" content=\"https:\/\/www.meydan.tv\/az\/article\/709-n%c9%99f%c9%99r-az%c9%99rbaycan-v%c9%99t%c9%99ndasinin-abs-d%c9%99n-deportasiya-edil%c9%99c%c9%99yi-gozl%c9%99nilir\/\" \/>\n<meta property=\"og:site_name\" content=\"MEYDAN.TV\" \/>\n<meta property=\"article:published_time\" content=\"2025-01-29T15:36:04+00:00\" \/>\n<meta property=\"article:modified_time\" content=\"2025-01-29T15:36:07+00:00\" \/>\n<meta property=\"og:image\" content=\"https:\/\/www.meydan.tv\/wp-content\/uploads\/66e51ce3-ee62-4431-b34e-fbab6eac6f81.jpeg\" \/>\n\t<meta property=\"og:image:width\" content=\"1100\" \/>\n\t<meta property=\"og:image:height\" content=\"733\" \/>\n\t<meta property=\"og:image:type\" content=\"image\/jpeg\" \/>\n<meta name=\"author\" content=\"mahmud\" \/>\n<meta name=\"twitter:card\" content=\"summary_large_image\" \/>\n<script type=\"application\/ld+json\" class=\"yoast-schema-graph\">{\"@context\":\"https:\\\/\\\/schema.org\",\"@graph\":[{\"@type\":\"Article\",\"@id\":\"https:\\\/\\\/www.meydan.tv\\\/az\\\/article\\\/709-n%c9%99f%c9%99r-az%c9%99rbaycan-v%c9%99t%c9%99ndasinin-abs-d%c9%99n-deportasiya-edil%c9%99c%c9%99yi-gozl%c9%99nilir\\\/#article\",\"isPartOf\":{\"@id\":\"https:\\\/\\\/www.meydan.tv\\\/az\\\/article\\\/709-n%c9%99f%c9%99r-az%c9%99rbaycan-v%c9%99t%c9%99ndasinin-abs-d%c9%99n-deportasiya-edil%c9%99c%c9%99yi-gozl%c9%99nilir\\\/\"},\"author\":{\"name\":\"mahmud\",\"@id\":\"https:\\\/\\\/www.meydan.tv\\\/az\\\/#\\\/schema\\\/person\\\/09863e516102a829e72bedcf3f84c6b0\"},\"headline\":\"709 n\u0259f\u0259r Az\u0259rbaycan v\u0259t\u0259nda\u015f\u0131n\u0131n AB\u015e-d\u0259n deportasiya edil\u0259c\u0259yi g\u00f6zl\u0259nilir\",\"datePublished\":\"2025-01-29T15:36:04+00:00\",\"dateModified\":\"2025-01-29T15:36:07+00:00\",\"mainEntityOfPage\":{\"@id\":\"https:\\\/\\\/www.meydan.tv\\\/az\\\/article\\\/709-n%c9%99f%c9%99r-az%c9%99rbaycan-v%c9%99t%c9%99ndasinin-abs-d%c9%99n-deportasiya-edil%c9%99c%c9%99yi-gozl%c9%99nilir\\\/\"},\"wordCount\":334,\"publisher\":{\"@id\":\"https:\\\/\\\/www.meydan.tv\\\/az\\\/#organization\"},\"image\":{\"@id\":\"https:\\\/\\\/www.meydan.tv\\\/az\\\/article\\\/709-n%c9%99f%c9%99r-az%c9%99rbaycan-v%c9%99t%c9%99ndasinin-abs-d%c9%99n-deportasiya-edil%c9%99c%c9%99yi-gozl%c9%99nilir\\\/#primaryimage\"},\"thumbnailUrl\":\"https:\\\/\\\/www.meydan.tv\\\/wp-content\\\/uploads\\\/66e51ce3-ee62-4431-b34e-fbab6eac6f81.jpeg\",\"articleSection\":[\"Siyas\u0259t\",\"X\u0259b\u0259rl\u0259r\"],\"inLanguage\":\"az\"},{\"@type\":\"WebPage\",\"@id\":\"https:\\\/\\\/www.meydan.tv\\\/az\\\/article\\\/709-n%c9%99f%c9%99r-az%c9%99rbaycan-v%c9%99t%c9%99ndasinin-abs-d%c9%99n-deportasiya-edil%c9%99c%c9%99yi-gozl%c9%99nilir\\\/\",\"url\":\"https:\\\/\\\/www.meydan.tv\\\/az\\\/article\\\/709-n%c9%99f%c9%99r-az%c9%99rbaycan-v%c9%99t%c9%99ndasinin-abs-d%c9%99n-deportasiya-edil%c9%99c%c9%99yi-gozl%c9%99nilir\\\/\",\"name\":\"709 n\u0259f\u0259r Az\u0259rbaycan v\u0259t\u0259nda\u015f\u0131n\u0131n AB\u015e-d\u0259n deportasiya edil\u0259c\u0259yi g\u00f6zl\u0259nilir - MEYDAN.TV\",\"isPartOf\":{\"@id\":\"https:\\\/\\\/www.meydan.tv\\\/az\\\/#website\"},\"primaryImageOfPage\":{\"@id\":\"https:\\\/\\\/www.meydan.tv\\\/az\\\/article\\\/709-n%c9%99f%c9%99r-az%c9%99rbaycan-v%c9%99t%c9%99ndasinin-abs-d%c9%99n-deportasiya-edil%c9%99c%c9%99yi-gozl%c9%99nilir\\\/#primaryimage\"},\"image\":{\"@id\":\"https:\\\/\\\/www.meydan.tv\\\/az\\\/article\\\/709-n%c9%99f%c9%99r-az%c9%99rbaycan-v%c9%99t%c9%99ndasinin-abs-d%c9%99n-deportasiya-edil%c9%99c%c9%99yi-gozl%c9%99nilir\\\/#primaryimage\"},\"thumbnailUrl\":\"https:\\\/\\\/www.meydan.tv\\\/wp-content\\\/uploads\\\/66e51ce3-ee62-4431-b34e-fbab6eac6f81.jpeg\",\"datePublished\":\"2025-01-29T15:36:04+00:00\",\"dateModified\":\"2025-01-29T15:36:07+00:00\",\"breadcrumb\":{\"@id\":\"https:\\\/\\\/www.meydan.tv\\\/az\\\/article\\\/709-n%c9%99f%c9%99r-az%c9%99rbaycan-v%c9%99t%c9%99ndasinin-abs-d%c9%99n-deportasiya-edil%c9%99c%c9%99yi-gozl%c9%99nilir\\\/#breadcrumb\"},\"inLanguage\":\"az\",\"potentialAction\":[{\"@type\":\"ReadAction\",\"target\":[\"https:\\\/\\\/www.meydan.tv\\\/az\\\/article\\\/709-n%c9%99f%c9%99r-az%c9%99rbaycan-v%c9%99t%c9%99ndasinin-abs-d%c9%99n-deportasiya-edil%c9%99c%c9%99yi-gozl%c9%99nilir\\\/\"]}]},{\"@type\":\"ImageObject\",\"inLanguage\":\"az\",\"@id\":\"https:\\\/\\\/www.meydan.tv\\\/az\\\/article\\\/709-n%c9%99f%c9%99r-az%c9%99rbaycan-v%c9%99t%c9%99ndasinin-abs-d%c9%99n-deportasiya-edil%c9%99c%c9%99yi-gozl%c9%99nilir\\\/#primaryimage\",\"url\":\"https:\\\/\\\/www.meydan.tv\\\/wp-content\\\/uploads\\\/66e51ce3-ee62-4431-b34e-fbab6eac6f81.jpeg\",\"contentUrl\":\"https:\\\/\\\/www.meydan.tv\\\/wp-content\\\/uploads\\\/66e51ce3-ee62-4431-b34e-fbab6eac6f81.jpeg\",\"width\":1100,\"height\":733,\"caption\":\"Miqrasiya. Source: arxiv\"},{\"@type\":\"BreadcrumbList\",\"@id\":\"https:\\\/\\\/www.meydan.tv\\\/az\\\/article\\\/709-n%c9%99f%c9%99r-az%c9%99rbaycan-v%c9%99t%c9%99ndasinin-abs-d%c9%99n-deportasiya-edil%c9%99c%c9%99yi-gozl%c9%99nilir\\\/#breadcrumb\",\"itemListElement\":[{\"@type\":\"ListItem\",\"position\":1,\"name\":\"Ana s\u0259hif\u0259\",\"item\":\"https:\\\/\\\/www.meydan.tv\\\/az\\\/\"},{\"@type\":\"ListItem\",\"position\":2,\"name\":\"Siyas\u0259t\",\"item\":\"https:\\\/\\\/www.meydan.tv\\\/az\\\/section\\\/siyaset\\\/\"},{\"@type\":\"ListItem\",\"position\":3,\"name\":\"709 n\u0259f\u0259r Az\u0259rbaycan v\u0259t\u0259nda\u015f\u0131n\u0131n AB\u015e-d\u0259n deportasiya edil\u0259c\u0259yi g\u00f6zl\u0259nilir\"}]},{\"@type\":\"WebSite\",\"@id\":\"https:\\\/\\\/www.meydan.tv\\\/az\\\/#website\",\"url\":\"https:\\\/\\\/www.meydan.tv\\\/az\\\/\",\"name\":\"MEYDAN.TV\",\"description\":\"Meydan TV Az\u0259rbaycan\u0131n media m\u0259kan\u0131ndak\u0131 alternativ s\u0259sidir\",\"publisher\":{\"@id\":\"https:\\\/\\\/www.meydan.tv\\\/az\\\/#organization\"},\"potentialAction\":[{\"@type\":\"SearchAction\",\"target\":{\"@type\":\"EntryPoint\",\"urlTemplate\":\"https:\\\/\\\/www.meydan.tv\\\/az\\\/?s={search_term_string}\"},\"query-input\":{\"@type\":\"PropertyValueSpecification\",\"valueRequired\":true,\"valueName\":\"search_term_string\"}}],\"inLanguage\":\"az\"},{\"@type\":\"Organization\",\"@id\":\"https:\\\/\\\/www.meydan.tv\\\/az\\\/#organization\",\"name\":\"Meydan TV\",\"url\":\"https:\\\/\\\/www.meydan.tv\\\/az\\\/\",\"logo\":{\"@type\":\"ImageObject\",\"inLanguage\":\"az\",\"@id\":\"https:\\\/\\\/www.meydan.tv\\\/az\\\/#\\\/schema\\\/logo\\\/image\\\/\",\"url\":\"https:\\\/\\\/www.meydan.tv\\\/wp-content\\\/uploads\\\/2021\\\/07\\\/meydan-logo.svg\",\"contentUrl\":\"https:\\\/\\\/www.meydan.tv\\\/wp-content\\\/uploads\\\/2021\\\/07\\\/meydan-logo.svg\",\"width\":195,\"height\":46,\"caption\":\"Meydan TV\"},\"image\":{\"@id\":\"https:\\\/\\\/www.meydan.tv\\\/az\\\/#\\\/schema\\\/logo\\\/image\\\/\"}},{\"@type\":\"Person\",\"@id\":\"https:\\\/\\\/www.meydan.tv\\\/az\\\/#\\\/schema\\\/person\\\/09863e516102a829e72bedcf3f84c6b0\",\"name\":\"mahmud\"}]}<\/script>\n<!-- \/ Yoast SEO plugin. -->","yoast_head_json":{"title":"709 n\u0259f\u0259r Az\u0259rbaycan v\u0259t\u0259nda\u015f\u0131n\u0131n AB\u015e-d\u0259n deportasiya edil\u0259c\u0259yi g\u00f6zl\u0259nilir - MEYDAN.TV","robots":{"index":"index","follow":"follow","max-snippet":"max-snippet:-1","max-image-preview":"max-image-preview:large","max-video-preview":"max-video-preview:-1"},"canonical":"https:\/\/www.meydan.tv\/az\/article\/709-n%c9%99f%c9%99r-az%c9%99rbaycan-v%c9%99t%c9%99ndasinin-abs-d%c9%99n-deportasiya-edil%c9%99c%c9%99yi-gozl%c9%99nilir\/","og_locale":"az_AZ","og_type":"article","og_title":"709 n\u0259f\u0259r Az\u0259rbaycan v\u0259t\u0259nda\u015f\u0131n\u0131n AB\u015e-d\u0259n deportasiya edil\u0259c\u0259yi g\u00f6zl\u0259nilir - MEYDAN.TV","og_description":"AB\u015e \u0259razisind\u0259 \u00fcmimilikd\u0259 1.5 milyondan \u00e7ox qanunsuz miqrant var AB\u015e ... Davam\u0131","og_url":"https:\/\/www.meydan.tv\/az\/article\/709-n%c9%99f%c9%99r-az%c9%99rbaycan-v%c9%99t%c9%99ndasinin-abs-d%c9%99n-deportasiya-edil%c9%99c%c9%99yi-gozl%c9%99nilir\/","og_site_name":"MEYDAN.TV","article_published_time":"2025-01-29T15:36:04+00:00","article_modified_time":"2025-01-29T15:36:07+00:00","og_image":[{"width":1100,"height":733,"url":"https:\/\/www.meydan.tv\/wp-content\/uploads\/66e51ce3-ee62-4431-b34e-fbab6eac6f81.jpeg","type":"image\/jpeg"}],"author":"mahmud","twitter_card":"summary_large_image","schema":{"@context":"https:\/\/schema.org","@graph":[{"@type":"Article","@id":"https:\/\/www.meydan.tv\/az\/article\/709-n%c9%99f%c9%99r-az%c9%99rbaycan-v%c9%99t%c9%99ndasinin-abs-d%c9%99n-deportasiya-edil%c9%99c%c9%99yi-gozl%c9%99nilir\/#article","isPartOf":{"@id":"https:\/\/www.meydan.tv\/az\/article\/709-n%c9%99f%c9%99r-az%c9%99rbaycan-v%c9%99t%c9%99ndasinin-abs-d%c9%99n-deportasiya-edil%c9%99c%c9%99yi-gozl%c9%99nilir\/"},"author":{"name":"mahmud","@id":"https:\/\/www.meydan.tv\/az\/#\/schema\/person\/09863e516102a829e72bedcf3f84c6b0"},"headline":"709 n\u0259f\u0259r Az\u0259rbaycan v\u0259t\u0259nda\u015f\u0131n\u0131n AB\u015e-d\u0259n deportasiya edil\u0259c\u0259yi g\u00f6zl\u0259nilir","datePublished":"2025-01-29T15:36:04+00:00","dateModified":"2025-01-29T15:36:07+00:00","mainEntityOfPage":{"@id":"https:\/\/www.meydan.tv\/az\/article\/709-n%c9%99f%c9%99r-az%c9%99rbaycan-v%c9%99t%c9%99ndasinin-abs-d%c9%99n-deportasiya-edil%c9%99c%c9%99yi-gozl%c9%99nilir\/"},"wordCount":334,"publisher":{"@id":"https:\/\/www.meydan.tv\/az\/#organization"},"image":{"@id":"https:\/\/www.meydan.tv\/az\/article\/709-n%c9%99f%c9%99r-az%c9%99rbaycan-v%c9%99t%c9%99ndasinin-abs-d%c9%99n-deportasiya-edil%c9%99c%c9%99yi-gozl%c9%99nilir\/#primaryimage"},"thumbnailUrl":"https:\/\/www.meydan.tv\/wp-content\/uploads\/66e51ce3-ee62-4431-b34e-fbab6eac6f81.jpeg","articleSection":["Siyas\u0259t","X\u0259b\u0259rl\u0259r"],"inLanguage":"az"},{"@type":"WebPage","@id":"https:\/\/www.meydan.tv\/az\/article\/709-n%c9%99f%c9%99r-az%c9%99rbaycan-v%c9%99t%c9%99ndasinin-abs-d%c9%99n-deportasiya-edil%c9%99c%c9%99yi-gozl%c9%99nilir\/","url":"https:\/\/www.meydan.tv\/az\/article\/709-n%c9%99f%c9%99r-az%c9%99rbaycan-v%c9%99t%c9%99ndasinin-abs-d%c9%99n-deportasiya-edil%c9%99c%c9%99yi-gozl%c9%99nilir\/","name":"709 n\u0259f\u0259r Az\u0259rbaycan v\u0259t\u0259nda\u015f\u0131n\u0131n AB\u015e-d\u0259n deportasiya edil\u0259c\u0259yi g\u00f6zl\u0259nilir - MEYDAN.TV","isPartOf":{"@id":"https:\/\/www.meydan.tv\/az\/#website"},"primaryImageOfPage":{"@id":"https:\/\/www.meydan.tv\/az\/article\/709-n%c9%99f%c9%99r-az%c9%99rbaycan-v%c9%99t%c9%99ndasinin-abs-d%c9%99n-deportasiya-edil%c9%99c%c9%99yi-gozl%c9%99nilir\/#primaryimage"},"image":{"@id":"https:\/\/www.meydan.tv\/az\/article\/709-n%c9%99f%c9%99r-az%c9%99rbaycan-v%c9%99t%c9%99ndasinin-abs-d%c9%99n-deportasiya-edil%c9%99c%c9%99yi-gozl%c9%99nilir\/#primaryimage"},"thumbnailUrl":"https:\/\/www.meydan.tv\/wp-content\/uploads\/66e51ce3-ee62-4431-b34e-fbab6eac6f81.jpeg","datePublished":"2025-01-29T15:36:04+00:00","dateModified":"2025-01-29T15:36:07+00:00","breadcrumb":{"@id":"https:\/\/www.meydan.tv\/az\/article\/709-n%c9%99f%c9%99r-az%c9%99rbaycan-v%c9%99t%c9%99ndasinin-abs-d%c9%99n-deportasiya-edil%c9%99c%c9%99yi-gozl%c9%99nilir\/#breadcrumb"},"inLanguage":"az","potentialAction":[{"@type":"ReadAction","target":["https:\/\/www.meydan.tv\/az\/article\/709-n%c9%99f%c9%99r-az%c9%99rbaycan-v%c9%99t%c9%99ndasinin-abs-d%c9%99n-deportasiya-edil%c9%99c%c9%99yi-gozl%c9%99nilir\/"]}]},{"@type":"ImageObject","inLanguage":"az","@id":"https:\/\/www.meydan.tv\/az\/article\/709-n%c9%99f%c9%99r-az%c9%99rbaycan-v%c9%99t%c9%99ndasinin-abs-d%c9%99n-deportasiya-edil%c9%99c%c9%99yi-gozl%c9%99nilir\/#primaryimage","url":"https:\/\/www.meydan.tv\/wp-content\/uploads\/66e51ce3-ee62-4431-b34e-fbab6eac6f81.jpeg","contentUrl":"https:\/\/www.meydan.tv\/wp-content\/uploads\/66e51ce3-ee62-4431-b34e-fbab6eac6f81.jpeg","width":1100,"height":733,"caption":"Miqrasiya. Source: arxiv"},{"@type":"BreadcrumbList","@id":"https:\/\/www.meydan.tv\/az\/article\/709-n%c9%99f%c9%99r-az%c9%99rbaycan-v%c9%99t%c9%99ndasinin-abs-d%c9%99n-deportasiya-edil%c9%99c%c9%99yi-gozl%c9%99nilir\/#breadcrumb","itemListElement":[{"@type":"ListItem","position":1,"name":"Ana s\u0259hif\u0259","item":"https:\/\/www.meydan.tv\/az\/"},{"@type":"ListItem","position":2,"name":"Siyas\u0259t","item":"https:\/\/www.meydan.tv\/az\/section\/siyaset\/"},{"@type":"ListItem","position":3,"name":"709 n\u0259f\u0259r Az\u0259rbaycan v\u0259t\u0259nda\u015f\u0131n\u0131n AB\u015e-d\u0259n deportasiya edil\u0259c\u0259yi g\u00f6zl\u0259nilir"}]},{"@type":"WebSite","@id":"https:\/\/www.meydan.tv\/az\/#website","url":"https:\/\/www.meydan.tv\/az\/","name":"MEYDAN.TV","description":"Meydan TV Az\u0259rbaycan\u0131n media m\u0259kan\u0131ndak\u0131 alternativ s\u0259sidir","publisher":{"@id":"https:\/\/www.meydan.tv\/az\/#organization"},"potentialAction":[{"@type":"SearchAction","target":{"@type":"EntryPoint","urlTemplate":"https:\/\/www.meydan.tv\/az\/?s={search_term_string}"},"query-input":{"@type":"PropertyValueSpecification","valueRequired":true,"valueName":"search_term_string"}}],"inLanguage":"az"},{"@type":"Organization","@id":"https:\/\/www.meydan.tv\/az\/#organization","name":"Meydan TV","url":"https:\/\/www.meydan.tv\/az\/","logo":{"@type":"ImageObject","inLanguage":"az","@id":"https:\/\/www.meydan.tv\/az\/#\/schema\/logo\/image\/","url":"https:\/\/www.meydan.tv\/wp-content\/uploads\/2021\/07\/meydan-logo.svg","contentUrl":"https:\/\/www.meydan.tv\/wp-content\/uploads\/2021\/07\/meydan-logo.svg","width":195,"height":46,"caption":"Meydan TV"},"image":{"@id":"https:\/\/www.meydan.tv\/az\/#\/schema\/logo\/image\/"}},{"@type":"Person","@id":"https:\/\/www.meydan.tv\/az\/#\/schema\/person\/09863e516102a829e72bedcf3f84c6b0","name":"mahmud"}]}},"_links":{"self":[{"href":"https:\/\/www.meydan.tv\/az\/wp-json\/wp\/v2\/posts\/325467","targetHints":{"allow":["GET"]}}],"collection":[{"href":"https:\/\/www.meydan.tv\/az\/wp-json\/wp\/v2\/posts"}],"about":[{"href":"https:\/\/www.meydan.tv\/az\/wp-json\/wp\/v2\/types\/post"}],"author":[{"embeddable":true,"href":"https:\/\/www.meydan.tv\/az\/wp-json\/wp\/v2\/users\/21"}],"replies":[{"embeddable":true,"href":"https:\/\/www.meydan.tv\/az\/wp-json\/wp\/v2\/comments?post=325467"}],"version-history":[{"count":1,"href":"https:\/\/www.meydan.tv\/az\/wp-json\/wp\/v2\/posts\/325467\/revisions"}],"predecessor-version":[{"id":325468,"href":"https:\/\/www.meydan.tv\/az\/wp-json\/wp\/v2\/posts\/325467\/revisions\/325468"}],"wp:featuredmedia":[{"embeddable":true,"href":"https:\/\/www.meydan.tv\/az\/wp-json\/wp\/v2\/media\/128186"}],"wp:attachment":[{"href":"https:\/\/www.meydan.tv\/az\/wp-json\/wp\/v2\/media?parent=325467"}],"wp:term":[{"taxonomy":"category","embeddable":true,"href":"https:\/\/www.meydan.tv\/az\/wp-json\/wp\/v2\/categories?post=325467"},{"taxonomy":"post_tag","embeddable":true,"href":"https:\/\/www.meydan.tv\/az\/wp-json\/wp\/v2\/tags?post=325467"}],"curies":[{"name":"wp","href":"https:\/\/api.w.org\/{rel}","templated":true}]}}