{"id":325432,"date":"2025-01-29T15:37:36","date_gmt":"2025-01-29T11:37:36","guid":{"rendered":"https:\/\/www.meydan.tv\/?p=325432"},"modified":"2025-01-29T15:37:39","modified_gmt":"2025-01-29T11:37:39","slug":"rusiyanin-rus-evi-m%c9%99d%c9%99niyy%c9%99t-m%c9%99rk%c9%99zi-baku-tv-ni-m%c9%99hk%c9%99m%c9%99-il%c9%99-h%c9%99d%c9%99l%c9%99yir","status":"publish","type":"post","link":"https:\/\/www.meydan.tv\/az\/article\/rusiyanin-rus-evi-m%c9%99d%c9%99niyy%c9%99t-m%c9%99rk%c9%99zi-baku-tv-ni-m%c9%99hk%c9%99m%c9%99-il%c9%99-h%c9%99d%c9%99l%c9%99yir\/","title":{"rendered":"Rusiyan\u0131n \u201cRus Evi\u201d m\u0259d\u0259niyy\u0259t m\u0259rk\u0259zi \u201cBaku TV\u201d-ni m\u0259hk\u0259m\u0259 il\u0259 h\u0259d\u0259l\u0259yir"},"content":{"rendered":"\n<p><\/p>\n\n\n\n<p><strong><em>M\u0259rk\u0259zin r\u0259hb\u0259ri Yevgeni Primakov bununla ba\u011fl\u0131 yaz\u0131b<\/em><\/strong><\/p>\n\n\n\n<p>Rusiyan\u0131n \u201cRus Evi\u201d m\u0259d\u0259niyy\u0259t m\u0259rk\u0259zi Az\u0259rbaycan\u0131n hakimiyy\u0259ty\u00f6nl\u00fc telekanal\u0131 \u201cBaku TV\u201d-ni bu m\u0259rk\u0259zl\u0259 ba\u011fl\u0131 yay\u0131mlanan reportaja g\u00f6r\u0259 m\u0259hk\u0259m\u0259y\u0259 ver\u0259c\u0259k.<\/p>\n\n\n\n<p>M\u0259rk\u0259zin r\u0259hb\u0259ri Yevgeni Primakov bununla ba\u011fl\u0131 \u201cTelegram\u201d kanal\u0131nda <a href=\"https:\/\/web.telegram.org\/a\/#-1001486508046\" target=\"_blank\" rel=\"noreferrer noopener\">yaz\u0131b<\/a>.<\/p>\n\n\n\n<p><em>\u201cHans\u0131sa q\u0131z\u0131n Az\u0259rbaycan\u0131n \u201cBaku TV\u201d leybl\u0131 il\u0259 m\u0259nfur reportaj\u0131 \u2013 st\u0259ndap\u0131 il\u0259 tan\u0131\u015f oldum. Reportaj bizim Az\u0259rbaycandak\u0131 M\u0259d\u0259niyy\u0259t M\u0259rk\u0259zinin giri\u015find\u0259, \u201cRus Evi\u201d l\u00f6vh\u0259sinin qar\u015f\u0131s\u0131nda \u00e7\u0259kilib. Reportajda q\u0131z utanmadan\u00a0 yalandan deyir ki, bura casuslar v\u0259 separat\u00e7\u0131lar yuvas\u0131d\u0131r. M\u0259n\u0259 m\u0259lum oldu\u011fu q\u0259d\u0259ril\u0259, \u201cBaku TV\u201d Az\u0259rbaycan h\u00f6kum\u0259ti t\u0259r\u0259find\u0259n maliyy\u0259l\u0259\u015fdirilir. Bazar ert\u0259si biz i\u015fg\u00fczar n\u00fcfuzun qorunmas\u0131 bar\u0259d\u0259 m\u0259hk\u0259m\u0259 iddias\u0131 haz\u0131rlayaca\u011f\u0131q. M\u0259n Az\u0259rbaycan h\u00f6kum\u0259tinin maliyy\u0259l\u0259\u015fdirdiyi k\u00fctl\u0259vi informasiya vasit\u0259sind\u0259n bu b\u00f6htan v\u0259 yalana dair t\u0259kzibedilm\u0259z s\u00fcbutlar\u0131 e\u015fitm\u0259k ist\u0259yir\u0259m. Yaxud da t\u0259kzib v\u0259 \u00fczrxahl\u0131q etsinl\u0259r&#8221;,<\/em> &#8211; Yevgeni Primakov yaz\u0131b.<\/p>\n\n\n\n<p>O, xat\u0131rlad\u0131b ki, Az\u0259rbaycandak\u0131 Rusiya M\u0259d\u0259niyy\u0259t M\u0259rk\u0259zi iki \u00f6lk\u0259 aras\u0131nda h\u00f6kum\u0259tl\u0259raras\u0131 sazi\u015f \u0259sas\u0131nda f\u0259aliyy\u0259t g\u00f6st\u0259rir v\u0259 m\u00fcst\u0259sna olaraq, t\u0259hsil, m\u0259d\u0259niyy\u0259t v\u0259 elml\u0259 m\u0259\u015f\u011fuldur.<\/p>\n\n\n\n<p><em>\u201c\u0130ndi, qoy, \u201cBaku TV\u201d s\u00fcbut etsin ki, bu, casus f\u0259aliyy\u0259tidir v\u0259 ya hans\u0131sa bir \u015f\u0259kild\u0259 qanunsuzdur<\/em>\u201d, &#8211; Primakov deyib.<\/p>\n\n\n\n<p>Rusiya Federasiyas\u0131 humanitar \u0259laq\u0259l\u0259r \u00fczr\u0259 D\u00f6vl\u0259t Agentliyi (\u201cRossotrudni\u00e7estvo\u201d) Rusiyan\u0131n apar\u0131c\u0131 agentliyidir.<\/p>\n\n\n\n<p>Agentliyin sayt\u0131nda deyilir ki, \u0259sas missiyas\u0131 Rusiyan\u0131n d\u00fcnyada humanitar t\u0259sirini g\u00fccl\u0259ndirm\u0259k olan t\u0259\u015fkilat d\u00fcnyan\u0131n 71 \u00f6lk\u0259sind\u0259 87 xarici n\u00fcmay\u0259nd\u0259lik il\u0259 t\u0259msil olunub.<\/p>\n\n\n\n<p>Rusiya Federasiyas\u0131 humanitar \u0259laq\u0259l\u0259r \u00fczr\u0259 D\u00f6vl\u0259t Agentliyi&nbsp; 2021-ci ild\u0259n \u201cRus Evi\u201d qeyri-r\u0259smi ad\u0131n\u0131 al\u0131b.<\/p>\n\n\n\n<p>Yanvar\u0131n 24-d\u0259 hakimiyy\u0259ty\u00f6nl\u00fc \u201cBaku TV\u201d peyk telekanal\u0131nda Bak\u0131da yerl\u0259\u015f\u0259n \u201cRus Evi\u201d m\u0259d\u0259niyy\u0259t m\u0259rk\u0259zi il\u0259 ba\u011fl\u0131 <a href=\"https:\/\/www.youtube.com\/watch?v=UA93oDdrwG8\" target=\"_blank\" rel=\"noreferrer noopener\">reportaj<\/a> verilib.<\/p>\n\n\n\n<p>\u201cRus Evi, yoxsa daha \u00e7ox rus k\u0259\u015ffiyyat\u0131 evi\u201d adl\u0131 s\u00fcjetd\u0259 bu qurumun f\u0259aliyy\u0259ti il\u0259 ba\u011fl\u0131 bir s\u0131ra iddialar s\u0259sl\u0259ndirilib.<\/p>\n\n\n\n<p>Reportajdan bir ne\u00e7\u0259 g\u00fcn sonra, yanvar\u0131n 27-d\u0259 Az\u0259rbaycan\u0131n Rusiyadak\u0131 s\u0259firi R\u0259hman Mustafayev bu \u00f6lk\u0259nin Xarici \u0130\u015fl\u0259r Nazirliyin\u0259 (X\u0130N) \u00e7a\u011f\u0131r\u0131l\u0131b.<\/p>\n\n\n\n<p>G\u00f6r\u00fc\u015f zaman\u0131 Rusiyan\u0131n xarici i\u015fl\u0259r nazirinin m\u00fcavini Mixail Qaluzin R\u0259hman Mustafayev\u0259 Az\u0259rbaycan m\u0259tbuat\u0131nda son vaxtlar Rusiya \u0259leyhin\u0259 olan silsil\u0259 yaz\u0131lar, el\u0259c\u0259 d\u0259 Bak\u0131da \u201cRus Evi\u201dn\u0259 qar\u015f\u0131 apar\u0131lan dezinformasiya kampaniyas\u0131 il\u0259 ba\u011fl\u0131 t\u0259\u0259cc\u00fcb <a href=\"https:\/\/storage.googleapis.com\/qurium\/www.meydan.tv\/az-article-az%c9%99rbaycanin-s%c9%99firi-rusiya-xarici-isl%c9%99r-nazirliyin%c9%99-cagirilib.html\" target=\"_blank\" rel=\"noreferrer noopener\">ifad\u0259 edib<\/a>.<\/p>\n\n\n\n<p>Bir g\u00fcn sonra is\u0259,\u00a0 yanvar\u0131n 28-d\u0259 Rusiyan\u0131n Az\u0259rbaycandak\u0131 s\u0259firi Mixail Yevdokimov Xarici \u0130\u015fl\u0259r Nazirliyin\u0259 <a href=\"https:\/\/turan.az\/az\/siyaset\/rusiya-sefiri-azerbaycan-xarici-isler-nazirliyine-devet-edilib-789828\" target=\"_blank\" rel=\"noreferrer noopener\">d\u0259v\u0259t olunub<\/a>.  Az\u0259rbaycan Xarici \u0130\u015fl\u0259r Nazirliyinin m\u0259lumat\u0131na g\u00f6r\u0259, g\u00f6r\u00fc\u015f zaman\u0131, Rusiya m\u0259tbuat\u0131nda, el\u0259c\u0259 d\u0259 Rusiyan\u0131n b\u0259zi r\u0259smi dair\u0259l\u0259ri t\u0259r\u0259find\u0259n dezinformasiya xarakterli v\u0259 Az\u0259rbaycan\u0131 h\u0259d\u0259f alan yaz\u0131lar\u0131n d\u0259rc olunmas\u0131 v\u0259 reportajlar\u0131n yay\u0131mlanmas\u0131n\u0131n anla\u015f\u0131lmazl\u0131q yaratd\u0131\u011f\u0131, bunun Az\u0259rbaycan v\u0259 Rusiya aras\u0131nda M\u00fctt\u0259fiqlik qar\u015f\u0131l\u0131ql\u0131 f\u0259aliyy\u0259ti haqq\u0131nda B\u0259yannam\u0259nin m\u0259zmun v\u0259 ruhuna zidd oldu\u011fu diqq\u0259t\u0259 \u00e7atd\u0131r\u0131l\u0131b.<\/p>\n\n\n\n<p><\/p>\n\n\n\n<p><\/p>\n","protected":false},"excerpt":{"rendered":"<p>M\u0259rk\u0259zin r\u0259hb\u0259ri Yevgeni Primakov bununla ba\u011fl\u0131 yaz\u0131b Rusiyan\u0131n \u201cRus Evi\u201d &#8230; <\/p>\n<p class=\"read-more-container\"><a title=\"Rusiyan\u0131n \u201cRus Evi\u201d m\u0259d\u0259niyy\u0259t m\u0259rk\u0259zi \u201cBaku TV\u201d-ni m\u0259hk\u0259m\u0259 il\u0259 h\u0259d\u0259l\u0259yir\" class=\"read-more button\" href=\"https:\/\/www.meydan.tv\/az\/article\/rusiyanin-rus-evi-m%c9%99d%c9%99niyy%c9%99t-m%c9%99rk%c9%99zi-baku-tv-ni-m%c9%99hk%c9%99m%c9%99-il%c9%99-h%c9%99d%c9%99l%c9%99yir\/#more-325432\" aria-label=\"Read more about Rusiyan\u0131n \u201cRus Evi\u201d m\u0259d\u0259niyy\u0259t m\u0259rk\u0259zi \u201cBaku TV\u201d-ni m\u0259hk\u0259m\u0259 il\u0259 h\u0259d\u0259l\u0259yir\">Davam\u0131<\/a><\/p>\n","protected":false},"author":21,"featured_media":238759,"comment_status":"closed","ping_status":"closed","sticky":false,"template":"","format":"standard","meta":{"_acf_changed":false,"_sitemap_exclude":false,"_sitemap_priority":"","_sitemap_frequency":"","footnotes":""},"categories":[59,56],"tags":[],"class_list":["post-325432","post","type-post","status-publish","format-standard","has-post-thumbnail","hentry","category-siyaset","category-xeberler","infinite-scroll-item","generate-columns","tablet-grid-50","mobile-grid-100","grid-parent","grid-33","no-featured-image-padding"],"acf":[],"yoast_head":"<!-- This site is optimized with the Yoast SEO plugin v27.5 - https:\/\/yoast.com\/product\/yoast-seo-wordpress\/ -->\n<title>Rusiyan\u0131n \u201cRus Evi\u201d m\u0259d\u0259niyy\u0259t m\u0259rk\u0259zi \u201cBaku TV\u201d-ni m\u0259hk\u0259m\u0259 il\u0259 h\u0259d\u0259l\u0259yir - MEYDAN.TV<\/title>\n<meta name=\"robots\" content=\"index, follow, max-snippet:-1, max-image-preview:large, max-video-preview:-1\" \/>\n<link rel=\"canonical\" href=\"https:\/\/www.meydan.tv\/az\/article\/rusiyanin-rus-evi-m%c9%99d%c9%99niyy%c9%99t-m%c9%99rk%c9%99zi-baku-tv-ni-m%c9%99hk%c9%99m%c9%99-il%c9%99-h%c9%99d%c9%99l%c9%99yir\/\" \/>\n<meta property=\"og:locale\" content=\"az_AZ\" \/>\n<meta property=\"og:type\" content=\"article\" \/>\n<meta property=\"og:title\" content=\"Rusiyan\u0131n \u201cRus Evi\u201d m\u0259d\u0259niyy\u0259t m\u0259rk\u0259zi \u201cBaku TV\u201d-ni m\u0259hk\u0259m\u0259 il\u0259 h\u0259d\u0259l\u0259yir - MEYDAN.TV\" \/>\n<meta property=\"og:description\" content=\"M\u0259rk\u0259zin r\u0259hb\u0259ri Yevgeni Primakov bununla ba\u011fl\u0131 yaz\u0131b Rusiyan\u0131n \u201cRus Evi\u201d ... Davam\u0131\" \/>\n<meta property=\"og:url\" content=\"https:\/\/www.meydan.tv\/az\/article\/rusiyanin-rus-evi-m%c9%99d%c9%99niyy%c9%99t-m%c9%99rk%c9%99zi-baku-tv-ni-m%c9%99hk%c9%99m%c9%99-il%c9%99-h%c9%99d%c9%99l%c9%99yir\/\" \/>\n<meta property=\"og:site_name\" content=\"MEYDAN.TV\" \/>\n<meta property=\"article:published_time\" content=\"2025-01-29T11:37:36+00:00\" \/>\n<meta property=\"article:modified_time\" content=\"2025-01-29T11:37:39+00:00\" \/>\n<meta property=\"og:image\" content=\"https:\/\/www.meydan.tv\/wp-content\/uploads\/shutterstock_2061756437.jpg\" \/>\n\t<meta property=\"og:image:width\" content=\"1200\" \/>\n\t<meta property=\"og:image:height\" content=\"675\" \/>\n\t<meta property=\"og:image:type\" content=\"image\/jpeg\" \/>\n<meta name=\"author\" content=\"mahmud\" \/>\n<meta name=\"twitter:card\" content=\"summary_large_image\" \/>\n<script type=\"application\/ld+json\" class=\"yoast-schema-graph\">{\"@context\":\"https:\\\/\\\/schema.org\",\"@graph\":[{\"@type\":\"Article\",\"@id\":\"https:\\\/\\\/www.meydan.tv\\\/az\\\/article\\\/rusiyanin-rus-evi-m%c9%99d%c9%99niyy%c9%99t-m%c9%99rk%c9%99zi-baku-tv-ni-m%c9%99hk%c9%99m%c9%99-il%c9%99-h%c9%99d%c9%99l%c9%99yir\\\/#article\",\"isPartOf\":{\"@id\":\"https:\\\/\\\/www.meydan.tv\\\/az\\\/article\\\/rusiyanin-rus-evi-m%c9%99d%c9%99niyy%c9%99t-m%c9%99rk%c9%99zi-baku-tv-ni-m%c9%99hk%c9%99m%c9%99-il%c9%99-h%c9%99d%c9%99l%c9%99yir\\\/\"},\"author\":{\"name\":\"mahmud\",\"@id\":\"https:\\\/\\\/www.meydan.tv\\\/az\\\/#\\\/schema\\\/person\\\/09863e516102a829e72bedcf3f84c6b0\"},\"headline\":\"Rusiyan\u0131n \u201cRus Evi\u201d m\u0259d\u0259niyy\u0259t m\u0259rk\u0259zi \u201cBaku TV\u201d-ni m\u0259hk\u0259m\u0259 il\u0259 h\u0259d\u0259l\u0259yir\",\"datePublished\":\"2025-01-29T11:37:36+00:00\",\"dateModified\":\"2025-01-29T11:37:39+00:00\",\"mainEntityOfPage\":{\"@id\":\"https:\\\/\\\/www.meydan.tv\\\/az\\\/article\\\/rusiyanin-rus-evi-m%c9%99d%c9%99niyy%c9%99t-m%c9%99rk%c9%99zi-baku-tv-ni-m%c9%99hk%c9%99m%c9%99-il%c9%99-h%c9%99d%c9%99l%c9%99yir\\\/\"},\"wordCount\":639,\"publisher\":{\"@id\":\"https:\\\/\\\/www.meydan.tv\\\/az\\\/#organization\"},\"image\":{\"@id\":\"https:\\\/\\\/www.meydan.tv\\\/az\\\/article\\\/rusiyanin-rus-evi-m%c9%99d%c9%99niyy%c9%99t-m%c9%99rk%c9%99zi-baku-tv-ni-m%c9%99hk%c9%99m%c9%99-il%c9%99-h%c9%99d%c9%99l%c9%99yir\\\/#primaryimage\"},\"thumbnailUrl\":\"https:\\\/\\\/www.meydan.tv\\\/wp-content\\\/uploads\\\/shutterstock_2061756437.jpg\",\"articleSection\":[\"Siyas\u0259t\",\"X\u0259b\u0259rl\u0259r\"],\"inLanguage\":\"az\"},{\"@type\":\"WebPage\",\"@id\":\"https:\\\/\\\/www.meydan.tv\\\/az\\\/article\\\/rusiyanin-rus-evi-m%c9%99d%c9%99niyy%c9%99t-m%c9%99rk%c9%99zi-baku-tv-ni-m%c9%99hk%c9%99m%c9%99-il%c9%99-h%c9%99d%c9%99l%c9%99yir\\\/\",\"url\":\"https:\\\/\\\/www.meydan.tv\\\/az\\\/article\\\/rusiyanin-rus-evi-m%c9%99d%c9%99niyy%c9%99t-m%c9%99rk%c9%99zi-baku-tv-ni-m%c9%99hk%c9%99m%c9%99-il%c9%99-h%c9%99d%c9%99l%c9%99yir\\\/\",\"name\":\"Rusiyan\u0131n \u201cRus Evi\u201d m\u0259d\u0259niyy\u0259t m\u0259rk\u0259zi \u201cBaku TV\u201d-ni m\u0259hk\u0259m\u0259 il\u0259 h\u0259d\u0259l\u0259yir - MEYDAN.TV\",\"isPartOf\":{\"@id\":\"https:\\\/\\\/www.meydan.tv\\\/az\\\/#website\"},\"primaryImageOfPage\":{\"@id\":\"https:\\\/\\\/www.meydan.tv\\\/az\\\/article\\\/rusiyanin-rus-evi-m%c9%99d%c9%99niyy%c9%99t-m%c9%99rk%c9%99zi-baku-tv-ni-m%c9%99hk%c9%99m%c9%99-il%c9%99-h%c9%99d%c9%99l%c9%99yir\\\/#primaryimage\"},\"image\":{\"@id\":\"https:\\\/\\\/www.meydan.tv\\\/az\\\/article\\\/rusiyanin-rus-evi-m%c9%99d%c9%99niyy%c9%99t-m%c9%99rk%c9%99zi-baku-tv-ni-m%c9%99hk%c9%99m%c9%99-il%c9%99-h%c9%99d%c9%99l%c9%99yir\\\/#primaryimage\"},\"thumbnailUrl\":\"https:\\\/\\\/www.meydan.tv\\\/wp-content\\\/uploads\\\/shutterstock_2061756437.jpg\",\"datePublished\":\"2025-01-29T11:37:36+00:00\",\"dateModified\":\"2025-01-29T11:37:39+00:00\",\"breadcrumb\":{\"@id\":\"https:\\\/\\\/www.meydan.tv\\\/az\\\/article\\\/rusiyanin-rus-evi-m%c9%99d%c9%99niyy%c9%99t-m%c9%99rk%c9%99zi-baku-tv-ni-m%c9%99hk%c9%99m%c9%99-il%c9%99-h%c9%99d%c9%99l%c9%99yir\\\/#breadcrumb\"},\"inLanguage\":\"az\",\"potentialAction\":[{\"@type\":\"ReadAction\",\"target\":[\"https:\\\/\\\/www.meydan.tv\\\/az\\\/article\\\/rusiyanin-rus-evi-m%c9%99d%c9%99niyy%c9%99t-m%c9%99rk%c9%99zi-baku-tv-ni-m%c9%99hk%c9%99m%c9%99-il%c9%99-h%c9%99d%c9%99l%c9%99yir\\\/\"]}]},{\"@type\":\"ImageObject\",\"inLanguage\":\"az\",\"@id\":\"https:\\\/\\\/www.meydan.tv\\\/az\\\/article\\\/rusiyanin-rus-evi-m%c9%99d%c9%99niyy%c9%99t-m%c9%99rk%c9%99zi-baku-tv-ni-m%c9%99hk%c9%99m%c9%99-il%c9%99-h%c9%99d%c9%99l%c9%99yir\\\/#primaryimage\",\"url\":\"https:\\\/\\\/www.meydan.tv\\\/wp-content\\\/uploads\\\/shutterstock_2061756437.jpg\",\"contentUrl\":\"https:\\\/\\\/www.meydan.tv\\\/wp-content\\\/uploads\\\/shutterstock_2061756437.jpg\",\"width\":1200,\"height\":675,\"caption\":\"Rusiya-Az\u0259rbaycan. Foto: GoodIdeas\\\/shutterstock\"},{\"@type\":\"BreadcrumbList\",\"@id\":\"https:\\\/\\\/www.meydan.tv\\\/az\\\/article\\\/rusiyanin-rus-evi-m%c9%99d%c9%99niyy%c9%99t-m%c9%99rk%c9%99zi-baku-tv-ni-m%c9%99hk%c9%99m%c9%99-il%c9%99-h%c9%99d%c9%99l%c9%99yir\\\/#breadcrumb\",\"itemListElement\":[{\"@type\":\"ListItem\",\"position\":1,\"name\":\"Ana s\u0259hif\u0259\",\"item\":\"https:\\\/\\\/www.meydan.tv\\\/az\\\/\"},{\"@type\":\"ListItem\",\"position\":2,\"name\":\"Siyas\u0259t\",\"item\":\"https:\\\/\\\/www.meydan.tv\\\/az\\\/section\\\/siyaset\\\/\"},{\"@type\":\"ListItem\",\"position\":3,\"name\":\"Rusiyan\u0131n \u201cRus Evi\u201d m\u0259d\u0259niyy\u0259t m\u0259rk\u0259zi \u201cBaku TV\u201d-ni m\u0259hk\u0259m\u0259 il\u0259 h\u0259d\u0259l\u0259yir\"}]},{\"@type\":\"WebSite\",\"@id\":\"https:\\\/\\\/www.meydan.tv\\\/az\\\/#website\",\"url\":\"https:\\\/\\\/www.meydan.tv\\\/az\\\/\",\"name\":\"MEYDAN.TV\",\"description\":\"Meydan TV Az\u0259rbaycan\u0131n media m\u0259kan\u0131ndak\u0131 alternativ s\u0259sidir\",\"publisher\":{\"@id\":\"https:\\\/\\\/www.meydan.tv\\\/az\\\/#organization\"},\"potentialAction\":[{\"@type\":\"SearchAction\",\"target\":{\"@type\":\"EntryPoint\",\"urlTemplate\":\"https:\\\/\\\/www.meydan.tv\\\/az\\\/?s={search_term_string}\"},\"query-input\":{\"@type\":\"PropertyValueSpecification\",\"valueRequired\":true,\"valueName\":\"search_term_string\"}}],\"inLanguage\":\"az\"},{\"@type\":\"Organization\",\"@id\":\"https:\\\/\\\/www.meydan.tv\\\/az\\\/#organization\",\"name\":\"Meydan TV\",\"url\":\"https:\\\/\\\/www.meydan.tv\\\/az\\\/\",\"logo\":{\"@type\":\"ImageObject\",\"inLanguage\":\"az\",\"@id\":\"https:\\\/\\\/www.meydan.tv\\\/az\\\/#\\\/schema\\\/logo\\\/image\\\/\",\"url\":\"https:\\\/\\\/www.meydan.tv\\\/wp-content\\\/uploads\\\/2021\\\/07\\\/meydan-logo.svg\",\"contentUrl\":\"https:\\\/\\\/www.meydan.tv\\\/wp-content\\\/uploads\\\/2021\\\/07\\\/meydan-logo.svg\",\"width\":195,\"height\":46,\"caption\":\"Meydan TV\"},\"image\":{\"@id\":\"https:\\\/\\\/www.meydan.tv\\\/az\\\/#\\\/schema\\\/logo\\\/image\\\/\"}},{\"@type\":\"Person\",\"@id\":\"https:\\\/\\\/www.meydan.tv\\\/az\\\/#\\\/schema\\\/person\\\/09863e516102a829e72bedcf3f84c6b0\",\"name\":\"mahmud\"}]}<\/script>\n<!-- \/ Yoast SEO plugin. -->","yoast_head_json":{"title":"Rusiyan\u0131n \u201cRus Evi\u201d m\u0259d\u0259niyy\u0259t m\u0259rk\u0259zi \u201cBaku TV\u201d-ni m\u0259hk\u0259m\u0259 il\u0259 h\u0259d\u0259l\u0259yir - MEYDAN.TV","robots":{"index":"index","follow":"follow","max-snippet":"max-snippet:-1","max-image-preview":"max-image-preview:large","max-video-preview":"max-video-preview:-1"},"canonical":"https:\/\/www.meydan.tv\/az\/article\/rusiyanin-rus-evi-m%c9%99d%c9%99niyy%c9%99t-m%c9%99rk%c9%99zi-baku-tv-ni-m%c9%99hk%c9%99m%c9%99-il%c9%99-h%c9%99d%c9%99l%c9%99yir\/","og_locale":"az_AZ","og_type":"article","og_title":"Rusiyan\u0131n \u201cRus Evi\u201d m\u0259d\u0259niyy\u0259t m\u0259rk\u0259zi \u201cBaku TV\u201d-ni m\u0259hk\u0259m\u0259 il\u0259 h\u0259d\u0259l\u0259yir - MEYDAN.TV","og_description":"M\u0259rk\u0259zin r\u0259hb\u0259ri Yevgeni Primakov bununla ba\u011fl\u0131 yaz\u0131b Rusiyan\u0131n \u201cRus Evi\u201d ... Davam\u0131","og_url":"https:\/\/www.meydan.tv\/az\/article\/rusiyanin-rus-evi-m%c9%99d%c9%99niyy%c9%99t-m%c9%99rk%c9%99zi-baku-tv-ni-m%c9%99hk%c9%99m%c9%99-il%c9%99-h%c9%99d%c9%99l%c9%99yir\/","og_site_name":"MEYDAN.TV","article_published_time":"2025-01-29T11:37:36+00:00","article_modified_time":"2025-01-29T11:37:39+00:00","og_image":[{"width":1200,"height":675,"url":"https:\/\/www.meydan.tv\/wp-content\/uploads\/shutterstock_2061756437.jpg","type":"image\/jpeg"}],"author":"mahmud","twitter_card":"summary_large_image","schema":{"@context":"https:\/\/schema.org","@graph":[{"@type":"Article","@id":"https:\/\/www.meydan.tv\/az\/article\/rusiyanin-rus-evi-m%c9%99d%c9%99niyy%c9%99t-m%c9%99rk%c9%99zi-baku-tv-ni-m%c9%99hk%c9%99m%c9%99-il%c9%99-h%c9%99d%c9%99l%c9%99yir\/#article","isPartOf":{"@id":"https:\/\/www.meydan.tv\/az\/article\/rusiyanin-rus-evi-m%c9%99d%c9%99niyy%c9%99t-m%c9%99rk%c9%99zi-baku-tv-ni-m%c9%99hk%c9%99m%c9%99-il%c9%99-h%c9%99d%c9%99l%c9%99yir\/"},"author":{"name":"mahmud","@id":"https:\/\/www.meydan.tv\/az\/#\/schema\/person\/09863e516102a829e72bedcf3f84c6b0"},"headline":"Rusiyan\u0131n \u201cRus Evi\u201d m\u0259d\u0259niyy\u0259t m\u0259rk\u0259zi \u201cBaku TV\u201d-ni m\u0259hk\u0259m\u0259 il\u0259 h\u0259d\u0259l\u0259yir","datePublished":"2025-01-29T11:37:36+00:00","dateModified":"2025-01-29T11:37:39+00:00","mainEntityOfPage":{"@id":"https:\/\/www.meydan.tv\/az\/article\/rusiyanin-rus-evi-m%c9%99d%c9%99niyy%c9%99t-m%c9%99rk%c9%99zi-baku-tv-ni-m%c9%99hk%c9%99m%c9%99-il%c9%99-h%c9%99d%c9%99l%c9%99yir\/"},"wordCount":639,"publisher":{"@id":"https:\/\/www.meydan.tv\/az\/#organization"},"image":{"@id":"https:\/\/www.meydan.tv\/az\/article\/rusiyanin-rus-evi-m%c9%99d%c9%99niyy%c9%99t-m%c9%99rk%c9%99zi-baku-tv-ni-m%c9%99hk%c9%99m%c9%99-il%c9%99-h%c9%99d%c9%99l%c9%99yir\/#primaryimage"},"thumbnailUrl":"https:\/\/www.meydan.tv\/wp-content\/uploads\/shutterstock_2061756437.jpg","articleSection":["Siyas\u0259t","X\u0259b\u0259rl\u0259r"],"inLanguage":"az"},{"@type":"WebPage","@id":"https:\/\/www.meydan.tv\/az\/article\/rusiyanin-rus-evi-m%c9%99d%c9%99niyy%c9%99t-m%c9%99rk%c9%99zi-baku-tv-ni-m%c9%99hk%c9%99m%c9%99-il%c9%99-h%c9%99d%c9%99l%c9%99yir\/","url":"https:\/\/www.meydan.tv\/az\/article\/rusiyanin-rus-evi-m%c9%99d%c9%99niyy%c9%99t-m%c9%99rk%c9%99zi-baku-tv-ni-m%c9%99hk%c9%99m%c9%99-il%c9%99-h%c9%99d%c9%99l%c9%99yir\/","name":"Rusiyan\u0131n \u201cRus Evi\u201d m\u0259d\u0259niyy\u0259t m\u0259rk\u0259zi \u201cBaku TV\u201d-ni m\u0259hk\u0259m\u0259 il\u0259 h\u0259d\u0259l\u0259yir - MEYDAN.TV","isPartOf":{"@id":"https:\/\/www.meydan.tv\/az\/#website"},"primaryImageOfPage":{"@id":"https:\/\/www.meydan.tv\/az\/article\/rusiyanin-rus-evi-m%c9%99d%c9%99niyy%c9%99t-m%c9%99rk%c9%99zi-baku-tv-ni-m%c9%99hk%c9%99m%c9%99-il%c9%99-h%c9%99d%c9%99l%c9%99yir\/#primaryimage"},"image":{"@id":"https:\/\/www.meydan.tv\/az\/article\/rusiyanin-rus-evi-m%c9%99d%c9%99niyy%c9%99t-m%c9%99rk%c9%99zi-baku-tv-ni-m%c9%99hk%c9%99m%c9%99-il%c9%99-h%c9%99d%c9%99l%c9%99yir\/#primaryimage"},"thumbnailUrl":"https:\/\/www.meydan.tv\/wp-content\/uploads\/shutterstock_2061756437.jpg","datePublished":"2025-01-29T11:37:36+00:00","dateModified":"2025-01-29T11:37:39+00:00","breadcrumb":{"@id":"https:\/\/www.meydan.tv\/az\/article\/rusiyanin-rus-evi-m%c9%99d%c9%99niyy%c9%99t-m%c9%99rk%c9%99zi-baku-tv-ni-m%c9%99hk%c9%99m%c9%99-il%c9%99-h%c9%99d%c9%99l%c9%99yir\/#breadcrumb"},"inLanguage":"az","potentialAction":[{"@type":"ReadAction","target":["https:\/\/www.meydan.tv\/az\/article\/rusiyanin-rus-evi-m%c9%99d%c9%99niyy%c9%99t-m%c9%99rk%c9%99zi-baku-tv-ni-m%c9%99hk%c9%99m%c9%99-il%c9%99-h%c9%99d%c9%99l%c9%99yir\/"]}]},{"@type":"ImageObject","inLanguage":"az","@id":"https:\/\/www.meydan.tv\/az\/article\/rusiyanin-rus-evi-m%c9%99d%c9%99niyy%c9%99t-m%c9%99rk%c9%99zi-baku-tv-ni-m%c9%99hk%c9%99m%c9%99-il%c9%99-h%c9%99d%c9%99l%c9%99yir\/#primaryimage","url":"https:\/\/www.meydan.tv\/wp-content\/uploads\/shutterstock_2061756437.jpg","contentUrl":"https:\/\/www.meydan.tv\/wp-content\/uploads\/shutterstock_2061756437.jpg","width":1200,"height":675,"caption":"Rusiya-Az\u0259rbaycan. Foto: GoodIdeas\/shutterstock"},{"@type":"BreadcrumbList","@id":"https:\/\/www.meydan.tv\/az\/article\/rusiyanin-rus-evi-m%c9%99d%c9%99niyy%c9%99t-m%c9%99rk%c9%99zi-baku-tv-ni-m%c9%99hk%c9%99m%c9%99-il%c9%99-h%c9%99d%c9%99l%c9%99yir\/#breadcrumb","itemListElement":[{"@type":"ListItem","position":1,"name":"Ana s\u0259hif\u0259","item":"https:\/\/www.meydan.tv\/az\/"},{"@type":"ListItem","position":2,"name":"Siyas\u0259t","item":"https:\/\/www.meydan.tv\/az\/section\/siyaset\/"},{"@type":"ListItem","position":3,"name":"Rusiyan\u0131n \u201cRus Evi\u201d m\u0259d\u0259niyy\u0259t m\u0259rk\u0259zi \u201cBaku TV\u201d-ni m\u0259hk\u0259m\u0259 il\u0259 h\u0259d\u0259l\u0259yir"}]},{"@type":"WebSite","@id":"https:\/\/www.meydan.tv\/az\/#website","url":"https:\/\/www.meydan.tv\/az\/","name":"MEYDAN.TV","description":"Meydan TV Az\u0259rbaycan\u0131n media m\u0259kan\u0131ndak\u0131 alternativ s\u0259sidir","publisher":{"@id":"https:\/\/www.meydan.tv\/az\/#organization"},"potentialAction":[{"@type":"SearchAction","target":{"@type":"EntryPoint","urlTemplate":"https:\/\/www.meydan.tv\/az\/?s={search_term_string}"},"query-input":{"@type":"PropertyValueSpecification","valueRequired":true,"valueName":"search_term_string"}}],"inLanguage":"az"},{"@type":"Organization","@id":"https:\/\/www.meydan.tv\/az\/#organization","name":"Meydan TV","url":"https:\/\/www.meydan.tv\/az\/","logo":{"@type":"ImageObject","inLanguage":"az","@id":"https:\/\/www.meydan.tv\/az\/#\/schema\/logo\/image\/","url":"https:\/\/www.meydan.tv\/wp-content\/uploads\/2021\/07\/meydan-logo.svg","contentUrl":"https:\/\/www.meydan.tv\/wp-content\/uploads\/2021\/07\/meydan-logo.svg","width":195,"height":46,"caption":"Meydan TV"},"image":{"@id":"https:\/\/www.meydan.tv\/az\/#\/schema\/logo\/image\/"}},{"@type":"Person","@id":"https:\/\/www.meydan.tv\/az\/#\/schema\/person\/09863e516102a829e72bedcf3f84c6b0","name":"mahmud"}]}},"_links":{"self":[{"href":"https:\/\/www.meydan.tv\/az\/wp-json\/wp\/v2\/posts\/325432","targetHints":{"allow":["GET"]}}],"collection":[{"href":"https:\/\/www.meydan.tv\/az\/wp-json\/wp\/v2\/posts"}],"about":[{"href":"https:\/\/www.meydan.tv\/az\/wp-json\/wp\/v2\/types\/post"}],"author":[{"embeddable":true,"href":"https:\/\/www.meydan.tv\/az\/wp-json\/wp\/v2\/users\/21"}],"replies":[{"embeddable":true,"href":"https:\/\/www.meydan.tv\/az\/wp-json\/wp\/v2\/comments?post=325432"}],"version-history":[{"count":1,"href":"https:\/\/www.meydan.tv\/az\/wp-json\/wp\/v2\/posts\/325432\/revisions"}],"predecessor-version":[{"id":325433,"href":"https:\/\/www.meydan.tv\/az\/wp-json\/wp\/v2\/posts\/325432\/revisions\/325433"}],"wp:featuredmedia":[{"embeddable":true,"href":"https:\/\/www.meydan.tv\/az\/wp-json\/wp\/v2\/media\/238759"}],"wp:attachment":[{"href":"https:\/\/www.meydan.tv\/az\/wp-json\/wp\/v2\/media?parent=325432"}],"wp:term":[{"taxonomy":"category","embeddable":true,"href":"https:\/\/www.meydan.tv\/az\/wp-json\/wp\/v2\/categories?post=325432"},{"taxonomy":"post_tag","embeddable":true,"href":"https:\/\/www.meydan.tv\/az\/wp-json\/wp\/v2\/tags?post=325432"}],"curies":[{"name":"wp","href":"https:\/\/api.w.org\/{rel}","templated":true}]}}