{"id":325374,"date":"2025-01-28T19:03:20","date_gmt":"2025-01-28T15:03:20","guid":{"rendered":"https:\/\/www.meydan.tv\/?p=325374"},"modified":"2025-01-28T20:42:28","modified_gmt":"2025-01-28T16:42:28","slug":"jurnalist-isg%c9%99nc%c9%99y%c9%99-gorduyunu-deyir-prokurorluq-v%c9%99-m%c9%99hk%c9%99m%c9%99-is%c9%99","status":"publish","type":"post","link":"https:\/\/www.meydan.tv\/az\/article\/jurnalist-isg%c9%99nc%c9%99y%c9%99-gorduyunu-deyir-prokurorluq-v%c9%99-m%c9%99hk%c9%99m%c9%99-is%c9%99\/","title":{"rendered":"Jurnalist i\u015fg\u0259nc\u0259y\u0259 g\u00f6rd\u00fcy\u00fcn\u00fc deyir, prokurorluq v\u0259 m\u0259hk\u0259m\u0259 is\u0259&#8230;"},"content":{"rendered":"\n<figure class=\"wp-block-embed is-type-video is-provider-youtube wp-block-embed-youtube wp-embed-aspect-16-9 wp-has-aspect-ratio\"><div class=\"wp-block-embed__wrapper\">\n<iframe title=\"M\u0259hk\u0259m\u0259 jurnalist\u0259 yox, polis\u0259 inan\u0131r\" width=\"1200\" height=\"675\" data-src=\"https:\/\/www.youtube.com\/embed\/ibpjQPBPwUA?feature=oembed\" frameborder=\"0\" allow=\"accelerometer; autoplay; clipboard-write; encrypted-media; gyroscope; picture-in-picture; web-share\" referrerpolicy=\"strict-origin-when-cross-origin\" allowfullscreen src=\"data:image\/svg+xml;base64,PHN2ZyB3aWR0aD0iMSIgaGVpZ2h0PSIxIiB4bWxucz0iaHR0cDovL3d3dy53My5vcmcvMjAwMC9zdmciPjwvc3ZnPg==\" class=\"lazyload\" data-load-mode=\"1\"><\/iframe>\n<\/div><\/figure>\n\n\n\n<p><strong><em>F\u0259rid Mehral\u0131zad\u0259 saxlan\u0131lark\u0259n ba\u015f\u0131na torba ke\u00e7irildiyi il\u0259 ba\u011fl\u0131 m\u0259hk\u0259m\u0259y\u0259 m\u00fcraci\u0259t edib<\/em><\/strong><\/p>\n\n\n\n<p>\u201cAzadl\u0131q\u201d radiosunun h\u0259bsd\u0259 olan jurnalisti, iqtisad\u00e7\u0131 F\u0259rid Mehral\u0131zad\u0259 saxlan\u0131lark\u0259n ba\u015f\u0131na torba ke\u00e7irildiyini, d\u00f6y\u00fcld\u00fcy\u00fcn\u00fc, ona m\u0259lum olmayan bir yer\u0259 apar\u0131l\u0131b 15-20 d\u0259qiq\u0259 orada saxlanandan sonra Bak\u0131 \u015e\u0259h\u0259r Ba\u015f Polis \u0130dar\u0259sin\u0259 g\u0259tirilib, sonra ba\u015f\u0131ndan torban\u0131n \u00e7\u0131xar\u0131ld\u0131\u011f\u0131n\u0131 deyir.&nbsp;<\/p>\n\n\n\n<p>O, i\u015fg\u0259nc\u0259 v\u0259 pis r\u0259ftarla ba\u011fl\u0131 prokurorlu\u011fa m\u00fcraci\u0259t ets\u0259 d\u0259, \u015fikay\u0259ti n\u0259tic\u0259siz qalm\u0131\u015fd\u0131.&nbsp;<\/p>\n\n\n\n<p>Prokurorluq iddia edib ki, jurnalistin i\u015fg\u0259nc\u0259 bar\u0259d\u0259 dedikl\u0259ri t\u0259sdiqini tapmay\u0131b.&nbsp;<\/p>\n\n\n\n<p>Bu s\u0259b\u0259bd\u0259n F\u0259rid Mehral\u0131zad\u0259 v\u0259 onun v\u0259kili prokurorlu\u011fun q\u0259rar\u0131ndan m\u0259hk\u0259m\u0259y\u0259 \u015fikay\u0259t vermi\u015fdi.<\/p>\n\n\n\n<p>Yanvar\u0131n 28-d\u0259 \u015fikay\u0259t\u0259 S\u0259bail Rayon M\u0259hk\u0259m\u0259sind\u0259 hakim \u015e\u0259hla S\u00fcleymanova bax\u0131b.&nbsp;<\/p>\n\n\n\n<p>M\u0259hk\u0259m\u0259d\u0259 F\u0259rid Mehral\u0131zad\u0259 d\u0259, v\u0259kili d\u0259 bildirib ki, prokurorluq formal ara\u015fd\u0131rma apar\u0131b, yaln\u0131z polisl\u0259ri dindirm\u0259kl\u0259 i\u015fini bitmi\u015f say\u0131b v\u0259 i\u015fg\u0259nc\u0259nin olmad\u0131\u011f\u0131 haqda n\u0259tic\u0259y\u0259 g\u0259lib.&nbsp;<\/p>\n\n\n\n<p>Normal halda is\u0259 F\u0259rid Mehral\u0131zad\u0259nin saxland\u0131\u011f\u0131 \u0259razid\u0259ki \u00e7oxsayl\u0131 kameralar\u0131n g\u00f6r\u00fcnt\u00fcl\u0259ri g\u00f6t\u00fcr\u00fclm\u0259li, onun telefonunun anten m\u0259lumatlar\u0131 ara\u015fd\u0131r\u0131lmal\u0131 idi. Bunlar onun saxlan\u0131lark\u0259n ba\u015f\u0131na torba ke\u00e7irilm\u0259si, hans\u0131 \u00fcnvana apar\u0131lmas\u0131 kimi m\u0259s\u0259l\u0259l\u0259r\u0259 ayd\u0131nl\u0131q g\u0259tir\u0259c\u0259kdi.<\/p>\n\n\n\n<p>F\u0259rid Mehral\u0131zad\u0259 bildirib ki, onu normal \u015f\u0259kild\u0259 saxlamay\u0131blar, faktiki o\u011furlay\u0131blar.&nbsp;<\/p>\n\n\n\n<p>Ma\u015f\u0131nda apar\u0131lark\u0259n telefonuna giri\u015f \u0259ld\u0259 etm\u0259k \u00fc\u00e7\u00fcn kodunu zorak\u0131l\u0131qla al\u0131blar.&nbsp;<\/p>\n\n\n\n<p>Bundan ba\u015fqa, cibind\u0259n avtomobilinin a\u00e7ar\u0131n\u0131 g\u00f6t\u00fcr\u00fcb, ma\u015f\u0131n\u0131n\u0131 da s\u00fcr\u00fcb apar\u0131blar.<\/p>\n\n\n\n<p>F\u0259rid Mehral\u0131zad\u0259 v\u0259 v\u0259kilinin arqumentl\u0259rin\u0259 baxmayaraq, hakim \u015e\u0259hla S\u00fcleymanova prokurorlu\u011fun q\u0259rar\u0131ndan verilmi\u015f \u015fikay\u0259ti t\u0259min etm\u0259yib.<\/p>\n\n\n\n<p>Q\u0259rardan apelyasiya \u015fikay\u0259ti veril\u0259c\u0259k.<\/p>\n\n\n\n<p>F\u0259rid Mehral\u0131zad\u0259nin h\u0259yat yolda\u015f\u0131 N\u0259rgiz Muxtarova bildirib ki, prokurorluq he\u00e7 bir ara\u015fd\u0131rma aparmadan, \u015fikay\u0259t\u00e7i olduqlar\u0131 polsil\u0259ri dindirm\u0259kl\u0259 q\u0259rar \u00e7\u0131xar\u0131b:&nbsp;<\/p>\n\n\n\n<p><em>\u201cF\u0259ridin o\u011furland\u0131\u011f\u0131 k\u00fc\u00e7\u0259d\u0259 kifay\u0259t q\u0259d\u0259r \u00e7ox kamera oldu\u011fu halda, he\u00e7 birinin g\u00f6r\u00fcnt\u00fcl\u0259ri al\u0131nmay\u0131b, hara apar\u0131ld\u0131\u011f\u0131 m\u00fc\u0259yy\u0259nl\u0259\u015fdirilm\u0259yib. Formal \u015f\u0259kild\u0259 polisl\u0259ri &#8211; zorak\u0131l\u0131q g\u00f6st\u0259r\u0259n adamlar\u0131 dindirib, sonra da q\u0259rar veribl\u0259r ki, he\u00e7 bir zorak\u0131l\u0131q olmay\u0131b\u201d.<\/em><\/p>\n\n\n\n<p>F\u0259rid Mehral\u0131zad\u0259 2024-c\u00fc il may\u0131n 30-dan h\u0259bsd\u0259dir.&nbsp;<\/p>\n\n\n\n<p>O, korrupsiya ara\u015fd\u0131rmalar\u0131yla tan\u0131nan \u201cAbzasMedia\u201d i\u015fi \u00fczr\u0259 h\u0259bs olunan jurnalistl\u0259r aras\u0131ndad\u0131r.<\/p>\n\n\n\n<p>\u201cAbzasMedia\u201d i\u015fi \u00fczr\u0259 h\u0259bsl\u0259r 2023-c\u00fc il noyabr\u0131n 20-d\u0259n ba\u015flay\u0131b.\u00a0<\/p>\n\n\n\n<p>\u018fvv\u0259l n\u0259\u015frin t\u0259sis\u00e7isi v\u0259 direktoru \u00dclvi H\u0259s\u0259nli v\u0259 koordinatoru M\u0259h\u0259mm\u0259d Kekalov, daha sonra ba\u015f redaktoru Sevinc Vaqifq\u0131z\u0131 h\u0259bs edilib.<\/p>\n\n\n\n<p>Daha sonra h\u0259bsl\u0259r ara\u015fd\u0131rma\u00e7\u0131 jurnalist Hafiz Babal\u0131, N\u0259rgiz Absalamova, Elnar\u0259 Qas\u0131mova, F\u0259rid Mehral\u0131zad\u0259 il\u0259 davam edib. Onlara qar\u015f\u0131 Cinay\u0259t M\u0259c\u0259ll\u0259sinin 206.3.2-ci (bir qrup \u015f\u0259xs t\u0259r\u0259find\u0259n qa\u00e7aqmal\u00e7\u0131l\u0131q) madd\u0259sil\u0259 ittiham ir\u0259li s\u00fcr\u00fcl\u00fcb.&nbsp;<\/p>\n\n\n\n<p>\u0130stintaq\u0131n sonunda ittiham a\u011f\u0131rla\u015fd\u0131r\u0131l\u0131b. Jurnalistl\u0259r\u0259 qanunsuz sahibkarl\u0131q, cinay\u0259t yolu il\u0259 \u0259ld\u0259 olunan v\u0259saitl\u0259rin leqalla\u015fd\u0131r\u0131lmas\u0131, vergid\u0259n yay\u0131nma v\u0259 s. il\u0259 ba\u011fl\u0131 \u0259lav\u0259 ittihamlar verilib. Jurnalistl\u0259r\u0259 ittiham veril\u0259n madd\u0259l\u0259rin sanksiyas\u0131nda 12 il\u0259 q\u0259d\u0259r azadl\u0131qdan m\u0259hrumetm\u0259 c\u0259zas\u0131 n\u0259z\u0259rd\u0259 tutulub.<\/p>\n\n\n\n<p>\u00dclvi H\u0259s\u0259nli m\u0259hk\u0259m\u0259d\u0259 ifad\u0259sind\u0259 bildirib ki, F\u0259rid Mehral\u0131zad\u0259nin \u00fcmumiyy\u0259tl\u0259, \u201cAbzasMedia\u201dya aidiyy\u0259ti olmay\u0131b. Onunla sad\u0259c\u0259, dost olublar.<\/p>\n\n\n\n<p>2023-c\u00fc il noyabr\u0131n 20-d\u0259 \u00dclvi H\u0259s\u0259nli saxland\u0131qdan sonra \u201cAbzasMedia\u201dn\u0131n ofisind\u0259 axtar\u0131\u015f apar\u0131l\u0131b.\u00a0<\/p>\n\n\n\n<p>Sayt\u0131n ofisind\u0259n 40 min avro pul tap\u0131ld\u0131\u011f\u0131 iddia olunub.<\/p>\n\n\n\n<p>\u00dclvi H\u0259s\u0259nli is\u0259 orada pul olmad\u0131\u011f\u0131n\u0131, 40 min avronun ofis\u0259 onu tapd\u0131\u011f\u0131n\u0131 iddia ed\u0259nl\u0259rin \u00f6zl\u0259ri t\u0259r\u0259find\u0259n qoyuldu\u011funu bildirib.<\/p>\n\n\n\n<p>Adlar\u0131 \u00e7\u0259kil\u0259n jurnalistl\u0259rin he\u00e7 biri \u00f6z\u00fcn\u00fc t\u0259qsirli bilmir, \u201cAbzasMedia\u201dda Prezidentin ail\u0259 \u00fczvl\u0259ri d\u0259 daxil olmaqla, bir s\u0131ra v\u0259zif\u0259li \u015f\u0259xsl\u0259rin biznesi, korrupsiya il\u0259 ba\u011fl\u0131 ara\u015fd\u0131rmalara g\u00f6r\u0259 c\u0259zaland\u0131r\u0131ld\u0131qlar\u0131n\u0131 bildiribl\u0259r.<\/p>\n\n\n\n<p>H\u00f6kum\u0259t t\u0259msil\u00e7il\u0259ri is\u0259 h\u0259bs olunanlar\u0131n konkret faktlar \u0259sas\u0131nda c\u0259zaland\u0131r\u0131ld\u0131qlar\u0131n\u0131\u00a0bildirirl\u0259r.<\/p>\n","protected":false},"excerpt":{"rendered":"<p>F\u0259rid Mehral\u0131zad\u0259 saxlan\u0131lark\u0259n ba\u015f\u0131na torba ke\u00e7irildiyi il\u0259 ba\u011fl\u0131 m\u0259hk\u0259m\u0259y\u0259 m\u00fcraci\u0259t &#8230; <\/p>\n<p class=\"read-more-container\"><a title=\"Jurnalist i\u015fg\u0259nc\u0259y\u0259 g\u00f6rd\u00fcy\u00fcn\u00fc deyir, prokurorluq v\u0259 m\u0259hk\u0259m\u0259 is\u0259&#8230;\" class=\"read-more button\" href=\"https:\/\/www.meydan.tv\/az\/article\/jurnalist-isg%c9%99nc%c9%99y%c9%99-gorduyunu-deyir-prokurorluq-v%c9%99-m%c9%99hk%c9%99m%c9%99-is%c9%99\/#more-325374\" aria-label=\"Read more about Jurnalist i\u015fg\u0259nc\u0259y\u0259 g\u00f6rd\u00fcy\u00fcn\u00fc deyir, prokurorluq v\u0259 m\u0259hk\u0259m\u0259 is\u0259&#8230;\">Davam\u0131<\/a><\/p>\n","protected":false},"author":12,"featured_media":325375,"comment_status":"closed","ping_status":"closed","sticky":false,"template":"","format":"standard","meta":{"_acf_changed":false,"_sitemap_exclude":false,"_sitemap_priority":"","_sitemap_frequency":"","footnotes":""},"categories":[59,63,56],"tags":[],"class_list":["post-325374","post","type-post","status-publish","format-standard","has-post-thumbnail","hentry","category-siyaset","category-video-2","category-xeberler","infinite-scroll-item","generate-columns","tablet-grid-50","mobile-grid-100","grid-parent","grid-33","no-featured-image-padding"],"acf":[],"yoast_head":"<!-- This site is optimized with the Yoast SEO plugin v27.4 - https:\/\/yoast.com\/product\/yoast-seo-wordpress\/ -->\n<title>Jurnalist i\u015fg\u0259nc\u0259y\u0259 g\u00f6rd\u00fcy\u00fcn\u00fc deyir, prokurorluq v\u0259 m\u0259hk\u0259m\u0259 is\u0259... - MEYDAN.TV<\/title>\n<meta name=\"robots\" content=\"index, follow, max-snippet:-1, max-image-preview:large, max-video-preview:-1\" \/>\n<link rel=\"canonical\" href=\"https:\/\/www.meydan.tv\/az\/article\/jurnalist-isg%c9%99nc%c9%99y%c9%99-gorduyunu-deyir-prokurorluq-v%c9%99-m%c9%99hk%c9%99m%c9%99-is%c9%99\/\" \/>\n<meta property=\"og:locale\" content=\"az_AZ\" \/>\n<meta property=\"og:type\" content=\"article\" \/>\n<meta property=\"og:title\" content=\"Jurnalist i\u015fg\u0259nc\u0259y\u0259 g\u00f6rd\u00fcy\u00fcn\u00fc deyir, prokurorluq v\u0259 m\u0259hk\u0259m\u0259 is\u0259... - MEYDAN.TV\" \/>\n<meta property=\"og:description\" content=\"F\u0259rid Mehral\u0131zad\u0259 saxlan\u0131lark\u0259n ba\u015f\u0131na torba ke\u00e7irildiyi il\u0259 ba\u011fl\u0131 m\u0259hk\u0259m\u0259y\u0259 m\u00fcraci\u0259t ... Davam\u0131\" \/>\n<meta property=\"og:url\" content=\"https:\/\/www.meydan.tv\/az\/article\/jurnalist-isg%c9%99nc%c9%99y%c9%99-gorduyunu-deyir-prokurorluq-v%c9%99-m%c9%99hk%c9%99m%c9%99-is%c9%99\/\" \/>\n<meta property=\"og:site_name\" content=\"MEYDAN.TV\" \/>\n<meta property=\"article:published_time\" content=\"2025-01-28T15:03:20+00:00\" \/>\n<meta property=\"article:modified_time\" content=\"2025-01-28T16:42:28+00:00\" \/>\n<meta property=\"og:image\" content=\"https:\/\/www.meydan.tv\/wp-content\/uploads\/photo_2025-01-28-16.02.19.jpeg\" \/>\n\t<meta property=\"og:image:width\" content=\"1179\" \/>\n\t<meta property=\"og:image:height\" content=\"652\" \/>\n\t<meta property=\"og:image:type\" content=\"image\/jpeg\" \/>\n<meta name=\"author\" content=\"aleks\" \/>\n<meta name=\"twitter:card\" content=\"summary_large_image\" \/>\n<script type=\"application\/ld+json\" class=\"yoast-schema-graph\">{\"@context\":\"https:\\\/\\\/schema.org\",\"@graph\":[{\"@type\":\"Article\",\"@id\":\"https:\\\/\\\/www.meydan.tv\\\/az\\\/article\\\/jurnalist-isg%c9%99nc%c9%99y%c9%99-gorduyunu-deyir-prokurorluq-v%c9%99-m%c9%99hk%c9%99m%c9%99-is%c9%99\\\/#article\",\"isPartOf\":{\"@id\":\"https:\\\/\\\/www.meydan.tv\\\/az\\\/article\\\/jurnalist-isg%c9%99nc%c9%99y%c9%99-gorduyunu-deyir-prokurorluq-v%c9%99-m%c9%99hk%c9%99m%c9%99-is%c9%99\\\/\"},\"author\":{\"name\":\"aleks\",\"@id\":\"https:\\\/\\\/www.meydan.tv\\\/az\\\/#\\\/schema\\\/person\\\/476e9360e593fa131d5d71d51866f8da\"},\"headline\":\"Jurnalist i\u015fg\u0259nc\u0259y\u0259 g\u00f6rd\u00fcy\u00fcn\u00fc deyir, prokurorluq v\u0259 m\u0259hk\u0259m\u0259 is\u0259&#8230;\",\"datePublished\":\"2025-01-28T15:03:20+00:00\",\"dateModified\":\"2025-01-28T16:42:28+00:00\",\"mainEntityOfPage\":{\"@id\":\"https:\\\/\\\/www.meydan.tv\\\/az\\\/article\\\/jurnalist-isg%c9%99nc%c9%99y%c9%99-gorduyunu-deyir-prokurorluq-v%c9%99-m%c9%99hk%c9%99m%c9%99-is%c9%99\\\/\"},\"wordCount\":840,\"publisher\":{\"@id\":\"https:\\\/\\\/www.meydan.tv\\\/az\\\/#organization\"},\"image\":{\"@id\":\"https:\\\/\\\/www.meydan.tv\\\/az\\\/article\\\/jurnalist-isg%c9%99nc%c9%99y%c9%99-gorduyunu-deyir-prokurorluq-v%c9%99-m%c9%99hk%c9%99m%c9%99-is%c9%99\\\/#primaryimage\"},\"thumbnailUrl\":\"https:\\\/\\\/www.meydan.tv\\\/wp-content\\\/uploads\\\/photo_2025-01-28-16.02.19.jpeg\",\"articleSection\":[\"Siyas\u0259t\",\"Video\",\"X\u0259b\u0259rl\u0259r\"],\"inLanguage\":\"az\"},{\"@type\":\"WebPage\",\"@id\":\"https:\\\/\\\/www.meydan.tv\\\/az\\\/article\\\/jurnalist-isg%c9%99nc%c9%99y%c9%99-gorduyunu-deyir-prokurorluq-v%c9%99-m%c9%99hk%c9%99m%c9%99-is%c9%99\\\/\",\"url\":\"https:\\\/\\\/www.meydan.tv\\\/az\\\/article\\\/jurnalist-isg%c9%99nc%c9%99y%c9%99-gorduyunu-deyir-prokurorluq-v%c9%99-m%c9%99hk%c9%99m%c9%99-is%c9%99\\\/\",\"name\":\"Jurnalist i\u015fg\u0259nc\u0259y\u0259 g\u00f6rd\u00fcy\u00fcn\u00fc deyir, prokurorluq v\u0259 m\u0259hk\u0259m\u0259 is\u0259... - MEYDAN.TV\",\"isPartOf\":{\"@id\":\"https:\\\/\\\/www.meydan.tv\\\/az\\\/#website\"},\"primaryImageOfPage\":{\"@id\":\"https:\\\/\\\/www.meydan.tv\\\/az\\\/article\\\/jurnalist-isg%c9%99nc%c9%99y%c9%99-gorduyunu-deyir-prokurorluq-v%c9%99-m%c9%99hk%c9%99m%c9%99-is%c9%99\\\/#primaryimage\"},\"image\":{\"@id\":\"https:\\\/\\\/www.meydan.tv\\\/az\\\/article\\\/jurnalist-isg%c9%99nc%c9%99y%c9%99-gorduyunu-deyir-prokurorluq-v%c9%99-m%c9%99hk%c9%99m%c9%99-is%c9%99\\\/#primaryimage\"},\"thumbnailUrl\":\"https:\\\/\\\/www.meydan.tv\\\/wp-content\\\/uploads\\\/photo_2025-01-28-16.02.19.jpeg\",\"datePublished\":\"2025-01-28T15:03:20+00:00\",\"dateModified\":\"2025-01-28T16:42:28+00:00\",\"breadcrumb\":{\"@id\":\"https:\\\/\\\/www.meydan.tv\\\/az\\\/article\\\/jurnalist-isg%c9%99nc%c9%99y%c9%99-gorduyunu-deyir-prokurorluq-v%c9%99-m%c9%99hk%c9%99m%c9%99-is%c9%99\\\/#breadcrumb\"},\"inLanguage\":\"az\",\"potentialAction\":[{\"@type\":\"ReadAction\",\"target\":[\"https:\\\/\\\/www.meydan.tv\\\/az\\\/article\\\/jurnalist-isg%c9%99nc%c9%99y%c9%99-gorduyunu-deyir-prokurorluq-v%c9%99-m%c9%99hk%c9%99m%c9%99-is%c9%99\\\/\"]}]},{\"@type\":\"ImageObject\",\"inLanguage\":\"az\",\"@id\":\"https:\\\/\\\/www.meydan.tv\\\/az\\\/article\\\/jurnalist-isg%c9%99nc%c9%99y%c9%99-gorduyunu-deyir-prokurorluq-v%c9%99-m%c9%99hk%c9%99m%c9%99-is%c9%99\\\/#primaryimage\",\"url\":\"https:\\\/\\\/www.meydan.tv\\\/wp-content\\\/uploads\\\/photo_2025-01-28-16.02.19.jpeg\",\"contentUrl\":\"https:\\\/\\\/www.meydan.tv\\\/wp-content\\\/uploads\\\/photo_2025-01-28-16.02.19.jpeg\",\"width\":1179,\"height\":652},{\"@type\":\"BreadcrumbList\",\"@id\":\"https:\\\/\\\/www.meydan.tv\\\/az\\\/article\\\/jurnalist-isg%c9%99nc%c9%99y%c9%99-gorduyunu-deyir-prokurorluq-v%c9%99-m%c9%99hk%c9%99m%c9%99-is%c9%99\\\/#breadcrumb\",\"itemListElement\":[{\"@type\":\"ListItem\",\"position\":1,\"name\":\"Ana s\u0259hif\u0259\",\"item\":\"https:\\\/\\\/www.meydan.tv\\\/az\\\/\"},{\"@type\":\"ListItem\",\"position\":2,\"name\":\"X\u0259b\u0259rl\u0259r\",\"item\":\"https:\\\/\\\/www.meydan.tv\\\/az\\\/section\\\/xeberler\\\/\"},{\"@type\":\"ListItem\",\"position\":3,\"name\":\"Jurnalist i\u015fg\u0259nc\u0259y\u0259 g\u00f6rd\u00fcy\u00fcn\u00fc deyir, prokurorluq v\u0259 m\u0259hk\u0259m\u0259 is\u0259&#8230;\"}]},{\"@type\":\"WebSite\",\"@id\":\"https:\\\/\\\/www.meydan.tv\\\/az\\\/#website\",\"url\":\"https:\\\/\\\/www.meydan.tv\\\/az\\\/\",\"name\":\"MEYDAN.TV\",\"description\":\"Meydan TV Az\u0259rbaycan\u0131n media m\u0259kan\u0131ndak\u0131 alternativ s\u0259sidir\",\"publisher\":{\"@id\":\"https:\\\/\\\/www.meydan.tv\\\/az\\\/#organization\"},\"potentialAction\":[{\"@type\":\"SearchAction\",\"target\":{\"@type\":\"EntryPoint\",\"urlTemplate\":\"https:\\\/\\\/www.meydan.tv\\\/az\\\/?s={search_term_string}\"},\"query-input\":{\"@type\":\"PropertyValueSpecification\",\"valueRequired\":true,\"valueName\":\"search_term_string\"}}],\"inLanguage\":\"az\"},{\"@type\":\"Organization\",\"@id\":\"https:\\\/\\\/www.meydan.tv\\\/az\\\/#organization\",\"name\":\"Meydan TV\",\"url\":\"https:\\\/\\\/www.meydan.tv\\\/az\\\/\",\"logo\":{\"@type\":\"ImageObject\",\"inLanguage\":\"az\",\"@id\":\"https:\\\/\\\/www.meydan.tv\\\/az\\\/#\\\/schema\\\/logo\\\/image\\\/\",\"url\":\"https:\\\/\\\/www.meydan.tv\\\/wp-content\\\/uploads\\\/2021\\\/07\\\/meydan-logo.svg\",\"contentUrl\":\"https:\\\/\\\/www.meydan.tv\\\/wp-content\\\/uploads\\\/2021\\\/07\\\/meydan-logo.svg\",\"width\":195,\"height\":46,\"caption\":\"Meydan TV\"},\"image\":{\"@id\":\"https:\\\/\\\/www.meydan.tv\\\/az\\\/#\\\/schema\\\/logo\\\/image\\\/\"}},{\"@type\":\"Person\",\"@id\":\"https:\\\/\\\/www.meydan.tv\\\/az\\\/#\\\/schema\\\/person\\\/476e9360e593fa131d5d71d51866f8da\",\"name\":\"aleks\"}]}<\/script>\n<!-- \/ Yoast SEO plugin. -->","yoast_head_json":{"title":"Jurnalist i\u015fg\u0259nc\u0259y\u0259 g\u00f6rd\u00fcy\u00fcn\u00fc deyir, prokurorluq v\u0259 m\u0259hk\u0259m\u0259 is\u0259... - MEYDAN.TV","robots":{"index":"index","follow":"follow","max-snippet":"max-snippet:-1","max-image-preview":"max-image-preview:large","max-video-preview":"max-video-preview:-1"},"canonical":"https:\/\/www.meydan.tv\/az\/article\/jurnalist-isg%c9%99nc%c9%99y%c9%99-gorduyunu-deyir-prokurorluq-v%c9%99-m%c9%99hk%c9%99m%c9%99-is%c9%99\/","og_locale":"az_AZ","og_type":"article","og_title":"Jurnalist i\u015fg\u0259nc\u0259y\u0259 g\u00f6rd\u00fcy\u00fcn\u00fc deyir, prokurorluq v\u0259 m\u0259hk\u0259m\u0259 is\u0259... - MEYDAN.TV","og_description":"F\u0259rid Mehral\u0131zad\u0259 saxlan\u0131lark\u0259n ba\u015f\u0131na torba ke\u00e7irildiyi il\u0259 ba\u011fl\u0131 m\u0259hk\u0259m\u0259y\u0259 m\u00fcraci\u0259t ... Davam\u0131","og_url":"https:\/\/www.meydan.tv\/az\/article\/jurnalist-isg%c9%99nc%c9%99y%c9%99-gorduyunu-deyir-prokurorluq-v%c9%99-m%c9%99hk%c9%99m%c9%99-is%c9%99\/","og_site_name":"MEYDAN.TV","article_published_time":"2025-01-28T15:03:20+00:00","article_modified_time":"2025-01-28T16:42:28+00:00","og_image":[{"width":1179,"height":652,"url":"https:\/\/www.meydan.tv\/wp-content\/uploads\/photo_2025-01-28-16.02.19.jpeg","type":"image\/jpeg"}],"author":"aleks","twitter_card":"summary_large_image","schema":{"@context":"https:\/\/schema.org","@graph":[{"@type":"Article","@id":"https:\/\/www.meydan.tv\/az\/article\/jurnalist-isg%c9%99nc%c9%99y%c9%99-gorduyunu-deyir-prokurorluq-v%c9%99-m%c9%99hk%c9%99m%c9%99-is%c9%99\/#article","isPartOf":{"@id":"https:\/\/www.meydan.tv\/az\/article\/jurnalist-isg%c9%99nc%c9%99y%c9%99-gorduyunu-deyir-prokurorluq-v%c9%99-m%c9%99hk%c9%99m%c9%99-is%c9%99\/"},"author":{"name":"aleks","@id":"https:\/\/www.meydan.tv\/az\/#\/schema\/person\/476e9360e593fa131d5d71d51866f8da"},"headline":"Jurnalist i\u015fg\u0259nc\u0259y\u0259 g\u00f6rd\u00fcy\u00fcn\u00fc deyir, prokurorluq v\u0259 m\u0259hk\u0259m\u0259 is\u0259&#8230;","datePublished":"2025-01-28T15:03:20+00:00","dateModified":"2025-01-28T16:42:28+00:00","mainEntityOfPage":{"@id":"https:\/\/www.meydan.tv\/az\/article\/jurnalist-isg%c9%99nc%c9%99y%c9%99-gorduyunu-deyir-prokurorluq-v%c9%99-m%c9%99hk%c9%99m%c9%99-is%c9%99\/"},"wordCount":840,"publisher":{"@id":"https:\/\/www.meydan.tv\/az\/#organization"},"image":{"@id":"https:\/\/www.meydan.tv\/az\/article\/jurnalist-isg%c9%99nc%c9%99y%c9%99-gorduyunu-deyir-prokurorluq-v%c9%99-m%c9%99hk%c9%99m%c9%99-is%c9%99\/#primaryimage"},"thumbnailUrl":"https:\/\/www.meydan.tv\/wp-content\/uploads\/photo_2025-01-28-16.02.19.jpeg","articleSection":["Siyas\u0259t","Video","X\u0259b\u0259rl\u0259r"],"inLanguage":"az"},{"@type":"WebPage","@id":"https:\/\/www.meydan.tv\/az\/article\/jurnalist-isg%c9%99nc%c9%99y%c9%99-gorduyunu-deyir-prokurorluq-v%c9%99-m%c9%99hk%c9%99m%c9%99-is%c9%99\/","url":"https:\/\/www.meydan.tv\/az\/article\/jurnalist-isg%c9%99nc%c9%99y%c9%99-gorduyunu-deyir-prokurorluq-v%c9%99-m%c9%99hk%c9%99m%c9%99-is%c9%99\/","name":"Jurnalist i\u015fg\u0259nc\u0259y\u0259 g\u00f6rd\u00fcy\u00fcn\u00fc deyir, prokurorluq v\u0259 m\u0259hk\u0259m\u0259 is\u0259... - MEYDAN.TV","isPartOf":{"@id":"https:\/\/www.meydan.tv\/az\/#website"},"primaryImageOfPage":{"@id":"https:\/\/www.meydan.tv\/az\/article\/jurnalist-isg%c9%99nc%c9%99y%c9%99-gorduyunu-deyir-prokurorluq-v%c9%99-m%c9%99hk%c9%99m%c9%99-is%c9%99\/#primaryimage"},"image":{"@id":"https:\/\/www.meydan.tv\/az\/article\/jurnalist-isg%c9%99nc%c9%99y%c9%99-gorduyunu-deyir-prokurorluq-v%c9%99-m%c9%99hk%c9%99m%c9%99-is%c9%99\/#primaryimage"},"thumbnailUrl":"https:\/\/www.meydan.tv\/wp-content\/uploads\/photo_2025-01-28-16.02.19.jpeg","datePublished":"2025-01-28T15:03:20+00:00","dateModified":"2025-01-28T16:42:28+00:00","breadcrumb":{"@id":"https:\/\/www.meydan.tv\/az\/article\/jurnalist-isg%c9%99nc%c9%99y%c9%99-gorduyunu-deyir-prokurorluq-v%c9%99-m%c9%99hk%c9%99m%c9%99-is%c9%99\/#breadcrumb"},"inLanguage":"az","potentialAction":[{"@type":"ReadAction","target":["https:\/\/www.meydan.tv\/az\/article\/jurnalist-isg%c9%99nc%c9%99y%c9%99-gorduyunu-deyir-prokurorluq-v%c9%99-m%c9%99hk%c9%99m%c9%99-is%c9%99\/"]}]},{"@type":"ImageObject","inLanguage":"az","@id":"https:\/\/www.meydan.tv\/az\/article\/jurnalist-isg%c9%99nc%c9%99y%c9%99-gorduyunu-deyir-prokurorluq-v%c9%99-m%c9%99hk%c9%99m%c9%99-is%c9%99\/#primaryimage","url":"https:\/\/www.meydan.tv\/wp-content\/uploads\/photo_2025-01-28-16.02.19.jpeg","contentUrl":"https:\/\/www.meydan.tv\/wp-content\/uploads\/photo_2025-01-28-16.02.19.jpeg","width":1179,"height":652},{"@type":"BreadcrumbList","@id":"https:\/\/www.meydan.tv\/az\/article\/jurnalist-isg%c9%99nc%c9%99y%c9%99-gorduyunu-deyir-prokurorluq-v%c9%99-m%c9%99hk%c9%99m%c9%99-is%c9%99\/#breadcrumb","itemListElement":[{"@type":"ListItem","position":1,"name":"Ana s\u0259hif\u0259","item":"https:\/\/www.meydan.tv\/az\/"},{"@type":"ListItem","position":2,"name":"X\u0259b\u0259rl\u0259r","item":"https:\/\/www.meydan.tv\/az\/section\/xeberler\/"},{"@type":"ListItem","position":3,"name":"Jurnalist i\u015fg\u0259nc\u0259y\u0259 g\u00f6rd\u00fcy\u00fcn\u00fc deyir, prokurorluq v\u0259 m\u0259hk\u0259m\u0259 is\u0259&#8230;"}]},{"@type":"WebSite","@id":"https:\/\/www.meydan.tv\/az\/#website","url":"https:\/\/www.meydan.tv\/az\/","name":"MEYDAN.TV","description":"Meydan TV Az\u0259rbaycan\u0131n media m\u0259kan\u0131ndak\u0131 alternativ s\u0259sidir","publisher":{"@id":"https:\/\/www.meydan.tv\/az\/#organization"},"potentialAction":[{"@type":"SearchAction","target":{"@type":"EntryPoint","urlTemplate":"https:\/\/www.meydan.tv\/az\/?s={search_term_string}"},"query-input":{"@type":"PropertyValueSpecification","valueRequired":true,"valueName":"search_term_string"}}],"inLanguage":"az"},{"@type":"Organization","@id":"https:\/\/www.meydan.tv\/az\/#organization","name":"Meydan TV","url":"https:\/\/www.meydan.tv\/az\/","logo":{"@type":"ImageObject","inLanguage":"az","@id":"https:\/\/www.meydan.tv\/az\/#\/schema\/logo\/image\/","url":"https:\/\/www.meydan.tv\/wp-content\/uploads\/2021\/07\/meydan-logo.svg","contentUrl":"https:\/\/www.meydan.tv\/wp-content\/uploads\/2021\/07\/meydan-logo.svg","width":195,"height":46,"caption":"Meydan TV"},"image":{"@id":"https:\/\/www.meydan.tv\/az\/#\/schema\/logo\/image\/"}},{"@type":"Person","@id":"https:\/\/www.meydan.tv\/az\/#\/schema\/person\/476e9360e593fa131d5d71d51866f8da","name":"aleks"}]}},"_links":{"self":[{"href":"https:\/\/www.meydan.tv\/az\/wp-json\/wp\/v2\/posts\/325374","targetHints":{"allow":["GET"]}}],"collection":[{"href":"https:\/\/www.meydan.tv\/az\/wp-json\/wp\/v2\/posts"}],"about":[{"href":"https:\/\/www.meydan.tv\/az\/wp-json\/wp\/v2\/types\/post"}],"author":[{"embeddable":true,"href":"https:\/\/www.meydan.tv\/az\/wp-json\/wp\/v2\/users\/12"}],"replies":[{"embeddable":true,"href":"https:\/\/www.meydan.tv\/az\/wp-json\/wp\/v2\/comments?post=325374"}],"version-history":[{"count":3,"href":"https:\/\/www.meydan.tv\/az\/wp-json\/wp\/v2\/posts\/325374\/revisions"}],"predecessor-version":[{"id":325399,"href":"https:\/\/www.meydan.tv\/az\/wp-json\/wp\/v2\/posts\/325374\/revisions\/325399"}],"wp:featuredmedia":[{"embeddable":true,"href":"https:\/\/www.meydan.tv\/az\/wp-json\/wp\/v2\/media\/325375"}],"wp:attachment":[{"href":"https:\/\/www.meydan.tv\/az\/wp-json\/wp\/v2\/media?parent=325374"}],"wp:term":[{"taxonomy":"category","embeddable":true,"href":"https:\/\/www.meydan.tv\/az\/wp-json\/wp\/v2\/categories?post=325374"},{"taxonomy":"post_tag","embeddable":true,"href":"https:\/\/www.meydan.tv\/az\/wp-json\/wp\/v2\/tags?post=325374"}],"curies":[{"name":"wp","href":"https:\/\/api.w.org\/{rel}","templated":true}]}}