{"id":325353,"date":"2025-01-28T12:07:36","date_gmt":"2025-01-28T08:07:36","guid":{"rendered":"https:\/\/www.meydan.tv\/?p=325353"},"modified":"2025-01-28T12:07:39","modified_gmt":"2025-01-28T08:07:39","slug":"az%c9%99riqazda-kutl%c9%99vi-ixtisarlar-iscil%c9%99rin-m%c9%99hk%c9%99m%c9%99y%c9%99-muraci%c9%99t-etm%c9%99k-huququ-var","status":"publish","type":"post","link":"https:\/\/www.meydan.tv\/az\/article\/az%c9%99riqazda-kutl%c9%99vi-ixtisarlar-iscil%c9%99rin-m%c9%99hk%c9%99m%c9%99y%c9%99-muraci%c9%99t-etm%c9%99k-huququ-var\/","title":{"rendered":"\u201cAz\u0259riqaz\u201dda k\u00fctl\u0259vi ixtisarlar: &#8220;\u0130\u015f\u00e7il\u0259rin m\u0259hk\u0259m\u0259y\u0259 m\u00fcraci\u0259t etm\u0259k h\u00fcququ var&#8221;"},"content":{"rendered":"\n<p><\/p>\n\n\n\n<p><strong><em>H\u00fcquq m\u00fcdafi\u0259\u00e7isi deyir ki, \u015ftatlar\u0131n l\u0259\u011fvi v\u0259 ixtisarlar\u0131n h\u00fcquqi \u0259sas\u0131 olmal\u0131d\u0131r<\/em><\/strong><\/p>\n\n\n\n<p>\u201cAz\u0259riqaz\u201d \u0130stehsalat Birliyinin 2024-c\u00fc il dekabr\u0131n sonlar\u0131nda \u00e7oxlu sayda i\u015f\u00e7ini ixtisar etdiyi bildirilir.<\/p>\n\n\n\n<p>\u201cAz\u0259riqaz\u201d\u0131n \u201cT\u0259miz Qaz\u201d Qapal\u0131 S\u0259himdar C\u0259miyy\u0259ti il\u0259 ba\u011flad\u0131\u011f\u0131 m\u00fcqavil\u0259y\u0259 d\u0259yi\u015fiklik etm\u0259si podrat\u00e7\u0131 \u015firk\u0259tin 500-d\u0259n art\u0131q \u0259m\u0259kda\u015f\u0131n\u0131n i\u015fsiz qalmas\u0131na <a href=\"https:\/\/teleqraf.com\/news\/iqtisadiyyat\/449993.html\" target=\"_blank\" rel=\"noreferrer noopener\">s\u0259b\u0259b olub<\/a>.<\/p>\n\n\n\n<p>&#8220;Az\u0259riqaz&#8221; \u0130B &#8220;T\u0259miz Qaz&#8221; \u015firk\u0259ti il\u0259 yer\u00fcst\u00fc qaz k\u0259m\u0259rl\u0259rin\u0259 texniki bax\u0131\u015f\u0131n ke\u00e7irilm\u0259si, qaz t\u0259nziml\u0259yicil\u0259rin yoxlan\u0131lmas\u0131 v\u0259 sazlanmas\u0131, yer\u00fcst\u00fc siyirtm\u0259l\u0259r\u0259 texniki bax\u0131\u015f\u0131n apar\u0131lmas\u0131 y\u00f6n\u00fcnd\u0259 2021-ci ild\u0259 ba\u011flad\u0131\u011f\u0131 sat\u0131nalma m\u00fcqavil\u0259sin\u0259 bu ild\u0259n d\u0259yi\u015fiklik etm\u0259yi q\u0259rara al\u0131b.<\/p>\n\n\n\n<p>Bu \u0259m\u0259liyyat \u00fczr\u0259 x\u0259rcl\u0259ri optimalla\u015fd\u0131raraq podrat\u00e7\u0131 vasit\u0259sil\u0259 deyil, \u00f6z kadr potensial\u0131 il\u0259 icras\u0131na q\u0259rar verib.<\/p>\n\n\n\n<p>H\u0259tta birlik t\u0259r\u0259find\u0259n bu bar\u0259d\u0259 \u00f6t\u0259n il noyabr\u0131n 29-da &#8220;T\u0259miz Qaz&#8221; QSC-y\u0259 m\u0259ktub \u00fcnvanlan\u0131b.<\/p>\n\n\n\n<p>M\u0259ktubda orta v\u0259 a\u015fa\u011f\u0131 t\u0259zyiqli (bir pill\u0259 iki pill\u0259) yer\u00fcst\u00fc qaz k\u0259m\u0259rl\u0259rin\u0259 v\u0259 onlar\u0131n \u00fcz\u0259rind\u0259 olan b\u00fct\u00fcn n\u00f6v qur\u011fu v\u0259 avadanl\u0131qlara g\u00f6st\u0259ril\u0259n texniki bax\u0131\u015f\u0131n 2025-ci ilin yanvar\u0131n 1-d\u0259n etibar\u0259n dayand\u0131r\u0131lmas\u0131 bildirilib.<\/p>\n\n\n\n<p>Texniki bax\u0131\u015f xidm\u0259tl\u0259rinin sifari\u015f\u00e7i t\u0259r\u0259find\u0259n l\u0259\u011fv edilm\u0259sind\u0259n sonra bilavasit\u0259 h\u0259min xidm\u0259tl\u0259r \u00fczr\u0259 paytaxtda v\u0259 b\u00f6lg\u0259l\u0259rd\u0259 i\u015f\u0259 g\u00f6t\u00fcr\u00fcl\u0259n i\u015f\u00e7il\u0259r\u0259 bu bar\u0259d\u0259 bildiri\u015f t\u0259qdim olunub.<\/p>\n\n\n\n<p>Daha sonra is\u0259 \u018fm\u0259k M\u0259c\u0259ll\u0259sinin 70-ci madd\u0259sinin &#8220;b&#8221; b\u0259ndin\u0259 \u0259sas\u0259n ixtisar edilibl\u0259r.<\/p>\n\n\n\n<p>&#8220;T\u0259miz Qaz&#8221; 2014-c\u00fc ild\u0259n ba\u015flayaraq \u201cAz\u0259riqaz\u201d \u0130B-nin sifari\u015fi \u0259sas\u0131nda respublikan\u0131n 68 rayon v\u0259 \u015f\u0259h\u0259rind\u0259 m\u00f6vcud olan qaz t\u0259s\u0259rr\u00fcfat\u0131na texniki bax\u0131\u015f\u0131n ke\u00e7irilm\u0259si v\u0259 qaz s\u0131zmalar\u0131n\u0131n a\u015fkar edilm\u0259si i\u015fl\u0259rini apar\u0131r.<\/p>\n\n\n\n<p>\u0130ll\u0259r \u0259rzind\u0259 \u015fikr\u0259tl\u0259 bu y\u00f6nd\u0259 ba\u011flan\u0131lan m\u00fcqavil\u0259 yenil\u0259nib, h\u0259tta &#8220;T\u0259miz Qaz&#8221;a h\u0259val\u0259 edil\u0259n i\u015fl\u0259rin say\u0131 art\u0131r\u0131l\u0131b.<\/p>\n\n\n\n<p>2017-ci ild\u0259n \u015firk\u0259t &#8220;Az\u0259riqaz&#8221;\u0131n sifari\u015fi \u0259sas\u0131nda m\u0259i\u015f\u0259t qaz say\u011faclar\u0131na daxili v\u0259 xarici metroloji texniki bax\u0131\u015f\u0131n ke\u00e7irilm\u0259si, uy\u011funsuzluqlar\u0131n a\u015fkar edilm\u0259si v\u0259 yeni say\u011facla \u0259v\u0259z edilm\u0259si i\u015fl\u0259rini h\u0259yata ke\u00e7irir.<\/p>\n\n\n\n<p>2018-ci ild\u0259n ba\u015flayaraq SOCAR Qaz \u0130xrac \u0130dar\u0259sinin sifari\u015fi \u0259sas\u0131nda yeralt\u0131 magistral qaz k\u0259m\u0259rl\u0259rin\u0259 v\u0259 qaz kranlar\u0131na texniki bax\u0131\u015f\u0131n ke\u00e7irilm\u0259si v\u0259 qaz s\u0131zmalar\u0131n\u0131n a\u015fkar edilm\u0259si i\u015fl\u0259rini g\u00f6r\u00fcr. Y\u0259ni d\u00f6vl\u0259t qurumu il\u0259 \u015firk\u0259tin \u0259m\u0259kda\u015fl\u0131\u011f\u0131 11 ildir davam edir.<\/p>\n\n\n\n<p>&nbsp;Zaman\u0131nda &#8220;Az\u0259riqaz&#8221;\u0131n milyonluq tenderini qazanan &#8220;T\u0259miz Qaz&#8221;\u0131n \u0259sas \u015fuar\u0131 texniki bax\u0131\u015f i\u015fl\u0259rinin h\u0259yata ke\u00e7irilm\u0259si \u00fc\u00e7\u00fcn y\u00fcks\u0259k pe\u015f\u0259karl\u0131\u011f\u0131 olan v\u0259 xarici m\u00fct\u0259x\u0259ssisl\u0259r t\u0259r\u0259find\u0259n t\u0259lim alan i\u015f\u00e7il\u0259rinin olmas\u0131 idi.<\/p>\n\n\n\n<p>&#8220;T\u0259miz Qaz&#8221;\u0131n podrat\u00e7\u0131l\u0131\u011f\u0131n\u0131 etdiyi i\u015fl\u0259ri bundan sonra sifari\u015f\u00e7inin \u00f6z\u00fc &#8211; &#8220;Az\u0259riqaz&#8221; h\u0259yata ke\u00e7ir\u0259c\u0259k.<\/p>\n\n\n\n<p><strong>&#8220;\u018fm\u0259k M\u0259c\u0259ll\u0259sinin t\u0259l\u0259bl\u0259rini pozanlar m\u00fcvafiq m\u0259suliyy\u0259t\u0259 c\u0259lb edilm\u0259lidir&#8221;<\/strong><\/p>\n\n\n\n<p>H\u00fcquq m\u00fcdafi\u0259\u00e7isi, Neft\u00e7il\u0259rin H\u00fcquqlar\u0131n\u0131n M\u00fcdafi\u0259 T\u0259\u015fkilat\u0131n\u0131n s\u0259dri Mirvari Q\u0259hr\u0259manl\u0131 Meydan TV-y\u0259 bildirib ki, i\u015f\u00e7il\u0259rin say\u0131n\u0131n v\u0259 ya \u015ftatlar\u0131n ixtisar edilm\u0259si il\u0259 \u0259laq\u0259dar olaraq i\u015f\u00e7il\u0259rin s\u0259rb\u0259stl\u0259\u015fdirilm\u0259si, m\u00fcvafiq h\u0259mkarlar ittifaq\u0131 orqanlar\u0131na qabaqcadan (az\u0131 3 ay \u0259vv\u0259l) yaz\u0131l\u0131 m\u0259lumat verm\u0259kl\u0259, i\u015f\u00e7il\u0259rin h\u00fcquqlar\u0131n\u0131n v\u0259 m\u0259nafel\u0259rinin g\u00f6zl\u0259nilm\u0259si bar\u0259d\u0259 onlarla dan\u0131\u015f\u0131qlar apar\u0131lmaqla h\u0259yata ke\u00e7irilm\u0259lidir.<\/p>\n\n\n\n<p>O deyir ki, \u201c\u0130\u015f\u00e7il\u0259rin say\u0131n\u0131n azald\u0131lmas\u0131 v\u0259 ya \u015ftatlar\u0131n ixtisar\u0131\u201d \u0259sas\u0131 il\u0259 i\u015f\u00e7il\u0259rl\u0259 ba\u011flanm\u0131\u015f \u0259m\u0259k m\u00fcqavil\u0259sinin l\u0259\u011fv edilm\u0259si, \u0259m\u0259k m\u00fcnasib\u0259tl\u0259rind\u0259 \u0259n m\u00fch\u00fcm v\u0259 a\u011fr\u0131l\u0131 m\u0259qamlardan biridir:<\/p>\n\n\n<div class=\"wp-block-image\">\n<figure class=\"alignright size-full is-resized\"><img decoding=\"async\" width=\"1200\" height=\"591\" data-src=\"https:\/\/www.meydan.tv\/wp-content\/uploads\/untitled-design-65-e1665996332825.jpg\" alt=\"\" class=\"wp-image-258403 lazyload\" style=\"--smush-placeholder-width: 1200px; --smush-placeholder-aspect-ratio: 1200\/591;width:470px;height:auto\" src=\"data:image\/svg+xml;base64,PHN2ZyB3aWR0aD0iMSIgaGVpZ2h0PSIxIiB4bWxucz0iaHR0cDovL3d3dy53My5vcmcvMjAwMC9zdmciPjwvc3ZnPg==\" \/><figcaption class=\"wp-element-caption\">Foto: Mirvari Q\u0259hr\u0259manl\u0131n\u0131n \u015f\u0259xsi profilind\u0259ndir<\/figcaption><\/figure>\n<\/div>\n\n\n<p><em>\u201c\u0130xtisar- ilk n\u00f6vb\u0259d\u0259 \u00f6z i\u015f yerini v\u0259 ya \u0259m\u0259khaqq\u0131n\u0131 itir\u0259n i\u015f\u00e7inin g\u00f6zl\u0259m\u0259diyi halda i\u015fsiz v\u0259 \u00e7\u0259tin v\u0259ziyy\u0259td\u0259 qalmas\u0131d\u0131r. \u201c\u0130\u015f\u00e7il\u0259rin say\u0131n\u0131n azald\u0131lmas\u0131 v\u0259 ya \u015ftatlar\u0131n ixtisar\u0131\u201d \u0259sas\u0131 il\u0259 i\u015f\u00e7i ba\u011flanm\u0131\u015f \u0259m\u0259k m\u00fcqavil\u0259sinin &#8211; qanunla n\u0259z\u0259rd\u0259 tutulan qaydada l\u0259\u011fv etm\u0259k kimi i\u015f\u0259g\u00f6t\u00fcr\u0259nin h\u00fcquq v\u0259 s\u0259lahiyy\u0259ti var. Lakin bu \u0259sasla \u0259m\u0259k m\u00fcqavil\u0259sini l\u0259\u011fv ed\u0259rk\u0259n b\u00fct\u00fcn hallarda i\u015f\u0259g\u00f6t\u00fcr\u0259n \u018fm\u0259k M\u0259c\u0259ll\u0259sinin 70, 71, 77, 78, 79, 80 v\u0259 dig\u0259r madd\u0259l\u0259rinin t\u0259l\u0259bl\u0259rin\u0259 \u0259m\u0259l etm\u0259lidir. \u0130\u015f\u00e7il\u0259rin say\u0131 v\u0259 ya \u015ftatlar\u0131 ixtisar\u0131 \u00fc\u00e7\u00fcn \u0259n vacib amil h\u00fcquqi \u0259saslar\u0131n olmas\u0131d\u0131r\u201d.<\/em><\/p>\n\n\n\n<p>H\u00fcquq m\u00fcdafi\u0259\u00e7isi deyir ki, \u015ftatlar\u0131n ixtisar\u0131 z\u0259rur\u0259ti m\u00fc\u0259ssis\u0259d\u0259 i\u015f v\u0259 xidm\u0259tl\u0259r azald\u0131qda v\u0259 ya qurtard\u0131qda, h\u0259min \u015ftatlara ehtiyac qalmad\u0131qda, yeni texnika v\u0259 texnologiyalar\u0131n t\u0259dbiqi il\u0259 \u0259laq\u0259dar h\u0259min \u015ftatlara ehtiyac qalmad\u0131qda, idar\u0259 v\u0259 ya m\u00fc\u0259ssis\u0259nin maliyy\u0259 v\u0259ziyy\u0259tinin a\u011f\u0131r olmas\u0131 v\u0259 sair hallarda yarana bil\u0259r.<\/p>\n\n\n\n<p><em>\u201cQeyd etdiyim \u0259saslarla i\u015f\u00e7il\u0259rl\u0259 ba\u011flanm\u0131\u015f \u0259m\u0259k m\u00fcqavil\u0259sinin l\u0259\u011fvinin z\u0259rur\u0259ti b\u00fct\u00fcn hallarda i\u015f\u0259g\u00f6t\u00fcr\u0259nin \u0259mri v\u0259 ya s\u0259r\u0259ncam\u0131 il\u0259 \u0259sasland\u0131r\u0131lmal\u0131 v\u0259 r\u0259smil\u0259\u015fdirilm\u0259lidir. \u018fg\u0259r l\u0259\u011fv olunmu\u015f \u015ftat v\u0259 ya \u015ftatlara, bu i\u015f\u00e7inin yerin\u0259 q\u0131sa m\u00fcdd\u0259td\u0259n sonra v\u0259 he\u00e7 bir \u0259sas olmadan dig\u0259r i\u015f\u00e7i v\u0259ya i\u015f\u00e7il\u0259r q\u0259bul edilis\u0259, bu h\u0259min m\u00fc\u0259ssis\u0259l\u0259rd\u0259 &#8211; \u015ftatlar\u0131n ixtisar\u0131n\u0131n formal v\u0259 ya q\u0259r\u0259zli apar\u0131lmas\u0131n\u0131 t\u0259sdiq edir\u201d<\/em>, &#8211; Mirvari Q\u0259hr\u0259manl\u0131 deyir.<\/p>\n\n\n\n<p>Q\u0259hr\u0259manl\u0131 \u0259lav\u0259 edir ki, i\u015f\u00e7il\u0259rin say\u0131n\u0131n azald\u0131lmas\u0131 v\u0259 ya \u015ftatlar\u0131n ixtisar\u0131n\u0131 &#8211; formal v\u0259 q\u0259r\u0259zli aparan, i\u015f\u00e7il\u0259rin \u0259m\u0259k m\u00fcqavil\u0259sini l\u0259\u011fv ed\u0259n i\u015f\u0259g\u00f6t\u00fcr\u0259nl\u0259r \u018fm\u0259k M\u0259c\u0259ll\u0259sinin 310-cu madd\u0259sind\u0259 n\u0259z\u0259rd\u0259 tutulan qaydada maddi, intizam, inzibati v\u0259 cinay\u0259t m\u0259suliyy\u0259ti da\u015f\u0131y\u0131rlar:<\/p>\n\n\n\n<p><em>\u201c\u0130\u015f\u00e7il\u0259rin say\u0131n\u0131n azald\u0131lmas\u0131n\u0131n v\u0259 \u015ftatlar\u0131n qanunsuz ixtisar\u0131n\u0131n h\u0259yata ke\u00e7irilm\u0259sinin qar\u015f\u0131s\u0131, h\u0259mkarlar ittifaq\u0131 t\u0259\u015fkilat\u0131 t\u0259r\u0259find\u0259n d\u0259 al\u0131na bil\u0259r. \u0130\u015f\u00e7i il\u0259 bu \u0259sasla \u0259m\u0259k m\u00fcqavil\u0259sinin l\u0259\u011fvi edilm\u0259si \u00fc\u00e7\u00fcn h\u0259mkarlar ittifaq\u0131 t\u0259\u015fkilat\u0131n\u0131n raz\u0131l\u0131\u011f\u0131 al\u0131nmal\u0131d\u0131r. H\u0259mkarlar ittifaq\u0131 t\u0259\u015fkilat\u0131 is\u0259 qanunsuz h\u0259yata ke\u00e7iril\u0259n bu ixtisarlar\u0131n qar\u015f\u0131s\u0131n\u0131 almaq \u00fc\u00e7\u00fcn i\u015f\u00e7i il\u0259 ba\u011flanm\u0131\u015f \u0259m\u0259k m\u00fcqavil\u0259sinin l\u0259\u011fvin\u0259 raz\u0131l\u0131q verm\u0259y\u0259 bil\u0259r\u201d<\/em>.<\/p>\n\n\n\n<p>Onun s\u00f6zl\u0259rin\u0259 g\u00f6r\u0259, i\u015f\u00e7il\u0259rin say\u0131n\u0131n azald\u0131lmas\u0131 v\u0259 ya \u015ftatlar\u0131n ixtisar\u0131 \u0259sas\u0131 il\u0259 i\u015f\u00e7il\u0259rl\u0259 ba\u011flanm\u0131\u015f \u0259m\u0259k m\u00fcqavil\u0259sinin l\u0259\u011fvi zaman\u0131 \u018fm\u0259k M\u0259c\u0259ll\u0259sin\u0259 (78-ci madd\u0259si) uy\u011fun olaraq v\u0259 n\u0259z\u0259rd\u0259 tutulan qaydada i\u015f\u00e7il\u0259rin pe\u015f\u0259karl\u0131\u011f\u0131 x\u00fcsusi olaraq qiym\u0259tl\u0259ndirilm\u0259lidir:<\/p>\n\n\n\n<p><em>\u201cBu zaman i\u015f\u00e7inin pe\u015f\u0259karll\u0131\u011f\u0131, pe\u015f\u0259 \u00fczr\u0259 ixtisas\u0131, \u0259m\u0259k funksiyas\u0131 v\u0259 v\u0259zif\u0259l\u0259rinin yerin\u0259 yetirm\u0259 bacar\u0131\u011f\u0131, i\u015f\u0259 davamiyy\u0259ti, bilik v\u0259 t\u0259hsili, kollektivd\u0259 n\u00fcfuzu, t\u0259ltif olunmas\u0131, sertifikat\u0131, m\u00fckafatlar\u0131, intizam m\u0259suliyy\u0259tin\u0259 c\u0259lb olunmas\u0131 v\u0259 sair hallar \u00fczr\u0259 m\u00fcqayis\u0259 apar\u0131lmal\u0131 v\u0259 b\u00fct\u00fcn i\u015f\u00e7il\u0259r \u00fc\u00e7\u00fcn \u00fcmumi kriteriyalar m\u00fc\u0259yy\u0259n olunmal\u0131d\u0131r. \u0130\u015f\u00e7il\u0259rin say\u0131n\u0131n azald\u0131lmas\u0131 v\u0259 ya \u015ftatlar\u0131n ixtisar\u0131 \u0259sas\u0131 il\u0259 i\u015f\u00e7il\u0259rl\u0259 ba\u011flanm\u0131\u015f \u0259m\u0259k m\u00fcqavil\u0259sinin l\u0259\u011fvi zaman\u0131 \u018fm\u0259k M\u0259c\u0259ll\u0259sind\u0259 (78 v\u0259 79-cu madd\u0259) n\u0259z\u0259rd\u0259 tutulan qaydada i\u015f\u00e7il\u0259rin i\u015fd\u0259 saxlan\u0131lmas\u0131 \u00fc\u00e7\u00fcn qanunla n\u0259z\u0259rd\u0259 tutulan g\u00fcz\u0259\u015ft v\u0259 ya t\u0259minatlar\u0131, bu zaman i\u015f\u00e7il\u0259rl\u0259 ba\u011flanm\u0131\u015f \u0259m\u0259k m\u00fcqavil\u0259l\u0259rinin l\u0259\u011fv edilm\u0259sini qada\u011fan ed\u0259n hallar n\u0259z\u0259r\u0259 al\u0131nmal\u0131d\u0131r\u201d.<\/em><\/p>\n\n\n\n<p>Mirvari Q\u0259hr\u0259manl\u0131 deyir ki, \u018fm\u0259k M\u0259c\u0259ll\u0259sin\u0259 uy\u011fun olmayan qanunsuz ixtisarlarla ba\u011fl\u0131 i\u015f\u00e7il\u0259rin m\u0259hk\u0259m\u0259y\u0259 m\u00fcraci\u0259t etm\u0259k h\u00fcquqlar\u0131 var:<\/p>\n\n\n\n<p><em>\u201cLakin bu qanunsuzlu\u011fun aradan qald\u0131r\u0131lmas\u0131n\u0131 i\u015f\u0259g\u00f6t\u00fcr\u0259nd\u0259n t\u0259l\u0259b etm\u0259k ilk n\u00f6vb\u0259d\u0259 \u0259m\u0259k qanunvericiliyin\u0259 ictimai v\u0259 d\u00f6vl\u0259t n\u0259zar\u0259tini h\u0259yata ke\u00e7irm\u0259li olan h\u0259mkarlar ittifaqlar\u0131 t\u0259\u015fkilatlar\u0131n\u0131n v\u0259 D\u00f6vl\u0259t \u018fm\u0259k M\u00fcf\u0259tti\u015fliyi Xidm\u0259tinin v\u0259zif\u0259sidir. \u0130\u015f\u00e7il\u0259rin say\u0131n\u0131n azald\u0131lmas\u0131 v\u0259 ya \u015ftatlar\u0131n ixtisar\u0131 \u0259sas\u0131 il\u0259 i\u015f\u00e7il\u0259rl\u0259 ba\u011flanm\u0131\u015f \u0259m\u0259k m\u00fcqavil\u0259sinin l\u0259\u011fvi \u0259sasl\u0131 v\u0259 qanuni olmal\u0131d\u0131r. \u018fm\u0259k M\u0259c\u0259ll\u0259sinin bu t\u0259l\u0259bl\u0259rini pozanlar is\u0259 m\u00fcvafiq m\u0259suliyy\u0259t\u0259 c\u0259lb edilm\u0259lidir\u201d.<\/em><\/p>\n","protected":false},"excerpt":{"rendered":"<p>H\u00fcquq m\u00fcdafi\u0259\u00e7isi deyir ki, \u015ftatlar\u0131n l\u0259\u011fvi v\u0259 ixtisarlar\u0131n h\u00fcquqi \u0259sas\u0131 &#8230; <\/p>\n<p class=\"read-more-container\"><a title=\"\u201cAz\u0259riqaz\u201dda k\u00fctl\u0259vi ixtisarlar: &#8220;\u0130\u015f\u00e7il\u0259rin m\u0259hk\u0259m\u0259y\u0259 m\u00fcraci\u0259t etm\u0259k h\u00fcququ var&#8221;\" class=\"read-more button\" href=\"https:\/\/www.meydan.tv\/az\/article\/az%c9%99riqazda-kutl%c9%99vi-ixtisarlar-iscil%c9%99rin-m%c9%99hk%c9%99m%c9%99y%c9%99-muraci%c9%99t-etm%c9%99k-huququ-var\/#more-325353\" aria-label=\"Read more about \u201cAz\u0259riqaz\u201dda k\u00fctl\u0259vi ixtisarlar: &#8220;\u0130\u015f\u00e7il\u0259rin m\u0259hk\u0259m\u0259y\u0259 m\u00fcraci\u0259t etm\u0259k h\u00fcququ var&#8221;\">Davam\u0131<\/a><\/p>\n","protected":false},"author":21,"featured_media":246000,"comment_status":"closed","ping_status":"closed","sticky":false,"template":"","format":"standard","meta":{"_acf_changed":false,"_sitemap_exclude":false,"_sitemap_priority":"","_sitemap_frequency":"","footnotes":""},"categories":[62,56],"tags":[],"class_list":["post-325353","post","type-post","status-publish","format-standard","has-post-thumbnail","hentry","category-sosial","category-xeberler","infinite-scroll-item","generate-columns","tablet-grid-50","mobile-grid-100","grid-parent","grid-33","no-featured-image-padding"],"acf":[],"yoast_head":"<!-- This site is optimized with the Yoast SEO plugin v27.4 - https:\/\/yoast.com\/product\/yoast-seo-wordpress\/ -->\n<title>\u201cAz\u0259riqaz\u201dda k\u00fctl\u0259vi ixtisarlar: &quot;\u0130\u015f\u00e7il\u0259rin m\u0259hk\u0259m\u0259y\u0259 m\u00fcraci\u0259t etm\u0259k h\u00fcququ var&quot; - MEYDAN.TV<\/title>\n<meta name=\"robots\" content=\"index, follow, max-snippet:-1, max-image-preview:large, max-video-preview:-1\" \/>\n<link rel=\"canonical\" href=\"https:\/\/www.meydan.tv\/az\/article\/az%c9%99riqazda-kutl%c9%99vi-ixtisarlar-iscil%c9%99rin-m%c9%99hk%c9%99m%c9%99y%c9%99-muraci%c9%99t-etm%c9%99k-huququ-var\/\" \/>\n<meta property=\"og:locale\" content=\"az_AZ\" \/>\n<meta property=\"og:type\" content=\"article\" \/>\n<meta property=\"og:title\" content=\"\u201cAz\u0259riqaz\u201dda k\u00fctl\u0259vi ixtisarlar: &quot;\u0130\u015f\u00e7il\u0259rin m\u0259hk\u0259m\u0259y\u0259 m\u00fcraci\u0259t etm\u0259k h\u00fcququ var&quot; - MEYDAN.TV\" \/>\n<meta property=\"og:description\" content=\"H\u00fcquq m\u00fcdafi\u0259\u00e7isi deyir ki, \u015ftatlar\u0131n l\u0259\u011fvi v\u0259 ixtisarlar\u0131n h\u00fcquqi \u0259sas\u0131 ... Davam\u0131\" \/>\n<meta property=\"og:url\" content=\"https:\/\/www.meydan.tv\/az\/article\/az%c9%99riqazda-kutl%c9%99vi-ixtisarlar-iscil%c9%99rin-m%c9%99hk%c9%99m%c9%99y%c9%99-muraci%c9%99t-etm%c9%99k-huququ-var\/\" \/>\n<meta property=\"og:site_name\" content=\"MEYDAN.TV\" \/>\n<meta property=\"article:published_time\" content=\"2025-01-28T08:07:36+00:00\" \/>\n<meta property=\"article:modified_time\" content=\"2025-01-28T08:07:39+00:00\" \/>\n<meta property=\"og:image\" content=\"https:\/\/www.meydan.tv\/wp-content\/uploads\/azeriqaz-1-e1682688193130.jpg\" \/>\n\t<meta property=\"og:image:width\" content=\"1200\" \/>\n\t<meta property=\"og:image:height\" content=\"639\" \/>\n\t<meta property=\"og:image:type\" content=\"image\/jpeg\" \/>\n<meta name=\"author\" content=\"mahmud\" \/>\n<meta name=\"twitter:card\" content=\"summary_large_image\" \/>\n<script type=\"application\/ld+json\" class=\"yoast-schema-graph\">{\"@context\":\"https:\\\/\\\/schema.org\",\"@graph\":[{\"@type\":\"Article\",\"@id\":\"https:\\\/\\\/www.meydan.tv\\\/az\\\/article\\\/az%c9%99riqazda-kutl%c9%99vi-ixtisarlar-iscil%c9%99rin-m%c9%99hk%c9%99m%c9%99y%c9%99-muraci%c9%99t-etm%c9%99k-huququ-var\\\/#article\",\"isPartOf\":{\"@id\":\"https:\\\/\\\/www.meydan.tv\\\/az\\\/article\\\/az%c9%99riqazda-kutl%c9%99vi-ixtisarlar-iscil%c9%99rin-m%c9%99hk%c9%99m%c9%99y%c9%99-muraci%c9%99t-etm%c9%99k-huququ-var\\\/\"},\"author\":{\"name\":\"mahmud\",\"@id\":\"https:\\\/\\\/www.meydan.tv\\\/az\\\/#\\\/schema\\\/person\\\/09863e516102a829e72bedcf3f84c6b0\"},\"headline\":\"\u201cAz\u0259riqaz\u201dda k\u00fctl\u0259vi ixtisarlar: &#8220;\u0130\u015f\u00e7il\u0259rin m\u0259hk\u0259m\u0259y\u0259 m\u00fcraci\u0259t etm\u0259k h\u00fcququ var&#8221;\",\"datePublished\":\"2025-01-28T08:07:36+00:00\",\"dateModified\":\"2025-01-28T08:07:39+00:00\",\"mainEntityOfPage\":{\"@id\":\"https:\\\/\\\/www.meydan.tv\\\/az\\\/article\\\/az%c9%99riqazda-kutl%c9%99vi-ixtisarlar-iscil%c9%99rin-m%c9%99hk%c9%99m%c9%99y%c9%99-muraci%c9%99t-etm%c9%99k-huququ-var\\\/\"},\"wordCount\":1644,\"publisher\":{\"@id\":\"https:\\\/\\\/www.meydan.tv\\\/az\\\/#organization\"},\"image\":{\"@id\":\"https:\\\/\\\/www.meydan.tv\\\/az\\\/article\\\/az%c9%99riqazda-kutl%c9%99vi-ixtisarlar-iscil%c9%99rin-m%c9%99hk%c9%99m%c9%99y%c9%99-muraci%c9%99t-etm%c9%99k-huququ-var\\\/#primaryimage\"},\"thumbnailUrl\":\"https:\\\/\\\/www.meydan.tv\\\/wp-content\\\/uploads\\\/azeriqaz-1-e1682688193130.jpg\",\"articleSection\":[\"Sosial\",\"X\u0259b\u0259rl\u0259r\"],\"inLanguage\":\"az\"},{\"@type\":\"WebPage\",\"@id\":\"https:\\\/\\\/www.meydan.tv\\\/az\\\/article\\\/az%c9%99riqazda-kutl%c9%99vi-ixtisarlar-iscil%c9%99rin-m%c9%99hk%c9%99m%c9%99y%c9%99-muraci%c9%99t-etm%c9%99k-huququ-var\\\/\",\"url\":\"https:\\\/\\\/www.meydan.tv\\\/az\\\/article\\\/az%c9%99riqazda-kutl%c9%99vi-ixtisarlar-iscil%c9%99rin-m%c9%99hk%c9%99m%c9%99y%c9%99-muraci%c9%99t-etm%c9%99k-huququ-var\\\/\",\"name\":\"\u201cAz\u0259riqaz\u201dda k\u00fctl\u0259vi ixtisarlar: \\\"\u0130\u015f\u00e7il\u0259rin m\u0259hk\u0259m\u0259y\u0259 m\u00fcraci\u0259t etm\u0259k h\u00fcququ var\\\" - MEYDAN.TV\",\"isPartOf\":{\"@id\":\"https:\\\/\\\/www.meydan.tv\\\/az\\\/#website\"},\"primaryImageOfPage\":{\"@id\":\"https:\\\/\\\/www.meydan.tv\\\/az\\\/article\\\/az%c9%99riqazda-kutl%c9%99vi-ixtisarlar-iscil%c9%99rin-m%c9%99hk%c9%99m%c9%99y%c9%99-muraci%c9%99t-etm%c9%99k-huququ-var\\\/#primaryimage\"},\"image\":{\"@id\":\"https:\\\/\\\/www.meydan.tv\\\/az\\\/article\\\/az%c9%99riqazda-kutl%c9%99vi-ixtisarlar-iscil%c9%99rin-m%c9%99hk%c9%99m%c9%99y%c9%99-muraci%c9%99t-etm%c9%99k-huququ-var\\\/#primaryimage\"},\"thumbnailUrl\":\"https:\\\/\\\/www.meydan.tv\\\/wp-content\\\/uploads\\\/azeriqaz-1-e1682688193130.jpg\",\"datePublished\":\"2025-01-28T08:07:36+00:00\",\"dateModified\":\"2025-01-28T08:07:39+00:00\",\"breadcrumb\":{\"@id\":\"https:\\\/\\\/www.meydan.tv\\\/az\\\/article\\\/az%c9%99riqazda-kutl%c9%99vi-ixtisarlar-iscil%c9%99rin-m%c9%99hk%c9%99m%c9%99y%c9%99-muraci%c9%99t-etm%c9%99k-huququ-var\\\/#breadcrumb\"},\"inLanguage\":\"az\",\"potentialAction\":[{\"@type\":\"ReadAction\",\"target\":[\"https:\\\/\\\/www.meydan.tv\\\/az\\\/article\\\/az%c9%99riqazda-kutl%c9%99vi-ixtisarlar-iscil%c9%99rin-m%c9%99hk%c9%99m%c9%99y%c9%99-muraci%c9%99t-etm%c9%99k-huququ-var\\\/\"]}]},{\"@type\":\"ImageObject\",\"inLanguage\":\"az\",\"@id\":\"https:\\\/\\\/www.meydan.tv\\\/az\\\/article\\\/az%c9%99riqazda-kutl%c9%99vi-ixtisarlar-iscil%c9%99rin-m%c9%99hk%c9%99m%c9%99y%c9%99-muraci%c9%99t-etm%c9%99k-huququ-var\\\/#primaryimage\",\"url\":\"https:\\\/\\\/www.meydan.tv\\\/wp-content\\\/uploads\\\/azeriqaz-1-e1682688193130.jpg\",\"contentUrl\":\"https:\\\/\\\/www.meydan.tv\\\/wp-content\\\/uploads\\\/azeriqaz-1-e1682688193130.jpg\",\"width\":1200,\"height\":639,\"caption\":\"M\u0259nb\u0259: \\\"Az\u0259riqaz\\\"\"},{\"@type\":\"BreadcrumbList\",\"@id\":\"https:\\\/\\\/www.meydan.tv\\\/az\\\/article\\\/az%c9%99riqazda-kutl%c9%99vi-ixtisarlar-iscil%c9%99rin-m%c9%99hk%c9%99m%c9%99y%c9%99-muraci%c9%99t-etm%c9%99k-huququ-var\\\/#breadcrumb\",\"itemListElement\":[{\"@type\":\"ListItem\",\"position\":1,\"name\":\"Ana s\u0259hif\u0259\",\"item\":\"https:\\\/\\\/www.meydan.tv\\\/az\\\/\"},{\"@type\":\"ListItem\",\"position\":2,\"name\":\"Sosial\",\"item\":\"https:\\\/\\\/www.meydan.tv\\\/az\\\/section\\\/sosial\\\/\"},{\"@type\":\"ListItem\",\"position\":3,\"name\":\"\u201cAz\u0259riqaz\u201dda k\u00fctl\u0259vi ixtisarlar: &#8220;\u0130\u015f\u00e7il\u0259rin m\u0259hk\u0259m\u0259y\u0259 m\u00fcraci\u0259t etm\u0259k h\u00fcququ var&#8221;\"}]},{\"@type\":\"WebSite\",\"@id\":\"https:\\\/\\\/www.meydan.tv\\\/az\\\/#website\",\"url\":\"https:\\\/\\\/www.meydan.tv\\\/az\\\/\",\"name\":\"MEYDAN.TV\",\"description\":\"Meydan TV Az\u0259rbaycan\u0131n media m\u0259kan\u0131ndak\u0131 alternativ s\u0259sidir\",\"publisher\":{\"@id\":\"https:\\\/\\\/www.meydan.tv\\\/az\\\/#organization\"},\"potentialAction\":[{\"@type\":\"SearchAction\",\"target\":{\"@type\":\"EntryPoint\",\"urlTemplate\":\"https:\\\/\\\/www.meydan.tv\\\/az\\\/?s={search_term_string}\"},\"query-input\":{\"@type\":\"PropertyValueSpecification\",\"valueRequired\":true,\"valueName\":\"search_term_string\"}}],\"inLanguage\":\"az\"},{\"@type\":\"Organization\",\"@id\":\"https:\\\/\\\/www.meydan.tv\\\/az\\\/#organization\",\"name\":\"Meydan TV\",\"url\":\"https:\\\/\\\/www.meydan.tv\\\/az\\\/\",\"logo\":{\"@type\":\"ImageObject\",\"inLanguage\":\"az\",\"@id\":\"https:\\\/\\\/www.meydan.tv\\\/az\\\/#\\\/schema\\\/logo\\\/image\\\/\",\"url\":\"https:\\\/\\\/www.meydan.tv\\\/wp-content\\\/uploads\\\/2021\\\/07\\\/meydan-logo.svg\",\"contentUrl\":\"https:\\\/\\\/www.meydan.tv\\\/wp-content\\\/uploads\\\/2021\\\/07\\\/meydan-logo.svg\",\"width\":195,\"height\":46,\"caption\":\"Meydan TV\"},\"image\":{\"@id\":\"https:\\\/\\\/www.meydan.tv\\\/az\\\/#\\\/schema\\\/logo\\\/image\\\/\"}},{\"@type\":\"Person\",\"@id\":\"https:\\\/\\\/www.meydan.tv\\\/az\\\/#\\\/schema\\\/person\\\/09863e516102a829e72bedcf3f84c6b0\",\"name\":\"mahmud\"}]}<\/script>\n<!-- \/ Yoast SEO plugin. -->","yoast_head_json":{"title":"\u201cAz\u0259riqaz\u201dda k\u00fctl\u0259vi ixtisarlar: \"\u0130\u015f\u00e7il\u0259rin m\u0259hk\u0259m\u0259y\u0259 m\u00fcraci\u0259t etm\u0259k h\u00fcququ var\" - MEYDAN.TV","robots":{"index":"index","follow":"follow","max-snippet":"max-snippet:-1","max-image-preview":"max-image-preview:large","max-video-preview":"max-video-preview:-1"},"canonical":"https:\/\/www.meydan.tv\/az\/article\/az%c9%99riqazda-kutl%c9%99vi-ixtisarlar-iscil%c9%99rin-m%c9%99hk%c9%99m%c9%99y%c9%99-muraci%c9%99t-etm%c9%99k-huququ-var\/","og_locale":"az_AZ","og_type":"article","og_title":"\u201cAz\u0259riqaz\u201dda k\u00fctl\u0259vi ixtisarlar: \"\u0130\u015f\u00e7il\u0259rin m\u0259hk\u0259m\u0259y\u0259 m\u00fcraci\u0259t etm\u0259k h\u00fcququ var\" - MEYDAN.TV","og_description":"H\u00fcquq m\u00fcdafi\u0259\u00e7isi deyir ki, \u015ftatlar\u0131n l\u0259\u011fvi v\u0259 ixtisarlar\u0131n h\u00fcquqi \u0259sas\u0131 ... Davam\u0131","og_url":"https:\/\/www.meydan.tv\/az\/article\/az%c9%99riqazda-kutl%c9%99vi-ixtisarlar-iscil%c9%99rin-m%c9%99hk%c9%99m%c9%99y%c9%99-muraci%c9%99t-etm%c9%99k-huququ-var\/","og_site_name":"MEYDAN.TV","article_published_time":"2025-01-28T08:07:36+00:00","article_modified_time":"2025-01-28T08:07:39+00:00","og_image":[{"width":1200,"height":639,"url":"https:\/\/www.meydan.tv\/wp-content\/uploads\/azeriqaz-1-e1682688193130.jpg","type":"image\/jpeg"}],"author":"mahmud","twitter_card":"summary_large_image","schema":{"@context":"https:\/\/schema.org","@graph":[{"@type":"Article","@id":"https:\/\/www.meydan.tv\/az\/article\/az%c9%99riqazda-kutl%c9%99vi-ixtisarlar-iscil%c9%99rin-m%c9%99hk%c9%99m%c9%99y%c9%99-muraci%c9%99t-etm%c9%99k-huququ-var\/#article","isPartOf":{"@id":"https:\/\/www.meydan.tv\/az\/article\/az%c9%99riqazda-kutl%c9%99vi-ixtisarlar-iscil%c9%99rin-m%c9%99hk%c9%99m%c9%99y%c9%99-muraci%c9%99t-etm%c9%99k-huququ-var\/"},"author":{"name":"mahmud","@id":"https:\/\/www.meydan.tv\/az\/#\/schema\/person\/09863e516102a829e72bedcf3f84c6b0"},"headline":"\u201cAz\u0259riqaz\u201dda k\u00fctl\u0259vi ixtisarlar: &#8220;\u0130\u015f\u00e7il\u0259rin m\u0259hk\u0259m\u0259y\u0259 m\u00fcraci\u0259t etm\u0259k h\u00fcququ var&#8221;","datePublished":"2025-01-28T08:07:36+00:00","dateModified":"2025-01-28T08:07:39+00:00","mainEntityOfPage":{"@id":"https:\/\/www.meydan.tv\/az\/article\/az%c9%99riqazda-kutl%c9%99vi-ixtisarlar-iscil%c9%99rin-m%c9%99hk%c9%99m%c9%99y%c9%99-muraci%c9%99t-etm%c9%99k-huququ-var\/"},"wordCount":1644,"publisher":{"@id":"https:\/\/www.meydan.tv\/az\/#organization"},"image":{"@id":"https:\/\/www.meydan.tv\/az\/article\/az%c9%99riqazda-kutl%c9%99vi-ixtisarlar-iscil%c9%99rin-m%c9%99hk%c9%99m%c9%99y%c9%99-muraci%c9%99t-etm%c9%99k-huququ-var\/#primaryimage"},"thumbnailUrl":"https:\/\/www.meydan.tv\/wp-content\/uploads\/azeriqaz-1-e1682688193130.jpg","articleSection":["Sosial","X\u0259b\u0259rl\u0259r"],"inLanguage":"az"},{"@type":"WebPage","@id":"https:\/\/www.meydan.tv\/az\/article\/az%c9%99riqazda-kutl%c9%99vi-ixtisarlar-iscil%c9%99rin-m%c9%99hk%c9%99m%c9%99y%c9%99-muraci%c9%99t-etm%c9%99k-huququ-var\/","url":"https:\/\/www.meydan.tv\/az\/article\/az%c9%99riqazda-kutl%c9%99vi-ixtisarlar-iscil%c9%99rin-m%c9%99hk%c9%99m%c9%99y%c9%99-muraci%c9%99t-etm%c9%99k-huququ-var\/","name":"\u201cAz\u0259riqaz\u201dda k\u00fctl\u0259vi ixtisarlar: \"\u0130\u015f\u00e7il\u0259rin m\u0259hk\u0259m\u0259y\u0259 m\u00fcraci\u0259t etm\u0259k h\u00fcququ var\" - MEYDAN.TV","isPartOf":{"@id":"https:\/\/www.meydan.tv\/az\/#website"},"primaryImageOfPage":{"@id":"https:\/\/www.meydan.tv\/az\/article\/az%c9%99riqazda-kutl%c9%99vi-ixtisarlar-iscil%c9%99rin-m%c9%99hk%c9%99m%c9%99y%c9%99-muraci%c9%99t-etm%c9%99k-huququ-var\/#primaryimage"},"image":{"@id":"https:\/\/www.meydan.tv\/az\/article\/az%c9%99riqazda-kutl%c9%99vi-ixtisarlar-iscil%c9%99rin-m%c9%99hk%c9%99m%c9%99y%c9%99-muraci%c9%99t-etm%c9%99k-huququ-var\/#primaryimage"},"thumbnailUrl":"https:\/\/www.meydan.tv\/wp-content\/uploads\/azeriqaz-1-e1682688193130.jpg","datePublished":"2025-01-28T08:07:36+00:00","dateModified":"2025-01-28T08:07:39+00:00","breadcrumb":{"@id":"https:\/\/www.meydan.tv\/az\/article\/az%c9%99riqazda-kutl%c9%99vi-ixtisarlar-iscil%c9%99rin-m%c9%99hk%c9%99m%c9%99y%c9%99-muraci%c9%99t-etm%c9%99k-huququ-var\/#breadcrumb"},"inLanguage":"az","potentialAction":[{"@type":"ReadAction","target":["https:\/\/www.meydan.tv\/az\/article\/az%c9%99riqazda-kutl%c9%99vi-ixtisarlar-iscil%c9%99rin-m%c9%99hk%c9%99m%c9%99y%c9%99-muraci%c9%99t-etm%c9%99k-huququ-var\/"]}]},{"@type":"ImageObject","inLanguage":"az","@id":"https:\/\/www.meydan.tv\/az\/article\/az%c9%99riqazda-kutl%c9%99vi-ixtisarlar-iscil%c9%99rin-m%c9%99hk%c9%99m%c9%99y%c9%99-muraci%c9%99t-etm%c9%99k-huququ-var\/#primaryimage","url":"https:\/\/www.meydan.tv\/wp-content\/uploads\/azeriqaz-1-e1682688193130.jpg","contentUrl":"https:\/\/www.meydan.tv\/wp-content\/uploads\/azeriqaz-1-e1682688193130.jpg","width":1200,"height":639,"caption":"M\u0259nb\u0259: \"Az\u0259riqaz\""},{"@type":"BreadcrumbList","@id":"https:\/\/www.meydan.tv\/az\/article\/az%c9%99riqazda-kutl%c9%99vi-ixtisarlar-iscil%c9%99rin-m%c9%99hk%c9%99m%c9%99y%c9%99-muraci%c9%99t-etm%c9%99k-huququ-var\/#breadcrumb","itemListElement":[{"@type":"ListItem","position":1,"name":"Ana s\u0259hif\u0259","item":"https:\/\/www.meydan.tv\/az\/"},{"@type":"ListItem","position":2,"name":"Sosial","item":"https:\/\/www.meydan.tv\/az\/section\/sosial\/"},{"@type":"ListItem","position":3,"name":"\u201cAz\u0259riqaz\u201dda k\u00fctl\u0259vi ixtisarlar: &#8220;\u0130\u015f\u00e7il\u0259rin m\u0259hk\u0259m\u0259y\u0259 m\u00fcraci\u0259t etm\u0259k h\u00fcququ var&#8221;"}]},{"@type":"WebSite","@id":"https:\/\/www.meydan.tv\/az\/#website","url":"https:\/\/www.meydan.tv\/az\/","name":"MEYDAN.TV","description":"Meydan TV Az\u0259rbaycan\u0131n media m\u0259kan\u0131ndak\u0131 alternativ s\u0259sidir","publisher":{"@id":"https:\/\/www.meydan.tv\/az\/#organization"},"potentialAction":[{"@type":"SearchAction","target":{"@type":"EntryPoint","urlTemplate":"https:\/\/www.meydan.tv\/az\/?s={search_term_string}"},"query-input":{"@type":"PropertyValueSpecification","valueRequired":true,"valueName":"search_term_string"}}],"inLanguage":"az"},{"@type":"Organization","@id":"https:\/\/www.meydan.tv\/az\/#organization","name":"Meydan TV","url":"https:\/\/www.meydan.tv\/az\/","logo":{"@type":"ImageObject","inLanguage":"az","@id":"https:\/\/www.meydan.tv\/az\/#\/schema\/logo\/image\/","url":"https:\/\/www.meydan.tv\/wp-content\/uploads\/2021\/07\/meydan-logo.svg","contentUrl":"https:\/\/www.meydan.tv\/wp-content\/uploads\/2021\/07\/meydan-logo.svg","width":195,"height":46,"caption":"Meydan TV"},"image":{"@id":"https:\/\/www.meydan.tv\/az\/#\/schema\/logo\/image\/"}},{"@type":"Person","@id":"https:\/\/www.meydan.tv\/az\/#\/schema\/person\/09863e516102a829e72bedcf3f84c6b0","name":"mahmud"}]}},"_links":{"self":[{"href":"https:\/\/www.meydan.tv\/az\/wp-json\/wp\/v2\/posts\/325353","targetHints":{"allow":["GET"]}}],"collection":[{"href":"https:\/\/www.meydan.tv\/az\/wp-json\/wp\/v2\/posts"}],"about":[{"href":"https:\/\/www.meydan.tv\/az\/wp-json\/wp\/v2\/types\/post"}],"author":[{"embeddable":true,"href":"https:\/\/www.meydan.tv\/az\/wp-json\/wp\/v2\/users\/21"}],"replies":[{"embeddable":true,"href":"https:\/\/www.meydan.tv\/az\/wp-json\/wp\/v2\/comments?post=325353"}],"version-history":[{"count":1,"href":"https:\/\/www.meydan.tv\/az\/wp-json\/wp\/v2\/posts\/325353\/revisions"}],"predecessor-version":[{"id":325354,"href":"https:\/\/www.meydan.tv\/az\/wp-json\/wp\/v2\/posts\/325353\/revisions\/325354"}],"wp:featuredmedia":[{"embeddable":true,"href":"https:\/\/www.meydan.tv\/az\/wp-json\/wp\/v2\/media\/246000"}],"wp:attachment":[{"href":"https:\/\/www.meydan.tv\/az\/wp-json\/wp\/v2\/media?parent=325353"}],"wp:term":[{"taxonomy":"category","embeddable":true,"href":"https:\/\/www.meydan.tv\/az\/wp-json\/wp\/v2\/categories?post=325353"},{"taxonomy":"post_tag","embeddable":true,"href":"https:\/\/www.meydan.tv\/az\/wp-json\/wp\/v2\/tags?post=325353"}],"curies":[{"name":"wp","href":"https:\/\/api.w.org\/{rel}","templated":true}]}}