{"id":325341,"date":"2025-01-28T10:07:52","date_gmt":"2025-01-28T06:07:52","guid":{"rendered":"https:\/\/www.meydan.tv\/?p=325341"},"modified":"2025-01-28T11:56:52","modified_gmt":"2025-01-28T07:56:52","slug":"ai-rusiyaya-sanksiyalari-daha-6-ay-uzadir","status":"publish","type":"post","link":"https:\/\/www.meydan.tv\/az\/article\/ai-rusiyaya-sanksiyalari-daha-6-ay-uzadir\/","title":{"rendered":"A\u0130 Rusiyaya sanksiyalar\u0131 daha 6 ay uzad\u0131r"},"content":{"rendered":"\n<p><em>Macar\u0131stan q\u0259rar\u0131n \u0259leyhin\u0259 \u00e7\u0131x\u0131b<\/em><\/p>\n\n\n\n<p>Avropa \u0130ttifaq\u0131n\u0131n xarici i\u015fl\u0259r nazirl\u0259ri Rusiyan\u0131n Ukraynaya m\u00fcdaxil\u0259sin\u0259 g\u00f6r\u0259 ona qar\u015f\u0131 sanksiyalar\u0131n daha alt\u0131 ay uzad\u0131lmas\u0131 bar\u0259d\u0259 raz\u0131l\u0131\u011fa g\u0259libl\u0259r.<\/p>\n\n\n\n<p>Bu bar\u0259d\u0259 Avropa diplomatiyas\u0131n\u0131n r\u0259hb\u0259ri Kaya Kallas <a href=\"https:\/\/hromadske.ua\/ru\/voyna\/238616-ministry-inostrannyh-del-es-soglasovali-prodlenie-sanktsiy-protiv-rf\" target=\"_blank\" rel=\"noreferrer noopener\">m\u0259lumat verib<\/a>.<\/p>\n\n\n\n<p><em>\u201cBu, Moskvan\u0131 m\u00fcharib\u0259ni maliyy\u0259l\u0259\u015fdirm\u0259k \u00fc\u00e7\u00fcn \u0259ld\u0259 ed\u0259 bil\u0259c\u0259yi g\u0259lird\u0259n m\u0259hrum etm\u0259k \u00fc\u00e7\u00fcnd\u00fcr. Rusiya vurdu\u011fu z\u0259r\u0259rin b\u0259d\u0259lini \u00f6d\u0259m\u0259lidir\u201d<\/em>, \u2013 o yaz\u0131b.<\/p>\n\n\n\n<p>Macar\u0131stan bu sanksiyalar\u0131n uzad\u0131lmas\u0131na qar\u015f\u0131 \u00e7\u0131x\u0131b.<\/p>\n\n\n\n<p>Macar\u0131stan\u0131n Ba\u015f naziri Viktor Orban deyib ki, Br\u00fcssel \u201cyeni v\u0259ziyy\u0259t\u0259\u201d uy\u011funla\u015fmal\u0131 v\u0259 Rusiyaya qar\u015f\u0131 sanksiyalar\u0131 l\u0259\u011fv etm\u0259lidir:<\/p>\n\n\n\n<p><em>\u201cYox, \u0259g\u0259r Ukrayna yen\u0259 d\u0259 Avropa sanksiyalar\u0131n\u0131 uzatmaq ist\u0259yirs\u0259, o zaman qaz tranzitini b\u0259rpa etm\u0259lidir\u201d.<\/em><\/p>\n\n\n\n<p>Macar\u0131stan\u0131n Ba\u015f naziri h\u0259m\u00e7inin hesab edir ki, Rusiyaya qar\u015f\u0131 t\u0259tbiq olunan sanksiyalar m\u00fcharib\u0259ni dayand\u0131rma\u011fa v\u0259 Rusiya iqtisadiyyat\u0131n\u0131 \u00e7\u00f6kd\u00fcrm\u0259y\u0259 k\u00f6m\u0259k etm\u0259yib.<\/p>\n\n\n\n<p>N\u0259tic\u0259d\u0259 Budape\u015ft sanksiyalar\u0131n uzad\u0131lmas\u0131n\u0131 bloklamaqdan vaz ke\u00e7s\u0259 d\u0259, t\u0259l\u0259b ir\u0259li s\u00fcr\u00fcb ki, A\u0130 Rusiya qaz\u0131n\u0131n Ukrayna \u0259razisind\u0259n tranzitinin dayand\u0131r\u0131lmas\u0131 fonunda Macar\u0131stan\u0131n \u201cenerji t\u0259hl\u00fck\u0259sizliyi\u201d il\u0259 ba\u011fl\u0131 narahatl\u0131\u011f\u0131n\u0131 n\u0259z\u0259r\u0259 alaca\u011f\u0131 bar\u0259d\u0259 b\u0259yanat verm\u0259lidir.<\/p>\n","protected":false},"excerpt":{"rendered":"<p>Macar\u0131stan q\u0259rar\u0131n \u0259leyhin\u0259 \u00e7\u0131x\u0131b Avropa \u0130ttifaq\u0131n\u0131n xarici i\u015fl\u0259r nazirl\u0259ri Rusiyan\u0131n &#8230; <\/p>\n<p class=\"read-more-container\"><a title=\"A\u0130 Rusiyaya sanksiyalar\u0131 daha 6 ay uzad\u0131r\" class=\"read-more button\" href=\"https:\/\/www.meydan.tv\/az\/article\/ai-rusiyaya-sanksiyalari-daha-6-ay-uzadir\/#more-325341\" aria-label=\"Read more about A\u0130 Rusiyaya sanksiyalar\u0131 daha 6 ay uzad\u0131r\">Davam\u0131<\/a><\/p>\n","protected":false},"author":16,"featured_media":236685,"comment_status":"closed","ping_status":"closed","sticky":false,"template":"","format":"standard","meta":{"_acf_changed":false,"_sitemap_exclude":false,"_sitemap_priority":"","_sitemap_frequency":"","footnotes":""},"categories":[64,59,56],"tags":[],"class_list":["post-325341","post","type-post","status-publish","format-standard","has-post-thumbnail","hentry","category-dunya","category-siyaset","category-xeberler","infinite-scroll-item","generate-columns","tablet-grid-50","mobile-grid-100","grid-parent","grid-33","no-featured-image-padding"],"acf":[],"yoast_head":"<!-- This site is optimized with the Yoast SEO plugin v27.5 - https:\/\/yoast.com\/product\/yoast-seo-wordpress\/ -->\n<title>A\u0130 Rusiyaya sanksiyalar\u0131 daha 6 ay uzad\u0131r - MEYDAN.TV<\/title>\n<meta name=\"robots\" content=\"index, follow, max-snippet:-1, max-image-preview:large, max-video-preview:-1\" \/>\n<link rel=\"canonical\" href=\"https:\/\/www.meydan.tv\/az\/article\/ai-rusiyaya-sanksiyalari-daha-6-ay-uzadir\/\" \/>\n<meta property=\"og:locale\" content=\"az_AZ\" \/>\n<meta property=\"og:type\" content=\"article\" \/>\n<meta property=\"og:title\" content=\"A\u0130 Rusiyaya sanksiyalar\u0131 daha 6 ay uzad\u0131r - MEYDAN.TV\" \/>\n<meta property=\"og:description\" content=\"Macar\u0131stan q\u0259rar\u0131n \u0259leyhin\u0259 \u00e7\u0131x\u0131b Avropa \u0130ttifaq\u0131n\u0131n xarici i\u015fl\u0259r nazirl\u0259ri Rusiyan\u0131n ... Davam\u0131\" \/>\n<meta property=\"og:url\" content=\"https:\/\/www.meydan.tv\/az\/article\/ai-rusiyaya-sanksiyalari-daha-6-ay-uzadir\/\" \/>\n<meta property=\"og:site_name\" content=\"MEYDAN.TV\" \/>\n<meta property=\"article:published_time\" content=\"2025-01-28T06:07:52+00:00\" \/>\n<meta property=\"article:modified_time\" content=\"2025-01-28T07:56:52+00:00\" \/>\n<meta property=\"og:image\" content=\"https:\/\/www.meydan.tv\/wp-content\/uploads\/image_from_ios-2-6-scaled.jpg\" \/>\n\t<meta property=\"og:image:width\" content=\"2560\" \/>\n\t<meta property=\"og:image:height\" content=\"1440\" \/>\n\t<meta property=\"og:image:type\" content=\"image\/jpeg\" \/>\n<meta name=\"author\" content=\"sevda\" \/>\n<meta name=\"twitter:card\" content=\"summary_large_image\" \/>\n<script type=\"application\/ld+json\" class=\"yoast-schema-graph\">{\"@context\":\"https:\\\/\\\/schema.org\",\"@graph\":[{\"@type\":\"Article\",\"@id\":\"https:\\\/\\\/www.meydan.tv\\\/az\\\/article\\\/ai-rusiyaya-sanksiyalari-daha-6-ay-uzadir\\\/#article\",\"isPartOf\":{\"@id\":\"https:\\\/\\\/www.meydan.tv\\\/az\\\/article\\\/ai-rusiyaya-sanksiyalari-daha-6-ay-uzadir\\\/\"},\"author\":{\"name\":\"sevda\",\"@id\":\"https:\\\/\\\/www.meydan.tv\\\/az\\\/#\\\/schema\\\/person\\\/49b5f2bad5b126bb8ea9320eeb3e4dc9\"},\"headline\":\"A\u0130 Rusiyaya sanksiyalar\u0131 daha 6 ay uzad\u0131r\",\"datePublished\":\"2025-01-28T06:07:52+00:00\",\"dateModified\":\"2025-01-28T07:56:52+00:00\",\"mainEntityOfPage\":{\"@id\":\"https:\\\/\\\/www.meydan.tv\\\/az\\\/article\\\/ai-rusiyaya-sanksiyalari-daha-6-ay-uzadir\\\/\"},\"wordCount\":256,\"publisher\":{\"@id\":\"https:\\\/\\\/www.meydan.tv\\\/az\\\/#organization\"},\"image\":{\"@id\":\"https:\\\/\\\/www.meydan.tv\\\/az\\\/article\\\/ai-rusiyaya-sanksiyalari-daha-6-ay-uzadir\\\/#primaryimage\"},\"thumbnailUrl\":\"https:\\\/\\\/www.meydan.tv\\\/wp-content\\\/uploads\\\/image_from_ios-2-6-scaled.jpg\",\"articleSection\":[\"D\u00fcnya\",\"Siyas\u0259t\",\"X\u0259b\u0259rl\u0259r\"],\"inLanguage\":\"az\"},{\"@type\":\"WebPage\",\"@id\":\"https:\\\/\\\/www.meydan.tv\\\/az\\\/article\\\/ai-rusiyaya-sanksiyalari-daha-6-ay-uzadir\\\/\",\"url\":\"https:\\\/\\\/www.meydan.tv\\\/az\\\/article\\\/ai-rusiyaya-sanksiyalari-daha-6-ay-uzadir\\\/\",\"name\":\"A\u0130 Rusiyaya sanksiyalar\u0131 daha 6 ay uzad\u0131r - MEYDAN.TV\",\"isPartOf\":{\"@id\":\"https:\\\/\\\/www.meydan.tv\\\/az\\\/#website\"},\"primaryImageOfPage\":{\"@id\":\"https:\\\/\\\/www.meydan.tv\\\/az\\\/article\\\/ai-rusiyaya-sanksiyalari-daha-6-ay-uzadir\\\/#primaryimage\"},\"image\":{\"@id\":\"https:\\\/\\\/www.meydan.tv\\\/az\\\/article\\\/ai-rusiyaya-sanksiyalari-daha-6-ay-uzadir\\\/#primaryimage\"},\"thumbnailUrl\":\"https:\\\/\\\/www.meydan.tv\\\/wp-content\\\/uploads\\\/image_from_ios-2-6-scaled.jpg\",\"datePublished\":\"2025-01-28T06:07:52+00:00\",\"dateModified\":\"2025-01-28T07:56:52+00:00\",\"breadcrumb\":{\"@id\":\"https:\\\/\\\/www.meydan.tv\\\/az\\\/article\\\/ai-rusiyaya-sanksiyalari-daha-6-ay-uzadir\\\/#breadcrumb\"},\"inLanguage\":\"az\",\"potentialAction\":[{\"@type\":\"ReadAction\",\"target\":[\"https:\\\/\\\/www.meydan.tv\\\/az\\\/article\\\/ai-rusiyaya-sanksiyalari-daha-6-ay-uzadir\\\/\"]}]},{\"@type\":\"ImageObject\",\"inLanguage\":\"az\",\"@id\":\"https:\\\/\\\/www.meydan.tv\\\/az\\\/article\\\/ai-rusiyaya-sanksiyalari-daha-6-ay-uzadir\\\/#primaryimage\",\"url\":\"https:\\\/\\\/www.meydan.tv\\\/wp-content\\\/uploads\\\/image_from_ios-2-6-scaled.jpg\",\"contentUrl\":\"https:\\\/\\\/www.meydan.tv\\\/wp-content\\\/uploads\\\/image_from_ios-2-6-scaled.jpg\",\"width\":2560,\"height\":1440,\"caption\":\"Rusiya - Ukrayna sava\u015f\u0131. Foto: Meydan TV\"},{\"@type\":\"BreadcrumbList\",\"@id\":\"https:\\\/\\\/www.meydan.tv\\\/az\\\/article\\\/ai-rusiyaya-sanksiyalari-daha-6-ay-uzadir\\\/#breadcrumb\",\"itemListElement\":[{\"@type\":\"ListItem\",\"position\":1,\"name\":\"Ana s\u0259hif\u0259\",\"item\":\"https:\\\/\\\/www.meydan.tv\\\/az\\\/\"},{\"@type\":\"ListItem\",\"position\":2,\"name\":\"X\u0259b\u0259rl\u0259r\",\"item\":\"https:\\\/\\\/www.meydan.tv\\\/az\\\/section\\\/xeberler\\\/\"},{\"@type\":\"ListItem\",\"position\":3,\"name\":\"A\u0130 Rusiyaya sanksiyalar\u0131 daha 6 ay uzad\u0131r\"}]},{\"@type\":\"WebSite\",\"@id\":\"https:\\\/\\\/www.meydan.tv\\\/az\\\/#website\",\"url\":\"https:\\\/\\\/www.meydan.tv\\\/az\\\/\",\"name\":\"MEYDAN.TV\",\"description\":\"Meydan TV Az\u0259rbaycan\u0131n media m\u0259kan\u0131ndak\u0131 alternativ s\u0259sidir\",\"publisher\":{\"@id\":\"https:\\\/\\\/www.meydan.tv\\\/az\\\/#organization\"},\"potentialAction\":[{\"@type\":\"SearchAction\",\"target\":{\"@type\":\"EntryPoint\",\"urlTemplate\":\"https:\\\/\\\/www.meydan.tv\\\/az\\\/?s={search_term_string}\"},\"query-input\":{\"@type\":\"PropertyValueSpecification\",\"valueRequired\":true,\"valueName\":\"search_term_string\"}}],\"inLanguage\":\"az\"},{\"@type\":\"Organization\",\"@id\":\"https:\\\/\\\/www.meydan.tv\\\/az\\\/#organization\",\"name\":\"Meydan TV\",\"url\":\"https:\\\/\\\/www.meydan.tv\\\/az\\\/\",\"logo\":{\"@type\":\"ImageObject\",\"inLanguage\":\"az\",\"@id\":\"https:\\\/\\\/www.meydan.tv\\\/az\\\/#\\\/schema\\\/logo\\\/image\\\/\",\"url\":\"https:\\\/\\\/www.meydan.tv\\\/wp-content\\\/uploads\\\/2021\\\/07\\\/meydan-logo.svg\",\"contentUrl\":\"https:\\\/\\\/www.meydan.tv\\\/wp-content\\\/uploads\\\/2021\\\/07\\\/meydan-logo.svg\",\"width\":195,\"height\":46,\"caption\":\"Meydan TV\"},\"image\":{\"@id\":\"https:\\\/\\\/www.meydan.tv\\\/az\\\/#\\\/schema\\\/logo\\\/image\\\/\"}},{\"@type\":\"Person\",\"@id\":\"https:\\\/\\\/www.meydan.tv\\\/az\\\/#\\\/schema\\\/person\\\/49b5f2bad5b126bb8ea9320eeb3e4dc9\",\"name\":\"sevda\"}]}<\/script>\n<!-- \/ Yoast SEO plugin. -->","yoast_head_json":{"title":"A\u0130 Rusiyaya sanksiyalar\u0131 daha 6 ay uzad\u0131r - MEYDAN.TV","robots":{"index":"index","follow":"follow","max-snippet":"max-snippet:-1","max-image-preview":"max-image-preview:large","max-video-preview":"max-video-preview:-1"},"canonical":"https:\/\/www.meydan.tv\/az\/article\/ai-rusiyaya-sanksiyalari-daha-6-ay-uzadir\/","og_locale":"az_AZ","og_type":"article","og_title":"A\u0130 Rusiyaya sanksiyalar\u0131 daha 6 ay uzad\u0131r - MEYDAN.TV","og_description":"Macar\u0131stan q\u0259rar\u0131n \u0259leyhin\u0259 \u00e7\u0131x\u0131b Avropa \u0130ttifaq\u0131n\u0131n xarici i\u015fl\u0259r nazirl\u0259ri Rusiyan\u0131n ... Davam\u0131","og_url":"https:\/\/www.meydan.tv\/az\/article\/ai-rusiyaya-sanksiyalari-daha-6-ay-uzadir\/","og_site_name":"MEYDAN.TV","article_published_time":"2025-01-28T06:07:52+00:00","article_modified_time":"2025-01-28T07:56:52+00:00","og_image":[{"width":2560,"height":1440,"url":"https:\/\/www.meydan.tv\/wp-content\/uploads\/image_from_ios-2-6-scaled.jpg","type":"image\/jpeg"}],"author":"sevda","twitter_card":"summary_large_image","schema":{"@context":"https:\/\/schema.org","@graph":[{"@type":"Article","@id":"https:\/\/www.meydan.tv\/az\/article\/ai-rusiyaya-sanksiyalari-daha-6-ay-uzadir\/#article","isPartOf":{"@id":"https:\/\/www.meydan.tv\/az\/article\/ai-rusiyaya-sanksiyalari-daha-6-ay-uzadir\/"},"author":{"name":"sevda","@id":"https:\/\/www.meydan.tv\/az\/#\/schema\/person\/49b5f2bad5b126bb8ea9320eeb3e4dc9"},"headline":"A\u0130 Rusiyaya sanksiyalar\u0131 daha 6 ay uzad\u0131r","datePublished":"2025-01-28T06:07:52+00:00","dateModified":"2025-01-28T07:56:52+00:00","mainEntityOfPage":{"@id":"https:\/\/www.meydan.tv\/az\/article\/ai-rusiyaya-sanksiyalari-daha-6-ay-uzadir\/"},"wordCount":256,"publisher":{"@id":"https:\/\/www.meydan.tv\/az\/#organization"},"image":{"@id":"https:\/\/www.meydan.tv\/az\/article\/ai-rusiyaya-sanksiyalari-daha-6-ay-uzadir\/#primaryimage"},"thumbnailUrl":"https:\/\/www.meydan.tv\/wp-content\/uploads\/image_from_ios-2-6-scaled.jpg","articleSection":["D\u00fcnya","Siyas\u0259t","X\u0259b\u0259rl\u0259r"],"inLanguage":"az"},{"@type":"WebPage","@id":"https:\/\/www.meydan.tv\/az\/article\/ai-rusiyaya-sanksiyalari-daha-6-ay-uzadir\/","url":"https:\/\/www.meydan.tv\/az\/article\/ai-rusiyaya-sanksiyalari-daha-6-ay-uzadir\/","name":"A\u0130 Rusiyaya sanksiyalar\u0131 daha 6 ay uzad\u0131r - MEYDAN.TV","isPartOf":{"@id":"https:\/\/www.meydan.tv\/az\/#website"},"primaryImageOfPage":{"@id":"https:\/\/www.meydan.tv\/az\/article\/ai-rusiyaya-sanksiyalari-daha-6-ay-uzadir\/#primaryimage"},"image":{"@id":"https:\/\/www.meydan.tv\/az\/article\/ai-rusiyaya-sanksiyalari-daha-6-ay-uzadir\/#primaryimage"},"thumbnailUrl":"https:\/\/www.meydan.tv\/wp-content\/uploads\/image_from_ios-2-6-scaled.jpg","datePublished":"2025-01-28T06:07:52+00:00","dateModified":"2025-01-28T07:56:52+00:00","breadcrumb":{"@id":"https:\/\/www.meydan.tv\/az\/article\/ai-rusiyaya-sanksiyalari-daha-6-ay-uzadir\/#breadcrumb"},"inLanguage":"az","potentialAction":[{"@type":"ReadAction","target":["https:\/\/www.meydan.tv\/az\/article\/ai-rusiyaya-sanksiyalari-daha-6-ay-uzadir\/"]}]},{"@type":"ImageObject","inLanguage":"az","@id":"https:\/\/www.meydan.tv\/az\/article\/ai-rusiyaya-sanksiyalari-daha-6-ay-uzadir\/#primaryimage","url":"https:\/\/www.meydan.tv\/wp-content\/uploads\/image_from_ios-2-6-scaled.jpg","contentUrl":"https:\/\/www.meydan.tv\/wp-content\/uploads\/image_from_ios-2-6-scaled.jpg","width":2560,"height":1440,"caption":"Rusiya - Ukrayna sava\u015f\u0131. Foto: Meydan TV"},{"@type":"BreadcrumbList","@id":"https:\/\/www.meydan.tv\/az\/article\/ai-rusiyaya-sanksiyalari-daha-6-ay-uzadir\/#breadcrumb","itemListElement":[{"@type":"ListItem","position":1,"name":"Ana s\u0259hif\u0259","item":"https:\/\/www.meydan.tv\/az\/"},{"@type":"ListItem","position":2,"name":"X\u0259b\u0259rl\u0259r","item":"https:\/\/www.meydan.tv\/az\/section\/xeberler\/"},{"@type":"ListItem","position":3,"name":"A\u0130 Rusiyaya sanksiyalar\u0131 daha 6 ay uzad\u0131r"}]},{"@type":"WebSite","@id":"https:\/\/www.meydan.tv\/az\/#website","url":"https:\/\/www.meydan.tv\/az\/","name":"MEYDAN.TV","description":"Meydan TV Az\u0259rbaycan\u0131n media m\u0259kan\u0131ndak\u0131 alternativ s\u0259sidir","publisher":{"@id":"https:\/\/www.meydan.tv\/az\/#organization"},"potentialAction":[{"@type":"SearchAction","target":{"@type":"EntryPoint","urlTemplate":"https:\/\/www.meydan.tv\/az\/?s={search_term_string}"},"query-input":{"@type":"PropertyValueSpecification","valueRequired":true,"valueName":"search_term_string"}}],"inLanguage":"az"},{"@type":"Organization","@id":"https:\/\/www.meydan.tv\/az\/#organization","name":"Meydan TV","url":"https:\/\/www.meydan.tv\/az\/","logo":{"@type":"ImageObject","inLanguage":"az","@id":"https:\/\/www.meydan.tv\/az\/#\/schema\/logo\/image\/","url":"https:\/\/www.meydan.tv\/wp-content\/uploads\/2021\/07\/meydan-logo.svg","contentUrl":"https:\/\/www.meydan.tv\/wp-content\/uploads\/2021\/07\/meydan-logo.svg","width":195,"height":46,"caption":"Meydan TV"},"image":{"@id":"https:\/\/www.meydan.tv\/az\/#\/schema\/logo\/image\/"}},{"@type":"Person","@id":"https:\/\/www.meydan.tv\/az\/#\/schema\/person\/49b5f2bad5b126bb8ea9320eeb3e4dc9","name":"sevda"}]}},"_links":{"self":[{"href":"https:\/\/www.meydan.tv\/az\/wp-json\/wp\/v2\/posts\/325341","targetHints":{"allow":["GET"]}}],"collection":[{"href":"https:\/\/www.meydan.tv\/az\/wp-json\/wp\/v2\/posts"}],"about":[{"href":"https:\/\/www.meydan.tv\/az\/wp-json\/wp\/v2\/types\/post"}],"author":[{"embeddable":true,"href":"https:\/\/www.meydan.tv\/az\/wp-json\/wp\/v2\/users\/16"}],"replies":[{"embeddable":true,"href":"https:\/\/www.meydan.tv\/az\/wp-json\/wp\/v2\/comments?post=325341"}],"version-history":[{"count":3,"href":"https:\/\/www.meydan.tv\/az\/wp-json\/wp\/v2\/posts\/325341\/revisions"}],"predecessor-version":[{"id":325350,"href":"https:\/\/www.meydan.tv\/az\/wp-json\/wp\/v2\/posts\/325341\/revisions\/325350"}],"wp:featuredmedia":[{"embeddable":true,"href":"https:\/\/www.meydan.tv\/az\/wp-json\/wp\/v2\/media\/236685"}],"wp:attachment":[{"href":"https:\/\/www.meydan.tv\/az\/wp-json\/wp\/v2\/media?parent=325341"}],"wp:term":[{"taxonomy":"category","embeddable":true,"href":"https:\/\/www.meydan.tv\/az\/wp-json\/wp\/v2\/categories?post=325341"},{"taxonomy":"post_tag","embeddable":true,"href":"https:\/\/www.meydan.tv\/az\/wp-json\/wp\/v2\/tags?post=325341"}],"curies":[{"name":"wp","href":"https:\/\/api.w.org\/{rel}","templated":true}]}}