{"id":325296,"date":"2025-01-27T13:41:21","date_gmt":"2025-01-27T09:41:21","guid":{"rendered":"https:\/\/www.meydan.tv\/?p=325296"},"modified":"2025-01-27T16:33:31","modified_gmt":"2025-01-27T12:33:31","slug":"oba-marketd%c9%99-ovladinin-yukl%c9%99ndiyini-dey%c9%99n-ata-intihar-edib","status":"publish","type":"post","link":"https:\/\/www.meydan.tv\/az\/article\/oba-marketd%c9%99-ovladinin-yukl%c9%99ndiyini-dey%c9%99n-ata-intihar-edib\/","title":{"rendered":"\u00d6vlad\u0131n\u0131n \u201cOba\u201d marketd\u0259 \u201cy\u00fckl\u0259ndiyini\u201d dey\u0259n ata intihar edib"},"content":{"rendered":"\n<p><\/p>\n\n\n\n<p><em><strong>&#8220;O\u011flundan 9 min manat pul t\u0259l\u0259b etmi\u015fdil\u0259r&#8221;<\/strong><\/em><\/p>\n\n\n\n<p>X\u0259z\u0259r rayonu, T\u00fcrkan q\u0259s\u0259b\u0259sinya ya\u015fayan 63 ya\u015fl\u0131 Namiq H\u00fcseyn o\u011flu \u018fbd\u00fclov intihar edib.<\/p>\n\n\n\n<p>O, ya\u015fad\u0131\u011f\u0131 evin h\u0259y\u0259tind\u0259 \u00f6z\u00fcn\u00fc asaraq, h\u0259yat\u0131na son qoyub.<\/p>\n\n\n\n<p>Hadis\u0259 yanvar\u0131n 26-da ax\u015fam saatlar\u0131nda ba\u015f verib.<\/p>\n\n\n\n<p>Namiq \u018fbd\u00fclovun can\u0131na q\u0259sd etm\u0259sinin s\u0259b\u0259bin\u0259 g\u0259linc\u0259, yax\u0131nlar\u0131 Meydan TV-y\u0259 bildirib ki, onun o\u011flu Natiq \u018fbd\u00fclov 3 ay \u0259vv\u0259l T\u00fcrkan q\u0259s\u0259b\u0259sind\u0259ki \u201cOba\u201d marketd\u0259 kassir v\u0259zif\u0259sin\u0259 i\u015f\u0259 d\u00fcz\u0259lib.<\/p>\n\n\n\n<p>Yanvar ay\u0131n\u0131n ortalar\u0131nda ma\u011fazan\u0131n m\u00fcdiri Natiq \u018fbd\u00fclovu yan\u0131na \u00e7a\u011f\u0131raraq, kassada 9 min manat \u00e7at\u0131\u015fmazl\u0131q oldu\u011funu deyib, ondan v\u0259 dig\u0259r kassird\u0259n pulu \u00f6d\u0259m\u0259yi t\u0259l\u0259b edib. \u018fks halda, h\u00fcquq-m\u00fchafiz\u0259 orqanlar\u0131na \u015fikay\u0259t olunaca\u011f\u0131n\u0131 v\u0259 h\u0259bs edil\u0259c\u0259kl\u0259rini s\u00f6yl\u0259yib.<\/p>\n\n\n\n<p>Natiq \u018fbd\u00fclov atas\u0131na bu bar\u0259d\u0259 dan\u0131\u015fandan sonra Namiq \u018fbd\u00fclov \u201cOba\u201d marketin m\u00fcdiri il\u0259 m\u0259s\u0259l\u0259ni m\u00fczakir\u0259 edib:<\/p>\n\n\n\n<p><em>\u201cMa\u011fazan\u0131n m\u00fcdiri deyib ki, 3 min manat \u00f6d\u0259nils\u0259, h\u00fcquq-m\u00fchafiz\u0259 orqanlar\u0131na \u015fikay\u0259t olunmaz. Ail\u0259 3 min manat toplay\u0131b, ma\u011faza m\u00fcdirin\u0259 verib. Bundan sonra onlara deyilib ki, h\u0259r ay da hiss\u0259-hiss\u0259 \u00f6d\u0259ni\u015f edib, \u0259lav\u0259 9 min manat\u0131 da verm\u0259lidil\u0259r. Y\u0259ni \u00fcmumilikd\u0259 onlardan 12 min manat t\u0259l\u0259b olunub. Namiq \u018fbd\u00fclov o\u011flunun sal\u0131nd\u0131\u011f\u0131 \u00e7\u0259tin durumdan g\u00fcnl\u0259rl\u0259 \u00e7\u0131x\u0131\u015f yolu axtar\u0131b. Tan\u0131d\u0131\u011f\u0131 adamlarla s\u00f6hb\u0259tl\u0259rind\u0259 d\u0259 ba\u015flar\u0131na g\u0259tiril\u0259n oyuna d\u00f6z\u0259 bilm\u0259diyini, o\u011flunun g\u00fcnahs\u0131z oldu\u011funu, t\u0259cr\u00fcb\u0259sizliyind\u0259n istifad\u0259 edib, aya\u011f\u0131na 9 min manat yaz\u0131ld\u0131\u011f\u0131n\u0131, \u00e7ox a\u011f\u0131r bir y\u00fck\u00fcn alt\u0131na sal\u0131nd\u0131\u011f\u0131n\u0131 deyib. \u00d6vlad\u0131n\u0131n bu \u015f\u0259kild\u0259 y\u00fckl\u0259nm\u0259si ona \u00e7ox pis t\u0259sir etmi\u015fdi. \u00c7ar\u0259sizlik onu depressiyaya salm\u0131\u015fd\u0131\u201d.<\/em><\/p>\n\n\n\n<p>\u201cOba\u201d marketl\u0259r \u015f\u0259b\u0259k\u0259sinin Sabun\u00e7u rayonu \u0259razisind\u0259 yerl\u0259\u015f\u0259n ba\u015fqa bir ma\u011fazas\u0131ndak\u0131 s\u0259lahiyy\u0259tlil\u0259r bu g\u00fcnl\u0259rd\u0259 yetkinlik ya\u015f\u0131na \u00e7atmam\u0131\u015f m\u0259kt\u0259blini ma\u011fazada girov saxlamalar\u0131 bar\u0259d\u0259 \u015fikay\u0259tl\u0259rl\u0259 g\u00fcnd\u0259m\u0259 g\u0259lmi\u015fdi.<\/p>\n\n\n\n<p>M\u0259kt\u0259blinin valideyni bildirmi\u015fdi ki, ma\u011faza r\u0259hb\u0259ri ondan 300 manat \u00f6d\u0259m\u0259yi t\u0259l\u0259b edib.<\/p>\n\n\n\n<p>A\u011flayaraq, o q\u0259d\u0259r pulu olmad\u0131\u011f\u0131n\u0131 deyib.<\/p>\n\n\n\n<p>Borc tap\u0131b, 150 manat\u0131n\u0131 verib, qalan hiss\u0259 \u00fc\u00e7\u00fcn \u015f\u0259xsiyy\u0259t v\u0259siq\u0259sini \u201cOba\u201d marketd\u0259 girov saxlay\u0131blar.<\/p>\n","protected":false},"excerpt":{"rendered":"<p>&#8220;O\u011flundan 9 min manat pul t\u0259l\u0259b etmi\u015fdil\u0259r&#8221; X\u0259z\u0259r rayonu, T\u00fcrkan &#8230; <\/p>\n<p class=\"read-more-container\"><a title=\"\u00d6vlad\u0131n\u0131n \u201cOba\u201d marketd\u0259 \u201cy\u00fckl\u0259ndiyini\u201d dey\u0259n ata intihar edib\" class=\"read-more button\" href=\"https:\/\/www.meydan.tv\/az\/article\/oba-marketd%c9%99-ovladinin-yukl%c9%99ndiyini-dey%c9%99n-ata-intihar-edib\/#more-325296\" aria-label=\"Read more about \u00d6vlad\u0131n\u0131n \u201cOba\u201d marketd\u0259 \u201cy\u00fckl\u0259ndiyini\u201d dey\u0259n ata intihar edib\">Davam\u0131<\/a><\/p>\n","protected":false},"author":21,"featured_media":77596,"comment_status":"closed","ping_status":"closed","sticky":false,"template":"","format":"standard","meta":{"_acf_changed":false,"_sitemap_exclude":false,"_sitemap_priority":"","_sitemap_frequency":"","footnotes":""},"categories":[62,79,56],"tags":[],"class_list":["post-325296","post","type-post","status-publish","format-standard","has-post-thumbnail","hentry","category-sosial","category-featured","category-xeberler","infinite-scroll-item","generate-columns","tablet-grid-50","mobile-grid-100","grid-parent","grid-33","no-featured-image-padding"],"acf":[],"yoast_head":"<!-- This site is optimized with the Yoast SEO plugin v27.4 - https:\/\/yoast.com\/product\/yoast-seo-wordpress\/ -->\n<title>\u00d6vlad\u0131n\u0131n \u201cOba\u201d marketd\u0259 \u201cy\u00fckl\u0259ndiyini\u201d dey\u0259n ata intihar edib - MEYDAN.TV<\/title>\n<meta name=\"robots\" content=\"index, follow, max-snippet:-1, max-image-preview:large, max-video-preview:-1\" \/>\n<link rel=\"canonical\" href=\"https:\/\/www.meydan.tv\/az\/article\/oba-marketd%c9%99-ovladinin-yukl%c9%99ndiyini-dey%c9%99n-ata-intihar-edib\/\" \/>\n<meta property=\"og:locale\" content=\"az_AZ\" \/>\n<meta property=\"og:type\" content=\"article\" \/>\n<meta property=\"og:title\" content=\"\u00d6vlad\u0131n\u0131n \u201cOba\u201d marketd\u0259 \u201cy\u00fckl\u0259ndiyini\u201d dey\u0259n ata intihar edib - MEYDAN.TV\" \/>\n<meta property=\"og:description\" content=\"&#8220;O\u011flundan 9 min manat pul t\u0259l\u0259b etmi\u015fdil\u0259r&#8221; X\u0259z\u0259r rayonu, T\u00fcrkan ... Davam\u0131\" \/>\n<meta property=\"og:url\" content=\"https:\/\/www.meydan.tv\/az\/article\/oba-marketd%c9%99-ovladinin-yukl%c9%99ndiyini-dey%c9%99n-ata-intihar-edib\/\" \/>\n<meta property=\"og:site_name\" content=\"MEYDAN.TV\" \/>\n<meta property=\"article:published_time\" content=\"2025-01-27T09:41:21+00:00\" \/>\n<meta property=\"article:modified_time\" content=\"2025-01-27T12:33:31+00:00\" \/>\n<meta property=\"og:image\" content=\"https:\/\/www.meydan.tv\/wp-content\/uploads\/30112.jpg\" \/>\n\t<meta property=\"og:image:width\" content=\"1280\" \/>\n\t<meta property=\"og:image:height\" content=\"720\" \/>\n\t<meta property=\"og:image:type\" content=\"image\/jpeg\" \/>\n<meta name=\"author\" content=\"mahmud\" \/>\n<meta name=\"twitter:card\" content=\"summary_large_image\" \/>\n<script type=\"application\/ld+json\" class=\"yoast-schema-graph\">{\"@context\":\"https:\\\/\\\/schema.org\",\"@graph\":[{\"@type\":\"Article\",\"@id\":\"https:\\\/\\\/www.meydan.tv\\\/az\\\/article\\\/oba-marketd%c9%99-ovladinin-yukl%c9%99ndiyini-dey%c9%99n-ata-intihar-edib\\\/#article\",\"isPartOf\":{\"@id\":\"https:\\\/\\\/www.meydan.tv\\\/az\\\/article\\\/oba-marketd%c9%99-ovladinin-yukl%c9%99ndiyini-dey%c9%99n-ata-intihar-edib\\\/\"},\"author\":{\"name\":\"mahmud\",\"@id\":\"https:\\\/\\\/www.meydan.tv\\\/az\\\/#\\\/schema\\\/person\\\/09863e516102a829e72bedcf3f84c6b0\"},\"headline\":\"\u00d6vlad\u0131n\u0131n \u201cOba\u201d marketd\u0259 \u201cy\u00fckl\u0259ndiyini\u201d dey\u0259n ata intihar edib\",\"datePublished\":\"2025-01-27T09:41:21+00:00\",\"dateModified\":\"2025-01-27T12:33:31+00:00\",\"mainEntityOfPage\":{\"@id\":\"https:\\\/\\\/www.meydan.tv\\\/az\\\/article\\\/oba-marketd%c9%99-ovladinin-yukl%c9%99ndiyini-dey%c9%99n-ata-intihar-edib\\\/\"},\"wordCount\":455,\"publisher\":{\"@id\":\"https:\\\/\\\/www.meydan.tv\\\/az\\\/#organization\"},\"image\":{\"@id\":\"https:\\\/\\\/www.meydan.tv\\\/az\\\/article\\\/oba-marketd%c9%99-ovladinin-yukl%c9%99ndiyini-dey%c9%99n-ata-intihar-edib\\\/#primaryimage\"},\"thumbnailUrl\":\"https:\\\/\\\/www.meydan.tv\\\/wp-content\\\/uploads\\\/30112.jpg\",\"articleSection\":[\"Sosial\",\"T\u00f6vsiy\u0259\",\"X\u0259b\u0259rl\u0259r\"],\"inLanguage\":\"az\"},{\"@type\":\"WebPage\",\"@id\":\"https:\\\/\\\/www.meydan.tv\\\/az\\\/article\\\/oba-marketd%c9%99-ovladinin-yukl%c9%99ndiyini-dey%c9%99n-ata-intihar-edib\\\/\",\"url\":\"https:\\\/\\\/www.meydan.tv\\\/az\\\/article\\\/oba-marketd%c9%99-ovladinin-yukl%c9%99ndiyini-dey%c9%99n-ata-intihar-edib\\\/\",\"name\":\"\u00d6vlad\u0131n\u0131n \u201cOba\u201d marketd\u0259 \u201cy\u00fckl\u0259ndiyini\u201d dey\u0259n ata intihar edib - MEYDAN.TV\",\"isPartOf\":{\"@id\":\"https:\\\/\\\/www.meydan.tv\\\/az\\\/#website\"},\"primaryImageOfPage\":{\"@id\":\"https:\\\/\\\/www.meydan.tv\\\/az\\\/article\\\/oba-marketd%c9%99-ovladinin-yukl%c9%99ndiyini-dey%c9%99n-ata-intihar-edib\\\/#primaryimage\"},\"image\":{\"@id\":\"https:\\\/\\\/www.meydan.tv\\\/az\\\/article\\\/oba-marketd%c9%99-ovladinin-yukl%c9%99ndiyini-dey%c9%99n-ata-intihar-edib\\\/#primaryimage\"},\"thumbnailUrl\":\"https:\\\/\\\/www.meydan.tv\\\/wp-content\\\/uploads\\\/30112.jpg\",\"datePublished\":\"2025-01-27T09:41:21+00:00\",\"dateModified\":\"2025-01-27T12:33:31+00:00\",\"breadcrumb\":{\"@id\":\"https:\\\/\\\/www.meydan.tv\\\/az\\\/article\\\/oba-marketd%c9%99-ovladinin-yukl%c9%99ndiyini-dey%c9%99n-ata-intihar-edib\\\/#breadcrumb\"},\"inLanguage\":\"az\",\"potentialAction\":[{\"@type\":\"ReadAction\",\"target\":[\"https:\\\/\\\/www.meydan.tv\\\/az\\\/article\\\/oba-marketd%c9%99-ovladinin-yukl%c9%99ndiyini-dey%c9%99n-ata-intihar-edib\\\/\"]}]},{\"@type\":\"ImageObject\",\"inLanguage\":\"az\",\"@id\":\"https:\\\/\\\/www.meydan.tv\\\/az\\\/article\\\/oba-marketd%c9%99-ovladinin-yukl%c9%99ndiyini-dey%c9%99n-ata-intihar-edib\\\/#primaryimage\",\"url\":\"https:\\\/\\\/www.meydan.tv\\\/wp-content\\\/uploads\\\/30112.jpg\",\"contentUrl\":\"https:\\\/\\\/www.meydan.tv\\\/wp-content\\\/uploads\\\/30112.jpg\",\"width\":1280,\"height\":720,\"caption\":\"Foto: arxiv\"},{\"@type\":\"BreadcrumbList\",\"@id\":\"https:\\\/\\\/www.meydan.tv\\\/az\\\/article\\\/oba-marketd%c9%99-ovladinin-yukl%c9%99ndiyini-dey%c9%99n-ata-intihar-edib\\\/#breadcrumb\",\"itemListElement\":[{\"@type\":\"ListItem\",\"position\":1,\"name\":\"Ana s\u0259hif\u0259\",\"item\":\"https:\\\/\\\/www.meydan.tv\\\/az\\\/\"},{\"@type\":\"ListItem\",\"position\":2,\"name\":\"Sosial\",\"item\":\"https:\\\/\\\/www.meydan.tv\\\/az\\\/section\\\/sosial\\\/\"},{\"@type\":\"ListItem\",\"position\":3,\"name\":\"\u00d6vlad\u0131n\u0131n \u201cOba\u201d marketd\u0259 \u201cy\u00fckl\u0259ndiyini\u201d dey\u0259n ata intihar edib\"}]},{\"@type\":\"WebSite\",\"@id\":\"https:\\\/\\\/www.meydan.tv\\\/az\\\/#website\",\"url\":\"https:\\\/\\\/www.meydan.tv\\\/az\\\/\",\"name\":\"MEYDAN.TV\",\"description\":\"Meydan TV Az\u0259rbaycan\u0131n media m\u0259kan\u0131ndak\u0131 alternativ s\u0259sidir\",\"publisher\":{\"@id\":\"https:\\\/\\\/www.meydan.tv\\\/az\\\/#organization\"},\"potentialAction\":[{\"@type\":\"SearchAction\",\"target\":{\"@type\":\"EntryPoint\",\"urlTemplate\":\"https:\\\/\\\/www.meydan.tv\\\/az\\\/?s={search_term_string}\"},\"query-input\":{\"@type\":\"PropertyValueSpecification\",\"valueRequired\":true,\"valueName\":\"search_term_string\"}}],\"inLanguage\":\"az\"},{\"@type\":\"Organization\",\"@id\":\"https:\\\/\\\/www.meydan.tv\\\/az\\\/#organization\",\"name\":\"Meydan TV\",\"url\":\"https:\\\/\\\/www.meydan.tv\\\/az\\\/\",\"logo\":{\"@type\":\"ImageObject\",\"inLanguage\":\"az\",\"@id\":\"https:\\\/\\\/www.meydan.tv\\\/az\\\/#\\\/schema\\\/logo\\\/image\\\/\",\"url\":\"https:\\\/\\\/www.meydan.tv\\\/wp-content\\\/uploads\\\/2021\\\/07\\\/meydan-logo.svg\",\"contentUrl\":\"https:\\\/\\\/www.meydan.tv\\\/wp-content\\\/uploads\\\/2021\\\/07\\\/meydan-logo.svg\",\"width\":195,\"height\":46,\"caption\":\"Meydan TV\"},\"image\":{\"@id\":\"https:\\\/\\\/www.meydan.tv\\\/az\\\/#\\\/schema\\\/logo\\\/image\\\/\"}},{\"@type\":\"Person\",\"@id\":\"https:\\\/\\\/www.meydan.tv\\\/az\\\/#\\\/schema\\\/person\\\/09863e516102a829e72bedcf3f84c6b0\",\"name\":\"mahmud\"}]}<\/script>\n<!-- \/ Yoast SEO plugin. -->","yoast_head_json":{"title":"\u00d6vlad\u0131n\u0131n \u201cOba\u201d marketd\u0259 \u201cy\u00fckl\u0259ndiyini\u201d dey\u0259n ata intihar edib - MEYDAN.TV","robots":{"index":"index","follow":"follow","max-snippet":"max-snippet:-1","max-image-preview":"max-image-preview:large","max-video-preview":"max-video-preview:-1"},"canonical":"https:\/\/www.meydan.tv\/az\/article\/oba-marketd%c9%99-ovladinin-yukl%c9%99ndiyini-dey%c9%99n-ata-intihar-edib\/","og_locale":"az_AZ","og_type":"article","og_title":"\u00d6vlad\u0131n\u0131n \u201cOba\u201d marketd\u0259 \u201cy\u00fckl\u0259ndiyini\u201d dey\u0259n ata intihar edib - MEYDAN.TV","og_description":"&#8220;O\u011flundan 9 min manat pul t\u0259l\u0259b etmi\u015fdil\u0259r&#8221; X\u0259z\u0259r rayonu, T\u00fcrkan ... Davam\u0131","og_url":"https:\/\/www.meydan.tv\/az\/article\/oba-marketd%c9%99-ovladinin-yukl%c9%99ndiyini-dey%c9%99n-ata-intihar-edib\/","og_site_name":"MEYDAN.TV","article_published_time":"2025-01-27T09:41:21+00:00","article_modified_time":"2025-01-27T12:33:31+00:00","og_image":[{"width":1280,"height":720,"url":"https:\/\/www.meydan.tv\/wp-content\/uploads\/30112.jpg","type":"image\/jpeg"}],"author":"mahmud","twitter_card":"summary_large_image","schema":{"@context":"https:\/\/schema.org","@graph":[{"@type":"Article","@id":"https:\/\/www.meydan.tv\/az\/article\/oba-marketd%c9%99-ovladinin-yukl%c9%99ndiyini-dey%c9%99n-ata-intihar-edib\/#article","isPartOf":{"@id":"https:\/\/www.meydan.tv\/az\/article\/oba-marketd%c9%99-ovladinin-yukl%c9%99ndiyini-dey%c9%99n-ata-intihar-edib\/"},"author":{"name":"mahmud","@id":"https:\/\/www.meydan.tv\/az\/#\/schema\/person\/09863e516102a829e72bedcf3f84c6b0"},"headline":"\u00d6vlad\u0131n\u0131n \u201cOba\u201d marketd\u0259 \u201cy\u00fckl\u0259ndiyini\u201d dey\u0259n ata intihar edib","datePublished":"2025-01-27T09:41:21+00:00","dateModified":"2025-01-27T12:33:31+00:00","mainEntityOfPage":{"@id":"https:\/\/www.meydan.tv\/az\/article\/oba-marketd%c9%99-ovladinin-yukl%c9%99ndiyini-dey%c9%99n-ata-intihar-edib\/"},"wordCount":455,"publisher":{"@id":"https:\/\/www.meydan.tv\/az\/#organization"},"image":{"@id":"https:\/\/www.meydan.tv\/az\/article\/oba-marketd%c9%99-ovladinin-yukl%c9%99ndiyini-dey%c9%99n-ata-intihar-edib\/#primaryimage"},"thumbnailUrl":"https:\/\/www.meydan.tv\/wp-content\/uploads\/30112.jpg","articleSection":["Sosial","T\u00f6vsiy\u0259","X\u0259b\u0259rl\u0259r"],"inLanguage":"az"},{"@type":"WebPage","@id":"https:\/\/www.meydan.tv\/az\/article\/oba-marketd%c9%99-ovladinin-yukl%c9%99ndiyini-dey%c9%99n-ata-intihar-edib\/","url":"https:\/\/www.meydan.tv\/az\/article\/oba-marketd%c9%99-ovladinin-yukl%c9%99ndiyini-dey%c9%99n-ata-intihar-edib\/","name":"\u00d6vlad\u0131n\u0131n \u201cOba\u201d marketd\u0259 \u201cy\u00fckl\u0259ndiyini\u201d dey\u0259n ata intihar edib - MEYDAN.TV","isPartOf":{"@id":"https:\/\/www.meydan.tv\/az\/#website"},"primaryImageOfPage":{"@id":"https:\/\/www.meydan.tv\/az\/article\/oba-marketd%c9%99-ovladinin-yukl%c9%99ndiyini-dey%c9%99n-ata-intihar-edib\/#primaryimage"},"image":{"@id":"https:\/\/www.meydan.tv\/az\/article\/oba-marketd%c9%99-ovladinin-yukl%c9%99ndiyini-dey%c9%99n-ata-intihar-edib\/#primaryimage"},"thumbnailUrl":"https:\/\/www.meydan.tv\/wp-content\/uploads\/30112.jpg","datePublished":"2025-01-27T09:41:21+00:00","dateModified":"2025-01-27T12:33:31+00:00","breadcrumb":{"@id":"https:\/\/www.meydan.tv\/az\/article\/oba-marketd%c9%99-ovladinin-yukl%c9%99ndiyini-dey%c9%99n-ata-intihar-edib\/#breadcrumb"},"inLanguage":"az","potentialAction":[{"@type":"ReadAction","target":["https:\/\/www.meydan.tv\/az\/article\/oba-marketd%c9%99-ovladinin-yukl%c9%99ndiyini-dey%c9%99n-ata-intihar-edib\/"]}]},{"@type":"ImageObject","inLanguage":"az","@id":"https:\/\/www.meydan.tv\/az\/article\/oba-marketd%c9%99-ovladinin-yukl%c9%99ndiyini-dey%c9%99n-ata-intihar-edib\/#primaryimage","url":"https:\/\/www.meydan.tv\/wp-content\/uploads\/30112.jpg","contentUrl":"https:\/\/www.meydan.tv\/wp-content\/uploads\/30112.jpg","width":1280,"height":720,"caption":"Foto: arxiv"},{"@type":"BreadcrumbList","@id":"https:\/\/www.meydan.tv\/az\/article\/oba-marketd%c9%99-ovladinin-yukl%c9%99ndiyini-dey%c9%99n-ata-intihar-edib\/#breadcrumb","itemListElement":[{"@type":"ListItem","position":1,"name":"Ana s\u0259hif\u0259","item":"https:\/\/www.meydan.tv\/az\/"},{"@type":"ListItem","position":2,"name":"Sosial","item":"https:\/\/www.meydan.tv\/az\/section\/sosial\/"},{"@type":"ListItem","position":3,"name":"\u00d6vlad\u0131n\u0131n \u201cOba\u201d marketd\u0259 \u201cy\u00fckl\u0259ndiyini\u201d dey\u0259n ata intihar edib"}]},{"@type":"WebSite","@id":"https:\/\/www.meydan.tv\/az\/#website","url":"https:\/\/www.meydan.tv\/az\/","name":"MEYDAN.TV","description":"Meydan TV Az\u0259rbaycan\u0131n media m\u0259kan\u0131ndak\u0131 alternativ s\u0259sidir","publisher":{"@id":"https:\/\/www.meydan.tv\/az\/#organization"},"potentialAction":[{"@type":"SearchAction","target":{"@type":"EntryPoint","urlTemplate":"https:\/\/www.meydan.tv\/az\/?s={search_term_string}"},"query-input":{"@type":"PropertyValueSpecification","valueRequired":true,"valueName":"search_term_string"}}],"inLanguage":"az"},{"@type":"Organization","@id":"https:\/\/www.meydan.tv\/az\/#organization","name":"Meydan TV","url":"https:\/\/www.meydan.tv\/az\/","logo":{"@type":"ImageObject","inLanguage":"az","@id":"https:\/\/www.meydan.tv\/az\/#\/schema\/logo\/image\/","url":"https:\/\/www.meydan.tv\/wp-content\/uploads\/2021\/07\/meydan-logo.svg","contentUrl":"https:\/\/www.meydan.tv\/wp-content\/uploads\/2021\/07\/meydan-logo.svg","width":195,"height":46,"caption":"Meydan TV"},"image":{"@id":"https:\/\/www.meydan.tv\/az\/#\/schema\/logo\/image\/"}},{"@type":"Person","@id":"https:\/\/www.meydan.tv\/az\/#\/schema\/person\/09863e516102a829e72bedcf3f84c6b0","name":"mahmud"}]}},"_links":{"self":[{"href":"https:\/\/www.meydan.tv\/az\/wp-json\/wp\/v2\/posts\/325296","targetHints":{"allow":["GET"]}}],"collection":[{"href":"https:\/\/www.meydan.tv\/az\/wp-json\/wp\/v2\/posts"}],"about":[{"href":"https:\/\/www.meydan.tv\/az\/wp-json\/wp\/v2\/types\/post"}],"author":[{"embeddable":true,"href":"https:\/\/www.meydan.tv\/az\/wp-json\/wp\/v2\/users\/21"}],"replies":[{"embeddable":true,"href":"https:\/\/www.meydan.tv\/az\/wp-json\/wp\/v2\/comments?post=325296"}],"version-history":[{"count":2,"href":"https:\/\/www.meydan.tv\/az\/wp-json\/wp\/v2\/posts\/325296\/revisions"}],"predecessor-version":[{"id":325309,"href":"https:\/\/www.meydan.tv\/az\/wp-json\/wp\/v2\/posts\/325296\/revisions\/325309"}],"wp:featuredmedia":[{"embeddable":true,"href":"https:\/\/www.meydan.tv\/az\/wp-json\/wp\/v2\/media\/77596"}],"wp:attachment":[{"href":"https:\/\/www.meydan.tv\/az\/wp-json\/wp\/v2\/media?parent=325296"}],"wp:term":[{"taxonomy":"category","embeddable":true,"href":"https:\/\/www.meydan.tv\/az\/wp-json\/wp\/v2\/categories?post=325296"},{"taxonomy":"post_tag","embeddable":true,"href":"https:\/\/www.meydan.tv\/az\/wp-json\/wp\/v2\/tags?post=325296"}],"curies":[{"name":"wp","href":"https:\/\/api.w.org\/{rel}","templated":true}]}}