{"id":325268,"date":"2025-01-27T13:47:44","date_gmt":"2025-01-27T09:47:44","guid":{"rendered":"https:\/\/www.meydan.tv\/?p=325268"},"modified":"2025-01-27T23:48:03","modified_gmt":"2025-01-27T19:48:03","slug":"g%c9%99nc%c9%99-yollarinda-batan-milyonlar","status":"publish","type":"post","link":"https:\/\/www.meydan.tv\/az\/article\/g%c9%99nc%c9%99-yollarinda-batan-milyonlar\/","title":{"rendered":"G\u0259nc\u0259 yollar\u0131nda \u201cbatan\u201d milyonlar"},"content":{"rendered":"\n<p><strong><em>55 milyon manatdan \u00e7ox tender udan \u015firk\u0259t v\u0259 abadla\u015fmayan yollar\u2026<\/em><\/strong><\/p>\n\n\n\n<p>G\u0259nc\u0259 sakinl\u0259ri \u015f\u0259h\u0259rin G\u00fcl\u00fcstan q\u0259s\u0259b\u0259sind\u0259 14 n\u00f6mr\u0259li mar\u015frutun h\u0259r\u0259k\u0259t etdiyi yolun b\u0259rbad v\u0259ziyy\u0259td\u0259 oldu\u011funu deyirl\u0259r.&nbsp;<\/p>\n\n\n\n<p>Onlar\u0131n s\u00f6zl\u0259rin\u0259 g\u00f6r\u0259, \u015f\u0259h\u0259rin yol infrastrukturunun t\u0259mirin\u0259 zaman-zaman b\u00f6y\u00fck m\u0259bl\u0259\u011fd\u0259 v\u0259saitl\u0259r ayr\u0131lsa da, G\u00fcl\u00fcstan \u201ck\u00fcl\u00fcstan\u201d olaraq qal\u0131r.&nbsp;<\/p>\n\n\n\n<p>14 n\u00f6mr\u0259li mar\u015frutun yolu is\u0259 ba\u015fdan-ba\u015fa tan\u0131nmaz haldad\u0131r, tamamil\u0259 \u00e7\u00f6k\u00fcb.&nbsp;<\/p>\n\n\n\n<p><strong><em>\u201c\u015e\u0259h\u0259r\u0259 milyonlar ayr\u0131l\u0131r, b\u0259s bu v\u0259saitl\u0259r hara gedir?\u201d<\/em><\/strong> \u2013 bu sual\u0131 G\u0259nc\u0259 sakinl\u0259ri Meydan TV-y\u0259 \u00fcnvanlad\u0131qlar\u0131 videog\u00f6r\u00fcnt\u00fcd\u0259 s\u0259sl\u0259ndiribl\u0259r.<\/p>\n\n\n\n<p>Meydan TV-nin ara\u015fd\u0131rma qrupu sakinl\u0259rin \u00fcnvanlad\u0131\u011f\u0131 suala cavab tapmaq \u00fc\u00e7\u00fcn&nbsp;G\u0259nc\u0259nin yol infrastrukturuna ayr\u0131lan v\u0259saitl\u0259r v\u0259 tenderl\u0259ri ara\u015fd\u0131r\u0131b.<\/p>\n\n\n\n<p>Son olaraq yanvar\u0131n 14-\u00fc G\u0259nc\u0259 \u015e\u0259h\u0259r M\u0259nzil-Kommunal T\u0259s\u0259rr\u00fcfat\u0131 \u0130stehsalat Birliyi \u201cG\u0259nc\u0259 \u015f\u0259h\u0259ri, \u018fli M\u0259mm\u0259dov k\u00fc\u00e7\u0259sind\u0259 Ekoloji Park kompleksinin v\u0259 onun \u0259traf\u0131nda abadl\u0131q i\u015fl\u0259rinin sat\u0131nal\u0131nmas\u0131 (2-ci hiss\u0259)\u201d tenderinin n\u0259tic\u0259l\u0259rini elan edib.&nbsp;<\/p>\n\n\n\n<p>Tenderin qalibi \u201c<strong>G\u0259nc\u0259 K\u00f6rp\u00fc Tikinti-2<\/strong>\u201d ASC (V\u00d6EN: 2300214521) olub.&nbsp;<\/p>\n\n\n\n<p>Qalib \u015firk\u0259t\u0259 6 milyon 189 min&nbsp;463 manat \u00f6d\u0259nil\u0259c\u0259k.<\/p>\n\n\n\n<p>Bir ay \u0259vv\u0259l is\u0259 &#8220;G\u0259nc\u0259 \u015f\u0259h\u0259rind\u0259 yollar\u0131n \u0259sasl\u0131 t\u0259miri i\u015fl\u0259rinin sat\u0131nal\u0131nmas\u0131&#8221; tenderi \u00fc\u00e7\u00fcn \u015firk\u0259t 10 milyonluq m\u00fcsabiq\u0259nin qalibi elan olunmu\u015fdu.<\/p>\n\n\n\n<p>\u00dcmumilikd\u0259 \u201cG\u0259nc\u0259 K\u00f6rp\u00fc Tikinti-2\u201d ASC 2019-cu ild\u0259n bu yana, G\u0259nc\u0259 il\u0259 yana\u015f\u0131, G\u0259d\u0259b\u0259y, Qazax, G\u00f6yg\u00f6l, Naftalan \u015f\u0259h\u0259rl\u0259rind\u0259 yollar\u0131n tikintisi, \u0259sasl\u0131 t\u0259miri v\u0259 abadla\u015fd\u0131rma i\u015fl\u0259ri il\u0259 \u0259laq\u0259dar 55 milyondan \u00e7ox v\u0259saitli tenderl\u0259rin qalibi olub.<\/p>\n\n\n\n<p><strong>\u015eirk\u0259t haqq\u0131nda n\u0259l\u0259r m\u0259lumdur?<\/strong><\/p>\n\n\n\n<p>\u0130qtisadiyyat Nazirliyi yan\u0131nda D\u00f6vl\u0259t Vergi Xidm\u0259tinin reyestr m\u0259lumatlar\u0131nda g\u00f6st\u0259rilir ki, \u201cG\u0259nc\u0259 K\u00f6rp\u00fc Tikinti-2\u201d ASC 11 iyul 2002-ci ild\u0259 d\u00f6vl\u0259t&nbsp;qeydiyyat\u0131na al\u0131n\u0131b.&nbsp;<\/p>\n\n\n\n<p>Nizamnam\u0259 kapital\u0131 143 min 104 manat olan \u015firk\u0259tin h\u00fcquqi \u00fcnvan\u0131 Bak\u0131 \u015f\u0259h\u0259ri N\u0259simi rayonu, S\u00fcleyman R\u00fcst\u0259m k\u00fc\u00e7\u0259si, ev 47-d\u0259 yerl\u0259\u015fir.&nbsp;<\/p>\n\n\n\n<p>Haz\u0131rda ASC-nin qanuni t\u0259msil\u00e7isi Zeynall\u0131 M\u0259h\u0259rr\u0259m Aslan o\u011fludur.&nbsp;<\/p>\n\n\n\n<p>Buna q\u0259d\u0259r is\u0259 Rzayev S\u00fcleyman Q\u0259mb\u0259r o\u011flu v\u0259 Qurban\u0259liyev \u00c7ingiz Midh\u0259t o\u011flu \u015firk\u0259tin qanuni t\u0259msil\u00e7isi kimi t\u0259msil olunublar.&nbsp;<\/p>\n\n\n\n<p>H\u0259r ikisi d\u0259 \u00f6lk\u0259 ba\u015f\u00e7\u0131s\u0131 \u0130lham \u018fliyev t\u0259r\u0259find\u0259n m\u00fckafatland\u0131r\u0131l\u0131b.<\/p>\n\n\n\n<p>2012-ci ild\u0259 \u015firk\u0259tin qanuni t\u0259msil\u00e7isi oldu\u011fu zamanda Rzayev S\u00fcleyman Q\u0259mb\u0259r o\u011flu in\u015faat sah\u0259sind\u0259 s\u0259m\u0259r\u0259li f\u0259aliyy\u0259tl\u0259rin\u0259 g\u00f6r\u0259 \u0130lham \u018fliyev t\u0259r\u0259find\u0259n \u201cT\u0259r\u0259qqi\u201d medal\u0131 il\u0259 t\u0259ltif edilib.&nbsp;<\/p>\n\n\n\n<p>2014-c\u00fc ild\u0259 \u015firk\u0259tin qanuni t\u0259msil\u00e7isi oldu\u011fu vaxt Qurban\u0259liyev \u00c7ingiz Midh\u0259t o\u011flu G\u0259nc\u0259 \u015f\u0259h\u0259rinin sosial-m\u0259d\u0259ni inki\u015faf\u0131nda xidm\u0259tl\u0259rin\u0259 g\u00f6r\u0259 \u0130lham \u018fliyev t\u0259r\u0259find\u0259n &#8220;\u018fm\u0259kdar m\u00fch\u0259ndis&#8221; f\u0259xri ad\u0131na layiq g\u00f6r\u00fcl\u00fcb.<\/p>\n\n\n\n<p>&#8220;G\u0259nc\u0259 K\u00f6rp\u00fc Tikinti-2&#8221; ASC \u00f6lk\u0259 \u0259razisind\u0259 k\u00f6rp\u00fc ke\u00e7idl\u0259rinin, yol\u00f6t\u00fcr\u00fcc\u00fcl\u0259rinin, yeralt\u0131 ke\u00e7idl\u0259rin, su\u00f6t\u00fcr\u00fcc\u00fc borular\u0131n v\u0259 avtomobil yollar\u0131n\u0131n, el\u0259c\u0259 d\u0259 dig\u0259r s\u00fcni qur\u011fular\u0131n tikintisi il\u0259 m\u0259\u015f\u011ful olan azsayl\u0131 m\u00fc\u0259ssis\u0259l\u0259rd\u0259n biridir. <\/p>\n\n\n\n<p>Bundan \u0259lav\u0259, m\u00fc\u0259ssis\u0259 \u015f\u0259h\u0259r yollar\u0131nda v\u0259 avtomobil magistrallar\u0131nda abadl\u0131q i\u015fl\u0259rini, m\u00fcxt\u0259lif tikinti obyektl\u0259rind\u0259 monolit v\u0259 y\u0131\u011fma d\u0259mir-beton konstruksiyalar\u0131n\u0131n tikinti-qura\u015fd\u0131rma i\u015fl\u0259rini d\u0259 h\u0259yata ke\u00e7irir.<\/p>\n\n\n\n<p><strong>\u015eirk\u0259tin \u0259sl sahibi kimdir?<\/strong><\/p>\n\n\n\n<p><a href=\"https:\/\/web.archive.org\/web\/20160826000743\/http:\/\/gencekorpu.com\/index.php?id=19&amp;sub_id=191&amp;lang=1\" target=\"_blank\" rel=\"noreferrer noopener\">Saytlar\u0131nda<\/a> v\u0259 <a href=\"http:\/\/gedebey-ih.gov.az\/az\/gorkemli-sexsler.html\" target=\"_blank\" rel=\"noreferrer noopener\">r\u0259smi qurumlar<\/a> t\u0259r\u0259find\u0259n qeyd olunan m\u0259lumatlara \u0259sas\u0259n, \u015firk\u0259tin direktorlar \u015furas\u0131n\u0131n s\u0259dri <strong>M\u0259mm\u0259dov Aqib\u0259t \u0130dris<\/strong> o\u011fludur.&nbsp;<\/p>\n\n\n\n<p>Yuxar\u0131da adlar\u0131 \u00e7\u0259kil\u0259n \u00c7ingiz Qurban\u0259liyev \u015firk\u0259tin \u0130dar\u0259 Hey\u0259tinin s\u0259dri, S\u00fcleyman Rzayev is\u0259 s\u0259drin m\u00fcavinidir.<\/p>\n\n\n\n<figure class=\"wp-block-image size-large\"><img decoding=\"async\" width=\"1200\" height=\"640\" data-src=\"https:\/\/www.meydan.tv\/wp-content\/uploads\/agibat3-1200x640.png\" alt=\"\" class=\"wp-image-325269 lazyload\" src=\"data:image\/svg+xml;base64,PHN2ZyB3aWR0aD0iMSIgaGVpZ2h0PSIxIiB4bWxucz0iaHR0cDovL3d3dy53My5vcmcvMjAwMC9zdmciPjwvc3ZnPg==\" style=\"--smush-placeholder-width: 1200px; --smush-placeholder-aspect-ratio: 1200\/640;\" \/><figcaption class=\"wp-element-caption\">Gencekorpu.com sayt\u0131ndan screenshot<\/figcaption><\/figure>\n\n\n\n<p>M\u0259mm\u0259dov Aqib\u0259t \u0130dris o\u011flu \u00f6lk\u0259 ba\u015f\u00e7\u0131s\u0131 \u0130lham \u018fliyev t\u0259r\u0259find\u0259n 2010-cu ild\u0259 tikinti kompleksinin inki\u015faf\u0131ndak\u0131 xidm\u0259tl\u0259rin\u0259 g\u00f6r\u0259 &#8220;T\u0259r\u0259qqi&#8221; medal\u0131 il\u0259, 2012-ci ild\u0259 in\u015faat sah\u0259sind\u0259 s\u0259m\u0259r\u0259li f\u0259aliyy\u0259tl\u0259rin\u0259 g\u00f6r\u0259 \u201c\u018fm\u0259kdar m\u00fch\u0259ndis\u201d f\u0259xri ad\u0131 il\u0259, 2018-ci ild\u0259 is\u0259 yol-n\u0259qliyyat infrastrukturunun inki\u015faf\u0131nda xidm\u0259tl\u0259rin\u0259 g\u00f6r\u0259 3-c\u00fc d\u0259r\u0259c\u0259li \u201c\u018fm\u0259k\u201d ordeni il\u0259 t\u0259ltif olunub.<\/p>\n\n\n\n<p>Davaml\u0131 m\u00fckafatlarla t\u0259ltif edil\u0259n oliqarx Aqib\u0259t M\u0259mm\u0259dov h\u0259l\u0259 sovet d\u00f6vr\u00fcnd\u0259n in\u015faatda \u00e7al\u0131\u015f\u0131b v\u0259 sonradan &#8220;G\u0259nc\u0259 K\u00f6rp\u00fc Tikinti-2\u201d ASC-ni \u00f6z\u0259ll\u0259\u015fdirib. Lakin onun f\u0259aliyy\u0259ti t\u0259kc\u0259 b\u00fcdc\u0259 pullar\u0131 hesab\u0131na yol-n\u0259qliyyat layih\u0259l\u0259rinin tikintisini h\u0259yata ke\u00e7irm\u0259kl\u0259 bitmir, Aqib\u0259t M\u0259mm\u0259dovun bir s\u0131ra xarici \u00f6lk\u0259l\u0259rd\u0259 aktivl\u0259ri, biznesi v\u0259 otell\u0259ri m\u00f6vcuddur.<\/p>\n\n\n\n<p>Sahibkar Aqib\u0259t M\u0259mm\u0259dovun <a href=\"https:\/\/interposta.info\/gundem\/23004-lukasenkoya-yaxin-olan-azrbaycanli-oliqarxlar.html\" target=\"_blank\" rel=\"noreferrer noopener\">h\u0259mt\u0259sis\u00e7isi<\/a> oldu\u011fu \u201cSudotexnologiya\u201d <a href=\"https:\/\/haqqin.az\/news\/108026\" target=\"_blank\" rel=\"noreferrer noopener\">\u015firk\u0259ti<\/a> Belarusun paytaxt\u0131 Minsk \u015f\u0259h\u0259rind\u0259 3 iri obyektin layih\u0259l\u0259ndiricisi v\u0259 investoru <a href=\"https:\/\/oxu.az\/cemiyyet\/azerbaycanlilarin-minskde-tikdiyi-uc-mohtesem-bina-foto\" target=\"_blank\" rel=\"noreferrer noopener\">olub<\/a>: \u201cAstoria Riverside\u201d restoran kompleksi, \u201cAb\u015feron\u201d kompleksi v\u0259 \u00c7ervensk bazar\u0131 il\u0259 \u00fczb\u0259\u00fcz tikil\u0259n g\u00f6rk\u0259mli Biznes M\u0259rk\u0259zi.<\/p>\n\n\n\n<p>Bundan \u0259lav\u0259, Rusiyada Aqib\u0259t M\u0259mm\u0259dovun ad\u0131na 2023-c\u00fc ild\u0259 qeydiyyatdan ke\u00e7\u0259n &#8220;Deluks&#8221; (773434691871) adl\u0131 \u015firk\u0259ti <a href=\"https:\/\/saby.ru\/profile\/7733420249-773301001\" target=\"_blank\" rel=\"noreferrer noopener\">m\u00f6vcuddur<\/a>.&nbsp;<\/p>\n\n\n\n<p>\u015eirk\u0259t 27 m\u00fcxt\u0259lif sah\u0259l\u0259rd\u0259 f\u0259aliyy\u0259t g\u00f6st\u0259rir. Amma \u0259sas\u0259n icar\u0259y\u0259 g\u00f6t\u00fcr\u00fclm\u00fc\u015f da\u015f\u0131nmaz \u0259mlak\u0131n icar\u0259si v\u0259 ya idar\u0259 edilm\u0259si xidm\u0259tl\u0259rini yerin\u0259 yetirir.<\/p>\n\n\n\n<p>Kommersiya qurumlar\u0131n\u0131n d\u00f6vl\u0259t reyestri m\u0259lumatlar\u0131na g\u00f6r\u0259, onun o\u011flu <strong>R\u0259\u015fad M\u0259mm\u0259dov<\/strong>un ad\u0131na is\u0259 3 \u015firk\u0259t m\u00f6vcuddur: &#8220;ATRANG&#8221; MMC (1501965141), &#8220;OSMAN&#8221; MMC (7600020171) v\u0259 &#8220;ESA HOME&#8221; MMC (1700926071).&nbsp;<\/p>\n\n\n\n<p>\u015eirk\u0259tl\u0259rin hans\u0131 f\u0259aliyy\u0259tl\u0259 m\u0259\u015f\u011ful olduqlar\u0131 bar\u0259d\u0259 m\u0259lumat \u0259ld\u0259 etm\u0259k m\u00fcmk\u00fcn deyil.<\/p>\n\n\n\n<p>Bundan ba\u015fqa, \u00f6t\u0259n ill\u0259rd\u0259 Aqib\u0259t M\u0259mm\u0259dov o\u011flu R\u0259\u015fad avtomobil kolleksiyas\u0131 il\u0259 g\u00fcnd\u0259m\u0259 <a href=\"https:\/\/axar.az\/news\/avto\/476980.html\" target=\"_blank\" rel=\"noreferrer noopener\">g\u0259lmi\u015fdi<\/a>.&nbsp;<\/p>\n\n\n\n<p>M\u0259lumatlarda bildirilirdi ki, R\u0259\u015fad M\u0259mm\u0259dovun avtomobil park\u0131nda bahal\u0131 ma\u015f\u0131nlar yer al\u0131r. Onun vaxta\u015f\u0131r\u0131 avtomobil park\u0131n\u0131 yenil\u0259diyi <a href=\"https:\/\/qlobal.az\/daha-bir-memur-vladinin-bahali-avtomobil-kolleksiyasi-fotolar\/\" target=\"_blank\" rel=\"noreferrer noopener\">iddia olunur<\/a>.&nbsp;<\/p>\n\n\n\n<p>B\u00fct\u00fcn bunlar\u0131n m\u00fcqabilind\u0259 is\u0259 oliqarx Az\u0259rbaycan\u0131n inki\u015faf\u0131 namin\u0259 se\u00e7kil\u0259rd\u0259 \u0130lham \u018fliyev\u0259 s\u0259s ver\u0259c\u0259yini <a href=\"https:\/\/sesqazeti.az\/news\/interview\/670023.html\" target=\"_blank\" rel=\"noreferrer noopener\">bildirmi\u015fdi<\/a>.<\/p>\n\n\n\n<p><strong>Aqib\u0259t M\u0259mm\u0259dov bar\u0259sind\u0259ki iddialara n\u0259 cavab verir?<\/strong><\/p>\n\n\n\n<p>Aqib\u0259t M\u0259mm\u0259dov is\u0259 \u00f6z\u00fc haqq\u0131nda <a href=\"https:\/\/pressxeber.info\/gundem\/11254-aqibt-mmmdovun-ugurlarina-kolg-salmaq-mumkun-olmayacaq.html\" target=\"_blank\" rel=\"noreferrer noopener\">d\u0259rc etdiyi<\/a> m\u0259qal\u0259d\u0259 iddialar\u0131 t\u0259kzib edib:&nbsp;<\/p>\n\n\n\n<p><em>&#8220;Aqib\u0259t M\u0259mm\u0259dov oliqarx deyil v\u0259 \u00f6mr\u00fc boyu hans\u0131sa post u\u011frunda m\u00fcbariz\u0259 aparmay\u0131b. B\u0259zi media qurumlar\u0131nda Aqib\u0259t M\u0259mm\u0259dov haqq\u0131nda \u0259sas\u0131 olmayan, he\u00e7 bir m\u0259ntiq\u0259 v\u0259 fakta \u0259saslanmayan a\u00e7\u0131qlamalar d\u0259rc olunur. S\u00f6zs\u00fcz ki, bu c\u00fcr \u0259h\u0259miyy\u0259tsiz a\u00e7\u0131qlamalar\u0131n d\u0259rcind\u0259 hans\u0131sa maraql\u0131 q\u00fcvv\u0259l\u0259r m\u00fc\u0259yy\u0259n rol oynay\u0131rlar\u201d.&nbsp;<\/em><\/p>\n\n\n\n<p><em>\u201cM\u0259s\u0259l\u0259nin d\u00fc\u015f\u00fcnd\u00fcr\u00fcc\u00fc t\u0259r\u0259fi odur ki, Aqib\u0259t M\u0259mm\u0259dov haqq\u0131nda t\u0259nqidi a\u00e7\u0131qlamalar d\u0259rc ed\u0259n m\u0259tbu orqanlar\u0131n \u0259m\u0259kda\u015flar\u0131, m\u0259qal\u0259ni d\u0259rc etm\u0259zd\u0259n \u00f6nc\u0259 h\u0259r hans\u0131 ara\u015fd\u0131rmalar aparm\u0131rlar. Yaln\u0131z \u201ca\u011falar\u0131ndan\u201d alm\u0131\u015f olduqlar\u0131 sifari\u015fl\u0259ri yerin\u0259 yetirm\u0259kl\u0259, bir n\u00f6v i\u015fl\u0259rini bitmi\u015f hesab edirl\u0259r. Bel\u0259 bir add\u0131mlar\u0131n at\u0131lmas\u0131 onu s\u00fcbut edir ki, qeyd olunan \u201cm\u0259qal\u0259l\u0259ri\u201d d\u0259rc ed\u0259n K\u0130V n\u00fcmay\u0259nd\u0259l\u0259rinin ara\u015fd\u0131rma aparmaq qabiliyy\u0259tl\u0259ri yoxdur. \u018fg\u0259r hans\u0131sa qabiliyy\u0259tl\u0259ri olsayd\u0131, o halda, y\u0259qin ki, f\u0259rqli add\u0131mlar atard\u0131lar&#8221;,<\/em> &#8211; dey\u0259 o bildirir.&nbsp;<\/p>\n\n\n\n<p>Meydan TV aidiyy\u0259ti qurumlardan sakinl\u0259rin suallar\u0131na cavab ala bilm\u0259yib.<\/p>\n\n\n\n<p><\/p>\n","protected":false},"excerpt":{"rendered":"<p>55 milyon manatdan \u00e7ox tender udan \u015firk\u0259t v\u0259 abadla\u015fmayan yollar\u2026 &#8230; <\/p>\n<p class=\"read-more-container\"><a title=\"G\u0259nc\u0259 yollar\u0131nda \u201cbatan\u201d milyonlar\" class=\"read-more button\" href=\"https:\/\/www.meydan.tv\/az\/article\/g%c9%99nc%c9%99-yollarinda-batan-milyonlar\/#more-325268\" aria-label=\"Read more about G\u0259nc\u0259 yollar\u0131nda \u201cbatan\u201d milyonlar\">Davam\u0131<\/a><\/p>\n","protected":false},"author":14,"featured_media":325282,"comment_status":"closed","ping_status":"closed","sticky":false,"template":"","format":"standard","meta":{"_acf_changed":false,"_sitemap_exclude":false,"_sitemap_priority":"","_sitemap_frequency":"","footnotes":""},"categories":[55,88,79,56],"tags":[],"class_list":["post-325268","post","type-post","status-publish","format-standard","has-post-thumbnail","hentry","category-arasdirma","category-redaktor-secimi","category-featured","category-xeberler","infinite-scroll-item","generate-columns","tablet-grid-50","mobile-grid-100","grid-parent","grid-33","no-featured-image-padding"],"acf":[],"yoast_head":"<!-- This site is optimized with the Yoast SEO plugin v27.5 - https:\/\/yoast.com\/product\/yoast-seo-wordpress\/ -->\n<title>G\u0259nc\u0259 yollar\u0131nda \u201cbatan\u201d milyonlar - MEYDAN.TV<\/title>\n<meta name=\"robots\" content=\"index, follow, max-snippet:-1, max-image-preview:large, max-video-preview:-1\" \/>\n<link rel=\"canonical\" href=\"https:\/\/www.meydan.tv\/az\/article\/g%c9%99nc%c9%99-yollarinda-batan-milyonlar\/\" \/>\n<meta property=\"og:locale\" content=\"az_AZ\" \/>\n<meta property=\"og:type\" content=\"article\" \/>\n<meta property=\"og:title\" content=\"G\u0259nc\u0259 yollar\u0131nda \u201cbatan\u201d milyonlar - MEYDAN.TV\" \/>\n<meta property=\"og:description\" content=\"55 milyon manatdan \u00e7ox tender udan \u015firk\u0259t v\u0259 abadla\u015fmayan yollar\u2026 ... Davam\u0131\" \/>\n<meta property=\"og:url\" content=\"https:\/\/www.meydan.tv\/az\/article\/g%c9%99nc%c9%99-yollarinda-batan-milyonlar\/\" \/>\n<meta property=\"og:site_name\" content=\"MEYDAN.TV\" \/>\n<meta property=\"article:published_time\" content=\"2025-01-27T09:47:44+00:00\" \/>\n<meta property=\"article:modified_time\" content=\"2025-01-27T19:48:03+00:00\" \/>\n<meta property=\"og:image\" content=\"https:\/\/www.meydan.tv\/wp-content\/uploads\/345.png\" \/>\n\t<meta property=\"og:image:width\" content=\"1179\" \/>\n\t<meta property=\"og:image:height\" content=\"576\" \/>\n\t<meta property=\"og:image:type\" content=\"image\/png\" \/>\n<meta name=\"author\" content=\"roma\" \/>\n<meta name=\"twitter:card\" content=\"summary_large_image\" \/>\n<script type=\"application\/ld+json\" class=\"yoast-schema-graph\">{\"@context\":\"https:\\\/\\\/schema.org\",\"@graph\":[{\"@type\":\"Article\",\"@id\":\"https:\\\/\\\/www.meydan.tv\\\/az\\\/article\\\/g%c9%99nc%c9%99-yollarinda-batan-milyonlar\\\/#article\",\"isPartOf\":{\"@id\":\"https:\\\/\\\/www.meydan.tv\\\/az\\\/article\\\/g%c9%99nc%c9%99-yollarinda-batan-milyonlar\\\/\"},\"author\":{\"name\":\"roma\",\"@id\":\"https:\\\/\\\/www.meydan.tv\\\/az\\\/#\\\/schema\\\/person\\\/8f23e01c4de63326c13c319fb65ee65d\"},\"headline\":\"G\u0259nc\u0259 yollar\u0131nda \u201cbatan\u201d milyonlar\",\"datePublished\":\"2025-01-27T09:47:44+00:00\",\"dateModified\":\"2025-01-27T19:48:03+00:00\",\"mainEntityOfPage\":{\"@id\":\"https:\\\/\\\/www.meydan.tv\\\/az\\\/article\\\/g%c9%99nc%c9%99-yollarinda-batan-milyonlar\\\/\"},\"wordCount\":1403,\"publisher\":{\"@id\":\"https:\\\/\\\/www.meydan.tv\\\/az\\\/#organization\"},\"image\":{\"@id\":\"https:\\\/\\\/www.meydan.tv\\\/az\\\/article\\\/g%c9%99nc%c9%99-yollarinda-batan-milyonlar\\\/#primaryimage\"},\"thumbnailUrl\":\"https:\\\/\\\/www.meydan.tv\\\/wp-content\\\/uploads\\\/345.png\",\"articleSection\":[\"Ara\u015fd\u0131rma\",\"Redaktor se\u00e7imi\",\"T\u00f6vsiy\u0259\",\"X\u0259b\u0259rl\u0259r\"],\"inLanguage\":\"az\"},{\"@type\":\"WebPage\",\"@id\":\"https:\\\/\\\/www.meydan.tv\\\/az\\\/article\\\/g%c9%99nc%c9%99-yollarinda-batan-milyonlar\\\/\",\"url\":\"https:\\\/\\\/www.meydan.tv\\\/az\\\/article\\\/g%c9%99nc%c9%99-yollarinda-batan-milyonlar\\\/\",\"name\":\"G\u0259nc\u0259 yollar\u0131nda \u201cbatan\u201d milyonlar - MEYDAN.TV\",\"isPartOf\":{\"@id\":\"https:\\\/\\\/www.meydan.tv\\\/az\\\/#website\"},\"primaryImageOfPage\":{\"@id\":\"https:\\\/\\\/www.meydan.tv\\\/az\\\/article\\\/g%c9%99nc%c9%99-yollarinda-batan-milyonlar\\\/#primaryimage\"},\"image\":{\"@id\":\"https:\\\/\\\/www.meydan.tv\\\/az\\\/article\\\/g%c9%99nc%c9%99-yollarinda-batan-milyonlar\\\/#primaryimage\"},\"thumbnailUrl\":\"https:\\\/\\\/www.meydan.tv\\\/wp-content\\\/uploads\\\/345.png\",\"datePublished\":\"2025-01-27T09:47:44+00:00\",\"dateModified\":\"2025-01-27T19:48:03+00:00\",\"breadcrumb\":{\"@id\":\"https:\\\/\\\/www.meydan.tv\\\/az\\\/article\\\/g%c9%99nc%c9%99-yollarinda-batan-milyonlar\\\/#breadcrumb\"},\"inLanguage\":\"az\",\"potentialAction\":[{\"@type\":\"ReadAction\",\"target\":[\"https:\\\/\\\/www.meydan.tv\\\/az\\\/article\\\/g%c9%99nc%c9%99-yollarinda-batan-milyonlar\\\/\"]}]},{\"@type\":\"ImageObject\",\"inLanguage\":\"az\",\"@id\":\"https:\\\/\\\/www.meydan.tv\\\/az\\\/article\\\/g%c9%99nc%c9%99-yollarinda-batan-milyonlar\\\/#primaryimage\",\"url\":\"https:\\\/\\\/www.meydan.tv\\\/wp-content\\\/uploads\\\/345.png\",\"contentUrl\":\"https:\\\/\\\/www.meydan.tv\\\/wp-content\\\/uploads\\\/345.png\",\"width\":1179,\"height\":576,\"caption\":\"Foto-Kollaj: Meydan TV\"},{\"@type\":\"BreadcrumbList\",\"@id\":\"https:\\\/\\\/www.meydan.tv\\\/az\\\/article\\\/g%c9%99nc%c9%99-yollarinda-batan-milyonlar\\\/#breadcrumb\",\"itemListElement\":[{\"@type\":\"ListItem\",\"position\":1,\"name\":\"Ana s\u0259hif\u0259\",\"item\":\"https:\\\/\\\/www.meydan.tv\\\/az\\\/\"},{\"@type\":\"ListItem\",\"position\":2,\"name\":\"Ara\u015fd\u0131rma\",\"item\":\"https:\\\/\\\/www.meydan.tv\\\/az\\\/section\\\/arasdirma\\\/\"},{\"@type\":\"ListItem\",\"position\":3,\"name\":\"G\u0259nc\u0259 yollar\u0131nda \u201cbatan\u201d milyonlar\"}]},{\"@type\":\"WebSite\",\"@id\":\"https:\\\/\\\/www.meydan.tv\\\/az\\\/#website\",\"url\":\"https:\\\/\\\/www.meydan.tv\\\/az\\\/\",\"name\":\"MEYDAN.TV\",\"description\":\"Meydan TV Az\u0259rbaycan\u0131n media m\u0259kan\u0131ndak\u0131 alternativ s\u0259sidir\",\"publisher\":{\"@id\":\"https:\\\/\\\/www.meydan.tv\\\/az\\\/#organization\"},\"potentialAction\":[{\"@type\":\"SearchAction\",\"target\":{\"@type\":\"EntryPoint\",\"urlTemplate\":\"https:\\\/\\\/www.meydan.tv\\\/az\\\/?s={search_term_string}\"},\"query-input\":{\"@type\":\"PropertyValueSpecification\",\"valueRequired\":true,\"valueName\":\"search_term_string\"}}],\"inLanguage\":\"az\"},{\"@type\":\"Organization\",\"@id\":\"https:\\\/\\\/www.meydan.tv\\\/az\\\/#organization\",\"name\":\"Meydan TV\",\"url\":\"https:\\\/\\\/www.meydan.tv\\\/az\\\/\",\"logo\":{\"@type\":\"ImageObject\",\"inLanguage\":\"az\",\"@id\":\"https:\\\/\\\/www.meydan.tv\\\/az\\\/#\\\/schema\\\/logo\\\/image\\\/\",\"url\":\"https:\\\/\\\/www.meydan.tv\\\/wp-content\\\/uploads\\\/2021\\\/07\\\/meydan-logo.svg\",\"contentUrl\":\"https:\\\/\\\/www.meydan.tv\\\/wp-content\\\/uploads\\\/2021\\\/07\\\/meydan-logo.svg\",\"width\":195,\"height\":46,\"caption\":\"Meydan TV\"},\"image\":{\"@id\":\"https:\\\/\\\/www.meydan.tv\\\/az\\\/#\\\/schema\\\/logo\\\/image\\\/\"}},{\"@type\":\"Person\",\"@id\":\"https:\\\/\\\/www.meydan.tv\\\/az\\\/#\\\/schema\\\/person\\\/8f23e01c4de63326c13c319fb65ee65d\",\"name\":\"roma\"}]}<\/script>\n<!-- \/ Yoast SEO plugin. -->","yoast_head_json":{"title":"G\u0259nc\u0259 yollar\u0131nda \u201cbatan\u201d milyonlar - MEYDAN.TV","robots":{"index":"index","follow":"follow","max-snippet":"max-snippet:-1","max-image-preview":"max-image-preview:large","max-video-preview":"max-video-preview:-1"},"canonical":"https:\/\/www.meydan.tv\/az\/article\/g%c9%99nc%c9%99-yollarinda-batan-milyonlar\/","og_locale":"az_AZ","og_type":"article","og_title":"G\u0259nc\u0259 yollar\u0131nda \u201cbatan\u201d milyonlar - MEYDAN.TV","og_description":"55 milyon manatdan \u00e7ox tender udan \u015firk\u0259t v\u0259 abadla\u015fmayan yollar\u2026 ... Davam\u0131","og_url":"https:\/\/www.meydan.tv\/az\/article\/g%c9%99nc%c9%99-yollarinda-batan-milyonlar\/","og_site_name":"MEYDAN.TV","article_published_time":"2025-01-27T09:47:44+00:00","article_modified_time":"2025-01-27T19:48:03+00:00","og_image":[{"width":1179,"height":576,"url":"https:\/\/www.meydan.tv\/wp-content\/uploads\/345.png","type":"image\/png"}],"author":"roma","twitter_card":"summary_large_image","schema":{"@context":"https:\/\/schema.org","@graph":[{"@type":"Article","@id":"https:\/\/www.meydan.tv\/az\/article\/g%c9%99nc%c9%99-yollarinda-batan-milyonlar\/#article","isPartOf":{"@id":"https:\/\/www.meydan.tv\/az\/article\/g%c9%99nc%c9%99-yollarinda-batan-milyonlar\/"},"author":{"name":"roma","@id":"https:\/\/www.meydan.tv\/az\/#\/schema\/person\/8f23e01c4de63326c13c319fb65ee65d"},"headline":"G\u0259nc\u0259 yollar\u0131nda \u201cbatan\u201d milyonlar","datePublished":"2025-01-27T09:47:44+00:00","dateModified":"2025-01-27T19:48:03+00:00","mainEntityOfPage":{"@id":"https:\/\/www.meydan.tv\/az\/article\/g%c9%99nc%c9%99-yollarinda-batan-milyonlar\/"},"wordCount":1403,"publisher":{"@id":"https:\/\/www.meydan.tv\/az\/#organization"},"image":{"@id":"https:\/\/www.meydan.tv\/az\/article\/g%c9%99nc%c9%99-yollarinda-batan-milyonlar\/#primaryimage"},"thumbnailUrl":"https:\/\/www.meydan.tv\/wp-content\/uploads\/345.png","articleSection":["Ara\u015fd\u0131rma","Redaktor se\u00e7imi","T\u00f6vsiy\u0259","X\u0259b\u0259rl\u0259r"],"inLanguage":"az"},{"@type":"WebPage","@id":"https:\/\/www.meydan.tv\/az\/article\/g%c9%99nc%c9%99-yollarinda-batan-milyonlar\/","url":"https:\/\/www.meydan.tv\/az\/article\/g%c9%99nc%c9%99-yollarinda-batan-milyonlar\/","name":"G\u0259nc\u0259 yollar\u0131nda \u201cbatan\u201d milyonlar - MEYDAN.TV","isPartOf":{"@id":"https:\/\/www.meydan.tv\/az\/#website"},"primaryImageOfPage":{"@id":"https:\/\/www.meydan.tv\/az\/article\/g%c9%99nc%c9%99-yollarinda-batan-milyonlar\/#primaryimage"},"image":{"@id":"https:\/\/www.meydan.tv\/az\/article\/g%c9%99nc%c9%99-yollarinda-batan-milyonlar\/#primaryimage"},"thumbnailUrl":"https:\/\/www.meydan.tv\/wp-content\/uploads\/345.png","datePublished":"2025-01-27T09:47:44+00:00","dateModified":"2025-01-27T19:48:03+00:00","breadcrumb":{"@id":"https:\/\/www.meydan.tv\/az\/article\/g%c9%99nc%c9%99-yollarinda-batan-milyonlar\/#breadcrumb"},"inLanguage":"az","potentialAction":[{"@type":"ReadAction","target":["https:\/\/www.meydan.tv\/az\/article\/g%c9%99nc%c9%99-yollarinda-batan-milyonlar\/"]}]},{"@type":"ImageObject","inLanguage":"az","@id":"https:\/\/www.meydan.tv\/az\/article\/g%c9%99nc%c9%99-yollarinda-batan-milyonlar\/#primaryimage","url":"https:\/\/www.meydan.tv\/wp-content\/uploads\/345.png","contentUrl":"https:\/\/www.meydan.tv\/wp-content\/uploads\/345.png","width":1179,"height":576,"caption":"Foto-Kollaj: Meydan TV"},{"@type":"BreadcrumbList","@id":"https:\/\/www.meydan.tv\/az\/article\/g%c9%99nc%c9%99-yollarinda-batan-milyonlar\/#breadcrumb","itemListElement":[{"@type":"ListItem","position":1,"name":"Ana s\u0259hif\u0259","item":"https:\/\/www.meydan.tv\/az\/"},{"@type":"ListItem","position":2,"name":"Ara\u015fd\u0131rma","item":"https:\/\/www.meydan.tv\/az\/section\/arasdirma\/"},{"@type":"ListItem","position":3,"name":"G\u0259nc\u0259 yollar\u0131nda \u201cbatan\u201d milyonlar"}]},{"@type":"WebSite","@id":"https:\/\/www.meydan.tv\/az\/#website","url":"https:\/\/www.meydan.tv\/az\/","name":"MEYDAN.TV","description":"Meydan TV Az\u0259rbaycan\u0131n media m\u0259kan\u0131ndak\u0131 alternativ s\u0259sidir","publisher":{"@id":"https:\/\/www.meydan.tv\/az\/#organization"},"potentialAction":[{"@type":"SearchAction","target":{"@type":"EntryPoint","urlTemplate":"https:\/\/www.meydan.tv\/az\/?s={search_term_string}"},"query-input":{"@type":"PropertyValueSpecification","valueRequired":true,"valueName":"search_term_string"}}],"inLanguage":"az"},{"@type":"Organization","@id":"https:\/\/www.meydan.tv\/az\/#organization","name":"Meydan TV","url":"https:\/\/www.meydan.tv\/az\/","logo":{"@type":"ImageObject","inLanguage":"az","@id":"https:\/\/www.meydan.tv\/az\/#\/schema\/logo\/image\/","url":"https:\/\/www.meydan.tv\/wp-content\/uploads\/2021\/07\/meydan-logo.svg","contentUrl":"https:\/\/www.meydan.tv\/wp-content\/uploads\/2021\/07\/meydan-logo.svg","width":195,"height":46,"caption":"Meydan TV"},"image":{"@id":"https:\/\/www.meydan.tv\/az\/#\/schema\/logo\/image\/"}},{"@type":"Person","@id":"https:\/\/www.meydan.tv\/az\/#\/schema\/person\/8f23e01c4de63326c13c319fb65ee65d","name":"roma"}]}},"_links":{"self":[{"href":"https:\/\/www.meydan.tv\/az\/wp-json\/wp\/v2\/posts\/325268","targetHints":{"allow":["GET"]}}],"collection":[{"href":"https:\/\/www.meydan.tv\/az\/wp-json\/wp\/v2\/posts"}],"about":[{"href":"https:\/\/www.meydan.tv\/az\/wp-json\/wp\/v2\/types\/post"}],"author":[{"embeddable":true,"href":"https:\/\/www.meydan.tv\/az\/wp-json\/wp\/v2\/users\/14"}],"replies":[{"embeddable":true,"href":"https:\/\/www.meydan.tv\/az\/wp-json\/wp\/v2\/comments?post=325268"}],"version-history":[{"count":10,"href":"https:\/\/www.meydan.tv\/az\/wp-json\/wp\/v2\/posts\/325268\/revisions"}],"predecessor-version":[{"id":325340,"href":"https:\/\/www.meydan.tv\/az\/wp-json\/wp\/v2\/posts\/325268\/revisions\/325340"}],"wp:featuredmedia":[{"embeddable":true,"href":"https:\/\/www.meydan.tv\/az\/wp-json\/wp\/v2\/media\/325282"}],"wp:attachment":[{"href":"https:\/\/www.meydan.tv\/az\/wp-json\/wp\/v2\/media?parent=325268"}],"wp:term":[{"taxonomy":"category","embeddable":true,"href":"https:\/\/www.meydan.tv\/az\/wp-json\/wp\/v2\/categories?post=325268"},{"taxonomy":"post_tag","embeddable":true,"href":"https:\/\/www.meydan.tv\/az\/wp-json\/wp\/v2\/tags?post=325268"}],"curies":[{"name":"wp","href":"https:\/\/api.w.org\/{rel}","templated":true}]}}