{"id":325239,"date":"2025-01-25T17:13:09","date_gmt":"2025-01-25T13:13:09","guid":{"rendered":"https:\/\/www.meydan.tv\/?p=325239"},"modified":"2025-01-25T17:13:11","modified_gmt":"2025-01-25T13:13:11","slug":"2024-cu-il-insan-huquqlari-v%c9%99-soz-azadligina-basqilara-gor%c9%99-%c9%99n-agir-il-olub","status":"publish","type":"post","link":"https:\/\/www.meydan.tv\/az\/article\/2024-cu-il-insan-huquqlari-v%c9%99-soz-azadligina-basqilara-gor%c9%99-%c9%99n-agir-il-olub\/","title":{"rendered":"\u201c2024-c\u00fc il insan h\u00fcquqlar\u0131 v\u0259 s\u00f6z azadl\u0131\u011f\u0131na basq\u0131lara g\u00f6r\u0259 \u0259n a\u011f\u0131r il olub\u201d"},"content":{"rendered":"\n<figure class=\"wp-block-embed is-type-video is-provider-youtube wp-block-embed-youtube wp-embed-aspect-16-9 wp-has-aspect-ratio\"><div class=\"wp-block-embed__wrapper\">\n<iframe title=\"\u201c2024-c\u00fc il insan h\u00fcquqlar\u0131 v\u0259 s\u00f6z azadl\u0131\u011f\u0131na basq\u0131lara g\u00f6r\u0259 \u0259n a\u011f\u0131r il olub\u201d\" width=\"1200\" height=\"675\" data-src=\"https:\/\/www.youtube.com\/embed\/wkm5jfaZqHA?feature=oembed\" frameborder=\"0\" allow=\"accelerometer; autoplay; clipboard-write; encrypted-media; gyroscope; picture-in-picture; web-share\" referrerpolicy=\"strict-origin-when-cross-origin\" allowfullscreen src=\"data:image\/svg+xml;base64,PHN2ZyB3aWR0aD0iMSIgaGVpZ2h0PSIxIiB4bWxucz0iaHR0cDovL3d3dy53My5vcmcvMjAwMC9zdmciPjwvc3ZnPg==\" class=\"lazyload\" data-load-mode=\"1\"><\/iframe>\n<\/div><\/figure>\n\n\n\n<p>&#8220;M\u00fcdafi\u0259 X\u0259tti&#8221; insan h\u00fcquqlar\u0131 t\u0259\u015fkilat\u0131 2024-c\u00fc il\u0259 dair hesabat\u0131n\u0131 t\u0259qdim edib.<\/p>\n\n\n\n<p>T\u0259\u015fkilat\u0131n h\u0259mt\u0259sis\u00e7isi, h\u00fcquq m\u00fcdafi\u0259\u00e7isi Z\u0259f\u0259r \u018fhm\u0259dov 2024-c\u00fc ili insan h\u00fcquqlar\u0131 v\u0259 s\u00f6z azadl\u0131\u011f\u0131na basq\u0131lara g\u00f6r\u0259 \u0259n a\u011f\u0131r il adland\u0131r\u0131b.&nbsp;<\/p>\n\n\n\n<p>Hesabatda 2023-c\u00fc ild\u0259n ba\u015flayaraq m\u00fcst\u0259qil mediaya qar\u015f\u0131 t\u0259tbiq edil\u0259n total h\u0259bsl\u0259r yer al\u0131b.&nbsp;<\/p>\n\n\n\n<p>H\u0259m\u00e7inin m\u0259hk\u0259m\u0259l\u0259rin sifari\u015fli h\u00f6kml\u0259r \u00e7\u0131xard\u0131\u011f\u0131, m\u0259hbuslar\u0131n saxlanma \u015f\u0259raitinin pis olmas\u0131 da hesabat\u0131n \u0259sas ba\u015fl\u0131qlar\u0131 olub.<\/p>\n\n\n\n<p>Z\u0259f\u0259r \u018fhm\u0259dov jurnalistl\u0259rin suallar\u0131n\u0131 cavablayark\u0259n yanvar\u0131n 18-i \u0130mi\u015flid\u0259 yol polisinin t\u00f6r\u0259tdiyi v\u0259 4 m\u0259kt\u0259blinin \u00f6l\u00fcm\u00fc il\u0259 n\u0259tic\u0259l\u0259n\u0259n q\u0259za sonras\u0131 etiraz aksiyas\u0131nda i\u015ftirak ed\u0259n \u015f\u0259xsl\u0259rd\u0259n b\u0259zil\u0259rinin a\u011f\u0131r i\u015fg\u0259nc\u0259l\u0259r\u0259 m\u0259ruz qald\u0131\u011f\u0131n\u0131 deyib.<\/p>\n\n\n\n<p>Bu g\u00fcn illik hesabat\u0131n t\u0259qdimat\u0131nda h\u00fcquq m\u00fcdafi\u0259\u00e7isi, &#8220;M\u00fcdafi\u0259 X\u0259tti&#8221; t\u0259\u015fkilat\u0131n\u0131n icra\u00e7\u0131 direktoru R\u00fcf\u0259t S\u0259f\u0259rov da i\u015ftirak etm\u0259li idi.&nbsp;<\/p>\n\n\n\n<p>&nbsp;S\u0259f\u0259rov \u00f6t\u0259n ilin dekabr ay\u0131nda h\u0259bs olunub v\u0259 Cinay\u0259t M\u0259c\u0259ll\u0259sinin 221.1 (xuliqanl\u0131q), 178.3.2 (d\u0259l\u0259duzluq-k\u00fclli miqdarda ziyan vurmaqla t\u00f6r\u0259dildikd\u0259) v\u0259 127.2.3 (q\u0259sd\u0259n sa\u011flaml\u0131\u011fa az a\u011f\u0131r z\u0259r\u0259r vurma) madd\u0259l\u0259ri il\u0259 ittiham olunur.&nbsp;<\/p>\n\n\n\n<p>R\u00fcf\u0259t S\u0259f\u0259rov ittihamlar\u0131 q\u0259bul etmir v\u0259 h\u0259bsinin h\u00fcquq m\u00fcdafi\u0259si f\u0259aliyy\u0259til\u0259 \u0259laq\u0259li oldu\u011funu bildirir.<\/p>\n","protected":false},"excerpt":{"rendered":"<p>&#8220;M\u00fcdafi\u0259 X\u0259tti&#8221; insan h\u00fcquqlar\u0131 t\u0259\u015fkilat\u0131 2024-c\u00fc il\u0259 dair hesabat\u0131n\u0131 t\u0259qdim &#8230; <\/p>\n<p class=\"read-more-container\"><a title=\"\u201c2024-c\u00fc il insan h\u00fcquqlar\u0131 v\u0259 s\u00f6z azadl\u0131\u011f\u0131na basq\u0131lara g\u00f6r\u0259 \u0259n a\u011f\u0131r il olub\u201d\" class=\"read-more button\" href=\"https:\/\/www.meydan.tv\/az\/article\/2024-cu-il-insan-huquqlari-v%c9%99-soz-azadligina-basqilara-gor%c9%99-%c9%99n-agir-il-olub\/#more-325239\" aria-label=\"Read more about \u201c2024-c\u00fc il insan h\u00fcquqlar\u0131 v\u0259 s\u00f6z azadl\u0131\u011f\u0131na basq\u0131lara g\u00f6r\u0259 \u0259n a\u011f\u0131r il olub\u201d\">Davam\u0131<\/a><\/p>\n","protected":false},"author":12,"featured_media":325244,"comment_status":"closed","ping_status":"closed","sticky":false,"template":"","format":"standard","meta":{"_acf_changed":false,"_sitemap_exclude":false,"_sitemap_priority":"","_sitemap_frequency":"","footnotes":""},"categories":[59,63,56],"tags":[],"class_list":["post-325239","post","type-post","status-publish","format-standard","has-post-thumbnail","hentry","category-siyaset","category-video-2","category-xeberler","infinite-scroll-item","generate-columns","tablet-grid-50","mobile-grid-100","grid-parent","grid-33","no-featured-image-padding"],"acf":[],"yoast_head":"<!-- This site is optimized with the Yoast SEO plugin v27.4 - https:\/\/yoast.com\/product\/yoast-seo-wordpress\/ -->\n<title>\u201c2024-c\u00fc il insan h\u00fcquqlar\u0131 v\u0259 s\u00f6z azadl\u0131\u011f\u0131na basq\u0131lara g\u00f6r\u0259 \u0259n a\u011f\u0131r il olub\u201d - MEYDAN.TV<\/title>\n<meta name=\"robots\" content=\"index, follow, max-snippet:-1, max-image-preview:large, max-video-preview:-1\" \/>\n<link rel=\"canonical\" href=\"https:\/\/www.meydan.tv\/az\/article\/2024-cu-il-insan-huquqlari-v%c9%99-soz-azadligina-basqilara-gor%c9%99-%c9%99n-agir-il-olub\/\" \/>\n<meta property=\"og:locale\" content=\"az_AZ\" \/>\n<meta property=\"og:type\" content=\"article\" \/>\n<meta property=\"og:title\" content=\"\u201c2024-c\u00fc il insan h\u00fcquqlar\u0131 v\u0259 s\u00f6z azadl\u0131\u011f\u0131na basq\u0131lara g\u00f6r\u0259 \u0259n a\u011f\u0131r il olub\u201d - MEYDAN.TV\" \/>\n<meta property=\"og:description\" content=\"&#8220;M\u00fcdafi\u0259 X\u0259tti&#8221; insan h\u00fcquqlar\u0131 t\u0259\u015fkilat\u0131 2024-c\u00fc il\u0259 dair hesabat\u0131n\u0131 t\u0259qdim ... Davam\u0131\" \/>\n<meta property=\"og:url\" content=\"https:\/\/www.meydan.tv\/az\/article\/2024-cu-il-insan-huquqlari-v%c9%99-soz-azadligina-basqilara-gor%c9%99-%c9%99n-agir-il-olub\/\" \/>\n<meta property=\"og:site_name\" content=\"MEYDAN.TV\" \/>\n<meta property=\"article:published_time\" content=\"2025-01-25T13:13:09+00:00\" \/>\n<meta property=\"article:modified_time\" content=\"2025-01-25T13:13:11+00:00\" \/>\n<meta property=\"og:image\" content=\"https:\/\/www.meydan.tv\/wp-content\/uploads\/screenshot-2025-01-25-at-14.12.28.png\" \/>\n\t<meta property=\"og:image:width\" content=\"1428\" \/>\n\t<meta property=\"og:image:height\" content=\"686\" \/>\n\t<meta property=\"og:image:type\" content=\"image\/png\" \/>\n<meta name=\"author\" content=\"aleks\" \/>\n<meta name=\"twitter:card\" content=\"summary_large_image\" \/>\n<script type=\"application\/ld+json\" class=\"yoast-schema-graph\">{\"@context\":\"https:\\\/\\\/schema.org\",\"@graph\":[{\"@type\":\"Article\",\"@id\":\"https:\\\/\\\/www.meydan.tv\\\/az\\\/article\\\/2024-cu-il-insan-huquqlari-v%c9%99-soz-azadligina-basqilara-gor%c9%99-%c9%99n-agir-il-olub\\\/#article\",\"isPartOf\":{\"@id\":\"https:\\\/\\\/www.meydan.tv\\\/az\\\/article\\\/2024-cu-il-insan-huquqlari-v%c9%99-soz-azadligina-basqilara-gor%c9%99-%c9%99n-agir-il-olub\\\/\"},\"author\":{\"name\":\"aleks\",\"@id\":\"https:\\\/\\\/www.meydan.tv\\\/az\\\/#\\\/schema\\\/person\\\/476e9360e593fa131d5d71d51866f8da\"},\"headline\":\"\u201c2024-c\u00fc il insan h\u00fcquqlar\u0131 v\u0259 s\u00f6z azadl\u0131\u011f\u0131na basq\u0131lara g\u00f6r\u0259 \u0259n a\u011f\u0131r il olub\u201d\",\"datePublished\":\"2025-01-25T13:13:09+00:00\",\"dateModified\":\"2025-01-25T13:13:11+00:00\",\"mainEntityOfPage\":{\"@id\":\"https:\\\/\\\/www.meydan.tv\\\/az\\\/article\\\/2024-cu-il-insan-huquqlari-v%c9%99-soz-azadligina-basqilara-gor%c9%99-%c9%99n-agir-il-olub\\\/\"},\"wordCount\":309,\"publisher\":{\"@id\":\"https:\\\/\\\/www.meydan.tv\\\/az\\\/#organization\"},\"image\":{\"@id\":\"https:\\\/\\\/www.meydan.tv\\\/az\\\/article\\\/2024-cu-il-insan-huquqlari-v%c9%99-soz-azadligina-basqilara-gor%c9%99-%c9%99n-agir-il-olub\\\/#primaryimage\"},\"thumbnailUrl\":\"https:\\\/\\\/www.meydan.tv\\\/wp-content\\\/uploads\\\/screenshot-2025-01-25-at-14.12.28.png\",\"articleSection\":[\"Siyas\u0259t\",\"Video\",\"X\u0259b\u0259rl\u0259r\"],\"inLanguage\":\"az\"},{\"@type\":\"WebPage\",\"@id\":\"https:\\\/\\\/www.meydan.tv\\\/az\\\/article\\\/2024-cu-il-insan-huquqlari-v%c9%99-soz-azadligina-basqilara-gor%c9%99-%c9%99n-agir-il-olub\\\/\",\"url\":\"https:\\\/\\\/www.meydan.tv\\\/az\\\/article\\\/2024-cu-il-insan-huquqlari-v%c9%99-soz-azadligina-basqilara-gor%c9%99-%c9%99n-agir-il-olub\\\/\",\"name\":\"\u201c2024-c\u00fc il insan h\u00fcquqlar\u0131 v\u0259 s\u00f6z azadl\u0131\u011f\u0131na basq\u0131lara g\u00f6r\u0259 \u0259n a\u011f\u0131r il olub\u201d - MEYDAN.TV\",\"isPartOf\":{\"@id\":\"https:\\\/\\\/www.meydan.tv\\\/az\\\/#website\"},\"primaryImageOfPage\":{\"@id\":\"https:\\\/\\\/www.meydan.tv\\\/az\\\/article\\\/2024-cu-il-insan-huquqlari-v%c9%99-soz-azadligina-basqilara-gor%c9%99-%c9%99n-agir-il-olub\\\/#primaryimage\"},\"image\":{\"@id\":\"https:\\\/\\\/www.meydan.tv\\\/az\\\/article\\\/2024-cu-il-insan-huquqlari-v%c9%99-soz-azadligina-basqilara-gor%c9%99-%c9%99n-agir-il-olub\\\/#primaryimage\"},\"thumbnailUrl\":\"https:\\\/\\\/www.meydan.tv\\\/wp-content\\\/uploads\\\/screenshot-2025-01-25-at-14.12.28.png\",\"datePublished\":\"2025-01-25T13:13:09+00:00\",\"dateModified\":\"2025-01-25T13:13:11+00:00\",\"breadcrumb\":{\"@id\":\"https:\\\/\\\/www.meydan.tv\\\/az\\\/article\\\/2024-cu-il-insan-huquqlari-v%c9%99-soz-azadligina-basqilara-gor%c9%99-%c9%99n-agir-il-olub\\\/#breadcrumb\"},\"inLanguage\":\"az\",\"potentialAction\":[{\"@type\":\"ReadAction\",\"target\":[\"https:\\\/\\\/www.meydan.tv\\\/az\\\/article\\\/2024-cu-il-insan-huquqlari-v%c9%99-soz-azadligina-basqilara-gor%c9%99-%c9%99n-agir-il-olub\\\/\"]}]},{\"@type\":\"ImageObject\",\"inLanguage\":\"az\",\"@id\":\"https:\\\/\\\/www.meydan.tv\\\/az\\\/article\\\/2024-cu-il-insan-huquqlari-v%c9%99-soz-azadligina-basqilara-gor%c9%99-%c9%99n-agir-il-olub\\\/#primaryimage\",\"url\":\"https:\\\/\\\/www.meydan.tv\\\/wp-content\\\/uploads\\\/screenshot-2025-01-25-at-14.12.28.png\",\"contentUrl\":\"https:\\\/\\\/www.meydan.tv\\\/wp-content\\\/uploads\\\/screenshot-2025-01-25-at-14.12.28.png\",\"width\":1428,\"height\":686,\"caption\":\"Z\u0259f\u0259r \u018fhm\u0259dov, foto: Meydan TV\"},{\"@type\":\"BreadcrumbList\",\"@id\":\"https:\\\/\\\/www.meydan.tv\\\/az\\\/article\\\/2024-cu-il-insan-huquqlari-v%c9%99-soz-azadligina-basqilara-gor%c9%99-%c9%99n-agir-il-olub\\\/#breadcrumb\",\"itemListElement\":[{\"@type\":\"ListItem\",\"position\":1,\"name\":\"Ana s\u0259hif\u0259\",\"item\":\"https:\\\/\\\/www.meydan.tv\\\/az\\\/\"},{\"@type\":\"ListItem\",\"position\":2,\"name\":\"X\u0259b\u0259rl\u0259r\",\"item\":\"https:\\\/\\\/www.meydan.tv\\\/az\\\/section\\\/xeberler\\\/\"},{\"@type\":\"ListItem\",\"position\":3,\"name\":\"\u201c2024-c\u00fc il insan h\u00fcquqlar\u0131 v\u0259 s\u00f6z azadl\u0131\u011f\u0131na basq\u0131lara g\u00f6r\u0259 \u0259n a\u011f\u0131r il olub\u201d\"}]},{\"@type\":\"WebSite\",\"@id\":\"https:\\\/\\\/www.meydan.tv\\\/az\\\/#website\",\"url\":\"https:\\\/\\\/www.meydan.tv\\\/az\\\/\",\"name\":\"MEYDAN.TV\",\"description\":\"Meydan TV Az\u0259rbaycan\u0131n media m\u0259kan\u0131ndak\u0131 alternativ s\u0259sidir\",\"publisher\":{\"@id\":\"https:\\\/\\\/www.meydan.tv\\\/az\\\/#organization\"},\"potentialAction\":[{\"@type\":\"SearchAction\",\"target\":{\"@type\":\"EntryPoint\",\"urlTemplate\":\"https:\\\/\\\/www.meydan.tv\\\/az\\\/?s={search_term_string}\"},\"query-input\":{\"@type\":\"PropertyValueSpecification\",\"valueRequired\":true,\"valueName\":\"search_term_string\"}}],\"inLanguage\":\"az\"},{\"@type\":\"Organization\",\"@id\":\"https:\\\/\\\/www.meydan.tv\\\/az\\\/#organization\",\"name\":\"Meydan TV\",\"url\":\"https:\\\/\\\/www.meydan.tv\\\/az\\\/\",\"logo\":{\"@type\":\"ImageObject\",\"inLanguage\":\"az\",\"@id\":\"https:\\\/\\\/www.meydan.tv\\\/az\\\/#\\\/schema\\\/logo\\\/image\\\/\",\"url\":\"https:\\\/\\\/www.meydan.tv\\\/wp-content\\\/uploads\\\/2021\\\/07\\\/meydan-logo.svg\",\"contentUrl\":\"https:\\\/\\\/www.meydan.tv\\\/wp-content\\\/uploads\\\/2021\\\/07\\\/meydan-logo.svg\",\"width\":195,\"height\":46,\"caption\":\"Meydan TV\"},\"image\":{\"@id\":\"https:\\\/\\\/www.meydan.tv\\\/az\\\/#\\\/schema\\\/logo\\\/image\\\/\"}},{\"@type\":\"Person\",\"@id\":\"https:\\\/\\\/www.meydan.tv\\\/az\\\/#\\\/schema\\\/person\\\/476e9360e593fa131d5d71d51866f8da\",\"name\":\"aleks\"}]}<\/script>\n<!-- \/ Yoast SEO plugin. -->","yoast_head_json":{"title":"\u201c2024-c\u00fc il insan h\u00fcquqlar\u0131 v\u0259 s\u00f6z azadl\u0131\u011f\u0131na basq\u0131lara g\u00f6r\u0259 \u0259n a\u011f\u0131r il olub\u201d - MEYDAN.TV","robots":{"index":"index","follow":"follow","max-snippet":"max-snippet:-1","max-image-preview":"max-image-preview:large","max-video-preview":"max-video-preview:-1"},"canonical":"https:\/\/www.meydan.tv\/az\/article\/2024-cu-il-insan-huquqlari-v%c9%99-soz-azadligina-basqilara-gor%c9%99-%c9%99n-agir-il-olub\/","og_locale":"az_AZ","og_type":"article","og_title":"\u201c2024-c\u00fc il insan h\u00fcquqlar\u0131 v\u0259 s\u00f6z azadl\u0131\u011f\u0131na basq\u0131lara g\u00f6r\u0259 \u0259n a\u011f\u0131r il olub\u201d - MEYDAN.TV","og_description":"&#8220;M\u00fcdafi\u0259 X\u0259tti&#8221; insan h\u00fcquqlar\u0131 t\u0259\u015fkilat\u0131 2024-c\u00fc il\u0259 dair hesabat\u0131n\u0131 t\u0259qdim ... Davam\u0131","og_url":"https:\/\/www.meydan.tv\/az\/article\/2024-cu-il-insan-huquqlari-v%c9%99-soz-azadligina-basqilara-gor%c9%99-%c9%99n-agir-il-olub\/","og_site_name":"MEYDAN.TV","article_published_time":"2025-01-25T13:13:09+00:00","article_modified_time":"2025-01-25T13:13:11+00:00","og_image":[{"width":1428,"height":686,"url":"https:\/\/www.meydan.tv\/wp-content\/uploads\/screenshot-2025-01-25-at-14.12.28.png","type":"image\/png"}],"author":"aleks","twitter_card":"summary_large_image","schema":{"@context":"https:\/\/schema.org","@graph":[{"@type":"Article","@id":"https:\/\/www.meydan.tv\/az\/article\/2024-cu-il-insan-huquqlari-v%c9%99-soz-azadligina-basqilara-gor%c9%99-%c9%99n-agir-il-olub\/#article","isPartOf":{"@id":"https:\/\/www.meydan.tv\/az\/article\/2024-cu-il-insan-huquqlari-v%c9%99-soz-azadligina-basqilara-gor%c9%99-%c9%99n-agir-il-olub\/"},"author":{"name":"aleks","@id":"https:\/\/www.meydan.tv\/az\/#\/schema\/person\/476e9360e593fa131d5d71d51866f8da"},"headline":"\u201c2024-c\u00fc il insan h\u00fcquqlar\u0131 v\u0259 s\u00f6z azadl\u0131\u011f\u0131na basq\u0131lara g\u00f6r\u0259 \u0259n a\u011f\u0131r il olub\u201d","datePublished":"2025-01-25T13:13:09+00:00","dateModified":"2025-01-25T13:13:11+00:00","mainEntityOfPage":{"@id":"https:\/\/www.meydan.tv\/az\/article\/2024-cu-il-insan-huquqlari-v%c9%99-soz-azadligina-basqilara-gor%c9%99-%c9%99n-agir-il-olub\/"},"wordCount":309,"publisher":{"@id":"https:\/\/www.meydan.tv\/az\/#organization"},"image":{"@id":"https:\/\/www.meydan.tv\/az\/article\/2024-cu-il-insan-huquqlari-v%c9%99-soz-azadligina-basqilara-gor%c9%99-%c9%99n-agir-il-olub\/#primaryimage"},"thumbnailUrl":"https:\/\/www.meydan.tv\/wp-content\/uploads\/screenshot-2025-01-25-at-14.12.28.png","articleSection":["Siyas\u0259t","Video","X\u0259b\u0259rl\u0259r"],"inLanguage":"az"},{"@type":"WebPage","@id":"https:\/\/www.meydan.tv\/az\/article\/2024-cu-il-insan-huquqlari-v%c9%99-soz-azadligina-basqilara-gor%c9%99-%c9%99n-agir-il-olub\/","url":"https:\/\/www.meydan.tv\/az\/article\/2024-cu-il-insan-huquqlari-v%c9%99-soz-azadligina-basqilara-gor%c9%99-%c9%99n-agir-il-olub\/","name":"\u201c2024-c\u00fc il insan h\u00fcquqlar\u0131 v\u0259 s\u00f6z azadl\u0131\u011f\u0131na basq\u0131lara g\u00f6r\u0259 \u0259n a\u011f\u0131r il olub\u201d - MEYDAN.TV","isPartOf":{"@id":"https:\/\/www.meydan.tv\/az\/#website"},"primaryImageOfPage":{"@id":"https:\/\/www.meydan.tv\/az\/article\/2024-cu-il-insan-huquqlari-v%c9%99-soz-azadligina-basqilara-gor%c9%99-%c9%99n-agir-il-olub\/#primaryimage"},"image":{"@id":"https:\/\/www.meydan.tv\/az\/article\/2024-cu-il-insan-huquqlari-v%c9%99-soz-azadligina-basqilara-gor%c9%99-%c9%99n-agir-il-olub\/#primaryimage"},"thumbnailUrl":"https:\/\/www.meydan.tv\/wp-content\/uploads\/screenshot-2025-01-25-at-14.12.28.png","datePublished":"2025-01-25T13:13:09+00:00","dateModified":"2025-01-25T13:13:11+00:00","breadcrumb":{"@id":"https:\/\/www.meydan.tv\/az\/article\/2024-cu-il-insan-huquqlari-v%c9%99-soz-azadligina-basqilara-gor%c9%99-%c9%99n-agir-il-olub\/#breadcrumb"},"inLanguage":"az","potentialAction":[{"@type":"ReadAction","target":["https:\/\/www.meydan.tv\/az\/article\/2024-cu-il-insan-huquqlari-v%c9%99-soz-azadligina-basqilara-gor%c9%99-%c9%99n-agir-il-olub\/"]}]},{"@type":"ImageObject","inLanguage":"az","@id":"https:\/\/www.meydan.tv\/az\/article\/2024-cu-il-insan-huquqlari-v%c9%99-soz-azadligina-basqilara-gor%c9%99-%c9%99n-agir-il-olub\/#primaryimage","url":"https:\/\/www.meydan.tv\/wp-content\/uploads\/screenshot-2025-01-25-at-14.12.28.png","contentUrl":"https:\/\/www.meydan.tv\/wp-content\/uploads\/screenshot-2025-01-25-at-14.12.28.png","width":1428,"height":686,"caption":"Z\u0259f\u0259r \u018fhm\u0259dov, foto: Meydan TV"},{"@type":"BreadcrumbList","@id":"https:\/\/www.meydan.tv\/az\/article\/2024-cu-il-insan-huquqlari-v%c9%99-soz-azadligina-basqilara-gor%c9%99-%c9%99n-agir-il-olub\/#breadcrumb","itemListElement":[{"@type":"ListItem","position":1,"name":"Ana s\u0259hif\u0259","item":"https:\/\/www.meydan.tv\/az\/"},{"@type":"ListItem","position":2,"name":"X\u0259b\u0259rl\u0259r","item":"https:\/\/www.meydan.tv\/az\/section\/xeberler\/"},{"@type":"ListItem","position":3,"name":"\u201c2024-c\u00fc il insan h\u00fcquqlar\u0131 v\u0259 s\u00f6z azadl\u0131\u011f\u0131na basq\u0131lara g\u00f6r\u0259 \u0259n a\u011f\u0131r il olub\u201d"}]},{"@type":"WebSite","@id":"https:\/\/www.meydan.tv\/az\/#website","url":"https:\/\/www.meydan.tv\/az\/","name":"MEYDAN.TV","description":"Meydan TV Az\u0259rbaycan\u0131n media m\u0259kan\u0131ndak\u0131 alternativ s\u0259sidir","publisher":{"@id":"https:\/\/www.meydan.tv\/az\/#organization"},"potentialAction":[{"@type":"SearchAction","target":{"@type":"EntryPoint","urlTemplate":"https:\/\/www.meydan.tv\/az\/?s={search_term_string}"},"query-input":{"@type":"PropertyValueSpecification","valueRequired":true,"valueName":"search_term_string"}}],"inLanguage":"az"},{"@type":"Organization","@id":"https:\/\/www.meydan.tv\/az\/#organization","name":"Meydan TV","url":"https:\/\/www.meydan.tv\/az\/","logo":{"@type":"ImageObject","inLanguage":"az","@id":"https:\/\/www.meydan.tv\/az\/#\/schema\/logo\/image\/","url":"https:\/\/www.meydan.tv\/wp-content\/uploads\/2021\/07\/meydan-logo.svg","contentUrl":"https:\/\/www.meydan.tv\/wp-content\/uploads\/2021\/07\/meydan-logo.svg","width":195,"height":46,"caption":"Meydan TV"},"image":{"@id":"https:\/\/www.meydan.tv\/az\/#\/schema\/logo\/image\/"}},{"@type":"Person","@id":"https:\/\/www.meydan.tv\/az\/#\/schema\/person\/476e9360e593fa131d5d71d51866f8da","name":"aleks"}]}},"_links":{"self":[{"href":"https:\/\/www.meydan.tv\/az\/wp-json\/wp\/v2\/posts\/325239","targetHints":{"allow":["GET"]}}],"collection":[{"href":"https:\/\/www.meydan.tv\/az\/wp-json\/wp\/v2\/posts"}],"about":[{"href":"https:\/\/www.meydan.tv\/az\/wp-json\/wp\/v2\/types\/post"}],"author":[{"embeddable":true,"href":"https:\/\/www.meydan.tv\/az\/wp-json\/wp\/v2\/users\/12"}],"replies":[{"embeddable":true,"href":"https:\/\/www.meydan.tv\/az\/wp-json\/wp\/v2\/comments?post=325239"}],"version-history":[{"count":1,"href":"https:\/\/www.meydan.tv\/az\/wp-json\/wp\/v2\/posts\/325239\/revisions"}],"predecessor-version":[{"id":325240,"href":"https:\/\/www.meydan.tv\/az\/wp-json\/wp\/v2\/posts\/325239\/revisions\/325240"}],"wp:featuredmedia":[{"embeddable":true,"href":"https:\/\/www.meydan.tv\/az\/wp-json\/wp\/v2\/media\/325244"}],"wp:attachment":[{"href":"https:\/\/www.meydan.tv\/az\/wp-json\/wp\/v2\/media?parent=325239"}],"wp:term":[{"taxonomy":"category","embeddable":true,"href":"https:\/\/www.meydan.tv\/az\/wp-json\/wp\/v2\/categories?post=325239"},{"taxonomy":"post_tag","embeddable":true,"href":"https:\/\/www.meydan.tv\/az\/wp-json\/wp\/v2\/tags?post=325239"}],"curies":[{"name":"wp","href":"https:\/\/api.w.org\/{rel}","templated":true}]}}