{"id":325088,"date":"2025-01-23T18:37:21","date_gmt":"2025-01-23T14:37:21","guid":{"rendered":"https:\/\/www.meydan.tv\/?p=325088"},"modified":"2025-01-23T18:37:24","modified_gmt":"2025-01-23T14:37:24","slug":"az%c9%99rbaycanda-hakim-m%c9%99hk%c9%99m%c9%99-zalinda-h%c9%99bs-edildi","status":"publish","type":"post","link":"https:\/\/www.meydan.tv\/az\/article\/az%c9%99rbaycanda-hakim-m%c9%99hk%c9%99m%c9%99-zalinda-h%c9%99bs-edildi\/","title":{"rendered":"Az\u0259rbaycanda hakim m\u0259hk\u0259m\u0259 zal\u0131nda h\u0259bs edildi"},"content":{"rendered":"\n<p><\/p>\n\n\n\n<p><em><strong>Elsun \u018fhm\u0259dova 5 il h\u00f6km oxunub<\/strong><\/em><\/p>\n\n\n\n<p>B\u0259rd\u0259 Rayon M\u0259hk\u0259m\u0259sinin hakimi Elsun \u018fhm\u0259dov 5 il azadl\u0131qdan m\u0259hrum edilib.<\/p>\n\n\n\n<p>G\u0259nc\u0259 A\u011f\u0131r Cinay\u0259tl\u0259r M\u0259hk\u0259m\u0259sind\u0259 ona h\u00f6km oxunub.<\/p>\n\n\n\n<p>Hakim Dada\u015f \u0130manov h\u00f6km\u00fc elan ed\u0259nd\u0259n sonra Elsun \u018fhm\u0259dov m\u0259hk\u0259m\u0259 zal\u0131nda h\u0259bs olunub.<\/p>\n\n\n\n<p>O, h\u00f6km \u00e7\u0131xar\u0131lana q\u0259d\u0259r ev dustaql\u0131\u011f\u0131nda idi.<\/p>\n\n\n\n<p>H\u00f6km\u0259 \u0259sas\u0259n, Elsun \u018fhm\u0259dov Cinay\u0259t M\u0259c\u0259ll\u0259sinin 311.3.3-c\u00fc (k\u00fclli miqdarda r\u00fc\u015fv\u0259t alma) madd\u0259sil\u0259 t\u0259qsirli bilinib.<\/p>\n\n\n\n<p>O, B\u0259rd\u0259 Rayon M\u0259hk\u0259m\u0259sinin hakimi v\u0259zif\u0259sind\u0259 i\u015fl\u0259y\u0259rk\u0259n Cinay\u0259t M\u0259c\u0259ll\u0259sinin 234.2-ci (sat\u0131\u015f m\u0259qs\u0259dil\u0259 narkotik \u0259ld\u0259 etm\u0259, saxlama) madd\u0259sil\u0259 m\u00fchakim\u0259 edil\u0259n \u015f\u0259xs\u0259 y\u00fcng\u00fcl c\u0259za t\u0259yin etm\u0259k \u00fc\u00e7\u00fcn onun ail\u0259 \u00fczvl\u0259rind\u0259n pul almaqda ittiham olunur.<\/p>\n\n\n\n<p>Elsun \u018fhm\u0259dov is\u0259 bu ittihamla raz\u0131la\u015fm\u0131r, \u00f6z\u00fcn\u00fc t\u0259qsirli bilm\u0259diyini deyir.<\/p>\n\n\n\n<p>Elsun \u018fhm\u0259dov 2024-c\u00fc il fevral\u0131n 6-da saxlan\u0131l\u0131b, iki g\u00fcn sonra Bin\u0259q\u0259di Rayon M\u0259hk\u0259m\u0259si il\u0259 onun haqq\u0131nda ev dustaql\u0131\u011f\u0131 q\u0259timkan t\u0259dbiri se\u00e7ilib.<\/p>\n\n\n\n<p>Onun i\u015fi \u00fczr\u0259 istintaq Korrupsiyaya Qar\u015f\u0131 M\u00fcbariz\u0259 \u0130dar\u0259sind\u0259 apar\u0131l\u0131b.<\/p>\n\n\n\n<p>2024-c\u00fc ilin may\u0131ndan is\u0259 G\u0259nc\u0259 A\u011f\u0131r Cinay\u0259tl\u0259r M\u0259hk\u0259m\u0259sind\u0259 m\u00fchakim\u0259 edilirdi.<\/p>\n\n\n\n<p><em>\u201cElsun \u018fhm\u0259dovun f\u0259aliyy\u0259tind\u0259 pe\u015f\u0259kar \u00e7at\u0131\u015fmazl\u0131qlar m\u00fc\u0259yy\u0259n edildiyin\u0259 g\u00f6r\u0259 M\u0259hk\u0259m\u0259-H\u00fcquq \u015euras\u0131n\u0131n 21 dekabr 2023-c\u00fc il tarixli q\u0259rar\u0131 il\u0259 onun s\u0259lahiyy\u0259t m\u00fcdd\u0259ti uzad\u0131lmay\u0131b\u201d<\/em>, &#8211; onunla ba\u011fl\u0131 r\u0259smi a\u00e7\u0131qlamada bildirilib.<\/p>\n\n\n\n<p>Elsun \u018fhm\u0259dov 2021-ci ilin fevral\u0131nda B\u0259rd\u0259 rayon M\u0259hk\u0259m\u0259sinin hakimi t\u0259yin olunub.<\/p>\n\n\n\n<p>Bundan \u0259vv\u0259l is\u0259 o, m\u0259hk\u0259m\u0259 iclas katibi i\u015fl\u0259yib.<\/p>\n\n\n\n<p>Hakim Elsun \u018fhm\u0259dovun f\u0259aliyy\u0259til\u0259 ba\u011fl\u0131 B\u0259rd\u0259 sakinl\u0259rinin \u015fikay\u0259tl\u0259ri \u0259sas\u0131nda Meydan TV-d\u0259 bir ne\u00e7\u0259 material yay\u0131mlan\u0131b.<\/p>\n\n\n\n<p>Sakinl\u0259r bu hakimin sifari\u015fli v\u0259 qanunsuz q\u0259rarlar verdiyini iddia edirdil\u0259r.<\/p>\n\n\n\n<p>B\u0259rd\u0259 Rayon M\u0259hk\u0259m\u0259si v\u0259 Elsun \u018fhm\u0259dovun \u00f6z\u00fc s\u0259sl\u0259n\u0259n ittihamlarla ba\u011fl\u0131 Meydan TV-nin sor\u011fular\u0131n\u0131 cavabs\u0131z qoymu\u015fdu.<\/p>\n","protected":false},"excerpt":{"rendered":"<p>Elsun \u018fhm\u0259dova 5 il h\u00f6km oxunub B\u0259rd\u0259 Rayon M\u0259hk\u0259m\u0259sinin hakimi &#8230; <\/p>\n<p class=\"read-more-container\"><a title=\"Az\u0259rbaycanda hakim m\u0259hk\u0259m\u0259 zal\u0131nda h\u0259bs edildi\" class=\"read-more button\" href=\"https:\/\/www.meydan.tv\/az\/article\/az%c9%99rbaycanda-hakim-m%c9%99hk%c9%99m%c9%99-zalinda-h%c9%99bs-edildi\/#more-325088\" aria-label=\"Read more about Az\u0259rbaycanda hakim m\u0259hk\u0259m\u0259 zal\u0131nda h\u0259bs edildi\">Davam\u0131<\/a><\/p>\n","protected":false},"author":21,"featured_media":297417,"comment_status":"closed","ping_status":"closed","sticky":false,"template":"","format":"standard","meta":{"_acf_changed":false,"_sitemap_exclude":false,"_sitemap_priority":"","_sitemap_frequency":"","footnotes":""},"categories":[62,79,56],"tags":[],"class_list":["post-325088","post","type-post","status-publish","format-standard","has-post-thumbnail","hentry","category-sosial","category-featured","category-xeberler","infinite-scroll-item","generate-columns","tablet-grid-50","mobile-grid-100","grid-parent","grid-33","no-featured-image-padding"],"acf":[],"yoast_head":"<!-- This site is optimized with the Yoast SEO plugin v27.4 - https:\/\/yoast.com\/product\/yoast-seo-wordpress\/ -->\n<title>Az\u0259rbaycanda hakim m\u0259hk\u0259m\u0259 zal\u0131nda h\u0259bs edildi - MEYDAN.TV<\/title>\n<meta name=\"robots\" content=\"index, follow, max-snippet:-1, max-image-preview:large, max-video-preview:-1\" \/>\n<link rel=\"canonical\" href=\"https:\/\/www.meydan.tv\/az\/article\/az%c9%99rbaycanda-hakim-m%c9%99hk%c9%99m%c9%99-zalinda-h%c9%99bs-edildi\/\" \/>\n<meta property=\"og:locale\" content=\"az_AZ\" \/>\n<meta property=\"og:type\" content=\"article\" \/>\n<meta property=\"og:title\" content=\"Az\u0259rbaycanda hakim m\u0259hk\u0259m\u0259 zal\u0131nda h\u0259bs edildi - MEYDAN.TV\" \/>\n<meta property=\"og:description\" content=\"Elsun \u018fhm\u0259dova 5 il h\u00f6km oxunub B\u0259rd\u0259 Rayon M\u0259hk\u0259m\u0259sinin hakimi ... Davam\u0131\" \/>\n<meta property=\"og:url\" content=\"https:\/\/www.meydan.tv\/az\/article\/az%c9%99rbaycanda-hakim-m%c9%99hk%c9%99m%c9%99-zalinda-h%c9%99bs-edildi\/\" \/>\n<meta property=\"og:site_name\" content=\"MEYDAN.TV\" \/>\n<meta property=\"article:published_time\" content=\"2025-01-23T14:37:21+00:00\" \/>\n<meta property=\"article:modified_time\" content=\"2025-01-23T14:37:24+00:00\" \/>\n<meta property=\"og:image\" content=\"https:\/\/www.meydan.tv\/wp-content\/uploads\/hakim-1.jpg\" \/>\n\t<meta property=\"og:image:width\" content=\"1200\" \/>\n\t<meta property=\"og:image:height\" content=\"754\" \/>\n\t<meta property=\"og:image:type\" content=\"image\/jpeg\" \/>\n<meta name=\"author\" content=\"mahmud\" \/>\n<meta name=\"twitter:card\" content=\"summary_large_image\" \/>\n<script type=\"application\/ld+json\" class=\"yoast-schema-graph\">{\"@context\":\"https:\\\/\\\/schema.org\",\"@graph\":[{\"@type\":\"Article\",\"@id\":\"https:\\\/\\\/www.meydan.tv\\\/az\\\/article\\\/az%c9%99rbaycanda-hakim-m%c9%99hk%c9%99m%c9%99-zalinda-h%c9%99bs-edildi\\\/#article\",\"isPartOf\":{\"@id\":\"https:\\\/\\\/www.meydan.tv\\\/az\\\/article\\\/az%c9%99rbaycanda-hakim-m%c9%99hk%c9%99m%c9%99-zalinda-h%c9%99bs-edildi\\\/\"},\"author\":{\"name\":\"mahmud\",\"@id\":\"https:\\\/\\\/www.meydan.tv\\\/az\\\/#\\\/schema\\\/person\\\/09863e516102a829e72bedcf3f84c6b0\"},\"headline\":\"Az\u0259rbaycanda hakim m\u0259hk\u0259m\u0259 zal\u0131nda h\u0259bs edildi\",\"datePublished\":\"2025-01-23T14:37:21+00:00\",\"dateModified\":\"2025-01-23T14:37:24+00:00\",\"mainEntityOfPage\":{\"@id\":\"https:\\\/\\\/www.meydan.tv\\\/az\\\/article\\\/az%c9%99rbaycanda-hakim-m%c9%99hk%c9%99m%c9%99-zalinda-h%c9%99bs-edildi\\\/\"},\"wordCount\":402,\"publisher\":{\"@id\":\"https:\\\/\\\/www.meydan.tv\\\/az\\\/#organization\"},\"image\":{\"@id\":\"https:\\\/\\\/www.meydan.tv\\\/az\\\/article\\\/az%c9%99rbaycanda-hakim-m%c9%99hk%c9%99m%c9%99-zalinda-h%c9%99bs-edildi\\\/#primaryimage\"},\"thumbnailUrl\":\"https:\\\/\\\/www.meydan.tv\\\/wp-content\\\/uploads\\\/hakim-1.jpg\",\"articleSection\":[\"Sosial\",\"T\u00f6vsiy\u0259\",\"X\u0259b\u0259rl\u0259r\"],\"inLanguage\":\"az\"},{\"@type\":\"WebPage\",\"@id\":\"https:\\\/\\\/www.meydan.tv\\\/az\\\/article\\\/az%c9%99rbaycanda-hakim-m%c9%99hk%c9%99m%c9%99-zalinda-h%c9%99bs-edildi\\\/\",\"url\":\"https:\\\/\\\/www.meydan.tv\\\/az\\\/article\\\/az%c9%99rbaycanda-hakim-m%c9%99hk%c9%99m%c9%99-zalinda-h%c9%99bs-edildi\\\/\",\"name\":\"Az\u0259rbaycanda hakim m\u0259hk\u0259m\u0259 zal\u0131nda h\u0259bs edildi - MEYDAN.TV\",\"isPartOf\":{\"@id\":\"https:\\\/\\\/www.meydan.tv\\\/az\\\/#website\"},\"primaryImageOfPage\":{\"@id\":\"https:\\\/\\\/www.meydan.tv\\\/az\\\/article\\\/az%c9%99rbaycanda-hakim-m%c9%99hk%c9%99m%c9%99-zalinda-h%c9%99bs-edildi\\\/#primaryimage\"},\"image\":{\"@id\":\"https:\\\/\\\/www.meydan.tv\\\/az\\\/article\\\/az%c9%99rbaycanda-hakim-m%c9%99hk%c9%99m%c9%99-zalinda-h%c9%99bs-edildi\\\/#primaryimage\"},\"thumbnailUrl\":\"https:\\\/\\\/www.meydan.tv\\\/wp-content\\\/uploads\\\/hakim-1.jpg\",\"datePublished\":\"2025-01-23T14:37:21+00:00\",\"dateModified\":\"2025-01-23T14:37:24+00:00\",\"breadcrumb\":{\"@id\":\"https:\\\/\\\/www.meydan.tv\\\/az\\\/article\\\/az%c9%99rbaycanda-hakim-m%c9%99hk%c9%99m%c9%99-zalinda-h%c9%99bs-edildi\\\/#breadcrumb\"},\"inLanguage\":\"az\",\"potentialAction\":[{\"@type\":\"ReadAction\",\"target\":[\"https:\\\/\\\/www.meydan.tv\\\/az\\\/article\\\/az%c9%99rbaycanda-hakim-m%c9%99hk%c9%99m%c9%99-zalinda-h%c9%99bs-edildi\\\/\"]}]},{\"@type\":\"ImageObject\",\"inLanguage\":\"az\",\"@id\":\"https:\\\/\\\/www.meydan.tv\\\/az\\\/article\\\/az%c9%99rbaycanda-hakim-m%c9%99hk%c9%99m%c9%99-zalinda-h%c9%99bs-edildi\\\/#primaryimage\",\"url\":\"https:\\\/\\\/www.meydan.tv\\\/wp-content\\\/uploads\\\/hakim-1.jpg\",\"contentUrl\":\"https:\\\/\\\/www.meydan.tv\\\/wp-content\\\/uploads\\\/hakim-1.jpg\",\"width\":1200,\"height\":754,\"caption\":\"Elsun \u018fhm\u0259dov. Foto: \\\"jlc.gov.az\\\"\"},{\"@type\":\"BreadcrumbList\",\"@id\":\"https:\\\/\\\/www.meydan.tv\\\/az\\\/article\\\/az%c9%99rbaycanda-hakim-m%c9%99hk%c9%99m%c9%99-zalinda-h%c9%99bs-edildi\\\/#breadcrumb\",\"itemListElement\":[{\"@type\":\"ListItem\",\"position\":1,\"name\":\"Ana s\u0259hif\u0259\",\"item\":\"https:\\\/\\\/www.meydan.tv\\\/az\\\/\"},{\"@type\":\"ListItem\",\"position\":2,\"name\":\"Sosial\",\"item\":\"https:\\\/\\\/www.meydan.tv\\\/az\\\/section\\\/sosial\\\/\"},{\"@type\":\"ListItem\",\"position\":3,\"name\":\"Az\u0259rbaycanda hakim m\u0259hk\u0259m\u0259 zal\u0131nda h\u0259bs edildi\"}]},{\"@type\":\"WebSite\",\"@id\":\"https:\\\/\\\/www.meydan.tv\\\/az\\\/#website\",\"url\":\"https:\\\/\\\/www.meydan.tv\\\/az\\\/\",\"name\":\"MEYDAN.TV\",\"description\":\"Meydan TV Az\u0259rbaycan\u0131n media m\u0259kan\u0131ndak\u0131 alternativ s\u0259sidir\",\"publisher\":{\"@id\":\"https:\\\/\\\/www.meydan.tv\\\/az\\\/#organization\"},\"potentialAction\":[{\"@type\":\"SearchAction\",\"target\":{\"@type\":\"EntryPoint\",\"urlTemplate\":\"https:\\\/\\\/www.meydan.tv\\\/az\\\/?s={search_term_string}\"},\"query-input\":{\"@type\":\"PropertyValueSpecification\",\"valueRequired\":true,\"valueName\":\"search_term_string\"}}],\"inLanguage\":\"az\"},{\"@type\":\"Organization\",\"@id\":\"https:\\\/\\\/www.meydan.tv\\\/az\\\/#organization\",\"name\":\"Meydan TV\",\"url\":\"https:\\\/\\\/www.meydan.tv\\\/az\\\/\",\"logo\":{\"@type\":\"ImageObject\",\"inLanguage\":\"az\",\"@id\":\"https:\\\/\\\/www.meydan.tv\\\/az\\\/#\\\/schema\\\/logo\\\/image\\\/\",\"url\":\"https:\\\/\\\/www.meydan.tv\\\/wp-content\\\/uploads\\\/2021\\\/07\\\/meydan-logo.svg\",\"contentUrl\":\"https:\\\/\\\/www.meydan.tv\\\/wp-content\\\/uploads\\\/2021\\\/07\\\/meydan-logo.svg\",\"width\":195,\"height\":46,\"caption\":\"Meydan TV\"},\"image\":{\"@id\":\"https:\\\/\\\/www.meydan.tv\\\/az\\\/#\\\/schema\\\/logo\\\/image\\\/\"}},{\"@type\":\"Person\",\"@id\":\"https:\\\/\\\/www.meydan.tv\\\/az\\\/#\\\/schema\\\/person\\\/09863e516102a829e72bedcf3f84c6b0\",\"name\":\"mahmud\"}]}<\/script>\n<!-- \/ Yoast SEO plugin. -->","yoast_head_json":{"title":"Az\u0259rbaycanda hakim m\u0259hk\u0259m\u0259 zal\u0131nda h\u0259bs edildi - MEYDAN.TV","robots":{"index":"index","follow":"follow","max-snippet":"max-snippet:-1","max-image-preview":"max-image-preview:large","max-video-preview":"max-video-preview:-1"},"canonical":"https:\/\/www.meydan.tv\/az\/article\/az%c9%99rbaycanda-hakim-m%c9%99hk%c9%99m%c9%99-zalinda-h%c9%99bs-edildi\/","og_locale":"az_AZ","og_type":"article","og_title":"Az\u0259rbaycanda hakim m\u0259hk\u0259m\u0259 zal\u0131nda h\u0259bs edildi - MEYDAN.TV","og_description":"Elsun \u018fhm\u0259dova 5 il h\u00f6km oxunub B\u0259rd\u0259 Rayon M\u0259hk\u0259m\u0259sinin hakimi ... Davam\u0131","og_url":"https:\/\/www.meydan.tv\/az\/article\/az%c9%99rbaycanda-hakim-m%c9%99hk%c9%99m%c9%99-zalinda-h%c9%99bs-edildi\/","og_site_name":"MEYDAN.TV","article_published_time":"2025-01-23T14:37:21+00:00","article_modified_time":"2025-01-23T14:37:24+00:00","og_image":[{"width":1200,"height":754,"url":"https:\/\/www.meydan.tv\/wp-content\/uploads\/hakim-1.jpg","type":"image\/jpeg"}],"author":"mahmud","twitter_card":"summary_large_image","schema":{"@context":"https:\/\/schema.org","@graph":[{"@type":"Article","@id":"https:\/\/www.meydan.tv\/az\/article\/az%c9%99rbaycanda-hakim-m%c9%99hk%c9%99m%c9%99-zalinda-h%c9%99bs-edildi\/#article","isPartOf":{"@id":"https:\/\/www.meydan.tv\/az\/article\/az%c9%99rbaycanda-hakim-m%c9%99hk%c9%99m%c9%99-zalinda-h%c9%99bs-edildi\/"},"author":{"name":"mahmud","@id":"https:\/\/www.meydan.tv\/az\/#\/schema\/person\/09863e516102a829e72bedcf3f84c6b0"},"headline":"Az\u0259rbaycanda hakim m\u0259hk\u0259m\u0259 zal\u0131nda h\u0259bs edildi","datePublished":"2025-01-23T14:37:21+00:00","dateModified":"2025-01-23T14:37:24+00:00","mainEntityOfPage":{"@id":"https:\/\/www.meydan.tv\/az\/article\/az%c9%99rbaycanda-hakim-m%c9%99hk%c9%99m%c9%99-zalinda-h%c9%99bs-edildi\/"},"wordCount":402,"publisher":{"@id":"https:\/\/www.meydan.tv\/az\/#organization"},"image":{"@id":"https:\/\/www.meydan.tv\/az\/article\/az%c9%99rbaycanda-hakim-m%c9%99hk%c9%99m%c9%99-zalinda-h%c9%99bs-edildi\/#primaryimage"},"thumbnailUrl":"https:\/\/www.meydan.tv\/wp-content\/uploads\/hakim-1.jpg","articleSection":["Sosial","T\u00f6vsiy\u0259","X\u0259b\u0259rl\u0259r"],"inLanguage":"az"},{"@type":"WebPage","@id":"https:\/\/www.meydan.tv\/az\/article\/az%c9%99rbaycanda-hakim-m%c9%99hk%c9%99m%c9%99-zalinda-h%c9%99bs-edildi\/","url":"https:\/\/www.meydan.tv\/az\/article\/az%c9%99rbaycanda-hakim-m%c9%99hk%c9%99m%c9%99-zalinda-h%c9%99bs-edildi\/","name":"Az\u0259rbaycanda hakim m\u0259hk\u0259m\u0259 zal\u0131nda h\u0259bs edildi - MEYDAN.TV","isPartOf":{"@id":"https:\/\/www.meydan.tv\/az\/#website"},"primaryImageOfPage":{"@id":"https:\/\/www.meydan.tv\/az\/article\/az%c9%99rbaycanda-hakim-m%c9%99hk%c9%99m%c9%99-zalinda-h%c9%99bs-edildi\/#primaryimage"},"image":{"@id":"https:\/\/www.meydan.tv\/az\/article\/az%c9%99rbaycanda-hakim-m%c9%99hk%c9%99m%c9%99-zalinda-h%c9%99bs-edildi\/#primaryimage"},"thumbnailUrl":"https:\/\/www.meydan.tv\/wp-content\/uploads\/hakim-1.jpg","datePublished":"2025-01-23T14:37:21+00:00","dateModified":"2025-01-23T14:37:24+00:00","breadcrumb":{"@id":"https:\/\/www.meydan.tv\/az\/article\/az%c9%99rbaycanda-hakim-m%c9%99hk%c9%99m%c9%99-zalinda-h%c9%99bs-edildi\/#breadcrumb"},"inLanguage":"az","potentialAction":[{"@type":"ReadAction","target":["https:\/\/www.meydan.tv\/az\/article\/az%c9%99rbaycanda-hakim-m%c9%99hk%c9%99m%c9%99-zalinda-h%c9%99bs-edildi\/"]}]},{"@type":"ImageObject","inLanguage":"az","@id":"https:\/\/www.meydan.tv\/az\/article\/az%c9%99rbaycanda-hakim-m%c9%99hk%c9%99m%c9%99-zalinda-h%c9%99bs-edildi\/#primaryimage","url":"https:\/\/www.meydan.tv\/wp-content\/uploads\/hakim-1.jpg","contentUrl":"https:\/\/www.meydan.tv\/wp-content\/uploads\/hakim-1.jpg","width":1200,"height":754,"caption":"Elsun \u018fhm\u0259dov. Foto: \"jlc.gov.az\""},{"@type":"BreadcrumbList","@id":"https:\/\/www.meydan.tv\/az\/article\/az%c9%99rbaycanda-hakim-m%c9%99hk%c9%99m%c9%99-zalinda-h%c9%99bs-edildi\/#breadcrumb","itemListElement":[{"@type":"ListItem","position":1,"name":"Ana s\u0259hif\u0259","item":"https:\/\/www.meydan.tv\/az\/"},{"@type":"ListItem","position":2,"name":"Sosial","item":"https:\/\/www.meydan.tv\/az\/section\/sosial\/"},{"@type":"ListItem","position":3,"name":"Az\u0259rbaycanda hakim m\u0259hk\u0259m\u0259 zal\u0131nda h\u0259bs edildi"}]},{"@type":"WebSite","@id":"https:\/\/www.meydan.tv\/az\/#website","url":"https:\/\/www.meydan.tv\/az\/","name":"MEYDAN.TV","description":"Meydan TV Az\u0259rbaycan\u0131n media m\u0259kan\u0131ndak\u0131 alternativ s\u0259sidir","publisher":{"@id":"https:\/\/www.meydan.tv\/az\/#organization"},"potentialAction":[{"@type":"SearchAction","target":{"@type":"EntryPoint","urlTemplate":"https:\/\/www.meydan.tv\/az\/?s={search_term_string}"},"query-input":{"@type":"PropertyValueSpecification","valueRequired":true,"valueName":"search_term_string"}}],"inLanguage":"az"},{"@type":"Organization","@id":"https:\/\/www.meydan.tv\/az\/#organization","name":"Meydan TV","url":"https:\/\/www.meydan.tv\/az\/","logo":{"@type":"ImageObject","inLanguage":"az","@id":"https:\/\/www.meydan.tv\/az\/#\/schema\/logo\/image\/","url":"https:\/\/www.meydan.tv\/wp-content\/uploads\/2021\/07\/meydan-logo.svg","contentUrl":"https:\/\/www.meydan.tv\/wp-content\/uploads\/2021\/07\/meydan-logo.svg","width":195,"height":46,"caption":"Meydan TV"},"image":{"@id":"https:\/\/www.meydan.tv\/az\/#\/schema\/logo\/image\/"}},{"@type":"Person","@id":"https:\/\/www.meydan.tv\/az\/#\/schema\/person\/09863e516102a829e72bedcf3f84c6b0","name":"mahmud"}]}},"_links":{"self":[{"href":"https:\/\/www.meydan.tv\/az\/wp-json\/wp\/v2\/posts\/325088","targetHints":{"allow":["GET"]}}],"collection":[{"href":"https:\/\/www.meydan.tv\/az\/wp-json\/wp\/v2\/posts"}],"about":[{"href":"https:\/\/www.meydan.tv\/az\/wp-json\/wp\/v2\/types\/post"}],"author":[{"embeddable":true,"href":"https:\/\/www.meydan.tv\/az\/wp-json\/wp\/v2\/users\/21"}],"replies":[{"embeddable":true,"href":"https:\/\/www.meydan.tv\/az\/wp-json\/wp\/v2\/comments?post=325088"}],"version-history":[{"count":1,"href":"https:\/\/www.meydan.tv\/az\/wp-json\/wp\/v2\/posts\/325088\/revisions"}],"predecessor-version":[{"id":325089,"href":"https:\/\/www.meydan.tv\/az\/wp-json\/wp\/v2\/posts\/325088\/revisions\/325089"}],"wp:featuredmedia":[{"embeddable":true,"href":"https:\/\/www.meydan.tv\/az\/wp-json\/wp\/v2\/media\/297417"}],"wp:attachment":[{"href":"https:\/\/www.meydan.tv\/az\/wp-json\/wp\/v2\/media?parent=325088"}],"wp:term":[{"taxonomy":"category","embeddable":true,"href":"https:\/\/www.meydan.tv\/az\/wp-json\/wp\/v2\/categories?post=325088"},{"taxonomy":"post_tag","embeddable":true,"href":"https:\/\/www.meydan.tv\/az\/wp-json\/wp\/v2\/tags?post=325088"}],"curies":[{"name":"wp","href":"https:\/\/api.w.org\/{rel}","templated":true}]}}