{"id":325069,"date":"2025-01-23T14:46:43","date_gmt":"2025-01-23T10:46:43","guid":{"rendered":"https:\/\/www.meydan.tv\/?p=325069"},"modified":"2025-01-23T14:46:46","modified_gmt":"2025-01-23T10:46:46","slug":"n%c9%99-harada-n%c9%99-zaman-oyununun-kecmis-istirakcisi-terrorcular-v%c9%99-ekstremistl%c9%99r-siyahisina-salinib","status":"publish","type":"post","link":"https:\/\/www.meydan.tv\/az\/article\/n%c9%99-harada-n%c9%99-zaman-oyununun-kecmis-istirakcisi-terrorcular-v%c9%99-ekstremistl%c9%99r-siyahisina-salinib\/","title":{"rendered":"\u201cN\u0259? Harada? N\u0259 zaman?\u201d oyununun ke\u00e7mi\u015f i\u015ftirak\u00e7\u0131s\u0131 \u201cterror\u00e7ular v\u0259 ekstremistl\u0259r\u201d siyah\u0131s\u0131na sal\u0131n\u0131b"},"content":{"rendered":"\n<p><\/p>\n\n\n\n<p><strong><em>Buna s\u0259b\u0259b R\u00f6v\u015f\u0259n \u018fsg\u0259rovun 2022-ci ild\u0259 Georgi Jukov haqq\u0131nda yazd\u0131\u011f\u0131 status olub<\/em><\/strong><\/p>\n\n\n\n<p>Rusiyan\u0131n Maliyy\u0259 Monitorinqi \u00fczr\u0259 Federal Xidm\u0259tinin (\u201cRosfinmonitorinq\u201d) \u201cN\u0259? Harada? N\u0259 zaman?\u201d televiziya oyununun ke\u00e7mi\u015f i\u015ftirak\u00e7\u0131s\u0131 R\u00f6v\u015f\u0259n \u018fsg\u0259rovu \u201cterror\u00e7ular v\u0259 ekstremistl\u0259r\u201d siyah\u0131s\u0131na sald\u0131\u011f\u0131 <a href=\"https:\/\/meduza.io\/news\/2025\/01\/22\/rosfinmonitoring-vklyuchil-v-spisok-terroristov-i-ekstremistov-leonida-gozmana-i-rovshana-askerova\">bildirilir.<\/a><\/p>\n\n\n\n<p>Buna s\u0259b\u0259b R\u00f6v\u015f\u0259n \u018fsg\u0259rovun 2022-ci ild\u0259 sosial \u015f\u0259b\u0259k\u0259 hesab\u0131nda rus h\u0259rb\u00e7isi, Sovet \u0130ttifaq\u0131 mar\u015fal\u0131 Georgi Jukov haqq\u0131nda yazd\u0131\u011f\u0131 status olub.<\/p>\n\n\n\n<p>O, payla\u015f\u0131m\u0131nda Georgi Jukovu \u201ct\u0259cr\u00fcb\u0259li o\u011fru\u201d v\u0259 \u201cforma geyinmi\u015f qatil\u201d adland\u0131r\u0131b. Bundan sonra ona qar\u015f\u0131 \u201cNasizmin reabilitasiyas\u0131\u201d madd\u0259si il\u0259 cinay\u0259t i\u015fi a\u00e7\u0131l\u0131b v\u0259 qiyabi h\u0259bs olunub.<\/p>\n\n\n\n<p>Cinay\u0259t i\u015fi a\u00e7\u0131lmam\u0131\u015fdan \u00f6nc\u0259 R\u00f6v\u015f\u0259n \u018fsg\u0259rov Rusiyan\u0131 t\u0259rk edib.<\/p>\n\n\n\n<p>\u018fsg\u0259rovla birlikd\u0259 ictimai xadim Leonid Qozman da eyni siyah\u0131ya daxil edilib. Qozman Rusiya ordusu haqq\u0131nda \u201cyalan m\u0259lumatlar\u201d yaymaq ittiham\u0131 il\u0259 2024-c\u00fc ilin iyul ay\u0131nda qiyabi olaraq 8,5 il m\u00fcdd\u0259tin\u0259 koloniyada c\u0259za \u00e7\u0259km\u0259y\u0259 m\u0259hkum edilib.<\/p>\n\n\n\n<p>H\u0259m Qozman, h\u0259m d\u0259 \u018fsg\u0259rov Ukraynadak\u0131 m\u00fcharib\u0259y\u0259 qar\u015f\u0131 \u00e7\u0131x\u0131\u015flar\u0131 il\u0259 tan\u0131n\u0131rlar. H\u0259r ikisi Rusiya \u018fdliyy\u0259 Nazirliyi t\u0259r\u0259find\u0259n \u201cxarici agentl\u0259r\u201d siyah\u0131s\u0131na daxil edilib.<\/p>\n\n\n\n<p>R\u00f6v\u015f\u0259n \u018fsg\u0259rov h\u0259m d\u0259 \u201cBaku\u201c jurnal\u0131n\u0131n piar direktorudur.<\/p>\n\n\n\n<p>2011-ci ild\u0259n d\u0259rc edil\u0259n \u201cRosfinmonitorinq\u201din reyestrin\u0259 \u201cekstremist v\u0259 terror\u00e7uluq\u201d f\u0259aliyy\u0259ti il\u0259 ba\u011fl\u0131 m\u0259hkum edilmi\u015f v\u0259 ya ittiham olunan \u015f\u0259xsl\u0259r daxildir. Bu siyah\u0131ya daxil olmaq b\u00fct\u00fcn hesablar\u0131n dondurulmas\u0131 v\u0259 \u0259mlaka m\u0259hdudiyy\u0259tl\u0259rin qoyulmas\u0131 dem\u0259kdir.<\/p>\n\n\n\n<p>2024-c\u00fc ilin sonuna olan m\u0259lumata g\u00f6r\u0259, \u201cRosfinmonitorinq\u201din siyah\u0131s\u0131na 600-d\u0259n \u00e7ox t\u0259\u015fkilat v\u0259 16 mind\u0259n \u00e7ox insan daxil edilib.<\/p>\n\n\n\n<p>2024-c\u00fc ild\u0259 \u201cterror\u00e7ular v\u0259 ekstremistl\u0259r\u201d siyah\u0131s\u0131na rekord sayda v\u0259t\u0259nda\u015f \u0259lav\u0259 edilib. Bu r\u0259q\u0259m 3152 n\u0259f\u0259r <a href=\"https:\/\/verstka.media\/v-2024-godu-v-perechen-terroristov-i-ekstremistov-rosfinmonitoringa-dobavili-rekordnoe-kolichestvo-chelovek-bolee-3-tysyach\" target=\"_blank\" rel=\"noreferrer noopener\">t\u0259\u015fkil edir<\/a>.<\/p>\n","protected":false},"excerpt":{"rendered":"<p>Buna s\u0259b\u0259b R\u00f6v\u015f\u0259n \u018fsg\u0259rovun 2022-ci ild\u0259 Georgi Jukov haqq\u0131nda yazd\u0131\u011f\u0131 &#8230; <\/p>\n<p class=\"read-more-container\"><a title=\"\u201cN\u0259? Harada? N\u0259 zaman?\u201d oyununun ke\u00e7mi\u015f i\u015ftirak\u00e7\u0131s\u0131 \u201cterror\u00e7ular v\u0259 ekstremistl\u0259r\u201d siyah\u0131s\u0131na sal\u0131n\u0131b\" class=\"read-more button\" href=\"https:\/\/www.meydan.tv\/az\/article\/n%c9%99-harada-n%c9%99-zaman-oyununun-kecmis-istirakcisi-terrorcular-v%c9%99-ekstremistl%c9%99r-siyahisina-salinib\/#more-325069\" aria-label=\"Read more about \u201cN\u0259? Harada? N\u0259 zaman?\u201d oyununun ke\u00e7mi\u015f i\u015ftirak\u00e7\u0131s\u0131 \u201cterror\u00e7ular v\u0259 ekstremistl\u0259r\u201d siyah\u0131s\u0131na sal\u0131n\u0131b\">Davam\u0131<\/a><\/p>\n","protected":false},"author":21,"featured_media":243510,"comment_status":"closed","ping_status":"closed","sticky":false,"template":"","format":"standard","meta":{"_acf_changed":false,"_sitemap_exclude":false,"_sitemap_priority":"","_sitemap_frequency":"","footnotes":""},"categories":[59,56],"tags":[],"class_list":["post-325069","post","type-post","status-publish","format-standard","has-post-thumbnail","hentry","category-siyaset","category-xeberler","infinite-scroll-item","generate-columns","tablet-grid-50","mobile-grid-100","grid-parent","grid-33","no-featured-image-padding"],"acf":[],"yoast_head":"<!-- This site is optimized with the Yoast SEO plugin v27.4 - https:\/\/yoast.com\/product\/yoast-seo-wordpress\/ -->\n<title>\u201cN\u0259? Harada? N\u0259 zaman?\u201d oyununun ke\u00e7mi\u015f i\u015ftirak\u00e7\u0131s\u0131 \u201cterror\u00e7ular v\u0259 ekstremistl\u0259r\u201d siyah\u0131s\u0131na sal\u0131n\u0131b - MEYDAN.TV<\/title>\n<meta name=\"robots\" content=\"index, follow, max-snippet:-1, max-image-preview:large, max-video-preview:-1\" \/>\n<link rel=\"canonical\" href=\"https:\/\/www.meydan.tv\/az\/article\/n%c9%99-harada-n%c9%99-zaman-oyununun-kecmis-istirakcisi-terrorcular-v%c9%99-ekstremistl%c9%99r-siyahisina-salinib\/\" \/>\n<meta property=\"og:locale\" content=\"az_AZ\" \/>\n<meta property=\"og:type\" content=\"article\" \/>\n<meta property=\"og:title\" content=\"\u201cN\u0259? Harada? N\u0259 zaman?\u201d oyununun ke\u00e7mi\u015f i\u015ftirak\u00e7\u0131s\u0131 \u201cterror\u00e7ular v\u0259 ekstremistl\u0259r\u201d siyah\u0131s\u0131na sal\u0131n\u0131b - MEYDAN.TV\" \/>\n<meta property=\"og:description\" content=\"Buna s\u0259b\u0259b R\u00f6v\u015f\u0259n \u018fsg\u0259rovun 2022-ci ild\u0259 Georgi Jukov haqq\u0131nda yazd\u0131\u011f\u0131 ... Davam\u0131\" \/>\n<meta property=\"og:url\" content=\"https:\/\/www.meydan.tv\/az\/article\/n%c9%99-harada-n%c9%99-zaman-oyununun-kecmis-istirakcisi-terrorcular-v%c9%99-ekstremistl%c9%99r-siyahisina-salinib\/\" \/>\n<meta property=\"og:site_name\" content=\"MEYDAN.TV\" \/>\n<meta property=\"article:published_time\" content=\"2025-01-23T10:46:43+00:00\" \/>\n<meta property=\"article:modified_time\" content=\"2025-01-23T10:46:46+00:00\" \/>\n<meta property=\"og:image\" content=\"https:\/\/www.meydan.tv\/wp-content\/uploads\/rovshan_asgarov_270422-e1651067728807.jpg\" \/>\n\t<meta property=\"og:image:width\" content=\"1200\" \/>\n\t<meta property=\"og:image:height\" content=\"522\" \/>\n\t<meta property=\"og:image:type\" content=\"image\/jpeg\" \/>\n<meta name=\"author\" content=\"mahmud\" \/>\n<meta name=\"twitter:card\" content=\"summary_large_image\" \/>\n<script type=\"application\/ld+json\" class=\"yoast-schema-graph\">{\"@context\":\"https:\\\/\\\/schema.org\",\"@graph\":[{\"@type\":\"Article\",\"@id\":\"https:\\\/\\\/www.meydan.tv\\\/az\\\/article\\\/n%c9%99-harada-n%c9%99-zaman-oyununun-kecmis-istirakcisi-terrorcular-v%c9%99-ekstremistl%c9%99r-siyahisina-salinib\\\/#article\",\"isPartOf\":{\"@id\":\"https:\\\/\\\/www.meydan.tv\\\/az\\\/article\\\/n%c9%99-harada-n%c9%99-zaman-oyununun-kecmis-istirakcisi-terrorcular-v%c9%99-ekstremistl%c9%99r-siyahisina-salinib\\\/\"},\"author\":{\"name\":\"mahmud\",\"@id\":\"https:\\\/\\\/www.meydan.tv\\\/az\\\/#\\\/schema\\\/person\\\/09863e516102a829e72bedcf3f84c6b0\"},\"headline\":\"\u201cN\u0259? Harada? N\u0259 zaman?\u201d oyununun ke\u00e7mi\u015f i\u015ftirak\u00e7\u0131s\u0131 \u201cterror\u00e7ular v\u0259 ekstremistl\u0259r\u201d siyah\u0131s\u0131na sal\u0131n\u0131b\",\"datePublished\":\"2025-01-23T10:46:43+00:00\",\"dateModified\":\"2025-01-23T10:46:46+00:00\",\"mainEntityOfPage\":{\"@id\":\"https:\\\/\\\/www.meydan.tv\\\/az\\\/article\\\/n%c9%99-harada-n%c9%99-zaman-oyununun-kecmis-istirakcisi-terrorcular-v%c9%99-ekstremistl%c9%99r-siyahisina-salinib\\\/\"},\"wordCount\":358,\"publisher\":{\"@id\":\"https:\\\/\\\/www.meydan.tv\\\/az\\\/#organization\"},\"image\":{\"@id\":\"https:\\\/\\\/www.meydan.tv\\\/az\\\/article\\\/n%c9%99-harada-n%c9%99-zaman-oyununun-kecmis-istirakcisi-terrorcular-v%c9%99-ekstremistl%c9%99r-siyahisina-salinib\\\/#primaryimage\"},\"thumbnailUrl\":\"https:\\\/\\\/www.meydan.tv\\\/wp-content\\\/uploads\\\/rovshan_asgarov_270422-e1651067728807.jpg\",\"articleSection\":[\"Siyas\u0259t\",\"X\u0259b\u0259rl\u0259r\"],\"inLanguage\":\"az\"},{\"@type\":\"WebPage\",\"@id\":\"https:\\\/\\\/www.meydan.tv\\\/az\\\/article\\\/n%c9%99-harada-n%c9%99-zaman-oyununun-kecmis-istirakcisi-terrorcular-v%c9%99-ekstremistl%c9%99r-siyahisina-salinib\\\/\",\"url\":\"https:\\\/\\\/www.meydan.tv\\\/az\\\/article\\\/n%c9%99-harada-n%c9%99-zaman-oyununun-kecmis-istirakcisi-terrorcular-v%c9%99-ekstremistl%c9%99r-siyahisina-salinib\\\/\",\"name\":\"\u201cN\u0259? Harada? N\u0259 zaman?\u201d oyununun ke\u00e7mi\u015f i\u015ftirak\u00e7\u0131s\u0131 \u201cterror\u00e7ular v\u0259 ekstremistl\u0259r\u201d siyah\u0131s\u0131na sal\u0131n\u0131b - MEYDAN.TV\",\"isPartOf\":{\"@id\":\"https:\\\/\\\/www.meydan.tv\\\/az\\\/#website\"},\"primaryImageOfPage\":{\"@id\":\"https:\\\/\\\/www.meydan.tv\\\/az\\\/article\\\/n%c9%99-harada-n%c9%99-zaman-oyununun-kecmis-istirakcisi-terrorcular-v%c9%99-ekstremistl%c9%99r-siyahisina-salinib\\\/#primaryimage\"},\"image\":{\"@id\":\"https:\\\/\\\/www.meydan.tv\\\/az\\\/article\\\/n%c9%99-harada-n%c9%99-zaman-oyununun-kecmis-istirakcisi-terrorcular-v%c9%99-ekstremistl%c9%99r-siyahisina-salinib\\\/#primaryimage\"},\"thumbnailUrl\":\"https:\\\/\\\/www.meydan.tv\\\/wp-content\\\/uploads\\\/rovshan_asgarov_270422-e1651067728807.jpg\",\"datePublished\":\"2025-01-23T10:46:43+00:00\",\"dateModified\":\"2025-01-23T10:46:46+00:00\",\"breadcrumb\":{\"@id\":\"https:\\\/\\\/www.meydan.tv\\\/az\\\/article\\\/n%c9%99-harada-n%c9%99-zaman-oyununun-kecmis-istirakcisi-terrorcular-v%c9%99-ekstremistl%c9%99r-siyahisina-salinib\\\/#breadcrumb\"},\"inLanguage\":\"az\",\"potentialAction\":[{\"@type\":\"ReadAction\",\"target\":[\"https:\\\/\\\/www.meydan.tv\\\/az\\\/article\\\/n%c9%99-harada-n%c9%99-zaman-oyununun-kecmis-istirakcisi-terrorcular-v%c9%99-ekstremistl%c9%99r-siyahisina-salinib\\\/\"]}]},{\"@type\":\"ImageObject\",\"inLanguage\":\"az\",\"@id\":\"https:\\\/\\\/www.meydan.tv\\\/az\\\/article\\\/n%c9%99-harada-n%c9%99-zaman-oyununun-kecmis-istirakcisi-terrorcular-v%c9%99-ekstremistl%c9%99r-siyahisina-salinib\\\/#primaryimage\",\"url\":\"https:\\\/\\\/www.meydan.tv\\\/wp-content\\\/uploads\\\/rovshan_asgarov_270422-e1651067728807.jpg\",\"contentUrl\":\"https:\\\/\\\/www.meydan.tv\\\/wp-content\\\/uploads\\\/rovshan_asgarov_270422-e1651067728807.jpg\",\"width\":1200,\"height\":522,\"caption\":\"R\u00f6v\u015f\u0259n \u018fsg\u0259rov. Foto: \\\"Trend.az\\\"\"},{\"@type\":\"BreadcrumbList\",\"@id\":\"https:\\\/\\\/www.meydan.tv\\\/az\\\/article\\\/n%c9%99-harada-n%c9%99-zaman-oyununun-kecmis-istirakcisi-terrorcular-v%c9%99-ekstremistl%c9%99r-siyahisina-salinib\\\/#breadcrumb\",\"itemListElement\":[{\"@type\":\"ListItem\",\"position\":1,\"name\":\"Ana s\u0259hif\u0259\",\"item\":\"https:\\\/\\\/www.meydan.tv\\\/az\\\/\"},{\"@type\":\"ListItem\",\"position\":2,\"name\":\"Siyas\u0259t\",\"item\":\"https:\\\/\\\/www.meydan.tv\\\/az\\\/section\\\/siyaset\\\/\"},{\"@type\":\"ListItem\",\"position\":3,\"name\":\"\u201cN\u0259? Harada? N\u0259 zaman?\u201d oyununun ke\u00e7mi\u015f i\u015ftirak\u00e7\u0131s\u0131 \u201cterror\u00e7ular v\u0259 ekstremistl\u0259r\u201d siyah\u0131s\u0131na sal\u0131n\u0131b\"}]},{\"@type\":\"WebSite\",\"@id\":\"https:\\\/\\\/www.meydan.tv\\\/az\\\/#website\",\"url\":\"https:\\\/\\\/www.meydan.tv\\\/az\\\/\",\"name\":\"MEYDAN.TV\",\"description\":\"Meydan TV Az\u0259rbaycan\u0131n media m\u0259kan\u0131ndak\u0131 alternativ s\u0259sidir\",\"publisher\":{\"@id\":\"https:\\\/\\\/www.meydan.tv\\\/az\\\/#organization\"},\"potentialAction\":[{\"@type\":\"SearchAction\",\"target\":{\"@type\":\"EntryPoint\",\"urlTemplate\":\"https:\\\/\\\/www.meydan.tv\\\/az\\\/?s={search_term_string}\"},\"query-input\":{\"@type\":\"PropertyValueSpecification\",\"valueRequired\":true,\"valueName\":\"search_term_string\"}}],\"inLanguage\":\"az\"},{\"@type\":\"Organization\",\"@id\":\"https:\\\/\\\/www.meydan.tv\\\/az\\\/#organization\",\"name\":\"Meydan TV\",\"url\":\"https:\\\/\\\/www.meydan.tv\\\/az\\\/\",\"logo\":{\"@type\":\"ImageObject\",\"inLanguage\":\"az\",\"@id\":\"https:\\\/\\\/www.meydan.tv\\\/az\\\/#\\\/schema\\\/logo\\\/image\\\/\",\"url\":\"https:\\\/\\\/www.meydan.tv\\\/wp-content\\\/uploads\\\/2021\\\/07\\\/meydan-logo.svg\",\"contentUrl\":\"https:\\\/\\\/www.meydan.tv\\\/wp-content\\\/uploads\\\/2021\\\/07\\\/meydan-logo.svg\",\"width\":195,\"height\":46,\"caption\":\"Meydan TV\"},\"image\":{\"@id\":\"https:\\\/\\\/www.meydan.tv\\\/az\\\/#\\\/schema\\\/logo\\\/image\\\/\"}},{\"@type\":\"Person\",\"@id\":\"https:\\\/\\\/www.meydan.tv\\\/az\\\/#\\\/schema\\\/person\\\/09863e516102a829e72bedcf3f84c6b0\",\"name\":\"mahmud\"}]}<\/script>\n<!-- \/ Yoast SEO plugin. -->","yoast_head_json":{"title":"\u201cN\u0259? Harada? N\u0259 zaman?\u201d oyununun ke\u00e7mi\u015f i\u015ftirak\u00e7\u0131s\u0131 \u201cterror\u00e7ular v\u0259 ekstremistl\u0259r\u201d siyah\u0131s\u0131na sal\u0131n\u0131b - MEYDAN.TV","robots":{"index":"index","follow":"follow","max-snippet":"max-snippet:-1","max-image-preview":"max-image-preview:large","max-video-preview":"max-video-preview:-1"},"canonical":"https:\/\/www.meydan.tv\/az\/article\/n%c9%99-harada-n%c9%99-zaman-oyununun-kecmis-istirakcisi-terrorcular-v%c9%99-ekstremistl%c9%99r-siyahisina-salinib\/","og_locale":"az_AZ","og_type":"article","og_title":"\u201cN\u0259? Harada? N\u0259 zaman?\u201d oyununun ke\u00e7mi\u015f i\u015ftirak\u00e7\u0131s\u0131 \u201cterror\u00e7ular v\u0259 ekstremistl\u0259r\u201d siyah\u0131s\u0131na sal\u0131n\u0131b - MEYDAN.TV","og_description":"Buna s\u0259b\u0259b R\u00f6v\u015f\u0259n \u018fsg\u0259rovun 2022-ci ild\u0259 Georgi Jukov haqq\u0131nda yazd\u0131\u011f\u0131 ... Davam\u0131","og_url":"https:\/\/www.meydan.tv\/az\/article\/n%c9%99-harada-n%c9%99-zaman-oyununun-kecmis-istirakcisi-terrorcular-v%c9%99-ekstremistl%c9%99r-siyahisina-salinib\/","og_site_name":"MEYDAN.TV","article_published_time":"2025-01-23T10:46:43+00:00","article_modified_time":"2025-01-23T10:46:46+00:00","og_image":[{"width":1200,"height":522,"url":"https:\/\/www.meydan.tv\/wp-content\/uploads\/rovshan_asgarov_270422-e1651067728807.jpg","type":"image\/jpeg"}],"author":"mahmud","twitter_card":"summary_large_image","schema":{"@context":"https:\/\/schema.org","@graph":[{"@type":"Article","@id":"https:\/\/www.meydan.tv\/az\/article\/n%c9%99-harada-n%c9%99-zaman-oyununun-kecmis-istirakcisi-terrorcular-v%c9%99-ekstremistl%c9%99r-siyahisina-salinib\/#article","isPartOf":{"@id":"https:\/\/www.meydan.tv\/az\/article\/n%c9%99-harada-n%c9%99-zaman-oyununun-kecmis-istirakcisi-terrorcular-v%c9%99-ekstremistl%c9%99r-siyahisina-salinib\/"},"author":{"name":"mahmud","@id":"https:\/\/www.meydan.tv\/az\/#\/schema\/person\/09863e516102a829e72bedcf3f84c6b0"},"headline":"\u201cN\u0259? Harada? N\u0259 zaman?\u201d oyununun ke\u00e7mi\u015f i\u015ftirak\u00e7\u0131s\u0131 \u201cterror\u00e7ular v\u0259 ekstremistl\u0259r\u201d siyah\u0131s\u0131na sal\u0131n\u0131b","datePublished":"2025-01-23T10:46:43+00:00","dateModified":"2025-01-23T10:46:46+00:00","mainEntityOfPage":{"@id":"https:\/\/www.meydan.tv\/az\/article\/n%c9%99-harada-n%c9%99-zaman-oyununun-kecmis-istirakcisi-terrorcular-v%c9%99-ekstremistl%c9%99r-siyahisina-salinib\/"},"wordCount":358,"publisher":{"@id":"https:\/\/www.meydan.tv\/az\/#organization"},"image":{"@id":"https:\/\/www.meydan.tv\/az\/article\/n%c9%99-harada-n%c9%99-zaman-oyununun-kecmis-istirakcisi-terrorcular-v%c9%99-ekstremistl%c9%99r-siyahisina-salinib\/#primaryimage"},"thumbnailUrl":"https:\/\/www.meydan.tv\/wp-content\/uploads\/rovshan_asgarov_270422-e1651067728807.jpg","articleSection":["Siyas\u0259t","X\u0259b\u0259rl\u0259r"],"inLanguage":"az"},{"@type":"WebPage","@id":"https:\/\/www.meydan.tv\/az\/article\/n%c9%99-harada-n%c9%99-zaman-oyununun-kecmis-istirakcisi-terrorcular-v%c9%99-ekstremistl%c9%99r-siyahisina-salinib\/","url":"https:\/\/www.meydan.tv\/az\/article\/n%c9%99-harada-n%c9%99-zaman-oyununun-kecmis-istirakcisi-terrorcular-v%c9%99-ekstremistl%c9%99r-siyahisina-salinib\/","name":"\u201cN\u0259? Harada? N\u0259 zaman?\u201d oyununun ke\u00e7mi\u015f i\u015ftirak\u00e7\u0131s\u0131 \u201cterror\u00e7ular v\u0259 ekstremistl\u0259r\u201d siyah\u0131s\u0131na sal\u0131n\u0131b - MEYDAN.TV","isPartOf":{"@id":"https:\/\/www.meydan.tv\/az\/#website"},"primaryImageOfPage":{"@id":"https:\/\/www.meydan.tv\/az\/article\/n%c9%99-harada-n%c9%99-zaman-oyununun-kecmis-istirakcisi-terrorcular-v%c9%99-ekstremistl%c9%99r-siyahisina-salinib\/#primaryimage"},"image":{"@id":"https:\/\/www.meydan.tv\/az\/article\/n%c9%99-harada-n%c9%99-zaman-oyununun-kecmis-istirakcisi-terrorcular-v%c9%99-ekstremistl%c9%99r-siyahisina-salinib\/#primaryimage"},"thumbnailUrl":"https:\/\/www.meydan.tv\/wp-content\/uploads\/rovshan_asgarov_270422-e1651067728807.jpg","datePublished":"2025-01-23T10:46:43+00:00","dateModified":"2025-01-23T10:46:46+00:00","breadcrumb":{"@id":"https:\/\/www.meydan.tv\/az\/article\/n%c9%99-harada-n%c9%99-zaman-oyununun-kecmis-istirakcisi-terrorcular-v%c9%99-ekstremistl%c9%99r-siyahisina-salinib\/#breadcrumb"},"inLanguage":"az","potentialAction":[{"@type":"ReadAction","target":["https:\/\/www.meydan.tv\/az\/article\/n%c9%99-harada-n%c9%99-zaman-oyununun-kecmis-istirakcisi-terrorcular-v%c9%99-ekstremistl%c9%99r-siyahisina-salinib\/"]}]},{"@type":"ImageObject","inLanguage":"az","@id":"https:\/\/www.meydan.tv\/az\/article\/n%c9%99-harada-n%c9%99-zaman-oyununun-kecmis-istirakcisi-terrorcular-v%c9%99-ekstremistl%c9%99r-siyahisina-salinib\/#primaryimage","url":"https:\/\/www.meydan.tv\/wp-content\/uploads\/rovshan_asgarov_270422-e1651067728807.jpg","contentUrl":"https:\/\/www.meydan.tv\/wp-content\/uploads\/rovshan_asgarov_270422-e1651067728807.jpg","width":1200,"height":522,"caption":"R\u00f6v\u015f\u0259n \u018fsg\u0259rov. Foto: \"Trend.az\""},{"@type":"BreadcrumbList","@id":"https:\/\/www.meydan.tv\/az\/article\/n%c9%99-harada-n%c9%99-zaman-oyununun-kecmis-istirakcisi-terrorcular-v%c9%99-ekstremistl%c9%99r-siyahisina-salinib\/#breadcrumb","itemListElement":[{"@type":"ListItem","position":1,"name":"Ana s\u0259hif\u0259","item":"https:\/\/www.meydan.tv\/az\/"},{"@type":"ListItem","position":2,"name":"Siyas\u0259t","item":"https:\/\/www.meydan.tv\/az\/section\/siyaset\/"},{"@type":"ListItem","position":3,"name":"\u201cN\u0259? Harada? N\u0259 zaman?\u201d oyununun ke\u00e7mi\u015f i\u015ftirak\u00e7\u0131s\u0131 \u201cterror\u00e7ular v\u0259 ekstremistl\u0259r\u201d siyah\u0131s\u0131na sal\u0131n\u0131b"}]},{"@type":"WebSite","@id":"https:\/\/www.meydan.tv\/az\/#website","url":"https:\/\/www.meydan.tv\/az\/","name":"MEYDAN.TV","description":"Meydan TV Az\u0259rbaycan\u0131n media m\u0259kan\u0131ndak\u0131 alternativ s\u0259sidir","publisher":{"@id":"https:\/\/www.meydan.tv\/az\/#organization"},"potentialAction":[{"@type":"SearchAction","target":{"@type":"EntryPoint","urlTemplate":"https:\/\/www.meydan.tv\/az\/?s={search_term_string}"},"query-input":{"@type":"PropertyValueSpecification","valueRequired":true,"valueName":"search_term_string"}}],"inLanguage":"az"},{"@type":"Organization","@id":"https:\/\/www.meydan.tv\/az\/#organization","name":"Meydan TV","url":"https:\/\/www.meydan.tv\/az\/","logo":{"@type":"ImageObject","inLanguage":"az","@id":"https:\/\/www.meydan.tv\/az\/#\/schema\/logo\/image\/","url":"https:\/\/www.meydan.tv\/wp-content\/uploads\/2021\/07\/meydan-logo.svg","contentUrl":"https:\/\/www.meydan.tv\/wp-content\/uploads\/2021\/07\/meydan-logo.svg","width":195,"height":46,"caption":"Meydan TV"},"image":{"@id":"https:\/\/www.meydan.tv\/az\/#\/schema\/logo\/image\/"}},{"@type":"Person","@id":"https:\/\/www.meydan.tv\/az\/#\/schema\/person\/09863e516102a829e72bedcf3f84c6b0","name":"mahmud"}]}},"_links":{"self":[{"href":"https:\/\/www.meydan.tv\/az\/wp-json\/wp\/v2\/posts\/325069","targetHints":{"allow":["GET"]}}],"collection":[{"href":"https:\/\/www.meydan.tv\/az\/wp-json\/wp\/v2\/posts"}],"about":[{"href":"https:\/\/www.meydan.tv\/az\/wp-json\/wp\/v2\/types\/post"}],"author":[{"embeddable":true,"href":"https:\/\/www.meydan.tv\/az\/wp-json\/wp\/v2\/users\/21"}],"replies":[{"embeddable":true,"href":"https:\/\/www.meydan.tv\/az\/wp-json\/wp\/v2\/comments?post=325069"}],"version-history":[{"count":1,"href":"https:\/\/www.meydan.tv\/az\/wp-json\/wp\/v2\/posts\/325069\/revisions"}],"predecessor-version":[{"id":325070,"href":"https:\/\/www.meydan.tv\/az\/wp-json\/wp\/v2\/posts\/325069\/revisions\/325070"}],"wp:featuredmedia":[{"embeddable":true,"href":"https:\/\/www.meydan.tv\/az\/wp-json\/wp\/v2\/media\/243510"}],"wp:attachment":[{"href":"https:\/\/www.meydan.tv\/az\/wp-json\/wp\/v2\/media?parent=325069"}],"wp:term":[{"taxonomy":"category","embeddable":true,"href":"https:\/\/www.meydan.tv\/az\/wp-json\/wp\/v2\/categories?post=325069"},{"taxonomy":"post_tag","embeddable":true,"href":"https:\/\/www.meydan.tv\/az\/wp-json\/wp\/v2\/tags?post=325069"}],"curies":[{"name":"wp","href":"https:\/\/api.w.org\/{rel}","templated":true}]}}