{"id":325067,"date":"2025-01-23T14:07:28","date_gmt":"2025-01-23T10:07:28","guid":{"rendered":"https:\/\/www.meydan.tv\/?p=325067"},"modified":"2025-01-23T18:31:44","modified_gmt":"2025-01-23T14:31:44","slug":"meydan-tv-nin-%c9%99m%c9%99kdasi-esl-qacaqmalcilar-olk%c9%99nin-s%c9%99rv%c9%99tl%c9%99rini-talayanlardir","status":"publish","type":"post","link":"https:\/\/www.meydan.tv\/az\/article\/meydan-tv-nin-%c9%99m%c9%99kdasi-esl-qacaqmalcilar-olk%c9%99nin-s%c9%99rv%c9%99tl%c9%99rini-talayanlardir\/","title":{"rendered":"Meydan TV-nin \u0259m\u0259kda\u015f\u0131: \u201c\u018fsl qa\u00e7aqmal\u00e7\u0131lar \u00f6lk\u0259nin s\u0259rv\u0259tl\u0259rini talayanlard\u0131r\u201d"},"content":{"rendered":"\n<p><\/p>\n\n\n\n<p><em><strong>&#8220;Qa\u00e7aqmal\u00e7\u0131 olsayd\u0131q, h\u0259bsd\u0259 olmazd\u0131q&#8221;<\/strong><\/em><\/p>\n\n\n\n<p>Meydan TV-nin h\u0259bsd\u0259 olan \u0259m\u0259kda\u015flar\u0131ndan Aytac \u018fhm\u0259dovan\u0131n (Tapd\u0131q) istintaq m\u00fcdd\u0259tind\u0259 ev dustaql\u0131\u011f\u0131na burax\u0131lmas\u0131 \u00fc\u00e7\u00fcn v\u0259kili v\u0259sat\u0259t verib.<\/p>\n\n\n\n<p>H\u0259min v\u0259sat\u0259t\u0259 yanvar\u0131n 23-d\u0259 X\u0259tai Rayon M\u0259hk\u0259m\u0259sind\u0259 bax\u0131l\u0131b.<\/p>\n\n\n\n<p>M\u0259hk\u0259m\u0259d\u0259 jurnalistin \u00f6z\u00fc d\u0259 i\u015ftirak edib.<\/p>\n\n\n\n<p>V\u0259kil Cavad Cavadov v\u0259sat\u0259tind\u0259 Aytac Tapd\u0131\u011f\u0131n ev dustaql\u0131\u011f\u0131na, yaxud da girov m\u00fcqabilind\u0259 h\u0259bsd\u0259n burax\u0131lmas\u0131 m\u0259s\u0259l\u0259sini qoyub.<\/p>\n\n\n\n<p>M\u0259hk\u0259m\u0259d\u0259 v\u0259sat\u0259ti m\u00fcdafi\u0259 ed\u0259n v\u0259kil bildirib ki, m\u00fcv\u0259kkilinin h\u0259bsd\u0259 saxlanmas\u0131 \u00fc\u00e7\u00fcn he\u00e7 bir \u0259sasl\u0131 \u015f\u00fcbh\u0259 yoxdur.<\/p>\n\n\n\n<p>V\u0259kilin s\u00f6zl\u0259rin\u0259 g\u00f6r\u0259, Aytac \u018fhm\u0259dovaya qar\u015f\u0131 ir\u0259li s\u00fcr\u00fclm\u00fc\u015f valyuta qa\u00e7aqmal\u00e7\u0131l\u0131\u011f\u0131 ittiham\u0131 il\u0259 ba\u011fl\u0131 da he\u00e7 bir ilkin d\u0259lil-s\u00fcbut ortaya qoyulmay\u0131b.<\/p>\n\n\n\n<p>Aytac Tapd\u0131q \u00f6z\u00fc d\u0259 siyasi sifari\u015fl\u0259 h\u0259bs olundu\u011funu bildirib.<\/p>\n\n\n\n<p>O bildirib ki, h\u0259bsinin \u0259sas s\u0259b\u0259bi onun v\u0259 Meydan TV-d\u0259ki h\u0259mkarlar\u0131n\u0131n jurnalist f\u0259aliyy\u0259ti, ortaya qoyduqlar\u0131 materiallard\u0131r. Onlar\u0131 susdurmaq \u00fc\u00e7\u00fcn \u015f\u0259rl\u0259yib h\u0259bs el\u0259yibl\u0259r.<\/p>\n\n\n\n<p>Aytac Tapd\u0131q xat\u0131rlad\u0131b ki, Meydan TV-d\u0259n \u0259vv\u0259l eyni qaydada \u201cAbzasMedia\u201d, \u201cToplum TV\u201d \u0259m\u0259kda\u015flar\u0131n\u0131 da qa\u00e7aqmal\u00e7\u0131l\u0131q ittiham\u0131 il\u0259 h\u0259bs edbl\u0259r:<\/p>\n\n\n\n<p><em>\u201cBiz bilirdik ki, jurnalistl\u0259ri bu c\u00fcr saxta ittihamlarla tuturlar. Bu t\u0259hl\u00fck\u0259ni g\u00f6r\u00fcrd\u00fck. Buna baxmayaraq, i\u015fimizi davam etdirirdik. Biz qa\u00e7aqmal\u00e7\u0131 olsayd\u0131q, bu g\u00fcn h\u0259bsd\u0259 olmazd\u0131q\u201d.<\/em><\/p>\n\n\n\n<p>Jurnalist \u0259lav\u0259 edib ki, \u0259sl qa\u00e7aqmal\u00e7\u0131lar \u00f6lk\u0259nin s\u0259rv\u0259tl\u0259rini talan ed\u0259nl\u0259rdir.<\/p>\n\n\n\n<p>M\u00fcst\u0259ntiq Aytac Tapd\u0131\u011f\u0131n h\u0259bsd\u0259n burax\u0131lmas\u0131na etiraz edib, bunu istintaq\u0131n davam etm\u0259si, azadl\u0131\u011fa \u00e7\u0131xaca\u011f\u0131 halda, prosesin gedi\u015fin\u0259 mane olmaq ehtimal\u0131 il\u0259 \u0259sasland\u0131r\u0131b.<\/p>\n\n\n\n<p>M\u0259hk\u0259m\u0259 d\u0259 jurnalisti h\u0259bsd\u0259n buraxmaqdan imtina edib.<\/p>\n\n\n\n<p>V\u0259kil Cavad Cavadov bu q\u0259rardan apelyasiya \u015fikay\u0259ti ver\u0259c\u0259k.<\/p>\n\n\n\n<p>Meydan TV-nin 6 \u0259m\u0259kda\u015f\u0131 \u2013 Aynur Elg\u00fcn\u0259\u015f, Aysel Umudova, Aytac \u018fhm\u0259dova (Tapd\u0131q), X\u0259yal\u0259 A\u011fayeva, Ramin C\u0259bray\u0131lzad\u0259 (Deko) v\u0259 Natiq Cavadl\u0131, h\u0259m\u00e7inin Bak\u0131 Jurnalistika M\u0259kt\u0259binin direktor m\u00fcavini \u00dclvi Tahirov dekabr\u0131n 6-da saxlan\u0131l\u0131b.<\/p>\n\n\n\n<p>Onlara qar\u015f\u0131 Cinay\u0259t M\u0259c\u0259ll\u0259sinin 206.3.2-ci (qa\u00e7aqmal\u00e7\u0131l\u0131q, \u0259vv\u0259lc\u0259d\u0259n \u0259lbir olan bir qrup \u015f\u0259xs t\u0259r\u0259find\u0259n t\u00f6r\u0259dildikd\u0259) madd\u0259si il\u0259 ittiham ir\u0259li s\u00fcr\u00fcl\u00fcb.<\/p>\n\n\n\n<p>Bu madd\u0259 il\u0259 onlar\u0131n h\u0259r birinin bar\u0259sind\u0259 istintaq d\u00f6vr\u00fc \u00fc\u00e7\u00fcn 4 ayl\u0131q h\u0259bs q\u0259timkan t\u0259dbiri se\u00e7ilib.<\/p>\n\n\n\n<p>Saxlan\u0131lan jurnalistl\u0259rin evind\u0259 axtar\u0131\u015f apar\u0131l\u0131b, telefonlar\u0131, komp\u00fcterl\u0259ri v\u0259 dig\u0259r \u015f\u0259xsi \u0259\u015fyalar\u0131 g\u00f6t\u00fcr\u00fcl\u00fcb.<\/p>\n\n\n\n<p>H\u0259bs olunan jurnalistl\u0259r \u00f6zl\u0259rini t\u0259qsirli bilmir.<\/p>\n\n\n\n<p>Meydan TV \u0259m\u0259kda\u015flar\u0131n\u0131n t\u0259nqid\u00e7i f\u0259aliyy\u0259tl\u0259rin\u0259 g\u00f6r\u0259 c\u0259zaland\u0131r\u0131ld\u0131qlar\u0131n\u0131 b\u0259yan edib.<\/p>\n\n\n\n<p>Son 1 il 2 ay \u0259rzind\u0259 Az\u0259rbaycanda 30-a yax\u0131n jurnalist v\u0259 bloger olunub.<\/p>\n\n\n\n<p>Onlar\u0131n aras\u0131nda \u201cAbzasMedia\u201d, \u201cToplum TV\u201d, \u201cKanal 13\u201d v\u0259 dig\u0259r media orqanlar\u0131n\u0131n \u0259m\u0259kda\u015flar\u0131 var.<\/p>\n","protected":false},"excerpt":{"rendered":"<p>&#8220;Qa\u00e7aqmal\u00e7\u0131 olsayd\u0131q, h\u0259bsd\u0259 olmazd\u0131q&#8221; Meydan TV-nin h\u0259bsd\u0259 olan \u0259m\u0259kda\u015flar\u0131ndan Aytac &#8230; <\/p>\n<p class=\"read-more-container\"><a title=\"Meydan TV-nin \u0259m\u0259kda\u015f\u0131: \u201c\u018fsl qa\u00e7aqmal\u00e7\u0131lar \u00f6lk\u0259nin s\u0259rv\u0259tl\u0259rini talayanlard\u0131r\u201d\" class=\"read-more button\" href=\"https:\/\/www.meydan.tv\/az\/article\/meydan-tv-nin-%c9%99m%c9%99kdasi-esl-qacaqmalcilar-olk%c9%99nin-s%c9%99rv%c9%99tl%c9%99rini-talayanlardir\/#more-325067\" aria-label=\"Read more about Meydan TV-nin \u0259m\u0259kda\u015f\u0131: \u201c\u018fsl qa\u00e7aqmal\u00e7\u0131lar \u00f6lk\u0259nin s\u0259rv\u0259tl\u0259rini talayanlard\u0131r\u201d\">Davam\u0131<\/a><\/p>\n","protected":false},"author":21,"featured_media":322450,"comment_status":"closed","ping_status":"closed","sticky":false,"template":"","format":"standard","meta":{"_acf_changed":false,"_sitemap_exclude":false,"_sitemap_priority":"","_sitemap_frequency":"","footnotes":""},"categories":[139,59,79,56],"tags":[],"class_list":["post-325067","post","type-post","status-publish","format-standard","has-post-thumbnail","hentry","category-meydan-tv-isi","category-siyaset","category-featured","category-xeberler","infinite-scroll-item","generate-columns","tablet-grid-50","mobile-grid-100","grid-parent","grid-33","no-featured-image-padding"],"acf":[],"yoast_head":"<!-- This site is optimized with the Yoast SEO plugin v27.5 - https:\/\/yoast.com\/product\/yoast-seo-wordpress\/ -->\n<title>Meydan TV-nin \u0259m\u0259kda\u015f\u0131: \u201c\u018fsl qa\u00e7aqmal\u00e7\u0131lar \u00f6lk\u0259nin s\u0259rv\u0259tl\u0259rini talayanlard\u0131r\u201d - MEYDAN.TV<\/title>\n<meta name=\"robots\" content=\"index, follow, max-snippet:-1, max-image-preview:large, max-video-preview:-1\" \/>\n<link rel=\"canonical\" href=\"https:\/\/www.meydan.tv\/az\/article\/meydan-tv-nin-%c9%99m%c9%99kdasi-esl-qacaqmalcilar-olk%c9%99nin-s%c9%99rv%c9%99tl%c9%99rini-talayanlardir\/\" \/>\n<meta property=\"og:locale\" content=\"az_AZ\" \/>\n<meta property=\"og:type\" content=\"article\" \/>\n<meta property=\"og:title\" content=\"Meydan TV-nin \u0259m\u0259kda\u015f\u0131: \u201c\u018fsl qa\u00e7aqmal\u00e7\u0131lar \u00f6lk\u0259nin s\u0259rv\u0259tl\u0259rini talayanlard\u0131r\u201d - MEYDAN.TV\" \/>\n<meta property=\"og:description\" content=\"&#8220;Qa\u00e7aqmal\u00e7\u0131 olsayd\u0131q, h\u0259bsd\u0259 olmazd\u0131q&#8221; Meydan TV-nin h\u0259bsd\u0259 olan \u0259m\u0259kda\u015flar\u0131ndan Aytac ... Davam\u0131\" \/>\n<meta property=\"og:url\" content=\"https:\/\/www.meydan.tv\/az\/article\/meydan-tv-nin-%c9%99m%c9%99kdasi-esl-qacaqmalcilar-olk%c9%99nin-s%c9%99rv%c9%99tl%c9%99rini-talayanlardir\/\" \/>\n<meta property=\"og:site_name\" content=\"MEYDAN.TV\" \/>\n<meta property=\"article:published_time\" content=\"2025-01-23T10:07:28+00:00\" \/>\n<meta property=\"article:modified_time\" content=\"2025-01-23T14:31:44+00:00\" \/>\n<meta property=\"og:image\" content=\"https:\/\/www.meydan.tv\/wp-content\/uploads\/img_1641-scaled-e1733751310135.jpg\" \/>\n\t<meta property=\"og:image:width\" content=\"2560\" \/>\n\t<meta property=\"og:image:height\" content=\"1297\" \/>\n\t<meta property=\"og:image:type\" content=\"image\/jpeg\" \/>\n<meta name=\"author\" content=\"mahmud\" \/>\n<meta name=\"twitter:card\" content=\"summary_large_image\" \/>\n<script type=\"application\/ld+json\" class=\"yoast-schema-graph\">{\"@context\":\"https:\\\/\\\/schema.org\",\"@graph\":[{\"@type\":\"Article\",\"@id\":\"https:\\\/\\\/www.meydan.tv\\\/az\\\/article\\\/meydan-tv-nin-%c9%99m%c9%99kdasi-esl-qacaqmalcilar-olk%c9%99nin-s%c9%99rv%c9%99tl%c9%99rini-talayanlardir\\\/#article\",\"isPartOf\":{\"@id\":\"https:\\\/\\\/www.meydan.tv\\\/az\\\/article\\\/meydan-tv-nin-%c9%99m%c9%99kdasi-esl-qacaqmalcilar-olk%c9%99nin-s%c9%99rv%c9%99tl%c9%99rini-talayanlardir\\\/\"},\"author\":{\"name\":\"mahmud\",\"@id\":\"https:\\\/\\\/www.meydan.tv\\\/az\\\/#\\\/schema\\\/person\\\/09863e516102a829e72bedcf3f84c6b0\"},\"headline\":\"Meydan TV-nin \u0259m\u0259kda\u015f\u0131: \u201c\u018fsl qa\u00e7aqmal\u00e7\u0131lar \u00f6lk\u0259nin s\u0259rv\u0259tl\u0259rini talayanlard\u0131r\u201d\",\"datePublished\":\"2025-01-23T10:07:28+00:00\",\"dateModified\":\"2025-01-23T14:31:44+00:00\",\"mainEntityOfPage\":{\"@id\":\"https:\\\/\\\/www.meydan.tv\\\/az\\\/article\\\/meydan-tv-nin-%c9%99m%c9%99kdasi-esl-qacaqmalcilar-olk%c9%99nin-s%c9%99rv%c9%99tl%c9%99rini-talayanlardir\\\/\"},\"wordCount\":565,\"publisher\":{\"@id\":\"https:\\\/\\\/www.meydan.tv\\\/az\\\/#organization\"},\"image\":{\"@id\":\"https:\\\/\\\/www.meydan.tv\\\/az\\\/article\\\/meydan-tv-nin-%c9%99m%c9%99kdasi-esl-qacaqmalcilar-olk%c9%99nin-s%c9%99rv%c9%99tl%c9%99rini-talayanlardir\\\/#primaryimage\"},\"thumbnailUrl\":\"https:\\\/\\\/www.meydan.tv\\\/wp-content\\\/uploads\\\/img_1641-scaled-e1733751310135.jpg\",\"articleSection\":[\"Meydan TV i\u015fi\",\"Siyas\u0259t\",\"T\u00f6vsiy\u0259\",\"X\u0259b\u0259rl\u0259r\"],\"inLanguage\":\"az\"},{\"@type\":\"WebPage\",\"@id\":\"https:\\\/\\\/www.meydan.tv\\\/az\\\/article\\\/meydan-tv-nin-%c9%99m%c9%99kdasi-esl-qacaqmalcilar-olk%c9%99nin-s%c9%99rv%c9%99tl%c9%99rini-talayanlardir\\\/\",\"url\":\"https:\\\/\\\/www.meydan.tv\\\/az\\\/article\\\/meydan-tv-nin-%c9%99m%c9%99kdasi-esl-qacaqmalcilar-olk%c9%99nin-s%c9%99rv%c9%99tl%c9%99rini-talayanlardir\\\/\",\"name\":\"Meydan TV-nin \u0259m\u0259kda\u015f\u0131: \u201c\u018fsl qa\u00e7aqmal\u00e7\u0131lar \u00f6lk\u0259nin s\u0259rv\u0259tl\u0259rini talayanlard\u0131r\u201d - MEYDAN.TV\",\"isPartOf\":{\"@id\":\"https:\\\/\\\/www.meydan.tv\\\/az\\\/#website\"},\"primaryImageOfPage\":{\"@id\":\"https:\\\/\\\/www.meydan.tv\\\/az\\\/article\\\/meydan-tv-nin-%c9%99m%c9%99kdasi-esl-qacaqmalcilar-olk%c9%99nin-s%c9%99rv%c9%99tl%c9%99rini-talayanlardir\\\/#primaryimage\"},\"image\":{\"@id\":\"https:\\\/\\\/www.meydan.tv\\\/az\\\/article\\\/meydan-tv-nin-%c9%99m%c9%99kdasi-esl-qacaqmalcilar-olk%c9%99nin-s%c9%99rv%c9%99tl%c9%99rini-talayanlardir\\\/#primaryimage\"},\"thumbnailUrl\":\"https:\\\/\\\/www.meydan.tv\\\/wp-content\\\/uploads\\\/img_1641-scaled-e1733751310135.jpg\",\"datePublished\":\"2025-01-23T10:07:28+00:00\",\"dateModified\":\"2025-01-23T14:31:44+00:00\",\"breadcrumb\":{\"@id\":\"https:\\\/\\\/www.meydan.tv\\\/az\\\/article\\\/meydan-tv-nin-%c9%99m%c9%99kdasi-esl-qacaqmalcilar-olk%c9%99nin-s%c9%99rv%c9%99tl%c9%99rini-talayanlardir\\\/#breadcrumb\"},\"inLanguage\":\"az\",\"potentialAction\":[{\"@type\":\"ReadAction\",\"target\":[\"https:\\\/\\\/www.meydan.tv\\\/az\\\/article\\\/meydan-tv-nin-%c9%99m%c9%99kdasi-esl-qacaqmalcilar-olk%c9%99nin-s%c9%99rv%c9%99tl%c9%99rini-talayanlardir\\\/\"]}]},{\"@type\":\"ImageObject\",\"inLanguage\":\"az\",\"@id\":\"https:\\\/\\\/www.meydan.tv\\\/az\\\/article\\\/meydan-tv-nin-%c9%99m%c9%99kdasi-esl-qacaqmalcilar-olk%c9%99nin-s%c9%99rv%c9%99tl%c9%99rini-talayanlardir\\\/#primaryimage\",\"url\":\"https:\\\/\\\/www.meydan.tv\\\/wp-content\\\/uploads\\\/img_1641-scaled-e1733751310135.jpg\",\"contentUrl\":\"https:\\\/\\\/www.meydan.tv\\\/wp-content\\\/uploads\\\/img_1641-scaled-e1733751310135.jpg\",\"width\":2560,\"height\":1297,\"caption\":\"Aytac Tapd\u0131q\"},{\"@type\":\"BreadcrumbList\",\"@id\":\"https:\\\/\\\/www.meydan.tv\\\/az\\\/article\\\/meydan-tv-nin-%c9%99m%c9%99kdasi-esl-qacaqmalcilar-olk%c9%99nin-s%c9%99rv%c9%99tl%c9%99rini-talayanlardir\\\/#breadcrumb\",\"itemListElement\":[{\"@type\":\"ListItem\",\"position\":1,\"name\":\"Ana s\u0259hif\u0259\",\"item\":\"https:\\\/\\\/www.meydan.tv\\\/az\\\/\"},{\"@type\":\"ListItem\",\"position\":2,\"name\":\"Siyas\u0259t\",\"item\":\"https:\\\/\\\/www.meydan.tv\\\/az\\\/section\\\/siyaset\\\/\"},{\"@type\":\"ListItem\",\"position\":3,\"name\":\"Meydan TV-nin \u0259m\u0259kda\u015f\u0131: \u201c\u018fsl qa\u00e7aqmal\u00e7\u0131lar \u00f6lk\u0259nin s\u0259rv\u0259tl\u0259rini talayanlard\u0131r\u201d\"}]},{\"@type\":\"WebSite\",\"@id\":\"https:\\\/\\\/www.meydan.tv\\\/az\\\/#website\",\"url\":\"https:\\\/\\\/www.meydan.tv\\\/az\\\/\",\"name\":\"MEYDAN.TV\",\"description\":\"Meydan TV Az\u0259rbaycan\u0131n media m\u0259kan\u0131ndak\u0131 alternativ s\u0259sidir\",\"publisher\":{\"@id\":\"https:\\\/\\\/www.meydan.tv\\\/az\\\/#organization\"},\"potentialAction\":[{\"@type\":\"SearchAction\",\"target\":{\"@type\":\"EntryPoint\",\"urlTemplate\":\"https:\\\/\\\/www.meydan.tv\\\/az\\\/?s={search_term_string}\"},\"query-input\":{\"@type\":\"PropertyValueSpecification\",\"valueRequired\":true,\"valueName\":\"search_term_string\"}}],\"inLanguage\":\"az\"},{\"@type\":\"Organization\",\"@id\":\"https:\\\/\\\/www.meydan.tv\\\/az\\\/#organization\",\"name\":\"Meydan TV\",\"url\":\"https:\\\/\\\/www.meydan.tv\\\/az\\\/\",\"logo\":{\"@type\":\"ImageObject\",\"inLanguage\":\"az\",\"@id\":\"https:\\\/\\\/www.meydan.tv\\\/az\\\/#\\\/schema\\\/logo\\\/image\\\/\",\"url\":\"https:\\\/\\\/www.meydan.tv\\\/wp-content\\\/uploads\\\/2021\\\/07\\\/meydan-logo.svg\",\"contentUrl\":\"https:\\\/\\\/www.meydan.tv\\\/wp-content\\\/uploads\\\/2021\\\/07\\\/meydan-logo.svg\",\"width\":195,\"height\":46,\"caption\":\"Meydan TV\"},\"image\":{\"@id\":\"https:\\\/\\\/www.meydan.tv\\\/az\\\/#\\\/schema\\\/logo\\\/image\\\/\"}},{\"@type\":\"Person\",\"@id\":\"https:\\\/\\\/www.meydan.tv\\\/az\\\/#\\\/schema\\\/person\\\/09863e516102a829e72bedcf3f84c6b0\",\"name\":\"mahmud\"}]}<\/script>\n<!-- \/ Yoast SEO plugin. -->","yoast_head_json":{"title":"Meydan TV-nin \u0259m\u0259kda\u015f\u0131: \u201c\u018fsl qa\u00e7aqmal\u00e7\u0131lar \u00f6lk\u0259nin s\u0259rv\u0259tl\u0259rini talayanlard\u0131r\u201d - MEYDAN.TV","robots":{"index":"index","follow":"follow","max-snippet":"max-snippet:-1","max-image-preview":"max-image-preview:large","max-video-preview":"max-video-preview:-1"},"canonical":"https:\/\/www.meydan.tv\/az\/article\/meydan-tv-nin-%c9%99m%c9%99kdasi-esl-qacaqmalcilar-olk%c9%99nin-s%c9%99rv%c9%99tl%c9%99rini-talayanlardir\/","og_locale":"az_AZ","og_type":"article","og_title":"Meydan TV-nin \u0259m\u0259kda\u015f\u0131: \u201c\u018fsl qa\u00e7aqmal\u00e7\u0131lar \u00f6lk\u0259nin s\u0259rv\u0259tl\u0259rini talayanlard\u0131r\u201d - MEYDAN.TV","og_description":"&#8220;Qa\u00e7aqmal\u00e7\u0131 olsayd\u0131q, h\u0259bsd\u0259 olmazd\u0131q&#8221; Meydan TV-nin h\u0259bsd\u0259 olan \u0259m\u0259kda\u015flar\u0131ndan Aytac ... Davam\u0131","og_url":"https:\/\/www.meydan.tv\/az\/article\/meydan-tv-nin-%c9%99m%c9%99kdasi-esl-qacaqmalcilar-olk%c9%99nin-s%c9%99rv%c9%99tl%c9%99rini-talayanlardir\/","og_site_name":"MEYDAN.TV","article_published_time":"2025-01-23T10:07:28+00:00","article_modified_time":"2025-01-23T14:31:44+00:00","og_image":[{"width":2560,"height":1297,"url":"https:\/\/www.meydan.tv\/wp-content\/uploads\/img_1641-scaled-e1733751310135.jpg","type":"image\/jpeg"}],"author":"mahmud","twitter_card":"summary_large_image","schema":{"@context":"https:\/\/schema.org","@graph":[{"@type":"Article","@id":"https:\/\/www.meydan.tv\/az\/article\/meydan-tv-nin-%c9%99m%c9%99kdasi-esl-qacaqmalcilar-olk%c9%99nin-s%c9%99rv%c9%99tl%c9%99rini-talayanlardir\/#article","isPartOf":{"@id":"https:\/\/www.meydan.tv\/az\/article\/meydan-tv-nin-%c9%99m%c9%99kdasi-esl-qacaqmalcilar-olk%c9%99nin-s%c9%99rv%c9%99tl%c9%99rini-talayanlardir\/"},"author":{"name":"mahmud","@id":"https:\/\/www.meydan.tv\/az\/#\/schema\/person\/09863e516102a829e72bedcf3f84c6b0"},"headline":"Meydan TV-nin \u0259m\u0259kda\u015f\u0131: \u201c\u018fsl qa\u00e7aqmal\u00e7\u0131lar \u00f6lk\u0259nin s\u0259rv\u0259tl\u0259rini talayanlard\u0131r\u201d","datePublished":"2025-01-23T10:07:28+00:00","dateModified":"2025-01-23T14:31:44+00:00","mainEntityOfPage":{"@id":"https:\/\/www.meydan.tv\/az\/article\/meydan-tv-nin-%c9%99m%c9%99kdasi-esl-qacaqmalcilar-olk%c9%99nin-s%c9%99rv%c9%99tl%c9%99rini-talayanlardir\/"},"wordCount":565,"publisher":{"@id":"https:\/\/www.meydan.tv\/az\/#organization"},"image":{"@id":"https:\/\/www.meydan.tv\/az\/article\/meydan-tv-nin-%c9%99m%c9%99kdasi-esl-qacaqmalcilar-olk%c9%99nin-s%c9%99rv%c9%99tl%c9%99rini-talayanlardir\/#primaryimage"},"thumbnailUrl":"https:\/\/www.meydan.tv\/wp-content\/uploads\/img_1641-scaled-e1733751310135.jpg","articleSection":["Meydan TV i\u015fi","Siyas\u0259t","T\u00f6vsiy\u0259","X\u0259b\u0259rl\u0259r"],"inLanguage":"az"},{"@type":"WebPage","@id":"https:\/\/www.meydan.tv\/az\/article\/meydan-tv-nin-%c9%99m%c9%99kdasi-esl-qacaqmalcilar-olk%c9%99nin-s%c9%99rv%c9%99tl%c9%99rini-talayanlardir\/","url":"https:\/\/www.meydan.tv\/az\/article\/meydan-tv-nin-%c9%99m%c9%99kdasi-esl-qacaqmalcilar-olk%c9%99nin-s%c9%99rv%c9%99tl%c9%99rini-talayanlardir\/","name":"Meydan TV-nin \u0259m\u0259kda\u015f\u0131: \u201c\u018fsl qa\u00e7aqmal\u00e7\u0131lar \u00f6lk\u0259nin s\u0259rv\u0259tl\u0259rini talayanlard\u0131r\u201d - MEYDAN.TV","isPartOf":{"@id":"https:\/\/www.meydan.tv\/az\/#website"},"primaryImageOfPage":{"@id":"https:\/\/www.meydan.tv\/az\/article\/meydan-tv-nin-%c9%99m%c9%99kdasi-esl-qacaqmalcilar-olk%c9%99nin-s%c9%99rv%c9%99tl%c9%99rini-talayanlardir\/#primaryimage"},"image":{"@id":"https:\/\/www.meydan.tv\/az\/article\/meydan-tv-nin-%c9%99m%c9%99kdasi-esl-qacaqmalcilar-olk%c9%99nin-s%c9%99rv%c9%99tl%c9%99rini-talayanlardir\/#primaryimage"},"thumbnailUrl":"https:\/\/www.meydan.tv\/wp-content\/uploads\/img_1641-scaled-e1733751310135.jpg","datePublished":"2025-01-23T10:07:28+00:00","dateModified":"2025-01-23T14:31:44+00:00","breadcrumb":{"@id":"https:\/\/www.meydan.tv\/az\/article\/meydan-tv-nin-%c9%99m%c9%99kdasi-esl-qacaqmalcilar-olk%c9%99nin-s%c9%99rv%c9%99tl%c9%99rini-talayanlardir\/#breadcrumb"},"inLanguage":"az","potentialAction":[{"@type":"ReadAction","target":["https:\/\/www.meydan.tv\/az\/article\/meydan-tv-nin-%c9%99m%c9%99kdasi-esl-qacaqmalcilar-olk%c9%99nin-s%c9%99rv%c9%99tl%c9%99rini-talayanlardir\/"]}]},{"@type":"ImageObject","inLanguage":"az","@id":"https:\/\/www.meydan.tv\/az\/article\/meydan-tv-nin-%c9%99m%c9%99kdasi-esl-qacaqmalcilar-olk%c9%99nin-s%c9%99rv%c9%99tl%c9%99rini-talayanlardir\/#primaryimage","url":"https:\/\/www.meydan.tv\/wp-content\/uploads\/img_1641-scaled-e1733751310135.jpg","contentUrl":"https:\/\/www.meydan.tv\/wp-content\/uploads\/img_1641-scaled-e1733751310135.jpg","width":2560,"height":1297,"caption":"Aytac Tapd\u0131q"},{"@type":"BreadcrumbList","@id":"https:\/\/www.meydan.tv\/az\/article\/meydan-tv-nin-%c9%99m%c9%99kdasi-esl-qacaqmalcilar-olk%c9%99nin-s%c9%99rv%c9%99tl%c9%99rini-talayanlardir\/#breadcrumb","itemListElement":[{"@type":"ListItem","position":1,"name":"Ana s\u0259hif\u0259","item":"https:\/\/www.meydan.tv\/az\/"},{"@type":"ListItem","position":2,"name":"Siyas\u0259t","item":"https:\/\/www.meydan.tv\/az\/section\/siyaset\/"},{"@type":"ListItem","position":3,"name":"Meydan TV-nin \u0259m\u0259kda\u015f\u0131: \u201c\u018fsl qa\u00e7aqmal\u00e7\u0131lar \u00f6lk\u0259nin s\u0259rv\u0259tl\u0259rini talayanlard\u0131r\u201d"}]},{"@type":"WebSite","@id":"https:\/\/www.meydan.tv\/az\/#website","url":"https:\/\/www.meydan.tv\/az\/","name":"MEYDAN.TV","description":"Meydan TV Az\u0259rbaycan\u0131n media m\u0259kan\u0131ndak\u0131 alternativ s\u0259sidir","publisher":{"@id":"https:\/\/www.meydan.tv\/az\/#organization"},"potentialAction":[{"@type":"SearchAction","target":{"@type":"EntryPoint","urlTemplate":"https:\/\/www.meydan.tv\/az\/?s={search_term_string}"},"query-input":{"@type":"PropertyValueSpecification","valueRequired":true,"valueName":"search_term_string"}}],"inLanguage":"az"},{"@type":"Organization","@id":"https:\/\/www.meydan.tv\/az\/#organization","name":"Meydan TV","url":"https:\/\/www.meydan.tv\/az\/","logo":{"@type":"ImageObject","inLanguage":"az","@id":"https:\/\/www.meydan.tv\/az\/#\/schema\/logo\/image\/","url":"https:\/\/www.meydan.tv\/wp-content\/uploads\/2021\/07\/meydan-logo.svg","contentUrl":"https:\/\/www.meydan.tv\/wp-content\/uploads\/2021\/07\/meydan-logo.svg","width":195,"height":46,"caption":"Meydan TV"},"image":{"@id":"https:\/\/www.meydan.tv\/az\/#\/schema\/logo\/image\/"}},{"@type":"Person","@id":"https:\/\/www.meydan.tv\/az\/#\/schema\/person\/09863e516102a829e72bedcf3f84c6b0","name":"mahmud"}]}},"_links":{"self":[{"href":"https:\/\/www.meydan.tv\/az\/wp-json\/wp\/v2\/posts\/325067","targetHints":{"allow":["GET"]}}],"collection":[{"href":"https:\/\/www.meydan.tv\/az\/wp-json\/wp\/v2\/posts"}],"about":[{"href":"https:\/\/www.meydan.tv\/az\/wp-json\/wp\/v2\/types\/post"}],"author":[{"embeddable":true,"href":"https:\/\/www.meydan.tv\/az\/wp-json\/wp\/v2\/users\/21"}],"replies":[{"embeddable":true,"href":"https:\/\/www.meydan.tv\/az\/wp-json\/wp\/v2\/comments?post=325067"}],"version-history":[{"count":1,"href":"https:\/\/www.meydan.tv\/az\/wp-json\/wp\/v2\/posts\/325067\/revisions"}],"predecessor-version":[{"id":325068,"href":"https:\/\/www.meydan.tv\/az\/wp-json\/wp\/v2\/posts\/325067\/revisions\/325068"}],"wp:featuredmedia":[{"embeddable":true,"href":"https:\/\/www.meydan.tv\/az\/wp-json\/wp\/v2\/media\/322450"}],"wp:attachment":[{"href":"https:\/\/www.meydan.tv\/az\/wp-json\/wp\/v2\/media?parent=325067"}],"wp:term":[{"taxonomy":"category","embeddable":true,"href":"https:\/\/www.meydan.tv\/az\/wp-json\/wp\/v2\/categories?post=325067"},{"taxonomy":"post_tag","embeddable":true,"href":"https:\/\/www.meydan.tv\/az\/wp-json\/wp\/v2\/tags?post=325067"}],"curies":[{"name":"wp","href":"https:\/\/api.w.org\/{rel}","templated":true}]}}