{"id":325056,"date":"2025-01-23T11:12:42","date_gmt":"2025-01-23T07:12:42","guid":{"rendered":"https:\/\/www.meydan.tv\/?p=325056"},"modified":"2025-01-23T11:12:45","modified_gmt":"2025-01-23T07:12:45","slug":"bandotdelin-saxladigi-jurnalist-m%c9%99murun-qardasi-ogludur","status":"publish","type":"post","link":"https:\/\/www.meydan.tv\/az\/article\/bandotdelin-saxladigi-jurnalist-m%c9%99murun-qardasi-ogludur\/","title":{"rendered":"&#8220;Bandotdel&#8221;in saxlad\u0131\u011f\u0131 jurnalist m\u0259murun qarda\u015f\u0131 o\u011fludur"},"content":{"rendered":"\n<p><\/p>\n\n\n\n<p><em><strong>R\u0259\u015fad \u015eahbazov h\u0259d\u0259-qorxu il\u0259 pul t\u0259l\u0259betm\u0259d\u0259 ittiham olunur<\/strong><\/em><\/p>\n\n\n\n<p>\u201cBa\u015f Kanal Media Group\u201d adl\u0131 Youtube kanal\u0131n\u0131n r\u0259hb\u0259ri R\u0259\u015fad \u015eahbazov h\u0259bs edilib.<\/p>\n\n\n\n<p>O, Daxili \u0130\u015fl\u0259r Nazirliyinin (D\u0130N) Ba\u015f M\u00fct\u0259\u015f\u0259kkil Cinay\u0259tkarl\u0131qla M\u00fcbariz\u0259 \u0130dar\u0259si (&#8220;Bandotdel&#8221;) t\u0259r\u0259find\u0259n saxlan\u0131l\u0131b.<\/p>\n\n\n\n<p>\u0130ddia olunur ki, R\u0259\u015fad \u015eahbazov haqq\u0131nda idar\u0259y\u0259 \u015fikay\u0259tl\u0259r daxil olub.<\/p>\n\n\n\n<p>Onun h\u0259min \u015fikay\u0259tl\u0259r \u0259sas\u0131nda h\u0259yata ke\u00e7irilmi\u015f \u0259m\u0259liyyat n\u0259tic\u0259sind\u0259 saxlan\u0131ld\u0131\u011f\u0131 bildirilir.<\/p>\n\n\n\n<p>\u0130nternet kanal\u0131n\u0131n t\u0259sis\u00e7isi v\u0259 apar\u0131c\u0131s\u0131 m\u00fcxt\u0259lif adamlar\u0131 r\u00fcsvayedici materiallar yaymaqla h\u0259d\u0259l\u0259yib, onlardan pul almaqda ittiham olunur.<\/p>\n\n\n\n<p>R\u0259\u015fad \u015eahbazova Cinay\u0259t M\u0259c\u0259ll\u0259sinin 182-ci (h\u0259d\u0259-qorxu il\u0259 t\u0259l\u0259betm\u0259) madd\u0259sil\u0259 ittiham verilib.<\/p>\n\n\n\n<p>Onun \u00f6z\u00fcn\u00fcn v\u0259 yax\u0131nlar\u0131n\u0131n bu ittihama m\u00fcnasib\u0259ti m\u0259lum deyil.<\/p>\n\n\n\n<p>R\u0259\u015fad \u015eahbazov bir ne\u00e7\u0259 g\u00fcn \u0259vv\u0259l r\u0259hb\u0259rlik etdiyi kanalda x\u0259b\u0259r vermi\u015fdi ki, polis idar\u0259sin\u0259 \u00e7a\u011f\u0131r\u0131l\u0131b.<\/p>\n\n\n\n<p>Meydan TV-nin \u0259ld\u0259 etdiyi m\u0259lumata g\u00f6r\u0259, R\u0259\u015fad \u015eahbazov \u018fmlak M\u0259s\u0259l\u0259l\u0259ri D\u00f6vl\u0259t Xidm\u0259tinin r\u0259is m\u00fcavini R\u00fcst\u0259m \u015eahbazovun qarda\u015f\u0131 o\u011fludur.<\/p>\n","protected":false},"excerpt":{"rendered":"<p>R\u0259\u015fad \u015eahbazov h\u0259d\u0259-qorxu il\u0259 pul t\u0259l\u0259betm\u0259d\u0259 ittiham olunur \u201cBa\u015f Kanal &#8230; <\/p>\n<p class=\"read-more-container\"><a title=\"&#8220;Bandotdel&#8221;in saxlad\u0131\u011f\u0131 jurnalist m\u0259murun qarda\u015f\u0131 o\u011fludur\" class=\"read-more button\" href=\"https:\/\/www.meydan.tv\/az\/article\/bandotdelin-saxladigi-jurnalist-m%c9%99murun-qardasi-ogludur\/#more-325056\" aria-label=\"Read more about &#8220;Bandotdel&#8221;in saxlad\u0131\u011f\u0131 jurnalist m\u0259murun qarda\u015f\u0131 o\u011fludur\">Davam\u0131<\/a><\/p>\n","protected":false},"author":21,"featured_media":325057,"comment_status":"closed","ping_status":"closed","sticky":false,"template":"","format":"standard","meta":{"_acf_changed":false,"_sitemap_exclude":false,"_sitemap_priority":"","_sitemap_frequency":"","footnotes":""},"categories":[62,56],"tags":[],"class_list":["post-325056","post","type-post","status-publish","format-standard","has-post-thumbnail","hentry","category-sosial","category-xeberler","infinite-scroll-item","generate-columns","tablet-grid-50","mobile-grid-100","grid-parent","grid-33","no-featured-image-padding"],"acf":[],"yoast_head":"<!-- This site is optimized with the Yoast SEO plugin v27.4 - https:\/\/yoast.com\/product\/yoast-seo-wordpress\/ -->\n<title>&quot;Bandotdel&quot;in saxlad\u0131\u011f\u0131 jurnalist m\u0259murun qarda\u015f\u0131 o\u011fludur - MEYDAN.TV<\/title>\n<meta name=\"robots\" content=\"index, follow, max-snippet:-1, max-image-preview:large, max-video-preview:-1\" \/>\n<link rel=\"canonical\" href=\"https:\/\/www.meydan.tv\/az\/article\/bandotdelin-saxladigi-jurnalist-m%c9%99murun-qardasi-ogludur\/\" \/>\n<meta property=\"og:locale\" content=\"az_AZ\" \/>\n<meta property=\"og:type\" content=\"article\" \/>\n<meta property=\"og:title\" content=\"&quot;Bandotdel&quot;in saxlad\u0131\u011f\u0131 jurnalist m\u0259murun qarda\u015f\u0131 o\u011fludur - MEYDAN.TV\" \/>\n<meta property=\"og:description\" content=\"R\u0259\u015fad \u015eahbazov h\u0259d\u0259-qorxu il\u0259 pul t\u0259l\u0259betm\u0259d\u0259 ittiham olunur \u201cBa\u015f Kanal ... Davam\u0131\" \/>\n<meta property=\"og:url\" content=\"https:\/\/www.meydan.tv\/az\/article\/bandotdelin-saxladigi-jurnalist-m%c9%99murun-qardasi-ogludur\/\" \/>\n<meta property=\"og:site_name\" content=\"MEYDAN.TV\" \/>\n<meta property=\"article:published_time\" content=\"2025-01-23T07:12:42+00:00\" \/>\n<meta property=\"article:modified_time\" content=\"2025-01-23T07:12:45+00:00\" \/>\n<meta property=\"og:image\" content=\"https:\/\/www.meydan.tv\/wp-content\/uploads\/sddefault-3.jpg\" \/>\n\t<meta property=\"og:image:width\" content=\"640\" \/>\n\t<meta property=\"og:image:height\" content=\"480\" \/>\n\t<meta property=\"og:image:type\" content=\"image\/jpeg\" \/>\n<meta name=\"author\" content=\"mahmud\" \/>\n<meta name=\"twitter:card\" content=\"summary_large_image\" \/>\n<script type=\"application\/ld+json\" class=\"yoast-schema-graph\">{\"@context\":\"https:\\\/\\\/schema.org\",\"@graph\":[{\"@type\":\"Article\",\"@id\":\"https:\\\/\\\/www.meydan.tv\\\/az\\\/article\\\/bandotdelin-saxladigi-jurnalist-m%c9%99murun-qardasi-ogludur\\\/#article\",\"isPartOf\":{\"@id\":\"https:\\\/\\\/www.meydan.tv\\\/az\\\/article\\\/bandotdelin-saxladigi-jurnalist-m%c9%99murun-qardasi-ogludur\\\/\"},\"author\":{\"name\":\"mahmud\",\"@id\":\"https:\\\/\\\/www.meydan.tv\\\/az\\\/#\\\/schema\\\/person\\\/09863e516102a829e72bedcf3f84c6b0\"},\"headline\":\"&#8220;Bandotdel&#8221;in saxlad\u0131\u011f\u0131 jurnalist m\u0259murun qarda\u015f\u0131 o\u011fludur\",\"datePublished\":\"2025-01-23T07:12:42+00:00\",\"dateModified\":\"2025-01-23T07:12:45+00:00\",\"mainEntityOfPage\":{\"@id\":\"https:\\\/\\\/www.meydan.tv\\\/az\\\/article\\\/bandotdelin-saxladigi-jurnalist-m%c9%99murun-qardasi-ogludur\\\/\"},\"wordCount\":228,\"publisher\":{\"@id\":\"https:\\\/\\\/www.meydan.tv\\\/az\\\/#organization\"},\"image\":{\"@id\":\"https:\\\/\\\/www.meydan.tv\\\/az\\\/article\\\/bandotdelin-saxladigi-jurnalist-m%c9%99murun-qardasi-ogludur\\\/#primaryimage\"},\"thumbnailUrl\":\"https:\\\/\\\/www.meydan.tv\\\/wp-content\\\/uploads\\\/sddefault-3.jpg\",\"articleSection\":[\"Sosial\",\"X\u0259b\u0259rl\u0259r\"],\"inLanguage\":\"az\"},{\"@type\":\"WebPage\",\"@id\":\"https:\\\/\\\/www.meydan.tv\\\/az\\\/article\\\/bandotdelin-saxladigi-jurnalist-m%c9%99murun-qardasi-ogludur\\\/\",\"url\":\"https:\\\/\\\/www.meydan.tv\\\/az\\\/article\\\/bandotdelin-saxladigi-jurnalist-m%c9%99murun-qardasi-ogludur\\\/\",\"name\":\"\\\"Bandotdel\\\"in saxlad\u0131\u011f\u0131 jurnalist m\u0259murun qarda\u015f\u0131 o\u011fludur - MEYDAN.TV\",\"isPartOf\":{\"@id\":\"https:\\\/\\\/www.meydan.tv\\\/az\\\/#website\"},\"primaryImageOfPage\":{\"@id\":\"https:\\\/\\\/www.meydan.tv\\\/az\\\/article\\\/bandotdelin-saxladigi-jurnalist-m%c9%99murun-qardasi-ogludur\\\/#primaryimage\"},\"image\":{\"@id\":\"https:\\\/\\\/www.meydan.tv\\\/az\\\/article\\\/bandotdelin-saxladigi-jurnalist-m%c9%99murun-qardasi-ogludur\\\/#primaryimage\"},\"thumbnailUrl\":\"https:\\\/\\\/www.meydan.tv\\\/wp-content\\\/uploads\\\/sddefault-3.jpg\",\"datePublished\":\"2025-01-23T07:12:42+00:00\",\"dateModified\":\"2025-01-23T07:12:45+00:00\",\"breadcrumb\":{\"@id\":\"https:\\\/\\\/www.meydan.tv\\\/az\\\/article\\\/bandotdelin-saxladigi-jurnalist-m%c9%99murun-qardasi-ogludur\\\/#breadcrumb\"},\"inLanguage\":\"az\",\"potentialAction\":[{\"@type\":\"ReadAction\",\"target\":[\"https:\\\/\\\/www.meydan.tv\\\/az\\\/article\\\/bandotdelin-saxladigi-jurnalist-m%c9%99murun-qardasi-ogludur\\\/\"]}]},{\"@type\":\"ImageObject\",\"inLanguage\":\"az\",\"@id\":\"https:\\\/\\\/www.meydan.tv\\\/az\\\/article\\\/bandotdelin-saxladigi-jurnalist-m%c9%99murun-qardasi-ogludur\\\/#primaryimage\",\"url\":\"https:\\\/\\\/www.meydan.tv\\\/wp-content\\\/uploads\\\/sddefault-3.jpg\",\"contentUrl\":\"https:\\\/\\\/www.meydan.tv\\\/wp-content\\\/uploads\\\/sddefault-3.jpg\",\"width\":640,\"height\":480,\"caption\":\"Foto: \u201cBa\u015f Kanal Media Group\u201d adl\u0131 Youtube kanal\u0131\"},{\"@type\":\"BreadcrumbList\",\"@id\":\"https:\\\/\\\/www.meydan.tv\\\/az\\\/article\\\/bandotdelin-saxladigi-jurnalist-m%c9%99murun-qardasi-ogludur\\\/#breadcrumb\",\"itemListElement\":[{\"@type\":\"ListItem\",\"position\":1,\"name\":\"Ana s\u0259hif\u0259\",\"item\":\"https:\\\/\\\/www.meydan.tv\\\/az\\\/\"},{\"@type\":\"ListItem\",\"position\":2,\"name\":\"Sosial\",\"item\":\"https:\\\/\\\/www.meydan.tv\\\/az\\\/section\\\/sosial\\\/\"},{\"@type\":\"ListItem\",\"position\":3,\"name\":\"&#8220;Bandotdel&#8221;in saxlad\u0131\u011f\u0131 jurnalist m\u0259murun qarda\u015f\u0131 o\u011fludur\"}]},{\"@type\":\"WebSite\",\"@id\":\"https:\\\/\\\/www.meydan.tv\\\/az\\\/#website\",\"url\":\"https:\\\/\\\/www.meydan.tv\\\/az\\\/\",\"name\":\"MEYDAN.TV\",\"description\":\"Meydan TV Az\u0259rbaycan\u0131n media m\u0259kan\u0131ndak\u0131 alternativ s\u0259sidir\",\"publisher\":{\"@id\":\"https:\\\/\\\/www.meydan.tv\\\/az\\\/#organization\"},\"potentialAction\":[{\"@type\":\"SearchAction\",\"target\":{\"@type\":\"EntryPoint\",\"urlTemplate\":\"https:\\\/\\\/www.meydan.tv\\\/az\\\/?s={search_term_string}\"},\"query-input\":{\"@type\":\"PropertyValueSpecification\",\"valueRequired\":true,\"valueName\":\"search_term_string\"}}],\"inLanguage\":\"az\"},{\"@type\":\"Organization\",\"@id\":\"https:\\\/\\\/www.meydan.tv\\\/az\\\/#organization\",\"name\":\"Meydan TV\",\"url\":\"https:\\\/\\\/www.meydan.tv\\\/az\\\/\",\"logo\":{\"@type\":\"ImageObject\",\"inLanguage\":\"az\",\"@id\":\"https:\\\/\\\/www.meydan.tv\\\/az\\\/#\\\/schema\\\/logo\\\/image\\\/\",\"url\":\"https:\\\/\\\/www.meydan.tv\\\/wp-content\\\/uploads\\\/2021\\\/07\\\/meydan-logo.svg\",\"contentUrl\":\"https:\\\/\\\/www.meydan.tv\\\/wp-content\\\/uploads\\\/2021\\\/07\\\/meydan-logo.svg\",\"width\":195,\"height\":46,\"caption\":\"Meydan TV\"},\"image\":{\"@id\":\"https:\\\/\\\/www.meydan.tv\\\/az\\\/#\\\/schema\\\/logo\\\/image\\\/\"}},{\"@type\":\"Person\",\"@id\":\"https:\\\/\\\/www.meydan.tv\\\/az\\\/#\\\/schema\\\/person\\\/09863e516102a829e72bedcf3f84c6b0\",\"name\":\"mahmud\"}]}<\/script>\n<!-- \/ Yoast SEO plugin. -->","yoast_head_json":{"title":"\"Bandotdel\"in saxlad\u0131\u011f\u0131 jurnalist m\u0259murun qarda\u015f\u0131 o\u011fludur - MEYDAN.TV","robots":{"index":"index","follow":"follow","max-snippet":"max-snippet:-1","max-image-preview":"max-image-preview:large","max-video-preview":"max-video-preview:-1"},"canonical":"https:\/\/www.meydan.tv\/az\/article\/bandotdelin-saxladigi-jurnalist-m%c9%99murun-qardasi-ogludur\/","og_locale":"az_AZ","og_type":"article","og_title":"\"Bandotdel\"in saxlad\u0131\u011f\u0131 jurnalist m\u0259murun qarda\u015f\u0131 o\u011fludur - MEYDAN.TV","og_description":"R\u0259\u015fad \u015eahbazov h\u0259d\u0259-qorxu il\u0259 pul t\u0259l\u0259betm\u0259d\u0259 ittiham olunur \u201cBa\u015f Kanal ... Davam\u0131","og_url":"https:\/\/www.meydan.tv\/az\/article\/bandotdelin-saxladigi-jurnalist-m%c9%99murun-qardasi-ogludur\/","og_site_name":"MEYDAN.TV","article_published_time":"2025-01-23T07:12:42+00:00","article_modified_time":"2025-01-23T07:12:45+00:00","og_image":[{"width":640,"height":480,"url":"https:\/\/www.meydan.tv\/wp-content\/uploads\/sddefault-3.jpg","type":"image\/jpeg"}],"author":"mahmud","twitter_card":"summary_large_image","schema":{"@context":"https:\/\/schema.org","@graph":[{"@type":"Article","@id":"https:\/\/www.meydan.tv\/az\/article\/bandotdelin-saxladigi-jurnalist-m%c9%99murun-qardasi-ogludur\/#article","isPartOf":{"@id":"https:\/\/www.meydan.tv\/az\/article\/bandotdelin-saxladigi-jurnalist-m%c9%99murun-qardasi-ogludur\/"},"author":{"name":"mahmud","@id":"https:\/\/www.meydan.tv\/az\/#\/schema\/person\/09863e516102a829e72bedcf3f84c6b0"},"headline":"&#8220;Bandotdel&#8221;in saxlad\u0131\u011f\u0131 jurnalist m\u0259murun qarda\u015f\u0131 o\u011fludur","datePublished":"2025-01-23T07:12:42+00:00","dateModified":"2025-01-23T07:12:45+00:00","mainEntityOfPage":{"@id":"https:\/\/www.meydan.tv\/az\/article\/bandotdelin-saxladigi-jurnalist-m%c9%99murun-qardasi-ogludur\/"},"wordCount":228,"publisher":{"@id":"https:\/\/www.meydan.tv\/az\/#organization"},"image":{"@id":"https:\/\/www.meydan.tv\/az\/article\/bandotdelin-saxladigi-jurnalist-m%c9%99murun-qardasi-ogludur\/#primaryimage"},"thumbnailUrl":"https:\/\/www.meydan.tv\/wp-content\/uploads\/sddefault-3.jpg","articleSection":["Sosial","X\u0259b\u0259rl\u0259r"],"inLanguage":"az"},{"@type":"WebPage","@id":"https:\/\/www.meydan.tv\/az\/article\/bandotdelin-saxladigi-jurnalist-m%c9%99murun-qardasi-ogludur\/","url":"https:\/\/www.meydan.tv\/az\/article\/bandotdelin-saxladigi-jurnalist-m%c9%99murun-qardasi-ogludur\/","name":"\"Bandotdel\"in saxlad\u0131\u011f\u0131 jurnalist m\u0259murun qarda\u015f\u0131 o\u011fludur - MEYDAN.TV","isPartOf":{"@id":"https:\/\/www.meydan.tv\/az\/#website"},"primaryImageOfPage":{"@id":"https:\/\/www.meydan.tv\/az\/article\/bandotdelin-saxladigi-jurnalist-m%c9%99murun-qardasi-ogludur\/#primaryimage"},"image":{"@id":"https:\/\/www.meydan.tv\/az\/article\/bandotdelin-saxladigi-jurnalist-m%c9%99murun-qardasi-ogludur\/#primaryimage"},"thumbnailUrl":"https:\/\/www.meydan.tv\/wp-content\/uploads\/sddefault-3.jpg","datePublished":"2025-01-23T07:12:42+00:00","dateModified":"2025-01-23T07:12:45+00:00","breadcrumb":{"@id":"https:\/\/www.meydan.tv\/az\/article\/bandotdelin-saxladigi-jurnalist-m%c9%99murun-qardasi-ogludur\/#breadcrumb"},"inLanguage":"az","potentialAction":[{"@type":"ReadAction","target":["https:\/\/www.meydan.tv\/az\/article\/bandotdelin-saxladigi-jurnalist-m%c9%99murun-qardasi-ogludur\/"]}]},{"@type":"ImageObject","inLanguage":"az","@id":"https:\/\/www.meydan.tv\/az\/article\/bandotdelin-saxladigi-jurnalist-m%c9%99murun-qardasi-ogludur\/#primaryimage","url":"https:\/\/www.meydan.tv\/wp-content\/uploads\/sddefault-3.jpg","contentUrl":"https:\/\/www.meydan.tv\/wp-content\/uploads\/sddefault-3.jpg","width":640,"height":480,"caption":"Foto: \u201cBa\u015f Kanal Media Group\u201d adl\u0131 Youtube kanal\u0131"},{"@type":"BreadcrumbList","@id":"https:\/\/www.meydan.tv\/az\/article\/bandotdelin-saxladigi-jurnalist-m%c9%99murun-qardasi-ogludur\/#breadcrumb","itemListElement":[{"@type":"ListItem","position":1,"name":"Ana s\u0259hif\u0259","item":"https:\/\/www.meydan.tv\/az\/"},{"@type":"ListItem","position":2,"name":"Sosial","item":"https:\/\/www.meydan.tv\/az\/section\/sosial\/"},{"@type":"ListItem","position":3,"name":"&#8220;Bandotdel&#8221;in saxlad\u0131\u011f\u0131 jurnalist m\u0259murun qarda\u015f\u0131 o\u011fludur"}]},{"@type":"WebSite","@id":"https:\/\/www.meydan.tv\/az\/#website","url":"https:\/\/www.meydan.tv\/az\/","name":"MEYDAN.TV","description":"Meydan TV Az\u0259rbaycan\u0131n media m\u0259kan\u0131ndak\u0131 alternativ s\u0259sidir","publisher":{"@id":"https:\/\/www.meydan.tv\/az\/#organization"},"potentialAction":[{"@type":"SearchAction","target":{"@type":"EntryPoint","urlTemplate":"https:\/\/www.meydan.tv\/az\/?s={search_term_string}"},"query-input":{"@type":"PropertyValueSpecification","valueRequired":true,"valueName":"search_term_string"}}],"inLanguage":"az"},{"@type":"Organization","@id":"https:\/\/www.meydan.tv\/az\/#organization","name":"Meydan TV","url":"https:\/\/www.meydan.tv\/az\/","logo":{"@type":"ImageObject","inLanguage":"az","@id":"https:\/\/www.meydan.tv\/az\/#\/schema\/logo\/image\/","url":"https:\/\/www.meydan.tv\/wp-content\/uploads\/2021\/07\/meydan-logo.svg","contentUrl":"https:\/\/www.meydan.tv\/wp-content\/uploads\/2021\/07\/meydan-logo.svg","width":195,"height":46,"caption":"Meydan TV"},"image":{"@id":"https:\/\/www.meydan.tv\/az\/#\/schema\/logo\/image\/"}},{"@type":"Person","@id":"https:\/\/www.meydan.tv\/az\/#\/schema\/person\/09863e516102a829e72bedcf3f84c6b0","name":"mahmud"}]}},"_links":{"self":[{"href":"https:\/\/www.meydan.tv\/az\/wp-json\/wp\/v2\/posts\/325056","targetHints":{"allow":["GET"]}}],"collection":[{"href":"https:\/\/www.meydan.tv\/az\/wp-json\/wp\/v2\/posts"}],"about":[{"href":"https:\/\/www.meydan.tv\/az\/wp-json\/wp\/v2\/types\/post"}],"author":[{"embeddable":true,"href":"https:\/\/www.meydan.tv\/az\/wp-json\/wp\/v2\/users\/21"}],"replies":[{"embeddable":true,"href":"https:\/\/www.meydan.tv\/az\/wp-json\/wp\/v2\/comments?post=325056"}],"version-history":[{"count":1,"href":"https:\/\/www.meydan.tv\/az\/wp-json\/wp\/v2\/posts\/325056\/revisions"}],"predecessor-version":[{"id":325060,"href":"https:\/\/www.meydan.tv\/az\/wp-json\/wp\/v2\/posts\/325056\/revisions\/325060"}],"wp:featuredmedia":[{"embeddable":true,"href":"https:\/\/www.meydan.tv\/az\/wp-json\/wp\/v2\/media\/325057"}],"wp:attachment":[{"href":"https:\/\/www.meydan.tv\/az\/wp-json\/wp\/v2\/media?parent=325056"}],"wp:term":[{"taxonomy":"category","embeddable":true,"href":"https:\/\/www.meydan.tv\/az\/wp-json\/wp\/v2\/categories?post=325056"},{"taxonomy":"post_tag","embeddable":true,"href":"https:\/\/www.meydan.tv\/az\/wp-json\/wp\/v2\/tags?post=325056"}],"curies":[{"name":"wp","href":"https:\/\/api.w.org\/{rel}","templated":true}]}}