{"id":325044,"date":"2025-01-22T21:23:43","date_gmt":"2025-01-22T17:23:43","guid":{"rendered":"https:\/\/www.meydan.tv\/?p=325044"},"modified":"2025-01-22T21:23:45","modified_gmt":"2025-01-22T17:23:45","slug":"b%c9%99l%c9%99diyy%c9%99-seckil%c9%99rin%c9%99-namiz%c9%99d-%c9%99ng%c9%99ll%c9%99rl%c9%99-uzl%c9%99sdiyini-deyir","status":"publish","type":"post","link":"https:\/\/www.meydan.tv\/az\/article\/b%c9%99l%c9%99diyy%c9%99-seckil%c9%99rin%c9%99-namiz%c9%99d-%c9%99ng%c9%99ll%c9%99rl%c9%99-uzl%c9%99sdiyini-deyir\/","title":{"rendered":"B\u0259l\u0259diyy\u0259 se\u00e7kil\u0259rin\u0259 namiz\u0259d \u0259ng\u0259ll\u0259rl\u0259 \u00fczl\u0259\u015fdiyini deyir"},"content":{"rendered":"\n<figure class=\"wp-block-embed is-type-video is-provider-youtube wp-block-embed-youtube wp-embed-aspect-4-3 wp-has-aspect-ratio\"><div class=\"wp-block-embed__wrapper\">\n<iframe title=\"B\u0259l\u0259diyy\u0259 se\u00e7kil\u0259rin\u0259 namiz\u0259d \u0259ng\u0259ll\u0259rl\u0259 \u00fczl\u0259\u015fdiyini deyir\" width=\"1200\" height=\"675\" data-src=\"https:\/\/www.youtube.com\/embed\/exlxHILXS74?feature=oembed\" frameborder=\"0\" allow=\"accelerometer; autoplay; clipboard-write; encrypted-media; gyroscope; picture-in-picture; web-share\" referrerpolicy=\"strict-origin-when-cross-origin\" allowfullscreen src=\"data:image\/svg+xml;base64,PHN2ZyB3aWR0aD0iMSIgaGVpZ2h0PSIxIiB4bWxucz0iaHR0cDovL3d3dy53My5vcmcvMjAwMC9zdmciPjwvc3ZnPg==\" class=\"lazyload\" data-load-mode=\"1\"><\/iframe>\n<\/div><\/figure>\n\n\n\n<p><\/p>\n\n\n\n<p>Yanvar\u0131n 29-da Az\u0259rbaycanda b\u0259l\u0259diyy\u0259 se\u00e7kil\u0259ri ke\u00e7iril\u0259c\u0259k.&nbsp;<\/p>\n\n\n\n<p>23 sayl\u0131 N\u0259simi-S\u0259bail dair\u0259sind\u0259n namiz\u0259d C\u0259mil\u0259 \u018fli\u015feva deyir ki, o, dekabr\u0131n ortalar\u0131nda namiz\u0259dliyini verib v\u0259 ilk g\u00fcnd\u0259n etibar\u0259n \u0259ng\u0259ll\u0259rl\u0259, kobud r\u0259ftarla \u00fczl\u0259\u015fir.&nbsp;<\/p>\n\n\n\n<p>Dediyin\u0259 g\u00f6r\u0259, namiz\u0259dliyini verdiyi ilk g\u00fcn ona: <em>&#8220;Bura sizi kim g\u00f6nd\u0259rib?&#8221;<\/em> &#8211; sual\u0131 verilib.<\/p>\n\n\n\n<p>Daha sonra Dair\u0259 se\u00e7ki komissiyas\u0131n\u0131n s\u0259dri A\u011fabala Quliyev ona t\u0259l\u0259b\u0259 oldu\u011fu \u00fc\u00e7\u00fcn namiz\u0259d ola bilm\u0259y\u0259c\u0259yini deyib.<\/p>\n\n\n\n<p>Ona g\u00f6r\u0259 d\u0259 t\u0259hsil ald\u0131\u011f\u0131 universitetd\u0259n aray\u0131\u015f g\u0259tirm\u0259sini t\u0259l\u0259b edib.&nbsp;<\/p>\n\n\n\n<p>\u018fli\u015feva bel\u0259 bir mane\u0259nin olmad\u0131\u011f\u0131n\u0131 \u00f6yr\u0259ndikd\u0259n v\u0259 bunu bildirdikd\u0259n sonra is\u0259 ona qar\u015f\u0131 b\u00fcrokratik \u0259ng\u0259ll\u0259r yarad\u0131l\u0131b.&nbsp;<\/p>\n\n\n\n<p>Namiz\u0259din s\u00f6zl\u0259rin\u0259 g\u00f6r\u0259, \u015f\u0259xsind\u0259n o q\u0259d\u0259r laz\u0131ms\u0131z bank s\u0259n\u0259dl\u0259ri t\u0259l\u0259b edilib ki, bu m\u0259s\u0259l\u0259y\u0259 h\u0259tta bank \u0259m\u0259kda\u015flar\u0131 bel\u0259 t\u0259\u0259cc\u00fcbl\u0259nib.<\/p>\n\n\n\n<p>Bank \u0259m\u0259kda\u015flar\u0131 ona indiy\u0259 q\u0259d\u0259r bel\u0259 bir halla \u00fczl\u0259\u015fm\u0259dikl\u0259rini deyibl\u0259r.&nbsp;<\/p>\n\n\n\n<p>C.\u018fli\u015feva bildirir ki, \u0259ng\u0259ll\u0259r bununla da yekunla\u015fmay\u0131b.&nbsp;<\/p>\n\n\n\n<p>Namiz\u0259din v\u0259kili r\u0259smi n\u00fcmay\u0259nd\u0259lik v\u0259siq\u0259sini g\u00f6t\u00fcrm\u0259k ist\u0259y\u0259rk\u0259n A\u011fabala Quliyev bundan imtina edib.&nbsp;<\/p>\n\n\n\n<p>Yaln\u0131z namiz\u0259d m\u0259s\u0259l\u0259yl\u0259 ba\u011fl\u0131 etiraz aksiyas\u0131 ke\u00e7irdikd\u0259n sonra r\u0259smi n\u00fcmay\u0259nd\u0259 v\u0259siq\u0259sini ala bilib.&nbsp;<\/p>\n\n\n\n<p>C\u0259mil\u0259 \u018fli\u015feva deyir ki, m\u00fc\u015fahid\u0259\u00e7il\u0259r \u0259riz\u0259 v\u0259 dig\u0259r s\u0259n\u0259dl\u0259ri Dair\u0259 se\u00e7ki komissiyas\u0131na t\u0259qdim ed\u0259rk\u0259n yen\u0259 imtina il\u0259 \u00fczl\u0259\u015fibl\u0259r.\u00a0<\/p>\n\n\n\n<p>Onlara limitin doldu\u011fu bildirilib.&nbsp;<\/p>\n\n\n\n<p>Onun s\u00f6zl\u0259rin\u0259 g\u00f6r\u0259, A\u011fabala Quliyev \u0259raziy\u0259 post patrul xidm\u0259tinin \u0259m\u0259kda\u015flar\u0131n\u0131 \u00e7a\u011f\u0131raca\u011f\u0131 v\u0259 onu h\u0259bs etdir\u0259c\u0259yi il\u0259 h\u0259d\u0259l\u0259yib.<\/p>\n","protected":false},"excerpt":{"rendered":"<p>Yanvar\u0131n 29-da Az\u0259rbaycanda b\u0259l\u0259diyy\u0259 se\u00e7kil\u0259ri ke\u00e7iril\u0259c\u0259k.&nbsp; 23 sayl\u0131 N\u0259simi-S\u0259bail dair\u0259sind\u0259n &#8230; <\/p>\n<p class=\"read-more-container\"><a title=\"B\u0259l\u0259diyy\u0259 se\u00e7kil\u0259rin\u0259 namiz\u0259d \u0259ng\u0259ll\u0259rl\u0259 \u00fczl\u0259\u015fdiyini deyir\" class=\"read-more button\" href=\"https:\/\/www.meydan.tv\/az\/article\/b%c9%99l%c9%99diyy%c9%99-seckil%c9%99rin%c9%99-namiz%c9%99d-%c9%99ng%c9%99ll%c9%99rl%c9%99-uzl%c9%99sdiyini-deyir\/#more-325044\" aria-label=\"Read more about B\u0259l\u0259diyy\u0259 se\u00e7kil\u0259rin\u0259 namiz\u0259d \u0259ng\u0259ll\u0259rl\u0259 \u00fczl\u0259\u015fdiyini deyir\">Davam\u0131<\/a><\/p>\n","protected":false},"author":12,"featured_media":325046,"comment_status":"closed","ping_status":"closed","sticky":false,"template":"","format":"standard","meta":{"_acf_changed":false,"_sitemap_exclude":false,"_sitemap_priority":"","_sitemap_frequency":"","footnotes":""},"categories":[59,79,63,56],"tags":[],"class_list":["post-325044","post","type-post","status-publish","format-standard","has-post-thumbnail","hentry","category-siyaset","category-featured","category-video-2","category-xeberler","infinite-scroll-item","generate-columns","tablet-grid-50","mobile-grid-100","grid-parent","grid-33","no-featured-image-padding"],"acf":[],"yoast_head":"<!-- This site is optimized with the Yoast SEO plugin v27.4 - https:\/\/yoast.com\/product\/yoast-seo-wordpress\/ -->\n<title>B\u0259l\u0259diyy\u0259 se\u00e7kil\u0259rin\u0259 namiz\u0259d \u0259ng\u0259ll\u0259rl\u0259 \u00fczl\u0259\u015fdiyini deyir - MEYDAN.TV<\/title>\n<meta name=\"robots\" content=\"index, follow, max-snippet:-1, max-image-preview:large, max-video-preview:-1\" \/>\n<link rel=\"canonical\" href=\"https:\/\/www.meydan.tv\/az\/article\/b%c9%99l%c9%99diyy%c9%99-seckil%c9%99rin%c9%99-namiz%c9%99d-%c9%99ng%c9%99ll%c9%99rl%c9%99-uzl%c9%99sdiyini-deyir\/\" \/>\n<meta property=\"og:locale\" content=\"az_AZ\" \/>\n<meta property=\"og:type\" content=\"article\" \/>\n<meta property=\"og:title\" content=\"B\u0259l\u0259diyy\u0259 se\u00e7kil\u0259rin\u0259 namiz\u0259d \u0259ng\u0259ll\u0259rl\u0259 \u00fczl\u0259\u015fdiyini deyir - MEYDAN.TV\" \/>\n<meta property=\"og:description\" content=\"Yanvar\u0131n 29-da Az\u0259rbaycanda b\u0259l\u0259diyy\u0259 se\u00e7kil\u0259ri ke\u00e7iril\u0259c\u0259k.&nbsp; 23 sayl\u0131 N\u0259simi-S\u0259bail dair\u0259sind\u0259n ... Davam\u0131\" \/>\n<meta property=\"og:url\" content=\"https:\/\/www.meydan.tv\/az\/article\/b%c9%99l%c9%99diyy%c9%99-seckil%c9%99rin%c9%99-namiz%c9%99d-%c9%99ng%c9%99ll%c9%99rl%c9%99-uzl%c9%99sdiyini-deyir\/\" \/>\n<meta property=\"og:site_name\" content=\"MEYDAN.TV\" \/>\n<meta property=\"article:published_time\" content=\"2025-01-22T17:23:43+00:00\" \/>\n<meta property=\"article:modified_time\" content=\"2025-01-22T17:23:45+00:00\" \/>\n<meta property=\"og:image\" content=\"https:\/\/www.meydan.tv\/wp-content\/uploads\/screenshot-2025-01-22-at-18.17.42.png\" \/>\n\t<meta property=\"og:image:width\" content=\"1614\" \/>\n\t<meta property=\"og:image:height\" content=\"918\" \/>\n\t<meta property=\"og:image:type\" content=\"image\/png\" \/>\n<meta name=\"author\" content=\"aleks\" \/>\n<meta name=\"twitter:card\" content=\"summary_large_image\" \/>\n<script type=\"application\/ld+json\" class=\"yoast-schema-graph\">{\"@context\":\"https:\\\/\\\/schema.org\",\"@graph\":[{\"@type\":\"Article\",\"@id\":\"https:\\\/\\\/www.meydan.tv\\\/az\\\/article\\\/b%c9%99l%c9%99diyy%c9%99-seckil%c9%99rin%c9%99-namiz%c9%99d-%c9%99ng%c9%99ll%c9%99rl%c9%99-uzl%c9%99sdiyini-deyir\\\/#article\",\"isPartOf\":{\"@id\":\"https:\\\/\\\/www.meydan.tv\\\/az\\\/article\\\/b%c9%99l%c9%99diyy%c9%99-seckil%c9%99rin%c9%99-namiz%c9%99d-%c9%99ng%c9%99ll%c9%99rl%c9%99-uzl%c9%99sdiyini-deyir\\\/\"},\"author\":{\"name\":\"aleks\",\"@id\":\"https:\\\/\\\/www.meydan.tv\\\/az\\\/#\\\/schema\\\/person\\\/476e9360e593fa131d5d71d51866f8da\"},\"headline\":\"B\u0259l\u0259diyy\u0259 se\u00e7kil\u0259rin\u0259 namiz\u0259d \u0259ng\u0259ll\u0259rl\u0259 \u00fczl\u0259\u015fdiyini deyir\",\"datePublished\":\"2025-01-22T17:23:43+00:00\",\"dateModified\":\"2025-01-22T17:23:45+00:00\",\"mainEntityOfPage\":{\"@id\":\"https:\\\/\\\/www.meydan.tv\\\/az\\\/article\\\/b%c9%99l%c9%99diyy%c9%99-seckil%c9%99rin%c9%99-namiz%c9%99d-%c9%99ng%c9%99ll%c9%99rl%c9%99-uzl%c9%99sdiyini-deyir\\\/\"},\"wordCount\":368,\"publisher\":{\"@id\":\"https:\\\/\\\/www.meydan.tv\\\/az\\\/#organization\"},\"image\":{\"@id\":\"https:\\\/\\\/www.meydan.tv\\\/az\\\/article\\\/b%c9%99l%c9%99diyy%c9%99-seckil%c9%99rin%c9%99-namiz%c9%99d-%c9%99ng%c9%99ll%c9%99rl%c9%99-uzl%c9%99sdiyini-deyir\\\/#primaryimage\"},\"thumbnailUrl\":\"https:\\\/\\\/www.meydan.tv\\\/wp-content\\\/uploads\\\/screenshot-2025-01-22-at-18.17.42.png\",\"articleSection\":[\"Siyas\u0259t\",\"T\u00f6vsiy\u0259\",\"Video\",\"X\u0259b\u0259rl\u0259r\"],\"inLanguage\":\"az\"},{\"@type\":\"WebPage\",\"@id\":\"https:\\\/\\\/www.meydan.tv\\\/az\\\/article\\\/b%c9%99l%c9%99diyy%c9%99-seckil%c9%99rin%c9%99-namiz%c9%99d-%c9%99ng%c9%99ll%c9%99rl%c9%99-uzl%c9%99sdiyini-deyir\\\/\",\"url\":\"https:\\\/\\\/www.meydan.tv\\\/az\\\/article\\\/b%c9%99l%c9%99diyy%c9%99-seckil%c9%99rin%c9%99-namiz%c9%99d-%c9%99ng%c9%99ll%c9%99rl%c9%99-uzl%c9%99sdiyini-deyir\\\/\",\"name\":\"B\u0259l\u0259diyy\u0259 se\u00e7kil\u0259rin\u0259 namiz\u0259d \u0259ng\u0259ll\u0259rl\u0259 \u00fczl\u0259\u015fdiyini deyir - MEYDAN.TV\",\"isPartOf\":{\"@id\":\"https:\\\/\\\/www.meydan.tv\\\/az\\\/#website\"},\"primaryImageOfPage\":{\"@id\":\"https:\\\/\\\/www.meydan.tv\\\/az\\\/article\\\/b%c9%99l%c9%99diyy%c9%99-seckil%c9%99rin%c9%99-namiz%c9%99d-%c9%99ng%c9%99ll%c9%99rl%c9%99-uzl%c9%99sdiyini-deyir\\\/#primaryimage\"},\"image\":{\"@id\":\"https:\\\/\\\/www.meydan.tv\\\/az\\\/article\\\/b%c9%99l%c9%99diyy%c9%99-seckil%c9%99rin%c9%99-namiz%c9%99d-%c9%99ng%c9%99ll%c9%99rl%c9%99-uzl%c9%99sdiyini-deyir\\\/#primaryimage\"},\"thumbnailUrl\":\"https:\\\/\\\/www.meydan.tv\\\/wp-content\\\/uploads\\\/screenshot-2025-01-22-at-18.17.42.png\",\"datePublished\":\"2025-01-22T17:23:43+00:00\",\"dateModified\":\"2025-01-22T17:23:45+00:00\",\"breadcrumb\":{\"@id\":\"https:\\\/\\\/www.meydan.tv\\\/az\\\/article\\\/b%c9%99l%c9%99diyy%c9%99-seckil%c9%99rin%c9%99-namiz%c9%99d-%c9%99ng%c9%99ll%c9%99rl%c9%99-uzl%c9%99sdiyini-deyir\\\/#breadcrumb\"},\"inLanguage\":\"az\",\"potentialAction\":[{\"@type\":\"ReadAction\",\"target\":[\"https:\\\/\\\/www.meydan.tv\\\/az\\\/article\\\/b%c9%99l%c9%99diyy%c9%99-seckil%c9%99rin%c9%99-namiz%c9%99d-%c9%99ng%c9%99ll%c9%99rl%c9%99-uzl%c9%99sdiyini-deyir\\\/\"]}]},{\"@type\":\"ImageObject\",\"inLanguage\":\"az\",\"@id\":\"https:\\\/\\\/www.meydan.tv\\\/az\\\/article\\\/b%c9%99l%c9%99diyy%c9%99-seckil%c9%99rin%c9%99-namiz%c9%99d-%c9%99ng%c9%99ll%c9%99rl%c9%99-uzl%c9%99sdiyini-deyir\\\/#primaryimage\",\"url\":\"https:\\\/\\\/www.meydan.tv\\\/wp-content\\\/uploads\\\/screenshot-2025-01-22-at-18.17.42.png\",\"contentUrl\":\"https:\\\/\\\/www.meydan.tv\\\/wp-content\\\/uploads\\\/screenshot-2025-01-22-at-18.17.42.png\",\"width\":1614,\"height\":918},{\"@type\":\"BreadcrumbList\",\"@id\":\"https:\\\/\\\/www.meydan.tv\\\/az\\\/article\\\/b%c9%99l%c9%99diyy%c9%99-seckil%c9%99rin%c9%99-namiz%c9%99d-%c9%99ng%c9%99ll%c9%99rl%c9%99-uzl%c9%99sdiyini-deyir\\\/#breadcrumb\",\"itemListElement\":[{\"@type\":\"ListItem\",\"position\":1,\"name\":\"Ana s\u0259hif\u0259\",\"item\":\"https:\\\/\\\/www.meydan.tv\\\/az\\\/\"},{\"@type\":\"ListItem\",\"position\":2,\"name\":\"X\u0259b\u0259rl\u0259r\",\"item\":\"https:\\\/\\\/www.meydan.tv\\\/az\\\/section\\\/xeberler\\\/\"},{\"@type\":\"ListItem\",\"position\":3,\"name\":\"B\u0259l\u0259diyy\u0259 se\u00e7kil\u0259rin\u0259 namiz\u0259d \u0259ng\u0259ll\u0259rl\u0259 \u00fczl\u0259\u015fdiyini deyir\"}]},{\"@type\":\"WebSite\",\"@id\":\"https:\\\/\\\/www.meydan.tv\\\/az\\\/#website\",\"url\":\"https:\\\/\\\/www.meydan.tv\\\/az\\\/\",\"name\":\"MEYDAN.TV\",\"description\":\"Meydan TV Az\u0259rbaycan\u0131n media m\u0259kan\u0131ndak\u0131 alternativ s\u0259sidir\",\"publisher\":{\"@id\":\"https:\\\/\\\/www.meydan.tv\\\/az\\\/#organization\"},\"potentialAction\":[{\"@type\":\"SearchAction\",\"target\":{\"@type\":\"EntryPoint\",\"urlTemplate\":\"https:\\\/\\\/www.meydan.tv\\\/az\\\/?s={search_term_string}\"},\"query-input\":{\"@type\":\"PropertyValueSpecification\",\"valueRequired\":true,\"valueName\":\"search_term_string\"}}],\"inLanguage\":\"az\"},{\"@type\":\"Organization\",\"@id\":\"https:\\\/\\\/www.meydan.tv\\\/az\\\/#organization\",\"name\":\"Meydan TV\",\"url\":\"https:\\\/\\\/www.meydan.tv\\\/az\\\/\",\"logo\":{\"@type\":\"ImageObject\",\"inLanguage\":\"az\",\"@id\":\"https:\\\/\\\/www.meydan.tv\\\/az\\\/#\\\/schema\\\/logo\\\/image\\\/\",\"url\":\"https:\\\/\\\/www.meydan.tv\\\/wp-content\\\/uploads\\\/2021\\\/07\\\/meydan-logo.svg\",\"contentUrl\":\"https:\\\/\\\/www.meydan.tv\\\/wp-content\\\/uploads\\\/2021\\\/07\\\/meydan-logo.svg\",\"width\":195,\"height\":46,\"caption\":\"Meydan TV\"},\"image\":{\"@id\":\"https:\\\/\\\/www.meydan.tv\\\/az\\\/#\\\/schema\\\/logo\\\/image\\\/\"}},{\"@type\":\"Person\",\"@id\":\"https:\\\/\\\/www.meydan.tv\\\/az\\\/#\\\/schema\\\/person\\\/476e9360e593fa131d5d71d51866f8da\",\"name\":\"aleks\"}]}<\/script>\n<!-- \/ Yoast SEO plugin. -->","yoast_head_json":{"title":"B\u0259l\u0259diyy\u0259 se\u00e7kil\u0259rin\u0259 namiz\u0259d \u0259ng\u0259ll\u0259rl\u0259 \u00fczl\u0259\u015fdiyini deyir - MEYDAN.TV","robots":{"index":"index","follow":"follow","max-snippet":"max-snippet:-1","max-image-preview":"max-image-preview:large","max-video-preview":"max-video-preview:-1"},"canonical":"https:\/\/www.meydan.tv\/az\/article\/b%c9%99l%c9%99diyy%c9%99-seckil%c9%99rin%c9%99-namiz%c9%99d-%c9%99ng%c9%99ll%c9%99rl%c9%99-uzl%c9%99sdiyini-deyir\/","og_locale":"az_AZ","og_type":"article","og_title":"B\u0259l\u0259diyy\u0259 se\u00e7kil\u0259rin\u0259 namiz\u0259d \u0259ng\u0259ll\u0259rl\u0259 \u00fczl\u0259\u015fdiyini deyir - MEYDAN.TV","og_description":"Yanvar\u0131n 29-da Az\u0259rbaycanda b\u0259l\u0259diyy\u0259 se\u00e7kil\u0259ri ke\u00e7iril\u0259c\u0259k.&nbsp; 23 sayl\u0131 N\u0259simi-S\u0259bail dair\u0259sind\u0259n ... Davam\u0131","og_url":"https:\/\/www.meydan.tv\/az\/article\/b%c9%99l%c9%99diyy%c9%99-seckil%c9%99rin%c9%99-namiz%c9%99d-%c9%99ng%c9%99ll%c9%99rl%c9%99-uzl%c9%99sdiyini-deyir\/","og_site_name":"MEYDAN.TV","article_published_time":"2025-01-22T17:23:43+00:00","article_modified_time":"2025-01-22T17:23:45+00:00","og_image":[{"width":1614,"height":918,"url":"https:\/\/www.meydan.tv\/wp-content\/uploads\/screenshot-2025-01-22-at-18.17.42.png","type":"image\/png"}],"author":"aleks","twitter_card":"summary_large_image","schema":{"@context":"https:\/\/schema.org","@graph":[{"@type":"Article","@id":"https:\/\/www.meydan.tv\/az\/article\/b%c9%99l%c9%99diyy%c9%99-seckil%c9%99rin%c9%99-namiz%c9%99d-%c9%99ng%c9%99ll%c9%99rl%c9%99-uzl%c9%99sdiyini-deyir\/#article","isPartOf":{"@id":"https:\/\/www.meydan.tv\/az\/article\/b%c9%99l%c9%99diyy%c9%99-seckil%c9%99rin%c9%99-namiz%c9%99d-%c9%99ng%c9%99ll%c9%99rl%c9%99-uzl%c9%99sdiyini-deyir\/"},"author":{"name":"aleks","@id":"https:\/\/www.meydan.tv\/az\/#\/schema\/person\/476e9360e593fa131d5d71d51866f8da"},"headline":"B\u0259l\u0259diyy\u0259 se\u00e7kil\u0259rin\u0259 namiz\u0259d \u0259ng\u0259ll\u0259rl\u0259 \u00fczl\u0259\u015fdiyini deyir","datePublished":"2025-01-22T17:23:43+00:00","dateModified":"2025-01-22T17:23:45+00:00","mainEntityOfPage":{"@id":"https:\/\/www.meydan.tv\/az\/article\/b%c9%99l%c9%99diyy%c9%99-seckil%c9%99rin%c9%99-namiz%c9%99d-%c9%99ng%c9%99ll%c9%99rl%c9%99-uzl%c9%99sdiyini-deyir\/"},"wordCount":368,"publisher":{"@id":"https:\/\/www.meydan.tv\/az\/#organization"},"image":{"@id":"https:\/\/www.meydan.tv\/az\/article\/b%c9%99l%c9%99diyy%c9%99-seckil%c9%99rin%c9%99-namiz%c9%99d-%c9%99ng%c9%99ll%c9%99rl%c9%99-uzl%c9%99sdiyini-deyir\/#primaryimage"},"thumbnailUrl":"https:\/\/www.meydan.tv\/wp-content\/uploads\/screenshot-2025-01-22-at-18.17.42.png","articleSection":["Siyas\u0259t","T\u00f6vsiy\u0259","Video","X\u0259b\u0259rl\u0259r"],"inLanguage":"az"},{"@type":"WebPage","@id":"https:\/\/www.meydan.tv\/az\/article\/b%c9%99l%c9%99diyy%c9%99-seckil%c9%99rin%c9%99-namiz%c9%99d-%c9%99ng%c9%99ll%c9%99rl%c9%99-uzl%c9%99sdiyini-deyir\/","url":"https:\/\/www.meydan.tv\/az\/article\/b%c9%99l%c9%99diyy%c9%99-seckil%c9%99rin%c9%99-namiz%c9%99d-%c9%99ng%c9%99ll%c9%99rl%c9%99-uzl%c9%99sdiyini-deyir\/","name":"B\u0259l\u0259diyy\u0259 se\u00e7kil\u0259rin\u0259 namiz\u0259d \u0259ng\u0259ll\u0259rl\u0259 \u00fczl\u0259\u015fdiyini deyir - MEYDAN.TV","isPartOf":{"@id":"https:\/\/www.meydan.tv\/az\/#website"},"primaryImageOfPage":{"@id":"https:\/\/www.meydan.tv\/az\/article\/b%c9%99l%c9%99diyy%c9%99-seckil%c9%99rin%c9%99-namiz%c9%99d-%c9%99ng%c9%99ll%c9%99rl%c9%99-uzl%c9%99sdiyini-deyir\/#primaryimage"},"image":{"@id":"https:\/\/www.meydan.tv\/az\/article\/b%c9%99l%c9%99diyy%c9%99-seckil%c9%99rin%c9%99-namiz%c9%99d-%c9%99ng%c9%99ll%c9%99rl%c9%99-uzl%c9%99sdiyini-deyir\/#primaryimage"},"thumbnailUrl":"https:\/\/www.meydan.tv\/wp-content\/uploads\/screenshot-2025-01-22-at-18.17.42.png","datePublished":"2025-01-22T17:23:43+00:00","dateModified":"2025-01-22T17:23:45+00:00","breadcrumb":{"@id":"https:\/\/www.meydan.tv\/az\/article\/b%c9%99l%c9%99diyy%c9%99-seckil%c9%99rin%c9%99-namiz%c9%99d-%c9%99ng%c9%99ll%c9%99rl%c9%99-uzl%c9%99sdiyini-deyir\/#breadcrumb"},"inLanguage":"az","potentialAction":[{"@type":"ReadAction","target":["https:\/\/www.meydan.tv\/az\/article\/b%c9%99l%c9%99diyy%c9%99-seckil%c9%99rin%c9%99-namiz%c9%99d-%c9%99ng%c9%99ll%c9%99rl%c9%99-uzl%c9%99sdiyini-deyir\/"]}]},{"@type":"ImageObject","inLanguage":"az","@id":"https:\/\/www.meydan.tv\/az\/article\/b%c9%99l%c9%99diyy%c9%99-seckil%c9%99rin%c9%99-namiz%c9%99d-%c9%99ng%c9%99ll%c9%99rl%c9%99-uzl%c9%99sdiyini-deyir\/#primaryimage","url":"https:\/\/www.meydan.tv\/wp-content\/uploads\/screenshot-2025-01-22-at-18.17.42.png","contentUrl":"https:\/\/www.meydan.tv\/wp-content\/uploads\/screenshot-2025-01-22-at-18.17.42.png","width":1614,"height":918},{"@type":"BreadcrumbList","@id":"https:\/\/www.meydan.tv\/az\/article\/b%c9%99l%c9%99diyy%c9%99-seckil%c9%99rin%c9%99-namiz%c9%99d-%c9%99ng%c9%99ll%c9%99rl%c9%99-uzl%c9%99sdiyini-deyir\/#breadcrumb","itemListElement":[{"@type":"ListItem","position":1,"name":"Ana s\u0259hif\u0259","item":"https:\/\/www.meydan.tv\/az\/"},{"@type":"ListItem","position":2,"name":"X\u0259b\u0259rl\u0259r","item":"https:\/\/www.meydan.tv\/az\/section\/xeberler\/"},{"@type":"ListItem","position":3,"name":"B\u0259l\u0259diyy\u0259 se\u00e7kil\u0259rin\u0259 namiz\u0259d \u0259ng\u0259ll\u0259rl\u0259 \u00fczl\u0259\u015fdiyini deyir"}]},{"@type":"WebSite","@id":"https:\/\/www.meydan.tv\/az\/#website","url":"https:\/\/www.meydan.tv\/az\/","name":"MEYDAN.TV","description":"Meydan TV Az\u0259rbaycan\u0131n media m\u0259kan\u0131ndak\u0131 alternativ s\u0259sidir","publisher":{"@id":"https:\/\/www.meydan.tv\/az\/#organization"},"potentialAction":[{"@type":"SearchAction","target":{"@type":"EntryPoint","urlTemplate":"https:\/\/www.meydan.tv\/az\/?s={search_term_string}"},"query-input":{"@type":"PropertyValueSpecification","valueRequired":true,"valueName":"search_term_string"}}],"inLanguage":"az"},{"@type":"Organization","@id":"https:\/\/www.meydan.tv\/az\/#organization","name":"Meydan TV","url":"https:\/\/www.meydan.tv\/az\/","logo":{"@type":"ImageObject","inLanguage":"az","@id":"https:\/\/www.meydan.tv\/az\/#\/schema\/logo\/image\/","url":"https:\/\/www.meydan.tv\/wp-content\/uploads\/2021\/07\/meydan-logo.svg","contentUrl":"https:\/\/www.meydan.tv\/wp-content\/uploads\/2021\/07\/meydan-logo.svg","width":195,"height":46,"caption":"Meydan TV"},"image":{"@id":"https:\/\/www.meydan.tv\/az\/#\/schema\/logo\/image\/"}},{"@type":"Person","@id":"https:\/\/www.meydan.tv\/az\/#\/schema\/person\/476e9360e593fa131d5d71d51866f8da","name":"aleks"}]}},"_links":{"self":[{"href":"https:\/\/www.meydan.tv\/az\/wp-json\/wp\/v2\/posts\/325044","targetHints":{"allow":["GET"]}}],"collection":[{"href":"https:\/\/www.meydan.tv\/az\/wp-json\/wp\/v2\/posts"}],"about":[{"href":"https:\/\/www.meydan.tv\/az\/wp-json\/wp\/v2\/types\/post"}],"author":[{"embeddable":true,"href":"https:\/\/www.meydan.tv\/az\/wp-json\/wp\/v2\/users\/12"}],"replies":[{"embeddable":true,"href":"https:\/\/www.meydan.tv\/az\/wp-json\/wp\/v2\/comments?post=325044"}],"version-history":[{"count":3,"href":"https:\/\/www.meydan.tv\/az\/wp-json\/wp\/v2\/posts\/325044\/revisions"}],"predecessor-version":[{"id":325055,"href":"https:\/\/www.meydan.tv\/az\/wp-json\/wp\/v2\/posts\/325044\/revisions\/325055"}],"wp:featuredmedia":[{"embeddable":true,"href":"https:\/\/www.meydan.tv\/az\/wp-json\/wp\/v2\/media\/325046"}],"wp:attachment":[{"href":"https:\/\/www.meydan.tv\/az\/wp-json\/wp\/v2\/media?parent=325044"}],"wp:term":[{"taxonomy":"category","embeddable":true,"href":"https:\/\/www.meydan.tv\/az\/wp-json\/wp\/v2\/categories?post=325044"},{"taxonomy":"post_tag","embeddable":true,"href":"https:\/\/www.meydan.tv\/az\/wp-json\/wp\/v2\/tags?post=325044"}],"curies":[{"name":"wp","href":"https:\/\/api.w.org\/{rel}","templated":true}]}}