{"id":324926,"date":"2025-01-21T18:36:27","date_gmt":"2025-01-21T14:36:27","guid":{"rendered":"https:\/\/www.meydan.tv\/?p=324926"},"modified":"2025-01-21T21:31:56","modified_gmt":"2025-01-21T17:31:56","slug":"az%c9%99rbaycan-cirkli-olk%c9%99l%c9%99r-arasinda-yer-alib","status":"publish","type":"post","link":"https:\/\/www.meydan.tv\/az\/article\/az%c9%99rbaycan-cirkli-olk%c9%99l%c9%99r-arasinda-yer-alib\/","title":{"rendered":"Az\u0259rbaycan \u00e7irkli \u00f6lk\u0259l\u0259r aras\u0131nda yer al\u0131b"},"content":{"rendered":"\n<p><\/p>\n\n\n\n<p><em><strong>Region \u00f6lk\u0259l\u0259rind\u0259n yaln\u0131z Qazax\u0131stan (86) v\u0259 \u0130ran (91) Az\u0259rbaycandan sonra q\u0259rarla\u015f\u0131b<\/strong><\/em><\/p>\n\n\n\n<p>\u201cNumbeo\u201d qlobal m\u0259lumat bazas\u0131 \u0259n \u00e7irkli \u00f6lk\u0259l\u0259rin reytinqini <a href=\"https:\/\/www.numbeo.com\/pollution\/rankings_by_country.jsp\" target=\"_blank\" rel=\"noreferrer noopener\">d\u0259rc edib<\/a>.<\/p>\n\n\n\n<p>\u201c\u00c7irkl\u0259nm\u0259 indeksi \u2013 2025\u201d (\u201cPollution Index 2025\u201d) adl\u0131 hesabatda Az\u0259rbaycan ekoloji bax\u0131mdan \u00e7irkl\u0259nmi\u015f \u00f6lk\u0259l\u0259r s\u0131ras\u0131nda yer al\u0131b.<\/p>\n\n\n\n<p>Az\u0259rbaycan \u00e7irkl\u0259nm\u0259 s\u0259viyy\u0259sin\u0259 g\u00f6r\u0259 113 \u00f6lk\u0259 aras\u0131nda 82-ci s\u0131rada q\u0259rarla\u015f\u0131b, \u00e7irkl\u0259nm\u0259 indeksi is\u0259 72,7-dir.<\/p>\n\n\n\n<p>Reytinq haz\u0131rlanark\u0259n, m\u00fcxt\u0259lif \u00f6lk\u0259l\u0259rin \u015f\u0259h\u0259rl\u0259rind\u0259 hava v\u0259 suyun, h\u0259m\u00e7inin i\u015f\u0131q, s\u0259s-k\u00fcy\u00fcn \u00e7irkl\u0259nm\u0259si, tullant\u0131lar\u0131n utilizasiyas\u0131n\u0131n keyfiyy\u0259ti, ya\u015f\u0131ll\u0131q s\u0259viyy\u0259si, h\u0259tta h\u0259yat\u0131n rahatl\u0131\u011f\u0131 da n\u0259z\u0259r\u0259 al\u0131n\u0131r.<\/p>\n\n\n\n<p>\u0130ndeks \u201cNumbeo\u201dnun ke\u00e7irdiyi sor\u011fular\u0131n n\u0259tic\u0259l\u0259ri \u0259sas\u0131nda t\u0259rtib edilir. M\u0259lumatlar\u0131n d\u00fczg\u00fcnl\u00fcy\u00fcn\u00fc t\u0259min etm\u0259k m\u0259qs\u0259dil\u0259 potensial spamlar filtrl\u0259m\u0259 il\u0259 m\u00fc\u0259yy\u0259n olunaraq k\u0259narla\u015fd\u0131r\u0131l\u0131r.<\/p>\n\n\n\n<p>Davaml\u0131 olaraq yenil\u0259n\u0259n cari indeks 36 aya q\u0259d\u0259r olan m\u0259lumatlardan istifad\u0259 edil\u0259r\u0259k haz\u0131rlan\u0131r.<\/p>\n\n\n\n<p>\u00c7irkl\u0259nm\u0259 b\u00f6lm\u0259si \u00fc\u00e7\u00fcn reytinq haz\u0131rlayark\u0259n \u00dcmumd\u00fcnya S\u0259hiyy\u0259 T\u0259\u015fkilat\u0131n\u0131n (\u00dcST) v\u0259 faydal\u0131 hesab etdikl\u0259ri dig\u0259r qurumlar\u0131n m\u00fcvafiq m\u0259lumatlar\u0131ndan da istifad\u0259 olunur.<\/p>\n\n\n\n<p>\u201cNumbeo\u201d qlobal m\u0259lumat bazas\u0131 qiym\u0259tl\u0259ndirm\u0259 zaman\u0131 \u0259n y\u00fcks\u0259k xal\u0131 havan\u0131n \u00e7irkl\u0259nm\u0259 indeksin\u0259 g\u00f6r\u0259 verir. N\u00f6vb\u0259ti iki \u0259sas faktor is\u0259 suyun \u00e7irkl\u0259nm\u0259si v\u0259 \u0259l\u00e7atanl\u0131qd\u0131r. Dig\u0259r \u00e7irkl\u0259nm\u0259 n\u00f6vl\u0259ri indeksd\u0259 daha ki\u00e7ik xallar al\u0131b.<\/p>\n\n\n\n<p>Hesabatda qeyd olunur ki, 113 \u00f6lk\u0259nin yer ald\u0131\u011f\u0131 siyah\u0131ya Finlandiya ba\u015f\u00e7\u0131l\u0131q edir v\u0259 bu \u00f6lk\u0259d\u0259 \u00e7irkl\u0259nm\u0259 s\u0259viyy\u0259si 100 ball\u0131q \u015fkalada c\u0259mi 11,8-dir.<\/p>\n\n\n\n<p>Sonuncu s\u0131rada olan Kamerunda is\u0259 \u00e7irkl\u0259nm\u0259 s\u0259viyy\u0259si 93,7 olaraq qeyd olunub.<\/p>\n\n\n\n<p>D\u00fcnyada \u00e7irkl\u0259nm\u0259 s\u0259viyy\u0259sinin \u0259n az oldu\u011fu ilk onluqda &nbsp;Finlandiya, &nbsp;\u0130slandiya, Estoniya, \u0130sve\u00e7, Norve\u00e7, Danimarka, Avstriya, Niderland, Sloveniya, &nbsp;\u0130sve\u00e7r\u0259 yer al\u0131b.<\/p>\n\n\n\n<p>Reytinq siyah\u0131s\u0131nda Belarus 33-c\u00fc, \u00d6zb\u0259kistan 42-ci, Rusiya 53-c\u00fc, Moldova 58-ci, Ukrayna 59-cu, Erm\u0259nistan 60-c\u0131, T\u00fcrkiy\u0259 67-ci, G\u00fcrc\u00fcstan 72-ci yerd\u0259 q\u0259rarla\u015f\u0131b.<\/p>\n\n\n\n<p>Region \u00f6lk\u0259l\u0259rind\u0259n yaln\u0131z Qazax\u0131stan (86) v\u0259 \u0130ran (91) Az\u0259rbaycandan sonra g\u0259lir.<\/p>\n\n\n\n<p>\u018fn \u00e7irkli 10 \u00f6lk\u0259 is\u0259 Nepal, Vyetnam, \u018ffqan\u0131stan, Banqlade\u015f, Qana, Monqolustan, Nigeriya, Liviya, Myanmar v\u0259 Kamerun t\u0259yin olunub.<\/p>\n\n\n\n<p>Az\u0259rbaycanda 2024-c\u00fc il noyabr\u0131n 11-d\u0259n 22-d\u0259k Birl\u0259\u015fmi\u015f Mill\u0259tl\u0259r T\u0259\u015fkilat\u0131n\u0131n \u0130qlim D\u0259yi\u015fikliyi \u00fczr\u0259 \u00c7\u0259r\u00e7iv\u0259 Konvensiyas\u0131n\u0131n T\u0259r\u0259fl\u0259r Konfrans\u0131n\u0131n 29-cu (COP29) sessiyas\u0131 ke\u00e7irilib.<\/p>\n","protected":false},"excerpt":{"rendered":"<p>Region \u00f6lk\u0259l\u0259rind\u0259n yaln\u0131z Qazax\u0131stan (86) v\u0259 \u0130ran (91) Az\u0259rbaycandan sonra &#8230; <\/p>\n<p class=\"read-more-container\"><a title=\"Az\u0259rbaycan \u00e7irkli \u00f6lk\u0259l\u0259r aras\u0131nda yer al\u0131b\" class=\"read-more button\" href=\"https:\/\/www.meydan.tv\/az\/article\/az%c9%99rbaycan-cirkli-olk%c9%99l%c9%99r-arasinda-yer-alib\/#more-324926\" aria-label=\"Read more about Az\u0259rbaycan \u00e7irkli \u00f6lk\u0259l\u0259r aras\u0131nda yer al\u0131b\">Davam\u0131<\/a><\/p>\n","protected":false},"author":21,"featured_media":315459,"comment_status":"closed","ping_status":"closed","sticky":false,"template":"","format":"standard","meta":{"_acf_changed":false,"_sitemap_exclude":false,"_sitemap_priority":"","_sitemap_frequency":"","footnotes":""},"categories":[62,79,56],"tags":[],"class_list":["post-324926","post","type-post","status-publish","format-standard","has-post-thumbnail","hentry","category-sosial","category-featured","category-xeberler","infinite-scroll-item","generate-columns","tablet-grid-50","mobile-grid-100","grid-parent","grid-33","no-featured-image-padding"],"acf":[],"yoast_head":"<!-- This site is optimized with the Yoast SEO plugin v27.4 - https:\/\/yoast.com\/product\/yoast-seo-wordpress\/ -->\n<title>Az\u0259rbaycan \u00e7irkli \u00f6lk\u0259l\u0259r aras\u0131nda yer al\u0131b - MEYDAN.TV<\/title>\n<meta name=\"robots\" content=\"index, follow, max-snippet:-1, max-image-preview:large, max-video-preview:-1\" \/>\n<link rel=\"canonical\" href=\"https:\/\/www.meydan.tv\/az\/article\/az%c9%99rbaycan-cirkli-olk%c9%99l%c9%99r-arasinda-yer-alib\/\" \/>\n<meta property=\"og:locale\" content=\"az_AZ\" \/>\n<meta property=\"og:type\" content=\"article\" \/>\n<meta property=\"og:title\" content=\"Az\u0259rbaycan \u00e7irkli \u00f6lk\u0259l\u0259r aras\u0131nda yer al\u0131b - MEYDAN.TV\" \/>\n<meta property=\"og:description\" content=\"Region \u00f6lk\u0259l\u0259rind\u0259n yaln\u0131z Qazax\u0131stan (86) v\u0259 \u0130ran (91) Az\u0259rbaycandan sonra ... Davam\u0131\" \/>\n<meta property=\"og:url\" content=\"https:\/\/www.meydan.tv\/az\/article\/az%c9%99rbaycan-cirkli-olk%c9%99l%c9%99r-arasinda-yer-alib\/\" \/>\n<meta property=\"og:site_name\" content=\"MEYDAN.TV\" \/>\n<meta property=\"article:published_time\" content=\"2025-01-21T14:36:27+00:00\" \/>\n<meta property=\"article:modified_time\" content=\"2025-01-21T17:31:56+00:00\" \/>\n<meta property=\"og:image\" content=\"https:\/\/www.meydan.tv\/wp-content\/uploads\/neft-ekologiya.jpg\" \/>\n\t<meta property=\"og:image:width\" content=\"1200\" \/>\n\t<meta property=\"og:image:height\" content=\"800\" \/>\n\t<meta property=\"og:image:type\" content=\"image\/jpeg\" \/>\n<meta name=\"author\" content=\"mahmud\" \/>\n<meta name=\"twitter:card\" content=\"summary_large_image\" \/>\n<script type=\"application\/ld+json\" class=\"yoast-schema-graph\">{\"@context\":\"https:\\\/\\\/schema.org\",\"@graph\":[{\"@type\":\"Article\",\"@id\":\"https:\\\/\\\/www.meydan.tv\\\/az\\\/article\\\/az%c9%99rbaycan-cirkli-olk%c9%99l%c9%99r-arasinda-yer-alib\\\/#article\",\"isPartOf\":{\"@id\":\"https:\\\/\\\/www.meydan.tv\\\/az\\\/article\\\/az%c9%99rbaycan-cirkli-olk%c9%99l%c9%99r-arasinda-yer-alib\\\/\"},\"author\":{\"name\":\"mahmud\",\"@id\":\"https:\\\/\\\/www.meydan.tv\\\/az\\\/#\\\/schema\\\/person\\\/09863e516102a829e72bedcf3f84c6b0\"},\"headline\":\"Az\u0259rbaycan \u00e7irkli \u00f6lk\u0259l\u0259r aras\u0131nda yer al\u0131b\",\"datePublished\":\"2025-01-21T14:36:27+00:00\",\"dateModified\":\"2025-01-21T17:31:56+00:00\",\"mainEntityOfPage\":{\"@id\":\"https:\\\/\\\/www.meydan.tv\\\/az\\\/article\\\/az%c9%99rbaycan-cirkli-olk%c9%99l%c9%99r-arasinda-yer-alib\\\/\"},\"wordCount\":478,\"publisher\":{\"@id\":\"https:\\\/\\\/www.meydan.tv\\\/az\\\/#organization\"},\"image\":{\"@id\":\"https:\\\/\\\/www.meydan.tv\\\/az\\\/article\\\/az%c9%99rbaycan-cirkli-olk%c9%99l%c9%99r-arasinda-yer-alib\\\/#primaryimage\"},\"thumbnailUrl\":\"https:\\\/\\\/www.meydan.tv\\\/wp-content\\\/uploads\\\/neft-ekologiya.jpg\",\"articleSection\":[\"Sosial\",\"T\u00f6vsiy\u0259\",\"X\u0259b\u0259rl\u0259r\"],\"inLanguage\":\"az\"},{\"@type\":\"WebPage\",\"@id\":\"https:\\\/\\\/www.meydan.tv\\\/az\\\/article\\\/az%c9%99rbaycan-cirkli-olk%c9%99l%c9%99r-arasinda-yer-alib\\\/\",\"url\":\"https:\\\/\\\/www.meydan.tv\\\/az\\\/article\\\/az%c9%99rbaycan-cirkli-olk%c9%99l%c9%99r-arasinda-yer-alib\\\/\",\"name\":\"Az\u0259rbaycan \u00e7irkli \u00f6lk\u0259l\u0259r aras\u0131nda yer al\u0131b - MEYDAN.TV\",\"isPartOf\":{\"@id\":\"https:\\\/\\\/www.meydan.tv\\\/az\\\/#website\"},\"primaryImageOfPage\":{\"@id\":\"https:\\\/\\\/www.meydan.tv\\\/az\\\/article\\\/az%c9%99rbaycan-cirkli-olk%c9%99l%c9%99r-arasinda-yer-alib\\\/#primaryimage\"},\"image\":{\"@id\":\"https:\\\/\\\/www.meydan.tv\\\/az\\\/article\\\/az%c9%99rbaycan-cirkli-olk%c9%99l%c9%99r-arasinda-yer-alib\\\/#primaryimage\"},\"thumbnailUrl\":\"https:\\\/\\\/www.meydan.tv\\\/wp-content\\\/uploads\\\/neft-ekologiya.jpg\",\"datePublished\":\"2025-01-21T14:36:27+00:00\",\"dateModified\":\"2025-01-21T17:31:56+00:00\",\"breadcrumb\":{\"@id\":\"https:\\\/\\\/www.meydan.tv\\\/az\\\/article\\\/az%c9%99rbaycan-cirkli-olk%c9%99l%c9%99r-arasinda-yer-alib\\\/#breadcrumb\"},\"inLanguage\":\"az\",\"potentialAction\":[{\"@type\":\"ReadAction\",\"target\":[\"https:\\\/\\\/www.meydan.tv\\\/az\\\/article\\\/az%c9%99rbaycan-cirkli-olk%c9%99l%c9%99r-arasinda-yer-alib\\\/\"]}]},{\"@type\":\"ImageObject\",\"inLanguage\":\"az\",\"@id\":\"https:\\\/\\\/www.meydan.tv\\\/az\\\/article\\\/az%c9%99rbaycan-cirkli-olk%c9%99l%c9%99r-arasinda-yer-alib\\\/#primaryimage\",\"url\":\"https:\\\/\\\/www.meydan.tv\\\/wp-content\\\/uploads\\\/neft-ekologiya.jpg\",\"contentUrl\":\"https:\\\/\\\/www.meydan.tv\\\/wp-content\\\/uploads\\\/neft-ekologiya.jpg\",\"width\":1200,\"height\":800,\"caption\":\"Neft v\u0259 ekologiya. Foto: DimaBerlin\\\/shutterstock\"},{\"@type\":\"BreadcrumbList\",\"@id\":\"https:\\\/\\\/www.meydan.tv\\\/az\\\/article\\\/az%c9%99rbaycan-cirkli-olk%c9%99l%c9%99r-arasinda-yer-alib\\\/#breadcrumb\",\"itemListElement\":[{\"@type\":\"ListItem\",\"position\":1,\"name\":\"Ana s\u0259hif\u0259\",\"item\":\"https:\\\/\\\/www.meydan.tv\\\/az\\\/\"},{\"@type\":\"ListItem\",\"position\":2,\"name\":\"Sosial\",\"item\":\"https:\\\/\\\/www.meydan.tv\\\/az\\\/section\\\/sosial\\\/\"},{\"@type\":\"ListItem\",\"position\":3,\"name\":\"Az\u0259rbaycan \u00e7irkli \u00f6lk\u0259l\u0259r aras\u0131nda yer al\u0131b\"}]},{\"@type\":\"WebSite\",\"@id\":\"https:\\\/\\\/www.meydan.tv\\\/az\\\/#website\",\"url\":\"https:\\\/\\\/www.meydan.tv\\\/az\\\/\",\"name\":\"MEYDAN.TV\",\"description\":\"Meydan TV Az\u0259rbaycan\u0131n media m\u0259kan\u0131ndak\u0131 alternativ s\u0259sidir\",\"publisher\":{\"@id\":\"https:\\\/\\\/www.meydan.tv\\\/az\\\/#organization\"},\"potentialAction\":[{\"@type\":\"SearchAction\",\"target\":{\"@type\":\"EntryPoint\",\"urlTemplate\":\"https:\\\/\\\/www.meydan.tv\\\/az\\\/?s={search_term_string}\"},\"query-input\":{\"@type\":\"PropertyValueSpecification\",\"valueRequired\":true,\"valueName\":\"search_term_string\"}}],\"inLanguage\":\"az\"},{\"@type\":\"Organization\",\"@id\":\"https:\\\/\\\/www.meydan.tv\\\/az\\\/#organization\",\"name\":\"Meydan TV\",\"url\":\"https:\\\/\\\/www.meydan.tv\\\/az\\\/\",\"logo\":{\"@type\":\"ImageObject\",\"inLanguage\":\"az\",\"@id\":\"https:\\\/\\\/www.meydan.tv\\\/az\\\/#\\\/schema\\\/logo\\\/image\\\/\",\"url\":\"https:\\\/\\\/www.meydan.tv\\\/wp-content\\\/uploads\\\/2021\\\/07\\\/meydan-logo.svg\",\"contentUrl\":\"https:\\\/\\\/www.meydan.tv\\\/wp-content\\\/uploads\\\/2021\\\/07\\\/meydan-logo.svg\",\"width\":195,\"height\":46,\"caption\":\"Meydan TV\"},\"image\":{\"@id\":\"https:\\\/\\\/www.meydan.tv\\\/az\\\/#\\\/schema\\\/logo\\\/image\\\/\"}},{\"@type\":\"Person\",\"@id\":\"https:\\\/\\\/www.meydan.tv\\\/az\\\/#\\\/schema\\\/person\\\/09863e516102a829e72bedcf3f84c6b0\",\"name\":\"mahmud\"}]}<\/script>\n<!-- \/ Yoast SEO plugin. -->","yoast_head_json":{"title":"Az\u0259rbaycan \u00e7irkli \u00f6lk\u0259l\u0259r aras\u0131nda yer al\u0131b - MEYDAN.TV","robots":{"index":"index","follow":"follow","max-snippet":"max-snippet:-1","max-image-preview":"max-image-preview:large","max-video-preview":"max-video-preview:-1"},"canonical":"https:\/\/www.meydan.tv\/az\/article\/az%c9%99rbaycan-cirkli-olk%c9%99l%c9%99r-arasinda-yer-alib\/","og_locale":"az_AZ","og_type":"article","og_title":"Az\u0259rbaycan \u00e7irkli \u00f6lk\u0259l\u0259r aras\u0131nda yer al\u0131b - MEYDAN.TV","og_description":"Region \u00f6lk\u0259l\u0259rind\u0259n yaln\u0131z Qazax\u0131stan (86) v\u0259 \u0130ran (91) Az\u0259rbaycandan sonra ... Davam\u0131","og_url":"https:\/\/www.meydan.tv\/az\/article\/az%c9%99rbaycan-cirkli-olk%c9%99l%c9%99r-arasinda-yer-alib\/","og_site_name":"MEYDAN.TV","article_published_time":"2025-01-21T14:36:27+00:00","article_modified_time":"2025-01-21T17:31:56+00:00","og_image":[{"width":1200,"height":800,"url":"https:\/\/www.meydan.tv\/wp-content\/uploads\/neft-ekologiya.jpg","type":"image\/jpeg"}],"author":"mahmud","twitter_card":"summary_large_image","schema":{"@context":"https:\/\/schema.org","@graph":[{"@type":"Article","@id":"https:\/\/www.meydan.tv\/az\/article\/az%c9%99rbaycan-cirkli-olk%c9%99l%c9%99r-arasinda-yer-alib\/#article","isPartOf":{"@id":"https:\/\/www.meydan.tv\/az\/article\/az%c9%99rbaycan-cirkli-olk%c9%99l%c9%99r-arasinda-yer-alib\/"},"author":{"name":"mahmud","@id":"https:\/\/www.meydan.tv\/az\/#\/schema\/person\/09863e516102a829e72bedcf3f84c6b0"},"headline":"Az\u0259rbaycan \u00e7irkli \u00f6lk\u0259l\u0259r aras\u0131nda yer al\u0131b","datePublished":"2025-01-21T14:36:27+00:00","dateModified":"2025-01-21T17:31:56+00:00","mainEntityOfPage":{"@id":"https:\/\/www.meydan.tv\/az\/article\/az%c9%99rbaycan-cirkli-olk%c9%99l%c9%99r-arasinda-yer-alib\/"},"wordCount":478,"publisher":{"@id":"https:\/\/www.meydan.tv\/az\/#organization"},"image":{"@id":"https:\/\/www.meydan.tv\/az\/article\/az%c9%99rbaycan-cirkli-olk%c9%99l%c9%99r-arasinda-yer-alib\/#primaryimage"},"thumbnailUrl":"https:\/\/www.meydan.tv\/wp-content\/uploads\/neft-ekologiya.jpg","articleSection":["Sosial","T\u00f6vsiy\u0259","X\u0259b\u0259rl\u0259r"],"inLanguage":"az"},{"@type":"WebPage","@id":"https:\/\/www.meydan.tv\/az\/article\/az%c9%99rbaycan-cirkli-olk%c9%99l%c9%99r-arasinda-yer-alib\/","url":"https:\/\/www.meydan.tv\/az\/article\/az%c9%99rbaycan-cirkli-olk%c9%99l%c9%99r-arasinda-yer-alib\/","name":"Az\u0259rbaycan \u00e7irkli \u00f6lk\u0259l\u0259r aras\u0131nda yer al\u0131b - MEYDAN.TV","isPartOf":{"@id":"https:\/\/www.meydan.tv\/az\/#website"},"primaryImageOfPage":{"@id":"https:\/\/www.meydan.tv\/az\/article\/az%c9%99rbaycan-cirkli-olk%c9%99l%c9%99r-arasinda-yer-alib\/#primaryimage"},"image":{"@id":"https:\/\/www.meydan.tv\/az\/article\/az%c9%99rbaycan-cirkli-olk%c9%99l%c9%99r-arasinda-yer-alib\/#primaryimage"},"thumbnailUrl":"https:\/\/www.meydan.tv\/wp-content\/uploads\/neft-ekologiya.jpg","datePublished":"2025-01-21T14:36:27+00:00","dateModified":"2025-01-21T17:31:56+00:00","breadcrumb":{"@id":"https:\/\/www.meydan.tv\/az\/article\/az%c9%99rbaycan-cirkli-olk%c9%99l%c9%99r-arasinda-yer-alib\/#breadcrumb"},"inLanguage":"az","potentialAction":[{"@type":"ReadAction","target":["https:\/\/www.meydan.tv\/az\/article\/az%c9%99rbaycan-cirkli-olk%c9%99l%c9%99r-arasinda-yer-alib\/"]}]},{"@type":"ImageObject","inLanguage":"az","@id":"https:\/\/www.meydan.tv\/az\/article\/az%c9%99rbaycan-cirkli-olk%c9%99l%c9%99r-arasinda-yer-alib\/#primaryimage","url":"https:\/\/www.meydan.tv\/wp-content\/uploads\/neft-ekologiya.jpg","contentUrl":"https:\/\/www.meydan.tv\/wp-content\/uploads\/neft-ekologiya.jpg","width":1200,"height":800,"caption":"Neft v\u0259 ekologiya. Foto: DimaBerlin\/shutterstock"},{"@type":"BreadcrumbList","@id":"https:\/\/www.meydan.tv\/az\/article\/az%c9%99rbaycan-cirkli-olk%c9%99l%c9%99r-arasinda-yer-alib\/#breadcrumb","itemListElement":[{"@type":"ListItem","position":1,"name":"Ana s\u0259hif\u0259","item":"https:\/\/www.meydan.tv\/az\/"},{"@type":"ListItem","position":2,"name":"Sosial","item":"https:\/\/www.meydan.tv\/az\/section\/sosial\/"},{"@type":"ListItem","position":3,"name":"Az\u0259rbaycan \u00e7irkli \u00f6lk\u0259l\u0259r aras\u0131nda yer al\u0131b"}]},{"@type":"WebSite","@id":"https:\/\/www.meydan.tv\/az\/#website","url":"https:\/\/www.meydan.tv\/az\/","name":"MEYDAN.TV","description":"Meydan TV Az\u0259rbaycan\u0131n media m\u0259kan\u0131ndak\u0131 alternativ s\u0259sidir","publisher":{"@id":"https:\/\/www.meydan.tv\/az\/#organization"},"potentialAction":[{"@type":"SearchAction","target":{"@type":"EntryPoint","urlTemplate":"https:\/\/www.meydan.tv\/az\/?s={search_term_string}"},"query-input":{"@type":"PropertyValueSpecification","valueRequired":true,"valueName":"search_term_string"}}],"inLanguage":"az"},{"@type":"Organization","@id":"https:\/\/www.meydan.tv\/az\/#organization","name":"Meydan TV","url":"https:\/\/www.meydan.tv\/az\/","logo":{"@type":"ImageObject","inLanguage":"az","@id":"https:\/\/www.meydan.tv\/az\/#\/schema\/logo\/image\/","url":"https:\/\/www.meydan.tv\/wp-content\/uploads\/2021\/07\/meydan-logo.svg","contentUrl":"https:\/\/www.meydan.tv\/wp-content\/uploads\/2021\/07\/meydan-logo.svg","width":195,"height":46,"caption":"Meydan TV"},"image":{"@id":"https:\/\/www.meydan.tv\/az\/#\/schema\/logo\/image\/"}},{"@type":"Person","@id":"https:\/\/www.meydan.tv\/az\/#\/schema\/person\/09863e516102a829e72bedcf3f84c6b0","name":"mahmud"}]}},"_links":{"self":[{"href":"https:\/\/www.meydan.tv\/az\/wp-json\/wp\/v2\/posts\/324926","targetHints":{"allow":["GET"]}}],"collection":[{"href":"https:\/\/www.meydan.tv\/az\/wp-json\/wp\/v2\/posts"}],"about":[{"href":"https:\/\/www.meydan.tv\/az\/wp-json\/wp\/v2\/types\/post"}],"author":[{"embeddable":true,"href":"https:\/\/www.meydan.tv\/az\/wp-json\/wp\/v2\/users\/21"}],"replies":[{"embeddable":true,"href":"https:\/\/www.meydan.tv\/az\/wp-json\/wp\/v2\/comments?post=324926"}],"version-history":[{"count":1,"href":"https:\/\/www.meydan.tv\/az\/wp-json\/wp\/v2\/posts\/324926\/revisions"}],"predecessor-version":[{"id":324927,"href":"https:\/\/www.meydan.tv\/az\/wp-json\/wp\/v2\/posts\/324926\/revisions\/324927"}],"wp:featuredmedia":[{"embeddable":true,"href":"https:\/\/www.meydan.tv\/az\/wp-json\/wp\/v2\/media\/315459"}],"wp:attachment":[{"href":"https:\/\/www.meydan.tv\/az\/wp-json\/wp\/v2\/media?parent=324926"}],"wp:term":[{"taxonomy":"category","embeddable":true,"href":"https:\/\/www.meydan.tv\/az\/wp-json\/wp\/v2\/categories?post=324926"},{"taxonomy":"post_tag","embeddable":true,"href":"https:\/\/www.meydan.tv\/az\/wp-json\/wp\/v2\/tags?post=324926"}],"curies":[{"name":"wp","href":"https:\/\/api.w.org\/{rel}","templated":true}]}}