{"id":324905,"date":"2025-01-21T16:34:07","date_gmt":"2025-01-21T12:34:07","guid":{"rendered":"https:\/\/www.meydan.tv\/?p=324905"},"modified":"2025-01-21T16:34:10","modified_gmt":"2025-01-21T12:34:10","slug":"sabuncu-rayonunda-d%c9%99m-qazindan-uc-olum-faktinin-bas-verdiyi-bildirilir","status":"publish","type":"post","link":"https:\/\/www.meydan.tv\/az\/article\/sabuncu-rayonunda-d%c9%99m-qazindan-uc-olum-faktinin-bas-verdiyi-bildirilir\/","title":{"rendered":"Sabun\u00e7u rayonunda d\u0259m qaz\u0131ndan \u00fc\u00e7 \u00f6l\u00fcm fakt\u0131n\u0131n ba\u015f verdiyi bildirilir"},"content":{"rendered":"\n<p><\/p>\n\n\n\n<p><strong><em>Faktla ba\u011fl\u0131 ara\u015fd\u0131rma apar\u0131l\u0131r<\/em><\/strong><\/p>\n\n\n\n<p>Bak\u0131n\u0131n Sabun\u00e7u rayonu \u0259razisind\u0259 m\u00fcxt\u0259lif \u00fcnvanlarda eyni vaxtda d\u0259m qaz\u0131ndan \u00fc\u00e7 \u00f6l\u00fcm fakt\u0131 qeyd\u0259 al\u0131n\u0131b.<\/p>\n\n\n\n<p>1977-ci il t\u0259v\u0259ll\u00fcdl\u00fc \u0130lqar \u0130smay\u0131lov, 1982-ci il t\u0259v\u0259ll\u00fcdl\u00fc Andrey Lakutin v\u0259 1971-ci il t\u0259v\u0259ll\u00fcdl\u00fc \u0130rina K\u0259rimova ya\u015fad\u0131qlar\u0131 evl\u0259rd\u0259 d\u0259m qaz\u0131ndan bo\u011fulublar.<\/p>\n\n\n\n<p>Sabun\u00e7u Rayon Prokurorlu\u011fundan Meydan TV-y\u0259 bildiribl\u0259r ki, faktla ba\u011fl\u0131 ara\u015fd\u0131rma apar\u0131l\u0131r.<\/p>\n","protected":false},"excerpt":{"rendered":"<p>Faktla ba\u011fl\u0131 ara\u015fd\u0131rma apar\u0131l\u0131r Bak\u0131n\u0131n Sabun\u00e7u rayonu \u0259razisind\u0259 m\u00fcxt\u0259lif \u00fcnvanlarda &#8230; <\/p>\n<p class=\"read-more-container\"><a title=\"Sabun\u00e7u rayonunda d\u0259m qaz\u0131ndan \u00fc\u00e7 \u00f6l\u00fcm fakt\u0131n\u0131n ba\u015f verdiyi bildirilir\" class=\"read-more button\" href=\"https:\/\/www.meydan.tv\/az\/article\/sabuncu-rayonunda-d%c9%99m-qazindan-uc-olum-faktinin-bas-verdiyi-bildirilir\/#more-324905\" aria-label=\"Read more about Sabun\u00e7u rayonunda d\u0259m qaz\u0131ndan \u00fc\u00e7 \u00f6l\u00fcm fakt\u0131n\u0131n ba\u015f verdiyi bildirilir\">Davam\u0131<\/a><\/p>\n","protected":false},"author":21,"featured_media":265257,"comment_status":"closed","ping_status":"closed","sticky":false,"template":"","format":"standard","meta":{"_acf_changed":false,"_sitemap_exclude":false,"_sitemap_priority":"","_sitemap_frequency":"","footnotes":""},"categories":[62,56],"tags":[],"class_list":["post-324905","post","type-post","status-publish","format-standard","has-post-thumbnail","hentry","category-sosial","category-xeberler","infinite-scroll-item","generate-columns","tablet-grid-50","mobile-grid-100","grid-parent","grid-33","no-featured-image-padding"],"acf":[],"yoast_head":"<!-- This site is optimized with the Yoast SEO plugin v27.4 - https:\/\/yoast.com\/product\/yoast-seo-wordpress\/ -->\n<title>Sabun\u00e7u rayonunda d\u0259m qaz\u0131ndan \u00fc\u00e7 \u00f6l\u00fcm fakt\u0131n\u0131n ba\u015f verdiyi bildirilir - MEYDAN.TV<\/title>\n<meta name=\"robots\" content=\"index, follow, max-snippet:-1, max-image-preview:large, max-video-preview:-1\" \/>\n<link rel=\"canonical\" href=\"https:\/\/www.meydan.tv\/az\/article\/sabuncu-rayonunda-d%c9%99m-qazindan-uc-olum-faktinin-bas-verdiyi-bildirilir\/\" \/>\n<meta property=\"og:locale\" content=\"az_AZ\" \/>\n<meta property=\"og:type\" content=\"article\" \/>\n<meta property=\"og:title\" content=\"Sabun\u00e7u rayonunda d\u0259m qaz\u0131ndan \u00fc\u00e7 \u00f6l\u00fcm fakt\u0131n\u0131n ba\u015f verdiyi bildirilir - MEYDAN.TV\" \/>\n<meta property=\"og:description\" content=\"Faktla ba\u011fl\u0131 ara\u015fd\u0131rma apar\u0131l\u0131r Bak\u0131n\u0131n Sabun\u00e7u rayonu \u0259razisind\u0259 m\u00fcxt\u0259lif \u00fcnvanlarda ... Davam\u0131\" \/>\n<meta property=\"og:url\" content=\"https:\/\/www.meydan.tv\/az\/article\/sabuncu-rayonunda-d%c9%99m-qazindan-uc-olum-faktinin-bas-verdiyi-bildirilir\/\" \/>\n<meta property=\"og:site_name\" content=\"MEYDAN.TV\" \/>\n<meta property=\"article:published_time\" content=\"2025-01-21T12:34:07+00:00\" \/>\n<meta property=\"article:modified_time\" content=\"2025-01-21T12:34:10+00:00\" \/>\n<meta property=\"og:image\" content=\"https:\/\/www.meydan.tv\/wp-content\/uploads\/00dem-qaz2i.jpg\" \/>\n\t<meta property=\"og:image:width\" content=\"1200\" \/>\n\t<meta property=\"og:image:height\" content=\"750\" \/>\n\t<meta property=\"og:image:type\" content=\"image\/jpeg\" \/>\n<meta name=\"author\" content=\"mahmud\" \/>\n<meta name=\"twitter:card\" content=\"summary_large_image\" \/>\n<script type=\"application\/ld+json\" class=\"yoast-schema-graph\">{\"@context\":\"https:\\\/\\\/schema.org\",\"@graph\":[{\"@type\":\"Article\",\"@id\":\"https:\\\/\\\/www.meydan.tv\\\/az\\\/article\\\/sabuncu-rayonunda-d%c9%99m-qazindan-uc-olum-faktinin-bas-verdiyi-bildirilir\\\/#article\",\"isPartOf\":{\"@id\":\"https:\\\/\\\/www.meydan.tv\\\/az\\\/article\\\/sabuncu-rayonunda-d%c9%99m-qazindan-uc-olum-faktinin-bas-verdiyi-bildirilir\\\/\"},\"author\":{\"name\":\"mahmud\",\"@id\":\"https:\\\/\\\/www.meydan.tv\\\/az\\\/#\\\/schema\\\/person\\\/09863e516102a829e72bedcf3f84c6b0\"},\"headline\":\"Sabun\u00e7u rayonunda d\u0259m qaz\u0131ndan \u00fc\u00e7 \u00f6l\u00fcm fakt\u0131n\u0131n ba\u015f verdiyi bildirilir\",\"datePublished\":\"2025-01-21T12:34:07+00:00\",\"dateModified\":\"2025-01-21T12:34:10+00:00\",\"mainEntityOfPage\":{\"@id\":\"https:\\\/\\\/www.meydan.tv\\\/az\\\/article\\\/sabuncu-rayonunda-d%c9%99m-qazindan-uc-olum-faktinin-bas-verdiyi-bildirilir\\\/\"},\"wordCount\":105,\"publisher\":{\"@id\":\"https:\\\/\\\/www.meydan.tv\\\/az\\\/#organization\"},\"image\":{\"@id\":\"https:\\\/\\\/www.meydan.tv\\\/az\\\/article\\\/sabuncu-rayonunda-d%c9%99m-qazindan-uc-olum-faktinin-bas-verdiyi-bildirilir\\\/#primaryimage\"},\"thumbnailUrl\":\"https:\\\/\\\/www.meydan.tv\\\/wp-content\\\/uploads\\\/00dem-qaz2i.jpg\",\"articleSection\":[\"Sosial\",\"X\u0259b\u0259rl\u0259r\"],\"inLanguage\":\"az\"},{\"@type\":\"WebPage\",\"@id\":\"https:\\\/\\\/www.meydan.tv\\\/az\\\/article\\\/sabuncu-rayonunda-d%c9%99m-qazindan-uc-olum-faktinin-bas-verdiyi-bildirilir\\\/\",\"url\":\"https:\\\/\\\/www.meydan.tv\\\/az\\\/article\\\/sabuncu-rayonunda-d%c9%99m-qazindan-uc-olum-faktinin-bas-verdiyi-bildirilir\\\/\",\"name\":\"Sabun\u00e7u rayonunda d\u0259m qaz\u0131ndan \u00fc\u00e7 \u00f6l\u00fcm fakt\u0131n\u0131n ba\u015f verdiyi bildirilir - MEYDAN.TV\",\"isPartOf\":{\"@id\":\"https:\\\/\\\/www.meydan.tv\\\/az\\\/#website\"},\"primaryImageOfPage\":{\"@id\":\"https:\\\/\\\/www.meydan.tv\\\/az\\\/article\\\/sabuncu-rayonunda-d%c9%99m-qazindan-uc-olum-faktinin-bas-verdiyi-bildirilir\\\/#primaryimage\"},\"image\":{\"@id\":\"https:\\\/\\\/www.meydan.tv\\\/az\\\/article\\\/sabuncu-rayonunda-d%c9%99m-qazindan-uc-olum-faktinin-bas-verdiyi-bildirilir\\\/#primaryimage\"},\"thumbnailUrl\":\"https:\\\/\\\/www.meydan.tv\\\/wp-content\\\/uploads\\\/00dem-qaz2i.jpg\",\"datePublished\":\"2025-01-21T12:34:07+00:00\",\"dateModified\":\"2025-01-21T12:34:10+00:00\",\"breadcrumb\":{\"@id\":\"https:\\\/\\\/www.meydan.tv\\\/az\\\/article\\\/sabuncu-rayonunda-d%c9%99m-qazindan-uc-olum-faktinin-bas-verdiyi-bildirilir\\\/#breadcrumb\"},\"inLanguage\":\"az\",\"potentialAction\":[{\"@type\":\"ReadAction\",\"target\":[\"https:\\\/\\\/www.meydan.tv\\\/az\\\/article\\\/sabuncu-rayonunda-d%c9%99m-qazindan-uc-olum-faktinin-bas-verdiyi-bildirilir\\\/\"]}]},{\"@type\":\"ImageObject\",\"inLanguage\":\"az\",\"@id\":\"https:\\\/\\\/www.meydan.tv\\\/az\\\/article\\\/sabuncu-rayonunda-d%c9%99m-qazindan-uc-olum-faktinin-bas-verdiyi-bildirilir\\\/#primaryimage\",\"url\":\"https:\\\/\\\/www.meydan.tv\\\/wp-content\\\/uploads\\\/00dem-qaz2i.jpg\",\"contentUrl\":\"https:\\\/\\\/www.meydan.tv\\\/wp-content\\\/uploads\\\/00dem-qaz2i.jpg\",\"width\":1200,\"height\":750,\"caption\":\"D\u0259m qaz\u0131. M\u0259nb\u0259: \\\"saglamolun.az\\\"\"},{\"@type\":\"BreadcrumbList\",\"@id\":\"https:\\\/\\\/www.meydan.tv\\\/az\\\/article\\\/sabuncu-rayonunda-d%c9%99m-qazindan-uc-olum-faktinin-bas-verdiyi-bildirilir\\\/#breadcrumb\",\"itemListElement\":[{\"@type\":\"ListItem\",\"position\":1,\"name\":\"Ana s\u0259hif\u0259\",\"item\":\"https:\\\/\\\/www.meydan.tv\\\/az\\\/\"},{\"@type\":\"ListItem\",\"position\":2,\"name\":\"Sosial\",\"item\":\"https:\\\/\\\/www.meydan.tv\\\/az\\\/section\\\/sosial\\\/\"},{\"@type\":\"ListItem\",\"position\":3,\"name\":\"Sabun\u00e7u rayonunda d\u0259m qaz\u0131ndan \u00fc\u00e7 \u00f6l\u00fcm fakt\u0131n\u0131n ba\u015f verdiyi bildirilir\"}]},{\"@type\":\"WebSite\",\"@id\":\"https:\\\/\\\/www.meydan.tv\\\/az\\\/#website\",\"url\":\"https:\\\/\\\/www.meydan.tv\\\/az\\\/\",\"name\":\"MEYDAN.TV\",\"description\":\"Meydan TV Az\u0259rbaycan\u0131n media m\u0259kan\u0131ndak\u0131 alternativ s\u0259sidir\",\"publisher\":{\"@id\":\"https:\\\/\\\/www.meydan.tv\\\/az\\\/#organization\"},\"potentialAction\":[{\"@type\":\"SearchAction\",\"target\":{\"@type\":\"EntryPoint\",\"urlTemplate\":\"https:\\\/\\\/www.meydan.tv\\\/az\\\/?s={search_term_string}\"},\"query-input\":{\"@type\":\"PropertyValueSpecification\",\"valueRequired\":true,\"valueName\":\"search_term_string\"}}],\"inLanguage\":\"az\"},{\"@type\":\"Organization\",\"@id\":\"https:\\\/\\\/www.meydan.tv\\\/az\\\/#organization\",\"name\":\"Meydan TV\",\"url\":\"https:\\\/\\\/www.meydan.tv\\\/az\\\/\",\"logo\":{\"@type\":\"ImageObject\",\"inLanguage\":\"az\",\"@id\":\"https:\\\/\\\/www.meydan.tv\\\/az\\\/#\\\/schema\\\/logo\\\/image\\\/\",\"url\":\"https:\\\/\\\/www.meydan.tv\\\/wp-content\\\/uploads\\\/2021\\\/07\\\/meydan-logo.svg\",\"contentUrl\":\"https:\\\/\\\/www.meydan.tv\\\/wp-content\\\/uploads\\\/2021\\\/07\\\/meydan-logo.svg\",\"width\":195,\"height\":46,\"caption\":\"Meydan TV\"},\"image\":{\"@id\":\"https:\\\/\\\/www.meydan.tv\\\/az\\\/#\\\/schema\\\/logo\\\/image\\\/\"}},{\"@type\":\"Person\",\"@id\":\"https:\\\/\\\/www.meydan.tv\\\/az\\\/#\\\/schema\\\/person\\\/09863e516102a829e72bedcf3f84c6b0\",\"name\":\"mahmud\"}]}<\/script>\n<!-- \/ Yoast SEO plugin. -->","yoast_head_json":{"title":"Sabun\u00e7u rayonunda d\u0259m qaz\u0131ndan \u00fc\u00e7 \u00f6l\u00fcm fakt\u0131n\u0131n ba\u015f verdiyi bildirilir - MEYDAN.TV","robots":{"index":"index","follow":"follow","max-snippet":"max-snippet:-1","max-image-preview":"max-image-preview:large","max-video-preview":"max-video-preview:-1"},"canonical":"https:\/\/www.meydan.tv\/az\/article\/sabuncu-rayonunda-d%c9%99m-qazindan-uc-olum-faktinin-bas-verdiyi-bildirilir\/","og_locale":"az_AZ","og_type":"article","og_title":"Sabun\u00e7u rayonunda d\u0259m qaz\u0131ndan \u00fc\u00e7 \u00f6l\u00fcm fakt\u0131n\u0131n ba\u015f verdiyi bildirilir - MEYDAN.TV","og_description":"Faktla ba\u011fl\u0131 ara\u015fd\u0131rma apar\u0131l\u0131r Bak\u0131n\u0131n Sabun\u00e7u rayonu \u0259razisind\u0259 m\u00fcxt\u0259lif \u00fcnvanlarda ... Davam\u0131","og_url":"https:\/\/www.meydan.tv\/az\/article\/sabuncu-rayonunda-d%c9%99m-qazindan-uc-olum-faktinin-bas-verdiyi-bildirilir\/","og_site_name":"MEYDAN.TV","article_published_time":"2025-01-21T12:34:07+00:00","article_modified_time":"2025-01-21T12:34:10+00:00","og_image":[{"width":1200,"height":750,"url":"https:\/\/www.meydan.tv\/wp-content\/uploads\/00dem-qaz2i.jpg","type":"image\/jpeg"}],"author":"mahmud","twitter_card":"summary_large_image","schema":{"@context":"https:\/\/schema.org","@graph":[{"@type":"Article","@id":"https:\/\/www.meydan.tv\/az\/article\/sabuncu-rayonunda-d%c9%99m-qazindan-uc-olum-faktinin-bas-verdiyi-bildirilir\/#article","isPartOf":{"@id":"https:\/\/www.meydan.tv\/az\/article\/sabuncu-rayonunda-d%c9%99m-qazindan-uc-olum-faktinin-bas-verdiyi-bildirilir\/"},"author":{"name":"mahmud","@id":"https:\/\/www.meydan.tv\/az\/#\/schema\/person\/09863e516102a829e72bedcf3f84c6b0"},"headline":"Sabun\u00e7u rayonunda d\u0259m qaz\u0131ndan \u00fc\u00e7 \u00f6l\u00fcm fakt\u0131n\u0131n ba\u015f verdiyi bildirilir","datePublished":"2025-01-21T12:34:07+00:00","dateModified":"2025-01-21T12:34:10+00:00","mainEntityOfPage":{"@id":"https:\/\/www.meydan.tv\/az\/article\/sabuncu-rayonunda-d%c9%99m-qazindan-uc-olum-faktinin-bas-verdiyi-bildirilir\/"},"wordCount":105,"publisher":{"@id":"https:\/\/www.meydan.tv\/az\/#organization"},"image":{"@id":"https:\/\/www.meydan.tv\/az\/article\/sabuncu-rayonunda-d%c9%99m-qazindan-uc-olum-faktinin-bas-verdiyi-bildirilir\/#primaryimage"},"thumbnailUrl":"https:\/\/www.meydan.tv\/wp-content\/uploads\/00dem-qaz2i.jpg","articleSection":["Sosial","X\u0259b\u0259rl\u0259r"],"inLanguage":"az"},{"@type":"WebPage","@id":"https:\/\/www.meydan.tv\/az\/article\/sabuncu-rayonunda-d%c9%99m-qazindan-uc-olum-faktinin-bas-verdiyi-bildirilir\/","url":"https:\/\/www.meydan.tv\/az\/article\/sabuncu-rayonunda-d%c9%99m-qazindan-uc-olum-faktinin-bas-verdiyi-bildirilir\/","name":"Sabun\u00e7u rayonunda d\u0259m qaz\u0131ndan \u00fc\u00e7 \u00f6l\u00fcm fakt\u0131n\u0131n ba\u015f verdiyi bildirilir - MEYDAN.TV","isPartOf":{"@id":"https:\/\/www.meydan.tv\/az\/#website"},"primaryImageOfPage":{"@id":"https:\/\/www.meydan.tv\/az\/article\/sabuncu-rayonunda-d%c9%99m-qazindan-uc-olum-faktinin-bas-verdiyi-bildirilir\/#primaryimage"},"image":{"@id":"https:\/\/www.meydan.tv\/az\/article\/sabuncu-rayonunda-d%c9%99m-qazindan-uc-olum-faktinin-bas-verdiyi-bildirilir\/#primaryimage"},"thumbnailUrl":"https:\/\/www.meydan.tv\/wp-content\/uploads\/00dem-qaz2i.jpg","datePublished":"2025-01-21T12:34:07+00:00","dateModified":"2025-01-21T12:34:10+00:00","breadcrumb":{"@id":"https:\/\/www.meydan.tv\/az\/article\/sabuncu-rayonunda-d%c9%99m-qazindan-uc-olum-faktinin-bas-verdiyi-bildirilir\/#breadcrumb"},"inLanguage":"az","potentialAction":[{"@type":"ReadAction","target":["https:\/\/www.meydan.tv\/az\/article\/sabuncu-rayonunda-d%c9%99m-qazindan-uc-olum-faktinin-bas-verdiyi-bildirilir\/"]}]},{"@type":"ImageObject","inLanguage":"az","@id":"https:\/\/www.meydan.tv\/az\/article\/sabuncu-rayonunda-d%c9%99m-qazindan-uc-olum-faktinin-bas-verdiyi-bildirilir\/#primaryimage","url":"https:\/\/www.meydan.tv\/wp-content\/uploads\/00dem-qaz2i.jpg","contentUrl":"https:\/\/www.meydan.tv\/wp-content\/uploads\/00dem-qaz2i.jpg","width":1200,"height":750,"caption":"D\u0259m qaz\u0131. M\u0259nb\u0259: \"saglamolun.az\""},{"@type":"BreadcrumbList","@id":"https:\/\/www.meydan.tv\/az\/article\/sabuncu-rayonunda-d%c9%99m-qazindan-uc-olum-faktinin-bas-verdiyi-bildirilir\/#breadcrumb","itemListElement":[{"@type":"ListItem","position":1,"name":"Ana s\u0259hif\u0259","item":"https:\/\/www.meydan.tv\/az\/"},{"@type":"ListItem","position":2,"name":"Sosial","item":"https:\/\/www.meydan.tv\/az\/section\/sosial\/"},{"@type":"ListItem","position":3,"name":"Sabun\u00e7u rayonunda d\u0259m qaz\u0131ndan \u00fc\u00e7 \u00f6l\u00fcm fakt\u0131n\u0131n ba\u015f verdiyi bildirilir"}]},{"@type":"WebSite","@id":"https:\/\/www.meydan.tv\/az\/#website","url":"https:\/\/www.meydan.tv\/az\/","name":"MEYDAN.TV","description":"Meydan TV Az\u0259rbaycan\u0131n media m\u0259kan\u0131ndak\u0131 alternativ s\u0259sidir","publisher":{"@id":"https:\/\/www.meydan.tv\/az\/#organization"},"potentialAction":[{"@type":"SearchAction","target":{"@type":"EntryPoint","urlTemplate":"https:\/\/www.meydan.tv\/az\/?s={search_term_string}"},"query-input":{"@type":"PropertyValueSpecification","valueRequired":true,"valueName":"search_term_string"}}],"inLanguage":"az"},{"@type":"Organization","@id":"https:\/\/www.meydan.tv\/az\/#organization","name":"Meydan TV","url":"https:\/\/www.meydan.tv\/az\/","logo":{"@type":"ImageObject","inLanguage":"az","@id":"https:\/\/www.meydan.tv\/az\/#\/schema\/logo\/image\/","url":"https:\/\/www.meydan.tv\/wp-content\/uploads\/2021\/07\/meydan-logo.svg","contentUrl":"https:\/\/www.meydan.tv\/wp-content\/uploads\/2021\/07\/meydan-logo.svg","width":195,"height":46,"caption":"Meydan TV"},"image":{"@id":"https:\/\/www.meydan.tv\/az\/#\/schema\/logo\/image\/"}},{"@type":"Person","@id":"https:\/\/www.meydan.tv\/az\/#\/schema\/person\/09863e516102a829e72bedcf3f84c6b0","name":"mahmud"}]}},"_links":{"self":[{"href":"https:\/\/www.meydan.tv\/az\/wp-json\/wp\/v2\/posts\/324905","targetHints":{"allow":["GET"]}}],"collection":[{"href":"https:\/\/www.meydan.tv\/az\/wp-json\/wp\/v2\/posts"}],"about":[{"href":"https:\/\/www.meydan.tv\/az\/wp-json\/wp\/v2\/types\/post"}],"author":[{"embeddable":true,"href":"https:\/\/www.meydan.tv\/az\/wp-json\/wp\/v2\/users\/21"}],"replies":[{"embeddable":true,"href":"https:\/\/www.meydan.tv\/az\/wp-json\/wp\/v2\/comments?post=324905"}],"version-history":[{"count":1,"href":"https:\/\/www.meydan.tv\/az\/wp-json\/wp\/v2\/posts\/324905\/revisions"}],"predecessor-version":[{"id":324906,"href":"https:\/\/www.meydan.tv\/az\/wp-json\/wp\/v2\/posts\/324905\/revisions\/324906"}],"wp:featuredmedia":[{"embeddable":true,"href":"https:\/\/www.meydan.tv\/az\/wp-json\/wp\/v2\/media\/265257"}],"wp:attachment":[{"href":"https:\/\/www.meydan.tv\/az\/wp-json\/wp\/v2\/media?parent=324905"}],"wp:term":[{"taxonomy":"category","embeddable":true,"href":"https:\/\/www.meydan.tv\/az\/wp-json\/wp\/v2\/categories?post=324905"},{"taxonomy":"post_tag","embeddable":true,"href":"https:\/\/www.meydan.tv\/az\/wp-json\/wp\/v2\/tags?post=324905"}],"curies":[{"name":"wp","href":"https:\/\/api.w.org\/{rel}","templated":true}]}}