{"id":324900,"date":"2025-01-21T16:21:38","date_gmt":"2025-01-21T12:21:38","guid":{"rendered":"https:\/\/www.meydan.tv\/?p=324900"},"modified":"2025-01-21T16:28:38","modified_gmt":"2025-01-21T12:28:38","slug":"az%c9%99rbaycan-ordusunun-h%c9%99rbi-qulluqcusunun-v%c9%99fat-etdiyi-bildirilir","status":"publish","type":"post","link":"https:\/\/www.meydan.tv\/az\/article\/az%c9%99rbaycan-ordusunun-h%c9%99rbi-qulluqcusunun-v%c9%99fat-etdiyi-bildirilir\/","title":{"rendered":"Az\u0259rbaycan Ordusunun h\u0259rbi qulluq\u00e7usunun v\u0259fat etdiyi bildirilir"},"content":{"rendered":"\n<p><\/p>\n\n\n\n<p><strong><em>Onun m\u0259zuniyy\u0259td\u0259 olark\u0259n ya\u015fad\u0131\u011f\u0131 \u00fcnvanda h\u0259yat\u0131n\u0131 itirdiyi deyilir<\/em><\/strong><\/p>\n\n\n\n<p>Az\u0259rbaycan Ordusunun h\u0259rbi qulluq\u00e7usunun v\u0259fat etdiyi bildirilir.<\/p>\n\n\n\n<p>Bu bar\u0259d\u0259 M\u00fcdafi\u0259 Nazirliyind\u0259n m\u0259lumat verilib.<\/p>\n\n\n\n<p>G\u0259d\u0259b\u0259yin \u018flna\u011f\u0131lar k\u0259nd sakini, 1993-c\u00fc il t\u0259v\u0259ll\u00fcdl\u00fc Nurlan \u015eahy\u0259ddin o\u011flu Namazovun m\u0259zuniyy\u0259td\u0259 olark\u0259n ya\u015fad\u0131\u011f\u0131 \u00fcnvanda h\u0259yat\u0131n\u0131 itirdiyi deyilir.<\/p>\n\n\n\n<p><\/p>\n","protected":false},"excerpt":{"rendered":"<p>Onun m\u0259zuniyy\u0259td\u0259 olark\u0259n ya\u015fad\u0131\u011f\u0131 \u00fcnvanda h\u0259yat\u0131n\u0131 itirdiyi deyilir Az\u0259rbaycan Ordusunun &#8230; <\/p>\n<p class=\"read-more-container\"><a title=\"Az\u0259rbaycan Ordusunun h\u0259rbi qulluq\u00e7usunun v\u0259fat etdiyi bildirilir\" class=\"read-more button\" href=\"https:\/\/www.meydan.tv\/az\/article\/az%c9%99rbaycan-ordusunun-h%c9%99rbi-qulluqcusunun-v%c9%99fat-etdiyi-bildirilir\/#more-324900\" aria-label=\"Read more about Az\u0259rbaycan Ordusunun h\u0259rbi qulluq\u00e7usunun v\u0259fat etdiyi bildirilir\">Davam\u0131<\/a><\/p>\n","protected":false},"author":21,"featured_media":136351,"comment_status":"closed","ping_status":"closed","sticky":false,"template":"","format":"standard","meta":{"_acf_changed":false,"_sitemap_exclude":false,"_sitemap_priority":"","_sitemap_frequency":"","footnotes":""},"categories":[62,56],"tags":[],"class_list":["post-324900","post","type-post","status-publish","format-standard","has-post-thumbnail","hentry","category-sosial","category-xeberler","infinite-scroll-item","generate-columns","tablet-grid-50","mobile-grid-100","grid-parent","grid-33","no-featured-image-padding"],"acf":[],"yoast_head":"<!-- This site is optimized with the Yoast SEO plugin v27.4 - https:\/\/yoast.com\/product\/yoast-seo-wordpress\/ -->\n<title>Az\u0259rbaycan Ordusunun h\u0259rbi qulluq\u00e7usunun v\u0259fat etdiyi bildirilir - MEYDAN.TV<\/title>\n<meta name=\"robots\" content=\"index, follow, max-snippet:-1, max-image-preview:large, max-video-preview:-1\" \/>\n<link rel=\"canonical\" href=\"https:\/\/www.meydan.tv\/az\/article\/az%c9%99rbaycan-ordusunun-h%c9%99rbi-qulluqcusunun-v%c9%99fat-etdiyi-bildirilir\/\" \/>\n<meta property=\"og:locale\" content=\"az_AZ\" \/>\n<meta property=\"og:type\" content=\"article\" \/>\n<meta property=\"og:title\" content=\"Az\u0259rbaycan Ordusunun h\u0259rbi qulluq\u00e7usunun v\u0259fat etdiyi bildirilir - MEYDAN.TV\" \/>\n<meta property=\"og:description\" content=\"Onun m\u0259zuniyy\u0259td\u0259 olark\u0259n ya\u015fad\u0131\u011f\u0131 \u00fcnvanda h\u0259yat\u0131n\u0131 itirdiyi deyilir Az\u0259rbaycan Ordusunun ... Davam\u0131\" \/>\n<meta property=\"og:url\" content=\"https:\/\/www.meydan.tv\/az\/article\/az%c9%99rbaycan-ordusunun-h%c9%99rbi-qulluqcusunun-v%c9%99fat-etdiyi-bildirilir\/\" \/>\n<meta property=\"og:site_name\" content=\"MEYDAN.TV\" \/>\n<meta property=\"article:published_time\" content=\"2025-01-21T12:21:38+00:00\" \/>\n<meta property=\"article:modified_time\" content=\"2025-01-21T12:28:38+00:00\" \/>\n<meta property=\"og:image\" content=\"https:\/\/www.meydan.tv\/wp-content\/uploads\/copy_of_untitled_design_1_kqrco1p.png\" \/>\n\t<meta property=\"og:image:width\" content=\"1280\" \/>\n\t<meta property=\"og:image:height\" content=\"720\" \/>\n\t<meta property=\"og:image:type\" content=\"image\/png\" \/>\n<meta name=\"author\" content=\"mahmud\" \/>\n<meta name=\"twitter:card\" content=\"summary_large_image\" \/>\n<script type=\"application\/ld+json\" class=\"yoast-schema-graph\">{\"@context\":\"https:\\\/\\\/schema.org\",\"@graph\":[{\"@type\":\"Article\",\"@id\":\"https:\\\/\\\/www.meydan.tv\\\/az\\\/article\\\/az%c9%99rbaycan-ordusunun-h%c9%99rbi-qulluqcusunun-v%c9%99fat-etdiyi-bildirilir\\\/#article\",\"isPartOf\":{\"@id\":\"https:\\\/\\\/www.meydan.tv\\\/az\\\/article\\\/az%c9%99rbaycan-ordusunun-h%c9%99rbi-qulluqcusunun-v%c9%99fat-etdiyi-bildirilir\\\/\"},\"author\":{\"name\":\"mahmud\",\"@id\":\"https:\\\/\\\/www.meydan.tv\\\/az\\\/#\\\/schema\\\/person\\\/09863e516102a829e72bedcf3f84c6b0\"},\"headline\":\"Az\u0259rbaycan Ordusunun h\u0259rbi qulluq\u00e7usunun v\u0259fat etdiyi bildirilir\",\"datePublished\":\"2025-01-21T12:21:38+00:00\",\"dateModified\":\"2025-01-21T12:28:38+00:00\",\"mainEntityOfPage\":{\"@id\":\"https:\\\/\\\/www.meydan.tv\\\/az\\\/article\\\/az%c9%99rbaycan-ordusunun-h%c9%99rbi-qulluqcusunun-v%c9%99fat-etdiyi-bildirilir\\\/\"},\"wordCount\":80,\"publisher\":{\"@id\":\"https:\\\/\\\/www.meydan.tv\\\/az\\\/#organization\"},\"image\":{\"@id\":\"https:\\\/\\\/www.meydan.tv\\\/az\\\/article\\\/az%c9%99rbaycan-ordusunun-h%c9%99rbi-qulluqcusunun-v%c9%99fat-etdiyi-bildirilir\\\/#primaryimage\"},\"thumbnailUrl\":\"https:\\\/\\\/www.meydan.tv\\\/wp-content\\\/uploads\\\/copy_of_untitled_design_1_kqrco1p.png\",\"articleSection\":[\"Sosial\",\"X\u0259b\u0259rl\u0259r\"],\"inLanguage\":\"az\"},{\"@type\":\"WebPage\",\"@id\":\"https:\\\/\\\/www.meydan.tv\\\/az\\\/article\\\/az%c9%99rbaycan-ordusunun-h%c9%99rbi-qulluqcusunun-v%c9%99fat-etdiyi-bildirilir\\\/\",\"url\":\"https:\\\/\\\/www.meydan.tv\\\/az\\\/article\\\/az%c9%99rbaycan-ordusunun-h%c9%99rbi-qulluqcusunun-v%c9%99fat-etdiyi-bildirilir\\\/\",\"name\":\"Az\u0259rbaycan Ordusunun h\u0259rbi qulluq\u00e7usunun v\u0259fat etdiyi bildirilir - MEYDAN.TV\",\"isPartOf\":{\"@id\":\"https:\\\/\\\/www.meydan.tv\\\/az\\\/#website\"},\"primaryImageOfPage\":{\"@id\":\"https:\\\/\\\/www.meydan.tv\\\/az\\\/article\\\/az%c9%99rbaycan-ordusunun-h%c9%99rbi-qulluqcusunun-v%c9%99fat-etdiyi-bildirilir\\\/#primaryimage\"},\"image\":{\"@id\":\"https:\\\/\\\/www.meydan.tv\\\/az\\\/article\\\/az%c9%99rbaycan-ordusunun-h%c9%99rbi-qulluqcusunun-v%c9%99fat-etdiyi-bildirilir\\\/#primaryimage\"},\"thumbnailUrl\":\"https:\\\/\\\/www.meydan.tv\\\/wp-content\\\/uploads\\\/copy_of_untitled_design_1_kqrco1p.png\",\"datePublished\":\"2025-01-21T12:21:38+00:00\",\"dateModified\":\"2025-01-21T12:28:38+00:00\",\"breadcrumb\":{\"@id\":\"https:\\\/\\\/www.meydan.tv\\\/az\\\/article\\\/az%c9%99rbaycan-ordusunun-h%c9%99rbi-qulluqcusunun-v%c9%99fat-etdiyi-bildirilir\\\/#breadcrumb\"},\"inLanguage\":\"az\",\"potentialAction\":[{\"@type\":\"ReadAction\",\"target\":[\"https:\\\/\\\/www.meydan.tv\\\/az\\\/article\\\/az%c9%99rbaycan-ordusunun-h%c9%99rbi-qulluqcusunun-v%c9%99fat-etdiyi-bildirilir\\\/\"]}]},{\"@type\":\"ImageObject\",\"inLanguage\":\"az\",\"@id\":\"https:\\\/\\\/www.meydan.tv\\\/az\\\/article\\\/az%c9%99rbaycan-ordusunun-h%c9%99rbi-qulluqcusunun-v%c9%99fat-etdiyi-bildirilir\\\/#primaryimage\",\"url\":\"https:\\\/\\\/www.meydan.tv\\\/wp-content\\\/uploads\\\/copy_of_untitled_design_1_kqrco1p.png\",\"contentUrl\":\"https:\\\/\\\/www.meydan.tv\\\/wp-content\\\/uploads\\\/copy_of_untitled_design_1_kqrco1p.png\",\"width\":1280,\"height\":720,\"caption\":\"Foto: Meydan.TV\"},{\"@type\":\"BreadcrumbList\",\"@id\":\"https:\\\/\\\/www.meydan.tv\\\/az\\\/article\\\/az%c9%99rbaycan-ordusunun-h%c9%99rbi-qulluqcusunun-v%c9%99fat-etdiyi-bildirilir\\\/#breadcrumb\",\"itemListElement\":[{\"@type\":\"ListItem\",\"position\":1,\"name\":\"Ana s\u0259hif\u0259\",\"item\":\"https:\\\/\\\/www.meydan.tv\\\/az\\\/\"},{\"@type\":\"ListItem\",\"position\":2,\"name\":\"X\u0259b\u0259rl\u0259r\",\"item\":\"https:\\\/\\\/www.meydan.tv\\\/az\\\/section\\\/xeberler\\\/\"},{\"@type\":\"ListItem\",\"position\":3,\"name\":\"Az\u0259rbaycan Ordusunun h\u0259rbi qulluq\u00e7usunun v\u0259fat etdiyi bildirilir\"}]},{\"@type\":\"WebSite\",\"@id\":\"https:\\\/\\\/www.meydan.tv\\\/az\\\/#website\",\"url\":\"https:\\\/\\\/www.meydan.tv\\\/az\\\/\",\"name\":\"MEYDAN.TV\",\"description\":\"Meydan TV Az\u0259rbaycan\u0131n media m\u0259kan\u0131ndak\u0131 alternativ s\u0259sidir\",\"publisher\":{\"@id\":\"https:\\\/\\\/www.meydan.tv\\\/az\\\/#organization\"},\"potentialAction\":[{\"@type\":\"SearchAction\",\"target\":{\"@type\":\"EntryPoint\",\"urlTemplate\":\"https:\\\/\\\/www.meydan.tv\\\/az\\\/?s={search_term_string}\"},\"query-input\":{\"@type\":\"PropertyValueSpecification\",\"valueRequired\":true,\"valueName\":\"search_term_string\"}}],\"inLanguage\":\"az\"},{\"@type\":\"Organization\",\"@id\":\"https:\\\/\\\/www.meydan.tv\\\/az\\\/#organization\",\"name\":\"Meydan TV\",\"url\":\"https:\\\/\\\/www.meydan.tv\\\/az\\\/\",\"logo\":{\"@type\":\"ImageObject\",\"inLanguage\":\"az\",\"@id\":\"https:\\\/\\\/www.meydan.tv\\\/az\\\/#\\\/schema\\\/logo\\\/image\\\/\",\"url\":\"https:\\\/\\\/www.meydan.tv\\\/wp-content\\\/uploads\\\/2021\\\/07\\\/meydan-logo.svg\",\"contentUrl\":\"https:\\\/\\\/www.meydan.tv\\\/wp-content\\\/uploads\\\/2021\\\/07\\\/meydan-logo.svg\",\"width\":195,\"height\":46,\"caption\":\"Meydan TV\"},\"image\":{\"@id\":\"https:\\\/\\\/www.meydan.tv\\\/az\\\/#\\\/schema\\\/logo\\\/image\\\/\"}},{\"@type\":\"Person\",\"@id\":\"https:\\\/\\\/www.meydan.tv\\\/az\\\/#\\\/schema\\\/person\\\/09863e516102a829e72bedcf3f84c6b0\",\"name\":\"mahmud\"}]}<\/script>\n<!-- \/ Yoast SEO plugin. -->","yoast_head_json":{"title":"Az\u0259rbaycan Ordusunun h\u0259rbi qulluq\u00e7usunun v\u0259fat etdiyi bildirilir - MEYDAN.TV","robots":{"index":"index","follow":"follow","max-snippet":"max-snippet:-1","max-image-preview":"max-image-preview:large","max-video-preview":"max-video-preview:-1"},"canonical":"https:\/\/www.meydan.tv\/az\/article\/az%c9%99rbaycan-ordusunun-h%c9%99rbi-qulluqcusunun-v%c9%99fat-etdiyi-bildirilir\/","og_locale":"az_AZ","og_type":"article","og_title":"Az\u0259rbaycan Ordusunun h\u0259rbi qulluq\u00e7usunun v\u0259fat etdiyi bildirilir - MEYDAN.TV","og_description":"Onun m\u0259zuniyy\u0259td\u0259 olark\u0259n ya\u015fad\u0131\u011f\u0131 \u00fcnvanda h\u0259yat\u0131n\u0131 itirdiyi deyilir Az\u0259rbaycan Ordusunun ... Davam\u0131","og_url":"https:\/\/www.meydan.tv\/az\/article\/az%c9%99rbaycan-ordusunun-h%c9%99rbi-qulluqcusunun-v%c9%99fat-etdiyi-bildirilir\/","og_site_name":"MEYDAN.TV","article_published_time":"2025-01-21T12:21:38+00:00","article_modified_time":"2025-01-21T12:28:38+00:00","og_image":[{"width":1280,"height":720,"url":"https:\/\/www.meydan.tv\/wp-content\/uploads\/copy_of_untitled_design_1_kqrco1p.png","type":"image\/png"}],"author":"mahmud","twitter_card":"summary_large_image","schema":{"@context":"https:\/\/schema.org","@graph":[{"@type":"Article","@id":"https:\/\/www.meydan.tv\/az\/article\/az%c9%99rbaycan-ordusunun-h%c9%99rbi-qulluqcusunun-v%c9%99fat-etdiyi-bildirilir\/#article","isPartOf":{"@id":"https:\/\/www.meydan.tv\/az\/article\/az%c9%99rbaycan-ordusunun-h%c9%99rbi-qulluqcusunun-v%c9%99fat-etdiyi-bildirilir\/"},"author":{"name":"mahmud","@id":"https:\/\/www.meydan.tv\/az\/#\/schema\/person\/09863e516102a829e72bedcf3f84c6b0"},"headline":"Az\u0259rbaycan Ordusunun h\u0259rbi qulluq\u00e7usunun v\u0259fat etdiyi bildirilir","datePublished":"2025-01-21T12:21:38+00:00","dateModified":"2025-01-21T12:28:38+00:00","mainEntityOfPage":{"@id":"https:\/\/www.meydan.tv\/az\/article\/az%c9%99rbaycan-ordusunun-h%c9%99rbi-qulluqcusunun-v%c9%99fat-etdiyi-bildirilir\/"},"wordCount":80,"publisher":{"@id":"https:\/\/www.meydan.tv\/az\/#organization"},"image":{"@id":"https:\/\/www.meydan.tv\/az\/article\/az%c9%99rbaycan-ordusunun-h%c9%99rbi-qulluqcusunun-v%c9%99fat-etdiyi-bildirilir\/#primaryimage"},"thumbnailUrl":"https:\/\/www.meydan.tv\/wp-content\/uploads\/copy_of_untitled_design_1_kqrco1p.png","articleSection":["Sosial","X\u0259b\u0259rl\u0259r"],"inLanguage":"az"},{"@type":"WebPage","@id":"https:\/\/www.meydan.tv\/az\/article\/az%c9%99rbaycan-ordusunun-h%c9%99rbi-qulluqcusunun-v%c9%99fat-etdiyi-bildirilir\/","url":"https:\/\/www.meydan.tv\/az\/article\/az%c9%99rbaycan-ordusunun-h%c9%99rbi-qulluqcusunun-v%c9%99fat-etdiyi-bildirilir\/","name":"Az\u0259rbaycan Ordusunun h\u0259rbi qulluq\u00e7usunun v\u0259fat etdiyi bildirilir - MEYDAN.TV","isPartOf":{"@id":"https:\/\/www.meydan.tv\/az\/#website"},"primaryImageOfPage":{"@id":"https:\/\/www.meydan.tv\/az\/article\/az%c9%99rbaycan-ordusunun-h%c9%99rbi-qulluqcusunun-v%c9%99fat-etdiyi-bildirilir\/#primaryimage"},"image":{"@id":"https:\/\/www.meydan.tv\/az\/article\/az%c9%99rbaycan-ordusunun-h%c9%99rbi-qulluqcusunun-v%c9%99fat-etdiyi-bildirilir\/#primaryimage"},"thumbnailUrl":"https:\/\/www.meydan.tv\/wp-content\/uploads\/copy_of_untitled_design_1_kqrco1p.png","datePublished":"2025-01-21T12:21:38+00:00","dateModified":"2025-01-21T12:28:38+00:00","breadcrumb":{"@id":"https:\/\/www.meydan.tv\/az\/article\/az%c9%99rbaycan-ordusunun-h%c9%99rbi-qulluqcusunun-v%c9%99fat-etdiyi-bildirilir\/#breadcrumb"},"inLanguage":"az","potentialAction":[{"@type":"ReadAction","target":["https:\/\/www.meydan.tv\/az\/article\/az%c9%99rbaycan-ordusunun-h%c9%99rbi-qulluqcusunun-v%c9%99fat-etdiyi-bildirilir\/"]}]},{"@type":"ImageObject","inLanguage":"az","@id":"https:\/\/www.meydan.tv\/az\/article\/az%c9%99rbaycan-ordusunun-h%c9%99rbi-qulluqcusunun-v%c9%99fat-etdiyi-bildirilir\/#primaryimage","url":"https:\/\/www.meydan.tv\/wp-content\/uploads\/copy_of_untitled_design_1_kqrco1p.png","contentUrl":"https:\/\/www.meydan.tv\/wp-content\/uploads\/copy_of_untitled_design_1_kqrco1p.png","width":1280,"height":720,"caption":"Foto: Meydan.TV"},{"@type":"BreadcrumbList","@id":"https:\/\/www.meydan.tv\/az\/article\/az%c9%99rbaycan-ordusunun-h%c9%99rbi-qulluqcusunun-v%c9%99fat-etdiyi-bildirilir\/#breadcrumb","itemListElement":[{"@type":"ListItem","position":1,"name":"Ana s\u0259hif\u0259","item":"https:\/\/www.meydan.tv\/az\/"},{"@type":"ListItem","position":2,"name":"X\u0259b\u0259rl\u0259r","item":"https:\/\/www.meydan.tv\/az\/section\/xeberler\/"},{"@type":"ListItem","position":3,"name":"Az\u0259rbaycan Ordusunun h\u0259rbi qulluq\u00e7usunun v\u0259fat etdiyi bildirilir"}]},{"@type":"WebSite","@id":"https:\/\/www.meydan.tv\/az\/#website","url":"https:\/\/www.meydan.tv\/az\/","name":"MEYDAN.TV","description":"Meydan TV Az\u0259rbaycan\u0131n media m\u0259kan\u0131ndak\u0131 alternativ s\u0259sidir","publisher":{"@id":"https:\/\/www.meydan.tv\/az\/#organization"},"potentialAction":[{"@type":"SearchAction","target":{"@type":"EntryPoint","urlTemplate":"https:\/\/www.meydan.tv\/az\/?s={search_term_string}"},"query-input":{"@type":"PropertyValueSpecification","valueRequired":true,"valueName":"search_term_string"}}],"inLanguage":"az"},{"@type":"Organization","@id":"https:\/\/www.meydan.tv\/az\/#organization","name":"Meydan TV","url":"https:\/\/www.meydan.tv\/az\/","logo":{"@type":"ImageObject","inLanguage":"az","@id":"https:\/\/www.meydan.tv\/az\/#\/schema\/logo\/image\/","url":"https:\/\/www.meydan.tv\/wp-content\/uploads\/2021\/07\/meydan-logo.svg","contentUrl":"https:\/\/www.meydan.tv\/wp-content\/uploads\/2021\/07\/meydan-logo.svg","width":195,"height":46,"caption":"Meydan TV"},"image":{"@id":"https:\/\/www.meydan.tv\/az\/#\/schema\/logo\/image\/"}},{"@type":"Person","@id":"https:\/\/www.meydan.tv\/az\/#\/schema\/person\/09863e516102a829e72bedcf3f84c6b0","name":"mahmud"}]}},"_links":{"self":[{"href":"https:\/\/www.meydan.tv\/az\/wp-json\/wp\/v2\/posts\/324900","targetHints":{"allow":["GET"]}}],"collection":[{"href":"https:\/\/www.meydan.tv\/az\/wp-json\/wp\/v2\/posts"}],"about":[{"href":"https:\/\/www.meydan.tv\/az\/wp-json\/wp\/v2\/types\/post"}],"author":[{"embeddable":true,"href":"https:\/\/www.meydan.tv\/az\/wp-json\/wp\/v2\/users\/21"}],"replies":[{"embeddable":true,"href":"https:\/\/www.meydan.tv\/az\/wp-json\/wp\/v2\/comments?post=324900"}],"version-history":[{"count":2,"href":"https:\/\/www.meydan.tv\/az\/wp-json\/wp\/v2\/posts\/324900\/revisions"}],"predecessor-version":[{"id":324902,"href":"https:\/\/www.meydan.tv\/az\/wp-json\/wp\/v2\/posts\/324900\/revisions\/324902"}],"wp:featuredmedia":[{"embeddable":true,"href":"https:\/\/www.meydan.tv\/az\/wp-json\/wp\/v2\/media\/136351"}],"wp:attachment":[{"href":"https:\/\/www.meydan.tv\/az\/wp-json\/wp\/v2\/media?parent=324900"}],"wp:term":[{"taxonomy":"category","embeddable":true,"href":"https:\/\/www.meydan.tv\/az\/wp-json\/wp\/v2\/categories?post=324900"},{"taxonomy":"post_tag","embeddable":true,"href":"https:\/\/www.meydan.tv\/az\/wp-json\/wp\/v2\/tags?post=324900"}],"curies":[{"name":"wp","href":"https:\/\/api.w.org\/{rel}","templated":true}]}}